{"id":267703,"date":"2026-03-11T09:47:23","date_gmt":"2026-03-11T08:47:23","guid":{"rendered":"https:\/\/www.24gliwice.pl\/wiadomosci\/?p=267703"},"modified":"2026-03-11T09:47:23","modified_gmt":"2026-03-11T08:47:23","slug":"dziecko-wybieglo-za-pilka-wprost-pod-kola-samochodu-potracenie-na-ulicy-targowej","status":"publish","type":"post","link":"https:\/\/www.24gliwice.pl\/wiadomosci\/dziecko-wybieglo-za-pilka-wprost-pod-kola-samochodu-potracenie-na-ulicy-targowej\/","title":{"rendered":"Dziecko wybieg\u0142o za pi\u0142k\u0105 wprost pod ko\u0142a samochodu. Potr\u0105cenie na ulicy Targowej"},"content":{"rendered":"<div class=\"gliwi-a6-nad-leadem-artykulow gliwi-entity-placement\" id=\"gliwi-4126695742\"><div class=\"gliwi-adlabel\"><span style=\"font-size: 9px\">REKLAMA<\/span><\/div><div id=\"gliwi-92345008\" style=\"margin-bottom: 25px;margin-left: auto;margin-right: auto;text-align: center;\"><a data-no-instant=\"1\" href=\"https:\/\/dom100.eu\/\" rel=\"noopener\" class=\"a2t-link\" target=\"_blank\" aria-label=\"20260415 DOM100 D\"><img loading=\"lazy\" decoding=\"async\" src=\"https:\/\/www.24gliwice.pl\/wiadomosci\/wp-content\/uploads\/2026\/04\/20260415-DOM100-D.jpg\" alt=\"\"  srcset=\"https:\/\/www.24gliwice.pl\/wiadomosci\/wp-content\/uploads\/2026\/04\/20260415-DOM100-D.jpg 750w, https:\/\/www.24gliwice.pl\/wiadomosci\/wp-content\/uploads\/2026\/04\/20260415-DOM100-D-410x109.jpg 410w\" sizes=\"(max-width: 750px) 100vw, 750px\" class=\"no-lazyload\" width=\"750\" height=\"200\"  style=\"display: inline-block; max-width: 100%; height: auto;\" \/><\/a><\/div><\/div><h2>Na ul. Targowej w Gliwicach dosz\u0142o do niebezpiecznej sytuacji. Dziecko wybieg\u0142o za pi\u0142k\u0105 na ulic\u0119 wprost pod ko\u0142a jad\u0105cego tamt\u0119dy samochodu marki BMW. Dosz\u0142o do potr\u0105cenia, na szcz\u0119\u015bcie sko\u0144czy\u0142o si\u0119 na pot\u0142uczeniach.<\/h2>\n<p>Do zdarzenia dosz\u0142o w niedziel\u0119, 9 marca. Z uwagi na wiek dziecka (11 lat), nie poniesie ono odpowiedzialno\u015bci karnej, ale materia\u0142y ze zdarzenia zostan\u0105 przekazane do S\u0105du Rodzinnego i Nieletnich, kt\u00f3ry podejmie decyzj\u0119 o dalszych dzia\u0142aniach.<\/p>\n<blockquote><p><em>Ze wst\u0119pnych ustale\u0144 policjant\u00f3w wynika, \u017ce kieruj\u0105ca samochodem jad\u0105c ulic\u0105 Targow\u0105 zauwa\u017cy\u0142a w pewnym momencie, \u017ce id\u0105cemu chodnikiem ch\u0142opcu wypad\u0142a pi\u0142ka, kt\u00f3ra potoczy\u0142a si\u0119 na jezdni\u0119. Dziecko wybieg\u0142o za ni\u0105 wprost pod nadje\u017cd\u017caj\u0105cy pojazd i zosta\u0142o potr\u0105cone naro\u017cnikiem samochodu<\/em><\/p><\/blockquote>\n<p>&#8211; informuje nadkomisarz<strong> Marzena Szwed, <\/strong>oficer prasowa KMP Gliwice. <\/p><div class=\"gliwi-a3-w-tresci-artykulow gliwi-entity-placement\" id=\"gliwi-674864894\"><div class=\"gliwi-adlabel\"><span style=\"font-size: 9px\">REKLAMA<\/span><\/div><div id=\"gliwi-3870363311\" style=\"margin-bottom: 30px;margin-left: auto;margin-right: auto;text-align: center;\"><a data-no-instant=\"1\" href=\"https:\/\/ogrodyandersa.pl\/\" rel=\"noopener\" class=\"a2t-link\" target=\"_blank\" aria-label=\"20260415 Ogrody Andersa KUP TERAZ D\"><img loading=\"lazy\" decoding=\"async\" src=\"https:\/\/www.24gliwice.pl\/wiadomosci\/wp-content\/uploads\/2026\/04\/20260415-Ogrody-Andersa-KUP-TERAZ-D.jpg\" alt=\"\"  srcset=\"https:\/\/www.24gliwice.pl\/wiadomosci\/wp-content\/uploads\/2026\/04\/20260415-Ogrody-Andersa-KUP-TERAZ-D.jpg 750w, https:\/\/www.24gliwice.pl\/wiadomosci\/wp-content\/uploads\/2026\/04\/20260415-Ogrody-Andersa-KUP-TERAZ-D-410x109.jpg 410w\" sizes=\"(max-width: 750px) 100vw, 750px\" class=\"no-lazyload\" width=\"750\" height=\"200\"  style=\"display: inline-block; max-width: 100%; height: auto;\" \/><\/a><\/div><\/div>\n<p>Na miejsce wezwano zesp\u00f3\u0142 ratownictwa medycznego. Ratownicy przebadali ch\u0142opca, u kt\u00f3rego stwierdzono og\u00f3lne pot\u0142uczenia cia\u0142a. <\/p>\n<p>Policja apeluje do rodzic\u00f3w i opiekun\u00f3w o rozmowy z dzie\u0107mi na temat zasad bezpiecznego poruszania si\u0119 po drogach oraz przypominanie, aby nigdy nie wbiega\u0142y na jezdni\u0119 \u2013 nawet gdy na ulic\u0119 wypadnie zabawka. Zwraca si\u0119 tak\u017ce do kierowc\u00f3w o szczeg\u00f3ln\u0105 ostro\u017cno\u015b\u0107 w miejscach, gdzie mog\u0105 przebywa\u0107 dzieci \u2013 w pobli\u017cu szk\u00f3\u0142, plac\u00f3w zabaw, osiedli czy chodnik\u00f3w.<\/p>\n<p>&#8211; <em>Widz\u0105c dzieci w pobli\u017cu drogi, warto zdj\u0105\u0107 nog\u0119 z gazu i zachowa\u0107 wzmo\u017con\u0105 czujno\u015b\u0107. Ich zachowanie bywa nieprzewidywalne, a szybka reakcja kieruj\u0105cego mo\u017ce zapobiec tragedii<\/em> &#8211; podkre\u015bla rzeczniczka gliwickiej policji.<\/p>\n<p>(\u017cms)\/KMP Gliwice<br \/>\nfot. KMP Gliwice<\/p>\n<div class=\"gliwi-a5-na-koncu-artykulow gliwi-entity-placement\" id=\"gliwi-770502926\"><div class=\"gliwi-adlabel\"><span style=\"font-size: 9px\">REKLAMA<\/span><\/div><div id=\"gliwi-2947518884\" style=\"margin-left: auto;margin-right: auto;text-align: center;\"><a data-no-instant=\"1\" href=\"https:\/\/www.jasek.pl\/\" rel=\"noopener\" class=\"a2t-link\" target=\"_blank\" aria-label=\"20200401-jasek 600\"><img loading=\"lazy\" decoding=\"async\" src=\"https:\/\/www.24gliwice.pl\/wiadomosci\/wp-content\/uploads\/2020\/04\/20200401-jasek-600.jpg\" alt=\"\"  srcset=\"https:\/\/www.24gliwice.pl\/wiadomosci\/wp-content\/uploads\/2020\/04\/20200401-jasek-600.jpg 600w, https:\/\/www.24gliwice.pl\/wiadomosci\/wp-content\/uploads\/2020\/04\/20200401-jasek-600-410x109.jpg 410w\" sizes=\"(max-width: 600px) 100vw, 600px\" class=\"no-lazyload\" width=\"600\" height=\"160\"  style=\"display: inline-block; max-width: 100%; height: auto;\" \/><\/a><\/div><\/div>","protected":false},"excerpt":{"rendered":"<p>Na ul. Targowej w Gliwicach dosz\u0142o do niebezpiecznej sytuacji. Dziecko wybieg\u0142o za pi\u0142k\u0105 na ulic\u0119 wprost pod ko\u0142a jad\u0105cego tamt\u0119dy samochodu marki BMW. Dosz\u0142o do potr\u0105cenia, na szcz\u0119\u015bcie sko\u0144czy\u0142o si\u0119 na pot\u0142uczeniach. Do zdarzenia dosz\u0142o w niedziel\u0119, 9 marca. Z uwagi na wiek dziecka (11 lat), nie poniesie ono odpowiedzialno\u015bci karnej, ale materia\u0142y ze zdarzenia [&hellip;]<\/p>\n","protected":false},"author":15,"featured_media":267704,"comment_status":"open","ping_status":"closed","sticky":false,"template":"","format":"standard","meta":{"_monsterinsights_skip_tracking":false,"_monsterinsights_sitenote_active":false,"_monsterinsights_sitenote_note":"","_monsterinsights_sitenote_category":0,"footnotes":"","_links_to":"","_links_to_target":""},"categories":[3,1,5],"tags":[10063,7098],"class_list":["post-267703","post","type-post","status-publish","format-standard","has-post-thumbnail","hentry","category-gliwice","category-wszystko","category-kryminalki","tag-dziecko","tag-potracenie"],"yoast_head":"<!-- This site is optimized with the Yoast SEO plugin v27.5 - https:\/\/yoast.com\/product\/yoast-seo-wordpress\/ -->\n<title>Dziecko wybieg\u0142o za pi\u0142k\u0105 wprost pod ko\u0142a samochodu. Potr\u0105cenie na ulicy Targowej - 24GLIWICE - Portal Gliwice | codziennie nowe informacje<\/title>\n<meta name=\"description\" content=\"Dziecko wybieg\u0142o za pi\u0142k\u0105 na ulic\u0119, kt\u00f3r\u0105 jecha\u0142 akurat samoch\u00f3d. Dosz\u0142o do potr\u0105cenia, na szcz\u0119\u015bcie obra\u017cenia 11-latka nie zagra\u017caj\u0105 \u017cyciu\" \/>\n<meta name=\"robots\" content=\"index, follow, max-snippet:-1, max-image-preview:large, max-video-preview:-1\" \/>\n<link rel=\"canonical\" href=\"https:\/\/www.24gliwice.pl\/wiadomosci\/dziecko-wybieglo-za-pilka-wprost-pod-kola-samochodu-potracenie-na-ulicy-targowej\/\" \/>\n<meta property=\"og:locale\" content=\"pl_PL\" \/>\n<meta property=\"og:type\" content=\"article\" \/>\n<meta property=\"og:title\" content=\"Dziecko wybieg\u0142o za pi\u0142k\u0105 wprost pod ko\u0142a samochodu. Potr\u0105cenie na ulicy Targowej - 24GLIWICE - Portal Gliwice | codziennie nowe informacje\" \/>\n<meta property=\"og:description\" content=\"Dziecko wybieg\u0142o za pi\u0142k\u0105 na ulic\u0119, kt\u00f3r\u0105 jecha\u0142 akurat samoch\u00f3d. Dosz\u0142o do potr\u0105cenia, na szcz\u0119\u015bcie obra\u017cenia 11-latka nie zagra\u017caj\u0105 \u017cyciu\" \/>\n<meta property=\"og:url\" content=\"https:\/\/www.24gliwice.pl\/wiadomosci\/dziecko-wybieglo-za-pilka-wprost-pod-kola-samochodu-potracenie-na-ulicy-targowej\/\" \/>\n<meta property=\"og:site_name\" content=\"24GLIWICE - Portal Gliwice | codziennie nowe informacje\" \/>\n<meta property=\"article:publisher\" content=\"https:\/\/www.facebook.com\/24gliwice\" \/>\n<meta property=\"article:published_time\" content=\"2026-03-11T08:47:23+00:00\" \/>\n<meta property=\"og:image\" content=\"https:\/\/www.24gliwice.pl\/wiadomosci\/wp-content\/uploads\/2026\/03\/policja_karetka_szpital_810x455.jpg\" \/>\n\t<meta property=\"og:image:width\" content=\"810\" \/>\n\t<meta property=\"og:image:height\" content=\"455\" \/>\n\t<meta property=\"og:image:type\" content=\"image\/jpeg\" \/>\n<meta name=\"author\" content=\"\u017baneta Mrozek-Siewierska\" \/>\n<meta name=\"twitter:card\" content=\"summary_large_image\" \/>\n<meta name=\"twitter:creator\" content=\"@24gliwice\" \/>\n<meta name=\"twitter:site\" content=\"@24gliwice\" \/>\n<meta name=\"twitter:label1\" content=\"Napisane przez\" \/>\n\t<meta name=\"twitter:data1\" content=\"\u017baneta Mrozek-Siewierska\" \/>\n\t<meta name=\"twitter:label2\" content=\"Szacowany czas czytania\" \/>\n\t<meta name=\"twitter:data2\" content=\"1 minuta\" \/>\n<script type=\"application\/ld+json\" class=\"yoast-schema-graph\">{\"@context\":\"https:\\\/\\\/schema.org\",\"@graph\":[{\"@type\":\"Article\",\"@id\":\"https:\\\/\\\/www.24gliwice.pl\\\/wiadomosci\\\/dziecko-wybieglo-za-pilka-wprost-pod-kola-samochodu-potracenie-na-ulicy-targowej\\\/#article\",\"isPartOf\":{\"@id\":\"https:\\\/\\\/www.24gliwice.pl\\\/wiadomosci\\\/dziecko-wybieglo-za-pilka-wprost-pod-kola-samochodu-potracenie-na-ulicy-targowej\\\/\"},\"author\":{\"name\":\"\u017baneta Mrozek-Siewierska\",\"@id\":\"https:\\\/\\\/www.24gliwice.pl\\\/wiadomosci\\\/#\\\/schema\\\/person\\\/e42c650edd7f2fa332be3811fb166b6e\"},\"headline\":\"Dziecko wybieg\u0142o za pi\u0142k\u0105 wprost pod ko\u0142a samochodu. Potr\u0105cenie na ulicy Targowej\",\"datePublished\":\"2026-03-11T08:47:23+00:00\",\"mainEntityOfPage\":{\"@id\":\"https:\\\/\\\/www.24gliwice.pl\\\/wiadomosci\\\/dziecko-wybieglo-za-pilka-wprost-pod-kola-samochodu-potracenie-na-ulicy-targowej\\\/\"},\"wordCount\":295,\"commentCount\":11,\"publisher\":{\"@id\":\"https:\\\/\\\/www.24gliwice.pl\\\/wiadomosci\\\/#organization\"},\"image\":{\"@id\":\"https:\\\/\\\/www.24gliwice.pl\\\/wiadomosci\\\/dziecko-wybieglo-za-pilka-wprost-pod-kola-samochodu-potracenie-na-ulicy-targowej\\\/#primaryimage\"},\"thumbnailUrl\":\"https:\\\/\\\/www.24gliwice.pl\\\/wiadomosci\\\/wp-content\\\/uploads\\\/2026\\\/03\\\/policja_karetka_szpital_810x455.jpg\",\"keywords\":[\"dziecko\",\"POTR\u0104CONIE\"],\"articleSection\":[\"Gliwice\",\"Najnowsze wiadomo\u015bci\",\"Prawo\"],\"inLanguage\":\"pl-PL\",\"potentialAction\":[{\"@type\":\"CommentAction\",\"name\":\"Comment\",\"target\":[\"https:\\\/\\\/www.24gliwice.pl\\\/wiadomosci\\\/dziecko-wybieglo-za-pilka-wprost-pod-kola-samochodu-potracenie-na-ulicy-targowej\\\/#respond\"]}]},{\"@type\":\"WebPage\",\"@id\":\"https:\\\/\\\/www.24gliwice.pl\\\/wiadomosci\\\/dziecko-wybieglo-za-pilka-wprost-pod-kola-samochodu-potracenie-na-ulicy-targowej\\\/\",\"url\":\"https:\\\/\\\/www.24gliwice.pl\\\/wiadomosci\\\/dziecko-wybieglo-za-pilka-wprost-pod-kola-samochodu-potracenie-na-ulicy-targowej\\\/\",\"name\":\"Dziecko wybieg\u0142o za pi\u0142k\u0105 wprost pod ko\u0142a samochodu. Potr\u0105cenie na ulicy Targowej - 24GLIWICE - Portal Gliwice | codziennie nowe informacje\",\"isPartOf\":{\"@id\":\"https:\\\/\\\/www.24gliwice.pl\\\/wiadomosci\\\/#website\"},\"primaryImageOfPage\":{\"@id\":\"https:\\\/\\\/www.24gliwice.pl\\\/wiadomosci\\\/dziecko-wybieglo-za-pilka-wprost-pod-kola-samochodu-potracenie-na-ulicy-targowej\\\/#primaryimage\"},\"image\":{\"@id\":\"https:\\\/\\\/www.24gliwice.pl\\\/wiadomosci\\\/dziecko-wybieglo-za-pilka-wprost-pod-kola-samochodu-potracenie-na-ulicy-targowej\\\/#primaryimage\"},\"thumbnailUrl\":\"https:\\\/\\\/www.24gliwice.pl\\\/wiadomosci\\\/wp-content\\\/uploads\\\/2026\\\/03\\\/policja_karetka_szpital_810x455.jpg\",\"datePublished\":\"2026-03-11T08:47:23+00:00\",\"description\":\"Dziecko wybieg\u0142o za pi\u0142k\u0105 na ulic\u0119, kt\u00f3r\u0105 jecha\u0142 akurat samoch\u00f3d. Dosz\u0142o do potr\u0105cenia, na szcz\u0119\u015bcie obra\u017cenia 11-latka nie zagra\u017caj\u0105 \u017cyciu\",\"breadcrumb\":{\"@id\":\"https:\\\/\\\/www.24gliwice.pl\\\/wiadomosci\\\/dziecko-wybieglo-za-pilka-wprost-pod-kola-samochodu-potracenie-na-ulicy-targowej\\\/#breadcrumb\"},\"inLanguage\":\"pl-PL\",\"potentialAction\":[{\"@type\":\"ReadAction\",\"target\":[\"https:\\\/\\\/www.24gliwice.pl\\\/wiadomosci\\\/dziecko-wybieglo-za-pilka-wprost-pod-kola-samochodu-potracenie-na-ulicy-targowej\\\/\"]}]},{\"@type\":\"ImageObject\",\"inLanguage\":\"pl-PL\",\"@id\":\"https:\\\/\\\/www.24gliwice.pl\\\/wiadomosci\\\/dziecko-wybieglo-za-pilka-wprost-pod-kola-samochodu-potracenie-na-ulicy-targowej\\\/#primaryimage\",\"url\":\"https:\\\/\\\/www.24gliwice.pl\\\/wiadomosci\\\/wp-content\\\/uploads\\\/2026\\\/03\\\/policja_karetka_szpital_810x455.jpg\",\"contentUrl\":\"https:\\\/\\\/www.24gliwice.pl\\\/wiadomosci\\\/wp-content\\\/uploads\\\/2026\\\/03\\\/policja_karetka_szpital_810x455.jpg\",\"width\":810,\"height\":455},{\"@type\":\"BreadcrumbList\",\"@id\":\"https:\\\/\\\/www.24gliwice.pl\\\/wiadomosci\\\/dziecko-wybieglo-za-pilka-wprost-pod-kola-samochodu-potracenie-na-ulicy-targowej\\\/#breadcrumb\",\"itemListElement\":[{\"@type\":\"ListItem\",\"position\":1,\"name\":\"Strona g\u0142\u00f3wna\",\"item\":\"https:\\\/\\\/www.24gliwice.pl\\\/wiadomosci\\\/\"},{\"@type\":\"ListItem\",\"position\":2,\"name\":\"Dziecko wybieg\u0142o za pi\u0142k\u0105 wprost pod ko\u0142a samochodu. Potr\u0105cenie na ulicy Targowej\"}]},{\"@type\":\"WebSite\",\"@id\":\"https:\\\/\\\/www.24gliwice.pl\\\/wiadomosci\\\/#website\",\"url\":\"https:\\\/\\\/www.24gliwice.pl\\\/wiadomosci\\\/\",\"name\":\"24GLIWICE - Portal Gliwice | codziennie nowe wiadomo\u015bci\",\"description\":\"Portal Miejski Gliwice\",\"publisher\":{\"@id\":\"https:\\\/\\\/www.24gliwice.pl\\\/wiadomosci\\\/#organization\"},\"potentialAction\":[{\"@type\":\"SearchAction\",\"target\":{\"@type\":\"EntryPoint\",\"urlTemplate\":\"https:\\\/\\\/www.24gliwice.pl\\\/wiadomosci\\\/?s={search_term_string}\"},\"query-input\":{\"@type\":\"PropertyValueSpecification\",\"valueRequired\":true,\"valueName\":\"search_term_string\"}}],\"inLanguage\":\"pl-PL\"},{\"@type\":\"Organization\",\"@id\":\"https:\\\/\\\/www.24gliwice.pl\\\/wiadomosci\\\/#organization\",\"name\":\"24gliwice\",\"url\":\"https:\\\/\\\/www.24gliwice.pl\\\/wiadomosci\\\/\",\"logo\":{\"@type\":\"ImageObject\",\"inLanguage\":\"pl-PL\",\"@id\":\"https:\\\/\\\/www.24gliwice.pl\\\/wiadomosci\\\/#\\\/schema\\\/logo\\\/image\\\/\",\"url\":\"https:\\\/\\\/www.24gliwice.pl\\\/wiadomosci\\\/wp-content\\\/uploads\\\/2024\\\/10\\\/24gliwice-logo-696.jpg\",\"contentUrl\":\"https:\\\/\\\/www.24gliwice.pl\\\/wiadomosci\\\/wp-content\\\/uploads\\\/2024\\\/10\\\/24gliwice-logo-696.jpg\",\"width\":696,\"height\":696,\"caption\":\"24gliwice\"},\"image\":{\"@id\":\"https:\\\/\\\/www.24gliwice.pl\\\/wiadomosci\\\/#\\\/schema\\\/logo\\\/image\\\/\"},\"sameAs\":[\"https:\\\/\\\/www.facebook.com\\\/24gliwice\",\"https:\\\/\\\/x.com\\\/24gliwice\",\"https:\\\/\\\/www.youtube.com\\\/@24gliwice\"]},{\"@type\":\"Person\",\"@id\":\"https:\\\/\\\/www.24gliwice.pl\\\/wiadomosci\\\/#\\\/schema\\\/person\\\/e42c650edd7f2fa332be3811fb166b6e\",\"name\":\"\u017baneta Mrozek-Siewierska\",\"image\":{\"@type\":\"ImageObject\",\"inLanguage\":\"pl-PL\",\"@id\":\"https:\\\/\\\/secure.gravatar.com\\\/avatar\\\/1881429e9c64597c77ad7aef2d0a19be69a3253e57534d16aa15bf3a4d34a0a3?s=96&d=mm&r=g\",\"url\":\"https:\\\/\\\/secure.gravatar.com\\\/avatar\\\/1881429e9c64597c77ad7aef2d0a19be69a3253e57534d16aa15bf3a4d34a0a3?s=96&d=mm&r=g\",\"contentUrl\":\"https:\\\/\\\/secure.gravatar.com\\\/avatar\\\/1881429e9c64597c77ad7aef2d0a19be69a3253e57534d16aa15bf3a4d34a0a3?s=96&d=mm&r=g\",\"caption\":\"\u017baneta Mrozek-Siewierska\"},\"url\":\"https:\\\/\\\/www.24gliwice.pl\\\/wiadomosci\\\/author\\\/zms\\\/\"}]}<\/script>\n<!-- \/ Yoast SEO plugin. -->","yoast_head_json":{"title":"Dziecko wybieg\u0142o za pi\u0142k\u0105 wprost pod ko\u0142a samochodu. Potr\u0105cenie na ulicy Targowej - 24GLIWICE - Portal Gliwice | codziennie nowe informacje","description":"Dziecko wybieg\u0142o za pi\u0142k\u0105 na ulic\u0119, kt\u00f3r\u0105 jecha\u0142 akurat samoch\u00f3d. Dosz\u0142o do potr\u0105cenia, na szcz\u0119\u015bcie obra\u017cenia 11-latka nie zagra\u017caj\u0105 \u017cyciu","robots":{"index":"index","follow":"follow","max-snippet":"max-snippet:-1","max-image-preview":"max-image-preview:large","max-video-preview":"max-video-preview:-1"},"canonical":"https:\/\/www.24gliwice.pl\/wiadomosci\/dziecko-wybieglo-za-pilka-wprost-pod-kola-samochodu-potracenie-na-ulicy-targowej\/","og_locale":"pl_PL","og_type":"article","og_title":"Dziecko wybieg\u0142o za pi\u0142k\u0105 wprost pod ko\u0142a samochodu. Potr\u0105cenie na ulicy Targowej - 24GLIWICE - Portal Gliwice | codziennie nowe informacje","og_description":"Dziecko wybieg\u0142o za pi\u0142k\u0105 na ulic\u0119, kt\u00f3r\u0105 jecha\u0142 akurat samoch\u00f3d. Dosz\u0142o do potr\u0105cenia, na szcz\u0119\u015bcie obra\u017cenia 11-latka nie zagra\u017caj\u0105 \u017cyciu","og_url":"https:\/\/www.24gliwice.pl\/wiadomosci\/dziecko-wybieglo-za-pilka-wprost-pod-kola-samochodu-potracenie-na-ulicy-targowej\/","og_site_name":"24GLIWICE - Portal Gliwice | codziennie nowe informacje","article_publisher":"https:\/\/www.facebook.com\/24gliwice","article_published_time":"2026-03-11T08:47:23+00:00","og_image":[{"width":810,"height":455,"url":"https:\/\/www.24gliwice.pl\/wiadomosci\/wp-content\/uploads\/2026\/03\/policja_karetka_szpital_810x455.jpg","type":"image\/jpeg"}],"author":"\u017baneta Mrozek-Siewierska","twitter_card":"summary_large_image","twitter_creator":"@24gliwice","twitter_site":"@24gliwice","twitter_misc":{"Napisane przez":"\u017baneta Mrozek-Siewierska","Szacowany czas czytania":"1 minuta"},"schema":{"@context":"https:\/\/schema.org","@graph":[{"@type":"Article","@id":"https:\/\/www.24gliwice.pl\/wiadomosci\/dziecko-wybieglo-za-pilka-wprost-pod-kola-samochodu-potracenie-na-ulicy-targowej\/#article","isPartOf":{"@id":"https:\/\/www.24gliwice.pl\/wiadomosci\/dziecko-wybieglo-za-pilka-wprost-pod-kola-samochodu-potracenie-na-ulicy-targowej\/"},"author":{"name":"\u017baneta Mrozek-Siewierska","@id":"https:\/\/www.24gliwice.pl\/wiadomosci\/#\/schema\/person\/e42c650edd7f2fa332be3811fb166b6e"},"headline":"Dziecko wybieg\u0142o za pi\u0142k\u0105 wprost pod ko\u0142a samochodu. Potr\u0105cenie na ulicy Targowej","datePublished":"2026-03-11T08:47:23+00:00","mainEntityOfPage":{"@id":"https:\/\/www.24gliwice.pl\/wiadomosci\/dziecko-wybieglo-za-pilka-wprost-pod-kola-samochodu-potracenie-na-ulicy-targowej\/"},"wordCount":295,"commentCount":11,"publisher":{"@id":"https:\/\/www.24gliwice.pl\/wiadomosci\/#organization"},"image":{"@id":"https:\/\/www.24gliwice.pl\/wiadomosci\/dziecko-wybieglo-za-pilka-wprost-pod-kola-samochodu-potracenie-na-ulicy-targowej\/#primaryimage"},"thumbnailUrl":"https:\/\/www.24gliwice.pl\/wiadomosci\/wp-content\/uploads\/2026\/03\/policja_karetka_szpital_810x455.jpg","keywords":["dziecko","POTR\u0104CONIE"],"articleSection":["Gliwice","Najnowsze wiadomo\u015bci","Prawo"],"inLanguage":"pl-PL","potentialAction":[{"@type":"CommentAction","name":"Comment","target":["https:\/\/www.24gliwice.pl\/wiadomosci\/dziecko-wybieglo-za-pilka-wprost-pod-kola-samochodu-potracenie-na-ulicy-targowej\/#respond"]}]},{"@type":"WebPage","@id":"https:\/\/www.24gliwice.pl\/wiadomosci\/dziecko-wybieglo-za-pilka-wprost-pod-kola-samochodu-potracenie-na-ulicy-targowej\/","url":"https:\/\/www.24gliwice.pl\/wiadomosci\/dziecko-wybieglo-za-pilka-wprost-pod-kola-samochodu-potracenie-na-ulicy-targowej\/","name":"Dziecko wybieg\u0142o za pi\u0142k\u0105 wprost pod ko\u0142a samochodu. Potr\u0105cenie na ulicy Targowej - 24GLIWICE - Portal Gliwice | codziennie nowe informacje","isPartOf":{"@id":"https:\/\/www.24gliwice.pl\/wiadomosci\/#website"},"primaryImageOfPage":{"@id":"https:\/\/www.24gliwice.pl\/wiadomosci\/dziecko-wybieglo-za-pilka-wprost-pod-kola-samochodu-potracenie-na-ulicy-targowej\/#primaryimage"},"image":{"@id":"https:\/\/www.24gliwice.pl\/wiadomosci\/dziecko-wybieglo-za-pilka-wprost-pod-kola-samochodu-potracenie-na-ulicy-targowej\/#primaryimage"},"thumbnailUrl":"https:\/\/www.24gliwice.pl\/wiadomosci\/wp-content\/uploads\/2026\/03\/policja_karetka_szpital_810x455.jpg","datePublished":"2026-03-11T08:47:23+00:00","description":"Dziecko wybieg\u0142o za pi\u0142k\u0105 na ulic\u0119, kt\u00f3r\u0105 jecha\u0142 akurat samoch\u00f3d. Dosz\u0142o do potr\u0105cenia, na szcz\u0119\u015bcie obra\u017cenia 11-latka nie zagra\u017caj\u0105 \u017cyciu","breadcrumb":{"@id":"https:\/\/www.24gliwice.pl\/wiadomosci\/dziecko-wybieglo-za-pilka-wprost-pod-kola-samochodu-potracenie-na-ulicy-targowej\/#breadcrumb"},"inLanguage":"pl-PL","potentialAction":[{"@type":"ReadAction","target":["https:\/\/www.24gliwice.pl\/wiadomosci\/dziecko-wybieglo-za-pilka-wprost-pod-kola-samochodu-potracenie-na-ulicy-targowej\/"]}]},{"@type":"ImageObject","inLanguage":"pl-PL","@id":"https:\/\/www.24gliwice.pl\/wiadomosci\/dziecko-wybieglo-za-pilka-wprost-pod-kola-samochodu-potracenie-na-ulicy-targowej\/#primaryimage","url":"https:\/\/www.24gliwice.pl\/wiadomosci\/wp-content\/uploads\/2026\/03\/policja_karetka_szpital_810x455.jpg","contentUrl":"https:\/\/www.24gliwice.pl\/wiadomosci\/wp-content\/uploads\/2026\/03\/policja_karetka_szpital_810x455.jpg","width":810,"height":455},{"@type":"BreadcrumbList","@id":"https:\/\/www.24gliwice.pl\/wiadomosci\/dziecko-wybieglo-za-pilka-wprost-pod-kola-samochodu-potracenie-na-ulicy-targowej\/#breadcrumb","itemListElement":[{"@type":"ListItem","position":1,"name":"Strona g\u0142\u00f3wna","item":"https:\/\/www.24gliwice.pl\/wiadomosci\/"},{"@type":"ListItem","position":2,"name":"Dziecko wybieg\u0142o za pi\u0142k\u0105 wprost pod ko\u0142a samochodu. Potr\u0105cenie na ulicy Targowej"}]},{"@type":"WebSite","@id":"https:\/\/www.24gliwice.pl\/wiadomosci\/#website","url":"https:\/\/www.24gliwice.pl\/wiadomosci\/","name":"24GLIWICE - Portal Gliwice | codziennie nowe wiadomo\u015bci","description":"Portal Miejski Gliwice","publisher":{"@id":"https:\/\/www.24gliwice.pl\/wiadomosci\/#organization"},"potentialAction":[{"@type":"SearchAction","target":{"@type":"EntryPoint","urlTemplate":"https:\/\/www.24gliwice.pl\/wiadomosci\/?s={search_term_string}"},"query-input":{"@type":"PropertyValueSpecification","valueRequired":true,"valueName":"search_term_string"}}],"inLanguage":"pl-PL"},{"@type":"Organization","@id":"https:\/\/www.24gliwice.pl\/wiadomosci\/#organization","name":"24gliwice","url":"https:\/\/www.24gliwice.pl\/wiadomosci\/","logo":{"@type":"ImageObject","inLanguage":"pl-PL","@id":"https:\/\/www.24gliwice.pl\/wiadomosci\/#\/schema\/logo\/image\/","url":"https:\/\/www.24gliwice.pl\/wiadomosci\/wp-content\/uploads\/2024\/10\/24gliwice-logo-696.jpg","contentUrl":"https:\/\/www.24gliwice.pl\/wiadomosci\/wp-content\/uploads\/2024\/10\/24gliwice-logo-696.jpg","width":696,"height":696,"caption":"24gliwice"},"image":{"@id":"https:\/\/www.24gliwice.pl\/wiadomosci\/#\/schema\/logo\/image\/"},"sameAs":["https:\/\/www.facebook.com\/24gliwice","https:\/\/x.com\/24gliwice","https:\/\/www.youtube.com\/@24gliwice"]},{"@type":"Person","@id":"https:\/\/www.24gliwice.pl\/wiadomosci\/#\/schema\/person\/e42c650edd7f2fa332be3811fb166b6e","name":"\u017baneta Mrozek-Siewierska","image":{"@type":"ImageObject","inLanguage":"pl-PL","@id":"https:\/\/secure.gravatar.com\/avatar\/1881429e9c64597c77ad7aef2d0a19be69a3253e57534d16aa15bf3a4d34a0a3?s=96&d=mm&r=g","url":"https:\/\/secure.gravatar.com\/avatar\/1881429e9c64597c77ad7aef2d0a19be69a3253e57534d16aa15bf3a4d34a0a3?s=96&d=mm&r=g","contentUrl":"https:\/\/secure.gravatar.com\/avatar\/1881429e9c64597c77ad7aef2d0a19be69a3253e57534d16aa15bf3a4d34a0a3?s=96&d=mm&r=g","caption":"\u017baneta Mrozek-Siewierska"},"url":"https:\/\/www.24gliwice.pl\/wiadomosci\/author\/zms\/"}]}},"_links":{"self":[{"href":"https:\/\/www.24gliwice.pl\/wiadomosci\/wp-json\/wp\/v2\/posts\/267703","targetHints":{"allow":["GET"]}}],"collection":[{"href":"https:\/\/www.24gliwice.pl\/wiadomosci\/wp-json\/wp\/v2\/posts"}],"about":[{"href":"https:\/\/www.24gliwice.pl\/wiadomosci\/wp-json\/wp\/v2\/types\/post"}],"author":[{"embeddable":true,"href":"https:\/\/www.24gliwice.pl\/wiadomosci\/wp-json\/wp\/v2\/users\/15"}],"replies":[{"embeddable":true,"href":"https:\/\/www.24gliwice.pl\/wiadomosci\/wp-json\/wp\/v2\/comments?post=267703"}],"version-history":[{"count":0,"href":"https:\/\/www.24gliwice.pl\/wiadomosci\/wp-json\/wp\/v2\/posts\/267703\/revisions"}],"wp:featuredmedia":[{"embeddable":true,"href":"https:\/\/www.24gliwice.pl\/wiadomosci\/wp-json\/wp\/v2\/media\/267704"}],"wp:attachment":[{"href":"https:\/\/www.24gliwice.pl\/wiadomosci\/wp-json\/wp\/v2\/media?parent=267703"}],"wp:term":[{"taxonomy":"category","embeddable":true,"href":"https:\/\/www.24gliwice.pl\/wiadomosci\/wp-json\/wp\/v2\/categories?post=267703"},{"taxonomy":"post_tag","embeddable":true,"href":"https:\/\/www.24gliwice.pl\/wiadomosci\/wp-json\/wp\/v2\/tags?post=267703"}],"curies":[{"name":"wp","href":"https:\/\/api.w.org\/{rel}","templated":true}]}}