{"id":267720,"date":"2026-03-12T09:09:11","date_gmt":"2026-03-12T08:09:11","guid":{"rendered":"https:\/\/www.24gliwice.pl\/wiadomosci\/?p=267720"},"modified":"2026-03-13T04:02:59","modified_gmt":"2026-03-13T03:02:59","slug":"to-jedna-z-najwazniejszych-inwestycji-w-historii-postep-prac-przy-budowie-parku-zielonej-energii","status":"publish","type":"post","link":"https:\/\/www.24gliwice.pl\/wiadomosci\/to-jedna-z-najwazniejszych-inwestycji-w-historii-postep-prac-przy-budowie-parku-zielonej-energii\/","title":{"rendered":"To jedna z najwa\u017cniejszych takich inwestycji w historii. Post\u0119p prac przy budowie Parku Zielonej Energii"},"content":{"rendered":"<div class=\"gliwi-a6-nad-leadem-artykulow gliwi-entity-placement\" id=\"gliwi-1080429959\"><div class=\"gliwi-adlabel\"><span style=\"font-size: 9px\">REKLAMA<\/span><\/div><div id=\"gliwi-285586056\" style=\"margin-bottom: 30px;margin-left: auto;margin-right: auto;text-align: center;\"><a data-no-instant=\"1\" href=\"https:\/\/przedszkole.halogen.org.pl\/\" rel=\"noopener\" class=\"a2t-link\" target=\"_blank\" aria-label=\"20260402-ANIMATOR-przedszkole_grafika_750x200\"><img loading=\"lazy\" decoding=\"async\" src=\"https:\/\/www.24gliwice.pl\/wiadomosci\/wp-content\/uploads\/2026\/04\/20260402-ANIMATOR-przedszkole_grafika_750x200.webp\" alt=\"\"  srcset=\"https:\/\/www.24gliwice.pl\/wiadomosci\/wp-content\/uploads\/2026\/04\/20260402-ANIMATOR-przedszkole_grafika_750x200.webp 750w, https:\/\/www.24gliwice.pl\/wiadomosci\/wp-content\/uploads\/2026\/04\/20260402-ANIMATOR-przedszkole_grafika_750x200-410x109.webp 410w\" sizes=\"(max-width: 750px) 100vw, 750px\" class=\"no-lazyload\" width=\"750\" height=\"200\"  style=\"display: inline-block; max-width: 100%; height: auto;\" \/><\/a><\/div><\/div><h2>Na placu budowy Parku Zielonej Energii wida\u0107 kolejne zmiany. R\u00f3wnolegle realizowane s\u0105 prace zwi\u0105zane z powstaniem nowego bloku energetycznego, farmy solarnej oraz magazynu ciep\u0142a. Kolejne etapy inwestycji wchodz\u0105 w faz\u0119 rob\u00f3t konstrukcyjnych i instalacyjnych.<\/h2>\n<p><!--more--><\/p>\n<p>Na wi\u0119kszo\u015bci obiekt\u00f3w technologicznych zako\u0144czono ju\u017c zasadnicze prace przygotowawcze zwi\u0105zane ze wzmocnieniem i przygotowaniem terenu. Wykonano r\u00f3wnie\u017c makroniwelacj\u0119 oraz wzmocniono grunt poprzez palowanie.<\/p>\n<p><a href=\"https:\/\/www.24gliwice.pl\/wiadomosci\/wp-content\/uploads\/2026\/03\/park-zielonej-energii-2.jpg\"><img loading=\"lazy\" decoding=\"async\" src=\"https:\/\/www.24gliwice.pl\/wiadomosci\/wp-content\/uploads\/2026\/03\/park-zielonej-energii-2.jpg\" alt=\"\" width=\"810\" height=\"607\" class=\"alignnone size-full wp-image-267724\" srcset=\"https:\/\/www.24gliwice.pl\/wiadomosci\/wp-content\/uploads\/2026\/03\/park-zielonej-energii-2.jpg 810w, https:\/\/www.24gliwice.pl\/wiadomosci\/wp-content\/uploads\/2026\/03\/park-zielonej-energii-2-310x232.jpg 310w, https:\/\/www.24gliwice.pl\/wiadomosci\/wp-content\/uploads\/2026\/03\/park-zielonej-energii-2-607x455.jpg 607w, https:\/\/www.24gliwice.pl\/wiadomosci\/wp-content\/uploads\/2026\/03\/park-zielonej-energii-2-768x576.jpg 768w\" sizes=\"auto, (max-width: 810px) 100vw, 810px\" \/><\/a><\/p>\n<p>\u2013 <em>Park Zielonej Energii to jedna z najwa\u017cniejszych inwestycji w historii naszego systemu ciep\u0142owniczego. Widzimy ju\u017c bardzo wyra\u017anie, jak projekt przechodzi z etapu przygotowa\u0144 do intensywnej fazy budowy. Post\u0119p prac na wielu obiektach jednocze\u015bnie pokazuje skal\u0119 tego przedsi\u0119wzi\u0119cia<\/em> \u2013 m\u00f3wi <strong>Krzysztof Szali\u0144ski<\/strong>, prezes Przedsi\u0119biorstwa Energetyki Cieplnej \u2013 Gliwice.<\/p><div class=\"gliwi-a3-w-tresci-artykulow gliwi-entity-placement\" id=\"gliwi-4044591491\"><div class=\"gliwi-adlabel\"><span style=\"font-size: 9px\">REKLAMA<\/span><\/div><div id=\"gliwi-776875\" style=\"margin-bottom: 30px;margin-left: auto;margin-right: auto;text-align: center;\"><a data-no-instant=\"1\" href=\"https:\/\/ogrodyandersa.pl\/\" rel=\"noopener\" class=\"a2t-link\" target=\"_blank\" aria-label=\"20260415 Ogrody Andersa KUP TERAZ D\"><img loading=\"lazy\" decoding=\"async\" src=\"https:\/\/www.24gliwice.pl\/wiadomosci\/wp-content\/uploads\/2026\/04\/20260415-Ogrody-Andersa-KUP-TERAZ-D.jpg\" alt=\"\"  srcset=\"https:\/\/www.24gliwice.pl\/wiadomosci\/wp-content\/uploads\/2026\/04\/20260415-Ogrody-Andersa-KUP-TERAZ-D.jpg 750w, https:\/\/www.24gliwice.pl\/wiadomosci\/wp-content\/uploads\/2026\/04\/20260415-Ogrody-Andersa-KUP-TERAZ-D-410x109.jpg 410w\" sizes=\"(max-width: 750px) 100vw, 750px\" class=\"no-lazyload\" width=\"750\" height=\"200\"  style=\"display: inline-block; max-width: 100%; height: auto;\" \/><\/a><\/div><\/div>\n<h5>Obecnie prowadzone s\u0105 roboty fundamentowe i instalacyjne dla kluczowych budynk\u00f3w instalacji:<\/h5>\n<p>\u2022 Magazyn paliwa \u2013 rozpocz\u0119to zbrojenie \u0142aw fundamentowych, trwaj\u0105 roboty zbrojarskie oraz betonowanie \u0142aw, a tak\u017ce rozpocz\u0119to instalacj\u0119 uziemienia.<br \/>\n\u2022 Budynek kot\u0142owni \u2013 realizowane s\u0105 instalacje podposadzkowe.<br \/>\n\u2022 Budynek maszynowni \u2013 wykonano chudy beton i rozpocz\u0119to betonowanie st\u00f3p fundamentowych.<br \/>\n\u2022 Uk\u0142ad odzysku ciep\u0142a z kondensacji spalin z kominem \u2013 rozpocz\u0119to zbrojenie i betonowanie p\u0142yty fundamentowej komina, a tak\u017ce monta\u017c instalacji uziemienia.<br \/>\n\u2022 Budynek elektryczny \u2013 wykonano wykopy i chude betony zabezpieczaj\u0105ce wykop, obecnie prowadzone jest zbrojenie \u0142aw fundamentowych.<br \/>\n\u2022 Budynek instalacji \u2013 trwa betonowanie st\u00f3p fundamentowych.<\/p>\n<p>R\u00f3wnolegle prowadzone s\u0105 wykopy pod kolejne obiekty, m.in. hal\u0119 roz\u0142adunku, budynek socjalny z nastawni\u0105, instalacj\u0119 odbioru odpad\u00f3w paleniskowych oraz uk\u0142ad oczyszczania spalin. Na terenie inwestycji wykonywana jest r\u00f3wnie\u017c mikroniwelacja w ramach zagospodarowania terenu.<\/p>\n<p><a href=\"https:\/\/www.24gliwice.pl\/wiadomosci\/wp-content\/uploads\/2026\/03\/park-zielonej-energii-4.jpg\"><img loading=\"lazy\" decoding=\"async\" src=\"https:\/\/www.24gliwice.pl\/wiadomosci\/wp-content\/uploads\/2026\/03\/park-zielonej-energii-4.jpg\" alt=\"\" width=\"810\" height=\"607\" class=\"alignnone size-full wp-image-267726\" srcset=\"https:\/\/www.24gliwice.pl\/wiadomosci\/wp-content\/uploads\/2026\/03\/park-zielonej-energii-4.jpg 810w, https:\/\/www.24gliwice.pl\/wiadomosci\/wp-content\/uploads\/2026\/03\/park-zielonej-energii-4-310x232.jpg 310w, https:\/\/www.24gliwice.pl\/wiadomosci\/wp-content\/uploads\/2026\/03\/park-zielonej-energii-4-607x455.jpg 607w, https:\/\/www.24gliwice.pl\/wiadomosci\/wp-content\/uploads\/2026\/03\/park-zielonej-energii-4-768x576.jpg 768w\" sizes=\"auto, (max-width: 810px) 100vw, 810px\" \/><\/a><\/p>\n<p>\u2013 <em>Ka\u017cdy kolejny etap budowy przybli\u017ca nas do momentu, w kt\u00f3rym mieszka\u0144cy Gliwic b\u0119d\u0105 mogli korzysta\u0107 z jeszcze bardziej zr\u00f3wnowa\u017conego systemu ciep\u0142owniczego<\/em> \u2013 podkre\u015bla Szali\u0144ski.<\/p>\n<h4>Farma solarna<\/h4>\n<p>Post\u0119puj\u0105 prace przy budowie farmy solarnej, kt\u00f3ra b\u0119dzie integraln\u0105 cz\u0119\u015bci\u0105 Parku Zielonej Energii. Pole kolektor\u00f3w PK1 (pierwsze pole z czterech) zosta\u0142o w pe\u0142ni przygotowane pod instalacj\u0119 \u2013 wykonano palowanie konstrukcji, a do tej pory zamontowano oko\u0142o 80% kolektor\u00f3w s\u0142onecznych. Monta\u017c pozosta\u0142ych element\u00f3w uzale\u017cniony jest od dostaw rur preizolowanych, kt\u00f3re umo\u017cliwi\u0105 pod\u0142\u0105czenie instalacji i doko\u0144czenie zabudowy pola. Zako\u0144czenie monta\u017cu kolektor\u00f3w na polu PK1 planowane jest na kwiecie\u0144 2026 roku. Jednocze\u015bnie trwaj\u0105 prace przy budowie ogrodzenia docelowego oraz przygotowania terenu pod palowanie i monta\u017c kolektor\u00f3w na polu PK3 (trzecim polu z czterech), kt\u00f3rego zabudowa planowana jest na listopad 2026 roku.<\/p>\n<h4>Instalacja b\u0119dzie si\u0119 sk\u0142ada\u0142a z 4 p\u00f3l solarnych o \u0142\u0105cznej mocy 13,2 MWt, obejmuj\u0105cych oko\u0142o 1130 kolektor\u00f3w (+ 4 kolektory eksperymentalne) na powierzchni blisko 37 tys. m\u00b2 \u2013 to obecnie najwi\u0119ksza tego typu farma w Polsce.<\/h4>\n<p>Produkowane w ten spos\u00f3b ciep\u0142o b\u0119dzie zasila\u0107 miejsk\u0105 sie\u0107 ciep\u0142ownicz\u0105, szczeg\u00f3lnie w okresie wiosenno-letnim, kiedy zapotrzebowanie dotyczy g\u0142\u00f3wnie przygotowania ciep\u0142ej wody u\u017cytkowej.<\/p>\n<p><a href=\"https:\/\/www.24gliwice.pl\/wiadomosci\/wp-content\/uploads\/2026\/03\/park-zielonej-energii-3.jpg\"><img loading=\"lazy\" decoding=\"async\" src=\"https:\/\/www.24gliwice.pl\/wiadomosci\/wp-content\/uploads\/2026\/03\/park-zielonej-energii-3.jpg\" alt=\"\" width=\"810\" height=\"607\" class=\"alignnone size-full wp-image-267725\" srcset=\"https:\/\/www.24gliwice.pl\/wiadomosci\/wp-content\/uploads\/2026\/03\/park-zielonej-energii-3.jpg 810w, https:\/\/www.24gliwice.pl\/wiadomosci\/wp-content\/uploads\/2026\/03\/park-zielonej-energii-3-310x232.jpg 310w, https:\/\/www.24gliwice.pl\/wiadomosci\/wp-content\/uploads\/2026\/03\/park-zielonej-energii-3-607x455.jpg 607w, https:\/\/www.24gliwice.pl\/wiadomosci\/wp-content\/uploads\/2026\/03\/park-zielonej-energii-3-768x576.jpg 768w\" sizes=\"auto, (max-width: 810px) 100vw, 810px\" \/><\/a><\/p>\n<p>\u2013 <em>Farma solarna i magazyn ciep\u0142a b\u0119d\u0105 wa\u017cnym uzupe\u0142nieniem ca\u0142ego systemu. Dzi\u0119ki nim b\u0119dziemy mogli w wi\u0119kszym stopniu wykorzystywa\u0107 odnawialne \u017ar\u00f3d\u0142a energii oraz magazynowa\u0107 nadwy\u017cki ciep\u0142a powstaj\u0105ce w okresach ni\u017cszego zapotrzebowania. To rozwi\u0105zania, kt\u00f3re realnie zwi\u0119ksz\u0105 elastyczno\u015b\u0107 i efektywno\u015b\u0107 miejskiej sieci ciep\u0142owniczej<\/em> \u2013 podkre\u015bla prezes PEC-Gliwice.<\/p>\n<h4>Magazyn ciep\u0142a<\/h4>\n<p>Zaawansowane s\u0105 tak\u017ce prace przy budowie wielkoskalowego magazynu ciep\u0142a. Wykonano ju\u017c wykop pod fundament zbiornika oraz zako\u0144czono wzmacnianie gruntu poprzez palowanie. \u0141\u0105cznie w gruncie posadowiono 233 pale, kt\u00f3re obecnie przechodz\u0105 pr\u00f3by obci\u0105\u017ceniowe. Kolejnym etapem b\u0119dzie wykonanie fundamentu magazynu ciep\u0142a, kt\u00f3rego zako\u0144czenie planowane jest na maj 2026 roku, po czym rozpoczn\u0105 si\u0119 dostawy materia\u0142\u00f3w niezb\u0119dnych do budowy w\u0142a\u015bciwego akumulatora energii. R\u00f3wnolegle prowadzone s\u0105 wykopy pod fundamenty budynku pompowni, kt\u00f3ry b\u0119dzie obs\u0142ugiwa\u0142 instalacje magazynu ciep\u0142a.<\/p>\n<p><a href=\"https:\/\/www.24gliwice.pl\/wiadomosci\/wp-content\/uploads\/2026\/03\/park-zielonej-energii-1.jpg\"><img loading=\"lazy\" decoding=\"async\" src=\"https:\/\/www.24gliwice.pl\/wiadomosci\/wp-content\/uploads\/2026\/03\/park-zielonej-energii-1.jpg\" alt=\"\" width=\"810\" height=\"607\" class=\"alignnone size-full wp-image-267723\" srcset=\"https:\/\/www.24gliwice.pl\/wiadomosci\/wp-content\/uploads\/2026\/03\/park-zielonej-energii-1.jpg 810w, https:\/\/www.24gliwice.pl\/wiadomosci\/wp-content\/uploads\/2026\/03\/park-zielonej-energii-1-310x232.jpg 310w, https:\/\/www.24gliwice.pl\/wiadomosci\/wp-content\/uploads\/2026\/03\/park-zielonej-energii-1-607x455.jpg 607w, https:\/\/www.24gliwice.pl\/wiadomosci\/wp-content\/uploads\/2026\/03\/park-zielonej-energii-1-768x576.jpg 768w\" sizes=\"auto, (max-width: 810px) 100vw, 810px\" \/><\/a><\/p>\n<p>Magazyn ciep\u0142a b\u0119dzie mia\u0142 pojemno\u015b\u0107 oko\u0142o 12 000 m\u00b3 (12 mln litr\u00f3w wody). Umo\u017cliwi tym samym magazynowanie nadwy\u017cek ciep\u0142a produkowanego przez blok energetyczny i farm\u0119 solarn\u0105. Dzi\u0119ki temu system ciep\u0142owniczy miasta stanie si\u0119 bardziej elastyczny i efektywny, a produkcja energii b\u0119dzie lepiej dopasowana do zmiennego zapotrzebowania odbiorc\u00f3w.<\/p>\n<h4>Nowy blok energetyczny z kot\u0142em wielopaliwowym<\/h4>\n<p>Warto przypomnie\u0107, \u017ce kluczowym elementem Parku Zielonej Energii b\u0119dzie blok energetyczny z kot\u0142em wielopaliwowym pracuj\u0105cym w wysokosprawnej kogeneracji. Instalacja b\u0119dzie mog\u0142a przetwarza\u0107 rocznie oko\u0142o 40 tys. ton odpad\u00f3w komunalnych nienadaj\u0105cych si\u0119 do recyklingu, w tym paliwo alternatywne RDF i odpady wielkogabarytowe. Moc instalacji wyniesie oko\u0142o 21 MWt ciep\u0142a i do 4,63 MWe energii elektrycznej, co w skali roku pozwoli produkowa\u0107 136 tys. MWh ciep\u0142a dla miejskiej sieci ciep\u0142owniczej oraz ponad 20 tys. MWh energii elektrycznej. Instalacja zostanie wyposa\u017cona w nowoczesne systemy oczyszczania spalin \u2013 odpylania, odsiarczania i odazotowania \u2013 spe\u0142niaj\u0105ce rygorystyczne normy \u015brodowiskowe.<\/p>\n<p><a href=\"https:\/\/www.24gliwice.pl\/wiadomosci\/wp-content\/uploads\/2024\/10\/park-zielonej-energii.png.jpg\"><img loading=\"lazy\" decoding=\"async\" src=\"https:\/\/www.24gliwice.pl\/wiadomosci\/wp-content\/uploads\/2024\/10\/park-zielonej-energii.png.jpg\" alt=\"\" width=\"810\" height=\"457\" class=\"alignnone size-full wp-image-243393\" srcset=\"https:\/\/www.24gliwice.pl\/wiadomosci\/wp-content\/uploads\/2024\/10\/park-zielonej-energii.png.jpg 810w, https:\/\/www.24gliwice.pl\/wiadomosci\/wp-content\/uploads\/2024\/10\/park-zielonej-energii.png-410x232.jpg 410w, https:\/\/www.24gliwice.pl\/wiadomosci\/wp-content\/uploads\/2024\/10\/park-zielonej-energii.png-806x455.jpg 806w, https:\/\/www.24gliwice.pl\/wiadomosci\/wp-content\/uploads\/2024\/10\/park-zielonej-energii.png-768x433.jpg 768w\" sizes=\"auto, (max-width: 810px) 100vw, 810px\" \/><\/a><\/p>\n<p>Inwestycja przy ul. Kr\u00f3lewskiej Tamy w Gliwicach ma by\u0107 gotowa w 2028 roku. Wykonawc\u0105 Parku Zielonej Energii jest konsorcjum firm: MOSTOSTAL ZABRZE Gliwickie Przedsi\u0119biorstwo Budownictwa Przemys\u0142owego S.A. w Gliwicach, OSCHATZ Power GmbH w Essen (Niemcy) oraz Przedsi\u0119biorstwo Remont\u00f3w Ulic i Most\u00f3w S.A., a tak\u017ce firma AB Industry S.A. z O\u017carowa Mazowieckiego.<\/p>\n<p>(\u017cms)\/mat. PEC Gliwice<\/p>\n<div class=\"gliwi-a5-na-koncu-artykulow gliwi-entity-placement\" id=\"gliwi-1911840001\"><div class=\"gliwi-adlabel\"><span style=\"font-size: 9px\">REKLAMA<\/span><\/div><div id=\"gliwi-1399538945\" style=\"margin-left: auto;margin-right: auto;text-align: center;\"><a data-no-instant=\"1\" href=\"https:\/\/prezeroarenagliwice.pl\/\" rel=\"noopener\" class=\"a2t-link\" target=\"_blank\" aria-label=\"20260309-PREZERO-WIOSNA-D\"><img loading=\"lazy\" decoding=\"async\" src=\"https:\/\/www.24gliwice.pl\/wiadomosci\/wp-content\/uploads\/2026\/03\/20260309-PREZERO-WIOSNA-D.webp\" alt=\"\"  srcset=\"https:\/\/www.24gliwice.pl\/wiadomosci\/wp-content\/uploads\/2026\/03\/20260309-PREZERO-WIOSNA-D.webp 750w, https:\/\/www.24gliwice.pl\/wiadomosci\/wp-content\/uploads\/2026\/03\/20260309-PREZERO-WIOSNA-D-410x109.webp 410w\" sizes=\"(max-width: 750px) 100vw, 750px\" class=\"no-lazyload\" width=\"750\" height=\"200\"  style=\"display: inline-block; max-width: 100%; height: auto;\" \/><\/a><\/div><\/div>","protected":false},"excerpt":{"rendered":"<p>Na placu budowy Parku Zielonej Energii wida\u0107 kolejne zmiany. R\u00f3wnolegle realizowane s\u0105 prace zwi\u0105zane z powstaniem nowego bloku energetycznego, farmy solarnej oraz magazynu ciep\u0142a. Kolejne etapy inwestycji wchodz\u0105 w faz\u0119 rob\u00f3t konstrukcyjnych i instalacyjnych.<\/p>\n","protected":false},"author":15,"featured_media":267727,"comment_status":"open","ping_status":"closed","sticky":false,"template":"","format":"standard","meta":{"_monsterinsights_skip_tracking":false,"_monsterinsights_sitenote_active":false,"_monsterinsights_sitenote_note":"","_monsterinsights_sitenote_category":0,"footnotes":"","_links_to":"","_links_to_target":""},"categories":[3,1,9],"tags":[23771,7994],"class_list":["post-267720","post","type-post","status-publish","format-standard","has-post-thumbnail","hentry","category-gliwice","category-wszystko","category-aktualnosci_lokalne","tag-park-zielonej-energii","tag-pec-gliwice"],"yoast_head":"<!-- This site is optimized with the Yoast SEO plugin v27.5 - https:\/\/yoast.com\/product\/yoast-seo-wordpress\/ -->\n<title>To jedna z najwa\u017cniejszych takich inwestycji w historii. Post\u0119p prac przy budowie Parku Zielonej Energii - 24GLIWICE - Portal Gliwice | codziennie nowe informacje<\/title>\n<meta name=\"description\" content=\"Prace przy budowie Parku Zielonej Energii w Gliwicach post\u0119puj\u0105. Najbardziej widocznym elementem jest farma solarna na dzia\u0142kach obok PEC\" \/>\n<meta name=\"robots\" content=\"index, follow, max-snippet:-1, max-image-preview:large, max-video-preview:-1\" \/>\n<link rel=\"canonical\" href=\"https:\/\/www.24gliwice.pl\/wiadomosci\/to-jedna-z-najwazniejszych-inwestycji-w-historii-postep-prac-przy-budowie-parku-zielonej-energii\/\" \/>\n<meta property=\"og:locale\" content=\"pl_PL\" \/>\n<meta property=\"og:type\" content=\"article\" \/>\n<meta property=\"og:title\" content=\"To jedna z najwa\u017cniejszych takich inwestycji w historii. Post\u0119p prac przy budowie Parku Zielonej Energii - 24GLIWICE - Portal Gliwice | codziennie nowe informacje\" \/>\n<meta property=\"og:description\" content=\"Prace przy budowie Parku Zielonej Energii w Gliwicach post\u0119puj\u0105. Najbardziej widocznym elementem jest farma solarna na dzia\u0142kach obok PEC\" \/>\n<meta property=\"og:url\" content=\"https:\/\/www.24gliwice.pl\/wiadomosci\/to-jedna-z-najwazniejszych-inwestycji-w-historii-postep-prac-przy-budowie-parku-zielonej-energii\/\" \/>\n<meta property=\"og:site_name\" content=\"24GLIWICE - Portal Gliwice | codziennie nowe informacje\" \/>\n<meta property=\"article:publisher\" content=\"https:\/\/www.facebook.com\/24gliwice\" \/>\n<meta property=\"article:published_time\" content=\"2026-03-12T08:09:11+00:00\" \/>\n<meta property=\"article:modified_time\" content=\"2026-03-13T03:02:59+00:00\" \/>\n<meta property=\"og:image\" content=\"https:\/\/www.24gliwice.pl\/wiadomosci\/wp-content\/uploads\/2026\/03\/park-zielonej-energii-5.jpg\" \/>\n\t<meta property=\"og:image:width\" content=\"810\" \/>\n\t<meta property=\"og:image:height\" content=\"456\" \/>\n\t<meta property=\"og:image:type\" content=\"image\/jpeg\" \/>\n<meta name=\"author\" content=\"\u017baneta Mrozek-Siewierska\" \/>\n<meta name=\"twitter:card\" content=\"summary_large_image\" \/>\n<meta name=\"twitter:creator\" content=\"@24gliwice\" \/>\n<meta name=\"twitter:site\" content=\"@24gliwice\" \/>\n<meta name=\"twitter:label1\" content=\"Napisane przez\" \/>\n\t<meta name=\"twitter:data1\" content=\"\u017baneta Mrozek-Siewierska\" \/>\n\t<meta name=\"twitter:label2\" content=\"Szacowany czas czytania\" \/>\n\t<meta name=\"twitter:data2\" content=\"6 minut\" \/>\n<script type=\"application\/ld+json\" class=\"yoast-schema-graph\">{\"@context\":\"https:\\\/\\\/schema.org\",\"@graph\":[{\"@type\":\"Article\",\"@id\":\"https:\\\/\\\/www.24gliwice.pl\\\/wiadomosci\\\/to-jedna-z-najwazniejszych-inwestycji-w-historii-postep-prac-przy-budowie-parku-zielonej-energii\\\/#article\",\"isPartOf\":{\"@id\":\"https:\\\/\\\/www.24gliwice.pl\\\/wiadomosci\\\/to-jedna-z-najwazniejszych-inwestycji-w-historii-postep-prac-przy-budowie-parku-zielonej-energii\\\/\"},\"author\":{\"name\":\"\u017baneta Mrozek-Siewierska\",\"@id\":\"https:\\\/\\\/www.24gliwice.pl\\\/wiadomosci\\\/#\\\/schema\\\/person\\\/e42c650edd7f2fa332be3811fb166b6e\"},\"headline\":\"To jedna z najwa\u017cniejszych takich inwestycji w historii. Post\u0119p prac przy budowie Parku Zielonej Energii\",\"datePublished\":\"2026-03-12T08:09:11+00:00\",\"dateModified\":\"2026-03-13T03:02:59+00:00\",\"mainEntityOfPage\":{\"@id\":\"https:\\\/\\\/www.24gliwice.pl\\\/wiadomosci\\\/to-jedna-z-najwazniejszych-inwestycji-w-historii-postep-prac-przy-budowie-parku-zielonej-energii\\\/\"},\"wordCount\":880,\"commentCount\":9,\"publisher\":{\"@id\":\"https:\\\/\\\/www.24gliwice.pl\\\/wiadomosci\\\/#organization\"},\"image\":{\"@id\":\"https:\\\/\\\/www.24gliwice.pl\\\/wiadomosci\\\/to-jedna-z-najwazniejszych-inwestycji-w-historii-postep-prac-przy-budowie-parku-zielonej-energii\\\/#primaryimage\"},\"thumbnailUrl\":\"https:\\\/\\\/www.24gliwice.pl\\\/wiadomosci\\\/wp-content\\\/uploads\\\/2026\\\/03\\\/park-zielonej-energii-5.jpg\",\"keywords\":[\"PARK ZIELONEJ ENERGII\",\"PEC Gliwice\"],\"articleSection\":[\"Gliwice\",\"Najnowsze wiadomo\u015bci\",\"Portal Gliwice - Wiadomo\u015bci lokalne\"],\"inLanguage\":\"pl-PL\",\"potentialAction\":[{\"@type\":\"CommentAction\",\"name\":\"Comment\",\"target\":[\"https:\\\/\\\/www.24gliwice.pl\\\/wiadomosci\\\/to-jedna-z-najwazniejszych-inwestycji-w-historii-postep-prac-przy-budowie-parku-zielonej-energii\\\/#respond\"]}]},{\"@type\":\"WebPage\",\"@id\":\"https:\\\/\\\/www.24gliwice.pl\\\/wiadomosci\\\/to-jedna-z-najwazniejszych-inwestycji-w-historii-postep-prac-przy-budowie-parku-zielonej-energii\\\/\",\"url\":\"https:\\\/\\\/www.24gliwice.pl\\\/wiadomosci\\\/to-jedna-z-najwazniejszych-inwestycji-w-historii-postep-prac-przy-budowie-parku-zielonej-energii\\\/\",\"name\":\"To jedna z najwa\u017cniejszych takich inwestycji w historii. Post\u0119p prac przy budowie Parku Zielonej Energii - 24GLIWICE - Portal Gliwice | codziennie nowe informacje\",\"isPartOf\":{\"@id\":\"https:\\\/\\\/www.24gliwice.pl\\\/wiadomosci\\\/#website\"},\"primaryImageOfPage\":{\"@id\":\"https:\\\/\\\/www.24gliwice.pl\\\/wiadomosci\\\/to-jedna-z-najwazniejszych-inwestycji-w-historii-postep-prac-przy-budowie-parku-zielonej-energii\\\/#primaryimage\"},\"image\":{\"@id\":\"https:\\\/\\\/www.24gliwice.pl\\\/wiadomosci\\\/to-jedna-z-najwazniejszych-inwestycji-w-historii-postep-prac-przy-budowie-parku-zielonej-energii\\\/#primaryimage\"},\"thumbnailUrl\":\"https:\\\/\\\/www.24gliwice.pl\\\/wiadomosci\\\/wp-content\\\/uploads\\\/2026\\\/03\\\/park-zielonej-energii-5.jpg\",\"datePublished\":\"2026-03-12T08:09:11+00:00\",\"dateModified\":\"2026-03-13T03:02:59+00:00\",\"description\":\"Prace przy budowie Parku Zielonej Energii w Gliwicach post\u0119puj\u0105. Najbardziej widocznym elementem jest farma solarna na dzia\u0142kach obok PEC\",\"breadcrumb\":{\"@id\":\"https:\\\/\\\/www.24gliwice.pl\\\/wiadomosci\\\/to-jedna-z-najwazniejszych-inwestycji-w-historii-postep-prac-przy-budowie-parku-zielonej-energii\\\/#breadcrumb\"},\"inLanguage\":\"pl-PL\",\"potentialAction\":[{\"@type\":\"ReadAction\",\"target\":[\"https:\\\/\\\/www.24gliwice.pl\\\/wiadomosci\\\/to-jedna-z-najwazniejszych-inwestycji-w-historii-postep-prac-przy-budowie-parku-zielonej-energii\\\/\"]}]},{\"@type\":\"ImageObject\",\"inLanguage\":\"pl-PL\",\"@id\":\"https:\\\/\\\/www.24gliwice.pl\\\/wiadomosci\\\/to-jedna-z-najwazniejszych-inwestycji-w-historii-postep-prac-przy-budowie-parku-zielonej-energii\\\/#primaryimage\",\"url\":\"https:\\\/\\\/www.24gliwice.pl\\\/wiadomosci\\\/wp-content\\\/uploads\\\/2026\\\/03\\\/park-zielonej-energii-5.jpg\",\"contentUrl\":\"https:\\\/\\\/www.24gliwice.pl\\\/wiadomosci\\\/wp-content\\\/uploads\\\/2026\\\/03\\\/park-zielonej-energii-5.jpg\",\"width\":810,\"height\":456},{\"@type\":\"BreadcrumbList\",\"@id\":\"https:\\\/\\\/www.24gliwice.pl\\\/wiadomosci\\\/to-jedna-z-najwazniejszych-inwestycji-w-historii-postep-prac-przy-budowie-parku-zielonej-energii\\\/#breadcrumb\",\"itemListElement\":[{\"@type\":\"ListItem\",\"position\":1,\"name\":\"Strona g\u0142\u00f3wna\",\"item\":\"https:\\\/\\\/www.24gliwice.pl\\\/wiadomosci\\\/\"},{\"@type\":\"ListItem\",\"position\":2,\"name\":\"To jedna z najwa\u017cniejszych takich inwestycji w historii. Post\u0119p prac przy budowie Parku Zielonej Energii\"}]},{\"@type\":\"WebSite\",\"@id\":\"https:\\\/\\\/www.24gliwice.pl\\\/wiadomosci\\\/#website\",\"url\":\"https:\\\/\\\/www.24gliwice.pl\\\/wiadomosci\\\/\",\"name\":\"24GLIWICE - Portal Gliwice | codziennie nowe wiadomo\u015bci\",\"description\":\"Portal Miejski Gliwice\",\"publisher\":{\"@id\":\"https:\\\/\\\/www.24gliwice.pl\\\/wiadomosci\\\/#organization\"},\"potentialAction\":[{\"@type\":\"SearchAction\",\"target\":{\"@type\":\"EntryPoint\",\"urlTemplate\":\"https:\\\/\\\/www.24gliwice.pl\\\/wiadomosci\\\/?s={search_term_string}\"},\"query-input\":{\"@type\":\"PropertyValueSpecification\",\"valueRequired\":true,\"valueName\":\"search_term_string\"}}],\"inLanguage\":\"pl-PL\"},{\"@type\":\"Organization\",\"@id\":\"https:\\\/\\\/www.24gliwice.pl\\\/wiadomosci\\\/#organization\",\"name\":\"24gliwice\",\"url\":\"https:\\\/\\\/www.24gliwice.pl\\\/wiadomosci\\\/\",\"logo\":{\"@type\":\"ImageObject\",\"inLanguage\":\"pl-PL\",\"@id\":\"https:\\\/\\\/www.24gliwice.pl\\\/wiadomosci\\\/#\\\/schema\\\/logo\\\/image\\\/\",\"url\":\"https:\\\/\\\/www.24gliwice.pl\\\/wiadomosci\\\/wp-content\\\/uploads\\\/2024\\\/10\\\/24gliwice-logo-696.jpg\",\"contentUrl\":\"https:\\\/\\\/www.24gliwice.pl\\\/wiadomosci\\\/wp-content\\\/uploads\\\/2024\\\/10\\\/24gliwice-logo-696.jpg\",\"width\":696,\"height\":696,\"caption\":\"24gliwice\"},\"image\":{\"@id\":\"https:\\\/\\\/www.24gliwice.pl\\\/wiadomosci\\\/#\\\/schema\\\/logo\\\/image\\\/\"},\"sameAs\":[\"https:\\\/\\\/www.facebook.com\\\/24gliwice\",\"https:\\\/\\\/x.com\\\/24gliwice\",\"https:\\\/\\\/www.youtube.com\\\/@24gliwice\"]},{\"@type\":\"Person\",\"@id\":\"https:\\\/\\\/www.24gliwice.pl\\\/wiadomosci\\\/#\\\/schema\\\/person\\\/e42c650edd7f2fa332be3811fb166b6e\",\"name\":\"\u017baneta Mrozek-Siewierska\",\"image\":{\"@type\":\"ImageObject\",\"inLanguage\":\"pl-PL\",\"@id\":\"https:\\\/\\\/secure.gravatar.com\\\/avatar\\\/1881429e9c64597c77ad7aef2d0a19be69a3253e57534d16aa15bf3a4d34a0a3?s=96&d=mm&r=g\",\"url\":\"https:\\\/\\\/secure.gravatar.com\\\/avatar\\\/1881429e9c64597c77ad7aef2d0a19be69a3253e57534d16aa15bf3a4d34a0a3?s=96&d=mm&r=g\",\"contentUrl\":\"https:\\\/\\\/secure.gravatar.com\\\/avatar\\\/1881429e9c64597c77ad7aef2d0a19be69a3253e57534d16aa15bf3a4d34a0a3?s=96&d=mm&r=g\",\"caption\":\"\u017baneta Mrozek-Siewierska\"},\"url\":\"https:\\\/\\\/www.24gliwice.pl\\\/wiadomosci\\\/author\\\/zms\\\/\"}]}<\/script>\n<!-- \/ Yoast SEO plugin. -->","yoast_head_json":{"title":"To jedna z najwa\u017cniejszych takich inwestycji w historii. Post\u0119p prac przy budowie Parku Zielonej Energii - 24GLIWICE - Portal Gliwice | codziennie nowe informacje","description":"Prace przy budowie Parku Zielonej Energii w Gliwicach post\u0119puj\u0105. Najbardziej widocznym elementem jest farma solarna na dzia\u0142kach obok PEC","robots":{"index":"index","follow":"follow","max-snippet":"max-snippet:-1","max-image-preview":"max-image-preview:large","max-video-preview":"max-video-preview:-1"},"canonical":"https:\/\/www.24gliwice.pl\/wiadomosci\/to-jedna-z-najwazniejszych-inwestycji-w-historii-postep-prac-przy-budowie-parku-zielonej-energii\/","og_locale":"pl_PL","og_type":"article","og_title":"To jedna z najwa\u017cniejszych takich inwestycji w historii. Post\u0119p prac przy budowie Parku Zielonej Energii - 24GLIWICE - Portal Gliwice | codziennie nowe informacje","og_description":"Prace przy budowie Parku Zielonej Energii w Gliwicach post\u0119puj\u0105. Najbardziej widocznym elementem jest farma solarna na dzia\u0142kach obok PEC","og_url":"https:\/\/www.24gliwice.pl\/wiadomosci\/to-jedna-z-najwazniejszych-inwestycji-w-historii-postep-prac-przy-budowie-parku-zielonej-energii\/","og_site_name":"24GLIWICE - Portal Gliwice | codziennie nowe informacje","article_publisher":"https:\/\/www.facebook.com\/24gliwice","article_published_time":"2026-03-12T08:09:11+00:00","article_modified_time":"2026-03-13T03:02:59+00:00","og_image":[{"width":810,"height":456,"url":"https:\/\/www.24gliwice.pl\/wiadomosci\/wp-content\/uploads\/2026\/03\/park-zielonej-energii-5.jpg","type":"image\/jpeg"}],"author":"\u017baneta Mrozek-Siewierska","twitter_card":"summary_large_image","twitter_creator":"@24gliwice","twitter_site":"@24gliwice","twitter_misc":{"Napisane przez":"\u017baneta Mrozek-Siewierska","Szacowany czas czytania":"6 minut"},"schema":{"@context":"https:\/\/schema.org","@graph":[{"@type":"Article","@id":"https:\/\/www.24gliwice.pl\/wiadomosci\/to-jedna-z-najwazniejszych-inwestycji-w-historii-postep-prac-przy-budowie-parku-zielonej-energii\/#article","isPartOf":{"@id":"https:\/\/www.24gliwice.pl\/wiadomosci\/to-jedna-z-najwazniejszych-inwestycji-w-historii-postep-prac-przy-budowie-parku-zielonej-energii\/"},"author":{"name":"\u017baneta Mrozek-Siewierska","@id":"https:\/\/www.24gliwice.pl\/wiadomosci\/#\/schema\/person\/e42c650edd7f2fa332be3811fb166b6e"},"headline":"To jedna z najwa\u017cniejszych takich inwestycji w historii. Post\u0119p prac przy budowie Parku Zielonej Energii","datePublished":"2026-03-12T08:09:11+00:00","dateModified":"2026-03-13T03:02:59+00:00","mainEntityOfPage":{"@id":"https:\/\/www.24gliwice.pl\/wiadomosci\/to-jedna-z-najwazniejszych-inwestycji-w-historii-postep-prac-przy-budowie-parku-zielonej-energii\/"},"wordCount":880,"commentCount":9,"publisher":{"@id":"https:\/\/www.24gliwice.pl\/wiadomosci\/#organization"},"image":{"@id":"https:\/\/www.24gliwice.pl\/wiadomosci\/to-jedna-z-najwazniejszych-inwestycji-w-historii-postep-prac-przy-budowie-parku-zielonej-energii\/#primaryimage"},"thumbnailUrl":"https:\/\/www.24gliwice.pl\/wiadomosci\/wp-content\/uploads\/2026\/03\/park-zielonej-energii-5.jpg","keywords":["PARK ZIELONEJ ENERGII","PEC Gliwice"],"articleSection":["Gliwice","Najnowsze wiadomo\u015bci","Portal Gliwice - Wiadomo\u015bci lokalne"],"inLanguage":"pl-PL","potentialAction":[{"@type":"CommentAction","name":"Comment","target":["https:\/\/www.24gliwice.pl\/wiadomosci\/to-jedna-z-najwazniejszych-inwestycji-w-historii-postep-prac-przy-budowie-parku-zielonej-energii\/#respond"]}]},{"@type":"WebPage","@id":"https:\/\/www.24gliwice.pl\/wiadomosci\/to-jedna-z-najwazniejszych-inwestycji-w-historii-postep-prac-przy-budowie-parku-zielonej-energii\/","url":"https:\/\/www.24gliwice.pl\/wiadomosci\/to-jedna-z-najwazniejszych-inwestycji-w-historii-postep-prac-przy-budowie-parku-zielonej-energii\/","name":"To jedna z najwa\u017cniejszych takich inwestycji w historii. Post\u0119p prac przy budowie Parku Zielonej Energii - 24GLIWICE - Portal Gliwice | codziennie nowe informacje","isPartOf":{"@id":"https:\/\/www.24gliwice.pl\/wiadomosci\/#website"},"primaryImageOfPage":{"@id":"https:\/\/www.24gliwice.pl\/wiadomosci\/to-jedna-z-najwazniejszych-inwestycji-w-historii-postep-prac-przy-budowie-parku-zielonej-energii\/#primaryimage"},"image":{"@id":"https:\/\/www.24gliwice.pl\/wiadomosci\/to-jedna-z-najwazniejszych-inwestycji-w-historii-postep-prac-przy-budowie-parku-zielonej-energii\/#primaryimage"},"thumbnailUrl":"https:\/\/www.24gliwice.pl\/wiadomosci\/wp-content\/uploads\/2026\/03\/park-zielonej-energii-5.jpg","datePublished":"2026-03-12T08:09:11+00:00","dateModified":"2026-03-13T03:02:59+00:00","description":"Prace przy budowie Parku Zielonej Energii w Gliwicach post\u0119puj\u0105. Najbardziej widocznym elementem jest farma solarna na dzia\u0142kach obok PEC","breadcrumb":{"@id":"https:\/\/www.24gliwice.pl\/wiadomosci\/to-jedna-z-najwazniejszych-inwestycji-w-historii-postep-prac-przy-budowie-parku-zielonej-energii\/#breadcrumb"},"inLanguage":"pl-PL","potentialAction":[{"@type":"ReadAction","target":["https:\/\/www.24gliwice.pl\/wiadomosci\/to-jedna-z-najwazniejszych-inwestycji-w-historii-postep-prac-przy-budowie-parku-zielonej-energii\/"]}]},{"@type":"ImageObject","inLanguage":"pl-PL","@id":"https:\/\/www.24gliwice.pl\/wiadomosci\/to-jedna-z-najwazniejszych-inwestycji-w-historii-postep-prac-przy-budowie-parku-zielonej-energii\/#primaryimage","url":"https:\/\/www.24gliwice.pl\/wiadomosci\/wp-content\/uploads\/2026\/03\/park-zielonej-energii-5.jpg","contentUrl":"https:\/\/www.24gliwice.pl\/wiadomosci\/wp-content\/uploads\/2026\/03\/park-zielonej-energii-5.jpg","width":810,"height":456},{"@type":"BreadcrumbList","@id":"https:\/\/www.24gliwice.pl\/wiadomosci\/to-jedna-z-najwazniejszych-inwestycji-w-historii-postep-prac-przy-budowie-parku-zielonej-energii\/#breadcrumb","itemListElement":[{"@type":"ListItem","position":1,"name":"Strona g\u0142\u00f3wna","item":"https:\/\/www.24gliwice.pl\/wiadomosci\/"},{"@type":"ListItem","position":2,"name":"To jedna z najwa\u017cniejszych takich inwestycji w historii. Post\u0119p prac przy budowie Parku Zielonej Energii"}]},{"@type":"WebSite","@id":"https:\/\/www.24gliwice.pl\/wiadomosci\/#website","url":"https:\/\/www.24gliwice.pl\/wiadomosci\/","name":"24GLIWICE - Portal Gliwice | codziennie nowe wiadomo\u015bci","description":"Portal Miejski Gliwice","publisher":{"@id":"https:\/\/www.24gliwice.pl\/wiadomosci\/#organization"},"potentialAction":[{"@type":"SearchAction","target":{"@type":"EntryPoint","urlTemplate":"https:\/\/www.24gliwice.pl\/wiadomosci\/?s={search_term_string}"},"query-input":{"@type":"PropertyValueSpecification","valueRequired":true,"valueName":"search_term_string"}}],"inLanguage":"pl-PL"},{"@type":"Organization","@id":"https:\/\/www.24gliwice.pl\/wiadomosci\/#organization","name":"24gliwice","url":"https:\/\/www.24gliwice.pl\/wiadomosci\/","logo":{"@type":"ImageObject","inLanguage":"pl-PL","@id":"https:\/\/www.24gliwice.pl\/wiadomosci\/#\/schema\/logo\/image\/","url":"https:\/\/www.24gliwice.pl\/wiadomosci\/wp-content\/uploads\/2024\/10\/24gliwice-logo-696.jpg","contentUrl":"https:\/\/www.24gliwice.pl\/wiadomosci\/wp-content\/uploads\/2024\/10\/24gliwice-logo-696.jpg","width":696,"height":696,"caption":"24gliwice"},"image":{"@id":"https:\/\/www.24gliwice.pl\/wiadomosci\/#\/schema\/logo\/image\/"},"sameAs":["https:\/\/www.facebook.com\/24gliwice","https:\/\/x.com\/24gliwice","https:\/\/www.youtube.com\/@24gliwice"]},{"@type":"Person","@id":"https:\/\/www.24gliwice.pl\/wiadomosci\/#\/schema\/person\/e42c650edd7f2fa332be3811fb166b6e","name":"\u017baneta Mrozek-Siewierska","image":{"@type":"ImageObject","inLanguage":"pl-PL","@id":"https:\/\/secure.gravatar.com\/avatar\/1881429e9c64597c77ad7aef2d0a19be69a3253e57534d16aa15bf3a4d34a0a3?s=96&d=mm&r=g","url":"https:\/\/secure.gravatar.com\/avatar\/1881429e9c64597c77ad7aef2d0a19be69a3253e57534d16aa15bf3a4d34a0a3?s=96&d=mm&r=g","contentUrl":"https:\/\/secure.gravatar.com\/avatar\/1881429e9c64597c77ad7aef2d0a19be69a3253e57534d16aa15bf3a4d34a0a3?s=96&d=mm&r=g","caption":"\u017baneta Mrozek-Siewierska"},"url":"https:\/\/www.24gliwice.pl\/wiadomosci\/author\/zms\/"}]}},"_links":{"self":[{"href":"https:\/\/www.24gliwice.pl\/wiadomosci\/wp-json\/wp\/v2\/posts\/267720","targetHints":{"allow":["GET"]}}],"collection":[{"href":"https:\/\/www.24gliwice.pl\/wiadomosci\/wp-json\/wp\/v2\/posts"}],"about":[{"href":"https:\/\/www.24gliwice.pl\/wiadomosci\/wp-json\/wp\/v2\/types\/post"}],"author":[{"embeddable":true,"href":"https:\/\/www.24gliwice.pl\/wiadomosci\/wp-json\/wp\/v2\/users\/15"}],"replies":[{"embeddable":true,"href":"https:\/\/www.24gliwice.pl\/wiadomosci\/wp-json\/wp\/v2\/comments?post=267720"}],"version-history":[{"count":0,"href":"https:\/\/www.24gliwice.pl\/wiadomosci\/wp-json\/wp\/v2\/posts\/267720\/revisions"}],"wp:featuredmedia":[{"embeddable":true,"href":"https:\/\/www.24gliwice.pl\/wiadomosci\/wp-json\/wp\/v2\/media\/267727"}],"wp:attachment":[{"href":"https:\/\/www.24gliwice.pl\/wiadomosci\/wp-json\/wp\/v2\/media?parent=267720"}],"wp:term":[{"taxonomy":"category","embeddable":true,"href":"https:\/\/www.24gliwice.pl\/wiadomosci\/wp-json\/wp\/v2\/categories?post=267720"},{"taxonomy":"post_tag","embeddable":true,"href":"https:\/\/www.24gliwice.pl\/wiadomosci\/wp-json\/wp\/v2\/tags?post=267720"}],"curies":[{"name":"wp","href":"https:\/\/api.w.org\/{rel}","templated":true}]}}