{"id":267763,"date":"2026-03-12T14:07:16","date_gmt":"2026-03-12T13:07:16","guid":{"rendered":"https:\/\/www.24gliwice.pl\/wiadomosci\/?p=267763"},"modified":"2026-03-12T14:07:16","modified_gmt":"2026-03-12T13:07:16","slug":"dewastacja-plenerowego-fortepianu-nagrano-wizerunki-sprawcow-centrum-kultury-victoria-ma-dla-nich-propozycje","status":"publish","type":"post","link":"https:\/\/www.24gliwice.pl\/wiadomosci\/dewastacja-plenerowego-fortepianu-nagrano-wizerunki-sprawcow-centrum-kultury-victoria-ma-dla-nich-propozycje\/","title":{"rendered":"Dewastacja plenerowego fortepianu. Nagrano wizerunki sprawc\u00f3w. Centrum Kultury Victoria ma dla nich propozycj\u0119"},"content":{"rendered":"<div class=\"gliwi-a6-nad-leadem-artykulow gliwi-entity-placement\" id=\"gliwi-1745249708\"><div class=\"gliwi-adlabel\"><span style=\"font-size: 9px\">REKLAMA<\/span><\/div><div id=\"gliwi-3050689388\" style=\"margin-bottom: 30px;margin-left: auto;margin-right: auto;text-align: center;\"><a data-no-instant=\"1\" href=\"https:\/\/przedszkole.halogen.org.pl\/\" rel=\"noopener\" class=\"a2t-link\" target=\"_blank\" aria-label=\"20260402-ANIMATOR-przedszkole_grafika_750x200\"><img loading=\"lazy\" decoding=\"async\" src=\"https:\/\/www.24gliwice.pl\/wiadomosci\/wp-content\/uploads\/2026\/04\/20260402-ANIMATOR-przedszkole_grafika_750x200.webp\" alt=\"\"  srcset=\"https:\/\/www.24gliwice.pl\/wiadomosci\/wp-content\/uploads\/2026\/04\/20260402-ANIMATOR-przedszkole_grafika_750x200.webp 750w, https:\/\/www.24gliwice.pl\/wiadomosci\/wp-content\/uploads\/2026\/04\/20260402-ANIMATOR-przedszkole_grafika_750x200-410x109.webp 410w\" sizes=\"(max-width: 750px) 100vw, 750px\" class=\"no-lazyload\" width=\"750\" height=\"200\"  style=\"display: inline-block; max-width: 100%; height: auto;\" \/><\/a><\/div><\/div><h2>Fortepian plenerowy, kt\u00f3ry od czasu ubieg\u0142orocznego Biennale na sta\u0142e zago\u015bci\u0142 w publicznej przestrzeni Gliwic, zosta\u0142 w \u015brod\u0119 zdewastowany przez wandali. Sprawcy nanie\u015bli na ca\u0142ej powierzchni instrumentu bazgro\u0142y. Miasto informuje, \u017ce winnych nagra\u0142y kamery.<\/h2>\n<p><!--more--><\/p>\n<p>Za tym aktem wandalizmu stoj\u0105 4 osoby. Do zniszczenia dosz\u0142o 11 marca po godzinie 21:00. Po tym, jak media spo\u0142eczno\u015bciowe obieg\u0142y zdj\u0119cia pobazgranego fortepianu, wpisy na ten temat zamie\u015bci\u0142o zar\u00f3wno Centrum Kultury Victoria, jak i sama prezydent Gliwic.<\/p>\n<blockquote><p><em>W nocy czterech wandali zniszczy\u0142o fortepian w Parku Chopina. Mamy ich wizerunki &#8211; spraw\u0119 przekazali\u015bmy policji<\/em><\/p><\/blockquote>\n<p>&#8211; poinformowa\u0142a <strong>Katarzyna Kuczy\u0144ska-Budka <\/strong> w serwisie facebook.com. <\/p><div class=\"gliwi-a3-w-tresci-artykulow gliwi-entity-placement\" id=\"gliwi-1395647903\"><div class=\"gliwi-adlabel\"><span style=\"font-size: 9px\">REKLAMA<\/span><\/div><div id=\"gliwi-808867703\" style=\"margin-bottom: 30px;margin-left: auto;margin-right: auto;text-align: center;\"><a data-no-instant=\"1\" href=\"https:\/\/zlobek.halogen.org.pl\/\" rel=\"noopener\" class=\"a2t-link\" target=\"_blank\" aria-label=\"animator-zlobek_750x200\"><img loading=\"lazy\" decoding=\"async\" src=\"https:\/\/www.24gliwice.pl\/wiadomosci\/wp-content\/uploads\/2026\/02\/animator-zlobek_750x200.webp\" alt=\"\"  srcset=\"https:\/\/www.24gliwice.pl\/wiadomosci\/wp-content\/uploads\/2026\/02\/animator-zlobek_750x200.webp 750w, https:\/\/www.24gliwice.pl\/wiadomosci\/wp-content\/uploads\/2026\/02\/animator-zlobek_750x200-410x109.webp 410w\" sizes=\"(max-width: 750px) 100vw, 750px\" class=\"no-lazyload\" width=\"750\" height=\"200\"  style=\"display: inline-block; max-width: 100%; height: auto;\" \/><\/a><\/div><\/div>\n<p>Centrum Kultury Victoria podesz\u0142o do sprawy nieco mniej powa\u017cnie. W zamieszczonym w czwartek wpisie zach\u0119ca sprawc\u00f3w do odpracowania swoich win w charakterze wolontariuszy podczas organizowanych wydarze\u0144. <\/p>\n<p><a href=\"https:\/\/www.24gliwice.pl\/wiadomosci\/wp-content\/uploads\/2026\/03\/fortepian-wandale4.jpg\"><img loading=\"lazy\" decoding=\"async\" src=\"https:\/\/www.24gliwice.pl\/wiadomosci\/wp-content\/uploads\/2026\/03\/fortepian-wandale4.jpg\" alt=\"\" width=\"810\" height=\"608\" class=\"alignnone size-full wp-image-267772\" srcset=\"https:\/\/www.24gliwice.pl\/wiadomosci\/wp-content\/uploads\/2026\/03\/fortepian-wandale4.jpg 810w, https:\/\/www.24gliwice.pl\/wiadomosci\/wp-content\/uploads\/2026\/03\/fortepian-wandale4-309x232.jpg 309w, https:\/\/www.24gliwice.pl\/wiadomosci\/wp-content\/uploads\/2026\/03\/fortepian-wandale4-606x455.jpg 606w, https:\/\/www.24gliwice.pl\/wiadomosci\/wp-content\/uploads\/2026\/03\/fortepian-wandale4-768x576.jpg 768w\" sizes=\"auto, (max-width: 810px) 100vw, 810px\" \/><\/a><\/p>\n<p>&#8211; <em>To, co wczoraj zrobili\u015bcie na plenerowym fortepianie w Parku Chopina, nie ma nic wsp\u00f3lnego ze sztuk\u0105. Ale spokojnie, wszystko wskazuje na to, \u017ce po prostu brakuje Wam lekcji kultury. A my akurat si\u0119 na tym znamy. Dlatego jako Centrum Kultury Victoria mamy dla Was propozycj\u0119. Zapraszamy czterech autor\u00f3w wczorajszego \u201edzie\u0142a\u201d na bezp\u0142atny udzia\u0142 we wszystkich wydarzeniach kulturalnych organizowanych w tym roku w Gliwicach. Koncerty, spektakle, spotkania, wystawy \u2013 drzwi s\u0105 otwarte. Jest tylko jeden warunek. W ramach tej przygody ze sztuk\u0105 b\u0119dziecie u nas dzia\u0142a\u0107 jako wolontariusze<\/em> &#8211; zach\u0119ca wspomniana instytucja kultury. <\/p>\n<h4>Sprawcy dewastacji podczas wydarze\u0144 mieliby pomaga\u0107 nosi\u0107 krzes\u0142a, przygotowywa\u0107 sale, sprz\u0105ta\u0107 po koncertach. Na pewno taki rodzaj zado\u015b\u0107uczynienia by\u0142by lepszym rozwi\u0105zaniem, ni\u017c potencjalna sprawa s\u0105dowa i zwi\u0105zane z ni\u0105 dalsze konsekwencje.<\/h4>\n<p>&#8211; <em>Mo\u017ce wtedy zobaczycie, jak naprawd\u0119 wygl\u0105da kultura i ile pracy stoi za tym, \u017ceby mog\u0142a istnie\u0107. A po tej lekcji by\u0107 mo\u017ce inaczej spojrzycie na plenerowy fortepian \u2013 jeden z symboli Biennale, festiwalu sztuki, prawdziwej sztuki<\/em> &#8211; dodaje CK Victoria, w dalszej cz\u0119\u015bci zaznaczaj\u0105c, \u017ce nagrania z wizerunkiem wandali trafi\u0142y ju\u017c do odpowiednich s\u0142u\u017cb. <\/p>\n<p><a href=\"https:\/\/www.24gliwice.pl\/wiadomosci\/wp-content\/uploads\/2026\/03\/fortepian-wandale2.jpg\"><img loading=\"lazy\" decoding=\"async\" src=\"https:\/\/www.24gliwice.pl\/wiadomosci\/wp-content\/uploads\/2026\/03\/fortepian-wandale2.jpg\" alt=\"\" width=\"810\" height=\"608\" class=\"alignnone size-full wp-image-267770\" srcset=\"https:\/\/www.24gliwice.pl\/wiadomosci\/wp-content\/uploads\/2026\/03\/fortepian-wandale2.jpg 810w, https:\/\/www.24gliwice.pl\/wiadomosci\/wp-content\/uploads\/2026\/03\/fortepian-wandale2-309x232.jpg 309w, https:\/\/www.24gliwice.pl\/wiadomosci\/wp-content\/uploads\/2026\/03\/fortepian-wandale2-606x455.jpg 606w, https:\/\/www.24gliwice.pl\/wiadomosci\/wp-content\/uploads\/2026\/03\/fortepian-wandale2-768x576.jpg 768w\" sizes=\"auto, (max-width: 810px) 100vw, 810px\" \/><\/a><\/p>\n<p>Faktycznie, zg\u0142oszenie dotycz\u0105ce uszkodzenia mienia wp\u0142yn\u0119\u0142o w czwartek, 12 marca, do III komisariatu policji. <\/p>\n<p>&#8211; Policjanci prowadz\u0105 post\u0119powanie w tej sprawie. Po zapoznaniu si\u0119 z materia\u0142ami i dokumentacj\u0105 fotograficzn\u0105 b\u0119d\u0105 ustalane kolejne czynno\u015bci, w tym mo\u017cliwo\u015b\u0107 zabezpieczenia monitoringu miejskiego &#8211; przekaza\u0142a w odpowiedzi na nasze zapytanie nadkomisarz <strong>Marzena Szwed<\/strong>, oficer prasowa KMP Gliwice. <\/p>\n<p><a href=\"https:\/\/www.24gliwice.pl\/wiadomosci\/wp-content\/uploads\/2026\/03\/fortepian-wandale.jpg\"><img loading=\"lazy\" decoding=\"async\" src=\"https:\/\/www.24gliwice.pl\/wiadomosci\/wp-content\/uploads\/2026\/03\/fortepian-wandale.jpg\" alt=\"\" width=\"810\" height=\"608\" class=\"alignnone size-full wp-image-267769\" srcset=\"https:\/\/www.24gliwice.pl\/wiadomosci\/wp-content\/uploads\/2026\/03\/fortepian-wandale.jpg 810w, https:\/\/www.24gliwice.pl\/wiadomosci\/wp-content\/uploads\/2026\/03\/fortepian-wandale-309x232.jpg 309w, https:\/\/www.24gliwice.pl\/wiadomosci\/wp-content\/uploads\/2026\/03\/fortepian-wandale-606x455.jpg 606w, https:\/\/www.24gliwice.pl\/wiadomosci\/wp-content\/uploads\/2026\/03\/fortepian-wandale-768x576.jpg 768w\" sizes=\"auto, (max-width: 810px) 100vw, 810px\" \/><\/a><\/p>\n<h4>Symbol Biennale<\/h4>\n<p>Plenerowy fortepian pojawi\u0142 si\u0119 na gliwickim Rynku przy okazji pierwszego gliwickiego Biennale, kt\u00f3ry zorganizowano w po\u0142owie 2025 roku. W okresie zimowym, m.in. z powodu organizacji w sercu star\u00f3wki Jarmarku Bo\u017conarodzeniowego, przeniesiono go do Parku Chopina (dok\u0142adniej stan\u0105\u0142 tam nowy instrument marki Aurora, kt\u00f3ry wyprodukowa\u0142a firma FULCO &#8211; wcze\u015bniej miasto wynajmowa\u0142o fortepian), gdzie ma zosta\u0107 do ko\u0144ca marca br. Od 1 kwietnia &#8211; jak wynika z odpowiedzi na zapytanie radnej <strong>Agnieszki Filipkowskiej<\/strong> &#8211; mia\u0142 powr\u00f3ci\u0107 na pierwotne miejsce. Niedawno jednak w mediach spo\u0142eczno\u015bciowych prezydent Gliwic zadawa\u0142a pytanie, czy powinien w okresie letnim stan\u0105\u0107 na skwerze Doncaster, czy te\u017c powr\u00f3ci\u0107 na Rynek. Zdania komentator\u00f3w by\u0142y podzielone. <\/p>\n<p><a href=\"https:\/\/www.24gliwice.pl\/wiadomosci\/wp-content\/uploads\/2025\/07\/konferencja-budka-rynek4.jpg\"><img loading=\"lazy\" decoding=\"async\" src=\"https:\/\/www.24gliwice.pl\/wiadomosci\/wp-content\/uploads\/2025\/07\/konferencja-budka-rynek4.jpg\" alt=\"\" width=\"1200\" height=\"676\" class=\"alignnone size-full wp-image-256515\" srcset=\"https:\/\/www.24gliwice.pl\/wiadomosci\/wp-content\/uploads\/2025\/07\/konferencja-budka-rynek4.jpg 1200w, https:\/\/www.24gliwice.pl\/wiadomosci\/wp-content\/uploads\/2025\/07\/konferencja-budka-rynek4-410x232.jpg 410w, https:\/\/www.24gliwice.pl\/wiadomosci\/wp-content\/uploads\/2025\/07\/konferencja-budka-rynek4-808x455.jpg 808w, https:\/\/www.24gliwice.pl\/wiadomosci\/wp-content\/uploads\/2025\/07\/konferencja-budka-rynek4-768x433.jpg 768w, https:\/\/www.24gliwice.pl\/wiadomosci\/wp-content\/uploads\/2025\/07\/konferencja-budka-rynek4-810x456.jpg 810w, https:\/\/www.24gliwice.pl\/wiadomosci\/wp-content\/uploads\/2025\/07\/konferencja-budka-rynek4-1140x642.jpg 1140w\" sizes=\"auto, (max-width: 1200px) 100vw, 1200px\" \/><\/a><\/p>\n<p>(\u017cms)<br \/>\nfot. 24gliwice.pl<\/p>\n<div class=\"gliwi-a5-na-koncu-artykulow gliwi-entity-placement\" id=\"gliwi-180944143\"><div class=\"gliwi-adlabel\"><span style=\"font-size: 9px\">REKLAMA<\/span><\/div><div id=\"gliwi-57131344\" style=\"margin-left: auto;margin-right: auto;text-align: center;\"><a data-no-instant=\"1\" href=\"https:\/\/www.jasek.pl\/\" rel=\"noopener\" class=\"a2t-link\" target=\"_blank\" aria-label=\"20200401-jasek 600\"><img loading=\"lazy\" decoding=\"async\" src=\"https:\/\/www.24gliwice.pl\/wiadomosci\/wp-content\/uploads\/2020\/04\/20200401-jasek-600.jpg\" alt=\"\"  srcset=\"https:\/\/www.24gliwice.pl\/wiadomosci\/wp-content\/uploads\/2020\/04\/20200401-jasek-600.jpg 600w, https:\/\/www.24gliwice.pl\/wiadomosci\/wp-content\/uploads\/2020\/04\/20200401-jasek-600-410x109.jpg 410w\" sizes=\"(max-width: 600px) 100vw, 600px\" class=\"no-lazyload\" width=\"600\" height=\"160\"  style=\"display: inline-block; max-width: 100%; height: auto;\" \/><\/a><\/div><\/div>","protected":false},"excerpt":{"rendered":"<p>Fortepian plenerowy, kt\u00f3ry od czasu ubieg\u0142orocznego Biennale na sta\u0142e zago\u015bci\u0142 w publicznej przestrzeni Gliwic, zosta\u0142 w \u015brod\u0119 zdewastowany przez wandali. Sprawcy nanie\u015bli na ca\u0142ej powierzchni instrumentu bazgro\u0142y. Miasto informuje, \u017ce winnych nagra\u0142y kamery.<\/p>\n","protected":false},"author":15,"featured_media":267771,"comment_status":"open","ping_status":"closed","sticky":false,"template":"","format":"standard","meta":{"_monsterinsights_skip_tracking":false,"_monsterinsights_sitenote_active":false,"_monsterinsights_sitenote_note":"","_monsterinsights_sitenote_category":0,"footnotes":"","_links_to":"","_links_to_target":""},"categories":[3,1,5],"tags":[6574,14931],"class_list":["post-267763","post","type-post","status-publish","format-standard","has-post-thumbnail","hentry","category-gliwice","category-wszystko","category-kryminalki","tag-dewastacja","tag-fortepian"],"yoast_head":"<!-- This site is optimized with the Yoast SEO plugin v27.5 - https:\/\/yoast.com\/product\/yoast-seo-wordpress\/ -->\n<title>Dewastacja plenerowego fortepianu. Nagrano wizerunki sprawc\u00f3w. Centrum Kultury Victoria ma dla nich propozycj\u0119 - 24GLIWICE - Portal Gliwice | codziennie nowe informacje<\/title>\n<meta name=\"description\" content=\"Fortepian plenerowy, kt\u00f3ry do ko\u0144ca marca ma sta\u0107 w Parku Chopina, zosta\u0142 w \u015brod\u0119 zdewastowany przez wandali. Spraw\u0119 zg\u0142oszono policji\" \/>\n<meta name=\"robots\" content=\"index, follow, max-snippet:-1, max-image-preview:large, max-video-preview:-1\" \/>\n<link rel=\"canonical\" href=\"https:\/\/www.24gliwice.pl\/wiadomosci\/dewastacja-plenerowego-fortepianu-nagrano-wizerunki-sprawcow-centrum-kultury-victoria-ma-dla-nich-propozycje\/\" \/>\n<meta property=\"og:locale\" content=\"pl_PL\" \/>\n<meta property=\"og:type\" content=\"article\" \/>\n<meta property=\"og:title\" content=\"Dewastacja plenerowego fortepianu. Nagrano wizerunki sprawc\u00f3w. Centrum Kultury Victoria ma dla nich propozycj\u0119 - 24GLIWICE - Portal Gliwice | codziennie nowe informacje\" \/>\n<meta property=\"og:description\" content=\"Fortepian plenerowy, kt\u00f3ry do ko\u0144ca marca ma sta\u0107 w Parku Chopina, zosta\u0142 w \u015brod\u0119 zdewastowany przez wandali. Spraw\u0119 zg\u0142oszono policji\" \/>\n<meta property=\"og:url\" content=\"https:\/\/www.24gliwice.pl\/wiadomosci\/dewastacja-plenerowego-fortepianu-nagrano-wizerunki-sprawcow-centrum-kultury-victoria-ma-dla-nich-propozycje\/\" \/>\n<meta property=\"og:site_name\" content=\"24GLIWICE - Portal Gliwice | codziennie nowe informacje\" \/>\n<meta property=\"article:publisher\" content=\"https:\/\/www.facebook.com\/24gliwice\" \/>\n<meta property=\"article:published_time\" content=\"2026-03-12T13:07:16+00:00\" \/>\n<meta property=\"og:image\" content=\"https:\/\/www.24gliwice.pl\/wiadomosci\/wp-content\/uploads\/2026\/03\/fortepian-wandale3.jpg\" \/>\n\t<meta property=\"og:image:width\" content=\"810\" \/>\n\t<meta property=\"og:image:height\" content=\"457\" \/>\n\t<meta property=\"og:image:type\" content=\"image\/jpeg\" \/>\n<meta name=\"author\" content=\"\u017baneta Mrozek-Siewierska\" \/>\n<meta name=\"twitter:card\" content=\"summary_large_image\" \/>\n<meta name=\"twitter:creator\" content=\"@24gliwice\" \/>\n<meta name=\"twitter:site\" content=\"@24gliwice\" \/>\n<meta name=\"twitter:label1\" content=\"Napisane przez\" \/>\n\t<meta name=\"twitter:data1\" content=\"\u017baneta Mrozek-Siewierska\" \/>\n\t<meta name=\"twitter:label2\" content=\"Szacowany czas czytania\" \/>\n\t<meta name=\"twitter:data2\" content=\"4 minuty\" \/>\n<script type=\"application\/ld+json\" class=\"yoast-schema-graph\">{\"@context\":\"https:\\\/\\\/schema.org\",\"@graph\":[{\"@type\":\"Article\",\"@id\":\"https:\\\/\\\/www.24gliwice.pl\\\/wiadomosci\\\/dewastacja-plenerowego-fortepianu-nagrano-wizerunki-sprawcow-centrum-kultury-victoria-ma-dla-nich-propozycje\\\/#article\",\"isPartOf\":{\"@id\":\"https:\\\/\\\/www.24gliwice.pl\\\/wiadomosci\\\/dewastacja-plenerowego-fortepianu-nagrano-wizerunki-sprawcow-centrum-kultury-victoria-ma-dla-nich-propozycje\\\/\"},\"author\":{\"name\":\"\u017baneta Mrozek-Siewierska\",\"@id\":\"https:\\\/\\\/www.24gliwice.pl\\\/wiadomosci\\\/#\\\/schema\\\/person\\\/e42c650edd7f2fa332be3811fb166b6e\"},\"headline\":\"Dewastacja plenerowego fortepianu. Nagrano wizerunki sprawc\u00f3w. Centrum Kultury Victoria ma dla nich propozycj\u0119\",\"datePublished\":\"2026-03-12T13:07:16+00:00\",\"mainEntityOfPage\":{\"@id\":\"https:\\\/\\\/www.24gliwice.pl\\\/wiadomosci\\\/dewastacja-plenerowego-fortepianu-nagrano-wizerunki-sprawcow-centrum-kultury-victoria-ma-dla-nich-propozycje\\\/\"},\"wordCount\":545,\"commentCount\":44,\"publisher\":{\"@id\":\"https:\\\/\\\/www.24gliwice.pl\\\/wiadomosci\\\/#organization\"},\"image\":{\"@id\":\"https:\\\/\\\/www.24gliwice.pl\\\/wiadomosci\\\/dewastacja-plenerowego-fortepianu-nagrano-wizerunki-sprawcow-centrum-kultury-victoria-ma-dla-nich-propozycje\\\/#primaryimage\"},\"thumbnailUrl\":\"https:\\\/\\\/www.24gliwice.pl\\\/wiadomosci\\\/wp-content\\\/uploads\\\/2026\\\/03\\\/fortepian-wandale3.jpg\",\"keywords\":[\"DEWASTACJA\",\"fortepian\"],\"articleSection\":[\"Gliwice\",\"Najnowsze wiadomo\u015bci\",\"Prawo\"],\"inLanguage\":\"pl-PL\",\"potentialAction\":[{\"@type\":\"CommentAction\",\"name\":\"Comment\",\"target\":[\"https:\\\/\\\/www.24gliwice.pl\\\/wiadomosci\\\/dewastacja-plenerowego-fortepianu-nagrano-wizerunki-sprawcow-centrum-kultury-victoria-ma-dla-nich-propozycje\\\/#respond\"]}]},{\"@type\":\"WebPage\",\"@id\":\"https:\\\/\\\/www.24gliwice.pl\\\/wiadomosci\\\/dewastacja-plenerowego-fortepianu-nagrano-wizerunki-sprawcow-centrum-kultury-victoria-ma-dla-nich-propozycje\\\/\",\"url\":\"https:\\\/\\\/www.24gliwice.pl\\\/wiadomosci\\\/dewastacja-plenerowego-fortepianu-nagrano-wizerunki-sprawcow-centrum-kultury-victoria-ma-dla-nich-propozycje\\\/\",\"name\":\"Dewastacja plenerowego fortepianu. Nagrano wizerunki sprawc\u00f3w. Centrum Kultury Victoria ma dla nich propozycj\u0119 - 24GLIWICE - Portal Gliwice | codziennie nowe informacje\",\"isPartOf\":{\"@id\":\"https:\\\/\\\/www.24gliwice.pl\\\/wiadomosci\\\/#website\"},\"primaryImageOfPage\":{\"@id\":\"https:\\\/\\\/www.24gliwice.pl\\\/wiadomosci\\\/dewastacja-plenerowego-fortepianu-nagrano-wizerunki-sprawcow-centrum-kultury-victoria-ma-dla-nich-propozycje\\\/#primaryimage\"},\"image\":{\"@id\":\"https:\\\/\\\/www.24gliwice.pl\\\/wiadomosci\\\/dewastacja-plenerowego-fortepianu-nagrano-wizerunki-sprawcow-centrum-kultury-victoria-ma-dla-nich-propozycje\\\/#primaryimage\"},\"thumbnailUrl\":\"https:\\\/\\\/www.24gliwice.pl\\\/wiadomosci\\\/wp-content\\\/uploads\\\/2026\\\/03\\\/fortepian-wandale3.jpg\",\"datePublished\":\"2026-03-12T13:07:16+00:00\",\"description\":\"Fortepian plenerowy, kt\u00f3ry do ko\u0144ca marca ma sta\u0107 w Parku Chopina, zosta\u0142 w \u015brod\u0119 zdewastowany przez wandali. Spraw\u0119 zg\u0142oszono policji\",\"breadcrumb\":{\"@id\":\"https:\\\/\\\/www.24gliwice.pl\\\/wiadomosci\\\/dewastacja-plenerowego-fortepianu-nagrano-wizerunki-sprawcow-centrum-kultury-victoria-ma-dla-nich-propozycje\\\/#breadcrumb\"},\"inLanguage\":\"pl-PL\",\"potentialAction\":[{\"@type\":\"ReadAction\",\"target\":[\"https:\\\/\\\/www.24gliwice.pl\\\/wiadomosci\\\/dewastacja-plenerowego-fortepianu-nagrano-wizerunki-sprawcow-centrum-kultury-victoria-ma-dla-nich-propozycje\\\/\"]}]},{\"@type\":\"ImageObject\",\"inLanguage\":\"pl-PL\",\"@id\":\"https:\\\/\\\/www.24gliwice.pl\\\/wiadomosci\\\/dewastacja-plenerowego-fortepianu-nagrano-wizerunki-sprawcow-centrum-kultury-victoria-ma-dla-nich-propozycje\\\/#primaryimage\",\"url\":\"https:\\\/\\\/www.24gliwice.pl\\\/wiadomosci\\\/wp-content\\\/uploads\\\/2026\\\/03\\\/fortepian-wandale3.jpg\",\"contentUrl\":\"https:\\\/\\\/www.24gliwice.pl\\\/wiadomosci\\\/wp-content\\\/uploads\\\/2026\\\/03\\\/fortepian-wandale3.jpg\",\"width\":810,\"height\":457},{\"@type\":\"BreadcrumbList\",\"@id\":\"https:\\\/\\\/www.24gliwice.pl\\\/wiadomosci\\\/dewastacja-plenerowego-fortepianu-nagrano-wizerunki-sprawcow-centrum-kultury-victoria-ma-dla-nich-propozycje\\\/#breadcrumb\",\"itemListElement\":[{\"@type\":\"ListItem\",\"position\":1,\"name\":\"Strona g\u0142\u00f3wna\",\"item\":\"https:\\\/\\\/www.24gliwice.pl\\\/wiadomosci\\\/\"},{\"@type\":\"ListItem\",\"position\":2,\"name\":\"Dewastacja plenerowego fortepianu. Nagrano wizerunki sprawc\u00f3w. Centrum Kultury Victoria ma dla nich propozycj\u0119\"}]},{\"@type\":\"WebSite\",\"@id\":\"https:\\\/\\\/www.24gliwice.pl\\\/wiadomosci\\\/#website\",\"url\":\"https:\\\/\\\/www.24gliwice.pl\\\/wiadomosci\\\/\",\"name\":\"24GLIWICE - Portal Gliwice | codziennie nowe wiadomo\u015bci\",\"description\":\"Portal Miejski Gliwice\",\"publisher\":{\"@id\":\"https:\\\/\\\/www.24gliwice.pl\\\/wiadomosci\\\/#organization\"},\"potentialAction\":[{\"@type\":\"SearchAction\",\"target\":{\"@type\":\"EntryPoint\",\"urlTemplate\":\"https:\\\/\\\/www.24gliwice.pl\\\/wiadomosci\\\/?s={search_term_string}\"},\"query-input\":{\"@type\":\"PropertyValueSpecification\",\"valueRequired\":true,\"valueName\":\"search_term_string\"}}],\"inLanguage\":\"pl-PL\"},{\"@type\":\"Organization\",\"@id\":\"https:\\\/\\\/www.24gliwice.pl\\\/wiadomosci\\\/#organization\",\"name\":\"24gliwice\",\"url\":\"https:\\\/\\\/www.24gliwice.pl\\\/wiadomosci\\\/\",\"logo\":{\"@type\":\"ImageObject\",\"inLanguage\":\"pl-PL\",\"@id\":\"https:\\\/\\\/www.24gliwice.pl\\\/wiadomosci\\\/#\\\/schema\\\/logo\\\/image\\\/\",\"url\":\"https:\\\/\\\/www.24gliwice.pl\\\/wiadomosci\\\/wp-content\\\/uploads\\\/2024\\\/10\\\/24gliwice-logo-696.jpg\",\"contentUrl\":\"https:\\\/\\\/www.24gliwice.pl\\\/wiadomosci\\\/wp-content\\\/uploads\\\/2024\\\/10\\\/24gliwice-logo-696.jpg\",\"width\":696,\"height\":696,\"caption\":\"24gliwice\"},\"image\":{\"@id\":\"https:\\\/\\\/www.24gliwice.pl\\\/wiadomosci\\\/#\\\/schema\\\/logo\\\/image\\\/\"},\"sameAs\":[\"https:\\\/\\\/www.facebook.com\\\/24gliwice\",\"https:\\\/\\\/x.com\\\/24gliwice\",\"https:\\\/\\\/www.youtube.com\\\/@24gliwice\"]},{\"@type\":\"Person\",\"@id\":\"https:\\\/\\\/www.24gliwice.pl\\\/wiadomosci\\\/#\\\/schema\\\/person\\\/e42c650edd7f2fa332be3811fb166b6e\",\"name\":\"\u017baneta Mrozek-Siewierska\",\"image\":{\"@type\":\"ImageObject\",\"inLanguage\":\"pl-PL\",\"@id\":\"https:\\\/\\\/secure.gravatar.com\\\/avatar\\\/1881429e9c64597c77ad7aef2d0a19be69a3253e57534d16aa15bf3a4d34a0a3?s=96&d=mm&r=g\",\"url\":\"https:\\\/\\\/secure.gravatar.com\\\/avatar\\\/1881429e9c64597c77ad7aef2d0a19be69a3253e57534d16aa15bf3a4d34a0a3?s=96&d=mm&r=g\",\"contentUrl\":\"https:\\\/\\\/secure.gravatar.com\\\/avatar\\\/1881429e9c64597c77ad7aef2d0a19be69a3253e57534d16aa15bf3a4d34a0a3?s=96&d=mm&r=g\",\"caption\":\"\u017baneta Mrozek-Siewierska\"},\"url\":\"https:\\\/\\\/www.24gliwice.pl\\\/wiadomosci\\\/author\\\/zms\\\/\"}]}<\/script>\n<!-- \/ Yoast SEO plugin. -->","yoast_head_json":{"title":"Dewastacja plenerowego fortepianu. Nagrano wizerunki sprawc\u00f3w. Centrum Kultury Victoria ma dla nich propozycj\u0119 - 24GLIWICE - Portal Gliwice | codziennie nowe informacje","description":"Fortepian plenerowy, kt\u00f3ry do ko\u0144ca marca ma sta\u0107 w Parku Chopina, zosta\u0142 w \u015brod\u0119 zdewastowany przez wandali. Spraw\u0119 zg\u0142oszono policji","robots":{"index":"index","follow":"follow","max-snippet":"max-snippet:-1","max-image-preview":"max-image-preview:large","max-video-preview":"max-video-preview:-1"},"canonical":"https:\/\/www.24gliwice.pl\/wiadomosci\/dewastacja-plenerowego-fortepianu-nagrano-wizerunki-sprawcow-centrum-kultury-victoria-ma-dla-nich-propozycje\/","og_locale":"pl_PL","og_type":"article","og_title":"Dewastacja plenerowego fortepianu. Nagrano wizerunki sprawc\u00f3w. Centrum Kultury Victoria ma dla nich propozycj\u0119 - 24GLIWICE - Portal Gliwice | codziennie nowe informacje","og_description":"Fortepian plenerowy, kt\u00f3ry do ko\u0144ca marca ma sta\u0107 w Parku Chopina, zosta\u0142 w \u015brod\u0119 zdewastowany przez wandali. Spraw\u0119 zg\u0142oszono policji","og_url":"https:\/\/www.24gliwice.pl\/wiadomosci\/dewastacja-plenerowego-fortepianu-nagrano-wizerunki-sprawcow-centrum-kultury-victoria-ma-dla-nich-propozycje\/","og_site_name":"24GLIWICE - Portal Gliwice | codziennie nowe informacje","article_publisher":"https:\/\/www.facebook.com\/24gliwice","article_published_time":"2026-03-12T13:07:16+00:00","og_image":[{"width":810,"height":457,"url":"https:\/\/www.24gliwice.pl\/wiadomosci\/wp-content\/uploads\/2026\/03\/fortepian-wandale3.jpg","type":"image\/jpeg"}],"author":"\u017baneta Mrozek-Siewierska","twitter_card":"summary_large_image","twitter_creator":"@24gliwice","twitter_site":"@24gliwice","twitter_misc":{"Napisane przez":"\u017baneta Mrozek-Siewierska","Szacowany czas czytania":"4 minuty"},"schema":{"@context":"https:\/\/schema.org","@graph":[{"@type":"Article","@id":"https:\/\/www.24gliwice.pl\/wiadomosci\/dewastacja-plenerowego-fortepianu-nagrano-wizerunki-sprawcow-centrum-kultury-victoria-ma-dla-nich-propozycje\/#article","isPartOf":{"@id":"https:\/\/www.24gliwice.pl\/wiadomosci\/dewastacja-plenerowego-fortepianu-nagrano-wizerunki-sprawcow-centrum-kultury-victoria-ma-dla-nich-propozycje\/"},"author":{"name":"\u017baneta Mrozek-Siewierska","@id":"https:\/\/www.24gliwice.pl\/wiadomosci\/#\/schema\/person\/e42c650edd7f2fa332be3811fb166b6e"},"headline":"Dewastacja plenerowego fortepianu. Nagrano wizerunki sprawc\u00f3w. Centrum Kultury Victoria ma dla nich propozycj\u0119","datePublished":"2026-03-12T13:07:16+00:00","mainEntityOfPage":{"@id":"https:\/\/www.24gliwice.pl\/wiadomosci\/dewastacja-plenerowego-fortepianu-nagrano-wizerunki-sprawcow-centrum-kultury-victoria-ma-dla-nich-propozycje\/"},"wordCount":545,"commentCount":44,"publisher":{"@id":"https:\/\/www.24gliwice.pl\/wiadomosci\/#organization"},"image":{"@id":"https:\/\/www.24gliwice.pl\/wiadomosci\/dewastacja-plenerowego-fortepianu-nagrano-wizerunki-sprawcow-centrum-kultury-victoria-ma-dla-nich-propozycje\/#primaryimage"},"thumbnailUrl":"https:\/\/www.24gliwice.pl\/wiadomosci\/wp-content\/uploads\/2026\/03\/fortepian-wandale3.jpg","keywords":["DEWASTACJA","fortepian"],"articleSection":["Gliwice","Najnowsze wiadomo\u015bci","Prawo"],"inLanguage":"pl-PL","potentialAction":[{"@type":"CommentAction","name":"Comment","target":["https:\/\/www.24gliwice.pl\/wiadomosci\/dewastacja-plenerowego-fortepianu-nagrano-wizerunki-sprawcow-centrum-kultury-victoria-ma-dla-nich-propozycje\/#respond"]}]},{"@type":"WebPage","@id":"https:\/\/www.24gliwice.pl\/wiadomosci\/dewastacja-plenerowego-fortepianu-nagrano-wizerunki-sprawcow-centrum-kultury-victoria-ma-dla-nich-propozycje\/","url":"https:\/\/www.24gliwice.pl\/wiadomosci\/dewastacja-plenerowego-fortepianu-nagrano-wizerunki-sprawcow-centrum-kultury-victoria-ma-dla-nich-propozycje\/","name":"Dewastacja plenerowego fortepianu. Nagrano wizerunki sprawc\u00f3w. Centrum Kultury Victoria ma dla nich propozycj\u0119 - 24GLIWICE - Portal Gliwice | codziennie nowe informacje","isPartOf":{"@id":"https:\/\/www.24gliwice.pl\/wiadomosci\/#website"},"primaryImageOfPage":{"@id":"https:\/\/www.24gliwice.pl\/wiadomosci\/dewastacja-plenerowego-fortepianu-nagrano-wizerunki-sprawcow-centrum-kultury-victoria-ma-dla-nich-propozycje\/#primaryimage"},"image":{"@id":"https:\/\/www.24gliwice.pl\/wiadomosci\/dewastacja-plenerowego-fortepianu-nagrano-wizerunki-sprawcow-centrum-kultury-victoria-ma-dla-nich-propozycje\/#primaryimage"},"thumbnailUrl":"https:\/\/www.24gliwice.pl\/wiadomosci\/wp-content\/uploads\/2026\/03\/fortepian-wandale3.jpg","datePublished":"2026-03-12T13:07:16+00:00","description":"Fortepian plenerowy, kt\u00f3ry do ko\u0144ca marca ma sta\u0107 w Parku Chopina, zosta\u0142 w \u015brod\u0119 zdewastowany przez wandali. Spraw\u0119 zg\u0142oszono policji","breadcrumb":{"@id":"https:\/\/www.24gliwice.pl\/wiadomosci\/dewastacja-plenerowego-fortepianu-nagrano-wizerunki-sprawcow-centrum-kultury-victoria-ma-dla-nich-propozycje\/#breadcrumb"},"inLanguage":"pl-PL","potentialAction":[{"@type":"ReadAction","target":["https:\/\/www.24gliwice.pl\/wiadomosci\/dewastacja-plenerowego-fortepianu-nagrano-wizerunki-sprawcow-centrum-kultury-victoria-ma-dla-nich-propozycje\/"]}]},{"@type":"ImageObject","inLanguage":"pl-PL","@id":"https:\/\/www.24gliwice.pl\/wiadomosci\/dewastacja-plenerowego-fortepianu-nagrano-wizerunki-sprawcow-centrum-kultury-victoria-ma-dla-nich-propozycje\/#primaryimage","url":"https:\/\/www.24gliwice.pl\/wiadomosci\/wp-content\/uploads\/2026\/03\/fortepian-wandale3.jpg","contentUrl":"https:\/\/www.24gliwice.pl\/wiadomosci\/wp-content\/uploads\/2026\/03\/fortepian-wandale3.jpg","width":810,"height":457},{"@type":"BreadcrumbList","@id":"https:\/\/www.24gliwice.pl\/wiadomosci\/dewastacja-plenerowego-fortepianu-nagrano-wizerunki-sprawcow-centrum-kultury-victoria-ma-dla-nich-propozycje\/#breadcrumb","itemListElement":[{"@type":"ListItem","position":1,"name":"Strona g\u0142\u00f3wna","item":"https:\/\/www.24gliwice.pl\/wiadomosci\/"},{"@type":"ListItem","position":2,"name":"Dewastacja plenerowego fortepianu. Nagrano wizerunki sprawc\u00f3w. Centrum Kultury Victoria ma dla nich propozycj\u0119"}]},{"@type":"WebSite","@id":"https:\/\/www.24gliwice.pl\/wiadomosci\/#website","url":"https:\/\/www.24gliwice.pl\/wiadomosci\/","name":"24GLIWICE - Portal Gliwice | codziennie nowe wiadomo\u015bci","description":"Portal Miejski Gliwice","publisher":{"@id":"https:\/\/www.24gliwice.pl\/wiadomosci\/#organization"},"potentialAction":[{"@type":"SearchAction","target":{"@type":"EntryPoint","urlTemplate":"https:\/\/www.24gliwice.pl\/wiadomosci\/?s={search_term_string}"},"query-input":{"@type":"PropertyValueSpecification","valueRequired":true,"valueName":"search_term_string"}}],"inLanguage":"pl-PL"},{"@type":"Organization","@id":"https:\/\/www.24gliwice.pl\/wiadomosci\/#organization","name":"24gliwice","url":"https:\/\/www.24gliwice.pl\/wiadomosci\/","logo":{"@type":"ImageObject","inLanguage":"pl-PL","@id":"https:\/\/www.24gliwice.pl\/wiadomosci\/#\/schema\/logo\/image\/","url":"https:\/\/www.24gliwice.pl\/wiadomosci\/wp-content\/uploads\/2024\/10\/24gliwice-logo-696.jpg","contentUrl":"https:\/\/www.24gliwice.pl\/wiadomosci\/wp-content\/uploads\/2024\/10\/24gliwice-logo-696.jpg","width":696,"height":696,"caption":"24gliwice"},"image":{"@id":"https:\/\/www.24gliwice.pl\/wiadomosci\/#\/schema\/logo\/image\/"},"sameAs":["https:\/\/www.facebook.com\/24gliwice","https:\/\/x.com\/24gliwice","https:\/\/www.youtube.com\/@24gliwice"]},{"@type":"Person","@id":"https:\/\/www.24gliwice.pl\/wiadomosci\/#\/schema\/person\/e42c650edd7f2fa332be3811fb166b6e","name":"\u017baneta Mrozek-Siewierska","image":{"@type":"ImageObject","inLanguage":"pl-PL","@id":"https:\/\/secure.gravatar.com\/avatar\/1881429e9c64597c77ad7aef2d0a19be69a3253e57534d16aa15bf3a4d34a0a3?s=96&d=mm&r=g","url":"https:\/\/secure.gravatar.com\/avatar\/1881429e9c64597c77ad7aef2d0a19be69a3253e57534d16aa15bf3a4d34a0a3?s=96&d=mm&r=g","contentUrl":"https:\/\/secure.gravatar.com\/avatar\/1881429e9c64597c77ad7aef2d0a19be69a3253e57534d16aa15bf3a4d34a0a3?s=96&d=mm&r=g","caption":"\u017baneta Mrozek-Siewierska"},"url":"https:\/\/www.24gliwice.pl\/wiadomosci\/author\/zms\/"}]}},"_links":{"self":[{"href":"https:\/\/www.24gliwice.pl\/wiadomosci\/wp-json\/wp\/v2\/posts\/267763","targetHints":{"allow":["GET"]}}],"collection":[{"href":"https:\/\/www.24gliwice.pl\/wiadomosci\/wp-json\/wp\/v2\/posts"}],"about":[{"href":"https:\/\/www.24gliwice.pl\/wiadomosci\/wp-json\/wp\/v2\/types\/post"}],"author":[{"embeddable":true,"href":"https:\/\/www.24gliwice.pl\/wiadomosci\/wp-json\/wp\/v2\/users\/15"}],"replies":[{"embeddable":true,"href":"https:\/\/www.24gliwice.pl\/wiadomosci\/wp-json\/wp\/v2\/comments?post=267763"}],"version-history":[{"count":0,"href":"https:\/\/www.24gliwice.pl\/wiadomosci\/wp-json\/wp\/v2\/posts\/267763\/revisions"}],"wp:featuredmedia":[{"embeddable":true,"href":"https:\/\/www.24gliwice.pl\/wiadomosci\/wp-json\/wp\/v2\/media\/267771"}],"wp:attachment":[{"href":"https:\/\/www.24gliwice.pl\/wiadomosci\/wp-json\/wp\/v2\/media?parent=267763"}],"wp:term":[{"taxonomy":"category","embeddable":true,"href":"https:\/\/www.24gliwice.pl\/wiadomosci\/wp-json\/wp\/v2\/categories?post=267763"},{"taxonomy":"post_tag","embeddable":true,"href":"https:\/\/www.24gliwice.pl\/wiadomosci\/wp-json\/wp\/v2\/tags?post=267763"}],"curies":[{"name":"wp","href":"https:\/\/api.w.org\/{rel}","templated":true}]}}