{"id":267787,"date":"2026-03-12T17:24:31","date_gmt":"2026-03-12T16:24:31","guid":{"rendered":"https:\/\/www.24gliwice.pl\/wiadomosci\/?p=267787"},"modified":"2026-03-12T17:24:50","modified_gmt":"2026-03-12T16:24:50","slug":"dla-dzieci-w-jakim-wieku-lozko-na-antresoli-bedzie-bezpieczne","status":"publish","type":"post","link":"https:\/\/www.24gliwice.pl\/wiadomosci\/dla-dzieci-w-jakim-wieku-lozko-na-antresoli-bedzie-bezpieczne\/","title":{"rendered":"Dla dzieci w jakim wieku \u0142\u00f3\u017cko na antresoli b\u0119dzie bezpieczne?"},"content":{"rendered":"<h4>\u0141\u00f3\u017cka na antresoli s\u0105 bezpieczne przede wszystkim dla dzieci w wieku szkolnym, zwykle od oko\u0142o 6. roku \u017cycia, pod warunkiem \u017ce maj\u0105 stabiln\u0105 konstrukcj\u0119, wysokie barierki i s\u0105 dopasowane do mo\u017cliwo\u015bci dziecka.<\/h4>\n<p><!--more--><\/p>\n<hr>\n<p>\u0141\u00f3\u017cko na antresoli kusi oszcz\u0119dno\u015bci\u0105 miejsca, ciekawym designem i funkcjonalno\u015bci\u0105. W praktyce jednak najwa\u017cniejsze pytanie nie brzmi, czy wygl\u0105da dobrze, ale czy b\u0119dzie bezpieczne dla konkretnego u\u017cytkownika. Wiek ma tu znaczenie, ale nie jest jedynym kryterium. Liczy si\u0119 te\u017c rozw\u00f3j ruchowy dziecka, jego ostro\u017cno\u015b\u0107, wysoko\u015b\u0107 konstrukcji oraz jako\u015b\u0107 wykonania mebla.<\/p>\n<h2>Od jakiego wieku \u0142\u00f3\u017cko na antresoli ma sens?<\/h2>\n<p>W wi\u0119kszo\u015bci przypadk\u00f3w <strong><a href=\"https:\/\/www.meble4home.pl\/antresole-lozko-na-antresoli-z-biurkiem-cat-188\">dzieci\u0119ce \u0142\u00f3\u017cka na antresoli<\/a><\/strong> rekomenduje si\u0119\u00a0od 6. roku \u017cycia. To moment, w kt\u00f3rym dziecko zwykle lepiej kontroluje ruchy, potrafi bezpiecznie wej\u015b\u0107 po drabince i rozumie zasady korzystania z mebla. Wcze\u015bniej ryzyko upadku, zw\u0142aszcza w nocy, jest po prostu wi\u0119ksze.<\/p>\n<p>Nie oznacza to jednak, \u017ce ka\u017cde sze\u015bciolatka b\u0119dzie gotowe na taki model. Je\u015bli dziecko \u015bpi niespokojnie, cz\u0119sto schodzi w nocy z \u0142\u00f3\u017cka albo ma problem z koordynacj\u0105, lepiej poczeka\u0107. Bezpiecze\u0144stwo zawsze powinno wyprzedza\u0107 wzgl\u0119dy estetyczne czy oszcz\u0119dno\u015b\u0107 miejsca.<\/p>\n<h2>Co decyduje o bezpiecze\u0144stwie poza wiekiem?<\/h2>\n<p>Sama metryka to za ma\u0142o. Bezpieczne <strong>\u0142\u00f3\u017cka na antresoli<\/strong> powinny spe\u0142nia\u0107 kilka praktycznych warunk\u00f3w.<\/p>\n<p>1. Wysokie i solidne barierki<\/p>\n<p>Barierka musi realnie chroni\u0107, a nie by\u0107 tylko dodatkiem wizualnym. Powinna zabezpiecza\u0107 dziecko podczas snu i zmiany pozycji.<\/p>\n<p>2. Stabilna drabinka lub schodki<\/p>\n<p>Wej\u015bcie powinno by\u0107 wygodne, antypo\u015blizgowe i dobrze zamocowane. Dla m\u0142odszych dzieci schodki bywaj\u0105 bezpieczniejsze ni\u017c pionowa drabinka.<\/p>\n<p>3. Odpowiednia wysoko\u015b\u0107 materaca<\/p>\n<p>Zbyt wysoki materac mo\u017ce obni\u017cy\u0107 skuteczno\u015b\u0107 barierek. To cz\u0119sty, a niedoceniany b\u0142\u0105d przy wyborze.<\/p>\n<p>4. Jako\u015b\u0107 wykonania<\/p>\n<p>Licz\u0105 si\u0119 mocne \u0142\u0105czenia, odporne materia\u0142y i brak ostrych kraw\u0119dzi. Dobrze zaprojektowane \u0142\u00f3\u017cko nie chwieje si\u0119 przy codziennym u\u017cytkowaniu.<\/p>\n<h2>Kiedy lepiej zrezygnowa\u0107 z antresoli?<\/h2>\n<p>S\u0105 sytuacje, w kt\u00f3rych warto wybra\u0107 ni\u017csze \u0142\u00f3\u017cko. Dotyczy to zw\u0142aszcza dzieci:<\/p>\n<ul>\n<li>\n<p>poni\u017cej 6. roku \u017cycia,<\/p>\n<\/li>\n<li>\n<p>bardzo ruchliwych podczas snu,<\/p>\n<\/li>\n<li>\n<p>kt\u00f3re boj\u0105 si\u0119 wysoko\u015bci,<\/p>\n<\/li>\n<li>\n<p>maj\u0105cych trudno\u015b\u0107 z bezpiecznym wchodzeniem i schodzeniem.<br \/>\u00a0<\/p>\n<\/li>\n<\/ul>\n<p>W takich przypadkach lepiej postawi\u0107 na model, kt\u00f3ry daje podobn\u0105 funkcjonalno\u015b\u0107, ale ogranicza ryzyko.\u00a0<\/p>\n<h2>Bezpiecze\u0144stwo zaczyna si\u0119 od dopasowania<\/h2>\n<p>Dobrze dobrane <strong>\u0142\u00f3\u017cka na antresoli<\/strong> mog\u0105 by\u0107 praktyczne, wygodne i bezpieczne, ale tylko wtedy, gdy s\u0105 dopasowane do wieku oraz realnych mo\u017cliwo\u015bci dziecka. Tutaj nie warto i\u015b\u0107 na skr\u00f3ty. Im lepiej ocenisz konstrukcj\u0119, zabezpieczenia i codzienne potrzeby u\u017cytkownika, tym pewniejsza b\u0119dzie decyzja zakupowa. A w\u0142a\u015bnie taka decyzja daje rodzicom najwi\u0119cej spokoju.<\/p>\n<h2>FAQ &#8211; najcz\u0119\u015bciej zadawane pytania na temat \u0142\u00f3\u017cka na antresoli<\/h2>\n<p>Czy \u0142\u00f3\u017cko na antresoli jest bezpieczne dla 4-latka?<\/p>\n<p>Najcz\u0119\u015bciej nie. Dzieci w tym wieku zwykle nie maj\u0105 jeszcze wystarczaj\u0105cej kontroli ruchowej i \u015bwiadomo\u015bci ryzyka, by bezpiecznie korzysta\u0107 z wysokiego \u0142\u00f3\u017cka.<\/p>\n<p>Od jakiego wieku producenci polecaj\u0105 <strong>\u0142\u00f3\u017cka na antresoli<\/strong>?<\/p>\n<p>Najcz\u0119\u015bciej od 6 lat. To granica orientacyjna, kt\u00f3r\u0105 zawsze trzeba zestawi\u0107 z rozwojem dziecka i parametrami konkretnego modelu.<\/p>\n<p>Co jest bezpieczniejsze: drabinka czy schodki?<\/p>\n<p>Dla m\u0142odszych dzieci zazwyczaj schodki, bo daj\u0105 stabilniejsze podparcie. Drabinka sprawdza si\u0119 tam, gdzie u\u017cytkownik dobrze radzi sobie z koordynacj\u0105 ruchow\u0105.<\/p>\n<h2>\u0141\u00f3\u017cka na antresoli\u00a0&#8211; Internetowy sklep meblowy Meble4Home<\/h2>\n<p>Adres:<br \/>Komor\u00f3w 28a, 56-500\u00a0Syc\u00f3w<\/p>\n<p>Telefon:<br \/>+48 785 405 405<\/p>\n<p>Strona WWW:<br \/>https:\/\/www.meble4home.pl\/<\/p>\n<div id=\"gliwi-2049071431\"><div class=\"gliwi-adlabel\"><span style=\"font-size: 9px\">REKLAMA<\/span><\/div><small>materia\u0142 partnera | <a href=\"https:\/\/www.24gliwice.pl\/wiadomosci\/material-partnera-warunki\/\" target=\"_blank\" rel=\"noopener\">informacja<\/a><\/small><\/div>\n","protected":false},"excerpt":{"rendered":"<p>\u0141\u00f3\u017cka na antresoli s\u0105 bezpieczne przede wszystkim dla dzieci w wieku szkolnym, zwykle od oko\u0142o 6. roku \u017cycia, pod warunkiem \u017ce maj\u0105 stabiln\u0105 konstrukcj\u0119, wysokie barierki i s\u0105 dopasowane do mo\u017cliwo\u015bci dziecka.<\/p>\n","protected":false},"author":4,"featured_media":267788,"comment_status":"closed","ping_status":"closed","sticky":false,"template":"","format":"standard","meta":{"_monsterinsights_skip_tracking":false,"_monsterinsights_sitenote_active":false,"_monsterinsights_sitenote_note":"","_monsterinsights_sitenote_category":0,"footnotes":"","_links_to":"","_links_to_target":""},"categories":[22470],"tags":[],"class_list":["post-267787","post","type-post","status-publish","format-standard","has-post-thumbnail","hentry","category-material_p"],"yoast_head":"<!-- This site is optimized with the Yoast SEO plugin v27.5 - https:\/\/yoast.com\/product\/yoast-seo-wordpress\/ -->\n<title>Dla dzieci w jakim wieku \u0142\u00f3\u017cko na antresoli b\u0119dzie bezpieczne? - 24GLIWICE - Portal Gliwice | codziennie nowe informacje<\/title>\n<meta name=\"robots\" content=\"index, follow, max-snippet:-1, max-image-preview:large, max-video-preview:-1\" \/>\n<link rel=\"canonical\" href=\"https:\/\/www.24gliwice.pl\/wiadomosci\/dla-dzieci-w-jakim-wieku-lozko-na-antresoli-bedzie-bezpieczne\/\" \/>\n<meta property=\"og:locale\" content=\"pl_PL\" \/>\n<meta property=\"og:type\" content=\"article\" \/>\n<meta property=\"og:title\" content=\"Dla dzieci w jakim wieku \u0142\u00f3\u017cko na antresoli b\u0119dzie bezpieczne? - 24GLIWICE - Portal Gliwice | codziennie nowe informacje\" \/>\n<meta property=\"og:description\" content=\"\u0141\u00f3\u017cka na antresoli s\u0105 bezpieczne przede wszystkim dla dzieci w wieku szkolnym, zwykle od oko\u0142o 6. roku \u017cycia, pod warunkiem \u017ce maj\u0105 stabiln\u0105 konstrukcj\u0119, wysokie barierki i s\u0105 dopasowane do mo\u017cliwo\u015bci dziecka.\" \/>\n<meta property=\"og:url\" content=\"https:\/\/www.24gliwice.pl\/wiadomosci\/dla-dzieci-w-jakim-wieku-lozko-na-antresoli-bedzie-bezpieczne\/\" \/>\n<meta property=\"og:site_name\" content=\"24GLIWICE - Portal Gliwice | codziennie nowe informacje\" \/>\n<meta property=\"article:publisher\" content=\"https:\/\/www.facebook.com\/24gliwice\" \/>\n<meta property=\"article:author\" content=\"https:\/\/www.facebook.com\/marcin.fabrykowski\" \/>\n<meta property=\"article:published_time\" content=\"2026-03-12T16:24:31+00:00\" \/>\n<meta property=\"article:modified_time\" content=\"2026-03-12T16:24:50+00:00\" \/>\n<meta property=\"og:image\" content=\"https:\/\/www.24gliwice.pl\/wiadomosci\/wp-content\/uploads\/2026\/03\/Lozka-na-antresoli-Internetowy-sklep-meblowy-Meble4Home.jpg\" \/>\n\t<meta property=\"og:image:width\" content=\"810\" \/>\n\t<meta property=\"og:image:height\" content=\"423\" \/>\n\t<meta property=\"og:image:type\" content=\"image\/jpeg\" \/>\n<meta name=\"author\" content=\"Marcin Fabrykowski\" \/>\n<meta name=\"twitter:card\" content=\"summary_large_image\" \/>\n<meta name=\"twitter:creator\" content=\"@24gliwice\" \/>\n<meta name=\"twitter:site\" content=\"@24gliwice\" \/>\n<meta name=\"twitter:label1\" content=\"Napisane przez\" \/>\n\t<meta name=\"twitter:data1\" content=\"Marcin Fabrykowski\" \/>\n\t<meta name=\"twitter:label2\" content=\"Szacowany czas czytania\" \/>\n\t<meta name=\"twitter:data2\" content=\"1 minuta\" \/>\n<script type=\"application\/ld+json\" class=\"yoast-schema-graph\">{\"@context\":\"https:\\\/\\\/schema.org\",\"@graph\":[{\"@type\":\"Article\",\"@id\":\"https:\\\/\\\/www.24gliwice.pl\\\/wiadomosci\\\/dla-dzieci-w-jakim-wieku-lozko-na-antresoli-bedzie-bezpieczne\\\/#article\",\"isPartOf\":{\"@id\":\"https:\\\/\\\/www.24gliwice.pl\\\/wiadomosci\\\/dla-dzieci-w-jakim-wieku-lozko-na-antresoli-bedzie-bezpieczne\\\/\"},\"author\":{\"name\":\"Marcin Fabrykowski\",\"@id\":\"https:\\\/\\\/www.24gliwice.pl\\\/wiadomosci\\\/#\\\/schema\\\/person\\\/cb5857e4a4d048c15984c1edcc8ef0c0\"},\"headline\":\"Dla dzieci w jakim wieku \u0142\u00f3\u017cko na antresoli b\u0119dzie bezpieczne?\",\"datePublished\":\"2026-03-12T16:24:31+00:00\",\"dateModified\":\"2026-03-12T16:24:50+00:00\",\"mainEntityOfPage\":{\"@id\":\"https:\\\/\\\/www.24gliwice.pl\\\/wiadomosci\\\/dla-dzieci-w-jakim-wieku-lozko-na-antresoli-bedzie-bezpieczne\\\/\"},\"wordCount\":572,\"publisher\":{\"@id\":\"https:\\\/\\\/www.24gliwice.pl\\\/wiadomosci\\\/#organization\"},\"image\":{\"@id\":\"https:\\\/\\\/www.24gliwice.pl\\\/wiadomosci\\\/dla-dzieci-w-jakim-wieku-lozko-na-antresoli-bedzie-bezpieczne\\\/#primaryimage\"},\"thumbnailUrl\":\"https:\\\/\\\/www.24gliwice.pl\\\/wiadomosci\\\/wp-content\\\/uploads\\\/2026\\\/03\\\/Lozka-na-antresoli-Internetowy-sklep-meblowy-Meble4Home.jpg\",\"articleSection\":[\"materia\u0142 partnera\"],\"inLanguage\":\"pl-PL\"},{\"@type\":\"WebPage\",\"@id\":\"https:\\\/\\\/www.24gliwice.pl\\\/wiadomosci\\\/dla-dzieci-w-jakim-wieku-lozko-na-antresoli-bedzie-bezpieczne\\\/\",\"url\":\"https:\\\/\\\/www.24gliwice.pl\\\/wiadomosci\\\/dla-dzieci-w-jakim-wieku-lozko-na-antresoli-bedzie-bezpieczne\\\/\",\"name\":\"Dla dzieci w jakim wieku \u0142\u00f3\u017cko na antresoli b\u0119dzie bezpieczne? - 24GLIWICE - Portal Gliwice | codziennie nowe informacje\",\"isPartOf\":{\"@id\":\"https:\\\/\\\/www.24gliwice.pl\\\/wiadomosci\\\/#website\"},\"primaryImageOfPage\":{\"@id\":\"https:\\\/\\\/www.24gliwice.pl\\\/wiadomosci\\\/dla-dzieci-w-jakim-wieku-lozko-na-antresoli-bedzie-bezpieczne\\\/#primaryimage\"},\"image\":{\"@id\":\"https:\\\/\\\/www.24gliwice.pl\\\/wiadomosci\\\/dla-dzieci-w-jakim-wieku-lozko-na-antresoli-bedzie-bezpieczne\\\/#primaryimage\"},\"thumbnailUrl\":\"https:\\\/\\\/www.24gliwice.pl\\\/wiadomosci\\\/wp-content\\\/uploads\\\/2026\\\/03\\\/Lozka-na-antresoli-Internetowy-sklep-meblowy-Meble4Home.jpg\",\"datePublished\":\"2026-03-12T16:24:31+00:00\",\"dateModified\":\"2026-03-12T16:24:50+00:00\",\"breadcrumb\":{\"@id\":\"https:\\\/\\\/www.24gliwice.pl\\\/wiadomosci\\\/dla-dzieci-w-jakim-wieku-lozko-na-antresoli-bedzie-bezpieczne\\\/#breadcrumb\"},\"inLanguage\":\"pl-PL\",\"potentialAction\":[{\"@type\":\"ReadAction\",\"target\":[\"https:\\\/\\\/www.24gliwice.pl\\\/wiadomosci\\\/dla-dzieci-w-jakim-wieku-lozko-na-antresoli-bedzie-bezpieczne\\\/\"]}]},{\"@type\":\"ImageObject\",\"inLanguage\":\"pl-PL\",\"@id\":\"https:\\\/\\\/www.24gliwice.pl\\\/wiadomosci\\\/dla-dzieci-w-jakim-wieku-lozko-na-antresoli-bedzie-bezpieczne\\\/#primaryimage\",\"url\":\"https:\\\/\\\/www.24gliwice.pl\\\/wiadomosci\\\/wp-content\\\/uploads\\\/2026\\\/03\\\/Lozka-na-antresoli-Internetowy-sklep-meblowy-Meble4Home.jpg\",\"contentUrl\":\"https:\\\/\\\/www.24gliwice.pl\\\/wiadomosci\\\/wp-content\\\/uploads\\\/2026\\\/03\\\/Lozka-na-antresoli-Internetowy-sklep-meblowy-Meble4Home.jpg\",\"width\":810,\"height\":423,\"caption\":\"\u0141\u00f3\u017cka na antresoli - Internetowy sklep meblowy Meble4Home\"},{\"@type\":\"BreadcrumbList\",\"@id\":\"https:\\\/\\\/www.24gliwice.pl\\\/wiadomosci\\\/dla-dzieci-w-jakim-wieku-lozko-na-antresoli-bedzie-bezpieczne\\\/#breadcrumb\",\"itemListElement\":[{\"@type\":\"ListItem\",\"position\":1,\"name\":\"Strona g\u0142\u00f3wna\",\"item\":\"https:\\\/\\\/www.24gliwice.pl\\\/wiadomosci\\\/\"},{\"@type\":\"ListItem\",\"position\":2,\"name\":\"Dla dzieci w jakim wieku \u0142\u00f3\u017cko na antresoli b\u0119dzie bezpieczne?\"}]},{\"@type\":\"WebSite\",\"@id\":\"https:\\\/\\\/www.24gliwice.pl\\\/wiadomosci\\\/#website\",\"url\":\"https:\\\/\\\/www.24gliwice.pl\\\/wiadomosci\\\/\",\"name\":\"24GLIWICE - Portal Gliwice | codziennie nowe wiadomo\u015bci\",\"description\":\"Portal Miejski Gliwice\",\"publisher\":{\"@id\":\"https:\\\/\\\/www.24gliwice.pl\\\/wiadomosci\\\/#organization\"},\"potentialAction\":[{\"@type\":\"SearchAction\",\"target\":{\"@type\":\"EntryPoint\",\"urlTemplate\":\"https:\\\/\\\/www.24gliwice.pl\\\/wiadomosci\\\/?s={search_term_string}\"},\"query-input\":{\"@type\":\"PropertyValueSpecification\",\"valueRequired\":true,\"valueName\":\"search_term_string\"}}],\"inLanguage\":\"pl-PL\"},{\"@type\":\"Organization\",\"@id\":\"https:\\\/\\\/www.24gliwice.pl\\\/wiadomosci\\\/#organization\",\"name\":\"24gliwice\",\"url\":\"https:\\\/\\\/www.24gliwice.pl\\\/wiadomosci\\\/\",\"logo\":{\"@type\":\"ImageObject\",\"inLanguage\":\"pl-PL\",\"@id\":\"https:\\\/\\\/www.24gliwice.pl\\\/wiadomosci\\\/#\\\/schema\\\/logo\\\/image\\\/\",\"url\":\"https:\\\/\\\/www.24gliwice.pl\\\/wiadomosci\\\/wp-content\\\/uploads\\\/2024\\\/10\\\/24gliwice-logo-696.jpg\",\"contentUrl\":\"https:\\\/\\\/www.24gliwice.pl\\\/wiadomosci\\\/wp-content\\\/uploads\\\/2024\\\/10\\\/24gliwice-logo-696.jpg\",\"width\":696,\"height\":696,\"caption\":\"24gliwice\"},\"image\":{\"@id\":\"https:\\\/\\\/www.24gliwice.pl\\\/wiadomosci\\\/#\\\/schema\\\/logo\\\/image\\\/\"},\"sameAs\":[\"https:\\\/\\\/www.facebook.com\\\/24gliwice\",\"https:\\\/\\\/x.com\\\/24gliwice\",\"https:\\\/\\\/www.youtube.com\\\/@24gliwice\"]},{\"@type\":\"Person\",\"@id\":\"https:\\\/\\\/www.24gliwice.pl\\\/wiadomosci\\\/#\\\/schema\\\/person\\\/cb5857e4a4d048c15984c1edcc8ef0c0\",\"name\":\"Marcin Fabrykowski\",\"image\":{\"@type\":\"ImageObject\",\"inLanguage\":\"pl-PL\",\"@id\":\"https:\\\/\\\/www.24gliwice.pl\\\/wiadomosci\\\/wp-content\\\/uploads\\\/2025\\\/11\\\/zdjecie-moje-marcin-300-96x96.jpg\",\"url\":\"https:\\\/\\\/www.24gliwice.pl\\\/wiadomosci\\\/wp-content\\\/uploads\\\/2025\\\/11\\\/zdjecie-moje-marcin-300-96x96.jpg\",\"contentUrl\":\"https:\\\/\\\/www.24gliwice.pl\\\/wiadomosci\\\/wp-content\\\/uploads\\\/2025\\\/11\\\/zdjecie-moje-marcin-300-96x96.jpg\",\"caption\":\"Marcin Fabrykowski\"},\"sameAs\":[\"http:\\\/\\\/24gliwice.pl\",\"https:\\\/\\\/www.facebook.com\\\/marcin.fabrykowski\"],\"url\":\"https:\\\/\\\/www.24gliwice.pl\\\/wiadomosci\\\/author\\\/marcin-fabrykowski\\\/\"}]}<\/script>\n<!-- \/ Yoast SEO plugin. -->","yoast_head_json":{"title":"Dla dzieci w jakim wieku \u0142\u00f3\u017cko na antresoli b\u0119dzie bezpieczne? - 24GLIWICE - Portal Gliwice | codziennie nowe informacje","robots":{"index":"index","follow":"follow","max-snippet":"max-snippet:-1","max-image-preview":"max-image-preview:large","max-video-preview":"max-video-preview:-1"},"canonical":"https:\/\/www.24gliwice.pl\/wiadomosci\/dla-dzieci-w-jakim-wieku-lozko-na-antresoli-bedzie-bezpieczne\/","og_locale":"pl_PL","og_type":"article","og_title":"Dla dzieci w jakim wieku \u0142\u00f3\u017cko na antresoli b\u0119dzie bezpieczne? - 24GLIWICE - Portal Gliwice | codziennie nowe informacje","og_description":"\u0141\u00f3\u017cka na antresoli s\u0105 bezpieczne przede wszystkim dla dzieci w wieku szkolnym, zwykle od oko\u0142o 6. roku \u017cycia, pod warunkiem \u017ce maj\u0105 stabiln\u0105 konstrukcj\u0119, wysokie barierki i s\u0105 dopasowane do mo\u017cliwo\u015bci dziecka.","og_url":"https:\/\/www.24gliwice.pl\/wiadomosci\/dla-dzieci-w-jakim-wieku-lozko-na-antresoli-bedzie-bezpieczne\/","og_site_name":"24GLIWICE - Portal Gliwice | codziennie nowe informacje","article_publisher":"https:\/\/www.facebook.com\/24gliwice","article_author":"https:\/\/www.facebook.com\/marcin.fabrykowski","article_published_time":"2026-03-12T16:24:31+00:00","article_modified_time":"2026-03-12T16:24:50+00:00","og_image":[{"width":810,"height":423,"url":"https:\/\/www.24gliwice.pl\/wiadomosci\/wp-content\/uploads\/2026\/03\/Lozka-na-antresoli-Internetowy-sklep-meblowy-Meble4Home.jpg","type":"image\/jpeg"}],"author":"Marcin Fabrykowski","twitter_card":"summary_large_image","twitter_creator":"@24gliwice","twitter_site":"@24gliwice","twitter_misc":{"Napisane przez":"Marcin Fabrykowski","Szacowany czas czytania":"1 minuta"},"schema":{"@context":"https:\/\/schema.org","@graph":[{"@type":"Article","@id":"https:\/\/www.24gliwice.pl\/wiadomosci\/dla-dzieci-w-jakim-wieku-lozko-na-antresoli-bedzie-bezpieczne\/#article","isPartOf":{"@id":"https:\/\/www.24gliwice.pl\/wiadomosci\/dla-dzieci-w-jakim-wieku-lozko-na-antresoli-bedzie-bezpieczne\/"},"author":{"name":"Marcin Fabrykowski","@id":"https:\/\/www.24gliwice.pl\/wiadomosci\/#\/schema\/person\/cb5857e4a4d048c15984c1edcc8ef0c0"},"headline":"Dla dzieci w jakim wieku \u0142\u00f3\u017cko na antresoli b\u0119dzie bezpieczne?","datePublished":"2026-03-12T16:24:31+00:00","dateModified":"2026-03-12T16:24:50+00:00","mainEntityOfPage":{"@id":"https:\/\/www.24gliwice.pl\/wiadomosci\/dla-dzieci-w-jakim-wieku-lozko-na-antresoli-bedzie-bezpieczne\/"},"wordCount":572,"publisher":{"@id":"https:\/\/www.24gliwice.pl\/wiadomosci\/#organization"},"image":{"@id":"https:\/\/www.24gliwice.pl\/wiadomosci\/dla-dzieci-w-jakim-wieku-lozko-na-antresoli-bedzie-bezpieczne\/#primaryimage"},"thumbnailUrl":"https:\/\/www.24gliwice.pl\/wiadomosci\/wp-content\/uploads\/2026\/03\/Lozka-na-antresoli-Internetowy-sklep-meblowy-Meble4Home.jpg","articleSection":["materia\u0142 partnera"],"inLanguage":"pl-PL"},{"@type":"WebPage","@id":"https:\/\/www.24gliwice.pl\/wiadomosci\/dla-dzieci-w-jakim-wieku-lozko-na-antresoli-bedzie-bezpieczne\/","url":"https:\/\/www.24gliwice.pl\/wiadomosci\/dla-dzieci-w-jakim-wieku-lozko-na-antresoli-bedzie-bezpieczne\/","name":"Dla dzieci w jakim wieku \u0142\u00f3\u017cko na antresoli b\u0119dzie bezpieczne? - 24GLIWICE - Portal Gliwice | codziennie nowe informacje","isPartOf":{"@id":"https:\/\/www.24gliwice.pl\/wiadomosci\/#website"},"primaryImageOfPage":{"@id":"https:\/\/www.24gliwice.pl\/wiadomosci\/dla-dzieci-w-jakim-wieku-lozko-na-antresoli-bedzie-bezpieczne\/#primaryimage"},"image":{"@id":"https:\/\/www.24gliwice.pl\/wiadomosci\/dla-dzieci-w-jakim-wieku-lozko-na-antresoli-bedzie-bezpieczne\/#primaryimage"},"thumbnailUrl":"https:\/\/www.24gliwice.pl\/wiadomosci\/wp-content\/uploads\/2026\/03\/Lozka-na-antresoli-Internetowy-sklep-meblowy-Meble4Home.jpg","datePublished":"2026-03-12T16:24:31+00:00","dateModified":"2026-03-12T16:24:50+00:00","breadcrumb":{"@id":"https:\/\/www.24gliwice.pl\/wiadomosci\/dla-dzieci-w-jakim-wieku-lozko-na-antresoli-bedzie-bezpieczne\/#breadcrumb"},"inLanguage":"pl-PL","potentialAction":[{"@type":"ReadAction","target":["https:\/\/www.24gliwice.pl\/wiadomosci\/dla-dzieci-w-jakim-wieku-lozko-na-antresoli-bedzie-bezpieczne\/"]}]},{"@type":"ImageObject","inLanguage":"pl-PL","@id":"https:\/\/www.24gliwice.pl\/wiadomosci\/dla-dzieci-w-jakim-wieku-lozko-na-antresoli-bedzie-bezpieczne\/#primaryimage","url":"https:\/\/www.24gliwice.pl\/wiadomosci\/wp-content\/uploads\/2026\/03\/Lozka-na-antresoli-Internetowy-sklep-meblowy-Meble4Home.jpg","contentUrl":"https:\/\/www.24gliwice.pl\/wiadomosci\/wp-content\/uploads\/2026\/03\/Lozka-na-antresoli-Internetowy-sklep-meblowy-Meble4Home.jpg","width":810,"height":423,"caption":"\u0141\u00f3\u017cka na antresoli - Internetowy sklep meblowy Meble4Home"},{"@type":"BreadcrumbList","@id":"https:\/\/www.24gliwice.pl\/wiadomosci\/dla-dzieci-w-jakim-wieku-lozko-na-antresoli-bedzie-bezpieczne\/#breadcrumb","itemListElement":[{"@type":"ListItem","position":1,"name":"Strona g\u0142\u00f3wna","item":"https:\/\/www.24gliwice.pl\/wiadomosci\/"},{"@type":"ListItem","position":2,"name":"Dla dzieci w jakim wieku \u0142\u00f3\u017cko na antresoli b\u0119dzie bezpieczne?"}]},{"@type":"WebSite","@id":"https:\/\/www.24gliwice.pl\/wiadomosci\/#website","url":"https:\/\/www.24gliwice.pl\/wiadomosci\/","name":"24GLIWICE - Portal Gliwice | codziennie nowe wiadomo\u015bci","description":"Portal Miejski Gliwice","publisher":{"@id":"https:\/\/www.24gliwice.pl\/wiadomosci\/#organization"},"potentialAction":[{"@type":"SearchAction","target":{"@type":"EntryPoint","urlTemplate":"https:\/\/www.24gliwice.pl\/wiadomosci\/?s={search_term_string}"},"query-input":{"@type":"PropertyValueSpecification","valueRequired":true,"valueName":"search_term_string"}}],"inLanguage":"pl-PL"},{"@type":"Organization","@id":"https:\/\/www.24gliwice.pl\/wiadomosci\/#organization","name":"24gliwice","url":"https:\/\/www.24gliwice.pl\/wiadomosci\/","logo":{"@type":"ImageObject","inLanguage":"pl-PL","@id":"https:\/\/www.24gliwice.pl\/wiadomosci\/#\/schema\/logo\/image\/","url":"https:\/\/www.24gliwice.pl\/wiadomosci\/wp-content\/uploads\/2024\/10\/24gliwice-logo-696.jpg","contentUrl":"https:\/\/www.24gliwice.pl\/wiadomosci\/wp-content\/uploads\/2024\/10\/24gliwice-logo-696.jpg","width":696,"height":696,"caption":"24gliwice"},"image":{"@id":"https:\/\/www.24gliwice.pl\/wiadomosci\/#\/schema\/logo\/image\/"},"sameAs":["https:\/\/www.facebook.com\/24gliwice","https:\/\/x.com\/24gliwice","https:\/\/www.youtube.com\/@24gliwice"]},{"@type":"Person","@id":"https:\/\/www.24gliwice.pl\/wiadomosci\/#\/schema\/person\/cb5857e4a4d048c15984c1edcc8ef0c0","name":"Marcin Fabrykowski","image":{"@type":"ImageObject","inLanguage":"pl-PL","@id":"https:\/\/www.24gliwice.pl\/wiadomosci\/wp-content\/uploads\/2025\/11\/zdjecie-moje-marcin-300-96x96.jpg","url":"https:\/\/www.24gliwice.pl\/wiadomosci\/wp-content\/uploads\/2025\/11\/zdjecie-moje-marcin-300-96x96.jpg","contentUrl":"https:\/\/www.24gliwice.pl\/wiadomosci\/wp-content\/uploads\/2025\/11\/zdjecie-moje-marcin-300-96x96.jpg","caption":"Marcin Fabrykowski"},"sameAs":["http:\/\/24gliwice.pl","https:\/\/www.facebook.com\/marcin.fabrykowski"],"url":"https:\/\/www.24gliwice.pl\/wiadomosci\/author\/marcin-fabrykowski\/"}]}},"_links":{"self":[{"href":"https:\/\/www.24gliwice.pl\/wiadomosci\/wp-json\/wp\/v2\/posts\/267787","targetHints":{"allow":["GET"]}}],"collection":[{"href":"https:\/\/www.24gliwice.pl\/wiadomosci\/wp-json\/wp\/v2\/posts"}],"about":[{"href":"https:\/\/www.24gliwice.pl\/wiadomosci\/wp-json\/wp\/v2\/types\/post"}],"author":[{"embeddable":true,"href":"https:\/\/www.24gliwice.pl\/wiadomosci\/wp-json\/wp\/v2\/users\/4"}],"replies":[{"embeddable":true,"href":"https:\/\/www.24gliwice.pl\/wiadomosci\/wp-json\/wp\/v2\/comments?post=267787"}],"version-history":[{"count":0,"href":"https:\/\/www.24gliwice.pl\/wiadomosci\/wp-json\/wp\/v2\/posts\/267787\/revisions"}],"wp:featuredmedia":[{"embeddable":true,"href":"https:\/\/www.24gliwice.pl\/wiadomosci\/wp-json\/wp\/v2\/media\/267788"}],"wp:attachment":[{"href":"https:\/\/www.24gliwice.pl\/wiadomosci\/wp-json\/wp\/v2\/media?parent=267787"}],"wp:term":[{"taxonomy":"category","embeddable":true,"href":"https:\/\/www.24gliwice.pl\/wiadomosci\/wp-json\/wp\/v2\/categories?post=267787"},{"taxonomy":"post_tag","embeddable":true,"href":"https:\/\/www.24gliwice.pl\/wiadomosci\/wp-json\/wp\/v2\/tags?post=267787"}],"curies":[{"name":"wp","href":"https:\/\/api.w.org\/{rel}","templated":true}]}}