{"id":267831,"date":"2026-03-16T04:19:08","date_gmt":"2026-03-16T03:19:08","guid":{"rendered":"https:\/\/www.24gliwice.pl\/wiadomosci\/?p=267831"},"modified":"2026-03-16T04:19:08","modified_gmt":"2026-03-16T03:19:08","slug":"slowniki-w-magistracie-i-skwer-poprawnej-polszczyzny-sprawa-petycji-mieszkanca-w-porzadku-marcowej-sesji","status":"publish","type":"post","link":"https:\/\/www.24gliwice.pl\/wiadomosci\/slowniki-w-magistracie-i-skwer-poprawnej-polszczyzny-sprawa-petycji-mieszkanca-w-porzadku-marcowej-sesji\/","title":{"rendered":"S\u0142owniki w magistracie i Skwer Poprawnej Polszczyzny. Sprawa petycji mieszka\u0144ca w porz\u0105dku marcowej sesji"},"content":{"rendered":"<div class=\"gliwi-a6-nad-leadem-artykulow gliwi-entity-placement\" id=\"gliwi-1134017097\"><div class=\"gliwi-adlabel\"><span style=\"font-size: 9px\">REKLAMA<\/span><\/div><div id=\"gliwi-1869623390\" style=\"margin-bottom: 30px;margin-left: auto;margin-right: auto;text-align: center;\"><a data-no-instant=\"1\" href=\"https:\/\/przedszkole.halogen.org.pl\/\" rel=\"noopener\" class=\"a2t-link\" target=\"_blank\" aria-label=\"20260402-ANIMATOR-przedszkole_grafika_750x200\"><img loading=\"lazy\" decoding=\"async\" src=\"https:\/\/www.24gliwice.pl\/wiadomosci\/wp-content\/uploads\/2026\/04\/20260402-ANIMATOR-przedszkole_grafika_750x200.webp\" alt=\"\"  srcset=\"https:\/\/www.24gliwice.pl\/wiadomosci\/wp-content\/uploads\/2026\/04\/20260402-ANIMATOR-przedszkole_grafika_750x200.webp 750w, https:\/\/www.24gliwice.pl\/wiadomosci\/wp-content\/uploads\/2026\/04\/20260402-ANIMATOR-przedszkole_grafika_750x200-410x109.webp 410w\" sizes=\"(max-width: 750px) 100vw, 750px\" class=\"no-lazyload\" width=\"750\" height=\"200\"  style=\"display: inline-block; max-width: 100%; height: auto;\" \/><\/a><\/div><\/div><h2>Wiele wskazuje na to, \u017ce nie b\u0119dzie zmiany nazwy Skweru Doncaster na Skwer Poprawnej Polszczyzny, ani wprowadzania do u\u017cytku w Wydziale Us\u0142ug Komunalnych UM i innych jednostkach s\u0142ownik\u00f3w j\u0119zyka polskiego. W porz\u0105dku obrad marcowej sesji Rady Miasta, znalaz\u0142 si\u0119 projekt uchwa\u0142y dotycz\u0105cy odrzucenia petycji w sprawie dba\u0142o\u015bci o poprawno\u015b\u0107 j\u0119zykow\u0105 w przestrzeni publicznej Gliwic.<\/h2>\n<p><!--more--><\/p>\n<p>We wrze\u015bniu ub. roku dosz\u0142o do g\u0142o\u015bnej pomy\u0142ki na przystanku autobusowym w Gliwicach. Na tablicy zamontowanej na nowej wiacie przystankowej przy Pl. Pi\u0142sudskiego pojawi\u0142 si\u0119 (widoczny na fotografii) b\u0142\u0105d, kt\u00f3ry szybko zyska\u0142 rozg\u0142os w og\u00f3lnopolskich mediach i sta\u0142 si\u0119 obiektem kpin.<\/p>\n<p>Zaraz po tym, jak w mediach spo\u0142eczno\u015bciowych zamie\u015bcili\u015bmy zdj\u0119cie prezentuj\u0105ce b\u0142\u0119dnie wykonane oznaczenie (zrobi\u0142y to r\u00f3wnie\u017c inne portale), s\u0142u\u017cby pracuj\u0105ce dla Zarz\u0105du Transportu Metropolitalnego (serwis GZM) poprawi\u0142y pisowni\u0119 nazwiska marsza\u0142ka &#8211; patrona placu, przy kt\u00f3rym mie\u015bci si\u0119 przystanek.<\/p><div class=\"gliwi-a3-w-tresci-artykulow gliwi-entity-placement\" id=\"gliwi-621665408\"><div class=\"gliwi-adlabel\"><span style=\"font-size: 9px\">REKLAMA<\/span><\/div><div id=\"gliwi-90846203\" style=\"margin-bottom: 30px;margin-left: auto;margin-right: auto;text-align: center;\"><a data-no-instant=\"1\" href=\"https:\/\/zlobek.halogen.org.pl\/\" rel=\"noopener\" class=\"a2t-link\" target=\"_blank\" aria-label=\"animator-zlobek_750x200\"><img loading=\"lazy\" decoding=\"async\" src=\"https:\/\/www.24gliwice.pl\/wiadomosci\/wp-content\/uploads\/2026\/02\/animator-zlobek_750x200.webp\" alt=\"\"  srcset=\"https:\/\/www.24gliwice.pl\/wiadomosci\/wp-content\/uploads\/2026\/02\/animator-zlobek_750x200.webp 750w, https:\/\/www.24gliwice.pl\/wiadomosci\/wp-content\/uploads\/2026\/02\/animator-zlobek_750x200-410x109.webp 410w\" sizes=\"(max-width: 750px) 100vw, 750px\" class=\"no-lazyload\" width=\"750\" height=\"200\"  style=\"display: inline-block; max-width: 100%; height: auto;\" \/><\/a><\/div><\/div>\n<h4>B\u0142\u0119d\u00f3w na tabliczkach by\u0142o jednak wi\u0119cej &#8211; dotyczy\u0142y numer\u00f3w linii autobusowych zatrzymuj\u0105cych si\u0119 w tej lokalizacji. To tak\u017ce wkr\u00f3tce zosta\u0142o skorygowane.<\/h4>\n<p>Omy\u0142ka &#8211; jak si\u0119 p\u00f3\u017aniej okaza\u0142o &#8211; pope\u0142niona przez firm\u0119 odpowiedzialn\u0105 za monta\u017c oznakowania, nie umkn\u0119\u0142a jednemu z mieszka\u0144c\u00f3w, kt\u00f3ry w \u015blad za tym zdarzeniem, wystosowa\u0142 do Rady Miasta i do prezydenta petycj\u0119 w sprawie dba\u0142o\u015bci o poprawno\u015b\u0107 j\u0119zykow\u0105 w przestrzeni publicznej Gliwic.<\/p>\n<h4>S\u0142owniki i Skwer Poprawnej Polszczyzny<\/h4>\n<p>Gliwiczanin zaproponowa\u0142 zobowi\u0105zanie Wydzia\u0142u Us\u0142ug Komunalnych oraz innych jednostek miejskich (odpowiedzialnych za infrastruktur\u0119 i oznakowanie) do zakupu i sta\u0142ego stosowania aktualnych, autorytatywnych s\u0142ownik\u00f3w j\u0119zyka polskiego i ortograficznych, &#8220;wdro\u017cenie obligatoryjnej, dwuetapowej procedury weryfikacji j\u0119zykowej dla wszystkich nazw, napis\u00f3w i tre\u015bci umieszczanych na sta\u0142e w przestrzeni publicznej [&#8230;], a tak\u017ce podj\u0119cie uchwa\u0142y w sprawie zmiany nazwy Skweru Doncaster na Skwer Poprawnej Polszczyzny.<\/p>\n<p>&#8211; Nazwa \u201eSkwer Poprawnej Polszczyzny&#8221; sta\u0142aby si\u0119 codziennym, subtelnym przypomnieniem dla nas wszystkich &#8211; urz\u0119dnik\u00f3w, mieszka\u0144c\u00f3w, m\u0142odzie\u017cy i go\u015bci &#8211; o bogactwie i pi\u0119knie j\u0119zyka polskiego oraz o obowi\u0105zku dba\u0142o\u015bci o jego czysto\u015b\u0107 &#8211; podkre\u015bla\u0142 autor petycji. Sprawie przyjrzeli si\u0119 radni z dw\u00f3ch komisji.<\/p>\n<div id=\"attachment_192693\" style=\"width: 2570px\" class=\"wp-caption alignnone\"><a href=\"https:\/\/www.24gliwice.pl\/wiadomosci\/wp-content\/uploads\/2022\/05\/rzezba-macierzynstwo-doncaster-scaled.jpg\"><img loading=\"lazy\" decoding=\"async\" aria-describedby=\"caption-attachment-192693\" class=\"wp-image-192693 size-full\" src=\"https:\/\/www.24gliwice.pl\/wiadomosci\/wp-content\/uploads\/2022\/05\/rzezba-macierzynstwo-doncaster-scaled.jpg\" alt=\"\" width=\"2560\" height=\"1441\" srcset=\"https:\/\/www.24gliwice.pl\/wiadomosci\/wp-content\/uploads\/2022\/05\/rzezba-macierzynstwo-doncaster-scaled.jpg 2560w, https:\/\/www.24gliwice.pl\/wiadomosci\/wp-content\/uploads\/2022\/05\/rzezba-macierzynstwo-doncaster-410x232.jpg 410w, https:\/\/www.24gliwice.pl\/wiadomosci\/wp-content\/uploads\/2022\/05\/rzezba-macierzynstwo-doncaster-808x455.jpg 808w, https:\/\/www.24gliwice.pl\/wiadomosci\/wp-content\/uploads\/2022\/05\/rzezba-macierzynstwo-doncaster-768x432.jpg 768w, https:\/\/www.24gliwice.pl\/wiadomosci\/wp-content\/uploads\/2022\/05\/rzezba-macierzynstwo-doncaster-1536x865.jpg 1536w, https:\/\/www.24gliwice.pl\/wiadomosci\/wp-content\/uploads\/2022\/05\/rzezba-macierzynstwo-doncaster-2048x1153.jpg 2048w, https:\/\/www.24gliwice.pl\/wiadomosci\/wp-content\/uploads\/2022\/05\/rzezba-macierzynstwo-doncaster-810x456.jpg 810w, https:\/\/www.24gliwice.pl\/wiadomosci\/wp-content\/uploads\/2022\/05\/rzezba-macierzynstwo-doncaster-1140x642.jpg 1140w\" sizes=\"auto, (max-width: 2560px) 100vw, 2560px\" \/><\/a><p id=\"caption-attachment-192693\" class=\"wp-caption-text\">SKWER DONCASTER<\/p><\/div>\n<p>&#8211; <em>Komisja Dialogu Spo\u0142ecznego uzna\u0142a, \u017ce zmiana proponowana przez autora petycji by\u0142aby nieuzasadniona, poniewa\u017c pojawienie si\u0119 b\u0142\u0119du na tablicy przystankowej mia\u0142o charakter incydentalny. Ponadto obowi\u0105zuj\u0105ca od lat nazwa skweru, Skwer Doncaster, utrwali\u0142a si\u0119 w pami\u0119ci mieszka\u0144c\u00f3w. Dodatkowo, ze wzgl\u0119d\u00f3w organizacyjnych, zmiana nazwy bez wyra\u017anej przyczyny jest bezpodstawna<\/em> &#8211; czytamy w uzasadnieniu do projektu uchwa\u0142y o oddaleniu petycji.<\/p>\n<blockquote><p><em>Komisja Skarg, Wniosk\u00f3w i Petycji zgodzi\u0142a si\u0119 z przedstawionym stanowiskiem i zwraca uwag\u0119, \u017ce proponowana przez autora petycji nazwa \u201eSkwer Poprawnej Polszczyzny&#8221; nie koresponduje z innymi nazwami skwer\u00f3w, pochodz\u0105cymi od nazw miast partnerskich Gliwic<\/em><\/p><\/blockquote>\n<p>&#8211; widnieje dalej w uzasadnieniu.<\/p>\n<p>Jak wskazano w dalszej cz\u0119\u015bci, zmiana nazwy poci\u0105gn\u0119\u0142aby za sob\u0105 koszty zwi\u0105zane ze zmian\u0105 tablic oraz obowi\u0105zek dokonania zmian w operacie ewidencyjnym, bazach danych oraz ksi\u0119gach wieczystych, a tak\u017ce konieczno\u015b\u0107 powiadomienia szeregu instytucji i podmiot\u00f3w.<\/p>\n<p>Do sprawy odni\u00f3s\u0142 si\u0119 tak\u017ce Zast\u0119pca Prezydenta Miasta, kt\u00f3rego zdaniem, brak jest podstaw do przyj\u0119cia tezy, \u017ce podobne sytuacje maj\u0105 charakter powtarzalny i wymagaj\u0105 podejmowania systemowych dzia\u0142a\u0144. &#8211; Komisja zgodzi\u0142a si\u0119 z przedstawion\u0105 przez Zast\u0119pc\u0119 Prezydenta Miasta argumentacj\u0105 &#8211; czytamy w podsumowaniu.<\/p>\n<p>Sesja Rady Miasta, podczas kt\u00f3rych radni pochyl\u0105 si\u0119 nad projektem uchwa\u0142y w sprawie odmowy uwzgl\u0119dnienia petycji mieszka\u0144ca, odb\u0119dzie si\u0119 w czwartek, 19 marca, o godzinie 15:00 w sali obrad Rady Miasta w Ratuszu Miejskim w Rynku 1a.<\/p>\n<p>(\u017cms)<br \/>\nfot. 24gliwice.pl\/emfab<\/p>\n<div class=\"gliwi-a5-na-koncu-artykulow gliwi-entity-placement\" id=\"gliwi-650180653\"><div class=\"gliwi-adlabel\"><span style=\"font-size: 9px\">REKLAMA<\/span><\/div><div id=\"gliwi-205270715\" style=\"margin-left: auto;margin-right: auto;text-align: center;\"><a data-no-instant=\"1\" href=\"https:\/\/prezeroarenagliwice.pl\/\" rel=\"noopener\" class=\"a2t-link\" target=\"_blank\" aria-label=\"20260309-PREZERO-WIOSNA-D\"><img loading=\"lazy\" decoding=\"async\" src=\"https:\/\/www.24gliwice.pl\/wiadomosci\/wp-content\/uploads\/2026\/03\/20260309-PREZERO-WIOSNA-D.webp\" alt=\"\"  srcset=\"https:\/\/www.24gliwice.pl\/wiadomosci\/wp-content\/uploads\/2026\/03\/20260309-PREZERO-WIOSNA-D.webp 750w, https:\/\/www.24gliwice.pl\/wiadomosci\/wp-content\/uploads\/2026\/03\/20260309-PREZERO-WIOSNA-D-410x109.webp 410w\" sizes=\"(max-width: 750px) 100vw, 750px\" class=\"no-lazyload\" width=\"750\" height=\"200\"  style=\"display: inline-block; max-width: 100%; height: auto;\" \/><\/a><\/div><\/div>","protected":false},"excerpt":{"rendered":"<p>Wiele wskazuje na to, \u017ce nie b\u0119dzie zmiany nazwy Skweru Doncaster na Skwer Poprawnej Polszczyzny, ani wprowadzania do u\u017cytku w Wydziale Us\u0142ug Komunalnych UM i innych jednostkach s\u0142ownik\u00f3w j\u0119zyka polskiego. W porz\u0105dku obrad marcowej sesji Rady Miasta, znalaz\u0142 si\u0119 projekt uchwa\u0142y dotycz\u0105cy odrzucenia petycji w sprawie dba\u0142o\u015bci o poprawno\u015b\u0107 j\u0119zykow\u0105 w przestrzeni publicznej Gliwic.<\/p>\n","protected":false},"author":15,"featured_media":267834,"comment_status":"open","ping_status":"closed","sticky":false,"template":"","format":"standard","meta":{"_monsterinsights_skip_tracking":false,"_monsterinsights_sitenote_active":false,"_monsterinsights_sitenote_note":"","_monsterinsights_sitenote_category":0,"footnotes":"","_links_to":"","_links_to_target":""},"categories":[3,1,8],"tags":[4966,6957],"class_list":["post-267831","post","type-post","status-publish","format-standard","has-post-thumbnail","hentry","category-gliwice","category-wszystko","category-samorzad_polityka","tag-plac-pilsudskiego","tag-sesja-rady-miasta"],"yoast_head":"<!-- This site is optimized with the Yoast SEO plugin v27.5 - https:\/\/yoast.com\/product\/yoast-seo-wordpress\/ -->\n<title>S\u0142owniki w magistracie i Skwer Poprawnej Polszczyzny. Sprawa petycji mieszka\u0144ca w porz\u0105dku marcowej sesji - 24GLIWICE - Portal Gliwice | codziennie nowe informacje<\/title>\n<meta name=\"description\" content=\"Rada Miasta ma g\u0142osowa\u0107 nad projektem uchwa\u0142y dotycz\u0105cym odrzucenia petycji w sprawie dba\u0142o\u015bci o poprawno\u015b\u0107 j\u0119zykow\u0105.\" \/>\n<meta name=\"robots\" content=\"index, follow, max-snippet:-1, max-image-preview:large, max-video-preview:-1\" \/>\n<link rel=\"canonical\" href=\"https:\/\/www.24gliwice.pl\/wiadomosci\/slowniki-w-magistracie-i-skwer-poprawnej-polszczyzny-sprawa-petycji-mieszkanca-w-porzadku-marcowej-sesji\/\" \/>\n<meta property=\"og:locale\" content=\"pl_PL\" \/>\n<meta property=\"og:type\" content=\"article\" \/>\n<meta property=\"og:title\" content=\"S\u0142owniki w magistracie i Skwer Poprawnej Polszczyzny. Sprawa petycji mieszka\u0144ca w porz\u0105dku marcowej sesji - 24GLIWICE - Portal Gliwice | codziennie nowe informacje\" \/>\n<meta property=\"og:description\" content=\"Rada Miasta ma g\u0142osowa\u0107 nad projektem uchwa\u0142y dotycz\u0105cym odrzucenia petycji w sprawie dba\u0142o\u015bci o poprawno\u015b\u0107 j\u0119zykow\u0105.\" \/>\n<meta property=\"og:url\" content=\"https:\/\/www.24gliwice.pl\/wiadomosci\/slowniki-w-magistracie-i-skwer-poprawnej-polszczyzny-sprawa-petycji-mieszkanca-w-porzadku-marcowej-sesji\/\" \/>\n<meta property=\"og:site_name\" content=\"24GLIWICE - Portal Gliwice | codziennie nowe informacje\" \/>\n<meta property=\"article:publisher\" content=\"https:\/\/www.facebook.com\/24gliwice\" \/>\n<meta property=\"article:published_time\" content=\"2026-03-16T03:19:08+00:00\" \/>\n<meta property=\"og:image\" content=\"https:\/\/www.24gliwice.pl\/wiadomosci\/wp-content\/uploads\/2026\/03\/plac-pilsudzkiego.jpg\" \/>\n\t<meta property=\"og:image:width\" content=\"2048\" \/>\n\t<meta property=\"og:image:height\" content=\"1152\" \/>\n\t<meta property=\"og:image:type\" content=\"image\/jpeg\" \/>\n<meta name=\"author\" content=\"\u017baneta Mrozek-Siewierska\" \/>\n<meta name=\"twitter:card\" content=\"summary_large_image\" \/>\n<meta name=\"twitter:creator\" content=\"@24gliwice\" \/>\n<meta name=\"twitter:site\" content=\"@24gliwice\" \/>\n<meta name=\"twitter:label1\" content=\"Napisane przez\" \/>\n\t<meta name=\"twitter:data1\" content=\"\u017baneta Mrozek-Siewierska\" \/>\n\t<meta name=\"twitter:label2\" content=\"Szacowany czas czytania\" \/>\n\t<meta name=\"twitter:data2\" content=\"4 minuty\" \/>\n<script type=\"application\/ld+json\" class=\"yoast-schema-graph\">{\"@context\":\"https:\\\/\\\/schema.org\",\"@graph\":[{\"@type\":\"Article\",\"@id\":\"https:\\\/\\\/www.24gliwice.pl\\\/wiadomosci\\\/slowniki-w-magistracie-i-skwer-poprawnej-polszczyzny-sprawa-petycji-mieszkanca-w-porzadku-marcowej-sesji\\\/#article\",\"isPartOf\":{\"@id\":\"https:\\\/\\\/www.24gliwice.pl\\\/wiadomosci\\\/slowniki-w-magistracie-i-skwer-poprawnej-polszczyzny-sprawa-petycji-mieszkanca-w-porzadku-marcowej-sesji\\\/\"},\"author\":{\"name\":\"\u017baneta Mrozek-Siewierska\",\"@id\":\"https:\\\/\\\/www.24gliwice.pl\\\/wiadomosci\\\/#\\\/schema\\\/person\\\/e42c650edd7f2fa332be3811fb166b6e\"},\"headline\":\"S\u0142owniki w magistracie i Skwer Poprawnej Polszczyzny. Sprawa petycji mieszka\u0144ca w porz\u0105dku marcowej sesji\",\"datePublished\":\"2026-03-16T03:19:08+00:00\",\"mainEntityOfPage\":{\"@id\":\"https:\\\/\\\/www.24gliwice.pl\\\/wiadomosci\\\/slowniki-w-magistracie-i-skwer-poprawnej-polszczyzny-sprawa-petycji-mieszkanca-w-porzadku-marcowej-sesji\\\/\"},\"wordCount\":675,\"commentCount\":13,\"publisher\":{\"@id\":\"https:\\\/\\\/www.24gliwice.pl\\\/wiadomosci\\\/#organization\"},\"image\":{\"@id\":\"https:\\\/\\\/www.24gliwice.pl\\\/wiadomosci\\\/slowniki-w-magistracie-i-skwer-poprawnej-polszczyzny-sprawa-petycji-mieszkanca-w-porzadku-marcowej-sesji\\\/#primaryimage\"},\"thumbnailUrl\":\"https:\\\/\\\/www.24gliwice.pl\\\/wiadomosci\\\/wp-content\\\/uploads\\\/2026\\\/03\\\/plac-pilsudzkiego.jpg\",\"keywords\":[\"PLAC PI\u0141SUDSKIEGO\",\"SESJA RADY MIASTA\"],\"articleSection\":[\"Gliwice\",\"Najnowsze wiadomo\u015bci\",\"Samorz\u0105d, polityka\"],\"inLanguage\":\"pl-PL\",\"potentialAction\":[{\"@type\":\"CommentAction\",\"name\":\"Comment\",\"target\":[\"https:\\\/\\\/www.24gliwice.pl\\\/wiadomosci\\\/slowniki-w-magistracie-i-skwer-poprawnej-polszczyzny-sprawa-petycji-mieszkanca-w-porzadku-marcowej-sesji\\\/#respond\"]}]},{\"@type\":\"WebPage\",\"@id\":\"https:\\\/\\\/www.24gliwice.pl\\\/wiadomosci\\\/slowniki-w-magistracie-i-skwer-poprawnej-polszczyzny-sprawa-petycji-mieszkanca-w-porzadku-marcowej-sesji\\\/\",\"url\":\"https:\\\/\\\/www.24gliwice.pl\\\/wiadomosci\\\/slowniki-w-magistracie-i-skwer-poprawnej-polszczyzny-sprawa-petycji-mieszkanca-w-porzadku-marcowej-sesji\\\/\",\"name\":\"S\u0142owniki w magistracie i Skwer Poprawnej Polszczyzny. Sprawa petycji mieszka\u0144ca w porz\u0105dku marcowej sesji - 24GLIWICE - Portal Gliwice | codziennie nowe informacje\",\"isPartOf\":{\"@id\":\"https:\\\/\\\/www.24gliwice.pl\\\/wiadomosci\\\/#website\"},\"primaryImageOfPage\":{\"@id\":\"https:\\\/\\\/www.24gliwice.pl\\\/wiadomosci\\\/slowniki-w-magistracie-i-skwer-poprawnej-polszczyzny-sprawa-petycji-mieszkanca-w-porzadku-marcowej-sesji\\\/#primaryimage\"},\"image\":{\"@id\":\"https:\\\/\\\/www.24gliwice.pl\\\/wiadomosci\\\/slowniki-w-magistracie-i-skwer-poprawnej-polszczyzny-sprawa-petycji-mieszkanca-w-porzadku-marcowej-sesji\\\/#primaryimage\"},\"thumbnailUrl\":\"https:\\\/\\\/www.24gliwice.pl\\\/wiadomosci\\\/wp-content\\\/uploads\\\/2026\\\/03\\\/plac-pilsudzkiego.jpg\",\"datePublished\":\"2026-03-16T03:19:08+00:00\",\"description\":\"Rada Miasta ma g\u0142osowa\u0107 nad projektem uchwa\u0142y dotycz\u0105cym odrzucenia petycji w sprawie dba\u0142o\u015bci o poprawno\u015b\u0107 j\u0119zykow\u0105.\",\"breadcrumb\":{\"@id\":\"https:\\\/\\\/www.24gliwice.pl\\\/wiadomosci\\\/slowniki-w-magistracie-i-skwer-poprawnej-polszczyzny-sprawa-petycji-mieszkanca-w-porzadku-marcowej-sesji\\\/#breadcrumb\"},\"inLanguage\":\"pl-PL\",\"potentialAction\":[{\"@type\":\"ReadAction\",\"target\":[\"https:\\\/\\\/www.24gliwice.pl\\\/wiadomosci\\\/slowniki-w-magistracie-i-skwer-poprawnej-polszczyzny-sprawa-petycji-mieszkanca-w-porzadku-marcowej-sesji\\\/\"]}]},{\"@type\":\"ImageObject\",\"inLanguage\":\"pl-PL\",\"@id\":\"https:\\\/\\\/www.24gliwice.pl\\\/wiadomosci\\\/slowniki-w-magistracie-i-skwer-poprawnej-polszczyzny-sprawa-petycji-mieszkanca-w-porzadku-marcowej-sesji\\\/#primaryimage\",\"url\":\"https:\\\/\\\/www.24gliwice.pl\\\/wiadomosci\\\/wp-content\\\/uploads\\\/2026\\\/03\\\/plac-pilsudzkiego.jpg\",\"contentUrl\":\"https:\\\/\\\/www.24gliwice.pl\\\/wiadomosci\\\/wp-content\\\/uploads\\\/2026\\\/03\\\/plac-pilsudzkiego.jpg\",\"width\":2048,\"height\":1152},{\"@type\":\"BreadcrumbList\",\"@id\":\"https:\\\/\\\/www.24gliwice.pl\\\/wiadomosci\\\/slowniki-w-magistracie-i-skwer-poprawnej-polszczyzny-sprawa-petycji-mieszkanca-w-porzadku-marcowej-sesji\\\/#breadcrumb\",\"itemListElement\":[{\"@type\":\"ListItem\",\"position\":1,\"name\":\"Strona g\u0142\u00f3wna\",\"item\":\"https:\\\/\\\/www.24gliwice.pl\\\/wiadomosci\\\/\"},{\"@type\":\"ListItem\",\"position\":2,\"name\":\"S\u0142owniki w magistracie i Skwer Poprawnej Polszczyzny. Sprawa petycji mieszka\u0144ca w porz\u0105dku marcowej sesji\"}]},{\"@type\":\"WebSite\",\"@id\":\"https:\\\/\\\/www.24gliwice.pl\\\/wiadomosci\\\/#website\",\"url\":\"https:\\\/\\\/www.24gliwice.pl\\\/wiadomosci\\\/\",\"name\":\"24GLIWICE - Portal Gliwice | codziennie nowe wiadomo\u015bci\",\"description\":\"Portal Miejski Gliwice\",\"publisher\":{\"@id\":\"https:\\\/\\\/www.24gliwice.pl\\\/wiadomosci\\\/#organization\"},\"potentialAction\":[{\"@type\":\"SearchAction\",\"target\":{\"@type\":\"EntryPoint\",\"urlTemplate\":\"https:\\\/\\\/www.24gliwice.pl\\\/wiadomosci\\\/?s={search_term_string}\"},\"query-input\":{\"@type\":\"PropertyValueSpecification\",\"valueRequired\":true,\"valueName\":\"search_term_string\"}}],\"inLanguage\":\"pl-PL\"},{\"@type\":\"Organization\",\"@id\":\"https:\\\/\\\/www.24gliwice.pl\\\/wiadomosci\\\/#organization\",\"name\":\"24gliwice\",\"url\":\"https:\\\/\\\/www.24gliwice.pl\\\/wiadomosci\\\/\",\"logo\":{\"@type\":\"ImageObject\",\"inLanguage\":\"pl-PL\",\"@id\":\"https:\\\/\\\/www.24gliwice.pl\\\/wiadomosci\\\/#\\\/schema\\\/logo\\\/image\\\/\",\"url\":\"https:\\\/\\\/www.24gliwice.pl\\\/wiadomosci\\\/wp-content\\\/uploads\\\/2024\\\/10\\\/24gliwice-logo-696.jpg\",\"contentUrl\":\"https:\\\/\\\/www.24gliwice.pl\\\/wiadomosci\\\/wp-content\\\/uploads\\\/2024\\\/10\\\/24gliwice-logo-696.jpg\",\"width\":696,\"height\":696,\"caption\":\"24gliwice\"},\"image\":{\"@id\":\"https:\\\/\\\/www.24gliwice.pl\\\/wiadomosci\\\/#\\\/schema\\\/logo\\\/image\\\/\"},\"sameAs\":[\"https:\\\/\\\/www.facebook.com\\\/24gliwice\",\"https:\\\/\\\/x.com\\\/24gliwice\",\"https:\\\/\\\/www.youtube.com\\\/@24gliwice\"]},{\"@type\":\"Person\",\"@id\":\"https:\\\/\\\/www.24gliwice.pl\\\/wiadomosci\\\/#\\\/schema\\\/person\\\/e42c650edd7f2fa332be3811fb166b6e\",\"name\":\"\u017baneta Mrozek-Siewierska\",\"image\":{\"@type\":\"ImageObject\",\"inLanguage\":\"pl-PL\",\"@id\":\"https:\\\/\\\/secure.gravatar.com\\\/avatar\\\/1881429e9c64597c77ad7aef2d0a19be69a3253e57534d16aa15bf3a4d34a0a3?s=96&d=mm&r=g\",\"url\":\"https:\\\/\\\/secure.gravatar.com\\\/avatar\\\/1881429e9c64597c77ad7aef2d0a19be69a3253e57534d16aa15bf3a4d34a0a3?s=96&d=mm&r=g\",\"contentUrl\":\"https:\\\/\\\/secure.gravatar.com\\\/avatar\\\/1881429e9c64597c77ad7aef2d0a19be69a3253e57534d16aa15bf3a4d34a0a3?s=96&d=mm&r=g\",\"caption\":\"\u017baneta Mrozek-Siewierska\"},\"url\":\"https:\\\/\\\/www.24gliwice.pl\\\/wiadomosci\\\/author\\\/zms\\\/\"}]}<\/script>\n<!-- \/ Yoast SEO plugin. -->","yoast_head_json":{"title":"S\u0142owniki w magistracie i Skwer Poprawnej Polszczyzny. Sprawa petycji mieszka\u0144ca w porz\u0105dku marcowej sesji - 24GLIWICE - Portal Gliwice | codziennie nowe informacje","description":"Rada Miasta ma g\u0142osowa\u0107 nad projektem uchwa\u0142y dotycz\u0105cym odrzucenia petycji w sprawie dba\u0142o\u015bci o poprawno\u015b\u0107 j\u0119zykow\u0105.","robots":{"index":"index","follow":"follow","max-snippet":"max-snippet:-1","max-image-preview":"max-image-preview:large","max-video-preview":"max-video-preview:-1"},"canonical":"https:\/\/www.24gliwice.pl\/wiadomosci\/slowniki-w-magistracie-i-skwer-poprawnej-polszczyzny-sprawa-petycji-mieszkanca-w-porzadku-marcowej-sesji\/","og_locale":"pl_PL","og_type":"article","og_title":"S\u0142owniki w magistracie i Skwer Poprawnej Polszczyzny. Sprawa petycji mieszka\u0144ca w porz\u0105dku marcowej sesji - 24GLIWICE - Portal Gliwice | codziennie nowe informacje","og_description":"Rada Miasta ma g\u0142osowa\u0107 nad projektem uchwa\u0142y dotycz\u0105cym odrzucenia petycji w sprawie dba\u0142o\u015bci o poprawno\u015b\u0107 j\u0119zykow\u0105.","og_url":"https:\/\/www.24gliwice.pl\/wiadomosci\/slowniki-w-magistracie-i-skwer-poprawnej-polszczyzny-sprawa-petycji-mieszkanca-w-porzadku-marcowej-sesji\/","og_site_name":"24GLIWICE - Portal Gliwice | codziennie nowe informacje","article_publisher":"https:\/\/www.facebook.com\/24gliwice","article_published_time":"2026-03-16T03:19:08+00:00","og_image":[{"width":2048,"height":1152,"url":"https:\/\/www.24gliwice.pl\/wiadomosci\/wp-content\/uploads\/2026\/03\/plac-pilsudzkiego.jpg","type":"image\/jpeg"}],"author":"\u017baneta Mrozek-Siewierska","twitter_card":"summary_large_image","twitter_creator":"@24gliwice","twitter_site":"@24gliwice","twitter_misc":{"Napisane przez":"\u017baneta Mrozek-Siewierska","Szacowany czas czytania":"4 minuty"},"schema":{"@context":"https:\/\/schema.org","@graph":[{"@type":"Article","@id":"https:\/\/www.24gliwice.pl\/wiadomosci\/slowniki-w-magistracie-i-skwer-poprawnej-polszczyzny-sprawa-petycji-mieszkanca-w-porzadku-marcowej-sesji\/#article","isPartOf":{"@id":"https:\/\/www.24gliwice.pl\/wiadomosci\/slowniki-w-magistracie-i-skwer-poprawnej-polszczyzny-sprawa-petycji-mieszkanca-w-porzadku-marcowej-sesji\/"},"author":{"name":"\u017baneta Mrozek-Siewierska","@id":"https:\/\/www.24gliwice.pl\/wiadomosci\/#\/schema\/person\/e42c650edd7f2fa332be3811fb166b6e"},"headline":"S\u0142owniki w magistracie i Skwer Poprawnej Polszczyzny. Sprawa petycji mieszka\u0144ca w porz\u0105dku marcowej sesji","datePublished":"2026-03-16T03:19:08+00:00","mainEntityOfPage":{"@id":"https:\/\/www.24gliwice.pl\/wiadomosci\/slowniki-w-magistracie-i-skwer-poprawnej-polszczyzny-sprawa-petycji-mieszkanca-w-porzadku-marcowej-sesji\/"},"wordCount":675,"commentCount":13,"publisher":{"@id":"https:\/\/www.24gliwice.pl\/wiadomosci\/#organization"},"image":{"@id":"https:\/\/www.24gliwice.pl\/wiadomosci\/slowniki-w-magistracie-i-skwer-poprawnej-polszczyzny-sprawa-petycji-mieszkanca-w-porzadku-marcowej-sesji\/#primaryimage"},"thumbnailUrl":"https:\/\/www.24gliwice.pl\/wiadomosci\/wp-content\/uploads\/2026\/03\/plac-pilsudzkiego.jpg","keywords":["PLAC PI\u0141SUDSKIEGO","SESJA RADY MIASTA"],"articleSection":["Gliwice","Najnowsze wiadomo\u015bci","Samorz\u0105d, polityka"],"inLanguage":"pl-PL","potentialAction":[{"@type":"CommentAction","name":"Comment","target":["https:\/\/www.24gliwice.pl\/wiadomosci\/slowniki-w-magistracie-i-skwer-poprawnej-polszczyzny-sprawa-petycji-mieszkanca-w-porzadku-marcowej-sesji\/#respond"]}]},{"@type":"WebPage","@id":"https:\/\/www.24gliwice.pl\/wiadomosci\/slowniki-w-magistracie-i-skwer-poprawnej-polszczyzny-sprawa-petycji-mieszkanca-w-porzadku-marcowej-sesji\/","url":"https:\/\/www.24gliwice.pl\/wiadomosci\/slowniki-w-magistracie-i-skwer-poprawnej-polszczyzny-sprawa-petycji-mieszkanca-w-porzadku-marcowej-sesji\/","name":"S\u0142owniki w magistracie i Skwer Poprawnej Polszczyzny. Sprawa petycji mieszka\u0144ca w porz\u0105dku marcowej sesji - 24GLIWICE - Portal Gliwice | codziennie nowe informacje","isPartOf":{"@id":"https:\/\/www.24gliwice.pl\/wiadomosci\/#website"},"primaryImageOfPage":{"@id":"https:\/\/www.24gliwice.pl\/wiadomosci\/slowniki-w-magistracie-i-skwer-poprawnej-polszczyzny-sprawa-petycji-mieszkanca-w-porzadku-marcowej-sesji\/#primaryimage"},"image":{"@id":"https:\/\/www.24gliwice.pl\/wiadomosci\/slowniki-w-magistracie-i-skwer-poprawnej-polszczyzny-sprawa-petycji-mieszkanca-w-porzadku-marcowej-sesji\/#primaryimage"},"thumbnailUrl":"https:\/\/www.24gliwice.pl\/wiadomosci\/wp-content\/uploads\/2026\/03\/plac-pilsudzkiego.jpg","datePublished":"2026-03-16T03:19:08+00:00","description":"Rada Miasta ma g\u0142osowa\u0107 nad projektem uchwa\u0142y dotycz\u0105cym odrzucenia petycji w sprawie dba\u0142o\u015bci o poprawno\u015b\u0107 j\u0119zykow\u0105.","breadcrumb":{"@id":"https:\/\/www.24gliwice.pl\/wiadomosci\/slowniki-w-magistracie-i-skwer-poprawnej-polszczyzny-sprawa-petycji-mieszkanca-w-porzadku-marcowej-sesji\/#breadcrumb"},"inLanguage":"pl-PL","potentialAction":[{"@type":"ReadAction","target":["https:\/\/www.24gliwice.pl\/wiadomosci\/slowniki-w-magistracie-i-skwer-poprawnej-polszczyzny-sprawa-petycji-mieszkanca-w-porzadku-marcowej-sesji\/"]}]},{"@type":"ImageObject","inLanguage":"pl-PL","@id":"https:\/\/www.24gliwice.pl\/wiadomosci\/slowniki-w-magistracie-i-skwer-poprawnej-polszczyzny-sprawa-petycji-mieszkanca-w-porzadku-marcowej-sesji\/#primaryimage","url":"https:\/\/www.24gliwice.pl\/wiadomosci\/wp-content\/uploads\/2026\/03\/plac-pilsudzkiego.jpg","contentUrl":"https:\/\/www.24gliwice.pl\/wiadomosci\/wp-content\/uploads\/2026\/03\/plac-pilsudzkiego.jpg","width":2048,"height":1152},{"@type":"BreadcrumbList","@id":"https:\/\/www.24gliwice.pl\/wiadomosci\/slowniki-w-magistracie-i-skwer-poprawnej-polszczyzny-sprawa-petycji-mieszkanca-w-porzadku-marcowej-sesji\/#breadcrumb","itemListElement":[{"@type":"ListItem","position":1,"name":"Strona g\u0142\u00f3wna","item":"https:\/\/www.24gliwice.pl\/wiadomosci\/"},{"@type":"ListItem","position":2,"name":"S\u0142owniki w magistracie i Skwer Poprawnej Polszczyzny. Sprawa petycji mieszka\u0144ca w porz\u0105dku marcowej sesji"}]},{"@type":"WebSite","@id":"https:\/\/www.24gliwice.pl\/wiadomosci\/#website","url":"https:\/\/www.24gliwice.pl\/wiadomosci\/","name":"24GLIWICE - Portal Gliwice | codziennie nowe wiadomo\u015bci","description":"Portal Miejski Gliwice","publisher":{"@id":"https:\/\/www.24gliwice.pl\/wiadomosci\/#organization"},"potentialAction":[{"@type":"SearchAction","target":{"@type":"EntryPoint","urlTemplate":"https:\/\/www.24gliwice.pl\/wiadomosci\/?s={search_term_string}"},"query-input":{"@type":"PropertyValueSpecification","valueRequired":true,"valueName":"search_term_string"}}],"inLanguage":"pl-PL"},{"@type":"Organization","@id":"https:\/\/www.24gliwice.pl\/wiadomosci\/#organization","name":"24gliwice","url":"https:\/\/www.24gliwice.pl\/wiadomosci\/","logo":{"@type":"ImageObject","inLanguage":"pl-PL","@id":"https:\/\/www.24gliwice.pl\/wiadomosci\/#\/schema\/logo\/image\/","url":"https:\/\/www.24gliwice.pl\/wiadomosci\/wp-content\/uploads\/2024\/10\/24gliwice-logo-696.jpg","contentUrl":"https:\/\/www.24gliwice.pl\/wiadomosci\/wp-content\/uploads\/2024\/10\/24gliwice-logo-696.jpg","width":696,"height":696,"caption":"24gliwice"},"image":{"@id":"https:\/\/www.24gliwice.pl\/wiadomosci\/#\/schema\/logo\/image\/"},"sameAs":["https:\/\/www.facebook.com\/24gliwice","https:\/\/x.com\/24gliwice","https:\/\/www.youtube.com\/@24gliwice"]},{"@type":"Person","@id":"https:\/\/www.24gliwice.pl\/wiadomosci\/#\/schema\/person\/e42c650edd7f2fa332be3811fb166b6e","name":"\u017baneta Mrozek-Siewierska","image":{"@type":"ImageObject","inLanguage":"pl-PL","@id":"https:\/\/secure.gravatar.com\/avatar\/1881429e9c64597c77ad7aef2d0a19be69a3253e57534d16aa15bf3a4d34a0a3?s=96&d=mm&r=g","url":"https:\/\/secure.gravatar.com\/avatar\/1881429e9c64597c77ad7aef2d0a19be69a3253e57534d16aa15bf3a4d34a0a3?s=96&d=mm&r=g","contentUrl":"https:\/\/secure.gravatar.com\/avatar\/1881429e9c64597c77ad7aef2d0a19be69a3253e57534d16aa15bf3a4d34a0a3?s=96&d=mm&r=g","caption":"\u017baneta Mrozek-Siewierska"},"url":"https:\/\/www.24gliwice.pl\/wiadomosci\/author\/zms\/"}]}},"_links":{"self":[{"href":"https:\/\/www.24gliwice.pl\/wiadomosci\/wp-json\/wp\/v2\/posts\/267831","targetHints":{"allow":["GET"]}}],"collection":[{"href":"https:\/\/www.24gliwice.pl\/wiadomosci\/wp-json\/wp\/v2\/posts"}],"about":[{"href":"https:\/\/www.24gliwice.pl\/wiadomosci\/wp-json\/wp\/v2\/types\/post"}],"author":[{"embeddable":true,"href":"https:\/\/www.24gliwice.pl\/wiadomosci\/wp-json\/wp\/v2\/users\/15"}],"replies":[{"embeddable":true,"href":"https:\/\/www.24gliwice.pl\/wiadomosci\/wp-json\/wp\/v2\/comments?post=267831"}],"version-history":[{"count":0,"href":"https:\/\/www.24gliwice.pl\/wiadomosci\/wp-json\/wp\/v2\/posts\/267831\/revisions"}],"wp:featuredmedia":[{"embeddable":true,"href":"https:\/\/www.24gliwice.pl\/wiadomosci\/wp-json\/wp\/v2\/media\/267834"}],"wp:attachment":[{"href":"https:\/\/www.24gliwice.pl\/wiadomosci\/wp-json\/wp\/v2\/media?parent=267831"}],"wp:term":[{"taxonomy":"category","embeddable":true,"href":"https:\/\/www.24gliwice.pl\/wiadomosci\/wp-json\/wp\/v2\/categories?post=267831"},{"taxonomy":"post_tag","embeddable":true,"href":"https:\/\/www.24gliwice.pl\/wiadomosci\/wp-json\/wp\/v2\/tags?post=267831"}],"curies":[{"name":"wp","href":"https:\/\/api.w.org\/{rel}","templated":true}]}}