{"id":267868,"date":"2026-03-15T03:53:30","date_gmt":"2026-03-15T02:53:30","guid":{"rendered":"https:\/\/www.24gliwice.pl\/wiadomosci\/?p=267868"},"modified":"2026-03-15T03:53:30","modified_gmt":"2026-03-15T02:53:30","slug":"rd-wieza-cisnien-przy-ul-sobieskiego-na-sprzedaz-spolecznicy-pytaja-czy-miasto-powinno-ja-kupic","status":"publish","type":"post","link":"https:\/\/www.24gliwice.pl\/wiadomosci\/rd-wieza-cisnien-przy-ul-sobieskiego-na-sprzedaz-spolecznicy-pytaja-czy-miasto-powinno-ja-kupic\/","title":{"rendered":"RD: Wie\u017ca ci\u015bnie\u0144 przy ul. Sobieskiego na sprzeda\u017c. Spo\u0142ecznicy pytaj\u0105: &#8220;czy miasto powinno j\u0105 kupi\u0107?&#8221;"},"content":{"rendered":"<div class=\"gliwi-a6-nad-leadem-artykulow gliwi-entity-placement\" id=\"gliwi-2336649379\"><div class=\"gliwi-adlabel\"><span style=\"font-size: 9px\">REKLAMA<\/span><\/div><div id=\"gliwi-901249655\" style=\"margin-bottom: 30px;margin-left: auto;margin-right: auto;text-align: center;\"><a data-no-instant=\"1\" href=\"https:\/\/przedszkole.halogen.org.pl\/\" rel=\"noopener\" class=\"a2t-link\" target=\"_blank\" aria-label=\"20260402-ANIMATOR-przedszkole_grafika_750x200\"><img loading=\"lazy\" decoding=\"async\" src=\"https:\/\/www.24gliwice.pl\/wiadomosci\/wp-content\/uploads\/2026\/04\/20260402-ANIMATOR-przedszkole_grafika_750x200.webp\" alt=\"\"  srcset=\"https:\/\/www.24gliwice.pl\/wiadomosci\/wp-content\/uploads\/2026\/04\/20260402-ANIMATOR-przedszkole_grafika_750x200.webp 750w, https:\/\/www.24gliwice.pl\/wiadomosci\/wp-content\/uploads\/2026\/04\/20260402-ANIMATOR-przedszkole_grafika_750x200-410x109.webp 410w\" sizes=\"(max-width: 750px) 100vw, 750px\" class=\"no-lazyload\" width=\"750\" height=\"200\"  style=\"display: inline-block; max-width: 100%; height: auto;\" \/><\/a><\/div><\/div><p><H2>2,5 mln z\u0142otych trzeba wyda\u0107 na zakup terenu wraz z zabytkow\u0105 wie\u017c\u0105 ci\u015bnie\u0144 przy ul. Sobieskiego. Czy nieruchomo\u015b\u0107 powinna ponownie trafi\u0107 w r\u0119ce miasta? Komentarze w sieci s\u0105 jednoznaczne.<\/h2>\n<p><!--more--><\/p>\n<p>Wie\u017ca ci\u015bnie\u0144 przy ul. Sobieskiego nie ma szcz\u0119\u015bcia do w\u0142a\u015bcicieli. Pomimo wydania pozwolenia na budow\u0119, deweloper b\u0119d\u0105cy w\u0142a\u015bcicielem terenu nie zdecydowa\u0142 si\u0119 na realizacj\u0119 inwestycji i wystawi\u0142 j\u0105 na sprzeda\u017c.<\/p>\n<p>Plany by\u0142y ambitne, bo zgodnie z zatwierdzon\u0105 w 2022 roku dokumentacj\u0105 projektow\u0105 wok\u00f3\u0142 wie\u017cy mia\u0142y powsta\u0107 trzy budynki mieszkalne wielorodzinne oraz dwa budynki mieszkalno-us\u0142ugowe wraz z gara\u017cem podziemnym. \u0141\u0105cznie zaprojektowano 110 lokali mieszkalnych i 5 lokali u\u017cytkowych z przeznaczeniem us\u0142ugowo-handlowym. Zrewitalizowana mia\u0142 zosta\u0107 tak\u017ce g\u0142\u00f3wny zabytek (przeczytaj &#8211;&gt; <a href=\"https:\/\/www.24gliwice.pl\/wiadomosci\/w-wiezy-cisnien-przy-ul-sobieskiego-beda-mieszkania-wokol-5-blokow-jest-pozwolenie-na-budowe\/\" target=\"_blank\">W wie\u017cy ci\u015bnie\u0144 przy ul. Sobieskiego b\u0119d\u0105 mieszkania. Wok\u00f3\u0142 5 blok\u00f3w. Jest pozwolenie na budow\u0119<\/a>). <\/p>\n<p>Z informacji przekazanych w sobot\u0119 przez Rad\u0119 Dzielnicy W\u00f3jtowa Wie\u015b wynika, \u017ce plany przepad\u0142y, a nieruchomo\u015b\u0107 trafi\u0142a na sprzeda\u017c. <\/p><div class=\"gliwi-a3-w-tresci-artykulow gliwi-entity-placement\" id=\"gliwi-1909671429\"><div class=\"gliwi-adlabel\"><span style=\"font-size: 9px\">REKLAMA<\/span><\/div><div id=\"gliwi-2862538063\" style=\"margin-bottom: 30px;margin-left: auto;margin-right: auto;text-align: center;\"><a data-no-instant=\"1\" href=\"https:\/\/ogrodyandersa.pl\/\" rel=\"noopener\" class=\"a2t-link\" target=\"_blank\" aria-label=\"20260415 Ogrody Andersa KUP TERAZ D\"><img loading=\"lazy\" decoding=\"async\" src=\"https:\/\/www.24gliwice.pl\/wiadomosci\/wp-content\/uploads\/2026\/04\/20260415-Ogrody-Andersa-KUP-TERAZ-D.jpg\" alt=\"\"  srcset=\"https:\/\/www.24gliwice.pl\/wiadomosci\/wp-content\/uploads\/2026\/04\/20260415-Ogrody-Andersa-KUP-TERAZ-D.jpg 750w, https:\/\/www.24gliwice.pl\/wiadomosci\/wp-content\/uploads\/2026\/04\/20260415-Ogrody-Andersa-KUP-TERAZ-D-410x109.jpg 410w\" sizes=\"(max-width: 750px) 100vw, 750px\" class=\"no-lazyload\" width=\"750\" height=\"200\"  style=\"display: inline-block; max-width: 100%; height: auto;\" \/><\/a><\/div><\/div>\n<p>Rada dzielnicy zasugerowa\u0142a te\u017c, \u017ce nieruchomo\u015b\u0107 powinna zosta\u0107 kupiona przez miasto.<\/p>\n<blockquote><p>&#8211; Cena wynosi oko\u0142o 2,5 mln z\u0142. W kontek\u015bcie miejskich inwestycji nie jest to kwota szczeg\u00f3lnie wysoka. Dla por\u00f3wnania remont Teatru Victoria to a\u017c oko\u0142o 156 mln z\u0142, planowana modernizacja ul. Zwyci\u0119stwa ma kosztowa\u0107 ok. 55 mln z\u0142. Dlatego pojawia si\u0119 naturalne pytanie: czy miasto nie powinno rozwa\u017cy\u0107 zakupu tego terenu i uratowania wie\u017cy ci\u015bnie\u0144 dla mieszka\u0144c\u00f3w?<\/p><\/blockquote>\n<p> &#8211; czytamy na profilu rady dzielnicy.<\/p>\n<p><iframe loading=\"lazy\" src=\"https:\/\/www.facebook.com\/plugins\/post.php?href=https%3A%2F%2Fwww.facebook.com%2Fradaww%2Fposts%2Fpfbid05GYkmxAqsVXpe6NiBbowNXGk4BmFQsD45jGHuUdoYpRx4oCqQUTsivdVax9FJF7Xl&#038;show_text=true&#038;width=500\" width=\"500\" height=\"678\" style=\"border:none;overflow:hidden\" scrolling=\"no\" frameborder=\"0\" allowfullscreen=\"true\" allow=\"autoplay; clipboard-write; encrypted-media; picture-in-picture; web-share\"><\/iframe><\/p>\n<p>Post w kr\u00f3tkim czasie zyska\u0142 kilkadziesi\u0105t komentarzy. Mieszka\u0144cy w wi\u0119kszo\u015bci popieraj\u0105 ten pomys\u0142. Teraz ruch nale\u017cy do miasta.<\/p>\n<h4>2,5 MLN Z\u0141OTYCH TO &#8220;DROBNE&#8221; NA POCZ\u0104TEK<\/H4><\/p>\n<p>Co ciekawe, dzia\u0142ka wystawiona jest za mniejsz\u0105 kwot\u0119 ni\u017c w 2017 roku, gdy sprzedawa\u0142 j\u0105 poprzedni w\u0142a\u015bciciel, przedsi\u0119biorca Cyprian Lutoborski (w\u00f3wczas cena wynosi\u0142a 2 mln 550 tysi\u0119cy z\u0142otych). Cena zakupu dzia\u0142ki to jednak tylko &#8220;drobna kwota&#8221; przy przysz\u0142ych nak\u0142adach, jakie nale\u017cy ponie\u015b\u0107 na rewitalizacj\u0119 obiektu. Prawie dekad\u0119 temu Lutoborski szacowa\u0142 koszty renowacji wie\u017cy na kilkadziesi\u0105t milion\u00f3w z\u0142otych (przeczytaj &#8211;&gt; <a href=\"https:\/\/www.24gliwice.pl\/wiadomosci\/o-wieze-dbam-tak-jak-potrafie-rozmawiamy-z-wlascicielem-obiektu-przy-ul-sobieskiego\/\" target=\"_blank\">\u201cO wie\u017c\u0119 dbam tak jak potrafi\u0119\u201d. Rozmawiamy z w\u0142a\u015bcicielem obiektu przy ul. Sobieskiego<\/a>)<\/p>\n<p><img loading=\"lazy\" decoding=\"async\" src=\"https:\/\/www.24gliwice.pl\/wiadomosci\/wp-content\/uploads\/2026\/03\/wieza-sobieskiego-2-001.jpg\" alt=\"\" width=\"810\" height=\"609\" class=\"aligncenter size-full wp-image-267885\" srcset=\"https:\/\/www.24gliwice.pl\/wiadomosci\/wp-content\/uploads\/2026\/03\/wieza-sobieskiego-2-001.jpg 810w, https:\/\/www.24gliwice.pl\/wiadomosci\/wp-content\/uploads\/2026\/03\/wieza-sobieskiego-2-001-309x232.jpg 309w, https:\/\/www.24gliwice.pl\/wiadomosci\/wp-content\/uploads\/2026\/03\/wieza-sobieskiego-2-001-605x455.jpg 605w, https:\/\/www.24gliwice.pl\/wiadomosci\/wp-content\/uploads\/2026\/03\/wieza-sobieskiego-2-001-768x577.jpg 768w\" sizes=\"auto, (max-width: 810px) 100vw, 810px\" \/><\/p>\n<p>Prawie 50-metrowa wie\u017ca ci\u015bnie\u0144 zosta\u0142a wybudowana na pocz\u0105tku ubieg\u0142ego stulecia. Mia\u0142a sprosta\u0107 potrzebom mieszka\u0144c\u00f3w i dostarcza\u0107 wod\u0119 do po\u0142udniowych dzielnic Gliwic. W czasach PRL opuszczony obiekt uleg\u0142 stopniowej degradacji. Prawie dwie dekady temu pojawi\u0142a si\u0119 koncepcja zaadaptowania wie\u017cy na inkubator kultury i sztuki. W pomys\u0142 zaanga\u017cowany by\u0142 znany fotograf Tomasz Gudzowaty. Propozycja podparta by\u0142a imponuj\u0105co wygl\u0105daj\u0105cymi wizualizacjami, autorstwa renomowanej pracowni architektonicznej Medusa Group. Projekt \u201cPlantacji sztuki\u201d jednak nie powi\u00f3d\u0142 si\u0119. W dodatku w 2008 roku, w wie\u017cy wybuch\u0142 po\u017car. Policja m\u00f3wi\u0142a o przypadkowym zapr\u00f3szeniu ognia przez nieznanego sprawc\u0119. <\/p>\n<p>Od Gudzowatego obiekt odkupi\u0142a sp\u00f3\u0142ka Water Tower, kt\u00f3ra nie stosowa\u0142a si\u0119 do zalece\u0144 konserwatorskich. Od Water Tower wie\u017c\u0119 przej\u0105\u0142 Zak\u0142ad Badawczo-Produkcyjny Mostostal. Po pewnym czasie okaza\u0142o si\u0119, \u017ce pod t\u0105 nazw\u0105 kryje si\u0119 ten sam w\u0142a\u015bciciel. W 2013 roku obiekt znalaz\u0142 si\u0119 w r\u0119kach Cypriana Lutoborskiego, prywatnego przedsi\u0119biorcy spod Warszawy. W 2018 roku dzia\u0142ka zosta\u0142a zakupiona przez pyskowick\u0105 firm\u0119 Komsta Okna i Drzwi, a nast\u0119pnie by\u0142a zarz\u0105dzana przez jej sp\u00f3\u0142k\u0119 powi\u0105zan\u0105.<br \/>\n(msz)<\/p>\n<div class=\"gliwi-a5-na-koncu-artykulow gliwi-entity-placement\" id=\"gliwi-2005176717\"><div class=\"gliwi-adlabel\"><span style=\"font-size: 9px\">REKLAMA<\/span><\/div><div id=\"gliwi-3245292228\" style=\"margin-left: auto;margin-right: auto;text-align: center;\"><a data-no-instant=\"1\" href=\"https:\/\/www.jasek.pl\/\" rel=\"noopener\" class=\"a2t-link\" target=\"_blank\" aria-label=\"20200401-jasek 600\"><img loading=\"lazy\" decoding=\"async\" src=\"https:\/\/www.24gliwice.pl\/wiadomosci\/wp-content\/uploads\/2020\/04\/20200401-jasek-600.jpg\" alt=\"\"  srcset=\"https:\/\/www.24gliwice.pl\/wiadomosci\/wp-content\/uploads\/2020\/04\/20200401-jasek-600.jpg 600w, https:\/\/www.24gliwice.pl\/wiadomosci\/wp-content\/uploads\/2020\/04\/20200401-jasek-600-410x109.jpg 410w\" sizes=\"(max-width: 600px) 100vw, 600px\" class=\"no-lazyload\" width=\"600\" height=\"160\"  style=\"display: inline-block; max-width: 100%; height: auto;\" \/><\/a><\/div><\/div>","protected":false},"excerpt":{"rendered":"<p>2,5 mln z\u0142otych trzeba wyda\u0107 na zakup terenu wraz z zabytkow\u0105 wie\u017c\u0105 ci\u015bnie\u0144 przy ul. Sobieskiego. Czy nieruchomo\u015b\u0107 powinna ponownie trafi\u0107 w r\u0119ce miasta? Komentarze w sieci s\u0105 jednoznaczne.<\/p>\n","protected":false},"author":12,"featured_media":267883,"comment_status":"open","ping_status":"closed","sticky":false,"template":"","format":"standard","meta":{"_monsterinsights_skip_tracking":false,"_monsterinsights_sitenote_active":false,"_monsterinsights_sitenote_note":"","_monsterinsights_sitenote_category":0,"footnotes":"","_links_to":"","_links_to_target":""},"categories":[3,1,9,8],"tags":[981,8775],"class_list":["post-267868","post","type-post","status-publish","format-standard","has-post-thumbnail","hentry","category-gliwice","category-wszystko","category-aktualnosci_lokalne","category-samorzad_polityka","tag-sobieskiego","tag-wieza-cisnien"],"yoast_head":"<!-- This site is optimized with the Yoast SEO plugin v27.5 - https:\/\/yoast.com\/product\/yoast-seo-wordpress\/ -->\n<title>RD: Wie\u017ca ci\u015bnie\u0144 przy ul. Sobieskiego na sprzeda\u017c. Spo\u0142ecznicy pytaj\u0105: &quot;czy miasto powinno j\u0105 kupi\u0107?&quot; - 24GLIWICE - Portal Gliwice | codziennie nowe informacje<\/title>\n<meta name=\"robots\" content=\"index, follow, max-snippet:-1, max-image-preview:large, max-video-preview:-1\" \/>\n<link rel=\"canonical\" href=\"https:\/\/www.24gliwice.pl\/wiadomosci\/rd-wieza-cisnien-przy-ul-sobieskiego-na-sprzedaz-spolecznicy-pytaja-czy-miasto-powinno-ja-kupic\/\" \/>\n<meta property=\"og:locale\" content=\"pl_PL\" \/>\n<meta property=\"og:type\" content=\"article\" \/>\n<meta property=\"og:title\" content=\"RD: Wie\u017ca ci\u015bnie\u0144 przy ul. Sobieskiego na sprzeda\u017c. Spo\u0142ecznicy pytaj\u0105: &quot;czy miasto powinno j\u0105 kupi\u0107?&quot; - 24GLIWICE - Portal Gliwice | codziennie nowe informacje\" \/>\n<meta property=\"og:description\" content=\"2,5 mln z\u0142otych trzeba wyda\u0107 na zakup terenu wraz z zabytkow\u0105 wie\u017c\u0105 ci\u015bnie\u0144 przy ul. Sobieskiego. Czy nieruchomo\u015b\u0107 powinna ponownie trafi\u0107 w r\u0119ce miasta? Komentarze w sieci s\u0105 jednoznaczne.\" \/>\n<meta property=\"og:url\" content=\"https:\/\/www.24gliwice.pl\/wiadomosci\/rd-wieza-cisnien-przy-ul-sobieskiego-na-sprzedaz-spolecznicy-pytaja-czy-miasto-powinno-ja-kupic\/\" \/>\n<meta property=\"og:site_name\" content=\"24GLIWICE - Portal Gliwice | codziennie nowe informacje\" \/>\n<meta property=\"article:publisher\" content=\"https:\/\/www.facebook.com\/24gliwice\" \/>\n<meta property=\"article:published_time\" content=\"2026-03-15T02:53:30+00:00\" \/>\n<meta property=\"og:image\" content=\"https:\/\/www.24gliwice.pl\/wiadomosci\/wp-content\/uploads\/2026\/03\/wieza-sobieskiego-1.jpg\" \/>\n\t<meta property=\"og:image:width\" content=\"810\" \/>\n\t<meta property=\"og:image:height\" content=\"456\" \/>\n\t<meta property=\"og:image:type\" content=\"image\/jpeg\" \/>\n<meta name=\"author\" content=\"Micha\u0142 Szewczyk\" \/>\n<meta name=\"twitter:card\" content=\"summary_large_image\" \/>\n<meta name=\"twitter:creator\" content=\"@24gliwice\" \/>\n<meta name=\"twitter:site\" content=\"@24gliwice\" \/>\n<meta name=\"twitter:label1\" content=\"Napisane przez\" \/>\n\t<meta name=\"twitter:data1\" content=\"Micha\u0142 Szewczyk\" \/>\n\t<meta name=\"twitter:label2\" content=\"Szacowany czas czytania\" \/>\n\t<meta name=\"twitter:data2\" content=\"3 minuty\" \/>\n<script type=\"application\/ld+json\" class=\"yoast-schema-graph\">{\"@context\":\"https:\\\/\\\/schema.org\",\"@graph\":[{\"@type\":\"Article\",\"@id\":\"https:\\\/\\\/www.24gliwice.pl\\\/wiadomosci\\\/rd-wieza-cisnien-przy-ul-sobieskiego-na-sprzedaz-spolecznicy-pytaja-czy-miasto-powinno-ja-kupic\\\/#article\",\"isPartOf\":{\"@id\":\"https:\\\/\\\/www.24gliwice.pl\\\/wiadomosci\\\/rd-wieza-cisnien-przy-ul-sobieskiego-na-sprzedaz-spolecznicy-pytaja-czy-miasto-powinno-ja-kupic\\\/\"},\"author\":{\"name\":\"Micha\u0142 Szewczyk\",\"@id\":\"https:\\\/\\\/www.24gliwice.pl\\\/wiadomosci\\\/#\\\/schema\\\/person\\\/940e8f8a097e322de4f463f061ef8d45\"},\"headline\":\"RD: Wie\u017ca ci\u015bnie\u0144 przy ul. Sobieskiego na sprzeda\u017c. Spo\u0142ecznicy pytaj\u0105: &#8220;czy miasto powinno j\u0105 kupi\u0107?&#8221;\",\"datePublished\":\"2026-03-15T02:53:30+00:00\",\"mainEntityOfPage\":{\"@id\":\"https:\\\/\\\/www.24gliwice.pl\\\/wiadomosci\\\/rd-wieza-cisnien-przy-ul-sobieskiego-na-sprzedaz-spolecznicy-pytaja-czy-miasto-powinno-ja-kupic\\\/\"},\"wordCount\":582,\"commentCount\":45,\"publisher\":{\"@id\":\"https:\\\/\\\/www.24gliwice.pl\\\/wiadomosci\\\/#organization\"},\"image\":{\"@id\":\"https:\\\/\\\/www.24gliwice.pl\\\/wiadomosci\\\/rd-wieza-cisnien-przy-ul-sobieskiego-na-sprzedaz-spolecznicy-pytaja-czy-miasto-powinno-ja-kupic\\\/#primaryimage\"},\"thumbnailUrl\":\"https:\\\/\\\/www.24gliwice.pl\\\/wiadomosci\\\/wp-content\\\/uploads\\\/2026\\\/03\\\/wieza-sobieskiego-1.jpg\",\"keywords\":[\"sobieskiego\",\"wie\u017ca ci\u015bnie\u0144\"],\"articleSection\":[\"Gliwice\",\"Najnowsze wiadomo\u015bci\",\"Portal Gliwice - Wiadomo\u015bci lokalne\",\"Samorz\u0105d, polityka\"],\"inLanguage\":\"pl-PL\",\"potentialAction\":[{\"@type\":\"CommentAction\",\"name\":\"Comment\",\"target\":[\"https:\\\/\\\/www.24gliwice.pl\\\/wiadomosci\\\/rd-wieza-cisnien-przy-ul-sobieskiego-na-sprzedaz-spolecznicy-pytaja-czy-miasto-powinno-ja-kupic\\\/#respond\"]}]},{\"@type\":\"WebPage\",\"@id\":\"https:\\\/\\\/www.24gliwice.pl\\\/wiadomosci\\\/rd-wieza-cisnien-przy-ul-sobieskiego-na-sprzedaz-spolecznicy-pytaja-czy-miasto-powinno-ja-kupic\\\/\",\"url\":\"https:\\\/\\\/www.24gliwice.pl\\\/wiadomosci\\\/rd-wieza-cisnien-przy-ul-sobieskiego-na-sprzedaz-spolecznicy-pytaja-czy-miasto-powinno-ja-kupic\\\/\",\"name\":\"RD: Wie\u017ca ci\u015bnie\u0144 przy ul. Sobieskiego na sprzeda\u017c. Spo\u0142ecznicy pytaj\u0105: \\\"czy miasto powinno j\u0105 kupi\u0107?\\\" - 24GLIWICE - Portal Gliwice | codziennie nowe informacje\",\"isPartOf\":{\"@id\":\"https:\\\/\\\/www.24gliwice.pl\\\/wiadomosci\\\/#website\"},\"primaryImageOfPage\":{\"@id\":\"https:\\\/\\\/www.24gliwice.pl\\\/wiadomosci\\\/rd-wieza-cisnien-przy-ul-sobieskiego-na-sprzedaz-spolecznicy-pytaja-czy-miasto-powinno-ja-kupic\\\/#primaryimage\"},\"image\":{\"@id\":\"https:\\\/\\\/www.24gliwice.pl\\\/wiadomosci\\\/rd-wieza-cisnien-przy-ul-sobieskiego-na-sprzedaz-spolecznicy-pytaja-czy-miasto-powinno-ja-kupic\\\/#primaryimage\"},\"thumbnailUrl\":\"https:\\\/\\\/www.24gliwice.pl\\\/wiadomosci\\\/wp-content\\\/uploads\\\/2026\\\/03\\\/wieza-sobieskiego-1.jpg\",\"datePublished\":\"2026-03-15T02:53:30+00:00\",\"breadcrumb\":{\"@id\":\"https:\\\/\\\/www.24gliwice.pl\\\/wiadomosci\\\/rd-wieza-cisnien-przy-ul-sobieskiego-na-sprzedaz-spolecznicy-pytaja-czy-miasto-powinno-ja-kupic\\\/#breadcrumb\"},\"inLanguage\":\"pl-PL\",\"potentialAction\":[{\"@type\":\"ReadAction\",\"target\":[\"https:\\\/\\\/www.24gliwice.pl\\\/wiadomosci\\\/rd-wieza-cisnien-przy-ul-sobieskiego-na-sprzedaz-spolecznicy-pytaja-czy-miasto-powinno-ja-kupic\\\/\"]}]},{\"@type\":\"ImageObject\",\"inLanguage\":\"pl-PL\",\"@id\":\"https:\\\/\\\/www.24gliwice.pl\\\/wiadomosci\\\/rd-wieza-cisnien-przy-ul-sobieskiego-na-sprzedaz-spolecznicy-pytaja-czy-miasto-powinno-ja-kupic\\\/#primaryimage\",\"url\":\"https:\\\/\\\/www.24gliwice.pl\\\/wiadomosci\\\/wp-content\\\/uploads\\\/2026\\\/03\\\/wieza-sobieskiego-1.jpg\",\"contentUrl\":\"https:\\\/\\\/www.24gliwice.pl\\\/wiadomosci\\\/wp-content\\\/uploads\\\/2026\\\/03\\\/wieza-sobieskiego-1.jpg\",\"width\":810,\"height\":456},{\"@type\":\"BreadcrumbList\",\"@id\":\"https:\\\/\\\/www.24gliwice.pl\\\/wiadomosci\\\/rd-wieza-cisnien-przy-ul-sobieskiego-na-sprzedaz-spolecznicy-pytaja-czy-miasto-powinno-ja-kupic\\\/#breadcrumb\",\"itemListElement\":[{\"@type\":\"ListItem\",\"position\":1,\"name\":\"Strona g\u0142\u00f3wna\",\"item\":\"https:\\\/\\\/www.24gliwice.pl\\\/wiadomosci\\\/\"},{\"@type\":\"ListItem\",\"position\":2,\"name\":\"RD: Wie\u017ca ci\u015bnie\u0144 przy ul. Sobieskiego na sprzeda\u017c. Spo\u0142ecznicy pytaj\u0105: &#8220;czy miasto powinno j\u0105 kupi\u0107?&#8221;\"}]},{\"@type\":\"WebSite\",\"@id\":\"https:\\\/\\\/www.24gliwice.pl\\\/wiadomosci\\\/#website\",\"url\":\"https:\\\/\\\/www.24gliwice.pl\\\/wiadomosci\\\/\",\"name\":\"24GLIWICE - Portal Gliwice | codziennie nowe wiadomo\u015bci\",\"description\":\"Portal Miejski Gliwice\",\"publisher\":{\"@id\":\"https:\\\/\\\/www.24gliwice.pl\\\/wiadomosci\\\/#organization\"},\"potentialAction\":[{\"@type\":\"SearchAction\",\"target\":{\"@type\":\"EntryPoint\",\"urlTemplate\":\"https:\\\/\\\/www.24gliwice.pl\\\/wiadomosci\\\/?s={search_term_string}\"},\"query-input\":{\"@type\":\"PropertyValueSpecification\",\"valueRequired\":true,\"valueName\":\"search_term_string\"}}],\"inLanguage\":\"pl-PL\"},{\"@type\":\"Organization\",\"@id\":\"https:\\\/\\\/www.24gliwice.pl\\\/wiadomosci\\\/#organization\",\"name\":\"24gliwice\",\"url\":\"https:\\\/\\\/www.24gliwice.pl\\\/wiadomosci\\\/\",\"logo\":{\"@type\":\"ImageObject\",\"inLanguage\":\"pl-PL\",\"@id\":\"https:\\\/\\\/www.24gliwice.pl\\\/wiadomosci\\\/#\\\/schema\\\/logo\\\/image\\\/\",\"url\":\"https:\\\/\\\/www.24gliwice.pl\\\/wiadomosci\\\/wp-content\\\/uploads\\\/2024\\\/10\\\/24gliwice-logo-696.jpg\",\"contentUrl\":\"https:\\\/\\\/www.24gliwice.pl\\\/wiadomosci\\\/wp-content\\\/uploads\\\/2024\\\/10\\\/24gliwice-logo-696.jpg\",\"width\":696,\"height\":696,\"caption\":\"24gliwice\"},\"image\":{\"@id\":\"https:\\\/\\\/www.24gliwice.pl\\\/wiadomosci\\\/#\\\/schema\\\/logo\\\/image\\\/\"},\"sameAs\":[\"https:\\\/\\\/www.facebook.com\\\/24gliwice\",\"https:\\\/\\\/x.com\\\/24gliwice\",\"https:\\\/\\\/www.youtube.com\\\/@24gliwice\"]},{\"@type\":\"Person\",\"@id\":\"https:\\\/\\\/www.24gliwice.pl\\\/wiadomosci\\\/#\\\/schema\\\/person\\\/940e8f8a097e322de4f463f061ef8d45\",\"name\":\"Micha\u0142 Szewczyk\",\"image\":{\"@type\":\"ImageObject\",\"inLanguage\":\"pl-PL\",\"@id\":\"https:\\\/\\\/secure.gravatar.com\\\/avatar\\\/771b8b6c74cd8d255e46392d605e01a86133900ef09b6ef3c8d451c9d92288cf?s=96&d=mm&r=g\",\"url\":\"https:\\\/\\\/secure.gravatar.com\\\/avatar\\\/771b8b6c74cd8d255e46392d605e01a86133900ef09b6ef3c8d451c9d92288cf?s=96&d=mm&r=g\",\"contentUrl\":\"https:\\\/\\\/secure.gravatar.com\\\/avatar\\\/771b8b6c74cd8d255e46392d605e01a86133900ef09b6ef3c8d451c9d92288cf?s=96&d=mm&r=g\",\"caption\":\"Micha\u0142 Szewczyk\"},\"sameAs\":[\"http:\\\/\\\/www.gazeta-miejska.pl\"],\"url\":\"https:\\\/\\\/www.24gliwice.pl\\\/wiadomosci\\\/author\\\/michal-szewczyk\\\/\"}]}<\/script>\n<!-- \/ Yoast SEO plugin. -->","yoast_head_json":{"title":"RD: Wie\u017ca ci\u015bnie\u0144 przy ul. Sobieskiego na sprzeda\u017c. Spo\u0142ecznicy pytaj\u0105: \"czy miasto powinno j\u0105 kupi\u0107?\" - 24GLIWICE - Portal Gliwice | codziennie nowe informacje","robots":{"index":"index","follow":"follow","max-snippet":"max-snippet:-1","max-image-preview":"max-image-preview:large","max-video-preview":"max-video-preview:-1"},"canonical":"https:\/\/www.24gliwice.pl\/wiadomosci\/rd-wieza-cisnien-przy-ul-sobieskiego-na-sprzedaz-spolecznicy-pytaja-czy-miasto-powinno-ja-kupic\/","og_locale":"pl_PL","og_type":"article","og_title":"RD: Wie\u017ca ci\u015bnie\u0144 przy ul. Sobieskiego na sprzeda\u017c. Spo\u0142ecznicy pytaj\u0105: \"czy miasto powinno j\u0105 kupi\u0107?\" - 24GLIWICE - Portal Gliwice | codziennie nowe informacje","og_description":"2,5 mln z\u0142otych trzeba wyda\u0107 na zakup terenu wraz z zabytkow\u0105 wie\u017c\u0105 ci\u015bnie\u0144 przy ul. Sobieskiego. Czy nieruchomo\u015b\u0107 powinna ponownie trafi\u0107 w r\u0119ce miasta? Komentarze w sieci s\u0105 jednoznaczne.","og_url":"https:\/\/www.24gliwice.pl\/wiadomosci\/rd-wieza-cisnien-przy-ul-sobieskiego-na-sprzedaz-spolecznicy-pytaja-czy-miasto-powinno-ja-kupic\/","og_site_name":"24GLIWICE - Portal Gliwice | codziennie nowe informacje","article_publisher":"https:\/\/www.facebook.com\/24gliwice","article_published_time":"2026-03-15T02:53:30+00:00","og_image":[{"width":810,"height":456,"url":"https:\/\/www.24gliwice.pl\/wiadomosci\/wp-content\/uploads\/2026\/03\/wieza-sobieskiego-1.jpg","type":"image\/jpeg"}],"author":"Micha\u0142 Szewczyk","twitter_card":"summary_large_image","twitter_creator":"@24gliwice","twitter_site":"@24gliwice","twitter_misc":{"Napisane przez":"Micha\u0142 Szewczyk","Szacowany czas czytania":"3 minuty"},"schema":{"@context":"https:\/\/schema.org","@graph":[{"@type":"Article","@id":"https:\/\/www.24gliwice.pl\/wiadomosci\/rd-wieza-cisnien-przy-ul-sobieskiego-na-sprzedaz-spolecznicy-pytaja-czy-miasto-powinno-ja-kupic\/#article","isPartOf":{"@id":"https:\/\/www.24gliwice.pl\/wiadomosci\/rd-wieza-cisnien-przy-ul-sobieskiego-na-sprzedaz-spolecznicy-pytaja-czy-miasto-powinno-ja-kupic\/"},"author":{"name":"Micha\u0142 Szewczyk","@id":"https:\/\/www.24gliwice.pl\/wiadomosci\/#\/schema\/person\/940e8f8a097e322de4f463f061ef8d45"},"headline":"RD: Wie\u017ca ci\u015bnie\u0144 przy ul. Sobieskiego na sprzeda\u017c. Spo\u0142ecznicy pytaj\u0105: &#8220;czy miasto powinno j\u0105 kupi\u0107?&#8221;","datePublished":"2026-03-15T02:53:30+00:00","mainEntityOfPage":{"@id":"https:\/\/www.24gliwice.pl\/wiadomosci\/rd-wieza-cisnien-przy-ul-sobieskiego-na-sprzedaz-spolecznicy-pytaja-czy-miasto-powinno-ja-kupic\/"},"wordCount":582,"commentCount":45,"publisher":{"@id":"https:\/\/www.24gliwice.pl\/wiadomosci\/#organization"},"image":{"@id":"https:\/\/www.24gliwice.pl\/wiadomosci\/rd-wieza-cisnien-przy-ul-sobieskiego-na-sprzedaz-spolecznicy-pytaja-czy-miasto-powinno-ja-kupic\/#primaryimage"},"thumbnailUrl":"https:\/\/www.24gliwice.pl\/wiadomosci\/wp-content\/uploads\/2026\/03\/wieza-sobieskiego-1.jpg","keywords":["sobieskiego","wie\u017ca ci\u015bnie\u0144"],"articleSection":["Gliwice","Najnowsze wiadomo\u015bci","Portal Gliwice - Wiadomo\u015bci lokalne","Samorz\u0105d, polityka"],"inLanguage":"pl-PL","potentialAction":[{"@type":"CommentAction","name":"Comment","target":["https:\/\/www.24gliwice.pl\/wiadomosci\/rd-wieza-cisnien-przy-ul-sobieskiego-na-sprzedaz-spolecznicy-pytaja-czy-miasto-powinno-ja-kupic\/#respond"]}]},{"@type":"WebPage","@id":"https:\/\/www.24gliwice.pl\/wiadomosci\/rd-wieza-cisnien-przy-ul-sobieskiego-na-sprzedaz-spolecznicy-pytaja-czy-miasto-powinno-ja-kupic\/","url":"https:\/\/www.24gliwice.pl\/wiadomosci\/rd-wieza-cisnien-przy-ul-sobieskiego-na-sprzedaz-spolecznicy-pytaja-czy-miasto-powinno-ja-kupic\/","name":"RD: Wie\u017ca ci\u015bnie\u0144 przy ul. Sobieskiego na sprzeda\u017c. Spo\u0142ecznicy pytaj\u0105: \"czy miasto powinno j\u0105 kupi\u0107?\" - 24GLIWICE - Portal Gliwice | codziennie nowe informacje","isPartOf":{"@id":"https:\/\/www.24gliwice.pl\/wiadomosci\/#website"},"primaryImageOfPage":{"@id":"https:\/\/www.24gliwice.pl\/wiadomosci\/rd-wieza-cisnien-przy-ul-sobieskiego-na-sprzedaz-spolecznicy-pytaja-czy-miasto-powinno-ja-kupic\/#primaryimage"},"image":{"@id":"https:\/\/www.24gliwice.pl\/wiadomosci\/rd-wieza-cisnien-przy-ul-sobieskiego-na-sprzedaz-spolecznicy-pytaja-czy-miasto-powinno-ja-kupic\/#primaryimage"},"thumbnailUrl":"https:\/\/www.24gliwice.pl\/wiadomosci\/wp-content\/uploads\/2026\/03\/wieza-sobieskiego-1.jpg","datePublished":"2026-03-15T02:53:30+00:00","breadcrumb":{"@id":"https:\/\/www.24gliwice.pl\/wiadomosci\/rd-wieza-cisnien-przy-ul-sobieskiego-na-sprzedaz-spolecznicy-pytaja-czy-miasto-powinno-ja-kupic\/#breadcrumb"},"inLanguage":"pl-PL","potentialAction":[{"@type":"ReadAction","target":["https:\/\/www.24gliwice.pl\/wiadomosci\/rd-wieza-cisnien-przy-ul-sobieskiego-na-sprzedaz-spolecznicy-pytaja-czy-miasto-powinno-ja-kupic\/"]}]},{"@type":"ImageObject","inLanguage":"pl-PL","@id":"https:\/\/www.24gliwice.pl\/wiadomosci\/rd-wieza-cisnien-przy-ul-sobieskiego-na-sprzedaz-spolecznicy-pytaja-czy-miasto-powinno-ja-kupic\/#primaryimage","url":"https:\/\/www.24gliwice.pl\/wiadomosci\/wp-content\/uploads\/2026\/03\/wieza-sobieskiego-1.jpg","contentUrl":"https:\/\/www.24gliwice.pl\/wiadomosci\/wp-content\/uploads\/2026\/03\/wieza-sobieskiego-1.jpg","width":810,"height":456},{"@type":"BreadcrumbList","@id":"https:\/\/www.24gliwice.pl\/wiadomosci\/rd-wieza-cisnien-przy-ul-sobieskiego-na-sprzedaz-spolecznicy-pytaja-czy-miasto-powinno-ja-kupic\/#breadcrumb","itemListElement":[{"@type":"ListItem","position":1,"name":"Strona g\u0142\u00f3wna","item":"https:\/\/www.24gliwice.pl\/wiadomosci\/"},{"@type":"ListItem","position":2,"name":"RD: Wie\u017ca ci\u015bnie\u0144 przy ul. Sobieskiego na sprzeda\u017c. Spo\u0142ecznicy pytaj\u0105: &#8220;czy miasto powinno j\u0105 kupi\u0107?&#8221;"}]},{"@type":"WebSite","@id":"https:\/\/www.24gliwice.pl\/wiadomosci\/#website","url":"https:\/\/www.24gliwice.pl\/wiadomosci\/","name":"24GLIWICE - Portal Gliwice | codziennie nowe wiadomo\u015bci","description":"Portal Miejski Gliwice","publisher":{"@id":"https:\/\/www.24gliwice.pl\/wiadomosci\/#organization"},"potentialAction":[{"@type":"SearchAction","target":{"@type":"EntryPoint","urlTemplate":"https:\/\/www.24gliwice.pl\/wiadomosci\/?s={search_term_string}"},"query-input":{"@type":"PropertyValueSpecification","valueRequired":true,"valueName":"search_term_string"}}],"inLanguage":"pl-PL"},{"@type":"Organization","@id":"https:\/\/www.24gliwice.pl\/wiadomosci\/#organization","name":"24gliwice","url":"https:\/\/www.24gliwice.pl\/wiadomosci\/","logo":{"@type":"ImageObject","inLanguage":"pl-PL","@id":"https:\/\/www.24gliwice.pl\/wiadomosci\/#\/schema\/logo\/image\/","url":"https:\/\/www.24gliwice.pl\/wiadomosci\/wp-content\/uploads\/2024\/10\/24gliwice-logo-696.jpg","contentUrl":"https:\/\/www.24gliwice.pl\/wiadomosci\/wp-content\/uploads\/2024\/10\/24gliwice-logo-696.jpg","width":696,"height":696,"caption":"24gliwice"},"image":{"@id":"https:\/\/www.24gliwice.pl\/wiadomosci\/#\/schema\/logo\/image\/"},"sameAs":["https:\/\/www.facebook.com\/24gliwice","https:\/\/x.com\/24gliwice","https:\/\/www.youtube.com\/@24gliwice"]},{"@type":"Person","@id":"https:\/\/www.24gliwice.pl\/wiadomosci\/#\/schema\/person\/940e8f8a097e322de4f463f061ef8d45","name":"Micha\u0142 Szewczyk","image":{"@type":"ImageObject","inLanguage":"pl-PL","@id":"https:\/\/secure.gravatar.com\/avatar\/771b8b6c74cd8d255e46392d605e01a86133900ef09b6ef3c8d451c9d92288cf?s=96&d=mm&r=g","url":"https:\/\/secure.gravatar.com\/avatar\/771b8b6c74cd8d255e46392d605e01a86133900ef09b6ef3c8d451c9d92288cf?s=96&d=mm&r=g","contentUrl":"https:\/\/secure.gravatar.com\/avatar\/771b8b6c74cd8d255e46392d605e01a86133900ef09b6ef3c8d451c9d92288cf?s=96&d=mm&r=g","caption":"Micha\u0142 Szewczyk"},"sameAs":["http:\/\/www.gazeta-miejska.pl"],"url":"https:\/\/www.24gliwice.pl\/wiadomosci\/author\/michal-szewczyk\/"}]}},"_links":{"self":[{"href":"https:\/\/www.24gliwice.pl\/wiadomosci\/wp-json\/wp\/v2\/posts\/267868","targetHints":{"allow":["GET"]}}],"collection":[{"href":"https:\/\/www.24gliwice.pl\/wiadomosci\/wp-json\/wp\/v2\/posts"}],"about":[{"href":"https:\/\/www.24gliwice.pl\/wiadomosci\/wp-json\/wp\/v2\/types\/post"}],"author":[{"embeddable":true,"href":"https:\/\/www.24gliwice.pl\/wiadomosci\/wp-json\/wp\/v2\/users\/12"}],"replies":[{"embeddable":true,"href":"https:\/\/www.24gliwice.pl\/wiadomosci\/wp-json\/wp\/v2\/comments?post=267868"}],"version-history":[{"count":0,"href":"https:\/\/www.24gliwice.pl\/wiadomosci\/wp-json\/wp\/v2\/posts\/267868\/revisions"}],"wp:featuredmedia":[{"embeddable":true,"href":"https:\/\/www.24gliwice.pl\/wiadomosci\/wp-json\/wp\/v2\/media\/267883"}],"wp:attachment":[{"href":"https:\/\/www.24gliwice.pl\/wiadomosci\/wp-json\/wp\/v2\/media?parent=267868"}],"wp:term":[{"taxonomy":"category","embeddable":true,"href":"https:\/\/www.24gliwice.pl\/wiadomosci\/wp-json\/wp\/v2\/categories?post=267868"},{"taxonomy":"post_tag","embeddable":true,"href":"https:\/\/www.24gliwice.pl\/wiadomosci\/wp-json\/wp\/v2\/tags?post=267868"}],"curies":[{"name":"wp","href":"https:\/\/api.w.org\/{rel}","templated":true}]}}