{"id":267932,"date":"2026-03-17T15:00:03","date_gmt":"2026-03-17T14:00:03","guid":{"rendered":"https:\/\/www.24gliwice.pl\/wiadomosci\/?p=267932"},"modified":"2026-03-19T21:09:37","modified_gmt":"2026-03-19T20:09:37","slug":"xxii-sesja-rady-miasta-gliwice-2","status":"publish","type":"post","link":"https:\/\/www.24gliwice.pl\/wiadomosci\/xxii-sesja-rady-miasta-gliwice-2\/","title":{"rendered":"XXII sesja Rady Miasta Gliwice"},"content":{"rendered":"<h2>XXII sesja Rady Miasta kadencji 2024-2029 odb\u0119dzie si\u0119 w najbli\u017cszy czwartek, tj. 19 marca 2026 r. Rozpocz\u0119cie zaplanowano na godz. 15:00. Sesja odb\u0119dzie si\u0119 w sali obrad Rady Miasta w Ratuszu Miejskim przy Rynku 1a.<\/h2>\n<p>&nbsp;<\/p>\n<p><strong>Sesje s\u0105 nagrywane i transmitowane na \u017cywo w\u00a0Internecie<\/strong> (obraz i d\u017awi\u0119k), a po zako\u0144czeniu obrad nagranie jest zamieszczane na stronie internetowej i w Biuletynie Informacji Publicznej Urz\u0119du Miejskiego, a tak\u017ce dost\u0119pne jest <a href=\"https:\/\/radni.tv\" target=\"_blank\" rel=\"noopener noreferrer\">na serwerze transmisji obrad jednostek samorz\u0105du terytorialnego<\/a>.<\/p>\n<hr \/>\n<p>Szczeg\u00f3\u0142y dotycz\u0105ce poszczeg\u00f3lnych punkt\u00f3w sesji wraz z projektami uchwa\u0142 znajduj\u0105 si\u0119 w<a href=\"https:\/\/bip.gliwice.eu\/radaMiasta\/sesja\/722\" target=\"_blank\" rel=\"noopener noreferrer\"> Biuletynie Informacji Publicznej.<\/a><\/p>\n<hr \/>\n<p><strong>Porz\u0105dek dzienny sesji:<\/strong><\/p>\n<ol>\n<li>Otwarcie sesji.\n<p style=\"line-height: 70%; \">&nbsp;<\/p>\n<li>Stwierdzenie prawomocno\u015bci obrad.\n<p style=\"line-height: 70%; \">&nbsp;<\/p>\n<\/li>\n<li>Przyj\u0119cie protoko\u0142u sesji nr XXI z dnia 29 stycznia 2026 r.\n<p style=\"line-height: 70%; \">&nbsp;<\/p>\n<li>Komunikaty.\n<p style=\"line-height: 70%; \">&nbsp;<\/p>\n<li>Informacja o pracy Prezydenta Miasta.\n<p style=\"line-height: 70%; \">&nbsp;<\/p>\n<li>Aktualny stan przygotowa\u0144 do realizacji inwestycji &#8220;Budowa w Gliwicach Szpitala Uniwersyteckiego \u2013 Centrum Chor\u00f3b Cywilizacyjnych&#8221;.\n<p style=\"line-height: 70%; \">&nbsp;<\/p>\n<li>Projekt uchwa\u0142y (<strong>druk nr 415\/2026<\/strong>) zmieniaj\u0105cej uchwa\u0142\u0119 w sprawie Wieloletniej Prognozy Finansowej miasta Gliwice.\n<p style=\"line-height: 70%; \">&nbsp;<\/p>\n<li>Projekt uchwa\u0142y (<strong>druk nr 416\/2026<\/strong>) zmieniaj\u0105cej uchwa\u0142\u0119 w sprawie bud\u017cetu miasta Gliwice na 2026 rok.\n<p style=\"line-height: 70%; \">&nbsp;<\/p>\n<li>Projekt uchwa\u0142y (<strong>druk nr 400\/2026<\/strong>) w sprawie wyboru metody ustalenia op\u0142aty za gospodarowanie odpadami komunalnymi.\n<p style=\"line-height: 70%; \">&nbsp;<\/p>\n<li>Projekt uchwa\u0142y (<strong>druk nr 397\/2026<\/strong>) w sprawie wyst\u0105pienia z apelem o niezw\u0142oczne podj\u0119cie zdecydowanych, konsekwentnych i skutecznych dzia\u0142a\u0144 zmierzaj\u0105cych do uzyskania przez Rzeczpospolit\u0105 Polsk\u0105 nale\u017cnych reparacji wojennych od Republiki Federalnej Niemiec za straty poniesione przez nasze pa\u0144stwo i jego obywateli w czasie II wojny \u015bwiatowej (OBYWATELSKA INICJATYWA UCHWA\u0141ODAWCZA).\n<p style=\"line-height: 70%; \">&nbsp;<\/p>\n<li>Projekt uchwa\u0142y (<strong>druk nr 425\/2026<\/strong>) w sprawie przyst\u0105pienia miasta Gliwice do sieci \u201eEUniverCities Network\u201d we wsp\u00f3\u0142pracy z Politechnik\u0105 \u015al\u0105sk\u0105.\n<p style=\"line-height: 70%; \">&nbsp;<\/p>\n<li>Projekt uchwa\u0142y (<strong>druk nr 426\/2026<\/strong>) w sprawie ustalenia regulaminu okre\u015blaj\u0105cego wysoko\u015b\u0107 oraz szczeg\u00f3\u0142owe warunki przyznawania nauczycielom dodatk\u00f3w do wynagrodzenia zasadniczego oraz warunk\u00f3w wyp\u0142acania nagr\u00f3d dla nauczycieli.\n<p style=\"line-height: 70%; \">&nbsp;<\/p>\n<li>Projekt uchwa\u0142y (<strong>druk nr 405\/2026<\/strong>) zmieniaj\u0105cej uchwa\u0142\u0119 Nr XXI\/362\/2026 Rady Miasta Gliwice z dnia 29 stycznia 2026 r. w sprawie nadania imienia Szkole Podstawowej z Oddzia\u0142ami Integracyjnymi nr 1 w Gliwicach w Zespole Szkolno-Przedszkolnym nr 5 w Gliwicach.\n<p style=\"line-height: 70%; \">&nbsp;<\/p>\n<li>Projekt uchwa\u0142y (<strong>druk nr 398\/2026<\/strong>) w sprawie okre\u015blenia zada\u0144 z zakresu rehabilitacji zawodowej i spo\u0142ecznej os\u00f3b niepe\u0142nosprawnych oraz wysoko\u015bci \u015brodk\u00f3w finansowych Pa\u0144stwowego Funduszu Rehabilitacji Os\u00f3b Niepe\u0142nosprawnych na ich realizacj\u0119 w 2026 r.\n<p style=\"line-height: 70%; \">&nbsp;<\/p>\n<li>Projekt uchwa\u0142y (<strong>druk nr 401\/2026<\/strong>) w sprawie podwy\u017cszenia wysoko\u015bci wynagrodze\u0144 przys\u0142uguj\u0105cych rodzinom zast\u0119pczym zawodowym, rodzinom zast\u0119pczym zawodowym specjalistycznym, rodzinom zast\u0119pczym zawodowym pe\u0142ni\u0105cym funkcj\u0119 pogotowia rodzinnego, osobom prowadz\u0105cym rodzinny dom dziecka oraz rodzinom pomocowym.\n<p style=\"line-height: 70%; \">&nbsp;<\/p>\n<li>Projekt uchwa\u0142y (<strong>druk nr 402\/2026<\/strong>) w sprawie przyj\u0119cia gminnego programu os\u0142onowego w zakresie udzielania wsparcia seniorom w wieku 60 lat i wi\u0119cej w ramach programu \u201eKorpus Wsparcia Senior\u00f3w\u201d na rok 2026.\n<p style=\"line-height: 70%; \">&nbsp;<\/p>\n<li>Projekt uchwa\u0142y (<strong>druk nr 399\/2026<\/strong>) w sprawie za\u0142o\u017ce\u0144 do planu zaopatrzenia w ciep\u0142o, energi\u0119 elektryczn\u0105 i paliwa gazowe dla miasta Gliwice z perspektyw\u0105 do 2043 r.\n<p style=\"line-height: 70%; \">&nbsp;<\/p>\n<li>Projekt uchwa\u0142y (<strong>druk nr 403\/2026<\/strong>) w sprawie okre\u015blenia sezonu k\u0105pielowego oraz wykazu k\u0105pielisk na terenie miasta Gliwice w 2026 r.\n<p style=\"line-height: 70%; \">&nbsp;<\/p>\n<li>Projekt uchwa\u0142y (<strong>druk nr 404\/2026<\/strong>) w sprawie programu opieki nad zwierz\u0119tami bezdomnymi oraz zapobiegania bezdomno\u015bci zwierz\u0105t na terenie miasta Gliwice w 2026 r.\n<p style=\"line-height: 70%; \">&nbsp;<\/p>\n<li>Projekt uchwa\u0142y (<strong>druk nr 406\/2026<\/strong>) w sprawie zmiany uchwa\u0142y nr III\/38\/2019 Rady Miasta Gliwice z dnia 7 lutego 2019 r. w sprawie nadania statutu Zarz\u0105dowi Dr\u00f3g Miejskich w Gliwicach.\n<p style=\"line-height: 70%; \">&nbsp;<\/p>\n<li>Projekt uchwa\u0142y (<strong>druk nr 407\/2026<\/strong>) zmieniaj\u0105cej uchwa\u0142\u0119 nr XVII\/340\/2020 Rady Miasta Gliwice z dnia 30 lipca 2020 r. w sprawie okre\u015blenia strefy p\u0142atnego parkowania na drogach publicznych oraz zasad pobierania op\u0142at za parkowanie na terenie miasta Gliwice.\n<p style=\"line-height: 70%; \">&nbsp;<\/p>\n<li>Projekt uchwa\u0142y (<strong>druk nr 408\/2026<\/strong>) w sprawie przyznania pierwsze\u0144stwa w nabyciu gara\u017cy.\n<p style=\"line-height: 70%; \">&nbsp;<\/p>\n<li>Projekt uchwa\u0142y (<strong>druk nr 409\/2026<\/strong>) w sprawie wyra\u017cenia zgody na zbycie prawa w\u0142asno\u015bci kompleksu nieruchomo\u015bci obejmuj\u0105cych dzia\u0142ki nr 1201\/1, 1201\/2, 1201\/3, 1203\/1, 1203\/2, 1203\/3, 1203\/4, 1203\/5, 1203\/6, obr\u0119b \u017berniki, po\u0142o\u017conych w rejonie ul. Oma\u0144kowskiej w Gliwicach, stanowi\u0105cych w\u0142asno\u015b\u0107 miasta Gliwice.\n<p style=\"line-height: 70%; \">&nbsp;<\/p>\n<li>Projekt uchwa\u0142y (<strong>druk nr 412\/2026<\/strong>) w sprawie wyra\u017cenia zgody na zbycie kompleksu nieruchomo\u015bci obejmuj\u0105cego prawo u\u017cytkowania wieczystego dzia\u0142ek nr 23, 24, 25, 26, 27 oraz prawo w\u0142asno\u015bci dzia\u0142ki nr 30, obr\u0119b Nowe Gliwice, po\u0142o\u017conych w Gliwicach pomi\u0119dzy ul. Pszczy\u0144sk\u0105 a ul. Dojazdow\u0105.\n<p style=\"line-height: 70%; \">&nbsp;<\/p>\n<li>Projekt uchwa\u0142y (<strong>druk nr 411\/2026<\/strong>) w sprawie wyra\u017cenia zgody na zbycie cz\u0119\u015bci nieruchomo\u015bci obejmuj\u0105cej niezabudowane dzia\u0142ki nr: 102\/3, 102\/4, 102\/5, 102\/6, 102\/7, 102\/8, 102\/9, 102\/10, 102\/11, 102\/12, 102\/13, 102\/14, 102\/15, 102\/16, 102\/17, obr\u0119b Koz\u0142\u00f3wka, po\u0142o\u017cone w rejonie ul. Kozielskiej i ul. Pu\u0142awskiej w Gliwicach, stanowi\u0105ce w\u0142asno\u015b\u0107 miasta Gliwice.\n<p style=\"line-height: 70%; \">&nbsp;<\/p>\n<li>Projekt uchwa\u0142y (<strong>druk nr 410\/2026<\/strong>) w sprawie wyra\u017cenia zgody na odst\u0105pienie od obowi\u0105zku przetargowego trybu zawarcia kolejnej umowy dzier\u017cawy z dotychczasowym dzier\u017cawc\u0105 i wydzier\u017cawienie nieruchomo\u015bci stanowi\u0105cej w\u0142asno\u015b\u0107 miasta Gliwice, po\u0142o\u017conej w Gliwicach przy ul. Toszeckiej, obejmuj\u0105cej dzia\u0142k\u0119 nr 123 w obr\u0119bie Zatorze.\n<p style=\"line-height: 70%; \">&nbsp;<\/p>\n<li>Projekt uchwa\u0142y (<strong>druk nr 413\/2026<\/strong>) w sprawie miejscowego planu zagospodarowania przestrzennego miasta Gliwice dla obszaru po\u0142o\u017conego w rejonie ul. Gutenberga, Al. Jana Nowaka-Jeziora\u0144skiego i ul. Wycz\u00f3\u0142kowskiego.\n<p style=\"line-height: 70%; \">&nbsp;<\/p>\n<li>Projekt uchwa\u0142y (<strong>druk nr 414\/2026<\/strong>) w sprawie przyj\u0119cia wyst\u0105pienia pokontrolnego Komisji Rewizyjnej.\n<p style=\"line-height: 70%; \">&nbsp;<\/p>\n<li>Projekt uchwa\u0142y (<strong>druk nr 417\/2026<\/strong>) w sprawie rozpatrzenia skargi na dzia\u0142ania Prezydenta Miasta Gliwice.\n<p style=\"line-height: 70%; \">&nbsp;<\/p>\n<li>Projekt uchwa\u0142y (<strong>druk nr 418\/2026<\/strong>) w sprawie w sprawie negatywnego rozpatrzenia wniosku o przeprowadzenie kontroli dzia\u0142a\u0144 Prezydenta Miasta Gliwice i podleg\u0142ego mu Wydzia\u0142u Us\u0142ug Komunalnych\n<p style=\"line-height: 70%; \">&nbsp;<\/p>\n<li>Projekt uchwa\u0142y (<strong>druk nr 419\/2026<\/strong>) w sprawie rozpatrzenia petycji w sprawie nadania nazwy rondu budowanemu w dzielnicy \u0141ab\u0119dy.\n<p style=\"line-height: 70%; \">&nbsp;<\/p>\n<li>Projekt uchwa\u0142y (<strong>druk nr 420\/2026<\/strong>) w sprawie rozpatrzenia petycji w sprawie dba\u0142o\u015bci o poprawno\u015b\u0107 j\u0119zykow\u0105 w przestrzeni publicznej Gliwic.\n<p style=\"line-height: 70%; \">&nbsp;<\/p>\n<li>Projekt uchwa\u0142y (<strong>druk nr 421\/2026<\/strong>) w sprawie rozpatrzenia petycji w sprawie ra\u017c\u0105cych narusze\u0144 prawa w procedurze wydawania kod\u00f3w dost\u0119pu do PSZOK oraz o wdro\u017cenie systemu zgodnego z porz\u0105dkiem prawnym.\n<p style=\"line-height: 70%; \">&nbsp;<\/p>\n<li>Projekt uchwa\u0142y (<strong>druk nr 422\/2026<\/strong>) w sprawie rozpatrzenia petycji w sprawie promocji konsultacji dla mieszka\u0144c\u00f3w.\n<p style=\"line-height: 70%; \">&nbsp;<\/p>\n<li>Projekt uchwa\u0142y (<strong>druk nr 423\/2026<\/strong>) w sprawie cz\u0119\u015bciowego rozpatrzenia petycji w sprawie przyst\u0105pienia miasta Gliwice do og\u00f3lnokrajowego systemu eP\u0142atno\u015bci w zakresie podj\u0119cia uchwa\u0142y intencyjnej oraz stwierdzenia braku w\u0142a\u015bciwo\u015bci do rozpatrzenia petycji w pozosta\u0142ym zakresie.\n<p style=\"line-height: 70%; \">&nbsp;<\/p>\n<li>Projekt uchwa\u0142y (<strong>druk nr 424\/2026<\/strong>) w sprawie cz\u0119\u015bciowego rozpatrzenia petycji w sprawie powo\u0142ania Rady M\u0119\u017cczyzn w zakresie podj\u0119cia uchwa\u0142y intencyjnej, zorganizowania konsultacji spo\u0142ecznych i zabezpieczenia \u015brodk\u00f3w finansowych oraz stwierdzenia braku w\u0142a\u015bciwo\u015bci do rozpatrzenia petycji w pozosta\u0142ym zakresie.\n<p style=\"line-height: 70%; \">&nbsp;<\/p>\n<li>Sprawy r\u00f3\u017cne i wolne wnioski zg\u0142aszane przez radnych.\n<p style=\"line-height: 70%; \">&nbsp;<\/p>\n<li>Zamkni\u0119cie sesji.\n<p style=\"line-height: 70%; \">&nbsp;<\/p>\n<\/ol>\n<p style=\"text-align: right;\"><strong>Przewodnicz\u0105cy<br \/>\nRady Miasta Gliwice<br \/>\nMarek Pszonak<\/strong><\/p>\n<p><span style=\"color: #999999;\"><small><small>publikacja na zlecenie Urz\u0119du Miejskiego w Gliwicach<\/small><\/small><\/span><\/p>\n","protected":false},"excerpt":{"rendered":"<p>XXII sesja Rady Miasta kadencji 2024-2029 odb\u0119dzie si\u0119 w najbli\u017cszy czwartek, tj. 19 marca 2026 r. Rozpocz\u0119cie zaplanowano na godz. 15:00. Sesja odb\u0119dzie si\u0119 w sali obrad Rady Miasta w Ratuszu Miejskim przy Rynku 1a. &nbsp; Sesje s\u0105 nagrywane i transmitowane na \u017cywo w\u00a0Internecie (obraz i d\u017awi\u0119k), a po zako\u0144czeniu obrad nagranie jest zamieszczane na [&hellip;]<\/p>\n","protected":false},"author":4,"featured_media":150626,"comment_status":"closed","ping_status":"closed","sticky":false,"template":"","format":"standard","meta":{"_monsterinsights_skip_tracking":false,"_monsterinsights_sitenote_active":false,"_monsterinsights_sitenote_note":"","_monsterinsights_sitenote_category":0,"footnotes":"","_links_to":"","_links_to_target":""},"categories":[3,1,8],"tags":[38,1420,6957],"class_list":["post-267932","post","type-post","status-publish","format-standard","has-post-thumbnail","hentry","category-gliwice","category-wszystko","category-samorzad_polityka","tag-rada-miasta","tag-rada-miasta-gliwice","tag-sesja-rady-miasta"],"yoast_head":"<!-- This site is optimized with the Yoast SEO plugin v27.5 - https:\/\/yoast.com\/product\/yoast-seo-wordpress\/ -->\n<title>XXII sesja Rady Miasta Gliwice - 24GLIWICE - Portal Gliwice | codziennie nowe informacje<\/title>\n<meta name=\"robots\" content=\"index, follow, max-snippet:-1, max-image-preview:large, max-video-preview:-1\" \/>\n<link rel=\"canonical\" href=\"https:\/\/www.24gliwice.pl\/wiadomosci\/xxii-sesja-rady-miasta-gliwice-2\/\" \/>\n<meta property=\"og:locale\" content=\"pl_PL\" \/>\n<meta property=\"og:type\" content=\"article\" \/>\n<meta property=\"og:title\" content=\"XXII sesja Rady Miasta Gliwice - 24GLIWICE - Portal Gliwice | codziennie nowe informacje\" \/>\n<meta property=\"og:description\" content=\"XXII sesja Rady Miasta kadencji 2024-2029 odb\u0119dzie si\u0119 w najbli\u017cszy czwartek, tj. 19 marca 2026 r. Rozpocz\u0119cie zaplanowano na godz. 15:00. Sesja odb\u0119dzie si\u0119 w sali obrad Rady Miasta w Ratuszu Miejskim przy Rynku 1a. &nbsp; Sesje s\u0105 nagrywane i transmitowane na \u017cywo w\u00a0Internecie (obraz i d\u017awi\u0119k), a po zako\u0144czeniu obrad nagranie jest zamieszczane na [&hellip;]\" \/>\n<meta property=\"og:url\" content=\"https:\/\/www.24gliwice.pl\/wiadomosci\/xxii-sesja-rady-miasta-gliwice-2\/\" \/>\n<meta property=\"og:site_name\" content=\"24GLIWICE - Portal Gliwice | codziennie nowe informacje\" \/>\n<meta property=\"article:publisher\" content=\"https:\/\/www.facebook.com\/24gliwice\" \/>\n<meta property=\"article:author\" content=\"https:\/\/www.facebook.com\/marcin.fabrykowski\" \/>\n<meta property=\"article:published_time\" content=\"2026-03-17T14:00:03+00:00\" \/>\n<meta property=\"article:modified_time\" content=\"2026-03-19T20:09:37+00:00\" \/>\n<meta property=\"og:image\" content=\"https:\/\/www.24gliwice.pl\/wiadomosci\/wp-content\/uploads\/2019\/04\/1-Herb_Gliwic_rada-miasta-001.jpg\" \/>\n\t<meta property=\"og:image:width\" content=\"1118\" \/>\n\t<meta property=\"og:image:height\" content=\"505\" \/>\n\t<meta property=\"og:image:type\" content=\"image\/jpeg\" \/>\n<meta name=\"author\" content=\"Marcin Fabrykowski\" \/>\n<meta name=\"twitter:card\" content=\"summary_large_image\" \/>\n<meta name=\"twitter:creator\" content=\"@24gliwice\" \/>\n<meta name=\"twitter:site\" content=\"@24gliwice\" \/>\n<meta name=\"twitter:label1\" content=\"Napisane przez\" \/>\n\t<meta name=\"twitter:data1\" content=\"Marcin Fabrykowski\" \/>\n\t<meta name=\"twitter:label2\" content=\"Szacowany czas czytania\" \/>\n\t<meta name=\"twitter:data2\" content=\"7 minut\" \/>\n<script type=\"application\/ld+json\" class=\"yoast-schema-graph\">{\"@context\":\"https:\\\/\\\/schema.org\",\"@graph\":[{\"@type\":\"Article\",\"@id\":\"https:\\\/\\\/www.24gliwice.pl\\\/wiadomosci\\\/xxii-sesja-rady-miasta-gliwice-2\\\/#article\",\"isPartOf\":{\"@id\":\"https:\\\/\\\/www.24gliwice.pl\\\/wiadomosci\\\/xxii-sesja-rady-miasta-gliwice-2\\\/\"},\"author\":{\"name\":\"Marcin Fabrykowski\",\"@id\":\"https:\\\/\\\/www.24gliwice.pl\\\/wiadomosci\\\/#\\\/schema\\\/person\\\/cb5857e4a4d048c15984c1edcc8ef0c0\"},\"headline\":\"XXII sesja Rady Miasta Gliwice\",\"datePublished\":\"2026-03-17T14:00:03+00:00\",\"dateModified\":\"2026-03-19T20:09:37+00:00\",\"mainEntityOfPage\":{\"@id\":\"https:\\\/\\\/www.24gliwice.pl\\\/wiadomosci\\\/xxii-sesja-rady-miasta-gliwice-2\\\/\"},\"wordCount\":1149,\"publisher\":{\"@id\":\"https:\\\/\\\/www.24gliwice.pl\\\/wiadomosci\\\/#organization\"},\"image\":{\"@id\":\"https:\\\/\\\/www.24gliwice.pl\\\/wiadomosci\\\/xxii-sesja-rady-miasta-gliwice-2\\\/#primaryimage\"},\"thumbnailUrl\":\"https:\\\/\\\/www.24gliwice.pl\\\/wiadomosci\\\/wp-content\\\/uploads\\\/2019\\\/04\\\/1-Herb_Gliwic_rada-miasta-001.jpg\",\"keywords\":[\"RADA MIASTA\",\"RADA MIASTA GLIWICE\",\"SESJA RADY MIASTA\"],\"articleSection\":[\"Gliwice\",\"Najnowsze wiadomo\u015bci\",\"Samorz\u0105d, polityka\"],\"inLanguage\":\"pl-PL\"},{\"@type\":\"WebPage\",\"@id\":\"https:\\\/\\\/www.24gliwice.pl\\\/wiadomosci\\\/xxii-sesja-rady-miasta-gliwice-2\\\/\",\"url\":\"https:\\\/\\\/www.24gliwice.pl\\\/wiadomosci\\\/xxii-sesja-rady-miasta-gliwice-2\\\/\",\"name\":\"XXII sesja Rady Miasta Gliwice - 24GLIWICE - Portal Gliwice | codziennie nowe informacje\",\"isPartOf\":{\"@id\":\"https:\\\/\\\/www.24gliwice.pl\\\/wiadomosci\\\/#website\"},\"primaryImageOfPage\":{\"@id\":\"https:\\\/\\\/www.24gliwice.pl\\\/wiadomosci\\\/xxii-sesja-rady-miasta-gliwice-2\\\/#primaryimage\"},\"image\":{\"@id\":\"https:\\\/\\\/www.24gliwice.pl\\\/wiadomosci\\\/xxii-sesja-rady-miasta-gliwice-2\\\/#primaryimage\"},\"thumbnailUrl\":\"https:\\\/\\\/www.24gliwice.pl\\\/wiadomosci\\\/wp-content\\\/uploads\\\/2019\\\/04\\\/1-Herb_Gliwic_rada-miasta-001.jpg\",\"datePublished\":\"2026-03-17T14:00:03+00:00\",\"dateModified\":\"2026-03-19T20:09:37+00:00\",\"breadcrumb\":{\"@id\":\"https:\\\/\\\/www.24gliwice.pl\\\/wiadomosci\\\/xxii-sesja-rady-miasta-gliwice-2\\\/#breadcrumb\"},\"inLanguage\":\"pl-PL\",\"potentialAction\":[{\"@type\":\"ReadAction\",\"target\":[\"https:\\\/\\\/www.24gliwice.pl\\\/wiadomosci\\\/xxii-sesja-rady-miasta-gliwice-2\\\/\"]}]},{\"@type\":\"ImageObject\",\"inLanguage\":\"pl-PL\",\"@id\":\"https:\\\/\\\/www.24gliwice.pl\\\/wiadomosci\\\/xxii-sesja-rady-miasta-gliwice-2\\\/#primaryimage\",\"url\":\"https:\\\/\\\/www.24gliwice.pl\\\/wiadomosci\\\/wp-content\\\/uploads\\\/2019\\\/04\\\/1-Herb_Gliwic_rada-miasta-001.jpg\",\"contentUrl\":\"https:\\\/\\\/www.24gliwice.pl\\\/wiadomosci\\\/wp-content\\\/uploads\\\/2019\\\/04\\\/1-Herb_Gliwic_rada-miasta-001.jpg\",\"width\":1118,\"height\":505},{\"@type\":\"BreadcrumbList\",\"@id\":\"https:\\\/\\\/www.24gliwice.pl\\\/wiadomosci\\\/xxii-sesja-rady-miasta-gliwice-2\\\/#breadcrumb\",\"itemListElement\":[{\"@type\":\"ListItem\",\"position\":1,\"name\":\"Strona g\u0142\u00f3wna\",\"item\":\"https:\\\/\\\/www.24gliwice.pl\\\/wiadomosci\\\/\"},{\"@type\":\"ListItem\",\"position\":2,\"name\":\"XXII sesja Rady Miasta Gliwice\"}]},{\"@type\":\"WebSite\",\"@id\":\"https:\\\/\\\/www.24gliwice.pl\\\/wiadomosci\\\/#website\",\"url\":\"https:\\\/\\\/www.24gliwice.pl\\\/wiadomosci\\\/\",\"name\":\"24GLIWICE - Portal Gliwice | codziennie nowe wiadomo\u015bci\",\"description\":\"Portal Miejski Gliwice\",\"publisher\":{\"@id\":\"https:\\\/\\\/www.24gliwice.pl\\\/wiadomosci\\\/#organization\"},\"potentialAction\":[{\"@type\":\"SearchAction\",\"target\":{\"@type\":\"EntryPoint\",\"urlTemplate\":\"https:\\\/\\\/www.24gliwice.pl\\\/wiadomosci\\\/?s={search_term_string}\"},\"query-input\":{\"@type\":\"PropertyValueSpecification\",\"valueRequired\":true,\"valueName\":\"search_term_string\"}}],\"inLanguage\":\"pl-PL\"},{\"@type\":\"Organization\",\"@id\":\"https:\\\/\\\/www.24gliwice.pl\\\/wiadomosci\\\/#organization\",\"name\":\"24gliwice\",\"url\":\"https:\\\/\\\/www.24gliwice.pl\\\/wiadomosci\\\/\",\"logo\":{\"@type\":\"ImageObject\",\"inLanguage\":\"pl-PL\",\"@id\":\"https:\\\/\\\/www.24gliwice.pl\\\/wiadomosci\\\/#\\\/schema\\\/logo\\\/image\\\/\",\"url\":\"https:\\\/\\\/www.24gliwice.pl\\\/wiadomosci\\\/wp-content\\\/uploads\\\/2024\\\/10\\\/24gliwice-logo-696.jpg\",\"contentUrl\":\"https:\\\/\\\/www.24gliwice.pl\\\/wiadomosci\\\/wp-content\\\/uploads\\\/2024\\\/10\\\/24gliwice-logo-696.jpg\",\"width\":696,\"height\":696,\"caption\":\"24gliwice\"},\"image\":{\"@id\":\"https:\\\/\\\/www.24gliwice.pl\\\/wiadomosci\\\/#\\\/schema\\\/logo\\\/image\\\/\"},\"sameAs\":[\"https:\\\/\\\/www.facebook.com\\\/24gliwice\",\"https:\\\/\\\/x.com\\\/24gliwice\",\"https:\\\/\\\/www.youtube.com\\\/@24gliwice\"]},{\"@type\":\"Person\",\"@id\":\"https:\\\/\\\/www.24gliwice.pl\\\/wiadomosci\\\/#\\\/schema\\\/person\\\/cb5857e4a4d048c15984c1edcc8ef0c0\",\"name\":\"Marcin Fabrykowski\",\"image\":{\"@type\":\"ImageObject\",\"inLanguage\":\"pl-PL\",\"@id\":\"https:\\\/\\\/www.24gliwice.pl\\\/wiadomosci\\\/wp-content\\\/uploads\\\/2025\\\/11\\\/zdjecie-moje-marcin-300-96x96.jpg\",\"url\":\"https:\\\/\\\/www.24gliwice.pl\\\/wiadomosci\\\/wp-content\\\/uploads\\\/2025\\\/11\\\/zdjecie-moje-marcin-300-96x96.jpg\",\"contentUrl\":\"https:\\\/\\\/www.24gliwice.pl\\\/wiadomosci\\\/wp-content\\\/uploads\\\/2025\\\/11\\\/zdjecie-moje-marcin-300-96x96.jpg\",\"caption\":\"Marcin Fabrykowski\"},\"sameAs\":[\"http:\\\/\\\/24gliwice.pl\",\"https:\\\/\\\/www.facebook.com\\\/marcin.fabrykowski\"],\"url\":\"https:\\\/\\\/www.24gliwice.pl\\\/wiadomosci\\\/author\\\/marcin-fabrykowski\\\/\"}]}<\/script>\n<!-- \/ Yoast SEO plugin. -->","yoast_head_json":{"title":"XXII sesja Rady Miasta Gliwice - 24GLIWICE - Portal Gliwice | codziennie nowe informacje","robots":{"index":"index","follow":"follow","max-snippet":"max-snippet:-1","max-image-preview":"max-image-preview:large","max-video-preview":"max-video-preview:-1"},"canonical":"https:\/\/www.24gliwice.pl\/wiadomosci\/xxii-sesja-rady-miasta-gliwice-2\/","og_locale":"pl_PL","og_type":"article","og_title":"XXII sesja Rady Miasta Gliwice - 24GLIWICE - Portal Gliwice | codziennie nowe informacje","og_description":"XXII sesja Rady Miasta kadencji 2024-2029 odb\u0119dzie si\u0119 w najbli\u017cszy czwartek, tj. 19 marca 2026 r. Rozpocz\u0119cie zaplanowano na godz. 15:00. Sesja odb\u0119dzie si\u0119 w sali obrad Rady Miasta w Ratuszu Miejskim przy Rynku 1a. &nbsp; Sesje s\u0105 nagrywane i transmitowane na \u017cywo w\u00a0Internecie (obraz i d\u017awi\u0119k), a po zako\u0144czeniu obrad nagranie jest zamieszczane na [&hellip;]","og_url":"https:\/\/www.24gliwice.pl\/wiadomosci\/xxii-sesja-rady-miasta-gliwice-2\/","og_site_name":"24GLIWICE - Portal Gliwice | codziennie nowe informacje","article_publisher":"https:\/\/www.facebook.com\/24gliwice","article_author":"https:\/\/www.facebook.com\/marcin.fabrykowski","article_published_time":"2026-03-17T14:00:03+00:00","article_modified_time":"2026-03-19T20:09:37+00:00","og_image":[{"width":1118,"height":505,"url":"https:\/\/www.24gliwice.pl\/wiadomosci\/wp-content\/uploads\/2019\/04\/1-Herb_Gliwic_rada-miasta-001.jpg","type":"image\/jpeg"}],"author":"Marcin Fabrykowski","twitter_card":"summary_large_image","twitter_creator":"@24gliwice","twitter_site":"@24gliwice","twitter_misc":{"Napisane przez":"Marcin Fabrykowski","Szacowany czas czytania":"7 minut"},"schema":{"@context":"https:\/\/schema.org","@graph":[{"@type":"Article","@id":"https:\/\/www.24gliwice.pl\/wiadomosci\/xxii-sesja-rady-miasta-gliwice-2\/#article","isPartOf":{"@id":"https:\/\/www.24gliwice.pl\/wiadomosci\/xxii-sesja-rady-miasta-gliwice-2\/"},"author":{"name":"Marcin Fabrykowski","@id":"https:\/\/www.24gliwice.pl\/wiadomosci\/#\/schema\/person\/cb5857e4a4d048c15984c1edcc8ef0c0"},"headline":"XXII sesja Rady Miasta Gliwice","datePublished":"2026-03-17T14:00:03+00:00","dateModified":"2026-03-19T20:09:37+00:00","mainEntityOfPage":{"@id":"https:\/\/www.24gliwice.pl\/wiadomosci\/xxii-sesja-rady-miasta-gliwice-2\/"},"wordCount":1149,"publisher":{"@id":"https:\/\/www.24gliwice.pl\/wiadomosci\/#organization"},"image":{"@id":"https:\/\/www.24gliwice.pl\/wiadomosci\/xxii-sesja-rady-miasta-gliwice-2\/#primaryimage"},"thumbnailUrl":"https:\/\/www.24gliwice.pl\/wiadomosci\/wp-content\/uploads\/2019\/04\/1-Herb_Gliwic_rada-miasta-001.jpg","keywords":["RADA MIASTA","RADA MIASTA GLIWICE","SESJA RADY MIASTA"],"articleSection":["Gliwice","Najnowsze wiadomo\u015bci","Samorz\u0105d, polityka"],"inLanguage":"pl-PL"},{"@type":"WebPage","@id":"https:\/\/www.24gliwice.pl\/wiadomosci\/xxii-sesja-rady-miasta-gliwice-2\/","url":"https:\/\/www.24gliwice.pl\/wiadomosci\/xxii-sesja-rady-miasta-gliwice-2\/","name":"XXII sesja Rady Miasta Gliwice - 24GLIWICE - Portal Gliwice | codziennie nowe informacje","isPartOf":{"@id":"https:\/\/www.24gliwice.pl\/wiadomosci\/#website"},"primaryImageOfPage":{"@id":"https:\/\/www.24gliwice.pl\/wiadomosci\/xxii-sesja-rady-miasta-gliwice-2\/#primaryimage"},"image":{"@id":"https:\/\/www.24gliwice.pl\/wiadomosci\/xxii-sesja-rady-miasta-gliwice-2\/#primaryimage"},"thumbnailUrl":"https:\/\/www.24gliwice.pl\/wiadomosci\/wp-content\/uploads\/2019\/04\/1-Herb_Gliwic_rada-miasta-001.jpg","datePublished":"2026-03-17T14:00:03+00:00","dateModified":"2026-03-19T20:09:37+00:00","breadcrumb":{"@id":"https:\/\/www.24gliwice.pl\/wiadomosci\/xxii-sesja-rady-miasta-gliwice-2\/#breadcrumb"},"inLanguage":"pl-PL","potentialAction":[{"@type":"ReadAction","target":["https:\/\/www.24gliwice.pl\/wiadomosci\/xxii-sesja-rady-miasta-gliwice-2\/"]}]},{"@type":"ImageObject","inLanguage":"pl-PL","@id":"https:\/\/www.24gliwice.pl\/wiadomosci\/xxii-sesja-rady-miasta-gliwice-2\/#primaryimage","url":"https:\/\/www.24gliwice.pl\/wiadomosci\/wp-content\/uploads\/2019\/04\/1-Herb_Gliwic_rada-miasta-001.jpg","contentUrl":"https:\/\/www.24gliwice.pl\/wiadomosci\/wp-content\/uploads\/2019\/04\/1-Herb_Gliwic_rada-miasta-001.jpg","width":1118,"height":505},{"@type":"BreadcrumbList","@id":"https:\/\/www.24gliwice.pl\/wiadomosci\/xxii-sesja-rady-miasta-gliwice-2\/#breadcrumb","itemListElement":[{"@type":"ListItem","position":1,"name":"Strona g\u0142\u00f3wna","item":"https:\/\/www.24gliwice.pl\/wiadomosci\/"},{"@type":"ListItem","position":2,"name":"XXII sesja Rady Miasta Gliwice"}]},{"@type":"WebSite","@id":"https:\/\/www.24gliwice.pl\/wiadomosci\/#website","url":"https:\/\/www.24gliwice.pl\/wiadomosci\/","name":"24GLIWICE - Portal Gliwice | codziennie nowe wiadomo\u015bci","description":"Portal Miejski Gliwice","publisher":{"@id":"https:\/\/www.24gliwice.pl\/wiadomosci\/#organization"},"potentialAction":[{"@type":"SearchAction","target":{"@type":"EntryPoint","urlTemplate":"https:\/\/www.24gliwice.pl\/wiadomosci\/?s={search_term_string}"},"query-input":{"@type":"PropertyValueSpecification","valueRequired":true,"valueName":"search_term_string"}}],"inLanguage":"pl-PL"},{"@type":"Organization","@id":"https:\/\/www.24gliwice.pl\/wiadomosci\/#organization","name":"24gliwice","url":"https:\/\/www.24gliwice.pl\/wiadomosci\/","logo":{"@type":"ImageObject","inLanguage":"pl-PL","@id":"https:\/\/www.24gliwice.pl\/wiadomosci\/#\/schema\/logo\/image\/","url":"https:\/\/www.24gliwice.pl\/wiadomosci\/wp-content\/uploads\/2024\/10\/24gliwice-logo-696.jpg","contentUrl":"https:\/\/www.24gliwice.pl\/wiadomosci\/wp-content\/uploads\/2024\/10\/24gliwice-logo-696.jpg","width":696,"height":696,"caption":"24gliwice"},"image":{"@id":"https:\/\/www.24gliwice.pl\/wiadomosci\/#\/schema\/logo\/image\/"},"sameAs":["https:\/\/www.facebook.com\/24gliwice","https:\/\/x.com\/24gliwice","https:\/\/www.youtube.com\/@24gliwice"]},{"@type":"Person","@id":"https:\/\/www.24gliwice.pl\/wiadomosci\/#\/schema\/person\/cb5857e4a4d048c15984c1edcc8ef0c0","name":"Marcin Fabrykowski","image":{"@type":"ImageObject","inLanguage":"pl-PL","@id":"https:\/\/www.24gliwice.pl\/wiadomosci\/wp-content\/uploads\/2025\/11\/zdjecie-moje-marcin-300-96x96.jpg","url":"https:\/\/www.24gliwice.pl\/wiadomosci\/wp-content\/uploads\/2025\/11\/zdjecie-moje-marcin-300-96x96.jpg","contentUrl":"https:\/\/www.24gliwice.pl\/wiadomosci\/wp-content\/uploads\/2025\/11\/zdjecie-moje-marcin-300-96x96.jpg","caption":"Marcin Fabrykowski"},"sameAs":["http:\/\/24gliwice.pl","https:\/\/www.facebook.com\/marcin.fabrykowski"],"url":"https:\/\/www.24gliwice.pl\/wiadomosci\/author\/marcin-fabrykowski\/"}]}},"_links":{"self":[{"href":"https:\/\/www.24gliwice.pl\/wiadomosci\/wp-json\/wp\/v2\/posts\/267932","targetHints":{"allow":["GET"]}}],"collection":[{"href":"https:\/\/www.24gliwice.pl\/wiadomosci\/wp-json\/wp\/v2\/posts"}],"about":[{"href":"https:\/\/www.24gliwice.pl\/wiadomosci\/wp-json\/wp\/v2\/types\/post"}],"author":[{"embeddable":true,"href":"https:\/\/www.24gliwice.pl\/wiadomosci\/wp-json\/wp\/v2\/users\/4"}],"replies":[{"embeddable":true,"href":"https:\/\/www.24gliwice.pl\/wiadomosci\/wp-json\/wp\/v2\/comments?post=267932"}],"version-history":[{"count":0,"href":"https:\/\/www.24gliwice.pl\/wiadomosci\/wp-json\/wp\/v2\/posts\/267932\/revisions"}],"wp:featuredmedia":[{"embeddable":true,"href":"https:\/\/www.24gliwice.pl\/wiadomosci\/wp-json\/wp\/v2\/media\/150626"}],"wp:attachment":[{"href":"https:\/\/www.24gliwice.pl\/wiadomosci\/wp-json\/wp\/v2\/media?parent=267932"}],"wp:term":[{"taxonomy":"category","embeddable":true,"href":"https:\/\/www.24gliwice.pl\/wiadomosci\/wp-json\/wp\/v2\/categories?post=267932"},{"taxonomy":"post_tag","embeddable":true,"href":"https:\/\/www.24gliwice.pl\/wiadomosci\/wp-json\/wp\/v2\/tags?post=267932"}],"curies":[{"name":"wp","href":"https:\/\/api.w.org\/{rel}","templated":true}]}}