{"id":269718,"date":"2026-04-27T04:39:03","date_gmt":"2026-04-27T02:39:03","guid":{"rendered":"https:\/\/www.24gliwice.pl\/wiadomosci\/?p=269718"},"modified":"2026-04-27T04:39:03","modified_gmt":"2026-04-27T02:39:03","slug":"powiedzcie-co-jest-w-tej-ekspertyzie-czy-jest-nakaz-rozbiorki-radni-pytaja-o-okraglaka-prezydent-milczy","status":"publish","type":"post","link":"https:\/\/www.24gliwice.pl\/wiadomosci\/powiedzcie-co-jest-w-tej-ekspertyzie-czy-jest-nakaz-rozbiorki-radni-pytaja-o-okraglaka-prezydent-milczy\/","title":{"rendered":"&#8220;Powiedzcie, co jest w tej ekspertyzie, czy jest nakaz rozbi\u00f3rki?&#8221;. Radni pytaj\u0105 o Okr\u0105glaka, prezydent milczy"},"content":{"rendered":"<div class=\"gliwi-a6-nad-leadem-artykulow gliwi-entity-placement\" id=\"gliwi-3943634898\"><div class=\"gliwi-adlabel\"><span style=\"font-size: 9px\">REKLAMA<\/span><\/div><div id=\"gliwi-3744748720\" style=\"margin-bottom: 25px;margin-left: auto;margin-right: auto;text-align: center;\"><a data-no-instant=\"1\" href=\"https:\/\/dom100.eu\/\" rel=\"noopener\" class=\"a2t-link\" target=\"_blank\" aria-label=\"20260415 DOM100 D\"><img loading=\"lazy\" decoding=\"async\" src=\"https:\/\/www.24gliwice.pl\/wiadomosci\/wp-content\/uploads\/2026\/04\/20260415-DOM100-D.jpg\" alt=\"\"  srcset=\"https:\/\/www.24gliwice.pl\/wiadomosci\/wp-content\/uploads\/2026\/04\/20260415-DOM100-D.jpg 750w, https:\/\/www.24gliwice.pl\/wiadomosci\/wp-content\/uploads\/2026\/04\/20260415-DOM100-D-410x109.jpg 410w\" sizes=\"(max-width: 750px) 100vw, 750px\" class=\"no-lazyload\" width=\"750\" height=\"200\"  style=\"display: inline-block; max-width: 100%; height: auto;\" \/><\/a><\/div><\/div><h3>&#8211; Co jest w tej ekspertyzie, \u017ce si\u0119 jej tak boicie? Czy jest nakaz rozbi\u00f3rki dachu, czy rozbi\u00f3rki ca\u0142ego obiektu? &#8211; pyta\u0142 radny \u0141ukasz Chmielewski podczas ostatniej sesji Rady Miasta. Sprawa budowy Okr\u0105glaka przy Placu Grunwaldzkim, na kt\u00f3r\u0105 miasto wyda\u0142o ok. 3,5 mln z\u0142 budzi coraz wi\u0119cej kontrowersji. Radni zadawali wiele pyta\u0144 kierowanych do prezydent Gliwic. Nie uzyskali jednak \u017cadnej odpowiedzi.<\/h3>\n<p><!--more--><\/p>\n<p>Milczenie jest z\u0142otem? W kwestii Okr\u0105glaka, podczas trwaj\u0105cej oko\u0142o 40-minut &#8220;dyskusji&#8221;, prezydent Kuczy\u0144ska-Budka nie zabra\u0142a g\u0142osu, a zatem nie rozwia\u0142a \u017cadnych w\u0105tpliwo\u015bci. <\/p>\n<p>Pyta\u0144 za\u015b by\u0142o wiele. <\/p><div class=\"gliwi-a3-w-tresci-artykulow gliwi-entity-placement\" id=\"gliwi-2528808099\"><div class=\"gliwi-adlabel\"><span style=\"font-size: 9px\">REKLAMA<\/span><\/div><div id=\"gliwi-818614718\" style=\"margin-bottom: 30px;margin-left: auto;margin-right: auto;text-align: center;\"><a data-no-instant=\"1\" href=\"https:\/\/ogrodyandersa.pl\/\" rel=\"noopener\" class=\"a2t-link\" target=\"_blank\" aria-label=\"20260415 Ogrody Andersa KUP TERAZ D\"><img loading=\"lazy\" decoding=\"async\" src=\"https:\/\/www.24gliwice.pl\/wiadomosci\/wp-content\/uploads\/2026\/04\/20260415-Ogrody-Andersa-KUP-TERAZ-D.jpg\" alt=\"\"  srcset=\"https:\/\/www.24gliwice.pl\/wiadomosci\/wp-content\/uploads\/2026\/04\/20260415-Ogrody-Andersa-KUP-TERAZ-D.jpg 750w, https:\/\/www.24gliwice.pl\/wiadomosci\/wp-content\/uploads\/2026\/04\/20260415-Ogrody-Andersa-KUP-TERAZ-D-410x109.jpg 410w\" sizes=\"(max-width: 750px) 100vw, 750px\" class=\"no-lazyload\" width=\"750\" height=\"200\"  style=\"display: inline-block; max-width: 100%; height: auto;\" \/><\/a><\/div><\/div>\n<p><strong>A tak wygl\u0105da\u0142y pr\u00f3by uzyskania informacji od milcz\u0105cej prezydent:<\/strong><\/p>\n<div id=\"fb-root\"><\/div>\n<p><script async defer crossorigin=\"anonymous\" src=\"https:\/\/connect.facebook.net\/pl_PL\/sdk.js#xfbml=1&#038;version=v25.0&#038;appId=526665801043948\"><\/script><\/p>\n<div class=\"fb-video\" data-href=\"https:\/\/www.facebook.com\/reel\/1514351800394238\/\" data-width=\"300\" data-show-text=\"false\"><\/div>\n<p>Problem nakre\u015bli\u0142 chronologicznie radny <strong>Adam Neumann <\/strong>(Koalicja dla Gliwic).<\/p>\n<p>&#8211; <em>Na 18 grudnia ub.r. radni zostali zaproszeni przez MZUK na odbi\u00f3r zako\u0144czonej inwestycji. Gdy pojawili\u015bmy si\u0119 przy Okr\u0105glaku na Placu Grunwaldzkim okaza\u0142o si\u0119, \u017ce MZUK, w osobach pani dyrektor i jej zast\u0119pcy, stwierdzili, \u017ce to wcale nie b\u0119dzie odbi\u00f3r, tylko takie jakie\u015b spotkanie, ale powsta\u0142 protok\u00f3\u0142, w kt\u00f3rym wynotowano liczne usterki, w tym bardzo istotne w\u0105tpliwo\u015bci co do posadowienia i zakotwienia legar\u00f3w dachowych. Wpisano do protoko\u0142u r\u00f3wnie\u017c, \u017ce radni zostan\u0105 zawiadomieni o kolejnym spotkaniu odbiorowym, gdy usterki zostan\u0105 usuni\u0119te<\/em> &#8211; m\u00f3wi\u0142 Neumann.<\/p>\n<blockquote><p>I co si\u0119 potem wydarzy\u0142o: w ci\u0105gu 5 dni, nagle odby\u0142 si\u0119 odbi\u00f3r (ju\u017c bez udzia\u0142u radnych i bez poinformowania kogokolwiek z opinii publicznej) bezusterkowy i zosta\u0142o wyp\u0142acone pe\u0142ne wynagrodzenie wykonawcy<\/p><\/blockquote>\n<p>&#8211; kontynuowa\u0142.<\/p>\n<p><em>&#8211; Jak w ci\u0105gu 5 dni tak liczne usterki zosta\u0142y usuni\u0119te? Co w tej chwili dzieje si\u0119 w tym pawilonie, kto odpowiada za bezpiecze\u0144stwo, bo wszystko wskazuje na to, \u017ce tam grozi katastrofa budowlana zwi\u0105zana z b\u0142\u0119dnym zakotwieniem konstrukcji dachu. Kto dzisiaj dysponuje kluczami do tego obiektu, kto za to wszystko odpowiada?<\/em> &#8211; pyta\u0142 radny.<\/p>\n<p style=\"padding-left: 80px;text-align: left\"><strong><span style=\"color: #ff0000\">Wcze\u015bniej pisali\u015bmy:<\/span><\/strong><\/p>\n<blockquote class=\"wp-embedded-content\" data-secret=\"uMqj546OCS\"><p><a href=\"https:\/\/www.24gliwice.pl\/wiadomosci\/projektanci-zawiadomili-pinb-trwaja-odbiory-okraglaka-inwestycja-zgodna-z-dokumentacja-projektowa\/\">Projektanci zawiadomili PINB, trwaj\u0105 odbiory &#8220;Okr\u0105glaka&#8221;. &#8220;Inwestycja zgodna z dokumentacj\u0105 projektow\u0105&#8221;<\/a><\/p><\/blockquote>\n<p><iframe loading=\"lazy\" class=\"wp-embedded-content\" sandbox=\"allow-scripts\" security=\"restricted\" style=\"position: absolute; visibility: hidden;\" title=\"&#8222;Projektanci zawiadomili PINB, trwaj\u0105 odbiory &#8220;Okr\u0105glaka&#8221;. &#8220;Inwestycja zgodna z dokumentacj\u0105 projektow\u0105&#8221;&#8221; &#8212; 24GLIWICE - Portal Gliwice | codziennie nowe informacje\" src=\"https:\/\/www.24gliwice.pl\/wiadomosci\/projektanci-zawiadomili-pinb-trwaja-odbiory-okraglaka-inwestycja-zgodna-z-dokumentacja-projektowa\/embed\/#?secret=IOTlK06WgV#?secret=uMqj546OCS\" data-secret=\"uMqj546OCS\" width=\"600\" height=\"338\" frameborder=\"0\" marginwidth=\"0\" marginheight=\"0\" scrolling=\"no\"><\/iframe><\/p>\n<p><em>&#8211; Mieszka\u0144c\u00f3w przede wszystkim interesuje, kiedy ten lokal zostanie otwarty?<\/em> &#8211; pyta\u0142a <strong>Alicja Mainusch-Buhl<\/strong> (Wsp\u00f3lny Ratusz).<\/p>\n<p>Z kolei radny<strong> \u0141ukasz Chmielewski <\/strong>(PiS) chcia\u0142, aby podczas sesji przedstawione zosta\u0142y wyniki ekspertyzy zleconej przez miasto, za kt\u00f3r\u0105 zap\u0142acono 147 tys. z\u0142. Jak wskazywa\u0142, p\u00f3\u0142 godziny przed sesj\u0105 otrzyma\u0142 informacj\u0119, \u017ce radni mog\u0105 mie\u0107 do niej wgl\u0105d tylko w siedzibie Urz\u0119du Miejskiego, z zastrze\u017ceniem nieujawniania tre\u015bci.<\/p>\n<blockquote><p>Co jest w tej ekspertyzie, \u017ce jej si\u0119 tak boicie? Jakie s\u0105 wnioski? Czy jest nakaz rozbi\u00f3rki? Czy jest nakaz rozbi\u00f3rki dachu? Czy jest nakaz rozbi\u00f3rki obiektu? Czego Wy si\u0119 tak boicie? Powiedzcie, co jest w tej ekspertyzie<\/p><\/blockquote>\n<p>&#8211;<em> Z prywatnych pieni\u0119dzy Wy za ni\u0105 nie zap\u0142acili\u015bcie. To s\u0105 \u015brodki publiczne. 3,5 mln z\u0142 wydane na inwestycj\u0119. Dodatkowe prawie 200 tys. z\u0142 dla wykonawcy, 147 tys. z\u0142 na ekspertyz\u0119, a Wy milczycie. <\/em> &#8211; m\u00f3wi\u0142 Chmielewski. Z kolei radny <strong>Olaf Pest <\/strong>(PiS) docieka\u0142 m.in. sprawy uprawnie\u0144 kierownika budowy.<\/p>\n<p>Na te, a tak\u017ce na kolejne zadane przez radnych pytania, ani prezydent Gliwic, ani \u017caden z jej zast\u0119pc\u00f3w, nie udzielili odpowiedzi. <em>&#8211; Musz\u0119 powiedzie\u0107, \u017ce podobnie jak radny Adam Neumann, nie rozumiem dlaczego z drugiej strony mamy dzisiaj milczenie. To, \u017ce taki punkt (w porz\u0105dku obrad, red.) si\u0119 pojawi\u0142, by\u0142o wiadomo od kilku dni. Wi\u0119c przynajmniej kr\u00f3tka odpowied\u017a powinna z Pa\u0144stwa strony &#8211; pani prezydent, pani wiceprezydent &#8211; pa\u015b\u0107<\/em> &#8211; komentowa\u0142 radny <strong>Adam Michczy\u0144ski<\/strong> (PiS).<\/p>\n<blockquote><p>To milczenie jest wymowne. \u015awiadczy o tym, \u017ce problem jest powa\u017cny i na pewno o nim nie zapomnimy<\/p><\/blockquote>\n<p>&#8211; m\u00f3wi\u0142 Neumann.<\/p>\n<p>&#8211; 111 milion\u00f3w na remont Ruin Teatru Victoria, a my si\u0119 nie potrafimy dopyta\u0107 o inwestycj\u0119 za 3,5 mln? 111 milion\u00f3w mamy wyda\u0107 za chwil\u0119. To pokazuje, po prostu kabaret. Kabaret, a nie realne zarz\u0105dzanie miastem &#8211; podkre\u015bla\u0142 Chmielewski.<\/p>\n<p>Po trwaj\u0105cych 40 minut pr\u00f3bach sk\u0142onienia prezydent do zabrania g\u0142osu, radni zako\u0144czyli dyskusj\u0119. Do sprawy wr\u00f3c\u0105 na kolejnej sesji, licz\u0105c, \u017ce tym razem w\u0142adze miasta odpowiedz\u0105 na liczne pytania.<\/p>\n<p>(\u017cms)<\/p>\n<div class=\"gliwi-a5-na-koncu-artykulow gliwi-entity-placement\" id=\"gliwi-903261880\"><div class=\"gliwi-adlabel\"><span style=\"font-size: 9px\">REKLAMA<\/span><\/div><div id=\"gliwi-2337324034\" style=\"margin-left: auto;margin-right: auto;text-align: center;\"><a data-no-instant=\"1\" href=\"https:\/\/prezeroarenagliwice.pl\/\" rel=\"noopener\" class=\"a2t-link\" target=\"_blank\" aria-label=\"20260309-PREZERO-WIOSNA-D\"><img loading=\"lazy\" decoding=\"async\" src=\"https:\/\/www.24gliwice.pl\/wiadomosci\/wp-content\/uploads\/2026\/03\/20260309-PREZERO-WIOSNA-D.webp\" alt=\"\"  srcset=\"https:\/\/www.24gliwice.pl\/wiadomosci\/wp-content\/uploads\/2026\/03\/20260309-PREZERO-WIOSNA-D.webp 750w, https:\/\/www.24gliwice.pl\/wiadomosci\/wp-content\/uploads\/2026\/03\/20260309-PREZERO-WIOSNA-D-410x109.webp 410w\" sizes=\"(max-width: 750px) 100vw, 750px\" class=\"no-lazyload\" width=\"750\" height=\"200\"  style=\"display: inline-block; max-width: 100%; height: auto;\" \/><\/a><\/div><\/div>","protected":false},"excerpt":{"rendered":"<p>&#8211; Co jest w tej ekspertyzie, \u017ce si\u0119 jej tak boicie? Czy jest nakaz rozbi\u00f3rki dachu, czy rozbi\u00f3rki ca\u0142ego obiektu? &#8211; pyta\u0142 radny \u0141ukasz Chmielewski podczas ostatniej sesji Rady Miasta. Sprawa budowy Okr\u0105glaka przy Placu Grunwaldzkim, na kt\u00f3r\u0105 miasto wyda\u0142o ok. 3,5 mln z\u0142 budzi coraz wi\u0119cej kontrowersji. Radni zadawali wiele pyta\u0144 kierowanych do prezydent [&hellip;]<\/p>\n","protected":false},"author":15,"featured_media":269778,"comment_status":"open","ping_status":"closed","sticky":false,"template":"","format":"standard","meta":{"_monsterinsights_skip_tracking":false,"_monsterinsights_sitenote_active":false,"_monsterinsights_sitenote_note":"","_monsterinsights_sitenote_category":0,"footnotes":"","_links_to":"","_links_to_target":""},"categories":[3,1,9,8,4],"tags":[14094,3660,12605,6957],"class_list":["post-269718","post","type-post","status-publish","format-standard","has-post-thumbnail","hentry","category-gliwice","category-wszystko","category-aktualnosci_lokalne","category-samorzad_polityka","category-telewizja-gliwice","tag-katarzyna-kuczynska-budka","tag-okraglak","tag-plac-grunwaldzki","tag-sesja-rady-miasta"],"yoast_head":"<!-- This site is optimized with the Yoast SEO plugin v27.4 - https:\/\/yoast.com\/product\/yoast-seo-wordpress\/ -->\n<title>&quot;Powiedzcie, co jest w tej ekspertyzie, czy jest nakaz rozbi\u00f3rki?&quot;. Radni pytaj\u0105 o Okr\u0105glaka, prezydent milczy - 24GLIWICE - Portal Gliwice | codziennie nowe informacje<\/title>\n<meta name=\"description\" content=\"Podczas sesji Rady Miasta 23 kwietnia radni pytali prezydent Gliwic o spraw\u0119 ekspertyzy dotycz\u0105cej Okr\u0105glaka, ale nie otrzymali odpowiedzi\" \/>\n<meta name=\"robots\" content=\"index, follow, max-snippet:-1, max-image-preview:large, max-video-preview:-1\" \/>\n<link rel=\"canonical\" href=\"https:\/\/www.24gliwice.pl\/wiadomosci\/powiedzcie-co-jest-w-tej-ekspertyzie-czy-jest-nakaz-rozbiorki-radni-pytaja-o-okraglaka-prezydent-milczy\/\" \/>\n<meta property=\"og:locale\" content=\"pl_PL\" \/>\n<meta property=\"og:type\" content=\"article\" \/>\n<meta property=\"og:title\" content=\"&quot;Powiedzcie, co jest w tej ekspertyzie, czy jest nakaz rozbi\u00f3rki?&quot;. Radni pytaj\u0105 o Okr\u0105glaka, prezydent milczy - 24GLIWICE - Portal Gliwice | codziennie nowe informacje\" \/>\n<meta property=\"og:description\" content=\"Podczas sesji Rady Miasta 23 kwietnia radni pytali prezydent Gliwic o spraw\u0119 ekspertyzy dotycz\u0105cej Okr\u0105glaka, ale nie otrzymali odpowiedzi\" \/>\n<meta property=\"og:url\" content=\"https:\/\/www.24gliwice.pl\/wiadomosci\/powiedzcie-co-jest-w-tej-ekspertyzie-czy-jest-nakaz-rozbiorki-radni-pytaja-o-okraglaka-prezydent-milczy\/\" \/>\n<meta property=\"og:site_name\" content=\"24GLIWICE - Portal Gliwice | codziennie nowe informacje\" \/>\n<meta property=\"article:publisher\" content=\"https:\/\/www.facebook.com\/24gliwice\" \/>\n<meta property=\"article:published_time\" content=\"2026-04-27T02:39:03+00:00\" \/>\n<meta property=\"og:image\" content=\"https:\/\/www.24gliwice.pl\/wiadomosci\/wp-content\/uploads\/2026\/04\/okraglak-kuczynska-budka-1.jpg\" \/>\n\t<meta property=\"og:image:width\" content=\"800\" \/>\n\t<meta property=\"og:image:height\" content=\"450\" \/>\n\t<meta property=\"og:image:type\" content=\"image\/jpeg\" \/>\n<meta name=\"author\" content=\"\u017baneta Mrozek-Siewierska\" \/>\n<meta name=\"twitter:card\" content=\"summary_large_image\" \/>\n<meta name=\"twitter:creator\" content=\"@24gliwice\" \/>\n<meta name=\"twitter:site\" content=\"@24gliwice\" \/>\n<meta name=\"twitter:label1\" content=\"Napisane przez\" \/>\n\t<meta name=\"twitter:data1\" content=\"\u017baneta Mrozek-Siewierska\" \/>\n\t<meta name=\"twitter:label2\" content=\"Szacowany czas czytania\" \/>\n\t<meta name=\"twitter:data2\" content=\"4 minuty\" \/>\n<script type=\"application\/ld+json\" class=\"yoast-schema-graph\">{\"@context\":\"https:\\\/\\\/schema.org\",\"@graph\":[{\"@type\":\"Article\",\"@id\":\"https:\\\/\\\/www.24gliwice.pl\\\/wiadomosci\\\/powiedzcie-co-jest-w-tej-ekspertyzie-czy-jest-nakaz-rozbiorki-radni-pytaja-o-okraglaka-prezydent-milczy\\\/#article\",\"isPartOf\":{\"@id\":\"https:\\\/\\\/www.24gliwice.pl\\\/wiadomosci\\\/powiedzcie-co-jest-w-tej-ekspertyzie-czy-jest-nakaz-rozbiorki-radni-pytaja-o-okraglaka-prezydent-milczy\\\/\"},\"author\":{\"name\":\"\u017baneta Mrozek-Siewierska\",\"@id\":\"https:\\\/\\\/www.24gliwice.pl\\\/wiadomosci\\\/#\\\/schema\\\/person\\\/e42c650edd7f2fa332be3811fb166b6e\"},\"headline\":\"&#8220;Powiedzcie, co jest w tej ekspertyzie, czy jest nakaz rozbi\u00f3rki?&#8221;. Radni pytaj\u0105 o Okr\u0105glaka, prezydent milczy\",\"datePublished\":\"2026-04-27T02:39:03+00:00\",\"mainEntityOfPage\":{\"@id\":\"https:\\\/\\\/www.24gliwice.pl\\\/wiadomosci\\\/powiedzcie-co-jest-w-tej-ekspertyzie-czy-jest-nakaz-rozbiorki-radni-pytaja-o-okraglaka-prezydent-milczy\\\/\"},\"wordCount\":702,\"commentCount\":9,\"publisher\":{\"@id\":\"https:\\\/\\\/www.24gliwice.pl\\\/wiadomosci\\\/#organization\"},\"image\":{\"@id\":\"https:\\\/\\\/www.24gliwice.pl\\\/wiadomosci\\\/powiedzcie-co-jest-w-tej-ekspertyzie-czy-jest-nakaz-rozbiorki-radni-pytaja-o-okraglaka-prezydent-milczy\\\/#primaryimage\"},\"thumbnailUrl\":\"https:\\\/\\\/www.24gliwice.pl\\\/wiadomosci\\\/wp-content\\\/uploads\\\/2026\\\/04\\\/okraglak-kuczynska-budka-1.jpg\",\"keywords\":[\"KATARZYNA KUCZY\u0143SKA-BUDKA\",\"OKR\u0104GLAK\",\"plac grunwaldzki\",\"SESJA RADY MIASTA\"],\"articleSection\":[\"Gliwice\",\"Najnowsze wiadomo\u015bci\",\"Portal Gliwice - Wiadomo\u015bci lokalne\",\"Samorz\u0105d, polityka\",\"Telewizja, materia\u0142y wideo\"],\"inLanguage\":\"pl-PL\",\"potentialAction\":[{\"@type\":\"CommentAction\",\"name\":\"Comment\",\"target\":[\"https:\\\/\\\/www.24gliwice.pl\\\/wiadomosci\\\/powiedzcie-co-jest-w-tej-ekspertyzie-czy-jest-nakaz-rozbiorki-radni-pytaja-o-okraglaka-prezydent-milczy\\\/#respond\"]}]},{\"@type\":\"WebPage\",\"@id\":\"https:\\\/\\\/www.24gliwice.pl\\\/wiadomosci\\\/powiedzcie-co-jest-w-tej-ekspertyzie-czy-jest-nakaz-rozbiorki-radni-pytaja-o-okraglaka-prezydent-milczy\\\/\",\"url\":\"https:\\\/\\\/www.24gliwice.pl\\\/wiadomosci\\\/powiedzcie-co-jest-w-tej-ekspertyzie-czy-jest-nakaz-rozbiorki-radni-pytaja-o-okraglaka-prezydent-milczy\\\/\",\"name\":\"\\\"Powiedzcie, co jest w tej ekspertyzie, czy jest nakaz rozbi\u00f3rki?\\\". Radni pytaj\u0105 o Okr\u0105glaka, prezydent milczy - 24GLIWICE - Portal Gliwice | codziennie nowe informacje\",\"isPartOf\":{\"@id\":\"https:\\\/\\\/www.24gliwice.pl\\\/wiadomosci\\\/#website\"},\"primaryImageOfPage\":{\"@id\":\"https:\\\/\\\/www.24gliwice.pl\\\/wiadomosci\\\/powiedzcie-co-jest-w-tej-ekspertyzie-czy-jest-nakaz-rozbiorki-radni-pytaja-o-okraglaka-prezydent-milczy\\\/#primaryimage\"},\"image\":{\"@id\":\"https:\\\/\\\/www.24gliwice.pl\\\/wiadomosci\\\/powiedzcie-co-jest-w-tej-ekspertyzie-czy-jest-nakaz-rozbiorki-radni-pytaja-o-okraglaka-prezydent-milczy\\\/#primaryimage\"},\"thumbnailUrl\":\"https:\\\/\\\/www.24gliwice.pl\\\/wiadomosci\\\/wp-content\\\/uploads\\\/2026\\\/04\\\/okraglak-kuczynska-budka-1.jpg\",\"datePublished\":\"2026-04-27T02:39:03+00:00\",\"description\":\"Podczas sesji Rady Miasta 23 kwietnia radni pytali prezydent Gliwic o spraw\u0119 ekspertyzy dotycz\u0105cej Okr\u0105glaka, ale nie otrzymali odpowiedzi\",\"breadcrumb\":{\"@id\":\"https:\\\/\\\/www.24gliwice.pl\\\/wiadomosci\\\/powiedzcie-co-jest-w-tej-ekspertyzie-czy-jest-nakaz-rozbiorki-radni-pytaja-o-okraglaka-prezydent-milczy\\\/#breadcrumb\"},\"inLanguage\":\"pl-PL\",\"potentialAction\":[{\"@type\":\"ReadAction\",\"target\":[\"https:\\\/\\\/www.24gliwice.pl\\\/wiadomosci\\\/powiedzcie-co-jest-w-tej-ekspertyzie-czy-jest-nakaz-rozbiorki-radni-pytaja-o-okraglaka-prezydent-milczy\\\/\"]}]},{\"@type\":\"ImageObject\",\"inLanguage\":\"pl-PL\",\"@id\":\"https:\\\/\\\/www.24gliwice.pl\\\/wiadomosci\\\/powiedzcie-co-jest-w-tej-ekspertyzie-czy-jest-nakaz-rozbiorki-radni-pytaja-o-okraglaka-prezydent-milczy\\\/#primaryimage\",\"url\":\"https:\\\/\\\/www.24gliwice.pl\\\/wiadomosci\\\/wp-content\\\/uploads\\\/2026\\\/04\\\/okraglak-kuczynska-budka-1.jpg\",\"contentUrl\":\"https:\\\/\\\/www.24gliwice.pl\\\/wiadomosci\\\/wp-content\\\/uploads\\\/2026\\\/04\\\/okraglak-kuczynska-budka-1.jpg\",\"width\":800,\"height\":450},{\"@type\":\"BreadcrumbList\",\"@id\":\"https:\\\/\\\/www.24gliwice.pl\\\/wiadomosci\\\/powiedzcie-co-jest-w-tej-ekspertyzie-czy-jest-nakaz-rozbiorki-radni-pytaja-o-okraglaka-prezydent-milczy\\\/#breadcrumb\",\"itemListElement\":[{\"@type\":\"ListItem\",\"position\":1,\"name\":\"Strona g\u0142\u00f3wna\",\"item\":\"https:\\\/\\\/www.24gliwice.pl\\\/wiadomosci\\\/\"},{\"@type\":\"ListItem\",\"position\":2,\"name\":\"&#8220;Powiedzcie, co jest w tej ekspertyzie, czy jest nakaz rozbi\u00f3rki?&#8221;. Radni pytaj\u0105 o Okr\u0105glaka, prezydent milczy\"}]},{\"@type\":\"WebSite\",\"@id\":\"https:\\\/\\\/www.24gliwice.pl\\\/wiadomosci\\\/#website\",\"url\":\"https:\\\/\\\/www.24gliwice.pl\\\/wiadomosci\\\/\",\"name\":\"24GLIWICE - Portal Gliwice | codziennie nowe wiadomo\u015bci\",\"description\":\"Portal Miejski Gliwice\",\"publisher\":{\"@id\":\"https:\\\/\\\/www.24gliwice.pl\\\/wiadomosci\\\/#organization\"},\"potentialAction\":[{\"@type\":\"SearchAction\",\"target\":{\"@type\":\"EntryPoint\",\"urlTemplate\":\"https:\\\/\\\/www.24gliwice.pl\\\/wiadomosci\\\/?s={search_term_string}\"},\"query-input\":{\"@type\":\"PropertyValueSpecification\",\"valueRequired\":true,\"valueName\":\"search_term_string\"}}],\"inLanguage\":\"pl-PL\"},{\"@type\":\"Organization\",\"@id\":\"https:\\\/\\\/www.24gliwice.pl\\\/wiadomosci\\\/#organization\",\"name\":\"24gliwice\",\"url\":\"https:\\\/\\\/www.24gliwice.pl\\\/wiadomosci\\\/\",\"logo\":{\"@type\":\"ImageObject\",\"inLanguage\":\"pl-PL\",\"@id\":\"https:\\\/\\\/www.24gliwice.pl\\\/wiadomosci\\\/#\\\/schema\\\/logo\\\/image\\\/\",\"url\":\"https:\\\/\\\/www.24gliwice.pl\\\/wiadomosci\\\/wp-content\\\/uploads\\\/2024\\\/10\\\/24gliwice-logo-696.jpg\",\"contentUrl\":\"https:\\\/\\\/www.24gliwice.pl\\\/wiadomosci\\\/wp-content\\\/uploads\\\/2024\\\/10\\\/24gliwice-logo-696.jpg\",\"width\":696,\"height\":696,\"caption\":\"24gliwice\"},\"image\":{\"@id\":\"https:\\\/\\\/www.24gliwice.pl\\\/wiadomosci\\\/#\\\/schema\\\/logo\\\/image\\\/\"},\"sameAs\":[\"https:\\\/\\\/www.facebook.com\\\/24gliwice\",\"https:\\\/\\\/x.com\\\/24gliwice\",\"https:\\\/\\\/www.youtube.com\\\/@24gliwice\"]},{\"@type\":\"Person\",\"@id\":\"https:\\\/\\\/www.24gliwice.pl\\\/wiadomosci\\\/#\\\/schema\\\/person\\\/e42c650edd7f2fa332be3811fb166b6e\",\"name\":\"\u017baneta Mrozek-Siewierska\",\"image\":{\"@type\":\"ImageObject\",\"inLanguage\":\"pl-PL\",\"@id\":\"https:\\\/\\\/www.24gliwice.pl\\\/wiadomosci\\\/wp-content\\\/uploads\\\/2021\\\/11\\\/Zaneta-M_S-zdjecie-czb-96x96.jpg\",\"url\":\"https:\\\/\\\/www.24gliwice.pl\\\/wiadomosci\\\/wp-content\\\/uploads\\\/2021\\\/11\\\/Zaneta-M_S-zdjecie-czb-96x96.jpg\",\"contentUrl\":\"https:\\\/\\\/www.24gliwice.pl\\\/wiadomosci\\\/wp-content\\\/uploads\\\/2021\\\/11\\\/Zaneta-M_S-zdjecie-czb-96x96.jpg\",\"caption\":\"\u017baneta Mrozek-Siewierska\"},\"url\":\"https:\\\/\\\/www.24gliwice.pl\\\/wiadomosci\\\/author\\\/zms\\\/\"}]}<\/script>\n<!-- \/ Yoast SEO plugin. -->","yoast_head_json":{"title":"\"Powiedzcie, co jest w tej ekspertyzie, czy jest nakaz rozbi\u00f3rki?\". Radni pytaj\u0105 o Okr\u0105glaka, prezydent milczy - 24GLIWICE - Portal Gliwice | codziennie nowe informacje","description":"Podczas sesji Rady Miasta 23 kwietnia radni pytali prezydent Gliwic o spraw\u0119 ekspertyzy dotycz\u0105cej Okr\u0105glaka, ale nie otrzymali odpowiedzi","robots":{"index":"index","follow":"follow","max-snippet":"max-snippet:-1","max-image-preview":"max-image-preview:large","max-video-preview":"max-video-preview:-1"},"canonical":"https:\/\/www.24gliwice.pl\/wiadomosci\/powiedzcie-co-jest-w-tej-ekspertyzie-czy-jest-nakaz-rozbiorki-radni-pytaja-o-okraglaka-prezydent-milczy\/","og_locale":"pl_PL","og_type":"article","og_title":"\"Powiedzcie, co jest w tej ekspertyzie, czy jest nakaz rozbi\u00f3rki?\". Radni pytaj\u0105 o Okr\u0105glaka, prezydent milczy - 24GLIWICE - Portal Gliwice | codziennie nowe informacje","og_description":"Podczas sesji Rady Miasta 23 kwietnia radni pytali prezydent Gliwic o spraw\u0119 ekspertyzy dotycz\u0105cej Okr\u0105glaka, ale nie otrzymali odpowiedzi","og_url":"https:\/\/www.24gliwice.pl\/wiadomosci\/powiedzcie-co-jest-w-tej-ekspertyzie-czy-jest-nakaz-rozbiorki-radni-pytaja-o-okraglaka-prezydent-milczy\/","og_site_name":"24GLIWICE - Portal Gliwice | codziennie nowe informacje","article_publisher":"https:\/\/www.facebook.com\/24gliwice","article_published_time":"2026-04-27T02:39:03+00:00","og_image":[{"width":800,"height":450,"url":"https:\/\/www.24gliwice.pl\/wiadomosci\/wp-content\/uploads\/2026\/04\/okraglak-kuczynska-budka-1.jpg","type":"image\/jpeg"}],"author":"\u017baneta Mrozek-Siewierska","twitter_card":"summary_large_image","twitter_creator":"@24gliwice","twitter_site":"@24gliwice","twitter_misc":{"Napisane przez":"\u017baneta Mrozek-Siewierska","Szacowany czas czytania":"4 minuty"},"schema":{"@context":"https:\/\/schema.org","@graph":[{"@type":"Article","@id":"https:\/\/www.24gliwice.pl\/wiadomosci\/powiedzcie-co-jest-w-tej-ekspertyzie-czy-jest-nakaz-rozbiorki-radni-pytaja-o-okraglaka-prezydent-milczy\/#article","isPartOf":{"@id":"https:\/\/www.24gliwice.pl\/wiadomosci\/powiedzcie-co-jest-w-tej-ekspertyzie-czy-jest-nakaz-rozbiorki-radni-pytaja-o-okraglaka-prezydent-milczy\/"},"author":{"name":"\u017baneta Mrozek-Siewierska","@id":"https:\/\/www.24gliwice.pl\/wiadomosci\/#\/schema\/person\/e42c650edd7f2fa332be3811fb166b6e"},"headline":"&#8220;Powiedzcie, co jest w tej ekspertyzie, czy jest nakaz rozbi\u00f3rki?&#8221;. Radni pytaj\u0105 o Okr\u0105glaka, prezydent milczy","datePublished":"2026-04-27T02:39:03+00:00","mainEntityOfPage":{"@id":"https:\/\/www.24gliwice.pl\/wiadomosci\/powiedzcie-co-jest-w-tej-ekspertyzie-czy-jest-nakaz-rozbiorki-radni-pytaja-o-okraglaka-prezydent-milczy\/"},"wordCount":702,"commentCount":9,"publisher":{"@id":"https:\/\/www.24gliwice.pl\/wiadomosci\/#organization"},"image":{"@id":"https:\/\/www.24gliwice.pl\/wiadomosci\/powiedzcie-co-jest-w-tej-ekspertyzie-czy-jest-nakaz-rozbiorki-radni-pytaja-o-okraglaka-prezydent-milczy\/#primaryimage"},"thumbnailUrl":"https:\/\/www.24gliwice.pl\/wiadomosci\/wp-content\/uploads\/2026\/04\/okraglak-kuczynska-budka-1.jpg","keywords":["KATARZYNA KUCZY\u0143SKA-BUDKA","OKR\u0104GLAK","plac grunwaldzki","SESJA RADY MIASTA"],"articleSection":["Gliwice","Najnowsze wiadomo\u015bci","Portal Gliwice - Wiadomo\u015bci lokalne","Samorz\u0105d, polityka","Telewizja, materia\u0142y wideo"],"inLanguage":"pl-PL","potentialAction":[{"@type":"CommentAction","name":"Comment","target":["https:\/\/www.24gliwice.pl\/wiadomosci\/powiedzcie-co-jest-w-tej-ekspertyzie-czy-jest-nakaz-rozbiorki-radni-pytaja-o-okraglaka-prezydent-milczy\/#respond"]}]},{"@type":"WebPage","@id":"https:\/\/www.24gliwice.pl\/wiadomosci\/powiedzcie-co-jest-w-tej-ekspertyzie-czy-jest-nakaz-rozbiorki-radni-pytaja-o-okraglaka-prezydent-milczy\/","url":"https:\/\/www.24gliwice.pl\/wiadomosci\/powiedzcie-co-jest-w-tej-ekspertyzie-czy-jest-nakaz-rozbiorki-radni-pytaja-o-okraglaka-prezydent-milczy\/","name":"\"Powiedzcie, co jest w tej ekspertyzie, czy jest nakaz rozbi\u00f3rki?\". Radni pytaj\u0105 o Okr\u0105glaka, prezydent milczy - 24GLIWICE - Portal Gliwice | codziennie nowe informacje","isPartOf":{"@id":"https:\/\/www.24gliwice.pl\/wiadomosci\/#website"},"primaryImageOfPage":{"@id":"https:\/\/www.24gliwice.pl\/wiadomosci\/powiedzcie-co-jest-w-tej-ekspertyzie-czy-jest-nakaz-rozbiorki-radni-pytaja-o-okraglaka-prezydent-milczy\/#primaryimage"},"image":{"@id":"https:\/\/www.24gliwice.pl\/wiadomosci\/powiedzcie-co-jest-w-tej-ekspertyzie-czy-jest-nakaz-rozbiorki-radni-pytaja-o-okraglaka-prezydent-milczy\/#primaryimage"},"thumbnailUrl":"https:\/\/www.24gliwice.pl\/wiadomosci\/wp-content\/uploads\/2026\/04\/okraglak-kuczynska-budka-1.jpg","datePublished":"2026-04-27T02:39:03+00:00","description":"Podczas sesji Rady Miasta 23 kwietnia radni pytali prezydent Gliwic o spraw\u0119 ekspertyzy dotycz\u0105cej Okr\u0105glaka, ale nie otrzymali odpowiedzi","breadcrumb":{"@id":"https:\/\/www.24gliwice.pl\/wiadomosci\/powiedzcie-co-jest-w-tej-ekspertyzie-czy-jest-nakaz-rozbiorki-radni-pytaja-o-okraglaka-prezydent-milczy\/#breadcrumb"},"inLanguage":"pl-PL","potentialAction":[{"@type":"ReadAction","target":["https:\/\/www.24gliwice.pl\/wiadomosci\/powiedzcie-co-jest-w-tej-ekspertyzie-czy-jest-nakaz-rozbiorki-radni-pytaja-o-okraglaka-prezydent-milczy\/"]}]},{"@type":"ImageObject","inLanguage":"pl-PL","@id":"https:\/\/www.24gliwice.pl\/wiadomosci\/powiedzcie-co-jest-w-tej-ekspertyzie-czy-jest-nakaz-rozbiorki-radni-pytaja-o-okraglaka-prezydent-milczy\/#primaryimage","url":"https:\/\/www.24gliwice.pl\/wiadomosci\/wp-content\/uploads\/2026\/04\/okraglak-kuczynska-budka-1.jpg","contentUrl":"https:\/\/www.24gliwice.pl\/wiadomosci\/wp-content\/uploads\/2026\/04\/okraglak-kuczynska-budka-1.jpg","width":800,"height":450},{"@type":"BreadcrumbList","@id":"https:\/\/www.24gliwice.pl\/wiadomosci\/powiedzcie-co-jest-w-tej-ekspertyzie-czy-jest-nakaz-rozbiorki-radni-pytaja-o-okraglaka-prezydent-milczy\/#breadcrumb","itemListElement":[{"@type":"ListItem","position":1,"name":"Strona g\u0142\u00f3wna","item":"https:\/\/www.24gliwice.pl\/wiadomosci\/"},{"@type":"ListItem","position":2,"name":"&#8220;Powiedzcie, co jest w tej ekspertyzie, czy jest nakaz rozbi\u00f3rki?&#8221;. Radni pytaj\u0105 o Okr\u0105glaka, prezydent milczy"}]},{"@type":"WebSite","@id":"https:\/\/www.24gliwice.pl\/wiadomosci\/#website","url":"https:\/\/www.24gliwice.pl\/wiadomosci\/","name":"24GLIWICE - Portal Gliwice | codziennie nowe wiadomo\u015bci","description":"Portal Miejski Gliwice","publisher":{"@id":"https:\/\/www.24gliwice.pl\/wiadomosci\/#organization"},"potentialAction":[{"@type":"SearchAction","target":{"@type":"EntryPoint","urlTemplate":"https:\/\/www.24gliwice.pl\/wiadomosci\/?s={search_term_string}"},"query-input":{"@type":"PropertyValueSpecification","valueRequired":true,"valueName":"search_term_string"}}],"inLanguage":"pl-PL"},{"@type":"Organization","@id":"https:\/\/www.24gliwice.pl\/wiadomosci\/#organization","name":"24gliwice","url":"https:\/\/www.24gliwice.pl\/wiadomosci\/","logo":{"@type":"ImageObject","inLanguage":"pl-PL","@id":"https:\/\/www.24gliwice.pl\/wiadomosci\/#\/schema\/logo\/image\/","url":"https:\/\/www.24gliwice.pl\/wiadomosci\/wp-content\/uploads\/2024\/10\/24gliwice-logo-696.jpg","contentUrl":"https:\/\/www.24gliwice.pl\/wiadomosci\/wp-content\/uploads\/2024\/10\/24gliwice-logo-696.jpg","width":696,"height":696,"caption":"24gliwice"},"image":{"@id":"https:\/\/www.24gliwice.pl\/wiadomosci\/#\/schema\/logo\/image\/"},"sameAs":["https:\/\/www.facebook.com\/24gliwice","https:\/\/x.com\/24gliwice","https:\/\/www.youtube.com\/@24gliwice"]},{"@type":"Person","@id":"https:\/\/www.24gliwice.pl\/wiadomosci\/#\/schema\/person\/e42c650edd7f2fa332be3811fb166b6e","name":"\u017baneta Mrozek-Siewierska","image":{"@type":"ImageObject","inLanguage":"pl-PL","@id":"https:\/\/www.24gliwice.pl\/wiadomosci\/wp-content\/uploads\/2021\/11\/Zaneta-M_S-zdjecie-czb-96x96.jpg","url":"https:\/\/www.24gliwice.pl\/wiadomosci\/wp-content\/uploads\/2021\/11\/Zaneta-M_S-zdjecie-czb-96x96.jpg","contentUrl":"https:\/\/www.24gliwice.pl\/wiadomosci\/wp-content\/uploads\/2021\/11\/Zaneta-M_S-zdjecie-czb-96x96.jpg","caption":"\u017baneta Mrozek-Siewierska"},"url":"https:\/\/www.24gliwice.pl\/wiadomosci\/author\/zms\/"}]}},"_links":{"self":[{"href":"https:\/\/www.24gliwice.pl\/wiadomosci\/wp-json\/wp\/v2\/posts\/269718","targetHints":{"allow":["GET"]}}],"collection":[{"href":"https:\/\/www.24gliwice.pl\/wiadomosci\/wp-json\/wp\/v2\/posts"}],"about":[{"href":"https:\/\/www.24gliwice.pl\/wiadomosci\/wp-json\/wp\/v2\/types\/post"}],"author":[{"embeddable":true,"href":"https:\/\/www.24gliwice.pl\/wiadomosci\/wp-json\/wp\/v2\/users\/15"}],"replies":[{"embeddable":true,"href":"https:\/\/www.24gliwice.pl\/wiadomosci\/wp-json\/wp\/v2\/comments?post=269718"}],"version-history":[{"count":16,"href":"https:\/\/www.24gliwice.pl\/wiadomosci\/wp-json\/wp\/v2\/posts\/269718\/revisions"}],"predecessor-version":[{"id":269779,"href":"https:\/\/www.24gliwice.pl\/wiadomosci\/wp-json\/wp\/v2\/posts\/269718\/revisions\/269779"}],"wp:featuredmedia":[{"embeddable":true,"href":"https:\/\/www.24gliwice.pl\/wiadomosci\/wp-json\/wp\/v2\/media\/269778"}],"wp:attachment":[{"href":"https:\/\/www.24gliwice.pl\/wiadomosci\/wp-json\/wp\/v2\/media?parent=269718"}],"wp:term":[{"taxonomy":"category","embeddable":true,"href":"https:\/\/www.24gliwice.pl\/wiadomosci\/wp-json\/wp\/v2\/categories?post=269718"},{"taxonomy":"post_tag","embeddable":true,"href":"https:\/\/www.24gliwice.pl\/wiadomosci\/wp-json\/wp\/v2\/tags?post=269718"}],"curies":[{"name":"wp","href":"https:\/\/api.w.org\/{rel}","templated":true}]}}