{"id":269754,"date":"2026-04-27T03:07:05","date_gmt":"2026-04-27T01:07:05","guid":{"rendered":"https:\/\/www.24gliwice.pl\/wiadomosci\/?p=269754"},"modified":"2026-04-27T03:07:05","modified_gmt":"2026-04-27T01:07:05","slug":"majowka-w-gliwickim-muzeum-wszystkie-oddzialy-beda-czynne-co-przygotowano","status":"publish","type":"post","link":"https:\/\/www.24gliwice.pl\/wiadomosci\/majowka-w-gliwickim-muzeum-wszystkie-oddzialy-beda-czynne-co-przygotowano\/","title":{"rendered":"Maj\u00f3wka w gliwickim Muzeum. Wszystkie oddzia\u0142y b\u0119d\u0105 czynne &#8211; co przygotowano?"},"content":{"rendered":"<div class=\"gliwi-a6-nad-leadem-artykulow gliwi-entity-placement\" id=\"gliwi-1175627903\"><div class=\"gliwi-adlabel\"><span style=\"font-size: 9px\">REKLAMA<\/span><\/div><div id=\"gliwi-2207017662\" style=\"margin-bottom: 25px;margin-left: auto;margin-right: auto;text-align: center;\"><a data-no-instant=\"1\" href=\"https:\/\/dom100.eu\/\" rel=\"noopener\" class=\"a2t-link\" target=\"_blank\" aria-label=\"20260415 DOM100 D\"><img loading=\"lazy\" decoding=\"async\" src=\"https:\/\/www.24gliwice.pl\/wiadomosci\/wp-content\/uploads\/2026\/04\/20260415-DOM100-D.jpg\" alt=\"\"  srcset=\"https:\/\/www.24gliwice.pl\/wiadomosci\/wp-content\/uploads\/2026\/04\/20260415-DOM100-D.jpg 750w, https:\/\/www.24gliwice.pl\/wiadomosci\/wp-content\/uploads\/2026\/04\/20260415-DOM100-D-410x109.jpg 410w\" sizes=\"(max-width: 750px) 100vw, 750px\" class=\"no-lazyload\" width=\"750\" height=\"200\"  style=\"display: inline-block; max-width: 100%; height: auto;\" \/><\/a><\/div><\/div><h2>Tegoroczna Maj\u00f3wka b\u0119dzie wyj\u0105tkowo kr\u00f3tka, co nie zach\u0119ca do dalekich wypraw poza miasto. Je\u015bli nie macie plan\u00f3w, jedn\u0105 z mo\u017cliwo\u015bci na sp\u0119dzenie tego przed\u0142u\u017conego nieco weekendu jest skorzystanie z oferty Muzeum w Gliwicach.<\/h2>\n<p><!--more--><\/p>\n<p>Przez trzy dni &#8211; od pi\u0105tku do niedzieli (1-3 maja) Muzeum b\u0119dzie czynne i zaprasza do wszystkich oddzia\u0142\u00f3w. <\/p>\n<p>&#8211; <em>S\u0105 takie dni w roku, kiedy warto zwolni\u0107, rozejrze\u0107 si\u0119 uwa\u017cniej i&#8230; zajrze\u0107 do miejsc, kt\u00f3re opowiadaj\u0105 histori\u0119. Tegoroczn\u0105 maj\u00f3wk\u0119 sp\u0119d\u017acie razem z Muzeum w Gliwicach \u2013 w przestrzeniach pe\u0142nych opowie\u015bci, detali i inspiracji<\/em> &#8211; zach\u0119ca instytucja kultury. <\/p><div class=\"gliwi-a3-w-tresci-artykulow gliwi-entity-placement\" id=\"gliwi-3652795767\"><div class=\"gliwi-adlabel\"><span style=\"font-size: 9px\">REKLAMA<\/span><\/div><div id=\"gliwi-1976587159\" style=\"margin-bottom: 30px;margin-left: auto;margin-right: auto;text-align: center;\"><a data-no-instant=\"1\" href=\"https:\/\/zlobek.halogen.org.pl\/\" rel=\"noopener\" class=\"a2t-link\" target=\"_blank\" aria-label=\"animator-zlobek_750x200\"><img loading=\"lazy\" decoding=\"async\" src=\"https:\/\/www.24gliwice.pl\/wiadomosci\/wp-content\/uploads\/2026\/02\/animator-zlobek_750x200.webp\" alt=\"\"  srcset=\"https:\/\/www.24gliwice.pl\/wiadomosci\/wp-content\/uploads\/2026\/02\/animator-zlobek_750x200.webp 750w, https:\/\/www.24gliwice.pl\/wiadomosci\/wp-content\/uploads\/2026\/02\/animator-zlobek_750x200-410x109.webp 410w\" sizes=\"(max-width: 750px) 100vw, 750px\" class=\"no-lazyload\" width=\"750\" height=\"200\"  style=\"display: inline-block; max-width: 100%; height: auto;\" \/><\/a><\/div><\/div>\n<blockquote><p><em>Od pi\u0105tku do niedzieli (1\u20133 maja 2026) zapraszamy do wszystkich naszych oddzia\u0142\u00f3w: Willi Caro, Zamku Piastowskiego, Radiostacji, Domu Pami\u0119ci \u017byd\u00f3w G\u00f3rno\u015bl\u0105skich oraz Oddzia\u0142u Odlewnictwa Artystycznego. Zwiedzajcie je w standardowych godzinach otwarcia, we w\u0142asnym tempie, tak jak lubicie najbardziej<\/em><\/p><\/blockquote>\n<p>&#8211; dodaje Muzeum.<\/p>\n<p>Ka\u017cde z tych miejsc ma sw\u00f3j niepowtarzalny klimat \u2013 razem tworz\u0105 fascynuj\u0105c\u0105 opowie\u015b\u0107 o mie\u015bcie i jego mieszka\u0144cach.<\/p>\n<p>Szczeg\u00f3lnym dniem b\u0119dzie sobota, 2 maja \u2013 \u015awi\u0119to Flagi. Tego dnia wszystkie wystawy udost\u0119pniane s\u0105 bezp\u0142atnie. W sobot\u0119 i niedziel\u0119 (2\u20133 maja) na zwiedzaj\u0105cych b\u0119d\u0105 czeka\u0142y patriotyczne kotyliony \u2013 drobny gest, kt\u00f3ry przypomina o wsp\u00f3lnocie i tradycji.<\/p>\n<h4>Kulminacj\u0105 maj\u00f3wkowego programu b\u0119dzie niedzielny \u201ePoranek muzealny&#8221; przygotowany z my\u015bl\u0105 o najm\u0142odszych. Odb\u0119dzie si\u0119 on w Willi Caro 3 maja, o godzinie 10:00. <\/h4>\n<p>&#8211; <em>W wyj\u0105tkowej atmosferze narodowego \u015bwi\u0119ta przyjrzymy si\u0119 jednemu z najbardziej poruszaj\u0105cych obraz\u00f3w w polskiej historii \u2013 monumentalnemu dzie\u0142u Jana Matejki \u201eKonstytucja 3 Maja 1791 roku&#8221;. To nie tylko scena pe\u0142na emocji i ruchu, ale tak\u017ce opowie\u015b\u0107 o ludziach, kt\u00f3rzy odwa\u017cyli si\u0119 marzy\u0107 o nowoczesnym pa\u0144stwie<\/em> &#8211; zapowiada Muzeum\/ <\/p>\n<p>Kim s\u0105 bohaterowie pierwszego i drugiego planu? Jakie emocje i idee nios\u0105 ich gesty? O tym opowie dr Ewa Chudyba, prowadz\u0105c spotkanie, kt\u00f3re po\u0142\u0105czy refleksj\u0119 historyczn\u0105 z uwa\u017cnym \u201eczytaniem&#8221; obrazu. Mali i duzi uczestnicy otrzymaj\u0105 patriotyczne kotyliony, a je\u015bli czas pozwoli \u2013 odkryj\u0105 tak\u017ce ich histori\u0119.<\/p>\n<h4>3 Maja &#8211; dlaczego to \u015awi\u0119to?<\/h4>\n<p>\u015awi\u0119to Narodowe Trzeciego Maja to \u2013 obok \u015awi\u0119ta Niepodleg\u0142o\u015bci \u2013 to jedno z najwa\u017cniejszych \u015bwi\u0105t pa\u0144stwowych w Polsce. Upami\u0119tnia dzie\u0144 uchwalenia przez kr\u00f3la Stanis\u0142awa Augusta Poniatowskiego Konstytucji, a w\u0142a\u015bciwie Ustawy Rz\u0105dowej z dnia 3 maja 1791 roku. By\u0142a to pierwsza w Europie i druga na \u015bwiecie (po ameryka\u0144skiej z 1787 r.) nowoczesna ustawa zasadnicza wprowadzaj\u0105ca tr\u00f3jpodzia\u0142 w\u0142adzy (ustawodawcza, wykonawcza, s\u0105downicza), przekszta\u0142ca\u0142a pa\u0144stwo w monarchi\u0119 konstytucyjn\u0105, znosi\u0142a liberum veto, zapowiada\u0142a popraw\u0119 warunk\u00f3w \u017cycia ch\u0142op\u00f3w.<\/p>\n<p>Do uchwalenia Konstytucji dosz\u0142o w okresie niezwykle trudnym dla Rzeczypospolitej Obojga Narod\u00f3w. Polska by\u0142a w\u00f3wczas pod protektoratem Rosji, kt\u00f3ra pod pretekstem zapewnienia wolno\u015bci i bezpiecze\u0144stwa, narzuci\u0142a naszej Ojczy\u017anie dominacj\u0119 polityczn\u0105. Konstytucja mia\u0142a na celu ratowanie kraju przed rozbiorami, a przez 123 lata zabor\u00f3w stanowi\u0142a  trwa\u0142y symbolem wolno\u015bci oraz nadziei na niepodleg\u0142o\u015b\u0107.<\/p>\n<p>(\u017cms)\/MwG<\/p>\n<p><a href=\"https:\/\/www.24gliwice.pl\/wiadomosci\/wp-content\/uploads\/2026\/04\/majowka-z-muzeum.jpg\"><img loading=\"lazy\" decoding=\"async\" src=\"https:\/\/www.24gliwice.pl\/wiadomosci\/wp-content\/uploads\/2026\/04\/majowka-z-muzeum.jpg\" alt=\"\" width=\"438\" height=\"620\" class=\"alignnone size-full wp-image-269756\" srcset=\"https:\/\/www.24gliwice.pl\/wiadomosci\/wp-content\/uploads\/2026\/04\/majowka-z-muzeum.jpg 438w, https:\/\/www.24gliwice.pl\/wiadomosci\/wp-content\/uploads\/2026\/04\/majowka-z-muzeum-164x232.jpg 164w, https:\/\/www.24gliwice.pl\/wiadomosci\/wp-content\/uploads\/2026\/04\/majowka-z-muzeum-321x455.jpg 321w\" sizes=\"auto, (max-width: 438px) 100vw, 438px\" \/><\/a><\/p>\n<div class=\"gliwi-a5-na-koncu-artykulow gliwi-entity-placement\" id=\"gliwi-936545678\"><div class=\"gliwi-adlabel\"><span style=\"font-size: 9px\">REKLAMA<\/span><\/div><div id=\"gliwi-987670349\" style=\"margin-left: auto;margin-right: auto;text-align: center;\"><a data-no-instant=\"1\" href=\"https:\/\/prezeroarenagliwice.pl\/\" rel=\"noopener\" class=\"a2t-link\" target=\"_blank\" aria-label=\"20260309-PREZERO-WIOSNA-D\"><img loading=\"lazy\" decoding=\"async\" src=\"https:\/\/www.24gliwice.pl\/wiadomosci\/wp-content\/uploads\/2026\/03\/20260309-PREZERO-WIOSNA-D.webp\" alt=\"\"  srcset=\"https:\/\/www.24gliwice.pl\/wiadomosci\/wp-content\/uploads\/2026\/03\/20260309-PREZERO-WIOSNA-D.webp 750w, https:\/\/www.24gliwice.pl\/wiadomosci\/wp-content\/uploads\/2026\/03\/20260309-PREZERO-WIOSNA-D-410x109.webp 410w\" sizes=\"(max-width: 750px) 100vw, 750px\" class=\"no-lazyload\" width=\"750\" height=\"200\"  style=\"display: inline-block; max-width: 100%; height: auto;\" \/><\/a><\/div><\/div>","protected":false},"excerpt":{"rendered":"<p>Tegoroczna Maj\u00f3wka b\u0119dzie wyj\u0105tkowo kr\u00f3tka, co nie zach\u0119ca do dalekich wypraw poza miasto. Je\u015bli nie macie plan\u00f3w, jedn\u0105 z mo\u017cliwo\u015bci na sp\u0119dzenie tego przed\u0142u\u017conego nieco weekendu jest skorzystanie z oferty Muzeum w Gliwicach.<\/p>\n","protected":false},"author":15,"featured_media":269755,"comment_status":"open","ping_status":"closed","sticky":false,"template":"","format":"standard","meta":{"_monsterinsights_skip_tracking":false,"_monsterinsights_sitenote_active":false,"_monsterinsights_sitenote_note":"","_monsterinsights_sitenote_category":0,"footnotes":"","_links_to":"","_links_to_target":""},"categories":[3,6,1],"tags":[12172,5674],"class_list":["post-269754","post","type-post","status-publish","format-standard","has-post-thumbnail","hentry","category-gliwice","category-kultura","category-wszystko","tag-majowka","tag-muzeum"],"yoast_head":"<!-- This site is optimized with the Yoast SEO plugin v27.4 - https:\/\/yoast.com\/product\/yoast-seo-wordpress\/ -->\n<title>Maj\u00f3wka w gliwickim Muzeum. Wszystkie oddzia\u0142y b\u0119d\u0105 czynne - co przygotowano? - 24GLIWICE - Portal Gliwice | codziennie nowe informacje<\/title>\n<meta name=\"description\" content=\"Przed\u0142u\u017cony weekend majowy, o ile sp\u0119dzamy go w domu, mo\u017cna przeznaczy\u0107 na nadrabianie oferty Muzeum. Wszystkie oddzia\u0142y b\u0119d\u0105 czynne\" \/>\n<meta name=\"robots\" content=\"index, follow, max-snippet:-1, max-image-preview:large, max-video-preview:-1\" \/>\n<link rel=\"canonical\" href=\"https:\/\/www.24gliwice.pl\/wiadomosci\/majowka-w-gliwickim-muzeum-wszystkie-oddzialy-beda-czynne-co-przygotowano\/\" \/>\n<meta property=\"og:locale\" content=\"pl_PL\" \/>\n<meta property=\"og:type\" content=\"article\" \/>\n<meta property=\"og:title\" content=\"Maj\u00f3wka w gliwickim Muzeum. Wszystkie oddzia\u0142y b\u0119d\u0105 czynne - co przygotowano? - 24GLIWICE - Portal Gliwice | codziennie nowe informacje\" \/>\n<meta property=\"og:description\" content=\"Przed\u0142u\u017cony weekend majowy, o ile sp\u0119dzamy go w domu, mo\u017cna przeznaczy\u0107 na nadrabianie oferty Muzeum. Wszystkie oddzia\u0142y b\u0119d\u0105 czynne\" \/>\n<meta property=\"og:url\" content=\"https:\/\/www.24gliwice.pl\/wiadomosci\/majowka-w-gliwickim-muzeum-wszystkie-oddzialy-beda-czynne-co-przygotowano\/\" \/>\n<meta property=\"og:site_name\" content=\"24GLIWICE - Portal Gliwice | codziennie nowe informacje\" \/>\n<meta property=\"article:publisher\" content=\"https:\/\/www.facebook.com\/24gliwice\" \/>\n<meta property=\"article:published_time\" content=\"2026-04-27T01:07:05+00:00\" \/>\n<meta property=\"og:image\" content=\"https:\/\/www.24gliwice.pl\/wiadomosci\/wp-content\/uploads\/2026\/04\/majowka-matejko-konstytucja-3-maja.jpg\" \/>\n\t<meta property=\"og:image:width\" content=\"574\" \/>\n\t<meta property=\"og:image:height\" content=\"323\" \/>\n\t<meta property=\"og:image:type\" content=\"image\/jpeg\" \/>\n<meta name=\"author\" content=\"\u017baneta Mrozek-Siewierska\" \/>\n<meta name=\"twitter:card\" content=\"summary_large_image\" \/>\n<meta name=\"twitter:creator\" content=\"@24gliwice\" \/>\n<meta name=\"twitter:site\" content=\"@24gliwice\" \/>\n<meta name=\"twitter:label1\" content=\"Napisane przez\" \/>\n\t<meta name=\"twitter:data1\" content=\"\u017baneta Mrozek-Siewierska\" \/>\n\t<meta name=\"twitter:label2\" content=\"Szacowany czas czytania\" \/>\n\t<meta name=\"twitter:data2\" content=\"3 minuty\" \/>\n<script type=\"application\/ld+json\" class=\"yoast-schema-graph\">{\"@context\":\"https:\\\/\\\/schema.org\",\"@graph\":[{\"@type\":\"Article\",\"@id\":\"https:\\\/\\\/www.24gliwice.pl\\\/wiadomosci\\\/majowka-w-gliwickim-muzeum-wszystkie-oddzialy-beda-czynne-co-przygotowano\\\/#article\",\"isPartOf\":{\"@id\":\"https:\\\/\\\/www.24gliwice.pl\\\/wiadomosci\\\/majowka-w-gliwickim-muzeum-wszystkie-oddzialy-beda-czynne-co-przygotowano\\\/\"},\"author\":{\"name\":\"\u017baneta Mrozek-Siewierska\",\"@id\":\"https:\\\/\\\/www.24gliwice.pl\\\/wiadomosci\\\/#\\\/schema\\\/person\\\/e42c650edd7f2fa332be3811fb166b6e\"},\"headline\":\"Maj\u00f3wka w gliwickim Muzeum. Wszystkie oddzia\u0142y b\u0119d\u0105 czynne &#8211; co przygotowano?\",\"datePublished\":\"2026-04-27T01:07:05+00:00\",\"mainEntityOfPage\":{\"@id\":\"https:\\\/\\\/www.24gliwice.pl\\\/wiadomosci\\\/majowka-w-gliwickim-muzeum-wszystkie-oddzialy-beda-czynne-co-przygotowano\\\/\"},\"wordCount\":540,\"commentCount\":0,\"publisher\":{\"@id\":\"https:\\\/\\\/www.24gliwice.pl\\\/wiadomosci\\\/#organization\"},\"image\":{\"@id\":\"https:\\\/\\\/www.24gliwice.pl\\\/wiadomosci\\\/majowka-w-gliwickim-muzeum-wszystkie-oddzialy-beda-czynne-co-przygotowano\\\/#primaryimage\"},\"thumbnailUrl\":\"https:\\\/\\\/www.24gliwice.pl\\\/wiadomosci\\\/wp-content\\\/uploads\\\/2026\\\/04\\\/majowka-matejko-konstytucja-3-maja.jpg\",\"keywords\":[\"maj\u00f3wka\",\"MUZEUM\"],\"articleSection\":[\"Gliwice\",\"Kultura, wydarzenia, imprezy\",\"Najnowsze wiadomo\u015bci\"],\"inLanguage\":\"pl-PL\",\"potentialAction\":[{\"@type\":\"CommentAction\",\"name\":\"Comment\",\"target\":[\"https:\\\/\\\/www.24gliwice.pl\\\/wiadomosci\\\/majowka-w-gliwickim-muzeum-wszystkie-oddzialy-beda-czynne-co-przygotowano\\\/#respond\"]}]},{\"@type\":\"WebPage\",\"@id\":\"https:\\\/\\\/www.24gliwice.pl\\\/wiadomosci\\\/majowka-w-gliwickim-muzeum-wszystkie-oddzialy-beda-czynne-co-przygotowano\\\/\",\"url\":\"https:\\\/\\\/www.24gliwice.pl\\\/wiadomosci\\\/majowka-w-gliwickim-muzeum-wszystkie-oddzialy-beda-czynne-co-przygotowano\\\/\",\"name\":\"Maj\u00f3wka w gliwickim Muzeum. Wszystkie oddzia\u0142y b\u0119d\u0105 czynne - co przygotowano? - 24GLIWICE - Portal Gliwice | codziennie nowe informacje\",\"isPartOf\":{\"@id\":\"https:\\\/\\\/www.24gliwice.pl\\\/wiadomosci\\\/#website\"},\"primaryImageOfPage\":{\"@id\":\"https:\\\/\\\/www.24gliwice.pl\\\/wiadomosci\\\/majowka-w-gliwickim-muzeum-wszystkie-oddzialy-beda-czynne-co-przygotowano\\\/#primaryimage\"},\"image\":{\"@id\":\"https:\\\/\\\/www.24gliwice.pl\\\/wiadomosci\\\/majowka-w-gliwickim-muzeum-wszystkie-oddzialy-beda-czynne-co-przygotowano\\\/#primaryimage\"},\"thumbnailUrl\":\"https:\\\/\\\/www.24gliwice.pl\\\/wiadomosci\\\/wp-content\\\/uploads\\\/2026\\\/04\\\/majowka-matejko-konstytucja-3-maja.jpg\",\"datePublished\":\"2026-04-27T01:07:05+00:00\",\"description\":\"Przed\u0142u\u017cony weekend majowy, o ile sp\u0119dzamy go w domu, mo\u017cna przeznaczy\u0107 na nadrabianie oferty Muzeum. Wszystkie oddzia\u0142y b\u0119d\u0105 czynne\",\"breadcrumb\":{\"@id\":\"https:\\\/\\\/www.24gliwice.pl\\\/wiadomosci\\\/majowka-w-gliwickim-muzeum-wszystkie-oddzialy-beda-czynne-co-przygotowano\\\/#breadcrumb\"},\"inLanguage\":\"pl-PL\",\"potentialAction\":[{\"@type\":\"ReadAction\",\"target\":[\"https:\\\/\\\/www.24gliwice.pl\\\/wiadomosci\\\/majowka-w-gliwickim-muzeum-wszystkie-oddzialy-beda-czynne-co-przygotowano\\\/\"]}]},{\"@type\":\"ImageObject\",\"inLanguage\":\"pl-PL\",\"@id\":\"https:\\\/\\\/www.24gliwice.pl\\\/wiadomosci\\\/majowka-w-gliwickim-muzeum-wszystkie-oddzialy-beda-czynne-co-przygotowano\\\/#primaryimage\",\"url\":\"https:\\\/\\\/www.24gliwice.pl\\\/wiadomosci\\\/wp-content\\\/uploads\\\/2026\\\/04\\\/majowka-matejko-konstytucja-3-maja.jpg\",\"contentUrl\":\"https:\\\/\\\/www.24gliwice.pl\\\/wiadomosci\\\/wp-content\\\/uploads\\\/2026\\\/04\\\/majowka-matejko-konstytucja-3-maja.jpg\",\"width\":574,\"height\":323},{\"@type\":\"BreadcrumbList\",\"@id\":\"https:\\\/\\\/www.24gliwice.pl\\\/wiadomosci\\\/majowka-w-gliwickim-muzeum-wszystkie-oddzialy-beda-czynne-co-przygotowano\\\/#breadcrumb\",\"itemListElement\":[{\"@type\":\"ListItem\",\"position\":1,\"name\":\"Strona g\u0142\u00f3wna\",\"item\":\"https:\\\/\\\/www.24gliwice.pl\\\/wiadomosci\\\/\"},{\"@type\":\"ListItem\",\"position\":2,\"name\":\"Maj\u00f3wka w gliwickim Muzeum. Wszystkie oddzia\u0142y b\u0119d\u0105 czynne &#8211; co przygotowano?\"}]},{\"@type\":\"WebSite\",\"@id\":\"https:\\\/\\\/www.24gliwice.pl\\\/wiadomosci\\\/#website\",\"url\":\"https:\\\/\\\/www.24gliwice.pl\\\/wiadomosci\\\/\",\"name\":\"24GLIWICE - Portal Gliwice | codziennie nowe wiadomo\u015bci\",\"description\":\"Portal Miejski Gliwice\",\"publisher\":{\"@id\":\"https:\\\/\\\/www.24gliwice.pl\\\/wiadomosci\\\/#organization\"},\"potentialAction\":[{\"@type\":\"SearchAction\",\"target\":{\"@type\":\"EntryPoint\",\"urlTemplate\":\"https:\\\/\\\/www.24gliwice.pl\\\/wiadomosci\\\/?s={search_term_string}\"},\"query-input\":{\"@type\":\"PropertyValueSpecification\",\"valueRequired\":true,\"valueName\":\"search_term_string\"}}],\"inLanguage\":\"pl-PL\"},{\"@type\":\"Organization\",\"@id\":\"https:\\\/\\\/www.24gliwice.pl\\\/wiadomosci\\\/#organization\",\"name\":\"24gliwice\",\"url\":\"https:\\\/\\\/www.24gliwice.pl\\\/wiadomosci\\\/\",\"logo\":{\"@type\":\"ImageObject\",\"inLanguage\":\"pl-PL\",\"@id\":\"https:\\\/\\\/www.24gliwice.pl\\\/wiadomosci\\\/#\\\/schema\\\/logo\\\/image\\\/\",\"url\":\"https:\\\/\\\/www.24gliwice.pl\\\/wiadomosci\\\/wp-content\\\/uploads\\\/2024\\\/10\\\/24gliwice-logo-696.jpg\",\"contentUrl\":\"https:\\\/\\\/www.24gliwice.pl\\\/wiadomosci\\\/wp-content\\\/uploads\\\/2024\\\/10\\\/24gliwice-logo-696.jpg\",\"width\":696,\"height\":696,\"caption\":\"24gliwice\"},\"image\":{\"@id\":\"https:\\\/\\\/www.24gliwice.pl\\\/wiadomosci\\\/#\\\/schema\\\/logo\\\/image\\\/\"},\"sameAs\":[\"https:\\\/\\\/www.facebook.com\\\/24gliwice\",\"https:\\\/\\\/x.com\\\/24gliwice\",\"https:\\\/\\\/www.youtube.com\\\/@24gliwice\"]},{\"@type\":\"Person\",\"@id\":\"https:\\\/\\\/www.24gliwice.pl\\\/wiadomosci\\\/#\\\/schema\\\/person\\\/e42c650edd7f2fa332be3811fb166b6e\",\"name\":\"\u017baneta Mrozek-Siewierska\",\"image\":{\"@type\":\"ImageObject\",\"inLanguage\":\"pl-PL\",\"@id\":\"https:\\\/\\\/www.24gliwice.pl\\\/wiadomosci\\\/wp-content\\\/uploads\\\/2021\\\/11\\\/Zaneta-M_S-zdjecie-czb-96x96.jpg\",\"url\":\"https:\\\/\\\/www.24gliwice.pl\\\/wiadomosci\\\/wp-content\\\/uploads\\\/2021\\\/11\\\/Zaneta-M_S-zdjecie-czb-96x96.jpg\",\"contentUrl\":\"https:\\\/\\\/www.24gliwice.pl\\\/wiadomosci\\\/wp-content\\\/uploads\\\/2021\\\/11\\\/Zaneta-M_S-zdjecie-czb-96x96.jpg\",\"caption\":\"\u017baneta Mrozek-Siewierska\"},\"url\":\"https:\\\/\\\/www.24gliwice.pl\\\/wiadomosci\\\/author\\\/zms\\\/\"}]}<\/script>\n<!-- \/ Yoast SEO plugin. -->","yoast_head_json":{"title":"Maj\u00f3wka w gliwickim Muzeum. Wszystkie oddzia\u0142y b\u0119d\u0105 czynne - co przygotowano? - 24GLIWICE - Portal Gliwice | codziennie nowe informacje","description":"Przed\u0142u\u017cony weekend majowy, o ile sp\u0119dzamy go w domu, mo\u017cna przeznaczy\u0107 na nadrabianie oferty Muzeum. Wszystkie oddzia\u0142y b\u0119d\u0105 czynne","robots":{"index":"index","follow":"follow","max-snippet":"max-snippet:-1","max-image-preview":"max-image-preview:large","max-video-preview":"max-video-preview:-1"},"canonical":"https:\/\/www.24gliwice.pl\/wiadomosci\/majowka-w-gliwickim-muzeum-wszystkie-oddzialy-beda-czynne-co-przygotowano\/","og_locale":"pl_PL","og_type":"article","og_title":"Maj\u00f3wka w gliwickim Muzeum. Wszystkie oddzia\u0142y b\u0119d\u0105 czynne - co przygotowano? - 24GLIWICE - Portal Gliwice | codziennie nowe informacje","og_description":"Przed\u0142u\u017cony weekend majowy, o ile sp\u0119dzamy go w domu, mo\u017cna przeznaczy\u0107 na nadrabianie oferty Muzeum. Wszystkie oddzia\u0142y b\u0119d\u0105 czynne","og_url":"https:\/\/www.24gliwice.pl\/wiadomosci\/majowka-w-gliwickim-muzeum-wszystkie-oddzialy-beda-czynne-co-przygotowano\/","og_site_name":"24GLIWICE - Portal Gliwice | codziennie nowe informacje","article_publisher":"https:\/\/www.facebook.com\/24gliwice","article_published_time":"2026-04-27T01:07:05+00:00","og_image":[{"width":574,"height":323,"url":"https:\/\/www.24gliwice.pl\/wiadomosci\/wp-content\/uploads\/2026\/04\/majowka-matejko-konstytucja-3-maja.jpg","type":"image\/jpeg"}],"author":"\u017baneta Mrozek-Siewierska","twitter_card":"summary_large_image","twitter_creator":"@24gliwice","twitter_site":"@24gliwice","twitter_misc":{"Napisane przez":"\u017baneta Mrozek-Siewierska","Szacowany czas czytania":"3 minuty"},"schema":{"@context":"https:\/\/schema.org","@graph":[{"@type":"Article","@id":"https:\/\/www.24gliwice.pl\/wiadomosci\/majowka-w-gliwickim-muzeum-wszystkie-oddzialy-beda-czynne-co-przygotowano\/#article","isPartOf":{"@id":"https:\/\/www.24gliwice.pl\/wiadomosci\/majowka-w-gliwickim-muzeum-wszystkie-oddzialy-beda-czynne-co-przygotowano\/"},"author":{"name":"\u017baneta Mrozek-Siewierska","@id":"https:\/\/www.24gliwice.pl\/wiadomosci\/#\/schema\/person\/e42c650edd7f2fa332be3811fb166b6e"},"headline":"Maj\u00f3wka w gliwickim Muzeum. Wszystkie oddzia\u0142y b\u0119d\u0105 czynne &#8211; co przygotowano?","datePublished":"2026-04-27T01:07:05+00:00","mainEntityOfPage":{"@id":"https:\/\/www.24gliwice.pl\/wiadomosci\/majowka-w-gliwickim-muzeum-wszystkie-oddzialy-beda-czynne-co-przygotowano\/"},"wordCount":540,"commentCount":0,"publisher":{"@id":"https:\/\/www.24gliwice.pl\/wiadomosci\/#organization"},"image":{"@id":"https:\/\/www.24gliwice.pl\/wiadomosci\/majowka-w-gliwickim-muzeum-wszystkie-oddzialy-beda-czynne-co-przygotowano\/#primaryimage"},"thumbnailUrl":"https:\/\/www.24gliwice.pl\/wiadomosci\/wp-content\/uploads\/2026\/04\/majowka-matejko-konstytucja-3-maja.jpg","keywords":["maj\u00f3wka","MUZEUM"],"articleSection":["Gliwice","Kultura, wydarzenia, imprezy","Najnowsze wiadomo\u015bci"],"inLanguage":"pl-PL","potentialAction":[{"@type":"CommentAction","name":"Comment","target":["https:\/\/www.24gliwice.pl\/wiadomosci\/majowka-w-gliwickim-muzeum-wszystkie-oddzialy-beda-czynne-co-przygotowano\/#respond"]}]},{"@type":"WebPage","@id":"https:\/\/www.24gliwice.pl\/wiadomosci\/majowka-w-gliwickim-muzeum-wszystkie-oddzialy-beda-czynne-co-przygotowano\/","url":"https:\/\/www.24gliwice.pl\/wiadomosci\/majowka-w-gliwickim-muzeum-wszystkie-oddzialy-beda-czynne-co-przygotowano\/","name":"Maj\u00f3wka w gliwickim Muzeum. Wszystkie oddzia\u0142y b\u0119d\u0105 czynne - co przygotowano? - 24GLIWICE - Portal Gliwice | codziennie nowe informacje","isPartOf":{"@id":"https:\/\/www.24gliwice.pl\/wiadomosci\/#website"},"primaryImageOfPage":{"@id":"https:\/\/www.24gliwice.pl\/wiadomosci\/majowka-w-gliwickim-muzeum-wszystkie-oddzialy-beda-czynne-co-przygotowano\/#primaryimage"},"image":{"@id":"https:\/\/www.24gliwice.pl\/wiadomosci\/majowka-w-gliwickim-muzeum-wszystkie-oddzialy-beda-czynne-co-przygotowano\/#primaryimage"},"thumbnailUrl":"https:\/\/www.24gliwice.pl\/wiadomosci\/wp-content\/uploads\/2026\/04\/majowka-matejko-konstytucja-3-maja.jpg","datePublished":"2026-04-27T01:07:05+00:00","description":"Przed\u0142u\u017cony weekend majowy, o ile sp\u0119dzamy go w domu, mo\u017cna przeznaczy\u0107 na nadrabianie oferty Muzeum. Wszystkie oddzia\u0142y b\u0119d\u0105 czynne","breadcrumb":{"@id":"https:\/\/www.24gliwice.pl\/wiadomosci\/majowka-w-gliwickim-muzeum-wszystkie-oddzialy-beda-czynne-co-przygotowano\/#breadcrumb"},"inLanguage":"pl-PL","potentialAction":[{"@type":"ReadAction","target":["https:\/\/www.24gliwice.pl\/wiadomosci\/majowka-w-gliwickim-muzeum-wszystkie-oddzialy-beda-czynne-co-przygotowano\/"]}]},{"@type":"ImageObject","inLanguage":"pl-PL","@id":"https:\/\/www.24gliwice.pl\/wiadomosci\/majowka-w-gliwickim-muzeum-wszystkie-oddzialy-beda-czynne-co-przygotowano\/#primaryimage","url":"https:\/\/www.24gliwice.pl\/wiadomosci\/wp-content\/uploads\/2026\/04\/majowka-matejko-konstytucja-3-maja.jpg","contentUrl":"https:\/\/www.24gliwice.pl\/wiadomosci\/wp-content\/uploads\/2026\/04\/majowka-matejko-konstytucja-3-maja.jpg","width":574,"height":323},{"@type":"BreadcrumbList","@id":"https:\/\/www.24gliwice.pl\/wiadomosci\/majowka-w-gliwickim-muzeum-wszystkie-oddzialy-beda-czynne-co-przygotowano\/#breadcrumb","itemListElement":[{"@type":"ListItem","position":1,"name":"Strona g\u0142\u00f3wna","item":"https:\/\/www.24gliwice.pl\/wiadomosci\/"},{"@type":"ListItem","position":2,"name":"Maj\u00f3wka w gliwickim Muzeum. Wszystkie oddzia\u0142y b\u0119d\u0105 czynne &#8211; co przygotowano?"}]},{"@type":"WebSite","@id":"https:\/\/www.24gliwice.pl\/wiadomosci\/#website","url":"https:\/\/www.24gliwice.pl\/wiadomosci\/","name":"24GLIWICE - Portal Gliwice | codziennie nowe wiadomo\u015bci","description":"Portal Miejski Gliwice","publisher":{"@id":"https:\/\/www.24gliwice.pl\/wiadomosci\/#organization"},"potentialAction":[{"@type":"SearchAction","target":{"@type":"EntryPoint","urlTemplate":"https:\/\/www.24gliwice.pl\/wiadomosci\/?s={search_term_string}"},"query-input":{"@type":"PropertyValueSpecification","valueRequired":true,"valueName":"search_term_string"}}],"inLanguage":"pl-PL"},{"@type":"Organization","@id":"https:\/\/www.24gliwice.pl\/wiadomosci\/#organization","name":"24gliwice","url":"https:\/\/www.24gliwice.pl\/wiadomosci\/","logo":{"@type":"ImageObject","inLanguage":"pl-PL","@id":"https:\/\/www.24gliwice.pl\/wiadomosci\/#\/schema\/logo\/image\/","url":"https:\/\/www.24gliwice.pl\/wiadomosci\/wp-content\/uploads\/2024\/10\/24gliwice-logo-696.jpg","contentUrl":"https:\/\/www.24gliwice.pl\/wiadomosci\/wp-content\/uploads\/2024\/10\/24gliwice-logo-696.jpg","width":696,"height":696,"caption":"24gliwice"},"image":{"@id":"https:\/\/www.24gliwice.pl\/wiadomosci\/#\/schema\/logo\/image\/"},"sameAs":["https:\/\/www.facebook.com\/24gliwice","https:\/\/x.com\/24gliwice","https:\/\/www.youtube.com\/@24gliwice"]},{"@type":"Person","@id":"https:\/\/www.24gliwice.pl\/wiadomosci\/#\/schema\/person\/e42c650edd7f2fa332be3811fb166b6e","name":"\u017baneta Mrozek-Siewierska","image":{"@type":"ImageObject","inLanguage":"pl-PL","@id":"https:\/\/www.24gliwice.pl\/wiadomosci\/wp-content\/uploads\/2021\/11\/Zaneta-M_S-zdjecie-czb-96x96.jpg","url":"https:\/\/www.24gliwice.pl\/wiadomosci\/wp-content\/uploads\/2021\/11\/Zaneta-M_S-zdjecie-czb-96x96.jpg","contentUrl":"https:\/\/www.24gliwice.pl\/wiadomosci\/wp-content\/uploads\/2021\/11\/Zaneta-M_S-zdjecie-czb-96x96.jpg","caption":"\u017baneta Mrozek-Siewierska"},"url":"https:\/\/www.24gliwice.pl\/wiadomosci\/author\/zms\/"}]}},"_links":{"self":[{"href":"https:\/\/www.24gliwice.pl\/wiadomosci\/wp-json\/wp\/v2\/posts\/269754","targetHints":{"allow":["GET"]}}],"collection":[{"href":"https:\/\/www.24gliwice.pl\/wiadomosci\/wp-json\/wp\/v2\/posts"}],"about":[{"href":"https:\/\/www.24gliwice.pl\/wiadomosci\/wp-json\/wp\/v2\/types\/post"}],"author":[{"embeddable":true,"href":"https:\/\/www.24gliwice.pl\/wiadomosci\/wp-json\/wp\/v2\/users\/15"}],"replies":[{"embeddable":true,"href":"https:\/\/www.24gliwice.pl\/wiadomosci\/wp-json\/wp\/v2\/comments?post=269754"}],"version-history":[{"count":4,"href":"https:\/\/www.24gliwice.pl\/wiadomosci\/wp-json\/wp\/v2\/posts\/269754\/revisions"}],"predecessor-version":[{"id":269775,"href":"https:\/\/www.24gliwice.pl\/wiadomosci\/wp-json\/wp\/v2\/posts\/269754\/revisions\/269775"}],"wp:featuredmedia":[{"embeddable":true,"href":"https:\/\/www.24gliwice.pl\/wiadomosci\/wp-json\/wp\/v2\/media\/269755"}],"wp:attachment":[{"href":"https:\/\/www.24gliwice.pl\/wiadomosci\/wp-json\/wp\/v2\/media?parent=269754"}],"wp:term":[{"taxonomy":"category","embeddable":true,"href":"https:\/\/www.24gliwice.pl\/wiadomosci\/wp-json\/wp\/v2\/categories?post=269754"},{"taxonomy":"post_tag","embeddable":true,"href":"https:\/\/www.24gliwice.pl\/wiadomosci\/wp-json\/wp\/v2\/tags?post=269754"}],"curies":[{"name":"wp","href":"https:\/\/api.w.org\/{rel}","templated":true}]}}