{"id":269781,"date":"2026-04-27T12:31:26","date_gmt":"2026-04-27T10:31:26","guid":{"rendered":"https:\/\/www.24gliwice.pl\/wiadomosci\/?p=269781"},"modified":"2026-04-27T12:31:26","modified_gmt":"2026-04-27T10:31:26","slug":"jechal-cala-szerokoscia-pasa-ruchu-zatrzymywal-auto-bez-powodu-nocny-rajd-pijanego-kierowcy-przerwany","status":"publish","type":"post","link":"https:\/\/www.24gliwice.pl\/wiadomosci\/jechal-cala-szerokoscia-pasa-ruchu-zatrzymywal-auto-bez-powodu-nocny-rajd-pijanego-kierowcy-przerwany\/","title":{"rendered":"Jecha\u0142 ca\u0142\u0105 szeroko\u015bci\u0105 pasa ruchu, zatrzymywa\u0142 auto bez powodu. Nocny rajd pijanego kierowcy przerwany"},"content":{"rendered":"<div class=\"gliwi-a6-nad-leadem-artykulow gliwi-entity-placement\" id=\"gliwi-1637188710\"><div class=\"gliwi-adlabel\"><span style=\"font-size: 9px\">REKLAMA<\/span><\/div><div id=\"gliwi-850743955\" style=\"margin-bottom: 30px;margin-left: auto;margin-right: auto;text-align: center;\"><a data-no-instant=\"1\" href=\"https:\/\/przedszkole.halogen.org.pl\/\" rel=\"noopener\" class=\"a2t-link\" target=\"_blank\" aria-label=\"20260402-ANIMATOR-przedszkole_grafika_750x200\"><img loading=\"lazy\" decoding=\"async\" src=\"https:\/\/www.24gliwice.pl\/wiadomosci\/wp-content\/uploads\/2026\/04\/20260402-ANIMATOR-przedszkole_grafika_750x200.webp\" alt=\"\"  srcset=\"https:\/\/www.24gliwice.pl\/wiadomosci\/wp-content\/uploads\/2026\/04\/20260402-ANIMATOR-przedszkole_grafika_750x200.webp 750w, https:\/\/www.24gliwice.pl\/wiadomosci\/wp-content\/uploads\/2026\/04\/20260402-ANIMATOR-przedszkole_grafika_750x200-410x109.webp 410w\" sizes=\"(max-width: 750px) 100vw, 750px\" class=\"no-lazyload\" width=\"750\" height=\"200\"  style=\"display: inline-block; max-width: 100%; height: auto;\" \/><\/a><\/div><\/div><h2>Ponad 2,5 promila alkoholu w organizmie mia\u0142 36-letni kieruj\u0105cy, kt\u00f3rego na drodze wojew\u00f3dzkiej  nr 901 zatrzyma\u0142 gliwicki technik kryminalistyki. Policjant uniemo\u017cliwi\u0142 dalsz\u0105 jazd\u0119 m\u0119\u017cczy\u017anie, a nast\u0119pnie wezwa\u0142 na miejsce drog\u00f3wk\u0119.<\/h2>\n<p><!--more--><\/p>\n<p>Do zdarzenia dosz\u0142o w nocy w drugiej po\u0142owie kwietnia. Policjant, realizuj\u0105cy na co dzie\u0144 zadania z zakresu techniki kryminalistyki, wraca\u0142 do jednostki po wykonanych czynno\u015bciach na miejscu przest\u0119pstwa.<\/p>\n<p>&#8211; <em>W trakcie przejazdu zwr\u00f3ci\u0142 uwag\u0119 na kieruj\u0105cego Oplem Vectr\u0105, kt\u00f3rego spos\u00f3b jazdy jednoznacznie wskazywa\u0142, \u017ce mo\u017ce znajdowa\u0107 si\u0119 pod wp\u0142ywem alkoholu. Kieruj\u0105cy porusza\u0142 si\u0119 w spos\u00f3b skrajnie nieodpowiedzialny, jecha\u0142 ca\u0142\u0105 szeroko\u015bci\u0105 pasa ruchu, bez wyra\u017anego powodu zatrzymywa\u0142 pojazd, czym stwarza\u0142 realne zagro\u017cenie dla innych uczestnik\u00f3w ruchu drogowego<\/em> &#8211; relacjonuje nadkomisarz <strong>Marzena Szwed,<\/strong> oficer prasowa KMP Gliwice.<\/p><div class=\"gliwi-a3-w-tresci-artykulow gliwi-entity-placement\" id=\"gliwi-777980108\"><div class=\"gliwi-adlabel\"><span style=\"font-size: 9px\">REKLAMA<\/span><\/div><div id=\"gliwi-1528802250\" style=\"margin-bottom: 30px;margin-left: auto;margin-right: auto;text-align: center;\"><a data-no-instant=\"1\" href=\"https:\/\/ogrodyandersa.pl\/\" rel=\"noopener\" class=\"a2t-link\" target=\"_blank\" aria-label=\"20260415 Ogrody Andersa KUP TERAZ D\"><img loading=\"lazy\" decoding=\"async\" src=\"https:\/\/www.24gliwice.pl\/wiadomosci\/wp-content\/uploads\/2026\/04\/20260415-Ogrody-Andersa-KUP-TERAZ-D.jpg\" alt=\"\"  srcset=\"https:\/\/www.24gliwice.pl\/wiadomosci\/wp-content\/uploads\/2026\/04\/20260415-Ogrody-Andersa-KUP-TERAZ-D.jpg 750w, https:\/\/www.24gliwice.pl\/wiadomosci\/wp-content\/uploads\/2026\/04\/20260415-Ogrody-Andersa-KUP-TERAZ-D-410x109.jpg 410w\" sizes=\"(max-width: 750px) 100vw, 750px\" class=\"no-lazyload\" width=\"750\" height=\"200\"  style=\"display: inline-block; max-width: 100%; height: auto;\" \/><\/a><\/div><\/div>\n<blockquote><p><em>Policjant natychmiast i zdecydowanie zareagowa\u0142. Podj\u0105\u0142 interwencj\u0119, uniemo\u017cliwiaj\u0105c dalsz\u0105 jazd\u0119 m\u0119\u017cczy\u017anie, a nast\u0119pnie powiadomi\u0142 dy\u017curnego jednostki. Do czasu przyjazdu patrolu zabezpiecza\u0142 miejsce interwencji, dbaj\u0105c o bezpiecze\u0144stwo innych uczestnik\u00f3w ruchu<\/em> <\/p><\/blockquote>\n<p>&#8211; dodaje. <\/p>\n<p>Na miejsce zostali skierowani policjanci ruchu drogowego gliwickiej komendy, kt\u00f3rzy przebadali 36-letniego mieszka\u0144ca powiatu tarnog\u00f3rskiego na zawarto\u015b\u0107 alkoholu. Badanie stanu trze\u017awo\u015bci wykaza\u0142o ponad 2,5 promila alkoholu. M\u0119\u017cczyzna us\u0142ysza\u0142 ju\u017c zarzuty, a o jego dalszym losie zadecyduje s\u0105d. Za prowadzenie pojazdu w stanie nietrze\u017awo\u015bci grozi mu kara do 3 lat wi\u0119zienia, wysoka grzywna oraz wieloletni zakaz prowadzenia pojazd\u00f3w.<\/p>\n<p>(\u017cms)\/KMP Gliwice<br \/>\nfot. KMP Gliwice<\/p>\n<div class=\"gliwi-a5-na-koncu-artykulow gliwi-entity-placement\" id=\"gliwi-2225171842\"><div class=\"gliwi-adlabel\"><span style=\"font-size: 9px\">REKLAMA<\/span><\/div><div id=\"gliwi-3362903449\" style=\"margin-left: auto;margin-right: auto;text-align: center;\"><a data-no-instant=\"1\" href=\"https:\/\/prezeroarenagliwice.pl\/\" rel=\"noopener\" class=\"a2t-link\" target=\"_blank\" aria-label=\"20260309-PREZERO-WIOSNA-D\"><img loading=\"lazy\" decoding=\"async\" src=\"https:\/\/www.24gliwice.pl\/wiadomosci\/wp-content\/uploads\/2026\/03\/20260309-PREZERO-WIOSNA-D.webp\" alt=\"\"  srcset=\"https:\/\/www.24gliwice.pl\/wiadomosci\/wp-content\/uploads\/2026\/03\/20260309-PREZERO-WIOSNA-D.webp 750w, https:\/\/www.24gliwice.pl\/wiadomosci\/wp-content\/uploads\/2026\/03\/20260309-PREZERO-WIOSNA-D-410x109.webp 410w\" sizes=\"(max-width: 750px) 100vw, 750px\" class=\"no-lazyload\" width=\"750\" height=\"200\"  style=\"display: inline-block; max-width: 100%; height: auto;\" \/><\/a><\/div><\/div>","protected":false},"excerpt":{"rendered":"<p>Ponad 2,5 promila alkoholu w organizmie mia\u0142 36-letni kieruj\u0105cy, kt\u00f3rego na drodze wojew\u00f3dzkiej nr 901 zatrzyma\u0142 gliwicki technik kryminalistyki. Policjant uniemo\u017cliwi\u0142 dalsz\u0105 jazd\u0119 m\u0119\u017cczy\u017anie, a nast\u0119pnie wezwa\u0142 na miejsce drog\u00f3wk\u0119.<\/p>\n","protected":false},"author":15,"featured_media":269785,"comment_status":"open","ping_status":"closed","sticky":false,"template":"","format":"standard","meta":{"_monsterinsights_skip_tracking":false,"_monsterinsights_sitenote_active":false,"_monsterinsights_sitenote_note":"","_monsterinsights_sitenote_category":0,"footnotes":"","_links_to":"","_links_to_target":""},"categories":[3,1,5],"tags":[2079],"class_list":["post-269781","post","type-post","status-publish","format-standard","has-post-thumbnail","hentry","category-gliwice","category-wszystko","category-kryminalki","tag-pijany-kierowca"],"yoast_head":"<!-- This site is optimized with the Yoast SEO plugin v27.4 - https:\/\/yoast.com\/product\/yoast-seo-wordpress\/ -->\n<title>Jecha\u0142 ca\u0142\u0105 szeroko\u015bci\u0105 pasa ruchu, zatrzymywa\u0142 auto bez powodu. Nocny rajd pijanego kierowcy przerwany - 24GLIWICE - Portal Gliwice | codziennie nowe informacje<\/title>\n<meta name=\"description\" content=\"Na drodze wojew\u00f3dzkiej nr 901 zatrzymano 36-latka, kt\u00f3ry kierowa\u0142 samochodem maj\u0105c w organizmie 2,5 promila alkoholu\" \/>\n<meta name=\"robots\" content=\"index, follow, max-snippet:-1, max-image-preview:large, max-video-preview:-1\" \/>\n<link rel=\"canonical\" href=\"https:\/\/www.24gliwice.pl\/wiadomosci\/jechal-cala-szerokoscia-pasa-ruchu-zatrzymywal-auto-bez-powodu-nocny-rajd-pijanego-kierowcy-przerwany\/\" \/>\n<meta property=\"og:locale\" content=\"pl_PL\" \/>\n<meta property=\"og:type\" content=\"article\" \/>\n<meta property=\"og:title\" content=\"Jecha\u0142 ca\u0142\u0105 szeroko\u015bci\u0105 pasa ruchu, zatrzymywa\u0142 auto bez powodu. Nocny rajd pijanego kierowcy przerwany - 24GLIWICE - Portal Gliwice | codziennie nowe informacje\" \/>\n<meta property=\"og:description\" content=\"Na drodze wojew\u00f3dzkiej nr 901 zatrzymano 36-latka, kt\u00f3ry kierowa\u0142 samochodem maj\u0105c w organizmie 2,5 promila alkoholu\" \/>\n<meta property=\"og:url\" content=\"https:\/\/www.24gliwice.pl\/wiadomosci\/jechal-cala-szerokoscia-pasa-ruchu-zatrzymywal-auto-bez-powodu-nocny-rajd-pijanego-kierowcy-przerwany\/\" \/>\n<meta property=\"og:site_name\" content=\"24GLIWICE - Portal Gliwice | codziennie nowe informacje\" \/>\n<meta property=\"article:publisher\" content=\"https:\/\/www.facebook.com\/24gliwice\" \/>\n<meta property=\"article:published_time\" content=\"2026-04-27T10:31:26+00:00\" \/>\n<meta property=\"og:image\" content=\"https:\/\/www.24gliwice.pl\/wiadomosci\/wp-content\/uploads\/2026\/04\/technik-kryminalistyki-odciski-palcow-zatrzymanie.jpg\" \/>\n\t<meta property=\"og:image:width\" content=\"810\" \/>\n\t<meta property=\"og:image:height\" content=\"457\" \/>\n\t<meta property=\"og:image:type\" content=\"image\/jpeg\" \/>\n<meta name=\"author\" content=\"\u017baneta Mrozek-Siewierska\" \/>\n<meta name=\"twitter:card\" content=\"summary_large_image\" \/>\n<meta name=\"twitter:creator\" content=\"@24gliwice\" \/>\n<meta name=\"twitter:site\" content=\"@24gliwice\" \/>\n<meta name=\"twitter:label1\" content=\"Napisane przez\" \/>\n\t<meta name=\"twitter:data1\" content=\"\u017baneta Mrozek-Siewierska\" \/>\n\t<meta name=\"twitter:label2\" content=\"Szacowany czas czytania\" \/>\n\t<meta name=\"twitter:data2\" content=\"2 minuty\" \/>\n<script type=\"application\/ld+json\" class=\"yoast-schema-graph\">{\"@context\":\"https:\\\/\\\/schema.org\",\"@graph\":[{\"@type\":\"Article\",\"@id\":\"https:\\\/\\\/www.24gliwice.pl\\\/wiadomosci\\\/jechal-cala-szerokoscia-pasa-ruchu-zatrzymywal-auto-bez-powodu-nocny-rajd-pijanego-kierowcy-przerwany\\\/#article\",\"isPartOf\":{\"@id\":\"https:\\\/\\\/www.24gliwice.pl\\\/wiadomosci\\\/jechal-cala-szerokoscia-pasa-ruchu-zatrzymywal-auto-bez-powodu-nocny-rajd-pijanego-kierowcy-przerwany\\\/\"},\"author\":{\"name\":\"\u017baneta Mrozek-Siewierska\",\"@id\":\"https:\\\/\\\/www.24gliwice.pl\\\/wiadomosci\\\/#\\\/schema\\\/person\\\/e42c650edd7f2fa332be3811fb166b6e\"},\"headline\":\"Jecha\u0142 ca\u0142\u0105 szeroko\u015bci\u0105 pasa ruchu, zatrzymywa\u0142 auto bez powodu. Nocny rajd pijanego kierowcy przerwany\",\"datePublished\":\"2026-04-27T10:31:26+00:00\",\"mainEntityOfPage\":{\"@id\":\"https:\\\/\\\/www.24gliwice.pl\\\/wiadomosci\\\/jechal-cala-szerokoscia-pasa-ruchu-zatrzymywal-auto-bez-powodu-nocny-rajd-pijanego-kierowcy-przerwany\\\/\"},\"wordCount\":267,\"commentCount\":1,\"publisher\":{\"@id\":\"https:\\\/\\\/www.24gliwice.pl\\\/wiadomosci\\\/#organization\"},\"image\":{\"@id\":\"https:\\\/\\\/www.24gliwice.pl\\\/wiadomosci\\\/jechal-cala-szerokoscia-pasa-ruchu-zatrzymywal-auto-bez-powodu-nocny-rajd-pijanego-kierowcy-przerwany\\\/#primaryimage\"},\"thumbnailUrl\":\"https:\\\/\\\/www.24gliwice.pl\\\/wiadomosci\\\/wp-content\\\/uploads\\\/2026\\\/04\\\/technik-kryminalistyki-odciski-palcow-zatrzymanie.jpg\",\"keywords\":[\"PIJANY KIEROWCA\"],\"articleSection\":[\"Gliwice\",\"Najnowsze wiadomo\u015bci\",\"Prawo\"],\"inLanguage\":\"pl-PL\",\"potentialAction\":[{\"@type\":\"CommentAction\",\"name\":\"Comment\",\"target\":[\"https:\\\/\\\/www.24gliwice.pl\\\/wiadomosci\\\/jechal-cala-szerokoscia-pasa-ruchu-zatrzymywal-auto-bez-powodu-nocny-rajd-pijanego-kierowcy-przerwany\\\/#respond\"]}]},{\"@type\":\"WebPage\",\"@id\":\"https:\\\/\\\/www.24gliwice.pl\\\/wiadomosci\\\/jechal-cala-szerokoscia-pasa-ruchu-zatrzymywal-auto-bez-powodu-nocny-rajd-pijanego-kierowcy-przerwany\\\/\",\"url\":\"https:\\\/\\\/www.24gliwice.pl\\\/wiadomosci\\\/jechal-cala-szerokoscia-pasa-ruchu-zatrzymywal-auto-bez-powodu-nocny-rajd-pijanego-kierowcy-przerwany\\\/\",\"name\":\"Jecha\u0142 ca\u0142\u0105 szeroko\u015bci\u0105 pasa ruchu, zatrzymywa\u0142 auto bez powodu. Nocny rajd pijanego kierowcy przerwany - 24GLIWICE - Portal Gliwice | codziennie nowe informacje\",\"isPartOf\":{\"@id\":\"https:\\\/\\\/www.24gliwice.pl\\\/wiadomosci\\\/#website\"},\"primaryImageOfPage\":{\"@id\":\"https:\\\/\\\/www.24gliwice.pl\\\/wiadomosci\\\/jechal-cala-szerokoscia-pasa-ruchu-zatrzymywal-auto-bez-powodu-nocny-rajd-pijanego-kierowcy-przerwany\\\/#primaryimage\"},\"image\":{\"@id\":\"https:\\\/\\\/www.24gliwice.pl\\\/wiadomosci\\\/jechal-cala-szerokoscia-pasa-ruchu-zatrzymywal-auto-bez-powodu-nocny-rajd-pijanego-kierowcy-przerwany\\\/#primaryimage\"},\"thumbnailUrl\":\"https:\\\/\\\/www.24gliwice.pl\\\/wiadomosci\\\/wp-content\\\/uploads\\\/2026\\\/04\\\/technik-kryminalistyki-odciski-palcow-zatrzymanie.jpg\",\"datePublished\":\"2026-04-27T10:31:26+00:00\",\"description\":\"Na drodze wojew\u00f3dzkiej nr 901 zatrzymano 36-latka, kt\u00f3ry kierowa\u0142 samochodem maj\u0105c w organizmie 2,5 promila alkoholu\",\"breadcrumb\":{\"@id\":\"https:\\\/\\\/www.24gliwice.pl\\\/wiadomosci\\\/jechal-cala-szerokoscia-pasa-ruchu-zatrzymywal-auto-bez-powodu-nocny-rajd-pijanego-kierowcy-przerwany\\\/#breadcrumb\"},\"inLanguage\":\"pl-PL\",\"potentialAction\":[{\"@type\":\"ReadAction\",\"target\":[\"https:\\\/\\\/www.24gliwice.pl\\\/wiadomosci\\\/jechal-cala-szerokoscia-pasa-ruchu-zatrzymywal-auto-bez-powodu-nocny-rajd-pijanego-kierowcy-przerwany\\\/\"]}]},{\"@type\":\"ImageObject\",\"inLanguage\":\"pl-PL\",\"@id\":\"https:\\\/\\\/www.24gliwice.pl\\\/wiadomosci\\\/jechal-cala-szerokoscia-pasa-ruchu-zatrzymywal-auto-bez-powodu-nocny-rajd-pijanego-kierowcy-przerwany\\\/#primaryimage\",\"url\":\"https:\\\/\\\/www.24gliwice.pl\\\/wiadomosci\\\/wp-content\\\/uploads\\\/2026\\\/04\\\/technik-kryminalistyki-odciski-palcow-zatrzymanie.jpg\",\"contentUrl\":\"https:\\\/\\\/www.24gliwice.pl\\\/wiadomosci\\\/wp-content\\\/uploads\\\/2026\\\/04\\\/technik-kryminalistyki-odciski-palcow-zatrzymanie.jpg\",\"width\":810,\"height\":457,\"caption\":\"ZDJ\u0118CIE POGL\u0104DOWE\"},{\"@type\":\"BreadcrumbList\",\"@id\":\"https:\\\/\\\/www.24gliwice.pl\\\/wiadomosci\\\/jechal-cala-szerokoscia-pasa-ruchu-zatrzymywal-auto-bez-powodu-nocny-rajd-pijanego-kierowcy-przerwany\\\/#breadcrumb\",\"itemListElement\":[{\"@type\":\"ListItem\",\"position\":1,\"name\":\"Strona g\u0142\u00f3wna\",\"item\":\"https:\\\/\\\/www.24gliwice.pl\\\/wiadomosci\\\/\"},{\"@type\":\"ListItem\",\"position\":2,\"name\":\"Jecha\u0142 ca\u0142\u0105 szeroko\u015bci\u0105 pasa ruchu, zatrzymywa\u0142 auto bez powodu. Nocny rajd pijanego kierowcy przerwany\"}]},{\"@type\":\"WebSite\",\"@id\":\"https:\\\/\\\/www.24gliwice.pl\\\/wiadomosci\\\/#website\",\"url\":\"https:\\\/\\\/www.24gliwice.pl\\\/wiadomosci\\\/\",\"name\":\"24GLIWICE - Portal Gliwice | codziennie nowe wiadomo\u015bci\",\"description\":\"Portal Miejski Gliwice\",\"publisher\":{\"@id\":\"https:\\\/\\\/www.24gliwice.pl\\\/wiadomosci\\\/#organization\"},\"potentialAction\":[{\"@type\":\"SearchAction\",\"target\":{\"@type\":\"EntryPoint\",\"urlTemplate\":\"https:\\\/\\\/www.24gliwice.pl\\\/wiadomosci\\\/?s={search_term_string}\"},\"query-input\":{\"@type\":\"PropertyValueSpecification\",\"valueRequired\":true,\"valueName\":\"search_term_string\"}}],\"inLanguage\":\"pl-PL\"},{\"@type\":\"Organization\",\"@id\":\"https:\\\/\\\/www.24gliwice.pl\\\/wiadomosci\\\/#organization\",\"name\":\"24gliwice\",\"url\":\"https:\\\/\\\/www.24gliwice.pl\\\/wiadomosci\\\/\",\"logo\":{\"@type\":\"ImageObject\",\"inLanguage\":\"pl-PL\",\"@id\":\"https:\\\/\\\/www.24gliwice.pl\\\/wiadomosci\\\/#\\\/schema\\\/logo\\\/image\\\/\",\"url\":\"https:\\\/\\\/www.24gliwice.pl\\\/wiadomosci\\\/wp-content\\\/uploads\\\/2024\\\/10\\\/24gliwice-logo-696.jpg\",\"contentUrl\":\"https:\\\/\\\/www.24gliwice.pl\\\/wiadomosci\\\/wp-content\\\/uploads\\\/2024\\\/10\\\/24gliwice-logo-696.jpg\",\"width\":696,\"height\":696,\"caption\":\"24gliwice\"},\"image\":{\"@id\":\"https:\\\/\\\/www.24gliwice.pl\\\/wiadomosci\\\/#\\\/schema\\\/logo\\\/image\\\/\"},\"sameAs\":[\"https:\\\/\\\/www.facebook.com\\\/24gliwice\",\"https:\\\/\\\/x.com\\\/24gliwice\",\"https:\\\/\\\/www.youtube.com\\\/@24gliwice\"]},{\"@type\":\"Person\",\"@id\":\"https:\\\/\\\/www.24gliwice.pl\\\/wiadomosci\\\/#\\\/schema\\\/person\\\/e42c650edd7f2fa332be3811fb166b6e\",\"name\":\"\u017baneta Mrozek-Siewierska\",\"image\":{\"@type\":\"ImageObject\",\"inLanguage\":\"pl-PL\",\"@id\":\"https:\\\/\\\/www.24gliwice.pl\\\/wiadomosci\\\/wp-content\\\/uploads\\\/2021\\\/11\\\/Zaneta-M_S-zdjecie-czb-96x96.jpg\",\"url\":\"https:\\\/\\\/www.24gliwice.pl\\\/wiadomosci\\\/wp-content\\\/uploads\\\/2021\\\/11\\\/Zaneta-M_S-zdjecie-czb-96x96.jpg\",\"contentUrl\":\"https:\\\/\\\/www.24gliwice.pl\\\/wiadomosci\\\/wp-content\\\/uploads\\\/2021\\\/11\\\/Zaneta-M_S-zdjecie-czb-96x96.jpg\",\"caption\":\"\u017baneta Mrozek-Siewierska\"},\"url\":\"https:\\\/\\\/www.24gliwice.pl\\\/wiadomosci\\\/author\\\/zms\\\/\"}]}<\/script>\n<!-- \/ Yoast SEO plugin. -->","yoast_head_json":{"title":"Jecha\u0142 ca\u0142\u0105 szeroko\u015bci\u0105 pasa ruchu, zatrzymywa\u0142 auto bez powodu. Nocny rajd pijanego kierowcy przerwany - 24GLIWICE - Portal Gliwice | codziennie nowe informacje","description":"Na drodze wojew\u00f3dzkiej nr 901 zatrzymano 36-latka, kt\u00f3ry kierowa\u0142 samochodem maj\u0105c w organizmie 2,5 promila alkoholu","robots":{"index":"index","follow":"follow","max-snippet":"max-snippet:-1","max-image-preview":"max-image-preview:large","max-video-preview":"max-video-preview:-1"},"canonical":"https:\/\/www.24gliwice.pl\/wiadomosci\/jechal-cala-szerokoscia-pasa-ruchu-zatrzymywal-auto-bez-powodu-nocny-rajd-pijanego-kierowcy-przerwany\/","og_locale":"pl_PL","og_type":"article","og_title":"Jecha\u0142 ca\u0142\u0105 szeroko\u015bci\u0105 pasa ruchu, zatrzymywa\u0142 auto bez powodu. Nocny rajd pijanego kierowcy przerwany - 24GLIWICE - Portal Gliwice | codziennie nowe informacje","og_description":"Na drodze wojew\u00f3dzkiej nr 901 zatrzymano 36-latka, kt\u00f3ry kierowa\u0142 samochodem maj\u0105c w organizmie 2,5 promila alkoholu","og_url":"https:\/\/www.24gliwice.pl\/wiadomosci\/jechal-cala-szerokoscia-pasa-ruchu-zatrzymywal-auto-bez-powodu-nocny-rajd-pijanego-kierowcy-przerwany\/","og_site_name":"24GLIWICE - Portal Gliwice | codziennie nowe informacje","article_publisher":"https:\/\/www.facebook.com\/24gliwice","article_published_time":"2026-04-27T10:31:26+00:00","og_image":[{"width":810,"height":457,"url":"https:\/\/www.24gliwice.pl\/wiadomosci\/wp-content\/uploads\/2026\/04\/technik-kryminalistyki-odciski-palcow-zatrzymanie.jpg","type":"image\/jpeg"}],"author":"\u017baneta Mrozek-Siewierska","twitter_card":"summary_large_image","twitter_creator":"@24gliwice","twitter_site":"@24gliwice","twitter_misc":{"Napisane przez":"\u017baneta Mrozek-Siewierska","Szacowany czas czytania":"2 minuty"},"schema":{"@context":"https:\/\/schema.org","@graph":[{"@type":"Article","@id":"https:\/\/www.24gliwice.pl\/wiadomosci\/jechal-cala-szerokoscia-pasa-ruchu-zatrzymywal-auto-bez-powodu-nocny-rajd-pijanego-kierowcy-przerwany\/#article","isPartOf":{"@id":"https:\/\/www.24gliwice.pl\/wiadomosci\/jechal-cala-szerokoscia-pasa-ruchu-zatrzymywal-auto-bez-powodu-nocny-rajd-pijanego-kierowcy-przerwany\/"},"author":{"name":"\u017baneta Mrozek-Siewierska","@id":"https:\/\/www.24gliwice.pl\/wiadomosci\/#\/schema\/person\/e42c650edd7f2fa332be3811fb166b6e"},"headline":"Jecha\u0142 ca\u0142\u0105 szeroko\u015bci\u0105 pasa ruchu, zatrzymywa\u0142 auto bez powodu. Nocny rajd pijanego kierowcy przerwany","datePublished":"2026-04-27T10:31:26+00:00","mainEntityOfPage":{"@id":"https:\/\/www.24gliwice.pl\/wiadomosci\/jechal-cala-szerokoscia-pasa-ruchu-zatrzymywal-auto-bez-powodu-nocny-rajd-pijanego-kierowcy-przerwany\/"},"wordCount":267,"commentCount":1,"publisher":{"@id":"https:\/\/www.24gliwice.pl\/wiadomosci\/#organization"},"image":{"@id":"https:\/\/www.24gliwice.pl\/wiadomosci\/jechal-cala-szerokoscia-pasa-ruchu-zatrzymywal-auto-bez-powodu-nocny-rajd-pijanego-kierowcy-przerwany\/#primaryimage"},"thumbnailUrl":"https:\/\/www.24gliwice.pl\/wiadomosci\/wp-content\/uploads\/2026\/04\/technik-kryminalistyki-odciski-palcow-zatrzymanie.jpg","keywords":["PIJANY KIEROWCA"],"articleSection":["Gliwice","Najnowsze wiadomo\u015bci","Prawo"],"inLanguage":"pl-PL","potentialAction":[{"@type":"CommentAction","name":"Comment","target":["https:\/\/www.24gliwice.pl\/wiadomosci\/jechal-cala-szerokoscia-pasa-ruchu-zatrzymywal-auto-bez-powodu-nocny-rajd-pijanego-kierowcy-przerwany\/#respond"]}]},{"@type":"WebPage","@id":"https:\/\/www.24gliwice.pl\/wiadomosci\/jechal-cala-szerokoscia-pasa-ruchu-zatrzymywal-auto-bez-powodu-nocny-rajd-pijanego-kierowcy-przerwany\/","url":"https:\/\/www.24gliwice.pl\/wiadomosci\/jechal-cala-szerokoscia-pasa-ruchu-zatrzymywal-auto-bez-powodu-nocny-rajd-pijanego-kierowcy-przerwany\/","name":"Jecha\u0142 ca\u0142\u0105 szeroko\u015bci\u0105 pasa ruchu, zatrzymywa\u0142 auto bez powodu. Nocny rajd pijanego kierowcy przerwany - 24GLIWICE - Portal Gliwice | codziennie nowe informacje","isPartOf":{"@id":"https:\/\/www.24gliwice.pl\/wiadomosci\/#website"},"primaryImageOfPage":{"@id":"https:\/\/www.24gliwice.pl\/wiadomosci\/jechal-cala-szerokoscia-pasa-ruchu-zatrzymywal-auto-bez-powodu-nocny-rajd-pijanego-kierowcy-przerwany\/#primaryimage"},"image":{"@id":"https:\/\/www.24gliwice.pl\/wiadomosci\/jechal-cala-szerokoscia-pasa-ruchu-zatrzymywal-auto-bez-powodu-nocny-rajd-pijanego-kierowcy-przerwany\/#primaryimage"},"thumbnailUrl":"https:\/\/www.24gliwice.pl\/wiadomosci\/wp-content\/uploads\/2026\/04\/technik-kryminalistyki-odciski-palcow-zatrzymanie.jpg","datePublished":"2026-04-27T10:31:26+00:00","description":"Na drodze wojew\u00f3dzkiej nr 901 zatrzymano 36-latka, kt\u00f3ry kierowa\u0142 samochodem maj\u0105c w organizmie 2,5 promila alkoholu","breadcrumb":{"@id":"https:\/\/www.24gliwice.pl\/wiadomosci\/jechal-cala-szerokoscia-pasa-ruchu-zatrzymywal-auto-bez-powodu-nocny-rajd-pijanego-kierowcy-przerwany\/#breadcrumb"},"inLanguage":"pl-PL","potentialAction":[{"@type":"ReadAction","target":["https:\/\/www.24gliwice.pl\/wiadomosci\/jechal-cala-szerokoscia-pasa-ruchu-zatrzymywal-auto-bez-powodu-nocny-rajd-pijanego-kierowcy-przerwany\/"]}]},{"@type":"ImageObject","inLanguage":"pl-PL","@id":"https:\/\/www.24gliwice.pl\/wiadomosci\/jechal-cala-szerokoscia-pasa-ruchu-zatrzymywal-auto-bez-powodu-nocny-rajd-pijanego-kierowcy-przerwany\/#primaryimage","url":"https:\/\/www.24gliwice.pl\/wiadomosci\/wp-content\/uploads\/2026\/04\/technik-kryminalistyki-odciski-palcow-zatrzymanie.jpg","contentUrl":"https:\/\/www.24gliwice.pl\/wiadomosci\/wp-content\/uploads\/2026\/04\/technik-kryminalistyki-odciski-palcow-zatrzymanie.jpg","width":810,"height":457,"caption":"ZDJ\u0118CIE POGL\u0104DOWE"},{"@type":"BreadcrumbList","@id":"https:\/\/www.24gliwice.pl\/wiadomosci\/jechal-cala-szerokoscia-pasa-ruchu-zatrzymywal-auto-bez-powodu-nocny-rajd-pijanego-kierowcy-przerwany\/#breadcrumb","itemListElement":[{"@type":"ListItem","position":1,"name":"Strona g\u0142\u00f3wna","item":"https:\/\/www.24gliwice.pl\/wiadomosci\/"},{"@type":"ListItem","position":2,"name":"Jecha\u0142 ca\u0142\u0105 szeroko\u015bci\u0105 pasa ruchu, zatrzymywa\u0142 auto bez powodu. Nocny rajd pijanego kierowcy przerwany"}]},{"@type":"WebSite","@id":"https:\/\/www.24gliwice.pl\/wiadomosci\/#website","url":"https:\/\/www.24gliwice.pl\/wiadomosci\/","name":"24GLIWICE - Portal Gliwice | codziennie nowe wiadomo\u015bci","description":"Portal Miejski Gliwice","publisher":{"@id":"https:\/\/www.24gliwice.pl\/wiadomosci\/#organization"},"potentialAction":[{"@type":"SearchAction","target":{"@type":"EntryPoint","urlTemplate":"https:\/\/www.24gliwice.pl\/wiadomosci\/?s={search_term_string}"},"query-input":{"@type":"PropertyValueSpecification","valueRequired":true,"valueName":"search_term_string"}}],"inLanguage":"pl-PL"},{"@type":"Organization","@id":"https:\/\/www.24gliwice.pl\/wiadomosci\/#organization","name":"24gliwice","url":"https:\/\/www.24gliwice.pl\/wiadomosci\/","logo":{"@type":"ImageObject","inLanguage":"pl-PL","@id":"https:\/\/www.24gliwice.pl\/wiadomosci\/#\/schema\/logo\/image\/","url":"https:\/\/www.24gliwice.pl\/wiadomosci\/wp-content\/uploads\/2024\/10\/24gliwice-logo-696.jpg","contentUrl":"https:\/\/www.24gliwice.pl\/wiadomosci\/wp-content\/uploads\/2024\/10\/24gliwice-logo-696.jpg","width":696,"height":696,"caption":"24gliwice"},"image":{"@id":"https:\/\/www.24gliwice.pl\/wiadomosci\/#\/schema\/logo\/image\/"},"sameAs":["https:\/\/www.facebook.com\/24gliwice","https:\/\/x.com\/24gliwice","https:\/\/www.youtube.com\/@24gliwice"]},{"@type":"Person","@id":"https:\/\/www.24gliwice.pl\/wiadomosci\/#\/schema\/person\/e42c650edd7f2fa332be3811fb166b6e","name":"\u017baneta Mrozek-Siewierska","image":{"@type":"ImageObject","inLanguage":"pl-PL","@id":"https:\/\/www.24gliwice.pl\/wiadomosci\/wp-content\/uploads\/2021\/11\/Zaneta-M_S-zdjecie-czb-96x96.jpg","url":"https:\/\/www.24gliwice.pl\/wiadomosci\/wp-content\/uploads\/2021\/11\/Zaneta-M_S-zdjecie-czb-96x96.jpg","contentUrl":"https:\/\/www.24gliwice.pl\/wiadomosci\/wp-content\/uploads\/2021\/11\/Zaneta-M_S-zdjecie-czb-96x96.jpg","caption":"\u017baneta Mrozek-Siewierska"},"url":"https:\/\/www.24gliwice.pl\/wiadomosci\/author\/zms\/"}]}},"_links":{"self":[{"href":"https:\/\/www.24gliwice.pl\/wiadomosci\/wp-json\/wp\/v2\/posts\/269781","targetHints":{"allow":["GET"]}}],"collection":[{"href":"https:\/\/www.24gliwice.pl\/wiadomosci\/wp-json\/wp\/v2\/posts"}],"about":[{"href":"https:\/\/www.24gliwice.pl\/wiadomosci\/wp-json\/wp\/v2\/types\/post"}],"author":[{"embeddable":true,"href":"https:\/\/www.24gliwice.pl\/wiadomosci\/wp-json\/wp\/v2\/users\/15"}],"replies":[{"embeddable":true,"href":"https:\/\/www.24gliwice.pl\/wiadomosci\/wp-json\/wp\/v2\/comments?post=269781"}],"version-history":[{"count":5,"href":"https:\/\/www.24gliwice.pl\/wiadomosci\/wp-json\/wp\/v2\/posts\/269781\/revisions"}],"predecessor-version":[{"id":269791,"href":"https:\/\/www.24gliwice.pl\/wiadomosci\/wp-json\/wp\/v2\/posts\/269781\/revisions\/269791"}],"wp:featuredmedia":[{"embeddable":true,"href":"https:\/\/www.24gliwice.pl\/wiadomosci\/wp-json\/wp\/v2\/media\/269785"}],"wp:attachment":[{"href":"https:\/\/www.24gliwice.pl\/wiadomosci\/wp-json\/wp\/v2\/media?parent=269781"}],"wp:term":[{"taxonomy":"category","embeddable":true,"href":"https:\/\/www.24gliwice.pl\/wiadomosci\/wp-json\/wp\/v2\/categories?post=269781"},{"taxonomy":"post_tag","embeddable":true,"href":"https:\/\/www.24gliwice.pl\/wiadomosci\/wp-json\/wp\/v2\/tags?post=269781"}],"curies":[{"name":"wp","href":"https:\/\/api.w.org\/{rel}","templated":true}]}}