{"id":269789,"date":"2026-04-28T02:44:08","date_gmt":"2026-04-28T00:44:08","guid":{"rendered":"https:\/\/www.24gliwice.pl\/wiadomosci\/?p=269789"},"modified":"2026-04-28T02:44:08","modified_gmt":"2026-04-28T00:44:08","slug":"calodobowa-apteka-w-centrum-gliwic-zostala-zamknieta-to-juz-kolejna-nieczynna-placowka-w-miescie","status":"publish","type":"post","link":"https:\/\/www.24gliwice.pl\/wiadomosci\/calodobowa-apteka-w-centrum-gliwic-zostala-zamknieta-to-juz-kolejna-nieczynna-placowka-w-miescie\/","title":{"rendered":"Ca\u0142odobowa apteka w centrum Gliwic zosta\u0142a zamkni\u0119ta. To ju\u017c kolejna nieczynna plac\u00f3wka w mie\u015bcie"},"content":{"rendered":"<div class=\"gliwi-a6-nad-leadem-artykulow gliwi-entity-placement\" id=\"gliwi-4177443860\"><div class=\"gliwi-adlabel\"><span style=\"font-size: 9px\">REKLAMA<\/span><\/div><div id=\"gliwi-216717491\" style=\"margin-bottom: 25px;margin-left: auto;margin-right: auto;text-align: center;\"><a data-no-instant=\"1\" href=\"https:\/\/dom100.eu\/\" rel=\"noopener\" class=\"a2t-link\" target=\"_blank\" aria-label=\"20260415 DOM100 D\"><img loading=\"lazy\" decoding=\"async\" src=\"https:\/\/www.24gliwice.pl\/wiadomosci\/wp-content\/uploads\/2026\/04\/20260415-DOM100-D.jpg\" alt=\"\"  srcset=\"https:\/\/www.24gliwice.pl\/wiadomosci\/wp-content\/uploads\/2026\/04\/20260415-DOM100-D.jpg 750w, https:\/\/www.24gliwice.pl\/wiadomosci\/wp-content\/uploads\/2026\/04\/20260415-DOM100-D-410x109.jpg 410w\" sizes=\"(max-width: 750px) 100vw, 750px\" class=\"no-lazyload\" width=\"750\" height=\"200\"  style=\"display: inline-block; max-width: 100%; height: auto;\" \/><\/a><\/div><\/div><h2>Apteka ca\u0142odobowa CITO, mieszcz\u0105ca si\u0119 przy ulicy G\u00f3rnych Wa\u0142\u00f3w, jest nieczynna. Z informacji wywieszonej na witrynie wynika, \u017ce w lokalu prowadzony jest remanent. To druga apteka na terenie Gliwic zamkni\u0119ta w ostatnim czasie.<\/h2>\n<p><!--more--><\/p>\n<p>Od kilku tygodni lek\u00f3w nie wykupimy tak\u017ce w plac\u00f3wce przy Placu Pi\u0142sudskiego &#8211; kartka na drzwiach informuje, \u017ce jest nieczynna do odwo\u0142ania, za\u015b telefon milczy. W jednej z grup w mediach spo\u0142eczno\u015bciowych internauci zwracaj\u0105 uwag\u0119 na problem z realizacj\u0105 rozpocz\u0119tych tam recept. O podobnych k\u0142opotach pisz\u0105 tak\u017ce w opiniach Google. <\/p>\n<p><a href=\"https:\/\/www.24gliwice.pl\/wiadomosci\/wp-content\/uploads\/2026\/04\/apteka-plac-pilsudskiego.jpg\"><img loading=\"lazy\" decoding=\"async\" src=\"https:\/\/www.24gliwice.pl\/wiadomosci\/wp-content\/uploads\/2026\/04\/apteka-plac-pilsudskiego.jpg\" alt=\"\" width=\"810\" height=\"455\" class=\"alignnone size-full wp-image-269803\" srcset=\"https:\/\/www.24gliwice.pl\/wiadomosci\/wp-content\/uploads\/2026\/04\/apteka-plac-pilsudskiego.jpg 810w, https:\/\/www.24gliwice.pl\/wiadomosci\/wp-content\/uploads\/2026\/04\/apteka-plac-pilsudskiego-410x230.jpg 410w, https:\/\/www.24gliwice.pl\/wiadomosci\/wp-content\/uploads\/2026\/04\/apteka-plac-pilsudskiego-768x431.jpg 768w\" sizes=\"auto, (max-width: 810px) 100vw, 810px\" \/><\/a><\/p>\n<p>Z Rejestru Aptek wynika, \u017ce apteka ta posiada status &#8220;czasowo nieczynnej&#8221; &#8211; w odr\u00f3\u017cnieniu od kilku innych plac\u00f3wek zamkni\u0119tych na sta\u0142e w okresie ostatnich kilku lat (te posiadaj\u0105 status &#8220;niaktywna&#8221;, w\u015br\u00f3d nich znajduj\u0105 si\u0119: Duos przy ul. Stalmacha zamkni\u0119ta od 2022 r., a tak\u017ce Pod Radiostacj\u0105 z ul. Tarnog\u00f3rskiej 81 od 2025 r.). <\/p><div class=\"gliwi-a3-w-tresci-artykulow gliwi-entity-placement\" id=\"gliwi-3563958686\"><div class=\"gliwi-adlabel\"><span style=\"font-size: 9px\">REKLAMA<\/span><\/div><div id=\"gliwi-1467598242\" style=\"margin-bottom: 30px;margin-left: auto;margin-right: auto;text-align: center;\"><a data-no-instant=\"1\" href=\"https:\/\/zlobek.halogen.org.pl\/\" rel=\"noopener\" class=\"a2t-link\" target=\"_blank\" aria-label=\"animator-zlobek_750x200\"><img loading=\"lazy\" decoding=\"async\" src=\"https:\/\/www.24gliwice.pl\/wiadomosci\/wp-content\/uploads\/2026\/02\/animator-zlobek_750x200.webp\" alt=\"\"  srcset=\"https:\/\/www.24gliwice.pl\/wiadomosci\/wp-content\/uploads\/2026\/02\/animator-zlobek_750x200.webp 750w, https:\/\/www.24gliwice.pl\/wiadomosci\/wp-content\/uploads\/2026\/02\/animator-zlobek_750x200-410x109.webp 410w\" sizes=\"(max-width: 750px) 100vw, 750px\" class=\"no-lazyload\" width=\"750\" height=\"200\"  style=\"display: inline-block; max-width: 100%; height: auto;\" \/><\/a><\/div><\/div>\n<blockquote class=\"wp-embedded-content\" data-secret=\"o7ayfHrUqD\"><p><a href=\"https:\/\/www.24gliwice.pl\/wiadomosci\/apteka-po-20-latach-zostanie-zamknieta-siec-prosi-o-wykupienie-dlugoterminowych-recept\/\">Apteka po 20 latach zostanie zamkni\u0119ta. Sie\u0107 prosi o wykupienie d\u0142ugoterminowych recept<\/a><\/p><\/blockquote>\n<p><iframe loading=\"lazy\" class=\"wp-embedded-content\" sandbox=\"allow-scripts\" security=\"restricted\" style=\"position: absolute; visibility: hidden;\" title=\"&#8222;Apteka po 20 latach zostanie zamkni\u0119ta. Sie\u0107 prosi o wykupienie d\u0142ugoterminowych recept&#8221; &#8212; 24GLIWICE - Portal Gliwice | codziennie nowe informacje\" src=\"https:\/\/www.24gliwice.pl\/wiadomosci\/apteka-po-20-latach-zostanie-zamknieta-siec-prosi-o-wykupienie-dlugoterminowych-recept\/embed\/#?secret=qZ2IyfnZEF#?secret=o7ayfHrUqD\" data-secret=\"o7ayfHrUqD\" width=\"600\" height=\"338\" frameborder=\"0\" marginwidth=\"0\" marginheight=\"0\" scrolling=\"no\"><\/iframe><\/p>\n<h4>Apteka CITO zamkni\u0119ta<\/h4>\n<p><a href=\"https:\/\/www.24gliwice.pl\/wiadomosci\/wp-content\/uploads\/2026\/04\/apteka-cito4.jpg\"><img loading=\"lazy\" decoding=\"async\" src=\"https:\/\/www.24gliwice.pl\/wiadomosci\/wp-content\/uploads\/2026\/04\/apteka-cito4.jpg\" alt=\"\" width=\"810\" height=\"456\" class=\"alignnone size-full wp-image-269799\" srcset=\"https:\/\/www.24gliwice.pl\/wiadomosci\/wp-content\/uploads\/2026\/04\/apteka-cito4.jpg 810w, https:\/\/www.24gliwice.pl\/wiadomosci\/wp-content\/uploads\/2026\/04\/apteka-cito4-410x232.jpg 410w, https:\/\/www.24gliwice.pl\/wiadomosci\/wp-content\/uploads\/2026\/04\/apteka-cito4-808x455.jpg 808w, https:\/\/www.24gliwice.pl\/wiadomosci\/wp-content\/uploads\/2026\/04\/apteka-cito4-768x432.jpg 768w\" sizes=\"auto, (max-width: 810px) 100vw, 810px\" \/><\/a><\/p>\n<p>To spore zaskoczenie, bo o dost\u0119pno\u015bci tego lokalu o ka\u017cdej porze dnia i w ka\u017cdy dzie\u0144 tygodnia wiadomo by\u0142o niemal &#8220;od zawsze&#8221;. Ca\u0142odobowa apteka CITO na zbiegu ulic G\u00f3rnych Wa\u0142\u00f3w i Zygmunta Starego, najbardziej oczywista destynacja dla os\u00f3b, kt\u00f3re korzystaj\u0105 np. z nocnej i \u015bwi\u0105tecznej opieki zdrowotnej w gliwickich szpitalach, zosta\u0142a zamkni\u0119ta. O sprawie poinformowa\u0142 gliwicki magistrat.<\/p>\n<p><a href=\"https:\/\/www.24gliwice.pl\/wiadomosci\/wp-content\/uploads\/2026\/04\/apteka-cito3.jpg\"><img loading=\"lazy\" decoding=\"async\" src=\"https:\/\/www.24gliwice.pl\/wiadomosci\/wp-content\/uploads\/2026\/04\/apteka-cito3.jpg\" alt=\"\" width=\"810\" height=\"456\" class=\"alignnone size-full wp-image-269798\" srcset=\"https:\/\/www.24gliwice.pl\/wiadomosci\/wp-content\/uploads\/2026\/04\/apteka-cito3.jpg 810w, https:\/\/www.24gliwice.pl\/wiadomosci\/wp-content\/uploads\/2026\/04\/apteka-cito3-410x232.jpg 410w, https:\/\/www.24gliwice.pl\/wiadomosci\/wp-content\/uploads\/2026\/04\/apteka-cito3-808x455.jpg 808w, https:\/\/www.24gliwice.pl\/wiadomosci\/wp-content\/uploads\/2026\/04\/apteka-cito3-768x432.jpg 768w\" sizes=\"auto, (max-width: 810px) 100vw, 810px\" \/><\/a><\/p>\n<p>&#8211; <em>Og\u00f3lnodost\u0119pna apteka GEMINI dzia\u0142aj\u0105ca przy ul. Bohater\u00f3w Getta Warszawskiego 1 jest obecnie jedyn\u0105 aptek\u0105 ca\u0142odobow\u0105 w Gliwicach, czynn\u0105 w systemie 24\/7 w pe\u0142nym zakresie us\u0142ug farmaceutycznych. Druga z dotychczasowych gliwickich aptek ca\u0142odobowych \u2013 Apteka CITO (ul. G\u00f3rnych Wa\u0142\u00f3w 26) \u2013 figuruje aktualnie w elektronicznym Rejestrze Aptek Wojew\u00f3dzkiego Inspektora Farmaceutycznego jako nieaktywna \u2013 dzia\u0142alno\u015b\u0107 zosta\u0142a zawieszona<\/em> &#8211; czytamy na stronie Urz\u0119du Miejskiego.<\/p>\n<p><a href=\"https:\/\/www.24gliwice.pl\/wiadomosci\/wp-content\/uploads\/2026\/04\/apteka-cito.jpg\"><img loading=\"lazy\" decoding=\"async\" src=\"https:\/\/www.24gliwice.pl\/wiadomosci\/wp-content\/uploads\/2026\/04\/apteka-cito.jpg\" alt=\"\" width=\"810\" height=\"456\" class=\"alignnone size-full wp-image-269796\" srcset=\"https:\/\/www.24gliwice.pl\/wiadomosci\/wp-content\/uploads\/2026\/04\/apteka-cito.jpg 810w, https:\/\/www.24gliwice.pl\/wiadomosci\/wp-content\/uploads\/2026\/04\/apteka-cito-410x232.jpg 410w, https:\/\/www.24gliwice.pl\/wiadomosci\/wp-content\/uploads\/2026\/04\/apteka-cito-808x455.jpg 808w, https:\/\/www.24gliwice.pl\/wiadomosci\/wp-content\/uploads\/2026\/04\/apteka-cito-768x432.jpg 768w\" sizes=\"auto, (max-width: 810px) 100vw, 810px\" \/><\/a><\/p>\n<p>Na szybie i drzwiach apteki CITO wywieszono informacj\u0119 o tym, \u017ce w lokalu prowadzony jest remanent, a najbli\u017csz\u0105 plac\u00f3wk\u0105 apteczn\u0105, nie dzia\u0142aj\u0105c\u0105 przez ca\u0142\u0105 dob\u0119, lecz do p\u00f3\u017anych godzin wieczornych, jest apteka S\u0142oneczna przy ulicy Kozielskiej 6 &#8211; informacji w Google wynika, \u017ce ten lokal dzia\u0142a 7 dni w tygodniu do 21:00. W\u015br\u00f3d innych aptek czynnych r\u00f3wnie\u017c w niedziel\u0119 jest PRIMA, kt\u00f3ra mie\u015bci si\u0119 przy ulicy Dworcowej 42. <\/p>\n<p>(\u017cms)<\/p>\n<div class=\"gliwi-a5-na-koncu-artykulow gliwi-entity-placement\" id=\"gliwi-1474943182\"><div class=\"gliwi-adlabel\"><span style=\"font-size: 9px\">REKLAMA<\/span><\/div><div id=\"gliwi-1493150504\" style=\"margin-left: auto;margin-right: auto;text-align: center;\"><a data-no-instant=\"1\" href=\"https:\/\/www.jasek.pl\/\" rel=\"noopener\" class=\"a2t-link\" target=\"_blank\" aria-label=\"20200401-jasek 600\"><img loading=\"lazy\" decoding=\"async\" src=\"https:\/\/www.24gliwice.pl\/wiadomosci\/wp-content\/uploads\/2020\/04\/20200401-jasek-600.jpg\" alt=\"\"  srcset=\"https:\/\/www.24gliwice.pl\/wiadomosci\/wp-content\/uploads\/2020\/04\/20200401-jasek-600.jpg 600w, https:\/\/www.24gliwice.pl\/wiadomosci\/wp-content\/uploads\/2020\/04\/20200401-jasek-600-410x109.jpg 410w\" sizes=\"(max-width: 600px) 100vw, 600px\" class=\"no-lazyload\" width=\"600\" height=\"160\"  style=\"display: inline-block; max-width: 100%; height: auto;\" \/><\/a><\/div><\/div>","protected":false},"excerpt":{"rendered":"<p>Apteka ca\u0142odobowa CITO, mieszcz\u0105ca si\u0119 przy ulicy G\u00f3rnych Wa\u0142\u00f3w, jest nieczynna. Z informacji wywieszonej na witrynie wynika, \u017ce w lokalu prowadzony jest remanent. To druga apteka na terenie Gliwic zamkni\u0119ta w ostatnim czasie.<\/p>\n","protected":false},"author":15,"featured_media":269797,"comment_status":"open","ping_status":"closed","sticky":false,"template":"","format":"standard","meta":{"_monsterinsights_skip_tracking":false,"_monsterinsights_sitenote_active":false,"_monsterinsights_sitenote_note":"","_monsterinsights_sitenote_category":0,"footnotes":"","_links_to":"","_links_to_target":""},"categories":[3,1,9],"tags":[8465,24940],"class_list":["post-269789","post","type-post","status-publish","format-standard","has-post-thumbnail","hentry","category-gliwice","category-wszystko","category-aktualnosci_lokalne","tag-apteka","tag-calodobowa"],"yoast_head":"<!-- This site is optimized with the Yoast SEO plugin v27.4 - https:\/\/yoast.com\/product\/yoast-seo-wordpress\/ -->\n<title>Ca\u0142odobowa apteka w centrum Gliwic zosta\u0142a zamkni\u0119ta. To ju\u017c kolejna nieczynna plac\u00f3wka w mie\u015bcie - 24GLIWICE - Portal Gliwice | codziennie nowe informacje<\/title>\n<meta name=\"description\" content=\"Apteka CITO jest aktualnie nieczynna - z informacji na szybie wynika, \u017ce w lokalu prowadzony jest remanent. Do kolejna zamkni\u0119ta plac\u00f3wka\" \/>\n<meta name=\"robots\" content=\"index, follow, max-snippet:-1, max-image-preview:large, max-video-preview:-1\" \/>\n<link rel=\"canonical\" href=\"https:\/\/www.24gliwice.pl\/wiadomosci\/calodobowa-apteka-w-centrum-gliwic-zostala-zamknieta-to-juz-kolejna-nieczynna-placowka-w-miescie\/\" \/>\n<meta property=\"og:locale\" content=\"pl_PL\" \/>\n<meta property=\"og:type\" content=\"article\" \/>\n<meta property=\"og:title\" content=\"Ca\u0142odobowa apteka w centrum Gliwic zosta\u0142a zamkni\u0119ta. To ju\u017c kolejna nieczynna plac\u00f3wka w mie\u015bcie - 24GLIWICE - Portal Gliwice | codziennie nowe informacje\" \/>\n<meta property=\"og:description\" content=\"Apteka CITO jest aktualnie nieczynna - z informacji na szybie wynika, \u017ce w lokalu prowadzony jest remanent. Do kolejna zamkni\u0119ta plac\u00f3wka\" \/>\n<meta property=\"og:url\" content=\"https:\/\/www.24gliwice.pl\/wiadomosci\/calodobowa-apteka-w-centrum-gliwic-zostala-zamknieta-to-juz-kolejna-nieczynna-placowka-w-miescie\/\" \/>\n<meta property=\"og:site_name\" content=\"24GLIWICE - Portal Gliwice | codziennie nowe informacje\" \/>\n<meta property=\"article:publisher\" content=\"https:\/\/www.facebook.com\/24gliwice\" \/>\n<meta property=\"article:published_time\" content=\"2026-04-28T00:44:08+00:00\" \/>\n<meta property=\"og:image\" content=\"https:\/\/www.24gliwice.pl\/wiadomosci\/wp-content\/uploads\/2026\/04\/apteka-cito2.jpg\" \/>\n\t<meta property=\"og:image:width\" content=\"810\" \/>\n\t<meta property=\"og:image:height\" content=\"458\" \/>\n\t<meta property=\"og:image:type\" content=\"image\/jpeg\" \/>\n<meta name=\"author\" content=\"\u017baneta Mrozek-Siewierska\" \/>\n<meta name=\"twitter:card\" content=\"summary_large_image\" \/>\n<meta name=\"twitter:creator\" content=\"@24gliwice\" \/>\n<meta name=\"twitter:site\" content=\"@24gliwice\" \/>\n<meta name=\"twitter:label1\" content=\"Napisane przez\" \/>\n\t<meta name=\"twitter:data1\" content=\"\u017baneta Mrozek-Siewierska\" \/>\n\t<meta name=\"twitter:label2\" content=\"Szacowany czas czytania\" \/>\n\t<meta name=\"twitter:data2\" content=\"3 minuty\" \/>\n<script type=\"application\/ld+json\" class=\"yoast-schema-graph\">{\"@context\":\"https:\\\/\\\/schema.org\",\"@graph\":[{\"@type\":\"Article\",\"@id\":\"https:\\\/\\\/www.24gliwice.pl\\\/wiadomosci\\\/calodobowa-apteka-w-centrum-gliwic-zostala-zamknieta-to-juz-kolejna-nieczynna-placowka-w-miescie\\\/#article\",\"isPartOf\":{\"@id\":\"https:\\\/\\\/www.24gliwice.pl\\\/wiadomosci\\\/calodobowa-apteka-w-centrum-gliwic-zostala-zamknieta-to-juz-kolejna-nieczynna-placowka-w-miescie\\\/\"},\"author\":{\"name\":\"\u017baneta Mrozek-Siewierska\",\"@id\":\"https:\\\/\\\/www.24gliwice.pl\\\/wiadomosci\\\/#\\\/schema\\\/person\\\/e42c650edd7f2fa332be3811fb166b6e\"},\"headline\":\"Ca\u0142odobowa apteka w centrum Gliwic zosta\u0142a zamkni\u0119ta. To ju\u017c kolejna nieczynna plac\u00f3wka w mie\u015bcie\",\"datePublished\":\"2026-04-28T00:44:08+00:00\",\"mainEntityOfPage\":{\"@id\":\"https:\\\/\\\/www.24gliwice.pl\\\/wiadomosci\\\/calodobowa-apteka-w-centrum-gliwic-zostala-zamknieta-to-juz-kolejna-nieczynna-placowka-w-miescie\\\/\"},\"wordCount\":405,\"commentCount\":0,\"publisher\":{\"@id\":\"https:\\\/\\\/www.24gliwice.pl\\\/wiadomosci\\\/#organization\"},\"image\":{\"@id\":\"https:\\\/\\\/www.24gliwice.pl\\\/wiadomosci\\\/calodobowa-apteka-w-centrum-gliwic-zostala-zamknieta-to-juz-kolejna-nieczynna-placowka-w-miescie\\\/#primaryimage\"},\"thumbnailUrl\":\"https:\\\/\\\/www.24gliwice.pl\\\/wiadomosci\\\/wp-content\\\/uploads\\\/2026\\\/04\\\/apteka-cito2.jpg\",\"keywords\":[\"apteka\",\"CA\u0141ODOBOWA\"],\"articleSection\":[\"Gliwice\",\"Najnowsze wiadomo\u015bci\",\"Portal Gliwice - Wiadomo\u015bci lokalne\"],\"inLanguage\":\"pl-PL\",\"potentialAction\":[{\"@type\":\"CommentAction\",\"name\":\"Comment\",\"target\":[\"https:\\\/\\\/www.24gliwice.pl\\\/wiadomosci\\\/calodobowa-apteka-w-centrum-gliwic-zostala-zamknieta-to-juz-kolejna-nieczynna-placowka-w-miescie\\\/#respond\"]}]},{\"@type\":\"WebPage\",\"@id\":\"https:\\\/\\\/www.24gliwice.pl\\\/wiadomosci\\\/calodobowa-apteka-w-centrum-gliwic-zostala-zamknieta-to-juz-kolejna-nieczynna-placowka-w-miescie\\\/\",\"url\":\"https:\\\/\\\/www.24gliwice.pl\\\/wiadomosci\\\/calodobowa-apteka-w-centrum-gliwic-zostala-zamknieta-to-juz-kolejna-nieczynna-placowka-w-miescie\\\/\",\"name\":\"Ca\u0142odobowa apteka w centrum Gliwic zosta\u0142a zamkni\u0119ta. To ju\u017c kolejna nieczynna plac\u00f3wka w mie\u015bcie - 24GLIWICE - Portal Gliwice | codziennie nowe informacje\",\"isPartOf\":{\"@id\":\"https:\\\/\\\/www.24gliwice.pl\\\/wiadomosci\\\/#website\"},\"primaryImageOfPage\":{\"@id\":\"https:\\\/\\\/www.24gliwice.pl\\\/wiadomosci\\\/calodobowa-apteka-w-centrum-gliwic-zostala-zamknieta-to-juz-kolejna-nieczynna-placowka-w-miescie\\\/#primaryimage\"},\"image\":{\"@id\":\"https:\\\/\\\/www.24gliwice.pl\\\/wiadomosci\\\/calodobowa-apteka-w-centrum-gliwic-zostala-zamknieta-to-juz-kolejna-nieczynna-placowka-w-miescie\\\/#primaryimage\"},\"thumbnailUrl\":\"https:\\\/\\\/www.24gliwice.pl\\\/wiadomosci\\\/wp-content\\\/uploads\\\/2026\\\/04\\\/apteka-cito2.jpg\",\"datePublished\":\"2026-04-28T00:44:08+00:00\",\"description\":\"Apteka CITO jest aktualnie nieczynna - z informacji na szybie wynika, \u017ce w lokalu prowadzony jest remanent. Do kolejna zamkni\u0119ta plac\u00f3wka\",\"breadcrumb\":{\"@id\":\"https:\\\/\\\/www.24gliwice.pl\\\/wiadomosci\\\/calodobowa-apteka-w-centrum-gliwic-zostala-zamknieta-to-juz-kolejna-nieczynna-placowka-w-miescie\\\/#breadcrumb\"},\"inLanguage\":\"pl-PL\",\"potentialAction\":[{\"@type\":\"ReadAction\",\"target\":[\"https:\\\/\\\/www.24gliwice.pl\\\/wiadomosci\\\/calodobowa-apteka-w-centrum-gliwic-zostala-zamknieta-to-juz-kolejna-nieczynna-placowka-w-miescie\\\/\"]}]},{\"@type\":\"ImageObject\",\"inLanguage\":\"pl-PL\",\"@id\":\"https:\\\/\\\/www.24gliwice.pl\\\/wiadomosci\\\/calodobowa-apteka-w-centrum-gliwic-zostala-zamknieta-to-juz-kolejna-nieczynna-placowka-w-miescie\\\/#primaryimage\",\"url\":\"https:\\\/\\\/www.24gliwice.pl\\\/wiadomosci\\\/wp-content\\\/uploads\\\/2026\\\/04\\\/apteka-cito2.jpg\",\"contentUrl\":\"https:\\\/\\\/www.24gliwice.pl\\\/wiadomosci\\\/wp-content\\\/uploads\\\/2026\\\/04\\\/apteka-cito2.jpg\",\"width\":810,\"height\":458},{\"@type\":\"BreadcrumbList\",\"@id\":\"https:\\\/\\\/www.24gliwice.pl\\\/wiadomosci\\\/calodobowa-apteka-w-centrum-gliwic-zostala-zamknieta-to-juz-kolejna-nieczynna-placowka-w-miescie\\\/#breadcrumb\",\"itemListElement\":[{\"@type\":\"ListItem\",\"position\":1,\"name\":\"Strona g\u0142\u00f3wna\",\"item\":\"https:\\\/\\\/www.24gliwice.pl\\\/wiadomosci\\\/\"},{\"@type\":\"ListItem\",\"position\":2,\"name\":\"Ca\u0142odobowa apteka w centrum Gliwic zosta\u0142a zamkni\u0119ta. To ju\u017c kolejna nieczynna plac\u00f3wka w mie\u015bcie\"}]},{\"@type\":\"WebSite\",\"@id\":\"https:\\\/\\\/www.24gliwice.pl\\\/wiadomosci\\\/#website\",\"url\":\"https:\\\/\\\/www.24gliwice.pl\\\/wiadomosci\\\/\",\"name\":\"24GLIWICE - Portal Gliwice | codziennie nowe wiadomo\u015bci\",\"description\":\"Portal Miejski Gliwice\",\"publisher\":{\"@id\":\"https:\\\/\\\/www.24gliwice.pl\\\/wiadomosci\\\/#organization\"},\"potentialAction\":[{\"@type\":\"SearchAction\",\"target\":{\"@type\":\"EntryPoint\",\"urlTemplate\":\"https:\\\/\\\/www.24gliwice.pl\\\/wiadomosci\\\/?s={search_term_string}\"},\"query-input\":{\"@type\":\"PropertyValueSpecification\",\"valueRequired\":true,\"valueName\":\"search_term_string\"}}],\"inLanguage\":\"pl-PL\"},{\"@type\":\"Organization\",\"@id\":\"https:\\\/\\\/www.24gliwice.pl\\\/wiadomosci\\\/#organization\",\"name\":\"24gliwice\",\"url\":\"https:\\\/\\\/www.24gliwice.pl\\\/wiadomosci\\\/\",\"logo\":{\"@type\":\"ImageObject\",\"inLanguage\":\"pl-PL\",\"@id\":\"https:\\\/\\\/www.24gliwice.pl\\\/wiadomosci\\\/#\\\/schema\\\/logo\\\/image\\\/\",\"url\":\"https:\\\/\\\/www.24gliwice.pl\\\/wiadomosci\\\/wp-content\\\/uploads\\\/2024\\\/10\\\/24gliwice-logo-696.jpg\",\"contentUrl\":\"https:\\\/\\\/www.24gliwice.pl\\\/wiadomosci\\\/wp-content\\\/uploads\\\/2024\\\/10\\\/24gliwice-logo-696.jpg\",\"width\":696,\"height\":696,\"caption\":\"24gliwice\"},\"image\":{\"@id\":\"https:\\\/\\\/www.24gliwice.pl\\\/wiadomosci\\\/#\\\/schema\\\/logo\\\/image\\\/\"},\"sameAs\":[\"https:\\\/\\\/www.facebook.com\\\/24gliwice\",\"https:\\\/\\\/x.com\\\/24gliwice\",\"https:\\\/\\\/www.youtube.com\\\/@24gliwice\"]},{\"@type\":\"Person\",\"@id\":\"https:\\\/\\\/www.24gliwice.pl\\\/wiadomosci\\\/#\\\/schema\\\/person\\\/e42c650edd7f2fa332be3811fb166b6e\",\"name\":\"\u017baneta Mrozek-Siewierska\",\"image\":{\"@type\":\"ImageObject\",\"inLanguage\":\"pl-PL\",\"@id\":\"https:\\\/\\\/www.24gliwice.pl\\\/wiadomosci\\\/wp-content\\\/uploads\\\/2021\\\/11\\\/Zaneta-M_S-zdjecie-czb-96x96.jpg\",\"url\":\"https:\\\/\\\/www.24gliwice.pl\\\/wiadomosci\\\/wp-content\\\/uploads\\\/2021\\\/11\\\/Zaneta-M_S-zdjecie-czb-96x96.jpg\",\"contentUrl\":\"https:\\\/\\\/www.24gliwice.pl\\\/wiadomosci\\\/wp-content\\\/uploads\\\/2021\\\/11\\\/Zaneta-M_S-zdjecie-czb-96x96.jpg\",\"caption\":\"\u017baneta Mrozek-Siewierska\"},\"url\":\"https:\\\/\\\/www.24gliwice.pl\\\/wiadomosci\\\/author\\\/zms\\\/\"}]}<\/script>\n<!-- \/ Yoast SEO plugin. -->","yoast_head_json":{"title":"Ca\u0142odobowa apteka w centrum Gliwic zosta\u0142a zamkni\u0119ta. To ju\u017c kolejna nieczynna plac\u00f3wka w mie\u015bcie - 24GLIWICE - Portal Gliwice | codziennie nowe informacje","description":"Apteka CITO jest aktualnie nieczynna - z informacji na szybie wynika, \u017ce w lokalu prowadzony jest remanent. Do kolejna zamkni\u0119ta plac\u00f3wka","robots":{"index":"index","follow":"follow","max-snippet":"max-snippet:-1","max-image-preview":"max-image-preview:large","max-video-preview":"max-video-preview:-1"},"canonical":"https:\/\/www.24gliwice.pl\/wiadomosci\/calodobowa-apteka-w-centrum-gliwic-zostala-zamknieta-to-juz-kolejna-nieczynna-placowka-w-miescie\/","og_locale":"pl_PL","og_type":"article","og_title":"Ca\u0142odobowa apteka w centrum Gliwic zosta\u0142a zamkni\u0119ta. To ju\u017c kolejna nieczynna plac\u00f3wka w mie\u015bcie - 24GLIWICE - Portal Gliwice | codziennie nowe informacje","og_description":"Apteka CITO jest aktualnie nieczynna - z informacji na szybie wynika, \u017ce w lokalu prowadzony jest remanent. Do kolejna zamkni\u0119ta plac\u00f3wka","og_url":"https:\/\/www.24gliwice.pl\/wiadomosci\/calodobowa-apteka-w-centrum-gliwic-zostala-zamknieta-to-juz-kolejna-nieczynna-placowka-w-miescie\/","og_site_name":"24GLIWICE - Portal Gliwice | codziennie nowe informacje","article_publisher":"https:\/\/www.facebook.com\/24gliwice","article_published_time":"2026-04-28T00:44:08+00:00","og_image":[{"width":810,"height":458,"url":"https:\/\/www.24gliwice.pl\/wiadomosci\/wp-content\/uploads\/2026\/04\/apteka-cito2.jpg","type":"image\/jpeg"}],"author":"\u017baneta Mrozek-Siewierska","twitter_card":"summary_large_image","twitter_creator":"@24gliwice","twitter_site":"@24gliwice","twitter_misc":{"Napisane przez":"\u017baneta Mrozek-Siewierska","Szacowany czas czytania":"3 minuty"},"schema":{"@context":"https:\/\/schema.org","@graph":[{"@type":"Article","@id":"https:\/\/www.24gliwice.pl\/wiadomosci\/calodobowa-apteka-w-centrum-gliwic-zostala-zamknieta-to-juz-kolejna-nieczynna-placowka-w-miescie\/#article","isPartOf":{"@id":"https:\/\/www.24gliwice.pl\/wiadomosci\/calodobowa-apteka-w-centrum-gliwic-zostala-zamknieta-to-juz-kolejna-nieczynna-placowka-w-miescie\/"},"author":{"name":"\u017baneta Mrozek-Siewierska","@id":"https:\/\/www.24gliwice.pl\/wiadomosci\/#\/schema\/person\/e42c650edd7f2fa332be3811fb166b6e"},"headline":"Ca\u0142odobowa apteka w centrum Gliwic zosta\u0142a zamkni\u0119ta. To ju\u017c kolejna nieczynna plac\u00f3wka w mie\u015bcie","datePublished":"2026-04-28T00:44:08+00:00","mainEntityOfPage":{"@id":"https:\/\/www.24gliwice.pl\/wiadomosci\/calodobowa-apteka-w-centrum-gliwic-zostala-zamknieta-to-juz-kolejna-nieczynna-placowka-w-miescie\/"},"wordCount":405,"commentCount":0,"publisher":{"@id":"https:\/\/www.24gliwice.pl\/wiadomosci\/#organization"},"image":{"@id":"https:\/\/www.24gliwice.pl\/wiadomosci\/calodobowa-apteka-w-centrum-gliwic-zostala-zamknieta-to-juz-kolejna-nieczynna-placowka-w-miescie\/#primaryimage"},"thumbnailUrl":"https:\/\/www.24gliwice.pl\/wiadomosci\/wp-content\/uploads\/2026\/04\/apteka-cito2.jpg","keywords":["apteka","CA\u0141ODOBOWA"],"articleSection":["Gliwice","Najnowsze wiadomo\u015bci","Portal Gliwice - Wiadomo\u015bci lokalne"],"inLanguage":"pl-PL","potentialAction":[{"@type":"CommentAction","name":"Comment","target":["https:\/\/www.24gliwice.pl\/wiadomosci\/calodobowa-apteka-w-centrum-gliwic-zostala-zamknieta-to-juz-kolejna-nieczynna-placowka-w-miescie\/#respond"]}]},{"@type":"WebPage","@id":"https:\/\/www.24gliwice.pl\/wiadomosci\/calodobowa-apteka-w-centrum-gliwic-zostala-zamknieta-to-juz-kolejna-nieczynna-placowka-w-miescie\/","url":"https:\/\/www.24gliwice.pl\/wiadomosci\/calodobowa-apteka-w-centrum-gliwic-zostala-zamknieta-to-juz-kolejna-nieczynna-placowka-w-miescie\/","name":"Ca\u0142odobowa apteka w centrum Gliwic zosta\u0142a zamkni\u0119ta. To ju\u017c kolejna nieczynna plac\u00f3wka w mie\u015bcie - 24GLIWICE - Portal Gliwice | codziennie nowe informacje","isPartOf":{"@id":"https:\/\/www.24gliwice.pl\/wiadomosci\/#website"},"primaryImageOfPage":{"@id":"https:\/\/www.24gliwice.pl\/wiadomosci\/calodobowa-apteka-w-centrum-gliwic-zostala-zamknieta-to-juz-kolejna-nieczynna-placowka-w-miescie\/#primaryimage"},"image":{"@id":"https:\/\/www.24gliwice.pl\/wiadomosci\/calodobowa-apteka-w-centrum-gliwic-zostala-zamknieta-to-juz-kolejna-nieczynna-placowka-w-miescie\/#primaryimage"},"thumbnailUrl":"https:\/\/www.24gliwice.pl\/wiadomosci\/wp-content\/uploads\/2026\/04\/apteka-cito2.jpg","datePublished":"2026-04-28T00:44:08+00:00","description":"Apteka CITO jest aktualnie nieczynna - z informacji na szybie wynika, \u017ce w lokalu prowadzony jest remanent. Do kolejna zamkni\u0119ta plac\u00f3wka","breadcrumb":{"@id":"https:\/\/www.24gliwice.pl\/wiadomosci\/calodobowa-apteka-w-centrum-gliwic-zostala-zamknieta-to-juz-kolejna-nieczynna-placowka-w-miescie\/#breadcrumb"},"inLanguage":"pl-PL","potentialAction":[{"@type":"ReadAction","target":["https:\/\/www.24gliwice.pl\/wiadomosci\/calodobowa-apteka-w-centrum-gliwic-zostala-zamknieta-to-juz-kolejna-nieczynna-placowka-w-miescie\/"]}]},{"@type":"ImageObject","inLanguage":"pl-PL","@id":"https:\/\/www.24gliwice.pl\/wiadomosci\/calodobowa-apteka-w-centrum-gliwic-zostala-zamknieta-to-juz-kolejna-nieczynna-placowka-w-miescie\/#primaryimage","url":"https:\/\/www.24gliwice.pl\/wiadomosci\/wp-content\/uploads\/2026\/04\/apteka-cito2.jpg","contentUrl":"https:\/\/www.24gliwice.pl\/wiadomosci\/wp-content\/uploads\/2026\/04\/apteka-cito2.jpg","width":810,"height":458},{"@type":"BreadcrumbList","@id":"https:\/\/www.24gliwice.pl\/wiadomosci\/calodobowa-apteka-w-centrum-gliwic-zostala-zamknieta-to-juz-kolejna-nieczynna-placowka-w-miescie\/#breadcrumb","itemListElement":[{"@type":"ListItem","position":1,"name":"Strona g\u0142\u00f3wna","item":"https:\/\/www.24gliwice.pl\/wiadomosci\/"},{"@type":"ListItem","position":2,"name":"Ca\u0142odobowa apteka w centrum Gliwic zosta\u0142a zamkni\u0119ta. To ju\u017c kolejna nieczynna plac\u00f3wka w mie\u015bcie"}]},{"@type":"WebSite","@id":"https:\/\/www.24gliwice.pl\/wiadomosci\/#website","url":"https:\/\/www.24gliwice.pl\/wiadomosci\/","name":"24GLIWICE - Portal Gliwice | codziennie nowe wiadomo\u015bci","description":"Portal Miejski Gliwice","publisher":{"@id":"https:\/\/www.24gliwice.pl\/wiadomosci\/#organization"},"potentialAction":[{"@type":"SearchAction","target":{"@type":"EntryPoint","urlTemplate":"https:\/\/www.24gliwice.pl\/wiadomosci\/?s={search_term_string}"},"query-input":{"@type":"PropertyValueSpecification","valueRequired":true,"valueName":"search_term_string"}}],"inLanguage":"pl-PL"},{"@type":"Organization","@id":"https:\/\/www.24gliwice.pl\/wiadomosci\/#organization","name":"24gliwice","url":"https:\/\/www.24gliwice.pl\/wiadomosci\/","logo":{"@type":"ImageObject","inLanguage":"pl-PL","@id":"https:\/\/www.24gliwice.pl\/wiadomosci\/#\/schema\/logo\/image\/","url":"https:\/\/www.24gliwice.pl\/wiadomosci\/wp-content\/uploads\/2024\/10\/24gliwice-logo-696.jpg","contentUrl":"https:\/\/www.24gliwice.pl\/wiadomosci\/wp-content\/uploads\/2024\/10\/24gliwice-logo-696.jpg","width":696,"height":696,"caption":"24gliwice"},"image":{"@id":"https:\/\/www.24gliwice.pl\/wiadomosci\/#\/schema\/logo\/image\/"},"sameAs":["https:\/\/www.facebook.com\/24gliwice","https:\/\/x.com\/24gliwice","https:\/\/www.youtube.com\/@24gliwice"]},{"@type":"Person","@id":"https:\/\/www.24gliwice.pl\/wiadomosci\/#\/schema\/person\/e42c650edd7f2fa332be3811fb166b6e","name":"\u017baneta Mrozek-Siewierska","image":{"@type":"ImageObject","inLanguage":"pl-PL","@id":"https:\/\/www.24gliwice.pl\/wiadomosci\/wp-content\/uploads\/2021\/11\/Zaneta-M_S-zdjecie-czb-96x96.jpg","url":"https:\/\/www.24gliwice.pl\/wiadomosci\/wp-content\/uploads\/2021\/11\/Zaneta-M_S-zdjecie-czb-96x96.jpg","contentUrl":"https:\/\/www.24gliwice.pl\/wiadomosci\/wp-content\/uploads\/2021\/11\/Zaneta-M_S-zdjecie-czb-96x96.jpg","caption":"\u017baneta Mrozek-Siewierska"},"url":"https:\/\/www.24gliwice.pl\/wiadomosci\/author\/zms\/"}]}},"_links":{"self":[{"href":"https:\/\/www.24gliwice.pl\/wiadomosci\/wp-json\/wp\/v2\/posts\/269789","targetHints":{"allow":["GET"]}}],"collection":[{"href":"https:\/\/www.24gliwice.pl\/wiadomosci\/wp-json\/wp\/v2\/posts"}],"about":[{"href":"https:\/\/www.24gliwice.pl\/wiadomosci\/wp-json\/wp\/v2\/types\/post"}],"author":[{"embeddable":true,"href":"https:\/\/www.24gliwice.pl\/wiadomosci\/wp-json\/wp\/v2\/users\/15"}],"replies":[{"embeddable":true,"href":"https:\/\/www.24gliwice.pl\/wiadomosci\/wp-json\/wp\/v2\/comments?post=269789"}],"version-history":[{"count":8,"href":"https:\/\/www.24gliwice.pl\/wiadomosci\/wp-json\/wp\/v2\/posts\/269789\/revisions"}],"predecessor-version":[{"id":269814,"href":"https:\/\/www.24gliwice.pl\/wiadomosci\/wp-json\/wp\/v2\/posts\/269789\/revisions\/269814"}],"wp:featuredmedia":[{"embeddable":true,"href":"https:\/\/www.24gliwice.pl\/wiadomosci\/wp-json\/wp\/v2\/media\/269797"}],"wp:attachment":[{"href":"https:\/\/www.24gliwice.pl\/wiadomosci\/wp-json\/wp\/v2\/media?parent=269789"}],"wp:term":[{"taxonomy":"category","embeddable":true,"href":"https:\/\/www.24gliwice.pl\/wiadomosci\/wp-json\/wp\/v2\/categories?post=269789"},{"taxonomy":"post_tag","embeddable":true,"href":"https:\/\/www.24gliwice.pl\/wiadomosci\/wp-json\/wp\/v2\/tags?post=269789"}],"curies":[{"name":"wp","href":"https:\/\/api.w.org\/{rel}","templated":true}]}}