{"id":269815,"date":"2026-04-28T11:41:25","date_gmt":"2026-04-28T09:41:25","guid":{"rendered":"https:\/\/www.24gliwice.pl\/wiadomosci\/?p=269815"},"modified":"2026-04-28T11:41:25","modified_gmt":"2026-04-28T09:41:25","slug":"majowka-w-gliwicach-atrakcje-dla-dzieci-wydarzenia-dla-doroslych-i-oficjalne-miejskie-uroczystosci","status":"publish","type":"post","link":"https:\/\/www.24gliwice.pl\/wiadomosci\/majowka-w-gliwicach-atrakcje-dla-dzieci-wydarzenia-dla-doroslych-i-oficjalne-miejskie-uroczystosci\/","title":{"rendered":"Maj\u00f3wka w Gliwicach. Atrakcje dla dzieci, wydarzenia dla doros\u0142ych i oficjalne miejskie uroczysto\u015bci"},"content":{"rendered":"<div class=\"gliwi-a6-nad-leadem-artykulow gliwi-entity-placement\" id=\"gliwi-2164861224\"><div class=\"gliwi-adlabel\"><span style=\"font-size: 9px\">REKLAMA<\/span><\/div><div id=\"gliwi-3794775403\" style=\"margin-bottom: 30px;margin-left: auto;margin-right: auto;text-align: center;\"><a data-no-instant=\"1\" href=\"https:\/\/przedszkole.halogen.org.pl\/\" rel=\"noopener\" class=\"a2t-link\" target=\"_blank\" aria-label=\"20260402-ANIMATOR-przedszkole_grafika_750x200\"><img loading=\"lazy\" decoding=\"async\" src=\"https:\/\/www.24gliwice.pl\/wiadomosci\/wp-content\/uploads\/2026\/04\/20260402-ANIMATOR-przedszkole_grafika_750x200.webp\" alt=\"\"  srcset=\"https:\/\/www.24gliwice.pl\/wiadomosci\/wp-content\/uploads\/2026\/04\/20260402-ANIMATOR-przedszkole_grafika_750x200.webp 750w, https:\/\/www.24gliwice.pl\/wiadomosci\/wp-content\/uploads\/2026\/04\/20260402-ANIMATOR-przedszkole_grafika_750x200-410x109.webp 410w\" sizes=\"(max-width: 750px) 100vw, 750px\" class=\"no-lazyload\" width=\"750\" height=\"200\"  style=\"display: inline-block; max-width: 100%; height: auto;\" \/><\/a><\/div><\/div><h2>Tegoroczna maj\u00f3wka nie b\u0119dzie szczeg\u00f3lnie d\u0142uga &#8211; przypada w du\u017cej mierze na weekend, a to nie zach\u0119ca to do d\u0142u\u017cszych wyjazd\u00f3w. Zostaj\u0105c w mie\u015bcie mo\u017cna wzi\u0105\u0107 udzia\u0142 w szeregu wydarze\u0144 \u2013 od koncert\u00f3w i silent disco, przez rodzinne aktywno\u015bci na \u015bwie\u017cym powietrzu, a\u017c po tradycyjne uroczysto\u015bci upami\u0119tniaj\u0105ce ustanowienie Konstytucji 3 Maja.<\/h2>\n<p><!--more--><\/p>\n<p>\u015awi\u0119to Narodowe Trzeciego Maja to \u2013 obok \u015awi\u0119ta Niepodleg\u0142o\u015bci \u2013 jedno z najwa\u017cniejszych \u015bwi\u0105t pa\u0144stwowych w Polsce. Upami\u0119tnia dzie\u0144 uchwalenia przez kr\u00f3la Stanis\u0142awa Augusta Poniatowskiego Konstytucji, a w\u0142a\u015bciwie Ustawy Rz\u0105dowej z dnia 3 maja 1791 roku.<\/p>\n<p>Aby uczci\u0107 235. rocznic\u0119 tego wa\u017cnego wydarzenia, 3 maja warto przyozdobi\u0107 domy bia\u0142o-czerwonymi flagami oraz wzi\u0105\u0107 udzia\u0142 w miejskich obchodach. W Gliwicach tradycyjnie rozpocznie je msza \u015bwi\u0119ta w intencji Ojczyzny, kt\u00f3ra o godz. 12.30 zostanie odprawiona w ko\u015bciele katedralnym pw. \u015awi\u0119tych Aposto\u0142\u00f3w Piotra i Paw\u0142a. Po nabo\u017ce\u0144stwie, ok. godz. 13.45, uczestnicy przemaszeruj\u0105 wsp\u00f3lnie na Plac Adama Mickiewicza, gdzie o godz. 13.50 rozpoczn\u0105 si\u0119 oficjalne uroczysto\u015bci. Wydarzenie zwie\u0144czy, ok. godz. 14.10, wyst\u0119p Ma\u017coretek Scarlet oraz werblist\u00f3w Zespo\u0142u Szk\u00f3\u0142 Ekonomiczno-Technicznych im. Cichociemnych w Gliwicach.<\/p><div class=\"gliwi-a3-w-tresci-artykulow gliwi-entity-placement\" id=\"gliwi-551006766\"><div class=\"gliwi-adlabel\"><span style=\"font-size: 9px\">REKLAMA<\/span><\/div><div id=\"gliwi-3186692618\" style=\"margin-bottom: 30px;margin-left: auto;margin-right: auto;text-align: center;\"><a data-no-instant=\"1\" href=\"https:\/\/zlobek.halogen.org.pl\/\" rel=\"noopener\" class=\"a2t-link\" target=\"_blank\" aria-label=\"animator-zlobek_750x200\"><img loading=\"lazy\" decoding=\"async\" src=\"https:\/\/www.24gliwice.pl\/wiadomosci\/wp-content\/uploads\/2026\/02\/animator-zlobek_750x200.webp\" alt=\"\"  srcset=\"https:\/\/www.24gliwice.pl\/wiadomosci\/wp-content\/uploads\/2026\/02\/animator-zlobek_750x200.webp 750w, https:\/\/www.24gliwice.pl\/wiadomosci\/wp-content\/uploads\/2026\/02\/animator-zlobek_750x200-410x109.webp 410w\" sizes=\"(max-width: 750px) 100vw, 750px\" class=\"no-lazyload\" width=\"750\" height=\"200\"  style=\"display: inline-block; max-width: 100%; height: auto;\" \/><\/a><\/div><\/div>\n<h4>Maj\u00f3wka z Kultur\u0105 \u2013 bawimy si\u0119 w Ruinach Teatru Victoria i na Alei Przyja\u017ani<\/h4>\n<p>Nie zabraknie te\u017c imprez kulturalnych. W ramach \u201eMaj\u00f3wki z Kultur\u0105\u201d Ruiny Teatru Victoria ponownie stan\u0105 si\u0119 muzycznym sercem miasta. Na scenie pojawi\u0105 si\u0119 znani arty\u015bci \u2013 1 maja Spi\u0119ty, a 3 maja Lech Janerka, natomiast 2 maja przestrze\u0144 zamieni si\u0119 w taneczny parkiet podczas silent disco. <\/p>\n<p>B\u0119dzie te\u017c co\u015b dla tych, kt\u00f3rzy wol\u0105 sp\u0119dza\u0107 czas aktywnie i na \u015bwie\u017cym powietrzu \u2013 na Alei Przyja\u017ani powr\u00f3c\u0105 retro gry podw\u00f3rkowe, przypominaj\u0105ce beztroskie chwile dzieci\u0144stwa i zach\u0119caj\u0105ce do wsp\u00f3lnej zabawy bez ekran\u00f3w. Dodatkowo odb\u0119d\u0105 si\u0119 warsztaty \u201ePatrz pod nogi\u201d.<\/p>\n<h4>Program:<\/h4>\n<p>1 i 2 maja, godz. 16.00\u201319.00: Retro gry podw\u00f3rkowe \u2013 Aleja Przyja\u017ani;<br \/>\n1 maja, godz. 16.00\u201319.00: Patrz pod nogi \u2013 wsp\u00f3\u0142tworzenie z dzie\u0107mi gier chodnikowych;<br \/>\n2 maja, godz. 19.00\u201300.00: Silent Disco (Ruiny Teatru Victoria) | Bilety: 30 z\u0142, p\u0142atne na miejscu.<\/p>\n<h4>Maj\u00f3wka z histori\u0105 w tle \u2013 Muzeum w Gliwicach zaprasza<\/h4>\n<p>Swoj\u0105 propozycj\u0119 przygotowa\u0142o r\u00f3wnie\u017c Muzeum w Gliwicach, zapraszaj\u0105c do wszystkich swoich oddzia\u0142\u00f3w \u2013 od Willi Caro po Radiostacj\u0119. 2 maja, z okazji \u015awi\u0119ta Flagi, zwiedzanie b\u0119dzie bezp\u0142atne, a na odwiedzaj\u0105cych czeka\u0107 b\u0119d\u0105 patriotyczne kotyliony. Z kolei 3 maja najm\u0142odsi wraz z opiekunami b\u0119d\u0105 mogli wzi\u0105\u0107 udzia\u0142 w \u201ePoranku muzealnym\u201d, podczas kt\u00f3rego poznaj\u0105 histori\u0119 obrazu Jana Matejki \u201eKonstytucja 3 Maja 1791 roku\u201d. To propozycja dla tych, kt\u00f3rzy chc\u0105 po\u0142\u0105czy\u0107 maj\u00f3wkowy odpoczynek z refleksj\u0105 i odkrywaniem lokalnego dziedzictwa. \u201ePoranek\u201d rozpocznie si\u0119 o godz. 10.00, obowi\u0105zuj\u0105 zapisy pod nr. tel. 783-560-006. <\/p>\n<p>Wi\u0119cej szczeg\u00f3\u0142\u00f3w na ten temat:<\/p>\n<blockquote class=\"wp-embedded-content\" data-secret=\"beBxEmJLNQ\"><p><a href=\"https:\/\/www.24gliwice.pl\/wiadomosci\/majowka-w-gliwickim-muzeum-wszystkie-oddzialy-beda-czynne-co-przygotowano\/\">Maj\u00f3wka w gliwickim Muzeum. Wszystkie oddzia\u0142y b\u0119d\u0105 czynne &#8211; co przygotowano?<\/a><\/p><\/blockquote>\n<p><iframe loading=\"lazy\" class=\"wp-embedded-content\" sandbox=\"allow-scripts\" security=\"restricted\" style=\"position: absolute; visibility: hidden;\" title=\"&#8222;Maj\u00f3wka w gliwickim Muzeum. Wszystkie oddzia\u0142y b\u0119d\u0105 czynne &#8211; co przygotowano?&#8221; &#8212; 24GLIWICE - Portal Gliwice | codziennie nowe informacje\" src=\"https:\/\/www.24gliwice.pl\/wiadomosci\/majowka-w-gliwickim-muzeum-wszystkie-oddzialy-beda-czynne-co-przygotowano\/embed\/#?secret=ocRby19JOz#?secret=beBxEmJLNQ\" data-secret=\"beBxEmJLNQ\" width=\"600\" height=\"338\" frameborder=\"0\" marginwidth=\"0\" marginheight=\"0\" scrolling=\"no\"><\/iframe><\/p>\n<p>(\u017cms)\/UM Gliwice(bb)<\/p>\n<p><img loading=\"lazy\" decoding=\"async\" src=\"https:\/\/gliwice.eu\/sites\/default\/files\/news\/gallery\/NG%20nowy%20wymiar%2027-04-2026_3%20MAJA%20plakat.jpg\" width=\"2000\" height=\"2721\" class=\"alignnone size-full\" \/><\/p>\n<div class=\"gliwi-a5-na-koncu-artykulow gliwi-entity-placement\" id=\"gliwi-2608954010\"><div class=\"gliwi-adlabel\"><span style=\"font-size: 9px\">REKLAMA<\/span><\/div><div id=\"gliwi-1115028538\" style=\"margin-left: auto;margin-right: auto;text-align: center;\"><a data-no-instant=\"1\" href=\"https:\/\/prezeroarenagliwice.pl\/\" rel=\"noopener\" class=\"a2t-link\" target=\"_blank\" aria-label=\"20260309-PREZERO-WIOSNA-D\"><img loading=\"lazy\" decoding=\"async\" src=\"https:\/\/www.24gliwice.pl\/wiadomosci\/wp-content\/uploads\/2026\/03\/20260309-PREZERO-WIOSNA-D.webp\" alt=\"\"  srcset=\"https:\/\/www.24gliwice.pl\/wiadomosci\/wp-content\/uploads\/2026\/03\/20260309-PREZERO-WIOSNA-D.webp 750w, https:\/\/www.24gliwice.pl\/wiadomosci\/wp-content\/uploads\/2026\/03\/20260309-PREZERO-WIOSNA-D-410x109.webp 410w\" sizes=\"(max-width: 750px) 100vw, 750px\" class=\"no-lazyload\" width=\"750\" height=\"200\"  style=\"display: inline-block; max-width: 100%; height: auto;\" \/><\/a><\/div><\/div>","protected":false},"excerpt":{"rendered":"<p>Tegoroczna maj\u00f3wka nie b\u0119dzie szczeg\u00f3lnie d\u0142uga &#8211; przypada w du\u017cej mierze na weekend, a to nie zach\u0119ca to do d\u0142u\u017cszych wyjazd\u00f3w. Zostaj\u0105c w mie\u015bcie mo\u017cna wzi\u0105\u0107 udzia\u0142 w szeregu wydarze\u0144 \u2013 od koncert\u00f3w i silent disco, przez rodzinne aktywno\u015bci na \u015bwie\u017cym powietrzu, a\u017c po tradycyjne uroczysto\u015bci upami\u0119tniaj\u0105ce ustanowienie Konstytucji 3 Maja.<\/p>\n","protected":false},"author":15,"featured_media":116113,"comment_status":"open","ping_status":"closed","sticky":false,"template":"","format":"standard","meta":{"_monsterinsights_skip_tracking":false,"_monsterinsights_sitenote_active":false,"_monsterinsights_sitenote_note":"","_monsterinsights_sitenote_category":0,"footnotes":"","_links_to":"","_links_to_target":""},"categories":[3,6,1],"tags":[9130,12172],"class_list":["post-269815","post","type-post","status-publish","format-standard","has-post-thumbnail","hentry","category-gliwice","category-kultura","category-wszystko","tag-3-maja","tag-majowka"],"yoast_head":"<!-- This site is optimized with the Yoast SEO plugin v27.4 - https:\/\/yoast.com\/product\/yoast-seo-wordpress\/ -->\n<title>Maj\u00f3wka w Gliwicach. Atrakcje dla dzieci, wydarzenia dla doros\u0142ych i oficjalne miejskie uroczysto\u015bci - 24GLIWICE - Portal Gliwice | codziennie nowe informacje<\/title>\n<meta name=\"description\" content=\"Maj\u00f3wka w Gliwicach b\u0119dzie obfitowa\u0107 w r\u00f3\u017cnego rodzaju aktywno\u015bci kulturalne. Miasto przewidzia\u0142o te\u017c oficjalne uroczysto\u015bci z okazji 3 maja\" \/>\n<meta name=\"robots\" content=\"index, follow, max-snippet:-1, max-image-preview:large, max-video-preview:-1\" \/>\n<link rel=\"canonical\" href=\"https:\/\/www.24gliwice.pl\/wiadomosci\/majowka-w-gliwicach-atrakcje-dla-dzieci-wydarzenia-dla-doroslych-i-oficjalne-miejskie-uroczystosci\/\" \/>\n<meta property=\"og:locale\" content=\"pl_PL\" \/>\n<meta property=\"og:type\" content=\"article\" \/>\n<meta property=\"og:title\" content=\"Maj\u00f3wka w Gliwicach. Atrakcje dla dzieci, wydarzenia dla doros\u0142ych i oficjalne miejskie uroczysto\u015bci - 24GLIWICE - Portal Gliwice | codziennie nowe informacje\" \/>\n<meta property=\"og:description\" content=\"Maj\u00f3wka w Gliwicach b\u0119dzie obfitowa\u0107 w r\u00f3\u017cnego rodzaju aktywno\u015bci kulturalne. Miasto przewidzia\u0142o te\u017c oficjalne uroczysto\u015bci z okazji 3 maja\" \/>\n<meta property=\"og:url\" content=\"https:\/\/www.24gliwice.pl\/wiadomosci\/majowka-w-gliwicach-atrakcje-dla-dzieci-wydarzenia-dla-doroslych-i-oficjalne-miejskie-uroczystosci\/\" \/>\n<meta property=\"og:site_name\" content=\"24GLIWICE - Portal Gliwice | codziennie nowe informacje\" \/>\n<meta property=\"article:publisher\" content=\"https:\/\/www.facebook.com\/24gliwice\" \/>\n<meta property=\"article:published_time\" content=\"2026-04-28T09:41:25+00:00\" \/>\n<meta property=\"og:image\" content=\"https:\/\/www.24gliwice.pl\/wiadomosci\/wp-content\/uploads\/2018\/04\/z-daniec-3-maja-mar\u017coretki-e1524219129572.jpg\" \/>\n\t<meta property=\"og:image:width\" content=\"810\" \/>\n\t<meta property=\"og:image:height\" content=\"456\" \/>\n\t<meta property=\"og:image:type\" content=\"image\/jpeg\" \/>\n<meta name=\"author\" content=\"\u017baneta Mrozek-Siewierska\" \/>\n<meta name=\"twitter:card\" content=\"summary_large_image\" \/>\n<meta name=\"twitter:creator\" content=\"@24gliwice\" \/>\n<meta name=\"twitter:site\" content=\"@24gliwice\" \/>\n<meta name=\"twitter:label1\" content=\"Napisane przez\" \/>\n\t<meta name=\"twitter:data1\" content=\"\u017baneta Mrozek-Siewierska\" \/>\n\t<meta name=\"twitter:label2\" content=\"Szacowany czas czytania\" \/>\n\t<meta name=\"twitter:data2\" content=\"3 minuty\" \/>\n<script type=\"application\/ld+json\" class=\"yoast-schema-graph\">{\"@context\":\"https:\\\/\\\/schema.org\",\"@graph\":[{\"@type\":\"Article\",\"@id\":\"https:\\\/\\\/www.24gliwice.pl\\\/wiadomosci\\\/majowka-w-gliwicach-atrakcje-dla-dzieci-wydarzenia-dla-doroslych-i-oficjalne-miejskie-uroczystosci\\\/#article\",\"isPartOf\":{\"@id\":\"https:\\\/\\\/www.24gliwice.pl\\\/wiadomosci\\\/majowka-w-gliwicach-atrakcje-dla-dzieci-wydarzenia-dla-doroslych-i-oficjalne-miejskie-uroczystosci\\\/\"},\"author\":{\"name\":\"\u017baneta Mrozek-Siewierska\",\"@id\":\"https:\\\/\\\/www.24gliwice.pl\\\/wiadomosci\\\/#\\\/schema\\\/person\\\/e42c650edd7f2fa332be3811fb166b6e\"},\"headline\":\"Maj\u00f3wka w Gliwicach. Atrakcje dla dzieci, wydarzenia dla doros\u0142ych i oficjalne miejskie uroczysto\u015bci\",\"datePublished\":\"2026-04-28T09:41:25+00:00\",\"mainEntityOfPage\":{\"@id\":\"https:\\\/\\\/www.24gliwice.pl\\\/wiadomosci\\\/majowka-w-gliwicach-atrakcje-dla-dzieci-wydarzenia-dla-doroslych-i-oficjalne-miejskie-uroczystosci\\\/\"},\"wordCount\":496,\"commentCount\":1,\"publisher\":{\"@id\":\"https:\\\/\\\/www.24gliwice.pl\\\/wiadomosci\\\/#organization\"},\"image\":{\"@id\":\"https:\\\/\\\/www.24gliwice.pl\\\/wiadomosci\\\/majowka-w-gliwicach-atrakcje-dla-dzieci-wydarzenia-dla-doroslych-i-oficjalne-miejskie-uroczystosci\\\/#primaryimage\"},\"thumbnailUrl\":\"https:\\\/\\\/www.24gliwice.pl\\\/wiadomosci\\\/wp-content\\\/uploads\\\/2018\\\/04\\\/z-daniec-3-maja-mar\u017coretki-e1524219129572.jpg\",\"keywords\":[\"3 MAJA\",\"maj\u00f3wka\"],\"articleSection\":[\"Gliwice\",\"Kultura, wydarzenia, imprezy\",\"Najnowsze wiadomo\u015bci\"],\"inLanguage\":\"pl-PL\",\"potentialAction\":[{\"@type\":\"CommentAction\",\"name\":\"Comment\",\"target\":[\"https:\\\/\\\/www.24gliwice.pl\\\/wiadomosci\\\/majowka-w-gliwicach-atrakcje-dla-dzieci-wydarzenia-dla-doroslych-i-oficjalne-miejskie-uroczystosci\\\/#respond\"]}]},{\"@type\":\"WebPage\",\"@id\":\"https:\\\/\\\/www.24gliwice.pl\\\/wiadomosci\\\/majowka-w-gliwicach-atrakcje-dla-dzieci-wydarzenia-dla-doroslych-i-oficjalne-miejskie-uroczystosci\\\/\",\"url\":\"https:\\\/\\\/www.24gliwice.pl\\\/wiadomosci\\\/majowka-w-gliwicach-atrakcje-dla-dzieci-wydarzenia-dla-doroslych-i-oficjalne-miejskie-uroczystosci\\\/\",\"name\":\"Maj\u00f3wka w Gliwicach. Atrakcje dla dzieci, wydarzenia dla doros\u0142ych i oficjalne miejskie uroczysto\u015bci - 24GLIWICE - Portal Gliwice | codziennie nowe informacje\",\"isPartOf\":{\"@id\":\"https:\\\/\\\/www.24gliwice.pl\\\/wiadomosci\\\/#website\"},\"primaryImageOfPage\":{\"@id\":\"https:\\\/\\\/www.24gliwice.pl\\\/wiadomosci\\\/majowka-w-gliwicach-atrakcje-dla-dzieci-wydarzenia-dla-doroslych-i-oficjalne-miejskie-uroczystosci\\\/#primaryimage\"},\"image\":{\"@id\":\"https:\\\/\\\/www.24gliwice.pl\\\/wiadomosci\\\/majowka-w-gliwicach-atrakcje-dla-dzieci-wydarzenia-dla-doroslych-i-oficjalne-miejskie-uroczystosci\\\/#primaryimage\"},\"thumbnailUrl\":\"https:\\\/\\\/www.24gliwice.pl\\\/wiadomosci\\\/wp-content\\\/uploads\\\/2018\\\/04\\\/z-daniec-3-maja-mar\u017coretki-e1524219129572.jpg\",\"datePublished\":\"2026-04-28T09:41:25+00:00\",\"description\":\"Maj\u00f3wka w Gliwicach b\u0119dzie obfitowa\u0107 w r\u00f3\u017cnego rodzaju aktywno\u015bci kulturalne. Miasto przewidzia\u0142o te\u017c oficjalne uroczysto\u015bci z okazji 3 maja\",\"breadcrumb\":{\"@id\":\"https:\\\/\\\/www.24gliwice.pl\\\/wiadomosci\\\/majowka-w-gliwicach-atrakcje-dla-dzieci-wydarzenia-dla-doroslych-i-oficjalne-miejskie-uroczystosci\\\/#breadcrumb\"},\"inLanguage\":\"pl-PL\",\"potentialAction\":[{\"@type\":\"ReadAction\",\"target\":[\"https:\\\/\\\/www.24gliwice.pl\\\/wiadomosci\\\/majowka-w-gliwicach-atrakcje-dla-dzieci-wydarzenia-dla-doroslych-i-oficjalne-miejskie-uroczystosci\\\/\"]}]},{\"@type\":\"ImageObject\",\"inLanguage\":\"pl-PL\",\"@id\":\"https:\\\/\\\/www.24gliwice.pl\\\/wiadomosci\\\/majowka-w-gliwicach-atrakcje-dla-dzieci-wydarzenia-dla-doroslych-i-oficjalne-miejskie-uroczystosci\\\/#primaryimage\",\"url\":\"https:\\\/\\\/www.24gliwice.pl\\\/wiadomosci\\\/wp-content\\\/uploads\\\/2018\\\/04\\\/z-daniec-3-maja-mar\u017coretki-e1524219129572.jpg\",\"contentUrl\":\"https:\\\/\\\/www.24gliwice.pl\\\/wiadomosci\\\/wp-content\\\/uploads\\\/2018\\\/04\\\/z-daniec-3-maja-mar\u017coretki-e1524219129572.jpg\",\"width\":810,\"height\":456,\"caption\":\"fot. Z. Daniec\\\/UM Gliwice\"},{\"@type\":\"BreadcrumbList\",\"@id\":\"https:\\\/\\\/www.24gliwice.pl\\\/wiadomosci\\\/majowka-w-gliwicach-atrakcje-dla-dzieci-wydarzenia-dla-doroslych-i-oficjalne-miejskie-uroczystosci\\\/#breadcrumb\",\"itemListElement\":[{\"@type\":\"ListItem\",\"position\":1,\"name\":\"Strona g\u0142\u00f3wna\",\"item\":\"https:\\\/\\\/www.24gliwice.pl\\\/wiadomosci\\\/\"},{\"@type\":\"ListItem\",\"position\":2,\"name\":\"Maj\u00f3wka w Gliwicach. Atrakcje dla dzieci, wydarzenia dla doros\u0142ych i oficjalne miejskie uroczysto\u015bci\"}]},{\"@type\":\"WebSite\",\"@id\":\"https:\\\/\\\/www.24gliwice.pl\\\/wiadomosci\\\/#website\",\"url\":\"https:\\\/\\\/www.24gliwice.pl\\\/wiadomosci\\\/\",\"name\":\"24GLIWICE - Portal Gliwice | codziennie nowe wiadomo\u015bci\",\"description\":\"Portal Miejski Gliwice\",\"publisher\":{\"@id\":\"https:\\\/\\\/www.24gliwice.pl\\\/wiadomosci\\\/#organization\"},\"potentialAction\":[{\"@type\":\"SearchAction\",\"target\":{\"@type\":\"EntryPoint\",\"urlTemplate\":\"https:\\\/\\\/www.24gliwice.pl\\\/wiadomosci\\\/?s={search_term_string}\"},\"query-input\":{\"@type\":\"PropertyValueSpecification\",\"valueRequired\":true,\"valueName\":\"search_term_string\"}}],\"inLanguage\":\"pl-PL\"},{\"@type\":\"Organization\",\"@id\":\"https:\\\/\\\/www.24gliwice.pl\\\/wiadomosci\\\/#organization\",\"name\":\"24gliwice\",\"url\":\"https:\\\/\\\/www.24gliwice.pl\\\/wiadomosci\\\/\",\"logo\":{\"@type\":\"ImageObject\",\"inLanguage\":\"pl-PL\",\"@id\":\"https:\\\/\\\/www.24gliwice.pl\\\/wiadomosci\\\/#\\\/schema\\\/logo\\\/image\\\/\",\"url\":\"https:\\\/\\\/www.24gliwice.pl\\\/wiadomosci\\\/wp-content\\\/uploads\\\/2024\\\/10\\\/24gliwice-logo-696.jpg\",\"contentUrl\":\"https:\\\/\\\/www.24gliwice.pl\\\/wiadomosci\\\/wp-content\\\/uploads\\\/2024\\\/10\\\/24gliwice-logo-696.jpg\",\"width\":696,\"height\":696,\"caption\":\"24gliwice\"},\"image\":{\"@id\":\"https:\\\/\\\/www.24gliwice.pl\\\/wiadomosci\\\/#\\\/schema\\\/logo\\\/image\\\/\"},\"sameAs\":[\"https:\\\/\\\/www.facebook.com\\\/24gliwice\",\"https:\\\/\\\/x.com\\\/24gliwice\",\"https:\\\/\\\/www.youtube.com\\\/@24gliwice\"]},{\"@type\":\"Person\",\"@id\":\"https:\\\/\\\/www.24gliwice.pl\\\/wiadomosci\\\/#\\\/schema\\\/person\\\/e42c650edd7f2fa332be3811fb166b6e\",\"name\":\"\u017baneta Mrozek-Siewierska\",\"image\":{\"@type\":\"ImageObject\",\"inLanguage\":\"pl-PL\",\"@id\":\"https:\\\/\\\/www.24gliwice.pl\\\/wiadomosci\\\/wp-content\\\/uploads\\\/2021\\\/11\\\/Zaneta-M_S-zdjecie-czb-96x96.jpg\",\"url\":\"https:\\\/\\\/www.24gliwice.pl\\\/wiadomosci\\\/wp-content\\\/uploads\\\/2021\\\/11\\\/Zaneta-M_S-zdjecie-czb-96x96.jpg\",\"contentUrl\":\"https:\\\/\\\/www.24gliwice.pl\\\/wiadomosci\\\/wp-content\\\/uploads\\\/2021\\\/11\\\/Zaneta-M_S-zdjecie-czb-96x96.jpg\",\"caption\":\"\u017baneta Mrozek-Siewierska\"},\"url\":\"https:\\\/\\\/www.24gliwice.pl\\\/wiadomosci\\\/author\\\/zms\\\/\"}]}<\/script>\n<!-- \/ Yoast SEO plugin. -->","yoast_head_json":{"title":"Maj\u00f3wka w Gliwicach. Atrakcje dla dzieci, wydarzenia dla doros\u0142ych i oficjalne miejskie uroczysto\u015bci - 24GLIWICE - Portal Gliwice | codziennie nowe informacje","description":"Maj\u00f3wka w Gliwicach b\u0119dzie obfitowa\u0107 w r\u00f3\u017cnego rodzaju aktywno\u015bci kulturalne. Miasto przewidzia\u0142o te\u017c oficjalne uroczysto\u015bci z okazji 3 maja","robots":{"index":"index","follow":"follow","max-snippet":"max-snippet:-1","max-image-preview":"max-image-preview:large","max-video-preview":"max-video-preview:-1"},"canonical":"https:\/\/www.24gliwice.pl\/wiadomosci\/majowka-w-gliwicach-atrakcje-dla-dzieci-wydarzenia-dla-doroslych-i-oficjalne-miejskie-uroczystosci\/","og_locale":"pl_PL","og_type":"article","og_title":"Maj\u00f3wka w Gliwicach. Atrakcje dla dzieci, wydarzenia dla doros\u0142ych i oficjalne miejskie uroczysto\u015bci - 24GLIWICE - Portal Gliwice | codziennie nowe informacje","og_description":"Maj\u00f3wka w Gliwicach b\u0119dzie obfitowa\u0107 w r\u00f3\u017cnego rodzaju aktywno\u015bci kulturalne. Miasto przewidzia\u0142o te\u017c oficjalne uroczysto\u015bci z okazji 3 maja","og_url":"https:\/\/www.24gliwice.pl\/wiadomosci\/majowka-w-gliwicach-atrakcje-dla-dzieci-wydarzenia-dla-doroslych-i-oficjalne-miejskie-uroczystosci\/","og_site_name":"24GLIWICE - Portal Gliwice | codziennie nowe informacje","article_publisher":"https:\/\/www.facebook.com\/24gliwice","article_published_time":"2026-04-28T09:41:25+00:00","og_image":[{"width":810,"height":456,"url":"https:\/\/www.24gliwice.pl\/wiadomosci\/wp-content\/uploads\/2018\/04\/z-daniec-3-maja-mar\u017coretki-e1524219129572.jpg","type":"image\/jpeg"}],"author":"\u017baneta Mrozek-Siewierska","twitter_card":"summary_large_image","twitter_creator":"@24gliwice","twitter_site":"@24gliwice","twitter_misc":{"Napisane przez":"\u017baneta Mrozek-Siewierska","Szacowany czas czytania":"3 minuty"},"schema":{"@context":"https:\/\/schema.org","@graph":[{"@type":"Article","@id":"https:\/\/www.24gliwice.pl\/wiadomosci\/majowka-w-gliwicach-atrakcje-dla-dzieci-wydarzenia-dla-doroslych-i-oficjalne-miejskie-uroczystosci\/#article","isPartOf":{"@id":"https:\/\/www.24gliwice.pl\/wiadomosci\/majowka-w-gliwicach-atrakcje-dla-dzieci-wydarzenia-dla-doroslych-i-oficjalne-miejskie-uroczystosci\/"},"author":{"name":"\u017baneta Mrozek-Siewierska","@id":"https:\/\/www.24gliwice.pl\/wiadomosci\/#\/schema\/person\/e42c650edd7f2fa332be3811fb166b6e"},"headline":"Maj\u00f3wka w Gliwicach. Atrakcje dla dzieci, wydarzenia dla doros\u0142ych i oficjalne miejskie uroczysto\u015bci","datePublished":"2026-04-28T09:41:25+00:00","mainEntityOfPage":{"@id":"https:\/\/www.24gliwice.pl\/wiadomosci\/majowka-w-gliwicach-atrakcje-dla-dzieci-wydarzenia-dla-doroslych-i-oficjalne-miejskie-uroczystosci\/"},"wordCount":496,"commentCount":1,"publisher":{"@id":"https:\/\/www.24gliwice.pl\/wiadomosci\/#organization"},"image":{"@id":"https:\/\/www.24gliwice.pl\/wiadomosci\/majowka-w-gliwicach-atrakcje-dla-dzieci-wydarzenia-dla-doroslych-i-oficjalne-miejskie-uroczystosci\/#primaryimage"},"thumbnailUrl":"https:\/\/www.24gliwice.pl\/wiadomosci\/wp-content\/uploads\/2018\/04\/z-daniec-3-maja-mar\u017coretki-e1524219129572.jpg","keywords":["3 MAJA","maj\u00f3wka"],"articleSection":["Gliwice","Kultura, wydarzenia, imprezy","Najnowsze wiadomo\u015bci"],"inLanguage":"pl-PL","potentialAction":[{"@type":"CommentAction","name":"Comment","target":["https:\/\/www.24gliwice.pl\/wiadomosci\/majowka-w-gliwicach-atrakcje-dla-dzieci-wydarzenia-dla-doroslych-i-oficjalne-miejskie-uroczystosci\/#respond"]}]},{"@type":"WebPage","@id":"https:\/\/www.24gliwice.pl\/wiadomosci\/majowka-w-gliwicach-atrakcje-dla-dzieci-wydarzenia-dla-doroslych-i-oficjalne-miejskie-uroczystosci\/","url":"https:\/\/www.24gliwice.pl\/wiadomosci\/majowka-w-gliwicach-atrakcje-dla-dzieci-wydarzenia-dla-doroslych-i-oficjalne-miejskie-uroczystosci\/","name":"Maj\u00f3wka w Gliwicach. Atrakcje dla dzieci, wydarzenia dla doros\u0142ych i oficjalne miejskie uroczysto\u015bci - 24GLIWICE - Portal Gliwice | codziennie nowe informacje","isPartOf":{"@id":"https:\/\/www.24gliwice.pl\/wiadomosci\/#website"},"primaryImageOfPage":{"@id":"https:\/\/www.24gliwice.pl\/wiadomosci\/majowka-w-gliwicach-atrakcje-dla-dzieci-wydarzenia-dla-doroslych-i-oficjalne-miejskie-uroczystosci\/#primaryimage"},"image":{"@id":"https:\/\/www.24gliwice.pl\/wiadomosci\/majowka-w-gliwicach-atrakcje-dla-dzieci-wydarzenia-dla-doroslych-i-oficjalne-miejskie-uroczystosci\/#primaryimage"},"thumbnailUrl":"https:\/\/www.24gliwice.pl\/wiadomosci\/wp-content\/uploads\/2018\/04\/z-daniec-3-maja-mar\u017coretki-e1524219129572.jpg","datePublished":"2026-04-28T09:41:25+00:00","description":"Maj\u00f3wka w Gliwicach b\u0119dzie obfitowa\u0107 w r\u00f3\u017cnego rodzaju aktywno\u015bci kulturalne. Miasto przewidzia\u0142o te\u017c oficjalne uroczysto\u015bci z okazji 3 maja","breadcrumb":{"@id":"https:\/\/www.24gliwice.pl\/wiadomosci\/majowka-w-gliwicach-atrakcje-dla-dzieci-wydarzenia-dla-doroslych-i-oficjalne-miejskie-uroczystosci\/#breadcrumb"},"inLanguage":"pl-PL","potentialAction":[{"@type":"ReadAction","target":["https:\/\/www.24gliwice.pl\/wiadomosci\/majowka-w-gliwicach-atrakcje-dla-dzieci-wydarzenia-dla-doroslych-i-oficjalne-miejskie-uroczystosci\/"]}]},{"@type":"ImageObject","inLanguage":"pl-PL","@id":"https:\/\/www.24gliwice.pl\/wiadomosci\/majowka-w-gliwicach-atrakcje-dla-dzieci-wydarzenia-dla-doroslych-i-oficjalne-miejskie-uroczystosci\/#primaryimage","url":"https:\/\/www.24gliwice.pl\/wiadomosci\/wp-content\/uploads\/2018\/04\/z-daniec-3-maja-mar\u017coretki-e1524219129572.jpg","contentUrl":"https:\/\/www.24gliwice.pl\/wiadomosci\/wp-content\/uploads\/2018\/04\/z-daniec-3-maja-mar\u017coretki-e1524219129572.jpg","width":810,"height":456,"caption":"fot. Z. Daniec\/UM Gliwice"},{"@type":"BreadcrumbList","@id":"https:\/\/www.24gliwice.pl\/wiadomosci\/majowka-w-gliwicach-atrakcje-dla-dzieci-wydarzenia-dla-doroslych-i-oficjalne-miejskie-uroczystosci\/#breadcrumb","itemListElement":[{"@type":"ListItem","position":1,"name":"Strona g\u0142\u00f3wna","item":"https:\/\/www.24gliwice.pl\/wiadomosci\/"},{"@type":"ListItem","position":2,"name":"Maj\u00f3wka w Gliwicach. Atrakcje dla dzieci, wydarzenia dla doros\u0142ych i oficjalne miejskie uroczysto\u015bci"}]},{"@type":"WebSite","@id":"https:\/\/www.24gliwice.pl\/wiadomosci\/#website","url":"https:\/\/www.24gliwice.pl\/wiadomosci\/","name":"24GLIWICE - Portal Gliwice | codziennie nowe wiadomo\u015bci","description":"Portal Miejski Gliwice","publisher":{"@id":"https:\/\/www.24gliwice.pl\/wiadomosci\/#organization"},"potentialAction":[{"@type":"SearchAction","target":{"@type":"EntryPoint","urlTemplate":"https:\/\/www.24gliwice.pl\/wiadomosci\/?s={search_term_string}"},"query-input":{"@type":"PropertyValueSpecification","valueRequired":true,"valueName":"search_term_string"}}],"inLanguage":"pl-PL"},{"@type":"Organization","@id":"https:\/\/www.24gliwice.pl\/wiadomosci\/#organization","name":"24gliwice","url":"https:\/\/www.24gliwice.pl\/wiadomosci\/","logo":{"@type":"ImageObject","inLanguage":"pl-PL","@id":"https:\/\/www.24gliwice.pl\/wiadomosci\/#\/schema\/logo\/image\/","url":"https:\/\/www.24gliwice.pl\/wiadomosci\/wp-content\/uploads\/2024\/10\/24gliwice-logo-696.jpg","contentUrl":"https:\/\/www.24gliwice.pl\/wiadomosci\/wp-content\/uploads\/2024\/10\/24gliwice-logo-696.jpg","width":696,"height":696,"caption":"24gliwice"},"image":{"@id":"https:\/\/www.24gliwice.pl\/wiadomosci\/#\/schema\/logo\/image\/"},"sameAs":["https:\/\/www.facebook.com\/24gliwice","https:\/\/x.com\/24gliwice","https:\/\/www.youtube.com\/@24gliwice"]},{"@type":"Person","@id":"https:\/\/www.24gliwice.pl\/wiadomosci\/#\/schema\/person\/e42c650edd7f2fa332be3811fb166b6e","name":"\u017baneta Mrozek-Siewierska","image":{"@type":"ImageObject","inLanguage":"pl-PL","@id":"https:\/\/www.24gliwice.pl\/wiadomosci\/wp-content\/uploads\/2021\/11\/Zaneta-M_S-zdjecie-czb-96x96.jpg","url":"https:\/\/www.24gliwice.pl\/wiadomosci\/wp-content\/uploads\/2021\/11\/Zaneta-M_S-zdjecie-czb-96x96.jpg","contentUrl":"https:\/\/www.24gliwice.pl\/wiadomosci\/wp-content\/uploads\/2021\/11\/Zaneta-M_S-zdjecie-czb-96x96.jpg","caption":"\u017baneta Mrozek-Siewierska"},"url":"https:\/\/www.24gliwice.pl\/wiadomosci\/author\/zms\/"}]}},"_links":{"self":[{"href":"https:\/\/www.24gliwice.pl\/wiadomosci\/wp-json\/wp\/v2\/posts\/269815","targetHints":{"allow":["GET"]}}],"collection":[{"href":"https:\/\/www.24gliwice.pl\/wiadomosci\/wp-json\/wp\/v2\/posts"}],"about":[{"href":"https:\/\/www.24gliwice.pl\/wiadomosci\/wp-json\/wp\/v2\/types\/post"}],"author":[{"embeddable":true,"href":"https:\/\/www.24gliwice.pl\/wiadomosci\/wp-json\/wp\/v2\/users\/15"}],"replies":[{"embeddable":true,"href":"https:\/\/www.24gliwice.pl\/wiadomosci\/wp-json\/wp\/v2\/comments?post=269815"}],"version-history":[{"count":7,"href":"https:\/\/www.24gliwice.pl\/wiadomosci\/wp-json\/wp\/v2\/posts\/269815\/revisions"}],"predecessor-version":[{"id":269838,"href":"https:\/\/www.24gliwice.pl\/wiadomosci\/wp-json\/wp\/v2\/posts\/269815\/revisions\/269838"}],"wp:featuredmedia":[{"embeddable":true,"href":"https:\/\/www.24gliwice.pl\/wiadomosci\/wp-json\/wp\/v2\/media\/116113"}],"wp:attachment":[{"href":"https:\/\/www.24gliwice.pl\/wiadomosci\/wp-json\/wp\/v2\/media?parent=269815"}],"wp:term":[{"taxonomy":"category","embeddable":true,"href":"https:\/\/www.24gliwice.pl\/wiadomosci\/wp-json\/wp\/v2\/categories?post=269815"},{"taxonomy":"post_tag","embeddable":true,"href":"https:\/\/www.24gliwice.pl\/wiadomosci\/wp-json\/wp\/v2\/tags?post=269815"}],"curies":[{"name":"wp","href":"https:\/\/api.w.org\/{rel}","templated":true}]}}