{"id":269842,"date":"2026-04-29T04:39:46","date_gmt":"2026-04-29T02:39:46","guid":{"rendered":"https:\/\/www.24gliwice.pl\/wiadomosci\/?p=269842"},"modified":"2026-04-29T04:39:46","modified_gmt":"2026-04-29T02:39:46","slug":"przerwy-w-dostawie-ciepla-z-pec-gdzie-i-kiedy-mieszkancow-czekac-bedzie-zimny-prysznic","status":"publish","type":"post","link":"https:\/\/www.24gliwice.pl\/wiadomosci\/przerwy-w-dostawie-ciepla-z-pec-gdzie-i-kiedy-mieszkancow-czekac-bedzie-zimny-prysznic\/","title":{"rendered":"Przerwy w dostawie ciep\u0142a z PEC. Gdzie i kiedy mieszka\u0144c\u00f3w czeka\u0107 b\u0119dzie zimny prysznic?"},"content":{"rendered":"<div class=\"gliwi-a6-nad-leadem-artykulow gliwi-entity-placement\" id=\"gliwi-1269217829\"><div class=\"gliwi-adlabel\"><span style=\"font-size: 9px\">REKLAMA<\/span><\/div><div id=\"gliwi-3643943453\" style=\"margin-bottom: 25px;margin-left: auto;margin-right: auto;text-align: center;\"><a data-no-instant=\"1\" href=\"https:\/\/dom100.eu\/\" rel=\"noopener\" class=\"a2t-link\" target=\"_blank\" aria-label=\"20260415 DOM100 D\"><img loading=\"lazy\" decoding=\"async\" src=\"https:\/\/www.24gliwice.pl\/wiadomosci\/wp-content\/uploads\/2026\/04\/20260415-DOM100-D.jpg\" alt=\"\"  srcset=\"https:\/\/www.24gliwice.pl\/wiadomosci\/wp-content\/uploads\/2026\/04\/20260415-DOM100-D.jpg 750w, https:\/\/www.24gliwice.pl\/wiadomosci\/wp-content\/uploads\/2026\/04\/20260415-DOM100-D-410x109.jpg 410w\" sizes=\"(max-width: 750px) 100vw, 750px\" class=\"no-lazyload\" width=\"750\" height=\"200\"  style=\"display: inline-block; max-width: 100%; height: auto;\" \/><\/a><\/div><\/div><h2>Odbiorcy ciep\u0142a systemowego z PEC Gliwice przy ulicach Miko\u0142owskiej, Jana Paw\u0142a II, Dunikowskiego, Jasnej i Sk\u0142adowej w pierwszych dniach maja powinni spodziewa\u0107 si\u0119 przerw w dostawie ciep\u0142a na potrzeby przygotowania ciep\u0142ej wody. Gdzie i kiedy dok\u0142adnie mieszka\u0144c\u00f3w czeka &#8220;zimny prysznic&#8221;?<\/h2>\n<p><!--more--><\/p>\n<p>Przerwa dla mieszka\u0144c\u00f3w rejonu \u015ar\u00f3dmie\u015bcia oraz Trynku zwi\u0105zana jest z pracami eksploatacyjnymi prowadzonymi przez PEC Gliwice. Zaplanowano j\u0105 w nast\u0119puj\u0105cych lokalizacjach i terminach:<\/p>\n<ul>\n<li>4 maja, 8:00-12:00 ul. Jana Paw\u0142a II 16, 20, Miko\u0142owska 4, 4a;<\/li>\n<li>5 maja, 8:00-12:00 ul. Miko\u0142owska 5, 15;<\/li>\n<li>6 maja, 8:00-12:00 ul. Miko\u0142owska 19-21, 25;<\/li>\n<li>7 maja, 8:00-12:00 ul. Jasna 14a, 31a;<\/li>\n<li>8 maja, 8:00-12:00 ul. Dunikowskiego 11ab;<\/li>\n<li>11 maja, 8:00-12:00 ul. Jasna 2, 4. <\/li>\n<\/ul>\n<p>Opr\u00f3cz tego w wyniku realizacji kolejnych etap\u00f3w dywersyfikacji \u017ar\u00f3de\u0142 zasilania miejskiego systemu ciep\u0142owniczego miasta Gliwice, zaistnieje konieczno\u015b\u0107 pod\u0142\u0105czenia nowego \u017ar\u00f3d\u0142a wytw\u00f3rczego ciep\u0142a systemowego w rejonie ul. Sk\u0142adowej. W zwi\u0105zku z t\u0105 sytuacj\u0105 zaplanowano, \u017ce w poniedzia\u0142ek, 4 maja, w godzinach 07:00 &#8211; 18:00, nast\u0105pi przerwa w dostawie ciep\u0142a systemowego do budynku zlokalizowanego przy ulicy Sk\u0142adowej 8a.<\/p><div class=\"gliwi-a3-w-tresci-artykulow gliwi-entity-placement\" id=\"gliwi-1741799589\"><div class=\"gliwi-adlabel\"><span style=\"font-size: 9px\">REKLAMA<\/span><\/div><div id=\"gliwi-3732145519\" style=\"margin-bottom: 30px;margin-left: auto;margin-right: auto;text-align: center;\"><a data-no-instant=\"1\" href=\"https:\/\/zlobek.halogen.org.pl\/\" rel=\"noopener\" class=\"a2t-link\" target=\"_blank\" aria-label=\"animator-zlobek_750x200\"><img loading=\"lazy\" decoding=\"async\" src=\"https:\/\/www.24gliwice.pl\/wiadomosci\/wp-content\/uploads\/2026\/02\/animator-zlobek_750x200.webp\" alt=\"\"  srcset=\"https:\/\/www.24gliwice.pl\/wiadomosci\/wp-content\/uploads\/2026\/02\/animator-zlobek_750x200.webp 750w, https:\/\/www.24gliwice.pl\/wiadomosci\/wp-content\/uploads\/2026\/02\/animator-zlobek_750x200-410x109.webp 410w\" sizes=\"(max-width: 750px) 100vw, 750px\" class=\"no-lazyload\" width=\"750\" height=\"200\"  style=\"display: inline-block; max-width: 100%; height: auto;\" \/><\/a><\/div><\/div>\n<p>&#8211; <em>Do\u0142o\u017cymy wszelkich stara\u0144, aby czas zak\u0142\u00f3ce\u0144 by\u0142 jak najkr\u00f3tszy. Za wynik\u0142e utrudnienia przepraszamy i dzi\u0119kujemy za wyrozumia\u0142o\u015b\u0107. W przypadku wyst\u0105pienia ewentualnych pyta\u0144 lub w\u0105tpliwo\u015bci, zach\u0119camy do kontaktu z Dzia\u0142em Dyspozycji Ruchu i Eksploatacji, pod numerami telefon\u00f3w: 32 335 01 10 lub 539 997 900<\/em> &#8211; informuje Przedsi\u0119biorstwo Energetyki Cieplnej w Gliwicach.<\/p>\n<p>(\u017cms)<br \/>\nfot. pixabay.com<\/p>\n<p><img loading=\"lazy\" decoding=\"async\" src=\"https:\/\/scontent-waw2-1.xx.fbcdn.net\/v\/t39.30808-6\/684400837_1308733954775599_470488145369892025_n.jpg?_nc_cat=104&amp;ccb=1-7&amp;_nc_sid=13d280&amp;_nc_ohc=G6xp3PIfNV0Q7kNvwHsYeW4&amp;_nc_oc=AdrNw7xhNx0rDyKMMDblzSGHB6uw1E381DEJ2M2AMnI5pAIbd7djX4crpnCdzb6lYj8&amp;_nc_zt=23&amp;_nc_ht=scontent-waw2-1.xx&amp;_nc_gid=hLGKYMLTKOcsAD1K8djvdQ&amp;_nc_ss=7b2a8&amp;oh=00_Af3h-PfxgBJ5Nmb8HwnamPNQG3E3S4gwc5pjorNTmLyGgw&amp;oe=69F666DC\" width=\"1242\" height=\"1756\" class=\"alignnone size-full\" \/><\/p>\n<div class=\"gliwi-a5-na-koncu-artykulow gliwi-entity-placement\" id=\"gliwi-1017661645\"><div class=\"gliwi-adlabel\"><span style=\"font-size: 9px\">REKLAMA<\/span><\/div><div id=\"gliwi-3582252618\" style=\"margin-left: auto;margin-right: auto;text-align: center;\"><a data-no-instant=\"1\" href=\"https:\/\/prezeroarenagliwice.pl\/\" rel=\"noopener\" class=\"a2t-link\" target=\"_blank\" aria-label=\"20260309-PREZERO-WIOSNA-D\"><img loading=\"lazy\" decoding=\"async\" src=\"https:\/\/www.24gliwice.pl\/wiadomosci\/wp-content\/uploads\/2026\/03\/20260309-PREZERO-WIOSNA-D.webp\" alt=\"\"  srcset=\"https:\/\/www.24gliwice.pl\/wiadomosci\/wp-content\/uploads\/2026\/03\/20260309-PREZERO-WIOSNA-D.webp 750w, https:\/\/www.24gliwice.pl\/wiadomosci\/wp-content\/uploads\/2026\/03\/20260309-PREZERO-WIOSNA-D-410x109.webp 410w\" sizes=\"(max-width: 750px) 100vw, 750px\" class=\"no-lazyload\" width=\"750\" height=\"200\"  style=\"display: inline-block; max-width: 100%; height: auto;\" \/><\/a><\/div><\/div>","protected":false},"excerpt":{"rendered":"<p>Odbiorcy ciep\u0142a systemowego z PEC Gliwice przy ulicach Miko\u0142owskiej, Jana Paw\u0142a II, Dunikowskiego, Jasnej i Sk\u0142adowej w pierwszych dniach maja powinni spodziewa\u0107 si\u0119 przerw w dostawie ciep\u0142a na potrzeby przygotowania ciep\u0142ej wody. Gdzie i kiedy dok\u0142adnie mieszka\u0144c\u00f3w czeka &#8220;zimny prysznic&#8221;?<\/p>\n","protected":false},"author":15,"featured_media":240049,"comment_status":"open","ping_status":"closed","sticky":false,"template":"","format":"standard","meta":{"_monsterinsights_skip_tracking":false,"_monsterinsights_sitenote_active":false,"_monsterinsights_sitenote_note":"","_monsterinsights_sitenote_category":0,"footnotes":"","_links_to":"","_links_to_target":""},"categories":[3,1],"tags":[24942,7994],"class_list":["post-269842","post","type-post","status-publish","format-standard","has-post-thumbnail","hentry","category-gliwice","category-wszystko","tag-ciepla-woda","tag-pec-gliwice"],"yoast_head":"<!-- This site is optimized with the Yoast SEO plugin v27.5 - https:\/\/yoast.com\/product\/yoast-seo-wordpress\/ -->\n<title>Przerwy w dostawie ciep\u0142a z PEC. Gdzie i kiedy mieszka\u0144c\u00f3w czeka\u0107 b\u0119dzie zimny prysznic? - 24GLIWICE - Portal Gliwice | codziennie nowe informacje<\/title>\n<meta name=\"description\" content=\"PEC poinformowa\u0142 o konieczno\u015bci wprowadzenia przerw w dostawie ciep\u0142a systemowego na potrzeby ogrzewania ciep\u0142ej wody. Gdzie i kiedy?\" \/>\n<meta name=\"robots\" content=\"index, follow, max-snippet:-1, max-image-preview:large, max-video-preview:-1\" \/>\n<link rel=\"canonical\" href=\"https:\/\/www.24gliwice.pl\/wiadomosci\/przerwy-w-dostawie-ciepla-z-pec-gdzie-i-kiedy-mieszkancow-czekac-bedzie-zimny-prysznic\/\" \/>\n<meta property=\"og:locale\" content=\"pl_PL\" \/>\n<meta property=\"og:type\" content=\"article\" \/>\n<meta property=\"og:title\" content=\"Przerwy w dostawie ciep\u0142a z PEC. Gdzie i kiedy mieszka\u0144c\u00f3w czeka\u0107 b\u0119dzie zimny prysznic? - 24GLIWICE - Portal Gliwice | codziennie nowe informacje\" \/>\n<meta property=\"og:description\" content=\"PEC poinformowa\u0142 o konieczno\u015bci wprowadzenia przerw w dostawie ciep\u0142a systemowego na potrzeby ogrzewania ciep\u0142ej wody. Gdzie i kiedy?\" \/>\n<meta property=\"og:url\" content=\"https:\/\/www.24gliwice.pl\/wiadomosci\/przerwy-w-dostawie-ciepla-z-pec-gdzie-i-kiedy-mieszkancow-czekac-bedzie-zimny-prysznic\/\" \/>\n<meta property=\"og:site_name\" content=\"24GLIWICE - Portal Gliwice | codziennie nowe informacje\" \/>\n<meta property=\"article:publisher\" content=\"https:\/\/www.facebook.com\/24gliwice\" \/>\n<meta property=\"article:published_time\" content=\"2026-04-29T02:39:46+00:00\" \/>\n<meta property=\"og:image\" content=\"https:\/\/www.24gliwice.pl\/wiadomosci\/wp-content\/uploads\/2024\/08\/prysznic-2.jpg\" \/>\n\t<meta property=\"og:image:width\" content=\"810\" \/>\n\t<meta property=\"og:image:height\" content=\"456\" \/>\n\t<meta property=\"og:image:type\" content=\"image\/jpeg\" \/>\n<meta name=\"author\" content=\"\u017baneta Mrozek-Siewierska\" \/>\n<meta name=\"twitter:card\" content=\"summary_large_image\" \/>\n<meta name=\"twitter:creator\" content=\"@24gliwice\" \/>\n<meta name=\"twitter:site\" content=\"@24gliwice\" \/>\n<meta name=\"twitter:label1\" content=\"Napisane przez\" \/>\n\t<meta name=\"twitter:data1\" content=\"\u017baneta Mrozek-Siewierska\" \/>\n\t<meta name=\"twitter:label2\" content=\"Szacowany czas czytania\" \/>\n\t<meta name=\"twitter:data2\" content=\"2 minuty\" \/>\n<script type=\"application\/ld+json\" class=\"yoast-schema-graph\">{\"@context\":\"https:\\\/\\\/schema.org\",\"@graph\":[{\"@type\":\"Article\",\"@id\":\"https:\\\/\\\/www.24gliwice.pl\\\/wiadomosci\\\/przerwy-w-dostawie-ciepla-z-pec-gdzie-i-kiedy-mieszkancow-czekac-bedzie-zimny-prysznic\\\/#article\",\"isPartOf\":{\"@id\":\"https:\\\/\\\/www.24gliwice.pl\\\/wiadomosci\\\/przerwy-w-dostawie-ciepla-z-pec-gdzie-i-kiedy-mieszkancow-czekac-bedzie-zimny-prysznic\\\/\"},\"author\":{\"name\":\"\u017baneta Mrozek-Siewierska\",\"@id\":\"https:\\\/\\\/www.24gliwice.pl\\\/wiadomosci\\\/#\\\/schema\\\/person\\\/e42c650edd7f2fa332be3811fb166b6e\"},\"headline\":\"Przerwy w dostawie ciep\u0142a z PEC. Gdzie i kiedy mieszka\u0144c\u00f3w czeka\u0107 b\u0119dzie zimny prysznic?\",\"datePublished\":\"2026-04-29T02:39:46+00:00\",\"mainEntityOfPage\":{\"@id\":\"https:\\\/\\\/www.24gliwice.pl\\\/wiadomosci\\\/przerwy-w-dostawie-ciepla-z-pec-gdzie-i-kiedy-mieszkancow-czekac-bedzie-zimny-prysznic\\\/\"},\"wordCount\":264,\"commentCount\":0,\"publisher\":{\"@id\":\"https:\\\/\\\/www.24gliwice.pl\\\/wiadomosci\\\/#organization\"},\"image\":{\"@id\":\"https:\\\/\\\/www.24gliwice.pl\\\/wiadomosci\\\/przerwy-w-dostawie-ciepla-z-pec-gdzie-i-kiedy-mieszkancow-czekac-bedzie-zimny-prysznic\\\/#primaryimage\"},\"thumbnailUrl\":\"https:\\\/\\\/www.24gliwice.pl\\\/wiadomosci\\\/wp-content\\\/uploads\\\/2024\\\/08\\\/prysznic-2.jpg\",\"keywords\":[\"CIEP\u0141A WODA\",\"PEC Gliwice\"],\"articleSection\":[\"Gliwice\",\"Najnowsze wiadomo\u015bci\"],\"inLanguage\":\"pl-PL\",\"potentialAction\":[{\"@type\":\"CommentAction\",\"name\":\"Comment\",\"target\":[\"https:\\\/\\\/www.24gliwice.pl\\\/wiadomosci\\\/przerwy-w-dostawie-ciepla-z-pec-gdzie-i-kiedy-mieszkancow-czekac-bedzie-zimny-prysznic\\\/#respond\"]}]},{\"@type\":\"WebPage\",\"@id\":\"https:\\\/\\\/www.24gliwice.pl\\\/wiadomosci\\\/przerwy-w-dostawie-ciepla-z-pec-gdzie-i-kiedy-mieszkancow-czekac-bedzie-zimny-prysznic\\\/\",\"url\":\"https:\\\/\\\/www.24gliwice.pl\\\/wiadomosci\\\/przerwy-w-dostawie-ciepla-z-pec-gdzie-i-kiedy-mieszkancow-czekac-bedzie-zimny-prysznic\\\/\",\"name\":\"Przerwy w dostawie ciep\u0142a z PEC. Gdzie i kiedy mieszka\u0144c\u00f3w czeka\u0107 b\u0119dzie zimny prysznic? - 24GLIWICE - Portal Gliwice | codziennie nowe informacje\",\"isPartOf\":{\"@id\":\"https:\\\/\\\/www.24gliwice.pl\\\/wiadomosci\\\/#website\"},\"primaryImageOfPage\":{\"@id\":\"https:\\\/\\\/www.24gliwice.pl\\\/wiadomosci\\\/przerwy-w-dostawie-ciepla-z-pec-gdzie-i-kiedy-mieszkancow-czekac-bedzie-zimny-prysznic\\\/#primaryimage\"},\"image\":{\"@id\":\"https:\\\/\\\/www.24gliwice.pl\\\/wiadomosci\\\/przerwy-w-dostawie-ciepla-z-pec-gdzie-i-kiedy-mieszkancow-czekac-bedzie-zimny-prysznic\\\/#primaryimage\"},\"thumbnailUrl\":\"https:\\\/\\\/www.24gliwice.pl\\\/wiadomosci\\\/wp-content\\\/uploads\\\/2024\\\/08\\\/prysznic-2.jpg\",\"datePublished\":\"2026-04-29T02:39:46+00:00\",\"description\":\"PEC poinformowa\u0142 o konieczno\u015bci wprowadzenia przerw w dostawie ciep\u0142a systemowego na potrzeby ogrzewania ciep\u0142ej wody. Gdzie i kiedy?\",\"breadcrumb\":{\"@id\":\"https:\\\/\\\/www.24gliwice.pl\\\/wiadomosci\\\/przerwy-w-dostawie-ciepla-z-pec-gdzie-i-kiedy-mieszkancow-czekac-bedzie-zimny-prysznic\\\/#breadcrumb\"},\"inLanguage\":\"pl-PL\",\"potentialAction\":[{\"@type\":\"ReadAction\",\"target\":[\"https:\\\/\\\/www.24gliwice.pl\\\/wiadomosci\\\/przerwy-w-dostawie-ciepla-z-pec-gdzie-i-kiedy-mieszkancow-czekac-bedzie-zimny-prysznic\\\/\"]}]},{\"@type\":\"ImageObject\",\"inLanguage\":\"pl-PL\",\"@id\":\"https:\\\/\\\/www.24gliwice.pl\\\/wiadomosci\\\/przerwy-w-dostawie-ciepla-z-pec-gdzie-i-kiedy-mieszkancow-czekac-bedzie-zimny-prysznic\\\/#primaryimage\",\"url\":\"https:\\\/\\\/www.24gliwice.pl\\\/wiadomosci\\\/wp-content\\\/uploads\\\/2024\\\/08\\\/prysznic-2.jpg\",\"contentUrl\":\"https:\\\/\\\/www.24gliwice.pl\\\/wiadomosci\\\/wp-content\\\/uploads\\\/2024\\\/08\\\/prysznic-2.jpg\",\"width\":810,\"height\":456,\"caption\":\"pixabay.com\"},{\"@type\":\"BreadcrumbList\",\"@id\":\"https:\\\/\\\/www.24gliwice.pl\\\/wiadomosci\\\/przerwy-w-dostawie-ciepla-z-pec-gdzie-i-kiedy-mieszkancow-czekac-bedzie-zimny-prysznic\\\/#breadcrumb\",\"itemListElement\":[{\"@type\":\"ListItem\",\"position\":1,\"name\":\"Strona g\u0142\u00f3wna\",\"item\":\"https:\\\/\\\/www.24gliwice.pl\\\/wiadomosci\\\/\"},{\"@type\":\"ListItem\",\"position\":2,\"name\":\"Przerwy w dostawie ciep\u0142a z PEC. Gdzie i kiedy mieszka\u0144c\u00f3w czeka\u0107 b\u0119dzie zimny prysznic?\"}]},{\"@type\":\"WebSite\",\"@id\":\"https:\\\/\\\/www.24gliwice.pl\\\/wiadomosci\\\/#website\",\"url\":\"https:\\\/\\\/www.24gliwice.pl\\\/wiadomosci\\\/\",\"name\":\"24GLIWICE - Portal Gliwice | codziennie nowe wiadomo\u015bci\",\"description\":\"Portal Miejski Gliwice\",\"publisher\":{\"@id\":\"https:\\\/\\\/www.24gliwice.pl\\\/wiadomosci\\\/#organization\"},\"potentialAction\":[{\"@type\":\"SearchAction\",\"target\":{\"@type\":\"EntryPoint\",\"urlTemplate\":\"https:\\\/\\\/www.24gliwice.pl\\\/wiadomosci\\\/?s={search_term_string}\"},\"query-input\":{\"@type\":\"PropertyValueSpecification\",\"valueRequired\":true,\"valueName\":\"search_term_string\"}}],\"inLanguage\":\"pl-PL\"},{\"@type\":\"Organization\",\"@id\":\"https:\\\/\\\/www.24gliwice.pl\\\/wiadomosci\\\/#organization\",\"name\":\"24gliwice\",\"url\":\"https:\\\/\\\/www.24gliwice.pl\\\/wiadomosci\\\/\",\"logo\":{\"@type\":\"ImageObject\",\"inLanguage\":\"pl-PL\",\"@id\":\"https:\\\/\\\/www.24gliwice.pl\\\/wiadomosci\\\/#\\\/schema\\\/logo\\\/image\\\/\",\"url\":\"https:\\\/\\\/www.24gliwice.pl\\\/wiadomosci\\\/wp-content\\\/uploads\\\/2024\\\/10\\\/24gliwice-logo-696.jpg\",\"contentUrl\":\"https:\\\/\\\/www.24gliwice.pl\\\/wiadomosci\\\/wp-content\\\/uploads\\\/2024\\\/10\\\/24gliwice-logo-696.jpg\",\"width\":696,\"height\":696,\"caption\":\"24gliwice\"},\"image\":{\"@id\":\"https:\\\/\\\/www.24gliwice.pl\\\/wiadomosci\\\/#\\\/schema\\\/logo\\\/image\\\/\"},\"sameAs\":[\"https:\\\/\\\/www.facebook.com\\\/24gliwice\",\"https:\\\/\\\/x.com\\\/24gliwice\",\"https:\\\/\\\/www.youtube.com\\\/@24gliwice\"]},{\"@type\":\"Person\",\"@id\":\"https:\\\/\\\/www.24gliwice.pl\\\/wiadomosci\\\/#\\\/schema\\\/person\\\/e42c650edd7f2fa332be3811fb166b6e\",\"name\":\"\u017baneta Mrozek-Siewierska\",\"image\":{\"@type\":\"ImageObject\",\"inLanguage\":\"pl-PL\",\"@id\":\"https:\\\/\\\/secure.gravatar.com\\\/avatar\\\/1881429e9c64597c77ad7aef2d0a19be69a3253e57534d16aa15bf3a4d34a0a3?s=96&d=mm&r=g\",\"url\":\"https:\\\/\\\/secure.gravatar.com\\\/avatar\\\/1881429e9c64597c77ad7aef2d0a19be69a3253e57534d16aa15bf3a4d34a0a3?s=96&d=mm&r=g\",\"contentUrl\":\"https:\\\/\\\/secure.gravatar.com\\\/avatar\\\/1881429e9c64597c77ad7aef2d0a19be69a3253e57534d16aa15bf3a4d34a0a3?s=96&d=mm&r=g\",\"caption\":\"\u017baneta Mrozek-Siewierska\"},\"url\":\"https:\\\/\\\/www.24gliwice.pl\\\/wiadomosci\\\/author\\\/zms\\\/\"}]}<\/script>\n<!-- \/ Yoast SEO plugin. -->","yoast_head_json":{"title":"Przerwy w dostawie ciep\u0142a z PEC. Gdzie i kiedy mieszka\u0144c\u00f3w czeka\u0107 b\u0119dzie zimny prysznic? - 24GLIWICE - Portal Gliwice | codziennie nowe informacje","description":"PEC poinformowa\u0142 o konieczno\u015bci wprowadzenia przerw w dostawie ciep\u0142a systemowego na potrzeby ogrzewania ciep\u0142ej wody. Gdzie i kiedy?","robots":{"index":"index","follow":"follow","max-snippet":"max-snippet:-1","max-image-preview":"max-image-preview:large","max-video-preview":"max-video-preview:-1"},"canonical":"https:\/\/www.24gliwice.pl\/wiadomosci\/przerwy-w-dostawie-ciepla-z-pec-gdzie-i-kiedy-mieszkancow-czekac-bedzie-zimny-prysznic\/","og_locale":"pl_PL","og_type":"article","og_title":"Przerwy w dostawie ciep\u0142a z PEC. Gdzie i kiedy mieszka\u0144c\u00f3w czeka\u0107 b\u0119dzie zimny prysznic? - 24GLIWICE - Portal Gliwice | codziennie nowe informacje","og_description":"PEC poinformowa\u0142 o konieczno\u015bci wprowadzenia przerw w dostawie ciep\u0142a systemowego na potrzeby ogrzewania ciep\u0142ej wody. Gdzie i kiedy?","og_url":"https:\/\/www.24gliwice.pl\/wiadomosci\/przerwy-w-dostawie-ciepla-z-pec-gdzie-i-kiedy-mieszkancow-czekac-bedzie-zimny-prysznic\/","og_site_name":"24GLIWICE - Portal Gliwice | codziennie nowe informacje","article_publisher":"https:\/\/www.facebook.com\/24gliwice","article_published_time":"2026-04-29T02:39:46+00:00","og_image":[{"width":810,"height":456,"url":"https:\/\/www.24gliwice.pl\/wiadomosci\/wp-content\/uploads\/2024\/08\/prysznic-2.jpg","type":"image\/jpeg"}],"author":"\u017baneta Mrozek-Siewierska","twitter_card":"summary_large_image","twitter_creator":"@24gliwice","twitter_site":"@24gliwice","twitter_misc":{"Napisane przez":"\u017baneta Mrozek-Siewierska","Szacowany czas czytania":"2 minuty"},"schema":{"@context":"https:\/\/schema.org","@graph":[{"@type":"Article","@id":"https:\/\/www.24gliwice.pl\/wiadomosci\/przerwy-w-dostawie-ciepla-z-pec-gdzie-i-kiedy-mieszkancow-czekac-bedzie-zimny-prysznic\/#article","isPartOf":{"@id":"https:\/\/www.24gliwice.pl\/wiadomosci\/przerwy-w-dostawie-ciepla-z-pec-gdzie-i-kiedy-mieszkancow-czekac-bedzie-zimny-prysznic\/"},"author":{"name":"\u017baneta Mrozek-Siewierska","@id":"https:\/\/www.24gliwice.pl\/wiadomosci\/#\/schema\/person\/e42c650edd7f2fa332be3811fb166b6e"},"headline":"Przerwy w dostawie ciep\u0142a z PEC. Gdzie i kiedy mieszka\u0144c\u00f3w czeka\u0107 b\u0119dzie zimny prysznic?","datePublished":"2026-04-29T02:39:46+00:00","mainEntityOfPage":{"@id":"https:\/\/www.24gliwice.pl\/wiadomosci\/przerwy-w-dostawie-ciepla-z-pec-gdzie-i-kiedy-mieszkancow-czekac-bedzie-zimny-prysznic\/"},"wordCount":264,"commentCount":0,"publisher":{"@id":"https:\/\/www.24gliwice.pl\/wiadomosci\/#organization"},"image":{"@id":"https:\/\/www.24gliwice.pl\/wiadomosci\/przerwy-w-dostawie-ciepla-z-pec-gdzie-i-kiedy-mieszkancow-czekac-bedzie-zimny-prysznic\/#primaryimage"},"thumbnailUrl":"https:\/\/www.24gliwice.pl\/wiadomosci\/wp-content\/uploads\/2024\/08\/prysznic-2.jpg","keywords":["CIEP\u0141A WODA","PEC Gliwice"],"articleSection":["Gliwice","Najnowsze wiadomo\u015bci"],"inLanguage":"pl-PL","potentialAction":[{"@type":"CommentAction","name":"Comment","target":["https:\/\/www.24gliwice.pl\/wiadomosci\/przerwy-w-dostawie-ciepla-z-pec-gdzie-i-kiedy-mieszkancow-czekac-bedzie-zimny-prysznic\/#respond"]}]},{"@type":"WebPage","@id":"https:\/\/www.24gliwice.pl\/wiadomosci\/przerwy-w-dostawie-ciepla-z-pec-gdzie-i-kiedy-mieszkancow-czekac-bedzie-zimny-prysznic\/","url":"https:\/\/www.24gliwice.pl\/wiadomosci\/przerwy-w-dostawie-ciepla-z-pec-gdzie-i-kiedy-mieszkancow-czekac-bedzie-zimny-prysznic\/","name":"Przerwy w dostawie ciep\u0142a z PEC. Gdzie i kiedy mieszka\u0144c\u00f3w czeka\u0107 b\u0119dzie zimny prysznic? - 24GLIWICE - Portal Gliwice | codziennie nowe informacje","isPartOf":{"@id":"https:\/\/www.24gliwice.pl\/wiadomosci\/#website"},"primaryImageOfPage":{"@id":"https:\/\/www.24gliwice.pl\/wiadomosci\/przerwy-w-dostawie-ciepla-z-pec-gdzie-i-kiedy-mieszkancow-czekac-bedzie-zimny-prysznic\/#primaryimage"},"image":{"@id":"https:\/\/www.24gliwice.pl\/wiadomosci\/przerwy-w-dostawie-ciepla-z-pec-gdzie-i-kiedy-mieszkancow-czekac-bedzie-zimny-prysznic\/#primaryimage"},"thumbnailUrl":"https:\/\/www.24gliwice.pl\/wiadomosci\/wp-content\/uploads\/2024\/08\/prysznic-2.jpg","datePublished":"2026-04-29T02:39:46+00:00","description":"PEC poinformowa\u0142 o konieczno\u015bci wprowadzenia przerw w dostawie ciep\u0142a systemowego na potrzeby ogrzewania ciep\u0142ej wody. Gdzie i kiedy?","breadcrumb":{"@id":"https:\/\/www.24gliwice.pl\/wiadomosci\/przerwy-w-dostawie-ciepla-z-pec-gdzie-i-kiedy-mieszkancow-czekac-bedzie-zimny-prysznic\/#breadcrumb"},"inLanguage":"pl-PL","potentialAction":[{"@type":"ReadAction","target":["https:\/\/www.24gliwice.pl\/wiadomosci\/przerwy-w-dostawie-ciepla-z-pec-gdzie-i-kiedy-mieszkancow-czekac-bedzie-zimny-prysznic\/"]}]},{"@type":"ImageObject","inLanguage":"pl-PL","@id":"https:\/\/www.24gliwice.pl\/wiadomosci\/przerwy-w-dostawie-ciepla-z-pec-gdzie-i-kiedy-mieszkancow-czekac-bedzie-zimny-prysznic\/#primaryimage","url":"https:\/\/www.24gliwice.pl\/wiadomosci\/wp-content\/uploads\/2024\/08\/prysznic-2.jpg","contentUrl":"https:\/\/www.24gliwice.pl\/wiadomosci\/wp-content\/uploads\/2024\/08\/prysznic-2.jpg","width":810,"height":456,"caption":"pixabay.com"},{"@type":"BreadcrumbList","@id":"https:\/\/www.24gliwice.pl\/wiadomosci\/przerwy-w-dostawie-ciepla-z-pec-gdzie-i-kiedy-mieszkancow-czekac-bedzie-zimny-prysznic\/#breadcrumb","itemListElement":[{"@type":"ListItem","position":1,"name":"Strona g\u0142\u00f3wna","item":"https:\/\/www.24gliwice.pl\/wiadomosci\/"},{"@type":"ListItem","position":2,"name":"Przerwy w dostawie ciep\u0142a z PEC. Gdzie i kiedy mieszka\u0144c\u00f3w czeka\u0107 b\u0119dzie zimny prysznic?"}]},{"@type":"WebSite","@id":"https:\/\/www.24gliwice.pl\/wiadomosci\/#website","url":"https:\/\/www.24gliwice.pl\/wiadomosci\/","name":"24GLIWICE - Portal Gliwice | codziennie nowe wiadomo\u015bci","description":"Portal Miejski Gliwice","publisher":{"@id":"https:\/\/www.24gliwice.pl\/wiadomosci\/#organization"},"potentialAction":[{"@type":"SearchAction","target":{"@type":"EntryPoint","urlTemplate":"https:\/\/www.24gliwice.pl\/wiadomosci\/?s={search_term_string}"},"query-input":{"@type":"PropertyValueSpecification","valueRequired":true,"valueName":"search_term_string"}}],"inLanguage":"pl-PL"},{"@type":"Organization","@id":"https:\/\/www.24gliwice.pl\/wiadomosci\/#organization","name":"24gliwice","url":"https:\/\/www.24gliwice.pl\/wiadomosci\/","logo":{"@type":"ImageObject","inLanguage":"pl-PL","@id":"https:\/\/www.24gliwice.pl\/wiadomosci\/#\/schema\/logo\/image\/","url":"https:\/\/www.24gliwice.pl\/wiadomosci\/wp-content\/uploads\/2024\/10\/24gliwice-logo-696.jpg","contentUrl":"https:\/\/www.24gliwice.pl\/wiadomosci\/wp-content\/uploads\/2024\/10\/24gliwice-logo-696.jpg","width":696,"height":696,"caption":"24gliwice"},"image":{"@id":"https:\/\/www.24gliwice.pl\/wiadomosci\/#\/schema\/logo\/image\/"},"sameAs":["https:\/\/www.facebook.com\/24gliwice","https:\/\/x.com\/24gliwice","https:\/\/www.youtube.com\/@24gliwice"]},{"@type":"Person","@id":"https:\/\/www.24gliwice.pl\/wiadomosci\/#\/schema\/person\/e42c650edd7f2fa332be3811fb166b6e","name":"\u017baneta Mrozek-Siewierska","image":{"@type":"ImageObject","inLanguage":"pl-PL","@id":"https:\/\/secure.gravatar.com\/avatar\/1881429e9c64597c77ad7aef2d0a19be69a3253e57534d16aa15bf3a4d34a0a3?s=96&d=mm&r=g","url":"https:\/\/secure.gravatar.com\/avatar\/1881429e9c64597c77ad7aef2d0a19be69a3253e57534d16aa15bf3a4d34a0a3?s=96&d=mm&r=g","contentUrl":"https:\/\/secure.gravatar.com\/avatar\/1881429e9c64597c77ad7aef2d0a19be69a3253e57534d16aa15bf3a4d34a0a3?s=96&d=mm&r=g","caption":"\u017baneta Mrozek-Siewierska"},"url":"https:\/\/www.24gliwice.pl\/wiadomosci\/author\/zms\/"}]}},"_links":{"self":[{"href":"https:\/\/www.24gliwice.pl\/wiadomosci\/wp-json\/wp\/v2\/posts\/269842","targetHints":{"allow":["GET"]}}],"collection":[{"href":"https:\/\/www.24gliwice.pl\/wiadomosci\/wp-json\/wp\/v2\/posts"}],"about":[{"href":"https:\/\/www.24gliwice.pl\/wiadomosci\/wp-json\/wp\/v2\/types\/post"}],"author":[{"embeddable":true,"href":"https:\/\/www.24gliwice.pl\/wiadomosci\/wp-json\/wp\/v2\/users\/15"}],"replies":[{"embeddable":true,"href":"https:\/\/www.24gliwice.pl\/wiadomosci\/wp-json\/wp\/v2\/comments?post=269842"}],"version-history":[{"count":2,"href":"https:\/\/www.24gliwice.pl\/wiadomosci\/wp-json\/wp\/v2\/posts\/269842\/revisions"}],"predecessor-version":[{"id":269865,"href":"https:\/\/www.24gliwice.pl\/wiadomosci\/wp-json\/wp\/v2\/posts\/269842\/revisions\/269865"}],"wp:featuredmedia":[{"embeddable":true,"href":"https:\/\/www.24gliwice.pl\/wiadomosci\/wp-json\/wp\/v2\/media\/240049"}],"wp:attachment":[{"href":"https:\/\/www.24gliwice.pl\/wiadomosci\/wp-json\/wp\/v2\/media?parent=269842"}],"wp:term":[{"taxonomy":"category","embeddable":true,"href":"https:\/\/www.24gliwice.pl\/wiadomosci\/wp-json\/wp\/v2\/categories?post=269842"},{"taxonomy":"post_tag","embeddable":true,"href":"https:\/\/www.24gliwice.pl\/wiadomosci\/wp-json\/wp\/v2\/tags?post=269842"}],"curies":[{"name":"wp","href":"https:\/\/api.w.org\/{rel}","templated":true}]}}