{"id":269872,"date":"2026-04-29T18:21:27","date_gmt":"2026-04-29T16:21:27","guid":{"rendered":"https:\/\/www.24gliwice.pl\/wiadomosci\/?p=269872"},"modified":"2026-04-29T18:21:27","modified_gmt":"2026-04-29T16:21:27","slug":"upamietnienie-ofiar-marszu-smierci-spotkanie-pokolen-odbylo-sie-na-cmentarzu-centralnym","status":"publish","type":"post","link":"https:\/\/www.24gliwice.pl\/wiadomosci\/upamietnienie-ofiar-marszu-smierci-spotkanie-pokolen-odbylo-sie-na-cmentarzu-centralnym\/","title":{"rendered":"Upami\u0119tnienie ofiar Marszu \u015amierci. Spotkanie Pokole\u0144 odby\u0142o si\u0119 na Cmentarzu Centralnym"},"content":{"rendered":"<div class=\"gliwi-a6-nad-leadem-artykulow gliwi-entity-placement\" id=\"gliwi-1738968189\"><div class=\"gliwi-adlabel\"><span style=\"font-size: 9px\">REKLAMA<\/span><\/div><div id=\"gliwi-3548144310\" style=\"margin-bottom: 25px;margin-left: auto;margin-right: auto;text-align: center;\"><a data-no-instant=\"1\" href=\"https:\/\/dom100.eu\/\" rel=\"noopener\" class=\"a2t-link\" target=\"_blank\" aria-label=\"20260415 DOM100 D\"><img loading=\"lazy\" decoding=\"async\" src=\"https:\/\/www.24gliwice.pl\/wiadomosci\/wp-content\/uploads\/2026\/04\/20260415-DOM100-D.jpg\" alt=\"\"  srcset=\"https:\/\/www.24gliwice.pl\/wiadomosci\/wp-content\/uploads\/2026\/04\/20260415-DOM100-D.jpg 750w, https:\/\/www.24gliwice.pl\/wiadomosci\/wp-content\/uploads\/2026\/04\/20260415-DOM100-D-410x109.jpg 410w\" sizes=\"(max-width: 750px) 100vw, 750px\" class=\"no-lazyload\" width=\"750\" height=\"200\"  style=\"display: inline-block; max-width: 100%; height: auto;\" \/><\/a><\/div><\/div><h2>W o\u015bmiu zbiorowych mogi\u0142ach na Cmentarzu Centralnym spoczywaj\u0105 szcz\u0105tki wi\u0119\u017ani\u00f3w zamordowanych w czasie Marszu \u015amierci z KL Auschwitz-Birkenau. We wtorek, 28 kwietnia, uczniowie, kombatanci, przedstawiciele samorz\u0105du i mieszka\u0144cy Gliwic po raz kolejny uczcili pami\u0119\u0107 ofiar podczas corocznego Spotkania Pokole\u0144.<\/h2>\n<p><!--more--><\/p>\n<p>Spotkanie Pokole\u0144 to cenna lekcja historii. Upami\u0119tnia wi\u0119\u017ani\u00f3w politycznych KL Auschwitz-Birkenau i podoboz\u00f3w w Gliwicach, pomordowanych przez konwojent\u00f3w SS podczas ewakuacji obozu w styczniu 1945 roku. W\u00f3wczas, spo\u015br\u00f3d oko\u0142o 56 tysi\u0119cy wi\u0119\u017ani\u00f3w, blisko 14 tysi\u0119cy skierowano do Gliwic. Ci, kt\u00f3rzy dotarli do miasta, przechodzili kolumnami przez dzisiejsze ulice Wyszy\u0144skiego, Powsta\u0144c\u00f3w Warszawy, Wroc\u0142awsk\u0105, Daszy\u0144skiego, Rybnick\u0105, Jagiello\u0144sk\u0105 i Franciszka\u0144sk\u0105.<\/p>\n<p>Na Cmentarzu Centralnym, w o\u015bmiu mogi\u0142ach przy g\u0142\u00f3wnej alei, spoczywa co najmniej kilkaset ofiar Marszu \u015amierci. Dok\u0142adna liczba zamordowanych nie jest znana \u2013 cia\u0142a po wojnie ekshumowano i przeniesiono do Gliwic z okolicznych miejscowo\u015bci.<\/p><div class=\"gliwi-a3-w-tresci-artykulow gliwi-entity-placement\" id=\"gliwi-1023134235\"><div class=\"gliwi-adlabel\"><span style=\"font-size: 9px\">REKLAMA<\/span><\/div><div id=\"gliwi-1579644950\" style=\"margin-bottom: 30px;margin-left: auto;margin-right: auto;text-align: center;\"><a data-no-instant=\"1\" href=\"https:\/\/ogrodyandersa.pl\/\" rel=\"noopener\" class=\"a2t-link\" target=\"_blank\" aria-label=\"20260415 Ogrody Andersa KUP TERAZ D\"><img loading=\"lazy\" decoding=\"async\" src=\"https:\/\/www.24gliwice.pl\/wiadomosci\/wp-content\/uploads\/2026\/04\/20260415-Ogrody-Andersa-KUP-TERAZ-D.jpg\" alt=\"\"  srcset=\"https:\/\/www.24gliwice.pl\/wiadomosci\/wp-content\/uploads\/2026\/04\/20260415-Ogrody-Andersa-KUP-TERAZ-D.jpg 750w, https:\/\/www.24gliwice.pl\/wiadomosci\/wp-content\/uploads\/2026\/04\/20260415-Ogrody-Andersa-KUP-TERAZ-D-410x109.jpg 410w\" sizes=\"(max-width: 750px) 100vw, 750px\" class=\"no-lazyload\" width=\"750\" height=\"200\"  style=\"display: inline-block; max-width: 100%; height: auto;\" \/><\/a><\/div><\/div>\n<p><a href=\"https:\/\/www.24gliwice.pl\/wiadomosci\/wp-content\/uploads\/2019\/04\/1-dzialka-andersa-oboz-1.jpg\"><img loading=\"lazy\" decoding=\"async\" class=\"alignnone size-full wp-image-133110\" src=\"https:\/\/www.24gliwice.pl\/wiadomosci\/wp-content\/uploads\/2019\/04\/1-dzialka-andersa-oboz-1.jpg\" alt=\"\" width=\"810\" height=\"456\" srcset=\"https:\/\/www.24gliwice.pl\/wiadomosci\/wp-content\/uploads\/2019\/04\/1-dzialka-andersa-oboz-1.jpg 810w, https:\/\/www.24gliwice.pl\/wiadomosci\/wp-content\/uploads\/2019\/04\/1-dzialka-andersa-oboz-1-410x232.jpg 410w, https:\/\/www.24gliwice.pl\/wiadomosci\/wp-content\/uploads\/2019\/04\/1-dzialka-andersa-oboz-1-768x432.jpg 768w, https:\/\/www.24gliwice.pl\/wiadomosci\/wp-content\/uploads\/2019\/04\/1-dzialka-andersa-oboz-1-808x455.jpg 808w\" sizes=\"auto, (max-width: 810px) 100vw, 810px\" \/><\/a><\/p>\n<p>Podczas wtorkowej uroczysto\u015bci odm\u00f3wiono modlitw\u0119 za pomordowanych, odby\u0142 si\u0119 apel poleg\u0142ych oraz salwa honorowa. Uczniowie Szko\u0142y Podstawowej z Oddzia\u0142ami Dwuj\u0119zycznymi nr 6 im. Noblist\u00f3w Polskich tradycyjnie przygotowali te\u017c cz\u0119\u015b\u0107 artystyczn\u0105, zagra\u0142a G\u00f3rnicza Orkiestra D\u0119ta KWK \u201eSo\u015bnica\u201d, a uczestnicy z\u0142o\u017cyli kwiaty pod pomnikiem.<\/p>\n<h4>Marsz \u015amierci prowadzi\u0142 przez Gliwice<\/h4>\n<p>Warto przypomnie\u0107, \u017ce w drugiej po\u0142owie 1944 roku wobec zbli\u017caj\u0105cej si\u0119 ofensywy Armii Czerwonej w\u0142adze SS rozpocz\u0119\u0142y stopniow\u0105 ewakuacj\u0119 wi\u0119\u017ani\u00f3w KL Auschwitz, kt\u00f3rzy wysy\u0142ani byli do oboz\u00f3w w g\u0142\u0119bi Rzeszy. \u2013 W po\u0142owie stycznia 1945 roku wydano rozkaz ostatecznej ewakuacji i likwidacji obozu. Od 17-21 stycznia 1945 roku wyprowadzono z KL Auschwitz i jego podoboz\u00f3w oko\u0142o 56 tysi\u0119cy wi\u0119\u017ani\u00f3w i wi\u0119\u017aniarek w pieszych kolumnach ewakuacyjnych, konwojowanych przez silnie uzbrojonych esesman\u00f3w. Wielu z nich straci\u0142o \u017cycie podczas tej tragicznej ewakuacji nazywanej marszem \u015bmierci \u2013 czytamy na stronie Muzeum AUSCHWITZ-BIRKENAU.<\/p>\n<p>W Gliwicach od 1944 roku do stycznia 1945 roku dzia\u0142a\u0142y cztery podobozy KL Auschwitz. Gleiwitz I znajdowa\u0142 si\u0119 przy dzisiejszej ul. Przewozowej, wi\u0119ziono w nim oko\u0142o 1 400 os\u00f3b. W Gleiwitz II przy obecnej ul. Pszczy\u0144skiej produkowano sadz\u0119, w styczniu 1945 roku by\u0142o tam ponad 1 000 wi\u0119\u017ani\u00f3w i wi\u0119\u017aniarek. Podob\u00f3z Gleiwitz III znajdowa\u0142 si\u0119 przy dzisiejszej ul. Robotniczej, a w Glewitz IV wi\u0119\u017aniowie rozbudowywali koszary przy obecnej ul. Andersa.<\/p>\n<p>Przez G\u00f3rny \u015al\u0105sk prowadzi\u0142y g\u0142\u00f3wne trasy pierwszej ewakuacji wi\u0119\u017ani\u00f3w z obozu Auschwitz, \u201emarszu \u015bmierci\u201d. Wiod\u0142y one przez O\u015bwi\u0119cim-Przyczyn\u0119-Wodzis\u0142aw \u015al\u0105ski oraz O\u015bwi\u0119cim-Tychy-Gliwice. W Wodzis\u0142awiu i Gliwicach przeformowywano kolumny piesze w transporty kolejowe. Trasami tymi przemieszczonych zosta\u0142o kilkadziesi\u0105t tysi\u0119cy os\u00f3b, z kt\u00f3rych znaczna cz\u0119\u015b\u0107 nie prze\u017cy\u0142a.<\/p>\n<blockquote class=\"wp-embedded-content\" data-secret=\"xwijuoqBAW\"><p><a href=\"https:\/\/www.24gliwice.pl\/wiadomosci\/po-niemal-80-latach-odkryto-nowa-trase-marszu-smierci-tysiace-wiezniow-obozow-przeszly-przez-bojkow\/\">Po niemal 80 latach odkryto now\u0105 tras\u0119 Marszu \u015amierci. Tysi\u0105ce wi\u0119\u017ani\u00f3w oboz\u00f3w przesz\u0142y przez Bojk\u00f3w<\/a><\/p><\/blockquote>\n<p><iframe loading=\"lazy\" class=\"wp-embedded-content\" sandbox=\"allow-scripts\" security=\"restricted\" style=\"position: absolute; visibility: hidden;\" title=\"&#8222;Po niemal 80 latach odkryto now\u0105 tras\u0119 Marszu \u015amierci. Tysi\u0105ce wi\u0119\u017ani\u00f3w oboz\u00f3w przesz\u0142y przez Bojk\u00f3w&#8221; &#8212; 24GLIWICE - Portal Gliwice | codziennie nowe informacje\" src=\"https:\/\/www.24gliwice.pl\/wiadomosci\/po-niemal-80-latach-odkryto-nowa-trase-marszu-smierci-tysiace-wiezniow-obozow-przeszly-przez-bojkow\/embed\/#?secret=eRfMvzgySv#?secret=xwijuoqBAW\" data-secret=\"xwijuoqBAW\" width=\"600\" height=\"338\" frameborder=\"0\" marginwidth=\"0\" marginheight=\"0\" scrolling=\"no\"><\/iframe><\/p>\n<p>Ci, kt\u00f3rzy podczas Marszu \u015amierci dotarli do Gliwic, w kolumnach przechodzili dzisiejszymi ulicami Wyszy\u0144skiego, Powsta\u0144c\u00f3w Warszawy, Wroc\u0142awsk\u0105, Daszy\u0144skiego, Rybnick\u0105, Jagiello\u0144sk\u0105 i Franciszka\u0144sk\u0105. W 2025 roku okaza\u0142o si\u0119, \u017ce jedna z tras wiod\u0142a r\u00f3wnie\u017c przez dzisiejszy Bojk\u00f3w.<\/p>\n<blockquote><p>Wi\u0119\u017aniowie umierali z wycie\u0144czenia i zimna, gin\u0119li rozstrzelani przez konwojuj\u0105cych, ich zw\u0142oki grzebano na trasie przemarszu. W wielu miejscach G\u00f3rnego \u015al\u0105ska pozosta\u0142y zbiorowe mogi\u0142y<\/p><\/blockquote>\n<p>\u2013 informuje Muzeum w Gliwicach.<\/p>\n<p>W naszym mie\u015bcie znajduj\u0105 si\u0119 dwa miejsca upami\u0119tniaj\u0105ce ofiary \u201emarszu \u015bmierci\u201d. Jednym z nich jest pomnik wzniesiony na cmentarzu centralnym przy ulicy Kozielskiej, w pobli\u017cu mogi\u0142, do kt\u00f3rych w 1948 roku przeniesiono szcz\u0105tki ofiar wydarze\u0144 ze stycznia 1945 roku. Drugim miejscem, w kt\u00f3rym spoczywaj\u0105 ofiary stycznia 1945 roku jest cmentarz \u017cydowski przy ulicy Poniatowskiego 14.<\/p>\n<p><img loading=\"lazy\" decoding=\"async\" class=\"alignnone size-full\" src=\"https:\/\/gliwice.eu\/sites\/default\/files\/news\/gallery\/DSC07105%20kopia.jpg\" width=\"2000\" height=\"1333\" \/><\/p>\n<p>\u2013 Pomnik-nagrobek ustawiony jest w miejscu, gdzie w styczniu 1945 roku pochowano 79 wi\u0119\u017ani\u00f3w obozu o\u015bwi\u0119cimskiego. W czerwcu 1945 roku dokonano ods\u0142oni\u0119cia tablicy pami\u0105tkowej, kt\u00f3rej fundatorem by\u0142 oddzia\u0142 Towarzystwa Spo\u0142eczno-Kulturalnego \u017byd\u00f3w w Polsce, opiek\u0119 sprawuj\u0105 fundator oraz uczniowie G\u00f3rno\u015bl\u0105skiego Centrum Edukacyjnego im. Marii Sk\u0142odowskiej-Curie w Gliwicach \u2013 informuje Muzeum AUSCHWITZ-BIRKENAU.<\/p>\n<p>(\u017cms)<\/p>\n<div class=\"gliwi-a5-na-koncu-artykulow gliwi-entity-placement\" id=\"gliwi-279291760\"><div class=\"gliwi-adlabel\"><span style=\"font-size: 9px\">REKLAMA<\/span><\/div><div id=\"gliwi-157258219\" style=\"margin-left: auto;margin-right: auto;text-align: center;\"><a data-no-instant=\"1\" href=\"https:\/\/prezeroarenagliwice.pl\/\" rel=\"noopener\" class=\"a2t-link\" target=\"_blank\" aria-label=\"20260309-PREZERO-WIOSNA-D\"><img loading=\"lazy\" decoding=\"async\" src=\"https:\/\/www.24gliwice.pl\/wiadomosci\/wp-content\/uploads\/2026\/03\/20260309-PREZERO-WIOSNA-D.webp\" alt=\"\"  srcset=\"https:\/\/www.24gliwice.pl\/wiadomosci\/wp-content\/uploads\/2026\/03\/20260309-PREZERO-WIOSNA-D.webp 750w, https:\/\/www.24gliwice.pl\/wiadomosci\/wp-content\/uploads\/2026\/03\/20260309-PREZERO-WIOSNA-D-410x109.webp 410w\" sizes=\"(max-width: 750px) 100vw, 750px\" class=\"no-lazyload\" width=\"750\" height=\"200\"  style=\"display: inline-block; max-width: 100%; height: auto;\" \/><\/a><\/div><\/div>","protected":false},"excerpt":{"rendered":"<p>W o\u015bmiu zbiorowych mogi\u0142ach na Cmentarzu Centralnym spoczywaj\u0105 szcz\u0105tki wi\u0119\u017ani\u00f3w zamordowanych w czasie Marszu \u015amierci z KL Auschwitz-Birkenau. We wtorek, 28 kwietnia, uczniowie, kombatanci, przedstawiciele samorz\u0105du i mieszka\u0144cy Gliwic po raz kolejny uczcili pami\u0119\u0107 ofiar podczas corocznego Spotkania Pokole\u0144.<\/p>\n","protected":false},"author":15,"featured_media":269888,"comment_status":"open","ping_status":"closed","sticky":false,"template":"","format":"standard","meta":{"_monsterinsights_skip_tracking":false,"_monsterinsights_sitenote_active":false,"_monsterinsights_sitenote_note":"","_monsterinsights_sitenote_category":0,"footnotes":"","_links_to":"","_links_to_target":""},"categories":[3,1],"tags":[15339,23558],"class_list":["post-269872","post","type-post","status-publish","format-standard","has-post-thumbnail","hentry","category-gliwice","category-wszystko","tag-marsz-smierci","tag-upamietnienie"],"yoast_head":"<!-- This site is optimized with the Yoast SEO plugin v27.5 - https:\/\/yoast.com\/product\/yoast-seo-wordpress\/ -->\n<title>Upami\u0119tnienie ofiar Marszu \u015amierci. Spotkanie Pokole\u0144 odby\u0142o si\u0119 na Cmentarzu Centralnym - 24GLIWICE - Portal Gliwice | codziennie nowe informacje<\/title>\n<meta name=\"description\" content=\"Szcz\u0105tki wi\u0119\u017ani\u00f3w KL Auschwitz-Birkenau, ofiar Marszu \u015amierci spoczywaj\u0105 w zbiorowych grobach na Cmentarzu Centralnym. Uczczono ich pami\u0119\u0107\" \/>\n<meta name=\"robots\" content=\"index, follow, max-snippet:-1, max-image-preview:large, max-video-preview:-1\" \/>\n<link rel=\"canonical\" href=\"https:\/\/www.24gliwice.pl\/wiadomosci\/upamietnienie-ofiar-marszu-smierci-spotkanie-pokolen-odbylo-sie-na-cmentarzu-centralnym\/\" \/>\n<meta property=\"og:locale\" content=\"pl_PL\" \/>\n<meta property=\"og:type\" content=\"article\" \/>\n<meta property=\"og:title\" content=\"Upami\u0119tnienie ofiar Marszu \u015amierci. Spotkanie Pokole\u0144 odby\u0142o si\u0119 na Cmentarzu Centralnym - 24GLIWICE - Portal Gliwice | codziennie nowe informacje\" \/>\n<meta property=\"og:description\" content=\"Szcz\u0105tki wi\u0119\u017ani\u00f3w KL Auschwitz-Birkenau, ofiar Marszu \u015amierci spoczywaj\u0105 w zbiorowych grobach na Cmentarzu Centralnym. Uczczono ich pami\u0119\u0107\" \/>\n<meta property=\"og:url\" content=\"https:\/\/www.24gliwice.pl\/wiadomosci\/upamietnienie-ofiar-marszu-smierci-spotkanie-pokolen-odbylo-sie-na-cmentarzu-centralnym\/\" \/>\n<meta property=\"og:site_name\" content=\"24GLIWICE - Portal Gliwice | codziennie nowe informacje\" \/>\n<meta property=\"article:publisher\" content=\"https:\/\/www.facebook.com\/24gliwice\" \/>\n<meta property=\"article:published_time\" content=\"2026-04-29T16:21:27+00:00\" \/>\n<meta property=\"og:image\" content=\"https:\/\/www.24gliwice.pl\/wiadomosci\/wp-content\/uploads\/2026\/04\/upamietnienie-ofiar-marszu-smierci.jpg\" \/>\n\t<meta property=\"og:image:width\" content=\"810\" \/>\n\t<meta property=\"og:image:height\" content=\"457\" \/>\n\t<meta property=\"og:image:type\" content=\"image\/jpeg\" \/>\n<meta name=\"author\" content=\"\u017baneta Mrozek-Siewierska\" \/>\n<meta name=\"twitter:card\" content=\"summary_large_image\" \/>\n<meta name=\"twitter:creator\" content=\"@24gliwice\" \/>\n<meta name=\"twitter:site\" content=\"@24gliwice\" \/>\n<meta name=\"twitter:label1\" content=\"Napisane przez\" \/>\n\t<meta name=\"twitter:data1\" content=\"\u017baneta Mrozek-Siewierska\" \/>\n\t<meta name=\"twitter:label2\" content=\"Szacowany czas czytania\" \/>\n\t<meta name=\"twitter:data2\" content=\"4 minuty\" \/>\n<script type=\"application\/ld+json\" class=\"yoast-schema-graph\">{\"@context\":\"https:\\\/\\\/schema.org\",\"@graph\":[{\"@type\":\"Article\",\"@id\":\"https:\\\/\\\/www.24gliwice.pl\\\/wiadomosci\\\/upamietnienie-ofiar-marszu-smierci-spotkanie-pokolen-odbylo-sie-na-cmentarzu-centralnym\\\/#article\",\"isPartOf\":{\"@id\":\"https:\\\/\\\/www.24gliwice.pl\\\/wiadomosci\\\/upamietnienie-ofiar-marszu-smierci-spotkanie-pokolen-odbylo-sie-na-cmentarzu-centralnym\\\/\"},\"author\":{\"name\":\"\u017baneta Mrozek-Siewierska\",\"@id\":\"https:\\\/\\\/www.24gliwice.pl\\\/wiadomosci\\\/#\\\/schema\\\/person\\\/e42c650edd7f2fa332be3811fb166b6e\"},\"headline\":\"Upami\u0119tnienie ofiar Marszu \u015amierci. Spotkanie Pokole\u0144 odby\u0142o si\u0119 na Cmentarzu Centralnym\",\"datePublished\":\"2026-04-29T16:21:27+00:00\",\"mainEntityOfPage\":{\"@id\":\"https:\\\/\\\/www.24gliwice.pl\\\/wiadomosci\\\/upamietnienie-ofiar-marszu-smierci-spotkanie-pokolen-odbylo-sie-na-cmentarzu-centralnym\\\/\"},\"wordCount\":683,\"commentCount\":0,\"publisher\":{\"@id\":\"https:\\\/\\\/www.24gliwice.pl\\\/wiadomosci\\\/#organization\"},\"image\":{\"@id\":\"https:\\\/\\\/www.24gliwice.pl\\\/wiadomosci\\\/upamietnienie-ofiar-marszu-smierci-spotkanie-pokolen-odbylo-sie-na-cmentarzu-centralnym\\\/#primaryimage\"},\"thumbnailUrl\":\"https:\\\/\\\/www.24gliwice.pl\\\/wiadomosci\\\/wp-content\\\/uploads\\\/2026\\\/04\\\/upamietnienie-ofiar-marszu-smierci.jpg\",\"keywords\":[\"marsz \u015bmierci\",\"UPAMI\u0118TNIENIE\"],\"articleSection\":[\"Gliwice\",\"Najnowsze wiadomo\u015bci\"],\"inLanguage\":\"pl-PL\",\"potentialAction\":[{\"@type\":\"CommentAction\",\"name\":\"Comment\",\"target\":[\"https:\\\/\\\/www.24gliwice.pl\\\/wiadomosci\\\/upamietnienie-ofiar-marszu-smierci-spotkanie-pokolen-odbylo-sie-na-cmentarzu-centralnym\\\/#respond\"]}]},{\"@type\":\"WebPage\",\"@id\":\"https:\\\/\\\/www.24gliwice.pl\\\/wiadomosci\\\/upamietnienie-ofiar-marszu-smierci-spotkanie-pokolen-odbylo-sie-na-cmentarzu-centralnym\\\/\",\"url\":\"https:\\\/\\\/www.24gliwice.pl\\\/wiadomosci\\\/upamietnienie-ofiar-marszu-smierci-spotkanie-pokolen-odbylo-sie-na-cmentarzu-centralnym\\\/\",\"name\":\"Upami\u0119tnienie ofiar Marszu \u015amierci. Spotkanie Pokole\u0144 odby\u0142o si\u0119 na Cmentarzu Centralnym - 24GLIWICE - Portal Gliwice | codziennie nowe informacje\",\"isPartOf\":{\"@id\":\"https:\\\/\\\/www.24gliwice.pl\\\/wiadomosci\\\/#website\"},\"primaryImageOfPage\":{\"@id\":\"https:\\\/\\\/www.24gliwice.pl\\\/wiadomosci\\\/upamietnienie-ofiar-marszu-smierci-spotkanie-pokolen-odbylo-sie-na-cmentarzu-centralnym\\\/#primaryimage\"},\"image\":{\"@id\":\"https:\\\/\\\/www.24gliwice.pl\\\/wiadomosci\\\/upamietnienie-ofiar-marszu-smierci-spotkanie-pokolen-odbylo-sie-na-cmentarzu-centralnym\\\/#primaryimage\"},\"thumbnailUrl\":\"https:\\\/\\\/www.24gliwice.pl\\\/wiadomosci\\\/wp-content\\\/uploads\\\/2026\\\/04\\\/upamietnienie-ofiar-marszu-smierci.jpg\",\"datePublished\":\"2026-04-29T16:21:27+00:00\",\"description\":\"Szcz\u0105tki wi\u0119\u017ani\u00f3w KL Auschwitz-Birkenau, ofiar Marszu \u015amierci spoczywaj\u0105 w zbiorowych grobach na Cmentarzu Centralnym. Uczczono ich pami\u0119\u0107\",\"breadcrumb\":{\"@id\":\"https:\\\/\\\/www.24gliwice.pl\\\/wiadomosci\\\/upamietnienie-ofiar-marszu-smierci-spotkanie-pokolen-odbylo-sie-na-cmentarzu-centralnym\\\/#breadcrumb\"},\"inLanguage\":\"pl-PL\",\"potentialAction\":[{\"@type\":\"ReadAction\",\"target\":[\"https:\\\/\\\/www.24gliwice.pl\\\/wiadomosci\\\/upamietnienie-ofiar-marszu-smierci-spotkanie-pokolen-odbylo-sie-na-cmentarzu-centralnym\\\/\"]}]},{\"@type\":\"ImageObject\",\"inLanguage\":\"pl-PL\",\"@id\":\"https:\\\/\\\/www.24gliwice.pl\\\/wiadomosci\\\/upamietnienie-ofiar-marszu-smierci-spotkanie-pokolen-odbylo-sie-na-cmentarzu-centralnym\\\/#primaryimage\",\"url\":\"https:\\\/\\\/www.24gliwice.pl\\\/wiadomosci\\\/wp-content\\\/uploads\\\/2026\\\/04\\\/upamietnienie-ofiar-marszu-smierci.jpg\",\"contentUrl\":\"https:\\\/\\\/www.24gliwice.pl\\\/wiadomosci\\\/wp-content\\\/uploads\\\/2026\\\/04\\\/upamietnienie-ofiar-marszu-smierci.jpg\",\"width\":810,\"height\":457},{\"@type\":\"BreadcrumbList\",\"@id\":\"https:\\\/\\\/www.24gliwice.pl\\\/wiadomosci\\\/upamietnienie-ofiar-marszu-smierci-spotkanie-pokolen-odbylo-sie-na-cmentarzu-centralnym\\\/#breadcrumb\",\"itemListElement\":[{\"@type\":\"ListItem\",\"position\":1,\"name\":\"Strona g\u0142\u00f3wna\",\"item\":\"https:\\\/\\\/www.24gliwice.pl\\\/wiadomosci\\\/\"},{\"@type\":\"ListItem\",\"position\":2,\"name\":\"Upami\u0119tnienie ofiar Marszu \u015amierci. Spotkanie Pokole\u0144 odby\u0142o si\u0119 na Cmentarzu Centralnym\"}]},{\"@type\":\"WebSite\",\"@id\":\"https:\\\/\\\/www.24gliwice.pl\\\/wiadomosci\\\/#website\",\"url\":\"https:\\\/\\\/www.24gliwice.pl\\\/wiadomosci\\\/\",\"name\":\"24GLIWICE - Portal Gliwice | codziennie nowe wiadomo\u015bci\",\"description\":\"Portal Miejski Gliwice\",\"publisher\":{\"@id\":\"https:\\\/\\\/www.24gliwice.pl\\\/wiadomosci\\\/#organization\"},\"potentialAction\":[{\"@type\":\"SearchAction\",\"target\":{\"@type\":\"EntryPoint\",\"urlTemplate\":\"https:\\\/\\\/www.24gliwice.pl\\\/wiadomosci\\\/?s={search_term_string}\"},\"query-input\":{\"@type\":\"PropertyValueSpecification\",\"valueRequired\":true,\"valueName\":\"search_term_string\"}}],\"inLanguage\":\"pl-PL\"},{\"@type\":\"Organization\",\"@id\":\"https:\\\/\\\/www.24gliwice.pl\\\/wiadomosci\\\/#organization\",\"name\":\"24gliwice\",\"url\":\"https:\\\/\\\/www.24gliwice.pl\\\/wiadomosci\\\/\",\"logo\":{\"@type\":\"ImageObject\",\"inLanguage\":\"pl-PL\",\"@id\":\"https:\\\/\\\/www.24gliwice.pl\\\/wiadomosci\\\/#\\\/schema\\\/logo\\\/image\\\/\",\"url\":\"https:\\\/\\\/www.24gliwice.pl\\\/wiadomosci\\\/wp-content\\\/uploads\\\/2024\\\/10\\\/24gliwice-logo-696.jpg\",\"contentUrl\":\"https:\\\/\\\/www.24gliwice.pl\\\/wiadomosci\\\/wp-content\\\/uploads\\\/2024\\\/10\\\/24gliwice-logo-696.jpg\",\"width\":696,\"height\":696,\"caption\":\"24gliwice\"},\"image\":{\"@id\":\"https:\\\/\\\/www.24gliwice.pl\\\/wiadomosci\\\/#\\\/schema\\\/logo\\\/image\\\/\"},\"sameAs\":[\"https:\\\/\\\/www.facebook.com\\\/24gliwice\",\"https:\\\/\\\/x.com\\\/24gliwice\",\"https:\\\/\\\/www.youtube.com\\\/@24gliwice\"]},{\"@type\":\"Person\",\"@id\":\"https:\\\/\\\/www.24gliwice.pl\\\/wiadomosci\\\/#\\\/schema\\\/person\\\/e42c650edd7f2fa332be3811fb166b6e\",\"name\":\"\u017baneta Mrozek-Siewierska\",\"image\":{\"@type\":\"ImageObject\",\"inLanguage\":\"pl-PL\",\"@id\":\"https:\\\/\\\/secure.gravatar.com\\\/avatar\\\/1881429e9c64597c77ad7aef2d0a19be69a3253e57534d16aa15bf3a4d34a0a3?s=96&d=mm&r=g\",\"url\":\"https:\\\/\\\/secure.gravatar.com\\\/avatar\\\/1881429e9c64597c77ad7aef2d0a19be69a3253e57534d16aa15bf3a4d34a0a3?s=96&d=mm&r=g\",\"contentUrl\":\"https:\\\/\\\/secure.gravatar.com\\\/avatar\\\/1881429e9c64597c77ad7aef2d0a19be69a3253e57534d16aa15bf3a4d34a0a3?s=96&d=mm&r=g\",\"caption\":\"\u017baneta Mrozek-Siewierska\"},\"url\":\"https:\\\/\\\/www.24gliwice.pl\\\/wiadomosci\\\/author\\\/zms\\\/\"}]}<\/script>\n<!-- \/ Yoast SEO plugin. -->","yoast_head_json":{"title":"Upami\u0119tnienie ofiar Marszu \u015amierci. Spotkanie Pokole\u0144 odby\u0142o si\u0119 na Cmentarzu Centralnym - 24GLIWICE - Portal Gliwice | codziennie nowe informacje","description":"Szcz\u0105tki wi\u0119\u017ani\u00f3w KL Auschwitz-Birkenau, ofiar Marszu \u015amierci spoczywaj\u0105 w zbiorowych grobach na Cmentarzu Centralnym. Uczczono ich pami\u0119\u0107","robots":{"index":"index","follow":"follow","max-snippet":"max-snippet:-1","max-image-preview":"max-image-preview:large","max-video-preview":"max-video-preview:-1"},"canonical":"https:\/\/www.24gliwice.pl\/wiadomosci\/upamietnienie-ofiar-marszu-smierci-spotkanie-pokolen-odbylo-sie-na-cmentarzu-centralnym\/","og_locale":"pl_PL","og_type":"article","og_title":"Upami\u0119tnienie ofiar Marszu \u015amierci. Spotkanie Pokole\u0144 odby\u0142o si\u0119 na Cmentarzu Centralnym - 24GLIWICE - Portal Gliwice | codziennie nowe informacje","og_description":"Szcz\u0105tki wi\u0119\u017ani\u00f3w KL Auschwitz-Birkenau, ofiar Marszu \u015amierci spoczywaj\u0105 w zbiorowych grobach na Cmentarzu Centralnym. Uczczono ich pami\u0119\u0107","og_url":"https:\/\/www.24gliwice.pl\/wiadomosci\/upamietnienie-ofiar-marszu-smierci-spotkanie-pokolen-odbylo-sie-na-cmentarzu-centralnym\/","og_site_name":"24GLIWICE - Portal Gliwice | codziennie nowe informacje","article_publisher":"https:\/\/www.facebook.com\/24gliwice","article_published_time":"2026-04-29T16:21:27+00:00","og_image":[{"width":810,"height":457,"url":"https:\/\/www.24gliwice.pl\/wiadomosci\/wp-content\/uploads\/2026\/04\/upamietnienie-ofiar-marszu-smierci.jpg","type":"image\/jpeg"}],"author":"\u017baneta Mrozek-Siewierska","twitter_card":"summary_large_image","twitter_creator":"@24gliwice","twitter_site":"@24gliwice","twitter_misc":{"Napisane przez":"\u017baneta Mrozek-Siewierska","Szacowany czas czytania":"4 minuty"},"schema":{"@context":"https:\/\/schema.org","@graph":[{"@type":"Article","@id":"https:\/\/www.24gliwice.pl\/wiadomosci\/upamietnienie-ofiar-marszu-smierci-spotkanie-pokolen-odbylo-sie-na-cmentarzu-centralnym\/#article","isPartOf":{"@id":"https:\/\/www.24gliwice.pl\/wiadomosci\/upamietnienie-ofiar-marszu-smierci-spotkanie-pokolen-odbylo-sie-na-cmentarzu-centralnym\/"},"author":{"name":"\u017baneta Mrozek-Siewierska","@id":"https:\/\/www.24gliwice.pl\/wiadomosci\/#\/schema\/person\/e42c650edd7f2fa332be3811fb166b6e"},"headline":"Upami\u0119tnienie ofiar Marszu \u015amierci. Spotkanie Pokole\u0144 odby\u0142o si\u0119 na Cmentarzu Centralnym","datePublished":"2026-04-29T16:21:27+00:00","mainEntityOfPage":{"@id":"https:\/\/www.24gliwice.pl\/wiadomosci\/upamietnienie-ofiar-marszu-smierci-spotkanie-pokolen-odbylo-sie-na-cmentarzu-centralnym\/"},"wordCount":683,"commentCount":0,"publisher":{"@id":"https:\/\/www.24gliwice.pl\/wiadomosci\/#organization"},"image":{"@id":"https:\/\/www.24gliwice.pl\/wiadomosci\/upamietnienie-ofiar-marszu-smierci-spotkanie-pokolen-odbylo-sie-na-cmentarzu-centralnym\/#primaryimage"},"thumbnailUrl":"https:\/\/www.24gliwice.pl\/wiadomosci\/wp-content\/uploads\/2026\/04\/upamietnienie-ofiar-marszu-smierci.jpg","keywords":["marsz \u015bmierci","UPAMI\u0118TNIENIE"],"articleSection":["Gliwice","Najnowsze wiadomo\u015bci"],"inLanguage":"pl-PL","potentialAction":[{"@type":"CommentAction","name":"Comment","target":["https:\/\/www.24gliwice.pl\/wiadomosci\/upamietnienie-ofiar-marszu-smierci-spotkanie-pokolen-odbylo-sie-na-cmentarzu-centralnym\/#respond"]}]},{"@type":"WebPage","@id":"https:\/\/www.24gliwice.pl\/wiadomosci\/upamietnienie-ofiar-marszu-smierci-spotkanie-pokolen-odbylo-sie-na-cmentarzu-centralnym\/","url":"https:\/\/www.24gliwice.pl\/wiadomosci\/upamietnienie-ofiar-marszu-smierci-spotkanie-pokolen-odbylo-sie-na-cmentarzu-centralnym\/","name":"Upami\u0119tnienie ofiar Marszu \u015amierci. Spotkanie Pokole\u0144 odby\u0142o si\u0119 na Cmentarzu Centralnym - 24GLIWICE - Portal Gliwice | codziennie nowe informacje","isPartOf":{"@id":"https:\/\/www.24gliwice.pl\/wiadomosci\/#website"},"primaryImageOfPage":{"@id":"https:\/\/www.24gliwice.pl\/wiadomosci\/upamietnienie-ofiar-marszu-smierci-spotkanie-pokolen-odbylo-sie-na-cmentarzu-centralnym\/#primaryimage"},"image":{"@id":"https:\/\/www.24gliwice.pl\/wiadomosci\/upamietnienie-ofiar-marszu-smierci-spotkanie-pokolen-odbylo-sie-na-cmentarzu-centralnym\/#primaryimage"},"thumbnailUrl":"https:\/\/www.24gliwice.pl\/wiadomosci\/wp-content\/uploads\/2026\/04\/upamietnienie-ofiar-marszu-smierci.jpg","datePublished":"2026-04-29T16:21:27+00:00","description":"Szcz\u0105tki wi\u0119\u017ani\u00f3w KL Auschwitz-Birkenau, ofiar Marszu \u015amierci spoczywaj\u0105 w zbiorowych grobach na Cmentarzu Centralnym. Uczczono ich pami\u0119\u0107","breadcrumb":{"@id":"https:\/\/www.24gliwice.pl\/wiadomosci\/upamietnienie-ofiar-marszu-smierci-spotkanie-pokolen-odbylo-sie-na-cmentarzu-centralnym\/#breadcrumb"},"inLanguage":"pl-PL","potentialAction":[{"@type":"ReadAction","target":["https:\/\/www.24gliwice.pl\/wiadomosci\/upamietnienie-ofiar-marszu-smierci-spotkanie-pokolen-odbylo-sie-na-cmentarzu-centralnym\/"]}]},{"@type":"ImageObject","inLanguage":"pl-PL","@id":"https:\/\/www.24gliwice.pl\/wiadomosci\/upamietnienie-ofiar-marszu-smierci-spotkanie-pokolen-odbylo-sie-na-cmentarzu-centralnym\/#primaryimage","url":"https:\/\/www.24gliwice.pl\/wiadomosci\/wp-content\/uploads\/2026\/04\/upamietnienie-ofiar-marszu-smierci.jpg","contentUrl":"https:\/\/www.24gliwice.pl\/wiadomosci\/wp-content\/uploads\/2026\/04\/upamietnienie-ofiar-marszu-smierci.jpg","width":810,"height":457},{"@type":"BreadcrumbList","@id":"https:\/\/www.24gliwice.pl\/wiadomosci\/upamietnienie-ofiar-marszu-smierci-spotkanie-pokolen-odbylo-sie-na-cmentarzu-centralnym\/#breadcrumb","itemListElement":[{"@type":"ListItem","position":1,"name":"Strona g\u0142\u00f3wna","item":"https:\/\/www.24gliwice.pl\/wiadomosci\/"},{"@type":"ListItem","position":2,"name":"Upami\u0119tnienie ofiar Marszu \u015amierci. Spotkanie Pokole\u0144 odby\u0142o si\u0119 na Cmentarzu Centralnym"}]},{"@type":"WebSite","@id":"https:\/\/www.24gliwice.pl\/wiadomosci\/#website","url":"https:\/\/www.24gliwice.pl\/wiadomosci\/","name":"24GLIWICE - Portal Gliwice | codziennie nowe wiadomo\u015bci","description":"Portal Miejski Gliwice","publisher":{"@id":"https:\/\/www.24gliwice.pl\/wiadomosci\/#organization"},"potentialAction":[{"@type":"SearchAction","target":{"@type":"EntryPoint","urlTemplate":"https:\/\/www.24gliwice.pl\/wiadomosci\/?s={search_term_string}"},"query-input":{"@type":"PropertyValueSpecification","valueRequired":true,"valueName":"search_term_string"}}],"inLanguage":"pl-PL"},{"@type":"Organization","@id":"https:\/\/www.24gliwice.pl\/wiadomosci\/#organization","name":"24gliwice","url":"https:\/\/www.24gliwice.pl\/wiadomosci\/","logo":{"@type":"ImageObject","inLanguage":"pl-PL","@id":"https:\/\/www.24gliwice.pl\/wiadomosci\/#\/schema\/logo\/image\/","url":"https:\/\/www.24gliwice.pl\/wiadomosci\/wp-content\/uploads\/2024\/10\/24gliwice-logo-696.jpg","contentUrl":"https:\/\/www.24gliwice.pl\/wiadomosci\/wp-content\/uploads\/2024\/10\/24gliwice-logo-696.jpg","width":696,"height":696,"caption":"24gliwice"},"image":{"@id":"https:\/\/www.24gliwice.pl\/wiadomosci\/#\/schema\/logo\/image\/"},"sameAs":["https:\/\/www.facebook.com\/24gliwice","https:\/\/x.com\/24gliwice","https:\/\/www.youtube.com\/@24gliwice"]},{"@type":"Person","@id":"https:\/\/www.24gliwice.pl\/wiadomosci\/#\/schema\/person\/e42c650edd7f2fa332be3811fb166b6e","name":"\u017baneta Mrozek-Siewierska","image":{"@type":"ImageObject","inLanguage":"pl-PL","@id":"https:\/\/secure.gravatar.com\/avatar\/1881429e9c64597c77ad7aef2d0a19be69a3253e57534d16aa15bf3a4d34a0a3?s=96&d=mm&r=g","url":"https:\/\/secure.gravatar.com\/avatar\/1881429e9c64597c77ad7aef2d0a19be69a3253e57534d16aa15bf3a4d34a0a3?s=96&d=mm&r=g","contentUrl":"https:\/\/secure.gravatar.com\/avatar\/1881429e9c64597c77ad7aef2d0a19be69a3253e57534d16aa15bf3a4d34a0a3?s=96&d=mm&r=g","caption":"\u017baneta Mrozek-Siewierska"},"url":"https:\/\/www.24gliwice.pl\/wiadomosci\/author\/zms\/"}]}},"_links":{"self":[{"href":"https:\/\/www.24gliwice.pl\/wiadomosci\/wp-json\/wp\/v2\/posts\/269872","targetHints":{"allow":["GET"]}}],"collection":[{"href":"https:\/\/www.24gliwice.pl\/wiadomosci\/wp-json\/wp\/v2\/posts"}],"about":[{"href":"https:\/\/www.24gliwice.pl\/wiadomosci\/wp-json\/wp\/v2\/types\/post"}],"author":[{"embeddable":true,"href":"https:\/\/www.24gliwice.pl\/wiadomosci\/wp-json\/wp\/v2\/users\/15"}],"replies":[{"embeddable":true,"href":"https:\/\/www.24gliwice.pl\/wiadomosci\/wp-json\/wp\/v2\/comments?post=269872"}],"version-history":[{"count":6,"href":"https:\/\/www.24gliwice.pl\/wiadomosci\/wp-json\/wp\/v2\/posts\/269872\/revisions"}],"predecessor-version":[{"id":269956,"href":"https:\/\/www.24gliwice.pl\/wiadomosci\/wp-json\/wp\/v2\/posts\/269872\/revisions\/269956"}],"wp:featuredmedia":[{"embeddable":true,"href":"https:\/\/www.24gliwice.pl\/wiadomosci\/wp-json\/wp\/v2\/media\/269888"}],"wp:attachment":[{"href":"https:\/\/www.24gliwice.pl\/wiadomosci\/wp-json\/wp\/v2\/media?parent=269872"}],"wp:term":[{"taxonomy":"category","embeddable":true,"href":"https:\/\/www.24gliwice.pl\/wiadomosci\/wp-json\/wp\/v2\/categories?post=269872"},{"taxonomy":"post_tag","embeddable":true,"href":"https:\/\/www.24gliwice.pl\/wiadomosci\/wp-json\/wp\/v2\/tags?post=269872"}],"curies":[{"name":"wp","href":"https:\/\/api.w.org\/{rel}","templated":true}]}}