{"id":269878,"date":"2026-04-30T09:59:54","date_gmt":"2026-04-30T07:59:54","guid":{"rendered":"https:\/\/www.24gliwice.pl\/wiadomosci\/?p=269878"},"modified":"2026-04-30T04:01:30","modified_gmt":"2026-04-30T02:01:30","slug":"wieza-kosciola-wszystkich-swietych-ponownie-dostepna-panorame-gliwic-mozna-podziwiac-od-1-maja","status":"publish","type":"post","link":"https:\/\/www.24gliwice.pl\/wiadomosci\/wieza-kosciola-wszystkich-swietych-ponownie-dostepna-panorame-gliwic-mozna-podziwiac-od-1-maja\/","title":{"rendered":"Wie\u017ca ko\u015bcio\u0142a Wszystkich \u015awi\u0119tych ponownie dost\u0119pna. Panoram\u0119 Gliwic mo\u017cna podziwia\u0107 od 1 maja"},"content":{"rendered":"<div class=\"gliwi-a6-nad-leadem-artykulow gliwi-entity-placement\" id=\"gliwi-1956665750\"><div class=\"gliwi-adlabel\"><span style=\"font-size: 9px\">REKLAMA<\/span><\/div><div id=\"gliwi-2818171079\" style=\"margin-bottom: 30px;margin-left: auto;margin-right: auto;text-align: center;\"><a data-no-instant=\"1\" href=\"https:\/\/przedszkole.halogen.org.pl\/\" rel=\"noopener\" class=\"a2t-link\" target=\"_blank\" aria-label=\"20260402-ANIMATOR-przedszkole_grafika_750x200\"><img loading=\"lazy\" decoding=\"async\" src=\"https:\/\/www.24gliwice.pl\/wiadomosci\/wp-content\/uploads\/2026\/04\/20260402-ANIMATOR-przedszkole_grafika_750x200.webp\" alt=\"\"  srcset=\"https:\/\/www.24gliwice.pl\/wiadomosci\/wp-content\/uploads\/2026\/04\/20260402-ANIMATOR-przedszkole_grafika_750x200.webp 750w, https:\/\/www.24gliwice.pl\/wiadomosci\/wp-content\/uploads\/2026\/04\/20260402-ANIMATOR-przedszkole_grafika_750x200-410x109.webp 410w\" sizes=\"(max-width: 750px) 100vw, 750px\" class=\"no-lazyload\" width=\"750\" height=\"200\"  style=\"display: inline-block; max-width: 100%; height: auto;\" \/><\/a><\/div><\/div><h2>Zapowiadana na Maj\u00f3wk\u0119 sprzyjaj\u0105ca pogoda mo\u017ce stanowi\u0107 dobr\u0105 sposobno\u015b\u0107 od zobaczenia panoramy miasta z wie\u017cy Ko\u015bcio\u0142a Wszystkich \u015awi\u0119tych. Ju\u017c od pi\u0105tku, 1 maja rozpocznie si\u0119 sezon wie\u017cowy.<\/h2>\n<p><!--more--><\/p>\n<p>Wspi\u0105\u0107 si\u0119 na balkon widokowy mo\u017cna w ka\u017cdy dzie\u0144 przed\u0142u\u017conego weekendu ( 1, 2 i 3 maja), a tak\u017ce w kolejnych tygodniach wiosenno-letnich w ka\u017cd\u0105 sobot\u0119 i niedziel\u0119.  W ka\u017cdym z tych termin\u00f3w dost\u0119pne b\u0119d\u0105 dwa wej\u015bcia: o godzinie 16.00 lub 17.00. Bilet mo\u017cna zakupi\u0107 na miejscu u przewodnika. Cena niezmiennie 10 z\u0142\/os., p\u0142atne got\u00f3wk\u0105. <\/p>\n<p><a href=\"https:\/\/www.24gliwice.pl\/wiadomosci\/wp-content\/uploads\/2026\/04\/kosciol-wszystkich-swietych.jpg\"><img loading=\"lazy\" decoding=\"async\" src=\"https:\/\/www.24gliwice.pl\/wiadomosci\/wp-content\/uploads\/2026\/04\/kosciol-wszystkich-swietych.jpg\" alt=\"\" width=\"810\" height=\"457\" class=\"alignnone size-full wp-image-269880\" srcset=\"https:\/\/www.24gliwice.pl\/wiadomosci\/wp-content\/uploads\/2026\/04\/kosciol-wszystkich-swietych.jpg 810w, https:\/\/www.24gliwice.pl\/wiadomosci\/wp-content\/uploads\/2026\/04\/kosciol-wszystkich-swietych-410x232.jpg 410w, https:\/\/www.24gliwice.pl\/wiadomosci\/wp-content\/uploads\/2026\/04\/kosciol-wszystkich-swietych-806x455.jpg 806w, https:\/\/www.24gliwice.pl\/wiadomosci\/wp-content\/uploads\/2026\/04\/kosciol-wszystkich-swietych-768x433.jpg 768w\" sizes=\"auto, (max-width: 810px) 100vw, 810px\" \/><\/a><\/p>\n<p>Zainteresowani podziwianiem widok\u00f3w ze szczytu powinni zgromadzi\u0107 si\u0119 na chwil\u0119 przed rozpocz\u0119ciem zwiedzania pod wej\u015bciem do wie\u017cy. Ko\u015bci\u00f3\u0142 pw. Wszystkich \u015awi\u0119tych znajduje si\u0119 przy ul. Ko\u015bcielnej 4 na terenie gliwickiej star\u00f3wki. <\/p><div class=\"gliwi-a3-w-tresci-artykulow gliwi-entity-placement\" id=\"gliwi-1323325119\"><div class=\"gliwi-adlabel\"><span style=\"font-size: 9px\">REKLAMA<\/span><\/div><div id=\"gliwi-3764179125\" style=\"margin-bottom: 30px;margin-left: auto;margin-right: auto;text-align: center;\"><a data-no-instant=\"1\" href=\"https:\/\/ogrodyandersa.pl\/\" rel=\"noopener\" class=\"a2t-link\" target=\"_blank\" aria-label=\"20260415 Ogrody Andersa KUP TERAZ D\"><img loading=\"lazy\" decoding=\"async\" src=\"https:\/\/www.24gliwice.pl\/wiadomosci\/wp-content\/uploads\/2026\/04\/20260415-Ogrody-Andersa-KUP-TERAZ-D.jpg\" alt=\"\"  srcset=\"https:\/\/www.24gliwice.pl\/wiadomosci\/wp-content\/uploads\/2026\/04\/20260415-Ogrody-Andersa-KUP-TERAZ-D.jpg 750w, https:\/\/www.24gliwice.pl\/wiadomosci\/wp-content\/uploads\/2026\/04\/20260415-Ogrody-Andersa-KUP-TERAZ-D-410x109.jpg 410w\" sizes=\"(max-width: 750px) 100vw, 750px\" class=\"no-lazyload\" width=\"750\" height=\"200\"  style=\"display: inline-block; max-width: 100%; height: auto;\" \/><\/a><\/div><\/div>\n<h4>Zwiedzanie odbywa si\u0119 z przewodnikiem, kt\u00f3ry dodatkowo opowiada histori\u0119 miasta Gliwice oraz histori\u0119 samej \u015bwi\u0105tyni.<\/h4>\n<p>Warto przypomnie\u0107, \u017ce Wie\u017ca ko\u015bcio\u0142a p.w. Wszystkich \u015awi\u0119tych jest jedn\u0105 z najwy\u017cszych budowli w Gliwicach. Wznosi si\u0119 na wysoko\u015b\u0107 ok. 60 m. Jest ona jedyn\u0105 tak wysok\u0105 budowl\u0105 otwart\u0105 dla turyst\u00f3w, dzi\u0119ki czemu jest to najlepsze miejsce do podziwiania panoramy miasta z lotu ptaka. Przy dobrej widoczno\u015bci mo\u017cna dostrzec g\u00f3r\u0119 \u015awi\u0119tej Anny, a tak\u017ce Beskid \u015al\u0105ski, Ma\u0142y i \u015al\u0105sko-Morawski.<\/p>\n<p><a href=\"https:\/\/www.24gliwice.pl\/wiadomosci\/wp-content\/uploads\/2026\/04\/kosciol-wszystkich-swietych6.jpg\"><img loading=\"lazy\" decoding=\"async\" src=\"https:\/\/www.24gliwice.pl\/wiadomosci\/wp-content\/uploads\/2026\/04\/kosciol-wszystkich-swietych6.jpg\" alt=\"\" width=\"810\" height=\"456\" class=\"alignnone size-full wp-image-269883\" srcset=\"https:\/\/www.24gliwice.pl\/wiadomosci\/wp-content\/uploads\/2026\/04\/kosciol-wszystkich-swietych6.jpg 810w, https:\/\/www.24gliwice.pl\/wiadomosci\/wp-content\/uploads\/2026\/04\/kosciol-wszystkich-swietych6-410x232.jpg 410w, https:\/\/www.24gliwice.pl\/wiadomosci\/wp-content\/uploads\/2026\/04\/kosciol-wszystkich-swietych6-808x455.jpg 808w, https:\/\/www.24gliwice.pl\/wiadomosci\/wp-content\/uploads\/2026\/04\/kosciol-wszystkich-swietych6-768x432.jpg 768w\" sizes=\"auto, (max-width: 810px) 100vw, 810px\" \/><\/a><\/p>\n<p>Ko\u015bci\u00f3\u0142 p.w. Wszystkich \u015awi\u0119tych jest jednym z najstarszych i najcenniejszych obiekt\u00f3w w Gliwicach. W samym ko\u015bciele znajduje si\u0119 wiele cennych obiekt\u00f3w. Na szczycie wie\u017cy znajduje si\u0119 krzy\u017c ustawiony w 1950 roku z okazji 700-lecia za\u0142o\u017cenia Gliwic.<\/p>\n<p>Wi\u0119cej na ten temat mo\u017cna znale\u017a\u0107 w naszym materiale:<\/p>\n<blockquote class=\"wp-embedded-content\" data-secret=\"KVRbD2xbyj\"><p><a href=\"https:\/\/www.24gliwice.pl\/wiadomosci\/wielkie-pozary-gliwic-niszczyly-te-wieze-az-dwa-razy-historia-kosciola-pw-wszystkich-swietych-tv\/\">Wielkie po\u017cary Gliwic niszczy\u0142y t\u0119 wie\u017c\u0119 a\u017c dwa razy. Historia ko\u015bcio\u0142a pw. Wszystkich \u015awi\u0119tych (TV)<\/a><\/p><\/blockquote>\n<p><iframe loading=\"lazy\" class=\"wp-embedded-content\" sandbox=\"allow-scripts\" security=\"restricted\" style=\"position: absolute; visibility: hidden;\" title=\"&#8222;Wielkie po\u017cary Gliwic niszczy\u0142y t\u0119 wie\u017c\u0119 a\u017c dwa razy. Historia ko\u015bcio\u0142a pw. Wszystkich \u015awi\u0119tych (TV)&#8221; &#8212; 24GLIWICE - Portal Gliwice | codziennie nowe informacje\" src=\"https:\/\/www.24gliwice.pl\/wiadomosci\/wielkie-pozary-gliwic-niszczyly-te-wieze-az-dwa-razy-historia-kosciola-pw-wszystkich-swietych-tv\/embed\/#?secret=ukVz7W3Nf3#?secret=KVRbD2xbyj\" data-secret=\"KVRbD2xbyj\" width=\"600\" height=\"338\" frameborder=\"0\" marginwidth=\"0\" marginheight=\"0\" scrolling=\"no\"><\/iframe><\/p>\n<p>Opr\u00f3cz dziennych wej\u015b\u0107 do tego obiektu, kt\u00f3re rozpoczn\u0105 si\u0119 1 maja, a potrwaj\u0105 do 30 wrze\u015bnia, mo\u017cliwe jest r\u00f3wnie\u017c zwiedzanie nocne &#8211; organizowane jest od 1 pa\u017adziernika do 30 listopada, w ka\u017cd\u0105 sobot\u0119 i niedziel\u0119 o godzinie 20:00. W przypadku ch\u0119ci udzia\u0142u konieczna jest rezerwacja <a href=\"https:\/\/www.gliwice.pttk.pl\/panorama-gliwic\" target=\"_blank\">(mailowo<\/a> lub przez FB: <a href=\"http:\/\/www.facebook.com\/Wieza.Gliwice\" target=\"_blank\">www.facebook.com\/Wieza.Gliwice<\/a> do \u015brody przed danym weekendem). Zakup biletu w cenie 15 z\u0142\/os. mo\u017cliwy jest wy\u0142\u0105cznie got\u00f3wk\u0105 na miejscu u przewodnika.<\/p>\n<p><a href=\"https:\/\/www.24gliwice.pl\/wiadomosci\/wp-content\/uploads\/2026\/04\/kosciol-wszystkich-swietych3.jpg\"><img loading=\"lazy\" decoding=\"async\" src=\"https:\/\/www.24gliwice.pl\/wiadomosci\/wp-content\/uploads\/2026\/04\/kosciol-wszystkich-swietych3.jpg\" alt=\"\" width=\"810\" height=\"456\" class=\"alignnone size-full wp-image-269882\" srcset=\"https:\/\/www.24gliwice.pl\/wiadomosci\/wp-content\/uploads\/2026\/04\/kosciol-wszystkich-swietych3.jpg 810w, https:\/\/www.24gliwice.pl\/wiadomosci\/wp-content\/uploads\/2026\/04\/kosciol-wszystkich-swietych3-410x232.jpg 410w, https:\/\/www.24gliwice.pl\/wiadomosci\/wp-content\/uploads\/2026\/04\/kosciol-wszystkich-swietych3-808x455.jpg 808w, https:\/\/www.24gliwice.pl\/wiadomosci\/wp-content\/uploads\/2026\/04\/kosciol-wszystkich-swietych3-768x432.jpg 768w\" sizes=\"auto, (max-width: 810px) 100vw, 810px\" \/><\/a><\/p>\n<p>(\u017cms)<\/p>\n<div class=\"gliwi-a5-na-koncu-artykulow gliwi-entity-placement\" id=\"gliwi-2340056666\"><div class=\"gliwi-adlabel\"><span style=\"font-size: 9px\">REKLAMA<\/span><\/div><div id=\"gliwi-1776420416\" style=\"margin-left: auto;margin-right: auto;text-align: center;\"><a data-no-instant=\"1\" href=\"https:\/\/www.jasek.pl\/\" rel=\"noopener\" class=\"a2t-link\" target=\"_blank\" aria-label=\"20200401-jasek 600\"><img loading=\"lazy\" decoding=\"async\" src=\"https:\/\/www.24gliwice.pl\/wiadomosci\/wp-content\/uploads\/2020\/04\/20200401-jasek-600.jpg\" alt=\"\"  srcset=\"https:\/\/www.24gliwice.pl\/wiadomosci\/wp-content\/uploads\/2020\/04\/20200401-jasek-600.jpg 600w, https:\/\/www.24gliwice.pl\/wiadomosci\/wp-content\/uploads\/2020\/04\/20200401-jasek-600-410x109.jpg 410w\" sizes=\"(max-width: 600px) 100vw, 600px\" class=\"no-lazyload\" width=\"600\" height=\"160\"  style=\"display: inline-block; max-width: 100%; height: auto;\" \/><\/a><\/div><\/div>","protected":false},"excerpt":{"rendered":"<p>Zapowiadana na Maj\u00f3wk\u0119 sprzyjaj\u0105ca pogoda mo\u017ce stanowi\u0107 dobr\u0105 sposobno\u015b\u0107 od zobaczenia panoramy miasta z wie\u017cy Ko\u015bcio\u0142a Wszystkich \u015awi\u0119tych. Ju\u017c od pi\u0105tku, 1 maja rozpocznie si\u0119 sezon wie\u017cowy.<\/p>\n","protected":false},"author":15,"featured_media":269881,"comment_status":"open","ping_status":"closed","sticky":false,"template":"","format":"standard","meta":{"_monsterinsights_skip_tracking":false,"_monsterinsights_sitenote_active":false,"_monsterinsights_sitenote_note":"","_monsterinsights_sitenote_category":0,"footnotes":"","_links_to":"","_links_to_target":""},"categories":[3,6,1],"tags":[19528,6689],"class_list":["post-269878","post","type-post","status-publish","format-standard","has-post-thumbnail","hentry","category-gliwice","category-kultura","category-wszystko","tag-panorama-gliwic","tag-wieza"],"yoast_head":"<!-- This site is optimized with the Yoast SEO plugin v27.5 - https:\/\/yoast.com\/product\/yoast-seo-wordpress\/ -->\n<title>Wie\u017ca ko\u015bcio\u0142a Wszystkich \u015awi\u0119tych ponownie dost\u0119pna. Panoram\u0119 Gliwic mo\u017cna podziwia\u0107 od 1 maja - 24GLIWICE - Portal Gliwice | codziennie nowe informacje<\/title>\n<meta name=\"description\" content=\"Wie\u017ca widokowa ko\u015bcio\u0142a pw. Wszystkich \u015awi\u0119tych zostanie udost\u0119pniona od 1 maja. Przez ca\u0142\u0105 maj\u00f3wk\u0119 umo\u017cliwia podziwianie panoramy Gliwic\" \/>\n<meta name=\"robots\" content=\"index, follow, max-snippet:-1, max-image-preview:large, max-video-preview:-1\" \/>\n<link rel=\"canonical\" href=\"https:\/\/www.24gliwice.pl\/wiadomosci\/wieza-kosciola-wszystkich-swietych-ponownie-dostepna-panorame-gliwic-mozna-podziwiac-od-1-maja\/\" \/>\n<meta property=\"og:locale\" content=\"pl_PL\" \/>\n<meta property=\"og:type\" content=\"article\" \/>\n<meta property=\"og:title\" content=\"Wie\u017ca ko\u015bcio\u0142a Wszystkich \u015awi\u0119tych ponownie dost\u0119pna. Panoram\u0119 Gliwic mo\u017cna podziwia\u0107 od 1 maja - 24GLIWICE - Portal Gliwice | codziennie nowe informacje\" \/>\n<meta property=\"og:description\" content=\"Wie\u017ca widokowa ko\u015bcio\u0142a pw. Wszystkich \u015awi\u0119tych zostanie udost\u0119pniona od 1 maja. Przez ca\u0142\u0105 maj\u00f3wk\u0119 umo\u017cliwia podziwianie panoramy Gliwic\" \/>\n<meta property=\"og:url\" content=\"https:\/\/www.24gliwice.pl\/wiadomosci\/wieza-kosciola-wszystkich-swietych-ponownie-dostepna-panorame-gliwic-mozna-podziwiac-od-1-maja\/\" \/>\n<meta property=\"og:site_name\" content=\"24GLIWICE - Portal Gliwice | codziennie nowe informacje\" \/>\n<meta property=\"article:publisher\" content=\"https:\/\/www.facebook.com\/24gliwice\" \/>\n<meta property=\"article:published_time\" content=\"2026-04-30T07:59:54+00:00\" \/>\n<meta property=\"og:image\" content=\"https:\/\/www.24gliwice.pl\/wiadomosci\/wp-content\/uploads\/2026\/04\/kosciol-wszystkich-swietych2.jpg\" \/>\n\t<meta property=\"og:image:width\" content=\"810\" \/>\n\t<meta property=\"og:image:height\" content=\"457\" \/>\n\t<meta property=\"og:image:type\" content=\"image\/jpeg\" \/>\n<meta name=\"author\" content=\"\u017baneta Mrozek-Siewierska\" \/>\n<meta name=\"twitter:card\" content=\"summary_large_image\" \/>\n<meta name=\"twitter:creator\" content=\"@24gliwice\" \/>\n<meta name=\"twitter:site\" content=\"@24gliwice\" \/>\n<meta name=\"twitter:label1\" content=\"Napisane przez\" \/>\n\t<meta name=\"twitter:data1\" content=\"\u017baneta Mrozek-Siewierska\" \/>\n\t<meta name=\"twitter:label2\" content=\"Szacowany czas czytania\" \/>\n\t<meta name=\"twitter:data2\" content=\"3 minuty\" \/>\n<script type=\"application\/ld+json\" class=\"yoast-schema-graph\">{\"@context\":\"https:\\\/\\\/schema.org\",\"@graph\":[{\"@type\":\"Article\",\"@id\":\"https:\\\/\\\/www.24gliwice.pl\\\/wiadomosci\\\/wieza-kosciola-wszystkich-swietych-ponownie-dostepna-panorame-gliwic-mozna-podziwiac-od-1-maja\\\/#article\",\"isPartOf\":{\"@id\":\"https:\\\/\\\/www.24gliwice.pl\\\/wiadomosci\\\/wieza-kosciola-wszystkich-swietych-ponownie-dostepna-panorame-gliwic-mozna-podziwiac-od-1-maja\\\/\"},\"author\":{\"name\":\"\u017baneta Mrozek-Siewierska\",\"@id\":\"https:\\\/\\\/www.24gliwice.pl\\\/wiadomosci\\\/#\\\/schema\\\/person\\\/e42c650edd7f2fa332be3811fb166b6e\"},\"headline\":\"Wie\u017ca ko\u015bcio\u0142a Wszystkich \u015awi\u0119tych ponownie dost\u0119pna. Panoram\u0119 Gliwic mo\u017cna podziwia\u0107 od 1 maja\",\"datePublished\":\"2026-04-30T07:59:54+00:00\",\"mainEntityOfPage\":{\"@id\":\"https:\\\/\\\/www.24gliwice.pl\\\/wiadomosci\\\/wieza-kosciola-wszystkich-swietych-ponownie-dostepna-panorame-gliwic-mozna-podziwiac-od-1-maja\\\/\"},\"wordCount\":387,\"commentCount\":0,\"publisher\":{\"@id\":\"https:\\\/\\\/www.24gliwice.pl\\\/wiadomosci\\\/#organization\"},\"image\":{\"@id\":\"https:\\\/\\\/www.24gliwice.pl\\\/wiadomosci\\\/wieza-kosciola-wszystkich-swietych-ponownie-dostepna-panorame-gliwic-mozna-podziwiac-od-1-maja\\\/#primaryimage\"},\"thumbnailUrl\":\"https:\\\/\\\/www.24gliwice.pl\\\/wiadomosci\\\/wp-content\\\/uploads\\\/2026\\\/04\\\/kosciol-wszystkich-swietych2.jpg\",\"keywords\":[\"panorama gliwic\",\"wie\u017ca\"],\"articleSection\":[\"Gliwice\",\"Kultura, wydarzenia, imprezy\",\"Najnowsze wiadomo\u015bci\"],\"inLanguage\":\"pl-PL\",\"potentialAction\":[{\"@type\":\"CommentAction\",\"name\":\"Comment\",\"target\":[\"https:\\\/\\\/www.24gliwice.pl\\\/wiadomosci\\\/wieza-kosciola-wszystkich-swietych-ponownie-dostepna-panorame-gliwic-mozna-podziwiac-od-1-maja\\\/#respond\"]}]},{\"@type\":\"WebPage\",\"@id\":\"https:\\\/\\\/www.24gliwice.pl\\\/wiadomosci\\\/wieza-kosciola-wszystkich-swietych-ponownie-dostepna-panorame-gliwic-mozna-podziwiac-od-1-maja\\\/\",\"url\":\"https:\\\/\\\/www.24gliwice.pl\\\/wiadomosci\\\/wieza-kosciola-wszystkich-swietych-ponownie-dostepna-panorame-gliwic-mozna-podziwiac-od-1-maja\\\/\",\"name\":\"Wie\u017ca ko\u015bcio\u0142a Wszystkich \u015awi\u0119tych ponownie dost\u0119pna. Panoram\u0119 Gliwic mo\u017cna podziwia\u0107 od 1 maja - 24GLIWICE - Portal Gliwice | codziennie nowe informacje\",\"isPartOf\":{\"@id\":\"https:\\\/\\\/www.24gliwice.pl\\\/wiadomosci\\\/#website\"},\"primaryImageOfPage\":{\"@id\":\"https:\\\/\\\/www.24gliwice.pl\\\/wiadomosci\\\/wieza-kosciola-wszystkich-swietych-ponownie-dostepna-panorame-gliwic-mozna-podziwiac-od-1-maja\\\/#primaryimage\"},\"image\":{\"@id\":\"https:\\\/\\\/www.24gliwice.pl\\\/wiadomosci\\\/wieza-kosciola-wszystkich-swietych-ponownie-dostepna-panorame-gliwic-mozna-podziwiac-od-1-maja\\\/#primaryimage\"},\"thumbnailUrl\":\"https:\\\/\\\/www.24gliwice.pl\\\/wiadomosci\\\/wp-content\\\/uploads\\\/2026\\\/04\\\/kosciol-wszystkich-swietych2.jpg\",\"datePublished\":\"2026-04-30T07:59:54+00:00\",\"description\":\"Wie\u017ca widokowa ko\u015bcio\u0142a pw. Wszystkich \u015awi\u0119tych zostanie udost\u0119pniona od 1 maja. Przez ca\u0142\u0105 maj\u00f3wk\u0119 umo\u017cliwia podziwianie panoramy Gliwic\",\"breadcrumb\":{\"@id\":\"https:\\\/\\\/www.24gliwice.pl\\\/wiadomosci\\\/wieza-kosciola-wszystkich-swietych-ponownie-dostepna-panorame-gliwic-mozna-podziwiac-od-1-maja\\\/#breadcrumb\"},\"inLanguage\":\"pl-PL\",\"potentialAction\":[{\"@type\":\"ReadAction\",\"target\":[\"https:\\\/\\\/www.24gliwice.pl\\\/wiadomosci\\\/wieza-kosciola-wszystkich-swietych-ponownie-dostepna-panorame-gliwic-mozna-podziwiac-od-1-maja\\\/\"]}]},{\"@type\":\"ImageObject\",\"inLanguage\":\"pl-PL\",\"@id\":\"https:\\\/\\\/www.24gliwice.pl\\\/wiadomosci\\\/wieza-kosciola-wszystkich-swietych-ponownie-dostepna-panorame-gliwic-mozna-podziwiac-od-1-maja\\\/#primaryimage\",\"url\":\"https:\\\/\\\/www.24gliwice.pl\\\/wiadomosci\\\/wp-content\\\/uploads\\\/2026\\\/04\\\/kosciol-wszystkich-swietych2.jpg\",\"contentUrl\":\"https:\\\/\\\/www.24gliwice.pl\\\/wiadomosci\\\/wp-content\\\/uploads\\\/2026\\\/04\\\/kosciol-wszystkich-swietych2.jpg\",\"width\":810,\"height\":457},{\"@type\":\"BreadcrumbList\",\"@id\":\"https:\\\/\\\/www.24gliwice.pl\\\/wiadomosci\\\/wieza-kosciola-wszystkich-swietych-ponownie-dostepna-panorame-gliwic-mozna-podziwiac-od-1-maja\\\/#breadcrumb\",\"itemListElement\":[{\"@type\":\"ListItem\",\"position\":1,\"name\":\"Strona g\u0142\u00f3wna\",\"item\":\"https:\\\/\\\/www.24gliwice.pl\\\/wiadomosci\\\/\"},{\"@type\":\"ListItem\",\"position\":2,\"name\":\"Wie\u017ca ko\u015bcio\u0142a Wszystkich \u015awi\u0119tych ponownie dost\u0119pna. Panoram\u0119 Gliwic mo\u017cna podziwia\u0107 od 1 maja\"}]},{\"@type\":\"WebSite\",\"@id\":\"https:\\\/\\\/www.24gliwice.pl\\\/wiadomosci\\\/#website\",\"url\":\"https:\\\/\\\/www.24gliwice.pl\\\/wiadomosci\\\/\",\"name\":\"24GLIWICE - Portal Gliwice | codziennie nowe wiadomo\u015bci\",\"description\":\"Portal Miejski Gliwice\",\"publisher\":{\"@id\":\"https:\\\/\\\/www.24gliwice.pl\\\/wiadomosci\\\/#organization\"},\"potentialAction\":[{\"@type\":\"SearchAction\",\"target\":{\"@type\":\"EntryPoint\",\"urlTemplate\":\"https:\\\/\\\/www.24gliwice.pl\\\/wiadomosci\\\/?s={search_term_string}\"},\"query-input\":{\"@type\":\"PropertyValueSpecification\",\"valueRequired\":true,\"valueName\":\"search_term_string\"}}],\"inLanguage\":\"pl-PL\"},{\"@type\":\"Organization\",\"@id\":\"https:\\\/\\\/www.24gliwice.pl\\\/wiadomosci\\\/#organization\",\"name\":\"24gliwice\",\"url\":\"https:\\\/\\\/www.24gliwice.pl\\\/wiadomosci\\\/\",\"logo\":{\"@type\":\"ImageObject\",\"inLanguage\":\"pl-PL\",\"@id\":\"https:\\\/\\\/www.24gliwice.pl\\\/wiadomosci\\\/#\\\/schema\\\/logo\\\/image\\\/\",\"url\":\"https:\\\/\\\/www.24gliwice.pl\\\/wiadomosci\\\/wp-content\\\/uploads\\\/2024\\\/10\\\/24gliwice-logo-696.jpg\",\"contentUrl\":\"https:\\\/\\\/www.24gliwice.pl\\\/wiadomosci\\\/wp-content\\\/uploads\\\/2024\\\/10\\\/24gliwice-logo-696.jpg\",\"width\":696,\"height\":696,\"caption\":\"24gliwice\"},\"image\":{\"@id\":\"https:\\\/\\\/www.24gliwice.pl\\\/wiadomosci\\\/#\\\/schema\\\/logo\\\/image\\\/\"},\"sameAs\":[\"https:\\\/\\\/www.facebook.com\\\/24gliwice\",\"https:\\\/\\\/x.com\\\/24gliwice\",\"https:\\\/\\\/www.youtube.com\\\/@24gliwice\"]},{\"@type\":\"Person\",\"@id\":\"https:\\\/\\\/www.24gliwice.pl\\\/wiadomosci\\\/#\\\/schema\\\/person\\\/e42c650edd7f2fa332be3811fb166b6e\",\"name\":\"\u017baneta Mrozek-Siewierska\",\"image\":{\"@type\":\"ImageObject\",\"inLanguage\":\"pl-PL\",\"@id\":\"https:\\\/\\\/secure.gravatar.com\\\/avatar\\\/1881429e9c64597c77ad7aef2d0a19be69a3253e57534d16aa15bf3a4d34a0a3?s=96&d=mm&r=g\",\"url\":\"https:\\\/\\\/secure.gravatar.com\\\/avatar\\\/1881429e9c64597c77ad7aef2d0a19be69a3253e57534d16aa15bf3a4d34a0a3?s=96&d=mm&r=g\",\"contentUrl\":\"https:\\\/\\\/secure.gravatar.com\\\/avatar\\\/1881429e9c64597c77ad7aef2d0a19be69a3253e57534d16aa15bf3a4d34a0a3?s=96&d=mm&r=g\",\"caption\":\"\u017baneta Mrozek-Siewierska\"},\"url\":\"https:\\\/\\\/www.24gliwice.pl\\\/wiadomosci\\\/author\\\/zms\\\/\"}]}<\/script>\n<!-- \/ Yoast SEO plugin. -->","yoast_head_json":{"title":"Wie\u017ca ko\u015bcio\u0142a Wszystkich \u015awi\u0119tych ponownie dost\u0119pna. Panoram\u0119 Gliwic mo\u017cna podziwia\u0107 od 1 maja - 24GLIWICE - Portal Gliwice | codziennie nowe informacje","description":"Wie\u017ca widokowa ko\u015bcio\u0142a pw. Wszystkich \u015awi\u0119tych zostanie udost\u0119pniona od 1 maja. Przez ca\u0142\u0105 maj\u00f3wk\u0119 umo\u017cliwia podziwianie panoramy Gliwic","robots":{"index":"index","follow":"follow","max-snippet":"max-snippet:-1","max-image-preview":"max-image-preview:large","max-video-preview":"max-video-preview:-1"},"canonical":"https:\/\/www.24gliwice.pl\/wiadomosci\/wieza-kosciola-wszystkich-swietych-ponownie-dostepna-panorame-gliwic-mozna-podziwiac-od-1-maja\/","og_locale":"pl_PL","og_type":"article","og_title":"Wie\u017ca ko\u015bcio\u0142a Wszystkich \u015awi\u0119tych ponownie dost\u0119pna. Panoram\u0119 Gliwic mo\u017cna podziwia\u0107 od 1 maja - 24GLIWICE - Portal Gliwice | codziennie nowe informacje","og_description":"Wie\u017ca widokowa ko\u015bcio\u0142a pw. Wszystkich \u015awi\u0119tych zostanie udost\u0119pniona od 1 maja. Przez ca\u0142\u0105 maj\u00f3wk\u0119 umo\u017cliwia podziwianie panoramy Gliwic","og_url":"https:\/\/www.24gliwice.pl\/wiadomosci\/wieza-kosciola-wszystkich-swietych-ponownie-dostepna-panorame-gliwic-mozna-podziwiac-od-1-maja\/","og_site_name":"24GLIWICE - Portal Gliwice | codziennie nowe informacje","article_publisher":"https:\/\/www.facebook.com\/24gliwice","article_published_time":"2026-04-30T07:59:54+00:00","og_image":[{"width":810,"height":457,"url":"https:\/\/www.24gliwice.pl\/wiadomosci\/wp-content\/uploads\/2026\/04\/kosciol-wszystkich-swietych2.jpg","type":"image\/jpeg"}],"author":"\u017baneta Mrozek-Siewierska","twitter_card":"summary_large_image","twitter_creator":"@24gliwice","twitter_site":"@24gliwice","twitter_misc":{"Napisane przez":"\u017baneta Mrozek-Siewierska","Szacowany czas czytania":"3 minuty"},"schema":{"@context":"https:\/\/schema.org","@graph":[{"@type":"Article","@id":"https:\/\/www.24gliwice.pl\/wiadomosci\/wieza-kosciola-wszystkich-swietych-ponownie-dostepna-panorame-gliwic-mozna-podziwiac-od-1-maja\/#article","isPartOf":{"@id":"https:\/\/www.24gliwice.pl\/wiadomosci\/wieza-kosciola-wszystkich-swietych-ponownie-dostepna-panorame-gliwic-mozna-podziwiac-od-1-maja\/"},"author":{"name":"\u017baneta Mrozek-Siewierska","@id":"https:\/\/www.24gliwice.pl\/wiadomosci\/#\/schema\/person\/e42c650edd7f2fa332be3811fb166b6e"},"headline":"Wie\u017ca ko\u015bcio\u0142a Wszystkich \u015awi\u0119tych ponownie dost\u0119pna. Panoram\u0119 Gliwic mo\u017cna podziwia\u0107 od 1 maja","datePublished":"2026-04-30T07:59:54+00:00","mainEntityOfPage":{"@id":"https:\/\/www.24gliwice.pl\/wiadomosci\/wieza-kosciola-wszystkich-swietych-ponownie-dostepna-panorame-gliwic-mozna-podziwiac-od-1-maja\/"},"wordCount":387,"commentCount":0,"publisher":{"@id":"https:\/\/www.24gliwice.pl\/wiadomosci\/#organization"},"image":{"@id":"https:\/\/www.24gliwice.pl\/wiadomosci\/wieza-kosciola-wszystkich-swietych-ponownie-dostepna-panorame-gliwic-mozna-podziwiac-od-1-maja\/#primaryimage"},"thumbnailUrl":"https:\/\/www.24gliwice.pl\/wiadomosci\/wp-content\/uploads\/2026\/04\/kosciol-wszystkich-swietych2.jpg","keywords":["panorama gliwic","wie\u017ca"],"articleSection":["Gliwice","Kultura, wydarzenia, imprezy","Najnowsze wiadomo\u015bci"],"inLanguage":"pl-PL","potentialAction":[{"@type":"CommentAction","name":"Comment","target":["https:\/\/www.24gliwice.pl\/wiadomosci\/wieza-kosciola-wszystkich-swietych-ponownie-dostepna-panorame-gliwic-mozna-podziwiac-od-1-maja\/#respond"]}]},{"@type":"WebPage","@id":"https:\/\/www.24gliwice.pl\/wiadomosci\/wieza-kosciola-wszystkich-swietych-ponownie-dostepna-panorame-gliwic-mozna-podziwiac-od-1-maja\/","url":"https:\/\/www.24gliwice.pl\/wiadomosci\/wieza-kosciola-wszystkich-swietych-ponownie-dostepna-panorame-gliwic-mozna-podziwiac-od-1-maja\/","name":"Wie\u017ca ko\u015bcio\u0142a Wszystkich \u015awi\u0119tych ponownie dost\u0119pna. Panoram\u0119 Gliwic mo\u017cna podziwia\u0107 od 1 maja - 24GLIWICE - Portal Gliwice | codziennie nowe informacje","isPartOf":{"@id":"https:\/\/www.24gliwice.pl\/wiadomosci\/#website"},"primaryImageOfPage":{"@id":"https:\/\/www.24gliwice.pl\/wiadomosci\/wieza-kosciola-wszystkich-swietych-ponownie-dostepna-panorame-gliwic-mozna-podziwiac-od-1-maja\/#primaryimage"},"image":{"@id":"https:\/\/www.24gliwice.pl\/wiadomosci\/wieza-kosciola-wszystkich-swietych-ponownie-dostepna-panorame-gliwic-mozna-podziwiac-od-1-maja\/#primaryimage"},"thumbnailUrl":"https:\/\/www.24gliwice.pl\/wiadomosci\/wp-content\/uploads\/2026\/04\/kosciol-wszystkich-swietych2.jpg","datePublished":"2026-04-30T07:59:54+00:00","description":"Wie\u017ca widokowa ko\u015bcio\u0142a pw. Wszystkich \u015awi\u0119tych zostanie udost\u0119pniona od 1 maja. Przez ca\u0142\u0105 maj\u00f3wk\u0119 umo\u017cliwia podziwianie panoramy Gliwic","breadcrumb":{"@id":"https:\/\/www.24gliwice.pl\/wiadomosci\/wieza-kosciola-wszystkich-swietych-ponownie-dostepna-panorame-gliwic-mozna-podziwiac-od-1-maja\/#breadcrumb"},"inLanguage":"pl-PL","potentialAction":[{"@type":"ReadAction","target":["https:\/\/www.24gliwice.pl\/wiadomosci\/wieza-kosciola-wszystkich-swietych-ponownie-dostepna-panorame-gliwic-mozna-podziwiac-od-1-maja\/"]}]},{"@type":"ImageObject","inLanguage":"pl-PL","@id":"https:\/\/www.24gliwice.pl\/wiadomosci\/wieza-kosciola-wszystkich-swietych-ponownie-dostepna-panorame-gliwic-mozna-podziwiac-od-1-maja\/#primaryimage","url":"https:\/\/www.24gliwice.pl\/wiadomosci\/wp-content\/uploads\/2026\/04\/kosciol-wszystkich-swietych2.jpg","contentUrl":"https:\/\/www.24gliwice.pl\/wiadomosci\/wp-content\/uploads\/2026\/04\/kosciol-wszystkich-swietych2.jpg","width":810,"height":457},{"@type":"BreadcrumbList","@id":"https:\/\/www.24gliwice.pl\/wiadomosci\/wieza-kosciola-wszystkich-swietych-ponownie-dostepna-panorame-gliwic-mozna-podziwiac-od-1-maja\/#breadcrumb","itemListElement":[{"@type":"ListItem","position":1,"name":"Strona g\u0142\u00f3wna","item":"https:\/\/www.24gliwice.pl\/wiadomosci\/"},{"@type":"ListItem","position":2,"name":"Wie\u017ca ko\u015bcio\u0142a Wszystkich \u015awi\u0119tych ponownie dost\u0119pna. Panoram\u0119 Gliwic mo\u017cna podziwia\u0107 od 1 maja"}]},{"@type":"WebSite","@id":"https:\/\/www.24gliwice.pl\/wiadomosci\/#website","url":"https:\/\/www.24gliwice.pl\/wiadomosci\/","name":"24GLIWICE - Portal Gliwice | codziennie nowe wiadomo\u015bci","description":"Portal Miejski Gliwice","publisher":{"@id":"https:\/\/www.24gliwice.pl\/wiadomosci\/#organization"},"potentialAction":[{"@type":"SearchAction","target":{"@type":"EntryPoint","urlTemplate":"https:\/\/www.24gliwice.pl\/wiadomosci\/?s={search_term_string}"},"query-input":{"@type":"PropertyValueSpecification","valueRequired":true,"valueName":"search_term_string"}}],"inLanguage":"pl-PL"},{"@type":"Organization","@id":"https:\/\/www.24gliwice.pl\/wiadomosci\/#organization","name":"24gliwice","url":"https:\/\/www.24gliwice.pl\/wiadomosci\/","logo":{"@type":"ImageObject","inLanguage":"pl-PL","@id":"https:\/\/www.24gliwice.pl\/wiadomosci\/#\/schema\/logo\/image\/","url":"https:\/\/www.24gliwice.pl\/wiadomosci\/wp-content\/uploads\/2024\/10\/24gliwice-logo-696.jpg","contentUrl":"https:\/\/www.24gliwice.pl\/wiadomosci\/wp-content\/uploads\/2024\/10\/24gliwice-logo-696.jpg","width":696,"height":696,"caption":"24gliwice"},"image":{"@id":"https:\/\/www.24gliwice.pl\/wiadomosci\/#\/schema\/logo\/image\/"},"sameAs":["https:\/\/www.facebook.com\/24gliwice","https:\/\/x.com\/24gliwice","https:\/\/www.youtube.com\/@24gliwice"]},{"@type":"Person","@id":"https:\/\/www.24gliwice.pl\/wiadomosci\/#\/schema\/person\/e42c650edd7f2fa332be3811fb166b6e","name":"\u017baneta Mrozek-Siewierska","image":{"@type":"ImageObject","inLanguage":"pl-PL","@id":"https:\/\/secure.gravatar.com\/avatar\/1881429e9c64597c77ad7aef2d0a19be69a3253e57534d16aa15bf3a4d34a0a3?s=96&d=mm&r=g","url":"https:\/\/secure.gravatar.com\/avatar\/1881429e9c64597c77ad7aef2d0a19be69a3253e57534d16aa15bf3a4d34a0a3?s=96&d=mm&r=g","contentUrl":"https:\/\/secure.gravatar.com\/avatar\/1881429e9c64597c77ad7aef2d0a19be69a3253e57534d16aa15bf3a4d34a0a3?s=96&d=mm&r=g","caption":"\u017baneta Mrozek-Siewierska"},"url":"https:\/\/www.24gliwice.pl\/wiadomosci\/author\/zms\/"}]}},"_links":{"self":[{"href":"https:\/\/www.24gliwice.pl\/wiadomosci\/wp-json\/wp\/v2\/posts\/269878","targetHints":{"allow":["GET"]}}],"collection":[{"href":"https:\/\/www.24gliwice.pl\/wiadomosci\/wp-json\/wp\/v2\/posts"}],"about":[{"href":"https:\/\/www.24gliwice.pl\/wiadomosci\/wp-json\/wp\/v2\/types\/post"}],"author":[{"embeddable":true,"href":"https:\/\/www.24gliwice.pl\/wiadomosci\/wp-json\/wp\/v2\/users\/15"}],"replies":[{"embeddable":true,"href":"https:\/\/www.24gliwice.pl\/wiadomosci\/wp-json\/wp\/v2\/comments?post=269878"}],"version-history":[{"count":4,"href":"https:\/\/www.24gliwice.pl\/wiadomosci\/wp-json\/wp\/v2\/posts\/269878\/revisions"}],"predecessor-version":[{"id":269977,"href":"https:\/\/www.24gliwice.pl\/wiadomosci\/wp-json\/wp\/v2\/posts\/269878\/revisions\/269977"}],"wp:featuredmedia":[{"embeddable":true,"href":"https:\/\/www.24gliwice.pl\/wiadomosci\/wp-json\/wp\/v2\/media\/269881"}],"wp:attachment":[{"href":"https:\/\/www.24gliwice.pl\/wiadomosci\/wp-json\/wp\/v2\/media?parent=269878"}],"wp:term":[{"taxonomy":"category","embeddable":true,"href":"https:\/\/www.24gliwice.pl\/wiadomosci\/wp-json\/wp\/v2\/categories?post=269878"},{"taxonomy":"post_tag","embeddable":true,"href":"https:\/\/www.24gliwice.pl\/wiadomosci\/wp-json\/wp\/v2\/tags?post=269878"}],"curies":[{"name":"wp","href":"https:\/\/api.w.org\/{rel}","templated":true}]}}