{"id":269962,"date":"2026-04-29T20:57:56","date_gmt":"2026-04-29T18:57:56","guid":{"rendered":"https:\/\/www.24gliwice.pl\/wiadomosci\/?p=269962"},"modified":"2026-04-29T20:58:16","modified_gmt":"2026-04-29T18:58:16","slug":"lezak-na-taras-jaki-model-wybrac","status":"publish","type":"post","link":"https:\/\/www.24gliwice.pl\/wiadomosci\/lezak-na-taras-jaki-model-wybrac\/","title":{"rendered":"Le\u017cak na taras \u2013 jaki model wybra\u0107?"},"content":{"rendered":"<h4><b>Le\u017caki ogrodowe znacznie podnosz\u0105 jako\u015b\u0107 odpoczynku na \u015bwie\u017cym powietrzu. Wa\u017cny jest jednak dob\u00f3r odpowiedniego modelu, kt\u00f3ry b\u0119dzie nadawa\u0142 si\u0119 do zmiennych warunk\u00f3w atmosferycznych, a do tego zapewni wygod\u0119 oraz funkcjonalno\u015b\u0107. Zobacz, na co warto zwr\u00f3ci\u0107 uwag\u0119 przy wyborze le\u017cak\u00f3w na taras.<\/b><\/h4>\n<p><!--more--><\/p>\n<hr>\n<h2>Materia\u0142y a odporno\u015b\u0107 na warunki atmosferyczne<\/h2>\n<p>Le\u017caki stoj\u0105ce na tarasach <b>powinny by\u0107 wytrzyma\u0142e i odporne na zmieniaj\u0105ce si\u0119 warunki atmosferyczne<\/b>. Trwa\u0142o\u015b\u0107 modeli zale\u017cy przede wszystkim od surowca, z kt\u00f3rego wykonano ich stela\u017c. Jednym z cz\u0119stych wybor\u00f3w s\u0105 wersje drewniane, wyr\u00f3\u017cniaj\u0105ce si\u0119 naturalnym wygl\u0105dem i du\u017c\u0105 stabilno\u015bci\u0105. Wymagaj\u0105 jednak regularnej impregnacji, aby zachowa\u0142y odporno\u015b\u0107 na wilgo\u0107.<\/p>\n<p>Alternatyw\u0105 s\u0105 <b>konstrukcje aluminiowe, kt\u00f3re s\u0105 lekkie, \u0142atwe w przenoszeniu i odporne na korozj\u0119<\/b>, co sprawia, \u017ce cz\u0119\u015bciej zostawia si\u0119 je w miejscach nieos\u0142oni\u0119tych zadaszeniem. Inn\u0105 opcj\u0105 jest <b>technorattan \u2013 syntetyczna plecionka \u2013 imituj\u0105ca naturalne pn\u0105cza. Jest odporny na promieniowanie UV, deszcz i mr\u00f3z<\/b>, co czyni go dobrym wyborem na meble ogrodowe czy na taras. Dodatkowo atutem jest \u0142atwo\u015b\u0107 czyszczenia oraz odporno\u015b\u0107 na zabrudzenia, co znacz\u0105co podnosi wygod\u0119 codziennego u\u017cytkowania i zachowanie estetycznego wygl\u0105du. Je\u015bli szukasz rozwi\u0105za\u0144 dla siebie, sprawd\u017a r\u00f3\u017cnorodne modele le\u017cak\u00f3w w\u015br\u00f3d kolekcji, chocia\u017cby na stronie: <a href=\"https:\/\/www.empik.com\/dom-i-ogrod\/meble-ogrodowe\/lezaki-ogrodowe,39700104,s\"><u>https:\/\/www.empik.com\/dom-i-ogrod\/meble-ogrodowe\/lezaki-ogrodowe,39700104,s<\/u><\/a> i dobierz ten, kt\u00f3ry b\u0119dzie odpowiada\u0142 Twojej estetyce oraz oczekiwaniom.<\/p>\n<h2>Funkcjonalne mechanizmy le\u017cak\u00f3w<\/h2>\n<p>Przy wyborze le\u017caka na taras wa\u017cna jest r\u00f3wnie\u017c wygoda jego konstrukcji. <strong>Komfort u\u017cytkowania wynika bezpo\u015brednio z budowy, a zw\u0142aszcza z regulacji oparcia<\/strong>. Mo\u017cliwo\u015b\u0107 dopasowania k\u0105ta nachylenia pozycji jest przydatnym udogodnieniem, kt\u00f3re u\u0142atwia wykonywanie r\u00f3\u017cnych czynno\u015bci na le\u017caku. Do czytania warto ustawi\u0107 oparcie w pionie, a podczas opalania roz\u0142o\u017cy\u0107 ca\u0142kowicie na p\u0142asko.<\/p>\n<p>Warto r\u00f3wnie\u017c zwr\u00f3ci\u0107 uwag\u0119 na <strong>mobilno\u015b\u0107 mebli<\/strong>. Modele wyposa\u017cone w k\u00f3\u0142ka przy tylnej osi pozwalaj\u0105 na przemieszczanie le\u017caka w stron\u0119 s\u0142o\u0144ca. Z kolei dla os\u00f3b, kt\u00f3re maj\u0105 ma\u0142e tarasy, przydatne b\u0119d\u0105 opcje sk\u0142adania, u\u0142atwiaj\u0105ce przechowywanie le\u017caka przy potrzebie wykorzystania przestrzeni w inny spos\u00f3b.<\/p>\n<h2>Ergonomia siedziska i dob\u00f3r tekstyli\u00f3w<\/h2>\n<p>Wa\u017cnym elementem, kt\u00f3ry powinno si\u0119 uwzgl\u0119dni\u0107 podczas podejmowania decyzji o zakupie le\u017caka, jest jego <strong>siedzisko i materia\u0142, z kt\u00f3rego zosta\u0142o wykonane<\/strong>. Praktycznym wyborem s\u0105 mi\u0119dzy innymi tkaniny szybkoschn\u0105ce. Do tego elastyczne w\u0142\u00f3kna poliestrowe pokryte winylem dopasowuj\u0105 si\u0119 do kszta\u0142tu cia\u0142a i zapewniaj\u0105 odpowiedni\u0105 cyrkulacj\u0119 powietrza.<\/p>\n<p>Wyb\u00f3r le\u017caka na taras powinien wynika\u0107 z analizy jego r\u00f3\u017cnorodnych element\u00f3w, ale tak\u017ce z analizy warunk\u00f3w, w kt\u00f3rych b\u0119dzie u\u017cytkowany. Dost\u0119pne na rynku wersje drewniane, metalowe czy z tworzyw sztucznych s\u0105 produkowane z my\u015bl\u0105 o d\u0142ugiej \u017cywotno\u015bci. Odpowiednio dobrany model, uwzgl\u0119dniaj\u0105cy ergonomi\u0119, jako\u015b\u0107 wykonania oraz indywidualne potrzeby domownik\u00f3w, pozwoli stworzy\u0107 funkcjonaln\u0105 stref\u0119 relaksu.<\/p>\n<p>Artyku\u0142 sponsorowany<br \/>\n<div id=\"gliwi-3459709702\"><div class=\"gliwi-adlabel\"><span style=\"font-size: 9px\">REKLAMA<\/span><\/div><small>materia\u0142 partnera | <a href=\"https:\/\/www.24gliwice.pl\/wiadomosci\/material-partnera-warunki\/\" target=\"_blank\" rel=\"noopener\">informacja<\/a><\/small><\/div>\n","protected":false},"excerpt":{"rendered":"<p>Le\u017caki ogrodowe znacznie podnosz\u0105 jako\u015b\u0107 odpoczynku na \u015bwie\u017cym powietrzu. Wa\u017cny jest jednak dob\u00f3r odpowiedniego modelu, kt\u00f3ry b\u0119dzie nadawa\u0142 si\u0119 do zmiennych warunk\u00f3w atmosferycznych, a do tego zapewni wygod\u0119 oraz funkcjonalno\u015b\u0107. Zobacz, na co warto zwr\u00f3ci\u0107 uwag\u0119 przy wyborze le\u017cak\u00f3w na taras.<\/p>\n","protected":false},"author":4,"featured_media":269965,"comment_status":"closed","ping_status":"closed","sticky":false,"template":"","format":"standard","meta":{"_monsterinsights_skip_tracking":false,"_monsterinsights_sitenote_active":false,"_monsterinsights_sitenote_note":"","_monsterinsights_sitenote_category":0,"footnotes":"","_links_to":"","_links_to_target":""},"categories":[22470],"tags":[],"class_list":["post-269962","post","type-post","status-publish","format-standard","has-post-thumbnail","hentry","category-material_p"],"yoast_head":"<!-- This site is optimized with the Yoast SEO plugin v27.5 - https:\/\/yoast.com\/product\/yoast-seo-wordpress\/ -->\n<title>Le\u017cak na taras \u2013 jaki model wybra\u0107? - 24GLIWICE - Portal Gliwice | codziennie nowe informacje<\/title>\n<meta name=\"robots\" content=\"index, follow, max-snippet:-1, max-image-preview:large, max-video-preview:-1\" \/>\n<link rel=\"canonical\" href=\"https:\/\/www.24gliwice.pl\/wiadomosci\/lezak-na-taras-jaki-model-wybrac\/\" \/>\n<meta property=\"og:locale\" content=\"pl_PL\" \/>\n<meta property=\"og:type\" content=\"article\" \/>\n<meta property=\"og:title\" content=\"Le\u017cak na taras \u2013 jaki model wybra\u0107? - 24GLIWICE - Portal Gliwice | codziennie nowe informacje\" \/>\n<meta property=\"og:description\" content=\"Le\u017caki ogrodowe znacznie podnosz\u0105 jako\u015b\u0107 odpoczynku na \u015bwie\u017cym powietrzu. Wa\u017cny jest jednak dob\u00f3r odpowiedniego modelu, kt\u00f3ry b\u0119dzie nadawa\u0142 si\u0119 do zmiennych warunk\u00f3w atmosferycznych, a do tego zapewni wygod\u0119 oraz funkcjonalno\u015b\u0107. Zobacz, na co warto zwr\u00f3ci\u0107 uwag\u0119 przy wyborze le\u017cak\u00f3w na taras.\" \/>\n<meta property=\"og:url\" content=\"https:\/\/www.24gliwice.pl\/wiadomosci\/lezak-na-taras-jaki-model-wybrac\/\" \/>\n<meta property=\"og:site_name\" content=\"24GLIWICE - Portal Gliwice | codziennie nowe informacje\" \/>\n<meta property=\"article:publisher\" content=\"https:\/\/www.facebook.com\/24gliwice\" \/>\n<meta property=\"article:author\" content=\"https:\/\/www.facebook.com\/marcin.fabrykowski\" \/>\n<meta property=\"article:published_time\" content=\"2026-04-29T18:57:56+00:00\" \/>\n<meta property=\"article:modified_time\" content=\"2026-04-29T18:58:16+00:00\" \/>\n<meta property=\"og:image\" content=\"https:\/\/www.24gliwice.pl\/wiadomosci\/wp-content\/uploads\/2026\/04\/lezaki.jpg\" \/>\n\t<meta property=\"og:image:width\" content=\"810\" \/>\n\t<meta property=\"og:image:height\" content=\"541\" \/>\n\t<meta property=\"og:image:type\" content=\"image\/jpeg\" \/>\n<meta name=\"author\" content=\"Marcin Fabrykowski\" \/>\n<meta name=\"twitter:card\" content=\"summary_large_image\" \/>\n<meta name=\"twitter:creator\" content=\"@24gliwice\" \/>\n<meta name=\"twitter:site\" content=\"@24gliwice\" \/>\n<meta name=\"twitter:label1\" content=\"Napisane przez\" \/>\n\t<meta name=\"twitter:data1\" content=\"Marcin Fabrykowski\" \/>\n\t<meta name=\"twitter:label2\" content=\"Szacowany czas czytania\" \/>\n\t<meta name=\"twitter:data2\" content=\"3 minuty\" \/>\n<script type=\"application\/ld+json\" class=\"yoast-schema-graph\">{\"@context\":\"https:\\\/\\\/schema.org\",\"@graph\":[{\"@type\":\"Article\",\"@id\":\"https:\\\/\\\/www.24gliwice.pl\\\/wiadomosci\\\/lezak-na-taras-jaki-model-wybrac\\\/#article\",\"isPartOf\":{\"@id\":\"https:\\\/\\\/www.24gliwice.pl\\\/wiadomosci\\\/lezak-na-taras-jaki-model-wybrac\\\/\"},\"author\":{\"name\":\"Marcin Fabrykowski\",\"@id\":\"https:\\\/\\\/www.24gliwice.pl\\\/wiadomosci\\\/#\\\/schema\\\/person\\\/cb5857e4a4d048c15984c1edcc8ef0c0\"},\"headline\":\"Le\u017cak na taras \u2013 jaki model wybra\u0107?\",\"datePublished\":\"2026-04-29T18:57:56+00:00\",\"dateModified\":\"2026-04-29T18:58:16+00:00\",\"mainEntityOfPage\":{\"@id\":\"https:\\\/\\\/www.24gliwice.pl\\\/wiadomosci\\\/lezak-na-taras-jaki-model-wybrac\\\/\"},\"wordCount\":521,\"publisher\":{\"@id\":\"https:\\\/\\\/www.24gliwice.pl\\\/wiadomosci\\\/#organization\"},\"image\":{\"@id\":\"https:\\\/\\\/www.24gliwice.pl\\\/wiadomosci\\\/lezak-na-taras-jaki-model-wybrac\\\/#primaryimage\"},\"thumbnailUrl\":\"https:\\\/\\\/www.24gliwice.pl\\\/wiadomosci\\\/wp-content\\\/uploads\\\/2026\\\/04\\\/lezaki.jpg\",\"articleSection\":[\"materia\u0142 partnera\"],\"inLanguage\":\"pl-PL\"},{\"@type\":\"WebPage\",\"@id\":\"https:\\\/\\\/www.24gliwice.pl\\\/wiadomosci\\\/lezak-na-taras-jaki-model-wybrac\\\/\",\"url\":\"https:\\\/\\\/www.24gliwice.pl\\\/wiadomosci\\\/lezak-na-taras-jaki-model-wybrac\\\/\",\"name\":\"Le\u017cak na taras \u2013 jaki model wybra\u0107? - 24GLIWICE - Portal Gliwice | codziennie nowe informacje\",\"isPartOf\":{\"@id\":\"https:\\\/\\\/www.24gliwice.pl\\\/wiadomosci\\\/#website\"},\"primaryImageOfPage\":{\"@id\":\"https:\\\/\\\/www.24gliwice.pl\\\/wiadomosci\\\/lezak-na-taras-jaki-model-wybrac\\\/#primaryimage\"},\"image\":{\"@id\":\"https:\\\/\\\/www.24gliwice.pl\\\/wiadomosci\\\/lezak-na-taras-jaki-model-wybrac\\\/#primaryimage\"},\"thumbnailUrl\":\"https:\\\/\\\/www.24gliwice.pl\\\/wiadomosci\\\/wp-content\\\/uploads\\\/2026\\\/04\\\/lezaki.jpg\",\"datePublished\":\"2026-04-29T18:57:56+00:00\",\"dateModified\":\"2026-04-29T18:58:16+00:00\",\"breadcrumb\":{\"@id\":\"https:\\\/\\\/www.24gliwice.pl\\\/wiadomosci\\\/lezak-na-taras-jaki-model-wybrac\\\/#breadcrumb\"},\"inLanguage\":\"pl-PL\",\"potentialAction\":[{\"@type\":\"ReadAction\",\"target\":[\"https:\\\/\\\/www.24gliwice.pl\\\/wiadomosci\\\/lezak-na-taras-jaki-model-wybrac\\\/\"]}]},{\"@type\":\"ImageObject\",\"inLanguage\":\"pl-PL\",\"@id\":\"https:\\\/\\\/www.24gliwice.pl\\\/wiadomosci\\\/lezak-na-taras-jaki-model-wybrac\\\/#primaryimage\",\"url\":\"https:\\\/\\\/www.24gliwice.pl\\\/wiadomosci\\\/wp-content\\\/uploads\\\/2026\\\/04\\\/lezaki.jpg\",\"contentUrl\":\"https:\\\/\\\/www.24gliwice.pl\\\/wiadomosci\\\/wp-content\\\/uploads\\\/2026\\\/04\\\/lezaki.jpg\",\"width\":810,\"height\":541,\"caption\":\"pexels.com\"},{\"@type\":\"BreadcrumbList\",\"@id\":\"https:\\\/\\\/www.24gliwice.pl\\\/wiadomosci\\\/lezak-na-taras-jaki-model-wybrac\\\/#breadcrumb\",\"itemListElement\":[{\"@type\":\"ListItem\",\"position\":1,\"name\":\"Strona g\u0142\u00f3wna\",\"item\":\"https:\\\/\\\/www.24gliwice.pl\\\/wiadomosci\\\/\"},{\"@type\":\"ListItem\",\"position\":2,\"name\":\"Le\u017cak na taras \u2013 jaki model wybra\u0107?\"}]},{\"@type\":\"WebSite\",\"@id\":\"https:\\\/\\\/www.24gliwice.pl\\\/wiadomosci\\\/#website\",\"url\":\"https:\\\/\\\/www.24gliwice.pl\\\/wiadomosci\\\/\",\"name\":\"24GLIWICE - Portal Gliwice | codziennie nowe wiadomo\u015bci\",\"description\":\"Portal Miejski Gliwice\",\"publisher\":{\"@id\":\"https:\\\/\\\/www.24gliwice.pl\\\/wiadomosci\\\/#organization\"},\"potentialAction\":[{\"@type\":\"SearchAction\",\"target\":{\"@type\":\"EntryPoint\",\"urlTemplate\":\"https:\\\/\\\/www.24gliwice.pl\\\/wiadomosci\\\/?s={search_term_string}\"},\"query-input\":{\"@type\":\"PropertyValueSpecification\",\"valueRequired\":true,\"valueName\":\"search_term_string\"}}],\"inLanguage\":\"pl-PL\"},{\"@type\":\"Organization\",\"@id\":\"https:\\\/\\\/www.24gliwice.pl\\\/wiadomosci\\\/#organization\",\"name\":\"24gliwice\",\"url\":\"https:\\\/\\\/www.24gliwice.pl\\\/wiadomosci\\\/\",\"logo\":{\"@type\":\"ImageObject\",\"inLanguage\":\"pl-PL\",\"@id\":\"https:\\\/\\\/www.24gliwice.pl\\\/wiadomosci\\\/#\\\/schema\\\/logo\\\/image\\\/\",\"url\":\"https:\\\/\\\/www.24gliwice.pl\\\/wiadomosci\\\/wp-content\\\/uploads\\\/2024\\\/10\\\/24gliwice-logo-696.jpg\",\"contentUrl\":\"https:\\\/\\\/www.24gliwice.pl\\\/wiadomosci\\\/wp-content\\\/uploads\\\/2024\\\/10\\\/24gliwice-logo-696.jpg\",\"width\":696,\"height\":696,\"caption\":\"24gliwice\"},\"image\":{\"@id\":\"https:\\\/\\\/www.24gliwice.pl\\\/wiadomosci\\\/#\\\/schema\\\/logo\\\/image\\\/\"},\"sameAs\":[\"https:\\\/\\\/www.facebook.com\\\/24gliwice\",\"https:\\\/\\\/x.com\\\/24gliwice\",\"https:\\\/\\\/www.youtube.com\\\/@24gliwice\"]},{\"@type\":\"Person\",\"@id\":\"https:\\\/\\\/www.24gliwice.pl\\\/wiadomosci\\\/#\\\/schema\\\/person\\\/cb5857e4a4d048c15984c1edcc8ef0c0\",\"name\":\"Marcin Fabrykowski\",\"image\":{\"@type\":\"ImageObject\",\"inLanguage\":\"pl-PL\",\"@id\":\"https:\\\/\\\/www.24gliwice.pl\\\/wiadomosci\\\/wp-content\\\/uploads\\\/2025\\\/11\\\/zdjecie-moje-marcin-300-96x96.jpg\",\"url\":\"https:\\\/\\\/www.24gliwice.pl\\\/wiadomosci\\\/wp-content\\\/uploads\\\/2025\\\/11\\\/zdjecie-moje-marcin-300-96x96.jpg\",\"contentUrl\":\"https:\\\/\\\/www.24gliwice.pl\\\/wiadomosci\\\/wp-content\\\/uploads\\\/2025\\\/11\\\/zdjecie-moje-marcin-300-96x96.jpg\",\"caption\":\"Marcin Fabrykowski\"},\"sameAs\":[\"http:\\\/\\\/24gliwice.pl\",\"https:\\\/\\\/www.facebook.com\\\/marcin.fabrykowski\"],\"url\":\"https:\\\/\\\/www.24gliwice.pl\\\/wiadomosci\\\/author\\\/marcin-fabrykowski\\\/\"}]}<\/script>\n<!-- \/ Yoast SEO plugin. -->","yoast_head_json":{"title":"Le\u017cak na taras \u2013 jaki model wybra\u0107? - 24GLIWICE - Portal Gliwice | codziennie nowe informacje","robots":{"index":"index","follow":"follow","max-snippet":"max-snippet:-1","max-image-preview":"max-image-preview:large","max-video-preview":"max-video-preview:-1"},"canonical":"https:\/\/www.24gliwice.pl\/wiadomosci\/lezak-na-taras-jaki-model-wybrac\/","og_locale":"pl_PL","og_type":"article","og_title":"Le\u017cak na taras \u2013 jaki model wybra\u0107? - 24GLIWICE - Portal Gliwice | codziennie nowe informacje","og_description":"Le\u017caki ogrodowe znacznie podnosz\u0105 jako\u015b\u0107 odpoczynku na \u015bwie\u017cym powietrzu. Wa\u017cny jest jednak dob\u00f3r odpowiedniego modelu, kt\u00f3ry b\u0119dzie nadawa\u0142 si\u0119 do zmiennych warunk\u00f3w atmosferycznych, a do tego zapewni wygod\u0119 oraz funkcjonalno\u015b\u0107. Zobacz, na co warto zwr\u00f3ci\u0107 uwag\u0119 przy wyborze le\u017cak\u00f3w na taras.","og_url":"https:\/\/www.24gliwice.pl\/wiadomosci\/lezak-na-taras-jaki-model-wybrac\/","og_site_name":"24GLIWICE - Portal Gliwice | codziennie nowe informacje","article_publisher":"https:\/\/www.facebook.com\/24gliwice","article_author":"https:\/\/www.facebook.com\/marcin.fabrykowski","article_published_time":"2026-04-29T18:57:56+00:00","article_modified_time":"2026-04-29T18:58:16+00:00","og_image":[{"width":810,"height":541,"url":"https:\/\/www.24gliwice.pl\/wiadomosci\/wp-content\/uploads\/2026\/04\/lezaki.jpg","type":"image\/jpeg"}],"author":"Marcin Fabrykowski","twitter_card":"summary_large_image","twitter_creator":"@24gliwice","twitter_site":"@24gliwice","twitter_misc":{"Napisane przez":"Marcin Fabrykowski","Szacowany czas czytania":"3 minuty"},"schema":{"@context":"https:\/\/schema.org","@graph":[{"@type":"Article","@id":"https:\/\/www.24gliwice.pl\/wiadomosci\/lezak-na-taras-jaki-model-wybrac\/#article","isPartOf":{"@id":"https:\/\/www.24gliwice.pl\/wiadomosci\/lezak-na-taras-jaki-model-wybrac\/"},"author":{"name":"Marcin Fabrykowski","@id":"https:\/\/www.24gliwice.pl\/wiadomosci\/#\/schema\/person\/cb5857e4a4d048c15984c1edcc8ef0c0"},"headline":"Le\u017cak na taras \u2013 jaki model wybra\u0107?","datePublished":"2026-04-29T18:57:56+00:00","dateModified":"2026-04-29T18:58:16+00:00","mainEntityOfPage":{"@id":"https:\/\/www.24gliwice.pl\/wiadomosci\/lezak-na-taras-jaki-model-wybrac\/"},"wordCount":521,"publisher":{"@id":"https:\/\/www.24gliwice.pl\/wiadomosci\/#organization"},"image":{"@id":"https:\/\/www.24gliwice.pl\/wiadomosci\/lezak-na-taras-jaki-model-wybrac\/#primaryimage"},"thumbnailUrl":"https:\/\/www.24gliwice.pl\/wiadomosci\/wp-content\/uploads\/2026\/04\/lezaki.jpg","articleSection":["materia\u0142 partnera"],"inLanguage":"pl-PL"},{"@type":"WebPage","@id":"https:\/\/www.24gliwice.pl\/wiadomosci\/lezak-na-taras-jaki-model-wybrac\/","url":"https:\/\/www.24gliwice.pl\/wiadomosci\/lezak-na-taras-jaki-model-wybrac\/","name":"Le\u017cak na taras \u2013 jaki model wybra\u0107? - 24GLIWICE - Portal Gliwice | codziennie nowe informacje","isPartOf":{"@id":"https:\/\/www.24gliwice.pl\/wiadomosci\/#website"},"primaryImageOfPage":{"@id":"https:\/\/www.24gliwice.pl\/wiadomosci\/lezak-na-taras-jaki-model-wybrac\/#primaryimage"},"image":{"@id":"https:\/\/www.24gliwice.pl\/wiadomosci\/lezak-na-taras-jaki-model-wybrac\/#primaryimage"},"thumbnailUrl":"https:\/\/www.24gliwice.pl\/wiadomosci\/wp-content\/uploads\/2026\/04\/lezaki.jpg","datePublished":"2026-04-29T18:57:56+00:00","dateModified":"2026-04-29T18:58:16+00:00","breadcrumb":{"@id":"https:\/\/www.24gliwice.pl\/wiadomosci\/lezak-na-taras-jaki-model-wybrac\/#breadcrumb"},"inLanguage":"pl-PL","potentialAction":[{"@type":"ReadAction","target":["https:\/\/www.24gliwice.pl\/wiadomosci\/lezak-na-taras-jaki-model-wybrac\/"]}]},{"@type":"ImageObject","inLanguage":"pl-PL","@id":"https:\/\/www.24gliwice.pl\/wiadomosci\/lezak-na-taras-jaki-model-wybrac\/#primaryimage","url":"https:\/\/www.24gliwice.pl\/wiadomosci\/wp-content\/uploads\/2026\/04\/lezaki.jpg","contentUrl":"https:\/\/www.24gliwice.pl\/wiadomosci\/wp-content\/uploads\/2026\/04\/lezaki.jpg","width":810,"height":541,"caption":"pexels.com"},{"@type":"BreadcrumbList","@id":"https:\/\/www.24gliwice.pl\/wiadomosci\/lezak-na-taras-jaki-model-wybrac\/#breadcrumb","itemListElement":[{"@type":"ListItem","position":1,"name":"Strona g\u0142\u00f3wna","item":"https:\/\/www.24gliwice.pl\/wiadomosci\/"},{"@type":"ListItem","position":2,"name":"Le\u017cak na taras \u2013 jaki model wybra\u0107?"}]},{"@type":"WebSite","@id":"https:\/\/www.24gliwice.pl\/wiadomosci\/#website","url":"https:\/\/www.24gliwice.pl\/wiadomosci\/","name":"24GLIWICE - Portal Gliwice | codziennie nowe wiadomo\u015bci","description":"Portal Miejski Gliwice","publisher":{"@id":"https:\/\/www.24gliwice.pl\/wiadomosci\/#organization"},"potentialAction":[{"@type":"SearchAction","target":{"@type":"EntryPoint","urlTemplate":"https:\/\/www.24gliwice.pl\/wiadomosci\/?s={search_term_string}"},"query-input":{"@type":"PropertyValueSpecification","valueRequired":true,"valueName":"search_term_string"}}],"inLanguage":"pl-PL"},{"@type":"Organization","@id":"https:\/\/www.24gliwice.pl\/wiadomosci\/#organization","name":"24gliwice","url":"https:\/\/www.24gliwice.pl\/wiadomosci\/","logo":{"@type":"ImageObject","inLanguage":"pl-PL","@id":"https:\/\/www.24gliwice.pl\/wiadomosci\/#\/schema\/logo\/image\/","url":"https:\/\/www.24gliwice.pl\/wiadomosci\/wp-content\/uploads\/2024\/10\/24gliwice-logo-696.jpg","contentUrl":"https:\/\/www.24gliwice.pl\/wiadomosci\/wp-content\/uploads\/2024\/10\/24gliwice-logo-696.jpg","width":696,"height":696,"caption":"24gliwice"},"image":{"@id":"https:\/\/www.24gliwice.pl\/wiadomosci\/#\/schema\/logo\/image\/"},"sameAs":["https:\/\/www.facebook.com\/24gliwice","https:\/\/x.com\/24gliwice","https:\/\/www.youtube.com\/@24gliwice"]},{"@type":"Person","@id":"https:\/\/www.24gliwice.pl\/wiadomosci\/#\/schema\/person\/cb5857e4a4d048c15984c1edcc8ef0c0","name":"Marcin Fabrykowski","image":{"@type":"ImageObject","inLanguage":"pl-PL","@id":"https:\/\/www.24gliwice.pl\/wiadomosci\/wp-content\/uploads\/2025\/11\/zdjecie-moje-marcin-300-96x96.jpg","url":"https:\/\/www.24gliwice.pl\/wiadomosci\/wp-content\/uploads\/2025\/11\/zdjecie-moje-marcin-300-96x96.jpg","contentUrl":"https:\/\/www.24gliwice.pl\/wiadomosci\/wp-content\/uploads\/2025\/11\/zdjecie-moje-marcin-300-96x96.jpg","caption":"Marcin Fabrykowski"},"sameAs":["http:\/\/24gliwice.pl","https:\/\/www.facebook.com\/marcin.fabrykowski"],"url":"https:\/\/www.24gliwice.pl\/wiadomosci\/author\/marcin-fabrykowski\/"}]}},"_links":{"self":[{"href":"https:\/\/www.24gliwice.pl\/wiadomosci\/wp-json\/wp\/v2\/posts\/269962","targetHints":{"allow":["GET"]}}],"collection":[{"href":"https:\/\/www.24gliwice.pl\/wiadomosci\/wp-json\/wp\/v2\/posts"}],"about":[{"href":"https:\/\/www.24gliwice.pl\/wiadomosci\/wp-json\/wp\/v2\/types\/post"}],"author":[{"embeddable":true,"href":"https:\/\/www.24gliwice.pl\/wiadomosci\/wp-json\/wp\/v2\/users\/4"}],"replies":[{"embeddable":true,"href":"https:\/\/www.24gliwice.pl\/wiadomosci\/wp-json\/wp\/v2\/comments?post=269962"}],"version-history":[{"count":2,"href":"https:\/\/www.24gliwice.pl\/wiadomosci\/wp-json\/wp\/v2\/posts\/269962\/revisions"}],"predecessor-version":[{"id":269964,"href":"https:\/\/www.24gliwice.pl\/wiadomosci\/wp-json\/wp\/v2\/posts\/269962\/revisions\/269964"}],"wp:featuredmedia":[{"embeddable":true,"href":"https:\/\/www.24gliwice.pl\/wiadomosci\/wp-json\/wp\/v2\/media\/269965"}],"wp:attachment":[{"href":"https:\/\/www.24gliwice.pl\/wiadomosci\/wp-json\/wp\/v2\/media?parent=269962"}],"wp:term":[{"taxonomy":"category","embeddable":true,"href":"https:\/\/www.24gliwice.pl\/wiadomosci\/wp-json\/wp\/v2\/categories?post=269962"},{"taxonomy":"post_tag","embeddable":true,"href":"https:\/\/www.24gliwice.pl\/wiadomosci\/wp-json\/wp\/v2\/tags?post=269962"}],"curies":[{"name":"wp","href":"https:\/\/api.w.org\/{rel}","templated":true}]}}