{"id":270020,"date":"2026-05-02T04:00:42","date_gmt":"2026-05-02T02:00:42","guid":{"rendered":"https:\/\/www.24gliwice.pl\/wiadomosci\/?p=270020"},"modified":"2026-05-02T04:28:24","modified_gmt":"2026-05-02T02:28:24","slug":"takiej-arogancji-nie-bylo-w-calej-historii-gliwickiego-samorzadu-z-frankiewicz-o-aferze-wokol-okraglaka","status":"publish","type":"post","link":"https:\/\/www.24gliwice.pl\/wiadomosci\/takiej-arogancji-nie-bylo-w-calej-historii-gliwickiego-samorzadu-z-frankiewicz-o-aferze-wokol-okraglaka\/","title":{"rendered":"&#8220;Takiej arogancji nie by\u0142o w ca\u0142ej historii gliwickiego samorz\u0105du&#8221;. Z. Frankiewicz o aferze wok\u00f3\u0142 Okr\u0105glaka"},"content":{"rendered":"<div class=\"gliwi-a6-nad-leadem-artykulow gliwi-entity-placement\" id=\"gliwi-2869251648\"><div class=\"gliwi-adlabel\"><span style=\"font-size: 9px\">REKLAMA<\/span><\/div><div id=\"gliwi-1259131796\" style=\"margin-bottom: 30px;margin-left: auto;margin-right: auto;text-align: center;\"><a data-no-instant=\"1\" href=\"https:\/\/przedszkole.halogen.org.pl\/\" rel=\"noopener\" class=\"a2t-link\" target=\"_blank\" aria-label=\"20260402-ANIMATOR-przedszkole_grafika_750x200\"><img loading=\"lazy\" decoding=\"async\" src=\"https:\/\/www.24gliwice.pl\/wiadomosci\/wp-content\/uploads\/2026\/04\/20260402-ANIMATOR-przedszkole_grafika_750x200.webp\" alt=\"\"  srcset=\"https:\/\/www.24gliwice.pl\/wiadomosci\/wp-content\/uploads\/2026\/04\/20260402-ANIMATOR-przedszkole_grafika_750x200.webp 750w, https:\/\/www.24gliwice.pl\/wiadomosci\/wp-content\/uploads\/2026\/04\/20260402-ANIMATOR-przedszkole_grafika_750x200-410x109.webp 410w\" sizes=\"(max-width: 750px) 100vw, 750px\" class=\"no-lazyload\" width=\"750\" height=\"200\"  style=\"display: inline-block; max-width: 100%; height: auto;\" \/><\/a><\/div><\/div><h2>&#8211; W imieniu mieszka\u0144c\u00f3w Gliwic domagam si\u0119 od prezydentki Katarzyny Kuczy\u0144skiej\u2013Budki pilnych wyja\u015bnie\u0144 oraz odniesienia si\u0119 do zarzut\u00f3w formu\u0142owanych wobec inwestycji &#8211; m\u00f3wi Zygmunt Frankiewicz, senator RP w nawi\u0105zaniu do licznych kontrowersji wok\u00f3\u0142 budowy pawilonu gastronomicznego przy Pl. Grunwaldzkim, tzw. Okr\u0105glaka. <\/h2>\n<p><!--more--><br \/>\nBy\u0142y samorz\u0105dowiec zwr\u00f3ci\u0142 si\u0119 do prokuratury i do prezydent miasta z wnioskami m.in. o udost\u0119pnienie ekspertyzy technicznej. Poinformowa\u0142 o tym podczas spotkania z mediami w biurze senatorskim w Gliwicach.<\/p>\n<p><iframe loading=\"lazy\" title=\"Z. FRANKIEWICZ - BRIEFING OKR\u0104GLAK\" width=\"810\" height=\"456\" src=\"https:\/\/www.youtube.com\/embed\/ZP5yDY51AUo?feature=oembed\" frameborder=\"0\" allow=\"accelerometer; autoplay; clipboard-write; encrypted-media; gyroscope; picture-in-picture; web-share\" referrerpolicy=\"strict-origin-when-cross-origin\" allowfullscreen><\/iframe><\/p>\n<p>Przypomnijmy, \u017ce miasto w lutym zleci\u0142o Politechnice \u015al\u0105skiej weryfikacj\u0119 stanu technicznego budynku Restauracji Parkowej przy placu Grunwaldzkim. Specjali\u015bci mieli oceni\u0107, czy budynek zosta\u0142 wykonany zgodnie z obowi\u0105zuj\u0105cymi przepisami i normami.<\/p><div class=\"gliwi-a3-w-tresci-artykulow gliwi-entity-placement\" id=\"gliwi-3695593108\"><div class=\"gliwi-adlabel\"><span style=\"font-size: 9px\">REKLAMA<\/span><\/div><div id=\"gliwi-2656647611\" style=\"margin-bottom: 30px;margin-left: auto;margin-right: auto;text-align: center;\"><a data-no-instant=\"1\" href=\"https:\/\/zlobek.halogen.org.pl\/\" rel=\"noopener\" class=\"a2t-link\" target=\"_blank\" aria-label=\"animator-zlobek_750x200\"><img loading=\"lazy\" decoding=\"async\" src=\"https:\/\/www.24gliwice.pl\/wiadomosci\/wp-content\/uploads\/2026\/02\/animator-zlobek_750x200.webp\" alt=\"\"  srcset=\"https:\/\/www.24gliwice.pl\/wiadomosci\/wp-content\/uploads\/2026\/02\/animator-zlobek_750x200.webp 750w, https:\/\/www.24gliwice.pl\/wiadomosci\/wp-content\/uploads\/2026\/02\/animator-zlobek_750x200-410x109.webp 410w\" sizes=\"(max-width: 750px) 100vw, 750px\" class=\"no-lazyload\" width=\"750\" height=\"200\"  style=\"display: inline-block; max-width: 100%; height: auto;\" \/><\/a><\/div><\/div>\n<p>&#8211; <em>Stwierdzone (18 grudnia) uchybienia m\u00f3wi\u0142y o istotnych odst\u0119pstwach od projektu budowlanego, wadach konstrukcyjnych, w tym wadach, kt\u00f3re mog\u0105 stwarza\u0107 zagro\u017cenie dla bezpiecze\u0144stwa, o licznych nieudokumentowanych zmianach w przyj\u0119tych rozwi\u0105zaniach konstrukcyjnych, zastosowanych materia\u0142ach o ni\u017cszych parametrach i bardzo nisk\u0105 jako\u015b\u0107 materia\u0142\u00f3w wyko\u0144czeniowych<\/em> &#8211; wymienia\u0142 senator.<\/p>\n<p>&#8211; <em>Widzia\u0142em dokumenty, kt\u00f3re mog\u0105 \u015bwiadczy\u0107 o fa\u0142szowaniu dziennika budowy. To sprawa wr\u0119cz kryminalna<\/em> &#8211; doda\u0142 Frankiewicz, w\u015br\u00f3d innych nieprawid\u0142owo\u015bci wymieniaj\u0105c m.in. brak odpowiednich uprawnie\u0144 kierownika budowy.<\/p>\n<blockquote><p><em>Ten dach nie jest w og\u00f3le odporny na podniesienie go przez wiatr, a przy takim k\u0105cie nachylenia dachu to jest wysoce prawdopodobne. Tych zmian konstrukcyjnych jest wi\u0119cej, tak\u017ce istnieje podejrzenie zagro\u017cenia katastrof\u0105 budowlan\u0105<\/em><\/p><\/blockquote>\n<p>&#8211; m\u00f3wi\u0142 Frankiewicz, kt\u00f3ry podczas konferencji prasowej wskazywa\u0142 tak\u017ce, \u017ce obecne w\u0142adze miasta powo\u0142uj\u0105c si\u0119 na prowadzone post\u0119powania w PINB i prokuraturze, stosuj\u0105 wybieg w celu nieujawniania ustale\u0144 op\u0142aconych przez miasto ekspert\u00f3w.<\/p>\n<blockquote class=\"wp-embedded-content\" data-secret=\"MybPwU5LqD\"><p><a href=\"https:\/\/www.24gliwice.pl\/wiadomosci\/powiedzcie-co-jest-w-tej-ekspertyzie-czy-jest-nakaz-rozbiorki-radni-pytaja-o-okraglaka-prezydent-milczy\/\">&#8220;Powiedzcie, co jest w tej ekspertyzie, czy jest nakaz rozbi\u00f3rki?&#8221;. Radni pytaj\u0105 o Okr\u0105glaka, prezydent milczy<\/a><\/p><\/blockquote>\n<p><iframe loading=\"lazy\" class=\"wp-embedded-content\" sandbox=\"allow-scripts\" security=\"restricted\" style=\"position: absolute; visibility: hidden;\" title=\"&#8222;&#8220;Powiedzcie, co jest w tej ekspertyzie, czy jest nakaz rozbi\u00f3rki?&#8221;. Radni pytaj\u0105 o Okr\u0105glaka, prezydent milczy&#8221; &#8212; 24GLIWICE - Portal Gliwice | codziennie nowe informacje\" src=\"https:\/\/www.24gliwice.pl\/wiadomosci\/powiedzcie-co-jest-w-tej-ekspertyzie-czy-jest-nakaz-rozbiorki-radni-pytaja-o-okraglaka-prezydent-milczy\/embed\/#?secret=0Yl81Kjih2#?secret=MybPwU5LqD\" data-secret=\"MybPwU5LqD\" width=\"600\" height=\"338\" frameborder=\"0\" marginwidth=\"0\" marginheight=\"0\" scrolling=\"no\"><\/iframe><\/p>\n<p>Rzeczona ekspertyza zosta\u0142a przekazana miastu na pocz\u0105tku kwietnia. W tym samym czasie o jej udost\u0119pnienie zwr\u00f3ci\u0142a si\u0119 Rada Dzielnicy W\u00f3jtowa Wie\u015b, ale spotka\u0142a si\u0119 z odmow\u0105 (przekazan\u0105 17 kwietnia) i stwierdzeniem, \u017ce ekspertyza nie stanowi informacji publicznej. Kilka dni p\u00f3\u017aniej podczas sesji Rady Miasta Gliwice radni przez 40 minut zadawali prezydentce Gliwic pytania o t\u0119 ekspertyz\u0119 oraz stan budynku, ale nie uzyskali ani jednej odpowiedzi.<\/p>\n<blockquote><p><em>Czego\u015b takiego nie by\u0142o w ca\u0142ej historii samorz\u0105du gliwickiego od 1990 roku, takiej arogancji, takiego traktowania radnych. A sprawa jest powa\u017cna<\/em><\/p><\/blockquote>\n<p>&#8211; komentowa\u0142 senator Zygmunt Frankiewicz<\/p>\n<p>Po up\u0142ywie 4 dni od obrad RM, miasto opublikowa\u0142o komunikat, w kt\u00f3rym potwierdzono fakt posiadania ekspertyzy, jednak wskazano w nim, \u017ce stanowi ona cz\u0119\u015b\u0107 post\u0119powania PINB, a tak\u017ce, \u017ce o jej udost\u0119pnienie zwr\u00f3ci\u0142a si\u0119 tak\u017ce prokuratura, dlatego &#8211; ze wzgl\u0119du na trwaj\u0105ce post\u0119powania &#8211; nie jest mo\u017cliwe publiczne komentowanie tego dokumentu.<\/p>\n<p>W zwi\u0105zku z tym senator Frankiewicz wystosowa\u0142 trzy pisma w tej sprawie &#8211; do prezydent Gliwic, prokuratury, a tak\u017ce Wojew\u00f3dzkiego S\u0105du Administracyjnego. Od Katarzyny Kuczy\u0144siej-Budki w licz\u0105cym 14 punkt\u00f3w dokumencie oczekuje m.in. udost\u0119pnienia ekspertyzy technicznej Okr\u0105glaka, postanowie\u0144 PINB, kopii pisma policji dotycz\u0105cego prowadzenia post\u0119powania w sprawie budynku i wielu innych wyja\u015bnie\u0144.<\/p>\n<p><a href=\"https:\/\/www.24gliwice.pl\/wiadomosci\/wp-content\/uploads\/2026\/05\/frankiewicz-pismo-do-budki.jpg\"><img loading=\"lazy\" decoding=\"async\" class=\"alignnone size-full wp-image-270037\" src=\"https:\/\/www.24gliwice.pl\/wiadomosci\/wp-content\/uploads\/2026\/05\/frankiewicz-pismo-do-budki.jpg\" alt=\"\" width=\"810\" height=\"610\" srcset=\"https:\/\/www.24gliwice.pl\/wiadomosci\/wp-content\/uploads\/2026\/05\/frankiewicz-pismo-do-budki.jpg 810w, https:\/\/www.24gliwice.pl\/wiadomosci\/wp-content\/uploads\/2026\/05\/frankiewicz-pismo-do-budki-308x232.jpg 308w, https:\/\/www.24gliwice.pl\/wiadomosci\/wp-content\/uploads\/2026\/05\/frankiewicz-pismo-do-budki-604x455.jpg 604w, https:\/\/www.24gliwice.pl\/wiadomosci\/wp-content\/uploads\/2026\/05\/frankiewicz-pismo-do-budki-768x578.jpg 768w\" sizes=\"auto, (max-width: 810px) 100vw, 810px\" \/><\/a><\/p>\n<p>Do WSA z\u0142o\u017cy\u0142 natomiast skarg\u0119 na bezczynno\u015b\u0107 prezydenta miasta, poniewa\u017c nie zosta\u0142a udzielona odpowied\u017a na wnioski o udost\u0119pnienie informacji publicznej. Z kolei od prokuratury oczekuje informacji, czy miasto udost\u0119pni\u0142o jej rzeczon\u0105 ekspertyz\u0119, a tak\u017ce kopii tego dokumentu.<\/p>\n<p>(\u017cms)<\/p>\n<p><a href=\"https:\/\/www.24gliwice.pl\/wiadomosci\/wp-content\/uploads\/2026\/05\/frankiewicz-pismo-do-prokuratury.jpg\"><img loading=\"lazy\" decoding=\"async\" class=\"alignnone  wp-image-270038\" src=\"https:\/\/www.24gliwice.pl\/wiadomosci\/wp-content\/uploads\/2026\/05\/frankiewicz-pismo-do-prokuratury.jpg\" alt=\"\" width=\"1230\" height=\"1633\" srcset=\"https:\/\/www.24gliwice.pl\/wiadomosci\/wp-content\/uploads\/2026\/05\/frankiewicz-pismo-do-prokuratury.jpg 610w, https:\/\/www.24gliwice.pl\/wiadomosci\/wp-content\/uploads\/2026\/05\/frankiewicz-pismo-do-prokuratury-175x232.jpg 175w, https:\/\/www.24gliwice.pl\/wiadomosci\/wp-content\/uploads\/2026\/05\/frankiewicz-pismo-do-prokuratury-343x455.jpg 343w\" sizes=\"auto, (max-width: 1230px) 100vw, 1230px\" \/><\/a><\/p>\n<p><a href=\"https:\/\/www.24gliwice.pl\/wiadomosci\/wp-content\/uploads\/2026\/05\/frankiewicz-pismo-do-WSA.jpg\"><img loading=\"lazy\" decoding=\"async\" class=\"alignnone  wp-image-270039\" src=\"https:\/\/www.24gliwice.pl\/wiadomosci\/wp-content\/uploads\/2026\/05\/frankiewicz-pismo-do-WSA.jpg\" alt=\"\" width=\"1056\" height=\"1403\" srcset=\"https:\/\/www.24gliwice.pl\/wiadomosci\/wp-content\/uploads\/2026\/05\/frankiewicz-pismo-do-WSA.jpg 610w, https:\/\/www.24gliwice.pl\/wiadomosci\/wp-content\/uploads\/2026\/05\/frankiewicz-pismo-do-WSA-175x232.jpg 175w, https:\/\/www.24gliwice.pl\/wiadomosci\/wp-content\/uploads\/2026\/05\/frankiewicz-pismo-do-WSA-343x455.jpg 343w\" sizes=\"auto, (max-width: 1056px) 100vw, 1056px\" \/><\/a><\/p>\n<div class=\"gliwi-a5-na-koncu-artykulow gliwi-entity-placement\" id=\"gliwi-3797198683\"><div class=\"gliwi-adlabel\"><span style=\"font-size: 9px\">REKLAMA<\/span><\/div><div id=\"gliwi-3883683007\" style=\"margin-left: auto;margin-right: auto;text-align: center;\"><a data-no-instant=\"1\" href=\"https:\/\/prezeroarenagliwice.pl\/\" rel=\"noopener\" class=\"a2t-link\" target=\"_blank\" aria-label=\"20260309-PREZERO-WIOSNA-D\"><img loading=\"lazy\" decoding=\"async\" src=\"https:\/\/www.24gliwice.pl\/wiadomosci\/wp-content\/uploads\/2026\/03\/20260309-PREZERO-WIOSNA-D.webp\" alt=\"\"  srcset=\"https:\/\/www.24gliwice.pl\/wiadomosci\/wp-content\/uploads\/2026\/03\/20260309-PREZERO-WIOSNA-D.webp 750w, https:\/\/www.24gliwice.pl\/wiadomosci\/wp-content\/uploads\/2026\/03\/20260309-PREZERO-WIOSNA-D-410x109.webp 410w\" sizes=\"(max-width: 750px) 100vw, 750px\" class=\"no-lazyload\" width=\"750\" height=\"200\"  style=\"display: inline-block; max-width: 100%; height: auto;\" \/><\/a><\/div><\/div>","protected":false},"excerpt":{"rendered":"<p>&#8211; W imieniu mieszka\u0144c\u00f3w Gliwic domagam si\u0119 od prezydentki Katarzyny Kuczy\u0144skiej\u2013Budki pilnych wyja\u015bnie\u0144 oraz odniesienia si\u0119 do zarzut\u00f3w formu\u0142owanych wobec inwestycji &#8211; m\u00f3wi Zygmunt Frankiewicz, senator RP w nawi\u0105zaniu do licznych kontrowersji wok\u00f3\u0142 budowy pawilonu gastronomicznego przy Pl. Grunwaldzkim, tzw. Okr\u0105glaka.<\/p>\n","protected":false},"author":15,"featured_media":270049,"comment_status":"open","ping_status":"closed","sticky":false,"template":"","format":"standard","meta":{"_monsterinsights_skip_tracking":false,"_monsterinsights_sitenote_active":false,"_monsterinsights_sitenote_note":"","_monsterinsights_sitenote_category":0,"footnotes":"","_links_to":"","_links_to_target":""},"categories":[3,1,9,8,4],"tags":[24946,14094,3660,12605,29],"class_list":["post-270020","post","type-post","status-publish","format-standard","has-post-thumbnail","hentry","category-gliwice","category-wszystko","category-aktualnosci_lokalne","category-samorzad_polityka","category-telewizja-gliwice","tag-ekspertyza","tag-katarzyna-kuczynska-budka","tag-okraglak","tag-plac-grunwaldzki","tag-zygmunt-frankiewicz"],"yoast_head":"<!-- This site is optimized with the Yoast SEO plugin v27.5 - https:\/\/yoast.com\/product\/yoast-seo-wordpress\/ -->\n<title>&quot;Takiej arogancji nie by\u0142o w ca\u0142ej historii gliwickiego samorz\u0105du&quot;. Z. Frankiewicz o aferze wok\u00f3\u0142 Okr\u0105glaka - 24GLIWICE - Portal Gliwice | codziennie nowe informacje<\/title>\n<meta name=\"description\" content=\"Senator Zygmunt Frankiewicz odni\u00f3s\u0142 si\u0119 do sprawy nieprawid\u0142owo\u015bci dotycz\u0105cych budowy Okr\u0105glaka i domaga si\u0119 udost\u0119pnienia wynik\u00f3w ekspertyzy\" \/>\n<meta name=\"robots\" content=\"index, follow, max-snippet:-1, max-image-preview:large, max-video-preview:-1\" \/>\n<link rel=\"canonical\" href=\"https:\/\/www.24gliwice.pl\/wiadomosci\/takiej-arogancji-nie-bylo-w-calej-historii-gliwickiego-samorzadu-z-frankiewicz-o-aferze-wokol-okraglaka\/\" \/>\n<meta property=\"og:locale\" content=\"pl_PL\" \/>\n<meta property=\"og:type\" content=\"article\" \/>\n<meta property=\"og:title\" content=\"&quot;Takiej arogancji nie by\u0142o w ca\u0142ej historii gliwickiego samorz\u0105du&quot;. Z. Frankiewicz o aferze wok\u00f3\u0142 Okr\u0105glaka - 24GLIWICE - Portal Gliwice | codziennie nowe informacje\" \/>\n<meta property=\"og:description\" content=\"Senator Zygmunt Frankiewicz odni\u00f3s\u0142 si\u0119 do sprawy nieprawid\u0142owo\u015bci dotycz\u0105cych budowy Okr\u0105glaka i domaga si\u0119 udost\u0119pnienia wynik\u00f3w ekspertyzy\" \/>\n<meta property=\"og:url\" content=\"https:\/\/www.24gliwice.pl\/wiadomosci\/takiej-arogancji-nie-bylo-w-calej-historii-gliwickiego-samorzadu-z-frankiewicz-o-aferze-wokol-okraglaka\/\" \/>\n<meta property=\"og:site_name\" content=\"24GLIWICE - Portal Gliwice | codziennie nowe informacje\" \/>\n<meta property=\"article:publisher\" content=\"https:\/\/www.facebook.com\/24gliwice\" \/>\n<meta property=\"article:published_time\" content=\"2026-05-02T02:00:42+00:00\" \/>\n<meta property=\"article:modified_time\" content=\"2026-05-02T02:28:24+00:00\" \/>\n<meta property=\"og:image\" content=\"https:\/\/www.24gliwice.pl\/wiadomosci\/wp-content\/uploads\/2026\/05\/frankiewicz-okraglak.jpg\" \/>\n\t<meta property=\"og:image:width\" content=\"800\" \/>\n\t<meta property=\"og:image:height\" content=\"450\" \/>\n\t<meta property=\"og:image:type\" content=\"image\/jpeg\" \/>\n<meta name=\"author\" content=\"\u017baneta Mrozek-Siewierska\" \/>\n<meta name=\"twitter:card\" content=\"summary_large_image\" \/>\n<meta name=\"twitter:creator\" content=\"@24gliwice\" \/>\n<meta name=\"twitter:site\" content=\"@24gliwice\" \/>\n<meta name=\"twitter:label1\" content=\"Napisane przez\" \/>\n\t<meta name=\"twitter:data1\" content=\"\u017baneta Mrozek-Siewierska\" \/>\n\t<meta name=\"twitter:label2\" content=\"Szacowany czas czytania\" \/>\n\t<meta name=\"twitter:data2\" content=\"4 minuty\" \/>\n<script type=\"application\/ld+json\" class=\"yoast-schema-graph\">{\"@context\":\"https:\\\/\\\/schema.org\",\"@graph\":[{\"@type\":\"Article\",\"@id\":\"https:\\\/\\\/www.24gliwice.pl\\\/wiadomosci\\\/takiej-arogancji-nie-bylo-w-calej-historii-gliwickiego-samorzadu-z-frankiewicz-o-aferze-wokol-okraglaka\\\/#article\",\"isPartOf\":{\"@id\":\"https:\\\/\\\/www.24gliwice.pl\\\/wiadomosci\\\/takiej-arogancji-nie-bylo-w-calej-historii-gliwickiego-samorzadu-z-frankiewicz-o-aferze-wokol-okraglaka\\\/\"},\"author\":{\"name\":\"\u017baneta Mrozek-Siewierska\",\"@id\":\"https:\\\/\\\/www.24gliwice.pl\\\/wiadomosci\\\/#\\\/schema\\\/person\\\/e42c650edd7f2fa332be3811fb166b6e\"},\"headline\":\"&#8220;Takiej arogancji nie by\u0142o w ca\u0142ej historii gliwickiego samorz\u0105du&#8221;. Z. Frankiewicz o aferze wok\u00f3\u0142 Okr\u0105glaka\",\"datePublished\":\"2026-05-02T02:00:42+00:00\",\"dateModified\":\"2026-05-02T02:28:24+00:00\",\"mainEntityOfPage\":{\"@id\":\"https:\\\/\\\/www.24gliwice.pl\\\/wiadomosci\\\/takiej-arogancji-nie-bylo-w-calej-historii-gliwickiego-samorzadu-z-frankiewicz-o-aferze-wokol-okraglaka\\\/\"},\"wordCount\":598,\"commentCount\":0,\"publisher\":{\"@id\":\"https:\\\/\\\/www.24gliwice.pl\\\/wiadomosci\\\/#organization\"},\"image\":{\"@id\":\"https:\\\/\\\/www.24gliwice.pl\\\/wiadomosci\\\/takiej-arogancji-nie-bylo-w-calej-historii-gliwickiego-samorzadu-z-frankiewicz-o-aferze-wokol-okraglaka\\\/#primaryimage\"},\"thumbnailUrl\":\"https:\\\/\\\/www.24gliwice.pl\\\/wiadomosci\\\/wp-content\\\/uploads\\\/2026\\\/05\\\/frankiewicz-okraglak.jpg\",\"keywords\":[\"EKSPERTYZA\",\"KATARZYNA KUCZY\u0143SKA-BUDKA\",\"OKR\u0104GLAK\",\"plac grunwaldzki\",\"ZYGMUNT FRANKIEWICZ\"],\"articleSection\":[\"Gliwice\",\"Najnowsze wiadomo\u015bci\",\"Portal Gliwice - Wiadomo\u015bci lokalne\",\"Samorz\u0105d, polityka\",\"Telewizja, materia\u0142y wideo\"],\"inLanguage\":\"pl-PL\",\"potentialAction\":[{\"@type\":\"CommentAction\",\"name\":\"Comment\",\"target\":[\"https:\\\/\\\/www.24gliwice.pl\\\/wiadomosci\\\/takiej-arogancji-nie-bylo-w-calej-historii-gliwickiego-samorzadu-z-frankiewicz-o-aferze-wokol-okraglaka\\\/#respond\"]}]},{\"@type\":\"WebPage\",\"@id\":\"https:\\\/\\\/www.24gliwice.pl\\\/wiadomosci\\\/takiej-arogancji-nie-bylo-w-calej-historii-gliwickiego-samorzadu-z-frankiewicz-o-aferze-wokol-okraglaka\\\/\",\"url\":\"https:\\\/\\\/www.24gliwice.pl\\\/wiadomosci\\\/takiej-arogancji-nie-bylo-w-calej-historii-gliwickiego-samorzadu-z-frankiewicz-o-aferze-wokol-okraglaka\\\/\",\"name\":\"\\\"Takiej arogancji nie by\u0142o w ca\u0142ej historii gliwickiego samorz\u0105du\\\". Z. Frankiewicz o aferze wok\u00f3\u0142 Okr\u0105glaka - 24GLIWICE - Portal Gliwice | codziennie nowe informacje\",\"isPartOf\":{\"@id\":\"https:\\\/\\\/www.24gliwice.pl\\\/wiadomosci\\\/#website\"},\"primaryImageOfPage\":{\"@id\":\"https:\\\/\\\/www.24gliwice.pl\\\/wiadomosci\\\/takiej-arogancji-nie-bylo-w-calej-historii-gliwickiego-samorzadu-z-frankiewicz-o-aferze-wokol-okraglaka\\\/#primaryimage\"},\"image\":{\"@id\":\"https:\\\/\\\/www.24gliwice.pl\\\/wiadomosci\\\/takiej-arogancji-nie-bylo-w-calej-historii-gliwickiego-samorzadu-z-frankiewicz-o-aferze-wokol-okraglaka\\\/#primaryimage\"},\"thumbnailUrl\":\"https:\\\/\\\/www.24gliwice.pl\\\/wiadomosci\\\/wp-content\\\/uploads\\\/2026\\\/05\\\/frankiewicz-okraglak.jpg\",\"datePublished\":\"2026-05-02T02:00:42+00:00\",\"dateModified\":\"2026-05-02T02:28:24+00:00\",\"description\":\"Senator Zygmunt Frankiewicz odni\u00f3s\u0142 si\u0119 do sprawy nieprawid\u0142owo\u015bci dotycz\u0105cych budowy Okr\u0105glaka i domaga si\u0119 udost\u0119pnienia wynik\u00f3w ekspertyzy\",\"breadcrumb\":{\"@id\":\"https:\\\/\\\/www.24gliwice.pl\\\/wiadomosci\\\/takiej-arogancji-nie-bylo-w-calej-historii-gliwickiego-samorzadu-z-frankiewicz-o-aferze-wokol-okraglaka\\\/#breadcrumb\"},\"inLanguage\":\"pl-PL\",\"potentialAction\":[{\"@type\":\"ReadAction\",\"target\":[\"https:\\\/\\\/www.24gliwice.pl\\\/wiadomosci\\\/takiej-arogancji-nie-bylo-w-calej-historii-gliwickiego-samorzadu-z-frankiewicz-o-aferze-wokol-okraglaka\\\/\"]}]},{\"@type\":\"ImageObject\",\"inLanguage\":\"pl-PL\",\"@id\":\"https:\\\/\\\/www.24gliwice.pl\\\/wiadomosci\\\/takiej-arogancji-nie-bylo-w-calej-historii-gliwickiego-samorzadu-z-frankiewicz-o-aferze-wokol-okraglaka\\\/#primaryimage\",\"url\":\"https:\\\/\\\/www.24gliwice.pl\\\/wiadomosci\\\/wp-content\\\/uploads\\\/2026\\\/05\\\/frankiewicz-okraglak.jpg\",\"contentUrl\":\"https:\\\/\\\/www.24gliwice.pl\\\/wiadomosci\\\/wp-content\\\/uploads\\\/2026\\\/05\\\/frankiewicz-okraglak.jpg\",\"width\":800,\"height\":450},{\"@type\":\"BreadcrumbList\",\"@id\":\"https:\\\/\\\/www.24gliwice.pl\\\/wiadomosci\\\/takiej-arogancji-nie-bylo-w-calej-historii-gliwickiego-samorzadu-z-frankiewicz-o-aferze-wokol-okraglaka\\\/#breadcrumb\",\"itemListElement\":[{\"@type\":\"ListItem\",\"position\":1,\"name\":\"Strona g\u0142\u00f3wna\",\"item\":\"https:\\\/\\\/www.24gliwice.pl\\\/wiadomosci\\\/\"},{\"@type\":\"ListItem\",\"position\":2,\"name\":\"&#8220;Takiej arogancji nie by\u0142o w ca\u0142ej historii gliwickiego samorz\u0105du&#8221;. Z. Frankiewicz o aferze wok\u00f3\u0142 Okr\u0105glaka\"}]},{\"@type\":\"WebSite\",\"@id\":\"https:\\\/\\\/www.24gliwice.pl\\\/wiadomosci\\\/#website\",\"url\":\"https:\\\/\\\/www.24gliwice.pl\\\/wiadomosci\\\/\",\"name\":\"24GLIWICE - Portal Gliwice | codziennie nowe wiadomo\u015bci\",\"description\":\"Portal Miejski Gliwice\",\"publisher\":{\"@id\":\"https:\\\/\\\/www.24gliwice.pl\\\/wiadomosci\\\/#organization\"},\"potentialAction\":[{\"@type\":\"SearchAction\",\"target\":{\"@type\":\"EntryPoint\",\"urlTemplate\":\"https:\\\/\\\/www.24gliwice.pl\\\/wiadomosci\\\/?s={search_term_string}\"},\"query-input\":{\"@type\":\"PropertyValueSpecification\",\"valueRequired\":true,\"valueName\":\"search_term_string\"}}],\"inLanguage\":\"pl-PL\"},{\"@type\":\"Organization\",\"@id\":\"https:\\\/\\\/www.24gliwice.pl\\\/wiadomosci\\\/#organization\",\"name\":\"24gliwice\",\"url\":\"https:\\\/\\\/www.24gliwice.pl\\\/wiadomosci\\\/\",\"logo\":{\"@type\":\"ImageObject\",\"inLanguage\":\"pl-PL\",\"@id\":\"https:\\\/\\\/www.24gliwice.pl\\\/wiadomosci\\\/#\\\/schema\\\/logo\\\/image\\\/\",\"url\":\"https:\\\/\\\/www.24gliwice.pl\\\/wiadomosci\\\/wp-content\\\/uploads\\\/2024\\\/10\\\/24gliwice-logo-696.jpg\",\"contentUrl\":\"https:\\\/\\\/www.24gliwice.pl\\\/wiadomosci\\\/wp-content\\\/uploads\\\/2024\\\/10\\\/24gliwice-logo-696.jpg\",\"width\":696,\"height\":696,\"caption\":\"24gliwice\"},\"image\":{\"@id\":\"https:\\\/\\\/www.24gliwice.pl\\\/wiadomosci\\\/#\\\/schema\\\/logo\\\/image\\\/\"},\"sameAs\":[\"https:\\\/\\\/www.facebook.com\\\/24gliwice\",\"https:\\\/\\\/x.com\\\/24gliwice\",\"https:\\\/\\\/www.youtube.com\\\/@24gliwice\"]},{\"@type\":\"Person\",\"@id\":\"https:\\\/\\\/www.24gliwice.pl\\\/wiadomosci\\\/#\\\/schema\\\/person\\\/e42c650edd7f2fa332be3811fb166b6e\",\"name\":\"\u017baneta Mrozek-Siewierska\",\"image\":{\"@type\":\"ImageObject\",\"inLanguage\":\"pl-PL\",\"@id\":\"https:\\\/\\\/secure.gravatar.com\\\/avatar\\\/1881429e9c64597c77ad7aef2d0a19be69a3253e57534d16aa15bf3a4d34a0a3?s=96&d=mm&r=g\",\"url\":\"https:\\\/\\\/secure.gravatar.com\\\/avatar\\\/1881429e9c64597c77ad7aef2d0a19be69a3253e57534d16aa15bf3a4d34a0a3?s=96&d=mm&r=g\",\"contentUrl\":\"https:\\\/\\\/secure.gravatar.com\\\/avatar\\\/1881429e9c64597c77ad7aef2d0a19be69a3253e57534d16aa15bf3a4d34a0a3?s=96&d=mm&r=g\",\"caption\":\"\u017baneta Mrozek-Siewierska\"},\"url\":\"https:\\\/\\\/www.24gliwice.pl\\\/wiadomosci\\\/author\\\/zms\\\/\"}]}<\/script>\n<!-- \/ Yoast SEO plugin. -->","yoast_head_json":{"title":"\"Takiej arogancji nie by\u0142o w ca\u0142ej historii gliwickiego samorz\u0105du\". Z. Frankiewicz o aferze wok\u00f3\u0142 Okr\u0105glaka - 24GLIWICE - Portal Gliwice | codziennie nowe informacje","description":"Senator Zygmunt Frankiewicz odni\u00f3s\u0142 si\u0119 do sprawy nieprawid\u0142owo\u015bci dotycz\u0105cych budowy Okr\u0105glaka i domaga si\u0119 udost\u0119pnienia wynik\u00f3w ekspertyzy","robots":{"index":"index","follow":"follow","max-snippet":"max-snippet:-1","max-image-preview":"max-image-preview:large","max-video-preview":"max-video-preview:-1"},"canonical":"https:\/\/www.24gliwice.pl\/wiadomosci\/takiej-arogancji-nie-bylo-w-calej-historii-gliwickiego-samorzadu-z-frankiewicz-o-aferze-wokol-okraglaka\/","og_locale":"pl_PL","og_type":"article","og_title":"\"Takiej arogancji nie by\u0142o w ca\u0142ej historii gliwickiego samorz\u0105du\". Z. Frankiewicz o aferze wok\u00f3\u0142 Okr\u0105glaka - 24GLIWICE - Portal Gliwice | codziennie nowe informacje","og_description":"Senator Zygmunt Frankiewicz odni\u00f3s\u0142 si\u0119 do sprawy nieprawid\u0142owo\u015bci dotycz\u0105cych budowy Okr\u0105glaka i domaga si\u0119 udost\u0119pnienia wynik\u00f3w ekspertyzy","og_url":"https:\/\/www.24gliwice.pl\/wiadomosci\/takiej-arogancji-nie-bylo-w-calej-historii-gliwickiego-samorzadu-z-frankiewicz-o-aferze-wokol-okraglaka\/","og_site_name":"24GLIWICE - Portal Gliwice | codziennie nowe informacje","article_publisher":"https:\/\/www.facebook.com\/24gliwice","article_published_time":"2026-05-02T02:00:42+00:00","article_modified_time":"2026-05-02T02:28:24+00:00","og_image":[{"width":800,"height":450,"url":"https:\/\/www.24gliwice.pl\/wiadomosci\/wp-content\/uploads\/2026\/05\/frankiewicz-okraglak.jpg","type":"image\/jpeg"}],"author":"\u017baneta Mrozek-Siewierska","twitter_card":"summary_large_image","twitter_creator":"@24gliwice","twitter_site":"@24gliwice","twitter_misc":{"Napisane przez":"\u017baneta Mrozek-Siewierska","Szacowany czas czytania":"4 minuty"},"schema":{"@context":"https:\/\/schema.org","@graph":[{"@type":"Article","@id":"https:\/\/www.24gliwice.pl\/wiadomosci\/takiej-arogancji-nie-bylo-w-calej-historii-gliwickiego-samorzadu-z-frankiewicz-o-aferze-wokol-okraglaka\/#article","isPartOf":{"@id":"https:\/\/www.24gliwice.pl\/wiadomosci\/takiej-arogancji-nie-bylo-w-calej-historii-gliwickiego-samorzadu-z-frankiewicz-o-aferze-wokol-okraglaka\/"},"author":{"name":"\u017baneta Mrozek-Siewierska","@id":"https:\/\/www.24gliwice.pl\/wiadomosci\/#\/schema\/person\/e42c650edd7f2fa332be3811fb166b6e"},"headline":"&#8220;Takiej arogancji nie by\u0142o w ca\u0142ej historii gliwickiego samorz\u0105du&#8221;. Z. Frankiewicz o aferze wok\u00f3\u0142 Okr\u0105glaka","datePublished":"2026-05-02T02:00:42+00:00","dateModified":"2026-05-02T02:28:24+00:00","mainEntityOfPage":{"@id":"https:\/\/www.24gliwice.pl\/wiadomosci\/takiej-arogancji-nie-bylo-w-calej-historii-gliwickiego-samorzadu-z-frankiewicz-o-aferze-wokol-okraglaka\/"},"wordCount":598,"commentCount":0,"publisher":{"@id":"https:\/\/www.24gliwice.pl\/wiadomosci\/#organization"},"image":{"@id":"https:\/\/www.24gliwice.pl\/wiadomosci\/takiej-arogancji-nie-bylo-w-calej-historii-gliwickiego-samorzadu-z-frankiewicz-o-aferze-wokol-okraglaka\/#primaryimage"},"thumbnailUrl":"https:\/\/www.24gliwice.pl\/wiadomosci\/wp-content\/uploads\/2026\/05\/frankiewicz-okraglak.jpg","keywords":["EKSPERTYZA","KATARZYNA KUCZY\u0143SKA-BUDKA","OKR\u0104GLAK","plac grunwaldzki","ZYGMUNT FRANKIEWICZ"],"articleSection":["Gliwice","Najnowsze wiadomo\u015bci","Portal Gliwice - Wiadomo\u015bci lokalne","Samorz\u0105d, polityka","Telewizja, materia\u0142y wideo"],"inLanguage":"pl-PL","potentialAction":[{"@type":"CommentAction","name":"Comment","target":["https:\/\/www.24gliwice.pl\/wiadomosci\/takiej-arogancji-nie-bylo-w-calej-historii-gliwickiego-samorzadu-z-frankiewicz-o-aferze-wokol-okraglaka\/#respond"]}]},{"@type":"WebPage","@id":"https:\/\/www.24gliwice.pl\/wiadomosci\/takiej-arogancji-nie-bylo-w-calej-historii-gliwickiego-samorzadu-z-frankiewicz-o-aferze-wokol-okraglaka\/","url":"https:\/\/www.24gliwice.pl\/wiadomosci\/takiej-arogancji-nie-bylo-w-calej-historii-gliwickiego-samorzadu-z-frankiewicz-o-aferze-wokol-okraglaka\/","name":"\"Takiej arogancji nie by\u0142o w ca\u0142ej historii gliwickiego samorz\u0105du\". Z. Frankiewicz o aferze wok\u00f3\u0142 Okr\u0105glaka - 24GLIWICE - Portal Gliwice | codziennie nowe informacje","isPartOf":{"@id":"https:\/\/www.24gliwice.pl\/wiadomosci\/#website"},"primaryImageOfPage":{"@id":"https:\/\/www.24gliwice.pl\/wiadomosci\/takiej-arogancji-nie-bylo-w-calej-historii-gliwickiego-samorzadu-z-frankiewicz-o-aferze-wokol-okraglaka\/#primaryimage"},"image":{"@id":"https:\/\/www.24gliwice.pl\/wiadomosci\/takiej-arogancji-nie-bylo-w-calej-historii-gliwickiego-samorzadu-z-frankiewicz-o-aferze-wokol-okraglaka\/#primaryimage"},"thumbnailUrl":"https:\/\/www.24gliwice.pl\/wiadomosci\/wp-content\/uploads\/2026\/05\/frankiewicz-okraglak.jpg","datePublished":"2026-05-02T02:00:42+00:00","dateModified":"2026-05-02T02:28:24+00:00","description":"Senator Zygmunt Frankiewicz odni\u00f3s\u0142 si\u0119 do sprawy nieprawid\u0142owo\u015bci dotycz\u0105cych budowy Okr\u0105glaka i domaga si\u0119 udost\u0119pnienia wynik\u00f3w ekspertyzy","breadcrumb":{"@id":"https:\/\/www.24gliwice.pl\/wiadomosci\/takiej-arogancji-nie-bylo-w-calej-historii-gliwickiego-samorzadu-z-frankiewicz-o-aferze-wokol-okraglaka\/#breadcrumb"},"inLanguage":"pl-PL","potentialAction":[{"@type":"ReadAction","target":["https:\/\/www.24gliwice.pl\/wiadomosci\/takiej-arogancji-nie-bylo-w-calej-historii-gliwickiego-samorzadu-z-frankiewicz-o-aferze-wokol-okraglaka\/"]}]},{"@type":"ImageObject","inLanguage":"pl-PL","@id":"https:\/\/www.24gliwice.pl\/wiadomosci\/takiej-arogancji-nie-bylo-w-calej-historii-gliwickiego-samorzadu-z-frankiewicz-o-aferze-wokol-okraglaka\/#primaryimage","url":"https:\/\/www.24gliwice.pl\/wiadomosci\/wp-content\/uploads\/2026\/05\/frankiewicz-okraglak.jpg","contentUrl":"https:\/\/www.24gliwice.pl\/wiadomosci\/wp-content\/uploads\/2026\/05\/frankiewicz-okraglak.jpg","width":800,"height":450},{"@type":"BreadcrumbList","@id":"https:\/\/www.24gliwice.pl\/wiadomosci\/takiej-arogancji-nie-bylo-w-calej-historii-gliwickiego-samorzadu-z-frankiewicz-o-aferze-wokol-okraglaka\/#breadcrumb","itemListElement":[{"@type":"ListItem","position":1,"name":"Strona g\u0142\u00f3wna","item":"https:\/\/www.24gliwice.pl\/wiadomosci\/"},{"@type":"ListItem","position":2,"name":"&#8220;Takiej arogancji nie by\u0142o w ca\u0142ej historii gliwickiego samorz\u0105du&#8221;. Z. Frankiewicz o aferze wok\u00f3\u0142 Okr\u0105glaka"}]},{"@type":"WebSite","@id":"https:\/\/www.24gliwice.pl\/wiadomosci\/#website","url":"https:\/\/www.24gliwice.pl\/wiadomosci\/","name":"24GLIWICE - Portal Gliwice | codziennie nowe wiadomo\u015bci","description":"Portal Miejski Gliwice","publisher":{"@id":"https:\/\/www.24gliwice.pl\/wiadomosci\/#organization"},"potentialAction":[{"@type":"SearchAction","target":{"@type":"EntryPoint","urlTemplate":"https:\/\/www.24gliwice.pl\/wiadomosci\/?s={search_term_string}"},"query-input":{"@type":"PropertyValueSpecification","valueRequired":true,"valueName":"search_term_string"}}],"inLanguage":"pl-PL"},{"@type":"Organization","@id":"https:\/\/www.24gliwice.pl\/wiadomosci\/#organization","name":"24gliwice","url":"https:\/\/www.24gliwice.pl\/wiadomosci\/","logo":{"@type":"ImageObject","inLanguage":"pl-PL","@id":"https:\/\/www.24gliwice.pl\/wiadomosci\/#\/schema\/logo\/image\/","url":"https:\/\/www.24gliwice.pl\/wiadomosci\/wp-content\/uploads\/2024\/10\/24gliwice-logo-696.jpg","contentUrl":"https:\/\/www.24gliwice.pl\/wiadomosci\/wp-content\/uploads\/2024\/10\/24gliwice-logo-696.jpg","width":696,"height":696,"caption":"24gliwice"},"image":{"@id":"https:\/\/www.24gliwice.pl\/wiadomosci\/#\/schema\/logo\/image\/"},"sameAs":["https:\/\/www.facebook.com\/24gliwice","https:\/\/x.com\/24gliwice","https:\/\/www.youtube.com\/@24gliwice"]},{"@type":"Person","@id":"https:\/\/www.24gliwice.pl\/wiadomosci\/#\/schema\/person\/e42c650edd7f2fa332be3811fb166b6e","name":"\u017baneta Mrozek-Siewierska","image":{"@type":"ImageObject","inLanguage":"pl-PL","@id":"https:\/\/secure.gravatar.com\/avatar\/1881429e9c64597c77ad7aef2d0a19be69a3253e57534d16aa15bf3a4d34a0a3?s=96&d=mm&r=g","url":"https:\/\/secure.gravatar.com\/avatar\/1881429e9c64597c77ad7aef2d0a19be69a3253e57534d16aa15bf3a4d34a0a3?s=96&d=mm&r=g","contentUrl":"https:\/\/secure.gravatar.com\/avatar\/1881429e9c64597c77ad7aef2d0a19be69a3253e57534d16aa15bf3a4d34a0a3?s=96&d=mm&r=g","caption":"\u017baneta Mrozek-Siewierska"},"url":"https:\/\/www.24gliwice.pl\/wiadomosci\/author\/zms\/"}]}},"_links":{"self":[{"href":"https:\/\/www.24gliwice.pl\/wiadomosci\/wp-json\/wp\/v2\/posts\/270020","targetHints":{"allow":["GET"]}}],"collection":[{"href":"https:\/\/www.24gliwice.pl\/wiadomosci\/wp-json\/wp\/v2\/posts"}],"about":[{"href":"https:\/\/www.24gliwice.pl\/wiadomosci\/wp-json\/wp\/v2\/types\/post"}],"author":[{"embeddable":true,"href":"https:\/\/www.24gliwice.pl\/wiadomosci\/wp-json\/wp\/v2\/users\/15"}],"replies":[{"embeddable":true,"href":"https:\/\/www.24gliwice.pl\/wiadomosci\/wp-json\/wp\/v2\/comments?post=270020"}],"version-history":[{"count":23,"href":"https:\/\/www.24gliwice.pl\/wiadomosci\/wp-json\/wp\/v2\/posts\/270020\/revisions"}],"predecessor-version":[{"id":270046,"href":"https:\/\/www.24gliwice.pl\/wiadomosci\/wp-json\/wp\/v2\/posts\/270020\/revisions\/270046"}],"wp:featuredmedia":[{"embeddable":true,"href":"https:\/\/www.24gliwice.pl\/wiadomosci\/wp-json\/wp\/v2\/media\/270049"}],"wp:attachment":[{"href":"https:\/\/www.24gliwice.pl\/wiadomosci\/wp-json\/wp\/v2\/media?parent=270020"}],"wp:term":[{"taxonomy":"category","embeddable":true,"href":"https:\/\/www.24gliwice.pl\/wiadomosci\/wp-json\/wp\/v2\/categories?post=270020"},{"taxonomy":"post_tag","embeddable":true,"href":"https:\/\/www.24gliwice.pl\/wiadomosci\/wp-json\/wp\/v2\/tags?post=270020"}],"curies":[{"name":"wp","href":"https:\/\/api.w.org\/{rel}","templated":true}]}}