{"id":274872,"date":"2026-09-02T02:08:05","date_gmt":"2026-09-02T00:08:05","guid":{"rendered":"https:\/\/www.24gliwice.pl\/wiadomosci\/?p=274872"},"modified":"2026-09-02T02:08:05","modified_gmt":"2026-09-02T00:08:05","slug":"to-moze-byc-jeden-z-najdluzszych-budynkow-mieszkalnych-w-gliwicach-ostatnie-dwa-wnioski-w-takim-trybie","status":"publish","type":"post","link":"https:\/\/www.24gliwice.pl\/wiadomosci\/to-moze-byc-jeden-z-najdluzszych-budynkow-mieszkalnych-w-gliwicach-ostatnie-dwa-wnioski-w-takim-trybie\/","title":{"rendered":"To mo\u017ce by\u0107 jeden z najd\u0142u\u017cszych budynk\u00f3w mieszkalnych w Gliwicach. Ostatnie dwa wnioski w takim trybie"},"content":{"rendered":"<div class=\"gliwi-a6-nad-leadem-artykulow gliwi-entity-placement\" id=\"gliwi-1366271539\"><div id=\"gliwi-2196162590\" style=\"margin-bottom: 25px;margin-left: auto;margin-right: auto;text-align: center;\"><a data-no-instant=\"1\" href=\"https:\/\/dom100.eu\/\" rel=\"noopener\" class=\"a2t-link\" target=\"_blank\" aria-label=\"20260827 750x200_baner_Dni_Otwarte_dom100\"><img loading=\"lazy\" decoding=\"async\" src=\"https:\/\/www.24gliwice.pl\/wiadomosci\/wp-content\/uploads\/2025\/09\/20260827-750x200_baner_Dni_Otwarte_dom100.jpg\" alt=\"\"  srcset=\"https:\/\/www.24gliwice.pl\/wiadomosci\/wp-content\/uploads\/2025\/09\/20260827-750x200_baner_Dni_Otwarte_dom100.jpg 750w, https:\/\/www.24gliwice.pl\/wiadomosci\/wp-content\/uploads\/2025\/09\/20260827-750x200_baner_Dni_Otwarte_dom100-410x109.jpg 410w\" sizes=\"(max-width: 750px) 100vw, 750px\" class=\"no-lazyload\" width=\"750\" height=\"200\"  style=\"display: inline-block; max-width: 100%; height: auto;\" \/><\/a><\/div><\/div><h2>Przy ulicy Szarej maj\u0105 powsta\u0107 nowe budynki mieszkalne. Jeden z nich ma mie\u0107 do 4 kondygnacji, drugi nawet 9 i do 180 metr\u00f3w d\u0142ugo\u015bci elewacji. Inwestycje planowane s\u0105 przez powi\u0105zane ze sob\u0105 podmioty: sp\u00f3\u0142ki Maksimum oraz Opal 8.<\/h2>\n<p><!--more--><\/p>\n<p>Przedsi\u0119wzi\u0119cia maj\u0105 powsta\u0107 na dzia\u0142kach nr 317\/1 oraz 317\/3 i 318 obr\u0119b Centrum, na placu po hucie 1 Maja. Dokumenty wp\u0142yn\u0119\u0142y do Urz\u0119du Miejskiego 26 sierpnia. W obu przypadkach mieszka\u0144cy maj\u0105 czas na sk\u0142adanie uwag do pi\u0105tku, 18 wrze\u015bnia.<\/p>\n<p>To prawdopodobnie ostatnie wnioski dotycz\u0105ce lokalizacji mieszkaniowych w oparciu o lex developer, kt\u00f3re z\u0142o\u017cono w naszym mie\u015bcie &#8211; ostatnim terminem na to dzia\u0142anie w trybie specustawy mieszkaniowej by\u0142 31 sierpnia br. <\/p><div class=\"gliwi-a3-w-tresci-artykulow gliwi-entity-placement\" id=\"gliwi-3333489579\"><div id=\"gliwi-3659994315\" style=\"margin-bottom: 30px;margin-left: auto;margin-right: auto;text-align: center;\"><a data-no-instant=\"1\" href=\"https:\/\/ogrodyandersa.pl\/\" rel=\"noopener\" class=\"a2t-link\" target=\"_blank\" aria-label=\"750 x 200 &#8211; Box \u015ar\u00f3dtekstowy &#8211; ADS Ogrody Andersa v1\"><img loading=\"lazy\" decoding=\"async\" src=\"https:\/\/www.24gliwice.pl\/wiadomosci\/wp-content\/uploads\/2026\/02\/750-x-200-Box-Srodtekstowy-ADS-Ogrody-Andersa-v1.jpg\" alt=\"\"  srcset=\"https:\/\/www.24gliwice.pl\/wiadomosci\/wp-content\/uploads\/2026\/02\/750-x-200-Box-Srodtekstowy-ADS-Ogrody-Andersa-v1.jpg 750w, https:\/\/www.24gliwice.pl\/wiadomosci\/wp-content\/uploads\/2026\/02\/750-x-200-Box-Srodtekstowy-ADS-Ogrody-Andersa-v1-410x109.jpg 410w\" sizes=\"(max-width: 750px) 100vw, 750px\" class=\"no-lazyload\" width=\"750\" height=\"200\"  style=\"display: inline-block; max-width: 100%; height: auto;\" \/><\/a><\/div><div id=\"gliwi-1724866423\" style=\"margin-bottom: 30px;margin-left: auto;margin-right: auto;text-align: center;\"><a data-no-instant=\"1\" href=\"https:\/\/zlobek.halogen.org.pl\/\" rel=\"noopener\" class=\"a2t-link\" target=\"_blank\" aria-label=\"animator-zlobek_750x200\"><img loading=\"lazy\" decoding=\"async\" src=\"https:\/\/www.24gliwice.pl\/wiadomosci\/wp-content\/uploads\/2026\/02\/animator-zlobek_750x200.webp\" alt=\"\"  srcset=\"https:\/\/www.24gliwice.pl\/wiadomosci\/wp-content\/uploads\/2026\/02\/animator-zlobek_750x200.webp 750w, https:\/\/www.24gliwice.pl\/wiadomosci\/wp-content\/uploads\/2026\/02\/animator-zlobek_750x200-410x109.webp 410w\" sizes=\"(max-width: 750px) 100vw, 750px\" class=\"no-lazyload\" width=\"750\" height=\"200\"  style=\"display: inline-block; max-width: 100%; height: auto;\" \/><\/a><\/div><\/div>\n<h4>Opal 8 &#8211; budynek 4-kondygnacyjny<\/h4>\n<p>Inwestycja sp\u00f3\u0142ki Opal 8 planowana jest na dzia\u0142ce nr 317\/1, obr\u0119b Centrum. &#8211; Przedmiotem zamierzenia inwestycyjnego jest budowa budynku mieszkalnego wielorodzinnego z gara\u017cem podziemnym, lokalami us\u0142ugowymi w parterze oraz towarzysz\u0105c\u0105 infrastruktur\u0105 &#8211; opisuje deweloper.<\/p>\n<p><a href=\"https:\/\/www.24gliwice.pl\/wiadomosci\/wp-content\/uploads\/2026\/09\/Zrzut-ekranu-2026-09-01-131036.jpg\"><img loading=\"lazy\" decoding=\"async\" class=\"alignnone  wp-image-275002\" src=\"https:\/\/www.24gliwice.pl\/wiadomosci\/wp-content\/uploads\/2026\/09\/Zrzut-ekranu-2026-09-01-131036.jpg\" alt=\"\" width=\"1164\" height=\"738\" srcset=\"https:\/\/www.24gliwice.pl\/wiadomosci\/wp-content\/uploads\/2026\/09\/Zrzut-ekranu-2026-09-01-131036.jpg 942w, https:\/\/www.24gliwice.pl\/wiadomosci\/wp-content\/uploads\/2026\/09\/Zrzut-ekranu-2026-09-01-131036-366x232.jpg 366w, https:\/\/www.24gliwice.pl\/wiadomosci\/wp-content\/uploads\/2026\/09\/Zrzut-ekranu-2026-09-01-131036-718x455.jpg 718w, https:\/\/www.24gliwice.pl\/wiadomosci\/wp-content\/uploads\/2026\/09\/Zrzut-ekranu-2026-09-01-131036-768x487.jpg 768w, https:\/\/www.24gliwice.pl\/wiadomosci\/wp-content\/uploads\/2026\/09\/Zrzut-ekranu-2026-09-01-131036-810x513.jpg 810w\" sizes=\"auto, (max-width: 1164px) 100vw, 1164px\" \/><\/a><\/p>\n<p>To ostatnie obejmuje wewn\u0119trzny uk\u0142ad komunikacyjny, dziedziniec, przeznaczony cz\u0119\u015bciowo na ogr\u00f3dki lokatorskie, zjazd do gara\u017cu, parking naziemny, znajdzie si\u0119 tam tak\u017ce przestrze\u0144 p\u00f3\u0142prywatna przeznaczona dla lokator\u00f3w w ramach powierzchni biologicznie czynnej.<\/p>\n<blockquote><p>Dziedziniec, w tym plac zabaw i miejsce rekreacji, zostan\u0105 wyposa\u017cone w elementy ma\u0142ej architektury oraz ziele\u0144 o charakterze dekoracyjnym<\/p><\/blockquote>\n<p>&#8211; kontynuuje inwestor.<\/p>\n<p>Niecodzienne w Gliwicach rozwi\u0105zanie przewidziano na cele gromadzenia \u015bmieci &#8211; b\u0119d\u0105 to podziemne (lub cz\u0119\u015bciowo podziemne) kontenery na odpady.<\/p>\n<p><a href=\"https:\/\/www.24gliwice.pl\/wiadomosci\/wp-content\/uploads\/2026\/09\/Zrzut-ekranu-2026-09-01-131319.jpg\"><img loading=\"lazy\" decoding=\"async\" class=\"alignnone  wp-image-275005\" src=\"https:\/\/www.24gliwice.pl\/wiadomosci\/wp-content\/uploads\/2026\/09\/Zrzut-ekranu-2026-09-01-131319.jpg\" alt=\"\" width=\"1200\" height=\"774\" srcset=\"https:\/\/www.24gliwice.pl\/wiadomosci\/wp-content\/uploads\/2026\/09\/Zrzut-ekranu-2026-09-01-131319.jpg 927w, https:\/\/www.24gliwice.pl\/wiadomosci\/wp-content\/uploads\/2026\/09\/Zrzut-ekranu-2026-09-01-131319-360x232.jpg 360w, https:\/\/www.24gliwice.pl\/wiadomosci\/wp-content\/uploads\/2026\/09\/Zrzut-ekranu-2026-09-01-131319-705x455.jpg 705w, https:\/\/www.24gliwice.pl\/wiadomosci\/wp-content\/uploads\/2026\/09\/Zrzut-ekranu-2026-09-01-131319-768x495.jpg 768w, https:\/\/www.24gliwice.pl\/wiadomosci\/wp-content\/uploads\/2026\/09\/Zrzut-ekranu-2026-09-01-131319-810x523.jpg 810w\" sizes=\"auto, (max-width: 1200px) 100vw, 1200px\" \/><\/a><\/p>\n<p>Co istotne, planowana zabudowa b\u0119dzie stanowi\u0142a kontynuacj\u0119 zabudowy pierzejowej wzd\u0142u\u017c ul. Szarej wpisuj\u0105c si\u0119 w skal\u0119 i charakter istniej\u0105cej zabudowy.<\/p>\n<p><a href=\"https:\/\/www.24gliwice.pl\/wiadomosci\/wp-content\/uploads\/2026\/09\/Zrzut-ekranu-2026-09-01-131226.jpg\"><img loading=\"lazy\" decoding=\"async\" class=\"alignnone size-full wp-image-275003\" src=\"https:\/\/www.24gliwice.pl\/wiadomosci\/wp-content\/uploads\/2026\/09\/Zrzut-ekranu-2026-09-01-131226.jpg\" alt=\"\" width=\"918\" height=\"512\" srcset=\"https:\/\/www.24gliwice.pl\/wiadomosci\/wp-content\/uploads\/2026\/09\/Zrzut-ekranu-2026-09-01-131226.jpg 918w, https:\/\/www.24gliwice.pl\/wiadomosci\/wp-content\/uploads\/2026\/09\/Zrzut-ekranu-2026-09-01-131226-410x229.jpg 410w, https:\/\/www.24gliwice.pl\/wiadomosci\/wp-content\/uploads\/2026\/09\/Zrzut-ekranu-2026-09-01-131226-810x452.jpg 810w, https:\/\/www.24gliwice.pl\/wiadomosci\/wp-content\/uploads\/2026\/09\/Zrzut-ekranu-2026-09-01-131226-768x428.jpg 768w\" sizes=\"auto, (max-width: 918px) 100vw, 918px\" \/><\/a><\/p>\n<p>Budynek ma posiada\u0107 4 kondygnacje nadziemne i 1-2 podziemne. Wysoko\u015b\u0107 okre\u015blono na 15 metr\u00f3w, za\u015b szeroko\u015b\u0107 elewacji frontowej na 38-54 m. Powierzchnia zabudowy wyniesie od 1,4 do 2 tys. m2, powierzchnia u\u017cytkowa mieszka\u0144 od 3,1 do 4,7 tys. m2, a liczb\u0119 mieszka\u0144 okre\u015blono od 60 do 100. W nowym bloku zamieszka\u0107 mo\u017ce od 111 do 166 mieszka\u0144c\u00f3w, dla kt\u00f3rych przewidziano od 90 do 135 miejsc postojowych.<\/p>\n<p><a href=\"https:\/\/www.24gliwice.pl\/wiadomosci\/wp-content\/uploads\/2026\/09\/Zrzut-ekranu-2026-09-01-131243.jpg\"><img loading=\"lazy\" decoding=\"async\" class=\"alignnone size-full wp-image-275004\" src=\"https:\/\/www.24gliwice.pl\/wiadomosci\/wp-content\/uploads\/2026\/09\/Zrzut-ekranu-2026-09-01-131243.jpg\" alt=\"\" width=\"913\" height=\"518\" srcset=\"https:\/\/www.24gliwice.pl\/wiadomosci\/wp-content\/uploads\/2026\/09\/Zrzut-ekranu-2026-09-01-131243.jpg 913w, https:\/\/www.24gliwice.pl\/wiadomosci\/wp-content\/uploads\/2026\/09\/Zrzut-ekranu-2026-09-01-131243-410x232.jpg 410w, https:\/\/www.24gliwice.pl\/wiadomosci\/wp-content\/uploads\/2026\/09\/Zrzut-ekranu-2026-09-01-131243-802x455.jpg 802w, https:\/\/www.24gliwice.pl\/wiadomosci\/wp-content\/uploads\/2026\/09\/Zrzut-ekranu-2026-09-01-131243-768x436.jpg 768w, https:\/\/www.24gliwice.pl\/wiadomosci\/wp-content\/uploads\/2026\/09\/Zrzut-ekranu-2026-09-01-131243-810x460.jpg 810w\" sizes=\"auto, (max-width: 913px) 100vw, 913px\" \/><\/a><\/p>\n<p>Inwestycja powstanie na terenie w planie miejscowym przeznaczonym na przemys\u0142 i us\u0142ugi &#8211; podstawowa niezgodno\u015b\u0107 z mpzp dotyczy wi\u0119c innego zagospodarowania dzia\u0142ki.<\/p>\n<p><a href=\"https:\/\/www.24gliwice.pl\/wiadomosci\/wp-content\/uploads\/2026\/09\/Zrzut-ekranu-2026-09-01-121408.jpg\"><img loading=\"lazy\" decoding=\"async\" class=\"alignnone wp-image-274984\" src=\"https:\/\/www.24gliwice.pl\/wiadomosci\/wp-content\/uploads\/2026\/09\/Zrzut-ekranu-2026-09-01-121408.jpg\" alt=\"\" width=\"1210\" height=\"793\" srcset=\"https:\/\/www.24gliwice.pl\/wiadomosci\/wp-content\/uploads\/2026\/09\/Zrzut-ekranu-2026-09-01-121408.jpg 696w, https:\/\/www.24gliwice.pl\/wiadomosci\/wp-content\/uploads\/2026\/09\/Zrzut-ekranu-2026-09-01-121408-354x232.jpg 354w, https:\/\/www.24gliwice.pl\/wiadomosci\/wp-content\/uploads\/2026\/09\/Zrzut-ekranu-2026-09-01-121408-694x455.jpg 694w\" sizes=\"auto, (max-width: 1210px) 100vw, 1210px\" \/><\/a><br \/>\n<a href=\"https:\/\/www.24gliwice.pl\/wiadomosci\/wp-content\/uploads\/2026\/09\/Zrzut-ekranu-2026-09-01-121430.jpg\"><img loading=\"lazy\" decoding=\"async\" class=\"alignnone wp-image-274985\" src=\"https:\/\/www.24gliwice.pl\/wiadomosci\/wp-content\/uploads\/2026\/09\/Zrzut-ekranu-2026-09-01-121430.jpg\" alt=\"\" width=\"1132\" height=\"306\" srcset=\"https:\/\/www.24gliwice.pl\/wiadomosci\/wp-content\/uploads\/2026\/09\/Zrzut-ekranu-2026-09-01-121430.jpg 695w, https:\/\/www.24gliwice.pl\/wiadomosci\/wp-content\/uploads\/2026\/09\/Zrzut-ekranu-2026-09-01-121430-410x111.jpg 410w\" sizes=\"auto, (max-width: 1132px) 100vw, 1132px\" \/><\/a><\/p>\n<p>Szczeg\u00f3\u0142owe informacje na temat zamierzenia inwestycyjnego, a tak\u017ce sposob\u00f3w sk\u0142adania uwag <a href=\"https:\/\/bip.gliwice.eu\/wniosek-z-dnia-26-sierpnia-2026-r-o-ustalenie-lokalizacji-inwestycji-mieszkaniowej-na-dzialce-nr-3171-obreb-centrum-zlokalizowanej-przy-ul-szarej-w-gliwicach?fbclid=IwY2xjawUDf8BwZG9mBWV4dG4DYWVtAjEwAGJyaWQRMG9CVlcwZDdLdWJMckhLQ25zcnRjBmFwcF9pZBAyMjIwMzkxNzg4MjAwODkyAAEeFf-27kC_NfNSPzvw4GsQY6BzusdjQ-pYGFqkQhyV2uM4ADE48RuWgVo0IRk_aem_vEFB2PDJ8xjrKYxddxdAxw\" target=\"_blank\" rel=\"noopener\">mo\u017cna znale\u017a\u0107 w BIP Urz\u0119du Miejskiego (link).<\/a><\/p>\n<h4>Maksimum &#8211; 9-kondygnacyjny kolos<\/h4>\n<p>Drugi wniosek o ustalenie lokalizacji inwestycji mieszkaniowej na s\u0105siednich dzia\u0142kach &#8211; nr 317\/3, 318, obr\u0119b Centrum, z\u0142o\u017cy\u0142a sp\u00f3\u0142ka Maksimum, kt\u00f3ra zamierza wybudowa\u0107 tam budynek mieszkalny wielorodzinny z gara\u017cami podziemnymi. Obiekt o wysoko\u015bci 29 metr\u00f3w ma mie\u0107 do 9 kondygnacji nadziemnych i 1-2 podziemne.<\/p>\n<h4>D\u0142ugo\u015b\u0107 elewacji od strony tor\u00f3w (wej\u015bciowa) wyniesie od 120 do 180 m, za\u015b szeroko\u015b\u0107 od 30 do 65 m (wymiar maksymalny).<\/h4>\n<p>Powierzchnia zabudowy ma zamkn\u0105\u0107 si\u0119 w zakresie od od 2,5 do 4,5 tys. m2, a \u0142\u0105czna powierzchnia u\u017cytkowa mieszka\u0144 od 14,3 do 22 tys. m2. Lokali mieszkalnych zaplanowano od 260 do 384, w kt\u00f3rych zamieszka\u0107 mo\u017ce od 511 do 786 lokator\u00f3w.<\/p>\n<p><a href=\"https:\/\/www.24gliwice.pl\/wiadomosci\/wp-content\/uploads\/2026\/09\/MAKSIMUM_BUDYNEK.jpg\"><img loading=\"lazy\" decoding=\"async\" class=\"alignnone size-full wp-image-275000\" src=\"https:\/\/www.24gliwice.pl\/wiadomosci\/wp-content\/uploads\/2026\/09\/MAKSIMUM_BUDYNEK.jpg\" alt=\"\" width=\"1200\" height=\"849\" srcset=\"https:\/\/www.24gliwice.pl\/wiadomosci\/wp-content\/uploads\/2026\/09\/MAKSIMUM_BUDYNEK.jpg 1200w, https:\/\/www.24gliwice.pl\/wiadomosci\/wp-content\/uploads\/2026\/09\/MAKSIMUM_BUDYNEK-328x232.jpg 328w, https:\/\/www.24gliwice.pl\/wiadomosci\/wp-content\/uploads\/2026\/09\/MAKSIMUM_BUDYNEK-643x455.jpg 643w, https:\/\/www.24gliwice.pl\/wiadomosci\/wp-content\/uploads\/2026\/09\/MAKSIMUM_BUDYNEK-768x543.jpg 768w, https:\/\/www.24gliwice.pl\/wiadomosci\/wp-content\/uploads\/2026\/09\/MAKSIMUM_BUDYNEK-810x573.jpg 810w, https:\/\/www.24gliwice.pl\/wiadomosci\/wp-content\/uploads\/2026\/09\/MAKSIMUM_BUDYNEK-1140x807.jpg 1140w\" sizes=\"auto, (max-width: 1200px) 100vw, 1200px\" \/><\/a><\/p>\n<p>Liczba mieszka\u0144c\u00f3w prze\u0142o\u017cy si\u0119 oczywi\u015bcie na miejsca postojowe. \u0141\u0105czna powierzchnia gara\u017c\u00f3w, parking\u00f3w, a tak\u017ce zespo\u0142\u00f3w parking\u00f3w okre\u015blona zosta\u0142a na nieprzekraczaj\u0105c\u0105 1,6 ha, z czego w podziemiu znajdzie si\u0119 11 tys. m2, za\u015b na powierzchni 4 tys. m2. Liczb\u0119 miejsc postojowych oszacowano w zakresie od 390 do 576 szt.<\/p>\n<blockquote><p><em>W ramach planowanej inwestycji przewiduje si\u0119 realizacj\u0119 eleganckiego, wielorodzinnego budynku o zr\u00f3\u017cnicowanej wysoko\u015bci, zapewniaj\u0105cego komfort \u017cycia z dost\u0119pem do us\u0142ug i miejskiej infrastruktury<\/em><\/p><\/blockquote>\n<p>&#8211; opisuje inwestor z z\u0142o\u017conym wniosku.<\/p>\n<p>&#8211; <em>Zagospodarowanie projektowanej inwestycji obejmuje wewn\u0119trzny uk\u0142ad komunikacyjny &#8211; komunikacja piesza i samochodowa oraz rowerowa, zjazd do gara\u017cy oraz parkingi na terenie, wewn\u0119trzne dziedzi\u0144ce w cz\u0119\u015bci przeznaczone pod ogr\u00f3dki lokatorskie, a tak\u017ce jako przestrzenie p\u00f3\u0142prywatne przeznaczone dla mieszka\u0144c\u00f3w w formie og\u00f3lnodost\u0119pnych, nieogrodzonych urz\u0105dzonych teren\u00f3w wypoczynku oraz rekreacji &#8211; czytamy dalej w dokumencie.<\/p>\n<p><a href=\"https:\/\/www.24gliwice.pl\/wiadomosci\/wp-content\/uploads\/2026\/09\/Zrzut-ekranu-2026-09-01-130444.jpg\"><img loading=\"lazy\" decoding=\"async\" class=\"alignnone size-full wp-image-275001\" src=\"https:\/\/www.24gliwice.pl\/wiadomosci\/wp-content\/uploads\/2026\/09\/Zrzut-ekranu-2026-09-01-130444.jpg\" alt=\"\" width=\"942\" height=\"530\" srcset=\"https:\/\/www.24gliwice.pl\/wiadomosci\/wp-content\/uploads\/2026\/09\/Zrzut-ekranu-2026-09-01-130444.jpg 942w, https:\/\/www.24gliwice.pl\/wiadomosci\/wp-content\/uploads\/2026\/09\/Zrzut-ekranu-2026-09-01-130444-410x232.jpg 410w, https:\/\/www.24gliwice.pl\/wiadomosci\/wp-content\/uploads\/2026\/09\/Zrzut-ekranu-2026-09-01-130444-810x456.jpg 810w, https:\/\/www.24gliwice.pl\/wiadomosci\/wp-content\/uploads\/2026\/09\/Zrzut-ekranu-2026-09-01-130444-768x432.jpg 768w\" sizes=\"auto, (max-width: 942px) 100vw, 942px\" \/><\/a> <\/em><\/p>\n<p>Miejsca gromadzenia odpad\u00f3w sta\u0142ych zostan\u0105 zorganizowane w formie pomieszcze\u0144 gospodarczych zlokalizowanych na parterze budynku.<\/p>\n<p><a href=\"https:\/\/www.24gliwice.pl\/wiadomosci\/wp-content\/uploads\/2026\/09\/Zrzut-ekranu-2026-09-01-131717.jpg\"><img loading=\"lazy\" decoding=\"async\" class=\"alignnone size-full wp-image-275007\" src=\"https:\/\/www.24gliwice.pl\/wiadomosci\/wp-content\/uploads\/2026\/09\/Zrzut-ekranu-2026-09-01-131717.jpg\" alt=\"\" width=\"1200\" height=\"667\" srcset=\"https:\/\/www.24gliwice.pl\/wiadomosci\/wp-content\/uploads\/2026\/09\/Zrzut-ekranu-2026-09-01-131717.jpg 1200w, https:\/\/www.24gliwice.pl\/wiadomosci\/wp-content\/uploads\/2026\/09\/Zrzut-ekranu-2026-09-01-131717-410x228.jpg 410w, https:\/\/www.24gliwice.pl\/wiadomosci\/wp-content\/uploads\/2026\/09\/Zrzut-ekranu-2026-09-01-131717-810x450.jpg 810w, https:\/\/www.24gliwice.pl\/wiadomosci\/wp-content\/uploads\/2026\/09\/Zrzut-ekranu-2026-09-01-131717-768x427.jpg 768w, https:\/\/www.24gliwice.pl\/wiadomosci\/wp-content\/uploads\/2026\/09\/Zrzut-ekranu-2026-09-01-131717-1140x634.jpg 1140w\" sizes=\"auto, (max-width: 1200px) 100vw, 1200px\" \/><\/a><\/p>\n<p>Podobnie jak w przypadku pierwszej opisywanej inwestycji, niezgodno\u015b\u0107 z planem miejscowym polega na innym ustalonym w mpzp przeznaczeniu &#8211; istniej\u0105ce to (1P, Un) &#8211; tereny przemys\u0142owo us\u0142ugowe.<\/p>\n<p><a href=\"https:\/\/www.24gliwice.pl\/wiadomosci\/wp-content\/uploads\/2026\/09\/Zrzut-ekranu-2026-09-01-130158.jpg\"><img loading=\"lazy\" decoding=\"async\" class=\"alignnone size-full wp-image-274999\" src=\"https:\/\/www.24gliwice.pl\/wiadomosci\/wp-content\/uploads\/2026\/09\/Zrzut-ekranu-2026-09-01-130158.jpg\" alt=\"\" width=\"868\" height=\"761\" srcset=\"https:\/\/www.24gliwice.pl\/wiadomosci\/wp-content\/uploads\/2026\/09\/Zrzut-ekranu-2026-09-01-130158.jpg 868w, https:\/\/www.24gliwice.pl\/wiadomosci\/wp-content\/uploads\/2026\/09\/Zrzut-ekranu-2026-09-01-130158-265x232.jpg 265w, https:\/\/www.24gliwice.pl\/wiadomosci\/wp-content\/uploads\/2026\/09\/Zrzut-ekranu-2026-09-01-130158-519x455.jpg 519w, https:\/\/www.24gliwice.pl\/wiadomosci\/wp-content\/uploads\/2026\/09\/Zrzut-ekranu-2026-09-01-130158-768x673.jpg 768w, https:\/\/www.24gliwice.pl\/wiadomosci\/wp-content\/uploads\/2026\/09\/Zrzut-ekranu-2026-09-01-130158-810x710.jpg 810w\" sizes=\"auto, (max-width: 868px) 100vw, 868px\" \/><\/a><\/p>\n<p>Szczeg\u00f3\u0142owe informacje na temat zamierzenia inwestycyjnego, a tak\u017ce sposob\u00f3w sk\u0142adania uwag <a href=\"https:\/\/bip.gliwice.eu\/wniosek-z-dnia-26-sierpnia-2026-r-o-ustalenie-lokalizacji-inwestycji-mieszkaniowej-na-dzialkach-nr-3173-318-obreb-centrum-zlokalizowanych-przy-ul-szarej-w-gliwicach\" target=\"_blank\">mo\u017cna znale\u017a\u0107 w BIP Urz\u0119du Miejskiego (link).<\/a><\/p>\n<p>(\u017cms)<br \/>\nwizualizacje: FORMA KUBERSKI\/BIP UM Gliwice<\/p>\n<div class=\"gliwi-a5-na-koncu-artykulow gliwi-entity-placement\" id=\"gliwi-2057587784\"><div id=\"gliwi-1693442045\" style=\"margin-left: auto;margin-right: auto;text-align: center;\"><a data-no-instant=\"1\" href=\"https:\/\/www.jasek.pl\/\" rel=\"noopener\" class=\"a2t-link\" target=\"_blank\" aria-label=\"20200401-jasek 600\"><img loading=\"lazy\" decoding=\"async\" src=\"https:\/\/www.24gliwice.pl\/wiadomosci\/wp-content\/uploads\/2020\/04\/20200401-jasek-600.jpg\" alt=\"\"  srcset=\"https:\/\/www.24gliwice.pl\/wiadomosci\/wp-content\/uploads\/2020\/04\/20200401-jasek-600.jpg 600w, https:\/\/www.24gliwice.pl\/wiadomosci\/wp-content\/uploads\/2020\/04\/20200401-jasek-600-410x109.jpg 410w\" sizes=\"(max-width: 600px) 100vw, 600px\" class=\"no-lazyload\" width=\"600\" height=\"160\"  style=\"display: inline-block; max-width: 100%; height: auto;\" \/><\/a><\/div><\/div>","protected":false},"excerpt":{"rendered":"<p>Przy ulicy Szarej maj\u0105 powsta\u0107 nowe budynki mieszkalne. Jeden z nich ma mie\u0107 do 4 kondygnacji, drugi nawet 9 i do 180 metr\u00f3w d\u0142ugo\u015bci elewacji. Inwestycje planowane s\u0105 przez powi\u0105zane ze sob\u0105 podmioty: sp\u00f3\u0142ki Maksimum oraz Opal 8.<\/p>\n","protected":false},"author":15,"featured_media":275006,"comment_status":"open","ping_status":"closed","sticky":false,"template":"","format":"standard","meta":{"_monsterinsights_skip_tracking":false,"footnotes":"","_links_to":"","_links_to_target":""},"categories":[3,1,9],"tags":[19715,14989],"class_list":["post-274872","post","type-post","status-publish","format-standard","has-post-thumbnail","hentry","category-gliwice","category-wszystko","category-aktualnosci_lokalne","tag-lex-deweloper","tag-szara"],"yoast_head":"<!-- This site is optimized with the Yoast SEO plugin v28.4 - https:\/\/yoast.com\/product\/yoast-seo-wordpress\/ -->\n<title>To mo\u017ce by\u0107 jeden z najd\u0142u\u017cszych budynk\u00f3w mieszkalnych w Gliwicach. Ostatnie dwa wnioski w takim trybie - 24GLIWICE - Portal Gliwice | codziennie nowe informacje<\/title>\n<meta name=\"description\" content=\"Do Urz\u0119du Miejskiego wp\u0142yn\u0119\u0142y dwa wnioski o lokalizacj\u0119 inwestycji mieszkaniowych przy ulicy Szarej w Gliwicach\" \/>\n<meta name=\"robots\" content=\"index, follow, max-snippet:-1, max-image-preview:large, max-video-preview:-1\" \/>\n<link rel=\"canonical\" href=\"https:\/\/www.24gliwice.pl\/wiadomosci\/to-moze-byc-jeden-z-najdluzszych-budynkow-mieszkalnych-w-gliwicach-ostatnie-dwa-wnioski-w-takim-trybie\/\" \/>\n<meta property=\"og:locale\" content=\"pl_PL\" \/>\n<meta property=\"og:type\" content=\"article\" \/>\n<meta property=\"og:title\" content=\"To mo\u017ce by\u0107 jeden z najd\u0142u\u017cszych budynk\u00f3w mieszkalnych w Gliwicach. Ostatnie dwa wnioski w takim trybie - 24GLIWICE - Portal Gliwice | codziennie nowe informacje\" \/>\n<meta property=\"og:description\" content=\"Do Urz\u0119du Miejskiego wp\u0142yn\u0119\u0142y dwa wnioski o lokalizacj\u0119 inwestycji mieszkaniowych przy ulicy Szarej w Gliwicach\" \/>\n<meta property=\"og:url\" content=\"https:\/\/www.24gliwice.pl\/wiadomosci\/to-moze-byc-jeden-z-najdluzszych-budynkow-mieszkalnych-w-gliwicach-ostatnie-dwa-wnioski-w-takim-trybie\/\" \/>\n<meta property=\"og:site_name\" content=\"24GLIWICE - Portal Gliwice | codziennie nowe informacje\" \/>\n<meta property=\"article:publisher\" content=\"https:\/\/www.facebook.com\/24gliwice\" \/>\n<meta property=\"article:published_time\" content=\"2026-09-02T00:08:05+00:00\" \/>\n<meta property=\"og:image\" content=\"https:\/\/www.24gliwice.pl\/wiadomosci\/wp-content\/uploads\/2026\/09\/Zrzut-ekranu-2026-09-01-131746.jpg\" \/>\n\t<meta property=\"og:image:width\" content=\"1200\" \/>\n\t<meta property=\"og:image:height\" content=\"673\" \/>\n\t<meta property=\"og:image:type\" content=\"image\/jpeg\" \/>\n<meta name=\"author\" content=\"\u017baneta Mrozek-Siewierska\" \/>\n<meta name=\"twitter:card\" content=\"summary_large_image\" \/>\n<meta name=\"twitter:creator\" content=\"@24gliwice\" \/>\n<meta name=\"twitter:site\" content=\"@24gliwice\" \/>\n<meta name=\"twitter:label1\" content=\"Napisane przez\" \/>\n\t<meta name=\"twitter:data1\" content=\"\u017baneta Mrozek-Siewierska\" \/>\n\t<meta name=\"twitter:label2\" content=\"Szacowany czas czytania\" \/>\n\t<meta name=\"twitter:data2\" content=\"6 minut\" \/>\n<script type=\"application\/ld+json\" class=\"yoast-schema-graph\">{\"@context\":\"https:\\\/\\\/schema.org\",\"@graph\":[{\"@type\":\"Article\",\"@id\":\"https:\\\/\\\/www.24gliwice.pl\\\/wiadomosci\\\/to-moze-byc-jeden-z-najdluzszych-budynkow-mieszkalnych-w-gliwicach-ostatnie-dwa-wnioski-w-takim-trybie\\\/#article\",\"isPartOf\":{\"@id\":\"https:\\\/\\\/www.24gliwice.pl\\\/wiadomosci\\\/to-moze-byc-jeden-z-najdluzszych-budynkow-mieszkalnych-w-gliwicach-ostatnie-dwa-wnioski-w-takim-trybie\\\/\"},\"author\":{\"name\":\"\u017baneta Mrozek-Siewierska\",\"@id\":\"https:\\\/\\\/www.24gliwice.pl\\\/wiadomosci\\\/#\\\/schema\\\/person\\\/e42c650edd7f2fa332be3811fb166b6e\"},\"headline\":\"To mo\u017ce by\u0107 jeden z najd\u0142u\u017cszych budynk\u00f3w mieszkalnych w Gliwicach. Ostatnie dwa wnioski w takim trybie\",\"datePublished\":\"2026-09-02T00:08:05+00:00\",\"mainEntityOfPage\":{\"@id\":\"https:\\\/\\\/www.24gliwice.pl\\\/wiadomosci\\\/to-moze-byc-jeden-z-najdluzszych-budynkow-mieszkalnych-w-gliwicach-ostatnie-dwa-wnioski-w-takim-trybie\\\/\"},\"wordCount\":749,\"commentCount\":0,\"publisher\":{\"@id\":\"https:\\\/\\\/www.24gliwice.pl\\\/wiadomosci\\\/#organization\"},\"image\":{\"@id\":\"https:\\\/\\\/www.24gliwice.pl\\\/wiadomosci\\\/to-moze-byc-jeden-z-najdluzszych-budynkow-mieszkalnych-w-gliwicach-ostatnie-dwa-wnioski-w-takim-trybie\\\/#primaryimage\"},\"thumbnailUrl\":\"https:\\\/\\\/www.24gliwice.pl\\\/wiadomosci\\\/wp-content\\\/uploads\\\/2026\\\/09\\\/Zrzut-ekranu-2026-09-01-131746.jpg\",\"keywords\":[\"lex deweloper\",\"szara\"],\"articleSection\":[\"Gliwice\",\"Najnowsze wiadomo\u015bci\",\"Portal Gliwice - Wiadomo\u015bci lokalne\"],\"inLanguage\":\"pl-PL\",\"potentialAction\":[{\"@type\":\"CommentAction\",\"name\":\"Comment\",\"target\":[\"https:\\\/\\\/www.24gliwice.pl\\\/wiadomosci\\\/to-moze-byc-jeden-z-najdluzszych-budynkow-mieszkalnych-w-gliwicach-ostatnie-dwa-wnioski-w-takim-trybie\\\/#respond\"]}]},{\"@type\":\"WebPage\",\"@id\":\"https:\\\/\\\/www.24gliwice.pl\\\/wiadomosci\\\/to-moze-byc-jeden-z-najdluzszych-budynkow-mieszkalnych-w-gliwicach-ostatnie-dwa-wnioski-w-takim-trybie\\\/\",\"url\":\"https:\\\/\\\/www.24gliwice.pl\\\/wiadomosci\\\/to-moze-byc-jeden-z-najdluzszych-budynkow-mieszkalnych-w-gliwicach-ostatnie-dwa-wnioski-w-takim-trybie\\\/\",\"name\":\"To mo\u017ce by\u0107 jeden z najd\u0142u\u017cszych budynk\u00f3w mieszkalnych w Gliwicach. Ostatnie dwa wnioski w takim trybie - 24GLIWICE - Portal Gliwice | codziennie nowe informacje\",\"isPartOf\":{\"@id\":\"https:\\\/\\\/www.24gliwice.pl\\\/wiadomosci\\\/#website\"},\"primaryImageOfPage\":{\"@id\":\"https:\\\/\\\/www.24gliwice.pl\\\/wiadomosci\\\/to-moze-byc-jeden-z-najdluzszych-budynkow-mieszkalnych-w-gliwicach-ostatnie-dwa-wnioski-w-takim-trybie\\\/#primaryimage\"},\"image\":{\"@id\":\"https:\\\/\\\/www.24gliwice.pl\\\/wiadomosci\\\/to-moze-byc-jeden-z-najdluzszych-budynkow-mieszkalnych-w-gliwicach-ostatnie-dwa-wnioski-w-takim-trybie\\\/#primaryimage\"},\"thumbnailUrl\":\"https:\\\/\\\/www.24gliwice.pl\\\/wiadomosci\\\/wp-content\\\/uploads\\\/2026\\\/09\\\/Zrzut-ekranu-2026-09-01-131746.jpg\",\"datePublished\":\"2026-09-02T00:08:05+00:00\",\"description\":\"Do Urz\u0119du Miejskiego wp\u0142yn\u0119\u0142y dwa wnioski o lokalizacj\u0119 inwestycji mieszkaniowych przy ulicy Szarej w Gliwicach\",\"breadcrumb\":{\"@id\":\"https:\\\/\\\/www.24gliwice.pl\\\/wiadomosci\\\/to-moze-byc-jeden-z-najdluzszych-budynkow-mieszkalnych-w-gliwicach-ostatnie-dwa-wnioski-w-takim-trybie\\\/#breadcrumb\"},\"inLanguage\":\"pl-PL\",\"potentialAction\":[{\"@type\":\"ReadAction\",\"target\":[\"https:\\\/\\\/www.24gliwice.pl\\\/wiadomosci\\\/to-moze-byc-jeden-z-najdluzszych-budynkow-mieszkalnych-w-gliwicach-ostatnie-dwa-wnioski-w-takim-trybie\\\/\"]}]},{\"@type\":\"ImageObject\",\"inLanguage\":\"pl-PL\",\"@id\":\"https:\\\/\\\/www.24gliwice.pl\\\/wiadomosci\\\/to-moze-byc-jeden-z-najdluzszych-budynkow-mieszkalnych-w-gliwicach-ostatnie-dwa-wnioski-w-takim-trybie\\\/#primaryimage\",\"url\":\"https:\\\/\\\/www.24gliwice.pl\\\/wiadomosci\\\/wp-content\\\/uploads\\\/2026\\\/09\\\/Zrzut-ekranu-2026-09-01-131746.jpg\",\"contentUrl\":\"https:\\\/\\\/www.24gliwice.pl\\\/wiadomosci\\\/wp-content\\\/uploads\\\/2026\\\/09\\\/Zrzut-ekranu-2026-09-01-131746.jpg\",\"width\":1200,\"height\":673},{\"@type\":\"BreadcrumbList\",\"@id\":\"https:\\\/\\\/www.24gliwice.pl\\\/wiadomosci\\\/to-moze-byc-jeden-z-najdluzszych-budynkow-mieszkalnych-w-gliwicach-ostatnie-dwa-wnioski-w-takim-trybie\\\/#breadcrumb\",\"itemListElement\":[{\"@type\":\"ListItem\",\"position\":1,\"name\":\"Strona g\u0142\u00f3wna\",\"item\":\"https:\\\/\\\/www.24gliwice.pl\\\/wiadomosci\\\/\"},{\"@type\":\"ListItem\",\"position\":2,\"name\":\"To mo\u017ce by\u0107 jeden z najd\u0142u\u017cszych budynk\u00f3w mieszkalnych w Gliwicach. Ostatnie dwa wnioski w takim trybie\"}]},{\"@type\":\"WebSite\",\"@id\":\"https:\\\/\\\/www.24gliwice.pl\\\/wiadomosci\\\/#website\",\"url\":\"https:\\\/\\\/www.24gliwice.pl\\\/wiadomosci\\\/\",\"name\":\"24GLIWICE - Portal Gliwice | codziennie nowe wiadomo\u015bci\",\"description\":\"Portal Miejski Gliwice\",\"publisher\":{\"@id\":\"https:\\\/\\\/www.24gliwice.pl\\\/wiadomosci\\\/#organization\"},\"potentialAction\":[{\"@type\":\"SearchAction\",\"target\":{\"@type\":\"EntryPoint\",\"urlTemplate\":\"https:\\\/\\\/www.24gliwice.pl\\\/wiadomosci\\\/?s={search_term_string}\"},\"query-input\":{\"@type\":\"PropertyValueSpecification\",\"valueRequired\":true,\"valueName\":\"search_term_string\"}}],\"inLanguage\":\"pl-PL\"},{\"@type\":\"Organization\",\"@id\":\"https:\\\/\\\/www.24gliwice.pl\\\/wiadomosci\\\/#organization\",\"name\":\"24gliwice\",\"url\":\"https:\\\/\\\/www.24gliwice.pl\\\/wiadomosci\\\/\",\"logo\":{\"@type\":\"ImageObject\",\"inLanguage\":\"pl-PL\",\"@id\":\"https:\\\/\\\/www.24gliwice.pl\\\/wiadomosci\\\/#\\\/schema\\\/logo\\\/image\\\/\",\"url\":\"https:\\\/\\\/www.24gliwice.pl\\\/wiadomosci\\\/wp-content\\\/uploads\\\/2024\\\/10\\\/24gliwice-logo-696.jpg\",\"contentUrl\":\"https:\\\/\\\/www.24gliwice.pl\\\/wiadomosci\\\/wp-content\\\/uploads\\\/2024\\\/10\\\/24gliwice-logo-696.jpg\",\"width\":696,\"height\":696,\"caption\":\"24gliwice\"},\"image\":{\"@id\":\"https:\\\/\\\/www.24gliwice.pl\\\/wiadomosci\\\/#\\\/schema\\\/logo\\\/image\\\/\"},\"sameAs\":[\"https:\\\/\\\/www.facebook.com\\\/24gliwice\",\"https:\\\/\\\/x.com\\\/24gliwice\",\"https:\\\/\\\/www.youtube.com\\\/@24gliwice\"]},{\"@type\":\"Person\",\"@id\":\"https:\\\/\\\/www.24gliwice.pl\\\/wiadomosci\\\/#\\\/schema\\\/person\\\/e42c650edd7f2fa332be3811fb166b6e\",\"name\":\"\u017baneta Mrozek-Siewierska\",\"image\":{\"@type\":\"ImageObject\",\"inLanguage\":\"pl-PL\",\"@id\":\"https:\\\/\\\/secure.gravatar.com\\\/avatar\\\/1881429e9c64597c77ad7aef2d0a19be69a3253e57534d16aa15bf3a4d34a0a3?s=96&d=mm&r=g\",\"url\":\"https:\\\/\\\/secure.gravatar.com\\\/avatar\\\/1881429e9c64597c77ad7aef2d0a19be69a3253e57534d16aa15bf3a4d34a0a3?s=96&d=mm&r=g\",\"contentUrl\":\"https:\\\/\\\/secure.gravatar.com\\\/avatar\\\/1881429e9c64597c77ad7aef2d0a19be69a3253e57534d16aa15bf3a4d34a0a3?s=96&d=mm&r=g\",\"caption\":\"\u017baneta Mrozek-Siewierska\"},\"url\":\"https:\\\/\\\/www.24gliwice.pl\\\/wiadomosci\\\/author\\\/zms\\\/\"}]}<\/script>\n<!-- \/ Yoast SEO plugin. -->","yoast_head_json":{"title":"To mo\u017ce by\u0107 jeden z najd\u0142u\u017cszych budynk\u00f3w mieszkalnych w Gliwicach. Ostatnie dwa wnioski w takim trybie - 24GLIWICE - Portal Gliwice | codziennie nowe informacje","description":"Do Urz\u0119du Miejskiego wp\u0142yn\u0119\u0142y dwa wnioski o lokalizacj\u0119 inwestycji mieszkaniowych przy ulicy Szarej w Gliwicach","robots":{"index":"index","follow":"follow","max-snippet":"max-snippet:-1","max-image-preview":"max-image-preview:large","max-video-preview":"max-video-preview:-1"},"canonical":"https:\/\/www.24gliwice.pl\/wiadomosci\/to-moze-byc-jeden-z-najdluzszych-budynkow-mieszkalnych-w-gliwicach-ostatnie-dwa-wnioski-w-takim-trybie\/","og_locale":"pl_PL","og_type":"article","og_title":"To mo\u017ce by\u0107 jeden z najd\u0142u\u017cszych budynk\u00f3w mieszkalnych w Gliwicach. Ostatnie dwa wnioski w takim trybie - 24GLIWICE - Portal Gliwice | codziennie nowe informacje","og_description":"Do Urz\u0119du Miejskiego wp\u0142yn\u0119\u0142y dwa wnioski o lokalizacj\u0119 inwestycji mieszkaniowych przy ulicy Szarej w Gliwicach","og_url":"https:\/\/www.24gliwice.pl\/wiadomosci\/to-moze-byc-jeden-z-najdluzszych-budynkow-mieszkalnych-w-gliwicach-ostatnie-dwa-wnioski-w-takim-trybie\/","og_site_name":"24GLIWICE - Portal Gliwice | codziennie nowe informacje","article_publisher":"https:\/\/www.facebook.com\/24gliwice","article_published_time":"2026-09-02T00:08:05+00:00","og_image":[{"width":1200,"height":673,"url":"https:\/\/www.24gliwice.pl\/wiadomosci\/wp-content\/uploads\/2026\/09\/Zrzut-ekranu-2026-09-01-131746.jpg","type":"image\/jpeg"}],"author":"\u017baneta Mrozek-Siewierska","twitter_card":"summary_large_image","twitter_creator":"@24gliwice","twitter_site":"@24gliwice","twitter_misc":{"Napisane przez":"\u017baneta Mrozek-Siewierska","Szacowany czas czytania":"6 minut"},"schema":{"@context":"https:\/\/schema.org","@graph":[{"@type":"Article","@id":"https:\/\/www.24gliwice.pl\/wiadomosci\/to-moze-byc-jeden-z-najdluzszych-budynkow-mieszkalnych-w-gliwicach-ostatnie-dwa-wnioski-w-takim-trybie\/#article","isPartOf":{"@id":"https:\/\/www.24gliwice.pl\/wiadomosci\/to-moze-byc-jeden-z-najdluzszych-budynkow-mieszkalnych-w-gliwicach-ostatnie-dwa-wnioski-w-takim-trybie\/"},"author":{"name":"\u017baneta Mrozek-Siewierska","@id":"https:\/\/www.24gliwice.pl\/wiadomosci\/#\/schema\/person\/e42c650edd7f2fa332be3811fb166b6e"},"headline":"To mo\u017ce by\u0107 jeden z najd\u0142u\u017cszych budynk\u00f3w mieszkalnych w Gliwicach. Ostatnie dwa wnioski w takim trybie","datePublished":"2026-09-02T00:08:05+00:00","mainEntityOfPage":{"@id":"https:\/\/www.24gliwice.pl\/wiadomosci\/to-moze-byc-jeden-z-najdluzszych-budynkow-mieszkalnych-w-gliwicach-ostatnie-dwa-wnioski-w-takim-trybie\/"},"wordCount":749,"commentCount":0,"publisher":{"@id":"https:\/\/www.24gliwice.pl\/wiadomosci\/#organization"},"image":{"@id":"https:\/\/www.24gliwice.pl\/wiadomosci\/to-moze-byc-jeden-z-najdluzszych-budynkow-mieszkalnych-w-gliwicach-ostatnie-dwa-wnioski-w-takim-trybie\/#primaryimage"},"thumbnailUrl":"https:\/\/www.24gliwice.pl\/wiadomosci\/wp-content\/uploads\/2026\/09\/Zrzut-ekranu-2026-09-01-131746.jpg","keywords":["lex deweloper","szara"],"articleSection":["Gliwice","Najnowsze wiadomo\u015bci","Portal Gliwice - Wiadomo\u015bci lokalne"],"inLanguage":"pl-PL","potentialAction":[{"@type":"CommentAction","name":"Comment","target":["https:\/\/www.24gliwice.pl\/wiadomosci\/to-moze-byc-jeden-z-najdluzszych-budynkow-mieszkalnych-w-gliwicach-ostatnie-dwa-wnioski-w-takim-trybie\/#respond"]}]},{"@type":"WebPage","@id":"https:\/\/www.24gliwice.pl\/wiadomosci\/to-moze-byc-jeden-z-najdluzszych-budynkow-mieszkalnych-w-gliwicach-ostatnie-dwa-wnioski-w-takim-trybie\/","url":"https:\/\/www.24gliwice.pl\/wiadomosci\/to-moze-byc-jeden-z-najdluzszych-budynkow-mieszkalnych-w-gliwicach-ostatnie-dwa-wnioski-w-takim-trybie\/","name":"To mo\u017ce by\u0107 jeden z najd\u0142u\u017cszych budynk\u00f3w mieszkalnych w Gliwicach. Ostatnie dwa wnioski w takim trybie - 24GLIWICE - Portal Gliwice | codziennie nowe informacje","isPartOf":{"@id":"https:\/\/www.24gliwice.pl\/wiadomosci\/#website"},"primaryImageOfPage":{"@id":"https:\/\/www.24gliwice.pl\/wiadomosci\/to-moze-byc-jeden-z-najdluzszych-budynkow-mieszkalnych-w-gliwicach-ostatnie-dwa-wnioski-w-takim-trybie\/#primaryimage"},"image":{"@id":"https:\/\/www.24gliwice.pl\/wiadomosci\/to-moze-byc-jeden-z-najdluzszych-budynkow-mieszkalnych-w-gliwicach-ostatnie-dwa-wnioski-w-takim-trybie\/#primaryimage"},"thumbnailUrl":"https:\/\/www.24gliwice.pl\/wiadomosci\/wp-content\/uploads\/2026\/09\/Zrzut-ekranu-2026-09-01-131746.jpg","datePublished":"2026-09-02T00:08:05+00:00","description":"Do Urz\u0119du Miejskiego wp\u0142yn\u0119\u0142y dwa wnioski o lokalizacj\u0119 inwestycji mieszkaniowych przy ulicy Szarej w Gliwicach","breadcrumb":{"@id":"https:\/\/www.24gliwice.pl\/wiadomosci\/to-moze-byc-jeden-z-najdluzszych-budynkow-mieszkalnych-w-gliwicach-ostatnie-dwa-wnioski-w-takim-trybie\/#breadcrumb"},"inLanguage":"pl-PL","potentialAction":[{"@type":"ReadAction","target":["https:\/\/www.24gliwice.pl\/wiadomosci\/to-moze-byc-jeden-z-najdluzszych-budynkow-mieszkalnych-w-gliwicach-ostatnie-dwa-wnioski-w-takim-trybie\/"]}]},{"@type":"ImageObject","inLanguage":"pl-PL","@id":"https:\/\/www.24gliwice.pl\/wiadomosci\/to-moze-byc-jeden-z-najdluzszych-budynkow-mieszkalnych-w-gliwicach-ostatnie-dwa-wnioski-w-takim-trybie\/#primaryimage","url":"https:\/\/www.24gliwice.pl\/wiadomosci\/wp-content\/uploads\/2026\/09\/Zrzut-ekranu-2026-09-01-131746.jpg","contentUrl":"https:\/\/www.24gliwice.pl\/wiadomosci\/wp-content\/uploads\/2026\/09\/Zrzut-ekranu-2026-09-01-131746.jpg","width":1200,"height":673},{"@type":"BreadcrumbList","@id":"https:\/\/www.24gliwice.pl\/wiadomosci\/to-moze-byc-jeden-z-najdluzszych-budynkow-mieszkalnych-w-gliwicach-ostatnie-dwa-wnioski-w-takim-trybie\/#breadcrumb","itemListElement":[{"@type":"ListItem","position":1,"name":"Strona g\u0142\u00f3wna","item":"https:\/\/www.24gliwice.pl\/wiadomosci\/"},{"@type":"ListItem","position":2,"name":"To mo\u017ce by\u0107 jeden z najd\u0142u\u017cszych budynk\u00f3w mieszkalnych w Gliwicach. Ostatnie dwa wnioski w takim trybie"}]},{"@type":"WebSite","@id":"https:\/\/www.24gliwice.pl\/wiadomosci\/#website","url":"https:\/\/www.24gliwice.pl\/wiadomosci\/","name":"24GLIWICE - Portal Gliwice | codziennie nowe wiadomo\u015bci","description":"Portal Miejski Gliwice","publisher":{"@id":"https:\/\/www.24gliwice.pl\/wiadomosci\/#organization"},"potentialAction":[{"@type":"SearchAction","target":{"@type":"EntryPoint","urlTemplate":"https:\/\/www.24gliwice.pl\/wiadomosci\/?s={search_term_string}"},"query-input":{"@type":"PropertyValueSpecification","valueRequired":true,"valueName":"search_term_string"}}],"inLanguage":"pl-PL"},{"@type":"Organization","@id":"https:\/\/www.24gliwice.pl\/wiadomosci\/#organization","name":"24gliwice","url":"https:\/\/www.24gliwice.pl\/wiadomosci\/","logo":{"@type":"ImageObject","inLanguage":"pl-PL","@id":"https:\/\/www.24gliwice.pl\/wiadomosci\/#\/schema\/logo\/image\/","url":"https:\/\/www.24gliwice.pl\/wiadomosci\/wp-content\/uploads\/2024\/10\/24gliwice-logo-696.jpg","contentUrl":"https:\/\/www.24gliwice.pl\/wiadomosci\/wp-content\/uploads\/2024\/10\/24gliwice-logo-696.jpg","width":696,"height":696,"caption":"24gliwice"},"image":{"@id":"https:\/\/www.24gliwice.pl\/wiadomosci\/#\/schema\/logo\/image\/"},"sameAs":["https:\/\/www.facebook.com\/24gliwice","https:\/\/x.com\/24gliwice","https:\/\/www.youtube.com\/@24gliwice"]},{"@type":"Person","@id":"https:\/\/www.24gliwice.pl\/wiadomosci\/#\/schema\/person\/e42c650edd7f2fa332be3811fb166b6e","name":"\u017baneta Mrozek-Siewierska","image":{"@type":"ImageObject","inLanguage":"pl-PL","@id":"https:\/\/secure.gravatar.com\/avatar\/1881429e9c64597c77ad7aef2d0a19be69a3253e57534d16aa15bf3a4d34a0a3?s=96&d=mm&r=g","url":"https:\/\/secure.gravatar.com\/avatar\/1881429e9c64597c77ad7aef2d0a19be69a3253e57534d16aa15bf3a4d34a0a3?s=96&d=mm&r=g","contentUrl":"https:\/\/secure.gravatar.com\/avatar\/1881429e9c64597c77ad7aef2d0a19be69a3253e57534d16aa15bf3a4d34a0a3?s=96&d=mm&r=g","caption":"\u017baneta Mrozek-Siewierska"},"url":"https:\/\/www.24gliwice.pl\/wiadomosci\/author\/zms\/"}]}},"_links":{"self":[{"href":"https:\/\/www.24gliwice.pl\/wiadomosci\/wp-json\/wp\/v2\/posts\/274872","targetHints":{"allow":["GET"]}}],"collection":[{"href":"https:\/\/www.24gliwice.pl\/wiadomosci\/wp-json\/wp\/v2\/posts"}],"about":[{"href":"https:\/\/www.24gliwice.pl\/wiadomosci\/wp-json\/wp\/v2\/types\/post"}],"author":[{"embeddable":true,"href":"https:\/\/www.24gliwice.pl\/wiadomosci\/wp-json\/wp\/v2\/users\/15"}],"replies":[{"embeddable":true,"href":"https:\/\/www.24gliwice.pl\/wiadomosci\/wp-json\/wp\/v2\/comments?post=274872"}],"version-history":[{"count":11,"href":"https:\/\/www.24gliwice.pl\/wiadomosci\/wp-json\/wp\/v2\/posts\/274872\/revisions"}],"predecessor-version":[{"id":275032,"href":"https:\/\/www.24gliwice.pl\/wiadomosci\/wp-json\/wp\/v2\/posts\/274872\/revisions\/275032"}],"wp:featuredmedia":[{"embeddable":true,"href":"https:\/\/www.24gliwice.pl\/wiadomosci\/wp-json\/wp\/v2\/media\/275006"}],"wp:attachment":[{"href":"https:\/\/www.24gliwice.pl\/wiadomosci\/wp-json\/wp\/v2\/media?parent=274872"}],"wp:term":[{"taxonomy":"category","embeddable":true,"href":"https:\/\/www.24gliwice.pl\/wiadomosci\/wp-json\/wp\/v2\/categories?post=274872"},{"taxonomy":"post_tag","embeddable":true,"href":"https:\/\/www.24gliwice.pl\/wiadomosci\/wp-json\/wp\/v2\/tags?post=274872"}],"curies":[{"name":"wp","href":"https:\/\/api.w.org\/{rel}","templated":true}]}}