{"id":274934,"date":"2026-08-31T10:43:15","date_gmt":"2026-08-31T08:43:15","guid":{"rendered":"https:\/\/www.24gliwice.pl\/wiadomosci\/?p=274934"},"modified":"2026-08-31T10:43:15","modified_gmt":"2026-08-31T08:43:15","slug":"gliwicykl-powiedzie-uczestnikow-po-czterech-dzielnicach-miasta-tematem-wyprawy-beda-kolejne-projekty-w-gbo","status":"publish","type":"post","link":"https:\/\/www.24gliwice.pl\/wiadomosci\/gliwicykl-powiedzie-uczestnikow-po-czterech-dzielnicach-miasta-tematem-wyprawy-beda-kolejne-projekty-w-gbo\/","title":{"rendered":"Gliwicykl powiedzie uczestnik\u00f3w po czterech dzielnicach miasta. Tematem wyprawy b\u0119d\u0105 kolejne projekty w GBO"},"content":{"rendered":"<div class=\"gliwi-a6-nad-leadem-artykulow gliwi-entity-placement\" id=\"gliwi-2845433195\"><div id=\"gliwi-1684140170\" style=\"margin-bottom: 25px;margin-left: auto;margin-right: auto;text-align: center;\"><a data-no-instant=\"1\" href=\"https:\/\/dom100.eu\/\" rel=\"noopener\" class=\"a2t-link\" target=\"_blank\" aria-label=\"20260827 750x200_baner_Dni_Otwarte_dom100\"><img loading=\"lazy\" decoding=\"async\" src=\"https:\/\/www.24gliwice.pl\/wiadomosci\/wp-content\/uploads\/2025\/09\/20260827-750x200_baner_Dni_Otwarte_dom100.jpg\" alt=\"\"  srcset=\"https:\/\/www.24gliwice.pl\/wiadomosci\/wp-content\/uploads\/2025\/09\/20260827-750x200_baner_Dni_Otwarte_dom100.jpg 750w, https:\/\/www.24gliwice.pl\/wiadomosci\/wp-content\/uploads\/2025\/09\/20260827-750x200_baner_Dni_Otwarte_dom100-410x109.jpg 410w\" sizes=\"(max-width: 750px) 100vw, 750px\" class=\"no-lazyload\" width=\"750\" height=\"200\"  style=\"display: inline-block; max-width: 100%; height: auto;\" \/><\/a><\/div><\/div><h2>Stowarzyszenie Rowerowe Gliwice organizuje drugi Gliwicykl po rowerowych projektach w trwaj\u0105cej edycji Gliwickiego Bud\u017cetu Obywatelskiego. Tym razem zabierze uczestnik\u00f3w do dzielnicy \u017berniki, Zatorze, Baildona i So\u015bnica.<\/h2>\n<p><!--more--><\/p>\n<p>Trasa liczy 19 km, a czas przejazdu oszacowano na oko\u0142o 1,5 godziny. Start i meta wyznaczone zosta\u0142y na placu Pi\u0142sudskiego.<\/p><div class=\"gliwi-a3-wyzej-w-tresci-artykulow gliwi-entity-placement\" id=\"gliwi-3777482453\"><div id=\"gliwi-2482318103\" style=\"margin-bottom: 30px;margin-left: auto;margin-right: auto;text-align: center;\"><a data-no-instant=\"1\" href=\"https:\/\/www.dealer-fiat.pl\/ganinex-gliwice\/kontakt\/prosba-o-oferte\/\" rel=\"noopener\" class=\"a2t-link\" target=\"_blank\" aria-label=\"2026_08_gazdagroup_kreacje_fiat_pandina_hybrid_gliwice24_750x200\"><img loading=\"lazy\" decoding=\"async\" src=\"https:\/\/www.24gliwice.pl\/wiadomosci\/wp-content\/uploads\/2026\/08\/2026_08_gazdagroup_kreacje_fiat_pandina_hybrid_gliwice24_750x200.jpg\" alt=\"\"  srcset=\"https:\/\/www.24gliwice.pl\/wiadomosci\/wp-content\/uploads\/2026\/08\/2026_08_gazdagroup_kreacje_fiat_pandina_hybrid_gliwice24_750x200.jpg 750w, https:\/\/www.24gliwice.pl\/wiadomosci\/wp-content\/uploads\/2026\/08\/2026_08_gazdagroup_kreacje_fiat_pandina_hybrid_gliwice24_750x200-410x109.jpg 410w\" sizes=\"(max-width: 750px) 100vw, 750px\" class=\"no-lazyload\" width=\"750\" height=\"200\"  style=\"display: inline-block; max-width: 100%; height: auto;\" \/><\/a><\/div><\/div>\n<p><H4>Wydarzenie odb\u0119dzie si\u0119 w sobot\u0119, 5 wrze\u015bnia, rozpocz\u0119cie o godzinie 10:30. <\/H4><\/p>\n<p>Udzia\u0142 mog\u0105 wzi\u0105\u0107 wszyscy zainteresowani rowerzy\u015bci na jedno\u015bladach, kt\u00f3rych opony posiadaj\u0105 bie\u017cnik. Przejazd prowadzi\u0107 b\u0119dzie po nawierzchniach: asfaltowej, po drogach dla rower\u00f3w oraz ma\u0142o ucz\u0119szczanych drogach publicznych, oraz fragmentami szutrowych. Na kr\u00f3tkim odcinku specjalnym mo\u017ce wyst\u0119powa\u0107 b\u0142oto.<\/p><div class=\"gliwi-a3-w-tresci-artykulow gliwi-entity-placement\" id=\"gliwi-2670897741\"><div id=\"gliwi-4275359886\" style=\"margin-bottom: 30px;margin-left: auto;margin-right: auto;text-align: center;\"><a data-no-instant=\"1\" href=\"https:\/\/zlobek.halogen.org.pl\/\" rel=\"noopener\" class=\"a2t-link\" target=\"_blank\" aria-label=\"animator-zlobek_750x200\"><img loading=\"lazy\" decoding=\"async\" src=\"https:\/\/www.24gliwice.pl\/wiadomosci\/wp-content\/uploads\/2026\/02\/animator-zlobek_750x200.webp\" alt=\"\"  srcset=\"https:\/\/www.24gliwice.pl\/wiadomosci\/wp-content\/uploads\/2026\/02\/animator-zlobek_750x200.webp 750w, https:\/\/www.24gliwice.pl\/wiadomosci\/wp-content\/uploads\/2026\/02\/animator-zlobek_750x200-410x109.webp 410w\" sizes=\"(max-width: 750px) 100vw, 750px\" class=\"no-lazyload\" width=\"750\" height=\"200\"  style=\"display: inline-block; max-width: 100%; height: auto;\" \/><\/a><\/div><div id=\"gliwi-2823343726\" style=\"margin-bottom: 30px;margin-left: auto;margin-right: auto;text-align: center;\"><a data-no-instant=\"1\" href=\"https:\/\/ogrodyandersa.pl\/\" rel=\"noopener\" class=\"a2t-link\" target=\"_blank\" aria-label=\"750 x 200 &#8211; Box \u015ar\u00f3dtekstowy &#8211; ADS Ogrody Andersa v1\"><img loading=\"lazy\" decoding=\"async\" src=\"https:\/\/www.24gliwice.pl\/wiadomosci\/wp-content\/uploads\/2026\/02\/750-x-200-Box-Srodtekstowy-ADS-Ogrody-Andersa-v1.jpg\" alt=\"\"  srcset=\"https:\/\/www.24gliwice.pl\/wiadomosci\/wp-content\/uploads\/2026\/02\/750-x-200-Box-Srodtekstowy-ADS-Ogrody-Andersa-v1.jpg 750w, https:\/\/www.24gliwice.pl\/wiadomosci\/wp-content\/uploads\/2026\/02\/750-x-200-Box-Srodtekstowy-ADS-Ogrody-Andersa-v1-410x109.jpg 410w\" sizes=\"(max-width: 750px) 100vw, 750px\" class=\"no-lazyload\" width=\"750\" height=\"200\"  style=\"display: inline-block; max-width: 100%; height: auto;\" \/><\/a><\/div><\/div>\n<p>Na trasie przejazdu przewidziano kilka kr\u00f3tkich postoj\u00f3w.<\/p>\n<p>Udzia\u0142 w wydarzeniu jest bezp\u0142atny. Uczestnicy zobowi\u0105zani s\u0105 do respektowania postanowie\u0144 <a href=\"http:\/\/rowerowe-gliwice.pl\/gliwicykl\" target=\"_blank\">regulaminu &#8211; link.<\/a><\/p>\n<p><a href=\"https:\/\/www.facebook.com\/events\/1608840827266326\" target=\"_blank\">Wydarzenie w serwisie Facebook mo\u017cna znale\u017a\u0107 tu.<\/a><\/p>\n<p>&#8211; <em>Rozpocz\u0119\u0142o si\u0119 g\u0142osowanie na Gliwicki Bud\u017cet Obywatelski i z tej okazji kontynuujemy seri\u0119 przejazd\u00f3w, kt\u00f3re maj\u0105 pokaza\u0107 projekty rowerowe, na kt\u00f3re mo\u017cna zag\u0142osowa\u0107 w tej edycji. Tym razem odwiedzimy wschodnie dzielnice Gliwic, gdzie projekty rowerowe zosta\u0142y zg\u0142oszone i zaakceptowane przez miasto w ca\u0142kiem poka\u017anej liczbie. Odwiedzimy dzielnic\u0119 \u017berniki, Zatorze, Baildona i So\u015bnic\u0119<\/em> &#8211; zapowiadaj\u0105 organizatorzy.<\/p>\n<p>Szczeg\u00f3\u0142y rowerowych projekt\u00f3w i przebiegu g\u0142osowania: <a href=\"https:\/\/rowerowe-gliwice.pl\/budzet-obywatelski\/najlepsze-rowerowe-projekty-w-gbo2027\" target=\"_blank\">https:\/\/rowerowe-gliwice.pl\/budzet-obywatelski\/najlepsze-rowerowe-projekty-w-gbo2027<\/a><\/p>\n<p>Uwaga: organizatorzy zastrzegaj\u0105, \u017ce w razie z\u0142ej pogody przejazd mo\u017ce zosta\u0107 odwo\u0142any.<\/p>\n<p>(\u017cms)<br \/>\nFot. Rowerowe Gliwice<\/p>\n<div class=\"gliwi-a5-na-koncu-artykulow gliwi-entity-placement\" id=\"gliwi-3809134780\"><div id=\"gliwi-671570315\" style=\"margin-left: auto;margin-right: auto;text-align: center;\"><a data-no-instant=\"1\" href=\"https:\/\/www.jasek.pl\/\" rel=\"noopener\" class=\"a2t-link\" target=\"_blank\" aria-label=\"20200401-jasek 600\"><img loading=\"lazy\" decoding=\"async\" src=\"https:\/\/www.24gliwice.pl\/wiadomosci\/wp-content\/uploads\/2020\/04\/20200401-jasek-600.jpg\" alt=\"\"  srcset=\"https:\/\/www.24gliwice.pl\/wiadomosci\/wp-content\/uploads\/2020\/04\/20200401-jasek-600.jpg 600w, https:\/\/www.24gliwice.pl\/wiadomosci\/wp-content\/uploads\/2020\/04\/20200401-jasek-600-410x109.jpg 410w\" sizes=\"(max-width: 600px) 100vw, 600px\" class=\"no-lazyload\" width=\"600\" height=\"160\"  style=\"display: inline-block; max-width: 100%; height: auto;\" \/><\/a><\/div><\/div>","protected":false},"excerpt":{"rendered":"<p>Stowarzyszenie Rowerowe Gliwice organizuje drugi Gliwicykl po rowerowych projektach w trwaj\u0105cej edycji Gliwickiego Bud\u017cetu Obywatelskiego. Tym razem zabierze uczestnik\u00f3w do dzielnicy \u017berniki, Zatorze, Baildona i So\u015bnica.<\/p>\n","protected":false},"author":15,"featured_media":274939,"comment_status":"open","ping_status":"closed","sticky":false,"template":"","format":"standard","meta":{"_monsterinsights_skip_tracking":false,"footnotes":"","_links_to":"","_links_to_target":""},"categories":[3,6,1],"tags":[10532,17628],"class_list":["post-274934","post","type-post","status-publish","format-standard","has-post-thumbnail","hentry","category-gliwice","category-kultura","category-wszystko","tag-gbo","tag-gliwicykl"],"yoast_head":"<!-- This site is optimized with the Yoast SEO plugin v28.3 - https:\/\/yoast.com\/product\/yoast-seo-wordpress\/ -->\n<title>Gliwicykl powiedzie uczestnik\u00f3w po czterech dzielnicach miasta. Tematem wyprawy b\u0119d\u0105 kolejne projekty w GBO - 24GLIWICE - Portal Gliwice | codziennie nowe informacje<\/title>\n<meta name=\"description\" content=\"W sobot\u0119, 5 wrze\u015bnia odb\u0119dzie si\u0119 drugi Gliwicykl, kt\u00f3ry poprowadzi uczestnik\u00f3w po rowerowych projektach w trwaj\u0105cej edycji GBO\" \/>\n<meta name=\"robots\" content=\"index, follow, max-snippet:-1, max-image-preview:large, max-video-preview:-1\" \/>\n<link rel=\"canonical\" href=\"https:\/\/www.24gliwice.pl\/wiadomosci\/gliwicykl-powiedzie-uczestnikow-po-czterech-dzielnicach-miasta-tematem-wyprawy-beda-kolejne-projekty-w-gbo\/\" \/>\n<meta property=\"og:locale\" content=\"pl_PL\" \/>\n<meta property=\"og:type\" content=\"article\" \/>\n<meta property=\"og:title\" content=\"Gliwicykl powiedzie uczestnik\u00f3w po czterech dzielnicach miasta. Tematem wyprawy b\u0119d\u0105 kolejne projekty w GBO - 24GLIWICE - Portal Gliwice | codziennie nowe informacje\" \/>\n<meta property=\"og:description\" content=\"W sobot\u0119, 5 wrze\u015bnia odb\u0119dzie si\u0119 drugi Gliwicykl, kt\u00f3ry poprowadzi uczestnik\u00f3w po rowerowych projektach w trwaj\u0105cej edycji GBO\" \/>\n<meta property=\"og:url\" content=\"https:\/\/www.24gliwice.pl\/wiadomosci\/gliwicykl-powiedzie-uczestnikow-po-czterech-dzielnicach-miasta-tematem-wyprawy-beda-kolejne-projekty-w-gbo\/\" \/>\n<meta property=\"og:site_name\" content=\"24GLIWICE - Portal Gliwice | codziennie nowe informacje\" \/>\n<meta property=\"article:publisher\" content=\"https:\/\/www.facebook.com\/24gliwice\" \/>\n<meta property=\"article:published_time\" content=\"2026-08-31T08:43:15+00:00\" \/>\n<meta property=\"og:image\" content=\"https:\/\/www.24gliwice.pl\/wiadomosci\/wp-content\/uploads\/2026\/08\/gliwicykl2.jpg\" \/>\n\t<meta property=\"og:image:width\" content=\"810\" \/>\n\t<meta property=\"og:image:height\" content=\"457\" \/>\n\t<meta property=\"og:image:type\" content=\"image\/jpeg\" \/>\n<meta name=\"author\" content=\"\u017baneta Mrozek-Siewierska\" \/>\n<meta name=\"twitter:card\" content=\"summary_large_image\" \/>\n<meta name=\"twitter:creator\" content=\"@24gliwice\" \/>\n<meta name=\"twitter:site\" content=\"@24gliwice\" \/>\n<meta name=\"twitter:label1\" content=\"Napisane przez\" \/>\n\t<meta name=\"twitter:data1\" content=\"\u017baneta Mrozek-Siewierska\" \/>\n\t<meta name=\"twitter:label2\" content=\"Szacowany czas czytania\" \/>\n\t<meta name=\"twitter:data2\" content=\"2 minuty\" \/>\n<script type=\"application\/ld+json\" class=\"yoast-schema-graph\">{\"@context\":\"https:\\\/\\\/schema.org\",\"@graph\":[{\"@type\":\"Article\",\"@id\":\"https:\\\/\\\/www.24gliwice.pl\\\/wiadomosci\\\/gliwicykl-powiedzie-uczestnikow-po-czterech-dzielnicach-miasta-tematem-wyprawy-beda-kolejne-projekty-w-gbo\\\/#article\",\"isPartOf\":{\"@id\":\"https:\\\/\\\/www.24gliwice.pl\\\/wiadomosci\\\/gliwicykl-powiedzie-uczestnikow-po-czterech-dzielnicach-miasta-tematem-wyprawy-beda-kolejne-projekty-w-gbo\\\/\"},\"author\":{\"name\":\"\u017baneta Mrozek-Siewierska\",\"@id\":\"https:\\\/\\\/www.24gliwice.pl\\\/wiadomosci\\\/#\\\/schema\\\/person\\\/e42c650edd7f2fa332be3811fb166b6e\"},\"headline\":\"Gliwicykl powiedzie uczestnik\u00f3w po czterech dzielnicach miasta. Tematem wyprawy b\u0119d\u0105 kolejne projekty w GBO\",\"datePublished\":\"2026-08-31T08:43:15+00:00\",\"mainEntityOfPage\":{\"@id\":\"https:\\\/\\\/www.24gliwice.pl\\\/wiadomosci\\\/gliwicykl-powiedzie-uczestnikow-po-czterech-dzielnicach-miasta-tematem-wyprawy-beda-kolejne-projekty-w-gbo\\\/\"},\"wordCount\":263,\"commentCount\":1,\"publisher\":{\"@id\":\"https:\\\/\\\/www.24gliwice.pl\\\/wiadomosci\\\/#organization\"},\"image\":{\"@id\":\"https:\\\/\\\/www.24gliwice.pl\\\/wiadomosci\\\/gliwicykl-powiedzie-uczestnikow-po-czterech-dzielnicach-miasta-tematem-wyprawy-beda-kolejne-projekty-w-gbo\\\/#primaryimage\"},\"thumbnailUrl\":\"https:\\\/\\\/www.24gliwice.pl\\\/wiadomosci\\\/wp-content\\\/uploads\\\/2026\\\/08\\\/gliwicykl2.jpg\",\"keywords\":[\"GBO\",\"GLIWICYKL\"],\"articleSection\":[\"Gliwice\",\"Kultura, wydarzenia, imprezy\",\"Najnowsze wiadomo\u015bci\"],\"inLanguage\":\"pl-PL\",\"potentialAction\":[{\"@type\":\"CommentAction\",\"name\":\"Comment\",\"target\":[\"https:\\\/\\\/www.24gliwice.pl\\\/wiadomosci\\\/gliwicykl-powiedzie-uczestnikow-po-czterech-dzielnicach-miasta-tematem-wyprawy-beda-kolejne-projekty-w-gbo\\\/#respond\"]}]},{\"@type\":\"WebPage\",\"@id\":\"https:\\\/\\\/www.24gliwice.pl\\\/wiadomosci\\\/gliwicykl-powiedzie-uczestnikow-po-czterech-dzielnicach-miasta-tematem-wyprawy-beda-kolejne-projekty-w-gbo\\\/\",\"url\":\"https:\\\/\\\/www.24gliwice.pl\\\/wiadomosci\\\/gliwicykl-powiedzie-uczestnikow-po-czterech-dzielnicach-miasta-tematem-wyprawy-beda-kolejne-projekty-w-gbo\\\/\",\"name\":\"Gliwicykl powiedzie uczestnik\u00f3w po czterech dzielnicach miasta. Tematem wyprawy b\u0119d\u0105 kolejne projekty w GBO - 24GLIWICE - Portal Gliwice | codziennie nowe informacje\",\"isPartOf\":{\"@id\":\"https:\\\/\\\/www.24gliwice.pl\\\/wiadomosci\\\/#website\"},\"primaryImageOfPage\":{\"@id\":\"https:\\\/\\\/www.24gliwice.pl\\\/wiadomosci\\\/gliwicykl-powiedzie-uczestnikow-po-czterech-dzielnicach-miasta-tematem-wyprawy-beda-kolejne-projekty-w-gbo\\\/#primaryimage\"},\"image\":{\"@id\":\"https:\\\/\\\/www.24gliwice.pl\\\/wiadomosci\\\/gliwicykl-powiedzie-uczestnikow-po-czterech-dzielnicach-miasta-tematem-wyprawy-beda-kolejne-projekty-w-gbo\\\/#primaryimage\"},\"thumbnailUrl\":\"https:\\\/\\\/www.24gliwice.pl\\\/wiadomosci\\\/wp-content\\\/uploads\\\/2026\\\/08\\\/gliwicykl2.jpg\",\"datePublished\":\"2026-08-31T08:43:15+00:00\",\"description\":\"W sobot\u0119, 5 wrze\u015bnia odb\u0119dzie si\u0119 drugi Gliwicykl, kt\u00f3ry poprowadzi uczestnik\u00f3w po rowerowych projektach w trwaj\u0105cej edycji GBO\",\"breadcrumb\":{\"@id\":\"https:\\\/\\\/www.24gliwice.pl\\\/wiadomosci\\\/gliwicykl-powiedzie-uczestnikow-po-czterech-dzielnicach-miasta-tematem-wyprawy-beda-kolejne-projekty-w-gbo\\\/#breadcrumb\"},\"inLanguage\":\"pl-PL\",\"potentialAction\":[{\"@type\":\"ReadAction\",\"target\":[\"https:\\\/\\\/www.24gliwice.pl\\\/wiadomosci\\\/gliwicykl-powiedzie-uczestnikow-po-czterech-dzielnicach-miasta-tematem-wyprawy-beda-kolejne-projekty-w-gbo\\\/\"]}]},{\"@type\":\"ImageObject\",\"inLanguage\":\"pl-PL\",\"@id\":\"https:\\\/\\\/www.24gliwice.pl\\\/wiadomosci\\\/gliwicykl-powiedzie-uczestnikow-po-czterech-dzielnicach-miasta-tematem-wyprawy-beda-kolejne-projekty-w-gbo\\\/#primaryimage\",\"url\":\"https:\\\/\\\/www.24gliwice.pl\\\/wiadomosci\\\/wp-content\\\/uploads\\\/2026\\\/08\\\/gliwicykl2.jpg\",\"contentUrl\":\"https:\\\/\\\/www.24gliwice.pl\\\/wiadomosci\\\/wp-content\\\/uploads\\\/2026\\\/08\\\/gliwicykl2.jpg\",\"width\":810,\"height\":457},{\"@type\":\"BreadcrumbList\",\"@id\":\"https:\\\/\\\/www.24gliwice.pl\\\/wiadomosci\\\/gliwicykl-powiedzie-uczestnikow-po-czterech-dzielnicach-miasta-tematem-wyprawy-beda-kolejne-projekty-w-gbo\\\/#breadcrumb\",\"itemListElement\":[{\"@type\":\"ListItem\",\"position\":1,\"name\":\"Strona g\u0142\u00f3wna\",\"item\":\"https:\\\/\\\/www.24gliwice.pl\\\/wiadomosci\\\/\"},{\"@type\":\"ListItem\",\"position\":2,\"name\":\"Gliwicykl powiedzie uczestnik\u00f3w po czterech dzielnicach miasta. Tematem wyprawy b\u0119d\u0105 kolejne projekty w GBO\"}]},{\"@type\":\"WebSite\",\"@id\":\"https:\\\/\\\/www.24gliwice.pl\\\/wiadomosci\\\/#website\",\"url\":\"https:\\\/\\\/www.24gliwice.pl\\\/wiadomosci\\\/\",\"name\":\"24GLIWICE - Portal Gliwice | codziennie nowe wiadomo\u015bci\",\"description\":\"Portal Miejski Gliwice\",\"publisher\":{\"@id\":\"https:\\\/\\\/www.24gliwice.pl\\\/wiadomosci\\\/#organization\"},\"potentialAction\":[{\"@type\":\"SearchAction\",\"target\":{\"@type\":\"EntryPoint\",\"urlTemplate\":\"https:\\\/\\\/www.24gliwice.pl\\\/wiadomosci\\\/?s={search_term_string}\"},\"query-input\":{\"@type\":\"PropertyValueSpecification\",\"valueRequired\":true,\"valueName\":\"search_term_string\"}}],\"inLanguage\":\"pl-PL\"},{\"@type\":\"Organization\",\"@id\":\"https:\\\/\\\/www.24gliwice.pl\\\/wiadomosci\\\/#organization\",\"name\":\"24gliwice\",\"url\":\"https:\\\/\\\/www.24gliwice.pl\\\/wiadomosci\\\/\",\"logo\":{\"@type\":\"ImageObject\",\"inLanguage\":\"pl-PL\",\"@id\":\"https:\\\/\\\/www.24gliwice.pl\\\/wiadomosci\\\/#\\\/schema\\\/logo\\\/image\\\/\",\"url\":\"https:\\\/\\\/www.24gliwice.pl\\\/wiadomosci\\\/wp-content\\\/uploads\\\/2024\\\/10\\\/24gliwice-logo-696.jpg\",\"contentUrl\":\"https:\\\/\\\/www.24gliwice.pl\\\/wiadomosci\\\/wp-content\\\/uploads\\\/2024\\\/10\\\/24gliwice-logo-696.jpg\",\"width\":696,\"height\":696,\"caption\":\"24gliwice\"},\"image\":{\"@id\":\"https:\\\/\\\/www.24gliwice.pl\\\/wiadomosci\\\/#\\\/schema\\\/logo\\\/image\\\/\"},\"sameAs\":[\"https:\\\/\\\/www.facebook.com\\\/24gliwice\",\"https:\\\/\\\/x.com\\\/24gliwice\",\"https:\\\/\\\/www.youtube.com\\\/@24gliwice\"]},{\"@type\":\"Person\",\"@id\":\"https:\\\/\\\/www.24gliwice.pl\\\/wiadomosci\\\/#\\\/schema\\\/person\\\/e42c650edd7f2fa332be3811fb166b6e\",\"name\":\"\u017baneta Mrozek-Siewierska\",\"image\":{\"@type\":\"ImageObject\",\"inLanguage\":\"pl-PL\",\"@id\":\"https:\\\/\\\/secure.gravatar.com\\\/avatar\\\/1881429e9c64597c77ad7aef2d0a19be69a3253e57534d16aa15bf3a4d34a0a3?s=96&d=mm&r=g\",\"url\":\"https:\\\/\\\/secure.gravatar.com\\\/avatar\\\/1881429e9c64597c77ad7aef2d0a19be69a3253e57534d16aa15bf3a4d34a0a3?s=96&d=mm&r=g\",\"contentUrl\":\"https:\\\/\\\/secure.gravatar.com\\\/avatar\\\/1881429e9c64597c77ad7aef2d0a19be69a3253e57534d16aa15bf3a4d34a0a3?s=96&d=mm&r=g\",\"caption\":\"\u017baneta Mrozek-Siewierska\"},\"url\":\"https:\\\/\\\/www.24gliwice.pl\\\/wiadomosci\\\/author\\\/zms\\\/\"}]}<\/script>\n<!-- \/ Yoast SEO plugin. -->","yoast_head_json":{"title":"Gliwicykl powiedzie uczestnik\u00f3w po czterech dzielnicach miasta. Tematem wyprawy b\u0119d\u0105 kolejne projekty w GBO - 24GLIWICE - Portal Gliwice | codziennie nowe informacje","description":"W sobot\u0119, 5 wrze\u015bnia odb\u0119dzie si\u0119 drugi Gliwicykl, kt\u00f3ry poprowadzi uczestnik\u00f3w po rowerowych projektach w trwaj\u0105cej edycji GBO","robots":{"index":"index","follow":"follow","max-snippet":"max-snippet:-1","max-image-preview":"max-image-preview:large","max-video-preview":"max-video-preview:-1"},"canonical":"https:\/\/www.24gliwice.pl\/wiadomosci\/gliwicykl-powiedzie-uczestnikow-po-czterech-dzielnicach-miasta-tematem-wyprawy-beda-kolejne-projekty-w-gbo\/","og_locale":"pl_PL","og_type":"article","og_title":"Gliwicykl powiedzie uczestnik\u00f3w po czterech dzielnicach miasta. Tematem wyprawy b\u0119d\u0105 kolejne projekty w GBO - 24GLIWICE - Portal Gliwice | codziennie nowe informacje","og_description":"W sobot\u0119, 5 wrze\u015bnia odb\u0119dzie si\u0119 drugi Gliwicykl, kt\u00f3ry poprowadzi uczestnik\u00f3w po rowerowych projektach w trwaj\u0105cej edycji GBO","og_url":"https:\/\/www.24gliwice.pl\/wiadomosci\/gliwicykl-powiedzie-uczestnikow-po-czterech-dzielnicach-miasta-tematem-wyprawy-beda-kolejne-projekty-w-gbo\/","og_site_name":"24GLIWICE - Portal Gliwice | codziennie nowe informacje","article_publisher":"https:\/\/www.facebook.com\/24gliwice","article_published_time":"2026-08-31T08:43:15+00:00","og_image":[{"width":810,"height":457,"url":"https:\/\/www.24gliwice.pl\/wiadomosci\/wp-content\/uploads\/2026\/08\/gliwicykl2.jpg","type":"image\/jpeg"}],"author":"\u017baneta Mrozek-Siewierska","twitter_card":"summary_large_image","twitter_creator":"@24gliwice","twitter_site":"@24gliwice","twitter_misc":{"Napisane przez":"\u017baneta Mrozek-Siewierska","Szacowany czas czytania":"2 minuty"},"schema":{"@context":"https:\/\/schema.org","@graph":[{"@type":"Article","@id":"https:\/\/www.24gliwice.pl\/wiadomosci\/gliwicykl-powiedzie-uczestnikow-po-czterech-dzielnicach-miasta-tematem-wyprawy-beda-kolejne-projekty-w-gbo\/#article","isPartOf":{"@id":"https:\/\/www.24gliwice.pl\/wiadomosci\/gliwicykl-powiedzie-uczestnikow-po-czterech-dzielnicach-miasta-tematem-wyprawy-beda-kolejne-projekty-w-gbo\/"},"author":{"name":"\u017baneta Mrozek-Siewierska","@id":"https:\/\/www.24gliwice.pl\/wiadomosci\/#\/schema\/person\/e42c650edd7f2fa332be3811fb166b6e"},"headline":"Gliwicykl powiedzie uczestnik\u00f3w po czterech dzielnicach miasta. Tematem wyprawy b\u0119d\u0105 kolejne projekty w GBO","datePublished":"2026-08-31T08:43:15+00:00","mainEntityOfPage":{"@id":"https:\/\/www.24gliwice.pl\/wiadomosci\/gliwicykl-powiedzie-uczestnikow-po-czterech-dzielnicach-miasta-tematem-wyprawy-beda-kolejne-projekty-w-gbo\/"},"wordCount":263,"commentCount":1,"publisher":{"@id":"https:\/\/www.24gliwice.pl\/wiadomosci\/#organization"},"image":{"@id":"https:\/\/www.24gliwice.pl\/wiadomosci\/gliwicykl-powiedzie-uczestnikow-po-czterech-dzielnicach-miasta-tematem-wyprawy-beda-kolejne-projekty-w-gbo\/#primaryimage"},"thumbnailUrl":"https:\/\/www.24gliwice.pl\/wiadomosci\/wp-content\/uploads\/2026\/08\/gliwicykl2.jpg","keywords":["GBO","GLIWICYKL"],"articleSection":["Gliwice","Kultura, wydarzenia, imprezy","Najnowsze wiadomo\u015bci"],"inLanguage":"pl-PL","potentialAction":[{"@type":"CommentAction","name":"Comment","target":["https:\/\/www.24gliwice.pl\/wiadomosci\/gliwicykl-powiedzie-uczestnikow-po-czterech-dzielnicach-miasta-tematem-wyprawy-beda-kolejne-projekty-w-gbo\/#respond"]}]},{"@type":"WebPage","@id":"https:\/\/www.24gliwice.pl\/wiadomosci\/gliwicykl-powiedzie-uczestnikow-po-czterech-dzielnicach-miasta-tematem-wyprawy-beda-kolejne-projekty-w-gbo\/","url":"https:\/\/www.24gliwice.pl\/wiadomosci\/gliwicykl-powiedzie-uczestnikow-po-czterech-dzielnicach-miasta-tematem-wyprawy-beda-kolejne-projekty-w-gbo\/","name":"Gliwicykl powiedzie uczestnik\u00f3w po czterech dzielnicach miasta. Tematem wyprawy b\u0119d\u0105 kolejne projekty w GBO - 24GLIWICE - Portal Gliwice | codziennie nowe informacje","isPartOf":{"@id":"https:\/\/www.24gliwice.pl\/wiadomosci\/#website"},"primaryImageOfPage":{"@id":"https:\/\/www.24gliwice.pl\/wiadomosci\/gliwicykl-powiedzie-uczestnikow-po-czterech-dzielnicach-miasta-tematem-wyprawy-beda-kolejne-projekty-w-gbo\/#primaryimage"},"image":{"@id":"https:\/\/www.24gliwice.pl\/wiadomosci\/gliwicykl-powiedzie-uczestnikow-po-czterech-dzielnicach-miasta-tematem-wyprawy-beda-kolejne-projekty-w-gbo\/#primaryimage"},"thumbnailUrl":"https:\/\/www.24gliwice.pl\/wiadomosci\/wp-content\/uploads\/2026\/08\/gliwicykl2.jpg","datePublished":"2026-08-31T08:43:15+00:00","description":"W sobot\u0119, 5 wrze\u015bnia odb\u0119dzie si\u0119 drugi Gliwicykl, kt\u00f3ry poprowadzi uczestnik\u00f3w po rowerowych projektach w trwaj\u0105cej edycji GBO","breadcrumb":{"@id":"https:\/\/www.24gliwice.pl\/wiadomosci\/gliwicykl-powiedzie-uczestnikow-po-czterech-dzielnicach-miasta-tematem-wyprawy-beda-kolejne-projekty-w-gbo\/#breadcrumb"},"inLanguage":"pl-PL","potentialAction":[{"@type":"ReadAction","target":["https:\/\/www.24gliwice.pl\/wiadomosci\/gliwicykl-powiedzie-uczestnikow-po-czterech-dzielnicach-miasta-tematem-wyprawy-beda-kolejne-projekty-w-gbo\/"]}]},{"@type":"ImageObject","inLanguage":"pl-PL","@id":"https:\/\/www.24gliwice.pl\/wiadomosci\/gliwicykl-powiedzie-uczestnikow-po-czterech-dzielnicach-miasta-tematem-wyprawy-beda-kolejne-projekty-w-gbo\/#primaryimage","url":"https:\/\/www.24gliwice.pl\/wiadomosci\/wp-content\/uploads\/2026\/08\/gliwicykl2.jpg","contentUrl":"https:\/\/www.24gliwice.pl\/wiadomosci\/wp-content\/uploads\/2026\/08\/gliwicykl2.jpg","width":810,"height":457},{"@type":"BreadcrumbList","@id":"https:\/\/www.24gliwice.pl\/wiadomosci\/gliwicykl-powiedzie-uczestnikow-po-czterech-dzielnicach-miasta-tematem-wyprawy-beda-kolejne-projekty-w-gbo\/#breadcrumb","itemListElement":[{"@type":"ListItem","position":1,"name":"Strona g\u0142\u00f3wna","item":"https:\/\/www.24gliwice.pl\/wiadomosci\/"},{"@type":"ListItem","position":2,"name":"Gliwicykl powiedzie uczestnik\u00f3w po czterech dzielnicach miasta. Tematem wyprawy b\u0119d\u0105 kolejne projekty w GBO"}]},{"@type":"WebSite","@id":"https:\/\/www.24gliwice.pl\/wiadomosci\/#website","url":"https:\/\/www.24gliwice.pl\/wiadomosci\/","name":"24GLIWICE - Portal Gliwice | codziennie nowe wiadomo\u015bci","description":"Portal Miejski Gliwice","publisher":{"@id":"https:\/\/www.24gliwice.pl\/wiadomosci\/#organization"},"potentialAction":[{"@type":"SearchAction","target":{"@type":"EntryPoint","urlTemplate":"https:\/\/www.24gliwice.pl\/wiadomosci\/?s={search_term_string}"},"query-input":{"@type":"PropertyValueSpecification","valueRequired":true,"valueName":"search_term_string"}}],"inLanguage":"pl-PL"},{"@type":"Organization","@id":"https:\/\/www.24gliwice.pl\/wiadomosci\/#organization","name":"24gliwice","url":"https:\/\/www.24gliwice.pl\/wiadomosci\/","logo":{"@type":"ImageObject","inLanguage":"pl-PL","@id":"https:\/\/www.24gliwice.pl\/wiadomosci\/#\/schema\/logo\/image\/","url":"https:\/\/www.24gliwice.pl\/wiadomosci\/wp-content\/uploads\/2024\/10\/24gliwice-logo-696.jpg","contentUrl":"https:\/\/www.24gliwice.pl\/wiadomosci\/wp-content\/uploads\/2024\/10\/24gliwice-logo-696.jpg","width":696,"height":696,"caption":"24gliwice"},"image":{"@id":"https:\/\/www.24gliwice.pl\/wiadomosci\/#\/schema\/logo\/image\/"},"sameAs":["https:\/\/www.facebook.com\/24gliwice","https:\/\/x.com\/24gliwice","https:\/\/www.youtube.com\/@24gliwice"]},{"@type":"Person","@id":"https:\/\/www.24gliwice.pl\/wiadomosci\/#\/schema\/person\/e42c650edd7f2fa332be3811fb166b6e","name":"\u017baneta Mrozek-Siewierska","image":{"@type":"ImageObject","inLanguage":"pl-PL","@id":"https:\/\/secure.gravatar.com\/avatar\/1881429e9c64597c77ad7aef2d0a19be69a3253e57534d16aa15bf3a4d34a0a3?s=96&d=mm&r=g","url":"https:\/\/secure.gravatar.com\/avatar\/1881429e9c64597c77ad7aef2d0a19be69a3253e57534d16aa15bf3a4d34a0a3?s=96&d=mm&r=g","contentUrl":"https:\/\/secure.gravatar.com\/avatar\/1881429e9c64597c77ad7aef2d0a19be69a3253e57534d16aa15bf3a4d34a0a3?s=96&d=mm&r=g","caption":"\u017baneta Mrozek-Siewierska"},"url":"https:\/\/www.24gliwice.pl\/wiadomosci\/author\/zms\/"}]}},"_links":{"self":[{"href":"https:\/\/www.24gliwice.pl\/wiadomosci\/wp-json\/wp\/v2\/posts\/274934","targetHints":{"allow":["GET"]}}],"collection":[{"href":"https:\/\/www.24gliwice.pl\/wiadomosci\/wp-json\/wp\/v2\/posts"}],"about":[{"href":"https:\/\/www.24gliwice.pl\/wiadomosci\/wp-json\/wp\/v2\/types\/post"}],"author":[{"embeddable":true,"href":"https:\/\/www.24gliwice.pl\/wiadomosci\/wp-json\/wp\/v2\/users\/15"}],"replies":[{"embeddable":true,"href":"https:\/\/www.24gliwice.pl\/wiadomosci\/wp-json\/wp\/v2\/comments?post=274934"}],"version-history":[{"count":5,"href":"https:\/\/www.24gliwice.pl\/wiadomosci\/wp-json\/wp\/v2\/posts\/274934\/revisions"}],"predecessor-version":[{"id":274944,"href":"https:\/\/www.24gliwice.pl\/wiadomosci\/wp-json\/wp\/v2\/posts\/274934\/revisions\/274944"}],"wp:featuredmedia":[{"embeddable":true,"href":"https:\/\/www.24gliwice.pl\/wiadomosci\/wp-json\/wp\/v2\/media\/274939"}],"wp:attachment":[{"href":"https:\/\/www.24gliwice.pl\/wiadomosci\/wp-json\/wp\/v2\/media?parent=274934"}],"wp:term":[{"taxonomy":"category","embeddable":true,"href":"https:\/\/www.24gliwice.pl\/wiadomosci\/wp-json\/wp\/v2\/categories?post=274934"},{"taxonomy":"post_tag","embeddable":true,"href":"https:\/\/www.24gliwice.pl\/wiadomosci\/wp-json\/wp\/v2\/tags?post=274934"}],"curies":[{"name":"wp","href":"https:\/\/api.w.org\/{rel}","templated":true}]}}