{"id":274949,"date":"2026-08-31T17:43:53","date_gmt":"2026-08-31T15:43:53","guid":{"rendered":"https:\/\/www.24gliwice.pl\/wiadomosci\/?p=274949"},"modified":"2026-08-31T17:43:53","modified_gmt":"2026-08-31T15:43:53","slug":"blisko-26-tysiecy-uczniow-rozpoczyna-nowy-rok-szkolny-w-rejonie-szkol-wzrosnie-natezenie-ruchu","status":"publish","type":"post","link":"https:\/\/www.24gliwice.pl\/wiadomosci\/blisko-26-tysiecy-uczniow-rozpoczyna-nowy-rok-szkolny-w-rejonie-szkol-wzrosnie-natezenie-ruchu\/","title":{"rendered":"Blisko 26 tysi\u0119cy uczni\u00f3w rozpoczyna nowy rok szkolny. W rejonie szk\u00f3\u0142 wzro\u015bnie nat\u0119\u017cenie ruchu"},"content":{"rendered":"<div class=\"gliwi-a6-nad-leadem-artykulow gliwi-entity-placement\" id=\"gliwi-971396732\"><div id=\"gliwi-381269481\" style=\"margin-bottom: 25px;margin-left: auto;margin-right: auto;text-align: center;\"><a data-no-instant=\"1\" href=\"https:\/\/dom100.eu\/\" rel=\"noopener\" class=\"a2t-link\" target=\"_blank\" aria-label=\"20260827 750x200_baner_Dni_Otwarte_dom100\"><img loading=\"lazy\" decoding=\"async\" src=\"https:\/\/www.24gliwice.pl\/wiadomosci\/wp-content\/uploads\/2025\/09\/20260827-750x200_baner_Dni_Otwarte_dom100.jpg\" alt=\"\"  srcset=\"https:\/\/www.24gliwice.pl\/wiadomosci\/wp-content\/uploads\/2025\/09\/20260827-750x200_baner_Dni_Otwarte_dom100.jpg 750w, https:\/\/www.24gliwice.pl\/wiadomosci\/wp-content\/uploads\/2025\/09\/20260827-750x200_baner_Dni_Otwarte_dom100-410x109.jpg 410w\" sizes=\"(max-width: 750px) 100vw, 750px\" class=\"no-lazyload\" width=\"750\" height=\"200\"  style=\"display: inline-block; max-width: 100%; height: auto;\" \/><\/a><\/div><\/div><h2>We wszystkich miejskich jednostkach o\u015bwiatowych we wtorek, 1 wrze\u015bnia, nowy rok szkolny rozpocznie \u0142\u0105cznie 25 808 dzieci i nastolatk\u00f3w. Do pierwszych klas szk\u00f3\u0142 podstawowych ucz\u0119szcza\u0107 b\u0119dzie 1556 uczni\u00f3w. <\/h2>\n<p><!--more--><\/p>\n<p>W szko\u0142ach ponadpodstawowych nauk\u0119 kontynuuje 2264 pierwszoklasist\u00f3w. Z tej liczby 1067 os\u00f3b wybra\u0142o licea, 814 technika, 235 bran\u017cowe szko\u0142y I stopnia, 142 bran\u017cowe szko\u0142y II stopnia, za\u015b 6 podejmie kszta\u0142cenie w szko\u0142ach specjalnych przysposabiaj\u0105cych do pracy. Wychowaniem przedszkolnym w roku szkolnym 2026\/27 b\u0119dzie obj\u0119tych 4288 dzieci \u2013 o 288 mniej ni\u017c rok wcze\u015bniej. <\/p><div class=\"gliwi-a3-wyzej-w-tresci-artykulow gliwi-entity-placement\" id=\"gliwi-286406977\"><div id=\"gliwi-700352922\" style=\"margin-bottom: 30px;margin-left: auto;margin-right: auto;text-align: center;\"><a data-no-instant=\"1\" href=\"https:\/\/www.dealer-fiat.pl\/ganinex-gliwice\/kontakt\/prosba-o-oferte\/\" rel=\"noopener\" class=\"a2t-link\" target=\"_blank\" aria-label=\"2026_08_gazdagroup_kreacje_fiat_500_hybrid_gliwice24_750x200\"><img loading=\"lazy\" decoding=\"async\" src=\"https:\/\/www.24gliwice.pl\/wiadomosci\/wp-content\/uploads\/2026\/08\/2026_08_gazdagroup_kreacje_fiat_500_hybrid_gliwice24_750x200.jpg\" alt=\"\"  srcset=\"https:\/\/www.24gliwice.pl\/wiadomosci\/wp-content\/uploads\/2026\/08\/2026_08_gazdagroup_kreacje_fiat_500_hybrid_gliwice24_750x200.jpg 750w, https:\/\/www.24gliwice.pl\/wiadomosci\/wp-content\/uploads\/2026\/08\/2026_08_gazdagroup_kreacje_fiat_500_hybrid_gliwice24_750x200-410x109.jpg 410w\" sizes=\"(max-width: 750px) 100vw, 750px\" class=\"no-lazyload\" width=\"750\" height=\"200\"  style=\"display: inline-block; max-width: 100%; height: auto;\" \/><\/a><\/div><\/div>\n<p>Nad edukacj\u0105 i rozwojem dzieci oraz m\u0142odzie\u017cy w miejskich jednostkach o\u015bwiatowych czuwa\u0107 b\u0119dzie 2974 nauczycieli.<\/p><div class=\"gliwi-a3-w-tresci-artykulow gliwi-entity-placement\" id=\"gliwi-2542208822\"><div id=\"gliwi-813950309\" style=\"margin-bottom: 30px;margin-left: auto;margin-right: auto;text-align: center;\"><a data-no-instant=\"1\" href=\"https:\/\/ogrodyandersa.pl\/\" rel=\"noopener\" class=\"a2t-link\" target=\"_blank\" aria-label=\"750 x 200 &#8211; Box \u015ar\u00f3dtekstowy &#8211; ADS Ogrody Andersa v1\"><img loading=\"lazy\" decoding=\"async\" src=\"https:\/\/www.24gliwice.pl\/wiadomosci\/wp-content\/uploads\/2026\/02\/750-x-200-Box-Srodtekstowy-ADS-Ogrody-Andersa-v1.jpg\" alt=\"\"  srcset=\"https:\/\/www.24gliwice.pl\/wiadomosci\/wp-content\/uploads\/2026\/02\/750-x-200-Box-Srodtekstowy-ADS-Ogrody-Andersa-v1.jpg 750w, https:\/\/www.24gliwice.pl\/wiadomosci\/wp-content\/uploads\/2026\/02\/750-x-200-Box-Srodtekstowy-ADS-Ogrody-Andersa-v1-410x109.jpg 410w\" sizes=\"(max-width: 750px) 100vw, 750px\" class=\"no-lazyload\" width=\"750\" height=\"200\"  style=\"display: inline-block; max-width: 100%; height: auto;\" \/><\/a><\/div><div id=\"gliwi-3786124542\" style=\"margin-bottom: 30px;margin-left: auto;margin-right: auto;text-align: center;\"><a data-no-instant=\"1\" href=\"https:\/\/zlobek.halogen.org.pl\/\" rel=\"noopener\" class=\"a2t-link\" target=\"_blank\" aria-label=\"animator-zlobek_750x200\"><img loading=\"lazy\" decoding=\"async\" src=\"https:\/\/www.24gliwice.pl\/wiadomosci\/wp-content\/uploads\/2026\/02\/animator-zlobek_750x200.webp\" alt=\"\"  srcset=\"https:\/\/www.24gliwice.pl\/wiadomosci\/wp-content\/uploads\/2026\/02\/animator-zlobek_750x200.webp 750w, https:\/\/www.24gliwice.pl\/wiadomosci\/wp-content\/uploads\/2026\/02\/animator-zlobek_750x200-410x109.webp 410w\" sizes=\"(max-width: 750px) 100vw, 750px\" class=\"no-lazyload\" width=\"750\" height=\"200\"  style=\"display: inline-block; max-width: 100%; height: auto;\" \/><\/a><\/div><\/div>\n<h4>Uwaga na uczni\u00f3w. Wzmo\u017cony ruch przy plac\u00f3wkach szkolnych<\/h4>\n<p>Szczeg\u00f3lnie 1 wrze\u015bnia, ale tak\u017ce w kolejnych miesi\u0105cach roku szkolnego, wok\u00f3\u0142 gliwickich plac\u00f3wek o\u015bwiatowych &#8211; po wakacyjnym oddechu &#8211; nat\u0119\u017cenie ruchu wzro\u015bnie. <\/p>\n<p>&#8211; <em>W godzinach rozpocz\u0119cia i zako\u0144czenia zaj\u0119\u0107 mo\u017cna spodziewa\u0107 si\u0119 wi\u0119kszej liczby samochod\u00f3w, os\u00f3b wysiadaj\u0105cych i wsiadaj\u0105cych do aut oraz pieszych poruszaj\u0105cych si\u0119 w rejonie plac\u00f3wek<\/em> &#8211; przypomina Zarz\u0105d Dr\u00f3g Miejskich. <\/p>\n<p>&#8211; <em>Pocz\u0105tek wrze\u015bnia b\u0119dzie te\u017c odczuwalny na gliwickich skrzy\u017cowaniach. Po wakacyjnej przerwie wracamy bowiem do pe\u0142nego, codziennego rytmu podr\u00f3\u017cy, co przy wi\u0119kszym nat\u0119\u017ceniu ruchu mo\u017ce oznacza\u0107 lokalne spowolnienia i d\u0142u\u017cszy czas przejazdu<\/em> &#8211; dodaje ZDM.<\/p>\n<p>(\u017cms)\/UM Gliwice<br \/>\nfot. Policja Gliwice\/zdj\u0119cie pogl\u0105dowe<\/p>\n<div class=\"gliwi-a5-na-koncu-artykulow gliwi-entity-placement\" id=\"gliwi-2418955225\"><div id=\"gliwi-179952553\" style=\"margin-left: auto;margin-right: auto;text-align: center;\"><a data-no-instant=\"1\" href=\"https:\/\/www.jasek.pl\/\" rel=\"noopener\" class=\"a2t-link\" target=\"_blank\" aria-label=\"20200401-jasek 600\"><img loading=\"lazy\" decoding=\"async\" src=\"https:\/\/www.24gliwice.pl\/wiadomosci\/wp-content\/uploads\/2020\/04\/20200401-jasek-600.jpg\" alt=\"\"  srcset=\"https:\/\/www.24gliwice.pl\/wiadomosci\/wp-content\/uploads\/2020\/04\/20200401-jasek-600.jpg 600w, https:\/\/www.24gliwice.pl\/wiadomosci\/wp-content\/uploads\/2020\/04\/20200401-jasek-600-410x109.jpg 410w\" sizes=\"(max-width: 600px) 100vw, 600px\" class=\"no-lazyload\" width=\"600\" height=\"160\"  style=\"display: inline-block; max-width: 100%; height: auto;\" \/><\/a><\/div><\/div>","protected":false},"excerpt":{"rendered":"<p>We wszystkich miejskich jednostkach o\u015bwiatowych we wtorek, 1 wrze\u015bnia, nowy rok szkolny rozpocznie \u0142\u0105cznie 25 808 dzieci i nastolatk\u00f3w. Do pierwszych klas szk\u00f3\u0142 podstawowych ucz\u0119szcza\u0107 b\u0119dzie 1556 uczni\u00f3w.<\/p>\n","protected":false},"author":15,"featured_media":274954,"comment_status":"open","ping_status":"closed","sticky":false,"template":"","format":"standard","meta":{"_monsterinsights_skip_tracking":false,"footnotes":"","_links_to":"","_links_to_target":""},"categories":[3,1],"tags":[25081,25082],"class_list":["post-274949","post","type-post","status-publish","format-standard","has-post-thumbnail","hentry","category-gliwice","category-wszystko","tag-1-wrzesnia","tag-rozpoczecie-roku-szkolnego"],"yoast_head":"<!-- This site is optimized with the Yoast SEO plugin v28.3 - https:\/\/yoast.com\/product\/yoast-seo-wordpress\/ -->\n<title>Blisko 26 tysi\u0119cy uczni\u00f3w rozpoczyna nowy rok szkolny. W rejonie szk\u00f3\u0142 wzro\u015bnie nat\u0119\u017cenie ruchu - 24GLIWICE - Portal Gliwice | codziennie nowe informacje<\/title>\n<meta name=\"description\" content=\"We wtorek, 1 wrze\u015bnia, w gliwickich szko\u0142ach i przedszkolach nauk\u0119 rozpocznie 26 tys. uczni\u00f3w. Na ulicach wok\u00f3\u0142 plac\u00f3wek b\u0119dzie wi\u0119kszy ruch\" \/>\n<meta name=\"robots\" content=\"index, follow, max-snippet:-1, max-image-preview:large, max-video-preview:-1\" \/>\n<link rel=\"canonical\" href=\"https:\/\/www.24gliwice.pl\/wiadomosci\/blisko-26-tysiecy-uczniow-rozpoczyna-nowy-rok-szkolny-w-rejonie-szkol-wzrosnie-natezenie-ruchu\/\" \/>\n<meta property=\"og:locale\" content=\"pl_PL\" \/>\n<meta property=\"og:type\" content=\"article\" \/>\n<meta property=\"og:title\" content=\"Blisko 26 tysi\u0119cy uczni\u00f3w rozpoczyna nowy rok szkolny. W rejonie szk\u00f3\u0142 wzro\u015bnie nat\u0119\u017cenie ruchu - 24GLIWICE - Portal Gliwice | codziennie nowe informacje\" \/>\n<meta property=\"og:description\" content=\"We wtorek, 1 wrze\u015bnia, w gliwickich szko\u0142ach i przedszkolach nauk\u0119 rozpocznie 26 tys. uczni\u00f3w. Na ulicach wok\u00f3\u0142 plac\u00f3wek b\u0119dzie wi\u0119kszy ruch\" \/>\n<meta property=\"og:url\" content=\"https:\/\/www.24gliwice.pl\/wiadomosci\/blisko-26-tysiecy-uczniow-rozpoczyna-nowy-rok-szkolny-w-rejonie-szkol-wzrosnie-natezenie-ruchu\/\" \/>\n<meta property=\"og:site_name\" content=\"24GLIWICE - Portal Gliwice | codziennie nowe informacje\" \/>\n<meta property=\"article:publisher\" content=\"https:\/\/www.facebook.com\/24gliwice\" \/>\n<meta property=\"article:published_time\" content=\"2026-08-31T15:43:53+00:00\" \/>\n<meta property=\"og:image\" content=\"https:\/\/www.24gliwice.pl\/wiadomosci\/wp-content\/uploads\/2026\/08\/nowy-rok-szkolny-policja.jpg\" \/>\n\t<meta property=\"og:image:width\" content=\"810\" \/>\n\t<meta property=\"og:image:height\" content=\"456\" \/>\n\t<meta property=\"og:image:type\" content=\"image\/jpeg\" \/>\n<meta name=\"author\" content=\"\u017baneta Mrozek-Siewierska\" \/>\n<meta name=\"twitter:card\" content=\"summary_large_image\" \/>\n<meta name=\"twitter:creator\" content=\"@24gliwice\" \/>\n<meta name=\"twitter:site\" content=\"@24gliwice\" \/>\n<meta name=\"twitter:label1\" content=\"Napisane przez\" \/>\n\t<meta name=\"twitter:data1\" content=\"\u017baneta Mrozek-Siewierska\" \/>\n\t<meta name=\"twitter:label2\" content=\"Szacowany czas czytania\" \/>\n\t<meta name=\"twitter:data2\" content=\"2 minuty\" \/>\n<script type=\"application\/ld+json\" class=\"yoast-schema-graph\">{\"@context\":\"https:\\\/\\\/schema.org\",\"@graph\":[{\"@type\":\"Article\",\"@id\":\"https:\\\/\\\/www.24gliwice.pl\\\/wiadomosci\\\/blisko-26-tysiecy-uczniow-rozpoczyna-nowy-rok-szkolny-w-rejonie-szkol-wzrosnie-natezenie-ruchu\\\/#article\",\"isPartOf\":{\"@id\":\"https:\\\/\\\/www.24gliwice.pl\\\/wiadomosci\\\/blisko-26-tysiecy-uczniow-rozpoczyna-nowy-rok-szkolny-w-rejonie-szkol-wzrosnie-natezenie-ruchu\\\/\"},\"author\":{\"name\":\"\u017baneta Mrozek-Siewierska\",\"@id\":\"https:\\\/\\\/www.24gliwice.pl\\\/wiadomosci\\\/#\\\/schema\\\/person\\\/e42c650edd7f2fa332be3811fb166b6e\"},\"headline\":\"Blisko 26 tysi\u0119cy uczni\u00f3w rozpoczyna nowy rok szkolny. W rejonie szk\u00f3\u0142 wzro\u015bnie nat\u0119\u017cenie ruchu\",\"datePublished\":\"2026-08-31T15:43:53+00:00\",\"mainEntityOfPage\":{\"@id\":\"https:\\\/\\\/www.24gliwice.pl\\\/wiadomosci\\\/blisko-26-tysiecy-uczniow-rozpoczyna-nowy-rok-szkolny-w-rejonie-szkol-wzrosnie-natezenie-ruchu\\\/\"},\"wordCount\":261,\"commentCount\":1,\"publisher\":{\"@id\":\"https:\\\/\\\/www.24gliwice.pl\\\/wiadomosci\\\/#organization\"},\"image\":{\"@id\":\"https:\\\/\\\/www.24gliwice.pl\\\/wiadomosci\\\/blisko-26-tysiecy-uczniow-rozpoczyna-nowy-rok-szkolny-w-rejonie-szkol-wzrosnie-natezenie-ruchu\\\/#primaryimage\"},\"thumbnailUrl\":\"https:\\\/\\\/www.24gliwice.pl\\\/wiadomosci\\\/wp-content\\\/uploads\\\/2026\\\/08\\\/nowy-rok-szkolny-policja.jpg\",\"keywords\":[\"1 WRZE\u015aNIA\",\"ROZPOCZ\u0118CIE ROKU SZKOLNEGO\"],\"articleSection\":[\"Gliwice\",\"Najnowsze wiadomo\u015bci\"],\"inLanguage\":\"pl-PL\",\"potentialAction\":[{\"@type\":\"CommentAction\",\"name\":\"Comment\",\"target\":[\"https:\\\/\\\/www.24gliwice.pl\\\/wiadomosci\\\/blisko-26-tysiecy-uczniow-rozpoczyna-nowy-rok-szkolny-w-rejonie-szkol-wzrosnie-natezenie-ruchu\\\/#respond\"]}]},{\"@type\":\"WebPage\",\"@id\":\"https:\\\/\\\/www.24gliwice.pl\\\/wiadomosci\\\/blisko-26-tysiecy-uczniow-rozpoczyna-nowy-rok-szkolny-w-rejonie-szkol-wzrosnie-natezenie-ruchu\\\/\",\"url\":\"https:\\\/\\\/www.24gliwice.pl\\\/wiadomosci\\\/blisko-26-tysiecy-uczniow-rozpoczyna-nowy-rok-szkolny-w-rejonie-szkol-wzrosnie-natezenie-ruchu\\\/\",\"name\":\"Blisko 26 tysi\u0119cy uczni\u00f3w rozpoczyna nowy rok szkolny. W rejonie szk\u00f3\u0142 wzro\u015bnie nat\u0119\u017cenie ruchu - 24GLIWICE - Portal Gliwice | codziennie nowe informacje\",\"isPartOf\":{\"@id\":\"https:\\\/\\\/www.24gliwice.pl\\\/wiadomosci\\\/#website\"},\"primaryImageOfPage\":{\"@id\":\"https:\\\/\\\/www.24gliwice.pl\\\/wiadomosci\\\/blisko-26-tysiecy-uczniow-rozpoczyna-nowy-rok-szkolny-w-rejonie-szkol-wzrosnie-natezenie-ruchu\\\/#primaryimage\"},\"image\":{\"@id\":\"https:\\\/\\\/www.24gliwice.pl\\\/wiadomosci\\\/blisko-26-tysiecy-uczniow-rozpoczyna-nowy-rok-szkolny-w-rejonie-szkol-wzrosnie-natezenie-ruchu\\\/#primaryimage\"},\"thumbnailUrl\":\"https:\\\/\\\/www.24gliwice.pl\\\/wiadomosci\\\/wp-content\\\/uploads\\\/2026\\\/08\\\/nowy-rok-szkolny-policja.jpg\",\"datePublished\":\"2026-08-31T15:43:53+00:00\",\"description\":\"We wtorek, 1 wrze\u015bnia, w gliwickich szko\u0142ach i przedszkolach nauk\u0119 rozpocznie 26 tys. uczni\u00f3w. Na ulicach wok\u00f3\u0142 plac\u00f3wek b\u0119dzie wi\u0119kszy ruch\",\"breadcrumb\":{\"@id\":\"https:\\\/\\\/www.24gliwice.pl\\\/wiadomosci\\\/blisko-26-tysiecy-uczniow-rozpoczyna-nowy-rok-szkolny-w-rejonie-szkol-wzrosnie-natezenie-ruchu\\\/#breadcrumb\"},\"inLanguage\":\"pl-PL\",\"potentialAction\":[{\"@type\":\"ReadAction\",\"target\":[\"https:\\\/\\\/www.24gliwice.pl\\\/wiadomosci\\\/blisko-26-tysiecy-uczniow-rozpoczyna-nowy-rok-szkolny-w-rejonie-szkol-wzrosnie-natezenie-ruchu\\\/\"]}]},{\"@type\":\"ImageObject\",\"inLanguage\":\"pl-PL\",\"@id\":\"https:\\\/\\\/www.24gliwice.pl\\\/wiadomosci\\\/blisko-26-tysiecy-uczniow-rozpoczyna-nowy-rok-szkolny-w-rejonie-szkol-wzrosnie-natezenie-ruchu\\\/#primaryimage\",\"url\":\"https:\\\/\\\/www.24gliwice.pl\\\/wiadomosci\\\/wp-content\\\/uploads\\\/2026\\\/08\\\/nowy-rok-szkolny-policja.jpg\",\"contentUrl\":\"https:\\\/\\\/www.24gliwice.pl\\\/wiadomosci\\\/wp-content\\\/uploads\\\/2026\\\/08\\\/nowy-rok-szkolny-policja.jpg\",\"width\":810,\"height\":456},{\"@type\":\"BreadcrumbList\",\"@id\":\"https:\\\/\\\/www.24gliwice.pl\\\/wiadomosci\\\/blisko-26-tysiecy-uczniow-rozpoczyna-nowy-rok-szkolny-w-rejonie-szkol-wzrosnie-natezenie-ruchu\\\/#breadcrumb\",\"itemListElement\":[{\"@type\":\"ListItem\",\"position\":1,\"name\":\"Strona g\u0142\u00f3wna\",\"item\":\"https:\\\/\\\/www.24gliwice.pl\\\/wiadomosci\\\/\"},{\"@type\":\"ListItem\",\"position\":2,\"name\":\"Blisko 26 tysi\u0119cy uczni\u00f3w rozpoczyna nowy rok szkolny. W rejonie szk\u00f3\u0142 wzro\u015bnie nat\u0119\u017cenie ruchu\"}]},{\"@type\":\"WebSite\",\"@id\":\"https:\\\/\\\/www.24gliwice.pl\\\/wiadomosci\\\/#website\",\"url\":\"https:\\\/\\\/www.24gliwice.pl\\\/wiadomosci\\\/\",\"name\":\"24GLIWICE - Portal Gliwice | codziennie nowe wiadomo\u015bci\",\"description\":\"Portal Miejski Gliwice\",\"publisher\":{\"@id\":\"https:\\\/\\\/www.24gliwice.pl\\\/wiadomosci\\\/#organization\"},\"potentialAction\":[{\"@type\":\"SearchAction\",\"target\":{\"@type\":\"EntryPoint\",\"urlTemplate\":\"https:\\\/\\\/www.24gliwice.pl\\\/wiadomosci\\\/?s={search_term_string}\"},\"query-input\":{\"@type\":\"PropertyValueSpecification\",\"valueRequired\":true,\"valueName\":\"search_term_string\"}}],\"inLanguage\":\"pl-PL\"},{\"@type\":\"Organization\",\"@id\":\"https:\\\/\\\/www.24gliwice.pl\\\/wiadomosci\\\/#organization\",\"name\":\"24gliwice\",\"url\":\"https:\\\/\\\/www.24gliwice.pl\\\/wiadomosci\\\/\",\"logo\":{\"@type\":\"ImageObject\",\"inLanguage\":\"pl-PL\",\"@id\":\"https:\\\/\\\/www.24gliwice.pl\\\/wiadomosci\\\/#\\\/schema\\\/logo\\\/image\\\/\",\"url\":\"https:\\\/\\\/www.24gliwice.pl\\\/wiadomosci\\\/wp-content\\\/uploads\\\/2024\\\/10\\\/24gliwice-logo-696.jpg\",\"contentUrl\":\"https:\\\/\\\/www.24gliwice.pl\\\/wiadomosci\\\/wp-content\\\/uploads\\\/2024\\\/10\\\/24gliwice-logo-696.jpg\",\"width\":696,\"height\":696,\"caption\":\"24gliwice\"},\"image\":{\"@id\":\"https:\\\/\\\/www.24gliwice.pl\\\/wiadomosci\\\/#\\\/schema\\\/logo\\\/image\\\/\"},\"sameAs\":[\"https:\\\/\\\/www.facebook.com\\\/24gliwice\",\"https:\\\/\\\/x.com\\\/24gliwice\",\"https:\\\/\\\/www.youtube.com\\\/@24gliwice\"]},{\"@type\":\"Person\",\"@id\":\"https:\\\/\\\/www.24gliwice.pl\\\/wiadomosci\\\/#\\\/schema\\\/person\\\/e42c650edd7f2fa332be3811fb166b6e\",\"name\":\"\u017baneta Mrozek-Siewierska\",\"image\":{\"@type\":\"ImageObject\",\"inLanguage\":\"pl-PL\",\"@id\":\"https:\\\/\\\/secure.gravatar.com\\\/avatar\\\/1881429e9c64597c77ad7aef2d0a19be69a3253e57534d16aa15bf3a4d34a0a3?s=96&d=mm&r=g\",\"url\":\"https:\\\/\\\/secure.gravatar.com\\\/avatar\\\/1881429e9c64597c77ad7aef2d0a19be69a3253e57534d16aa15bf3a4d34a0a3?s=96&d=mm&r=g\",\"contentUrl\":\"https:\\\/\\\/secure.gravatar.com\\\/avatar\\\/1881429e9c64597c77ad7aef2d0a19be69a3253e57534d16aa15bf3a4d34a0a3?s=96&d=mm&r=g\",\"caption\":\"\u017baneta Mrozek-Siewierska\"},\"url\":\"https:\\\/\\\/www.24gliwice.pl\\\/wiadomosci\\\/author\\\/zms\\\/\"}]}<\/script>\n<!-- \/ Yoast SEO plugin. -->","yoast_head_json":{"title":"Blisko 26 tysi\u0119cy uczni\u00f3w rozpoczyna nowy rok szkolny. W rejonie szk\u00f3\u0142 wzro\u015bnie nat\u0119\u017cenie ruchu - 24GLIWICE - Portal Gliwice | codziennie nowe informacje","description":"We wtorek, 1 wrze\u015bnia, w gliwickich szko\u0142ach i przedszkolach nauk\u0119 rozpocznie 26 tys. uczni\u00f3w. Na ulicach wok\u00f3\u0142 plac\u00f3wek b\u0119dzie wi\u0119kszy ruch","robots":{"index":"index","follow":"follow","max-snippet":"max-snippet:-1","max-image-preview":"max-image-preview:large","max-video-preview":"max-video-preview:-1"},"canonical":"https:\/\/www.24gliwice.pl\/wiadomosci\/blisko-26-tysiecy-uczniow-rozpoczyna-nowy-rok-szkolny-w-rejonie-szkol-wzrosnie-natezenie-ruchu\/","og_locale":"pl_PL","og_type":"article","og_title":"Blisko 26 tysi\u0119cy uczni\u00f3w rozpoczyna nowy rok szkolny. W rejonie szk\u00f3\u0142 wzro\u015bnie nat\u0119\u017cenie ruchu - 24GLIWICE - Portal Gliwice | codziennie nowe informacje","og_description":"We wtorek, 1 wrze\u015bnia, w gliwickich szko\u0142ach i przedszkolach nauk\u0119 rozpocznie 26 tys. uczni\u00f3w. Na ulicach wok\u00f3\u0142 plac\u00f3wek b\u0119dzie wi\u0119kszy ruch","og_url":"https:\/\/www.24gliwice.pl\/wiadomosci\/blisko-26-tysiecy-uczniow-rozpoczyna-nowy-rok-szkolny-w-rejonie-szkol-wzrosnie-natezenie-ruchu\/","og_site_name":"24GLIWICE - Portal Gliwice | codziennie nowe informacje","article_publisher":"https:\/\/www.facebook.com\/24gliwice","article_published_time":"2026-08-31T15:43:53+00:00","og_image":[{"width":810,"height":456,"url":"https:\/\/www.24gliwice.pl\/wiadomosci\/wp-content\/uploads\/2026\/08\/nowy-rok-szkolny-policja.jpg","type":"image\/jpeg"}],"author":"\u017baneta Mrozek-Siewierska","twitter_card":"summary_large_image","twitter_creator":"@24gliwice","twitter_site":"@24gliwice","twitter_misc":{"Napisane przez":"\u017baneta Mrozek-Siewierska","Szacowany czas czytania":"2 minuty"},"schema":{"@context":"https:\/\/schema.org","@graph":[{"@type":"Article","@id":"https:\/\/www.24gliwice.pl\/wiadomosci\/blisko-26-tysiecy-uczniow-rozpoczyna-nowy-rok-szkolny-w-rejonie-szkol-wzrosnie-natezenie-ruchu\/#article","isPartOf":{"@id":"https:\/\/www.24gliwice.pl\/wiadomosci\/blisko-26-tysiecy-uczniow-rozpoczyna-nowy-rok-szkolny-w-rejonie-szkol-wzrosnie-natezenie-ruchu\/"},"author":{"name":"\u017baneta Mrozek-Siewierska","@id":"https:\/\/www.24gliwice.pl\/wiadomosci\/#\/schema\/person\/e42c650edd7f2fa332be3811fb166b6e"},"headline":"Blisko 26 tysi\u0119cy uczni\u00f3w rozpoczyna nowy rok szkolny. W rejonie szk\u00f3\u0142 wzro\u015bnie nat\u0119\u017cenie ruchu","datePublished":"2026-08-31T15:43:53+00:00","mainEntityOfPage":{"@id":"https:\/\/www.24gliwice.pl\/wiadomosci\/blisko-26-tysiecy-uczniow-rozpoczyna-nowy-rok-szkolny-w-rejonie-szkol-wzrosnie-natezenie-ruchu\/"},"wordCount":261,"commentCount":1,"publisher":{"@id":"https:\/\/www.24gliwice.pl\/wiadomosci\/#organization"},"image":{"@id":"https:\/\/www.24gliwice.pl\/wiadomosci\/blisko-26-tysiecy-uczniow-rozpoczyna-nowy-rok-szkolny-w-rejonie-szkol-wzrosnie-natezenie-ruchu\/#primaryimage"},"thumbnailUrl":"https:\/\/www.24gliwice.pl\/wiadomosci\/wp-content\/uploads\/2026\/08\/nowy-rok-szkolny-policja.jpg","keywords":["1 WRZE\u015aNIA","ROZPOCZ\u0118CIE ROKU SZKOLNEGO"],"articleSection":["Gliwice","Najnowsze wiadomo\u015bci"],"inLanguage":"pl-PL","potentialAction":[{"@type":"CommentAction","name":"Comment","target":["https:\/\/www.24gliwice.pl\/wiadomosci\/blisko-26-tysiecy-uczniow-rozpoczyna-nowy-rok-szkolny-w-rejonie-szkol-wzrosnie-natezenie-ruchu\/#respond"]}]},{"@type":"WebPage","@id":"https:\/\/www.24gliwice.pl\/wiadomosci\/blisko-26-tysiecy-uczniow-rozpoczyna-nowy-rok-szkolny-w-rejonie-szkol-wzrosnie-natezenie-ruchu\/","url":"https:\/\/www.24gliwice.pl\/wiadomosci\/blisko-26-tysiecy-uczniow-rozpoczyna-nowy-rok-szkolny-w-rejonie-szkol-wzrosnie-natezenie-ruchu\/","name":"Blisko 26 tysi\u0119cy uczni\u00f3w rozpoczyna nowy rok szkolny. W rejonie szk\u00f3\u0142 wzro\u015bnie nat\u0119\u017cenie ruchu - 24GLIWICE - Portal Gliwice | codziennie nowe informacje","isPartOf":{"@id":"https:\/\/www.24gliwice.pl\/wiadomosci\/#website"},"primaryImageOfPage":{"@id":"https:\/\/www.24gliwice.pl\/wiadomosci\/blisko-26-tysiecy-uczniow-rozpoczyna-nowy-rok-szkolny-w-rejonie-szkol-wzrosnie-natezenie-ruchu\/#primaryimage"},"image":{"@id":"https:\/\/www.24gliwice.pl\/wiadomosci\/blisko-26-tysiecy-uczniow-rozpoczyna-nowy-rok-szkolny-w-rejonie-szkol-wzrosnie-natezenie-ruchu\/#primaryimage"},"thumbnailUrl":"https:\/\/www.24gliwice.pl\/wiadomosci\/wp-content\/uploads\/2026\/08\/nowy-rok-szkolny-policja.jpg","datePublished":"2026-08-31T15:43:53+00:00","description":"We wtorek, 1 wrze\u015bnia, w gliwickich szko\u0142ach i przedszkolach nauk\u0119 rozpocznie 26 tys. uczni\u00f3w. Na ulicach wok\u00f3\u0142 plac\u00f3wek b\u0119dzie wi\u0119kszy ruch","breadcrumb":{"@id":"https:\/\/www.24gliwice.pl\/wiadomosci\/blisko-26-tysiecy-uczniow-rozpoczyna-nowy-rok-szkolny-w-rejonie-szkol-wzrosnie-natezenie-ruchu\/#breadcrumb"},"inLanguage":"pl-PL","potentialAction":[{"@type":"ReadAction","target":["https:\/\/www.24gliwice.pl\/wiadomosci\/blisko-26-tysiecy-uczniow-rozpoczyna-nowy-rok-szkolny-w-rejonie-szkol-wzrosnie-natezenie-ruchu\/"]}]},{"@type":"ImageObject","inLanguage":"pl-PL","@id":"https:\/\/www.24gliwice.pl\/wiadomosci\/blisko-26-tysiecy-uczniow-rozpoczyna-nowy-rok-szkolny-w-rejonie-szkol-wzrosnie-natezenie-ruchu\/#primaryimage","url":"https:\/\/www.24gliwice.pl\/wiadomosci\/wp-content\/uploads\/2026\/08\/nowy-rok-szkolny-policja.jpg","contentUrl":"https:\/\/www.24gliwice.pl\/wiadomosci\/wp-content\/uploads\/2026\/08\/nowy-rok-szkolny-policja.jpg","width":810,"height":456},{"@type":"BreadcrumbList","@id":"https:\/\/www.24gliwice.pl\/wiadomosci\/blisko-26-tysiecy-uczniow-rozpoczyna-nowy-rok-szkolny-w-rejonie-szkol-wzrosnie-natezenie-ruchu\/#breadcrumb","itemListElement":[{"@type":"ListItem","position":1,"name":"Strona g\u0142\u00f3wna","item":"https:\/\/www.24gliwice.pl\/wiadomosci\/"},{"@type":"ListItem","position":2,"name":"Blisko 26 tysi\u0119cy uczni\u00f3w rozpoczyna nowy rok szkolny. W rejonie szk\u00f3\u0142 wzro\u015bnie nat\u0119\u017cenie ruchu"}]},{"@type":"WebSite","@id":"https:\/\/www.24gliwice.pl\/wiadomosci\/#website","url":"https:\/\/www.24gliwice.pl\/wiadomosci\/","name":"24GLIWICE - Portal Gliwice | codziennie nowe wiadomo\u015bci","description":"Portal Miejski Gliwice","publisher":{"@id":"https:\/\/www.24gliwice.pl\/wiadomosci\/#organization"},"potentialAction":[{"@type":"SearchAction","target":{"@type":"EntryPoint","urlTemplate":"https:\/\/www.24gliwice.pl\/wiadomosci\/?s={search_term_string}"},"query-input":{"@type":"PropertyValueSpecification","valueRequired":true,"valueName":"search_term_string"}}],"inLanguage":"pl-PL"},{"@type":"Organization","@id":"https:\/\/www.24gliwice.pl\/wiadomosci\/#organization","name":"24gliwice","url":"https:\/\/www.24gliwice.pl\/wiadomosci\/","logo":{"@type":"ImageObject","inLanguage":"pl-PL","@id":"https:\/\/www.24gliwice.pl\/wiadomosci\/#\/schema\/logo\/image\/","url":"https:\/\/www.24gliwice.pl\/wiadomosci\/wp-content\/uploads\/2024\/10\/24gliwice-logo-696.jpg","contentUrl":"https:\/\/www.24gliwice.pl\/wiadomosci\/wp-content\/uploads\/2024\/10\/24gliwice-logo-696.jpg","width":696,"height":696,"caption":"24gliwice"},"image":{"@id":"https:\/\/www.24gliwice.pl\/wiadomosci\/#\/schema\/logo\/image\/"},"sameAs":["https:\/\/www.facebook.com\/24gliwice","https:\/\/x.com\/24gliwice","https:\/\/www.youtube.com\/@24gliwice"]},{"@type":"Person","@id":"https:\/\/www.24gliwice.pl\/wiadomosci\/#\/schema\/person\/e42c650edd7f2fa332be3811fb166b6e","name":"\u017baneta Mrozek-Siewierska","image":{"@type":"ImageObject","inLanguage":"pl-PL","@id":"https:\/\/secure.gravatar.com\/avatar\/1881429e9c64597c77ad7aef2d0a19be69a3253e57534d16aa15bf3a4d34a0a3?s=96&d=mm&r=g","url":"https:\/\/secure.gravatar.com\/avatar\/1881429e9c64597c77ad7aef2d0a19be69a3253e57534d16aa15bf3a4d34a0a3?s=96&d=mm&r=g","contentUrl":"https:\/\/secure.gravatar.com\/avatar\/1881429e9c64597c77ad7aef2d0a19be69a3253e57534d16aa15bf3a4d34a0a3?s=96&d=mm&r=g","caption":"\u017baneta Mrozek-Siewierska"},"url":"https:\/\/www.24gliwice.pl\/wiadomosci\/author\/zms\/"}]}},"_links":{"self":[{"href":"https:\/\/www.24gliwice.pl\/wiadomosci\/wp-json\/wp\/v2\/posts\/274949","targetHints":{"allow":["GET"]}}],"collection":[{"href":"https:\/\/www.24gliwice.pl\/wiadomosci\/wp-json\/wp\/v2\/posts"}],"about":[{"href":"https:\/\/www.24gliwice.pl\/wiadomosci\/wp-json\/wp\/v2\/types\/post"}],"author":[{"embeddable":true,"href":"https:\/\/www.24gliwice.pl\/wiadomosci\/wp-json\/wp\/v2\/users\/15"}],"replies":[{"embeddable":true,"href":"https:\/\/www.24gliwice.pl\/wiadomosci\/wp-json\/wp\/v2\/comments?post=274949"}],"version-history":[{"count":5,"href":"https:\/\/www.24gliwice.pl\/wiadomosci\/wp-json\/wp\/v2\/posts\/274949\/revisions"}],"predecessor-version":[{"id":274973,"href":"https:\/\/www.24gliwice.pl\/wiadomosci\/wp-json\/wp\/v2\/posts\/274949\/revisions\/274973"}],"wp:featuredmedia":[{"embeddable":true,"href":"https:\/\/www.24gliwice.pl\/wiadomosci\/wp-json\/wp\/v2\/media\/274954"}],"wp:attachment":[{"href":"https:\/\/www.24gliwice.pl\/wiadomosci\/wp-json\/wp\/v2\/media?parent=274949"}],"wp:term":[{"taxonomy":"category","embeddable":true,"href":"https:\/\/www.24gliwice.pl\/wiadomosci\/wp-json\/wp\/v2\/categories?post=274949"},{"taxonomy":"post_tag","embeddable":true,"href":"https:\/\/www.24gliwice.pl\/wiadomosci\/wp-json\/wp\/v2\/tags?post=274949"}],"curies":[{"name":"wp","href":"https:\/\/api.w.org\/{rel}","templated":true}]}}