{"id":274956,"date":"2026-09-01T04:01:30","date_gmt":"2026-09-01T02:01:30","guid":{"rendered":"https:\/\/www.24gliwice.pl\/wiadomosci\/?p=274956"},"modified":"2026-09-01T04:01:30","modified_gmt":"2026-09-01T02:01:30","slug":"koncerty-pod-radiostacja-piknik-seniora-i-wydarzenia-towarzyszace-dni-gliwic-program","status":"publish","type":"post","link":"https:\/\/www.24gliwice.pl\/wiadomosci\/koncerty-pod-radiostacja-piknik-seniora-i-wydarzenia-towarzyszace-dni-gliwic-program\/","title":{"rendered":"Koncerty pod Radiostacj\u0105, Piknik Seniora i wydarzenia towarzysz\u0105ce. DNI GLIWIC &#8211; PROGRAM"},"content":{"rendered":"<div class=\"gliwi-a6-nad-leadem-artykulow gliwi-entity-placement\" id=\"gliwi-1425738347\"><div id=\"gliwi-2925572251\" style=\"margin-bottom: 25px;margin-left: auto;margin-right: auto;text-align: center;\"><a data-no-instant=\"1\" href=\"https:\/\/dom100.eu\/\" rel=\"noopener\" class=\"a2t-link\" target=\"_blank\" aria-label=\"20260827 750x200_baner_Dni_Otwarte_dom100\"><img loading=\"lazy\" decoding=\"async\" src=\"https:\/\/www.24gliwice.pl\/wiadomosci\/wp-content\/uploads\/2025\/09\/20260827-750x200_baner_Dni_Otwarte_dom100.jpg\" alt=\"\"  srcset=\"https:\/\/www.24gliwice.pl\/wiadomosci\/wp-content\/uploads\/2025\/09\/20260827-750x200_baner_Dni_Otwarte_dom100.jpg 750w, https:\/\/www.24gliwice.pl\/wiadomosci\/wp-content\/uploads\/2025\/09\/20260827-750x200_baner_Dni_Otwarte_dom100-410x109.jpg 410w\" sizes=\"(max-width: 750px) 100vw, 750px\" class=\"no-lazyload\" width=\"750\" height=\"200\"  style=\"display: inline-block; max-width: 100%; height: auto;\" \/><\/a><\/div><\/div><h2>Dni Gliwic rozpoczn\u0105 si\u0119 w pi\u0105tek, 4 wrze\u015bnia, a potrwaj\u0105 ca\u0142y weekend. Koncerty w pi\u0105tek i w sobot\u0119 przewidziano pod Radiostacj\u0105, a gwiazdami wieczor\u00f3w b\u0119d\u0105 Bajm oraz Nosowska. Niedzielne wydarzenie doceni\u0105 przede wszystkim seniorzy.<\/h2>\n<p><!--more--><\/p>\n<p>Ze wzgl\u0119du na wydarzenia planowane w pi\u0105tek i sobot\u0119 w kompleksie muzealnym przy ulicy Tarnog\u00f3rskiej 129, kierowcy proszeni s\u0105 o nieparkowanie samochod\u00f3w na miejscach postojowych od strony ul. Lublinieckiej ju\u017c od \u015brody, 2 wrze\u015bnia. Parking b\u0119dzie wy\u0142\u0105czony do 7 wrze\u015bnia. <\/p>\n<p><a href=\"https:\/\/www.24gliwice.pl\/wiadomosci\/wp-content\/uploads\/2026\/08\/radiostacja-parking-zamkniety.jpg\"><img loading=\"lazy\" decoding=\"async\" src=\"https:\/\/www.24gliwice.pl\/wiadomosci\/wp-content\/uploads\/2026\/08\/radiostacja-parking-zamkniety.jpg\" alt=\"\" width=\"1200\" height=\"676\" class=\"alignnone size-full wp-image-274969\" srcset=\"https:\/\/www.24gliwice.pl\/wiadomosci\/wp-content\/uploads\/2026\/08\/radiostacja-parking-zamkniety.jpg 1200w, https:\/\/www.24gliwice.pl\/wiadomosci\/wp-content\/uploads\/2026\/08\/radiostacja-parking-zamkniety-410x232.jpg 410w, https:\/\/www.24gliwice.pl\/wiadomosci\/wp-content\/uploads\/2026\/08\/radiostacja-parking-zamkniety-808x455.jpg 808w, https:\/\/www.24gliwice.pl\/wiadomosci\/wp-content\/uploads\/2026\/08\/radiostacja-parking-zamkniety-768x433.jpg 768w, https:\/\/www.24gliwice.pl\/wiadomosci\/wp-content\/uploads\/2026\/08\/radiostacja-parking-zamkniety-810x456.jpg 810w, https:\/\/www.24gliwice.pl\/wiadomosci\/wp-content\/uploads\/2026\/08\/radiostacja-parking-zamkniety-1140x642.jpg 1140w\" sizes=\"auto, (max-width: 1200px) 100vw, 1200px\" \/><\/a><\/p>\n<p>&#8211; <em>W zwi\u0105zku z organizacj\u0105 koncert\u00f3w i przede wszystkim z my\u015bl\u0105 o bezpiecze\u0144stwie uczestnik\u00f3w, 4 i 5 wrze\u015bnia odcinkowo zamkni\u0119ta zostanie ul. Lubliniecka &#8211; w \u015bcis\u0142ym rejonie przylegaj\u0105cym do Radiostacji. To czasowe ograniczenie ruchu, kt\u00f3re ma pom\u00f3c w bezpiecznej organizacji wydarzenia. Chodzi o zapewnienie uczestnikom koncert\u00f3w mo\u017cliwo\u015bci swobodnego i bezpiecznego dotarcia na miejsce<\/em> &#8211; informuje Zarz\u0105d Dr\u00f3g Miejskich w Gliwicach. <\/p><div class=\"gliwi-a3-w-tresci-artykulow gliwi-entity-placement\" id=\"gliwi-431791953\"><div id=\"gliwi-2477779337\" style=\"margin-bottom: 30px;margin-left: auto;margin-right: auto;text-align: center;\"><a data-no-instant=\"1\" href=\"https:\/\/zlobek.halogen.org.pl\/\" rel=\"noopener\" class=\"a2t-link\" target=\"_blank\" aria-label=\"animator-zlobek_750x200\"><img loading=\"lazy\" decoding=\"async\" src=\"https:\/\/www.24gliwice.pl\/wiadomosci\/wp-content\/uploads\/2026\/02\/animator-zlobek_750x200.webp\" alt=\"\"  srcset=\"https:\/\/www.24gliwice.pl\/wiadomosci\/wp-content\/uploads\/2026\/02\/animator-zlobek_750x200.webp 750w, https:\/\/www.24gliwice.pl\/wiadomosci\/wp-content\/uploads\/2026\/02\/animator-zlobek_750x200-410x109.webp 410w\" sizes=\"(max-width: 750px) 100vw, 750px\" class=\"no-lazyload\" width=\"750\" height=\"200\"  style=\"display: inline-block; max-width: 100%; height: auto;\" \/><\/a><\/div><div id=\"gliwi-1902864865\" style=\"margin-bottom: 30px;margin-left: auto;margin-right: auto;text-align: center;\"><a data-no-instant=\"1\" href=\"https:\/\/ogrodyandersa.pl\/\" rel=\"noopener\" class=\"a2t-link\" target=\"_blank\" aria-label=\"750 x 200 &#8211; Box \u015ar\u00f3dtekstowy &#8211; ADS Ogrody Andersa v1\"><img loading=\"lazy\" decoding=\"async\" src=\"https:\/\/www.24gliwice.pl\/wiadomosci\/wp-content\/uploads\/2026\/02\/750-x-200-Box-Srodtekstowy-ADS-Ogrody-Andersa-v1.jpg\" alt=\"\"  srcset=\"https:\/\/www.24gliwice.pl\/wiadomosci\/wp-content\/uploads\/2026\/02\/750-x-200-Box-Srodtekstowy-ADS-Ogrody-Andersa-v1.jpg 750w, https:\/\/www.24gliwice.pl\/wiadomosci\/wp-content\/uploads\/2026\/02\/750-x-200-Box-Srodtekstowy-ADS-Ogrody-Andersa-v1-410x109.jpg 410w\" sizes=\"(max-width: 750px) 100vw, 750px\" class=\"no-lazyload\" width=\"750\" height=\"200\"  style=\"display: inline-block; max-width: 100%; height: auto;\" \/><\/a><\/div><\/div>\n<h4>Czego spodziewa\u0107 si\u0119 podczas Dni Gliwic?<\/h4>\n<p>W pi\u0105tek, 4 wrze\u015bnia, scen\u0119 pod Radiostacj\u0105 przejmie duet Kuba i Kuba oraz legenda polskiej sceny muzycznej \u2013 Bajm. Tego wieczoru wyst\u0105pi tak\u017ce debiutuj\u0105cy raper DODO, wy\u0142oniony podczas konkursu Debiuty w Gliwicach.<\/p>\n<p>Sobotni fina\u0142 nale\u017ce\u0107 b\u0119dzie do Nosowskiej, jednej z najbardziej charakterystycznych i cenionych polskich artystek. Jej koncert poprzedz\u0105 wyst\u0119py wokalisty m\u0142odego pokolenia \u2013 Daniela Godsona oraz naszych gliwickich muzyk\u00f3w \u2013 Evy Aksamit i zespo\u0142u 44-100. Po zachodzie s\u0142o\u0144ca Radiostacja zyska nowe brzmienie \u2013 na Scenie DJ wyst\u0105pi\u0105 P33, Komar i 5cet.<\/p>\n<p>W niedziel\u0119 w Parku Chopina odb\u0119dzie si\u0119 trzynasta edycja Pikniku Seniora. Przewidziano koncerty: Orkiestry D\u0119tej z Ostropy, a tak\u017ce Winyl Band, Duetu Azzurro oraz Arkadia Band. <\/p>\n<h4>PROGRAM<\/h4>\n<p><strong>3\u20135 wrze\u015bnia | 12.00\u201324.00, 6 wrze\u015bnia | 12.00\u201318.00 | Ruiny Teatru Victoria, Skwer Doncaster<\/strong><\/p>\n<p>BY\u0141O\/B\u0118DZIE: Interaktywne instalacje \u0142\u0105cz\u0105ce archiwalne fotografie, nowe technologie i wizje przysz\u0142o\u015bci miasta b\u0119dzie mo\u017cna ogl\u0105da\u0107 w Ruinach Teatru Victoria, na trasie prowadz\u0105cej przez centrum Gliwic oraz na Skwerze Doncaster.<\/p>\n<p><strong>4 wrze\u015bnia | Kino Amok | 15.30 | Gala Gliwickiej Nagrody Literackiej<\/strong><\/p>\n<p>Rozstrzygni\u0119cie 2. edycji Gliwickiej Nagrody Literackiej. W programie gali znalaz\u0142y si\u0119 spotkania autorskie i panel dyskusyjny z udzia\u0142em <strong>Jacka Dukaja, Mariusza Szczyg\u0142a, Wita Szostaka, Katarzyny Surmiak-Doma\u0144skiej i Emilii Su\u0142ek<\/strong>. Obowi\u0105zuj\u0105 wej\u015bci\u00f3wki &#8211; szczeg\u00f3\u0142owe informacje mo\u017cna znale\u017a\u0107 na<a href=\"https:\/\/biblioteka.gliwice.pl\/2-edycja-gliwickiej-nagrody-literackiej\/\" target=\"_blank\"> stronie MBP Gliwice (link)<\/a>.<\/p>\n<p><strong>4 wrze\u015bnia | Radiostacja <\/strong><\/p>\n<ul>\n<li>19.00 \u2013 Debiuty w Gliwicach \u2013 laureat \u2013 DODO<\/li>\n<li>19.30 \u2013 Kuba i Kuba<\/li>\n<li>21.00 \u2013 Bajm<\/li>\n<li>22.30\u20131.00 \u2013 Scena DJ \u2013 Komar, P33<\/li>\n<li>18.00\u20131.00 \u2013 SocialZone, Gastro, Art, Instabox<\/li>\n<\/ul>\n<p><strong>5 wrze\u015bnia | Radiostacja<\/strong><\/p>\n<ul>\n<li>18.00 \u2013 Eva Aksamit i 44-100<\/li>\n<li>19.30 \u2013 Daniel Godson<\/li>\n<li>21.00 \u2013 Nosowska<\/li>\n<li>22.30\u20131.00  \u2013 Scena DJ \u2013 5cet, P33<\/li>\n<li>17.00\u20131.00 \u2013 SocialZone, Gastro, Art, Instabox<\/li>\n<\/ul>\n<p><strong>6 wrze\u015bnia | XIII Rodzinny Piknik Seniora | Park Chopina<\/strong><\/p>\n<ul>\n<li>13.45 \u2013 start pochodu spod Domu Tekstylnego Weichmanna<\/li>\n<li>14.00 \u2013 koncert Orkiestry D\u0119tej z Ostropy<\/li>\n<li>14.30 \u2013 nagroda \u201ePrzyjaciel Gliwickich Senior\u00f3w\u201d<\/li>\n<li>15.00 \u2013 koncert zespo\u0142u Winyl Band<\/li>\n<li>16.30 \u2013 koncert Duetu Azzurro<\/li>\n<li>17.30 \u2013 koncert Arkadia Band<\/li>\n<\/ul>\n<p>(\u017cms)\/mat. GKM<\/p>\n<div class=\"gliwi-a5-na-koncu-artykulow gliwi-entity-placement\" id=\"gliwi-4013823483\"><div id=\"gliwi-2434879813\" style=\"margin-left: auto;margin-right: auto;text-align: center;\"><a data-no-instant=\"1\" href=\"https:\/\/www.jasek.pl\/\" rel=\"noopener\" class=\"a2t-link\" target=\"_blank\" aria-label=\"20200401-jasek 600\"><img loading=\"lazy\" decoding=\"async\" src=\"https:\/\/www.24gliwice.pl\/wiadomosci\/wp-content\/uploads\/2020\/04\/20200401-jasek-600.jpg\" alt=\"\"  srcset=\"https:\/\/www.24gliwice.pl\/wiadomosci\/wp-content\/uploads\/2020\/04\/20200401-jasek-600.jpg 600w, https:\/\/www.24gliwice.pl\/wiadomosci\/wp-content\/uploads\/2020\/04\/20200401-jasek-600-410x109.jpg 410w\" sizes=\"(max-width: 600px) 100vw, 600px\" class=\"no-lazyload\" width=\"600\" height=\"160\"  style=\"display: inline-block; max-width: 100%; height: auto;\" \/><\/a><\/div><\/div>","protected":false},"excerpt":{"rendered":"<p>Dni Gliwic rozpoczn\u0105 si\u0119 w pi\u0105tek, 4 wrze\u015bnia, a potrwaj\u0105 ca\u0142y weekend. Koncerty w pi\u0105tek i w sobot\u0119 przewidziano pod Radiostacj\u0105, a gwiazdami wieczor\u00f3w b\u0119d\u0105 Bajm oraz Nosowska. Niedzielne wydarzenie doceni\u0105 przede wszystkim seniorzy.<\/p>\n","protected":false},"author":15,"featured_media":259373,"comment_status":"open","ping_status":"closed","sticky":false,"template":"","format":"standard","meta":{"_monsterinsights_skip_tracking":false,"footnotes":"","_links_to":"","_links_to_target":""},"categories":[3,6,1],"tags":[24446,4520],"class_list":["post-274956","post","type-post","status-publish","format-standard","has-post-thumbnail","hentry","category-gliwice","category-kultura","category-wszystko","tag-dni-gliwic","tag-koncerty"],"yoast_head":"<!-- This site is optimized with the Yoast SEO plugin v28.3 - https:\/\/yoast.com\/product\/yoast-seo-wordpress\/ -->\n<title>Koncerty pod Radiostacj\u0105, Piknik Seniora i wydarzenia towarzysz\u0105ce. DNI GLIWIC - PROGRAM - 24GLIWICE - Portal Gliwice | codziennie nowe informacje<\/title>\n<meta name=\"description\" content=\"Dni Gliwic odb\u0119d\u0105 si\u0119 w dniach 4-6 czerwca. Przewidziano dwa koncertowe wieczory pod Radiostacj\u0105 oraz Piknik Seniora w Parku Chopina\" \/>\n<meta name=\"robots\" content=\"index, follow, max-snippet:-1, max-image-preview:large, max-video-preview:-1\" \/>\n<link rel=\"canonical\" href=\"https:\/\/www.24gliwice.pl\/wiadomosci\/koncerty-pod-radiostacja-piknik-seniora-i-wydarzenia-towarzyszace-dni-gliwic-program\/\" \/>\n<meta property=\"og:locale\" content=\"pl_PL\" \/>\n<meta property=\"og:type\" content=\"article\" \/>\n<meta property=\"og:title\" content=\"Koncerty pod Radiostacj\u0105, Piknik Seniora i wydarzenia towarzysz\u0105ce. DNI GLIWIC - PROGRAM - 24GLIWICE - Portal Gliwice | codziennie nowe informacje\" \/>\n<meta property=\"og:description\" content=\"Dni Gliwic odb\u0119d\u0105 si\u0119 w dniach 4-6 czerwca. Przewidziano dwa koncertowe wieczory pod Radiostacj\u0105 oraz Piknik Seniora w Parku Chopina\" \/>\n<meta property=\"og:url\" content=\"https:\/\/www.24gliwice.pl\/wiadomosci\/koncerty-pod-radiostacja-piknik-seniora-i-wydarzenia-towarzyszace-dni-gliwic-program\/\" \/>\n<meta property=\"og:site_name\" content=\"24GLIWICE - Portal Gliwice | codziennie nowe informacje\" \/>\n<meta property=\"article:publisher\" content=\"https:\/\/www.facebook.com\/24gliwice\" \/>\n<meta property=\"article:published_time\" content=\"2026-09-01T02:01:30+00:00\" \/>\n<meta property=\"og:image\" content=\"https:\/\/www.24gliwice.pl\/wiadomosci\/wp-content\/uploads\/2025\/09\/dni-gliwic.jpg\" \/>\n\t<meta property=\"og:image:width\" content=\"810\" \/>\n\t<meta property=\"og:image:height\" content=\"457\" \/>\n\t<meta property=\"og:image:type\" content=\"image\/jpeg\" \/>\n<meta name=\"author\" content=\"\u017baneta Mrozek-Siewierska\" \/>\n<meta name=\"twitter:card\" content=\"summary_large_image\" \/>\n<meta name=\"twitter:creator\" content=\"@24gliwice\" \/>\n<meta name=\"twitter:site\" content=\"@24gliwice\" \/>\n<meta name=\"twitter:label1\" content=\"Napisane przez\" \/>\n\t<meta name=\"twitter:data1\" content=\"\u017baneta Mrozek-Siewierska\" \/>\n\t<meta name=\"twitter:label2\" content=\"Szacowany czas czytania\" \/>\n\t<meta name=\"twitter:data2\" content=\"3 minuty\" \/>\n<script type=\"application\/ld+json\" class=\"yoast-schema-graph\">{\"@context\":\"https:\\\/\\\/schema.org\",\"@graph\":[{\"@type\":\"Article\",\"@id\":\"https:\\\/\\\/www.24gliwice.pl\\\/wiadomosci\\\/koncerty-pod-radiostacja-piknik-seniora-i-wydarzenia-towarzyszace-dni-gliwic-program\\\/#article\",\"isPartOf\":{\"@id\":\"https:\\\/\\\/www.24gliwice.pl\\\/wiadomosci\\\/koncerty-pod-radiostacja-piknik-seniora-i-wydarzenia-towarzyszace-dni-gliwic-program\\\/\"},\"author\":{\"name\":\"\u017baneta Mrozek-Siewierska\",\"@id\":\"https:\\\/\\\/www.24gliwice.pl\\\/wiadomosci\\\/#\\\/schema\\\/person\\\/e42c650edd7f2fa332be3811fb166b6e\"},\"headline\":\"Koncerty pod Radiostacj\u0105, Piknik Seniora i wydarzenia towarzysz\u0105ce. DNI GLIWIC &#8211; PROGRAM\",\"datePublished\":\"2026-09-01T02:01:30+00:00\",\"mainEntityOfPage\":{\"@id\":\"https:\\\/\\\/www.24gliwice.pl\\\/wiadomosci\\\/koncerty-pod-radiostacja-piknik-seniora-i-wydarzenia-towarzyszace-dni-gliwic-program\\\/\"},\"wordCount\":483,\"commentCount\":0,\"publisher\":{\"@id\":\"https:\\\/\\\/www.24gliwice.pl\\\/wiadomosci\\\/#organization\"},\"image\":{\"@id\":\"https:\\\/\\\/www.24gliwice.pl\\\/wiadomosci\\\/koncerty-pod-radiostacja-piknik-seniora-i-wydarzenia-towarzyszace-dni-gliwic-program\\\/#primaryimage\"},\"thumbnailUrl\":\"https:\\\/\\\/www.24gliwice.pl\\\/wiadomosci\\\/wp-content\\\/uploads\\\/2025\\\/09\\\/dni-gliwic.jpg\",\"keywords\":[\"DNI GLIWIC\",\"KONCERTY\"],\"articleSection\":[\"Gliwice\",\"Kultura, wydarzenia, imprezy\",\"Najnowsze wiadomo\u015bci\"],\"inLanguage\":\"pl-PL\",\"potentialAction\":[{\"@type\":\"CommentAction\",\"name\":\"Comment\",\"target\":[\"https:\\\/\\\/www.24gliwice.pl\\\/wiadomosci\\\/koncerty-pod-radiostacja-piknik-seniora-i-wydarzenia-towarzyszace-dni-gliwic-program\\\/#respond\"]}]},{\"@type\":\"WebPage\",\"@id\":\"https:\\\/\\\/www.24gliwice.pl\\\/wiadomosci\\\/koncerty-pod-radiostacja-piknik-seniora-i-wydarzenia-towarzyszace-dni-gliwic-program\\\/\",\"url\":\"https:\\\/\\\/www.24gliwice.pl\\\/wiadomosci\\\/koncerty-pod-radiostacja-piknik-seniora-i-wydarzenia-towarzyszace-dni-gliwic-program\\\/\",\"name\":\"Koncerty pod Radiostacj\u0105, Piknik Seniora i wydarzenia towarzysz\u0105ce. DNI GLIWIC - PROGRAM - 24GLIWICE - Portal Gliwice | codziennie nowe informacje\",\"isPartOf\":{\"@id\":\"https:\\\/\\\/www.24gliwice.pl\\\/wiadomosci\\\/#website\"},\"primaryImageOfPage\":{\"@id\":\"https:\\\/\\\/www.24gliwice.pl\\\/wiadomosci\\\/koncerty-pod-radiostacja-piknik-seniora-i-wydarzenia-towarzyszace-dni-gliwic-program\\\/#primaryimage\"},\"image\":{\"@id\":\"https:\\\/\\\/www.24gliwice.pl\\\/wiadomosci\\\/koncerty-pod-radiostacja-piknik-seniora-i-wydarzenia-towarzyszace-dni-gliwic-program\\\/#primaryimage\"},\"thumbnailUrl\":\"https:\\\/\\\/www.24gliwice.pl\\\/wiadomosci\\\/wp-content\\\/uploads\\\/2025\\\/09\\\/dni-gliwic.jpg\",\"datePublished\":\"2026-09-01T02:01:30+00:00\",\"description\":\"Dni Gliwic odb\u0119d\u0105 si\u0119 w dniach 4-6 czerwca. Przewidziano dwa koncertowe wieczory pod Radiostacj\u0105 oraz Piknik Seniora w Parku Chopina\",\"breadcrumb\":{\"@id\":\"https:\\\/\\\/www.24gliwice.pl\\\/wiadomosci\\\/koncerty-pod-radiostacja-piknik-seniora-i-wydarzenia-towarzyszace-dni-gliwic-program\\\/#breadcrumb\"},\"inLanguage\":\"pl-PL\",\"potentialAction\":[{\"@type\":\"ReadAction\",\"target\":[\"https:\\\/\\\/www.24gliwice.pl\\\/wiadomosci\\\/koncerty-pod-radiostacja-piknik-seniora-i-wydarzenia-towarzyszace-dni-gliwic-program\\\/\"]}]},{\"@type\":\"ImageObject\",\"inLanguage\":\"pl-PL\",\"@id\":\"https:\\\/\\\/www.24gliwice.pl\\\/wiadomosci\\\/koncerty-pod-radiostacja-piknik-seniora-i-wydarzenia-towarzyszace-dni-gliwic-program\\\/#primaryimage\",\"url\":\"https:\\\/\\\/www.24gliwice.pl\\\/wiadomosci\\\/wp-content\\\/uploads\\\/2025\\\/09\\\/dni-gliwic.jpg\",\"contentUrl\":\"https:\\\/\\\/www.24gliwice.pl\\\/wiadomosci\\\/wp-content\\\/uploads\\\/2025\\\/09\\\/dni-gliwic.jpg\",\"width\":810,\"height\":457},{\"@type\":\"BreadcrumbList\",\"@id\":\"https:\\\/\\\/www.24gliwice.pl\\\/wiadomosci\\\/koncerty-pod-radiostacja-piknik-seniora-i-wydarzenia-towarzyszace-dni-gliwic-program\\\/#breadcrumb\",\"itemListElement\":[{\"@type\":\"ListItem\",\"position\":1,\"name\":\"Strona g\u0142\u00f3wna\",\"item\":\"https:\\\/\\\/www.24gliwice.pl\\\/wiadomosci\\\/\"},{\"@type\":\"ListItem\",\"position\":2,\"name\":\"Koncerty pod Radiostacj\u0105, Piknik Seniora i wydarzenia towarzysz\u0105ce. DNI GLIWIC &#8211; PROGRAM\"}]},{\"@type\":\"WebSite\",\"@id\":\"https:\\\/\\\/www.24gliwice.pl\\\/wiadomosci\\\/#website\",\"url\":\"https:\\\/\\\/www.24gliwice.pl\\\/wiadomosci\\\/\",\"name\":\"24GLIWICE - Portal Gliwice | codziennie nowe wiadomo\u015bci\",\"description\":\"Portal Miejski Gliwice\",\"publisher\":{\"@id\":\"https:\\\/\\\/www.24gliwice.pl\\\/wiadomosci\\\/#organization\"},\"potentialAction\":[{\"@type\":\"SearchAction\",\"target\":{\"@type\":\"EntryPoint\",\"urlTemplate\":\"https:\\\/\\\/www.24gliwice.pl\\\/wiadomosci\\\/?s={search_term_string}\"},\"query-input\":{\"@type\":\"PropertyValueSpecification\",\"valueRequired\":true,\"valueName\":\"search_term_string\"}}],\"inLanguage\":\"pl-PL\"},{\"@type\":\"Organization\",\"@id\":\"https:\\\/\\\/www.24gliwice.pl\\\/wiadomosci\\\/#organization\",\"name\":\"24gliwice\",\"url\":\"https:\\\/\\\/www.24gliwice.pl\\\/wiadomosci\\\/\",\"logo\":{\"@type\":\"ImageObject\",\"inLanguage\":\"pl-PL\",\"@id\":\"https:\\\/\\\/www.24gliwice.pl\\\/wiadomosci\\\/#\\\/schema\\\/logo\\\/image\\\/\",\"url\":\"https:\\\/\\\/www.24gliwice.pl\\\/wiadomosci\\\/wp-content\\\/uploads\\\/2024\\\/10\\\/24gliwice-logo-696.jpg\",\"contentUrl\":\"https:\\\/\\\/www.24gliwice.pl\\\/wiadomosci\\\/wp-content\\\/uploads\\\/2024\\\/10\\\/24gliwice-logo-696.jpg\",\"width\":696,\"height\":696,\"caption\":\"24gliwice\"},\"image\":{\"@id\":\"https:\\\/\\\/www.24gliwice.pl\\\/wiadomosci\\\/#\\\/schema\\\/logo\\\/image\\\/\"},\"sameAs\":[\"https:\\\/\\\/www.facebook.com\\\/24gliwice\",\"https:\\\/\\\/x.com\\\/24gliwice\",\"https:\\\/\\\/www.youtube.com\\\/@24gliwice\"]},{\"@type\":\"Person\",\"@id\":\"https:\\\/\\\/www.24gliwice.pl\\\/wiadomosci\\\/#\\\/schema\\\/person\\\/e42c650edd7f2fa332be3811fb166b6e\",\"name\":\"\u017baneta Mrozek-Siewierska\",\"image\":{\"@type\":\"ImageObject\",\"inLanguage\":\"pl-PL\",\"@id\":\"https:\\\/\\\/secure.gravatar.com\\\/avatar\\\/1881429e9c64597c77ad7aef2d0a19be69a3253e57534d16aa15bf3a4d34a0a3?s=96&d=mm&r=g\",\"url\":\"https:\\\/\\\/secure.gravatar.com\\\/avatar\\\/1881429e9c64597c77ad7aef2d0a19be69a3253e57534d16aa15bf3a4d34a0a3?s=96&d=mm&r=g\",\"contentUrl\":\"https:\\\/\\\/secure.gravatar.com\\\/avatar\\\/1881429e9c64597c77ad7aef2d0a19be69a3253e57534d16aa15bf3a4d34a0a3?s=96&d=mm&r=g\",\"caption\":\"\u017baneta Mrozek-Siewierska\"},\"url\":\"https:\\\/\\\/www.24gliwice.pl\\\/wiadomosci\\\/author\\\/zms\\\/\"}]}<\/script>\n<!-- \/ Yoast SEO plugin. -->","yoast_head_json":{"title":"Koncerty pod Radiostacj\u0105, Piknik Seniora i wydarzenia towarzysz\u0105ce. DNI GLIWIC - PROGRAM - 24GLIWICE - Portal Gliwice | codziennie nowe informacje","description":"Dni Gliwic odb\u0119d\u0105 si\u0119 w dniach 4-6 czerwca. Przewidziano dwa koncertowe wieczory pod Radiostacj\u0105 oraz Piknik Seniora w Parku Chopina","robots":{"index":"index","follow":"follow","max-snippet":"max-snippet:-1","max-image-preview":"max-image-preview:large","max-video-preview":"max-video-preview:-1"},"canonical":"https:\/\/www.24gliwice.pl\/wiadomosci\/koncerty-pod-radiostacja-piknik-seniora-i-wydarzenia-towarzyszace-dni-gliwic-program\/","og_locale":"pl_PL","og_type":"article","og_title":"Koncerty pod Radiostacj\u0105, Piknik Seniora i wydarzenia towarzysz\u0105ce. DNI GLIWIC - PROGRAM - 24GLIWICE - Portal Gliwice | codziennie nowe informacje","og_description":"Dni Gliwic odb\u0119d\u0105 si\u0119 w dniach 4-6 czerwca. Przewidziano dwa koncertowe wieczory pod Radiostacj\u0105 oraz Piknik Seniora w Parku Chopina","og_url":"https:\/\/www.24gliwice.pl\/wiadomosci\/koncerty-pod-radiostacja-piknik-seniora-i-wydarzenia-towarzyszace-dni-gliwic-program\/","og_site_name":"24GLIWICE - Portal Gliwice | codziennie nowe informacje","article_publisher":"https:\/\/www.facebook.com\/24gliwice","article_published_time":"2026-09-01T02:01:30+00:00","og_image":[{"width":810,"height":457,"url":"https:\/\/www.24gliwice.pl\/wiadomosci\/wp-content\/uploads\/2025\/09\/dni-gliwic.jpg","type":"image\/jpeg"}],"author":"\u017baneta Mrozek-Siewierska","twitter_card":"summary_large_image","twitter_creator":"@24gliwice","twitter_site":"@24gliwice","twitter_misc":{"Napisane przez":"\u017baneta Mrozek-Siewierska","Szacowany czas czytania":"3 minuty"},"schema":{"@context":"https:\/\/schema.org","@graph":[{"@type":"Article","@id":"https:\/\/www.24gliwice.pl\/wiadomosci\/koncerty-pod-radiostacja-piknik-seniora-i-wydarzenia-towarzyszace-dni-gliwic-program\/#article","isPartOf":{"@id":"https:\/\/www.24gliwice.pl\/wiadomosci\/koncerty-pod-radiostacja-piknik-seniora-i-wydarzenia-towarzyszace-dni-gliwic-program\/"},"author":{"name":"\u017baneta Mrozek-Siewierska","@id":"https:\/\/www.24gliwice.pl\/wiadomosci\/#\/schema\/person\/e42c650edd7f2fa332be3811fb166b6e"},"headline":"Koncerty pod Radiostacj\u0105, Piknik Seniora i wydarzenia towarzysz\u0105ce. DNI GLIWIC &#8211; PROGRAM","datePublished":"2026-09-01T02:01:30+00:00","mainEntityOfPage":{"@id":"https:\/\/www.24gliwice.pl\/wiadomosci\/koncerty-pod-radiostacja-piknik-seniora-i-wydarzenia-towarzyszace-dni-gliwic-program\/"},"wordCount":483,"commentCount":0,"publisher":{"@id":"https:\/\/www.24gliwice.pl\/wiadomosci\/#organization"},"image":{"@id":"https:\/\/www.24gliwice.pl\/wiadomosci\/koncerty-pod-radiostacja-piknik-seniora-i-wydarzenia-towarzyszace-dni-gliwic-program\/#primaryimage"},"thumbnailUrl":"https:\/\/www.24gliwice.pl\/wiadomosci\/wp-content\/uploads\/2025\/09\/dni-gliwic.jpg","keywords":["DNI GLIWIC","KONCERTY"],"articleSection":["Gliwice","Kultura, wydarzenia, imprezy","Najnowsze wiadomo\u015bci"],"inLanguage":"pl-PL","potentialAction":[{"@type":"CommentAction","name":"Comment","target":["https:\/\/www.24gliwice.pl\/wiadomosci\/koncerty-pod-radiostacja-piknik-seniora-i-wydarzenia-towarzyszace-dni-gliwic-program\/#respond"]}]},{"@type":"WebPage","@id":"https:\/\/www.24gliwice.pl\/wiadomosci\/koncerty-pod-radiostacja-piknik-seniora-i-wydarzenia-towarzyszace-dni-gliwic-program\/","url":"https:\/\/www.24gliwice.pl\/wiadomosci\/koncerty-pod-radiostacja-piknik-seniora-i-wydarzenia-towarzyszace-dni-gliwic-program\/","name":"Koncerty pod Radiostacj\u0105, Piknik Seniora i wydarzenia towarzysz\u0105ce. DNI GLIWIC - PROGRAM - 24GLIWICE - Portal Gliwice | codziennie nowe informacje","isPartOf":{"@id":"https:\/\/www.24gliwice.pl\/wiadomosci\/#website"},"primaryImageOfPage":{"@id":"https:\/\/www.24gliwice.pl\/wiadomosci\/koncerty-pod-radiostacja-piknik-seniora-i-wydarzenia-towarzyszace-dni-gliwic-program\/#primaryimage"},"image":{"@id":"https:\/\/www.24gliwice.pl\/wiadomosci\/koncerty-pod-radiostacja-piknik-seniora-i-wydarzenia-towarzyszace-dni-gliwic-program\/#primaryimage"},"thumbnailUrl":"https:\/\/www.24gliwice.pl\/wiadomosci\/wp-content\/uploads\/2025\/09\/dni-gliwic.jpg","datePublished":"2026-09-01T02:01:30+00:00","description":"Dni Gliwic odb\u0119d\u0105 si\u0119 w dniach 4-6 czerwca. Przewidziano dwa koncertowe wieczory pod Radiostacj\u0105 oraz Piknik Seniora w Parku Chopina","breadcrumb":{"@id":"https:\/\/www.24gliwice.pl\/wiadomosci\/koncerty-pod-radiostacja-piknik-seniora-i-wydarzenia-towarzyszace-dni-gliwic-program\/#breadcrumb"},"inLanguage":"pl-PL","potentialAction":[{"@type":"ReadAction","target":["https:\/\/www.24gliwice.pl\/wiadomosci\/koncerty-pod-radiostacja-piknik-seniora-i-wydarzenia-towarzyszace-dni-gliwic-program\/"]}]},{"@type":"ImageObject","inLanguage":"pl-PL","@id":"https:\/\/www.24gliwice.pl\/wiadomosci\/koncerty-pod-radiostacja-piknik-seniora-i-wydarzenia-towarzyszace-dni-gliwic-program\/#primaryimage","url":"https:\/\/www.24gliwice.pl\/wiadomosci\/wp-content\/uploads\/2025\/09\/dni-gliwic.jpg","contentUrl":"https:\/\/www.24gliwice.pl\/wiadomosci\/wp-content\/uploads\/2025\/09\/dni-gliwic.jpg","width":810,"height":457},{"@type":"BreadcrumbList","@id":"https:\/\/www.24gliwice.pl\/wiadomosci\/koncerty-pod-radiostacja-piknik-seniora-i-wydarzenia-towarzyszace-dni-gliwic-program\/#breadcrumb","itemListElement":[{"@type":"ListItem","position":1,"name":"Strona g\u0142\u00f3wna","item":"https:\/\/www.24gliwice.pl\/wiadomosci\/"},{"@type":"ListItem","position":2,"name":"Koncerty pod Radiostacj\u0105, Piknik Seniora i wydarzenia towarzysz\u0105ce. DNI GLIWIC &#8211; PROGRAM"}]},{"@type":"WebSite","@id":"https:\/\/www.24gliwice.pl\/wiadomosci\/#website","url":"https:\/\/www.24gliwice.pl\/wiadomosci\/","name":"24GLIWICE - Portal Gliwice | codziennie nowe wiadomo\u015bci","description":"Portal Miejski Gliwice","publisher":{"@id":"https:\/\/www.24gliwice.pl\/wiadomosci\/#organization"},"potentialAction":[{"@type":"SearchAction","target":{"@type":"EntryPoint","urlTemplate":"https:\/\/www.24gliwice.pl\/wiadomosci\/?s={search_term_string}"},"query-input":{"@type":"PropertyValueSpecification","valueRequired":true,"valueName":"search_term_string"}}],"inLanguage":"pl-PL"},{"@type":"Organization","@id":"https:\/\/www.24gliwice.pl\/wiadomosci\/#organization","name":"24gliwice","url":"https:\/\/www.24gliwice.pl\/wiadomosci\/","logo":{"@type":"ImageObject","inLanguage":"pl-PL","@id":"https:\/\/www.24gliwice.pl\/wiadomosci\/#\/schema\/logo\/image\/","url":"https:\/\/www.24gliwice.pl\/wiadomosci\/wp-content\/uploads\/2024\/10\/24gliwice-logo-696.jpg","contentUrl":"https:\/\/www.24gliwice.pl\/wiadomosci\/wp-content\/uploads\/2024\/10\/24gliwice-logo-696.jpg","width":696,"height":696,"caption":"24gliwice"},"image":{"@id":"https:\/\/www.24gliwice.pl\/wiadomosci\/#\/schema\/logo\/image\/"},"sameAs":["https:\/\/www.facebook.com\/24gliwice","https:\/\/x.com\/24gliwice","https:\/\/www.youtube.com\/@24gliwice"]},{"@type":"Person","@id":"https:\/\/www.24gliwice.pl\/wiadomosci\/#\/schema\/person\/e42c650edd7f2fa332be3811fb166b6e","name":"\u017baneta Mrozek-Siewierska","image":{"@type":"ImageObject","inLanguage":"pl-PL","@id":"https:\/\/secure.gravatar.com\/avatar\/1881429e9c64597c77ad7aef2d0a19be69a3253e57534d16aa15bf3a4d34a0a3?s=96&d=mm&r=g","url":"https:\/\/secure.gravatar.com\/avatar\/1881429e9c64597c77ad7aef2d0a19be69a3253e57534d16aa15bf3a4d34a0a3?s=96&d=mm&r=g","contentUrl":"https:\/\/secure.gravatar.com\/avatar\/1881429e9c64597c77ad7aef2d0a19be69a3253e57534d16aa15bf3a4d34a0a3?s=96&d=mm&r=g","caption":"\u017baneta Mrozek-Siewierska"},"url":"https:\/\/www.24gliwice.pl\/wiadomosci\/author\/zms\/"}]}},"_links":{"self":[{"href":"https:\/\/www.24gliwice.pl\/wiadomosci\/wp-json\/wp\/v2\/posts\/274956","targetHints":{"allow":["GET"]}}],"collection":[{"href":"https:\/\/www.24gliwice.pl\/wiadomosci\/wp-json\/wp\/v2\/posts"}],"about":[{"href":"https:\/\/www.24gliwice.pl\/wiadomosci\/wp-json\/wp\/v2\/types\/post"}],"author":[{"embeddable":true,"href":"https:\/\/www.24gliwice.pl\/wiadomosci\/wp-json\/wp\/v2\/users\/15"}],"replies":[{"embeddable":true,"href":"https:\/\/www.24gliwice.pl\/wiadomosci\/wp-json\/wp\/v2\/comments?post=274956"}],"version-history":[{"count":7,"href":"https:\/\/www.24gliwice.pl\/wiadomosci\/wp-json\/wp\/v2\/posts\/274956\/revisions"}],"predecessor-version":[{"id":274977,"href":"https:\/\/www.24gliwice.pl\/wiadomosci\/wp-json\/wp\/v2\/posts\/274956\/revisions\/274977"}],"wp:featuredmedia":[{"embeddable":true,"href":"https:\/\/www.24gliwice.pl\/wiadomosci\/wp-json\/wp\/v2\/media\/259373"}],"wp:attachment":[{"href":"https:\/\/www.24gliwice.pl\/wiadomosci\/wp-json\/wp\/v2\/media?parent=274956"}],"wp:term":[{"taxonomy":"category","embeddable":true,"href":"https:\/\/www.24gliwice.pl\/wiadomosci\/wp-json\/wp\/v2\/categories?post=274956"},{"taxonomy":"post_tag","embeddable":true,"href":"https:\/\/www.24gliwice.pl\/wiadomosci\/wp-json\/wp\/v2\/tags?post=274956"}],"curies":[{"name":"wp","href":"https:\/\/api.w.org\/{rel}","templated":true}]}}