{"id":275016,"date":"2026-09-06T03:02:24","date_gmt":"2026-09-06T01:02:24","guid":{"rendered":"https:\/\/www.24gliwice.pl\/wiadomosci\/?p=275016"},"modified":"2026-09-06T03:02:24","modified_gmt":"2026-09-06T01:02:24","slug":"to-jeden-z-najwazniejszych-momentow-w-historii-gzm-kolejny-krok-w-strone-metrokolei","status":"publish","type":"post","link":"https:\/\/www.24gliwice.pl\/wiadomosci\/to-jeden-z-najwazniejszych-momentow-w-historii-gzm-kolejny-krok-w-strone-metrokolei\/","title":{"rendered":"&#8220;To jeden z najwa\u017cniejszych moment\u00f3w w historii GZM&#8221;. Kolejny krok w stron\u0119 Metrokolei"},"content":{"rendered":"<div class=\"gliwi-a6-nad-leadem-artykulow gliwi-entity-placement\" id=\"gliwi-3657619367\"><div id=\"gliwi-2362367079\" style=\"margin-bottom: 25px;margin-left: auto;margin-right: auto;text-align: center;\"><a data-no-instant=\"1\" href=\"https:\/\/dom100.eu\/\" rel=\"noopener\" class=\"a2t-link\" target=\"_blank\" aria-label=\"20260827 750x200_baner_Dni_Otwarte_dom100\"><img loading=\"lazy\" decoding=\"async\" src=\"https:\/\/www.24gliwice.pl\/wiadomosci\/wp-content\/uploads\/2025\/09\/20260827-750x200_baner_Dni_Otwarte_dom100.jpg\" alt=\"\"  srcset=\"https:\/\/www.24gliwice.pl\/wiadomosci\/wp-content\/uploads\/2025\/09\/20260827-750x200_baner_Dni_Otwarte_dom100.jpg 750w, https:\/\/www.24gliwice.pl\/wiadomosci\/wp-content\/uploads\/2025\/09\/20260827-750x200_baner_Dni_Otwarte_dom100-410x109.jpg 410w\" sizes=\"(max-width: 750px) 100vw, 750px\" class=\"no-lazyload\" width=\"750\" height=\"200\"  style=\"display: inline-block; max-width: 100%; height: auto;\" \/><\/a><\/div><\/div><h2>GZM otrzyma ponad 321,4 mln z\u0142 unijnego dofinansowania na zakup 16 nowoczesnych poci\u0105g\u00f3w. To pierwszy w historii GZM zakup w\u0142asnego taboru kolejowego. Nowe pojazdy maj\u0105 sta\u0107 si\u0119 trzonem Metrokolei \u2013 planowanego systemu szybkich i cz\u0119stych po\u0142\u0105cze\u0144 kolejowych w Metropolii, kt\u00f3rej uruchomienie zapowiedziano na 2029 rok.<\/h2>\n<p><!--more--><\/p>\n<p>Centrum Unijnych Projekt\u00f3w Transportowych zako\u0144czy\u0142o ocen\u0119 wniosk\u00f3w w konkursie \u201eZakup zeroemisyjnego taboru kolejowego do przewoz\u00f3w pasa\u017cerskich\u201d, realizowanym w ramach programu Fundusze Europejskie na Infrastruktur\u0119, Klimat i \u015arodowisko 2021\u20132027. Projekt G\u00f3rno\u015bl\u0105sko-Zag\u0142\u0119biowskiej Metropolii zosta\u0142 wybrany do dofinansowania.<\/p>\n<p>\u2013 <em>To jeden z najwa\u017cniejszych moment\u00f3w w historii GZM i jednocze\u015bnie bardzo konkretny krok w stron\u0119 Metrokolei. Po raz pierwszy kupujemy w\u0142asne poci\u0105gi, kt\u00f3re b\u0119d\u0105 cz\u0119\u015bci\u0105 zintegrowanego systemu transportowego Metropolii. Chcemy, by mieszka\u0144cy naszej Metropolii i ca\u0142ego regionu szybko, bezpiecznie i wygodnie mogli przemieszcza\u0107 si\u0119 mi\u0119dzy miastami<\/em> \u2013 m\u00f3wi <strong>Leszek Pietraszek, <\/strong>przewodnicz\u0105cy zarz\u0105du GZM.<\/p><div class=\"gliwi-a3-w-tresci-artykulow gliwi-entity-placement\" id=\"gliwi-340948124\"><div id=\"gliwi-1073549661\" style=\"margin-bottom: 30px;margin-left: auto;margin-right: auto;text-align: center;\"><a data-no-instant=\"1\" href=\"https:\/\/zlobek.halogen.org.pl\/\" rel=\"noopener\" class=\"a2t-link\" target=\"_blank\" aria-label=\"animator-zlobek_750x200\"><img loading=\"lazy\" decoding=\"async\" src=\"https:\/\/www.24gliwice.pl\/wiadomosci\/wp-content\/uploads\/2026\/02\/animator-zlobek_750x200.webp\" alt=\"\"  srcset=\"https:\/\/www.24gliwice.pl\/wiadomosci\/wp-content\/uploads\/2026\/02\/animator-zlobek_750x200.webp 750w, https:\/\/www.24gliwice.pl\/wiadomosci\/wp-content\/uploads\/2026\/02\/animator-zlobek_750x200-410x109.webp 410w\" sizes=\"(max-width: 750px) 100vw, 750px\" class=\"no-lazyload\" width=\"750\" height=\"200\"  style=\"display: inline-block; max-width: 100%; height: auto;\" \/><\/a><\/div><div id=\"gliwi-2043272917\" style=\"margin-bottom: 30px;margin-left: auto;margin-right: auto;text-align: center;\"><a data-no-instant=\"1\" href=\"https:\/\/ogrodyandersa.pl\/\" rel=\"noopener\" class=\"a2t-link\" target=\"_blank\" aria-label=\"750 x 200 &#8211; Box \u015ar\u00f3dtekstowy &#8211; ADS Ogrody Andersa v1\"><img loading=\"lazy\" decoding=\"async\" src=\"https:\/\/www.24gliwice.pl\/wiadomosci\/wp-content\/uploads\/2026\/02\/750-x-200-Box-Srodtekstowy-ADS-Ogrody-Andersa-v1.jpg\" alt=\"\"  srcset=\"https:\/\/www.24gliwice.pl\/wiadomosci\/wp-content\/uploads\/2026\/02\/750-x-200-Box-Srodtekstowy-ADS-Ogrody-Andersa-v1.jpg 750w, https:\/\/www.24gliwice.pl\/wiadomosci\/wp-content\/uploads\/2026\/02\/750-x-200-Box-Srodtekstowy-ADS-Ogrody-Andersa-v1-410x109.jpg 410w\" sizes=\"(max-width: 750px) 100vw, 750px\" class=\"no-lazyload\" width=\"750\" height=\"200\"  style=\"display: inline-block; max-width: 100%; height: auto;\" \/><\/a><\/div><\/div>\n<p><H4>Projekt zak\u0142ada zakup 16 elektrycznych zespo\u0142\u00f3w trakcyjnych (EZT). Ca\u0142kowita warto\u015b\u0107 projektu wynosi ok. 807 mln z\u0142, z czego wydatki kwalifikowane to 656 mln z\u0142.<\/h4>\n<p>Zakup taboru jest jednym z kluczowych element\u00f3w budowy Metrokolei. GZM od kilku lat konsekwentnie wzmacnia rol\u0119 kolei w systemie transportowym Metropolii \u2013 m.in. poprzez finansowanie dodatkowych po\u0142\u0105cze\u0144 kolejowych oraz integracj\u0119 taryfow\u0105 kolei z Transportem GZM.<\/p>\n<p>Nowe poci\u0105gi maj\u0105 by\u0107 dostosowane do potrzeb wsp\u00f3\u0142czesnego transportu metropolitalnego. W planowanym standardzie znajd\u0105 si\u0119 m.in. klimatyzacja, gniazdka elektryczne, przestrze\u0144 do przewozu rower\u00f3w, strefa rodzinna, nowoczesny System Informacji Pasa\u017cerskiej oraz rozwi\u0105zania zwi\u0119kszaj\u0105ce dost\u0119pno\u015b\u0107 dla os\u00f3b z niepe\u0142nosprawno\u015bciami. Pojazdy maj\u0105 osi\u0105ga\u0107 pr\u0119dko\u015b\u0107 do 160 km\/h i pomie\u015bci\u0107 co najmniej 380 pasa\u017cer\u00f3w, w tym minimum 185 na miejscach siedz\u0105cych.<\/p>\n<p>Istotnym elementem projektu jest r\u00f3wnie\u017c integracja nowych poci\u0105g\u00f3w z pozosta\u0142ymi \u015brodkami transportu publicznego w Metropolii. Poci\u0105gi GZM maj\u0105 zosta\u0107 wyposa\u017cone m.in. w kasowniki Transportu GZM oraz system zliczania pasa\u017cer\u00f3w. Dzi\u0119ki temu kolej b\u0119dzie mog\u0142a funkcjonowa\u0107 jako integralna cz\u0119\u015b\u0107 jednego systemu transportowego \u2013 obok autobus\u00f3w, tramwaj\u00f3w, trolejbus\u00f3w i Metroroweru.<\/p>\n<p><H4>Zakup w\u0142asnego taboru oznacza wej\u015bcie Metropolii w nowy obszar organizacji transportu publicznego i stworzenie w\u0142asnego zaplecza dla rozwijanej Metrokolei.<\/h4>\n<p>&#8211; Wsp\u00f3lny rozw\u00f3j kolei jest r\u00f3wnie\u017c przedmiotem wsp\u00f3\u0142pracy GZM i Wojew\u00f3dztwa \u015al\u0105skiego. W lutym tego roku obie instytucje zapowiedzia\u0142y plan wsp\u00f3lnego zakupu 32 poci\u0105g\u00f3w \u2013 po 16 dla GZM i Wojew\u00f3dztwa \u015al\u0105skiego, z mo\u017cliwo\u015bci\u0105 rozszerzenia zam\u00f3wienia o kolejnych 20 pojazd\u00f3w &#8211; przypomina biuro prasowe Metropolii. <\/p>\n<p>Zgodnie z wcze\u015bniej, pierwsze poci\u0105gi dla GZM mog\u0142yby trafi\u0107 do regionu w II kwartale 2029 roku. W ramach projektu Metrokolei ca\u0142o\u015b\u0107 nowego taboru ma wyjecha\u0107 na tory od grudnia 2029 roku, wraz z wej\u015bciem w \u017cycie nowego rozk\u0142adu jazdy.<\/p>\n<p>(\u017cms)\/Mat. GZM<br \/>\nFot. Grafika SI<\/p>\n<div class=\"gliwi-a5-na-koncu-artykulow gliwi-entity-placement\" id=\"gliwi-4183991649\"><div id=\"gliwi-963213987\" style=\"margin-left: auto;margin-right: auto;text-align: center;\"><a data-no-instant=\"1\" href=\"https:\/\/www.jasek.pl\/\" rel=\"noopener\" class=\"a2t-link\" target=\"_blank\" aria-label=\"20200401-jasek 600\"><img loading=\"lazy\" decoding=\"async\" src=\"https:\/\/www.24gliwice.pl\/wiadomosci\/wp-content\/uploads\/2020\/04\/20200401-jasek-600.jpg\" alt=\"\"  srcset=\"https:\/\/www.24gliwice.pl\/wiadomosci\/wp-content\/uploads\/2020\/04\/20200401-jasek-600.jpg 600w, https:\/\/www.24gliwice.pl\/wiadomosci\/wp-content\/uploads\/2020\/04\/20200401-jasek-600-410x109.jpg 410w\" sizes=\"(max-width: 600px) 100vw, 600px\" class=\"no-lazyload\" width=\"600\" height=\"160\"  style=\"display: inline-block; max-width: 100%; height: auto;\" \/><\/a><\/div><\/div>","protected":false},"excerpt":{"rendered":"<p>GZM otrzyma ponad 321,4 mln z\u0142 unijnego dofinansowania na zakup 16 nowoczesnych poci\u0105g\u00f3w. To pierwszy w historii GZM zakup w\u0142asnego taboru kolejowego. Nowe pojazdy maj\u0105 sta\u0107 si\u0119 trzonem Metrokolei \u2013 planowanego systemu szybkich i cz\u0119stych po\u0142\u0105cze\u0144 kolejowych w Metropolii, kt\u00f3rej uruchomienie zapowiedziano na 2029 rok.<\/p>\n","protected":false},"author":15,"featured_media":275018,"comment_status":"open","ping_status":"closed","sticky":false,"template":"","format":"standard","meta":{"_monsterinsights_skip_tracking":false,"footnotes":"","_links_to":"","_links_to_target":""},"categories":[1],"tags":[134,24792],"class_list":["post-275016","post","type-post","status-publish","format-standard","has-post-thumbnail","hentry","category-wszystko","tag-gzm","tag-metrokolej"],"yoast_head":"<!-- This site is optimized with the Yoast SEO plugin v28.4 - https:\/\/yoast.com\/product\/yoast-seo-wordpress\/ -->\n<title>&quot;To jeden z najwa\u017cniejszych moment\u00f3w w historii GZM&quot;. Kolejny krok w stron\u0119 Metrokolei - 24GLIWICE - Portal Gliwice | codziennie nowe informacje<\/title>\n<meta name=\"description\" content=\"Unia Europejska dofinansuje zakup poci\u0105g\u00f3w dla GZM, kt\u00f3re stan\u0105 si\u0119 cz\u0119\u015bci\u0105 systemu Transport GZM - Metrokolei\" \/>\n<meta name=\"robots\" content=\"index, follow, max-snippet:-1, max-image-preview:large, max-video-preview:-1\" \/>\n<link rel=\"canonical\" href=\"https:\/\/www.24gliwice.pl\/wiadomosci\/to-jeden-z-najwazniejszych-momentow-w-historii-gzm-kolejny-krok-w-strone-metrokolei\/\" \/>\n<meta property=\"og:locale\" content=\"pl_PL\" \/>\n<meta property=\"og:type\" content=\"article\" \/>\n<meta property=\"og:title\" content=\"&quot;To jeden z najwa\u017cniejszych moment\u00f3w w historii GZM&quot;. Kolejny krok w stron\u0119 Metrokolei - 24GLIWICE - Portal Gliwice | codziennie nowe informacje\" \/>\n<meta property=\"og:description\" content=\"Unia Europejska dofinansuje zakup poci\u0105g\u00f3w dla GZM, kt\u00f3re stan\u0105 si\u0119 cz\u0119\u015bci\u0105 systemu Transport GZM - Metrokolei\" \/>\n<meta property=\"og:url\" content=\"https:\/\/www.24gliwice.pl\/wiadomosci\/to-jeden-z-najwazniejszych-momentow-w-historii-gzm-kolejny-krok-w-strone-metrokolei\/\" \/>\n<meta property=\"og:site_name\" content=\"24GLIWICE - Portal Gliwice | codziennie nowe informacje\" \/>\n<meta property=\"article:publisher\" content=\"https:\/\/www.facebook.com\/24gliwice\" \/>\n<meta property=\"article:published_time\" content=\"2026-09-06T01:02:24+00:00\" \/>\n<meta property=\"og:image\" content=\"https:\/\/www.24gliwice.pl\/wiadomosci\/wp-content\/uploads\/2026\/09\/2d0c03fa-f0e2-4717-92e0-efe14a610ffb-808x455.png\" \/>\n\t<meta property=\"og:image:width\" content=\"808\" \/>\n\t<meta property=\"og:image:height\" content=\"455\" \/>\n\t<meta property=\"og:image:type\" content=\"image\/png\" \/>\n<meta name=\"author\" content=\"\u017baneta Mrozek-Siewierska\" \/>\n<meta name=\"twitter:card\" content=\"summary_large_image\" \/>\n<meta name=\"twitter:creator\" content=\"@24gliwice\" \/>\n<meta name=\"twitter:site\" content=\"@24gliwice\" \/>\n<meta name=\"twitter:label1\" content=\"Napisane przez\" \/>\n\t<meta name=\"twitter:data1\" content=\"\u017baneta Mrozek-Siewierska\" \/>\n\t<meta name=\"twitter:label2\" content=\"Szacowany czas czytania\" \/>\n\t<meta name=\"twitter:data2\" content=\"3 minuty\" \/>\n<script type=\"application\/ld+json\" class=\"yoast-schema-graph\">{\"@context\":\"https:\\\/\\\/schema.org\",\"@graph\":[{\"@type\":\"Article\",\"@id\":\"https:\\\/\\\/www.24gliwice.pl\\\/wiadomosci\\\/to-jeden-z-najwazniejszych-momentow-w-historii-gzm-kolejny-krok-w-strone-metrokolei\\\/#article\",\"isPartOf\":{\"@id\":\"https:\\\/\\\/www.24gliwice.pl\\\/wiadomosci\\\/to-jeden-z-najwazniejszych-momentow-w-historii-gzm-kolejny-krok-w-strone-metrokolei\\\/\"},\"author\":{\"name\":\"\u017baneta Mrozek-Siewierska\",\"@id\":\"https:\\\/\\\/www.24gliwice.pl\\\/wiadomosci\\\/#\\\/schema\\\/person\\\/e42c650edd7f2fa332be3811fb166b6e\"},\"headline\":\"&#8220;To jeden z najwa\u017cniejszych moment\u00f3w w historii GZM&#8221;. Kolejny krok w stron\u0119 Metrokolei\",\"datePublished\":\"2026-09-06T01:02:24+00:00\",\"mainEntityOfPage\":{\"@id\":\"https:\\\/\\\/www.24gliwice.pl\\\/wiadomosci\\\/to-jeden-z-najwazniejszych-momentow-w-historii-gzm-kolejny-krok-w-strone-metrokolei\\\/\"},\"wordCount\":496,\"commentCount\":0,\"publisher\":{\"@id\":\"https:\\\/\\\/www.24gliwice.pl\\\/wiadomosci\\\/#organization\"},\"image\":{\"@id\":\"https:\\\/\\\/www.24gliwice.pl\\\/wiadomosci\\\/to-jeden-z-najwazniejszych-momentow-w-historii-gzm-kolejny-krok-w-strone-metrokolei\\\/#primaryimage\"},\"thumbnailUrl\":\"https:\\\/\\\/www.24gliwice.pl\\\/wiadomosci\\\/wp-content\\\/uploads\\\/2026\\\/09\\\/2d0c03fa-f0e2-4717-92e0-efe14a610ffb.png\",\"keywords\":[\"GZM\",\"METROKOLEJ\"],\"articleSection\":[\"Najnowsze wiadomo\u015bci\"],\"inLanguage\":\"pl-PL\",\"potentialAction\":[{\"@type\":\"CommentAction\",\"name\":\"Comment\",\"target\":[\"https:\\\/\\\/www.24gliwice.pl\\\/wiadomosci\\\/to-jeden-z-najwazniejszych-momentow-w-historii-gzm-kolejny-krok-w-strone-metrokolei\\\/#respond\"]}]},{\"@type\":\"WebPage\",\"@id\":\"https:\\\/\\\/www.24gliwice.pl\\\/wiadomosci\\\/to-jeden-z-najwazniejszych-momentow-w-historii-gzm-kolejny-krok-w-strone-metrokolei\\\/\",\"url\":\"https:\\\/\\\/www.24gliwice.pl\\\/wiadomosci\\\/to-jeden-z-najwazniejszych-momentow-w-historii-gzm-kolejny-krok-w-strone-metrokolei\\\/\",\"name\":\"\\\"To jeden z najwa\u017cniejszych moment\u00f3w w historii GZM\\\". Kolejny krok w stron\u0119 Metrokolei - 24GLIWICE - Portal Gliwice | codziennie nowe informacje\",\"isPartOf\":{\"@id\":\"https:\\\/\\\/www.24gliwice.pl\\\/wiadomosci\\\/#website\"},\"primaryImageOfPage\":{\"@id\":\"https:\\\/\\\/www.24gliwice.pl\\\/wiadomosci\\\/to-jeden-z-najwazniejszych-momentow-w-historii-gzm-kolejny-krok-w-strone-metrokolei\\\/#primaryimage\"},\"image\":{\"@id\":\"https:\\\/\\\/www.24gliwice.pl\\\/wiadomosci\\\/to-jeden-z-najwazniejszych-momentow-w-historii-gzm-kolejny-krok-w-strone-metrokolei\\\/#primaryimage\"},\"thumbnailUrl\":\"https:\\\/\\\/www.24gliwice.pl\\\/wiadomosci\\\/wp-content\\\/uploads\\\/2026\\\/09\\\/2d0c03fa-f0e2-4717-92e0-efe14a610ffb.png\",\"datePublished\":\"2026-09-06T01:02:24+00:00\",\"description\":\"Unia Europejska dofinansuje zakup poci\u0105g\u00f3w dla GZM, kt\u00f3re stan\u0105 si\u0119 cz\u0119\u015bci\u0105 systemu Transport GZM - Metrokolei\",\"breadcrumb\":{\"@id\":\"https:\\\/\\\/www.24gliwice.pl\\\/wiadomosci\\\/to-jeden-z-najwazniejszych-momentow-w-historii-gzm-kolejny-krok-w-strone-metrokolei\\\/#breadcrumb\"},\"inLanguage\":\"pl-PL\",\"potentialAction\":[{\"@type\":\"ReadAction\",\"target\":[\"https:\\\/\\\/www.24gliwice.pl\\\/wiadomosci\\\/to-jeden-z-najwazniejszych-momentow-w-historii-gzm-kolejny-krok-w-strone-metrokolei\\\/\"]}]},{\"@type\":\"ImageObject\",\"inLanguage\":\"pl-PL\",\"@id\":\"https:\\\/\\\/www.24gliwice.pl\\\/wiadomosci\\\/to-jeden-z-najwazniejszych-momentow-w-historii-gzm-kolejny-krok-w-strone-metrokolei\\\/#primaryimage\",\"url\":\"https:\\\/\\\/www.24gliwice.pl\\\/wiadomosci\\\/wp-content\\\/uploads\\\/2026\\\/09\\\/2d0c03fa-f0e2-4717-92e0-efe14a610ffb.png\",\"contentUrl\":\"https:\\\/\\\/www.24gliwice.pl\\\/wiadomosci\\\/wp-content\\\/uploads\\\/2026\\\/09\\\/2d0c03fa-f0e2-4717-92e0-efe14a610ffb.png\",\"width\":1672,\"height\":941},{\"@type\":\"BreadcrumbList\",\"@id\":\"https:\\\/\\\/www.24gliwice.pl\\\/wiadomosci\\\/to-jeden-z-najwazniejszych-momentow-w-historii-gzm-kolejny-krok-w-strone-metrokolei\\\/#breadcrumb\",\"itemListElement\":[{\"@type\":\"ListItem\",\"position\":1,\"name\":\"Strona g\u0142\u00f3wna\",\"item\":\"https:\\\/\\\/www.24gliwice.pl\\\/wiadomosci\\\/\"},{\"@type\":\"ListItem\",\"position\":2,\"name\":\"&#8220;To jeden z najwa\u017cniejszych moment\u00f3w w historii GZM&#8221;. Kolejny krok w stron\u0119 Metrokolei\"}]},{\"@type\":\"WebSite\",\"@id\":\"https:\\\/\\\/www.24gliwice.pl\\\/wiadomosci\\\/#website\",\"url\":\"https:\\\/\\\/www.24gliwice.pl\\\/wiadomosci\\\/\",\"name\":\"24GLIWICE - Portal Gliwice | codziennie nowe wiadomo\u015bci\",\"description\":\"Portal Miejski Gliwice\",\"publisher\":{\"@id\":\"https:\\\/\\\/www.24gliwice.pl\\\/wiadomosci\\\/#organization\"},\"potentialAction\":[{\"@type\":\"SearchAction\",\"target\":{\"@type\":\"EntryPoint\",\"urlTemplate\":\"https:\\\/\\\/www.24gliwice.pl\\\/wiadomosci\\\/?s={search_term_string}\"},\"query-input\":{\"@type\":\"PropertyValueSpecification\",\"valueRequired\":true,\"valueName\":\"search_term_string\"}}],\"inLanguage\":\"pl-PL\"},{\"@type\":\"Organization\",\"@id\":\"https:\\\/\\\/www.24gliwice.pl\\\/wiadomosci\\\/#organization\",\"name\":\"24gliwice\",\"url\":\"https:\\\/\\\/www.24gliwice.pl\\\/wiadomosci\\\/\",\"logo\":{\"@type\":\"ImageObject\",\"inLanguage\":\"pl-PL\",\"@id\":\"https:\\\/\\\/www.24gliwice.pl\\\/wiadomosci\\\/#\\\/schema\\\/logo\\\/image\\\/\",\"url\":\"https:\\\/\\\/www.24gliwice.pl\\\/wiadomosci\\\/wp-content\\\/uploads\\\/2024\\\/10\\\/24gliwice-logo-696.jpg\",\"contentUrl\":\"https:\\\/\\\/www.24gliwice.pl\\\/wiadomosci\\\/wp-content\\\/uploads\\\/2024\\\/10\\\/24gliwice-logo-696.jpg\",\"width\":696,\"height\":696,\"caption\":\"24gliwice\"},\"image\":{\"@id\":\"https:\\\/\\\/www.24gliwice.pl\\\/wiadomosci\\\/#\\\/schema\\\/logo\\\/image\\\/\"},\"sameAs\":[\"https:\\\/\\\/www.facebook.com\\\/24gliwice\",\"https:\\\/\\\/x.com\\\/24gliwice\",\"https:\\\/\\\/www.youtube.com\\\/@24gliwice\"]},{\"@type\":\"Person\",\"@id\":\"https:\\\/\\\/www.24gliwice.pl\\\/wiadomosci\\\/#\\\/schema\\\/person\\\/e42c650edd7f2fa332be3811fb166b6e\",\"name\":\"\u017baneta Mrozek-Siewierska\",\"image\":{\"@type\":\"ImageObject\",\"inLanguage\":\"pl-PL\",\"@id\":\"https:\\\/\\\/secure.gravatar.com\\\/avatar\\\/1881429e9c64597c77ad7aef2d0a19be69a3253e57534d16aa15bf3a4d34a0a3?s=96&d=mm&r=g\",\"url\":\"https:\\\/\\\/secure.gravatar.com\\\/avatar\\\/1881429e9c64597c77ad7aef2d0a19be69a3253e57534d16aa15bf3a4d34a0a3?s=96&d=mm&r=g\",\"contentUrl\":\"https:\\\/\\\/secure.gravatar.com\\\/avatar\\\/1881429e9c64597c77ad7aef2d0a19be69a3253e57534d16aa15bf3a4d34a0a3?s=96&d=mm&r=g\",\"caption\":\"\u017baneta Mrozek-Siewierska\"},\"url\":\"https:\\\/\\\/www.24gliwice.pl\\\/wiadomosci\\\/author\\\/zms\\\/\"}]}<\/script>\n<!-- \/ Yoast SEO plugin. -->","yoast_head_json":{"title":"\"To jeden z najwa\u017cniejszych moment\u00f3w w historii GZM\". Kolejny krok w stron\u0119 Metrokolei - 24GLIWICE - Portal Gliwice | codziennie nowe informacje","description":"Unia Europejska dofinansuje zakup poci\u0105g\u00f3w dla GZM, kt\u00f3re stan\u0105 si\u0119 cz\u0119\u015bci\u0105 systemu Transport GZM - Metrokolei","robots":{"index":"index","follow":"follow","max-snippet":"max-snippet:-1","max-image-preview":"max-image-preview:large","max-video-preview":"max-video-preview:-1"},"canonical":"https:\/\/www.24gliwice.pl\/wiadomosci\/to-jeden-z-najwazniejszych-momentow-w-historii-gzm-kolejny-krok-w-strone-metrokolei\/","og_locale":"pl_PL","og_type":"article","og_title":"\"To jeden z najwa\u017cniejszych moment\u00f3w w historii GZM\". Kolejny krok w stron\u0119 Metrokolei - 24GLIWICE - Portal Gliwice | codziennie nowe informacje","og_description":"Unia Europejska dofinansuje zakup poci\u0105g\u00f3w dla GZM, kt\u00f3re stan\u0105 si\u0119 cz\u0119\u015bci\u0105 systemu Transport GZM - Metrokolei","og_url":"https:\/\/www.24gliwice.pl\/wiadomosci\/to-jeden-z-najwazniejszych-momentow-w-historii-gzm-kolejny-krok-w-strone-metrokolei\/","og_site_name":"24GLIWICE - Portal Gliwice | codziennie nowe informacje","article_publisher":"https:\/\/www.facebook.com\/24gliwice","article_published_time":"2026-09-06T01:02:24+00:00","og_image":[{"width":808,"height":455,"url":"https:\/\/www.24gliwice.pl\/wiadomosci\/wp-content\/uploads\/2026\/09\/2d0c03fa-f0e2-4717-92e0-efe14a610ffb-808x455.png","type":"image\/png"}],"author":"\u017baneta Mrozek-Siewierska","twitter_card":"summary_large_image","twitter_creator":"@24gliwice","twitter_site":"@24gliwice","twitter_misc":{"Napisane przez":"\u017baneta Mrozek-Siewierska","Szacowany czas czytania":"3 minuty"},"schema":{"@context":"https:\/\/schema.org","@graph":[{"@type":"Article","@id":"https:\/\/www.24gliwice.pl\/wiadomosci\/to-jeden-z-najwazniejszych-momentow-w-historii-gzm-kolejny-krok-w-strone-metrokolei\/#article","isPartOf":{"@id":"https:\/\/www.24gliwice.pl\/wiadomosci\/to-jeden-z-najwazniejszych-momentow-w-historii-gzm-kolejny-krok-w-strone-metrokolei\/"},"author":{"name":"\u017baneta Mrozek-Siewierska","@id":"https:\/\/www.24gliwice.pl\/wiadomosci\/#\/schema\/person\/e42c650edd7f2fa332be3811fb166b6e"},"headline":"&#8220;To jeden z najwa\u017cniejszych moment\u00f3w w historii GZM&#8221;. Kolejny krok w stron\u0119 Metrokolei","datePublished":"2026-09-06T01:02:24+00:00","mainEntityOfPage":{"@id":"https:\/\/www.24gliwice.pl\/wiadomosci\/to-jeden-z-najwazniejszych-momentow-w-historii-gzm-kolejny-krok-w-strone-metrokolei\/"},"wordCount":496,"commentCount":0,"publisher":{"@id":"https:\/\/www.24gliwice.pl\/wiadomosci\/#organization"},"image":{"@id":"https:\/\/www.24gliwice.pl\/wiadomosci\/to-jeden-z-najwazniejszych-momentow-w-historii-gzm-kolejny-krok-w-strone-metrokolei\/#primaryimage"},"thumbnailUrl":"https:\/\/www.24gliwice.pl\/wiadomosci\/wp-content\/uploads\/2026\/09\/2d0c03fa-f0e2-4717-92e0-efe14a610ffb.png","keywords":["GZM","METROKOLEJ"],"articleSection":["Najnowsze wiadomo\u015bci"],"inLanguage":"pl-PL","potentialAction":[{"@type":"CommentAction","name":"Comment","target":["https:\/\/www.24gliwice.pl\/wiadomosci\/to-jeden-z-najwazniejszych-momentow-w-historii-gzm-kolejny-krok-w-strone-metrokolei\/#respond"]}]},{"@type":"WebPage","@id":"https:\/\/www.24gliwice.pl\/wiadomosci\/to-jeden-z-najwazniejszych-momentow-w-historii-gzm-kolejny-krok-w-strone-metrokolei\/","url":"https:\/\/www.24gliwice.pl\/wiadomosci\/to-jeden-z-najwazniejszych-momentow-w-historii-gzm-kolejny-krok-w-strone-metrokolei\/","name":"\"To jeden z najwa\u017cniejszych moment\u00f3w w historii GZM\". Kolejny krok w stron\u0119 Metrokolei - 24GLIWICE - Portal Gliwice | codziennie nowe informacje","isPartOf":{"@id":"https:\/\/www.24gliwice.pl\/wiadomosci\/#website"},"primaryImageOfPage":{"@id":"https:\/\/www.24gliwice.pl\/wiadomosci\/to-jeden-z-najwazniejszych-momentow-w-historii-gzm-kolejny-krok-w-strone-metrokolei\/#primaryimage"},"image":{"@id":"https:\/\/www.24gliwice.pl\/wiadomosci\/to-jeden-z-najwazniejszych-momentow-w-historii-gzm-kolejny-krok-w-strone-metrokolei\/#primaryimage"},"thumbnailUrl":"https:\/\/www.24gliwice.pl\/wiadomosci\/wp-content\/uploads\/2026\/09\/2d0c03fa-f0e2-4717-92e0-efe14a610ffb.png","datePublished":"2026-09-06T01:02:24+00:00","description":"Unia Europejska dofinansuje zakup poci\u0105g\u00f3w dla GZM, kt\u00f3re stan\u0105 si\u0119 cz\u0119\u015bci\u0105 systemu Transport GZM - Metrokolei","breadcrumb":{"@id":"https:\/\/www.24gliwice.pl\/wiadomosci\/to-jeden-z-najwazniejszych-momentow-w-historii-gzm-kolejny-krok-w-strone-metrokolei\/#breadcrumb"},"inLanguage":"pl-PL","potentialAction":[{"@type":"ReadAction","target":["https:\/\/www.24gliwice.pl\/wiadomosci\/to-jeden-z-najwazniejszych-momentow-w-historii-gzm-kolejny-krok-w-strone-metrokolei\/"]}]},{"@type":"ImageObject","inLanguage":"pl-PL","@id":"https:\/\/www.24gliwice.pl\/wiadomosci\/to-jeden-z-najwazniejszych-momentow-w-historii-gzm-kolejny-krok-w-strone-metrokolei\/#primaryimage","url":"https:\/\/www.24gliwice.pl\/wiadomosci\/wp-content\/uploads\/2026\/09\/2d0c03fa-f0e2-4717-92e0-efe14a610ffb.png","contentUrl":"https:\/\/www.24gliwice.pl\/wiadomosci\/wp-content\/uploads\/2026\/09\/2d0c03fa-f0e2-4717-92e0-efe14a610ffb.png","width":1672,"height":941},{"@type":"BreadcrumbList","@id":"https:\/\/www.24gliwice.pl\/wiadomosci\/to-jeden-z-najwazniejszych-momentow-w-historii-gzm-kolejny-krok-w-strone-metrokolei\/#breadcrumb","itemListElement":[{"@type":"ListItem","position":1,"name":"Strona g\u0142\u00f3wna","item":"https:\/\/www.24gliwice.pl\/wiadomosci\/"},{"@type":"ListItem","position":2,"name":"&#8220;To jeden z najwa\u017cniejszych moment\u00f3w w historii GZM&#8221;. Kolejny krok w stron\u0119 Metrokolei"}]},{"@type":"WebSite","@id":"https:\/\/www.24gliwice.pl\/wiadomosci\/#website","url":"https:\/\/www.24gliwice.pl\/wiadomosci\/","name":"24GLIWICE - Portal Gliwice | codziennie nowe wiadomo\u015bci","description":"Portal Miejski Gliwice","publisher":{"@id":"https:\/\/www.24gliwice.pl\/wiadomosci\/#organization"},"potentialAction":[{"@type":"SearchAction","target":{"@type":"EntryPoint","urlTemplate":"https:\/\/www.24gliwice.pl\/wiadomosci\/?s={search_term_string}"},"query-input":{"@type":"PropertyValueSpecification","valueRequired":true,"valueName":"search_term_string"}}],"inLanguage":"pl-PL"},{"@type":"Organization","@id":"https:\/\/www.24gliwice.pl\/wiadomosci\/#organization","name":"24gliwice","url":"https:\/\/www.24gliwice.pl\/wiadomosci\/","logo":{"@type":"ImageObject","inLanguage":"pl-PL","@id":"https:\/\/www.24gliwice.pl\/wiadomosci\/#\/schema\/logo\/image\/","url":"https:\/\/www.24gliwice.pl\/wiadomosci\/wp-content\/uploads\/2024\/10\/24gliwice-logo-696.jpg","contentUrl":"https:\/\/www.24gliwice.pl\/wiadomosci\/wp-content\/uploads\/2024\/10\/24gliwice-logo-696.jpg","width":696,"height":696,"caption":"24gliwice"},"image":{"@id":"https:\/\/www.24gliwice.pl\/wiadomosci\/#\/schema\/logo\/image\/"},"sameAs":["https:\/\/www.facebook.com\/24gliwice","https:\/\/x.com\/24gliwice","https:\/\/www.youtube.com\/@24gliwice"]},{"@type":"Person","@id":"https:\/\/www.24gliwice.pl\/wiadomosci\/#\/schema\/person\/e42c650edd7f2fa332be3811fb166b6e","name":"\u017baneta Mrozek-Siewierska","image":{"@type":"ImageObject","inLanguage":"pl-PL","@id":"https:\/\/secure.gravatar.com\/avatar\/1881429e9c64597c77ad7aef2d0a19be69a3253e57534d16aa15bf3a4d34a0a3?s=96&d=mm&r=g","url":"https:\/\/secure.gravatar.com\/avatar\/1881429e9c64597c77ad7aef2d0a19be69a3253e57534d16aa15bf3a4d34a0a3?s=96&d=mm&r=g","contentUrl":"https:\/\/secure.gravatar.com\/avatar\/1881429e9c64597c77ad7aef2d0a19be69a3253e57534d16aa15bf3a4d34a0a3?s=96&d=mm&r=g","caption":"\u017baneta Mrozek-Siewierska"},"url":"https:\/\/www.24gliwice.pl\/wiadomosci\/author\/zms\/"}]}},"_links":{"self":[{"href":"https:\/\/www.24gliwice.pl\/wiadomosci\/wp-json\/wp\/v2\/posts\/275016","targetHints":{"allow":["GET"]}}],"collection":[{"href":"https:\/\/www.24gliwice.pl\/wiadomosci\/wp-json\/wp\/v2\/posts"}],"about":[{"href":"https:\/\/www.24gliwice.pl\/wiadomosci\/wp-json\/wp\/v2\/types\/post"}],"author":[{"embeddable":true,"href":"https:\/\/www.24gliwice.pl\/wiadomosci\/wp-json\/wp\/v2\/users\/15"}],"replies":[{"embeddable":true,"href":"https:\/\/www.24gliwice.pl\/wiadomosci\/wp-json\/wp\/v2\/comments?post=275016"}],"version-history":[{"count":8,"href":"https:\/\/www.24gliwice.pl\/wiadomosci\/wp-json\/wp\/v2\/posts\/275016\/revisions"}],"predecessor-version":[{"id":275179,"href":"https:\/\/www.24gliwice.pl\/wiadomosci\/wp-json\/wp\/v2\/posts\/275016\/revisions\/275179"}],"wp:attachment":[{"href":"https:\/\/www.24gliwice.pl\/wiadomosci\/wp-json\/wp\/v2\/media?parent=275016"}],"wp:term":[{"taxonomy":"category","embeddable":true,"href":"https:\/\/www.24gliwice.pl\/wiadomosci\/wp-json\/wp\/v2\/categories?post=275016"},{"taxonomy":"post_tag","embeddable":true,"href":"https:\/\/www.24gliwice.pl\/wiadomosci\/wp-json\/wp\/v2\/tags?post=275016"}],"curies":[{"name":"wp","href":"https:\/\/api.w.org\/{rel}","templated":true}]}}