{"id":275055,"date":"2026-09-03T01:34:24","date_gmt":"2026-09-02T23:34:24","guid":{"rendered":"https:\/\/www.24gliwice.pl\/wiadomosci\/?p=275055"},"modified":"2026-09-03T01:34:24","modified_gmt":"2026-09-02T23:34:24","slug":"stabilna-sytuacja-w-dorzeczu-odry-wraca-zegluga-wojewoda-uchylil-zakaz-207-mln-l-komorek-zlotej-algi","status":"publish","type":"post","link":"https:\/\/www.24gliwice.pl\/wiadomosci\/stabilna-sytuacja-w-dorzeczu-odry-wraca-zegluga-wojewoda-uchylil-zakaz-207-mln-l-komorek-zlotej-algi\/","title":{"rendered":"&#8220;Stabilna sytuacja&#8221; w dorzeczu Odry. Wraca \u017cegluga, wojewoda uchyli\u0142 zakaz, 207 mln\/l kom\u00f3rek z\u0142otej algi"},"content":{"rendered":"<div class=\"gliwi-a6-nad-leadem-artykulow gliwi-entity-placement\" id=\"gliwi-889028053\"><div id=\"gliwi-721781714\" style=\"margin-bottom: 25px;margin-left: auto;margin-right: auto;text-align: center;\"><a data-no-instant=\"1\" href=\"https:\/\/dom100.eu\/\" rel=\"noopener\" class=\"a2t-link\" target=\"_blank\" aria-label=\"20260827 750x200_baner_Dni_Otwarte_dom100\"><img loading=\"lazy\" decoding=\"async\" src=\"https:\/\/www.24gliwice.pl\/wiadomosci\/wp-content\/uploads\/2025\/09\/20260827-750x200_baner_Dni_Otwarte_dom100.jpg\" alt=\"\"  srcset=\"https:\/\/www.24gliwice.pl\/wiadomosci\/wp-content\/uploads\/2025\/09\/20260827-750x200_baner_Dni_Otwarte_dom100.jpg 750w, https:\/\/www.24gliwice.pl\/wiadomosci\/wp-content\/uploads\/2025\/09\/20260827-750x200_baner_Dni_Otwarte_dom100-410x109.jpg 410w\" sizes=\"(max-width: 750px) 100vw, 750px\" class=\"no-lazyload\" width=\"750\" height=\"200\"  style=\"display: inline-block; max-width: 100%; height: auto;\" \/><\/a><\/div><\/div><h2>Czy to koniec kryzysu w Kanale Gliwickim? Mi\u0119dzyresortowy Zesp\u00f3\u0142 ds. Odry przekazuje, \u017ce sytuacja w dorzeczu Odry pozostaje stabilna. W Kanale Gliwickim obecnie nie zaobserwowano nowych \u015bni\u0119\u0107. W V sekcji drogi wodnej w rejonie Pyskowic nast\u0105pi\u0142 spadek liczebno\u015bci \u201ez\u0142otej algi\u201d \u2013 z 230 mln do 207 mln kom\u00f3rek\/l.<\/h2>\n<p><!--more--><\/p>\n<p>Z kolei w Jeziorze Farskim stwierdzono 87 mln kom\u00f3rek\/l. \u201eZ\u0142otej algi\u201d nie wykryto natomiast w pozosta\u0142ych sekcjach kana\u0142u, zbiorniku Dzier\u017cno Du\u017ce, K\u0142odnicy ani Odrze.<\/p>\n<p>&#8211; <em>Utrzymane zostaje ograniczenie przep\u0142ywu w\u00f3d w d\u00f3\u0142 w sekcjach V i VI Kana\u0142u Gliwickiego. Jednocze\u015bnie, ze wzgl\u0119du na ograniczone mo\u017cliwo\u015bci retencyjne sekcji V oraz prognozowane przelotne opady, prowadzone jest elastyczne zarz\u0105dzanie przep\u0142ywem mi\u0119dzy sekcjami V i IV w celu zapewnienie bezpiecznych warunk\u00f3w hydrologicznych na kanale<\/em> &#8211; informuje Zesp\u00f3\u0142 w komunikacie z 1 wrze\u015bnia. <\/p><div class=\"gliwi-a3-w-tresci-artykulow gliwi-entity-placement\" id=\"gliwi-3840559776\"><div id=\"gliwi-2026541025\" style=\"margin-bottom: 30px;margin-left: auto;margin-right: auto;text-align: center;\"><a data-no-instant=\"1\" href=\"https:\/\/ogrodyandersa.pl\/\" rel=\"noopener\" class=\"a2t-link\" target=\"_blank\" aria-label=\"750 x 200 &#8211; Box \u015ar\u00f3dtekstowy &#8211; ADS Ogrody Andersa v1\"><img loading=\"lazy\" decoding=\"async\" src=\"https:\/\/www.24gliwice.pl\/wiadomosci\/wp-content\/uploads\/2026\/02\/750-x-200-Box-Srodtekstowy-ADS-Ogrody-Andersa-v1.jpg\" alt=\"\"  srcset=\"https:\/\/www.24gliwice.pl\/wiadomosci\/wp-content\/uploads\/2026\/02\/750-x-200-Box-Srodtekstowy-ADS-Ogrody-Andersa-v1.jpg 750w, https:\/\/www.24gliwice.pl\/wiadomosci\/wp-content\/uploads\/2026\/02\/750-x-200-Box-Srodtekstowy-ADS-Ogrody-Andersa-v1-410x109.jpg 410w\" sizes=\"(max-width: 750px) 100vw, 750px\" class=\"no-lazyload\" width=\"750\" height=\"200\"  style=\"display: inline-block; max-width: 100%; height: auto;\" \/><\/a><\/div><div id=\"gliwi-2888862012\" style=\"margin-bottom: 30px;margin-left: auto;margin-right: auto;text-align: center;\"><a data-no-instant=\"1\" href=\"https:\/\/zlobek.halogen.org.pl\/\" rel=\"noopener\" class=\"a2t-link\" target=\"_blank\" aria-label=\"animator-zlobek_750x200\"><img loading=\"lazy\" decoding=\"async\" src=\"https:\/\/www.24gliwice.pl\/wiadomosci\/wp-content\/uploads\/2026\/02\/animator-zlobek_750x200.webp\" alt=\"\"  srcset=\"https:\/\/www.24gliwice.pl\/wiadomosci\/wp-content\/uploads\/2026\/02\/animator-zlobek_750x200.webp 750w, https:\/\/www.24gliwice.pl\/wiadomosci\/wp-content\/uploads\/2026\/02\/animator-zlobek_750x200-410x109.webp 410w\" sizes=\"(max-width: 750px) 100vw, 750px\" class=\"no-lazyload\" width=\"750\" height=\"200\"  style=\"display: inline-block; max-width: 100%; height: auto;\" \/><\/a><\/div><\/div>\n<blockquote><p><em>Priorytetem pozostaje bezpiecze\u0144stwo. Podejmowane dzia\u0142ania maj\u0105 zapewni\u0107 w\u0142a\u015bciwy poziom bezpiecze\u0144stwa przeciwpowodziowego oraz ograniczy\u0107 ryzyko przelewania si\u0119 wody z sekcji V do zbiornika Dzier\u017cno Du\u017ce<\/em> <\/p><\/blockquote>\n<p>&#8211; dodaje strona rz\u0105dowa. <\/p>\n<p>Z kolei Wody Polskie w Gliwicach poinformowa\u0142y, \u017ce w zwi\u0105zku z uchyleniem rozporz\u0105dzenia wojewody z 17 sierpnia w sprawie wprowadzenia zakazu korzystania z w\u00f3d VI sekcji Kana\u0142u Gliwickiego, od dnia 29 sierpnia ponownie uruchomiona zosta\u0142a \u017cegluga dla jednostek p\u0142ywaj\u0105cych na odcinku od \u015bluzy \u0141ab\u0119dy do Portu Gliwice. Dla \u017ceglugi pozostaje zamkni\u0119ta V sekcja Kana\u0142u Gliwickiego. <\/p>\n<p>&#8211; <em>Wody Polskie w Gliwicach kontynuuj\u0105 dzia\u0142ania prewencyjne na Kanale Gliwickim i rzece Odrze, w tym m.in. patrole kontrolne<\/em> &#8211; przekaza\u0142o RZGW w Gliwicach. <\/p>\n<p>Utrzymany zostaje intensywny monitoring interwencyjny Kana\u0142u Gliwickiego i Dzier\u017cna Du\u017cego. W sekcjach IV i V Kana\u0142u Gliwickiego oraz na zbiorniku badania prowadzone s\u0105 trzy razy w tygodniu \u2013 w poniedzia\u0142ki, \u015brody i pi\u0105tki.<\/p>\n<p>(\u017cms)\/Wody Polskie RZGW Gliwice, Gov.pl\/odra<\/p>\n<div class=\"gliwi-a5-na-koncu-artykulow gliwi-entity-placement\" id=\"gliwi-1268736754\"><div id=\"gliwi-109549235\" style=\"margin-left: auto;margin-right: auto;text-align: center;\"><a data-no-instant=\"1\" href=\"https:\/\/www.jasek.pl\/\" rel=\"noopener\" class=\"a2t-link\" target=\"_blank\" aria-label=\"20200401-jasek 600\"><img loading=\"lazy\" decoding=\"async\" src=\"https:\/\/www.24gliwice.pl\/wiadomosci\/wp-content\/uploads\/2020\/04\/20200401-jasek-600.jpg\" alt=\"\"  srcset=\"https:\/\/www.24gliwice.pl\/wiadomosci\/wp-content\/uploads\/2020\/04\/20200401-jasek-600.jpg 600w, https:\/\/www.24gliwice.pl\/wiadomosci\/wp-content\/uploads\/2020\/04\/20200401-jasek-600-410x109.jpg 410w\" sizes=\"(max-width: 600px) 100vw, 600px\" class=\"no-lazyload\" width=\"600\" height=\"160\"  style=\"display: inline-block; max-width: 100%; height: auto;\" \/><\/a><\/div><\/div>","protected":false},"excerpt":{"rendered":"<p>Czy to koniec kryzysu w Kanale Gliwickim? Mi\u0119dzyresortowy Zesp\u00f3\u0142 ds. Odry przekazuje, \u017ce sytuacja w dorzeczu Odry pozostaje stabilna. W Kanale Gliwickim obecnie nie zaobserwowano nowych \u015bni\u0119\u0107. W V sekcji drogi wodnej w rejonie Pyskowic nast\u0105pi\u0142 spadek liczebno\u015bci \u201ez\u0142otej algi\u201d \u2013 z 230 mln do 207 mln kom\u00f3rek\/l.<\/p>\n","protected":false},"author":15,"featured_media":240569,"comment_status":"open","ping_status":"closed","sticky":false,"template":"","format":"standard","meta":{"_monsterinsights_skip_tracking":false,"footnotes":"","_links_to":"","_links_to_target":""},"categories":[3,1],"tags":[2437,23615],"class_list":["post-275055","post","type-post","status-publish","format-standard","has-post-thumbnail","hentry","category-gliwice","category-wszystko","tag-kanal-gliwicki","tag-zlota-alga"],"yoast_head":"<!-- This site is optimized with the Yoast SEO plugin v28.4 - https:\/\/yoast.com\/product\/yoast-seo-wordpress\/ -->\n<title>&quot;Stabilna sytuacja&quot; w dorzeczu Odry. Wraca \u017cegluga, wojewoda uchyli\u0142 zakaz, 207 mln\/l kom\u00f3rek z\u0142otej algi - 24GLIWICE - Portal Gliwice | codziennie nowe informacje<\/title>\n<meta name=\"description\" content=\"Sekcj\u0119 VI Kana\u0142u Gliwickiego otwarto dla \u017ceglugi - od Portu do \u015bluzy \u0141ab\u0119dy. W V sekcji drogi wodnej liczebno\u015b\u0107 z\u0142otej algi nieco spad\u0142a\" \/>\n<meta name=\"robots\" content=\"index, follow, max-snippet:-1, max-image-preview:large, max-video-preview:-1\" \/>\n<link rel=\"canonical\" href=\"https:\/\/www.24gliwice.pl\/wiadomosci\/stabilna-sytuacja-w-dorzeczu-odry-wraca-zegluga-wojewoda-uchylil-zakaz-207-mln-l-komorek-zlotej-algi\/\" \/>\n<meta property=\"og:locale\" content=\"pl_PL\" \/>\n<meta property=\"og:type\" content=\"article\" \/>\n<meta property=\"og:title\" content=\"&quot;Stabilna sytuacja&quot; w dorzeczu Odry. Wraca \u017cegluga, wojewoda uchyli\u0142 zakaz, 207 mln\/l kom\u00f3rek z\u0142otej algi - 24GLIWICE - Portal Gliwice | codziennie nowe informacje\" \/>\n<meta property=\"og:description\" content=\"Sekcj\u0119 VI Kana\u0142u Gliwickiego otwarto dla \u017ceglugi - od Portu do \u015bluzy \u0141ab\u0119dy. W V sekcji drogi wodnej liczebno\u015b\u0107 z\u0142otej algi nieco spad\u0142a\" \/>\n<meta property=\"og:url\" content=\"https:\/\/www.24gliwice.pl\/wiadomosci\/stabilna-sytuacja-w-dorzeczu-odry-wraca-zegluga-wojewoda-uchylil-zakaz-207-mln-l-komorek-zlotej-algi\/\" \/>\n<meta property=\"og:site_name\" content=\"24GLIWICE - Portal Gliwice | codziennie nowe informacje\" \/>\n<meta property=\"article:publisher\" content=\"https:\/\/www.facebook.com\/24gliwice\" \/>\n<meta property=\"article:published_time\" content=\"2026-09-02T23:34:24+00:00\" \/>\n<meta property=\"og:image\" content=\"https:\/\/www.24gliwice.pl\/wiadomosci\/wp-content\/uploads\/2024\/08\/rejsy-statkiem-kanal-sluza.jpg\" \/>\n\t<meta property=\"og:image:width\" content=\"1200\" \/>\n\t<meta property=\"og:image:height\" content=\"675\" \/>\n\t<meta property=\"og:image:type\" content=\"image\/jpeg\" \/>\n<meta name=\"author\" content=\"\u017baneta Mrozek-Siewierska\" \/>\n<meta name=\"twitter:card\" content=\"summary_large_image\" \/>\n<meta name=\"twitter:creator\" content=\"@24gliwice\" \/>\n<meta name=\"twitter:site\" content=\"@24gliwice\" \/>\n<meta name=\"twitter:label1\" content=\"Napisane przez\" \/>\n\t<meta name=\"twitter:data1\" content=\"\u017baneta Mrozek-Siewierska\" \/>\n\t<meta name=\"twitter:label2\" content=\"Szacowany czas czytania\" \/>\n\t<meta name=\"twitter:data2\" content=\"2 minuty\" \/>\n<script type=\"application\/ld+json\" class=\"yoast-schema-graph\">{\"@context\":\"https:\\\/\\\/schema.org\",\"@graph\":[{\"@type\":\"Article\",\"@id\":\"https:\\\/\\\/www.24gliwice.pl\\\/wiadomosci\\\/stabilna-sytuacja-w-dorzeczu-odry-wraca-zegluga-wojewoda-uchylil-zakaz-207-mln-l-komorek-zlotej-algi\\\/#article\",\"isPartOf\":{\"@id\":\"https:\\\/\\\/www.24gliwice.pl\\\/wiadomosci\\\/stabilna-sytuacja-w-dorzeczu-odry-wraca-zegluga-wojewoda-uchylil-zakaz-207-mln-l-komorek-zlotej-algi\\\/\"},\"author\":{\"name\":\"\u017baneta Mrozek-Siewierska\",\"@id\":\"https:\\\/\\\/www.24gliwice.pl\\\/wiadomosci\\\/#\\\/schema\\\/person\\\/e42c650edd7f2fa332be3811fb166b6e\"},\"headline\":\"&#8220;Stabilna sytuacja&#8221; w dorzeczu Odry. Wraca \u017cegluga, wojewoda uchyli\u0142 zakaz, 207 mln\\\/l kom\u00f3rek z\u0142otej algi\",\"datePublished\":\"2026-09-02T23:34:24+00:00\",\"mainEntityOfPage\":{\"@id\":\"https:\\\/\\\/www.24gliwice.pl\\\/wiadomosci\\\/stabilna-sytuacja-w-dorzeczu-odry-wraca-zegluga-wojewoda-uchylil-zakaz-207-mln-l-komorek-zlotej-algi\\\/\"},\"wordCount\":337,\"commentCount\":0,\"publisher\":{\"@id\":\"https:\\\/\\\/www.24gliwice.pl\\\/wiadomosci\\\/#organization\"},\"image\":{\"@id\":\"https:\\\/\\\/www.24gliwice.pl\\\/wiadomosci\\\/stabilna-sytuacja-w-dorzeczu-odry-wraca-zegluga-wojewoda-uchylil-zakaz-207-mln-l-komorek-zlotej-algi\\\/#primaryimage\"},\"thumbnailUrl\":\"https:\\\/\\\/www.24gliwice.pl\\\/wiadomosci\\\/wp-content\\\/uploads\\\/2024\\\/08\\\/rejsy-statkiem-kanal-sluza.jpg\",\"keywords\":[\"KANA\u0141 GLIWICKI\",\"Z\u0141OTA ALGA\"],\"articleSection\":[\"Gliwice\",\"Najnowsze wiadomo\u015bci\"],\"inLanguage\":\"pl-PL\",\"potentialAction\":[{\"@type\":\"CommentAction\",\"name\":\"Comment\",\"target\":[\"https:\\\/\\\/www.24gliwice.pl\\\/wiadomosci\\\/stabilna-sytuacja-w-dorzeczu-odry-wraca-zegluga-wojewoda-uchylil-zakaz-207-mln-l-komorek-zlotej-algi\\\/#respond\"]}]},{\"@type\":\"WebPage\",\"@id\":\"https:\\\/\\\/www.24gliwice.pl\\\/wiadomosci\\\/stabilna-sytuacja-w-dorzeczu-odry-wraca-zegluga-wojewoda-uchylil-zakaz-207-mln-l-komorek-zlotej-algi\\\/\",\"url\":\"https:\\\/\\\/www.24gliwice.pl\\\/wiadomosci\\\/stabilna-sytuacja-w-dorzeczu-odry-wraca-zegluga-wojewoda-uchylil-zakaz-207-mln-l-komorek-zlotej-algi\\\/\",\"name\":\"\\\"Stabilna sytuacja\\\" w dorzeczu Odry. Wraca \u017cegluga, wojewoda uchyli\u0142 zakaz, 207 mln\\\/l kom\u00f3rek z\u0142otej algi - 24GLIWICE - Portal Gliwice | codziennie nowe informacje\",\"isPartOf\":{\"@id\":\"https:\\\/\\\/www.24gliwice.pl\\\/wiadomosci\\\/#website\"},\"primaryImageOfPage\":{\"@id\":\"https:\\\/\\\/www.24gliwice.pl\\\/wiadomosci\\\/stabilna-sytuacja-w-dorzeczu-odry-wraca-zegluga-wojewoda-uchylil-zakaz-207-mln-l-komorek-zlotej-algi\\\/#primaryimage\"},\"image\":{\"@id\":\"https:\\\/\\\/www.24gliwice.pl\\\/wiadomosci\\\/stabilna-sytuacja-w-dorzeczu-odry-wraca-zegluga-wojewoda-uchylil-zakaz-207-mln-l-komorek-zlotej-algi\\\/#primaryimage\"},\"thumbnailUrl\":\"https:\\\/\\\/www.24gliwice.pl\\\/wiadomosci\\\/wp-content\\\/uploads\\\/2024\\\/08\\\/rejsy-statkiem-kanal-sluza.jpg\",\"datePublished\":\"2026-09-02T23:34:24+00:00\",\"description\":\"Sekcj\u0119 VI Kana\u0142u Gliwickiego otwarto dla \u017ceglugi - od Portu do \u015bluzy \u0141ab\u0119dy. W V sekcji drogi wodnej liczebno\u015b\u0107 z\u0142otej algi nieco spad\u0142a\",\"breadcrumb\":{\"@id\":\"https:\\\/\\\/www.24gliwice.pl\\\/wiadomosci\\\/stabilna-sytuacja-w-dorzeczu-odry-wraca-zegluga-wojewoda-uchylil-zakaz-207-mln-l-komorek-zlotej-algi\\\/#breadcrumb\"},\"inLanguage\":\"pl-PL\",\"potentialAction\":[{\"@type\":\"ReadAction\",\"target\":[\"https:\\\/\\\/www.24gliwice.pl\\\/wiadomosci\\\/stabilna-sytuacja-w-dorzeczu-odry-wraca-zegluga-wojewoda-uchylil-zakaz-207-mln-l-komorek-zlotej-algi\\\/\"]}]},{\"@type\":\"ImageObject\",\"inLanguage\":\"pl-PL\",\"@id\":\"https:\\\/\\\/www.24gliwice.pl\\\/wiadomosci\\\/stabilna-sytuacja-w-dorzeczu-odry-wraca-zegluga-wojewoda-uchylil-zakaz-207-mln-l-komorek-zlotej-algi\\\/#primaryimage\",\"url\":\"https:\\\/\\\/www.24gliwice.pl\\\/wiadomosci\\\/wp-content\\\/uploads\\\/2024\\\/08\\\/rejsy-statkiem-kanal-sluza.jpg\",\"contentUrl\":\"https:\\\/\\\/www.24gliwice.pl\\\/wiadomosci\\\/wp-content\\\/uploads\\\/2024\\\/08\\\/rejsy-statkiem-kanal-sluza.jpg\",\"width\":1200,\"height\":675},{\"@type\":\"BreadcrumbList\",\"@id\":\"https:\\\/\\\/www.24gliwice.pl\\\/wiadomosci\\\/stabilna-sytuacja-w-dorzeczu-odry-wraca-zegluga-wojewoda-uchylil-zakaz-207-mln-l-komorek-zlotej-algi\\\/#breadcrumb\",\"itemListElement\":[{\"@type\":\"ListItem\",\"position\":1,\"name\":\"Strona g\u0142\u00f3wna\",\"item\":\"https:\\\/\\\/www.24gliwice.pl\\\/wiadomosci\\\/\"},{\"@type\":\"ListItem\",\"position\":2,\"name\":\"&#8220;Stabilna sytuacja&#8221; w dorzeczu Odry. Wraca \u017cegluga, wojewoda uchyli\u0142 zakaz, 207 mln\\\/l kom\u00f3rek z\u0142otej algi\"}]},{\"@type\":\"WebSite\",\"@id\":\"https:\\\/\\\/www.24gliwice.pl\\\/wiadomosci\\\/#website\",\"url\":\"https:\\\/\\\/www.24gliwice.pl\\\/wiadomosci\\\/\",\"name\":\"24GLIWICE - Portal Gliwice | codziennie nowe wiadomo\u015bci\",\"description\":\"Portal Miejski Gliwice\",\"publisher\":{\"@id\":\"https:\\\/\\\/www.24gliwice.pl\\\/wiadomosci\\\/#organization\"},\"potentialAction\":[{\"@type\":\"SearchAction\",\"target\":{\"@type\":\"EntryPoint\",\"urlTemplate\":\"https:\\\/\\\/www.24gliwice.pl\\\/wiadomosci\\\/?s={search_term_string}\"},\"query-input\":{\"@type\":\"PropertyValueSpecification\",\"valueRequired\":true,\"valueName\":\"search_term_string\"}}],\"inLanguage\":\"pl-PL\"},{\"@type\":\"Organization\",\"@id\":\"https:\\\/\\\/www.24gliwice.pl\\\/wiadomosci\\\/#organization\",\"name\":\"24gliwice\",\"url\":\"https:\\\/\\\/www.24gliwice.pl\\\/wiadomosci\\\/\",\"logo\":{\"@type\":\"ImageObject\",\"inLanguage\":\"pl-PL\",\"@id\":\"https:\\\/\\\/www.24gliwice.pl\\\/wiadomosci\\\/#\\\/schema\\\/logo\\\/image\\\/\",\"url\":\"https:\\\/\\\/www.24gliwice.pl\\\/wiadomosci\\\/wp-content\\\/uploads\\\/2024\\\/10\\\/24gliwice-logo-696.jpg\",\"contentUrl\":\"https:\\\/\\\/www.24gliwice.pl\\\/wiadomosci\\\/wp-content\\\/uploads\\\/2024\\\/10\\\/24gliwice-logo-696.jpg\",\"width\":696,\"height\":696,\"caption\":\"24gliwice\"},\"image\":{\"@id\":\"https:\\\/\\\/www.24gliwice.pl\\\/wiadomosci\\\/#\\\/schema\\\/logo\\\/image\\\/\"},\"sameAs\":[\"https:\\\/\\\/www.facebook.com\\\/24gliwice\",\"https:\\\/\\\/x.com\\\/24gliwice\",\"https:\\\/\\\/www.youtube.com\\\/@24gliwice\"]},{\"@type\":\"Person\",\"@id\":\"https:\\\/\\\/www.24gliwice.pl\\\/wiadomosci\\\/#\\\/schema\\\/person\\\/e42c650edd7f2fa332be3811fb166b6e\",\"name\":\"\u017baneta Mrozek-Siewierska\",\"image\":{\"@type\":\"ImageObject\",\"inLanguage\":\"pl-PL\",\"@id\":\"https:\\\/\\\/secure.gravatar.com\\\/avatar\\\/1881429e9c64597c77ad7aef2d0a19be69a3253e57534d16aa15bf3a4d34a0a3?s=96&d=mm&r=g\",\"url\":\"https:\\\/\\\/secure.gravatar.com\\\/avatar\\\/1881429e9c64597c77ad7aef2d0a19be69a3253e57534d16aa15bf3a4d34a0a3?s=96&d=mm&r=g\",\"contentUrl\":\"https:\\\/\\\/secure.gravatar.com\\\/avatar\\\/1881429e9c64597c77ad7aef2d0a19be69a3253e57534d16aa15bf3a4d34a0a3?s=96&d=mm&r=g\",\"caption\":\"\u017baneta Mrozek-Siewierska\"},\"url\":\"https:\\\/\\\/www.24gliwice.pl\\\/wiadomosci\\\/author\\\/zms\\\/\"}]}<\/script>\n<!-- \/ Yoast SEO plugin. -->","yoast_head_json":{"title":"\"Stabilna sytuacja\" w dorzeczu Odry. Wraca \u017cegluga, wojewoda uchyli\u0142 zakaz, 207 mln\/l kom\u00f3rek z\u0142otej algi - 24GLIWICE - Portal Gliwice | codziennie nowe informacje","description":"Sekcj\u0119 VI Kana\u0142u Gliwickiego otwarto dla \u017ceglugi - od Portu do \u015bluzy \u0141ab\u0119dy. W V sekcji drogi wodnej liczebno\u015b\u0107 z\u0142otej algi nieco spad\u0142a","robots":{"index":"index","follow":"follow","max-snippet":"max-snippet:-1","max-image-preview":"max-image-preview:large","max-video-preview":"max-video-preview:-1"},"canonical":"https:\/\/www.24gliwice.pl\/wiadomosci\/stabilna-sytuacja-w-dorzeczu-odry-wraca-zegluga-wojewoda-uchylil-zakaz-207-mln-l-komorek-zlotej-algi\/","og_locale":"pl_PL","og_type":"article","og_title":"\"Stabilna sytuacja\" w dorzeczu Odry. Wraca \u017cegluga, wojewoda uchyli\u0142 zakaz, 207 mln\/l kom\u00f3rek z\u0142otej algi - 24GLIWICE - Portal Gliwice | codziennie nowe informacje","og_description":"Sekcj\u0119 VI Kana\u0142u Gliwickiego otwarto dla \u017ceglugi - od Portu do \u015bluzy \u0141ab\u0119dy. W V sekcji drogi wodnej liczebno\u015b\u0107 z\u0142otej algi nieco spad\u0142a","og_url":"https:\/\/www.24gliwice.pl\/wiadomosci\/stabilna-sytuacja-w-dorzeczu-odry-wraca-zegluga-wojewoda-uchylil-zakaz-207-mln-l-komorek-zlotej-algi\/","og_site_name":"24GLIWICE - Portal Gliwice | codziennie nowe informacje","article_publisher":"https:\/\/www.facebook.com\/24gliwice","article_published_time":"2026-09-02T23:34:24+00:00","og_image":[{"width":1200,"height":675,"url":"https:\/\/www.24gliwice.pl\/wiadomosci\/wp-content\/uploads\/2024\/08\/rejsy-statkiem-kanal-sluza.jpg","type":"image\/jpeg"}],"author":"\u017baneta Mrozek-Siewierska","twitter_card":"summary_large_image","twitter_creator":"@24gliwice","twitter_site":"@24gliwice","twitter_misc":{"Napisane przez":"\u017baneta Mrozek-Siewierska","Szacowany czas czytania":"2 minuty"},"schema":{"@context":"https:\/\/schema.org","@graph":[{"@type":"Article","@id":"https:\/\/www.24gliwice.pl\/wiadomosci\/stabilna-sytuacja-w-dorzeczu-odry-wraca-zegluga-wojewoda-uchylil-zakaz-207-mln-l-komorek-zlotej-algi\/#article","isPartOf":{"@id":"https:\/\/www.24gliwice.pl\/wiadomosci\/stabilna-sytuacja-w-dorzeczu-odry-wraca-zegluga-wojewoda-uchylil-zakaz-207-mln-l-komorek-zlotej-algi\/"},"author":{"name":"\u017baneta Mrozek-Siewierska","@id":"https:\/\/www.24gliwice.pl\/wiadomosci\/#\/schema\/person\/e42c650edd7f2fa332be3811fb166b6e"},"headline":"&#8220;Stabilna sytuacja&#8221; w dorzeczu Odry. Wraca \u017cegluga, wojewoda uchyli\u0142 zakaz, 207 mln\/l kom\u00f3rek z\u0142otej algi","datePublished":"2026-09-02T23:34:24+00:00","mainEntityOfPage":{"@id":"https:\/\/www.24gliwice.pl\/wiadomosci\/stabilna-sytuacja-w-dorzeczu-odry-wraca-zegluga-wojewoda-uchylil-zakaz-207-mln-l-komorek-zlotej-algi\/"},"wordCount":337,"commentCount":0,"publisher":{"@id":"https:\/\/www.24gliwice.pl\/wiadomosci\/#organization"},"image":{"@id":"https:\/\/www.24gliwice.pl\/wiadomosci\/stabilna-sytuacja-w-dorzeczu-odry-wraca-zegluga-wojewoda-uchylil-zakaz-207-mln-l-komorek-zlotej-algi\/#primaryimage"},"thumbnailUrl":"https:\/\/www.24gliwice.pl\/wiadomosci\/wp-content\/uploads\/2024\/08\/rejsy-statkiem-kanal-sluza.jpg","keywords":["KANA\u0141 GLIWICKI","Z\u0141OTA ALGA"],"articleSection":["Gliwice","Najnowsze wiadomo\u015bci"],"inLanguage":"pl-PL","potentialAction":[{"@type":"CommentAction","name":"Comment","target":["https:\/\/www.24gliwice.pl\/wiadomosci\/stabilna-sytuacja-w-dorzeczu-odry-wraca-zegluga-wojewoda-uchylil-zakaz-207-mln-l-komorek-zlotej-algi\/#respond"]}]},{"@type":"WebPage","@id":"https:\/\/www.24gliwice.pl\/wiadomosci\/stabilna-sytuacja-w-dorzeczu-odry-wraca-zegluga-wojewoda-uchylil-zakaz-207-mln-l-komorek-zlotej-algi\/","url":"https:\/\/www.24gliwice.pl\/wiadomosci\/stabilna-sytuacja-w-dorzeczu-odry-wraca-zegluga-wojewoda-uchylil-zakaz-207-mln-l-komorek-zlotej-algi\/","name":"\"Stabilna sytuacja\" w dorzeczu Odry. Wraca \u017cegluga, wojewoda uchyli\u0142 zakaz, 207 mln\/l kom\u00f3rek z\u0142otej algi - 24GLIWICE - Portal Gliwice | codziennie nowe informacje","isPartOf":{"@id":"https:\/\/www.24gliwice.pl\/wiadomosci\/#website"},"primaryImageOfPage":{"@id":"https:\/\/www.24gliwice.pl\/wiadomosci\/stabilna-sytuacja-w-dorzeczu-odry-wraca-zegluga-wojewoda-uchylil-zakaz-207-mln-l-komorek-zlotej-algi\/#primaryimage"},"image":{"@id":"https:\/\/www.24gliwice.pl\/wiadomosci\/stabilna-sytuacja-w-dorzeczu-odry-wraca-zegluga-wojewoda-uchylil-zakaz-207-mln-l-komorek-zlotej-algi\/#primaryimage"},"thumbnailUrl":"https:\/\/www.24gliwice.pl\/wiadomosci\/wp-content\/uploads\/2024\/08\/rejsy-statkiem-kanal-sluza.jpg","datePublished":"2026-09-02T23:34:24+00:00","description":"Sekcj\u0119 VI Kana\u0142u Gliwickiego otwarto dla \u017ceglugi - od Portu do \u015bluzy \u0141ab\u0119dy. W V sekcji drogi wodnej liczebno\u015b\u0107 z\u0142otej algi nieco spad\u0142a","breadcrumb":{"@id":"https:\/\/www.24gliwice.pl\/wiadomosci\/stabilna-sytuacja-w-dorzeczu-odry-wraca-zegluga-wojewoda-uchylil-zakaz-207-mln-l-komorek-zlotej-algi\/#breadcrumb"},"inLanguage":"pl-PL","potentialAction":[{"@type":"ReadAction","target":["https:\/\/www.24gliwice.pl\/wiadomosci\/stabilna-sytuacja-w-dorzeczu-odry-wraca-zegluga-wojewoda-uchylil-zakaz-207-mln-l-komorek-zlotej-algi\/"]}]},{"@type":"ImageObject","inLanguage":"pl-PL","@id":"https:\/\/www.24gliwice.pl\/wiadomosci\/stabilna-sytuacja-w-dorzeczu-odry-wraca-zegluga-wojewoda-uchylil-zakaz-207-mln-l-komorek-zlotej-algi\/#primaryimage","url":"https:\/\/www.24gliwice.pl\/wiadomosci\/wp-content\/uploads\/2024\/08\/rejsy-statkiem-kanal-sluza.jpg","contentUrl":"https:\/\/www.24gliwice.pl\/wiadomosci\/wp-content\/uploads\/2024\/08\/rejsy-statkiem-kanal-sluza.jpg","width":1200,"height":675},{"@type":"BreadcrumbList","@id":"https:\/\/www.24gliwice.pl\/wiadomosci\/stabilna-sytuacja-w-dorzeczu-odry-wraca-zegluga-wojewoda-uchylil-zakaz-207-mln-l-komorek-zlotej-algi\/#breadcrumb","itemListElement":[{"@type":"ListItem","position":1,"name":"Strona g\u0142\u00f3wna","item":"https:\/\/www.24gliwice.pl\/wiadomosci\/"},{"@type":"ListItem","position":2,"name":"&#8220;Stabilna sytuacja&#8221; w dorzeczu Odry. Wraca \u017cegluga, wojewoda uchyli\u0142 zakaz, 207 mln\/l kom\u00f3rek z\u0142otej algi"}]},{"@type":"WebSite","@id":"https:\/\/www.24gliwice.pl\/wiadomosci\/#website","url":"https:\/\/www.24gliwice.pl\/wiadomosci\/","name":"24GLIWICE - Portal Gliwice | codziennie nowe wiadomo\u015bci","description":"Portal Miejski Gliwice","publisher":{"@id":"https:\/\/www.24gliwice.pl\/wiadomosci\/#organization"},"potentialAction":[{"@type":"SearchAction","target":{"@type":"EntryPoint","urlTemplate":"https:\/\/www.24gliwice.pl\/wiadomosci\/?s={search_term_string}"},"query-input":{"@type":"PropertyValueSpecification","valueRequired":true,"valueName":"search_term_string"}}],"inLanguage":"pl-PL"},{"@type":"Organization","@id":"https:\/\/www.24gliwice.pl\/wiadomosci\/#organization","name":"24gliwice","url":"https:\/\/www.24gliwice.pl\/wiadomosci\/","logo":{"@type":"ImageObject","inLanguage":"pl-PL","@id":"https:\/\/www.24gliwice.pl\/wiadomosci\/#\/schema\/logo\/image\/","url":"https:\/\/www.24gliwice.pl\/wiadomosci\/wp-content\/uploads\/2024\/10\/24gliwice-logo-696.jpg","contentUrl":"https:\/\/www.24gliwice.pl\/wiadomosci\/wp-content\/uploads\/2024\/10\/24gliwice-logo-696.jpg","width":696,"height":696,"caption":"24gliwice"},"image":{"@id":"https:\/\/www.24gliwice.pl\/wiadomosci\/#\/schema\/logo\/image\/"},"sameAs":["https:\/\/www.facebook.com\/24gliwice","https:\/\/x.com\/24gliwice","https:\/\/www.youtube.com\/@24gliwice"]},{"@type":"Person","@id":"https:\/\/www.24gliwice.pl\/wiadomosci\/#\/schema\/person\/e42c650edd7f2fa332be3811fb166b6e","name":"\u017baneta Mrozek-Siewierska","image":{"@type":"ImageObject","inLanguage":"pl-PL","@id":"https:\/\/secure.gravatar.com\/avatar\/1881429e9c64597c77ad7aef2d0a19be69a3253e57534d16aa15bf3a4d34a0a3?s=96&d=mm&r=g","url":"https:\/\/secure.gravatar.com\/avatar\/1881429e9c64597c77ad7aef2d0a19be69a3253e57534d16aa15bf3a4d34a0a3?s=96&d=mm&r=g","contentUrl":"https:\/\/secure.gravatar.com\/avatar\/1881429e9c64597c77ad7aef2d0a19be69a3253e57534d16aa15bf3a4d34a0a3?s=96&d=mm&r=g","caption":"\u017baneta Mrozek-Siewierska"},"url":"https:\/\/www.24gliwice.pl\/wiadomosci\/author\/zms\/"}]}},"_links":{"self":[{"href":"https:\/\/www.24gliwice.pl\/wiadomosci\/wp-json\/wp\/v2\/posts\/275055","targetHints":{"allow":["GET"]}}],"collection":[{"href":"https:\/\/www.24gliwice.pl\/wiadomosci\/wp-json\/wp\/v2\/posts"}],"about":[{"href":"https:\/\/www.24gliwice.pl\/wiadomosci\/wp-json\/wp\/v2\/types\/post"}],"author":[{"embeddable":true,"href":"https:\/\/www.24gliwice.pl\/wiadomosci\/wp-json\/wp\/v2\/users\/15"}],"replies":[{"embeddable":true,"href":"https:\/\/www.24gliwice.pl\/wiadomosci\/wp-json\/wp\/v2\/comments?post=275055"}],"version-history":[{"count":3,"href":"https:\/\/www.24gliwice.pl\/wiadomosci\/wp-json\/wp\/v2\/posts\/275055\/revisions"}],"predecessor-version":[{"id":275074,"href":"https:\/\/www.24gliwice.pl\/wiadomosci\/wp-json\/wp\/v2\/posts\/275055\/revisions\/275074"}],"wp:featuredmedia":[{"embeddable":true,"href":"https:\/\/www.24gliwice.pl\/wiadomosci\/wp-json\/wp\/v2\/media\/240569"}],"wp:attachment":[{"href":"https:\/\/www.24gliwice.pl\/wiadomosci\/wp-json\/wp\/v2\/media?parent=275055"}],"wp:term":[{"taxonomy":"category","embeddable":true,"href":"https:\/\/www.24gliwice.pl\/wiadomosci\/wp-json\/wp\/v2\/categories?post=275055"},{"taxonomy":"post_tag","embeddable":true,"href":"https:\/\/www.24gliwice.pl\/wiadomosci\/wp-json\/wp\/v2\/tags?post=275055"}],"curies":[{"name":"wp","href":"https:\/\/api.w.org\/{rel}","templated":true}]}}