{"id":275083,"date":"2026-09-03T11:57:23","date_gmt":"2026-09-03T09:57:23","guid":{"rendered":"https:\/\/www.24gliwice.pl\/wiadomosci\/?p=275083"},"modified":"2026-09-03T11:57:23","modified_gmt":"2026-09-03T09:57:23","slug":"cieply-posilek-kawa-i-szeroko-pojete-wsparcie-mobilna-stacja-pomocy-powraca-na-plac-krakowski","status":"publish","type":"post","link":"https:\/\/www.24gliwice.pl\/wiadomosci\/cieply-posilek-kawa-i-szeroko-pojete-wsparcie-mobilna-stacja-pomocy-powraca-na-plac-krakowski\/","title":{"rendered":"Ciep\u0142y posi\u0142ek, kawa i szeroko poj\u0119te wsparcie. Mobilna Stacja Pomocy powraca na Plac Krakowski"},"content":{"rendered":"<div class=\"gliwi-a6-nad-leadem-artykulow gliwi-entity-placement\" id=\"gliwi-2461901985\"><div id=\"gliwi-206868049\" style=\"margin-bottom: 25px;margin-left: auto;margin-right: auto;text-align: center;\"><a data-no-instant=\"1\" href=\"https:\/\/dom100.eu\/\" rel=\"noopener\" class=\"a2t-link\" target=\"_blank\" aria-label=\"20260827 750x200_baner_Dni_Otwarte_dom100\"><img loading=\"lazy\" decoding=\"async\" src=\"https:\/\/www.24gliwice.pl\/wiadomosci\/wp-content\/uploads\/2025\/09\/20260827-750x200_baner_Dni_Otwarte_dom100.jpg\" alt=\"\"  srcset=\"https:\/\/www.24gliwice.pl\/wiadomosci\/wp-content\/uploads\/2025\/09\/20260827-750x200_baner_Dni_Otwarte_dom100.jpg 750w, https:\/\/www.24gliwice.pl\/wiadomosci\/wp-content\/uploads\/2025\/09\/20260827-750x200_baner_Dni_Otwarte_dom100-410x109.jpg 410w\" sizes=\"(max-width: 750px) 100vw, 750px\" class=\"no-lazyload\" width=\"750\" height=\"200\"  style=\"display: inline-block; max-width: 100%; height: auto;\" \/><\/a><\/div><\/div><h2>Mobilna Stacja Pomocy, wspieraj\u0105ca osoby b\u0119d\u0105ce w potrzebie, powraca na Plac Krakowski. Najbli\u017csze spotkanie odb\u0119dzie si\u0119 3 wrze\u015bnia (czwartek) o godzinie 16:00.<\/h2>\n<p>Mobilna Stacja Pomocy, organizowana przez Fundacj\u0119 Stacja6, to miejsce, w kt\u00f3rym mo\u017cna nie tylko otrzyma\u0107 konkretn\u0105 pomoc, ale r\u00f3wnie\u017c po prostu porozmawia\u0107, sp\u0119dzi\u0107 czas z innymi i zosta\u0107 wys\u0142uchanym. Podczas spotkania b\u0119dzie mo\u017cna skorzysta\u0107 z ciep\u0142ego posi\u0142ku, napi\u0107 si\u0119 kawy i pocz\u0119stowa\u0107 czym\u015b s\u0142odkim. Nie zabraknie r\u00f3wnie\u017c os\u00f3b gotowych po\u015bwi\u0119ci\u0107 czas tym, kt\u00f3rzy potrzebuj\u0105 rozmowy i wsparcia. Spotkanie jest otwarte dla wszystkich. <\/p>\n<h4>Mog\u0105 w nim uczestniczy\u0107 zar\u00f3wno osoby potrzebuj\u0105ce wsparcia, w tym osoby do\u015bwiadczaj\u0105ce kryzysu bezdomno\u015bci, jak i ci, kt\u00f3rzy chc\u0105 po prostu sp\u0119dzi\u0107 czas z innymi i porozmawia\u0107.<\/h4>\n<p>Dotychczasowe spotkania Mobilnej Stacji Pomocy by\u0142y okazj\u0105 do nawi\u0105zania relacji i rozpocz\u0119cia zmian, kt\u00f3re dla cz\u0119\u015bci uczestnik\u00f3w sta\u0142y si\u0119 wa\u017cnym krokiem w wychodzeniu z kryzysu bezdomno\u015bci. Niekt\u00f3re osoby odzyska\u0142y wiar\u0119 w siebie, podj\u0119\u0142y prac\u0119 i zacz\u0119\u0142y porz\u0105dkowa\u0107 swoj\u0105 sytuacj\u0119 \u017cyciow\u0105. Czasem pocz\u0105tkiem takiej zmiany jest pozornie niewielki gest: ciep\u0142y posi\u0142ek, kubek kawy czy rozmowa, podczas kt\u00f3rej mo\u017cna poczu\u0107 si\u0119 wys\u0142uchanym i potraktowanym z szacunkiem.<\/p><div class=\"gliwi-a3-w-tresci-artykulow gliwi-entity-placement\" id=\"gliwi-229731748\"><div id=\"gliwi-2586997550\" style=\"margin-bottom: 30px;margin-left: auto;margin-right: auto;text-align: center;\"><a data-no-instant=\"1\" href=\"https:\/\/zlobek.halogen.org.pl\/\" rel=\"noopener\" class=\"a2t-link\" target=\"_blank\" aria-label=\"animator-zlobek_750x200\"><img loading=\"lazy\" decoding=\"async\" src=\"https:\/\/www.24gliwice.pl\/wiadomosci\/wp-content\/uploads\/2026\/02\/animator-zlobek_750x200.webp\" alt=\"\"  srcset=\"https:\/\/www.24gliwice.pl\/wiadomosci\/wp-content\/uploads\/2026\/02\/animator-zlobek_750x200.webp 750w, https:\/\/www.24gliwice.pl\/wiadomosci\/wp-content\/uploads\/2026\/02\/animator-zlobek_750x200-410x109.webp 410w\" sizes=\"(max-width: 750px) 100vw, 750px\" class=\"no-lazyload\" width=\"750\" height=\"200\"  style=\"display: inline-block; max-width: 100%; height: auto;\" \/><\/a><\/div><div id=\"gliwi-572111761\" style=\"margin-bottom: 30px;margin-left: auto;margin-right: auto;text-align: center;\"><a data-no-instant=\"1\" href=\"https:\/\/ogrodyandersa.pl\/\" rel=\"noopener\" class=\"a2t-link\" target=\"_blank\" aria-label=\"750 x 200 &#8211; Box \u015ar\u00f3dtekstowy &#8211; ADS Ogrody Andersa v1\"><img loading=\"lazy\" decoding=\"async\" src=\"https:\/\/www.24gliwice.pl\/wiadomosci\/wp-content\/uploads\/2026\/02\/750-x-200-Box-Srodtekstowy-ADS-Ogrody-Andersa-v1.jpg\" alt=\"\"  srcset=\"https:\/\/www.24gliwice.pl\/wiadomosci\/wp-content\/uploads\/2026\/02\/750-x-200-Box-Srodtekstowy-ADS-Ogrody-Andersa-v1.jpg 750w, https:\/\/www.24gliwice.pl\/wiadomosci\/wp-content\/uploads\/2026\/02\/750-x-200-Box-Srodtekstowy-ADS-Ogrody-Andersa-v1-410x109.jpg 410w\" sizes=\"(max-width: 750px) 100vw, 750px\" class=\"no-lazyload\" width=\"750\" height=\"200\"  style=\"display: inline-block; max-width: 100%; height: auto;\" \/><\/a><\/div><\/div>\n<p><img loading=\"lazy\" decoding=\"async\" src=\"https:\/\/mzuk.gliwice.pl\/wp-content\/uploads\/2026\/09\/stacja-6-powrot.jpg\" width=\"526\" height=\"822\" class=\"alignnone size-full\" \/><\/p>\n<p>Do ponownego udzia\u0142u w spotkaniach zach\u0119cane s\u0105 r\u00f3wnie\u017c osoby, kt\u00f3re wcze\u015bniej anga\u017cowa\u0142y si\u0119 w dzia\u0142ania Mobilnej Stacji Pomocy na Placu Krakowskim. To okazja, by ponownie sp\u0119dzi\u0107 razem czas i zrobi\u0107 co\u015b dobrego dla innych. <\/p>\n<p>Mobilna Stacja Pomocy b\u0119dzie pojawia\u0107 si\u0119 na Placu Krakowskim w ka\u017cdy czwartek o godzinie 16:00.<\/p>\n<p>(\u017cms)\/MZUK Gliwice<\/p>\n<div class=\"gliwi-a5-na-koncu-artykulow gliwi-entity-placement\" id=\"gliwi-4282276266\"><div id=\"gliwi-2465568796\" style=\"margin-left: auto;margin-right: auto;text-align: center;\"><a data-no-instant=\"1\" href=\"https:\/\/www.jasek.pl\/\" rel=\"noopener\" class=\"a2t-link\" target=\"_blank\" aria-label=\"20200401-jasek 600\"><img loading=\"lazy\" decoding=\"async\" src=\"https:\/\/www.24gliwice.pl\/wiadomosci\/wp-content\/uploads\/2020\/04\/20200401-jasek-600.jpg\" alt=\"\"  srcset=\"https:\/\/www.24gliwice.pl\/wiadomosci\/wp-content\/uploads\/2020\/04\/20200401-jasek-600.jpg 600w, https:\/\/www.24gliwice.pl\/wiadomosci\/wp-content\/uploads\/2020\/04\/20200401-jasek-600-410x109.jpg 410w\" sizes=\"(max-width: 600px) 100vw, 600px\" class=\"no-lazyload\" width=\"600\" height=\"160\"  style=\"display: inline-block; max-width: 100%; height: auto;\" \/><\/a><\/div><\/div>","protected":false},"excerpt":{"rendered":"<p>Mobilna Stacja Pomocy, wspieraj\u0105ca osoby b\u0119d\u0105ce w potrzebie, powraca na Plac Krakowski. Najbli\u017csze spotkanie odb\u0119dzie si\u0119 3 wrze\u015bnia (czwartek) o godzinie 16:00. Mobilna Stacja Pomocy, organizowana przez Fundacj\u0119 Stacja6, to miejsce, w kt\u00f3rym mo\u017cna nie tylko otrzyma\u0107 konkretn\u0105 pomoc, ale r\u00f3wnie\u017c po prostu porozmawia\u0107, sp\u0119dzi\u0107 czas z innymi i zosta\u0107 wys\u0142uchanym. Podczas spotkania b\u0119dzie mo\u017cna [&hellip;]<\/p>\n","protected":false},"author":15,"featured_media":275086,"comment_status":"open","ping_status":"closed","sticky":false,"template":"","format":"standard","meta":{"_monsterinsights_skip_tracking":false,"footnotes":"","_links_to":"","_links_to_target":""},"categories":[3,1],"tags":[25087,2091],"class_list":["post-275083","post","type-post","status-publish","format-standard","has-post-thumbnail","hentry","category-gliwice","category-wszystko","tag-mobilna-stacja-pomocy","tag-plac-krakowski"],"yoast_head":"<!-- This site is optimized with the Yoast SEO plugin v28.4 - https:\/\/yoast.com\/product\/yoast-seo-wordpress\/ -->\n<title>Ciep\u0142y posi\u0142ek, kawa i szeroko poj\u0119te wsparcie. Mobilna Stacja Pomocy powraca na Plac Krakowski - 24GLIWICE - Portal Gliwice | codziennie nowe informacje<\/title>\n<meta name=\"description\" content=\"Na Placu Krakowskim ponownie pojawia\u0107 si\u0119 b\u0119dzie Mobilna Stacja Pomocy. Pierwsza mo\u017cliwo\u015b\u0107 skorzystania ze wsparcia ju\u017c w czwartek, 3 wrze\u015bnia\" \/>\n<meta name=\"robots\" content=\"index, follow, max-snippet:-1, max-image-preview:large, max-video-preview:-1\" \/>\n<link rel=\"canonical\" href=\"https:\/\/www.24gliwice.pl\/wiadomosci\/cieply-posilek-kawa-i-szeroko-pojete-wsparcie-mobilna-stacja-pomocy-powraca-na-plac-krakowski\/\" \/>\n<meta property=\"og:locale\" content=\"pl_PL\" \/>\n<meta property=\"og:type\" content=\"article\" \/>\n<meta property=\"og:title\" content=\"Ciep\u0142y posi\u0142ek, kawa i szeroko poj\u0119te wsparcie. Mobilna Stacja Pomocy powraca na Plac Krakowski - 24GLIWICE - Portal Gliwice | codziennie nowe informacje\" \/>\n<meta property=\"og:description\" content=\"Na Placu Krakowskim ponownie pojawia\u0107 si\u0119 b\u0119dzie Mobilna Stacja Pomocy. Pierwsza mo\u017cliwo\u015b\u0107 skorzystania ze wsparcia ju\u017c w czwartek, 3 wrze\u015bnia\" \/>\n<meta property=\"og:url\" content=\"https:\/\/www.24gliwice.pl\/wiadomosci\/cieply-posilek-kawa-i-szeroko-pojete-wsparcie-mobilna-stacja-pomocy-powraca-na-plac-krakowski\/\" \/>\n<meta property=\"og:site_name\" content=\"24GLIWICE - Portal Gliwice | codziennie nowe informacje\" \/>\n<meta property=\"article:publisher\" content=\"https:\/\/www.facebook.com\/24gliwice\" \/>\n<meta property=\"article:published_time\" content=\"2026-09-03T09:57:23+00:00\" \/>\n<meta property=\"og:image\" content=\"https:\/\/www.24gliwice.pl\/wiadomosci\/wp-content\/uploads\/2026\/09\/mobilna-stacja-pomocy-fundacja-stacja6.jpg\" \/>\n\t<meta property=\"og:image:width\" content=\"810\" \/>\n\t<meta property=\"og:image:height\" content=\"457\" \/>\n\t<meta property=\"og:image:type\" content=\"image\/jpeg\" \/>\n<meta name=\"author\" content=\"\u017baneta Mrozek-Siewierska\" \/>\n<meta name=\"twitter:card\" content=\"summary_large_image\" \/>\n<meta name=\"twitter:creator\" content=\"@24gliwice\" \/>\n<meta name=\"twitter:site\" content=\"@24gliwice\" \/>\n<meta name=\"twitter:label1\" content=\"Napisane przez\" \/>\n\t<meta name=\"twitter:data1\" content=\"\u017baneta Mrozek-Siewierska\" \/>\n\t<meta name=\"twitter:label2\" content=\"Szacowany czas czytania\" \/>\n\t<meta name=\"twitter:data2\" content=\"1 minuta\" \/>\n<script type=\"application\/ld+json\" class=\"yoast-schema-graph\">{\"@context\":\"https:\\\/\\\/schema.org\",\"@graph\":[{\"@type\":\"Article\",\"@id\":\"https:\\\/\\\/www.24gliwice.pl\\\/wiadomosci\\\/cieply-posilek-kawa-i-szeroko-pojete-wsparcie-mobilna-stacja-pomocy-powraca-na-plac-krakowski\\\/#article\",\"isPartOf\":{\"@id\":\"https:\\\/\\\/www.24gliwice.pl\\\/wiadomosci\\\/cieply-posilek-kawa-i-szeroko-pojete-wsparcie-mobilna-stacja-pomocy-powraca-na-plac-krakowski\\\/\"},\"author\":{\"name\":\"\u017baneta Mrozek-Siewierska\",\"@id\":\"https:\\\/\\\/www.24gliwice.pl\\\/wiadomosci\\\/#\\\/schema\\\/person\\\/e42c650edd7f2fa332be3811fb166b6e\"},\"headline\":\"Ciep\u0142y posi\u0142ek, kawa i szeroko poj\u0119te wsparcie. Mobilna Stacja Pomocy powraca na Plac Krakowski\",\"datePublished\":\"2026-09-03T09:57:23+00:00\",\"mainEntityOfPage\":{\"@id\":\"https:\\\/\\\/www.24gliwice.pl\\\/wiadomosci\\\/cieply-posilek-kawa-i-szeroko-pojete-wsparcie-mobilna-stacja-pomocy-powraca-na-plac-krakowski\\\/\"},\"wordCount\":301,\"commentCount\":3,\"publisher\":{\"@id\":\"https:\\\/\\\/www.24gliwice.pl\\\/wiadomosci\\\/#organization\"},\"image\":{\"@id\":\"https:\\\/\\\/www.24gliwice.pl\\\/wiadomosci\\\/cieply-posilek-kawa-i-szeroko-pojete-wsparcie-mobilna-stacja-pomocy-powraca-na-plac-krakowski\\\/#primaryimage\"},\"thumbnailUrl\":\"https:\\\/\\\/www.24gliwice.pl\\\/wiadomosci\\\/wp-content\\\/uploads\\\/2026\\\/09\\\/mobilna-stacja-pomocy-fundacja-stacja6.jpg\",\"keywords\":[\"MOBILNA STACJA POMOCY\",\"PLAC KRAKOWSKI\"],\"articleSection\":[\"Gliwice\",\"Najnowsze wiadomo\u015bci\"],\"inLanguage\":\"pl-PL\",\"potentialAction\":[{\"@type\":\"CommentAction\",\"name\":\"Comment\",\"target\":[\"https:\\\/\\\/www.24gliwice.pl\\\/wiadomosci\\\/cieply-posilek-kawa-i-szeroko-pojete-wsparcie-mobilna-stacja-pomocy-powraca-na-plac-krakowski\\\/#respond\"]}]},{\"@type\":\"WebPage\",\"@id\":\"https:\\\/\\\/www.24gliwice.pl\\\/wiadomosci\\\/cieply-posilek-kawa-i-szeroko-pojete-wsparcie-mobilna-stacja-pomocy-powraca-na-plac-krakowski\\\/\",\"url\":\"https:\\\/\\\/www.24gliwice.pl\\\/wiadomosci\\\/cieply-posilek-kawa-i-szeroko-pojete-wsparcie-mobilna-stacja-pomocy-powraca-na-plac-krakowski\\\/\",\"name\":\"Ciep\u0142y posi\u0142ek, kawa i szeroko poj\u0119te wsparcie. Mobilna Stacja Pomocy powraca na Plac Krakowski - 24GLIWICE - Portal Gliwice | codziennie nowe informacje\",\"isPartOf\":{\"@id\":\"https:\\\/\\\/www.24gliwice.pl\\\/wiadomosci\\\/#website\"},\"primaryImageOfPage\":{\"@id\":\"https:\\\/\\\/www.24gliwice.pl\\\/wiadomosci\\\/cieply-posilek-kawa-i-szeroko-pojete-wsparcie-mobilna-stacja-pomocy-powraca-na-plac-krakowski\\\/#primaryimage\"},\"image\":{\"@id\":\"https:\\\/\\\/www.24gliwice.pl\\\/wiadomosci\\\/cieply-posilek-kawa-i-szeroko-pojete-wsparcie-mobilna-stacja-pomocy-powraca-na-plac-krakowski\\\/#primaryimage\"},\"thumbnailUrl\":\"https:\\\/\\\/www.24gliwice.pl\\\/wiadomosci\\\/wp-content\\\/uploads\\\/2026\\\/09\\\/mobilna-stacja-pomocy-fundacja-stacja6.jpg\",\"datePublished\":\"2026-09-03T09:57:23+00:00\",\"description\":\"Na Placu Krakowskim ponownie pojawia\u0107 si\u0119 b\u0119dzie Mobilna Stacja Pomocy. Pierwsza mo\u017cliwo\u015b\u0107 skorzystania ze wsparcia ju\u017c w czwartek, 3 wrze\u015bnia\",\"breadcrumb\":{\"@id\":\"https:\\\/\\\/www.24gliwice.pl\\\/wiadomosci\\\/cieply-posilek-kawa-i-szeroko-pojete-wsparcie-mobilna-stacja-pomocy-powraca-na-plac-krakowski\\\/#breadcrumb\"},\"inLanguage\":\"pl-PL\",\"potentialAction\":[{\"@type\":\"ReadAction\",\"target\":[\"https:\\\/\\\/www.24gliwice.pl\\\/wiadomosci\\\/cieply-posilek-kawa-i-szeroko-pojete-wsparcie-mobilna-stacja-pomocy-powraca-na-plac-krakowski\\\/\"]}]},{\"@type\":\"ImageObject\",\"inLanguage\":\"pl-PL\",\"@id\":\"https:\\\/\\\/www.24gliwice.pl\\\/wiadomosci\\\/cieply-posilek-kawa-i-szeroko-pojete-wsparcie-mobilna-stacja-pomocy-powraca-na-plac-krakowski\\\/#primaryimage\",\"url\":\"https:\\\/\\\/www.24gliwice.pl\\\/wiadomosci\\\/wp-content\\\/uploads\\\/2026\\\/09\\\/mobilna-stacja-pomocy-fundacja-stacja6.jpg\",\"contentUrl\":\"https:\\\/\\\/www.24gliwice.pl\\\/wiadomosci\\\/wp-content\\\/uploads\\\/2026\\\/09\\\/mobilna-stacja-pomocy-fundacja-stacja6.jpg\",\"width\":810,\"height\":457},{\"@type\":\"BreadcrumbList\",\"@id\":\"https:\\\/\\\/www.24gliwice.pl\\\/wiadomosci\\\/cieply-posilek-kawa-i-szeroko-pojete-wsparcie-mobilna-stacja-pomocy-powraca-na-plac-krakowski\\\/#breadcrumb\",\"itemListElement\":[{\"@type\":\"ListItem\",\"position\":1,\"name\":\"Strona g\u0142\u00f3wna\",\"item\":\"https:\\\/\\\/www.24gliwice.pl\\\/wiadomosci\\\/\"},{\"@type\":\"ListItem\",\"position\":2,\"name\":\"Ciep\u0142y posi\u0142ek, kawa i szeroko poj\u0119te wsparcie. Mobilna Stacja Pomocy powraca na Plac Krakowski\"}]},{\"@type\":\"WebSite\",\"@id\":\"https:\\\/\\\/www.24gliwice.pl\\\/wiadomosci\\\/#website\",\"url\":\"https:\\\/\\\/www.24gliwice.pl\\\/wiadomosci\\\/\",\"name\":\"24GLIWICE - Portal Gliwice | codziennie nowe wiadomo\u015bci\",\"description\":\"Portal Miejski Gliwice\",\"publisher\":{\"@id\":\"https:\\\/\\\/www.24gliwice.pl\\\/wiadomosci\\\/#organization\"},\"potentialAction\":[{\"@type\":\"SearchAction\",\"target\":{\"@type\":\"EntryPoint\",\"urlTemplate\":\"https:\\\/\\\/www.24gliwice.pl\\\/wiadomosci\\\/?s={search_term_string}\"},\"query-input\":{\"@type\":\"PropertyValueSpecification\",\"valueRequired\":true,\"valueName\":\"search_term_string\"}}],\"inLanguage\":\"pl-PL\"},{\"@type\":\"Organization\",\"@id\":\"https:\\\/\\\/www.24gliwice.pl\\\/wiadomosci\\\/#organization\",\"name\":\"24gliwice\",\"url\":\"https:\\\/\\\/www.24gliwice.pl\\\/wiadomosci\\\/\",\"logo\":{\"@type\":\"ImageObject\",\"inLanguage\":\"pl-PL\",\"@id\":\"https:\\\/\\\/www.24gliwice.pl\\\/wiadomosci\\\/#\\\/schema\\\/logo\\\/image\\\/\",\"url\":\"https:\\\/\\\/www.24gliwice.pl\\\/wiadomosci\\\/wp-content\\\/uploads\\\/2024\\\/10\\\/24gliwice-logo-696.jpg\",\"contentUrl\":\"https:\\\/\\\/www.24gliwice.pl\\\/wiadomosci\\\/wp-content\\\/uploads\\\/2024\\\/10\\\/24gliwice-logo-696.jpg\",\"width\":696,\"height\":696,\"caption\":\"24gliwice\"},\"image\":{\"@id\":\"https:\\\/\\\/www.24gliwice.pl\\\/wiadomosci\\\/#\\\/schema\\\/logo\\\/image\\\/\"},\"sameAs\":[\"https:\\\/\\\/www.facebook.com\\\/24gliwice\",\"https:\\\/\\\/x.com\\\/24gliwice\",\"https:\\\/\\\/www.youtube.com\\\/@24gliwice\"]},{\"@type\":\"Person\",\"@id\":\"https:\\\/\\\/www.24gliwice.pl\\\/wiadomosci\\\/#\\\/schema\\\/person\\\/e42c650edd7f2fa332be3811fb166b6e\",\"name\":\"\u017baneta Mrozek-Siewierska\",\"image\":{\"@type\":\"ImageObject\",\"inLanguage\":\"pl-PL\",\"@id\":\"https:\\\/\\\/secure.gravatar.com\\\/avatar\\\/1881429e9c64597c77ad7aef2d0a19be69a3253e57534d16aa15bf3a4d34a0a3?s=96&d=mm&r=g\",\"url\":\"https:\\\/\\\/secure.gravatar.com\\\/avatar\\\/1881429e9c64597c77ad7aef2d0a19be69a3253e57534d16aa15bf3a4d34a0a3?s=96&d=mm&r=g\",\"contentUrl\":\"https:\\\/\\\/secure.gravatar.com\\\/avatar\\\/1881429e9c64597c77ad7aef2d0a19be69a3253e57534d16aa15bf3a4d34a0a3?s=96&d=mm&r=g\",\"caption\":\"\u017baneta Mrozek-Siewierska\"},\"url\":\"https:\\\/\\\/www.24gliwice.pl\\\/wiadomosci\\\/author\\\/zms\\\/\"}]}<\/script>\n<!-- \/ Yoast SEO plugin. -->","yoast_head_json":{"title":"Ciep\u0142y posi\u0142ek, kawa i szeroko poj\u0119te wsparcie. Mobilna Stacja Pomocy powraca na Plac Krakowski - 24GLIWICE - Portal Gliwice | codziennie nowe informacje","description":"Na Placu Krakowskim ponownie pojawia\u0107 si\u0119 b\u0119dzie Mobilna Stacja Pomocy. Pierwsza mo\u017cliwo\u015b\u0107 skorzystania ze wsparcia ju\u017c w czwartek, 3 wrze\u015bnia","robots":{"index":"index","follow":"follow","max-snippet":"max-snippet:-1","max-image-preview":"max-image-preview:large","max-video-preview":"max-video-preview:-1"},"canonical":"https:\/\/www.24gliwice.pl\/wiadomosci\/cieply-posilek-kawa-i-szeroko-pojete-wsparcie-mobilna-stacja-pomocy-powraca-na-plac-krakowski\/","og_locale":"pl_PL","og_type":"article","og_title":"Ciep\u0142y posi\u0142ek, kawa i szeroko poj\u0119te wsparcie. Mobilna Stacja Pomocy powraca na Plac Krakowski - 24GLIWICE - Portal Gliwice | codziennie nowe informacje","og_description":"Na Placu Krakowskim ponownie pojawia\u0107 si\u0119 b\u0119dzie Mobilna Stacja Pomocy. Pierwsza mo\u017cliwo\u015b\u0107 skorzystania ze wsparcia ju\u017c w czwartek, 3 wrze\u015bnia","og_url":"https:\/\/www.24gliwice.pl\/wiadomosci\/cieply-posilek-kawa-i-szeroko-pojete-wsparcie-mobilna-stacja-pomocy-powraca-na-plac-krakowski\/","og_site_name":"24GLIWICE - Portal Gliwice | codziennie nowe informacje","article_publisher":"https:\/\/www.facebook.com\/24gliwice","article_published_time":"2026-09-03T09:57:23+00:00","og_image":[{"width":810,"height":457,"url":"https:\/\/www.24gliwice.pl\/wiadomosci\/wp-content\/uploads\/2026\/09\/mobilna-stacja-pomocy-fundacja-stacja6.jpg","type":"image\/jpeg"}],"author":"\u017baneta Mrozek-Siewierska","twitter_card":"summary_large_image","twitter_creator":"@24gliwice","twitter_site":"@24gliwice","twitter_misc":{"Napisane przez":"\u017baneta Mrozek-Siewierska","Szacowany czas czytania":"1 minuta"},"schema":{"@context":"https:\/\/schema.org","@graph":[{"@type":"Article","@id":"https:\/\/www.24gliwice.pl\/wiadomosci\/cieply-posilek-kawa-i-szeroko-pojete-wsparcie-mobilna-stacja-pomocy-powraca-na-plac-krakowski\/#article","isPartOf":{"@id":"https:\/\/www.24gliwice.pl\/wiadomosci\/cieply-posilek-kawa-i-szeroko-pojete-wsparcie-mobilna-stacja-pomocy-powraca-na-plac-krakowski\/"},"author":{"name":"\u017baneta Mrozek-Siewierska","@id":"https:\/\/www.24gliwice.pl\/wiadomosci\/#\/schema\/person\/e42c650edd7f2fa332be3811fb166b6e"},"headline":"Ciep\u0142y posi\u0142ek, kawa i szeroko poj\u0119te wsparcie. Mobilna Stacja Pomocy powraca na Plac Krakowski","datePublished":"2026-09-03T09:57:23+00:00","mainEntityOfPage":{"@id":"https:\/\/www.24gliwice.pl\/wiadomosci\/cieply-posilek-kawa-i-szeroko-pojete-wsparcie-mobilna-stacja-pomocy-powraca-na-plac-krakowski\/"},"wordCount":301,"commentCount":3,"publisher":{"@id":"https:\/\/www.24gliwice.pl\/wiadomosci\/#organization"},"image":{"@id":"https:\/\/www.24gliwice.pl\/wiadomosci\/cieply-posilek-kawa-i-szeroko-pojete-wsparcie-mobilna-stacja-pomocy-powraca-na-plac-krakowski\/#primaryimage"},"thumbnailUrl":"https:\/\/www.24gliwice.pl\/wiadomosci\/wp-content\/uploads\/2026\/09\/mobilna-stacja-pomocy-fundacja-stacja6.jpg","keywords":["MOBILNA STACJA POMOCY","PLAC KRAKOWSKI"],"articleSection":["Gliwice","Najnowsze wiadomo\u015bci"],"inLanguage":"pl-PL","potentialAction":[{"@type":"CommentAction","name":"Comment","target":["https:\/\/www.24gliwice.pl\/wiadomosci\/cieply-posilek-kawa-i-szeroko-pojete-wsparcie-mobilna-stacja-pomocy-powraca-na-plac-krakowski\/#respond"]}]},{"@type":"WebPage","@id":"https:\/\/www.24gliwice.pl\/wiadomosci\/cieply-posilek-kawa-i-szeroko-pojete-wsparcie-mobilna-stacja-pomocy-powraca-na-plac-krakowski\/","url":"https:\/\/www.24gliwice.pl\/wiadomosci\/cieply-posilek-kawa-i-szeroko-pojete-wsparcie-mobilna-stacja-pomocy-powraca-na-plac-krakowski\/","name":"Ciep\u0142y posi\u0142ek, kawa i szeroko poj\u0119te wsparcie. Mobilna Stacja Pomocy powraca na Plac Krakowski - 24GLIWICE - Portal Gliwice | codziennie nowe informacje","isPartOf":{"@id":"https:\/\/www.24gliwice.pl\/wiadomosci\/#website"},"primaryImageOfPage":{"@id":"https:\/\/www.24gliwice.pl\/wiadomosci\/cieply-posilek-kawa-i-szeroko-pojete-wsparcie-mobilna-stacja-pomocy-powraca-na-plac-krakowski\/#primaryimage"},"image":{"@id":"https:\/\/www.24gliwice.pl\/wiadomosci\/cieply-posilek-kawa-i-szeroko-pojete-wsparcie-mobilna-stacja-pomocy-powraca-na-plac-krakowski\/#primaryimage"},"thumbnailUrl":"https:\/\/www.24gliwice.pl\/wiadomosci\/wp-content\/uploads\/2026\/09\/mobilna-stacja-pomocy-fundacja-stacja6.jpg","datePublished":"2026-09-03T09:57:23+00:00","description":"Na Placu Krakowskim ponownie pojawia\u0107 si\u0119 b\u0119dzie Mobilna Stacja Pomocy. Pierwsza mo\u017cliwo\u015b\u0107 skorzystania ze wsparcia ju\u017c w czwartek, 3 wrze\u015bnia","breadcrumb":{"@id":"https:\/\/www.24gliwice.pl\/wiadomosci\/cieply-posilek-kawa-i-szeroko-pojete-wsparcie-mobilna-stacja-pomocy-powraca-na-plac-krakowski\/#breadcrumb"},"inLanguage":"pl-PL","potentialAction":[{"@type":"ReadAction","target":["https:\/\/www.24gliwice.pl\/wiadomosci\/cieply-posilek-kawa-i-szeroko-pojete-wsparcie-mobilna-stacja-pomocy-powraca-na-plac-krakowski\/"]}]},{"@type":"ImageObject","inLanguage":"pl-PL","@id":"https:\/\/www.24gliwice.pl\/wiadomosci\/cieply-posilek-kawa-i-szeroko-pojete-wsparcie-mobilna-stacja-pomocy-powraca-na-plac-krakowski\/#primaryimage","url":"https:\/\/www.24gliwice.pl\/wiadomosci\/wp-content\/uploads\/2026\/09\/mobilna-stacja-pomocy-fundacja-stacja6.jpg","contentUrl":"https:\/\/www.24gliwice.pl\/wiadomosci\/wp-content\/uploads\/2026\/09\/mobilna-stacja-pomocy-fundacja-stacja6.jpg","width":810,"height":457},{"@type":"BreadcrumbList","@id":"https:\/\/www.24gliwice.pl\/wiadomosci\/cieply-posilek-kawa-i-szeroko-pojete-wsparcie-mobilna-stacja-pomocy-powraca-na-plac-krakowski\/#breadcrumb","itemListElement":[{"@type":"ListItem","position":1,"name":"Strona g\u0142\u00f3wna","item":"https:\/\/www.24gliwice.pl\/wiadomosci\/"},{"@type":"ListItem","position":2,"name":"Ciep\u0142y posi\u0142ek, kawa i szeroko poj\u0119te wsparcie. Mobilna Stacja Pomocy powraca na Plac Krakowski"}]},{"@type":"WebSite","@id":"https:\/\/www.24gliwice.pl\/wiadomosci\/#website","url":"https:\/\/www.24gliwice.pl\/wiadomosci\/","name":"24GLIWICE - Portal Gliwice | codziennie nowe wiadomo\u015bci","description":"Portal Miejski Gliwice","publisher":{"@id":"https:\/\/www.24gliwice.pl\/wiadomosci\/#organization"},"potentialAction":[{"@type":"SearchAction","target":{"@type":"EntryPoint","urlTemplate":"https:\/\/www.24gliwice.pl\/wiadomosci\/?s={search_term_string}"},"query-input":{"@type":"PropertyValueSpecification","valueRequired":true,"valueName":"search_term_string"}}],"inLanguage":"pl-PL"},{"@type":"Organization","@id":"https:\/\/www.24gliwice.pl\/wiadomosci\/#organization","name":"24gliwice","url":"https:\/\/www.24gliwice.pl\/wiadomosci\/","logo":{"@type":"ImageObject","inLanguage":"pl-PL","@id":"https:\/\/www.24gliwice.pl\/wiadomosci\/#\/schema\/logo\/image\/","url":"https:\/\/www.24gliwice.pl\/wiadomosci\/wp-content\/uploads\/2024\/10\/24gliwice-logo-696.jpg","contentUrl":"https:\/\/www.24gliwice.pl\/wiadomosci\/wp-content\/uploads\/2024\/10\/24gliwice-logo-696.jpg","width":696,"height":696,"caption":"24gliwice"},"image":{"@id":"https:\/\/www.24gliwice.pl\/wiadomosci\/#\/schema\/logo\/image\/"},"sameAs":["https:\/\/www.facebook.com\/24gliwice","https:\/\/x.com\/24gliwice","https:\/\/www.youtube.com\/@24gliwice"]},{"@type":"Person","@id":"https:\/\/www.24gliwice.pl\/wiadomosci\/#\/schema\/person\/e42c650edd7f2fa332be3811fb166b6e","name":"\u017baneta Mrozek-Siewierska","image":{"@type":"ImageObject","inLanguage":"pl-PL","@id":"https:\/\/secure.gravatar.com\/avatar\/1881429e9c64597c77ad7aef2d0a19be69a3253e57534d16aa15bf3a4d34a0a3?s=96&d=mm&r=g","url":"https:\/\/secure.gravatar.com\/avatar\/1881429e9c64597c77ad7aef2d0a19be69a3253e57534d16aa15bf3a4d34a0a3?s=96&d=mm&r=g","contentUrl":"https:\/\/secure.gravatar.com\/avatar\/1881429e9c64597c77ad7aef2d0a19be69a3253e57534d16aa15bf3a4d34a0a3?s=96&d=mm&r=g","caption":"\u017baneta Mrozek-Siewierska"},"url":"https:\/\/www.24gliwice.pl\/wiadomosci\/author\/zms\/"}]}},"_links":{"self":[{"href":"https:\/\/www.24gliwice.pl\/wiadomosci\/wp-json\/wp\/v2\/posts\/275083","targetHints":{"allow":["GET"]}}],"collection":[{"href":"https:\/\/www.24gliwice.pl\/wiadomosci\/wp-json\/wp\/v2\/posts"}],"about":[{"href":"https:\/\/www.24gliwice.pl\/wiadomosci\/wp-json\/wp\/v2\/types\/post"}],"author":[{"embeddable":true,"href":"https:\/\/www.24gliwice.pl\/wiadomosci\/wp-json\/wp\/v2\/users\/15"}],"replies":[{"embeddable":true,"href":"https:\/\/www.24gliwice.pl\/wiadomosci\/wp-json\/wp\/v2\/comments?post=275083"}],"version-history":[{"count":4,"href":"https:\/\/www.24gliwice.pl\/wiadomosci\/wp-json\/wp\/v2\/posts\/275083\/revisions"}],"predecessor-version":[{"id":275088,"href":"https:\/\/www.24gliwice.pl\/wiadomosci\/wp-json\/wp\/v2\/posts\/275083\/revisions\/275088"}],"wp:featuredmedia":[{"embeddable":true,"href":"https:\/\/www.24gliwice.pl\/wiadomosci\/wp-json\/wp\/v2\/media\/275086"}],"wp:attachment":[{"href":"https:\/\/www.24gliwice.pl\/wiadomosci\/wp-json\/wp\/v2\/media?parent=275083"}],"wp:term":[{"taxonomy":"category","embeddable":true,"href":"https:\/\/www.24gliwice.pl\/wiadomosci\/wp-json\/wp\/v2\/categories?post=275083"},{"taxonomy":"post_tag","embeddable":true,"href":"https:\/\/www.24gliwice.pl\/wiadomosci\/wp-json\/wp\/v2\/tags?post=275083"}],"curies":[{"name":"wp","href":"https:\/\/api.w.org\/{rel}","templated":true}]}}