{"id":275089,"date":"2026-09-03T14:15:35","date_gmt":"2026-09-03T12:15:35","guid":{"rendered":"https:\/\/www.24gliwice.pl\/wiadomosci\/?p=275089"},"modified":"2026-09-03T14:15:35","modified_gmt":"2026-09-03T12:15:35","slug":"referendysci-pieniadze-mieszkancow-sa-przepalane-przybywa-podpisow-w-sprawie-odwolania-kuczynskiej-budki","status":"publish","type":"post","link":"https:\/\/www.24gliwice.pl\/wiadomosci\/referendysci-pieniadze-mieszkancow-sa-przepalane-przybywa-podpisow-w-sprawie-odwolania-kuczynskiej-budki\/","title":{"rendered":"Referendy\u015bci: &#8220;Pieni\u0105dze mieszka\u0144c\u00f3w s\u0105 przepalane&#8221;.  Przybywa podpis\u00f3w w sprawie odwo\u0142ania Kuczy\u0144skiej-Budki"},"content":{"rendered":"<div class=\"gliwi-a6-nad-leadem-artykulow gliwi-entity-placement\" id=\"gliwi-2529609796\"><div id=\"gliwi-2052715715\" style=\"margin-bottom: 25px;margin-left: auto;margin-right: auto;text-align: center;\"><a data-no-instant=\"1\" href=\"https:\/\/dom100.eu\/\" rel=\"noopener\" class=\"a2t-link\" target=\"_blank\" aria-label=\"20260827 750x200_baner_Dni_Otwarte_dom100\"><img loading=\"lazy\" decoding=\"async\" src=\"https:\/\/www.24gliwice.pl\/wiadomosci\/wp-content\/uploads\/2025\/09\/20260827-750x200_baner_Dni_Otwarte_dom100.jpg\" alt=\"\"  srcset=\"https:\/\/www.24gliwice.pl\/wiadomosci\/wp-content\/uploads\/2025\/09\/20260827-750x200_baner_Dni_Otwarte_dom100.jpg 750w, https:\/\/www.24gliwice.pl\/wiadomosci\/wp-content\/uploads\/2025\/09\/20260827-750x200_baner_Dni_Otwarte_dom100-410x109.jpg 410w\" sizes=\"(max-width: 750px) 100vw, 750px\" class=\"no-lazyload\" width=\"750\" height=\"200\"  style=\"display: inline-block; max-width: 100%; height: auto;\" \/><\/a><\/div><\/div><p><iframe loading=\"lazy\" width=\"810\" height=\"456\" src=\"https:\/\/www.youtube.com\/embed\/wSczaZGneNk?si=6pA_Wxt-1g4lGenx\" title=\"YouTube video player\" frameborder=\"0\" allow=\"accelerometer; autoplay; clipboard-write; encrypted-media; gyroscope; picture-in-picture; web-share\" referrerpolicy=\"strict-origin-when-cross-origin\" allowfullscreen><\/iframe><\/p>\n<h2>&#8211; <em>Zainteresowanie inicjatyw\u0105 jest bardzo du\u017ce.\u00a0Oko\u0142o 2,5 tysi\u0105ca podpis\u00f3w ju\u017c zosta\u0142o z\u0142o\u017conych. 10 tys. kart jest w obiegu, czyli prawdopodobnie b\u0119d\u0105 sp\u0142ywa\u0142y w mi\u0119dzyczasie<\/em> &#8211; m\u00f3wi przedstawiciel Stowarzyszenia Gliwice2026, kt\u00f3re d\u0105\u017cy do organizacji referendum w sprawie odwo\u0142ania prezydent Gliwic.<\/h2>\n<p><!--more--><\/p>\n<p>Zbi\u00f3rka podpis\u00f3w rozpocz\u0119\u0142a si\u0119 w ostatnim tygodniu sierpnia, a do jej zako\u0144czenia pozosta\u0142o jeszcze ponad 50 dni (potrwa do 23 pa\u017adziernika). Aby referendum dosz\u0142o do skutku, inicjatorzy musz\u0105 uzyska\u0107 poparcie ok. 13 tysi\u0119cy wyborc\u00f3w. <\/p>\n<p><a href=\"https:\/\/www.24gliwice.pl\/wiadomosci\/wp-content\/uploads\/2026\/09\/referendum-dopierala3.jpg\"><img loading=\"lazy\" decoding=\"async\" src=\"https:\/\/www.24gliwice.pl\/wiadomosci\/wp-content\/uploads\/2026\/09\/referendum-dopierala3.jpg\" alt=\"\" width=\"810\" height=\"457\" class=\"alignnone size-full wp-image-275099\" srcset=\"https:\/\/www.24gliwice.pl\/wiadomosci\/wp-content\/uploads\/2026\/09\/referendum-dopierala3.jpg 810w, https:\/\/www.24gliwice.pl\/wiadomosci\/wp-content\/uploads\/2026\/09\/referendum-dopierala3-410x232.jpg 410w, https:\/\/www.24gliwice.pl\/wiadomosci\/wp-content\/uploads\/2026\/09\/referendum-dopierala3-806x455.jpg 806w, https:\/\/www.24gliwice.pl\/wiadomosci\/wp-content\/uploads\/2026\/09\/referendum-dopierala3-768x433.jpg 768w\" sizes=\"auto, (max-width: 810px) 100vw, 810px\" \/><\/a><\/p>\n<h4>Brak szpitala, przepalane pieni\u0105dze i inwigilacja mieszka\u0144c\u00f3w<\/h4>\n<p><strong>Robert Dopiera\u0142a,<\/strong> pe\u0142nomocnik inicjatora referendum &#8211; Stowarzyszenia Gliwice2026 &#8211; spotka\u0142 si\u0119 z mediami na gliwickim Rynku. Podczas konferencji przedstawi\u0142 powody, dla kt\u00f3rych grupa os\u00f3b skupionych w tej organizacji zdecydowa\u0142a si\u0119 na rozpocz\u0119cie zbi\u00f3rki podpis\u00f3w celem odwo\u0142ania prezydent Gliwic<strong> Katarzyny Kuczy\u0144skiej-Budki. <\/strong><\/p><div class=\"gliwi-a3-w-tresci-artykulow gliwi-entity-placement\" id=\"gliwi-183762011\"><div id=\"gliwi-4009738082\" style=\"margin-bottom: 30px;margin-left: auto;margin-right: auto;text-align: center;\"><a data-no-instant=\"1\" href=\"https:\/\/ogrodyandersa.pl\/\" rel=\"noopener\" class=\"a2t-link\" target=\"_blank\" aria-label=\"750 x 200 &#8211; Box \u015ar\u00f3dtekstowy &#8211; ADS Ogrody Andersa v1\"><img loading=\"lazy\" decoding=\"async\" src=\"https:\/\/www.24gliwice.pl\/wiadomosci\/wp-content\/uploads\/2026\/02\/750-x-200-Box-Srodtekstowy-ADS-Ogrody-Andersa-v1.jpg\" alt=\"\"  srcset=\"https:\/\/www.24gliwice.pl\/wiadomosci\/wp-content\/uploads\/2026\/02\/750-x-200-Box-Srodtekstowy-ADS-Ogrody-Andersa-v1.jpg 750w, https:\/\/www.24gliwice.pl\/wiadomosci\/wp-content\/uploads\/2026\/02\/750-x-200-Box-Srodtekstowy-ADS-Ogrody-Andersa-v1-410x109.jpg 410w\" sizes=\"(max-width: 750px) 100vw, 750px\" class=\"no-lazyload\" width=\"750\" height=\"200\"  style=\"display: inline-block; max-width: 100%; height: auto;\" \/><\/a><\/div><div id=\"gliwi-394053034\" style=\"margin-bottom: 30px;margin-left: auto;margin-right: auto;text-align: center;\"><a data-no-instant=\"1\" href=\"https:\/\/zlobek.halogen.org.pl\/\" rel=\"noopener\" class=\"a2t-link\" target=\"_blank\" aria-label=\"animator-zlobek_750x200\"><img loading=\"lazy\" decoding=\"async\" src=\"https:\/\/www.24gliwice.pl\/wiadomosci\/wp-content\/uploads\/2026\/02\/animator-zlobek_750x200.webp\" alt=\"\"  srcset=\"https:\/\/www.24gliwice.pl\/wiadomosci\/wp-content\/uploads\/2026\/02\/animator-zlobek_750x200.webp 750w, https:\/\/www.24gliwice.pl\/wiadomosci\/wp-content\/uploads\/2026\/02\/animator-zlobek_750x200-410x109.webp 410w\" sizes=\"(max-width: 750px) 100vw, 750px\" class=\"no-lazyload\" width=\"750\" height=\"200\"  style=\"display: inline-block; max-width: 100%; height: auto;\" \/><\/a><\/div><\/div>\n<blockquote><p><em>Sytuacja, z kt\u00f3r\u0105 mamy do czynienia w tej chwili w Gliwicach, w naszej ocenie jest sytuacj\u0105 bezprecedensow\u0105.\u00a0To jest pierwszy raz, kiedy prezydent tak naprawd\u0119 rz\u0105dzi bez votum, bez absolutorium<\/em> <\/p><\/blockquote>\n<p>&#8211; m\u00f3wi\u0142 Dopiera\u0142a. <\/p>\n<p>&#8211; <em>Co si\u0119 na t\u0119 sytuacj\u0119 tak naprawd\u0119 z\u0142o\u017cy\u0142o? No z pewno\u015bci\u0105 najwa\u017cniejsza, czyli kwestia szpitala.\u00a0Szpital, kt\u00f3ry mia\u0142 by\u0107 wizyt\u00f3wk\u0105 miasta, by\u0142y zagwarantowane na to \u015brodki.\u00a0Pani prezydent Kuczy\u0144ska-Budka w kampanii wyborczej, postawi\u0142a na wi\u0119kszy, lepszy, fajniejszy szpital, kt\u00f3rym chcia\u0142a tak naprawd\u0119 pozyska\u0107 wyborc\u00f3w.\u00a0Uda\u0142o jej si\u0119 to zapewne.\u00a0No, ale potem, obiecuj\u0105c jeszcze w kampanii wyborczej, \u017ce b\u0119dzie to zrobione szybko, sprawnie, \u017ce b\u0119dziemy mieli ten szpital na miar\u0119 XXI, XXII wieku.\u00a0Dzisiaj nie mamy ani tego, w kt\u00f3rym mia\u0142 by\u0107 Miejskim, nie mamy dzia\u0142ek, na kt\u00f3rym by\u015bmy mogli budowa\u0107 ten szpital w pierwotnym za\u0142o\u017ceniu. I tak naprawd\u0119 jeste\u015bmy, zostajemy z niczym<\/em> &#8211; podkre\u015bla\u0142 pe\u0142nomocnik inicjatywy referendalnej. <\/p>\n<p><a href=\"https:\/\/www.24gliwice.pl\/wiadomosci\/wp-content\/uploads\/2026\/09\/referendum-dopierala2.jpg\"><img loading=\"lazy\" decoding=\"async\" src=\"https:\/\/www.24gliwice.pl\/wiadomosci\/wp-content\/uploads\/2026\/09\/referendum-dopierala2.jpg\" alt=\"\" width=\"810\" height=\"457\" class=\"alignnone size-full wp-image-275098\" srcset=\"https:\/\/www.24gliwice.pl\/wiadomosci\/wp-content\/uploads\/2026\/09\/referendum-dopierala2.jpg 810w, https:\/\/www.24gliwice.pl\/wiadomosci\/wp-content\/uploads\/2026\/09\/referendum-dopierala2-410x232.jpg 410w, https:\/\/www.24gliwice.pl\/wiadomosci\/wp-content\/uploads\/2026\/09\/referendum-dopierala2-806x455.jpg 806w, https:\/\/www.24gliwice.pl\/wiadomosci\/wp-content\/uploads\/2026\/09\/referendum-dopierala2-768x433.jpg 768w\" sizes=\"auto, (max-width: 810px) 100vw, 810px\" \/><\/a><\/p>\n<p>Jak doda\u0142, do decyzji o rozpocz\u0119ciu przygotowa\u0144 do referendum, jego inicjator\u00f3w sk\u0142oni\u0142y te\u017c kwestie zwi\u0105zane ze sposobem wydatkowania bud\u017cetu miasta. <\/p>\n<blockquote><p><em>Te pieni\u0105dze s\u0105 po prostu, naszym zdaniem, przepalane.\u00a0Wydawane na r\u00f3\u017cnego rodzaju opracowania, PR, inwigilacje &#8211; nie b\u00f3jmy si\u0119 tego powiedzie\u0107 &#8211; mieszka\u0144c\u00f3w.\u00a0Tak naprawd\u0119 ca\u0142e rz\u0105dzenie miastem jest podporz\u0105dkowane tylko i wy\u0142\u0105cznie temu, w jaki spos\u00f3b odbierane s\u0105 odpowiednie komunikaty skierowane przez Urz\u0105d Miejski<\/em><\/p><\/blockquote>\n<p>&#8211; kontynuowa\u0142 Dopiera\u0142a. <\/p>\n<p>W\u0105tpliwo\u015bci cz\u0142onk\u00f3w stowarzyszenia budz\u0105 te\u017c inne sprawy, jak m.in. uniemo\u017cliwianie radnym sprawowania kontroli nad miejskimi sp\u00f3\u0142kami, zawieranie um\u00f3w z tymi samymi wykonawcami w trybie bezprzetargowym, czy te\u017c odbiory Okr\u0105glaka, przy kt\u00f3rego budowie mia\u0142o doj\u015b\u0107 do wielu uchybie\u0144. <\/p>\n<p>Pe\u0142nomocnik odni\u00f3s\u0142 si\u0119 przy okazji do zarzut\u00f3w o koszty organizacji referendum w Gliwicach, kt\u00f3re &#8211; o ile dojdzie do skutku &#8211; poch\u0142onie oko\u0142o miliona z\u0142otych. &#8211; <em>Zwracam uwag\u0119, \u017ce to jest najmniejszy koszt, jaki mo\u017cna ponie\u015b\u0107 w zwi\u0105zku z t\u0105 inicjatyw\u0105, poniewa\u017c pozostawienie pani prezydent przy w\u0142adzy  wygeneruje tylko jeszcze wi\u0119ksze problemy<\/em> &#8211; podkre\u015bla\u0142. <\/p>\n<h4>Zainteresowanie referendum jest du\u017ce<\/h4>\n<p>Jak przekaza\u0142 podczas konferencji Dopiera\u0142a, jest bardzo du\u017ca liczba g\u0142os\u00f3w zwi\u0105zanych z ch\u0119ci\u0105 wsparcia tej inicjatywy, nie tylko w z\u0142o\u017ceniu podpis\u00f3w, ale r\u00f3wnie\u017c w postawienia skrzynek referendalnych (te p\u00f3ki co mo\u017cna znale\u017a\u0107 w 8 lokalizacjach, ale liczba punkt\u00f3w ro\u015bnie). &#8211; Ustawiamy te skrzynki we wszystkich punktach, w kt\u00f3rych mieszka\u0144cy si\u0119 zwracaj\u0105 i chc\u0105 pomaga\u0107 w tej inicjatywie &#8211; m\u00f3wi\u0142 Dopiera\u0142a. Zbi\u00f3rka g\u0142os\u00f3w poparcia ma by\u0107 te\u017c prowadzona na ulicach Gliwic.<\/p>\n<p><a href=\"https:\/\/www.24gliwice.pl\/wiadomosci\/wp-content\/uploads\/2026\/09\/referendum-dopierala-podpis1.jpg\"><img loading=\"lazy\" decoding=\"async\" src=\"https:\/\/www.24gliwice.pl\/wiadomosci\/wp-content\/uploads\/2026\/09\/referendum-dopierala-podpis1.jpg\" alt=\"\" width=\"810\" height=\"456\" class=\"alignnone size-full wp-image-275097\" srcset=\"https:\/\/www.24gliwice.pl\/wiadomosci\/wp-content\/uploads\/2026\/09\/referendum-dopierala-podpis1.jpg 810w, https:\/\/www.24gliwice.pl\/wiadomosci\/wp-content\/uploads\/2026\/09\/referendum-dopierala-podpis1-410x232.jpg 410w, https:\/\/www.24gliwice.pl\/wiadomosci\/wp-content\/uploads\/2026\/09\/referendum-dopierala-podpis1-808x455.jpg 808w, https:\/\/www.24gliwice.pl\/wiadomosci\/wp-content\/uploads\/2026\/09\/referendum-dopierala-podpis1-768x432.jpg 768w\" sizes=\"auto, (max-width: 810px) 100vw, 810px\" \/><\/a><\/p>\n<p>&#8211; <em>Zainteresowanie t\u0105 inicjatyw\u0105 jest bardzo du\u017ce.\u00a0Oko\u0142o 2,5 tysi\u0105ca podpis\u00f3w ju\u017c zosta\u0142o z\u0142o\u017conych. 10 tys. kart jest w obiegu, czyli prawdopodobnie b\u0119d\u0105 sp\u0142ywa\u0142y w mi\u0119dzyczasie. Oczywi\u015bcie ja nie mog\u0119 powiedzie\u0107, \u017ce wszystkie s\u0105 wype\u0142nione prawid\u0142owo, wi\u0119c te\u017c prosi\u0142bym, aby nie \u0142\u0105czy\u0107 tego stricte z w\u0142a\u015bciwymi podpisami, kt\u00f3re zostan\u0105 p\u00f3\u017aniej przekazane do komisarza i b\u0119d\u0105 stanowi\u0142y podstaw\u0119 ewentualnej decyzji o zarz\u0105dzeniu referendum<\/em> &#8211; kontynuowa\u0142 pe\u0142nomocnik. <\/p>\n<h4>PiS, Konfederacja, Neuman, Chmielewski czy&#8230; Frankiewicz? Czy to oni stoj\u0105 za inicjatyw\u0105 referendaln\u0105?<\/h4>\n<p>Zapytany o to, czy przedstawiciele obecnej opozycji w Radzie Miasta, a zatem &#8211; co pojawia si\u0119 w przestrzeni medi\u00f3w spo\u0142eczno\u015bciowych &#8211; by\u0142y prezydent Gliwic <strong>Adam Neumann <\/strong>(obecnie radny), a tak\u017ce cz\u0142onkowie Prawa i Sprawiedliwo\u015bci Olaf Pest, \u0141ukasz Chmielewski, czy wreszcie d\u0142ugoletni prezydent Gliwic, senator Zygmunt Frankiewicz stoj\u0105 za inicjatyw\u0105 referendaln\u0105, Dopiera\u0142a zaprzeczy\u0142. <\/p>\n<blockquote><p>Nikt za tym nie stoi. To, \u017ce tym osobom nasza inicjatywa si\u0119 podoba &#8211; tak, to m\u00f3wi\u0119 wprost, to jest oczywiste, to s\u0105 osoby, kt\u00f3re od lat krytykowa\u0142y prezydent Gliwic. I mog\u0119 powiedzie\u0107 jedno, zg\u0142aszaj\u0105 si\u0119, chc\u0105 zbiera\u0107 podpisy, chc\u0105 aktywnie uczestniczy\u0107 w tym, natomiast to nie s\u0105 osoby, kt\u00f3re w jakikolwiek spos\u00f3b stymulowa\u0142y nas do tego, \u017ceby t\u0119 inicjatyw\u0119 rozpocz\u0105\u0107 <\/p><\/blockquote>\n<p>&#8211; wyja\u015bni\u0142 pe\u0142nomocnik. <\/p>\n<p>Wed\u0142ug danych rejestrowych Stowarzyszenie Gliwice2026 zosta\u0142o za\u0142o\u017cone 17 sierpnia br. Prezesem zarz\u0105du jest Robert Dopiera\u0142a, za\u015b w komisji rewizyjnej zasiadaj\u0105 <strong>Jolanta Bia\u0142ek-Kaleta, Bartosz Kobyli\u0144ski i Andrzej Wielgus. <\/strong><\/p>\n<p>(\u017cms)<\/p>\n<div class=\"gliwi-a5-na-koncu-artykulow gliwi-entity-placement\" id=\"gliwi-2440781571\"><div id=\"gliwi-1114625172\" style=\"margin-left: auto;margin-right: auto;text-align: center;\"><a data-no-instant=\"1\" href=\"https:\/\/www.jasek.pl\/\" rel=\"noopener\" class=\"a2t-link\" target=\"_blank\" aria-label=\"20200401-jasek 600\"><img loading=\"lazy\" decoding=\"async\" src=\"https:\/\/www.24gliwice.pl\/wiadomosci\/wp-content\/uploads\/2020\/04\/20200401-jasek-600.jpg\" alt=\"\"  srcset=\"https:\/\/www.24gliwice.pl\/wiadomosci\/wp-content\/uploads\/2020\/04\/20200401-jasek-600.jpg 600w, https:\/\/www.24gliwice.pl\/wiadomosci\/wp-content\/uploads\/2020\/04\/20200401-jasek-600-410x109.jpg 410w\" sizes=\"(max-width: 600px) 100vw, 600px\" class=\"no-lazyload\" width=\"600\" height=\"160\"  style=\"display: inline-block; max-width: 100%; height: auto;\" \/><\/a><\/div><\/div>","protected":false},"excerpt":{"rendered":"<p>&#8211; Zainteresowanie inicjatyw\u0105 jest bardzo du\u017ce.\u00a0Oko\u0142o 2,5 tysi\u0105ca podpis\u00f3w ju\u017c zosta\u0142o z\u0142o\u017conych. 10 tys. kart jest w obiegu, czyli prawdopodobnie b\u0119d\u0105 sp\u0142ywa\u0142y w mi\u0119dzyczasie &#8211; m\u00f3wi przedstawiciel Stowarzyszenia Gliwice2026, kt\u00f3re d\u0105\u017cy do organizacji referendum w sprawie odwo\u0142ania prezydent Gliwic.<\/p>\n","protected":false},"author":15,"featured_media":275102,"comment_status":"open","ping_status":"closed","sticky":false,"template":"","format":"video","meta":{"_monsterinsights_skip_tracking":false,"footnotes":"","_links_to":"","_links_to_target":""},"categories":[3,1,9,8,4],"tags":[25088,14094,24343,8984],"class_list":["post-275089","post","type-post","status-publish","format-video","has-post-thumbnail","hentry","category-gliwice","category-wszystko","category-aktualnosci_lokalne","category-samorzad_polityka","category-telewizja-gliwice","tag-gliwice2026","tag-katarzyna-kuczynska-budka","tag-referendum","tag-robert-dopierala","post_format-post-format-video"],"yoast_head":"<!-- This site is optimized with the Yoast SEO plugin v28.4 - https:\/\/yoast.com\/product\/yoast-seo-wordpress\/ -->\n<title>Referendy\u015bci: &quot;Pieni\u0105dze mieszka\u0144c\u00f3w s\u0105 przepalane&quot;. Przybywa podpis\u00f3w w sprawie odwo\u0142ania Kuczy\u0144skiej-Budki - 24GLIWICE - Portal Gliwice | codziennie nowe informacje<\/title>\n<meta name=\"robots\" content=\"index, follow, max-snippet:-1, max-image-preview:large, max-video-preview:-1\" \/>\n<link rel=\"canonical\" href=\"https:\/\/www.24gliwice.pl\/wiadomosci\/referendysci-pieniadze-mieszkancow-sa-przepalane-przybywa-podpisow-w-sprawie-odwolania-kuczynskiej-budki\/\" \/>\n<meta property=\"og:locale\" content=\"pl_PL\" \/>\n<meta property=\"og:type\" content=\"article\" \/>\n<meta property=\"og:title\" content=\"Referendy\u015bci: &quot;Pieni\u0105dze mieszka\u0144c\u00f3w s\u0105 przepalane&quot;. Przybywa podpis\u00f3w w sprawie odwo\u0142ania Kuczy\u0144skiej-Budki - 24GLIWICE - Portal Gliwice | codziennie nowe informacje\" \/>\n<meta property=\"og:description\" content=\"&#8211; Zainteresowanie inicjatyw\u0105 jest bardzo du\u017ce.\u00a0Oko\u0142o 2,5 tysi\u0105ca podpis\u00f3w ju\u017c zosta\u0142o z\u0142o\u017conych. 10 tys. kart jest w obiegu, czyli prawdopodobnie b\u0119d\u0105 sp\u0142ywa\u0142y w mi\u0119dzyczasie &#8211; m\u00f3wi przedstawiciel Stowarzyszenia Gliwice2026, kt\u00f3re d\u0105\u017cy do organizacji referendum w sprawie odwo\u0142ania prezydent Gliwic.\" \/>\n<meta property=\"og:url\" content=\"https:\/\/www.24gliwice.pl\/wiadomosci\/referendysci-pieniadze-mieszkancow-sa-przepalane-przybywa-podpisow-w-sprawie-odwolania-kuczynskiej-budki\/\" \/>\n<meta property=\"og:site_name\" content=\"24GLIWICE - Portal Gliwice | codziennie nowe informacje\" \/>\n<meta property=\"article:publisher\" content=\"https:\/\/www.facebook.com\/24gliwice\" \/>\n<meta property=\"article:published_time\" content=\"2026-09-03T12:15:35+00:00\" \/>\n<meta property=\"og:image\" content=\"https:\/\/www.24gliwice.pl\/wiadomosci\/wp-content\/uploads\/2026\/09\/referendum-dopierala-poprawione-001.jpg\" \/>\n\t<meta property=\"og:image:width\" content=\"810\" \/>\n\t<meta property=\"og:image:height\" content=\"457\" \/>\n\t<meta property=\"og:image:type\" content=\"image\/jpeg\" \/>\n<meta name=\"author\" content=\"\u017baneta Mrozek-Siewierska\" \/>\n<meta name=\"twitter:card\" content=\"summary_large_image\" \/>\n<meta name=\"twitter:creator\" content=\"@24gliwice\" \/>\n<meta name=\"twitter:site\" content=\"@24gliwice\" \/>\n<meta name=\"twitter:label1\" content=\"Napisane przez\" \/>\n\t<meta name=\"twitter:data1\" content=\"\u017baneta Mrozek-Siewierska\" \/>\n\t<meta name=\"twitter:label2\" content=\"Szacowany czas czytania\" \/>\n\t<meta name=\"twitter:data2\" content=\"5 minut\" \/>\n<script type=\"application\/ld+json\" class=\"yoast-schema-graph\">{\"@context\":\"https:\\\/\\\/schema.org\",\"@graph\":[{\"@type\":\"Article\",\"@id\":\"https:\\\/\\\/www.24gliwice.pl\\\/wiadomosci\\\/referendysci-pieniadze-mieszkancow-sa-przepalane-przybywa-podpisow-w-sprawie-odwolania-kuczynskiej-budki\\\/#article\",\"isPartOf\":{\"@id\":\"https:\\\/\\\/www.24gliwice.pl\\\/wiadomosci\\\/referendysci-pieniadze-mieszkancow-sa-przepalane-przybywa-podpisow-w-sprawie-odwolania-kuczynskiej-budki\\\/\"},\"author\":{\"name\":\"\u017baneta Mrozek-Siewierska\",\"@id\":\"https:\\\/\\\/www.24gliwice.pl\\\/wiadomosci\\\/#\\\/schema\\\/person\\\/e42c650edd7f2fa332be3811fb166b6e\"},\"headline\":\"Referendy\u015bci: &#8220;Pieni\u0105dze mieszka\u0144c\u00f3w s\u0105 przepalane&#8221;. Przybywa podpis\u00f3w w sprawie odwo\u0142ania Kuczy\u0144skiej-Budki\",\"datePublished\":\"2026-09-03T12:15:35+00:00\",\"mainEntityOfPage\":{\"@id\":\"https:\\\/\\\/www.24gliwice.pl\\\/wiadomosci\\\/referendysci-pieniadze-mieszkancow-sa-przepalane-przybywa-podpisow-w-sprawie-odwolania-kuczynskiej-budki\\\/\"},\"wordCount\":908,\"commentCount\":9,\"publisher\":{\"@id\":\"https:\\\/\\\/www.24gliwice.pl\\\/wiadomosci\\\/#organization\"},\"image\":{\"@id\":\"https:\\\/\\\/www.24gliwice.pl\\\/wiadomosci\\\/referendysci-pieniadze-mieszkancow-sa-przepalane-przybywa-podpisow-w-sprawie-odwolania-kuczynskiej-budki\\\/#primaryimage\"},\"thumbnailUrl\":\"https:\\\/\\\/www.24gliwice.pl\\\/wiadomosci\\\/wp-content\\\/uploads\\\/2026\\\/09\\\/referendum-dopierala-poprawione-001.jpg\",\"keywords\":[\"GLIWICE2026\",\"KATARZYNA KUCZY\u0143SKA-BUDKA\",\"REFERENDUM\",\"robert dopiera\u0142a\"],\"articleSection\":[\"Gliwice\",\"Najnowsze wiadomo\u015bci\",\"Portal Gliwice - Wiadomo\u015bci lokalne\",\"Samorz\u0105d, polityka\",\"Telewizja, materia\u0142y wideo\"],\"inLanguage\":\"pl-PL\",\"potentialAction\":[{\"@type\":\"CommentAction\",\"name\":\"Comment\",\"target\":[\"https:\\\/\\\/www.24gliwice.pl\\\/wiadomosci\\\/referendysci-pieniadze-mieszkancow-sa-przepalane-przybywa-podpisow-w-sprawie-odwolania-kuczynskiej-budki\\\/#respond\"]}]},{\"@type\":\"WebPage\",\"@id\":\"https:\\\/\\\/www.24gliwice.pl\\\/wiadomosci\\\/referendysci-pieniadze-mieszkancow-sa-przepalane-przybywa-podpisow-w-sprawie-odwolania-kuczynskiej-budki\\\/\",\"url\":\"https:\\\/\\\/www.24gliwice.pl\\\/wiadomosci\\\/referendysci-pieniadze-mieszkancow-sa-przepalane-przybywa-podpisow-w-sprawie-odwolania-kuczynskiej-budki\\\/\",\"name\":\"Referendy\u015bci: \\\"Pieni\u0105dze mieszka\u0144c\u00f3w s\u0105 przepalane\\\". Przybywa podpis\u00f3w w sprawie odwo\u0142ania Kuczy\u0144skiej-Budki - 24GLIWICE - Portal Gliwice | codziennie nowe informacje\",\"isPartOf\":{\"@id\":\"https:\\\/\\\/www.24gliwice.pl\\\/wiadomosci\\\/#website\"},\"primaryImageOfPage\":{\"@id\":\"https:\\\/\\\/www.24gliwice.pl\\\/wiadomosci\\\/referendysci-pieniadze-mieszkancow-sa-przepalane-przybywa-podpisow-w-sprawie-odwolania-kuczynskiej-budki\\\/#primaryimage\"},\"image\":{\"@id\":\"https:\\\/\\\/www.24gliwice.pl\\\/wiadomosci\\\/referendysci-pieniadze-mieszkancow-sa-przepalane-przybywa-podpisow-w-sprawie-odwolania-kuczynskiej-budki\\\/#primaryimage\"},\"thumbnailUrl\":\"https:\\\/\\\/www.24gliwice.pl\\\/wiadomosci\\\/wp-content\\\/uploads\\\/2026\\\/09\\\/referendum-dopierala-poprawione-001.jpg\",\"datePublished\":\"2026-09-03T12:15:35+00:00\",\"breadcrumb\":{\"@id\":\"https:\\\/\\\/www.24gliwice.pl\\\/wiadomosci\\\/referendysci-pieniadze-mieszkancow-sa-przepalane-przybywa-podpisow-w-sprawie-odwolania-kuczynskiej-budki\\\/#breadcrumb\"},\"inLanguage\":\"pl-PL\",\"potentialAction\":[{\"@type\":\"ReadAction\",\"target\":[\"https:\\\/\\\/www.24gliwice.pl\\\/wiadomosci\\\/referendysci-pieniadze-mieszkancow-sa-przepalane-przybywa-podpisow-w-sprawie-odwolania-kuczynskiej-budki\\\/\"]}]},{\"@type\":\"ImageObject\",\"inLanguage\":\"pl-PL\",\"@id\":\"https:\\\/\\\/www.24gliwice.pl\\\/wiadomosci\\\/referendysci-pieniadze-mieszkancow-sa-przepalane-przybywa-podpisow-w-sprawie-odwolania-kuczynskiej-budki\\\/#primaryimage\",\"url\":\"https:\\\/\\\/www.24gliwice.pl\\\/wiadomosci\\\/wp-content\\\/uploads\\\/2026\\\/09\\\/referendum-dopierala-poprawione-001.jpg\",\"contentUrl\":\"https:\\\/\\\/www.24gliwice.pl\\\/wiadomosci\\\/wp-content\\\/uploads\\\/2026\\\/09\\\/referendum-dopierala-poprawione-001.jpg\",\"width\":810,\"height\":457},{\"@type\":\"BreadcrumbList\",\"@id\":\"https:\\\/\\\/www.24gliwice.pl\\\/wiadomosci\\\/referendysci-pieniadze-mieszkancow-sa-przepalane-przybywa-podpisow-w-sprawie-odwolania-kuczynskiej-budki\\\/#breadcrumb\",\"itemListElement\":[{\"@type\":\"ListItem\",\"position\":1,\"name\":\"Strona g\u0142\u00f3wna\",\"item\":\"https:\\\/\\\/www.24gliwice.pl\\\/wiadomosci\\\/\"},{\"@type\":\"ListItem\",\"position\":2,\"name\":\"Referendy\u015bci: &#8220;Pieni\u0105dze mieszka\u0144c\u00f3w s\u0105 przepalane&#8221;. Przybywa podpis\u00f3w w sprawie odwo\u0142ania Kuczy\u0144skiej-Budki\"}]},{\"@type\":\"WebSite\",\"@id\":\"https:\\\/\\\/www.24gliwice.pl\\\/wiadomosci\\\/#website\",\"url\":\"https:\\\/\\\/www.24gliwice.pl\\\/wiadomosci\\\/\",\"name\":\"24GLIWICE - Portal Gliwice | codziennie nowe wiadomo\u015bci\",\"description\":\"Portal Miejski Gliwice\",\"publisher\":{\"@id\":\"https:\\\/\\\/www.24gliwice.pl\\\/wiadomosci\\\/#organization\"},\"potentialAction\":[{\"@type\":\"SearchAction\",\"target\":{\"@type\":\"EntryPoint\",\"urlTemplate\":\"https:\\\/\\\/www.24gliwice.pl\\\/wiadomosci\\\/?s={search_term_string}\"},\"query-input\":{\"@type\":\"PropertyValueSpecification\",\"valueRequired\":true,\"valueName\":\"search_term_string\"}}],\"inLanguage\":\"pl-PL\"},{\"@type\":\"Organization\",\"@id\":\"https:\\\/\\\/www.24gliwice.pl\\\/wiadomosci\\\/#organization\",\"name\":\"24gliwice\",\"url\":\"https:\\\/\\\/www.24gliwice.pl\\\/wiadomosci\\\/\",\"logo\":{\"@type\":\"ImageObject\",\"inLanguage\":\"pl-PL\",\"@id\":\"https:\\\/\\\/www.24gliwice.pl\\\/wiadomosci\\\/#\\\/schema\\\/logo\\\/image\\\/\",\"url\":\"https:\\\/\\\/www.24gliwice.pl\\\/wiadomosci\\\/wp-content\\\/uploads\\\/2024\\\/10\\\/24gliwice-logo-696.jpg\",\"contentUrl\":\"https:\\\/\\\/www.24gliwice.pl\\\/wiadomosci\\\/wp-content\\\/uploads\\\/2024\\\/10\\\/24gliwice-logo-696.jpg\",\"width\":696,\"height\":696,\"caption\":\"24gliwice\"},\"image\":{\"@id\":\"https:\\\/\\\/www.24gliwice.pl\\\/wiadomosci\\\/#\\\/schema\\\/logo\\\/image\\\/\"},\"sameAs\":[\"https:\\\/\\\/www.facebook.com\\\/24gliwice\",\"https:\\\/\\\/x.com\\\/24gliwice\",\"https:\\\/\\\/www.youtube.com\\\/@24gliwice\"]},{\"@type\":\"Person\",\"@id\":\"https:\\\/\\\/www.24gliwice.pl\\\/wiadomosci\\\/#\\\/schema\\\/person\\\/e42c650edd7f2fa332be3811fb166b6e\",\"name\":\"\u017baneta Mrozek-Siewierska\",\"image\":{\"@type\":\"ImageObject\",\"inLanguage\":\"pl-PL\",\"@id\":\"https:\\\/\\\/secure.gravatar.com\\\/avatar\\\/1881429e9c64597c77ad7aef2d0a19be69a3253e57534d16aa15bf3a4d34a0a3?s=96&d=mm&r=g\",\"url\":\"https:\\\/\\\/secure.gravatar.com\\\/avatar\\\/1881429e9c64597c77ad7aef2d0a19be69a3253e57534d16aa15bf3a4d34a0a3?s=96&d=mm&r=g\",\"contentUrl\":\"https:\\\/\\\/secure.gravatar.com\\\/avatar\\\/1881429e9c64597c77ad7aef2d0a19be69a3253e57534d16aa15bf3a4d34a0a3?s=96&d=mm&r=g\",\"caption\":\"\u017baneta Mrozek-Siewierska\"},\"url\":\"https:\\\/\\\/www.24gliwice.pl\\\/wiadomosci\\\/author\\\/zms\\\/\"}]}<\/script>\n<!-- \/ Yoast SEO plugin. -->","yoast_head_json":{"title":"Referendy\u015bci: \"Pieni\u0105dze mieszka\u0144c\u00f3w s\u0105 przepalane\". Przybywa podpis\u00f3w w sprawie odwo\u0142ania Kuczy\u0144skiej-Budki - 24GLIWICE - Portal Gliwice | codziennie nowe informacje","robots":{"index":"index","follow":"follow","max-snippet":"max-snippet:-1","max-image-preview":"max-image-preview:large","max-video-preview":"max-video-preview:-1"},"canonical":"https:\/\/www.24gliwice.pl\/wiadomosci\/referendysci-pieniadze-mieszkancow-sa-przepalane-przybywa-podpisow-w-sprawie-odwolania-kuczynskiej-budki\/","og_locale":"pl_PL","og_type":"article","og_title":"Referendy\u015bci: \"Pieni\u0105dze mieszka\u0144c\u00f3w s\u0105 przepalane\". Przybywa podpis\u00f3w w sprawie odwo\u0142ania Kuczy\u0144skiej-Budki - 24GLIWICE - Portal Gliwice | codziennie nowe informacje","og_description":"&#8211; Zainteresowanie inicjatyw\u0105 jest bardzo du\u017ce.\u00a0Oko\u0142o 2,5 tysi\u0105ca podpis\u00f3w ju\u017c zosta\u0142o z\u0142o\u017conych. 10 tys. kart jest w obiegu, czyli prawdopodobnie b\u0119d\u0105 sp\u0142ywa\u0142y w mi\u0119dzyczasie &#8211; m\u00f3wi przedstawiciel Stowarzyszenia Gliwice2026, kt\u00f3re d\u0105\u017cy do organizacji referendum w sprawie odwo\u0142ania prezydent Gliwic.","og_url":"https:\/\/www.24gliwice.pl\/wiadomosci\/referendysci-pieniadze-mieszkancow-sa-przepalane-przybywa-podpisow-w-sprawie-odwolania-kuczynskiej-budki\/","og_site_name":"24GLIWICE - Portal Gliwice | codziennie nowe informacje","article_publisher":"https:\/\/www.facebook.com\/24gliwice","article_published_time":"2026-09-03T12:15:35+00:00","og_image":[{"width":810,"height":457,"url":"https:\/\/www.24gliwice.pl\/wiadomosci\/wp-content\/uploads\/2026\/09\/referendum-dopierala-poprawione-001.jpg","type":"image\/jpeg"}],"author":"\u017baneta Mrozek-Siewierska","twitter_card":"summary_large_image","twitter_creator":"@24gliwice","twitter_site":"@24gliwice","twitter_misc":{"Napisane przez":"\u017baneta Mrozek-Siewierska","Szacowany czas czytania":"5 minut"},"schema":{"@context":"https:\/\/schema.org","@graph":[{"@type":"Article","@id":"https:\/\/www.24gliwice.pl\/wiadomosci\/referendysci-pieniadze-mieszkancow-sa-przepalane-przybywa-podpisow-w-sprawie-odwolania-kuczynskiej-budki\/#article","isPartOf":{"@id":"https:\/\/www.24gliwice.pl\/wiadomosci\/referendysci-pieniadze-mieszkancow-sa-przepalane-przybywa-podpisow-w-sprawie-odwolania-kuczynskiej-budki\/"},"author":{"name":"\u017baneta Mrozek-Siewierska","@id":"https:\/\/www.24gliwice.pl\/wiadomosci\/#\/schema\/person\/e42c650edd7f2fa332be3811fb166b6e"},"headline":"Referendy\u015bci: &#8220;Pieni\u0105dze mieszka\u0144c\u00f3w s\u0105 przepalane&#8221;. Przybywa podpis\u00f3w w sprawie odwo\u0142ania Kuczy\u0144skiej-Budki","datePublished":"2026-09-03T12:15:35+00:00","mainEntityOfPage":{"@id":"https:\/\/www.24gliwice.pl\/wiadomosci\/referendysci-pieniadze-mieszkancow-sa-przepalane-przybywa-podpisow-w-sprawie-odwolania-kuczynskiej-budki\/"},"wordCount":908,"commentCount":9,"publisher":{"@id":"https:\/\/www.24gliwice.pl\/wiadomosci\/#organization"},"image":{"@id":"https:\/\/www.24gliwice.pl\/wiadomosci\/referendysci-pieniadze-mieszkancow-sa-przepalane-przybywa-podpisow-w-sprawie-odwolania-kuczynskiej-budki\/#primaryimage"},"thumbnailUrl":"https:\/\/www.24gliwice.pl\/wiadomosci\/wp-content\/uploads\/2026\/09\/referendum-dopierala-poprawione-001.jpg","keywords":["GLIWICE2026","KATARZYNA KUCZY\u0143SKA-BUDKA","REFERENDUM","robert dopiera\u0142a"],"articleSection":["Gliwice","Najnowsze wiadomo\u015bci","Portal Gliwice - Wiadomo\u015bci lokalne","Samorz\u0105d, polityka","Telewizja, materia\u0142y wideo"],"inLanguage":"pl-PL","potentialAction":[{"@type":"CommentAction","name":"Comment","target":["https:\/\/www.24gliwice.pl\/wiadomosci\/referendysci-pieniadze-mieszkancow-sa-przepalane-przybywa-podpisow-w-sprawie-odwolania-kuczynskiej-budki\/#respond"]}]},{"@type":"WebPage","@id":"https:\/\/www.24gliwice.pl\/wiadomosci\/referendysci-pieniadze-mieszkancow-sa-przepalane-przybywa-podpisow-w-sprawie-odwolania-kuczynskiej-budki\/","url":"https:\/\/www.24gliwice.pl\/wiadomosci\/referendysci-pieniadze-mieszkancow-sa-przepalane-przybywa-podpisow-w-sprawie-odwolania-kuczynskiej-budki\/","name":"Referendy\u015bci: \"Pieni\u0105dze mieszka\u0144c\u00f3w s\u0105 przepalane\". Przybywa podpis\u00f3w w sprawie odwo\u0142ania Kuczy\u0144skiej-Budki - 24GLIWICE - Portal Gliwice | codziennie nowe informacje","isPartOf":{"@id":"https:\/\/www.24gliwice.pl\/wiadomosci\/#website"},"primaryImageOfPage":{"@id":"https:\/\/www.24gliwice.pl\/wiadomosci\/referendysci-pieniadze-mieszkancow-sa-przepalane-przybywa-podpisow-w-sprawie-odwolania-kuczynskiej-budki\/#primaryimage"},"image":{"@id":"https:\/\/www.24gliwice.pl\/wiadomosci\/referendysci-pieniadze-mieszkancow-sa-przepalane-przybywa-podpisow-w-sprawie-odwolania-kuczynskiej-budki\/#primaryimage"},"thumbnailUrl":"https:\/\/www.24gliwice.pl\/wiadomosci\/wp-content\/uploads\/2026\/09\/referendum-dopierala-poprawione-001.jpg","datePublished":"2026-09-03T12:15:35+00:00","breadcrumb":{"@id":"https:\/\/www.24gliwice.pl\/wiadomosci\/referendysci-pieniadze-mieszkancow-sa-przepalane-przybywa-podpisow-w-sprawie-odwolania-kuczynskiej-budki\/#breadcrumb"},"inLanguage":"pl-PL","potentialAction":[{"@type":"ReadAction","target":["https:\/\/www.24gliwice.pl\/wiadomosci\/referendysci-pieniadze-mieszkancow-sa-przepalane-przybywa-podpisow-w-sprawie-odwolania-kuczynskiej-budki\/"]}]},{"@type":"ImageObject","inLanguage":"pl-PL","@id":"https:\/\/www.24gliwice.pl\/wiadomosci\/referendysci-pieniadze-mieszkancow-sa-przepalane-przybywa-podpisow-w-sprawie-odwolania-kuczynskiej-budki\/#primaryimage","url":"https:\/\/www.24gliwice.pl\/wiadomosci\/wp-content\/uploads\/2026\/09\/referendum-dopierala-poprawione-001.jpg","contentUrl":"https:\/\/www.24gliwice.pl\/wiadomosci\/wp-content\/uploads\/2026\/09\/referendum-dopierala-poprawione-001.jpg","width":810,"height":457},{"@type":"BreadcrumbList","@id":"https:\/\/www.24gliwice.pl\/wiadomosci\/referendysci-pieniadze-mieszkancow-sa-przepalane-przybywa-podpisow-w-sprawie-odwolania-kuczynskiej-budki\/#breadcrumb","itemListElement":[{"@type":"ListItem","position":1,"name":"Strona g\u0142\u00f3wna","item":"https:\/\/www.24gliwice.pl\/wiadomosci\/"},{"@type":"ListItem","position":2,"name":"Referendy\u015bci: &#8220;Pieni\u0105dze mieszka\u0144c\u00f3w s\u0105 przepalane&#8221;. Przybywa podpis\u00f3w w sprawie odwo\u0142ania Kuczy\u0144skiej-Budki"}]},{"@type":"WebSite","@id":"https:\/\/www.24gliwice.pl\/wiadomosci\/#website","url":"https:\/\/www.24gliwice.pl\/wiadomosci\/","name":"24GLIWICE - Portal Gliwice | codziennie nowe wiadomo\u015bci","description":"Portal Miejski Gliwice","publisher":{"@id":"https:\/\/www.24gliwice.pl\/wiadomosci\/#organization"},"potentialAction":[{"@type":"SearchAction","target":{"@type":"EntryPoint","urlTemplate":"https:\/\/www.24gliwice.pl\/wiadomosci\/?s={search_term_string}"},"query-input":{"@type":"PropertyValueSpecification","valueRequired":true,"valueName":"search_term_string"}}],"inLanguage":"pl-PL"},{"@type":"Organization","@id":"https:\/\/www.24gliwice.pl\/wiadomosci\/#organization","name":"24gliwice","url":"https:\/\/www.24gliwice.pl\/wiadomosci\/","logo":{"@type":"ImageObject","inLanguage":"pl-PL","@id":"https:\/\/www.24gliwice.pl\/wiadomosci\/#\/schema\/logo\/image\/","url":"https:\/\/www.24gliwice.pl\/wiadomosci\/wp-content\/uploads\/2024\/10\/24gliwice-logo-696.jpg","contentUrl":"https:\/\/www.24gliwice.pl\/wiadomosci\/wp-content\/uploads\/2024\/10\/24gliwice-logo-696.jpg","width":696,"height":696,"caption":"24gliwice"},"image":{"@id":"https:\/\/www.24gliwice.pl\/wiadomosci\/#\/schema\/logo\/image\/"},"sameAs":["https:\/\/www.facebook.com\/24gliwice","https:\/\/x.com\/24gliwice","https:\/\/www.youtube.com\/@24gliwice"]},{"@type":"Person","@id":"https:\/\/www.24gliwice.pl\/wiadomosci\/#\/schema\/person\/e42c650edd7f2fa332be3811fb166b6e","name":"\u017baneta Mrozek-Siewierska","image":{"@type":"ImageObject","inLanguage":"pl-PL","@id":"https:\/\/secure.gravatar.com\/avatar\/1881429e9c64597c77ad7aef2d0a19be69a3253e57534d16aa15bf3a4d34a0a3?s=96&d=mm&r=g","url":"https:\/\/secure.gravatar.com\/avatar\/1881429e9c64597c77ad7aef2d0a19be69a3253e57534d16aa15bf3a4d34a0a3?s=96&d=mm&r=g","contentUrl":"https:\/\/secure.gravatar.com\/avatar\/1881429e9c64597c77ad7aef2d0a19be69a3253e57534d16aa15bf3a4d34a0a3?s=96&d=mm&r=g","caption":"\u017baneta Mrozek-Siewierska"},"url":"https:\/\/www.24gliwice.pl\/wiadomosci\/author\/zms\/"}]}},"_links":{"self":[{"href":"https:\/\/www.24gliwice.pl\/wiadomosci\/wp-json\/wp\/v2\/posts\/275089","targetHints":{"allow":["GET"]}}],"collection":[{"href":"https:\/\/www.24gliwice.pl\/wiadomosci\/wp-json\/wp\/v2\/posts"}],"about":[{"href":"https:\/\/www.24gliwice.pl\/wiadomosci\/wp-json\/wp\/v2\/types\/post"}],"author":[{"embeddable":true,"href":"https:\/\/www.24gliwice.pl\/wiadomosci\/wp-json\/wp\/v2\/users\/15"}],"replies":[{"embeddable":true,"href":"https:\/\/www.24gliwice.pl\/wiadomosci\/wp-json\/wp\/v2\/comments?post=275089"}],"version-history":[{"count":12,"href":"https:\/\/www.24gliwice.pl\/wiadomosci\/wp-json\/wp\/v2\/posts\/275089\/revisions"}],"predecessor-version":[{"id":275107,"href":"https:\/\/www.24gliwice.pl\/wiadomosci\/wp-json\/wp\/v2\/posts\/275089\/revisions\/275107"}],"wp:featuredmedia":[{"embeddable":true,"href":"https:\/\/www.24gliwice.pl\/wiadomosci\/wp-json\/wp\/v2\/media\/275102"}],"wp:attachment":[{"href":"https:\/\/www.24gliwice.pl\/wiadomosci\/wp-json\/wp\/v2\/media?parent=275089"}],"wp:term":[{"taxonomy":"category","embeddable":true,"href":"https:\/\/www.24gliwice.pl\/wiadomosci\/wp-json\/wp\/v2\/categories?post=275089"},{"taxonomy":"post_tag","embeddable":true,"href":"https:\/\/www.24gliwice.pl\/wiadomosci\/wp-json\/wp\/v2\/tags?post=275089"}],"curies":[{"name":"wp","href":"https:\/\/api.w.org\/{rel}","templated":true}]}}