{"id":275111,"date":"2026-09-04T08:08:39","date_gmt":"2026-09-04T06:08:39","guid":{"rendered":"https:\/\/www.24gliwice.pl\/wiadomosci\/?p=275111"},"modified":"2026-09-04T08:08:39","modified_gmt":"2026-09-04T06:08:39","slug":"tragiczny-wypadek-nie-zyje-kierowca-osobowki-droga-jest-calkowicie-zablokowana","status":"publish","type":"post","link":"https:\/\/www.24gliwice.pl\/wiadomosci\/tragiczny-wypadek-nie-zyje-kierowca-osobowki-droga-jest-calkowicie-zablokowana\/","title":{"rendered":"Tragiczny wypadek &#8211; nie \u017cyje kierowca osob\u00f3wki. Droga jest ca\u0142kowicie zablokowana"},"content":{"rendered":"<div class=\"gliwi-a6-nad-leadem-artykulow gliwi-entity-placement\" id=\"gliwi-1944982811\"><div id=\"gliwi-4278420135\" style=\"margin-bottom: 25px;margin-left: auto;margin-right: auto;text-align: center;\"><a data-no-instant=\"1\" href=\"https:\/\/dom100.eu\/\" rel=\"noopener\" class=\"a2t-link\" target=\"_blank\" aria-label=\"20260827 750x200_baner_Dni_Otwarte_dom100\"><img loading=\"lazy\" decoding=\"async\" src=\"https:\/\/www.24gliwice.pl\/wiadomosci\/wp-content\/uploads\/2025\/09\/20260827-750x200_baner_Dni_Otwarte_dom100.jpg\" alt=\"\"  srcset=\"https:\/\/www.24gliwice.pl\/wiadomosci\/wp-content\/uploads\/2025\/09\/20260827-750x200_baner_Dni_Otwarte_dom100.jpg 750w, https:\/\/www.24gliwice.pl\/wiadomosci\/wp-content\/uploads\/2025\/09\/20260827-750x200_baner_Dni_Otwarte_dom100-410x109.jpg 410w\" sizes=\"(max-width: 750px) 100vw, 750px\" class=\"no-lazyload\" width=\"750\" height=\"200\"  style=\"display: inline-block; max-width: 100%; height: auto;\" \/><\/a><\/div><\/div><h2>Tragiczny wypadek w miejscowo\u015bci Bojsz\u00f3w w powiecie gliwickim &#8211; w pi\u0105tek, 4 wrze\u015bnia, na ul. Ko\u015bciuszki zgin\u0105\u0142 kierowca samochodu.<\/h2>\n<p>Do wypadku dosz\u0142o oko\u0142o godziny 6:00. Na miejscu trwaj\u0105 ustalenia szczeg\u00f3\u0142owego przebiegu zdarzenia. <\/p>\n<p><a href=\"https:\/\/www.24gliwice.pl\/wiadomosci\/wp-content\/uploads\/2026\/09\/FB_IMG_1788501161986.jpg\"><img loading=\"lazy\" decoding=\"async\" src=\"https:\/\/www.24gliwice.pl\/wiadomosci\/wp-content\/uploads\/2026\/09\/FB_IMG_1788501161986.jpg\" alt=\"\" width=\"2000\" height=\"1500\" class=\"alignnone size-full wp-image-275116\" srcset=\"https:\/\/www.24gliwice.pl\/wiadomosci\/wp-content\/uploads\/2026\/09\/FB_IMG_1788501161986.jpg 2000w, https:\/\/www.24gliwice.pl\/wiadomosci\/wp-content\/uploads\/2026\/09\/FB_IMG_1788501161986-309x232.jpg 309w, https:\/\/www.24gliwice.pl\/wiadomosci\/wp-content\/uploads\/2026\/09\/FB_IMG_1788501161986-607x455.jpg 607w, https:\/\/www.24gliwice.pl\/wiadomosci\/wp-content\/uploads\/2026\/09\/FB_IMG_1788501161986-768x576.jpg 768w, https:\/\/www.24gliwice.pl\/wiadomosci\/wp-content\/uploads\/2026\/09\/FB_IMG_1788501161986-1536x1152.jpg 1536w, https:\/\/www.24gliwice.pl\/wiadomosci\/wp-content\/uploads\/2026\/09\/FB_IMG_1788501161986-810x608.jpg 810w, https:\/\/www.24gliwice.pl\/wiadomosci\/wp-content\/uploads\/2026\/09\/FB_IMG_1788501161986-1140x855.jpg 1140w\" sizes=\"auto, (max-width: 2000px) 100vw, 2000px\" \/><\/a><\/p>\n<p><a href=\"https:\/\/www.24gliwice.pl\/wiadomosci\/wp-content\/uploads\/2026\/09\/FB_IMG_1788501165676.jpg\"><img loading=\"lazy\" decoding=\"async\" src=\"https:\/\/www.24gliwice.pl\/wiadomosci\/wp-content\/uploads\/2026\/09\/FB_IMG_1788501165676.jpg\" alt=\"\" width=\"2000\" height=\"1500\" class=\"alignnone size-full wp-image-275115\" srcset=\"https:\/\/www.24gliwice.pl\/wiadomosci\/wp-content\/uploads\/2026\/09\/FB_IMG_1788501165676.jpg 2000w, https:\/\/www.24gliwice.pl\/wiadomosci\/wp-content\/uploads\/2026\/09\/FB_IMG_1788501165676-309x232.jpg 309w, https:\/\/www.24gliwice.pl\/wiadomosci\/wp-content\/uploads\/2026\/09\/FB_IMG_1788501165676-607x455.jpg 607w, https:\/\/www.24gliwice.pl\/wiadomosci\/wp-content\/uploads\/2026\/09\/FB_IMG_1788501165676-768x576.jpg 768w, https:\/\/www.24gliwice.pl\/wiadomosci\/wp-content\/uploads\/2026\/09\/FB_IMG_1788501165676-1536x1152.jpg 1536w, https:\/\/www.24gliwice.pl\/wiadomosci\/wp-content\/uploads\/2026\/09\/FB_IMG_1788501165676-810x608.jpg 810w, https:\/\/www.24gliwice.pl\/wiadomosci\/wp-content\/uploads\/2026\/09\/FB_IMG_1788501165676-1140x855.jpg 1140w\" sizes=\"auto, (max-width: 2000px) 100vw, 2000px\" \/><\/a><\/p>\n<p>&#8211; <em>Droga jest ca\u0142kowicie zablokowana. Apelujemy do wszystkich kieruj\u0105cych o zachowanie ostro\u017cno\u015bci i stosowanie si\u0119 do polece\u0144 policji<\/em> &#8211; informuje KMP Gliwice w internetowym wpisie.<\/p><div class=\"gliwi-a3-w-tresci-artykulow gliwi-entity-placement\" id=\"gliwi-101137571\"><div id=\"gliwi-546742714\" style=\"margin-bottom: 30px;margin-left: auto;margin-right: auto;text-align: center;\"><a data-no-instant=\"1\" href=\"https:\/\/ogrodyandersa.pl\/\" rel=\"noopener\" class=\"a2t-link\" target=\"_blank\" aria-label=\"750 x 200 &#8211; Box \u015ar\u00f3dtekstowy &#8211; ADS Ogrody Andersa v1\"><img loading=\"lazy\" decoding=\"async\" src=\"https:\/\/www.24gliwice.pl\/wiadomosci\/wp-content\/uploads\/2026\/02\/750-x-200-Box-Srodtekstowy-ADS-Ogrody-Andersa-v1.jpg\" alt=\"\"  srcset=\"https:\/\/www.24gliwice.pl\/wiadomosci\/wp-content\/uploads\/2026\/02\/750-x-200-Box-Srodtekstowy-ADS-Ogrody-Andersa-v1.jpg 750w, https:\/\/www.24gliwice.pl\/wiadomosci\/wp-content\/uploads\/2026\/02\/750-x-200-Box-Srodtekstowy-ADS-Ogrody-Andersa-v1-410x109.jpg 410w\" sizes=\"(max-width: 750px) 100vw, 750px\" class=\"no-lazyload\" width=\"750\" height=\"200\"  style=\"display: inline-block; max-width: 100%; height: auto;\" \/><\/a><\/div><div id=\"gliwi-2646515716\" style=\"margin-bottom: 30px;margin-left: auto;margin-right: auto;text-align: center;\"><a data-no-instant=\"1\" href=\"https:\/\/zlobek.halogen.org.pl\/\" rel=\"noopener\" class=\"a2t-link\" target=\"_blank\" aria-label=\"animator-zlobek_750x200\"><img loading=\"lazy\" decoding=\"async\" src=\"https:\/\/www.24gliwice.pl\/wiadomosci\/wp-content\/uploads\/2026\/02\/animator-zlobek_750x200.webp\" alt=\"\"  srcset=\"https:\/\/www.24gliwice.pl\/wiadomosci\/wp-content\/uploads\/2026\/02\/animator-zlobek_750x200.webp 750w, https:\/\/www.24gliwice.pl\/wiadomosci\/wp-content\/uploads\/2026\/02\/animator-zlobek_750x200-410x109.webp 410w\" sizes=\"(max-width: 750px) 100vw, 750px\" class=\"no-lazyload\" width=\"750\" height=\"200\"  style=\"display: inline-block; max-width: 100%; height: auto;\" \/><\/a><\/div><\/div>\n<p><a href=\"https:\/\/www.24gliwice.pl\/wiadomosci\/wp-content\/uploads\/2026\/09\/FB_IMG_1788501168380.jpg\"><img loading=\"lazy\" decoding=\"async\" src=\"https:\/\/www.24gliwice.pl\/wiadomosci\/wp-content\/uploads\/2026\/09\/FB_IMG_1788501168380.jpg\" alt=\"\" width=\"2000\" height=\"1500\" class=\"alignnone size-full wp-image-275114\" srcset=\"https:\/\/www.24gliwice.pl\/wiadomosci\/wp-content\/uploads\/2026\/09\/FB_IMG_1788501168380.jpg 2000w, https:\/\/www.24gliwice.pl\/wiadomosci\/wp-content\/uploads\/2026\/09\/FB_IMG_1788501168380-309x232.jpg 309w, https:\/\/www.24gliwice.pl\/wiadomosci\/wp-content\/uploads\/2026\/09\/FB_IMG_1788501168380-607x455.jpg 607w, https:\/\/www.24gliwice.pl\/wiadomosci\/wp-content\/uploads\/2026\/09\/FB_IMG_1788501168380-768x576.jpg 768w, https:\/\/www.24gliwice.pl\/wiadomosci\/wp-content\/uploads\/2026\/09\/FB_IMG_1788501168380-1536x1152.jpg 1536w, https:\/\/www.24gliwice.pl\/wiadomosci\/wp-content\/uploads\/2026\/09\/FB_IMG_1788501168380-810x608.jpg 810w, https:\/\/www.24gliwice.pl\/wiadomosci\/wp-content\/uploads\/2026\/09\/FB_IMG_1788501168380-1140x855.jpg 1140w\" sizes=\"auto, (max-width: 2000px) 100vw, 2000px\" \/><\/a><\/p>\n<p><a href=\"https:\/\/www.24gliwice.pl\/wiadomosci\/wp-content\/uploads\/2026\/09\/FB_IMG_1788501174054.jpg\"><img loading=\"lazy\" decoding=\"async\" src=\"https:\/\/www.24gliwice.pl\/wiadomosci\/wp-content\/uploads\/2026\/09\/FB_IMG_1788501174054.jpg\" alt=\"\" width=\"2000\" height=\"1500\" class=\"alignnone size-full wp-image-275113\" srcset=\"https:\/\/www.24gliwice.pl\/wiadomosci\/wp-content\/uploads\/2026\/09\/FB_IMG_1788501174054.jpg 2000w, https:\/\/www.24gliwice.pl\/wiadomosci\/wp-content\/uploads\/2026\/09\/FB_IMG_1788501174054-309x232.jpg 309w, https:\/\/www.24gliwice.pl\/wiadomosci\/wp-content\/uploads\/2026\/09\/FB_IMG_1788501174054-607x455.jpg 607w, https:\/\/www.24gliwice.pl\/wiadomosci\/wp-content\/uploads\/2026\/09\/FB_IMG_1788501174054-768x576.jpg 768w, https:\/\/www.24gliwice.pl\/wiadomosci\/wp-content\/uploads\/2026\/09\/FB_IMG_1788501174054-1536x1152.jpg 1536w, https:\/\/www.24gliwice.pl\/wiadomosci\/wp-content\/uploads\/2026\/09\/FB_IMG_1788501174054-810x608.jpg 810w, https:\/\/www.24gliwice.pl\/wiadomosci\/wp-content\/uploads\/2026\/09\/FB_IMG_1788501174054-1140x855.jpg 1140w\" sizes=\"auto, (max-width: 2000px) 100vw, 2000px\" \/><\/a><\/p>\n<p>To ju\u017c drugi Czarny Alert Drogowy og\u0142oszony przez gliwick\u0105 policj\u0119 we wrze\u015bniu br. &#8211; w \u015brod\u0119 nad ranem na ulicy Bojkowskiej w Gliwicach po zderzeniu z drzewem zmar\u0142 45-latek kieruj\u0105cy samochodem. <\/p>\n<blockquote class=\"wp-embedded-content\" data-secret=\"5Ot0uFIpZA\"><p><a href=\"https:\/\/www.24gliwice.pl\/wiadomosci\/smiertelny-wypadek-na-ulicy-bojkowskiej-45-latek-zmarl-w-karetce\/\">\u015amiertelny wypadek na ulicy Bojkowskiej. 45-latek zmar\u0142 w karetce<\/a><\/p><\/blockquote>\n<p><iframe loading=\"lazy\" class=\"wp-embedded-content\" sandbox=\"allow-scripts\" security=\"restricted\" style=\"position: absolute; visibility: hidden;\" title=\"\u201e\u015amiertelny wypadek na ulicy Bojkowskiej. 45-latek zmar\u0142 w karetce\u201d \u2014 24GLIWICE - Portal Gliwice | codziennie nowe informacje\" src=\"https:\/\/www.24gliwice.pl\/wiadomosci\/smiertelny-wypadek-na-ulicy-bojkowskiej-45-latek-zmarl-w-karetce\/embed\/#?secret=uh6fRNpFJb#?secret=5Ot0uFIpZA\" data-secret=\"5Ot0uFIpZA\" width=\"600\" height=\"338\" frameborder=\"0\" marginwidth=\"0\" marginheight=\"0\" scrolling=\"no\"><\/iframe><\/p>\n<p>(\u017cms)\/KMP Gliwice (FB)<br \/>\nFot. KMP Gliwice <\/p>\n<div class=\"gliwi-a5-na-koncu-artykulow gliwi-entity-placement\" id=\"gliwi-1554633947\"><div id=\"gliwi-2133767988\" style=\"margin-left: auto;margin-right: auto;text-align: center;\"><a data-no-instant=\"1\" href=\"https:\/\/www.jasek.pl\/\" rel=\"noopener\" class=\"a2t-link\" target=\"_blank\" aria-label=\"20200401-jasek 600\"><img loading=\"lazy\" decoding=\"async\" src=\"https:\/\/www.24gliwice.pl\/wiadomosci\/wp-content\/uploads\/2020\/04\/20200401-jasek-600.jpg\" alt=\"\"  srcset=\"https:\/\/www.24gliwice.pl\/wiadomosci\/wp-content\/uploads\/2020\/04\/20200401-jasek-600.jpg 600w, https:\/\/www.24gliwice.pl\/wiadomosci\/wp-content\/uploads\/2020\/04\/20200401-jasek-600-410x109.jpg 410w\" sizes=\"(max-width: 600px) 100vw, 600px\" class=\"no-lazyload\" width=\"600\" height=\"160\"  style=\"display: inline-block; max-width: 100%; height: auto;\" \/><\/a><\/div><\/div>","protected":false},"excerpt":{"rendered":"<p>Tragiczny wypadek w miejscowo\u015bci Bojsz\u00f3w w powiecie gliwickim &#8211; w pi\u0105tek, 4 wrze\u015bnia, na ul. Ko\u015bciuszki zgin\u0105\u0142 kierowca samochodu. Do wypadku dosz\u0142o oko\u0142o godziny 6:00. Na miejscu trwaj\u0105 ustalenia szczeg\u00f3\u0142owego przebiegu zdarzenia. &#8211; Droga jest ca\u0142kowicie zablokowana. Apelujemy do wszystkich kieruj\u0105cych o zachowanie ostro\u017cno\u015bci i stosowanie si\u0119 do polece\u0144 policji &#8211; informuje KMP Gliwice w [&hellip;]<\/p>\n","protected":false},"author":15,"featured_media":275112,"comment_status":"open","ping_status":"closed","sticky":false,"template":"","format":"standard","meta":{"_monsterinsights_skip_tracking":false,"footnotes":"","_links_to":"","_links_to_target":""},"categories":[3,1,5],"tags":[22688,6601,8893],"class_list":["post-275111","post","type-post","status-publish","format-standard","has-post-thumbnail","hentry","category-gliwice","category-wszystko","category-kryminalki","tag-nojasek","tag-powiat","tag-smiertelny-wypadek"],"yoast_head":"<!-- This site is optimized with the Yoast SEO plugin v28.4 - https:\/\/yoast.com\/product\/yoast-seo-wordpress\/ -->\n<title>Tragiczny wypadek - nie \u017cyje kierowca osob\u00f3wki. Droga jest ca\u0142kowicie zablokowana - 24GLIWICE - Portal Gliwice | codziennie nowe informacje<\/title>\n<meta name=\"description\" content=\"W pi\u0105tek, 4 wrze\u015bnia, dosz\u0142o do kolejnego \u015bmiertelnego wypadku drogowego w miejscowo\u015bci Bojszowy. Zgin\u0105\u0142 kierowca osob\u00f3wki\" \/>\n<meta name=\"robots\" content=\"index, follow, max-snippet:-1, max-image-preview:large, max-video-preview:-1\" \/>\n<link rel=\"canonical\" href=\"https:\/\/www.24gliwice.pl\/wiadomosci\/tragiczny-wypadek-nie-zyje-kierowca-osobowki-droga-jest-calkowicie-zablokowana\/\" \/>\n<meta property=\"og:locale\" content=\"pl_PL\" \/>\n<meta property=\"og:type\" content=\"article\" \/>\n<meta property=\"og:title\" content=\"Tragiczny wypadek - nie \u017cyje kierowca osob\u00f3wki. Droga jest ca\u0142kowicie zablokowana - 24GLIWICE - Portal Gliwice | codziennie nowe informacje\" \/>\n<meta property=\"og:description\" content=\"W pi\u0105tek, 4 wrze\u015bnia, dosz\u0142o do kolejnego \u015bmiertelnego wypadku drogowego w miejscowo\u015bci Bojszowy. Zgin\u0105\u0142 kierowca osob\u00f3wki\" \/>\n<meta property=\"og:url\" content=\"https:\/\/www.24gliwice.pl\/wiadomosci\/tragiczny-wypadek-nie-zyje-kierowca-osobowki-droga-jest-calkowicie-zablokowana\/\" \/>\n<meta property=\"og:site_name\" content=\"24GLIWICE - Portal Gliwice | codziennie nowe informacje\" \/>\n<meta property=\"article:publisher\" content=\"https:\/\/www.facebook.com\/24gliwice\" \/>\n<meta property=\"article:published_time\" content=\"2026-09-04T06:08:39+00:00\" \/>\n<meta property=\"og:image\" content=\"https:\/\/www.24gliwice.pl\/wiadomosci\/wp-content\/uploads\/2026\/09\/IMG_20260904_080603.jpg\" \/>\n\t<meta property=\"og:image:width\" content=\"2000\" \/>\n\t<meta property=\"og:image:height\" content=\"1125\" \/>\n\t<meta property=\"og:image:type\" content=\"image\/jpeg\" \/>\n<meta name=\"author\" content=\"\u017baneta Mrozek-Siewierska\" \/>\n<meta name=\"twitter:card\" content=\"summary_large_image\" \/>\n<meta name=\"twitter:creator\" content=\"@24gliwice\" \/>\n<meta name=\"twitter:site\" content=\"@24gliwice\" \/>\n<meta name=\"twitter:label1\" content=\"Napisane przez\" \/>\n\t<meta name=\"twitter:data1\" content=\"\u017baneta Mrozek-Siewierska\" \/>\n\t<meta name=\"twitter:label2\" content=\"Szacowany czas czytania\" \/>\n\t<meta name=\"twitter:data2\" content=\"1 minuta\" \/>\n<script type=\"application\/ld+json\" class=\"yoast-schema-graph\">{\"@context\":\"https:\\\/\\\/schema.org\",\"@graph\":[{\"@type\":\"Article\",\"@id\":\"https:\\\/\\\/www.24gliwice.pl\\\/wiadomosci\\\/tragiczny-wypadek-nie-zyje-kierowca-osobowki-droga-jest-calkowicie-zablokowana\\\/#article\",\"isPartOf\":{\"@id\":\"https:\\\/\\\/www.24gliwice.pl\\\/wiadomosci\\\/tragiczny-wypadek-nie-zyje-kierowca-osobowki-droga-jest-calkowicie-zablokowana\\\/\"},\"author\":{\"name\":\"\u017baneta Mrozek-Siewierska\",\"@id\":\"https:\\\/\\\/www.24gliwice.pl\\\/wiadomosci\\\/#\\\/schema\\\/person\\\/e42c650edd7f2fa332be3811fb166b6e\"},\"headline\":\"Tragiczny wypadek &#8211; nie \u017cyje kierowca osob\u00f3wki. Droga jest ca\u0142kowicie zablokowana\",\"datePublished\":\"2026-09-04T06:08:39+00:00\",\"mainEntityOfPage\":{\"@id\":\"https:\\\/\\\/www.24gliwice.pl\\\/wiadomosci\\\/tragiczny-wypadek-nie-zyje-kierowca-osobowki-droga-jest-calkowicie-zablokowana\\\/\"},\"wordCount\":128,\"commentCount\":2,\"publisher\":{\"@id\":\"https:\\\/\\\/www.24gliwice.pl\\\/wiadomosci\\\/#organization\"},\"image\":{\"@id\":\"https:\\\/\\\/www.24gliwice.pl\\\/wiadomosci\\\/tragiczny-wypadek-nie-zyje-kierowca-osobowki-droga-jest-calkowicie-zablokowana\\\/#primaryimage\"},\"thumbnailUrl\":\"https:\\\/\\\/www.24gliwice.pl\\\/wiadomosci\\\/wp-content\\\/uploads\\\/2026\\\/09\\\/IMG_20260904_080603.jpg\",\"keywords\":[\"NOJASEK\",\"POWIAT\",\"\u015aMIERTELNY WYPADEK\"],\"articleSection\":[\"Gliwice\",\"Najnowsze wiadomo\u015bci\",\"Prawo\"],\"inLanguage\":\"pl-PL\",\"potentialAction\":[{\"@type\":\"CommentAction\",\"name\":\"Comment\",\"target\":[\"https:\\\/\\\/www.24gliwice.pl\\\/wiadomosci\\\/tragiczny-wypadek-nie-zyje-kierowca-osobowki-droga-jest-calkowicie-zablokowana\\\/#respond\"]}]},{\"@type\":\"WebPage\",\"@id\":\"https:\\\/\\\/www.24gliwice.pl\\\/wiadomosci\\\/tragiczny-wypadek-nie-zyje-kierowca-osobowki-droga-jest-calkowicie-zablokowana\\\/\",\"url\":\"https:\\\/\\\/www.24gliwice.pl\\\/wiadomosci\\\/tragiczny-wypadek-nie-zyje-kierowca-osobowki-droga-jest-calkowicie-zablokowana\\\/\",\"name\":\"Tragiczny wypadek - nie \u017cyje kierowca osob\u00f3wki. Droga jest ca\u0142kowicie zablokowana - 24GLIWICE - Portal Gliwice | codziennie nowe informacje\",\"isPartOf\":{\"@id\":\"https:\\\/\\\/www.24gliwice.pl\\\/wiadomosci\\\/#website\"},\"primaryImageOfPage\":{\"@id\":\"https:\\\/\\\/www.24gliwice.pl\\\/wiadomosci\\\/tragiczny-wypadek-nie-zyje-kierowca-osobowki-droga-jest-calkowicie-zablokowana\\\/#primaryimage\"},\"image\":{\"@id\":\"https:\\\/\\\/www.24gliwice.pl\\\/wiadomosci\\\/tragiczny-wypadek-nie-zyje-kierowca-osobowki-droga-jest-calkowicie-zablokowana\\\/#primaryimage\"},\"thumbnailUrl\":\"https:\\\/\\\/www.24gliwice.pl\\\/wiadomosci\\\/wp-content\\\/uploads\\\/2026\\\/09\\\/IMG_20260904_080603.jpg\",\"datePublished\":\"2026-09-04T06:08:39+00:00\",\"description\":\"W pi\u0105tek, 4 wrze\u015bnia, dosz\u0142o do kolejnego \u015bmiertelnego wypadku drogowego w miejscowo\u015bci Bojszowy. Zgin\u0105\u0142 kierowca osob\u00f3wki\",\"breadcrumb\":{\"@id\":\"https:\\\/\\\/www.24gliwice.pl\\\/wiadomosci\\\/tragiczny-wypadek-nie-zyje-kierowca-osobowki-droga-jest-calkowicie-zablokowana\\\/#breadcrumb\"},\"inLanguage\":\"pl-PL\",\"potentialAction\":[{\"@type\":\"ReadAction\",\"target\":[\"https:\\\/\\\/www.24gliwice.pl\\\/wiadomosci\\\/tragiczny-wypadek-nie-zyje-kierowca-osobowki-droga-jest-calkowicie-zablokowana\\\/\"]}]},{\"@type\":\"ImageObject\",\"inLanguage\":\"pl-PL\",\"@id\":\"https:\\\/\\\/www.24gliwice.pl\\\/wiadomosci\\\/tragiczny-wypadek-nie-zyje-kierowca-osobowki-droga-jest-calkowicie-zablokowana\\\/#primaryimage\",\"url\":\"https:\\\/\\\/www.24gliwice.pl\\\/wiadomosci\\\/wp-content\\\/uploads\\\/2026\\\/09\\\/IMG_20260904_080603.jpg\",\"contentUrl\":\"https:\\\/\\\/www.24gliwice.pl\\\/wiadomosci\\\/wp-content\\\/uploads\\\/2026\\\/09\\\/IMG_20260904_080603.jpg\",\"width\":2000,\"height\":1125},{\"@type\":\"BreadcrumbList\",\"@id\":\"https:\\\/\\\/www.24gliwice.pl\\\/wiadomosci\\\/tragiczny-wypadek-nie-zyje-kierowca-osobowki-droga-jest-calkowicie-zablokowana\\\/#breadcrumb\",\"itemListElement\":[{\"@type\":\"ListItem\",\"position\":1,\"name\":\"Strona g\u0142\u00f3wna\",\"item\":\"https:\\\/\\\/www.24gliwice.pl\\\/wiadomosci\\\/\"},{\"@type\":\"ListItem\",\"position\":2,\"name\":\"Tragiczny wypadek &#8211; nie \u017cyje kierowca osob\u00f3wki. Droga jest ca\u0142kowicie zablokowana\"}]},{\"@type\":\"WebSite\",\"@id\":\"https:\\\/\\\/www.24gliwice.pl\\\/wiadomosci\\\/#website\",\"url\":\"https:\\\/\\\/www.24gliwice.pl\\\/wiadomosci\\\/\",\"name\":\"24GLIWICE - Portal Gliwice | codziennie nowe wiadomo\u015bci\",\"description\":\"Portal Miejski Gliwice\",\"publisher\":{\"@id\":\"https:\\\/\\\/www.24gliwice.pl\\\/wiadomosci\\\/#organization\"},\"potentialAction\":[{\"@type\":\"SearchAction\",\"target\":{\"@type\":\"EntryPoint\",\"urlTemplate\":\"https:\\\/\\\/www.24gliwice.pl\\\/wiadomosci\\\/?s={search_term_string}\"},\"query-input\":{\"@type\":\"PropertyValueSpecification\",\"valueRequired\":true,\"valueName\":\"search_term_string\"}}],\"inLanguage\":\"pl-PL\"},{\"@type\":\"Organization\",\"@id\":\"https:\\\/\\\/www.24gliwice.pl\\\/wiadomosci\\\/#organization\",\"name\":\"24gliwice\",\"url\":\"https:\\\/\\\/www.24gliwice.pl\\\/wiadomosci\\\/\",\"logo\":{\"@type\":\"ImageObject\",\"inLanguage\":\"pl-PL\",\"@id\":\"https:\\\/\\\/www.24gliwice.pl\\\/wiadomosci\\\/#\\\/schema\\\/logo\\\/image\\\/\",\"url\":\"https:\\\/\\\/www.24gliwice.pl\\\/wiadomosci\\\/wp-content\\\/uploads\\\/2024\\\/10\\\/24gliwice-logo-696.jpg\",\"contentUrl\":\"https:\\\/\\\/www.24gliwice.pl\\\/wiadomosci\\\/wp-content\\\/uploads\\\/2024\\\/10\\\/24gliwice-logo-696.jpg\",\"width\":696,\"height\":696,\"caption\":\"24gliwice\"},\"image\":{\"@id\":\"https:\\\/\\\/www.24gliwice.pl\\\/wiadomosci\\\/#\\\/schema\\\/logo\\\/image\\\/\"},\"sameAs\":[\"https:\\\/\\\/www.facebook.com\\\/24gliwice\",\"https:\\\/\\\/x.com\\\/24gliwice\",\"https:\\\/\\\/www.youtube.com\\\/@24gliwice\"]},{\"@type\":\"Person\",\"@id\":\"https:\\\/\\\/www.24gliwice.pl\\\/wiadomosci\\\/#\\\/schema\\\/person\\\/e42c650edd7f2fa332be3811fb166b6e\",\"name\":\"\u017baneta Mrozek-Siewierska\",\"image\":{\"@type\":\"ImageObject\",\"inLanguage\":\"pl-PL\",\"@id\":\"https:\\\/\\\/secure.gravatar.com\\\/avatar\\\/1881429e9c64597c77ad7aef2d0a19be69a3253e57534d16aa15bf3a4d34a0a3?s=96&d=mm&r=g\",\"url\":\"https:\\\/\\\/secure.gravatar.com\\\/avatar\\\/1881429e9c64597c77ad7aef2d0a19be69a3253e57534d16aa15bf3a4d34a0a3?s=96&d=mm&r=g\",\"contentUrl\":\"https:\\\/\\\/secure.gravatar.com\\\/avatar\\\/1881429e9c64597c77ad7aef2d0a19be69a3253e57534d16aa15bf3a4d34a0a3?s=96&d=mm&r=g\",\"caption\":\"\u017baneta Mrozek-Siewierska\"},\"url\":\"https:\\\/\\\/www.24gliwice.pl\\\/wiadomosci\\\/author\\\/zms\\\/\"}]}<\/script>\n<!-- \/ Yoast SEO plugin. -->","yoast_head_json":{"title":"Tragiczny wypadek - nie \u017cyje kierowca osob\u00f3wki. Droga jest ca\u0142kowicie zablokowana - 24GLIWICE - Portal Gliwice | codziennie nowe informacje","description":"W pi\u0105tek, 4 wrze\u015bnia, dosz\u0142o do kolejnego \u015bmiertelnego wypadku drogowego w miejscowo\u015bci Bojszowy. Zgin\u0105\u0142 kierowca osob\u00f3wki","robots":{"index":"index","follow":"follow","max-snippet":"max-snippet:-1","max-image-preview":"max-image-preview:large","max-video-preview":"max-video-preview:-1"},"canonical":"https:\/\/www.24gliwice.pl\/wiadomosci\/tragiczny-wypadek-nie-zyje-kierowca-osobowki-droga-jest-calkowicie-zablokowana\/","og_locale":"pl_PL","og_type":"article","og_title":"Tragiczny wypadek - nie \u017cyje kierowca osob\u00f3wki. Droga jest ca\u0142kowicie zablokowana - 24GLIWICE - Portal Gliwice | codziennie nowe informacje","og_description":"W pi\u0105tek, 4 wrze\u015bnia, dosz\u0142o do kolejnego \u015bmiertelnego wypadku drogowego w miejscowo\u015bci Bojszowy. Zgin\u0105\u0142 kierowca osob\u00f3wki","og_url":"https:\/\/www.24gliwice.pl\/wiadomosci\/tragiczny-wypadek-nie-zyje-kierowca-osobowki-droga-jest-calkowicie-zablokowana\/","og_site_name":"24GLIWICE - Portal Gliwice | codziennie nowe informacje","article_publisher":"https:\/\/www.facebook.com\/24gliwice","article_published_time":"2026-09-04T06:08:39+00:00","og_image":[{"width":2000,"height":1125,"url":"https:\/\/www.24gliwice.pl\/wiadomosci\/wp-content\/uploads\/2026\/09\/IMG_20260904_080603.jpg","type":"image\/jpeg"}],"author":"\u017baneta Mrozek-Siewierska","twitter_card":"summary_large_image","twitter_creator":"@24gliwice","twitter_site":"@24gliwice","twitter_misc":{"Napisane przez":"\u017baneta Mrozek-Siewierska","Szacowany czas czytania":"1 minuta"},"schema":{"@context":"https:\/\/schema.org","@graph":[{"@type":"Article","@id":"https:\/\/www.24gliwice.pl\/wiadomosci\/tragiczny-wypadek-nie-zyje-kierowca-osobowki-droga-jest-calkowicie-zablokowana\/#article","isPartOf":{"@id":"https:\/\/www.24gliwice.pl\/wiadomosci\/tragiczny-wypadek-nie-zyje-kierowca-osobowki-droga-jest-calkowicie-zablokowana\/"},"author":{"name":"\u017baneta Mrozek-Siewierska","@id":"https:\/\/www.24gliwice.pl\/wiadomosci\/#\/schema\/person\/e42c650edd7f2fa332be3811fb166b6e"},"headline":"Tragiczny wypadek &#8211; nie \u017cyje kierowca osob\u00f3wki. Droga jest ca\u0142kowicie zablokowana","datePublished":"2026-09-04T06:08:39+00:00","mainEntityOfPage":{"@id":"https:\/\/www.24gliwice.pl\/wiadomosci\/tragiczny-wypadek-nie-zyje-kierowca-osobowki-droga-jest-calkowicie-zablokowana\/"},"wordCount":128,"commentCount":2,"publisher":{"@id":"https:\/\/www.24gliwice.pl\/wiadomosci\/#organization"},"image":{"@id":"https:\/\/www.24gliwice.pl\/wiadomosci\/tragiczny-wypadek-nie-zyje-kierowca-osobowki-droga-jest-calkowicie-zablokowana\/#primaryimage"},"thumbnailUrl":"https:\/\/www.24gliwice.pl\/wiadomosci\/wp-content\/uploads\/2026\/09\/IMG_20260904_080603.jpg","keywords":["NOJASEK","POWIAT","\u015aMIERTELNY WYPADEK"],"articleSection":["Gliwice","Najnowsze wiadomo\u015bci","Prawo"],"inLanguage":"pl-PL","potentialAction":[{"@type":"CommentAction","name":"Comment","target":["https:\/\/www.24gliwice.pl\/wiadomosci\/tragiczny-wypadek-nie-zyje-kierowca-osobowki-droga-jest-calkowicie-zablokowana\/#respond"]}]},{"@type":"WebPage","@id":"https:\/\/www.24gliwice.pl\/wiadomosci\/tragiczny-wypadek-nie-zyje-kierowca-osobowki-droga-jest-calkowicie-zablokowana\/","url":"https:\/\/www.24gliwice.pl\/wiadomosci\/tragiczny-wypadek-nie-zyje-kierowca-osobowki-droga-jest-calkowicie-zablokowana\/","name":"Tragiczny wypadek - nie \u017cyje kierowca osob\u00f3wki. Droga jest ca\u0142kowicie zablokowana - 24GLIWICE - Portal Gliwice | codziennie nowe informacje","isPartOf":{"@id":"https:\/\/www.24gliwice.pl\/wiadomosci\/#website"},"primaryImageOfPage":{"@id":"https:\/\/www.24gliwice.pl\/wiadomosci\/tragiczny-wypadek-nie-zyje-kierowca-osobowki-droga-jest-calkowicie-zablokowana\/#primaryimage"},"image":{"@id":"https:\/\/www.24gliwice.pl\/wiadomosci\/tragiczny-wypadek-nie-zyje-kierowca-osobowki-droga-jest-calkowicie-zablokowana\/#primaryimage"},"thumbnailUrl":"https:\/\/www.24gliwice.pl\/wiadomosci\/wp-content\/uploads\/2026\/09\/IMG_20260904_080603.jpg","datePublished":"2026-09-04T06:08:39+00:00","description":"W pi\u0105tek, 4 wrze\u015bnia, dosz\u0142o do kolejnego \u015bmiertelnego wypadku drogowego w miejscowo\u015bci Bojszowy. Zgin\u0105\u0142 kierowca osob\u00f3wki","breadcrumb":{"@id":"https:\/\/www.24gliwice.pl\/wiadomosci\/tragiczny-wypadek-nie-zyje-kierowca-osobowki-droga-jest-calkowicie-zablokowana\/#breadcrumb"},"inLanguage":"pl-PL","potentialAction":[{"@type":"ReadAction","target":["https:\/\/www.24gliwice.pl\/wiadomosci\/tragiczny-wypadek-nie-zyje-kierowca-osobowki-droga-jest-calkowicie-zablokowana\/"]}]},{"@type":"ImageObject","inLanguage":"pl-PL","@id":"https:\/\/www.24gliwice.pl\/wiadomosci\/tragiczny-wypadek-nie-zyje-kierowca-osobowki-droga-jest-calkowicie-zablokowana\/#primaryimage","url":"https:\/\/www.24gliwice.pl\/wiadomosci\/wp-content\/uploads\/2026\/09\/IMG_20260904_080603.jpg","contentUrl":"https:\/\/www.24gliwice.pl\/wiadomosci\/wp-content\/uploads\/2026\/09\/IMG_20260904_080603.jpg","width":2000,"height":1125},{"@type":"BreadcrumbList","@id":"https:\/\/www.24gliwice.pl\/wiadomosci\/tragiczny-wypadek-nie-zyje-kierowca-osobowki-droga-jest-calkowicie-zablokowana\/#breadcrumb","itemListElement":[{"@type":"ListItem","position":1,"name":"Strona g\u0142\u00f3wna","item":"https:\/\/www.24gliwice.pl\/wiadomosci\/"},{"@type":"ListItem","position":2,"name":"Tragiczny wypadek &#8211; nie \u017cyje kierowca osob\u00f3wki. Droga jest ca\u0142kowicie zablokowana"}]},{"@type":"WebSite","@id":"https:\/\/www.24gliwice.pl\/wiadomosci\/#website","url":"https:\/\/www.24gliwice.pl\/wiadomosci\/","name":"24GLIWICE - Portal Gliwice | codziennie nowe wiadomo\u015bci","description":"Portal Miejski Gliwice","publisher":{"@id":"https:\/\/www.24gliwice.pl\/wiadomosci\/#organization"},"potentialAction":[{"@type":"SearchAction","target":{"@type":"EntryPoint","urlTemplate":"https:\/\/www.24gliwice.pl\/wiadomosci\/?s={search_term_string}"},"query-input":{"@type":"PropertyValueSpecification","valueRequired":true,"valueName":"search_term_string"}}],"inLanguage":"pl-PL"},{"@type":"Organization","@id":"https:\/\/www.24gliwice.pl\/wiadomosci\/#organization","name":"24gliwice","url":"https:\/\/www.24gliwice.pl\/wiadomosci\/","logo":{"@type":"ImageObject","inLanguage":"pl-PL","@id":"https:\/\/www.24gliwice.pl\/wiadomosci\/#\/schema\/logo\/image\/","url":"https:\/\/www.24gliwice.pl\/wiadomosci\/wp-content\/uploads\/2024\/10\/24gliwice-logo-696.jpg","contentUrl":"https:\/\/www.24gliwice.pl\/wiadomosci\/wp-content\/uploads\/2024\/10\/24gliwice-logo-696.jpg","width":696,"height":696,"caption":"24gliwice"},"image":{"@id":"https:\/\/www.24gliwice.pl\/wiadomosci\/#\/schema\/logo\/image\/"},"sameAs":["https:\/\/www.facebook.com\/24gliwice","https:\/\/x.com\/24gliwice","https:\/\/www.youtube.com\/@24gliwice"]},{"@type":"Person","@id":"https:\/\/www.24gliwice.pl\/wiadomosci\/#\/schema\/person\/e42c650edd7f2fa332be3811fb166b6e","name":"\u017baneta Mrozek-Siewierska","image":{"@type":"ImageObject","inLanguage":"pl-PL","@id":"https:\/\/secure.gravatar.com\/avatar\/1881429e9c64597c77ad7aef2d0a19be69a3253e57534d16aa15bf3a4d34a0a3?s=96&d=mm&r=g","url":"https:\/\/secure.gravatar.com\/avatar\/1881429e9c64597c77ad7aef2d0a19be69a3253e57534d16aa15bf3a4d34a0a3?s=96&d=mm&r=g","contentUrl":"https:\/\/secure.gravatar.com\/avatar\/1881429e9c64597c77ad7aef2d0a19be69a3253e57534d16aa15bf3a4d34a0a3?s=96&d=mm&r=g","caption":"\u017baneta Mrozek-Siewierska"},"url":"https:\/\/www.24gliwice.pl\/wiadomosci\/author\/zms\/"}]}},"_links":{"self":[{"href":"https:\/\/www.24gliwice.pl\/wiadomosci\/wp-json\/wp\/v2\/posts\/275111","targetHints":{"allow":["GET"]}}],"collection":[{"href":"https:\/\/www.24gliwice.pl\/wiadomosci\/wp-json\/wp\/v2\/posts"}],"about":[{"href":"https:\/\/www.24gliwice.pl\/wiadomosci\/wp-json\/wp\/v2\/types\/post"}],"author":[{"embeddable":true,"href":"https:\/\/www.24gliwice.pl\/wiadomosci\/wp-json\/wp\/v2\/users\/15"}],"replies":[{"embeddable":true,"href":"https:\/\/www.24gliwice.pl\/wiadomosci\/wp-json\/wp\/v2\/comments?post=275111"}],"version-history":[{"count":1,"href":"https:\/\/www.24gliwice.pl\/wiadomosci\/wp-json\/wp\/v2\/posts\/275111\/revisions"}],"predecessor-version":[{"id":275117,"href":"https:\/\/www.24gliwice.pl\/wiadomosci\/wp-json\/wp\/v2\/posts\/275111\/revisions\/275117"}],"wp:featuredmedia":[{"embeddable":true,"href":"https:\/\/www.24gliwice.pl\/wiadomosci\/wp-json\/wp\/v2\/media\/275112"}],"wp:attachment":[{"href":"https:\/\/www.24gliwice.pl\/wiadomosci\/wp-json\/wp\/v2\/media?parent=275111"}],"wp:term":[{"taxonomy":"category","embeddable":true,"href":"https:\/\/www.24gliwice.pl\/wiadomosci\/wp-json\/wp\/v2\/categories?post=275111"},{"taxonomy":"post_tag","embeddable":true,"href":"https:\/\/www.24gliwice.pl\/wiadomosci\/wp-json\/wp\/v2\/tags?post=275111"}],"curies":[{"name":"wp","href":"https:\/\/api.w.org\/{rel}","templated":true}]}}