{"id":275126,"date":"2026-09-04T18:09:06","date_gmt":"2026-09-04T16:09:06","guid":{"rendered":"https:\/\/www.24gliwice.pl\/wiadomosci\/?p=275126"},"modified":"2026-09-04T18:09:06","modified_gmt":"2026-09-04T16:09:06","slug":"wtedy-juz-nie-bedzie-odwrotu-ten-market-tutaj-powstanie-mieszkancy-maja-miesiac-na-skladanie-uwag","status":"publish","type":"post","link":"https:\/\/www.24gliwice.pl\/wiadomosci\/wtedy-juz-nie-bedzie-odwrotu-ten-market-tutaj-powstanie-mieszkancy-maja-miesiac-na-skladanie-uwag\/","title":{"rendered":"&#8220;Wtedy ju\u017c nie b\u0119dzie odwrotu \u2013 ten market tutaj powstanie&#8221;. Mieszka\u0144cy maj\u0105 miesi\u0105c na sk\u0142adanie uwag"},"content":{"rendered":"<div class=\"gliwi-a6-nad-leadem-artykulow gliwi-entity-placement\" id=\"gliwi-1589586206\"><div id=\"gliwi-3863897849\" style=\"margin-bottom: 25px;margin-left: auto;margin-right: auto;text-align: center;\"><a data-no-instant=\"1\" href=\"https:\/\/dom100.eu\/\" rel=\"noopener\" class=\"a2t-link\" target=\"_blank\" aria-label=\"20260827 750x200_baner_Dni_Otwarte_dom100\"><img loading=\"lazy\" decoding=\"async\" src=\"https:\/\/www.24gliwice.pl\/wiadomosci\/wp-content\/uploads\/2025\/09\/20260827-750x200_baner_Dni_Otwarte_dom100.jpg\" alt=\"\"  srcset=\"https:\/\/www.24gliwice.pl\/wiadomosci\/wp-content\/uploads\/2025\/09\/20260827-750x200_baner_Dni_Otwarte_dom100.jpg 750w, https:\/\/www.24gliwice.pl\/wiadomosci\/wp-content\/uploads\/2025\/09\/20260827-750x200_baner_Dni_Otwarte_dom100-410x109.jpg 410w\" sizes=\"(max-width: 750px) 100vw, 750px\" class=\"no-lazyload\" width=\"750\" height=\"200\"  style=\"display: inline-block; max-width: 100%; height: auto;\" \/><\/a><\/div><\/div><h2>To istotny moment w procedurze administracyjnej poprzedzaj\u0105cej z\u0142o\u017cenie wniosku o wydanie pozwolenia na budow\u0119 marketu Castorama na granicy Zatorza i \u017bernik. &#8211; Rozpocz\u0105\u0142 si\u0119 30 dniowy okres, w kt\u00f3rym mieszka\u0144cy mog\u0105 zapoznawa\u0107 si\u0119 z dokumentacj\u0105 i wnosi\u0107 uwagi, wnioski i protesty &#8211; informuje by\u0142y prezydent Gliwic Adam Neumann.<\/h2>\n<p><!--more--><\/p>\n<p>Przypomnijmy, \u017ce obiekt mia\u0142by powsta\u0107 na niezagospodarowanych, poro\u015bni\u0119tych drzewami dzia\u0142kach pomi\u0119dzy DK 88 i ulicami Podlesie oraz Tarnog\u00f3rska, kt\u00f3re od po\u0142udnia s\u0105siaduj\u0105 z zabudow\u0105 mieszkaln\u0105. <\/p>\n<p>W planie miejscowym jest to teren przeznaczony pod us\u0142ugi r\u00f3\u017cne, kt\u00f3rych uzupe\u0142nieniem mo\u017ce by\u0107 m.in. mieszkani\u00f3wka (jedno i wielorodzinna), zabudowa gospodarcza, doj\u015bcia i dojazdy oraz ziele\u0144 urz\u0105dzona. Z relacji mieszka\u0144c\u00f3w wynika, \u017ce w przesz\u0142o\u015bci mia\u0142o tam zosta\u0107 wybudowane Makro, a od stosunkowo niedawna wiadomo, \u017ce nowy pawilon planuje tam postawi\u0107 Castorama.<\/p><div class=\"gliwi-a3-w-tresci-artykulow gliwi-entity-placement\" id=\"gliwi-39406336\"><div id=\"gliwi-510954307\" style=\"margin-bottom: 30px;margin-left: auto;margin-right: auto;text-align: center;\"><a data-no-instant=\"1\" href=\"https:\/\/ogrodyandersa.pl\/\" rel=\"noopener\" class=\"a2t-link\" target=\"_blank\" aria-label=\"750 x 200 &#8211; Box \u015ar\u00f3dtekstowy &#8211; ADS Ogrody Andersa v1\"><img loading=\"lazy\" decoding=\"async\" src=\"https:\/\/www.24gliwice.pl\/wiadomosci\/wp-content\/uploads\/2026\/02\/750-x-200-Box-Srodtekstowy-ADS-Ogrody-Andersa-v1.jpg\" alt=\"\"  srcset=\"https:\/\/www.24gliwice.pl\/wiadomosci\/wp-content\/uploads\/2026\/02\/750-x-200-Box-Srodtekstowy-ADS-Ogrody-Andersa-v1.jpg 750w, https:\/\/www.24gliwice.pl\/wiadomosci\/wp-content\/uploads\/2026\/02\/750-x-200-Box-Srodtekstowy-ADS-Ogrody-Andersa-v1-410x109.jpg 410w\" sizes=\"(max-width: 750px) 100vw, 750px\" class=\"no-lazyload\" width=\"750\" height=\"200\"  style=\"display: inline-block; max-width: 100%; height: auto;\" \/><\/a><\/div><div id=\"gliwi-1712251860\" style=\"margin-bottom: 30px;margin-left: auto;margin-right: auto;text-align: center;\"><a data-no-instant=\"1\" href=\"https:\/\/zlobek.halogen.org.pl\/\" rel=\"noopener\" class=\"a2t-link\" target=\"_blank\" aria-label=\"animator-zlobek_750x200\"><img loading=\"lazy\" decoding=\"async\" src=\"https:\/\/www.24gliwice.pl\/wiadomosci\/wp-content\/uploads\/2026\/02\/animator-zlobek_750x200.webp\" alt=\"\"  srcset=\"https:\/\/www.24gliwice.pl\/wiadomosci\/wp-content\/uploads\/2026\/02\/animator-zlobek_750x200.webp 750w, https:\/\/www.24gliwice.pl\/wiadomosci\/wp-content\/uploads\/2026\/02\/animator-zlobek_750x200-410x109.webp 410w\" sizes=\"(max-width: 750px) 100vw, 750px\" class=\"no-lazyload\" width=\"750\" height=\"200\"  style=\"display: inline-block; max-width: 100%; height: auto;\" \/><\/a><\/div><\/div>\n<p><a href=\"https:\/\/www.24gliwice.pl\/wiadomosci\/wp-content\/uploads\/2026\/09\/Zrzut-ekranu-2026-09-04-170311.jpg\"><img loading=\"lazy\" decoding=\"async\" class=\"alignnone size-full wp-image-275157\" src=\"https:\/\/www.24gliwice.pl\/wiadomosci\/wp-content\/uploads\/2026\/09\/Zrzut-ekranu-2026-09-04-170311.jpg\" alt=\"\" width=\"1166\" height=\"657\" srcset=\"https:\/\/www.24gliwice.pl\/wiadomosci\/wp-content\/uploads\/2026\/09\/Zrzut-ekranu-2026-09-04-170311.jpg 1166w, https:\/\/www.24gliwice.pl\/wiadomosci\/wp-content\/uploads\/2026\/09\/Zrzut-ekranu-2026-09-04-170311-410x232.jpg 410w, https:\/\/www.24gliwice.pl\/wiadomosci\/wp-content\/uploads\/2026\/09\/Zrzut-ekranu-2026-09-04-170311-808x455.jpg 808w, https:\/\/www.24gliwice.pl\/wiadomosci\/wp-content\/uploads\/2026\/09\/Zrzut-ekranu-2026-09-04-170311-768x433.jpg 768w, https:\/\/www.24gliwice.pl\/wiadomosci\/wp-content\/uploads\/2026\/09\/Zrzut-ekranu-2026-09-04-170311-810x456.jpg 810w, https:\/\/www.24gliwice.pl\/wiadomosci\/wp-content\/uploads\/2026\/09\/Zrzut-ekranu-2026-09-04-170311-1140x642.jpg 1140w\" sizes=\"auto, (max-width: 1166px) 100vw, 1166px\" \/><\/a><\/p>\n<h4>Petycja z poparciem ponad 300 os\u00f3b<\/h4>\n<p>Jest spora grupa Gliwiczan, kt\u00f3rzy w tej lokalizacji marketu budowlanego nie chc\u0105. W pierwszej po\u0142owie stycznia br. do prezydent Gliwic wp\u0142yn\u0119\u0142a petycja w tej sprawie od mieszka\u0144c\u00f3w osiedla Podlesie. Zwracali si\u0119 oni o odst\u0105pienie od wydania pozwolenia na budow\u0119 Castoramy, b\u0105d\u017a co najmniej o wstrzymanie procedury do czasu pe\u0142nego i rzetelnego wyja\u015bnienia wszystkich skutk\u00f3w tej inwestycji. Podpisa\u0142o si\u0119 pod ni\u0105 307 os\u00f3b.<\/p>\n<h4>W kwietniu wiceprezydent Agnieszka Dylewska udzieli\u0142a im odpowiedzi, z kt\u00f3rej wynika, \u017ce petycja jest w cz\u0119\u015bci bezprzedmiotowa.<\/h4>\n<p>Jak wskazuje Dylewska, urz\u0105d aktualnie nie prowadzi post\u0119powania w sprawie pozwolenia na budow\u0119 marketu oraz rozbudow\u0119, przebudow\u0119 uk\u0142adu komunikacyjnego na potrzeby takiej inwestycji, a tak\u017ce, \u017ce prowadzone jest post\u0119powanie administracyjne w sprawie wydania decyzji o \u015brodowiskowych uwarunkowaniach dla przedsi\u0119wzi\u0119cia.<\/p>\n<p><a href=\"https:\/\/www.24gliwice.pl\/wiadomosci\/wp-content\/uploads\/2026\/09\/castorama-odpowiedz-wiceprezydent-Dylewskiej-jpg.jpg\"><img loading=\"lazy\" decoding=\"async\" class=\"alignnone size-full wp-image-275155\" src=\"https:\/\/www.24gliwice.pl\/wiadomosci\/wp-content\/uploads\/2026\/09\/castorama-odpowiedz-wiceprezydent-Dylewskiej-jpg.jpg\" alt=\"\" width=\"1240\" height=\"1754\" srcset=\"https:\/\/www.24gliwice.pl\/wiadomosci\/wp-content\/uploads\/2026\/09\/castorama-odpowiedz-wiceprezydent-Dylewskiej-jpg.jpg 1240w, https:\/\/www.24gliwice.pl\/wiadomosci\/wp-content\/uploads\/2026\/09\/castorama-odpowiedz-wiceprezydent-Dylewskiej-jpg-164x232.jpg 164w, https:\/\/www.24gliwice.pl\/wiadomosci\/wp-content\/uploads\/2026\/09\/castorama-odpowiedz-wiceprezydent-Dylewskiej-jpg-322x455.jpg 322w, https:\/\/www.24gliwice.pl\/wiadomosci\/wp-content\/uploads\/2026\/09\/castorama-odpowiedz-wiceprezydent-Dylewskiej-jpg-768x1086.jpg 768w, https:\/\/www.24gliwice.pl\/wiadomosci\/wp-content\/uploads\/2026\/09\/castorama-odpowiedz-wiceprezydent-Dylewskiej-jpg-1086x1536.jpg 1086w, https:\/\/www.24gliwice.pl\/wiadomosci\/wp-content\/uploads\/2026\/09\/castorama-odpowiedz-wiceprezydent-Dylewskiej-jpg-810x1146.jpg 810w, https:\/\/www.24gliwice.pl\/wiadomosci\/wp-content\/uploads\/2026\/09\/castorama-odpowiedz-wiceprezydent-Dylewskiej-jpg-1140x1613.jpg 1140w\" sizes=\"auto, (max-width: 1240px) 100vw, 1240px\" \/><\/a><\/p>\n<p>W tym\u017ce post\u0119powaniu rozpocz\u0105\u0142 si\u0119 kolejny etap &#8211; chodzi o przyst\u0105pienie do oceny oddzia\u0142ywania na \u015brodowisko planowanej inwestycji. Od 31 sierpnia do 30 wrze\u015bnia mieszka\u0144cy mog\u0105 sk\u0142ada\u0107 uwagi i wnioski.<\/p>\n<blockquote><p><em>Jest to post\u0119powanie \u015brodowiskowe, kt\u00f3re &#8211; gdy b\u0119dzie zako\u0144czone &#8211; umo\u017cliwi rozpocz\u0119cie post\u0119powania o pozwolenie na budow\u0119. I wtedy ju\u017c nie b\u0119dzie odwrotu &#8211; ten market tutaj powstanie<\/em><\/p><\/blockquote>\n<p>&#8211; m\u00f3wi by\u0142y prezydent Gliwic <strong>Adam Neumann<\/strong>, kt\u00f3ry przygl\u0105da si\u0119 tej sprawie. W pi\u0105tek, 4 wrze\u015bnia zamie\u015bci\u0142 na ten temat nagranie w mediach spo\u0142eczno\u015bciowych.<\/p>\n<div id=\"fb-root\"><\/div>\n<p><script async defer crossorigin=\"anonymous\" src=\"https:\/\/connect.facebook.net\/pl_PL\/sdk.js#xfbml=1&#038;version=v25.0&#038;appId=526665801043948\"><\/script><\/p>\n<div class=\"fb-video\" data-href=\"https:\/\/www.facebook.com\/reel\/1391758445622555\" data-width=\"300\" data-show-text=\"false\"><\/div>\n<p>Jak dodaje, osoby przeciwne budowie marketu na granicy \u017bernik i Zatorza powinny uda\u0107 si\u0119 do Wydzia\u0142u \u015arodowiska Urz\u0119du Miejskiego, gdzie w pokoju 430 mog\u0105 zapozna\u0107 si\u0119 z dokumentacj\u0105 i wnie\u015b\u0107 sw\u00f3j sprzeciw. Uprzednio jednak tak\u0105 wizyt\u0119 najlepiej um\u00f3wi\u0107 przez telefon.<\/p>\n<p>Organem w\u0142a\u015bciwym do rozpatrzenia uwag i wniosk\u00f3w jest Prezydent Miasta Gliwice.<\/p>\n<p>(\u017cms)<br \/>\nGrafika: 24gliwice.pl<\/p>\n<p><a href=\"https:\/\/www.24gliwice.pl\/wiadomosci\/wp-content\/uploads\/2026\/09\/castorama-informacja-o-ocenie-oddzialywania-na-srodowisko-2.jpg\"><img loading=\"lazy\" decoding=\"async\" class=\"alignnone size-full wp-image-275159\" src=\"https:\/\/www.24gliwice.pl\/wiadomosci\/wp-content\/uploads\/2026\/09\/castorama-informacja-o-ocenie-oddzialywania-na-srodowisko-2.jpg\" alt=\"\" width=\"1241\" height=\"1754\" srcset=\"https:\/\/www.24gliwice.pl\/wiadomosci\/wp-content\/uploads\/2026\/09\/castorama-informacja-o-ocenie-oddzialywania-na-srodowisko-2.jpg 1241w, https:\/\/www.24gliwice.pl\/wiadomosci\/wp-content\/uploads\/2026\/09\/castorama-informacja-o-ocenie-oddzialywania-na-srodowisko-2-164x232.jpg 164w, https:\/\/www.24gliwice.pl\/wiadomosci\/wp-content\/uploads\/2026\/09\/castorama-informacja-o-ocenie-oddzialywania-na-srodowisko-2-322x455.jpg 322w, https:\/\/www.24gliwice.pl\/wiadomosci\/wp-content\/uploads\/2026\/09\/castorama-informacja-o-ocenie-oddzialywania-na-srodowisko-2-768x1085.jpg 768w, https:\/\/www.24gliwice.pl\/wiadomosci\/wp-content\/uploads\/2026\/09\/castorama-informacja-o-ocenie-oddzialywania-na-srodowisko-2-1087x1536.jpg 1087w, https:\/\/www.24gliwice.pl\/wiadomosci\/wp-content\/uploads\/2026\/09\/castorama-informacja-o-ocenie-oddzialywania-na-srodowisko-2-810x1145.jpg 810w, https:\/\/www.24gliwice.pl\/wiadomosci\/wp-content\/uploads\/2026\/09\/castorama-informacja-o-ocenie-oddzialywania-na-srodowisko-2-1140x1611.jpg 1140w\" sizes=\"auto, (max-width: 1241px) 100vw, 1241px\" \/><\/a><\/p>\n<p><a href=\"https:\/\/www.24gliwice.pl\/wiadomosci\/wp-content\/uploads\/2026\/09\/castorama-informacja-o-ocenie-oddzialywania-na-srodowisko-1.jpg\"><img loading=\"lazy\" decoding=\"async\" src=\"https:\/\/www.24gliwice.pl\/wiadomosci\/wp-content\/uploads\/2026\/09\/castorama-informacja-o-ocenie-oddzialywania-na-srodowisko-1.jpg\" alt=\"\" width=\"1241\" height=\"1754\" class=\"alignnone size-full wp-image-275158\" srcset=\"https:\/\/www.24gliwice.pl\/wiadomosci\/wp-content\/uploads\/2026\/09\/castorama-informacja-o-ocenie-oddzialywania-na-srodowisko-1.jpg 1241w, https:\/\/www.24gliwice.pl\/wiadomosci\/wp-content\/uploads\/2026\/09\/castorama-informacja-o-ocenie-oddzialywania-na-srodowisko-1-164x232.jpg 164w, https:\/\/www.24gliwice.pl\/wiadomosci\/wp-content\/uploads\/2026\/09\/castorama-informacja-o-ocenie-oddzialywania-na-srodowisko-1-322x455.jpg 322w, https:\/\/www.24gliwice.pl\/wiadomosci\/wp-content\/uploads\/2026\/09\/castorama-informacja-o-ocenie-oddzialywania-na-srodowisko-1-768x1085.jpg 768w, https:\/\/www.24gliwice.pl\/wiadomosci\/wp-content\/uploads\/2026\/09\/castorama-informacja-o-ocenie-oddzialywania-na-srodowisko-1-1087x1536.jpg 1087w, https:\/\/www.24gliwice.pl\/wiadomosci\/wp-content\/uploads\/2026\/09\/castorama-informacja-o-ocenie-oddzialywania-na-srodowisko-1-810x1145.jpg 810w, https:\/\/www.24gliwice.pl\/wiadomosci\/wp-content\/uploads\/2026\/09\/castorama-informacja-o-ocenie-oddzialywania-na-srodowisko-1-1140x1611.jpg 1140w\" sizes=\"auto, (max-width: 1241px) 100vw, 1241px\" \/><\/a><\/p>\n<div class=\"gliwi-a5-na-koncu-artykulow gliwi-entity-placement\" id=\"gliwi-276043322\"><div id=\"gliwi-3903986405\" style=\"margin-left: auto;margin-right: auto;text-align: center;\"><a data-no-instant=\"1\" href=\"https:\/\/www.jasek.pl\/\" rel=\"noopener\" class=\"a2t-link\" target=\"_blank\" aria-label=\"20200401-jasek 600\"><img loading=\"lazy\" decoding=\"async\" src=\"https:\/\/www.24gliwice.pl\/wiadomosci\/wp-content\/uploads\/2020\/04\/20200401-jasek-600.jpg\" alt=\"\"  srcset=\"https:\/\/www.24gliwice.pl\/wiadomosci\/wp-content\/uploads\/2020\/04\/20200401-jasek-600.jpg 600w, https:\/\/www.24gliwice.pl\/wiadomosci\/wp-content\/uploads\/2020\/04\/20200401-jasek-600-410x109.jpg 410w\" sizes=\"(max-width: 600px) 100vw, 600px\" class=\"no-lazyload\" width=\"600\" height=\"160\"  style=\"display: inline-block; max-width: 100%; height: auto;\" \/><\/a><\/div><\/div>","protected":false},"excerpt":{"rendered":"<p>To istotny moment w procedurze administracyjnej poprzedzaj\u0105cej z\u0142o\u017cenie wniosku o wydanie pozwolenia na budow\u0119 marketu Castorama na granicy Zatorza i \u017bernik. &#8211; Rozpocz\u0105\u0142 si\u0119 30 dniowy okres, w kt\u00f3rym mieszka\u0144cy mog\u0105 zapoznawa\u0107 si\u0119 z dokumentacj\u0105 i wnosi\u0107 uwagi, wnioski i protesty &#8211; informuje by\u0142y prezydent Gliwic Adam Neumann.<\/p>\n","protected":false},"author":15,"featured_media":275153,"comment_status":"open","ping_status":"closed","sticky":false,"template":"","format":"standard","meta":{"_monsterinsights_skip_tracking":false,"footnotes":"","_links_to":"","_links_to_target":""},"categories":[3,1,9],"tags":[24381,25089],"class_list":["post-275126","post","type-post","status-publish","format-standard","has-post-thumbnail","hentry","category-gliwice","category-wszystko","category-aktualnosci_lokalne","tag-castorama","tag-ocena-oddzialywania"],"yoast_head":"<!-- This site is optimized with the Yoast SEO plugin v28.4 - https:\/\/yoast.com\/product\/yoast-seo-wordpress\/ -->\n<title>&quot;Wtedy ju\u017c nie b\u0119dzie odwrotu \u2013 ten market tutaj powstanie&quot;. Mieszka\u0144cy maj\u0105 miesi\u0105c na sk\u0142adanie uwag - 24GLIWICE - Portal Gliwice | codziennie nowe informacje<\/title>\n<meta name=\"description\" content=\"Czy pomi\u0119dzy ulicami Tarnog\u00f3rska i Podlesie powstanie Castorama? Mieszka\u0144cy mog\u0105 sk\u0142ada\u0107 uwagi w procedurze oceny oddzia\u0142ywania \u015brodowiskowego\" \/>\n<meta name=\"robots\" content=\"index, follow, max-snippet:-1, max-image-preview:large, max-video-preview:-1\" \/>\n<link rel=\"canonical\" href=\"https:\/\/www.24gliwice.pl\/wiadomosci\/wtedy-juz-nie-bedzie-odwrotu-ten-market-tutaj-powstanie-mieszkancy-maja-miesiac-na-skladanie-uwag\/\" \/>\n<meta property=\"og:locale\" content=\"pl_PL\" \/>\n<meta property=\"og:type\" content=\"article\" \/>\n<meta property=\"og:title\" content=\"&quot;Wtedy ju\u017c nie b\u0119dzie odwrotu \u2013 ten market tutaj powstanie&quot;. Mieszka\u0144cy maj\u0105 miesi\u0105c na sk\u0142adanie uwag - 24GLIWICE - Portal Gliwice | codziennie nowe informacje\" \/>\n<meta property=\"og:description\" content=\"Czy pomi\u0119dzy ulicami Tarnog\u00f3rska i Podlesie powstanie Castorama? Mieszka\u0144cy mog\u0105 sk\u0142ada\u0107 uwagi w procedurze oceny oddzia\u0142ywania \u015brodowiskowego\" \/>\n<meta property=\"og:url\" content=\"https:\/\/www.24gliwice.pl\/wiadomosci\/wtedy-juz-nie-bedzie-odwrotu-ten-market-tutaj-powstanie-mieszkancy-maja-miesiac-na-skladanie-uwag\/\" \/>\n<meta property=\"og:site_name\" content=\"24GLIWICE - Portal Gliwice | codziennie nowe informacje\" \/>\n<meta property=\"article:publisher\" content=\"https:\/\/www.facebook.com\/24gliwice\" \/>\n<meta property=\"article:published_time\" content=\"2026-09-04T16:09:06+00:00\" \/>\n<meta property=\"og:image\" content=\"https:\/\/www.24gliwice.pl\/wiadomosci\/wp-content\/uploads\/2026\/09\/Zrzut-ekranu-2026-09-04-165005.jpg\" \/>\n\t<meta property=\"og:image:width\" content=\"810\" \/>\n\t<meta property=\"og:image:height\" content=\"456\" \/>\n\t<meta property=\"og:image:type\" content=\"image\/jpeg\" \/>\n<meta name=\"author\" content=\"\u017baneta Mrozek-Siewierska\" \/>\n<meta name=\"twitter:card\" content=\"summary_large_image\" \/>\n<meta name=\"twitter:creator\" content=\"@24gliwice\" \/>\n<meta name=\"twitter:site\" content=\"@24gliwice\" \/>\n<meta name=\"twitter:label1\" content=\"Napisane przez\" \/>\n\t<meta name=\"twitter:data1\" content=\"\u017baneta Mrozek-Siewierska\" \/>\n\t<meta name=\"twitter:label2\" content=\"Szacowany czas czytania\" \/>\n\t<meta name=\"twitter:data2\" content=\"4 minuty\" \/>\n<script type=\"application\/ld+json\" class=\"yoast-schema-graph\">{\"@context\":\"https:\\\/\\\/schema.org\",\"@graph\":[{\"@type\":\"Article\",\"@id\":\"https:\\\/\\\/www.24gliwice.pl\\\/wiadomosci\\\/wtedy-juz-nie-bedzie-odwrotu-ten-market-tutaj-powstanie-mieszkancy-maja-miesiac-na-skladanie-uwag\\\/#article\",\"isPartOf\":{\"@id\":\"https:\\\/\\\/www.24gliwice.pl\\\/wiadomosci\\\/wtedy-juz-nie-bedzie-odwrotu-ten-market-tutaj-powstanie-mieszkancy-maja-miesiac-na-skladanie-uwag\\\/\"},\"author\":{\"name\":\"\u017baneta Mrozek-Siewierska\",\"@id\":\"https:\\\/\\\/www.24gliwice.pl\\\/wiadomosci\\\/#\\\/schema\\\/person\\\/e42c650edd7f2fa332be3811fb166b6e\"},\"headline\":\"&#8220;Wtedy ju\u017c nie b\u0119dzie odwrotu \u2013 ten market tutaj powstanie&#8221;. Mieszka\u0144cy maj\u0105 miesi\u0105c na sk\u0142adanie uwag\",\"datePublished\":\"2026-09-04T16:09:06+00:00\",\"mainEntityOfPage\":{\"@id\":\"https:\\\/\\\/www.24gliwice.pl\\\/wiadomosci\\\/wtedy-juz-nie-bedzie-odwrotu-ten-market-tutaj-powstanie-mieszkancy-maja-miesiac-na-skladanie-uwag\\\/\"},\"wordCount\":480,\"commentCount\":1,\"publisher\":{\"@id\":\"https:\\\/\\\/www.24gliwice.pl\\\/wiadomosci\\\/#organization\"},\"image\":{\"@id\":\"https:\\\/\\\/www.24gliwice.pl\\\/wiadomosci\\\/wtedy-juz-nie-bedzie-odwrotu-ten-market-tutaj-powstanie-mieszkancy-maja-miesiac-na-skladanie-uwag\\\/#primaryimage\"},\"thumbnailUrl\":\"https:\\\/\\\/www.24gliwice.pl\\\/wiadomosci\\\/wp-content\\\/uploads\\\/2026\\\/09\\\/Zrzut-ekranu-2026-09-04-165005.jpg\",\"keywords\":[\"CASTORAMA\",\"OCENA ODDZIA\u0141YWANIA\"],\"articleSection\":[\"Gliwice\",\"Najnowsze wiadomo\u015bci\",\"Portal Gliwice - Wiadomo\u015bci lokalne\"],\"inLanguage\":\"pl-PL\",\"potentialAction\":[{\"@type\":\"CommentAction\",\"name\":\"Comment\",\"target\":[\"https:\\\/\\\/www.24gliwice.pl\\\/wiadomosci\\\/wtedy-juz-nie-bedzie-odwrotu-ten-market-tutaj-powstanie-mieszkancy-maja-miesiac-na-skladanie-uwag\\\/#respond\"]}]},{\"@type\":\"WebPage\",\"@id\":\"https:\\\/\\\/www.24gliwice.pl\\\/wiadomosci\\\/wtedy-juz-nie-bedzie-odwrotu-ten-market-tutaj-powstanie-mieszkancy-maja-miesiac-na-skladanie-uwag\\\/\",\"url\":\"https:\\\/\\\/www.24gliwice.pl\\\/wiadomosci\\\/wtedy-juz-nie-bedzie-odwrotu-ten-market-tutaj-powstanie-mieszkancy-maja-miesiac-na-skladanie-uwag\\\/\",\"name\":\"\\\"Wtedy ju\u017c nie b\u0119dzie odwrotu \u2013 ten market tutaj powstanie\\\". Mieszka\u0144cy maj\u0105 miesi\u0105c na sk\u0142adanie uwag - 24GLIWICE - Portal Gliwice | codziennie nowe informacje\",\"isPartOf\":{\"@id\":\"https:\\\/\\\/www.24gliwice.pl\\\/wiadomosci\\\/#website\"},\"primaryImageOfPage\":{\"@id\":\"https:\\\/\\\/www.24gliwice.pl\\\/wiadomosci\\\/wtedy-juz-nie-bedzie-odwrotu-ten-market-tutaj-powstanie-mieszkancy-maja-miesiac-na-skladanie-uwag\\\/#primaryimage\"},\"image\":{\"@id\":\"https:\\\/\\\/www.24gliwice.pl\\\/wiadomosci\\\/wtedy-juz-nie-bedzie-odwrotu-ten-market-tutaj-powstanie-mieszkancy-maja-miesiac-na-skladanie-uwag\\\/#primaryimage\"},\"thumbnailUrl\":\"https:\\\/\\\/www.24gliwice.pl\\\/wiadomosci\\\/wp-content\\\/uploads\\\/2026\\\/09\\\/Zrzut-ekranu-2026-09-04-165005.jpg\",\"datePublished\":\"2026-09-04T16:09:06+00:00\",\"description\":\"Czy pomi\u0119dzy ulicami Tarnog\u00f3rska i Podlesie powstanie Castorama? Mieszka\u0144cy mog\u0105 sk\u0142ada\u0107 uwagi w procedurze oceny oddzia\u0142ywania \u015brodowiskowego\",\"breadcrumb\":{\"@id\":\"https:\\\/\\\/www.24gliwice.pl\\\/wiadomosci\\\/wtedy-juz-nie-bedzie-odwrotu-ten-market-tutaj-powstanie-mieszkancy-maja-miesiac-na-skladanie-uwag\\\/#breadcrumb\"},\"inLanguage\":\"pl-PL\",\"potentialAction\":[{\"@type\":\"ReadAction\",\"target\":[\"https:\\\/\\\/www.24gliwice.pl\\\/wiadomosci\\\/wtedy-juz-nie-bedzie-odwrotu-ten-market-tutaj-powstanie-mieszkancy-maja-miesiac-na-skladanie-uwag\\\/\"]}]},{\"@type\":\"ImageObject\",\"inLanguage\":\"pl-PL\",\"@id\":\"https:\\\/\\\/www.24gliwice.pl\\\/wiadomosci\\\/wtedy-juz-nie-bedzie-odwrotu-ten-market-tutaj-powstanie-mieszkancy-maja-miesiac-na-skladanie-uwag\\\/#primaryimage\",\"url\":\"https:\\\/\\\/www.24gliwice.pl\\\/wiadomosci\\\/wp-content\\\/uploads\\\/2026\\\/09\\\/Zrzut-ekranu-2026-09-04-165005.jpg\",\"contentUrl\":\"https:\\\/\\\/www.24gliwice.pl\\\/wiadomosci\\\/wp-content\\\/uploads\\\/2026\\\/09\\\/Zrzut-ekranu-2026-09-04-165005.jpg\",\"width\":810,\"height\":456},{\"@type\":\"BreadcrumbList\",\"@id\":\"https:\\\/\\\/www.24gliwice.pl\\\/wiadomosci\\\/wtedy-juz-nie-bedzie-odwrotu-ten-market-tutaj-powstanie-mieszkancy-maja-miesiac-na-skladanie-uwag\\\/#breadcrumb\",\"itemListElement\":[{\"@type\":\"ListItem\",\"position\":1,\"name\":\"Strona g\u0142\u00f3wna\",\"item\":\"https:\\\/\\\/www.24gliwice.pl\\\/wiadomosci\\\/\"},{\"@type\":\"ListItem\",\"position\":2,\"name\":\"&#8220;Wtedy ju\u017c nie b\u0119dzie odwrotu \u2013 ten market tutaj powstanie&#8221;. Mieszka\u0144cy maj\u0105 miesi\u0105c na sk\u0142adanie uwag\"}]},{\"@type\":\"WebSite\",\"@id\":\"https:\\\/\\\/www.24gliwice.pl\\\/wiadomosci\\\/#website\",\"url\":\"https:\\\/\\\/www.24gliwice.pl\\\/wiadomosci\\\/\",\"name\":\"24GLIWICE - Portal Gliwice | codziennie nowe wiadomo\u015bci\",\"description\":\"Portal Miejski Gliwice\",\"publisher\":{\"@id\":\"https:\\\/\\\/www.24gliwice.pl\\\/wiadomosci\\\/#organization\"},\"potentialAction\":[{\"@type\":\"SearchAction\",\"target\":{\"@type\":\"EntryPoint\",\"urlTemplate\":\"https:\\\/\\\/www.24gliwice.pl\\\/wiadomosci\\\/?s={search_term_string}\"},\"query-input\":{\"@type\":\"PropertyValueSpecification\",\"valueRequired\":true,\"valueName\":\"search_term_string\"}}],\"inLanguage\":\"pl-PL\"},{\"@type\":\"Organization\",\"@id\":\"https:\\\/\\\/www.24gliwice.pl\\\/wiadomosci\\\/#organization\",\"name\":\"24gliwice\",\"url\":\"https:\\\/\\\/www.24gliwice.pl\\\/wiadomosci\\\/\",\"logo\":{\"@type\":\"ImageObject\",\"inLanguage\":\"pl-PL\",\"@id\":\"https:\\\/\\\/www.24gliwice.pl\\\/wiadomosci\\\/#\\\/schema\\\/logo\\\/image\\\/\",\"url\":\"https:\\\/\\\/www.24gliwice.pl\\\/wiadomosci\\\/wp-content\\\/uploads\\\/2024\\\/10\\\/24gliwice-logo-696.jpg\",\"contentUrl\":\"https:\\\/\\\/www.24gliwice.pl\\\/wiadomosci\\\/wp-content\\\/uploads\\\/2024\\\/10\\\/24gliwice-logo-696.jpg\",\"width\":696,\"height\":696,\"caption\":\"24gliwice\"},\"image\":{\"@id\":\"https:\\\/\\\/www.24gliwice.pl\\\/wiadomosci\\\/#\\\/schema\\\/logo\\\/image\\\/\"},\"sameAs\":[\"https:\\\/\\\/www.facebook.com\\\/24gliwice\",\"https:\\\/\\\/x.com\\\/24gliwice\",\"https:\\\/\\\/www.youtube.com\\\/@24gliwice\"]},{\"@type\":\"Person\",\"@id\":\"https:\\\/\\\/www.24gliwice.pl\\\/wiadomosci\\\/#\\\/schema\\\/person\\\/e42c650edd7f2fa332be3811fb166b6e\",\"name\":\"\u017baneta Mrozek-Siewierska\",\"image\":{\"@type\":\"ImageObject\",\"inLanguage\":\"pl-PL\",\"@id\":\"https:\\\/\\\/secure.gravatar.com\\\/avatar\\\/1881429e9c64597c77ad7aef2d0a19be69a3253e57534d16aa15bf3a4d34a0a3?s=96&d=mm&r=g\",\"url\":\"https:\\\/\\\/secure.gravatar.com\\\/avatar\\\/1881429e9c64597c77ad7aef2d0a19be69a3253e57534d16aa15bf3a4d34a0a3?s=96&d=mm&r=g\",\"contentUrl\":\"https:\\\/\\\/secure.gravatar.com\\\/avatar\\\/1881429e9c64597c77ad7aef2d0a19be69a3253e57534d16aa15bf3a4d34a0a3?s=96&d=mm&r=g\",\"caption\":\"\u017baneta Mrozek-Siewierska\"},\"url\":\"https:\\\/\\\/www.24gliwice.pl\\\/wiadomosci\\\/author\\\/zms\\\/\"}]}<\/script>\n<!-- \/ Yoast SEO plugin. -->","yoast_head_json":{"title":"\"Wtedy ju\u017c nie b\u0119dzie odwrotu \u2013 ten market tutaj powstanie\". Mieszka\u0144cy maj\u0105 miesi\u0105c na sk\u0142adanie uwag - 24GLIWICE - Portal Gliwice | codziennie nowe informacje","description":"Czy pomi\u0119dzy ulicami Tarnog\u00f3rska i Podlesie powstanie Castorama? Mieszka\u0144cy mog\u0105 sk\u0142ada\u0107 uwagi w procedurze oceny oddzia\u0142ywania \u015brodowiskowego","robots":{"index":"index","follow":"follow","max-snippet":"max-snippet:-1","max-image-preview":"max-image-preview:large","max-video-preview":"max-video-preview:-1"},"canonical":"https:\/\/www.24gliwice.pl\/wiadomosci\/wtedy-juz-nie-bedzie-odwrotu-ten-market-tutaj-powstanie-mieszkancy-maja-miesiac-na-skladanie-uwag\/","og_locale":"pl_PL","og_type":"article","og_title":"\"Wtedy ju\u017c nie b\u0119dzie odwrotu \u2013 ten market tutaj powstanie\". Mieszka\u0144cy maj\u0105 miesi\u0105c na sk\u0142adanie uwag - 24GLIWICE - Portal Gliwice | codziennie nowe informacje","og_description":"Czy pomi\u0119dzy ulicami Tarnog\u00f3rska i Podlesie powstanie Castorama? Mieszka\u0144cy mog\u0105 sk\u0142ada\u0107 uwagi w procedurze oceny oddzia\u0142ywania \u015brodowiskowego","og_url":"https:\/\/www.24gliwice.pl\/wiadomosci\/wtedy-juz-nie-bedzie-odwrotu-ten-market-tutaj-powstanie-mieszkancy-maja-miesiac-na-skladanie-uwag\/","og_site_name":"24GLIWICE - Portal Gliwice | codziennie nowe informacje","article_publisher":"https:\/\/www.facebook.com\/24gliwice","article_published_time":"2026-09-04T16:09:06+00:00","og_image":[{"width":810,"height":456,"url":"https:\/\/www.24gliwice.pl\/wiadomosci\/wp-content\/uploads\/2026\/09\/Zrzut-ekranu-2026-09-04-165005.jpg","type":"image\/jpeg"}],"author":"\u017baneta Mrozek-Siewierska","twitter_card":"summary_large_image","twitter_creator":"@24gliwice","twitter_site":"@24gliwice","twitter_misc":{"Napisane przez":"\u017baneta Mrozek-Siewierska","Szacowany czas czytania":"4 minuty"},"schema":{"@context":"https:\/\/schema.org","@graph":[{"@type":"Article","@id":"https:\/\/www.24gliwice.pl\/wiadomosci\/wtedy-juz-nie-bedzie-odwrotu-ten-market-tutaj-powstanie-mieszkancy-maja-miesiac-na-skladanie-uwag\/#article","isPartOf":{"@id":"https:\/\/www.24gliwice.pl\/wiadomosci\/wtedy-juz-nie-bedzie-odwrotu-ten-market-tutaj-powstanie-mieszkancy-maja-miesiac-na-skladanie-uwag\/"},"author":{"name":"\u017baneta Mrozek-Siewierska","@id":"https:\/\/www.24gliwice.pl\/wiadomosci\/#\/schema\/person\/e42c650edd7f2fa332be3811fb166b6e"},"headline":"&#8220;Wtedy ju\u017c nie b\u0119dzie odwrotu \u2013 ten market tutaj powstanie&#8221;. Mieszka\u0144cy maj\u0105 miesi\u0105c na sk\u0142adanie uwag","datePublished":"2026-09-04T16:09:06+00:00","mainEntityOfPage":{"@id":"https:\/\/www.24gliwice.pl\/wiadomosci\/wtedy-juz-nie-bedzie-odwrotu-ten-market-tutaj-powstanie-mieszkancy-maja-miesiac-na-skladanie-uwag\/"},"wordCount":480,"commentCount":1,"publisher":{"@id":"https:\/\/www.24gliwice.pl\/wiadomosci\/#organization"},"image":{"@id":"https:\/\/www.24gliwice.pl\/wiadomosci\/wtedy-juz-nie-bedzie-odwrotu-ten-market-tutaj-powstanie-mieszkancy-maja-miesiac-na-skladanie-uwag\/#primaryimage"},"thumbnailUrl":"https:\/\/www.24gliwice.pl\/wiadomosci\/wp-content\/uploads\/2026\/09\/Zrzut-ekranu-2026-09-04-165005.jpg","keywords":["CASTORAMA","OCENA ODDZIA\u0141YWANIA"],"articleSection":["Gliwice","Najnowsze wiadomo\u015bci","Portal Gliwice - Wiadomo\u015bci lokalne"],"inLanguage":"pl-PL","potentialAction":[{"@type":"CommentAction","name":"Comment","target":["https:\/\/www.24gliwice.pl\/wiadomosci\/wtedy-juz-nie-bedzie-odwrotu-ten-market-tutaj-powstanie-mieszkancy-maja-miesiac-na-skladanie-uwag\/#respond"]}]},{"@type":"WebPage","@id":"https:\/\/www.24gliwice.pl\/wiadomosci\/wtedy-juz-nie-bedzie-odwrotu-ten-market-tutaj-powstanie-mieszkancy-maja-miesiac-na-skladanie-uwag\/","url":"https:\/\/www.24gliwice.pl\/wiadomosci\/wtedy-juz-nie-bedzie-odwrotu-ten-market-tutaj-powstanie-mieszkancy-maja-miesiac-na-skladanie-uwag\/","name":"\"Wtedy ju\u017c nie b\u0119dzie odwrotu \u2013 ten market tutaj powstanie\". Mieszka\u0144cy maj\u0105 miesi\u0105c na sk\u0142adanie uwag - 24GLIWICE - Portal Gliwice | codziennie nowe informacje","isPartOf":{"@id":"https:\/\/www.24gliwice.pl\/wiadomosci\/#website"},"primaryImageOfPage":{"@id":"https:\/\/www.24gliwice.pl\/wiadomosci\/wtedy-juz-nie-bedzie-odwrotu-ten-market-tutaj-powstanie-mieszkancy-maja-miesiac-na-skladanie-uwag\/#primaryimage"},"image":{"@id":"https:\/\/www.24gliwice.pl\/wiadomosci\/wtedy-juz-nie-bedzie-odwrotu-ten-market-tutaj-powstanie-mieszkancy-maja-miesiac-na-skladanie-uwag\/#primaryimage"},"thumbnailUrl":"https:\/\/www.24gliwice.pl\/wiadomosci\/wp-content\/uploads\/2026\/09\/Zrzut-ekranu-2026-09-04-165005.jpg","datePublished":"2026-09-04T16:09:06+00:00","description":"Czy pomi\u0119dzy ulicami Tarnog\u00f3rska i Podlesie powstanie Castorama? Mieszka\u0144cy mog\u0105 sk\u0142ada\u0107 uwagi w procedurze oceny oddzia\u0142ywania \u015brodowiskowego","breadcrumb":{"@id":"https:\/\/www.24gliwice.pl\/wiadomosci\/wtedy-juz-nie-bedzie-odwrotu-ten-market-tutaj-powstanie-mieszkancy-maja-miesiac-na-skladanie-uwag\/#breadcrumb"},"inLanguage":"pl-PL","potentialAction":[{"@type":"ReadAction","target":["https:\/\/www.24gliwice.pl\/wiadomosci\/wtedy-juz-nie-bedzie-odwrotu-ten-market-tutaj-powstanie-mieszkancy-maja-miesiac-na-skladanie-uwag\/"]}]},{"@type":"ImageObject","inLanguage":"pl-PL","@id":"https:\/\/www.24gliwice.pl\/wiadomosci\/wtedy-juz-nie-bedzie-odwrotu-ten-market-tutaj-powstanie-mieszkancy-maja-miesiac-na-skladanie-uwag\/#primaryimage","url":"https:\/\/www.24gliwice.pl\/wiadomosci\/wp-content\/uploads\/2026\/09\/Zrzut-ekranu-2026-09-04-165005.jpg","contentUrl":"https:\/\/www.24gliwice.pl\/wiadomosci\/wp-content\/uploads\/2026\/09\/Zrzut-ekranu-2026-09-04-165005.jpg","width":810,"height":456},{"@type":"BreadcrumbList","@id":"https:\/\/www.24gliwice.pl\/wiadomosci\/wtedy-juz-nie-bedzie-odwrotu-ten-market-tutaj-powstanie-mieszkancy-maja-miesiac-na-skladanie-uwag\/#breadcrumb","itemListElement":[{"@type":"ListItem","position":1,"name":"Strona g\u0142\u00f3wna","item":"https:\/\/www.24gliwice.pl\/wiadomosci\/"},{"@type":"ListItem","position":2,"name":"&#8220;Wtedy ju\u017c nie b\u0119dzie odwrotu \u2013 ten market tutaj powstanie&#8221;. Mieszka\u0144cy maj\u0105 miesi\u0105c na sk\u0142adanie uwag"}]},{"@type":"WebSite","@id":"https:\/\/www.24gliwice.pl\/wiadomosci\/#website","url":"https:\/\/www.24gliwice.pl\/wiadomosci\/","name":"24GLIWICE - Portal Gliwice | codziennie nowe wiadomo\u015bci","description":"Portal Miejski Gliwice","publisher":{"@id":"https:\/\/www.24gliwice.pl\/wiadomosci\/#organization"},"potentialAction":[{"@type":"SearchAction","target":{"@type":"EntryPoint","urlTemplate":"https:\/\/www.24gliwice.pl\/wiadomosci\/?s={search_term_string}"},"query-input":{"@type":"PropertyValueSpecification","valueRequired":true,"valueName":"search_term_string"}}],"inLanguage":"pl-PL"},{"@type":"Organization","@id":"https:\/\/www.24gliwice.pl\/wiadomosci\/#organization","name":"24gliwice","url":"https:\/\/www.24gliwice.pl\/wiadomosci\/","logo":{"@type":"ImageObject","inLanguage":"pl-PL","@id":"https:\/\/www.24gliwice.pl\/wiadomosci\/#\/schema\/logo\/image\/","url":"https:\/\/www.24gliwice.pl\/wiadomosci\/wp-content\/uploads\/2024\/10\/24gliwice-logo-696.jpg","contentUrl":"https:\/\/www.24gliwice.pl\/wiadomosci\/wp-content\/uploads\/2024\/10\/24gliwice-logo-696.jpg","width":696,"height":696,"caption":"24gliwice"},"image":{"@id":"https:\/\/www.24gliwice.pl\/wiadomosci\/#\/schema\/logo\/image\/"},"sameAs":["https:\/\/www.facebook.com\/24gliwice","https:\/\/x.com\/24gliwice","https:\/\/www.youtube.com\/@24gliwice"]},{"@type":"Person","@id":"https:\/\/www.24gliwice.pl\/wiadomosci\/#\/schema\/person\/e42c650edd7f2fa332be3811fb166b6e","name":"\u017baneta Mrozek-Siewierska","image":{"@type":"ImageObject","inLanguage":"pl-PL","@id":"https:\/\/secure.gravatar.com\/avatar\/1881429e9c64597c77ad7aef2d0a19be69a3253e57534d16aa15bf3a4d34a0a3?s=96&d=mm&r=g","url":"https:\/\/secure.gravatar.com\/avatar\/1881429e9c64597c77ad7aef2d0a19be69a3253e57534d16aa15bf3a4d34a0a3?s=96&d=mm&r=g","contentUrl":"https:\/\/secure.gravatar.com\/avatar\/1881429e9c64597c77ad7aef2d0a19be69a3253e57534d16aa15bf3a4d34a0a3?s=96&d=mm&r=g","caption":"\u017baneta Mrozek-Siewierska"},"url":"https:\/\/www.24gliwice.pl\/wiadomosci\/author\/zms\/"}]}},"_links":{"self":[{"href":"https:\/\/www.24gliwice.pl\/wiadomosci\/wp-json\/wp\/v2\/posts\/275126","targetHints":{"allow":["GET"]}}],"collection":[{"href":"https:\/\/www.24gliwice.pl\/wiadomosci\/wp-json\/wp\/v2\/posts"}],"about":[{"href":"https:\/\/www.24gliwice.pl\/wiadomosci\/wp-json\/wp\/v2\/types\/post"}],"author":[{"embeddable":true,"href":"https:\/\/www.24gliwice.pl\/wiadomosci\/wp-json\/wp\/v2\/users\/15"}],"replies":[{"embeddable":true,"href":"https:\/\/www.24gliwice.pl\/wiadomosci\/wp-json\/wp\/v2\/comments?post=275126"}],"version-history":[{"count":16,"href":"https:\/\/www.24gliwice.pl\/wiadomosci\/wp-json\/wp\/v2\/posts\/275126\/revisions"}],"predecessor-version":[{"id":275162,"href":"https:\/\/www.24gliwice.pl\/wiadomosci\/wp-json\/wp\/v2\/posts\/275126\/revisions\/275162"}],"wp:featuredmedia":[{"embeddable":true,"href":"https:\/\/www.24gliwice.pl\/wiadomosci\/wp-json\/wp\/v2\/media\/275153"}],"wp:attachment":[{"href":"https:\/\/www.24gliwice.pl\/wiadomosci\/wp-json\/wp\/v2\/media?parent=275126"}],"wp:term":[{"taxonomy":"category","embeddable":true,"href":"https:\/\/www.24gliwice.pl\/wiadomosci\/wp-json\/wp\/v2\/categories?post=275126"},{"taxonomy":"post_tag","embeddable":true,"href":"https:\/\/www.24gliwice.pl\/wiadomosci\/wp-json\/wp\/v2\/tags?post=275126"}],"curies":[{"name":"wp","href":"https:\/\/api.w.org\/{rel}","templated":true}]}}