{"id":275134,"date":"2026-09-04T13:05:32","date_gmt":"2026-09-04T11:05:32","guid":{"rendered":"https:\/\/www.24gliwice.pl\/wiadomosci\/?p=275134"},"modified":"2026-09-04T13:17:35","modified_gmt":"2026-09-04T11:17:35","slug":"mecz-koncerty-bieg-i-korowod-dozynkowy-w-weekend-na-drogach-gliwic-i-powiatu-wystapia-utrudnienia","status":"publish","type":"post","link":"https:\/\/www.24gliwice.pl\/wiadomosci\/mecz-koncerty-bieg-i-korowod-dozynkowy-w-weekend-na-drogach-gliwic-i-powiatu-wystapia-utrudnienia\/","title":{"rendered":"Mecz, koncerty, bieg i korow\u00f3d do\u017cynkowy. W weekend na drogach Gliwic i powiatu wyst\u0105pi\u0105 utrudnienia"},"content":{"rendered":"<div class=\"gliwi-a6-nad-leadem-artykulow gliwi-entity-placement\" id=\"gliwi-3338477299\"><div id=\"gliwi-4114852648\" style=\"margin-bottom: 25px;margin-left: auto;margin-right: auto;text-align: center;\"><a data-no-instant=\"1\" href=\"https:\/\/dom100.eu\/\" rel=\"noopener\" class=\"a2t-link\" target=\"_blank\" aria-label=\"20260827 750x200_baner_Dni_Otwarte_dom100\"><img loading=\"lazy\" decoding=\"async\" src=\"https:\/\/www.24gliwice.pl\/wiadomosci\/wp-content\/uploads\/2025\/09\/20260827-750x200_baner_Dni_Otwarte_dom100.jpg\" alt=\"\"  srcset=\"https:\/\/www.24gliwice.pl\/wiadomosci\/wp-content\/uploads\/2025\/09\/20260827-750x200_baner_Dni_Otwarte_dom100.jpg 750w, https:\/\/www.24gliwice.pl\/wiadomosci\/wp-content\/uploads\/2025\/09\/20260827-750x200_baner_Dni_Otwarte_dom100-410x109.jpg 410w\" sizes=\"(max-width: 750px) 100vw, 750px\" class=\"no-lazyload\" width=\"750\" height=\"200\"  style=\"display: inline-block; max-width: 100%; height: auto;\" \/><\/a><\/div><\/div><h2>Mecz, zaplanowane na dwa dni koncerty, bieg i korow\u00f3d do\u017cynkowy &#8211; pierwszy weekend wrze\u015bnia w Gliwicach i w powiecie obfitowa\u0107 b\u0119dzie w r\u00f3\u017cnego rodzaju wydarzenia, a tym samym nieuniknione utrudnienia drogowe. Na ulicach pracowa\u0107 b\u0119dzie wi\u0119cej, ni\u017c zazwyczaj, policyjnych patroli.<\/h2>\n<p><!--more--><\/p>\n<p>Policjanci b\u0119d\u0105 czuwa\u0107 nad bezpiecze\u0144stwem uczestnik\u00f3w imprez oraz nad p\u0142ynno\u015bci\u0105 ruchu.<\/p>\n<p>&#8211; <em>Dzi\u015b o godzinie 20:30 na Stadionie Miejskim przy ul. Okrzei odb\u0119dzie si\u0119 mecz \u201ePiast\u201d Gliwice \u2013 \u201eGKS\u201d Katowice. W zwi\u0105zku z tym, ju\u017c od godziny 18:00 nale\u017cy si\u0119 spodziewa\u0107 utrudnie\u0144 w ruchu w rejonie stadionu<\/em> &#8211; informuje asp. <strong>Szymon Ko\u0142odziej<\/strong> z KMP Gliwice.<\/p><div class=\"gliwi-a3-w-tresci-artykulow gliwi-entity-placement\" id=\"gliwi-3060503573\"><div id=\"gliwi-1128288035\" style=\"margin-bottom: 30px;margin-left: auto;margin-right: auto;text-align: center;\"><a data-no-instant=\"1\" href=\"https:\/\/ogrodyandersa.pl\/\" rel=\"noopener\" class=\"a2t-link\" target=\"_blank\" aria-label=\"750 x 200 &#8211; Box \u015ar\u00f3dtekstowy &#8211; ADS Ogrody Andersa v1\"><img loading=\"lazy\" decoding=\"async\" src=\"https:\/\/www.24gliwice.pl\/wiadomosci\/wp-content\/uploads\/2026\/02\/750-x-200-Box-Srodtekstowy-ADS-Ogrody-Andersa-v1.jpg\" alt=\"\"  srcset=\"https:\/\/www.24gliwice.pl\/wiadomosci\/wp-content\/uploads\/2026\/02\/750-x-200-Box-Srodtekstowy-ADS-Ogrody-Andersa-v1.jpg 750w, https:\/\/www.24gliwice.pl\/wiadomosci\/wp-content\/uploads\/2026\/02\/750-x-200-Box-Srodtekstowy-ADS-Ogrody-Andersa-v1-410x109.jpg 410w\" sizes=\"(max-width: 750px) 100vw, 750px\" class=\"no-lazyload\" width=\"750\" height=\"200\"  style=\"display: inline-block; max-width: 100%; height: auto;\" \/><\/a><\/div><div id=\"gliwi-751543041\" style=\"margin-bottom: 30px;margin-left: auto;margin-right: auto;text-align: center;\"><a data-no-instant=\"1\" href=\"https:\/\/zlobek.halogen.org.pl\/\" rel=\"noopener\" class=\"a2t-link\" target=\"_blank\" aria-label=\"animator-zlobek_750x200\"><img loading=\"lazy\" decoding=\"async\" src=\"https:\/\/www.24gliwice.pl\/wiadomosci\/wp-content\/uploads\/2026\/02\/animator-zlobek_750x200.webp\" alt=\"\"  srcset=\"https:\/\/www.24gliwice.pl\/wiadomosci\/wp-content\/uploads\/2026\/02\/animator-zlobek_750x200.webp 750w, https:\/\/www.24gliwice.pl\/wiadomosci\/wp-content\/uploads\/2026\/02\/animator-zlobek_750x200-410x109.webp 410w\" sizes=\"(max-width: 750px) 100vw, 750px\" class=\"no-lazyload\" width=\"750\" height=\"200\"  style=\"display: inline-block; max-width: 100%; height: auto;\" \/><\/a><\/div><\/div>\n<blockquote><p><em>W zwi\u0105zku z zaplanowanymi koncertami w czasie \u201eDni Gliwic\u201d, w rejonie Radiostacji gliwickiej, wy\u0142\u0105czona z ruchu samochodowego b\u0119dzie ulica Lubliniecka<\/em><\/p><\/blockquote>\n<p>&#8211; przypomina przedstawiciel KMP Gliwice. Te wydarzenia zaplanowano na dwa dni &#8211; pi\u0105tkowe, a tak\u017ce sobotnie popo\u0142udnie oraz wiecz\u00f3r. Zainteresowani udzia\u0142em powinni wzi\u0105\u0107 pod uwag\u0119, \u017ce parking przy obiekcie zosta\u0142 wy\u0142\u0105czony, a zaparkowanie w innym miejscu mo\u017ce by\u0107 utrudnione lub obarczone ryzykiem mandatu.<\/p>\n<p><a href=\"https:\/\/www.24gliwice.pl\/wiadomosci\/wp-content\/uploads\/2026\/09\/parkowanie-policja.jpg\"><img loading=\"lazy\" decoding=\"async\" class=\"alignnone  wp-image-275142\" src=\"https:\/\/www.24gliwice.pl\/wiadomosci\/wp-content\/uploads\/2026\/09\/parkowanie-policja.jpg\" alt=\"\" width=\"1164\" height=\"657\" srcset=\"https:\/\/www.24gliwice.pl\/wiadomosci\/wp-content\/uploads\/2026\/09\/parkowanie-policja.jpg 810w, https:\/\/www.24gliwice.pl\/wiadomosci\/wp-content\/uploads\/2026\/09\/parkowanie-policja-410x232.jpg 410w, https:\/\/www.24gliwice.pl\/wiadomosci\/wp-content\/uploads\/2026\/09\/parkowanie-policja-806x455.jpg 806w, https:\/\/www.24gliwice.pl\/wiadomosci\/wp-content\/uploads\/2026\/09\/parkowanie-policja-768x433.jpg 768w\" sizes=\"auto, (max-width: 1164px) 100vw, 1164px\" \/><\/a><\/p>\n<p><a href=\"https:\/\/www.24gliwice.pl\/wiadomosci\/wp-content\/uploads\/2026\/09\/parkowanie-2.jpg\"><img loading=\"lazy\" decoding=\"async\" class=\"alignnone  wp-image-275141\" src=\"https:\/\/www.24gliwice.pl\/wiadomosci\/wp-content\/uploads\/2026\/09\/parkowanie-2.jpg\" alt=\"\" width=\"1073\" height=\"603\" srcset=\"https:\/\/www.24gliwice.pl\/wiadomosci\/wp-content\/uploads\/2026\/09\/parkowanie-2.jpg 810w, https:\/\/www.24gliwice.pl\/wiadomosci\/wp-content\/uploads\/2026\/09\/parkowanie-2-410x230.jpg 410w, https:\/\/www.24gliwice.pl\/wiadomosci\/wp-content\/uploads\/2026\/09\/parkowanie-2-768x431.jpg 768w\" sizes=\"auto, (max-width: 1073px) 100vw, 1073px\" \/><\/a><\/p>\n<p>Warto wybra\u0107 komunikacj\u0119 miejsk\u0105 &#8211; dojazd do przystank\u00f3w <strong>Gliwice Micha\u0142owskiego i Gliwice Radiostacja, <\/strong>w pobli\u017cu miejsca imprezy, mo\u017cliwy jest liniami <strong>57, 59, 80, 112, 187, 288 i M104 (w Centrum Przesiadkowym odje\u017cd\u017caj\u0105 ze stanowisk nr 15 i 16). W ten rejon pasa\u017cer\u00f3w dowiezie te\u017c linia <strong>676,<\/strong> kt\u00f3ra zatrzymuje si\u0119 na przystanku <strong>&#8220;Gliwice Warszawska Komisariat&#8221; i &#8220;Gliwice Grottgera&#8221; <\/strong>(st. 16 w CP). <\/strong><a href=\"https:\/\/rj.transportgzm.pl\/v2\/\" target=\"_blank\" rel=\"noopener\">Rozk\u0142ady jazdy poszczeg\u00f3lnych linii mo\u017cna znale\u017a\u0107 tu.<\/a><\/p>\n<p><img loading=\"lazy\" decoding=\"async\" class=\"alignnone size-full\" src=\"https:\/\/gliwice.policja.gov.pl\/dokumenty\/zalaczniki\/44\/44-954218.png\" width=\"783\" height=\"978\" \/><\/p>\n<p>Utrudnie\u0144 nale\u017cy spodziewa\u0107 si\u0119 tak\u017ce w Pyskowicach, gdzie w sobot\u0119 pomi\u0119dzy godzin\u0105 10:00 a 12:00 odb\u0119dzie si\u0119 10-kilometrowy \u201eBieg Mamuta\u201d. Z kolei w niedziel\u0119 po godzinie 14:00 nale\u017cy spodziewa\u0107 si\u0119 utrudnie\u0144 w ruchu w rejonie ul. Karola Miarki i Grzonki w m. Wilcza. W tym czasie przechodzi\u0107 tam b\u0119dzie korow\u00f3d do\u017cynkowy, a ruch od strony drogi krajowej nr 78 b\u0119dzie r\u00f3wnie\u017c ograniczony.<\/p>\n<p><a href=\"https:\/\/www.24gliwice.pl\/wiadomosci\/wp-content\/uploads\/2026\/09\/bieg-mamuta.jpg\"><img loading=\"lazy\" decoding=\"async\" class=\"alignnone  wp-image-275138\" src=\"https:\/\/www.24gliwice.pl\/wiadomosci\/wp-content\/uploads\/2026\/09\/bieg-mamuta.jpg\" alt=\"\" width=\"1176\" height=\"861\" srcset=\"https:\/\/www.24gliwice.pl\/wiadomosci\/wp-content\/uploads\/2026\/09\/bieg-mamuta.jpg 489w, https:\/\/www.24gliwice.pl\/wiadomosci\/wp-content\/uploads\/2026\/09\/bieg-mamuta-317x232.jpg 317w\" sizes=\"auto, (max-width: 1176px) 100vw, 1176px\" \/><\/a><\/p>\n<p><a href=\"https:\/\/www.24gliwice.pl\/wiadomosci\/wp-content\/uploads\/2026\/09\/dozynki-trasa.jpg\"><img loading=\"lazy\" decoding=\"async\" class=\"alignnone  wp-image-275139\" src=\"https:\/\/www.24gliwice.pl\/wiadomosci\/wp-content\/uploads\/2026\/09\/dozynki-trasa.jpg\" alt=\"\" width=\"1212\" height=\"910\" srcset=\"https:\/\/www.24gliwice.pl\/wiadomosci\/wp-content\/uploads\/2026\/09\/dozynki-trasa.jpg 810w, https:\/\/www.24gliwice.pl\/wiadomosci\/wp-content\/uploads\/2026\/09\/dozynki-trasa-309x232.jpg 309w, https:\/\/www.24gliwice.pl\/wiadomosci\/wp-content\/uploads\/2026\/09\/dozynki-trasa-606x455.jpg 606w, https:\/\/www.24gliwice.pl\/wiadomosci\/wp-content\/uploads\/2026\/09\/dozynki-trasa-768x576.jpg 768w\" sizes=\"auto, (max-width: 1212px) 100vw, 1212px\" \/><\/a><\/p>\n<p>&#8211; <em>Prosimy o bezwzgl\u0119dne stosowanie si\u0119 do polece\u0144 policjant\u00f3w zabezpieczaj\u0105cych wydarzenia w nadchodz\u0105cy weekend<\/em> &#8211; apeluje asp. Ko\u0142odziej.<\/p>\n<p>(\u017cms), KMP Gliwice<br \/>\nfot.<\/p>\n<div class=\"gliwi-a5-na-koncu-artykulow gliwi-entity-placement\" id=\"gliwi-1028348319\"><div id=\"gliwi-3144752425\" style=\"margin-left: auto;margin-right: auto;text-align: center;\"><a data-no-instant=\"1\" href=\"https:\/\/www.jasek.pl\/\" rel=\"noopener\" class=\"a2t-link\" target=\"_blank\" aria-label=\"20200401-jasek 600\"><img loading=\"lazy\" decoding=\"async\" src=\"https:\/\/www.24gliwice.pl\/wiadomosci\/wp-content\/uploads\/2020\/04\/20200401-jasek-600.jpg\" alt=\"\"  srcset=\"https:\/\/www.24gliwice.pl\/wiadomosci\/wp-content\/uploads\/2020\/04\/20200401-jasek-600.jpg 600w, https:\/\/www.24gliwice.pl\/wiadomosci\/wp-content\/uploads\/2020\/04\/20200401-jasek-600-410x109.jpg 410w\" sizes=\"(max-width: 600px) 100vw, 600px\" class=\"no-lazyload\" width=\"600\" height=\"160\"  style=\"display: inline-block; max-width: 100%; height: auto;\" \/><\/a><\/div><\/div>","protected":false},"excerpt":{"rendered":"<p>Mecz, zaplanowane na dwa dni koncerty, bieg i korow\u00f3d do\u017cynkowy &#8211; pierwszy weekend wrze\u015bnia w Gliwicach i w powiecie obfitowa\u0107 b\u0119dzie w r\u00f3\u017cnego rodzaju wydarzenia, a tym samym nieuniknione utrudnienia drogowe. Na ulicach pracowa\u0107 b\u0119dzie wi\u0119cej, ni\u017c zazwyczaj, policyjnych patroli.<\/p>\n","protected":false},"author":15,"featured_media":242878,"comment_status":"open","ping_status":"closed","sticky":false,"template":"","format":"standard","meta":{"_monsterinsights_skip_tracking":false,"footnotes":"","_links_to":"","_links_to_target":""},"categories":[3,1,5],"tags":[24446,8578],"class_list":["post-275134","post","type-post","status-publish","format-standard","has-post-thumbnail","hentry","category-gliwice","category-wszystko","category-kryminalki","tag-dni-gliwic","tag-utrudnienia"],"yoast_head":"<!-- This site is optimized with the Yoast SEO plugin v28.4 - https:\/\/yoast.com\/product\/yoast-seo-wordpress\/ -->\n<title>Mecz, koncerty, bieg i korow\u00f3d do\u017cynkowy. W weekend na drogach Gliwic i powiatu wyst\u0105pi\u0105 utrudnienia - 24GLIWICE - Portal Gliwice | codziennie nowe informacje<\/title>\n<meta name=\"description\" content=\"W pierwszy weekend wrze\u015bnia na drogach na terenie Gliwic i powiatu b\u0119d\u0105 wyst\u0119powa\u0107 utrudnienia zwi\u0105zane z imprezami sportowymi i kulturalnymi\" \/>\n<meta name=\"robots\" content=\"index, follow, max-snippet:-1, max-image-preview:large, max-video-preview:-1\" \/>\n<link rel=\"canonical\" href=\"https:\/\/www.24gliwice.pl\/wiadomosci\/mecz-koncerty-bieg-i-korowod-dozynkowy-w-weekend-na-drogach-gliwic-i-powiatu-wystapia-utrudnienia\/\" \/>\n<meta property=\"og:locale\" content=\"pl_PL\" \/>\n<meta property=\"og:type\" content=\"article\" \/>\n<meta property=\"og:title\" content=\"Mecz, koncerty, bieg i korow\u00f3d do\u017cynkowy. W weekend na drogach Gliwic i powiatu wyst\u0105pi\u0105 utrudnienia - 24GLIWICE - Portal Gliwice | codziennie nowe informacje\" \/>\n<meta property=\"og:description\" content=\"W pierwszy weekend wrze\u015bnia na drogach na terenie Gliwic i powiatu b\u0119d\u0105 wyst\u0119powa\u0107 utrudnienia zwi\u0105zane z imprezami sportowymi i kulturalnymi\" \/>\n<meta property=\"og:url\" content=\"https:\/\/www.24gliwice.pl\/wiadomosci\/mecz-koncerty-bieg-i-korowod-dozynkowy-w-weekend-na-drogach-gliwic-i-powiatu-wystapia-utrudnienia\/\" \/>\n<meta property=\"og:site_name\" content=\"24GLIWICE - Portal Gliwice | codziennie nowe informacje\" \/>\n<meta property=\"article:publisher\" content=\"https:\/\/www.facebook.com\/24gliwice\" \/>\n<meta property=\"article:published_time\" content=\"2026-09-04T11:05:32+00:00\" \/>\n<meta property=\"article:modified_time\" content=\"2026-09-04T11:17:35+00:00\" \/>\n<meta property=\"og:image\" content=\"https:\/\/www.24gliwice.pl\/wiadomosci\/wp-content\/uploads\/2024\/10\/nowe-radiowozy2.jpg\" \/>\n\t<meta property=\"og:image:width\" content=\"810\" \/>\n\t<meta property=\"og:image:height\" content=\"455\" \/>\n\t<meta property=\"og:image:type\" content=\"image\/jpeg\" \/>\n<meta name=\"author\" content=\"\u017baneta Mrozek-Siewierska\" \/>\n<meta name=\"twitter:card\" content=\"summary_large_image\" \/>\n<meta name=\"twitter:creator\" content=\"@24gliwice\" \/>\n<meta name=\"twitter:site\" content=\"@24gliwice\" \/>\n<meta name=\"twitter:label1\" content=\"Napisane przez\" \/>\n\t<meta name=\"twitter:data1\" content=\"\u017baneta Mrozek-Siewierska\" \/>\n\t<meta name=\"twitter:label2\" content=\"Szacowany czas czytania\" \/>\n\t<meta name=\"twitter:data2\" content=\"3 minuty\" \/>\n<script type=\"application\/ld+json\" class=\"yoast-schema-graph\">{\"@context\":\"https:\\\/\\\/schema.org\",\"@graph\":[{\"@type\":\"Article\",\"@id\":\"https:\\\/\\\/www.24gliwice.pl\\\/wiadomosci\\\/mecz-koncerty-bieg-i-korowod-dozynkowy-w-weekend-na-drogach-gliwic-i-powiatu-wystapia-utrudnienia\\\/#article\",\"isPartOf\":{\"@id\":\"https:\\\/\\\/www.24gliwice.pl\\\/wiadomosci\\\/mecz-koncerty-bieg-i-korowod-dozynkowy-w-weekend-na-drogach-gliwic-i-powiatu-wystapia-utrudnienia\\\/\"},\"author\":{\"name\":\"\u017baneta Mrozek-Siewierska\",\"@id\":\"https:\\\/\\\/www.24gliwice.pl\\\/wiadomosci\\\/#\\\/schema\\\/person\\\/e42c650edd7f2fa332be3811fb166b6e\"},\"headline\":\"Mecz, koncerty, bieg i korow\u00f3d do\u017cynkowy. W weekend na drogach Gliwic i powiatu wyst\u0105pi\u0105 utrudnienia\",\"datePublished\":\"2026-09-04T11:05:32+00:00\",\"dateModified\":\"2026-09-04T11:17:35+00:00\",\"mainEntityOfPage\":{\"@id\":\"https:\\\/\\\/www.24gliwice.pl\\\/wiadomosci\\\/mecz-koncerty-bieg-i-korowod-dozynkowy-w-weekend-na-drogach-gliwic-i-powiatu-wystapia-utrudnienia\\\/\"},\"wordCount\":364,\"commentCount\":1,\"publisher\":{\"@id\":\"https:\\\/\\\/www.24gliwice.pl\\\/wiadomosci\\\/#organization\"},\"image\":{\"@id\":\"https:\\\/\\\/www.24gliwice.pl\\\/wiadomosci\\\/mecz-koncerty-bieg-i-korowod-dozynkowy-w-weekend-na-drogach-gliwic-i-powiatu-wystapia-utrudnienia\\\/#primaryimage\"},\"thumbnailUrl\":\"https:\\\/\\\/www.24gliwice.pl\\\/wiadomosci\\\/wp-content\\\/uploads\\\/2024\\\/10\\\/nowe-radiowozy2.jpg\",\"keywords\":[\"DNI GLIWIC\",\"UTRUDNIENIA\"],\"articleSection\":[\"Gliwice\",\"Najnowsze wiadomo\u015bci\",\"Prawo\"],\"inLanguage\":\"pl-PL\",\"potentialAction\":[{\"@type\":\"CommentAction\",\"name\":\"Comment\",\"target\":[\"https:\\\/\\\/www.24gliwice.pl\\\/wiadomosci\\\/mecz-koncerty-bieg-i-korowod-dozynkowy-w-weekend-na-drogach-gliwic-i-powiatu-wystapia-utrudnienia\\\/#respond\"]}]},{\"@type\":\"WebPage\",\"@id\":\"https:\\\/\\\/www.24gliwice.pl\\\/wiadomosci\\\/mecz-koncerty-bieg-i-korowod-dozynkowy-w-weekend-na-drogach-gliwic-i-powiatu-wystapia-utrudnienia\\\/\",\"url\":\"https:\\\/\\\/www.24gliwice.pl\\\/wiadomosci\\\/mecz-koncerty-bieg-i-korowod-dozynkowy-w-weekend-na-drogach-gliwic-i-powiatu-wystapia-utrudnienia\\\/\",\"name\":\"Mecz, koncerty, bieg i korow\u00f3d do\u017cynkowy. W weekend na drogach Gliwic i powiatu wyst\u0105pi\u0105 utrudnienia - 24GLIWICE - Portal Gliwice | codziennie nowe informacje\",\"isPartOf\":{\"@id\":\"https:\\\/\\\/www.24gliwice.pl\\\/wiadomosci\\\/#website\"},\"primaryImageOfPage\":{\"@id\":\"https:\\\/\\\/www.24gliwice.pl\\\/wiadomosci\\\/mecz-koncerty-bieg-i-korowod-dozynkowy-w-weekend-na-drogach-gliwic-i-powiatu-wystapia-utrudnienia\\\/#primaryimage\"},\"image\":{\"@id\":\"https:\\\/\\\/www.24gliwice.pl\\\/wiadomosci\\\/mecz-koncerty-bieg-i-korowod-dozynkowy-w-weekend-na-drogach-gliwic-i-powiatu-wystapia-utrudnienia\\\/#primaryimage\"},\"thumbnailUrl\":\"https:\\\/\\\/www.24gliwice.pl\\\/wiadomosci\\\/wp-content\\\/uploads\\\/2024\\\/10\\\/nowe-radiowozy2.jpg\",\"datePublished\":\"2026-09-04T11:05:32+00:00\",\"dateModified\":\"2026-09-04T11:17:35+00:00\",\"description\":\"W pierwszy weekend wrze\u015bnia na drogach na terenie Gliwic i powiatu b\u0119d\u0105 wyst\u0119powa\u0107 utrudnienia zwi\u0105zane z imprezami sportowymi i kulturalnymi\",\"breadcrumb\":{\"@id\":\"https:\\\/\\\/www.24gliwice.pl\\\/wiadomosci\\\/mecz-koncerty-bieg-i-korowod-dozynkowy-w-weekend-na-drogach-gliwic-i-powiatu-wystapia-utrudnienia\\\/#breadcrumb\"},\"inLanguage\":\"pl-PL\",\"potentialAction\":[{\"@type\":\"ReadAction\",\"target\":[\"https:\\\/\\\/www.24gliwice.pl\\\/wiadomosci\\\/mecz-koncerty-bieg-i-korowod-dozynkowy-w-weekend-na-drogach-gliwic-i-powiatu-wystapia-utrudnienia\\\/\"]}]},{\"@type\":\"ImageObject\",\"inLanguage\":\"pl-PL\",\"@id\":\"https:\\\/\\\/www.24gliwice.pl\\\/wiadomosci\\\/mecz-koncerty-bieg-i-korowod-dozynkowy-w-weekend-na-drogach-gliwic-i-powiatu-wystapia-utrudnienia\\\/#primaryimage\",\"url\":\"https:\\\/\\\/www.24gliwice.pl\\\/wiadomosci\\\/wp-content\\\/uploads\\\/2024\\\/10\\\/nowe-radiowozy2.jpg\",\"contentUrl\":\"https:\\\/\\\/www.24gliwice.pl\\\/wiadomosci\\\/wp-content\\\/uploads\\\/2024\\\/10\\\/nowe-radiowozy2.jpg\",\"width\":810,\"height\":455},{\"@type\":\"BreadcrumbList\",\"@id\":\"https:\\\/\\\/www.24gliwice.pl\\\/wiadomosci\\\/mecz-koncerty-bieg-i-korowod-dozynkowy-w-weekend-na-drogach-gliwic-i-powiatu-wystapia-utrudnienia\\\/#breadcrumb\",\"itemListElement\":[{\"@type\":\"ListItem\",\"position\":1,\"name\":\"Strona g\u0142\u00f3wna\",\"item\":\"https:\\\/\\\/www.24gliwice.pl\\\/wiadomosci\\\/\"},{\"@type\":\"ListItem\",\"position\":2,\"name\":\"Mecz, koncerty, bieg i korow\u00f3d do\u017cynkowy. W weekend na drogach Gliwic i powiatu wyst\u0105pi\u0105 utrudnienia\"}]},{\"@type\":\"WebSite\",\"@id\":\"https:\\\/\\\/www.24gliwice.pl\\\/wiadomosci\\\/#website\",\"url\":\"https:\\\/\\\/www.24gliwice.pl\\\/wiadomosci\\\/\",\"name\":\"24GLIWICE - Portal Gliwice | codziennie nowe wiadomo\u015bci\",\"description\":\"Portal Miejski Gliwice\",\"publisher\":{\"@id\":\"https:\\\/\\\/www.24gliwice.pl\\\/wiadomosci\\\/#organization\"},\"potentialAction\":[{\"@type\":\"SearchAction\",\"target\":{\"@type\":\"EntryPoint\",\"urlTemplate\":\"https:\\\/\\\/www.24gliwice.pl\\\/wiadomosci\\\/?s={search_term_string}\"},\"query-input\":{\"@type\":\"PropertyValueSpecification\",\"valueRequired\":true,\"valueName\":\"search_term_string\"}}],\"inLanguage\":\"pl-PL\"},{\"@type\":\"Organization\",\"@id\":\"https:\\\/\\\/www.24gliwice.pl\\\/wiadomosci\\\/#organization\",\"name\":\"24gliwice\",\"url\":\"https:\\\/\\\/www.24gliwice.pl\\\/wiadomosci\\\/\",\"logo\":{\"@type\":\"ImageObject\",\"inLanguage\":\"pl-PL\",\"@id\":\"https:\\\/\\\/www.24gliwice.pl\\\/wiadomosci\\\/#\\\/schema\\\/logo\\\/image\\\/\",\"url\":\"https:\\\/\\\/www.24gliwice.pl\\\/wiadomosci\\\/wp-content\\\/uploads\\\/2024\\\/10\\\/24gliwice-logo-696.jpg\",\"contentUrl\":\"https:\\\/\\\/www.24gliwice.pl\\\/wiadomosci\\\/wp-content\\\/uploads\\\/2024\\\/10\\\/24gliwice-logo-696.jpg\",\"width\":696,\"height\":696,\"caption\":\"24gliwice\"},\"image\":{\"@id\":\"https:\\\/\\\/www.24gliwice.pl\\\/wiadomosci\\\/#\\\/schema\\\/logo\\\/image\\\/\"},\"sameAs\":[\"https:\\\/\\\/www.facebook.com\\\/24gliwice\",\"https:\\\/\\\/x.com\\\/24gliwice\",\"https:\\\/\\\/www.youtube.com\\\/@24gliwice\"]},{\"@type\":\"Person\",\"@id\":\"https:\\\/\\\/www.24gliwice.pl\\\/wiadomosci\\\/#\\\/schema\\\/person\\\/e42c650edd7f2fa332be3811fb166b6e\",\"name\":\"\u017baneta Mrozek-Siewierska\",\"image\":{\"@type\":\"ImageObject\",\"inLanguage\":\"pl-PL\",\"@id\":\"https:\\\/\\\/secure.gravatar.com\\\/avatar\\\/1881429e9c64597c77ad7aef2d0a19be69a3253e57534d16aa15bf3a4d34a0a3?s=96&d=mm&r=g\",\"url\":\"https:\\\/\\\/secure.gravatar.com\\\/avatar\\\/1881429e9c64597c77ad7aef2d0a19be69a3253e57534d16aa15bf3a4d34a0a3?s=96&d=mm&r=g\",\"contentUrl\":\"https:\\\/\\\/secure.gravatar.com\\\/avatar\\\/1881429e9c64597c77ad7aef2d0a19be69a3253e57534d16aa15bf3a4d34a0a3?s=96&d=mm&r=g\",\"caption\":\"\u017baneta Mrozek-Siewierska\"},\"url\":\"https:\\\/\\\/www.24gliwice.pl\\\/wiadomosci\\\/author\\\/zms\\\/\"}]}<\/script>\n<!-- \/ Yoast SEO plugin. -->","yoast_head_json":{"title":"Mecz, koncerty, bieg i korow\u00f3d do\u017cynkowy. W weekend na drogach Gliwic i powiatu wyst\u0105pi\u0105 utrudnienia - 24GLIWICE - Portal Gliwice | codziennie nowe informacje","description":"W pierwszy weekend wrze\u015bnia na drogach na terenie Gliwic i powiatu b\u0119d\u0105 wyst\u0119powa\u0107 utrudnienia zwi\u0105zane z imprezami sportowymi i kulturalnymi","robots":{"index":"index","follow":"follow","max-snippet":"max-snippet:-1","max-image-preview":"max-image-preview:large","max-video-preview":"max-video-preview:-1"},"canonical":"https:\/\/www.24gliwice.pl\/wiadomosci\/mecz-koncerty-bieg-i-korowod-dozynkowy-w-weekend-na-drogach-gliwic-i-powiatu-wystapia-utrudnienia\/","og_locale":"pl_PL","og_type":"article","og_title":"Mecz, koncerty, bieg i korow\u00f3d do\u017cynkowy. W weekend na drogach Gliwic i powiatu wyst\u0105pi\u0105 utrudnienia - 24GLIWICE - Portal Gliwice | codziennie nowe informacje","og_description":"W pierwszy weekend wrze\u015bnia na drogach na terenie Gliwic i powiatu b\u0119d\u0105 wyst\u0119powa\u0107 utrudnienia zwi\u0105zane z imprezami sportowymi i kulturalnymi","og_url":"https:\/\/www.24gliwice.pl\/wiadomosci\/mecz-koncerty-bieg-i-korowod-dozynkowy-w-weekend-na-drogach-gliwic-i-powiatu-wystapia-utrudnienia\/","og_site_name":"24GLIWICE - Portal Gliwice | codziennie nowe informacje","article_publisher":"https:\/\/www.facebook.com\/24gliwice","article_published_time":"2026-09-04T11:05:32+00:00","article_modified_time":"2026-09-04T11:17:35+00:00","og_image":[{"width":810,"height":455,"url":"https:\/\/www.24gliwice.pl\/wiadomosci\/wp-content\/uploads\/2024\/10\/nowe-radiowozy2.jpg","type":"image\/jpeg"}],"author":"\u017baneta Mrozek-Siewierska","twitter_card":"summary_large_image","twitter_creator":"@24gliwice","twitter_site":"@24gliwice","twitter_misc":{"Napisane przez":"\u017baneta Mrozek-Siewierska","Szacowany czas czytania":"3 minuty"},"schema":{"@context":"https:\/\/schema.org","@graph":[{"@type":"Article","@id":"https:\/\/www.24gliwice.pl\/wiadomosci\/mecz-koncerty-bieg-i-korowod-dozynkowy-w-weekend-na-drogach-gliwic-i-powiatu-wystapia-utrudnienia\/#article","isPartOf":{"@id":"https:\/\/www.24gliwice.pl\/wiadomosci\/mecz-koncerty-bieg-i-korowod-dozynkowy-w-weekend-na-drogach-gliwic-i-powiatu-wystapia-utrudnienia\/"},"author":{"name":"\u017baneta Mrozek-Siewierska","@id":"https:\/\/www.24gliwice.pl\/wiadomosci\/#\/schema\/person\/e42c650edd7f2fa332be3811fb166b6e"},"headline":"Mecz, koncerty, bieg i korow\u00f3d do\u017cynkowy. W weekend na drogach Gliwic i powiatu wyst\u0105pi\u0105 utrudnienia","datePublished":"2026-09-04T11:05:32+00:00","dateModified":"2026-09-04T11:17:35+00:00","mainEntityOfPage":{"@id":"https:\/\/www.24gliwice.pl\/wiadomosci\/mecz-koncerty-bieg-i-korowod-dozynkowy-w-weekend-na-drogach-gliwic-i-powiatu-wystapia-utrudnienia\/"},"wordCount":364,"commentCount":1,"publisher":{"@id":"https:\/\/www.24gliwice.pl\/wiadomosci\/#organization"},"image":{"@id":"https:\/\/www.24gliwice.pl\/wiadomosci\/mecz-koncerty-bieg-i-korowod-dozynkowy-w-weekend-na-drogach-gliwic-i-powiatu-wystapia-utrudnienia\/#primaryimage"},"thumbnailUrl":"https:\/\/www.24gliwice.pl\/wiadomosci\/wp-content\/uploads\/2024\/10\/nowe-radiowozy2.jpg","keywords":["DNI GLIWIC","UTRUDNIENIA"],"articleSection":["Gliwice","Najnowsze wiadomo\u015bci","Prawo"],"inLanguage":"pl-PL","potentialAction":[{"@type":"CommentAction","name":"Comment","target":["https:\/\/www.24gliwice.pl\/wiadomosci\/mecz-koncerty-bieg-i-korowod-dozynkowy-w-weekend-na-drogach-gliwic-i-powiatu-wystapia-utrudnienia\/#respond"]}]},{"@type":"WebPage","@id":"https:\/\/www.24gliwice.pl\/wiadomosci\/mecz-koncerty-bieg-i-korowod-dozynkowy-w-weekend-na-drogach-gliwic-i-powiatu-wystapia-utrudnienia\/","url":"https:\/\/www.24gliwice.pl\/wiadomosci\/mecz-koncerty-bieg-i-korowod-dozynkowy-w-weekend-na-drogach-gliwic-i-powiatu-wystapia-utrudnienia\/","name":"Mecz, koncerty, bieg i korow\u00f3d do\u017cynkowy. W weekend na drogach Gliwic i powiatu wyst\u0105pi\u0105 utrudnienia - 24GLIWICE - Portal Gliwice | codziennie nowe informacje","isPartOf":{"@id":"https:\/\/www.24gliwice.pl\/wiadomosci\/#website"},"primaryImageOfPage":{"@id":"https:\/\/www.24gliwice.pl\/wiadomosci\/mecz-koncerty-bieg-i-korowod-dozynkowy-w-weekend-na-drogach-gliwic-i-powiatu-wystapia-utrudnienia\/#primaryimage"},"image":{"@id":"https:\/\/www.24gliwice.pl\/wiadomosci\/mecz-koncerty-bieg-i-korowod-dozynkowy-w-weekend-na-drogach-gliwic-i-powiatu-wystapia-utrudnienia\/#primaryimage"},"thumbnailUrl":"https:\/\/www.24gliwice.pl\/wiadomosci\/wp-content\/uploads\/2024\/10\/nowe-radiowozy2.jpg","datePublished":"2026-09-04T11:05:32+00:00","dateModified":"2026-09-04T11:17:35+00:00","description":"W pierwszy weekend wrze\u015bnia na drogach na terenie Gliwic i powiatu b\u0119d\u0105 wyst\u0119powa\u0107 utrudnienia zwi\u0105zane z imprezami sportowymi i kulturalnymi","breadcrumb":{"@id":"https:\/\/www.24gliwice.pl\/wiadomosci\/mecz-koncerty-bieg-i-korowod-dozynkowy-w-weekend-na-drogach-gliwic-i-powiatu-wystapia-utrudnienia\/#breadcrumb"},"inLanguage":"pl-PL","potentialAction":[{"@type":"ReadAction","target":["https:\/\/www.24gliwice.pl\/wiadomosci\/mecz-koncerty-bieg-i-korowod-dozynkowy-w-weekend-na-drogach-gliwic-i-powiatu-wystapia-utrudnienia\/"]}]},{"@type":"ImageObject","inLanguage":"pl-PL","@id":"https:\/\/www.24gliwice.pl\/wiadomosci\/mecz-koncerty-bieg-i-korowod-dozynkowy-w-weekend-na-drogach-gliwic-i-powiatu-wystapia-utrudnienia\/#primaryimage","url":"https:\/\/www.24gliwice.pl\/wiadomosci\/wp-content\/uploads\/2024\/10\/nowe-radiowozy2.jpg","contentUrl":"https:\/\/www.24gliwice.pl\/wiadomosci\/wp-content\/uploads\/2024\/10\/nowe-radiowozy2.jpg","width":810,"height":455},{"@type":"BreadcrumbList","@id":"https:\/\/www.24gliwice.pl\/wiadomosci\/mecz-koncerty-bieg-i-korowod-dozynkowy-w-weekend-na-drogach-gliwic-i-powiatu-wystapia-utrudnienia\/#breadcrumb","itemListElement":[{"@type":"ListItem","position":1,"name":"Strona g\u0142\u00f3wna","item":"https:\/\/www.24gliwice.pl\/wiadomosci\/"},{"@type":"ListItem","position":2,"name":"Mecz, koncerty, bieg i korow\u00f3d do\u017cynkowy. W weekend na drogach Gliwic i powiatu wyst\u0105pi\u0105 utrudnienia"}]},{"@type":"WebSite","@id":"https:\/\/www.24gliwice.pl\/wiadomosci\/#website","url":"https:\/\/www.24gliwice.pl\/wiadomosci\/","name":"24GLIWICE - Portal Gliwice | codziennie nowe wiadomo\u015bci","description":"Portal Miejski Gliwice","publisher":{"@id":"https:\/\/www.24gliwice.pl\/wiadomosci\/#organization"},"potentialAction":[{"@type":"SearchAction","target":{"@type":"EntryPoint","urlTemplate":"https:\/\/www.24gliwice.pl\/wiadomosci\/?s={search_term_string}"},"query-input":{"@type":"PropertyValueSpecification","valueRequired":true,"valueName":"search_term_string"}}],"inLanguage":"pl-PL"},{"@type":"Organization","@id":"https:\/\/www.24gliwice.pl\/wiadomosci\/#organization","name":"24gliwice","url":"https:\/\/www.24gliwice.pl\/wiadomosci\/","logo":{"@type":"ImageObject","inLanguage":"pl-PL","@id":"https:\/\/www.24gliwice.pl\/wiadomosci\/#\/schema\/logo\/image\/","url":"https:\/\/www.24gliwice.pl\/wiadomosci\/wp-content\/uploads\/2024\/10\/24gliwice-logo-696.jpg","contentUrl":"https:\/\/www.24gliwice.pl\/wiadomosci\/wp-content\/uploads\/2024\/10\/24gliwice-logo-696.jpg","width":696,"height":696,"caption":"24gliwice"},"image":{"@id":"https:\/\/www.24gliwice.pl\/wiadomosci\/#\/schema\/logo\/image\/"},"sameAs":["https:\/\/www.facebook.com\/24gliwice","https:\/\/x.com\/24gliwice","https:\/\/www.youtube.com\/@24gliwice"]},{"@type":"Person","@id":"https:\/\/www.24gliwice.pl\/wiadomosci\/#\/schema\/person\/e42c650edd7f2fa332be3811fb166b6e","name":"\u017baneta Mrozek-Siewierska","image":{"@type":"ImageObject","inLanguage":"pl-PL","@id":"https:\/\/secure.gravatar.com\/avatar\/1881429e9c64597c77ad7aef2d0a19be69a3253e57534d16aa15bf3a4d34a0a3?s=96&d=mm&r=g","url":"https:\/\/secure.gravatar.com\/avatar\/1881429e9c64597c77ad7aef2d0a19be69a3253e57534d16aa15bf3a4d34a0a3?s=96&d=mm&r=g","contentUrl":"https:\/\/secure.gravatar.com\/avatar\/1881429e9c64597c77ad7aef2d0a19be69a3253e57534d16aa15bf3a4d34a0a3?s=96&d=mm&r=g","caption":"\u017baneta Mrozek-Siewierska"},"url":"https:\/\/www.24gliwice.pl\/wiadomosci\/author\/zms\/"}]}},"_links":{"self":[{"href":"https:\/\/www.24gliwice.pl\/wiadomosci\/wp-json\/wp\/v2\/posts\/275134","targetHints":{"allow":["GET"]}}],"collection":[{"href":"https:\/\/www.24gliwice.pl\/wiadomosci\/wp-json\/wp\/v2\/posts"}],"about":[{"href":"https:\/\/www.24gliwice.pl\/wiadomosci\/wp-json\/wp\/v2\/types\/post"}],"author":[{"embeddable":true,"href":"https:\/\/www.24gliwice.pl\/wiadomosci\/wp-json\/wp\/v2\/users\/15"}],"replies":[{"embeddable":true,"href":"https:\/\/www.24gliwice.pl\/wiadomosci\/wp-json\/wp\/v2\/comments?post=275134"}],"version-history":[{"count":9,"href":"https:\/\/www.24gliwice.pl\/wiadomosci\/wp-json\/wp\/v2\/posts\/275134\/revisions"}],"predecessor-version":[{"id":275148,"href":"https:\/\/www.24gliwice.pl\/wiadomosci\/wp-json\/wp\/v2\/posts\/275134\/revisions\/275148"}],"wp:featuredmedia":[{"embeddable":true,"href":"https:\/\/www.24gliwice.pl\/wiadomosci\/wp-json\/wp\/v2\/media\/242878"}],"wp:attachment":[{"href":"https:\/\/www.24gliwice.pl\/wiadomosci\/wp-json\/wp\/v2\/media?parent=275134"}],"wp:term":[{"taxonomy":"category","embeddable":true,"href":"https:\/\/www.24gliwice.pl\/wiadomosci\/wp-json\/wp\/v2\/categories?post=275134"},{"taxonomy":"post_tag","embeddable":true,"href":"https:\/\/www.24gliwice.pl\/wiadomosci\/wp-json\/wp\/v2\/tags?post=275134"}],"curies":[{"name":"wp","href":"https:\/\/api.w.org\/{rel}","templated":true}]}}