{"id":275169,"date":"2026-09-04T19:11:55","date_gmt":"2026-09-04T17:11:55","guid":{"rendered":"https:\/\/www.24gliwice.pl\/wiadomosci\/?p=275169"},"modified":"2026-09-04T19:12:08","modified_gmt":"2026-09-04T17:12:08","slug":"magia-amuletow-naszyjniki-z-kamieniem-z-manoki-to-najwiekszy-hit-sezonu","status":"publish","type":"post","link":"https:\/\/www.24gliwice.pl\/wiadomosci\/magia-amuletow-naszyjniki-z-kamieniem-z-manoki-to-najwiekszy-hit-sezonu\/","title":{"rendered":"Magia amulet\u00f3w: Naszyjniki z kamieniem z Manoki to najwi\u0119kszy hit sezonu!"},"content":{"rendered":"<h4>Naszyjniki z kamieniem naturalnym wracaj\u0105 do \u0142ask &#8211; i to nie tylko jako dodatek do stylizacji. W kolekcji Manoki znajdziemy modele nawi\u0105zuj\u0105ce do amulet\u00f3w, czyli bi\u017cuterii, kt\u00f3rej przypisuje si\u0119 dodatkowe znaczenie, nie tylko estetyczne. Sprawdzam, sk\u0105d bierze si\u0119 ta popularno\u015b\u0107 i kt\u00f3re modele warto rozwa\u017cy\u0107.<\/h4>\n<p><!--more--><\/p>\n<hr \/>\n<h2>Sk\u0105d popularno\u015b\u0107 amulet\u00f3w w bi\u017cuterii?<\/h2>\n<p>Trend na naszyjniki z kamieniami naturalnymi rozwija si\u0119 od kilku sezon\u00f3w, ale w tym roku wydaje si\u0119 szczeg\u00f3lnie wyra\u017any. Cz\u0119\u015b\u0107 os\u00f3b traktuje takie kamienie czysto estetycznie &#8211; jako ciekawy, naturalny dodatek. Inni wierz\u0105, \u017ce poszczeg\u00f3lne kamienie maj\u0105 wp\u0142yw na samopoczucie czy nastr\u00f3j. Manoki wpisa\u0142o si\u0119 w ten trend, oferuj\u0105c naszyjniki z kamieniami osadzonymi na \u0142a\u0144cuszkach ze stali szlachetnej, co w praktyce oznacza wi\u0119cej mo\u017cliwo\u015bci stylizacji ni\u017c przy klasycznej bi\u017cuterii.<\/p>\n<h2>Jakie kamienie znajdziemy w kolekcji<\/h2>\n<p>W ofercie pojawiaj\u0105 si\u0119 mi\u0119dzy innymi onyks, ametyst, kryszta\u0142 g\u00f3rski czy labradoryt (larvikit) &#8211; ka\u017cdy z innym kolorem i charakterem. Nie ka\u017cdemu musi zale\u017ce\u0107 na symbolice konkretnego kamienia, ale warto wiedzie\u0107, \u017ce onyks bywa \u0142\u0105czony z ochron\u0105, a ametyst &#8211; ze spokojem, je\u015bli akurat to Was interesuje. Wa\u017cniejszy praktycznie jest fakt, \u017ce kamienie s\u0105 \u0142\u0105czone ze stal\u0105 szlachetn\u0105, wi\u0119c naszyjnik mo\u017cna nosi\u0107 na co dzie\u0144 bez obaw o alergie czy \u015bcieranie si\u0119 poz\u0142oty.<\/p>\n<h2>Jak dobra\u0107 naszyjnik do stylizacji<\/h2>\n<p>Wyb\u00f3r naszyjnika z kamieniem warto zacz\u0105\u0107 od odpowiedzi na pytanie, do czego ma nam s\u0142u\u017cy\u0107 &#8211; czy b\u0119dzie to jedyny akcent w stylizacji, czy element wi\u0119kszego zestawu. Minimalistki najcz\u0119\u015bciej si\u0119gaj\u0105 po pojedynczy, wyrazisty kamie\u0144 na cienkim \u0142a\u0144cuszku i na tym poprzestaj\u0105 &#8211; taki dodatek dobrze wygl\u0105da zar\u00f3wno przy prostym swetrze, jak i przy dekolcie w serek czy \u0142\u00f3dk\u0119, bo nie konkuruje z krojem ubrania. Osoby, kt\u00f3re lubi\u0105 bardziej rozbudowane stylizacje, mog\u0105 \u0142\u0105czy\u0107 naszyjnik z kamieniem z cie\u0144szymi \u0142a\u0144cuszkami ze stali szlachetnej, tworz\u0105c tzw. necklace stacking &#8211; wtedy warto zadba\u0107, \u017ceby d\u0142ugo\u015bci si\u0119 r\u00f3\u017cni\u0142y, bo dzi\u0119ki temu ka\u017cdy element jest widoczny osobno, a ca\u0142o\u015b\u0107 nie zlewa si\u0119 w jedn\u0105 mas\u0119.<\/p>\n<p>Kolor kamienia te\u017c ma znaczenie, cho\u0107 nie trzeba podchodzi\u0107 do tego zbyt sztywno. Do pracy, gdzie obowi\u0105zuje bardziej stonowany dress code, lepiej sprawdz\u0105 si\u0119 ciemniejsze lub przezroczyste kamienie &#8211; onyks, kryszta\u0142 g\u00f3rski, labradoryt &#8211; bo wygl\u0105daj\u0105 elegancko i nie przyci\u0105gaj\u0105 nadmiernej uwagi. Na co dzie\u0144 i na wyj\u015bcia towarzyskie mo\u017cna pozwoli\u0107 sobie na wi\u0119cej &#8211; r\u00f3\u017cowy kwarc, turkus czy kamie\u0144 ksi\u0119\u017cycowy dobrze komponuj\u0105 si\u0119 zar\u00f3wno z jasnymi, letnimi stylizacjami, jak i z ciemniejszymi, jesiennymi zestawami. Warto te\u017c zwr\u00f3ci\u0107 uwag\u0119 na kolor metalu &#8211; z\u0142oto PVD cieplej komponuje si\u0119 z opalenizn\u0105 i ciep\u0142ymi odcieniami ubra\u0144, a wyko\u0144czenie srebrne lub stalowe lepiej pasuje do ch\u0142odniejszej kolorystyki. Je\u015bli nie jeste\u015bcie pewni, co wybra\u0107, dobrym punktem wyj\u015bcia jest po prostu kamie\u0144, kt\u00f3ry najbardziej si\u0119 podoba &#8211; &#8211; reszta zwykle jako\u015b si\u0119 uk\u0142ada.<\/p>\n<p>Poni\u017cej trzy modele z kolekcji nasyzjnik\u00f3w, kt\u00f3re dobrze pokazuj\u0105, o czym mowa powy\u017cej.<\/p>\n<h3>Delikatny larvikit na poz\u0142acanym \u0142a\u0144cuszku<\/h3>\n<p><img loading=\"lazy\" decoding=\"async\" class=\"aligncenter size-full wp-image-275172\" src=\"https:\/\/www.24gliwice.pl\/wiadomosci\/wp-content\/uploads\/2026\/09\/zdjecie_w_tresci_1.jpg\" alt=\"\" width=\"810\" height=\"657\" srcset=\"https:\/\/www.24gliwice.pl\/wiadomosci\/wp-content\/uploads\/2026\/09\/zdjecie_w_tresci_1.jpg 810w, https:\/\/www.24gliwice.pl\/wiadomosci\/wp-content\/uploads\/2026\/09\/zdjecie_w_tresci_1-286x232.jpg 286w, https:\/\/www.24gliwice.pl\/wiadomosci\/wp-content\/uploads\/2026\/09\/zdjecie_w_tresci_1-561x455.jpg 561w, https:\/\/www.24gliwice.pl\/wiadomosci\/wp-content\/uploads\/2026\/09\/zdjecie_w_tresci_1-768x623.jpg 768w\" sizes=\"auto, (max-width: 810px) 100vw, 810px\" \/><\/p>\n<p><a href=\"https:\/\/www.manoki.pl\/delikatny-labradoryt-na-pozlacanym-lancuszku-naszyjnik-z-kamieniem-naturalnym,t11810.html\"><span style=\"color: #1155cc;\"><u>Zobacz produkt<\/u><\/span><\/a><\/p>\n<p>Ten naszyjnik zwr\u00f3ci\u0142 moj\u0105 uwag\u0119 ju\u017c przy pierwszym spojrzeniu &#8211; kamie\u0144 ma ten charakterystyczny, ciemny odcie\u0144, kt\u00f3ry w zale\u017cno\u015bci od \u015bwiat\u0142a przechodzi w metaliczny po\u0142ysk, wi\u0119c naszyjnik potrafi wygl\u0105da\u0107 zupe\u0142nie inaczej rano i wieczorem. Poz\u0142acany \u0142a\u0144cuszek jest cienki i delikatny, wi\u0119c ca\u0142o\u015b\u0107 nie ci\u0105\u017cy ani wizualnie, ani fizycznie &#8211; naprawd\u0119 mo\u017cna o niej zapomnie\u0107 w ci\u0105gu dnia. To model, kt\u00f3ry sprawdzi si\u0119 w\u0142a\u015bciwie wsz\u0119dzie: do biura, na co dzie\u0144, ale te\u017c jako dodatek na wiecz\u00f3r, kiedy potrzeba czego\u015b subtelnego, a nie krzykliwego. Je\u015bli szukacie jednego naszyjnika, kt\u00f3ry zast\u0105pi kilka innych, to chyba w\u0142a\u015bnie ten.<\/p>\n<h3>Czarny kamie\u0144 naturalny onyks na z\u0142otym \u0142a\u0144cuszku<\/h3>\n<p><img loading=\"lazy\" decoding=\"async\" class=\"aligncenter size-full wp-image-275173\" src=\"https:\/\/www.24gliwice.pl\/wiadomosci\/wp-content\/uploads\/2026\/09\/zdjecie_w_tresci_2.jpg\" alt=\"\" width=\"810\" height=\"689\" srcset=\"https:\/\/www.24gliwice.pl\/wiadomosci\/wp-content\/uploads\/2026\/09\/zdjecie_w_tresci_2.jpg 810w, https:\/\/www.24gliwice.pl\/wiadomosci\/wp-content\/uploads\/2026\/09\/zdjecie_w_tresci_2-273x232.jpg 273w, https:\/\/www.24gliwice.pl\/wiadomosci\/wp-content\/uploads\/2026\/09\/zdjecie_w_tresci_2-535x455.jpg 535w, https:\/\/www.24gliwice.pl\/wiadomosci\/wp-content\/uploads\/2026\/09\/zdjecie_w_tresci_2-768x653.jpg 768w\" sizes=\"auto, (max-width: 810px) 100vw, 810px\" \/><\/p>\n<p><a href=\"https:\/\/www.manoki.pl\/czarny-kamien-naturalny-onyks-na-zlotym-lancuszku,t11755.html\"><span style=\"color: #1155cc;\"><u>Zobacz produkt<\/u><\/span><\/a><\/p>\n<p>Onyks to jeden z tych kamieni, kt\u00f3re po prostu dzia\u0142aj\u0105 &#8211; niezale\u017cnie od tego, czy wierzycie w ich symbolik\u0119, czy nie. Intensywna, g\u0142\u0119boka czer\u0144 przyci\u0105ga wzrok, ale z\u0142oty \u0142a\u0144cuszek skutecznie j\u0105 r\u00f3wnowa\u017cy, wi\u0119c naszyjnik nie wygl\u0105da ci\u0119\u017cko ani zbyt powa\u017cnie. Mnie ten kontrast po prostu przekonuje &#8211; ciep\u0142e z\u0142oto i ch\u0142odny, matowy kamie\u0144 razem tworz\u0105 co\u015b, co wygl\u0105da dobrze praktycznie z ka\u017cd\u0105 kolorystyk\u0105 ubra\u0144. To propozycja dla os\u00f3b, kt\u00f3re chc\u0105 mie\u0107 jeden solidny, uniwersalny naszyjnik na wszystkie okazje &#8211; od spotkania s\u0142u\u017cbowego po kolacj\u0119 poza domem &#8211; i nie chc\u0105 si\u0119 zastanawia\u0107 za ka\u017cdym razem, czy dodatek b\u0119dzie pasowa\u0142.<\/p>\n<h3>Malutki ametyst na poz\u0142acanym \u0142a\u0144cuszku<\/h3>\n<p><img loading=\"lazy\" decoding=\"async\" class=\"aligncenter size-full wp-image-275174\" src=\"https:\/\/www.24gliwice.pl\/wiadomosci\/wp-content\/uploads\/2026\/09\/zdjecie_w_tresci_3.jpg\" alt=\"\" width=\"810\" height=\"658\" srcset=\"https:\/\/www.24gliwice.pl\/wiadomosci\/wp-content\/uploads\/2026\/09\/zdjecie_w_tresci_3.jpg 810w, https:\/\/www.24gliwice.pl\/wiadomosci\/wp-content\/uploads\/2026\/09\/zdjecie_w_tresci_3-286x232.jpg 286w, https:\/\/www.24gliwice.pl\/wiadomosci\/wp-content\/uploads\/2026\/09\/zdjecie_w_tresci_3-560x455.jpg 560w, https:\/\/www.24gliwice.pl\/wiadomosci\/wp-content\/uploads\/2026\/09\/zdjecie_w_tresci_3-768x624.jpg 768w\" sizes=\"auto, (max-width: 810px) 100vw, 810px\" \/>\u00a0<a href=\"https:\/\/www.manoki.pl\/malutki-ametyst-na-pozlacanym-lancuszku-naszyjnik-damski,t11811.html\"><span style=\"color: #1155cc;\"><u>Zobacz produkt<\/u><\/span><\/a><\/p>\n<p>Jest w tym naszyjniku co\u015b, co trudno opisa\u0107 inaczej ni\u017c jako spok\u00f3j &#8211; mo\u017ce to kwestia koloru, mo\u017ce rozmiaru kamienia, kt\u00f3ry jest naprawd\u0119 drobny i w og\u00f3le nie przyt\u0142acza. Ametyst ma delikatny, fioletowy odcie\u0144, kt\u00f3ry \u015bwietnie komponuje si\u0119 zar\u00f3wno z ch\u0142odniejszymi, jak i cieplejszymi kolorami ubra\u0144, wi\u0119c trudno si\u0119 tu pomyli\u0107. To dobra propozycja dla os\u00f3b, kt\u00f3re dopiero zaczynaj\u0105 przygod\u0119 z naszyjnikami z kamieniem i nie chc\u0105 na start inwestowa\u0107 w co\u015b bardzo wyrazistego &#8211; ale te\u017c \u015bwietny wyb\u00f3r na prezent, bo trudno o co\u015b bardziej uniwersalnego i jednocze\u015bnie \u0142adnie wygl\u0105daj\u0105cego na ka\u017cdej szyi.<\/p>\n<p>Je\u015bli szukacie naszyjnika, kt\u00f3ry wyr\u00f3\u017cni si\u0119 czym\u015b wi\u0119cej ni\u017c samym designem, warto zerkn\u0105\u0107 na kolekcj\u0119 Amulety &#8211; znajdziecie tam kilka wariant\u00f3w kolorystycznych i kamiennych do wyboru.<\/p>\n<div id=\"gliwi-2816128736\"><div class=\"gliwi-adlabel\">&nbsp;<\/div><small>materia\u0142 partnera | <a href=\"https:\/\/www.24gliwice.pl\/wiadomosci\/material-partnera-warunki\/\" target=\"_blank\" rel=\"noopener\">informacja<\/a><\/small><\/div>\n","protected":false},"excerpt":{"rendered":"<p>Naszyjniki z kamieniem naturalnym wracaj\u0105 do \u0142ask &#8211; i to nie tylko jako dodatek do stylizacji. W kolekcji Manoki znajdziemy modele nawi\u0105zuj\u0105ce do amulet\u00f3w, czyli bi\u017cuterii, kt\u00f3rej przypisuje si\u0119 dodatkowe znaczenie, nie tylko estetyczne. Sprawdzam, sk\u0105d bierze si\u0119 ta popularno\u015b\u0107 i kt\u00f3re modele warto rozwa\u017cy\u0107.<\/p>\n","protected":false},"author":4,"featured_media":275171,"comment_status":"closed","ping_status":"closed","sticky":false,"template":"","format":"standard","meta":{"_monsterinsights_skip_tracking":false,"footnotes":"","_links_to":"","_links_to_target":""},"categories":[22470],"tags":[],"class_list":["post-275169","post","type-post","status-publish","format-standard","has-post-thumbnail","hentry","category-material_p"],"yoast_head":"<!-- This site is optimized with the Yoast SEO plugin v28.4 - https:\/\/yoast.com\/product\/yoast-seo-wordpress\/ -->\n<title>Magia amulet\u00f3w: Naszyjniki z kamieniem z Manoki to najwi\u0119kszy hit sezonu! - 24GLIWICE - Portal Gliwice | codziennie nowe informacje<\/title>\n<meta name=\"robots\" content=\"index, follow, max-snippet:-1, max-image-preview:large, max-video-preview:-1\" \/>\n<link rel=\"canonical\" href=\"https:\/\/www.24gliwice.pl\/wiadomosci\/magia-amuletow-naszyjniki-z-kamieniem-z-manoki-to-najwiekszy-hit-sezonu\/\" \/>\n<meta property=\"og:locale\" content=\"pl_PL\" \/>\n<meta property=\"og:type\" content=\"article\" \/>\n<meta property=\"og:title\" content=\"Magia amulet\u00f3w: Naszyjniki z kamieniem z Manoki to najwi\u0119kszy hit sezonu! - 24GLIWICE - Portal Gliwice | codziennie nowe informacje\" \/>\n<meta property=\"og:description\" content=\"Naszyjniki z kamieniem naturalnym wracaj\u0105 do \u0142ask &#8211; i to nie tylko jako dodatek do stylizacji. W kolekcji Manoki znajdziemy modele nawi\u0105zuj\u0105ce do amulet\u00f3w, czyli bi\u017cuterii, kt\u00f3rej przypisuje si\u0119 dodatkowe znaczenie, nie tylko estetyczne. Sprawdzam, sk\u0105d bierze si\u0119 ta popularno\u015b\u0107 i kt\u00f3re modele warto rozwa\u017cy\u0107.\" \/>\n<meta property=\"og:url\" content=\"https:\/\/www.24gliwice.pl\/wiadomosci\/magia-amuletow-naszyjniki-z-kamieniem-z-manoki-to-najwiekszy-hit-sezonu\/\" \/>\n<meta property=\"og:site_name\" content=\"24GLIWICE - Portal Gliwice | codziennie nowe informacje\" \/>\n<meta property=\"article:publisher\" content=\"https:\/\/www.facebook.com\/24gliwice\" \/>\n<meta property=\"article:author\" content=\"https:\/\/www.facebook.com\/marcin.fabrykowski\" \/>\n<meta property=\"article:published_time\" content=\"2026-09-04T17:11:55+00:00\" \/>\n<meta property=\"article:modified_time\" content=\"2026-09-04T17:12:08+00:00\" \/>\n<meta property=\"og:image\" content=\"https:\/\/www.24gliwice.pl\/wiadomosci\/wp-content\/uploads\/2026\/09\/zdjecie_glowne.jpg\" \/>\n\t<meta property=\"og:image:width\" content=\"810\" \/>\n\t<meta property=\"og:image:height\" content=\"674\" \/>\n\t<meta property=\"og:image:type\" content=\"image\/jpeg\" \/>\n<meta name=\"author\" content=\"Marcin Fabrykowski\" \/>\n<meta name=\"twitter:card\" content=\"summary_large_image\" \/>\n<meta name=\"twitter:creator\" content=\"@24gliwice\" \/>\n<meta name=\"twitter:site\" content=\"@24gliwice\" \/>\n<meta name=\"twitter:label1\" content=\"Napisane przez\" \/>\n\t<meta name=\"twitter:data1\" content=\"Marcin Fabrykowski\" \/>\n\t<meta name=\"twitter:label2\" content=\"Szacowany czas czytania\" \/>\n\t<meta name=\"twitter:data2\" content=\"6 minut\" \/>\n<script type=\"application\/ld+json\" class=\"yoast-schema-graph\">{\"@context\":\"https:\\\/\\\/schema.org\",\"@graph\":[{\"@type\":\"Article\",\"@id\":\"https:\\\/\\\/www.24gliwice.pl\\\/wiadomosci\\\/magia-amuletow-naszyjniki-z-kamieniem-z-manoki-to-najwiekszy-hit-sezonu\\\/#article\",\"isPartOf\":{\"@id\":\"https:\\\/\\\/www.24gliwice.pl\\\/wiadomosci\\\/magia-amuletow-naszyjniki-z-kamieniem-z-manoki-to-najwiekszy-hit-sezonu\\\/\"},\"author\":{\"name\":\"Marcin Fabrykowski\",\"@id\":\"https:\\\/\\\/www.24gliwice.pl\\\/wiadomosci\\\/#\\\/schema\\\/person\\\/cb5857e4a4d048c15984c1edcc8ef0c0\"},\"headline\":\"Magia amulet\u00f3w: Naszyjniki z kamieniem z Manoki to najwi\u0119kszy hit sezonu!\",\"datePublished\":\"2026-09-04T17:11:55+00:00\",\"dateModified\":\"2026-09-04T17:12:08+00:00\",\"mainEntityOfPage\":{\"@id\":\"https:\\\/\\\/www.24gliwice.pl\\\/wiadomosci\\\/magia-amuletow-naszyjniki-z-kamieniem-z-manoki-to-najwiekszy-hit-sezonu\\\/\"},\"wordCount\":962,\"publisher\":{\"@id\":\"https:\\\/\\\/www.24gliwice.pl\\\/wiadomosci\\\/#organization\"},\"image\":{\"@id\":\"https:\\\/\\\/www.24gliwice.pl\\\/wiadomosci\\\/magia-amuletow-naszyjniki-z-kamieniem-z-manoki-to-najwiekszy-hit-sezonu\\\/#primaryimage\"},\"thumbnailUrl\":\"https:\\\/\\\/www.24gliwice.pl\\\/wiadomosci\\\/wp-content\\\/uploads\\\/2026\\\/09\\\/zdjecie_glowne.jpg\",\"articleSection\":[\"materia\u0142 partnera\"],\"inLanguage\":\"pl-PL\"},{\"@type\":\"WebPage\",\"@id\":\"https:\\\/\\\/www.24gliwice.pl\\\/wiadomosci\\\/magia-amuletow-naszyjniki-z-kamieniem-z-manoki-to-najwiekszy-hit-sezonu\\\/\",\"url\":\"https:\\\/\\\/www.24gliwice.pl\\\/wiadomosci\\\/magia-amuletow-naszyjniki-z-kamieniem-z-manoki-to-najwiekszy-hit-sezonu\\\/\",\"name\":\"Magia amulet\u00f3w: Naszyjniki z kamieniem z Manoki to najwi\u0119kszy hit sezonu! - 24GLIWICE - Portal Gliwice | codziennie nowe informacje\",\"isPartOf\":{\"@id\":\"https:\\\/\\\/www.24gliwice.pl\\\/wiadomosci\\\/#website\"},\"primaryImageOfPage\":{\"@id\":\"https:\\\/\\\/www.24gliwice.pl\\\/wiadomosci\\\/magia-amuletow-naszyjniki-z-kamieniem-z-manoki-to-najwiekszy-hit-sezonu\\\/#primaryimage\"},\"image\":{\"@id\":\"https:\\\/\\\/www.24gliwice.pl\\\/wiadomosci\\\/magia-amuletow-naszyjniki-z-kamieniem-z-manoki-to-najwiekszy-hit-sezonu\\\/#primaryimage\"},\"thumbnailUrl\":\"https:\\\/\\\/www.24gliwice.pl\\\/wiadomosci\\\/wp-content\\\/uploads\\\/2026\\\/09\\\/zdjecie_glowne.jpg\",\"datePublished\":\"2026-09-04T17:11:55+00:00\",\"dateModified\":\"2026-09-04T17:12:08+00:00\",\"breadcrumb\":{\"@id\":\"https:\\\/\\\/www.24gliwice.pl\\\/wiadomosci\\\/magia-amuletow-naszyjniki-z-kamieniem-z-manoki-to-najwiekszy-hit-sezonu\\\/#breadcrumb\"},\"inLanguage\":\"pl-PL\",\"potentialAction\":[{\"@type\":\"ReadAction\",\"target\":[\"https:\\\/\\\/www.24gliwice.pl\\\/wiadomosci\\\/magia-amuletow-naszyjniki-z-kamieniem-z-manoki-to-najwiekszy-hit-sezonu\\\/\"]}]},{\"@type\":\"ImageObject\",\"inLanguage\":\"pl-PL\",\"@id\":\"https:\\\/\\\/www.24gliwice.pl\\\/wiadomosci\\\/magia-amuletow-naszyjniki-z-kamieniem-z-manoki-to-najwiekszy-hit-sezonu\\\/#primaryimage\",\"url\":\"https:\\\/\\\/www.24gliwice.pl\\\/wiadomosci\\\/wp-content\\\/uploads\\\/2026\\\/09\\\/zdjecie_glowne.jpg\",\"contentUrl\":\"https:\\\/\\\/www.24gliwice.pl\\\/wiadomosci\\\/wp-content\\\/uploads\\\/2026\\\/09\\\/zdjecie_glowne.jpg\",\"width\":810,\"height\":674},{\"@type\":\"BreadcrumbList\",\"@id\":\"https:\\\/\\\/www.24gliwice.pl\\\/wiadomosci\\\/magia-amuletow-naszyjniki-z-kamieniem-z-manoki-to-najwiekszy-hit-sezonu\\\/#breadcrumb\",\"itemListElement\":[{\"@type\":\"ListItem\",\"position\":1,\"name\":\"Strona g\u0142\u00f3wna\",\"item\":\"https:\\\/\\\/www.24gliwice.pl\\\/wiadomosci\\\/\"},{\"@type\":\"ListItem\",\"position\":2,\"name\":\"Magia amulet\u00f3w: Naszyjniki z kamieniem z Manoki to najwi\u0119kszy hit sezonu!\"}]},{\"@type\":\"WebSite\",\"@id\":\"https:\\\/\\\/www.24gliwice.pl\\\/wiadomosci\\\/#website\",\"url\":\"https:\\\/\\\/www.24gliwice.pl\\\/wiadomosci\\\/\",\"name\":\"24GLIWICE - Portal Gliwice | codziennie nowe wiadomo\u015bci\",\"description\":\"Portal Miejski Gliwice\",\"publisher\":{\"@id\":\"https:\\\/\\\/www.24gliwice.pl\\\/wiadomosci\\\/#organization\"},\"potentialAction\":[{\"@type\":\"SearchAction\",\"target\":{\"@type\":\"EntryPoint\",\"urlTemplate\":\"https:\\\/\\\/www.24gliwice.pl\\\/wiadomosci\\\/?s={search_term_string}\"},\"query-input\":{\"@type\":\"PropertyValueSpecification\",\"valueRequired\":true,\"valueName\":\"search_term_string\"}}],\"inLanguage\":\"pl-PL\"},{\"@type\":\"Organization\",\"@id\":\"https:\\\/\\\/www.24gliwice.pl\\\/wiadomosci\\\/#organization\",\"name\":\"24gliwice\",\"url\":\"https:\\\/\\\/www.24gliwice.pl\\\/wiadomosci\\\/\",\"logo\":{\"@type\":\"ImageObject\",\"inLanguage\":\"pl-PL\",\"@id\":\"https:\\\/\\\/www.24gliwice.pl\\\/wiadomosci\\\/#\\\/schema\\\/logo\\\/image\\\/\",\"url\":\"https:\\\/\\\/www.24gliwice.pl\\\/wiadomosci\\\/wp-content\\\/uploads\\\/2024\\\/10\\\/24gliwice-logo-696.jpg\",\"contentUrl\":\"https:\\\/\\\/www.24gliwice.pl\\\/wiadomosci\\\/wp-content\\\/uploads\\\/2024\\\/10\\\/24gliwice-logo-696.jpg\",\"width\":696,\"height\":696,\"caption\":\"24gliwice\"},\"image\":{\"@id\":\"https:\\\/\\\/www.24gliwice.pl\\\/wiadomosci\\\/#\\\/schema\\\/logo\\\/image\\\/\"},\"sameAs\":[\"https:\\\/\\\/www.facebook.com\\\/24gliwice\",\"https:\\\/\\\/x.com\\\/24gliwice\",\"https:\\\/\\\/www.youtube.com\\\/@24gliwice\"]},{\"@type\":\"Person\",\"@id\":\"https:\\\/\\\/www.24gliwice.pl\\\/wiadomosci\\\/#\\\/schema\\\/person\\\/cb5857e4a4d048c15984c1edcc8ef0c0\",\"name\":\"Marcin Fabrykowski\",\"image\":{\"@type\":\"ImageObject\",\"inLanguage\":\"pl-PL\",\"@id\":\"https:\\\/\\\/www.24gliwice.pl\\\/wiadomosci\\\/wp-content\\\/uploads\\\/2025\\\/11\\\/zdjecie-moje-marcin-300-96x96.jpg\",\"url\":\"https:\\\/\\\/www.24gliwice.pl\\\/wiadomosci\\\/wp-content\\\/uploads\\\/2025\\\/11\\\/zdjecie-moje-marcin-300-96x96.jpg\",\"contentUrl\":\"https:\\\/\\\/www.24gliwice.pl\\\/wiadomosci\\\/wp-content\\\/uploads\\\/2025\\\/11\\\/zdjecie-moje-marcin-300-96x96.jpg\",\"caption\":\"Marcin Fabrykowski\"},\"sameAs\":[\"http:\\\/\\\/24gliwice.pl\",\"https:\\\/\\\/www.facebook.com\\\/marcin.fabrykowski\"],\"url\":\"https:\\\/\\\/www.24gliwice.pl\\\/wiadomosci\\\/author\\\/marcin-fabrykowski\\\/\"}]}<\/script>\n<!-- \/ Yoast SEO plugin. -->","yoast_head_json":{"title":"Magia amulet\u00f3w: Naszyjniki z kamieniem z Manoki to najwi\u0119kszy hit sezonu! - 24GLIWICE - Portal Gliwice | codziennie nowe informacje","robots":{"index":"index","follow":"follow","max-snippet":"max-snippet:-1","max-image-preview":"max-image-preview:large","max-video-preview":"max-video-preview:-1"},"canonical":"https:\/\/www.24gliwice.pl\/wiadomosci\/magia-amuletow-naszyjniki-z-kamieniem-z-manoki-to-najwiekszy-hit-sezonu\/","og_locale":"pl_PL","og_type":"article","og_title":"Magia amulet\u00f3w: Naszyjniki z kamieniem z Manoki to najwi\u0119kszy hit sezonu! - 24GLIWICE - Portal Gliwice | codziennie nowe informacje","og_description":"Naszyjniki z kamieniem naturalnym wracaj\u0105 do \u0142ask &#8211; i to nie tylko jako dodatek do stylizacji. W kolekcji Manoki znajdziemy modele nawi\u0105zuj\u0105ce do amulet\u00f3w, czyli bi\u017cuterii, kt\u00f3rej przypisuje si\u0119 dodatkowe znaczenie, nie tylko estetyczne. Sprawdzam, sk\u0105d bierze si\u0119 ta popularno\u015b\u0107 i kt\u00f3re modele warto rozwa\u017cy\u0107.","og_url":"https:\/\/www.24gliwice.pl\/wiadomosci\/magia-amuletow-naszyjniki-z-kamieniem-z-manoki-to-najwiekszy-hit-sezonu\/","og_site_name":"24GLIWICE - Portal Gliwice | codziennie nowe informacje","article_publisher":"https:\/\/www.facebook.com\/24gliwice","article_author":"https:\/\/www.facebook.com\/marcin.fabrykowski","article_published_time":"2026-09-04T17:11:55+00:00","article_modified_time":"2026-09-04T17:12:08+00:00","og_image":[{"width":810,"height":674,"url":"https:\/\/www.24gliwice.pl\/wiadomosci\/wp-content\/uploads\/2026\/09\/zdjecie_glowne.jpg","type":"image\/jpeg"}],"author":"Marcin Fabrykowski","twitter_card":"summary_large_image","twitter_creator":"@24gliwice","twitter_site":"@24gliwice","twitter_misc":{"Napisane przez":"Marcin Fabrykowski","Szacowany czas czytania":"6 minut"},"schema":{"@context":"https:\/\/schema.org","@graph":[{"@type":"Article","@id":"https:\/\/www.24gliwice.pl\/wiadomosci\/magia-amuletow-naszyjniki-z-kamieniem-z-manoki-to-najwiekszy-hit-sezonu\/#article","isPartOf":{"@id":"https:\/\/www.24gliwice.pl\/wiadomosci\/magia-amuletow-naszyjniki-z-kamieniem-z-manoki-to-najwiekszy-hit-sezonu\/"},"author":{"name":"Marcin Fabrykowski","@id":"https:\/\/www.24gliwice.pl\/wiadomosci\/#\/schema\/person\/cb5857e4a4d048c15984c1edcc8ef0c0"},"headline":"Magia amulet\u00f3w: Naszyjniki z kamieniem z Manoki to najwi\u0119kszy hit sezonu!","datePublished":"2026-09-04T17:11:55+00:00","dateModified":"2026-09-04T17:12:08+00:00","mainEntityOfPage":{"@id":"https:\/\/www.24gliwice.pl\/wiadomosci\/magia-amuletow-naszyjniki-z-kamieniem-z-manoki-to-najwiekszy-hit-sezonu\/"},"wordCount":962,"publisher":{"@id":"https:\/\/www.24gliwice.pl\/wiadomosci\/#organization"},"image":{"@id":"https:\/\/www.24gliwice.pl\/wiadomosci\/magia-amuletow-naszyjniki-z-kamieniem-z-manoki-to-najwiekszy-hit-sezonu\/#primaryimage"},"thumbnailUrl":"https:\/\/www.24gliwice.pl\/wiadomosci\/wp-content\/uploads\/2026\/09\/zdjecie_glowne.jpg","articleSection":["materia\u0142 partnera"],"inLanguage":"pl-PL"},{"@type":"WebPage","@id":"https:\/\/www.24gliwice.pl\/wiadomosci\/magia-amuletow-naszyjniki-z-kamieniem-z-manoki-to-najwiekszy-hit-sezonu\/","url":"https:\/\/www.24gliwice.pl\/wiadomosci\/magia-amuletow-naszyjniki-z-kamieniem-z-manoki-to-najwiekszy-hit-sezonu\/","name":"Magia amulet\u00f3w: Naszyjniki z kamieniem z Manoki to najwi\u0119kszy hit sezonu! - 24GLIWICE - Portal Gliwice | codziennie nowe informacje","isPartOf":{"@id":"https:\/\/www.24gliwice.pl\/wiadomosci\/#website"},"primaryImageOfPage":{"@id":"https:\/\/www.24gliwice.pl\/wiadomosci\/magia-amuletow-naszyjniki-z-kamieniem-z-manoki-to-najwiekszy-hit-sezonu\/#primaryimage"},"image":{"@id":"https:\/\/www.24gliwice.pl\/wiadomosci\/magia-amuletow-naszyjniki-z-kamieniem-z-manoki-to-najwiekszy-hit-sezonu\/#primaryimage"},"thumbnailUrl":"https:\/\/www.24gliwice.pl\/wiadomosci\/wp-content\/uploads\/2026\/09\/zdjecie_glowne.jpg","datePublished":"2026-09-04T17:11:55+00:00","dateModified":"2026-09-04T17:12:08+00:00","breadcrumb":{"@id":"https:\/\/www.24gliwice.pl\/wiadomosci\/magia-amuletow-naszyjniki-z-kamieniem-z-manoki-to-najwiekszy-hit-sezonu\/#breadcrumb"},"inLanguage":"pl-PL","potentialAction":[{"@type":"ReadAction","target":["https:\/\/www.24gliwice.pl\/wiadomosci\/magia-amuletow-naszyjniki-z-kamieniem-z-manoki-to-najwiekszy-hit-sezonu\/"]}]},{"@type":"ImageObject","inLanguage":"pl-PL","@id":"https:\/\/www.24gliwice.pl\/wiadomosci\/magia-amuletow-naszyjniki-z-kamieniem-z-manoki-to-najwiekszy-hit-sezonu\/#primaryimage","url":"https:\/\/www.24gliwice.pl\/wiadomosci\/wp-content\/uploads\/2026\/09\/zdjecie_glowne.jpg","contentUrl":"https:\/\/www.24gliwice.pl\/wiadomosci\/wp-content\/uploads\/2026\/09\/zdjecie_glowne.jpg","width":810,"height":674},{"@type":"BreadcrumbList","@id":"https:\/\/www.24gliwice.pl\/wiadomosci\/magia-amuletow-naszyjniki-z-kamieniem-z-manoki-to-najwiekszy-hit-sezonu\/#breadcrumb","itemListElement":[{"@type":"ListItem","position":1,"name":"Strona g\u0142\u00f3wna","item":"https:\/\/www.24gliwice.pl\/wiadomosci\/"},{"@type":"ListItem","position":2,"name":"Magia amulet\u00f3w: Naszyjniki z kamieniem z Manoki to najwi\u0119kszy hit sezonu!"}]},{"@type":"WebSite","@id":"https:\/\/www.24gliwice.pl\/wiadomosci\/#website","url":"https:\/\/www.24gliwice.pl\/wiadomosci\/","name":"24GLIWICE - Portal Gliwice | codziennie nowe wiadomo\u015bci","description":"Portal Miejski Gliwice","publisher":{"@id":"https:\/\/www.24gliwice.pl\/wiadomosci\/#organization"},"potentialAction":[{"@type":"SearchAction","target":{"@type":"EntryPoint","urlTemplate":"https:\/\/www.24gliwice.pl\/wiadomosci\/?s={search_term_string}"},"query-input":{"@type":"PropertyValueSpecification","valueRequired":true,"valueName":"search_term_string"}}],"inLanguage":"pl-PL"},{"@type":"Organization","@id":"https:\/\/www.24gliwice.pl\/wiadomosci\/#organization","name":"24gliwice","url":"https:\/\/www.24gliwice.pl\/wiadomosci\/","logo":{"@type":"ImageObject","inLanguage":"pl-PL","@id":"https:\/\/www.24gliwice.pl\/wiadomosci\/#\/schema\/logo\/image\/","url":"https:\/\/www.24gliwice.pl\/wiadomosci\/wp-content\/uploads\/2024\/10\/24gliwice-logo-696.jpg","contentUrl":"https:\/\/www.24gliwice.pl\/wiadomosci\/wp-content\/uploads\/2024\/10\/24gliwice-logo-696.jpg","width":696,"height":696,"caption":"24gliwice"},"image":{"@id":"https:\/\/www.24gliwice.pl\/wiadomosci\/#\/schema\/logo\/image\/"},"sameAs":["https:\/\/www.facebook.com\/24gliwice","https:\/\/x.com\/24gliwice","https:\/\/www.youtube.com\/@24gliwice"]},{"@type":"Person","@id":"https:\/\/www.24gliwice.pl\/wiadomosci\/#\/schema\/person\/cb5857e4a4d048c15984c1edcc8ef0c0","name":"Marcin Fabrykowski","image":{"@type":"ImageObject","inLanguage":"pl-PL","@id":"https:\/\/www.24gliwice.pl\/wiadomosci\/wp-content\/uploads\/2025\/11\/zdjecie-moje-marcin-300-96x96.jpg","url":"https:\/\/www.24gliwice.pl\/wiadomosci\/wp-content\/uploads\/2025\/11\/zdjecie-moje-marcin-300-96x96.jpg","contentUrl":"https:\/\/www.24gliwice.pl\/wiadomosci\/wp-content\/uploads\/2025\/11\/zdjecie-moje-marcin-300-96x96.jpg","caption":"Marcin Fabrykowski"},"sameAs":["http:\/\/24gliwice.pl","https:\/\/www.facebook.com\/marcin.fabrykowski"],"url":"https:\/\/www.24gliwice.pl\/wiadomosci\/author\/marcin-fabrykowski\/"}]}},"_links":{"self":[{"href":"https:\/\/www.24gliwice.pl\/wiadomosci\/wp-json\/wp\/v2\/posts\/275169","targetHints":{"allow":["GET"]}}],"collection":[{"href":"https:\/\/www.24gliwice.pl\/wiadomosci\/wp-json\/wp\/v2\/posts"}],"about":[{"href":"https:\/\/www.24gliwice.pl\/wiadomosci\/wp-json\/wp\/v2\/types\/post"}],"author":[{"embeddable":true,"href":"https:\/\/www.24gliwice.pl\/wiadomosci\/wp-json\/wp\/v2\/users\/4"}],"replies":[{"embeddable":true,"href":"https:\/\/www.24gliwice.pl\/wiadomosci\/wp-json\/wp\/v2\/comments?post=275169"}],"version-history":[{"count":4,"href":"https:\/\/www.24gliwice.pl\/wiadomosci\/wp-json\/wp\/v2\/posts\/275169\/revisions"}],"predecessor-version":[{"id":275177,"href":"https:\/\/www.24gliwice.pl\/wiadomosci\/wp-json\/wp\/v2\/posts\/275169\/revisions\/275177"}],"wp:featuredmedia":[{"embeddable":true,"href":"https:\/\/www.24gliwice.pl\/wiadomosci\/wp-json\/wp\/v2\/media\/275171"}],"wp:attachment":[{"href":"https:\/\/www.24gliwice.pl\/wiadomosci\/wp-json\/wp\/v2\/media?parent=275169"}],"wp:term":[{"taxonomy":"category","embeddable":true,"href":"https:\/\/www.24gliwice.pl\/wiadomosci\/wp-json\/wp\/v2\/categories?post=275169"},{"taxonomy":"post_tag","embeddable":true,"href":"https:\/\/www.24gliwice.pl\/wiadomosci\/wp-json\/wp\/v2\/tags?post=275169"}],"curies":[{"name":"wp","href":"https:\/\/api.w.org\/{rel}","templated":true}]}}