{"id":28510,"date":"2011-01-28T16:23:35","date_gmt":"2011-01-28T15:23:35","guid":{"rendered":"http:\/\/www.24gliwice.pl\/wiadomosci\/?p=28510"},"modified":"2011-01-31T16:13:41","modified_gmt":"2011-01-31T15:13:41","slug":"gospodarka-jest-najwazniejsza-palikot-usmiecha-sie-do-gliwiczan","status":"publish","type":"post","link":"https:\/\/www.24gliwice.pl\/wiadomosci\/gospodarka-jest-najwazniejsza-palikot-usmiecha-sie-do-gliwiczan\/","title":{"rendered":"&#8220;Gospodarka jest najwa\u017cniejsza&#8221; &#8211; Palikot u\u015bmiecha si\u0119 do gliwiczan"},"content":{"rendered":"<div class=\"gliwi-a6-nad-leadem-artykulow gliwi-entity-placement\" id=\"gliwi-1370352719\"><div class=\"gliwi-adlabel\"><span style=\"font-size: 9px\">REKLAMA<\/span><\/div><div id=\"gliwi-2861837646\" style=\"margin-bottom: 30px;margin-left: auto;margin-right: auto;text-align: center;\"><a data-no-instant=\"1\" href=\"https:\/\/przedszkole.halogen.org.pl\/\" rel=\"noopener\" class=\"a2t-link\" target=\"_blank\" aria-label=\"20260402-ANIMATOR-przedszkole_grafika_750x200\"><img loading=\"lazy\" decoding=\"async\" src=\"https:\/\/www.24gliwice.pl\/wiadomosci\/wp-content\/uploads\/2026\/04\/20260402-ANIMATOR-przedszkole_grafika_750x200.webp\" alt=\"\"  srcset=\"https:\/\/www.24gliwice.pl\/wiadomosci\/wp-content\/uploads\/2026\/04\/20260402-ANIMATOR-przedszkole_grafika_750x200.webp 750w, https:\/\/www.24gliwice.pl\/wiadomosci\/wp-content\/uploads\/2026\/04\/20260402-ANIMATOR-przedszkole_grafika_750x200-410x109.webp 410w\" sizes=\"(max-width: 750px) 100vw, 750px\" class=\"no-lazyload\" width=\"750\" height=\"200\"  style=\"display: inline-block; max-width: 100%; height: auto;\" \/><\/a><\/div><\/div><h3><img loading=\"lazy\" decoding=\"async\" src=\"http:\/\/www.24gliwice.pl\/wiadomosci\/wp-content\/uploads\/2011\/01\/palikot-billboard.jpg\" alt=\"\" title=\"\" width=\"300\" height=\"215\" class=\"alignright size-full wp-image-28511\" \/>Lekko u\u015bmiechni\u0119ty i pewny siebie &#8211; Janusz Palikot szuka poparcia.<\/h3>\n<p>W Gliwicach pojawi\u0142o si\u0119 kilka billboard\u00f3w z podobizn\u0105 by\u0142ego pos\u0142a, obecnie szefa partii Ruch Poparcia.<br \/>\nJeden z nich znajduje si\u0119 przy ul. Bohater\u00f3w Getta Warszawskiego.<br \/>\n<!--more--> <\/p>\n<p>Znany z kontrowersyjnych pogl\u0105d\u00f3w by\u0142y pose\u0142 Platformy Obywatelskiej, sloganem &#8220;<strong>Gospodarka Jest Najwa\u017cniejsza<\/strong>&#8220;, otwarcie parodiuje nazw\u0119 innego nowego stowarzyszenia &#8211; Polska Jest Najwa\u017cniejsza. Warto te\u017c zwr\u00f3ci\u0107 uwag\u0119 na &#8220;anielskie&#8221; skrzyd\u0142a wyrastaj\u0105ce z ramion Palikota.<\/p><div class=\"gliwi-a3-w-tresci-artykulow gliwi-entity-placement\" id=\"gliwi-4268746443\"><div class=\"gliwi-adlabel\"><span style=\"font-size: 9px\">REKLAMA<\/span><\/div><div id=\"gliwi-505385194\" style=\"margin-bottom: 30px;margin-left: auto;margin-right: auto;text-align: center;\"><a data-no-instant=\"1\" href=\"https:\/\/zlobek.halogen.org.pl\/\" rel=\"noopener\" class=\"a2t-link\" target=\"_blank\" aria-label=\"animator-zlobek_750x200\"><img loading=\"lazy\" decoding=\"async\" src=\"https:\/\/www.24gliwice.pl\/wiadomosci\/wp-content\/uploads\/2026\/02\/animator-zlobek_750x200.webp\" alt=\"\"  srcset=\"https:\/\/www.24gliwice.pl\/wiadomosci\/wp-content\/uploads\/2026\/02\/animator-zlobek_750x200.webp 750w, https:\/\/www.24gliwice.pl\/wiadomosci\/wp-content\/uploads\/2026\/02\/animator-zlobek_750x200-410x109.webp 410w\" sizes=\"(max-width: 750px) 100vw, 750px\" class=\"no-lazyload\" width=\"750\" height=\"200\"  style=\"display: inline-block; max-width: 100%; height: auto;\" \/><\/a><\/div><\/div>\n<h1>Czy to ju\u017c element kampanii przedwyborczej, czy po prostu zabieg marketingowy, maj\u0105cy przysporzy\u0107 zwolennik\u00f3w ruchowi?<\/h1>\n<p>&#8211; D\u0142ugofalowo na pewno mierzymy w kierunku wybor\u00f3w. P\u00f3ki co, utrwalamy wizerunek partii &#8211; stwierdza <strong>Wojciech Ozimek<\/strong> z zespo\u0142u programowego Stowarzyszenia Ruchu Poparcia Palikota na \u015al\u0105sku.<\/p>\n<p>&#8211; Po 15 stycznia [krajowy zjazd Ruchu Poparcia Palikota w Katowicach &#8211; przyp. red.] zapad\u0142a decyzja, by ruszy\u0107 z kampani\u0105, w kt\u00f3rej nacisk k\u0142adziemy na gospodark\u0119. Prosz\u0119 pami\u0119ta\u0107, \u017ce Janusz Palikot to biznesmen, kt\u00f3ry osi\u0105gn\u0105\u0142 wielki sukces. Wiadomo, \u017ce pierwszy kongres mia\u0142 na celu zaprezentowanie spraw \u015bci\u015ble \u015bwiatopogl\u0105dowych. Teraz czas na gospodark\u0119 &#8211; dodaje Ozimek<\/p>\n<blockquote><p>Warto przypomnie\u0107, \u017ce Janusz Palikot w grudniu ubieg\u0142ego roku spotka\u0142 si\u0119 z mieszka\u0144cami Gliwic w kompleksie Nowe Gliwice, gdzie otwarcie krytykowa\u0142 panuj\u0105c\u0105 w Polsce biurokracj\u0119. Przekonywa\u0142 r\u00f3wnie\u017c, \u017ce w samorz\u0105dach powinna obowi\u0105zywa\u0107 kadencyjno\u015b\u0107 &#8211; maksymalnie dwie kadencje dla burmistrz\u00f3w i prezydent\u00f3w.<\/p><\/blockquote>\n<p>Czy RPP wystawi swoich kandydat\u00f3w z okr\u0119gu gliwickiego w jesiennych wyborach parlamentarnych? <\/p>\n<p>&#8211; Gliwice s\u0105 sporym miastem, wi\u0119c to mo\u017cliwe, ale jest stanowczo za wcze\u015bnie na podobne deklaracje &#8211; komentuje Ozimek.<\/p>\n<p>Zainteresowanie Ruchem Poparcia Palikota na \u015al\u0105sku jest spore. W ca\u0142ym regionie RPP ma kilkuset cz\u0142onk\u00f3w. <\/p>\n<h1>Na razie w szeregi stowarzyszenia w Gliwicach wst\u0105pi\u0142o 74 mieszka\u0144c\u00f3w.<\/h1>\n<p> Czy b\u0119dzie ich wi\u0119cej? Czas poka\u017ce.<\/p>\n<p>Micha\u0142 Pac Pomarnacki<\/p>\n<p><img loading=\"lazy\" decoding=\"async\" src=\"http:\/\/www.24gliwice.pl\/wiadomosci\/wp-content\/uploads\/2011\/01\/billboard-palikot-520.jpg\" alt=\"\" title=\"\" width=\"500\" height=\"375\" class=\"aligncenter size-full wp-image-28512\" srcset=\"https:\/\/www.24gliwice.pl\/wiadomosci\/wp-content\/uploads\/2011\/01\/billboard-palikot-520.jpg 520w, https:\/\/www.24gliwice.pl\/wiadomosci\/wp-content\/uploads\/2011\/01\/billboard-palikot-520-300x224.jpg 300w\" sizes=\"auto, (max-width: 500px) 100vw, 500px\" \/><\/p>\n<div class=\"gliwi-a5-na-koncu-artykulow gliwi-entity-placement\" id=\"gliwi-340427416\"><div class=\"gliwi-adlabel\"><span style=\"font-size: 9px\">REKLAMA<\/span><\/div><div id=\"gliwi-1431580268\" style=\"margin-left: auto;margin-right: auto;text-align: center;\"><a data-no-instant=\"1\" href=\"https:\/\/prezeroarenagliwice.pl\/\" rel=\"noopener\" class=\"a2t-link\" target=\"_blank\" aria-label=\"20260309-PREZERO-WIOSNA-D\"><img loading=\"lazy\" decoding=\"async\" src=\"https:\/\/www.24gliwice.pl\/wiadomosci\/wp-content\/uploads\/2026\/03\/20260309-PREZERO-WIOSNA-D.webp\" alt=\"\"  srcset=\"https:\/\/www.24gliwice.pl\/wiadomosci\/wp-content\/uploads\/2026\/03\/20260309-PREZERO-WIOSNA-D.webp 750w, https:\/\/www.24gliwice.pl\/wiadomosci\/wp-content\/uploads\/2026\/03\/20260309-PREZERO-WIOSNA-D-410x109.webp 410w\" sizes=\"(max-width: 750px) 100vw, 750px\" class=\"no-lazyload\" width=\"750\" height=\"200\"  style=\"display: inline-block; max-width: 100%; height: auto;\" \/><\/a><\/div><\/div>","protected":false},"excerpt":{"rendered":"<p>W GLIWICACH W SZEREGI STOWARZYSZENIA RUCH POPARCIA PALIKOTA WST\u0104PI\u0141O 74 CZ\u0141ONK\u00d3W.<\/p>\n","protected":false},"author":9,"featured_media":28511,"comment_status":"open","ping_status":"closed","sticky":false,"template":"","format":"standard","meta":{"_monsterinsights_skip_tracking":false,"_monsterinsights_sitenote_active":false,"_monsterinsights_sitenote_note":"","_monsterinsights_sitenote_category":0,"footnotes":"","_links_to":"","_links_to_target":""},"categories":[3,1,9,8],"tags":[],"class_list":["post-28510","post","type-post","status-publish","format-standard","has-post-thumbnail","hentry","category-gliwice","category-wszystko","category-aktualnosci_lokalne","category-samorzad_polityka"],"yoast_head":"<!-- This site is optimized with the Yoast SEO plugin v27.5 - https:\/\/yoast.com\/product\/yoast-seo-wordpress\/ -->\n<title>&quot;Gospodarka jest najwa\u017cniejsza&quot; - Palikot u\u015bmiecha si\u0119 do gliwiczan - 24GLIWICE - Portal Gliwice | codziennie nowe informacje<\/title>\n<meta name=\"robots\" content=\"index, follow, max-snippet:-1, max-image-preview:large, max-video-preview:-1\" \/>\n<link rel=\"canonical\" href=\"https:\/\/www.24gliwice.pl\/wiadomosci\/gospodarka-jest-najwazniejsza-palikot-usmiecha-sie-do-gliwiczan\/\" \/>\n<meta property=\"og:locale\" content=\"pl_PL\" \/>\n<meta property=\"og:type\" content=\"article\" \/>\n<meta property=\"og:title\" content=\"&quot;Gospodarka jest najwa\u017cniejsza&quot; - Palikot u\u015bmiecha si\u0119 do gliwiczan - 24GLIWICE - Portal Gliwice | codziennie nowe informacje\" \/>\n<meta property=\"og:description\" content=\"W GLIWICACH W SZEREGI STOWARZYSZENIA RUCH POPARCIA PALIKOTA WST\u0104PI\u0141O 74 CZ\u0141ONK\u00d3W.\" \/>\n<meta property=\"og:url\" content=\"https:\/\/www.24gliwice.pl\/wiadomosci\/gospodarka-jest-najwazniejsza-palikot-usmiecha-sie-do-gliwiczan\/\" \/>\n<meta property=\"og:site_name\" content=\"24GLIWICE - Portal Gliwice | codziennie nowe informacje\" \/>\n<meta property=\"article:publisher\" content=\"https:\/\/www.facebook.com\/24gliwice\" \/>\n<meta property=\"article:published_time\" content=\"2011-01-28T15:23:35+00:00\" \/>\n<meta property=\"article:modified_time\" content=\"2011-01-31T15:13:41+00:00\" \/>\n<meta property=\"og:image\" content=\"https:\/\/www.24gliwice.pl\/wiadomosci\/wp-content\/uploads\/2011\/01\/palikot-billboard.jpg\" \/>\n\t<meta property=\"og:image:width\" content=\"300\" \/>\n\t<meta property=\"og:image:height\" content=\"225\" \/>\n\t<meta property=\"og:image:type\" content=\"image\/jpeg\" \/>\n<meta name=\"author\" content=\"Micha\u0142 Pac Pomarnacki\" \/>\n<meta name=\"twitter:card\" content=\"summary_large_image\" \/>\n<meta name=\"twitter:creator\" content=\"@24gliwice\" \/>\n<meta name=\"twitter:site\" content=\"@24gliwice\" \/>\n<meta name=\"twitter:label1\" content=\"Napisane przez\" \/>\n\t<meta name=\"twitter:data1\" content=\"Micha\u0142 Pac Pomarnacki\" \/>\n\t<meta name=\"twitter:label2\" content=\"Szacowany czas czytania\" \/>\n\t<meta name=\"twitter:data2\" content=\"2 minuty\" \/>\n<script type=\"application\/ld+json\" class=\"yoast-schema-graph\">{\"@context\":\"https:\\\/\\\/schema.org\",\"@graph\":[{\"@type\":\"Article\",\"@id\":\"https:\\\/\\\/www.24gliwice.pl\\\/wiadomosci\\\/gospodarka-jest-najwazniejsza-palikot-usmiecha-sie-do-gliwiczan\\\/#article\",\"isPartOf\":{\"@id\":\"https:\\\/\\\/www.24gliwice.pl\\\/wiadomosci\\\/gospodarka-jest-najwazniejsza-palikot-usmiecha-sie-do-gliwiczan\\\/\"},\"author\":{\"name\":\"Micha\u0142 Pac Pomarnacki\",\"@id\":\"https:\\\/\\\/www.24gliwice.pl\\\/wiadomosci\\\/#\\\/schema\\\/person\\\/e8da54997491e33627cd906831f36a5f\"},\"headline\":\"&#8220;Gospodarka jest najwa\u017cniejsza&#8221; &#8211; Palikot u\u015bmiecha si\u0119 do gliwiczan\",\"datePublished\":\"2011-01-28T15:23:35+00:00\",\"dateModified\":\"2011-01-31T15:13:41+00:00\",\"mainEntityOfPage\":{\"@id\":\"https:\\\/\\\/www.24gliwice.pl\\\/wiadomosci\\\/gospodarka-jest-najwazniejsza-palikot-usmiecha-sie-do-gliwiczan\\\/\"},\"wordCount\":333,\"commentCount\":0,\"publisher\":{\"@id\":\"https:\\\/\\\/www.24gliwice.pl\\\/wiadomosci\\\/#organization\"},\"image\":{\"@id\":\"https:\\\/\\\/www.24gliwice.pl\\\/wiadomosci\\\/gospodarka-jest-najwazniejsza-palikot-usmiecha-sie-do-gliwiczan\\\/#primaryimage\"},\"thumbnailUrl\":\"https:\\\/\\\/www.24gliwice.pl\\\/wiadomosci\\\/wp-content\\\/uploads\\\/2011\\\/01\\\/palikot-billboard.jpg\",\"articleSection\":[\"Gliwice\",\"Najnowsze wiadomo\u015bci\",\"Portal Gliwice - Wiadomo\u015bci lokalne\",\"Samorz\u0105d, polityka\"],\"inLanguage\":\"pl-PL\",\"potentialAction\":[{\"@type\":\"CommentAction\",\"name\":\"Comment\",\"target\":[\"https:\\\/\\\/www.24gliwice.pl\\\/wiadomosci\\\/gospodarka-jest-najwazniejsza-palikot-usmiecha-sie-do-gliwiczan\\\/#respond\"]}]},{\"@type\":\"WebPage\",\"@id\":\"https:\\\/\\\/www.24gliwice.pl\\\/wiadomosci\\\/gospodarka-jest-najwazniejsza-palikot-usmiecha-sie-do-gliwiczan\\\/\",\"url\":\"https:\\\/\\\/www.24gliwice.pl\\\/wiadomosci\\\/gospodarka-jest-najwazniejsza-palikot-usmiecha-sie-do-gliwiczan\\\/\",\"name\":\"\\\"Gospodarka jest najwa\u017cniejsza\\\" - Palikot u\u015bmiecha si\u0119 do gliwiczan - 24GLIWICE - Portal Gliwice | codziennie nowe informacje\",\"isPartOf\":{\"@id\":\"https:\\\/\\\/www.24gliwice.pl\\\/wiadomosci\\\/#website\"},\"primaryImageOfPage\":{\"@id\":\"https:\\\/\\\/www.24gliwice.pl\\\/wiadomosci\\\/gospodarka-jest-najwazniejsza-palikot-usmiecha-sie-do-gliwiczan\\\/#primaryimage\"},\"image\":{\"@id\":\"https:\\\/\\\/www.24gliwice.pl\\\/wiadomosci\\\/gospodarka-jest-najwazniejsza-palikot-usmiecha-sie-do-gliwiczan\\\/#primaryimage\"},\"thumbnailUrl\":\"https:\\\/\\\/www.24gliwice.pl\\\/wiadomosci\\\/wp-content\\\/uploads\\\/2011\\\/01\\\/palikot-billboard.jpg\",\"datePublished\":\"2011-01-28T15:23:35+00:00\",\"dateModified\":\"2011-01-31T15:13:41+00:00\",\"breadcrumb\":{\"@id\":\"https:\\\/\\\/www.24gliwice.pl\\\/wiadomosci\\\/gospodarka-jest-najwazniejsza-palikot-usmiecha-sie-do-gliwiczan\\\/#breadcrumb\"},\"inLanguage\":\"pl-PL\",\"potentialAction\":[{\"@type\":\"ReadAction\",\"target\":[\"https:\\\/\\\/www.24gliwice.pl\\\/wiadomosci\\\/gospodarka-jest-najwazniejsza-palikot-usmiecha-sie-do-gliwiczan\\\/\"]}]},{\"@type\":\"ImageObject\",\"inLanguage\":\"pl-PL\",\"@id\":\"https:\\\/\\\/www.24gliwice.pl\\\/wiadomosci\\\/gospodarka-jest-najwazniejsza-palikot-usmiecha-sie-do-gliwiczan\\\/#primaryimage\",\"url\":\"https:\\\/\\\/www.24gliwice.pl\\\/wiadomosci\\\/wp-content\\\/uploads\\\/2011\\\/01\\\/palikot-billboard.jpg\",\"contentUrl\":\"https:\\\/\\\/www.24gliwice.pl\\\/wiadomosci\\\/wp-content\\\/uploads\\\/2011\\\/01\\\/palikot-billboard.jpg\",\"width\":300,\"height\":225},{\"@type\":\"BreadcrumbList\",\"@id\":\"https:\\\/\\\/www.24gliwice.pl\\\/wiadomosci\\\/gospodarka-jest-najwazniejsza-palikot-usmiecha-sie-do-gliwiczan\\\/#breadcrumb\",\"itemListElement\":[{\"@type\":\"ListItem\",\"position\":1,\"name\":\"Strona g\u0142\u00f3wna\",\"item\":\"https:\\\/\\\/www.24gliwice.pl\\\/wiadomosci\\\/\"},{\"@type\":\"ListItem\",\"position\":2,\"name\":\"&#8222;Gospodarka jest najwa\u017cniejsza&#8221; &#8211; Palikot u\u015bmiecha si\u0119 do gliwiczan\"}]},{\"@type\":\"WebSite\",\"@id\":\"https:\\\/\\\/www.24gliwice.pl\\\/wiadomosci\\\/#website\",\"url\":\"https:\\\/\\\/www.24gliwice.pl\\\/wiadomosci\\\/\",\"name\":\"24GLIWICE - Portal Gliwice | codziennie nowe wiadomo\u015bci\",\"description\":\"Portal Miejski Gliwice\",\"publisher\":{\"@id\":\"https:\\\/\\\/www.24gliwice.pl\\\/wiadomosci\\\/#organization\"},\"potentialAction\":[{\"@type\":\"SearchAction\",\"target\":{\"@type\":\"EntryPoint\",\"urlTemplate\":\"https:\\\/\\\/www.24gliwice.pl\\\/wiadomosci\\\/?s={search_term_string}\"},\"query-input\":{\"@type\":\"PropertyValueSpecification\",\"valueRequired\":true,\"valueName\":\"search_term_string\"}}],\"inLanguage\":\"pl-PL\"},{\"@type\":\"Organization\",\"@id\":\"https:\\\/\\\/www.24gliwice.pl\\\/wiadomosci\\\/#organization\",\"name\":\"24gliwice\",\"url\":\"https:\\\/\\\/www.24gliwice.pl\\\/wiadomosci\\\/\",\"logo\":{\"@type\":\"ImageObject\",\"inLanguage\":\"pl-PL\",\"@id\":\"https:\\\/\\\/www.24gliwice.pl\\\/wiadomosci\\\/#\\\/schema\\\/logo\\\/image\\\/\",\"url\":\"https:\\\/\\\/www.24gliwice.pl\\\/wiadomosci\\\/wp-content\\\/uploads\\\/2024\\\/10\\\/24gliwice-logo-696.jpg\",\"contentUrl\":\"https:\\\/\\\/www.24gliwice.pl\\\/wiadomosci\\\/wp-content\\\/uploads\\\/2024\\\/10\\\/24gliwice-logo-696.jpg\",\"width\":696,\"height\":696,\"caption\":\"24gliwice\"},\"image\":{\"@id\":\"https:\\\/\\\/www.24gliwice.pl\\\/wiadomosci\\\/#\\\/schema\\\/logo\\\/image\\\/\"},\"sameAs\":[\"https:\\\/\\\/www.facebook.com\\\/24gliwice\",\"https:\\\/\\\/x.com\\\/24gliwice\",\"https:\\\/\\\/www.youtube.com\\\/@24gliwice\"]},{\"@type\":\"Person\",\"@id\":\"https:\\\/\\\/www.24gliwice.pl\\\/wiadomosci\\\/#\\\/schema\\\/person\\\/e8da54997491e33627cd906831f36a5f\",\"name\":\"Micha\u0142 Pac Pomarnacki\",\"image\":{\"@type\":\"ImageObject\",\"inLanguage\":\"pl-PL\",\"@id\":\"https:\\\/\\\/secure.gravatar.com\\\/avatar\\\/343de11c8c9ab8b0043d7704e0a0177a62007e8bf59c5948e4e4495298a46f1b?s=96&d=mm&r=g\",\"url\":\"https:\\\/\\\/secure.gravatar.com\\\/avatar\\\/343de11c8c9ab8b0043d7704e0a0177a62007e8bf59c5948e4e4495298a46f1b?s=96&d=mm&r=g\",\"contentUrl\":\"https:\\\/\\\/secure.gravatar.com\\\/avatar\\\/343de11c8c9ab8b0043d7704e0a0177a62007e8bf59c5948e4e4495298a46f1b?s=96&d=mm&r=g\",\"caption\":\"Micha\u0142 Pac Pomarnacki\"},\"url\":\"https:\\\/\\\/www.24gliwice.pl\\\/wiadomosci\\\/author\\\/mpp\\\/\"}]}<\/script>\n<!-- \/ Yoast SEO plugin. -->","yoast_head_json":{"title":"\"Gospodarka jest najwa\u017cniejsza\" - Palikot u\u015bmiecha si\u0119 do gliwiczan - 24GLIWICE - Portal Gliwice | codziennie nowe informacje","robots":{"index":"index","follow":"follow","max-snippet":"max-snippet:-1","max-image-preview":"max-image-preview:large","max-video-preview":"max-video-preview:-1"},"canonical":"https:\/\/www.24gliwice.pl\/wiadomosci\/gospodarka-jest-najwazniejsza-palikot-usmiecha-sie-do-gliwiczan\/","og_locale":"pl_PL","og_type":"article","og_title":"\"Gospodarka jest najwa\u017cniejsza\" - Palikot u\u015bmiecha si\u0119 do gliwiczan - 24GLIWICE - Portal Gliwice | codziennie nowe informacje","og_description":"W GLIWICACH W SZEREGI STOWARZYSZENIA RUCH POPARCIA PALIKOTA WST\u0104PI\u0141O 74 CZ\u0141ONK\u00d3W.","og_url":"https:\/\/www.24gliwice.pl\/wiadomosci\/gospodarka-jest-najwazniejsza-palikot-usmiecha-sie-do-gliwiczan\/","og_site_name":"24GLIWICE - Portal Gliwice | codziennie nowe informacje","article_publisher":"https:\/\/www.facebook.com\/24gliwice","article_published_time":"2011-01-28T15:23:35+00:00","article_modified_time":"2011-01-31T15:13:41+00:00","og_image":[{"width":300,"height":225,"url":"https:\/\/www.24gliwice.pl\/wiadomosci\/wp-content\/uploads\/2011\/01\/palikot-billboard.jpg","type":"image\/jpeg"}],"author":"Micha\u0142 Pac Pomarnacki","twitter_card":"summary_large_image","twitter_creator":"@24gliwice","twitter_site":"@24gliwice","twitter_misc":{"Napisane przez":"Micha\u0142 Pac Pomarnacki","Szacowany czas czytania":"2 minuty"},"schema":{"@context":"https:\/\/schema.org","@graph":[{"@type":"Article","@id":"https:\/\/www.24gliwice.pl\/wiadomosci\/gospodarka-jest-najwazniejsza-palikot-usmiecha-sie-do-gliwiczan\/#article","isPartOf":{"@id":"https:\/\/www.24gliwice.pl\/wiadomosci\/gospodarka-jest-najwazniejsza-palikot-usmiecha-sie-do-gliwiczan\/"},"author":{"name":"Micha\u0142 Pac Pomarnacki","@id":"https:\/\/www.24gliwice.pl\/wiadomosci\/#\/schema\/person\/e8da54997491e33627cd906831f36a5f"},"headline":"&#8220;Gospodarka jest najwa\u017cniejsza&#8221; &#8211; Palikot u\u015bmiecha si\u0119 do gliwiczan","datePublished":"2011-01-28T15:23:35+00:00","dateModified":"2011-01-31T15:13:41+00:00","mainEntityOfPage":{"@id":"https:\/\/www.24gliwice.pl\/wiadomosci\/gospodarka-jest-najwazniejsza-palikot-usmiecha-sie-do-gliwiczan\/"},"wordCount":333,"commentCount":0,"publisher":{"@id":"https:\/\/www.24gliwice.pl\/wiadomosci\/#organization"},"image":{"@id":"https:\/\/www.24gliwice.pl\/wiadomosci\/gospodarka-jest-najwazniejsza-palikot-usmiecha-sie-do-gliwiczan\/#primaryimage"},"thumbnailUrl":"https:\/\/www.24gliwice.pl\/wiadomosci\/wp-content\/uploads\/2011\/01\/palikot-billboard.jpg","articleSection":["Gliwice","Najnowsze wiadomo\u015bci","Portal Gliwice - Wiadomo\u015bci lokalne","Samorz\u0105d, polityka"],"inLanguage":"pl-PL","potentialAction":[{"@type":"CommentAction","name":"Comment","target":["https:\/\/www.24gliwice.pl\/wiadomosci\/gospodarka-jest-najwazniejsza-palikot-usmiecha-sie-do-gliwiczan\/#respond"]}]},{"@type":"WebPage","@id":"https:\/\/www.24gliwice.pl\/wiadomosci\/gospodarka-jest-najwazniejsza-palikot-usmiecha-sie-do-gliwiczan\/","url":"https:\/\/www.24gliwice.pl\/wiadomosci\/gospodarka-jest-najwazniejsza-palikot-usmiecha-sie-do-gliwiczan\/","name":"\"Gospodarka jest najwa\u017cniejsza\" - Palikot u\u015bmiecha si\u0119 do gliwiczan - 24GLIWICE - Portal Gliwice | codziennie nowe informacje","isPartOf":{"@id":"https:\/\/www.24gliwice.pl\/wiadomosci\/#website"},"primaryImageOfPage":{"@id":"https:\/\/www.24gliwice.pl\/wiadomosci\/gospodarka-jest-najwazniejsza-palikot-usmiecha-sie-do-gliwiczan\/#primaryimage"},"image":{"@id":"https:\/\/www.24gliwice.pl\/wiadomosci\/gospodarka-jest-najwazniejsza-palikot-usmiecha-sie-do-gliwiczan\/#primaryimage"},"thumbnailUrl":"https:\/\/www.24gliwice.pl\/wiadomosci\/wp-content\/uploads\/2011\/01\/palikot-billboard.jpg","datePublished":"2011-01-28T15:23:35+00:00","dateModified":"2011-01-31T15:13:41+00:00","breadcrumb":{"@id":"https:\/\/www.24gliwice.pl\/wiadomosci\/gospodarka-jest-najwazniejsza-palikot-usmiecha-sie-do-gliwiczan\/#breadcrumb"},"inLanguage":"pl-PL","potentialAction":[{"@type":"ReadAction","target":["https:\/\/www.24gliwice.pl\/wiadomosci\/gospodarka-jest-najwazniejsza-palikot-usmiecha-sie-do-gliwiczan\/"]}]},{"@type":"ImageObject","inLanguage":"pl-PL","@id":"https:\/\/www.24gliwice.pl\/wiadomosci\/gospodarka-jest-najwazniejsza-palikot-usmiecha-sie-do-gliwiczan\/#primaryimage","url":"https:\/\/www.24gliwice.pl\/wiadomosci\/wp-content\/uploads\/2011\/01\/palikot-billboard.jpg","contentUrl":"https:\/\/www.24gliwice.pl\/wiadomosci\/wp-content\/uploads\/2011\/01\/palikot-billboard.jpg","width":300,"height":225},{"@type":"BreadcrumbList","@id":"https:\/\/www.24gliwice.pl\/wiadomosci\/gospodarka-jest-najwazniejsza-palikot-usmiecha-sie-do-gliwiczan\/#breadcrumb","itemListElement":[{"@type":"ListItem","position":1,"name":"Strona g\u0142\u00f3wna","item":"https:\/\/www.24gliwice.pl\/wiadomosci\/"},{"@type":"ListItem","position":2,"name":"&#8222;Gospodarka jest najwa\u017cniejsza&#8221; &#8211; Palikot u\u015bmiecha si\u0119 do gliwiczan"}]},{"@type":"WebSite","@id":"https:\/\/www.24gliwice.pl\/wiadomosci\/#website","url":"https:\/\/www.24gliwice.pl\/wiadomosci\/","name":"24GLIWICE - Portal Gliwice | codziennie nowe wiadomo\u015bci","description":"Portal Miejski Gliwice","publisher":{"@id":"https:\/\/www.24gliwice.pl\/wiadomosci\/#organization"},"potentialAction":[{"@type":"SearchAction","target":{"@type":"EntryPoint","urlTemplate":"https:\/\/www.24gliwice.pl\/wiadomosci\/?s={search_term_string}"},"query-input":{"@type":"PropertyValueSpecification","valueRequired":true,"valueName":"search_term_string"}}],"inLanguage":"pl-PL"},{"@type":"Organization","@id":"https:\/\/www.24gliwice.pl\/wiadomosci\/#organization","name":"24gliwice","url":"https:\/\/www.24gliwice.pl\/wiadomosci\/","logo":{"@type":"ImageObject","inLanguage":"pl-PL","@id":"https:\/\/www.24gliwice.pl\/wiadomosci\/#\/schema\/logo\/image\/","url":"https:\/\/www.24gliwice.pl\/wiadomosci\/wp-content\/uploads\/2024\/10\/24gliwice-logo-696.jpg","contentUrl":"https:\/\/www.24gliwice.pl\/wiadomosci\/wp-content\/uploads\/2024\/10\/24gliwice-logo-696.jpg","width":696,"height":696,"caption":"24gliwice"},"image":{"@id":"https:\/\/www.24gliwice.pl\/wiadomosci\/#\/schema\/logo\/image\/"},"sameAs":["https:\/\/www.facebook.com\/24gliwice","https:\/\/x.com\/24gliwice","https:\/\/www.youtube.com\/@24gliwice"]},{"@type":"Person","@id":"https:\/\/www.24gliwice.pl\/wiadomosci\/#\/schema\/person\/e8da54997491e33627cd906831f36a5f","name":"Micha\u0142 Pac Pomarnacki","image":{"@type":"ImageObject","inLanguage":"pl-PL","@id":"https:\/\/secure.gravatar.com\/avatar\/343de11c8c9ab8b0043d7704e0a0177a62007e8bf59c5948e4e4495298a46f1b?s=96&d=mm&r=g","url":"https:\/\/secure.gravatar.com\/avatar\/343de11c8c9ab8b0043d7704e0a0177a62007e8bf59c5948e4e4495298a46f1b?s=96&d=mm&r=g","contentUrl":"https:\/\/secure.gravatar.com\/avatar\/343de11c8c9ab8b0043d7704e0a0177a62007e8bf59c5948e4e4495298a46f1b?s=96&d=mm&r=g","caption":"Micha\u0142 Pac Pomarnacki"},"url":"https:\/\/www.24gliwice.pl\/wiadomosci\/author\/mpp\/"}]}},"_links":{"self":[{"href":"https:\/\/www.24gliwice.pl\/wiadomosci\/wp-json\/wp\/v2\/posts\/28510","targetHints":{"allow":["GET"]}}],"collection":[{"href":"https:\/\/www.24gliwice.pl\/wiadomosci\/wp-json\/wp\/v2\/posts"}],"about":[{"href":"https:\/\/www.24gliwice.pl\/wiadomosci\/wp-json\/wp\/v2\/types\/post"}],"author":[{"embeddable":true,"href":"https:\/\/www.24gliwice.pl\/wiadomosci\/wp-json\/wp\/v2\/users\/9"}],"replies":[{"embeddable":true,"href":"https:\/\/www.24gliwice.pl\/wiadomosci\/wp-json\/wp\/v2\/comments?post=28510"}],"version-history":[{"count":0,"href":"https:\/\/www.24gliwice.pl\/wiadomosci\/wp-json\/wp\/v2\/posts\/28510\/revisions"}],"wp:featuredmedia":[{"embeddable":true,"href":"https:\/\/www.24gliwice.pl\/wiadomosci\/wp-json\/wp\/v2\/media\/28511"}],"wp:attachment":[{"href":"https:\/\/www.24gliwice.pl\/wiadomosci\/wp-json\/wp\/v2\/media?parent=28510"}],"wp:term":[{"taxonomy":"category","embeddable":true,"href":"https:\/\/www.24gliwice.pl\/wiadomosci\/wp-json\/wp\/v2\/categories?post=28510"},{"taxonomy":"post_tag","embeddable":true,"href":"https:\/\/www.24gliwice.pl\/wiadomosci\/wp-json\/wp\/v2\/tags?post=28510"}],"curies":[{"name":"wp","href":"https:\/\/api.w.org\/{rel}","templated":true}]}}