{"id":38847,"date":"2012-02-14T02:00:54","date_gmt":"2012-02-14T01:00:54","guid":{"rendered":"http:\/\/www.24gliwice.pl\/wiadomosci\/?p=38847"},"modified":"2017-07-24T11:56:35","modified_gmt":"2017-07-24T09:56:35","slug":"powrot-komendanta-bohater-afery-kostkowej-nie-wyklucza-udzialu-w-naborze","status":"publish","type":"post","link":"https:\/\/www.24gliwice.pl\/wiadomosci\/powrot-komendanta-bohater-afery-kostkowej-nie-wyklucza-udzialu-w-naborze\/","title":{"rendered":"Powr\u00f3t komendanta? Bohater &#8220;afery kostkowej&#8221; nie wyklucza udzia\u0142u w naborze"},"content":{"rendered":"<div class=\"gliwi-a6-nad-leadem-artykulow gliwi-entity-placement\" id=\"gliwi-1387539325\"><div class=\"gliwi-adlabel\"><span style=\"font-size: 9px\">REKLAMA<\/span><\/div><div id=\"gliwi-4278512868\" style=\"margin-bottom: 25px;margin-left: auto;margin-right: auto;text-align: center;\"><a data-no-instant=\"1\" href=\"https:\/\/dom100.eu\/\" rel=\"noopener\" class=\"a2t-link\" target=\"_blank\" aria-label=\"20260415 DOM100 D\"><img loading=\"lazy\" decoding=\"async\" src=\"https:\/\/www.24gliwice.pl\/wiadomosci\/wp-content\/uploads\/2026\/04\/20260415-DOM100-D.jpg\" alt=\"\"  srcset=\"https:\/\/www.24gliwice.pl\/wiadomosci\/wp-content\/uploads\/2026\/04\/20260415-DOM100-D.jpg 750w, https:\/\/www.24gliwice.pl\/wiadomosci\/wp-content\/uploads\/2026\/04\/20260415-DOM100-D-410x109.jpg 410w\" sizes=\"(max-width: 750px) 100vw, 750px\" class=\"no-lazyload\" width=\"750\" height=\"200\"  style=\"display: inline-block; max-width: 100%; height: auto;\" \/><\/a><\/div><\/div><h4>9 lutego 2009 roku zapad\u0142 wyrok s\u0105du, skazuj\u0105cy komendanta Stra\u017cy Miejskiej w Gliwicach, <strong>Andrzeja Nowaka<\/strong> m.in. na zakaz zajmowania jakichkolwiek kierowniczych stanowisk w administracji publicznej przez okres trzech lat. <\/h4>\n<p>Dok\u0142adnie trzy lata p\u00f3\u017aniej, a wi\u0119c 9 lutego 2012 roku, na stronie urz\u0119du miejskiego ukazuje si\u0119 og\u0142oszenie o naborze na stanowisko komendanta stra\u017cy miejskiej. Czy mamy tu do czynienia tylko z zastanawiaj\u0105c\u0105 zbie\u017cno\u015bci\u0105 dat?<\/p>\n<p>Przypomnijmy, za kradzie\u017c 30 ton kostki brukowej z terenu Centrum Ratownictwa w Gliwicach w 2005 roku, cztery lata p\u00f3\u017aniej Andrzej Nowak zosta\u0142 skazany na kar\u0119 6 miesi\u0119cy pozbawienia wolno\u015bci w zawieszeniu na 2 lata, grzywn\u0119 oraz zakaz zajmowania jakichkolwiek kierowniczych stanowisk w administracji publicznej przez 3 lata. <\/p><div class=\"gliwi-a3-w-tresci-artykulow gliwi-entity-placement\" id=\"gliwi-1124109138\"><div class=\"gliwi-adlabel\"><span style=\"font-size: 9px\">REKLAMA<\/span><\/div><div id=\"gliwi-510496072\" style=\"margin-bottom: 30px;margin-left: auto;margin-right: auto;text-align: center;\"><a data-no-instant=\"1\" href=\"https:\/\/ogrodyandersa.pl\/\" rel=\"noopener\" class=\"a2t-link\" target=\"_blank\" aria-label=\"20260415 Ogrody Andersa KUP TERAZ D\"><img loading=\"lazy\" decoding=\"async\" src=\"https:\/\/www.24gliwice.pl\/wiadomosci\/wp-content\/uploads\/2026\/04\/20260415-Ogrody-Andersa-KUP-TERAZ-D.jpg\" alt=\"\"  srcset=\"https:\/\/www.24gliwice.pl\/wiadomosci\/wp-content\/uploads\/2026\/04\/20260415-Ogrody-Andersa-KUP-TERAZ-D.jpg 750w, https:\/\/www.24gliwice.pl\/wiadomosci\/wp-content\/uploads\/2026\/04\/20260415-Ogrody-Andersa-KUP-TERAZ-D-410x109.jpg 410w\" sizes=\"(max-width: 750px) 100vw, 750px\" class=\"no-lazyload\" width=\"750\" height=\"200\"  style=\"display: inline-block; max-width: 100%; height: auto;\" \/><\/a><\/div><\/div>\n<h5>Komendant nie straci\u0142 jednak pracy, bowiem przez ca\u0142y czas przebywa\u0142 na urlopie bezp\u0142atnym.<\/h5>\n<p> W dodatku, do niedawna zatrudniony by\u0142 jeszcze w TUR Gliwice, gdzie zajmowa\u0142 si\u0119 trenowaniem kolarstwa. Na stronie urz\u0119du miejskiego, w strukturze organizacyjnej jednostki, jako komendant ci\u0105gle widnieje Andrzej Nowak. <strong>Jan Oszczypa\u0142a<\/strong>, kt\u00f3ry obecnie stoi na czele gliwickiej stra\u017cy miejskiej, jedynie pe\u0142ni obowi\u0105zki komendanta.<br \/>\n<strong><br \/>\nMarek Jarz\u0119bowski<\/strong>, rzecznik prezydenta Gliwic, przyznaje, \u017ce sprawa Andrzeja Nowaka ci\u0105gnie si\u0119 ju\u017c bardzo d\u0142ugo. &#8211; Ile jeszcze mo\u017cna czeka\u0107 na jej rozwi\u0105zanie? Postanowiono wi\u0119c da\u0107 komendantowi wypowiedzenie i og\u0142osi\u0107 nab\u00f3r na to stanowisko &#8211; komentuje. <\/p>\n<p><img loading=\"lazy\" decoding=\"async\" src=\"http:\/\/www.24gliwice.pl\/wiadomosci\/wp-content\/uploads\/2012\/02\/straz-miejska-kopiowanie.jpg\" alt=\"\" title=\"\" width=\"510\" height=\"299\" class=\"aligncenter size-full wp-image-38846\" \/><\/p>\n<h5>Wszystko wskazuje na to, \u017ce odwo\u0142any komendant mo\u017ce ponownie ubiega\u0107 si\u0119 o utracone stanowisko.<\/h5>\n<p> Sam Andrzej Nowak, zapytany przez nas, czy zamierza zg\u0142osi\u0107 swoj\u0105 kandydatur\u0119, nie zaprzecza.<br \/>\n&#8211; Na ten moment nie mam nic do powiedzenia w tej kwestii &#8211; szybko ucina rozmow\u0119.<\/p>\n<p>Jak si\u0119 dowiedzieli\u015bmy, Jan Oszczypa\u0142a, pe\u0142ni\u0105cy obowi\u0105zki komendanta, o konkursie nic nie wie.<br \/>\n&#8211; Pierwsze s\u0142ysz\u0119 o naborze na to stanowisko. Trudno mi co\u015b powiedzie\u0107, bo mnie pan zaskoczy\u0142 &#8211; dziwi si\u0119 Oszczypa\u0142a.<\/p>\n<p>Wszyscy zainteresowani startem w konkursie, do 2 marca maj\u0105 czas na z\u0142o\u017cenie odpowiednich dokument\u00f3w.<\/p>\n<p>Na koniec warto zastanowi\u0107 si\u0119, czy Andrzej Nowak spe\u0142nia wszystkie niezb\u0119dne wymagania, o kt\u00f3rych mowa w og\u0142oszeniu o naborze. W kontek\u015bcie jego \u017cyciorysu, dosy\u0107 ciekawie brzmi punkt 6 &#8211; &#8220;nienaganna opinia&#8221;. Zdrowy rozs\u0105dek podpowiada, \u017ce tak wa\u017cn\u0105 funkcj\u0119, jak\u0105 jest stanowisko komendanta stra\u017cy miejskiej, powinien obj\u0105\u0107 kto\u015b o krystalicznej opinii. Czy mo\u017ce to by\u0107 osoba, za kt\u00f3r\u0105 ci\u0105gn\u0105 si\u0119 wyroki za pobicie oraz za kradzie\u017c 30 ton kostki brukowej? Na to pytanie chyba wszyscy znamy odpowied\u017a. O tym, czy znaj\u0105 j\u0105 urz\u0119dnicy w magistracie, przekonamy si\u0119 w marcu. <\/p>\n<p>Micha\u0142 Pac Pomarnacki<\/p>\n<div class=\"gliwi-a5-na-koncu-artykulow gliwi-entity-placement\" id=\"gliwi-2861320816\"><div class=\"gliwi-adlabel\"><span style=\"font-size: 9px\">REKLAMA<\/span><\/div><div id=\"gliwi-2187396069\" style=\"margin-left: auto;margin-right: auto;text-align: center;\"><a data-no-instant=\"1\" href=\"https:\/\/prezeroarenagliwice.pl\/\" rel=\"noopener\" class=\"a2t-link\" target=\"_blank\" aria-label=\"20260309-PREZERO-WIOSNA-D\"><img loading=\"lazy\" decoding=\"async\" src=\"https:\/\/www.24gliwice.pl\/wiadomosci\/wp-content\/uploads\/2026\/03\/20260309-PREZERO-WIOSNA-D.webp\" alt=\"\"  srcset=\"https:\/\/www.24gliwice.pl\/wiadomosci\/wp-content\/uploads\/2026\/03\/20260309-PREZERO-WIOSNA-D.webp 750w, https:\/\/www.24gliwice.pl\/wiadomosci\/wp-content\/uploads\/2026\/03\/20260309-PREZERO-WIOSNA-D-410x109.webp 410w\" sizes=\"(max-width: 750px) 100vw, 750px\" class=\"no-lazyload\" width=\"750\" height=\"200\"  style=\"display: inline-block; max-width: 100%; height: auto;\" \/><\/a><\/div><\/div>","protected":false},"excerpt":{"rendered":"<p>KOMENDANT MIA\u0141 OPINI\u0118 NIEUSUWALNEGO. CZY TERAZ WR\u00d3CI NA STANOWISKO?<\/p>\n","protected":false},"author":9,"featured_media":38864,"comment_status":"open","ping_status":"closed","sticky":false,"template":"","format":"standard","meta":{"_monsterinsights_skip_tracking":false,"_monsterinsights_sitenote_active":false,"_monsterinsights_sitenote_note":"","_monsterinsights_sitenote_category":0,"footnotes":"","_links_to":"","_links_to_target":""},"categories":[3,1,9,8],"tags":[1311,394,89],"class_list":["post-38847","post","type-post","status-publish","format-standard","has-post-thumbnail","hentry","category-gliwice","category-wszystko","category-aktualnosci_lokalne","category-samorzad_polityka","tag-aktualnosci-z-gliwic","tag-informacje-z-gliwic","tag-straz-miejska-gliwice"],"yoast_head":"<!-- This site is optimized with the Yoast SEO plugin v27.5 - https:\/\/yoast.com\/product\/yoast-seo-wordpress\/ -->\n<title>Powr\u00f3t komendanta? Bohater &quot;afery kostkowej&quot; nie wyklucza udzia\u0142u w naborze - 24GLIWICE - Portal Gliwice | codziennie nowe informacje<\/title>\n<meta name=\"robots\" content=\"index, follow, max-snippet:-1, max-image-preview:large, max-video-preview:-1\" \/>\n<link rel=\"canonical\" href=\"https:\/\/www.24gliwice.pl\/wiadomosci\/powrot-komendanta-bohater-afery-kostkowej-nie-wyklucza-udzialu-w-naborze\/\" \/>\n<meta property=\"og:locale\" content=\"pl_PL\" \/>\n<meta property=\"og:type\" content=\"article\" \/>\n<meta property=\"og:title\" content=\"Powr\u00f3t komendanta? Bohater &quot;afery kostkowej&quot; nie wyklucza udzia\u0142u w naborze - 24GLIWICE - Portal Gliwice | codziennie nowe informacje\" \/>\n<meta property=\"og:description\" content=\"KOMENDANT MIA\u0141 OPINI\u0118 NIEUSUWALNEGO. CZY TERAZ WR\u00d3CI NA STANOWISKO?\" \/>\n<meta property=\"og:url\" content=\"https:\/\/www.24gliwice.pl\/wiadomosci\/powrot-komendanta-bohater-afery-kostkowej-nie-wyklucza-udzialu-w-naborze\/\" \/>\n<meta property=\"og:site_name\" content=\"24GLIWICE - Portal Gliwice | codziennie nowe informacje\" \/>\n<meta property=\"article:publisher\" content=\"https:\/\/www.facebook.com\/24gliwice\" \/>\n<meta property=\"article:published_time\" content=\"2012-02-14T01:00:54+00:00\" \/>\n<meta property=\"article:modified_time\" content=\"2017-07-24T09:56:35+00:00\" \/>\n<meta property=\"og:image\" content=\"https:\/\/www.24gliwice.pl\/wiadomosci\/wp-content\/uploads\/2012\/02\/nowak-gm1.jpg\" \/>\n\t<meta property=\"og:image:width\" content=\"510\" \/>\n\t<meta property=\"og:image:height\" content=\"306\" \/>\n\t<meta property=\"og:image:type\" content=\"image\/jpeg\" \/>\n<meta name=\"author\" content=\"Micha\u0142 Pac Pomarnacki\" \/>\n<meta name=\"twitter:card\" content=\"summary_large_image\" \/>\n<meta name=\"twitter:creator\" content=\"@24gliwice\" \/>\n<meta name=\"twitter:site\" content=\"@24gliwice\" \/>\n<meta name=\"twitter:label1\" content=\"Napisane przez\" \/>\n\t<meta name=\"twitter:data1\" content=\"Micha\u0142 Pac Pomarnacki\" \/>\n\t<meta name=\"twitter:label2\" content=\"Szacowany czas czytania\" \/>\n\t<meta name=\"twitter:data2\" content=\"2 minuty\" \/>\n<script type=\"application\/ld+json\" class=\"yoast-schema-graph\">{\"@context\":\"https:\\\/\\\/schema.org\",\"@graph\":[{\"@type\":\"Article\",\"@id\":\"https:\\\/\\\/www.24gliwice.pl\\\/wiadomosci\\\/powrot-komendanta-bohater-afery-kostkowej-nie-wyklucza-udzialu-w-naborze\\\/#article\",\"isPartOf\":{\"@id\":\"https:\\\/\\\/www.24gliwice.pl\\\/wiadomosci\\\/powrot-komendanta-bohater-afery-kostkowej-nie-wyklucza-udzialu-w-naborze\\\/\"},\"author\":{\"name\":\"Micha\u0142 Pac Pomarnacki\",\"@id\":\"https:\\\/\\\/www.24gliwice.pl\\\/wiadomosci\\\/#\\\/schema\\\/person\\\/e8da54997491e33627cd906831f36a5f\"},\"headline\":\"Powr\u00f3t komendanta? Bohater &#8220;afery kostkowej&#8221; nie wyklucza udzia\u0142u w naborze\",\"datePublished\":\"2012-02-14T01:00:54+00:00\",\"dateModified\":\"2017-07-24T09:56:35+00:00\",\"mainEntityOfPage\":{\"@id\":\"https:\\\/\\\/www.24gliwice.pl\\\/wiadomosci\\\/powrot-komendanta-bohater-afery-kostkowej-nie-wyklucza-udzialu-w-naborze\\\/\"},\"wordCount\":441,\"commentCount\":0,\"publisher\":{\"@id\":\"https:\\\/\\\/www.24gliwice.pl\\\/wiadomosci\\\/#organization\"},\"image\":{\"@id\":\"https:\\\/\\\/www.24gliwice.pl\\\/wiadomosci\\\/powrot-komendanta-bohater-afery-kostkowej-nie-wyklucza-udzialu-w-naborze\\\/#primaryimage\"},\"thumbnailUrl\":\"https:\\\/\\\/www.24gliwice.pl\\\/wiadomosci\\\/wp-content\\\/uploads\\\/2012\\\/02\\\/nowak-gm1.jpg\",\"keywords\":[\"AKTUALNO\u015aCI Z GLIWIC\",\"INFORMACJE Z GLIWIC\",\"STRA\u017b MIEJSKA GLIWICE\"],\"articleSection\":[\"Gliwice\",\"Najnowsze wiadomo\u015bci\",\"Portal Gliwice - Wiadomo\u015bci lokalne\",\"Samorz\u0105d, polityka\"],\"inLanguage\":\"pl-PL\",\"potentialAction\":[{\"@type\":\"CommentAction\",\"name\":\"Comment\",\"target\":[\"https:\\\/\\\/www.24gliwice.pl\\\/wiadomosci\\\/powrot-komendanta-bohater-afery-kostkowej-nie-wyklucza-udzialu-w-naborze\\\/#respond\"]}]},{\"@type\":\"WebPage\",\"@id\":\"https:\\\/\\\/www.24gliwice.pl\\\/wiadomosci\\\/powrot-komendanta-bohater-afery-kostkowej-nie-wyklucza-udzialu-w-naborze\\\/\",\"url\":\"https:\\\/\\\/www.24gliwice.pl\\\/wiadomosci\\\/powrot-komendanta-bohater-afery-kostkowej-nie-wyklucza-udzialu-w-naborze\\\/\",\"name\":\"Powr\u00f3t komendanta? Bohater \\\"afery kostkowej\\\" nie wyklucza udzia\u0142u w naborze - 24GLIWICE - Portal Gliwice | codziennie nowe informacje\",\"isPartOf\":{\"@id\":\"https:\\\/\\\/www.24gliwice.pl\\\/wiadomosci\\\/#website\"},\"primaryImageOfPage\":{\"@id\":\"https:\\\/\\\/www.24gliwice.pl\\\/wiadomosci\\\/powrot-komendanta-bohater-afery-kostkowej-nie-wyklucza-udzialu-w-naborze\\\/#primaryimage\"},\"image\":{\"@id\":\"https:\\\/\\\/www.24gliwice.pl\\\/wiadomosci\\\/powrot-komendanta-bohater-afery-kostkowej-nie-wyklucza-udzialu-w-naborze\\\/#primaryimage\"},\"thumbnailUrl\":\"https:\\\/\\\/www.24gliwice.pl\\\/wiadomosci\\\/wp-content\\\/uploads\\\/2012\\\/02\\\/nowak-gm1.jpg\",\"datePublished\":\"2012-02-14T01:00:54+00:00\",\"dateModified\":\"2017-07-24T09:56:35+00:00\",\"breadcrumb\":{\"@id\":\"https:\\\/\\\/www.24gliwice.pl\\\/wiadomosci\\\/powrot-komendanta-bohater-afery-kostkowej-nie-wyklucza-udzialu-w-naborze\\\/#breadcrumb\"},\"inLanguage\":\"pl-PL\",\"potentialAction\":[{\"@type\":\"ReadAction\",\"target\":[\"https:\\\/\\\/www.24gliwice.pl\\\/wiadomosci\\\/powrot-komendanta-bohater-afery-kostkowej-nie-wyklucza-udzialu-w-naborze\\\/\"]}]},{\"@type\":\"ImageObject\",\"inLanguage\":\"pl-PL\",\"@id\":\"https:\\\/\\\/www.24gliwice.pl\\\/wiadomosci\\\/powrot-komendanta-bohater-afery-kostkowej-nie-wyklucza-udzialu-w-naborze\\\/#primaryimage\",\"url\":\"https:\\\/\\\/www.24gliwice.pl\\\/wiadomosci\\\/wp-content\\\/uploads\\\/2012\\\/02\\\/nowak-gm1.jpg\",\"contentUrl\":\"https:\\\/\\\/www.24gliwice.pl\\\/wiadomosci\\\/wp-content\\\/uploads\\\/2012\\\/02\\\/nowak-gm1.jpg\",\"width\":510,\"height\":306},{\"@type\":\"BreadcrumbList\",\"@id\":\"https:\\\/\\\/www.24gliwice.pl\\\/wiadomosci\\\/powrot-komendanta-bohater-afery-kostkowej-nie-wyklucza-udzialu-w-naborze\\\/#breadcrumb\",\"itemListElement\":[{\"@type\":\"ListItem\",\"position\":1,\"name\":\"Strona g\u0142\u00f3wna\",\"item\":\"https:\\\/\\\/www.24gliwice.pl\\\/wiadomosci\\\/\"},{\"@type\":\"ListItem\",\"position\":2,\"name\":\"Powr\u00f3t komendanta? Bohater &#8222;afery kostkowej&#8221; nie wyklucza udzia\u0142u w naborze\"}]},{\"@type\":\"WebSite\",\"@id\":\"https:\\\/\\\/www.24gliwice.pl\\\/wiadomosci\\\/#website\",\"url\":\"https:\\\/\\\/www.24gliwice.pl\\\/wiadomosci\\\/\",\"name\":\"24GLIWICE - Portal Gliwice | codziennie nowe wiadomo\u015bci\",\"description\":\"Portal Miejski Gliwice\",\"publisher\":{\"@id\":\"https:\\\/\\\/www.24gliwice.pl\\\/wiadomosci\\\/#organization\"},\"potentialAction\":[{\"@type\":\"SearchAction\",\"target\":{\"@type\":\"EntryPoint\",\"urlTemplate\":\"https:\\\/\\\/www.24gliwice.pl\\\/wiadomosci\\\/?s={search_term_string}\"},\"query-input\":{\"@type\":\"PropertyValueSpecification\",\"valueRequired\":true,\"valueName\":\"search_term_string\"}}],\"inLanguage\":\"pl-PL\"},{\"@type\":\"Organization\",\"@id\":\"https:\\\/\\\/www.24gliwice.pl\\\/wiadomosci\\\/#organization\",\"name\":\"24gliwice\",\"url\":\"https:\\\/\\\/www.24gliwice.pl\\\/wiadomosci\\\/\",\"logo\":{\"@type\":\"ImageObject\",\"inLanguage\":\"pl-PL\",\"@id\":\"https:\\\/\\\/www.24gliwice.pl\\\/wiadomosci\\\/#\\\/schema\\\/logo\\\/image\\\/\",\"url\":\"https:\\\/\\\/www.24gliwice.pl\\\/wiadomosci\\\/wp-content\\\/uploads\\\/2024\\\/10\\\/24gliwice-logo-696.jpg\",\"contentUrl\":\"https:\\\/\\\/www.24gliwice.pl\\\/wiadomosci\\\/wp-content\\\/uploads\\\/2024\\\/10\\\/24gliwice-logo-696.jpg\",\"width\":696,\"height\":696,\"caption\":\"24gliwice\"},\"image\":{\"@id\":\"https:\\\/\\\/www.24gliwice.pl\\\/wiadomosci\\\/#\\\/schema\\\/logo\\\/image\\\/\"},\"sameAs\":[\"https:\\\/\\\/www.facebook.com\\\/24gliwice\",\"https:\\\/\\\/x.com\\\/24gliwice\",\"https:\\\/\\\/www.youtube.com\\\/@24gliwice\"]},{\"@type\":\"Person\",\"@id\":\"https:\\\/\\\/www.24gliwice.pl\\\/wiadomosci\\\/#\\\/schema\\\/person\\\/e8da54997491e33627cd906831f36a5f\",\"name\":\"Micha\u0142 Pac Pomarnacki\",\"image\":{\"@type\":\"ImageObject\",\"inLanguage\":\"pl-PL\",\"@id\":\"https:\\\/\\\/secure.gravatar.com\\\/avatar\\\/343de11c8c9ab8b0043d7704e0a0177a62007e8bf59c5948e4e4495298a46f1b?s=96&d=mm&r=g\",\"url\":\"https:\\\/\\\/secure.gravatar.com\\\/avatar\\\/343de11c8c9ab8b0043d7704e0a0177a62007e8bf59c5948e4e4495298a46f1b?s=96&d=mm&r=g\",\"contentUrl\":\"https:\\\/\\\/secure.gravatar.com\\\/avatar\\\/343de11c8c9ab8b0043d7704e0a0177a62007e8bf59c5948e4e4495298a46f1b?s=96&d=mm&r=g\",\"caption\":\"Micha\u0142 Pac Pomarnacki\"},\"url\":\"https:\\\/\\\/www.24gliwice.pl\\\/wiadomosci\\\/author\\\/mpp\\\/\"}]}<\/script>\n<!-- \/ Yoast SEO plugin. -->","yoast_head_json":{"title":"Powr\u00f3t komendanta? Bohater \"afery kostkowej\" nie wyklucza udzia\u0142u w naborze - 24GLIWICE - Portal Gliwice | codziennie nowe informacje","robots":{"index":"index","follow":"follow","max-snippet":"max-snippet:-1","max-image-preview":"max-image-preview:large","max-video-preview":"max-video-preview:-1"},"canonical":"https:\/\/www.24gliwice.pl\/wiadomosci\/powrot-komendanta-bohater-afery-kostkowej-nie-wyklucza-udzialu-w-naborze\/","og_locale":"pl_PL","og_type":"article","og_title":"Powr\u00f3t komendanta? Bohater \"afery kostkowej\" nie wyklucza udzia\u0142u w naborze - 24GLIWICE - Portal Gliwice | codziennie nowe informacje","og_description":"KOMENDANT MIA\u0141 OPINI\u0118 NIEUSUWALNEGO. CZY TERAZ WR\u00d3CI NA STANOWISKO?","og_url":"https:\/\/www.24gliwice.pl\/wiadomosci\/powrot-komendanta-bohater-afery-kostkowej-nie-wyklucza-udzialu-w-naborze\/","og_site_name":"24GLIWICE - Portal Gliwice | codziennie nowe informacje","article_publisher":"https:\/\/www.facebook.com\/24gliwice","article_published_time":"2012-02-14T01:00:54+00:00","article_modified_time":"2017-07-24T09:56:35+00:00","og_image":[{"width":510,"height":306,"url":"https:\/\/www.24gliwice.pl\/wiadomosci\/wp-content\/uploads\/2012\/02\/nowak-gm1.jpg","type":"image\/jpeg"}],"author":"Micha\u0142 Pac Pomarnacki","twitter_card":"summary_large_image","twitter_creator":"@24gliwice","twitter_site":"@24gliwice","twitter_misc":{"Napisane przez":"Micha\u0142 Pac Pomarnacki","Szacowany czas czytania":"2 minuty"},"schema":{"@context":"https:\/\/schema.org","@graph":[{"@type":"Article","@id":"https:\/\/www.24gliwice.pl\/wiadomosci\/powrot-komendanta-bohater-afery-kostkowej-nie-wyklucza-udzialu-w-naborze\/#article","isPartOf":{"@id":"https:\/\/www.24gliwice.pl\/wiadomosci\/powrot-komendanta-bohater-afery-kostkowej-nie-wyklucza-udzialu-w-naborze\/"},"author":{"name":"Micha\u0142 Pac Pomarnacki","@id":"https:\/\/www.24gliwice.pl\/wiadomosci\/#\/schema\/person\/e8da54997491e33627cd906831f36a5f"},"headline":"Powr\u00f3t komendanta? Bohater &#8220;afery kostkowej&#8221; nie wyklucza udzia\u0142u w naborze","datePublished":"2012-02-14T01:00:54+00:00","dateModified":"2017-07-24T09:56:35+00:00","mainEntityOfPage":{"@id":"https:\/\/www.24gliwice.pl\/wiadomosci\/powrot-komendanta-bohater-afery-kostkowej-nie-wyklucza-udzialu-w-naborze\/"},"wordCount":441,"commentCount":0,"publisher":{"@id":"https:\/\/www.24gliwice.pl\/wiadomosci\/#organization"},"image":{"@id":"https:\/\/www.24gliwice.pl\/wiadomosci\/powrot-komendanta-bohater-afery-kostkowej-nie-wyklucza-udzialu-w-naborze\/#primaryimage"},"thumbnailUrl":"https:\/\/www.24gliwice.pl\/wiadomosci\/wp-content\/uploads\/2012\/02\/nowak-gm1.jpg","keywords":["AKTUALNO\u015aCI Z GLIWIC","INFORMACJE Z GLIWIC","STRA\u017b MIEJSKA GLIWICE"],"articleSection":["Gliwice","Najnowsze wiadomo\u015bci","Portal Gliwice - Wiadomo\u015bci lokalne","Samorz\u0105d, polityka"],"inLanguage":"pl-PL","potentialAction":[{"@type":"CommentAction","name":"Comment","target":["https:\/\/www.24gliwice.pl\/wiadomosci\/powrot-komendanta-bohater-afery-kostkowej-nie-wyklucza-udzialu-w-naborze\/#respond"]}]},{"@type":"WebPage","@id":"https:\/\/www.24gliwice.pl\/wiadomosci\/powrot-komendanta-bohater-afery-kostkowej-nie-wyklucza-udzialu-w-naborze\/","url":"https:\/\/www.24gliwice.pl\/wiadomosci\/powrot-komendanta-bohater-afery-kostkowej-nie-wyklucza-udzialu-w-naborze\/","name":"Powr\u00f3t komendanta? Bohater \"afery kostkowej\" nie wyklucza udzia\u0142u w naborze - 24GLIWICE - Portal Gliwice | codziennie nowe informacje","isPartOf":{"@id":"https:\/\/www.24gliwice.pl\/wiadomosci\/#website"},"primaryImageOfPage":{"@id":"https:\/\/www.24gliwice.pl\/wiadomosci\/powrot-komendanta-bohater-afery-kostkowej-nie-wyklucza-udzialu-w-naborze\/#primaryimage"},"image":{"@id":"https:\/\/www.24gliwice.pl\/wiadomosci\/powrot-komendanta-bohater-afery-kostkowej-nie-wyklucza-udzialu-w-naborze\/#primaryimage"},"thumbnailUrl":"https:\/\/www.24gliwice.pl\/wiadomosci\/wp-content\/uploads\/2012\/02\/nowak-gm1.jpg","datePublished":"2012-02-14T01:00:54+00:00","dateModified":"2017-07-24T09:56:35+00:00","breadcrumb":{"@id":"https:\/\/www.24gliwice.pl\/wiadomosci\/powrot-komendanta-bohater-afery-kostkowej-nie-wyklucza-udzialu-w-naborze\/#breadcrumb"},"inLanguage":"pl-PL","potentialAction":[{"@type":"ReadAction","target":["https:\/\/www.24gliwice.pl\/wiadomosci\/powrot-komendanta-bohater-afery-kostkowej-nie-wyklucza-udzialu-w-naborze\/"]}]},{"@type":"ImageObject","inLanguage":"pl-PL","@id":"https:\/\/www.24gliwice.pl\/wiadomosci\/powrot-komendanta-bohater-afery-kostkowej-nie-wyklucza-udzialu-w-naborze\/#primaryimage","url":"https:\/\/www.24gliwice.pl\/wiadomosci\/wp-content\/uploads\/2012\/02\/nowak-gm1.jpg","contentUrl":"https:\/\/www.24gliwice.pl\/wiadomosci\/wp-content\/uploads\/2012\/02\/nowak-gm1.jpg","width":510,"height":306},{"@type":"BreadcrumbList","@id":"https:\/\/www.24gliwice.pl\/wiadomosci\/powrot-komendanta-bohater-afery-kostkowej-nie-wyklucza-udzialu-w-naborze\/#breadcrumb","itemListElement":[{"@type":"ListItem","position":1,"name":"Strona g\u0142\u00f3wna","item":"https:\/\/www.24gliwice.pl\/wiadomosci\/"},{"@type":"ListItem","position":2,"name":"Powr\u00f3t komendanta? Bohater &#8222;afery kostkowej&#8221; nie wyklucza udzia\u0142u w naborze"}]},{"@type":"WebSite","@id":"https:\/\/www.24gliwice.pl\/wiadomosci\/#website","url":"https:\/\/www.24gliwice.pl\/wiadomosci\/","name":"24GLIWICE - Portal Gliwice | codziennie nowe wiadomo\u015bci","description":"Portal Miejski Gliwice","publisher":{"@id":"https:\/\/www.24gliwice.pl\/wiadomosci\/#organization"},"potentialAction":[{"@type":"SearchAction","target":{"@type":"EntryPoint","urlTemplate":"https:\/\/www.24gliwice.pl\/wiadomosci\/?s={search_term_string}"},"query-input":{"@type":"PropertyValueSpecification","valueRequired":true,"valueName":"search_term_string"}}],"inLanguage":"pl-PL"},{"@type":"Organization","@id":"https:\/\/www.24gliwice.pl\/wiadomosci\/#organization","name":"24gliwice","url":"https:\/\/www.24gliwice.pl\/wiadomosci\/","logo":{"@type":"ImageObject","inLanguage":"pl-PL","@id":"https:\/\/www.24gliwice.pl\/wiadomosci\/#\/schema\/logo\/image\/","url":"https:\/\/www.24gliwice.pl\/wiadomosci\/wp-content\/uploads\/2024\/10\/24gliwice-logo-696.jpg","contentUrl":"https:\/\/www.24gliwice.pl\/wiadomosci\/wp-content\/uploads\/2024\/10\/24gliwice-logo-696.jpg","width":696,"height":696,"caption":"24gliwice"},"image":{"@id":"https:\/\/www.24gliwice.pl\/wiadomosci\/#\/schema\/logo\/image\/"},"sameAs":["https:\/\/www.facebook.com\/24gliwice","https:\/\/x.com\/24gliwice","https:\/\/www.youtube.com\/@24gliwice"]},{"@type":"Person","@id":"https:\/\/www.24gliwice.pl\/wiadomosci\/#\/schema\/person\/e8da54997491e33627cd906831f36a5f","name":"Micha\u0142 Pac Pomarnacki","image":{"@type":"ImageObject","inLanguage":"pl-PL","@id":"https:\/\/secure.gravatar.com\/avatar\/343de11c8c9ab8b0043d7704e0a0177a62007e8bf59c5948e4e4495298a46f1b?s=96&d=mm&r=g","url":"https:\/\/secure.gravatar.com\/avatar\/343de11c8c9ab8b0043d7704e0a0177a62007e8bf59c5948e4e4495298a46f1b?s=96&d=mm&r=g","contentUrl":"https:\/\/secure.gravatar.com\/avatar\/343de11c8c9ab8b0043d7704e0a0177a62007e8bf59c5948e4e4495298a46f1b?s=96&d=mm&r=g","caption":"Micha\u0142 Pac Pomarnacki"},"url":"https:\/\/www.24gliwice.pl\/wiadomosci\/author\/mpp\/"}]}},"_links":{"self":[{"href":"https:\/\/www.24gliwice.pl\/wiadomosci\/wp-json\/wp\/v2\/posts\/38847","targetHints":{"allow":["GET"]}}],"collection":[{"href":"https:\/\/www.24gliwice.pl\/wiadomosci\/wp-json\/wp\/v2\/posts"}],"about":[{"href":"https:\/\/www.24gliwice.pl\/wiadomosci\/wp-json\/wp\/v2\/types\/post"}],"author":[{"embeddable":true,"href":"https:\/\/www.24gliwice.pl\/wiadomosci\/wp-json\/wp\/v2\/users\/9"}],"replies":[{"embeddable":true,"href":"https:\/\/www.24gliwice.pl\/wiadomosci\/wp-json\/wp\/v2\/comments?post=38847"}],"version-history":[{"count":0,"href":"https:\/\/www.24gliwice.pl\/wiadomosci\/wp-json\/wp\/v2\/posts\/38847\/revisions"}],"wp:featuredmedia":[{"embeddable":true,"href":"https:\/\/www.24gliwice.pl\/wiadomosci\/wp-json\/wp\/v2\/media\/38864"}],"wp:attachment":[{"href":"https:\/\/www.24gliwice.pl\/wiadomosci\/wp-json\/wp\/v2\/media?parent=38847"}],"wp:term":[{"taxonomy":"category","embeddable":true,"href":"https:\/\/www.24gliwice.pl\/wiadomosci\/wp-json\/wp\/v2\/categories?post=38847"},{"taxonomy":"post_tag","embeddable":true,"href":"https:\/\/www.24gliwice.pl\/wiadomosci\/wp-json\/wp\/v2\/tags?post=38847"}],"curies":[{"name":"wp","href":"https:\/\/api.w.org\/{rel}","templated":true}]}}