{"id":43957,"date":"2012-08-02T15:59:45","date_gmt":"2012-08-02T13:59:45","guid":{"rendered":"http:\/\/www.24gliwice.pl\/wiadomosci\/?p=43957"},"modified":"2012-08-02T17:09:54","modified_gmt":"2012-08-02T15:09:54","slug":"platne-parkowanie-coraz-blizej-zdm-planuje-montaz-parkomatow","status":"publish","type":"post","link":"https:\/\/www.24gliwice.pl\/wiadomosci\/platne-parkowanie-coraz-blizej-zdm-planuje-montaz-parkomatow\/","title":{"rendered":"P\u0142atne parkowanie coraz bli\u017cej? ZDM planuje monta\u017c parkomat\u00f3w"},"content":{"rendered":"<div class=\"gliwi-a6-nad-leadem-artykulow gliwi-entity-placement\" id=\"gliwi-3401977429\"><div class=\"gliwi-adlabel\"><span style=\"font-size: 9px\">REKLAMA<\/span><\/div><div id=\"gliwi-237315158\" style=\"margin-bottom: 25px;margin-left: auto;margin-right: auto;text-align: center;\"><a data-no-instant=\"1\" href=\"https:\/\/dom100.eu\/\" rel=\"noopener\" class=\"a2t-link\" target=\"_blank\" aria-label=\"20260415 DOM100 D\"><img loading=\"lazy\" decoding=\"async\" src=\"https:\/\/www.24gliwice.pl\/wiadomosci\/wp-content\/uploads\/2026\/04\/20260415-DOM100-D.jpg\" alt=\"\"  srcset=\"https:\/\/www.24gliwice.pl\/wiadomosci\/wp-content\/uploads\/2026\/04\/20260415-DOM100-D.jpg 750w, https:\/\/www.24gliwice.pl\/wiadomosci\/wp-content\/uploads\/2026\/04\/20260415-DOM100-D-410x109.jpg 410w\" sizes=\"(max-width: 750px) 100vw, 750px\" class=\"no-lazyload\" width=\"750\" height=\"200\"  style=\"display: inline-block; max-width: 100%; height: auto;\" \/><\/a><\/div><\/div><p><img loading=\"lazy\" decoding=\"async\" src=\"http:\/\/www.24gliwice.pl\/wiadomosci\/wp-content\/uploads\/2012\/08\/parkowanie.jpg\" alt=\"\" title=\"\" width=\"510\" height=\"281\" class=\"aligncenter size-full wp-image-43962\" \/>&#8211; Podj\u0105\u0142em decyzj\u0119 o przygotowaniu si\u0119 przez Zarz\u0105d Dr\u00f3g Miejskich do wprowadzenia stref p\u0142atnego parkowania na podstawie starej uchwa\u0142y z 2008 roku &#8211; informowa\u0142 w kwietniu Zygmunt Frankiewicz. <\/p>\n<h3>Ju\u017c widzimy pierwsze efekty &#8211; ZDM og\u0142osi\u0142 przetarg na wykonanie dokumentacji ws. postawienia 89 parkomat\u00f3w.<\/h3>\n<p><!--more--><\/p>\n<p>Wed\u0142ug wst\u0119pnych plan\u00f3w, parkomaty mia\u0142yby znale\u017a\u0107 si\u0119 m.in. przy ulicach: Dubois, Fredry, Orlickiego, Barlickiego, Chudoby, Cz\u0119stochowskiej, K\u0142odnickiej czy <strong>Wyszy\u0144skiego<\/strong> (w pokazanym miejscu).<br \/>\n<img loading=\"lazy\" decoding=\"async\" src=\"http:\/\/www.24gliwice.pl\/wiadomosci\/wp-content\/uploads\/2012\/08\/parkomat-510x287.jpg\" alt=\"\" title=\"\" width=\"510\" height=\"287\" class=\"aligncenter size-medium wp-image-43963\" srcset=\"https:\/\/www.24gliwice.pl\/wiadomosci\/wp-content\/uploads\/2012\/08\/parkomat-510x287.jpg 510w, https:\/\/www.24gliwice.pl\/wiadomosci\/wp-content\/uploads\/2012\/08\/parkomat.jpg 660w\" sizes=\"auto, (max-width: 510px) 100vw, 510px\" \/><\/p><div class=\"gliwi-a3-w-tresci-artykulow gliwi-entity-placement\" id=\"gliwi-2793280397\"><div class=\"gliwi-adlabel\"><span style=\"font-size: 9px\">REKLAMA<\/span><\/div><div id=\"gliwi-3591881925\" style=\"margin-bottom: 30px;margin-left: auto;margin-right: auto;text-align: center;\"><a data-no-instant=\"1\" href=\"https:\/\/ogrodyandersa.pl\/\" rel=\"noopener\" class=\"a2t-link\" target=\"_blank\" aria-label=\"20260415 Ogrody Andersa KUP TERAZ D\"><img loading=\"lazy\" decoding=\"async\" src=\"https:\/\/www.24gliwice.pl\/wiadomosci\/wp-content\/uploads\/2026\/04\/20260415-Ogrody-Andersa-KUP-TERAZ-D.jpg\" alt=\"\"  srcset=\"https:\/\/www.24gliwice.pl\/wiadomosci\/wp-content\/uploads\/2026\/04\/20260415-Ogrody-Andersa-KUP-TERAZ-D.jpg 750w, https:\/\/www.24gliwice.pl\/wiadomosci\/wp-content\/uploads\/2026\/04\/20260415-Ogrody-Andersa-KUP-TERAZ-D-410x109.jpg 410w\" sizes=\"(max-width: 750px) 100vw, 750px\" class=\"no-lazyload\" width=\"750\" height=\"200\"  style=\"display: inline-block; max-width: 100%; height: auto;\" \/><\/a><\/div><\/div>\n<p>Wci\u0105\u017c nie wiadomo jednak z ca\u0142\u0105 pewno\u015bci\u0105, kt\u00f3ry projekt Stref P\u0142atnego Parkowania b\u0119dzie realizowany. Prezydent Gliwic zapowiada\u0142 wprowadzenie uchwa\u0142y z 2008 roku, przyj\u0119tej przez \u00f3wczesn\u0105 Rad\u0119 Miejsk\u0105. <\/p>\n<h3>Jednak ten projekt, jak przyznaje Zygmunt Frankiewicz, jest mniej korzystny dla kierowc\u00f3w.<\/h3>\n<p> Nowy, jego zdaniem lepszy, czterokrotnie pojawia\u0142 si\u0119 na sesji RM, jednak by\u0142 odrzucany lub odsy\u0142any w celu wprowadzenia poprawek.<\/p>\n<p>&#8211; Przygotowanie projekt\u00f3w np. na przy\u0142\u0105cza nie jest mo\u017cliwe &#8220;w ci\u0105gu tygodnia czy dw\u00f3ch&#8221; , dlatego chcemy zleci\u0107 takie zadanie ju\u017c teraz, aby mie\u0107 gotow\u0105 dokumentacj\u0119, gdyby jaki\u015b konsensus w sprawie realizacji SPP zosta\u0142 osi\u0105gni\u0119ty &#8211; informuje <strong>Jadwiga Jagie\u0142\u0142o-Stiborska<\/strong>, rzecznik prasowy ZDM.<\/p>\n<p>W por\u00f3wnaniu z nowym, &#8220;ulepszonym&#8221; projektem, uchwa\u0142a sprzed czterech lat zak\u0142ada m.in. mniej miejsc postojowych, pobieranie op\u0142at r\u00f3wnie\u017c w soboty oraz inne rozmieszczenie Stref P\u0142atnego Parkowania.<\/p>\n<div class=\"gliwi-a5-na-koncu-artykulow gliwi-entity-placement\" id=\"gliwi-2409943948\"><div class=\"gliwi-adlabel\"><span style=\"font-size: 9px\">REKLAMA<\/span><\/div><div id=\"gliwi-2239433626\" style=\"margin-left: auto;margin-right: auto;text-align: center;\"><a data-no-instant=\"1\" href=\"https:\/\/www.jasek.pl\/\" rel=\"noopener\" class=\"a2t-link\" target=\"_blank\" aria-label=\"20200401-jasek 600\"><img loading=\"lazy\" decoding=\"async\" src=\"https:\/\/www.24gliwice.pl\/wiadomosci\/wp-content\/uploads\/2020\/04\/20200401-jasek-600.jpg\" alt=\"\"  srcset=\"https:\/\/www.24gliwice.pl\/wiadomosci\/wp-content\/uploads\/2020\/04\/20200401-jasek-600.jpg 600w, https:\/\/www.24gliwice.pl\/wiadomosci\/wp-content\/uploads\/2020\/04\/20200401-jasek-600-410x109.jpg 410w\" sizes=\"(max-width: 600px) 100vw, 600px\" class=\"no-lazyload\" width=\"600\" height=\"160\"  style=\"display: inline-block; max-width: 100%; height: auto;\" \/><\/a><\/div><\/div>","protected":false},"excerpt":{"rendered":"<p>W GLIWICACH MA BY\u0106 PRAWIE 90 PARKOMAT\u00d3W<\/p>\n","protected":false},"author":9,"featured_media":43962,"comment_status":"open","ping_status":"closed","sticky":false,"template":"","format":"standard","meta":{"_monsterinsights_skip_tracking":false,"_monsterinsights_sitenote_active":false,"_monsterinsights_sitenote_note":"","_monsterinsights_sitenote_category":0,"footnotes":"","_links_to":"","_links_to_target":""},"categories":[3,1,9],"tags":[1248,1375,1713,394,716,1262,1377,1378,1819,1260,1817,1374,1348,1417,231,1394,205,29],"class_list":["post-43957","post","type-post","status-publish","format-standard","has-post-thumbnail","hentry","category-gliwice","category-wszystko","category-aktualnosci_lokalne","tag-aktualnosci-gliwice","tag-ile-za-parkowanie-gliwice","tag-info-gliwice","tag-informacje-z-gliwic","tag-jadwiga-jagiello-stiborska","tag-kiedy-platne-parkowanie","tag-parkomaty-gliwice","tag-parkometry-w-gliwicach","tag-parkowanie-w-gliwicach","tag-platne-parkowanie-gliwice","tag-spp-gliwice","tag-stawki-za-parkowanie-w-gliwicach","tag-strefy-parkowania-gliwice","tag-strefy-platnego-parkowania-gliwice","tag-wiadomosci-gliwice","tag-zarzad-drog-miejskich-gliwice","tag-zdm-gliwice","tag-zygmunt-frankiewicz"],"yoast_head":"<!-- This site is optimized with the Yoast SEO plugin v27.5 - https:\/\/yoast.com\/product\/yoast-seo-wordpress\/ -->\n<title>P\u0142atne parkowanie coraz bli\u017cej? ZDM planuje monta\u017c parkomat\u00f3w - 24GLIWICE - Portal Gliwice | codziennie nowe informacje<\/title>\n<meta name=\"robots\" content=\"index, follow, max-snippet:-1, max-image-preview:large, max-video-preview:-1\" \/>\n<link rel=\"canonical\" href=\"https:\/\/www.24gliwice.pl\/wiadomosci\/platne-parkowanie-coraz-blizej-zdm-planuje-montaz-parkomatow\/\" \/>\n<meta property=\"og:locale\" content=\"pl_PL\" \/>\n<meta property=\"og:type\" content=\"article\" \/>\n<meta property=\"og:title\" content=\"P\u0142atne parkowanie coraz bli\u017cej? ZDM planuje monta\u017c parkomat\u00f3w - 24GLIWICE - Portal Gliwice | codziennie nowe informacje\" \/>\n<meta property=\"og:description\" content=\"W GLIWICACH MA BY\u0106 PRAWIE 90 PARKOMAT\u00d3W\" \/>\n<meta property=\"og:url\" content=\"https:\/\/www.24gliwice.pl\/wiadomosci\/platne-parkowanie-coraz-blizej-zdm-planuje-montaz-parkomatow\/\" \/>\n<meta property=\"og:site_name\" content=\"24GLIWICE - Portal Gliwice | codziennie nowe informacje\" \/>\n<meta property=\"article:publisher\" content=\"https:\/\/www.facebook.com\/24gliwice\" \/>\n<meta property=\"article:published_time\" content=\"2012-08-02T13:59:45+00:00\" \/>\n<meta property=\"article:modified_time\" content=\"2012-08-02T15:09:54+00:00\" \/>\n<meta property=\"og:image\" content=\"https:\/\/www.24gliwice.pl\/wiadomosci\/wp-content\/uploads\/2012\/08\/parkowanie.jpg\" \/>\n\t<meta property=\"og:image:width\" content=\"660\" \/>\n\t<meta property=\"og:image:height\" content=\"372\" \/>\n\t<meta property=\"og:image:type\" content=\"image\/jpeg\" \/>\n<meta name=\"author\" content=\"Micha\u0142 Pac Pomarnacki\" \/>\n<meta name=\"twitter:card\" content=\"summary_large_image\" \/>\n<meta name=\"twitter:creator\" content=\"@24gliwice\" \/>\n<meta name=\"twitter:site\" content=\"@24gliwice\" \/>\n<meta name=\"twitter:label1\" content=\"Napisane przez\" \/>\n\t<meta name=\"twitter:data1\" content=\"Micha\u0142 Pac Pomarnacki\" \/>\n\t<meta name=\"twitter:label2\" content=\"Szacowany czas czytania\" \/>\n\t<meta name=\"twitter:data2\" content=\"1 minuta\" \/>\n<script type=\"application\/ld+json\" class=\"yoast-schema-graph\">{\"@context\":\"https:\\\/\\\/schema.org\",\"@graph\":[{\"@type\":\"Article\",\"@id\":\"https:\\\/\\\/www.24gliwice.pl\\\/wiadomosci\\\/platne-parkowanie-coraz-blizej-zdm-planuje-montaz-parkomatow\\\/#article\",\"isPartOf\":{\"@id\":\"https:\\\/\\\/www.24gliwice.pl\\\/wiadomosci\\\/platne-parkowanie-coraz-blizej-zdm-planuje-montaz-parkomatow\\\/\"},\"author\":{\"name\":\"Micha\u0142 Pac Pomarnacki\",\"@id\":\"https:\\\/\\\/www.24gliwice.pl\\\/wiadomosci\\\/#\\\/schema\\\/person\\\/e8da54997491e33627cd906831f36a5f\"},\"headline\":\"P\u0142atne parkowanie coraz bli\u017cej? ZDM planuje monta\u017c parkomat\u00f3w\",\"datePublished\":\"2012-08-02T13:59:45+00:00\",\"dateModified\":\"2012-08-02T15:09:54+00:00\",\"mainEntityOfPage\":{\"@id\":\"https:\\\/\\\/www.24gliwice.pl\\\/wiadomosci\\\/platne-parkowanie-coraz-blizej-zdm-planuje-montaz-parkomatow\\\/\"},\"wordCount\":236,\"commentCount\":0,\"publisher\":{\"@id\":\"https:\\\/\\\/www.24gliwice.pl\\\/wiadomosci\\\/#organization\"},\"image\":{\"@id\":\"https:\\\/\\\/www.24gliwice.pl\\\/wiadomosci\\\/platne-parkowanie-coraz-blizej-zdm-planuje-montaz-parkomatow\\\/#primaryimage\"},\"thumbnailUrl\":\"https:\\\/\\\/www.24gliwice.pl\\\/wiadomosci\\\/wp-content\\\/uploads\\\/2012\\\/08\\\/parkowanie.jpg\",\"keywords\":[\"AKTUALNO\u015aCI GLIWICE\",\"ILE ZA PARKOWANIE GLIWICE\",\"INFO GLIWICE\",\"INFORMACJE Z GLIWIC\",\"JADWIGA JAGIE\u0141\u0141O-STIBORSKA\",\"kiedy p\u0142atne parkowanie\",\"PARKOMATY GLIWICE\",\"PARKOMETRY W GLIWICACH\",\"parkowanie w gliwicach\",\"P\u0141ATNE PARKOWANIE GLIWICE\",\"spp gliwice\",\"STAWKI ZA PARKOWANIE W GLIWICACH\",\"strefy parkowania gliwice\",\"STREFY P\u0141ATNEGO PARKOWANIA GLIWICE\",\"WIADOMO\u015aCI GLIWICE\",\"ZARZ\u0104D DR\u00d3G MIEJSKICH GLIWICE\",\"ZDM GLIWICE\",\"ZYGMUNT FRANKIEWICZ\"],\"articleSection\":[\"Gliwice\",\"Najnowsze wiadomo\u015bci\",\"Portal Gliwice - Wiadomo\u015bci lokalne\"],\"inLanguage\":\"pl-PL\",\"potentialAction\":[{\"@type\":\"CommentAction\",\"name\":\"Comment\",\"target\":[\"https:\\\/\\\/www.24gliwice.pl\\\/wiadomosci\\\/platne-parkowanie-coraz-blizej-zdm-planuje-montaz-parkomatow\\\/#respond\"]}]},{\"@type\":\"WebPage\",\"@id\":\"https:\\\/\\\/www.24gliwice.pl\\\/wiadomosci\\\/platne-parkowanie-coraz-blizej-zdm-planuje-montaz-parkomatow\\\/\",\"url\":\"https:\\\/\\\/www.24gliwice.pl\\\/wiadomosci\\\/platne-parkowanie-coraz-blizej-zdm-planuje-montaz-parkomatow\\\/\",\"name\":\"P\u0142atne parkowanie coraz bli\u017cej? ZDM planuje monta\u017c parkomat\u00f3w - 24GLIWICE - Portal Gliwice | codziennie nowe informacje\",\"isPartOf\":{\"@id\":\"https:\\\/\\\/www.24gliwice.pl\\\/wiadomosci\\\/#website\"},\"primaryImageOfPage\":{\"@id\":\"https:\\\/\\\/www.24gliwice.pl\\\/wiadomosci\\\/platne-parkowanie-coraz-blizej-zdm-planuje-montaz-parkomatow\\\/#primaryimage\"},\"image\":{\"@id\":\"https:\\\/\\\/www.24gliwice.pl\\\/wiadomosci\\\/platne-parkowanie-coraz-blizej-zdm-planuje-montaz-parkomatow\\\/#primaryimage\"},\"thumbnailUrl\":\"https:\\\/\\\/www.24gliwice.pl\\\/wiadomosci\\\/wp-content\\\/uploads\\\/2012\\\/08\\\/parkowanie.jpg\",\"datePublished\":\"2012-08-02T13:59:45+00:00\",\"dateModified\":\"2012-08-02T15:09:54+00:00\",\"breadcrumb\":{\"@id\":\"https:\\\/\\\/www.24gliwice.pl\\\/wiadomosci\\\/platne-parkowanie-coraz-blizej-zdm-planuje-montaz-parkomatow\\\/#breadcrumb\"},\"inLanguage\":\"pl-PL\",\"potentialAction\":[{\"@type\":\"ReadAction\",\"target\":[\"https:\\\/\\\/www.24gliwice.pl\\\/wiadomosci\\\/platne-parkowanie-coraz-blizej-zdm-planuje-montaz-parkomatow\\\/\"]}]},{\"@type\":\"ImageObject\",\"inLanguage\":\"pl-PL\",\"@id\":\"https:\\\/\\\/www.24gliwice.pl\\\/wiadomosci\\\/platne-parkowanie-coraz-blizej-zdm-planuje-montaz-parkomatow\\\/#primaryimage\",\"url\":\"https:\\\/\\\/www.24gliwice.pl\\\/wiadomosci\\\/wp-content\\\/uploads\\\/2012\\\/08\\\/parkowanie.jpg\",\"contentUrl\":\"https:\\\/\\\/www.24gliwice.pl\\\/wiadomosci\\\/wp-content\\\/uploads\\\/2012\\\/08\\\/parkowanie.jpg\",\"width\":660,\"height\":372},{\"@type\":\"BreadcrumbList\",\"@id\":\"https:\\\/\\\/www.24gliwice.pl\\\/wiadomosci\\\/platne-parkowanie-coraz-blizej-zdm-planuje-montaz-parkomatow\\\/#breadcrumb\",\"itemListElement\":[{\"@type\":\"ListItem\",\"position\":1,\"name\":\"Strona g\u0142\u00f3wna\",\"item\":\"https:\\\/\\\/www.24gliwice.pl\\\/wiadomosci\\\/\"},{\"@type\":\"ListItem\",\"position\":2,\"name\":\"P\u0142atne parkowanie coraz bli\u017cej? ZDM planuje monta\u017c parkomat\u00f3w\"}]},{\"@type\":\"WebSite\",\"@id\":\"https:\\\/\\\/www.24gliwice.pl\\\/wiadomosci\\\/#website\",\"url\":\"https:\\\/\\\/www.24gliwice.pl\\\/wiadomosci\\\/\",\"name\":\"24GLIWICE - Portal Gliwice | codziennie nowe wiadomo\u015bci\",\"description\":\"Portal Miejski Gliwice\",\"publisher\":{\"@id\":\"https:\\\/\\\/www.24gliwice.pl\\\/wiadomosci\\\/#organization\"},\"potentialAction\":[{\"@type\":\"SearchAction\",\"target\":{\"@type\":\"EntryPoint\",\"urlTemplate\":\"https:\\\/\\\/www.24gliwice.pl\\\/wiadomosci\\\/?s={search_term_string}\"},\"query-input\":{\"@type\":\"PropertyValueSpecification\",\"valueRequired\":true,\"valueName\":\"search_term_string\"}}],\"inLanguage\":\"pl-PL\"},{\"@type\":\"Organization\",\"@id\":\"https:\\\/\\\/www.24gliwice.pl\\\/wiadomosci\\\/#organization\",\"name\":\"24gliwice\",\"url\":\"https:\\\/\\\/www.24gliwice.pl\\\/wiadomosci\\\/\",\"logo\":{\"@type\":\"ImageObject\",\"inLanguage\":\"pl-PL\",\"@id\":\"https:\\\/\\\/www.24gliwice.pl\\\/wiadomosci\\\/#\\\/schema\\\/logo\\\/image\\\/\",\"url\":\"https:\\\/\\\/www.24gliwice.pl\\\/wiadomosci\\\/wp-content\\\/uploads\\\/2024\\\/10\\\/24gliwice-logo-696.jpg\",\"contentUrl\":\"https:\\\/\\\/www.24gliwice.pl\\\/wiadomosci\\\/wp-content\\\/uploads\\\/2024\\\/10\\\/24gliwice-logo-696.jpg\",\"width\":696,\"height\":696,\"caption\":\"24gliwice\"},\"image\":{\"@id\":\"https:\\\/\\\/www.24gliwice.pl\\\/wiadomosci\\\/#\\\/schema\\\/logo\\\/image\\\/\"},\"sameAs\":[\"https:\\\/\\\/www.facebook.com\\\/24gliwice\",\"https:\\\/\\\/x.com\\\/24gliwice\",\"https:\\\/\\\/www.youtube.com\\\/@24gliwice\"]},{\"@type\":\"Person\",\"@id\":\"https:\\\/\\\/www.24gliwice.pl\\\/wiadomosci\\\/#\\\/schema\\\/person\\\/e8da54997491e33627cd906831f36a5f\",\"name\":\"Micha\u0142 Pac Pomarnacki\",\"image\":{\"@type\":\"ImageObject\",\"inLanguage\":\"pl-PL\",\"@id\":\"https:\\\/\\\/secure.gravatar.com\\\/avatar\\\/343de11c8c9ab8b0043d7704e0a0177a62007e8bf59c5948e4e4495298a46f1b?s=96&d=mm&r=g\",\"url\":\"https:\\\/\\\/secure.gravatar.com\\\/avatar\\\/343de11c8c9ab8b0043d7704e0a0177a62007e8bf59c5948e4e4495298a46f1b?s=96&d=mm&r=g\",\"contentUrl\":\"https:\\\/\\\/secure.gravatar.com\\\/avatar\\\/343de11c8c9ab8b0043d7704e0a0177a62007e8bf59c5948e4e4495298a46f1b?s=96&d=mm&r=g\",\"caption\":\"Micha\u0142 Pac Pomarnacki\"},\"url\":\"https:\\\/\\\/www.24gliwice.pl\\\/wiadomosci\\\/author\\\/mpp\\\/\"}]}<\/script>\n<!-- \/ Yoast SEO plugin. -->","yoast_head_json":{"title":"P\u0142atne parkowanie coraz bli\u017cej? ZDM planuje monta\u017c parkomat\u00f3w - 24GLIWICE - Portal Gliwice | codziennie nowe informacje","robots":{"index":"index","follow":"follow","max-snippet":"max-snippet:-1","max-image-preview":"max-image-preview:large","max-video-preview":"max-video-preview:-1"},"canonical":"https:\/\/www.24gliwice.pl\/wiadomosci\/platne-parkowanie-coraz-blizej-zdm-planuje-montaz-parkomatow\/","og_locale":"pl_PL","og_type":"article","og_title":"P\u0142atne parkowanie coraz bli\u017cej? ZDM planuje monta\u017c parkomat\u00f3w - 24GLIWICE - Portal Gliwice | codziennie nowe informacje","og_description":"W GLIWICACH MA BY\u0106 PRAWIE 90 PARKOMAT\u00d3W","og_url":"https:\/\/www.24gliwice.pl\/wiadomosci\/platne-parkowanie-coraz-blizej-zdm-planuje-montaz-parkomatow\/","og_site_name":"24GLIWICE - Portal Gliwice | codziennie nowe informacje","article_publisher":"https:\/\/www.facebook.com\/24gliwice","article_published_time":"2012-08-02T13:59:45+00:00","article_modified_time":"2012-08-02T15:09:54+00:00","og_image":[{"width":660,"height":372,"url":"https:\/\/www.24gliwice.pl\/wiadomosci\/wp-content\/uploads\/2012\/08\/parkowanie.jpg","type":"image\/jpeg"}],"author":"Micha\u0142 Pac Pomarnacki","twitter_card":"summary_large_image","twitter_creator":"@24gliwice","twitter_site":"@24gliwice","twitter_misc":{"Napisane przez":"Micha\u0142 Pac Pomarnacki","Szacowany czas czytania":"1 minuta"},"schema":{"@context":"https:\/\/schema.org","@graph":[{"@type":"Article","@id":"https:\/\/www.24gliwice.pl\/wiadomosci\/platne-parkowanie-coraz-blizej-zdm-planuje-montaz-parkomatow\/#article","isPartOf":{"@id":"https:\/\/www.24gliwice.pl\/wiadomosci\/platne-parkowanie-coraz-blizej-zdm-planuje-montaz-parkomatow\/"},"author":{"name":"Micha\u0142 Pac Pomarnacki","@id":"https:\/\/www.24gliwice.pl\/wiadomosci\/#\/schema\/person\/e8da54997491e33627cd906831f36a5f"},"headline":"P\u0142atne parkowanie coraz bli\u017cej? ZDM planuje monta\u017c parkomat\u00f3w","datePublished":"2012-08-02T13:59:45+00:00","dateModified":"2012-08-02T15:09:54+00:00","mainEntityOfPage":{"@id":"https:\/\/www.24gliwice.pl\/wiadomosci\/platne-parkowanie-coraz-blizej-zdm-planuje-montaz-parkomatow\/"},"wordCount":236,"commentCount":0,"publisher":{"@id":"https:\/\/www.24gliwice.pl\/wiadomosci\/#organization"},"image":{"@id":"https:\/\/www.24gliwice.pl\/wiadomosci\/platne-parkowanie-coraz-blizej-zdm-planuje-montaz-parkomatow\/#primaryimage"},"thumbnailUrl":"https:\/\/www.24gliwice.pl\/wiadomosci\/wp-content\/uploads\/2012\/08\/parkowanie.jpg","keywords":["AKTUALNO\u015aCI GLIWICE","ILE ZA PARKOWANIE GLIWICE","INFO GLIWICE","INFORMACJE Z GLIWIC","JADWIGA JAGIE\u0141\u0141O-STIBORSKA","kiedy p\u0142atne parkowanie","PARKOMATY GLIWICE","PARKOMETRY W GLIWICACH","parkowanie w gliwicach","P\u0141ATNE PARKOWANIE GLIWICE","spp gliwice","STAWKI ZA PARKOWANIE W GLIWICACH","strefy parkowania gliwice","STREFY P\u0141ATNEGO PARKOWANIA GLIWICE","WIADOMO\u015aCI GLIWICE","ZARZ\u0104D DR\u00d3G MIEJSKICH GLIWICE","ZDM GLIWICE","ZYGMUNT FRANKIEWICZ"],"articleSection":["Gliwice","Najnowsze wiadomo\u015bci","Portal Gliwice - Wiadomo\u015bci lokalne"],"inLanguage":"pl-PL","potentialAction":[{"@type":"CommentAction","name":"Comment","target":["https:\/\/www.24gliwice.pl\/wiadomosci\/platne-parkowanie-coraz-blizej-zdm-planuje-montaz-parkomatow\/#respond"]}]},{"@type":"WebPage","@id":"https:\/\/www.24gliwice.pl\/wiadomosci\/platne-parkowanie-coraz-blizej-zdm-planuje-montaz-parkomatow\/","url":"https:\/\/www.24gliwice.pl\/wiadomosci\/platne-parkowanie-coraz-blizej-zdm-planuje-montaz-parkomatow\/","name":"P\u0142atne parkowanie coraz bli\u017cej? ZDM planuje monta\u017c parkomat\u00f3w - 24GLIWICE - Portal Gliwice | codziennie nowe informacje","isPartOf":{"@id":"https:\/\/www.24gliwice.pl\/wiadomosci\/#website"},"primaryImageOfPage":{"@id":"https:\/\/www.24gliwice.pl\/wiadomosci\/platne-parkowanie-coraz-blizej-zdm-planuje-montaz-parkomatow\/#primaryimage"},"image":{"@id":"https:\/\/www.24gliwice.pl\/wiadomosci\/platne-parkowanie-coraz-blizej-zdm-planuje-montaz-parkomatow\/#primaryimage"},"thumbnailUrl":"https:\/\/www.24gliwice.pl\/wiadomosci\/wp-content\/uploads\/2012\/08\/parkowanie.jpg","datePublished":"2012-08-02T13:59:45+00:00","dateModified":"2012-08-02T15:09:54+00:00","breadcrumb":{"@id":"https:\/\/www.24gliwice.pl\/wiadomosci\/platne-parkowanie-coraz-blizej-zdm-planuje-montaz-parkomatow\/#breadcrumb"},"inLanguage":"pl-PL","potentialAction":[{"@type":"ReadAction","target":["https:\/\/www.24gliwice.pl\/wiadomosci\/platne-parkowanie-coraz-blizej-zdm-planuje-montaz-parkomatow\/"]}]},{"@type":"ImageObject","inLanguage":"pl-PL","@id":"https:\/\/www.24gliwice.pl\/wiadomosci\/platne-parkowanie-coraz-blizej-zdm-planuje-montaz-parkomatow\/#primaryimage","url":"https:\/\/www.24gliwice.pl\/wiadomosci\/wp-content\/uploads\/2012\/08\/parkowanie.jpg","contentUrl":"https:\/\/www.24gliwice.pl\/wiadomosci\/wp-content\/uploads\/2012\/08\/parkowanie.jpg","width":660,"height":372},{"@type":"BreadcrumbList","@id":"https:\/\/www.24gliwice.pl\/wiadomosci\/platne-parkowanie-coraz-blizej-zdm-planuje-montaz-parkomatow\/#breadcrumb","itemListElement":[{"@type":"ListItem","position":1,"name":"Strona g\u0142\u00f3wna","item":"https:\/\/www.24gliwice.pl\/wiadomosci\/"},{"@type":"ListItem","position":2,"name":"P\u0142atne parkowanie coraz bli\u017cej? ZDM planuje monta\u017c parkomat\u00f3w"}]},{"@type":"WebSite","@id":"https:\/\/www.24gliwice.pl\/wiadomosci\/#website","url":"https:\/\/www.24gliwice.pl\/wiadomosci\/","name":"24GLIWICE - Portal Gliwice | codziennie nowe wiadomo\u015bci","description":"Portal Miejski Gliwice","publisher":{"@id":"https:\/\/www.24gliwice.pl\/wiadomosci\/#organization"},"potentialAction":[{"@type":"SearchAction","target":{"@type":"EntryPoint","urlTemplate":"https:\/\/www.24gliwice.pl\/wiadomosci\/?s={search_term_string}"},"query-input":{"@type":"PropertyValueSpecification","valueRequired":true,"valueName":"search_term_string"}}],"inLanguage":"pl-PL"},{"@type":"Organization","@id":"https:\/\/www.24gliwice.pl\/wiadomosci\/#organization","name":"24gliwice","url":"https:\/\/www.24gliwice.pl\/wiadomosci\/","logo":{"@type":"ImageObject","inLanguage":"pl-PL","@id":"https:\/\/www.24gliwice.pl\/wiadomosci\/#\/schema\/logo\/image\/","url":"https:\/\/www.24gliwice.pl\/wiadomosci\/wp-content\/uploads\/2024\/10\/24gliwice-logo-696.jpg","contentUrl":"https:\/\/www.24gliwice.pl\/wiadomosci\/wp-content\/uploads\/2024\/10\/24gliwice-logo-696.jpg","width":696,"height":696,"caption":"24gliwice"},"image":{"@id":"https:\/\/www.24gliwice.pl\/wiadomosci\/#\/schema\/logo\/image\/"},"sameAs":["https:\/\/www.facebook.com\/24gliwice","https:\/\/x.com\/24gliwice","https:\/\/www.youtube.com\/@24gliwice"]},{"@type":"Person","@id":"https:\/\/www.24gliwice.pl\/wiadomosci\/#\/schema\/person\/e8da54997491e33627cd906831f36a5f","name":"Micha\u0142 Pac Pomarnacki","image":{"@type":"ImageObject","inLanguage":"pl-PL","@id":"https:\/\/secure.gravatar.com\/avatar\/343de11c8c9ab8b0043d7704e0a0177a62007e8bf59c5948e4e4495298a46f1b?s=96&d=mm&r=g","url":"https:\/\/secure.gravatar.com\/avatar\/343de11c8c9ab8b0043d7704e0a0177a62007e8bf59c5948e4e4495298a46f1b?s=96&d=mm&r=g","contentUrl":"https:\/\/secure.gravatar.com\/avatar\/343de11c8c9ab8b0043d7704e0a0177a62007e8bf59c5948e4e4495298a46f1b?s=96&d=mm&r=g","caption":"Micha\u0142 Pac Pomarnacki"},"url":"https:\/\/www.24gliwice.pl\/wiadomosci\/author\/mpp\/"}]}},"_links":{"self":[{"href":"https:\/\/www.24gliwice.pl\/wiadomosci\/wp-json\/wp\/v2\/posts\/43957","targetHints":{"allow":["GET"]}}],"collection":[{"href":"https:\/\/www.24gliwice.pl\/wiadomosci\/wp-json\/wp\/v2\/posts"}],"about":[{"href":"https:\/\/www.24gliwice.pl\/wiadomosci\/wp-json\/wp\/v2\/types\/post"}],"author":[{"embeddable":true,"href":"https:\/\/www.24gliwice.pl\/wiadomosci\/wp-json\/wp\/v2\/users\/9"}],"replies":[{"embeddable":true,"href":"https:\/\/www.24gliwice.pl\/wiadomosci\/wp-json\/wp\/v2\/comments?post=43957"}],"version-history":[{"count":0,"href":"https:\/\/www.24gliwice.pl\/wiadomosci\/wp-json\/wp\/v2\/posts\/43957\/revisions"}],"wp:featuredmedia":[{"embeddable":true,"href":"https:\/\/www.24gliwice.pl\/wiadomosci\/wp-json\/wp\/v2\/media\/43962"}],"wp:attachment":[{"href":"https:\/\/www.24gliwice.pl\/wiadomosci\/wp-json\/wp\/v2\/media?parent=43957"}],"wp:term":[{"taxonomy":"category","embeddable":true,"href":"https:\/\/www.24gliwice.pl\/wiadomosci\/wp-json\/wp\/v2\/categories?post=43957"},{"taxonomy":"post_tag","embeddable":true,"href":"https:\/\/www.24gliwice.pl\/wiadomosci\/wp-json\/wp\/v2\/tags?post=43957"}],"curies":[{"name":"wp","href":"https:\/\/api.w.org\/{rel}","templated":true}]}}