{"id":46850,"date":"2012-11-07T19:32:25","date_gmt":"2012-11-07T18:32:25","guid":{"rendered":"http:\/\/www.24gliwice.pl\/wiadomosci\/?p=46850"},"modified":"2012-11-07T19:38:12","modified_gmt":"2012-11-07T18:38:12","slug":"skad-w-xix-wieku-czerpano-wiedze-o-modzie-dowiedz-sie-na-wykladzie-w-muzeum-tv","status":"publish","type":"post","link":"https:\/\/www.24gliwice.pl\/wiadomosci\/skad-w-xix-wieku-czerpano-wiedze-o-modzie-dowiedz-sie-na-wykladzie-w-muzeum-tv\/","title":{"rendered":"Co czyta\u0142y gliwickie prababki w XIX wieku? Muzeum zaprasza na wyk\u0142ad (TV)"},"content":{"rendered":"<div class=\"gliwi-a6-nad-leadem-artykulow gliwi-entity-placement\" id=\"gliwi-2008206809\"><div class=\"gliwi-adlabel\"><span style=\"font-size: 9px\">REKLAMA<\/span><\/div><div id=\"gliwi-3156598047\" style=\"margin-bottom: 25px;margin-left: auto;margin-right: auto;text-align: center;\"><a data-no-instant=\"1\" href=\"https:\/\/dom100.eu\/\" rel=\"noopener\" class=\"a2t-link\" target=\"_blank\" aria-label=\"20260415 DOM100 D\"><img loading=\"lazy\" decoding=\"async\" src=\"https:\/\/www.24gliwice.pl\/wiadomosci\/wp-content\/uploads\/2026\/04\/20260415-DOM100-D.jpg\" alt=\"\"  srcset=\"https:\/\/www.24gliwice.pl\/wiadomosci\/wp-content\/uploads\/2026\/04\/20260415-DOM100-D.jpg 750w, https:\/\/www.24gliwice.pl\/wiadomosci\/wp-content\/uploads\/2026\/04\/20260415-DOM100-D-410x109.jpg 410w\" sizes=\"(max-width: 750px) 100vw, 750px\" class=\"no-lazyload\" width=\"750\" height=\"200\"  style=\"display: inline-block; max-width: 100%; height: auto;\" \/><\/a><\/div><\/div><p><img loading=\"lazy\" decoding=\"async\" src=\"http:\/\/www.24gliwice.pl\/wiadomosci\/wp-content\/uploads\/2012\/11\/blizej-przeszlosci-fot-z-archiwum-muzeum-w-gliwicach-3-501x300.jpg\" alt=\"\" title=\"\" width=\"510\" height=\"300\" class=\"aligncenter size-medium wp-image-46853\" \/>Ile fa\u0142d powinno by\u0107 na sp\u00f3dnicy, co aktualnie ubiera si\u0119 w Pary\u017cu wychodz\u0105c do opery&#8230; i przede wszystkim, gdzie znale\u017a\u0107 wz\u00f3r na ?pieska do obcierania pi\u00f3r?? Takich informacji nasze modne prababki szuka\u0142y w gazetach&#8230; <!--more--><\/p>\n[flashvideo file=&#8221;http:\/\/24gliwice.pl\/tv\/20121106_muzeum.flv&#8221; \/]Realizacja: \u0141ukasz Gawin.<\/p>\n<blockquote><p>Bli\u017cej przesz\u0142o\u015bci: Vouge w XIX wieku &#8211; co czyta\u0142y modne gliwickie prababki? &#8211; <strong>wyk\u0142ad Joanny Puchalik ? historyk Muzeum w Gliwicach ju\u017c 9 listopada w Willi Caro, pocz\u0105tek o godz. 17.00<\/strong>. Wst\u0119p wolny. <\/p><\/blockquote>\n<div class=\"gliwi-a5-na-koncu-artykulow gliwi-entity-placement\" id=\"gliwi-904300636\"><div class=\"gliwi-adlabel\"><span style=\"font-size: 9px\">REKLAMA<\/span><\/div><div id=\"gliwi-273369813\" style=\"margin-left: auto;margin-right: auto;text-align: center;\"><a data-no-instant=\"1\" href=\"https:\/\/www.jasek.pl\/\" rel=\"noopener\" class=\"a2t-link\" target=\"_blank\" aria-label=\"20200401-jasek 600\"><img loading=\"lazy\" decoding=\"async\" src=\"https:\/\/www.24gliwice.pl\/wiadomosci\/wp-content\/uploads\/2020\/04\/20200401-jasek-600.jpg\" alt=\"\"  srcset=\"https:\/\/www.24gliwice.pl\/wiadomosci\/wp-content\/uploads\/2020\/04\/20200401-jasek-600.jpg 600w, https:\/\/www.24gliwice.pl\/wiadomosci\/wp-content\/uploads\/2020\/04\/20200401-jasek-600-410x109.jpg 410w\" sizes=\"(max-width: 600px) 100vw, 600px\" class=\"no-lazyload\" width=\"600\" height=\"160\"  style=\"display: inline-block; max-width: 100%; height: auto;\" \/><\/a><\/div><\/div>","protected":false},"excerpt":{"rendered":"<p>WYK\u0141AD Z CYKLU &#8220;BLI\u017bEJ PRZESZ\u0141O\u015aCI&#8221; JU\u017b W PI\u0104TEK, 9 LISTOPADA<\/p>\n","protected":false},"author":3,"featured_media":69931,"comment_status":"open","ping_status":"closed","sticky":false,"template":"","format":"standard","meta":{"_monsterinsights_skip_tracking":false,"_monsterinsights_sitenote_active":false,"_monsterinsights_sitenote_note":"","_monsterinsights_sitenote_category":0,"footnotes":"","_links_to":"","_links_to_target":""},"categories":[3,6,4],"tags":[3392],"class_list":["post-46850","post","type-post","status-publish","format-standard","has-post-thumbnail","hentry","category-gliwice","category-kultura","category-telewizja-gliwice","tag-blizej-przeszlosci"],"yoast_head":"<!-- This site is optimized with the Yoast SEO plugin v27.5 - https:\/\/yoast.com\/product\/yoast-seo-wordpress\/ -->\n<title>Co czyta\u0142y gliwickie prababki w XIX wieku? Muzeum zaprasza na wyk\u0142ad (TV) - 24GLIWICE - Portal Gliwice | codziennie nowe informacje<\/title>\n<meta name=\"robots\" content=\"index, follow, max-snippet:-1, max-image-preview:large, max-video-preview:-1\" \/>\n<link rel=\"canonical\" href=\"https:\/\/www.24gliwice.pl\/wiadomosci\/skad-w-xix-wieku-czerpano-wiedze-o-modzie-dowiedz-sie-na-wykladzie-w-muzeum-tv\/\" \/>\n<meta property=\"og:locale\" content=\"pl_PL\" \/>\n<meta property=\"og:type\" content=\"article\" \/>\n<meta property=\"og:title\" content=\"Co czyta\u0142y gliwickie prababki w XIX wieku? Muzeum zaprasza na wyk\u0142ad (TV) - 24GLIWICE - Portal Gliwice | codziennie nowe informacje\" \/>\n<meta property=\"og:description\" content=\"WYK\u0141AD Z CYKLU &quot;BLI\u017bEJ PRZESZ\u0141O\u015aCI&quot; JU\u017b W PI\u0104TEK, 9 LISTOPADA\" \/>\n<meta property=\"og:url\" content=\"https:\/\/www.24gliwice.pl\/wiadomosci\/skad-w-xix-wieku-czerpano-wiedze-o-modzie-dowiedz-sie-na-wykladzie-w-muzeum-tv\/\" \/>\n<meta property=\"og:site_name\" content=\"24GLIWICE - Portal Gliwice | codziennie nowe informacje\" \/>\n<meta property=\"article:publisher\" content=\"https:\/\/www.facebook.com\/24gliwice\" \/>\n<meta property=\"article:published_time\" content=\"2012-11-07T18:32:25+00:00\" \/>\n<meta property=\"article:modified_time\" content=\"2012-11-07T18:38:12+00:00\" \/>\n<meta property=\"og:image\" content=\"https:\/\/www.24gliwice.pl\/wiadomosci\/wp-content\/uploads\/2015\/05\/blizej-przeszlosci-fot-z-archiwum-muzeum-w-gliwicach-3-501x300.jpg\" \/>\n\t<meta property=\"og:image:width\" content=\"501\" \/>\n\t<meta property=\"og:image:height\" content=\"300\" \/>\n\t<meta property=\"og:image:type\" content=\"image\/jpeg\" \/>\n<meta name=\"author\" content=\"Katarzyna Klimek\" \/>\n<meta name=\"twitter:card\" content=\"summary_large_image\" \/>\n<meta name=\"twitter:creator\" content=\"@24gliwice\" \/>\n<meta name=\"twitter:site\" content=\"@24gliwice\" \/>\n<meta name=\"twitter:label1\" content=\"Napisane przez\" \/>\n\t<meta name=\"twitter:data1\" content=\"Katarzyna Klimek\" \/>\n<script type=\"application\/ld+json\" class=\"yoast-schema-graph\">{\"@context\":\"https:\\\/\\\/schema.org\",\"@graph\":[{\"@type\":\"Article\",\"@id\":\"https:\\\/\\\/www.24gliwice.pl\\\/wiadomosci\\\/skad-w-xix-wieku-czerpano-wiedze-o-modzie-dowiedz-sie-na-wykladzie-w-muzeum-tv\\\/#article\",\"isPartOf\":{\"@id\":\"https:\\\/\\\/www.24gliwice.pl\\\/wiadomosci\\\/skad-w-xix-wieku-czerpano-wiedze-o-modzie-dowiedz-sie-na-wykladzie-w-muzeum-tv\\\/\"},\"author\":{\"name\":\"Katarzyna Klimek\",\"@id\":\"https:\\\/\\\/www.24gliwice.pl\\\/wiadomosci\\\/#\\\/schema\\\/person\\\/6fa34a382e15505e9fd3144bfc019ec1\"},\"headline\":\"Co czyta\u0142y gliwickie prababki w XIX wieku? Muzeum zaprasza na wyk\u0142ad (TV)\",\"datePublished\":\"2012-11-07T18:32:25+00:00\",\"dateModified\":\"2012-11-07T18:38:12+00:00\",\"mainEntityOfPage\":{\"@id\":\"https:\\\/\\\/www.24gliwice.pl\\\/wiadomosci\\\/skad-w-xix-wieku-czerpano-wiedze-o-modzie-dowiedz-sie-na-wykladzie-w-muzeum-tv\\\/\"},\"wordCount\":103,\"commentCount\":0,\"publisher\":{\"@id\":\"https:\\\/\\\/www.24gliwice.pl\\\/wiadomosci\\\/#organization\"},\"image\":{\"@id\":\"https:\\\/\\\/www.24gliwice.pl\\\/wiadomosci\\\/skad-w-xix-wieku-czerpano-wiedze-o-modzie-dowiedz-sie-na-wykladzie-w-muzeum-tv\\\/#primaryimage\"},\"thumbnailUrl\":\"https:\\\/\\\/www.24gliwice.pl\\\/wiadomosci\\\/wp-content\\\/uploads\\\/2015\\\/05\\\/blizej-przeszlosci-fot-z-archiwum-muzeum-w-gliwicach-3-501x300.jpg\",\"keywords\":[\"bli\u017cej przesz\u0142o\u015bci\"],\"articleSection\":[\"Gliwice\",\"Kultura, wydarzenia, imprezy\",\"Telewizja, materia\u0142y wideo\"],\"inLanguage\":\"pl-PL\",\"potentialAction\":[{\"@type\":\"CommentAction\",\"name\":\"Comment\",\"target\":[\"https:\\\/\\\/www.24gliwice.pl\\\/wiadomosci\\\/skad-w-xix-wieku-czerpano-wiedze-o-modzie-dowiedz-sie-na-wykladzie-w-muzeum-tv\\\/#respond\"]}]},{\"@type\":\"WebPage\",\"@id\":\"https:\\\/\\\/www.24gliwice.pl\\\/wiadomosci\\\/skad-w-xix-wieku-czerpano-wiedze-o-modzie-dowiedz-sie-na-wykladzie-w-muzeum-tv\\\/\",\"url\":\"https:\\\/\\\/www.24gliwice.pl\\\/wiadomosci\\\/skad-w-xix-wieku-czerpano-wiedze-o-modzie-dowiedz-sie-na-wykladzie-w-muzeum-tv\\\/\",\"name\":\"Co czyta\u0142y gliwickie prababki w XIX wieku? Muzeum zaprasza na wyk\u0142ad (TV) - 24GLIWICE - Portal Gliwice | codziennie nowe informacje\",\"isPartOf\":{\"@id\":\"https:\\\/\\\/www.24gliwice.pl\\\/wiadomosci\\\/#website\"},\"primaryImageOfPage\":{\"@id\":\"https:\\\/\\\/www.24gliwice.pl\\\/wiadomosci\\\/skad-w-xix-wieku-czerpano-wiedze-o-modzie-dowiedz-sie-na-wykladzie-w-muzeum-tv\\\/#primaryimage\"},\"image\":{\"@id\":\"https:\\\/\\\/www.24gliwice.pl\\\/wiadomosci\\\/skad-w-xix-wieku-czerpano-wiedze-o-modzie-dowiedz-sie-na-wykladzie-w-muzeum-tv\\\/#primaryimage\"},\"thumbnailUrl\":\"https:\\\/\\\/www.24gliwice.pl\\\/wiadomosci\\\/wp-content\\\/uploads\\\/2015\\\/05\\\/blizej-przeszlosci-fot-z-archiwum-muzeum-w-gliwicach-3-501x300.jpg\",\"datePublished\":\"2012-11-07T18:32:25+00:00\",\"dateModified\":\"2012-11-07T18:38:12+00:00\",\"breadcrumb\":{\"@id\":\"https:\\\/\\\/www.24gliwice.pl\\\/wiadomosci\\\/skad-w-xix-wieku-czerpano-wiedze-o-modzie-dowiedz-sie-na-wykladzie-w-muzeum-tv\\\/#breadcrumb\"},\"inLanguage\":\"pl-PL\",\"potentialAction\":[{\"@type\":\"ReadAction\",\"target\":[\"https:\\\/\\\/www.24gliwice.pl\\\/wiadomosci\\\/skad-w-xix-wieku-czerpano-wiedze-o-modzie-dowiedz-sie-na-wykladzie-w-muzeum-tv\\\/\"]}]},{\"@type\":\"ImageObject\",\"inLanguage\":\"pl-PL\",\"@id\":\"https:\\\/\\\/www.24gliwice.pl\\\/wiadomosci\\\/skad-w-xix-wieku-czerpano-wiedze-o-modzie-dowiedz-sie-na-wykladzie-w-muzeum-tv\\\/#primaryimage\",\"url\":\"https:\\\/\\\/www.24gliwice.pl\\\/wiadomosci\\\/wp-content\\\/uploads\\\/2015\\\/05\\\/blizej-przeszlosci-fot-z-archiwum-muzeum-w-gliwicach-3-501x300.jpg\",\"contentUrl\":\"https:\\\/\\\/www.24gliwice.pl\\\/wiadomosci\\\/wp-content\\\/uploads\\\/2015\\\/05\\\/blizej-przeszlosci-fot-z-archiwum-muzeum-w-gliwicach-3-501x300.jpg\",\"width\":501,\"height\":300},{\"@type\":\"BreadcrumbList\",\"@id\":\"https:\\\/\\\/www.24gliwice.pl\\\/wiadomosci\\\/skad-w-xix-wieku-czerpano-wiedze-o-modzie-dowiedz-sie-na-wykladzie-w-muzeum-tv\\\/#breadcrumb\",\"itemListElement\":[{\"@type\":\"ListItem\",\"position\":1,\"name\":\"Strona g\u0142\u00f3wna\",\"item\":\"https:\\\/\\\/www.24gliwice.pl\\\/wiadomosci\\\/\"},{\"@type\":\"ListItem\",\"position\":2,\"name\":\"Co czyta\u0142y gliwickie prababki w XIX wieku? Muzeum zaprasza na wyk\u0142ad (TV)\"}]},{\"@type\":\"WebSite\",\"@id\":\"https:\\\/\\\/www.24gliwice.pl\\\/wiadomosci\\\/#website\",\"url\":\"https:\\\/\\\/www.24gliwice.pl\\\/wiadomosci\\\/\",\"name\":\"24GLIWICE - Portal Gliwice | codziennie nowe wiadomo\u015bci\",\"description\":\"Portal Miejski Gliwice\",\"publisher\":{\"@id\":\"https:\\\/\\\/www.24gliwice.pl\\\/wiadomosci\\\/#organization\"},\"potentialAction\":[{\"@type\":\"SearchAction\",\"target\":{\"@type\":\"EntryPoint\",\"urlTemplate\":\"https:\\\/\\\/www.24gliwice.pl\\\/wiadomosci\\\/?s={search_term_string}\"},\"query-input\":{\"@type\":\"PropertyValueSpecification\",\"valueRequired\":true,\"valueName\":\"search_term_string\"}}],\"inLanguage\":\"pl-PL\"},{\"@type\":\"Organization\",\"@id\":\"https:\\\/\\\/www.24gliwice.pl\\\/wiadomosci\\\/#organization\",\"name\":\"24gliwice\",\"url\":\"https:\\\/\\\/www.24gliwice.pl\\\/wiadomosci\\\/\",\"logo\":{\"@type\":\"ImageObject\",\"inLanguage\":\"pl-PL\",\"@id\":\"https:\\\/\\\/www.24gliwice.pl\\\/wiadomosci\\\/#\\\/schema\\\/logo\\\/image\\\/\",\"url\":\"https:\\\/\\\/www.24gliwice.pl\\\/wiadomosci\\\/wp-content\\\/uploads\\\/2024\\\/10\\\/24gliwice-logo-696.jpg\",\"contentUrl\":\"https:\\\/\\\/www.24gliwice.pl\\\/wiadomosci\\\/wp-content\\\/uploads\\\/2024\\\/10\\\/24gliwice-logo-696.jpg\",\"width\":696,\"height\":696,\"caption\":\"24gliwice\"},\"image\":{\"@id\":\"https:\\\/\\\/www.24gliwice.pl\\\/wiadomosci\\\/#\\\/schema\\\/logo\\\/image\\\/\"},\"sameAs\":[\"https:\\\/\\\/www.facebook.com\\\/24gliwice\",\"https:\\\/\\\/x.com\\\/24gliwice\",\"https:\\\/\\\/www.youtube.com\\\/@24gliwice\"]},{\"@type\":\"Person\",\"@id\":\"https:\\\/\\\/www.24gliwice.pl\\\/wiadomosci\\\/#\\\/schema\\\/person\\\/6fa34a382e15505e9fd3144bfc019ec1\",\"name\":\"Katarzyna Klimek\",\"image\":{\"@type\":\"ImageObject\",\"inLanguage\":\"pl-PL\",\"@id\":\"https:\\\/\\\/secure.gravatar.com\\\/avatar\\\/4ca4dac2e1c6427b72985d71617758f5457e1e3e7ea8e035deebd4999cf0751c?s=96&d=mm&r=g\",\"url\":\"https:\\\/\\\/secure.gravatar.com\\\/avatar\\\/4ca4dac2e1c6427b72985d71617758f5457e1e3e7ea8e035deebd4999cf0751c?s=96&d=mm&r=g\",\"contentUrl\":\"https:\\\/\\\/secure.gravatar.com\\\/avatar\\\/4ca4dac2e1c6427b72985d71617758f5457e1e3e7ea8e035deebd4999cf0751c?s=96&d=mm&r=g\",\"caption\":\"Katarzyna Klimek\"},\"sameAs\":[\"http:\\\/\\\/gazeta-miejska.pl\"],\"url\":\"https:\\\/\\\/www.24gliwice.pl\\\/wiadomosci\\\/author\\\/kkowal\\\/\"}]}<\/script>\n<!-- \/ Yoast SEO plugin. -->","yoast_head_json":{"title":"Co czyta\u0142y gliwickie prababki w XIX wieku? Muzeum zaprasza na wyk\u0142ad (TV) - 24GLIWICE - Portal Gliwice | codziennie nowe informacje","robots":{"index":"index","follow":"follow","max-snippet":"max-snippet:-1","max-image-preview":"max-image-preview:large","max-video-preview":"max-video-preview:-1"},"canonical":"https:\/\/www.24gliwice.pl\/wiadomosci\/skad-w-xix-wieku-czerpano-wiedze-o-modzie-dowiedz-sie-na-wykladzie-w-muzeum-tv\/","og_locale":"pl_PL","og_type":"article","og_title":"Co czyta\u0142y gliwickie prababki w XIX wieku? Muzeum zaprasza na wyk\u0142ad (TV) - 24GLIWICE - Portal Gliwice | codziennie nowe informacje","og_description":"WYK\u0141AD Z CYKLU \"BLI\u017bEJ PRZESZ\u0141O\u015aCI\" JU\u017b W PI\u0104TEK, 9 LISTOPADA","og_url":"https:\/\/www.24gliwice.pl\/wiadomosci\/skad-w-xix-wieku-czerpano-wiedze-o-modzie-dowiedz-sie-na-wykladzie-w-muzeum-tv\/","og_site_name":"24GLIWICE - Portal Gliwice | codziennie nowe informacje","article_publisher":"https:\/\/www.facebook.com\/24gliwice","article_published_time":"2012-11-07T18:32:25+00:00","article_modified_time":"2012-11-07T18:38:12+00:00","og_image":[{"width":501,"height":300,"url":"https:\/\/www.24gliwice.pl\/wiadomosci\/wp-content\/uploads\/2015\/05\/blizej-przeszlosci-fot-z-archiwum-muzeum-w-gliwicach-3-501x300.jpg","type":"image\/jpeg"}],"author":"Katarzyna Klimek","twitter_card":"summary_large_image","twitter_creator":"@24gliwice","twitter_site":"@24gliwice","twitter_misc":{"Napisane przez":"Katarzyna Klimek"},"schema":{"@context":"https:\/\/schema.org","@graph":[{"@type":"Article","@id":"https:\/\/www.24gliwice.pl\/wiadomosci\/skad-w-xix-wieku-czerpano-wiedze-o-modzie-dowiedz-sie-na-wykladzie-w-muzeum-tv\/#article","isPartOf":{"@id":"https:\/\/www.24gliwice.pl\/wiadomosci\/skad-w-xix-wieku-czerpano-wiedze-o-modzie-dowiedz-sie-na-wykladzie-w-muzeum-tv\/"},"author":{"name":"Katarzyna Klimek","@id":"https:\/\/www.24gliwice.pl\/wiadomosci\/#\/schema\/person\/6fa34a382e15505e9fd3144bfc019ec1"},"headline":"Co czyta\u0142y gliwickie prababki w XIX wieku? Muzeum zaprasza na wyk\u0142ad (TV)","datePublished":"2012-11-07T18:32:25+00:00","dateModified":"2012-11-07T18:38:12+00:00","mainEntityOfPage":{"@id":"https:\/\/www.24gliwice.pl\/wiadomosci\/skad-w-xix-wieku-czerpano-wiedze-o-modzie-dowiedz-sie-na-wykladzie-w-muzeum-tv\/"},"wordCount":103,"commentCount":0,"publisher":{"@id":"https:\/\/www.24gliwice.pl\/wiadomosci\/#organization"},"image":{"@id":"https:\/\/www.24gliwice.pl\/wiadomosci\/skad-w-xix-wieku-czerpano-wiedze-o-modzie-dowiedz-sie-na-wykladzie-w-muzeum-tv\/#primaryimage"},"thumbnailUrl":"https:\/\/www.24gliwice.pl\/wiadomosci\/wp-content\/uploads\/2015\/05\/blizej-przeszlosci-fot-z-archiwum-muzeum-w-gliwicach-3-501x300.jpg","keywords":["bli\u017cej przesz\u0142o\u015bci"],"articleSection":["Gliwice","Kultura, wydarzenia, imprezy","Telewizja, materia\u0142y wideo"],"inLanguage":"pl-PL","potentialAction":[{"@type":"CommentAction","name":"Comment","target":["https:\/\/www.24gliwice.pl\/wiadomosci\/skad-w-xix-wieku-czerpano-wiedze-o-modzie-dowiedz-sie-na-wykladzie-w-muzeum-tv\/#respond"]}]},{"@type":"WebPage","@id":"https:\/\/www.24gliwice.pl\/wiadomosci\/skad-w-xix-wieku-czerpano-wiedze-o-modzie-dowiedz-sie-na-wykladzie-w-muzeum-tv\/","url":"https:\/\/www.24gliwice.pl\/wiadomosci\/skad-w-xix-wieku-czerpano-wiedze-o-modzie-dowiedz-sie-na-wykladzie-w-muzeum-tv\/","name":"Co czyta\u0142y gliwickie prababki w XIX wieku? Muzeum zaprasza na wyk\u0142ad (TV) - 24GLIWICE - Portal Gliwice | codziennie nowe informacje","isPartOf":{"@id":"https:\/\/www.24gliwice.pl\/wiadomosci\/#website"},"primaryImageOfPage":{"@id":"https:\/\/www.24gliwice.pl\/wiadomosci\/skad-w-xix-wieku-czerpano-wiedze-o-modzie-dowiedz-sie-na-wykladzie-w-muzeum-tv\/#primaryimage"},"image":{"@id":"https:\/\/www.24gliwice.pl\/wiadomosci\/skad-w-xix-wieku-czerpano-wiedze-o-modzie-dowiedz-sie-na-wykladzie-w-muzeum-tv\/#primaryimage"},"thumbnailUrl":"https:\/\/www.24gliwice.pl\/wiadomosci\/wp-content\/uploads\/2015\/05\/blizej-przeszlosci-fot-z-archiwum-muzeum-w-gliwicach-3-501x300.jpg","datePublished":"2012-11-07T18:32:25+00:00","dateModified":"2012-11-07T18:38:12+00:00","breadcrumb":{"@id":"https:\/\/www.24gliwice.pl\/wiadomosci\/skad-w-xix-wieku-czerpano-wiedze-o-modzie-dowiedz-sie-na-wykladzie-w-muzeum-tv\/#breadcrumb"},"inLanguage":"pl-PL","potentialAction":[{"@type":"ReadAction","target":["https:\/\/www.24gliwice.pl\/wiadomosci\/skad-w-xix-wieku-czerpano-wiedze-o-modzie-dowiedz-sie-na-wykladzie-w-muzeum-tv\/"]}]},{"@type":"ImageObject","inLanguage":"pl-PL","@id":"https:\/\/www.24gliwice.pl\/wiadomosci\/skad-w-xix-wieku-czerpano-wiedze-o-modzie-dowiedz-sie-na-wykladzie-w-muzeum-tv\/#primaryimage","url":"https:\/\/www.24gliwice.pl\/wiadomosci\/wp-content\/uploads\/2015\/05\/blizej-przeszlosci-fot-z-archiwum-muzeum-w-gliwicach-3-501x300.jpg","contentUrl":"https:\/\/www.24gliwice.pl\/wiadomosci\/wp-content\/uploads\/2015\/05\/blizej-przeszlosci-fot-z-archiwum-muzeum-w-gliwicach-3-501x300.jpg","width":501,"height":300},{"@type":"BreadcrumbList","@id":"https:\/\/www.24gliwice.pl\/wiadomosci\/skad-w-xix-wieku-czerpano-wiedze-o-modzie-dowiedz-sie-na-wykladzie-w-muzeum-tv\/#breadcrumb","itemListElement":[{"@type":"ListItem","position":1,"name":"Strona g\u0142\u00f3wna","item":"https:\/\/www.24gliwice.pl\/wiadomosci\/"},{"@type":"ListItem","position":2,"name":"Co czyta\u0142y gliwickie prababki w XIX wieku? Muzeum zaprasza na wyk\u0142ad (TV)"}]},{"@type":"WebSite","@id":"https:\/\/www.24gliwice.pl\/wiadomosci\/#website","url":"https:\/\/www.24gliwice.pl\/wiadomosci\/","name":"24GLIWICE - Portal Gliwice | codziennie nowe wiadomo\u015bci","description":"Portal Miejski Gliwice","publisher":{"@id":"https:\/\/www.24gliwice.pl\/wiadomosci\/#organization"},"potentialAction":[{"@type":"SearchAction","target":{"@type":"EntryPoint","urlTemplate":"https:\/\/www.24gliwice.pl\/wiadomosci\/?s={search_term_string}"},"query-input":{"@type":"PropertyValueSpecification","valueRequired":true,"valueName":"search_term_string"}}],"inLanguage":"pl-PL"},{"@type":"Organization","@id":"https:\/\/www.24gliwice.pl\/wiadomosci\/#organization","name":"24gliwice","url":"https:\/\/www.24gliwice.pl\/wiadomosci\/","logo":{"@type":"ImageObject","inLanguage":"pl-PL","@id":"https:\/\/www.24gliwice.pl\/wiadomosci\/#\/schema\/logo\/image\/","url":"https:\/\/www.24gliwice.pl\/wiadomosci\/wp-content\/uploads\/2024\/10\/24gliwice-logo-696.jpg","contentUrl":"https:\/\/www.24gliwice.pl\/wiadomosci\/wp-content\/uploads\/2024\/10\/24gliwice-logo-696.jpg","width":696,"height":696,"caption":"24gliwice"},"image":{"@id":"https:\/\/www.24gliwice.pl\/wiadomosci\/#\/schema\/logo\/image\/"},"sameAs":["https:\/\/www.facebook.com\/24gliwice","https:\/\/x.com\/24gliwice","https:\/\/www.youtube.com\/@24gliwice"]},{"@type":"Person","@id":"https:\/\/www.24gliwice.pl\/wiadomosci\/#\/schema\/person\/6fa34a382e15505e9fd3144bfc019ec1","name":"Katarzyna Klimek","image":{"@type":"ImageObject","inLanguage":"pl-PL","@id":"https:\/\/secure.gravatar.com\/avatar\/4ca4dac2e1c6427b72985d71617758f5457e1e3e7ea8e035deebd4999cf0751c?s=96&d=mm&r=g","url":"https:\/\/secure.gravatar.com\/avatar\/4ca4dac2e1c6427b72985d71617758f5457e1e3e7ea8e035deebd4999cf0751c?s=96&d=mm&r=g","contentUrl":"https:\/\/secure.gravatar.com\/avatar\/4ca4dac2e1c6427b72985d71617758f5457e1e3e7ea8e035deebd4999cf0751c?s=96&d=mm&r=g","caption":"Katarzyna Klimek"},"sameAs":["http:\/\/gazeta-miejska.pl"],"url":"https:\/\/www.24gliwice.pl\/wiadomosci\/author\/kkowal\/"}]}},"_links":{"self":[{"href":"https:\/\/www.24gliwice.pl\/wiadomosci\/wp-json\/wp\/v2\/posts\/46850","targetHints":{"allow":["GET"]}}],"collection":[{"href":"https:\/\/www.24gliwice.pl\/wiadomosci\/wp-json\/wp\/v2\/posts"}],"about":[{"href":"https:\/\/www.24gliwice.pl\/wiadomosci\/wp-json\/wp\/v2\/types\/post"}],"author":[{"embeddable":true,"href":"https:\/\/www.24gliwice.pl\/wiadomosci\/wp-json\/wp\/v2\/users\/3"}],"replies":[{"embeddable":true,"href":"https:\/\/www.24gliwice.pl\/wiadomosci\/wp-json\/wp\/v2\/comments?post=46850"}],"version-history":[{"count":0,"href":"https:\/\/www.24gliwice.pl\/wiadomosci\/wp-json\/wp\/v2\/posts\/46850\/revisions"}],"wp:featuredmedia":[{"embeddable":true,"href":"https:\/\/www.24gliwice.pl\/wiadomosci\/wp-json\/wp\/v2\/media\/69931"}],"wp:attachment":[{"href":"https:\/\/www.24gliwice.pl\/wiadomosci\/wp-json\/wp\/v2\/media?parent=46850"}],"wp:term":[{"taxonomy":"category","embeddable":true,"href":"https:\/\/www.24gliwice.pl\/wiadomosci\/wp-json\/wp\/v2\/categories?post=46850"},{"taxonomy":"post_tag","embeddable":true,"href":"https:\/\/www.24gliwice.pl\/wiadomosci\/wp-json\/wp\/v2\/tags?post=46850"}],"curies":[{"name":"wp","href":"https:\/\/api.w.org\/{rel}","templated":true}]}}