{"id":47385,"date":"2012-11-30T11:38:36","date_gmt":"2012-11-30T10:38:36","guid":{"rendered":"http:\/\/www.24gliwice.pl\/wiadomosci\/?p=47385"},"modified":"2012-11-30T12:23:47","modified_gmt":"2012-11-30T11:23:47","slug":"swiatecznie-w-muzeum-zobacz-co-ciekawego-przygotowano-w-tym-roku","status":"publish","type":"post","link":"https:\/\/www.24gliwice.pl\/wiadomosci\/swiatecznie-w-muzeum-zobacz-co-ciekawego-przygotowano-w-tym-roku\/","title":{"rendered":"\u015awi\u0105tecznie w Muzeum! Zobacz, co ciekawego przygotowano w tym roku"},"content":{"rendered":"<div class=\"gliwi-a6-nad-leadem-artykulow gliwi-entity-placement\" id=\"gliwi-1837890377\"><div class=\"gliwi-adlabel\"><span style=\"font-size: 9px\">REKLAMA<\/span><\/div><div id=\"gliwi-3463741422\" style=\"margin-bottom: 25px;margin-left: auto;margin-right: auto;text-align: center;\"><a data-no-instant=\"1\" href=\"https:\/\/dom100.eu\/\" rel=\"noopener\" class=\"a2t-link\" target=\"_blank\" aria-label=\"20260415 DOM100 D\"><img loading=\"lazy\" decoding=\"async\" src=\"https:\/\/www.24gliwice.pl\/wiadomosci\/wp-content\/uploads\/2026\/04\/20260415-DOM100-D.jpg\" alt=\"\"  srcset=\"https:\/\/www.24gliwice.pl\/wiadomosci\/wp-content\/uploads\/2026\/04\/20260415-DOM100-D.jpg 750w, https:\/\/www.24gliwice.pl\/wiadomosci\/wp-content\/uploads\/2026\/04\/20260415-DOM100-D-410x109.jpg 410w\" sizes=\"(max-width: 750px) 100vw, 750px\" class=\"no-lazyload\" width=\"750\" height=\"200\"  style=\"display: inline-block; max-width: 100%; height: auto;\" \/><\/a><\/div><\/div><p><H3><a href=\"http:\/\/www.24gliwice.pl\/wiadomosci\/wp-content\/uploads\/2012\/11\/sw1.jpg\"><img loading=\"lazy\" decoding=\"async\" src=\"http:\/\/www.24gliwice.pl\/wiadomosci\/wp-content\/uploads\/2012\/11\/sw1-510x286.jpg\" alt=\"\" title=\"sw1\" width=\"510\" height=\"286\" class=\"aligncenter size-medium wp-image-47400\" srcset=\"https:\/\/www.24gliwice.pl\/wiadomosci\/wp-content\/uploads\/2012\/11\/sw1-510x286.jpg 510w, https:\/\/www.24gliwice.pl\/wiadomosci\/wp-content\/uploads\/2012\/11\/sw1-600x337.jpg 600w, https:\/\/www.24gliwice.pl\/wiadomosci\/wp-content\/uploads\/2012\/11\/sw1.jpg 660w\" sizes=\"auto, (max-width: 510px) 100vw, 510px\" \/><\/a>Wielkimi krokami zbli\u017caj\u0105 si\u0119 \u015bwi\u0119ta Bo\u017cego Narodzenia.<\/H3> Muzeum w Gliwicach przygotowa\u0142o z tej w\u0142a\u015bnie okazji moc warsztat\u00f3w, zaj\u0119\u0107 i wydarze\u0144 inspirowanych rzemios\u0142em i sztuk\u0105 ludow\u0105. B\u0119dzie mo\u017cna wsp\u00f3lnie ubra\u0107 choink\u0119, samodzielnie wykona\u0107 ozdoby i dowiedzie\u0107 si\u0119 jaka jest historia kartki \u015bwi\u0105tecznej. <!--more--><\/p>\n[flashvideo file=&#8221;http:\/\/www.24gliwice.tv\/filmy\/2012_11\/20121129_muzeum.flv&#8221; \/]\n<p><H3>\u015awi\u0105teczne weekendy ? dla du\u017cych i ma\u0142ych:<\/H3><\/p>\n<p><strong>Sobota i niedziela &#8211; 1 i 2 grudnia, Willa Caro, godz. 11.00 ? 14.00:<\/strong><\/p>\n<p>Zaczyna si\u0119 od choinki  ? w sobot\u0119, pod okiem etnografa, wykonamy tradycyjne ozdoby \u015bwi\u0105teczne ? \u015bwiaty, pod\u0142a\u017aniczki  i paj\u0105ki ze s\u0142omy, w niedziel\u0119 ? razem z artystk\u0105 plastyk zdobi\u0107 b\u0119dziemy oryginalne, drewniane anio\u0142y.<\/p><div class=\"gliwi-a3-w-tresci-artykulow gliwi-entity-placement\" id=\"gliwi-1831936291\"><div class=\"gliwi-adlabel\"><span style=\"font-size: 9px\">REKLAMA<\/span><\/div><div id=\"gliwi-4171243982\" style=\"margin-bottom: 30px;margin-left: auto;margin-right: auto;text-align: center;\"><a data-no-instant=\"1\" href=\"https:\/\/zlobek.halogen.org.pl\/\" rel=\"noopener\" class=\"a2t-link\" target=\"_blank\" aria-label=\"animator-zlobek_750x200\"><img loading=\"lazy\" decoding=\"async\" src=\"https:\/\/www.24gliwice.pl\/wiadomosci\/wp-content\/uploads\/2026\/02\/animator-zlobek_750x200.webp\" alt=\"\"  srcset=\"https:\/\/www.24gliwice.pl\/wiadomosci\/wp-content\/uploads\/2026\/02\/animator-zlobek_750x200.webp 750w, https:\/\/www.24gliwice.pl\/wiadomosci\/wp-content\/uploads\/2026\/02\/animator-zlobek_750x200-410x109.webp 410w\" sizes=\"(max-width: 750px) 100vw, 750px\" class=\"no-lazyload\" width=\"750\" height=\"200\"  style=\"display: inline-block; max-width: 100%; height: auto;\" \/><\/a><\/div><\/div>\n<p><strong>Sobota, 8 grudnia, Willa Caro, godz. 10.00 &#8211; 12.00 oraz 14.00 -16.00<\/strong><\/p>\n<p>Wiklinowe choinki &#8211; warsztaty r\u0119kodzie\u0142a ? tworzenie z papierowej wikliny choinek i wie\u0144c\u00f3w \u015bwi\u0105tecznych.<\/p>\n<p><strong>Niedziela, 9 grudnia, Zamek Piastowski, godz. 12.00 oraz 14.00<\/strong><\/p>\n<p>Kr\u00f3tka historia bombki \u015bwi\u0105tecznej-  warsztaty dla rodzic\u00f3w z dzie\u0107mi w wieku szkolnym.<\/p>\n<p><strong>Zamek Piastowski, 6 grudnia, godz. 09.00, 10.30, 12.00<\/strong><\/p>\n<p>Obraz \u015bw. Miko\u0142aja w legendzie, historii i popkulturze ? dla uczni\u00f3w szko\u0142y podstawowej i gimnazjum.<\/p>\n<blockquote><p>Udzia\u0142 we wszelkich zaj\u0119ciach jest bezp\u0142atny, ze wzgl\u0119du na ograniczon\u0105 ilo\u015b\u0107 miejsc Muzeum prosi o uprzedni\u0105 rezerwacj\u0119 pod numerem telefonu: (32) 335 44 03.<\/p><\/blockquote>\n<div class=\"gliwi-a5-na-koncu-artykulow gliwi-entity-placement\" id=\"gliwi-1885985857\"><div class=\"gliwi-adlabel\"><span style=\"font-size: 9px\">REKLAMA<\/span><\/div><div id=\"gliwi-1942780021\" style=\"margin-left: auto;margin-right: auto;text-align: center;\"><a data-no-instant=\"1\" href=\"https:\/\/www.jasek.pl\/\" rel=\"noopener\" class=\"a2t-link\" target=\"_blank\" aria-label=\"20200401-jasek 600\"><img loading=\"lazy\" decoding=\"async\" src=\"https:\/\/www.24gliwice.pl\/wiadomosci\/wp-content\/uploads\/2020\/04\/20200401-jasek-600.jpg\" alt=\"\"  srcset=\"https:\/\/www.24gliwice.pl\/wiadomosci\/wp-content\/uploads\/2020\/04\/20200401-jasek-600.jpg 600w, https:\/\/www.24gliwice.pl\/wiadomosci\/wp-content\/uploads\/2020\/04\/20200401-jasek-600-410x109.jpg 410w\" sizes=\"(max-width: 600px) 100vw, 600px\" class=\"no-lazyload\" width=\"600\" height=\"160\"  style=\"display: inline-block; max-width: 100%; height: auto;\" \/><\/a><\/div><\/div>","protected":false},"excerpt":{"rendered":"<p>NA WSZYSTKIE ZAJ\u0118CIA JU\u017b MO\u017bNA SI\u0118 ZAPISYWA\u0106&#8230;<\/p>\n","protected":false},"author":3,"featured_media":69900,"comment_status":"open","ping_status":"closed","sticky":false,"template":"","format":"standard","meta":{"_monsterinsights_skip_tracking":false,"_monsterinsights_sitenote_active":false,"_monsterinsights_sitenote_note":"","_monsterinsights_sitenote_category":0,"footnotes":"","_links_to":"","_links_to_target":""},"categories":[3,6,1],"tags":[],"class_list":["post-47385","post","type-post","status-publish","format-standard","has-post-thumbnail","hentry","category-gliwice","category-kultura","category-wszystko"],"yoast_head":"<!-- This site is optimized with the Yoast SEO plugin v27.5 - https:\/\/yoast.com\/product\/yoast-seo-wordpress\/ -->\n<title>\u015awi\u0105tecznie w Muzeum! Zobacz, co ciekawego przygotowano w tym roku  - 24GLIWICE - Portal Gliwice | codziennie nowe informacje<\/title>\n<meta name=\"robots\" content=\"index, follow, max-snippet:-1, max-image-preview:large, max-video-preview:-1\" \/>\n<link rel=\"canonical\" href=\"https:\/\/www.24gliwice.pl\/wiadomosci\/swiatecznie-w-muzeum-zobacz-co-ciekawego-przygotowano-w-tym-roku\/\" \/>\n<meta property=\"og:locale\" content=\"pl_PL\" \/>\n<meta property=\"og:type\" content=\"article\" \/>\n<meta property=\"og:title\" content=\"\u015awi\u0105tecznie w Muzeum! Zobacz, co ciekawego przygotowano w tym roku  - 24GLIWICE - Portal Gliwice | codziennie nowe informacje\" \/>\n<meta property=\"og:description\" content=\"NA WSZYSTKIE ZAJ\u0118CIA JU\u017b MO\u017bNA SI\u0118 ZAPISYWA\u0106...\" \/>\n<meta property=\"og:url\" content=\"https:\/\/www.24gliwice.pl\/wiadomosci\/swiatecznie-w-muzeum-zobacz-co-ciekawego-przygotowano-w-tym-roku\/\" \/>\n<meta property=\"og:site_name\" content=\"24GLIWICE - Portal Gliwice | codziennie nowe informacje\" \/>\n<meta property=\"article:publisher\" content=\"https:\/\/www.facebook.com\/24gliwice\" \/>\n<meta property=\"article:published_time\" content=\"2012-11-30T10:38:36+00:00\" \/>\n<meta property=\"article:modified_time\" content=\"2012-11-30T11:23:47+00:00\" \/>\n<meta property=\"og:image\" content=\"https:\/\/www.24gliwice.pl\/wiadomosci\/wp-content\/uploads\/2015\/05\/sw1-510x286.jpg\" \/>\n\t<meta property=\"og:image:width\" content=\"510\" \/>\n\t<meta property=\"og:image:height\" content=\"286\" \/>\n\t<meta property=\"og:image:type\" content=\"image\/jpeg\" \/>\n<meta name=\"author\" content=\"Katarzyna Klimek\" \/>\n<meta name=\"twitter:card\" content=\"summary_large_image\" \/>\n<meta name=\"twitter:creator\" content=\"@24gliwice\" \/>\n<meta name=\"twitter:site\" content=\"@24gliwice\" \/>\n<meta name=\"twitter:label1\" content=\"Napisane przez\" \/>\n\t<meta name=\"twitter:data1\" content=\"Katarzyna Klimek\" \/>\n\t<meta name=\"twitter:label2\" content=\"Szacowany czas czytania\" \/>\n\t<meta name=\"twitter:data2\" content=\"1 minuta\" \/>\n<script type=\"application\/ld+json\" class=\"yoast-schema-graph\">{\"@context\":\"https:\\\/\\\/schema.org\",\"@graph\":[{\"@type\":\"Article\",\"@id\":\"https:\\\/\\\/www.24gliwice.pl\\\/wiadomosci\\\/swiatecznie-w-muzeum-zobacz-co-ciekawego-przygotowano-w-tym-roku\\\/#article\",\"isPartOf\":{\"@id\":\"https:\\\/\\\/www.24gliwice.pl\\\/wiadomosci\\\/swiatecznie-w-muzeum-zobacz-co-ciekawego-przygotowano-w-tym-roku\\\/\"},\"author\":{\"name\":\"Katarzyna Klimek\",\"@id\":\"https:\\\/\\\/www.24gliwice.pl\\\/wiadomosci\\\/#\\\/schema\\\/person\\\/6fa34a382e15505e9fd3144bfc019ec1\"},\"headline\":\"\u015awi\u0105tecznie w Muzeum! Zobacz, co ciekawego przygotowano w tym roku\",\"datePublished\":\"2012-11-30T10:38:36+00:00\",\"dateModified\":\"2012-11-30T11:23:47+00:00\",\"mainEntityOfPage\":{\"@id\":\"https:\\\/\\\/www.24gliwice.pl\\\/wiadomosci\\\/swiatecznie-w-muzeum-zobacz-co-ciekawego-przygotowano-w-tym-roku\\\/\"},\"wordCount\":220,\"commentCount\":0,\"publisher\":{\"@id\":\"https:\\\/\\\/www.24gliwice.pl\\\/wiadomosci\\\/#organization\"},\"image\":{\"@id\":\"https:\\\/\\\/www.24gliwice.pl\\\/wiadomosci\\\/swiatecznie-w-muzeum-zobacz-co-ciekawego-przygotowano-w-tym-roku\\\/#primaryimage\"},\"thumbnailUrl\":\"https:\\\/\\\/www.24gliwice.pl\\\/wiadomosci\\\/wp-content\\\/uploads\\\/2015\\\/05\\\/sw1-510x286.jpg\",\"articleSection\":[\"Gliwice\",\"Kultura, wydarzenia, imprezy\",\"Najnowsze wiadomo\u015bci\"],\"inLanguage\":\"pl-PL\",\"potentialAction\":[{\"@type\":\"CommentAction\",\"name\":\"Comment\",\"target\":[\"https:\\\/\\\/www.24gliwice.pl\\\/wiadomosci\\\/swiatecznie-w-muzeum-zobacz-co-ciekawego-przygotowano-w-tym-roku\\\/#respond\"]}]},{\"@type\":\"WebPage\",\"@id\":\"https:\\\/\\\/www.24gliwice.pl\\\/wiadomosci\\\/swiatecznie-w-muzeum-zobacz-co-ciekawego-przygotowano-w-tym-roku\\\/\",\"url\":\"https:\\\/\\\/www.24gliwice.pl\\\/wiadomosci\\\/swiatecznie-w-muzeum-zobacz-co-ciekawego-przygotowano-w-tym-roku\\\/\",\"name\":\"\u015awi\u0105tecznie w Muzeum! Zobacz, co ciekawego przygotowano w tym roku - 24GLIWICE - Portal Gliwice | codziennie nowe informacje\",\"isPartOf\":{\"@id\":\"https:\\\/\\\/www.24gliwice.pl\\\/wiadomosci\\\/#website\"},\"primaryImageOfPage\":{\"@id\":\"https:\\\/\\\/www.24gliwice.pl\\\/wiadomosci\\\/swiatecznie-w-muzeum-zobacz-co-ciekawego-przygotowano-w-tym-roku\\\/#primaryimage\"},\"image\":{\"@id\":\"https:\\\/\\\/www.24gliwice.pl\\\/wiadomosci\\\/swiatecznie-w-muzeum-zobacz-co-ciekawego-przygotowano-w-tym-roku\\\/#primaryimage\"},\"thumbnailUrl\":\"https:\\\/\\\/www.24gliwice.pl\\\/wiadomosci\\\/wp-content\\\/uploads\\\/2015\\\/05\\\/sw1-510x286.jpg\",\"datePublished\":\"2012-11-30T10:38:36+00:00\",\"dateModified\":\"2012-11-30T11:23:47+00:00\",\"breadcrumb\":{\"@id\":\"https:\\\/\\\/www.24gliwice.pl\\\/wiadomosci\\\/swiatecznie-w-muzeum-zobacz-co-ciekawego-przygotowano-w-tym-roku\\\/#breadcrumb\"},\"inLanguage\":\"pl-PL\",\"potentialAction\":[{\"@type\":\"ReadAction\",\"target\":[\"https:\\\/\\\/www.24gliwice.pl\\\/wiadomosci\\\/swiatecznie-w-muzeum-zobacz-co-ciekawego-przygotowano-w-tym-roku\\\/\"]}]},{\"@type\":\"ImageObject\",\"inLanguage\":\"pl-PL\",\"@id\":\"https:\\\/\\\/www.24gliwice.pl\\\/wiadomosci\\\/swiatecznie-w-muzeum-zobacz-co-ciekawego-przygotowano-w-tym-roku\\\/#primaryimage\",\"url\":\"https:\\\/\\\/www.24gliwice.pl\\\/wiadomosci\\\/wp-content\\\/uploads\\\/2015\\\/05\\\/sw1-510x286.jpg\",\"contentUrl\":\"https:\\\/\\\/www.24gliwice.pl\\\/wiadomosci\\\/wp-content\\\/uploads\\\/2015\\\/05\\\/sw1-510x286.jpg\",\"width\":510,\"height\":286},{\"@type\":\"BreadcrumbList\",\"@id\":\"https:\\\/\\\/www.24gliwice.pl\\\/wiadomosci\\\/swiatecznie-w-muzeum-zobacz-co-ciekawego-przygotowano-w-tym-roku\\\/#breadcrumb\",\"itemListElement\":[{\"@type\":\"ListItem\",\"position\":1,\"name\":\"Strona g\u0142\u00f3wna\",\"item\":\"https:\\\/\\\/www.24gliwice.pl\\\/wiadomosci\\\/\"},{\"@type\":\"ListItem\",\"position\":2,\"name\":\"\u015awi\u0105tecznie w Muzeum! Zobacz, co ciekawego przygotowano w tym roku\"}]},{\"@type\":\"WebSite\",\"@id\":\"https:\\\/\\\/www.24gliwice.pl\\\/wiadomosci\\\/#website\",\"url\":\"https:\\\/\\\/www.24gliwice.pl\\\/wiadomosci\\\/\",\"name\":\"24GLIWICE - Portal Gliwice | codziennie nowe wiadomo\u015bci\",\"description\":\"Portal Miejski Gliwice\",\"publisher\":{\"@id\":\"https:\\\/\\\/www.24gliwice.pl\\\/wiadomosci\\\/#organization\"},\"potentialAction\":[{\"@type\":\"SearchAction\",\"target\":{\"@type\":\"EntryPoint\",\"urlTemplate\":\"https:\\\/\\\/www.24gliwice.pl\\\/wiadomosci\\\/?s={search_term_string}\"},\"query-input\":{\"@type\":\"PropertyValueSpecification\",\"valueRequired\":true,\"valueName\":\"search_term_string\"}}],\"inLanguage\":\"pl-PL\"},{\"@type\":\"Organization\",\"@id\":\"https:\\\/\\\/www.24gliwice.pl\\\/wiadomosci\\\/#organization\",\"name\":\"24gliwice\",\"url\":\"https:\\\/\\\/www.24gliwice.pl\\\/wiadomosci\\\/\",\"logo\":{\"@type\":\"ImageObject\",\"inLanguage\":\"pl-PL\",\"@id\":\"https:\\\/\\\/www.24gliwice.pl\\\/wiadomosci\\\/#\\\/schema\\\/logo\\\/image\\\/\",\"url\":\"https:\\\/\\\/www.24gliwice.pl\\\/wiadomosci\\\/wp-content\\\/uploads\\\/2024\\\/10\\\/24gliwice-logo-696.jpg\",\"contentUrl\":\"https:\\\/\\\/www.24gliwice.pl\\\/wiadomosci\\\/wp-content\\\/uploads\\\/2024\\\/10\\\/24gliwice-logo-696.jpg\",\"width\":696,\"height\":696,\"caption\":\"24gliwice\"},\"image\":{\"@id\":\"https:\\\/\\\/www.24gliwice.pl\\\/wiadomosci\\\/#\\\/schema\\\/logo\\\/image\\\/\"},\"sameAs\":[\"https:\\\/\\\/www.facebook.com\\\/24gliwice\",\"https:\\\/\\\/x.com\\\/24gliwice\",\"https:\\\/\\\/www.youtube.com\\\/@24gliwice\"]},{\"@type\":\"Person\",\"@id\":\"https:\\\/\\\/www.24gliwice.pl\\\/wiadomosci\\\/#\\\/schema\\\/person\\\/6fa34a382e15505e9fd3144bfc019ec1\",\"name\":\"Katarzyna Klimek\",\"image\":{\"@type\":\"ImageObject\",\"inLanguage\":\"pl-PL\",\"@id\":\"https:\\\/\\\/secure.gravatar.com\\\/avatar\\\/4ca4dac2e1c6427b72985d71617758f5457e1e3e7ea8e035deebd4999cf0751c?s=96&d=mm&r=g\",\"url\":\"https:\\\/\\\/secure.gravatar.com\\\/avatar\\\/4ca4dac2e1c6427b72985d71617758f5457e1e3e7ea8e035deebd4999cf0751c?s=96&d=mm&r=g\",\"contentUrl\":\"https:\\\/\\\/secure.gravatar.com\\\/avatar\\\/4ca4dac2e1c6427b72985d71617758f5457e1e3e7ea8e035deebd4999cf0751c?s=96&d=mm&r=g\",\"caption\":\"Katarzyna Klimek\"},\"sameAs\":[\"http:\\\/\\\/gazeta-miejska.pl\"],\"url\":\"https:\\\/\\\/www.24gliwice.pl\\\/wiadomosci\\\/author\\\/kkowal\\\/\"}]}<\/script>\n<!-- \/ Yoast SEO plugin. -->","yoast_head_json":{"title":"\u015awi\u0105tecznie w Muzeum! Zobacz, co ciekawego przygotowano w tym roku  - 24GLIWICE - Portal Gliwice | codziennie nowe informacje","robots":{"index":"index","follow":"follow","max-snippet":"max-snippet:-1","max-image-preview":"max-image-preview:large","max-video-preview":"max-video-preview:-1"},"canonical":"https:\/\/www.24gliwice.pl\/wiadomosci\/swiatecznie-w-muzeum-zobacz-co-ciekawego-przygotowano-w-tym-roku\/","og_locale":"pl_PL","og_type":"article","og_title":"\u015awi\u0105tecznie w Muzeum! Zobacz, co ciekawego przygotowano w tym roku  - 24GLIWICE - Portal Gliwice | codziennie nowe informacje","og_description":"NA WSZYSTKIE ZAJ\u0118CIA JU\u017b MO\u017bNA SI\u0118 ZAPISYWA\u0106...","og_url":"https:\/\/www.24gliwice.pl\/wiadomosci\/swiatecznie-w-muzeum-zobacz-co-ciekawego-przygotowano-w-tym-roku\/","og_site_name":"24GLIWICE - Portal Gliwice | codziennie nowe informacje","article_publisher":"https:\/\/www.facebook.com\/24gliwice","article_published_time":"2012-11-30T10:38:36+00:00","article_modified_time":"2012-11-30T11:23:47+00:00","og_image":[{"width":510,"height":286,"url":"https:\/\/www.24gliwice.pl\/wiadomosci\/wp-content\/uploads\/2015\/05\/sw1-510x286.jpg","type":"image\/jpeg"}],"author":"Katarzyna Klimek","twitter_card":"summary_large_image","twitter_creator":"@24gliwice","twitter_site":"@24gliwice","twitter_misc":{"Napisane przez":"Katarzyna Klimek","Szacowany czas czytania":"1 minuta"},"schema":{"@context":"https:\/\/schema.org","@graph":[{"@type":"Article","@id":"https:\/\/www.24gliwice.pl\/wiadomosci\/swiatecznie-w-muzeum-zobacz-co-ciekawego-przygotowano-w-tym-roku\/#article","isPartOf":{"@id":"https:\/\/www.24gliwice.pl\/wiadomosci\/swiatecznie-w-muzeum-zobacz-co-ciekawego-przygotowano-w-tym-roku\/"},"author":{"name":"Katarzyna Klimek","@id":"https:\/\/www.24gliwice.pl\/wiadomosci\/#\/schema\/person\/6fa34a382e15505e9fd3144bfc019ec1"},"headline":"\u015awi\u0105tecznie w Muzeum! Zobacz, co ciekawego przygotowano w tym roku","datePublished":"2012-11-30T10:38:36+00:00","dateModified":"2012-11-30T11:23:47+00:00","mainEntityOfPage":{"@id":"https:\/\/www.24gliwice.pl\/wiadomosci\/swiatecznie-w-muzeum-zobacz-co-ciekawego-przygotowano-w-tym-roku\/"},"wordCount":220,"commentCount":0,"publisher":{"@id":"https:\/\/www.24gliwice.pl\/wiadomosci\/#organization"},"image":{"@id":"https:\/\/www.24gliwice.pl\/wiadomosci\/swiatecznie-w-muzeum-zobacz-co-ciekawego-przygotowano-w-tym-roku\/#primaryimage"},"thumbnailUrl":"https:\/\/www.24gliwice.pl\/wiadomosci\/wp-content\/uploads\/2015\/05\/sw1-510x286.jpg","articleSection":["Gliwice","Kultura, wydarzenia, imprezy","Najnowsze wiadomo\u015bci"],"inLanguage":"pl-PL","potentialAction":[{"@type":"CommentAction","name":"Comment","target":["https:\/\/www.24gliwice.pl\/wiadomosci\/swiatecznie-w-muzeum-zobacz-co-ciekawego-przygotowano-w-tym-roku\/#respond"]}]},{"@type":"WebPage","@id":"https:\/\/www.24gliwice.pl\/wiadomosci\/swiatecznie-w-muzeum-zobacz-co-ciekawego-przygotowano-w-tym-roku\/","url":"https:\/\/www.24gliwice.pl\/wiadomosci\/swiatecznie-w-muzeum-zobacz-co-ciekawego-przygotowano-w-tym-roku\/","name":"\u015awi\u0105tecznie w Muzeum! Zobacz, co ciekawego przygotowano w tym roku - 24GLIWICE - Portal Gliwice | codziennie nowe informacje","isPartOf":{"@id":"https:\/\/www.24gliwice.pl\/wiadomosci\/#website"},"primaryImageOfPage":{"@id":"https:\/\/www.24gliwice.pl\/wiadomosci\/swiatecznie-w-muzeum-zobacz-co-ciekawego-przygotowano-w-tym-roku\/#primaryimage"},"image":{"@id":"https:\/\/www.24gliwice.pl\/wiadomosci\/swiatecznie-w-muzeum-zobacz-co-ciekawego-przygotowano-w-tym-roku\/#primaryimage"},"thumbnailUrl":"https:\/\/www.24gliwice.pl\/wiadomosci\/wp-content\/uploads\/2015\/05\/sw1-510x286.jpg","datePublished":"2012-11-30T10:38:36+00:00","dateModified":"2012-11-30T11:23:47+00:00","breadcrumb":{"@id":"https:\/\/www.24gliwice.pl\/wiadomosci\/swiatecznie-w-muzeum-zobacz-co-ciekawego-przygotowano-w-tym-roku\/#breadcrumb"},"inLanguage":"pl-PL","potentialAction":[{"@type":"ReadAction","target":["https:\/\/www.24gliwice.pl\/wiadomosci\/swiatecznie-w-muzeum-zobacz-co-ciekawego-przygotowano-w-tym-roku\/"]}]},{"@type":"ImageObject","inLanguage":"pl-PL","@id":"https:\/\/www.24gliwice.pl\/wiadomosci\/swiatecznie-w-muzeum-zobacz-co-ciekawego-przygotowano-w-tym-roku\/#primaryimage","url":"https:\/\/www.24gliwice.pl\/wiadomosci\/wp-content\/uploads\/2015\/05\/sw1-510x286.jpg","contentUrl":"https:\/\/www.24gliwice.pl\/wiadomosci\/wp-content\/uploads\/2015\/05\/sw1-510x286.jpg","width":510,"height":286},{"@type":"BreadcrumbList","@id":"https:\/\/www.24gliwice.pl\/wiadomosci\/swiatecznie-w-muzeum-zobacz-co-ciekawego-przygotowano-w-tym-roku\/#breadcrumb","itemListElement":[{"@type":"ListItem","position":1,"name":"Strona g\u0142\u00f3wna","item":"https:\/\/www.24gliwice.pl\/wiadomosci\/"},{"@type":"ListItem","position":2,"name":"\u015awi\u0105tecznie w Muzeum! Zobacz, co ciekawego przygotowano w tym roku"}]},{"@type":"WebSite","@id":"https:\/\/www.24gliwice.pl\/wiadomosci\/#website","url":"https:\/\/www.24gliwice.pl\/wiadomosci\/","name":"24GLIWICE - Portal Gliwice | codziennie nowe wiadomo\u015bci","description":"Portal Miejski Gliwice","publisher":{"@id":"https:\/\/www.24gliwice.pl\/wiadomosci\/#organization"},"potentialAction":[{"@type":"SearchAction","target":{"@type":"EntryPoint","urlTemplate":"https:\/\/www.24gliwice.pl\/wiadomosci\/?s={search_term_string}"},"query-input":{"@type":"PropertyValueSpecification","valueRequired":true,"valueName":"search_term_string"}}],"inLanguage":"pl-PL"},{"@type":"Organization","@id":"https:\/\/www.24gliwice.pl\/wiadomosci\/#organization","name":"24gliwice","url":"https:\/\/www.24gliwice.pl\/wiadomosci\/","logo":{"@type":"ImageObject","inLanguage":"pl-PL","@id":"https:\/\/www.24gliwice.pl\/wiadomosci\/#\/schema\/logo\/image\/","url":"https:\/\/www.24gliwice.pl\/wiadomosci\/wp-content\/uploads\/2024\/10\/24gliwice-logo-696.jpg","contentUrl":"https:\/\/www.24gliwice.pl\/wiadomosci\/wp-content\/uploads\/2024\/10\/24gliwice-logo-696.jpg","width":696,"height":696,"caption":"24gliwice"},"image":{"@id":"https:\/\/www.24gliwice.pl\/wiadomosci\/#\/schema\/logo\/image\/"},"sameAs":["https:\/\/www.facebook.com\/24gliwice","https:\/\/x.com\/24gliwice","https:\/\/www.youtube.com\/@24gliwice"]},{"@type":"Person","@id":"https:\/\/www.24gliwice.pl\/wiadomosci\/#\/schema\/person\/6fa34a382e15505e9fd3144bfc019ec1","name":"Katarzyna Klimek","image":{"@type":"ImageObject","inLanguage":"pl-PL","@id":"https:\/\/secure.gravatar.com\/avatar\/4ca4dac2e1c6427b72985d71617758f5457e1e3e7ea8e035deebd4999cf0751c?s=96&d=mm&r=g","url":"https:\/\/secure.gravatar.com\/avatar\/4ca4dac2e1c6427b72985d71617758f5457e1e3e7ea8e035deebd4999cf0751c?s=96&d=mm&r=g","contentUrl":"https:\/\/secure.gravatar.com\/avatar\/4ca4dac2e1c6427b72985d71617758f5457e1e3e7ea8e035deebd4999cf0751c?s=96&d=mm&r=g","caption":"Katarzyna Klimek"},"sameAs":["http:\/\/gazeta-miejska.pl"],"url":"https:\/\/www.24gliwice.pl\/wiadomosci\/author\/kkowal\/"}]}},"_links":{"self":[{"href":"https:\/\/www.24gliwice.pl\/wiadomosci\/wp-json\/wp\/v2\/posts\/47385","targetHints":{"allow":["GET"]}}],"collection":[{"href":"https:\/\/www.24gliwice.pl\/wiadomosci\/wp-json\/wp\/v2\/posts"}],"about":[{"href":"https:\/\/www.24gliwice.pl\/wiadomosci\/wp-json\/wp\/v2\/types\/post"}],"author":[{"embeddable":true,"href":"https:\/\/www.24gliwice.pl\/wiadomosci\/wp-json\/wp\/v2\/users\/3"}],"replies":[{"embeddable":true,"href":"https:\/\/www.24gliwice.pl\/wiadomosci\/wp-json\/wp\/v2\/comments?post=47385"}],"version-history":[{"count":0,"href":"https:\/\/www.24gliwice.pl\/wiadomosci\/wp-json\/wp\/v2\/posts\/47385\/revisions"}],"wp:featuredmedia":[{"embeddable":true,"href":"https:\/\/www.24gliwice.pl\/wiadomosci\/wp-json\/wp\/v2\/media\/69900"}],"wp:attachment":[{"href":"https:\/\/www.24gliwice.pl\/wiadomosci\/wp-json\/wp\/v2\/media?parent=47385"}],"wp:term":[{"taxonomy":"category","embeddable":true,"href":"https:\/\/www.24gliwice.pl\/wiadomosci\/wp-json\/wp\/v2\/categories?post=47385"},{"taxonomy":"post_tag","embeddable":true,"href":"https:\/\/www.24gliwice.pl\/wiadomosci\/wp-json\/wp\/v2\/tags?post=47385"}],"curies":[{"name":"wp","href":"https:\/\/api.w.org\/{rel}","templated":true}]}}