{"id":47495,"date":"2012-12-04T09:42:58","date_gmt":"2012-12-04T08:42:58","guid":{"rendered":"http:\/\/www.24gliwice.pl\/wiadomosci\/?p=47495"},"modified":"2012-12-04T09:42:58","modified_gmt":"2012-12-04T08:42:58","slug":"lodowisko-czynne-od-przyszlego-tygodnia-biale-szalenstwo-zawita-na-kapielisko-lesne","status":"publish","type":"post","link":"https:\/\/www.24gliwice.pl\/wiadomosci\/lodowisko-czynne-od-przyszlego-tygodnia-biale-szalenstwo-zawita-na-kapielisko-lesne\/","title":{"rendered":"Lodowisko czynne od przysz\u0142ego tygodnia. Bia\u0142e szale\u0144stwo zawita na K\u0105pielisko Le\u015bne"},"content":{"rendered":"<div class=\"gliwi-a6-nad-leadem-artykulow gliwi-entity-placement\" id=\"gliwi-1798304784\"><div class=\"gliwi-adlabel\"><span style=\"font-size: 9px\">REKLAMA<\/span><\/div><div id=\"gliwi-2638662069\" style=\"margin-bottom: 25px;margin-left: auto;margin-right: auto;text-align: center;\"><a data-no-instant=\"1\" href=\"https:\/\/dom100.eu\/\" rel=\"noopener\" class=\"a2t-link\" target=\"_blank\" aria-label=\"20260415 DOM100 D\"><img loading=\"lazy\" decoding=\"async\" src=\"https:\/\/www.24gliwice.pl\/wiadomosci\/wp-content\/uploads\/2026\/04\/20260415-DOM100-D.jpg\" alt=\"\"  srcset=\"https:\/\/www.24gliwice.pl\/wiadomosci\/wp-content\/uploads\/2026\/04\/20260415-DOM100-D.jpg 750w, https:\/\/www.24gliwice.pl\/wiadomosci\/wp-content\/uploads\/2026\/04\/20260415-DOM100-D-410x109.jpg 410w\" sizes=\"(max-width: 750px) 100vw, 750px\" class=\"no-lazyload\" width=\"750\" height=\"200\"  style=\"display: inline-block; max-width: 100%; height: auto;\" \/><\/a><\/div><\/div><h3><img loading=\"lazy\" decoding=\"async\" src=\"http:\/\/www.24gliwice.pl\/wiadomosci\/wp-content\/uploads\/2010\/12\/lodowisko_lesne300.jpg\" alt=\"\" title=\"\" width=\"300\" height=\"176\" class=\"alignright size-full wp-image-26656\" \/>Miejski Zarz\u0105d Us\u0142ug Komunalnych zaprasza mi\u0142o\u015bnik\u00f3w jazdy na \u0142y\u017cwach na \u015blizgawk\u0119 przy ul. Oriona.<\/h3>\n<p> Otwarcie lodowiska na terenie K\u0105pieliska Le\u015bnego planowane jest na poniedzia\u0142ek 10 grudnia.<!--more--> <\/p>\n<p>\u015alizgawka b\u0119dzie czynna od poniedzia\u0142ku do pi\u0105tku w godzinach od <strong>12.00 do 20.00<\/strong>, a w soboty i niedziele od <strong>10.00 do 20.00<\/strong>. <\/p><div class=\"gliwi-a3-w-tresci-artykulow gliwi-entity-placement\" id=\"gliwi-1397195238\"><div class=\"gliwi-adlabel\"><span style=\"font-size: 9px\">REKLAMA<\/span><\/div><div id=\"gliwi-1768304248\" style=\"margin-bottom: 30px;margin-left: auto;margin-right: auto;text-align: center;\"><a data-no-instant=\"1\" href=\"https:\/\/zlobek.halogen.org.pl\/\" rel=\"noopener\" class=\"a2t-link\" target=\"_blank\" aria-label=\"animator-zlobek_750x200\"><img loading=\"lazy\" decoding=\"async\" src=\"https:\/\/www.24gliwice.pl\/wiadomosci\/wp-content\/uploads\/2026\/02\/animator-zlobek_750x200.webp\" alt=\"\"  srcset=\"https:\/\/www.24gliwice.pl\/wiadomosci\/wp-content\/uploads\/2026\/02\/animator-zlobek_750x200.webp 750w, https:\/\/www.24gliwice.pl\/wiadomosci\/wp-content\/uploads\/2026\/02\/animator-zlobek_750x200-410x109.webp 410w\" sizes=\"(max-width: 750px) 100vw, 750px\" class=\"no-lazyload\" width=\"750\" height=\"200\"  style=\"display: inline-block; max-width: 100%; height: auto;\" \/><\/a><\/div><\/div>\n<p>Cennik jest taki sam jak w roku ubieg\u0142ym. <\/p>\n<h3>Dzieci, m\u0142odzie\u017c ucz\u0105ca si\u0119, studenci za okazaniem wa\u017cnej legitymacji poje\u017cd\u017c\u0105 na \u0142y\u017cwach przez 45 minut za 2 z\u0142, a doro\u015bli za 4 z\u0142.<\/h3>\n<p> M\u0142odzie\u017c w grupach zorganizowanych ? minimum 10-osobowych, za 45 minut \u015blizgania zap\u0142ac\u0105 tylko 1 z\u0142 \/ 1 osob\u0119. W ofercie opr\u00f3cz tafli o wymiarach 15 x 30 m jest r\u00f3wnie\u017c wypo\u017cyczalnia (6 z\u0142) oraz punkt ostrzenia \u0142y\u017cew (4 z\u0142). Jak dodaje MZUK, funkcjonowanie lodowiska jest uzale\u017cnione od warunk\u00f3w atmosferycznych (temp. poni\u017cej 5 stopni Celsjusza). <\/p>\n<div class=\"gliwi-a5-na-koncu-artykulow gliwi-entity-placement\" id=\"gliwi-2191196229\"><div class=\"gliwi-adlabel\"><span style=\"font-size: 9px\">REKLAMA<\/span><\/div><div id=\"gliwi-1452160614\" style=\"margin-left: auto;margin-right: auto;text-align: center;\"><a data-no-instant=\"1\" href=\"https:\/\/prezeroarenagliwice.pl\/\" rel=\"noopener\" class=\"a2t-link\" target=\"_blank\" aria-label=\"20260309-PREZERO-WIOSNA-D\"><img loading=\"lazy\" decoding=\"async\" src=\"https:\/\/www.24gliwice.pl\/wiadomosci\/wp-content\/uploads\/2026\/03\/20260309-PREZERO-WIOSNA-D.webp\" alt=\"\"  srcset=\"https:\/\/www.24gliwice.pl\/wiadomosci\/wp-content\/uploads\/2026\/03\/20260309-PREZERO-WIOSNA-D.webp 750w, https:\/\/www.24gliwice.pl\/wiadomosci\/wp-content\/uploads\/2026\/03\/20260309-PREZERO-WIOSNA-D-410x109.webp 410w\" sizes=\"(max-width: 750px) 100vw, 750px\" class=\"no-lazyload\" width=\"750\" height=\"200\"  style=\"display: inline-block; max-width: 100%; height: auto;\" \/><\/a><\/div><\/div>","protected":false},"excerpt":{"rendered":"<p>DORO\u015aLI ZAP\u0141AC\u0104 4 Z\u0141 ZA 45 MINUT <\/p>\n","protected":false},"author":9,"featured_media":0,"comment_status":"open","ping_status":"closed","sticky":false,"template":"","format":"standard","meta":{"_monsterinsights_skip_tracking":false,"_monsterinsights_sitenote_active":false,"_monsterinsights_sitenote_note":"","_monsterinsights_sitenote_category":0,"footnotes":"","_links_to":"","_links_to_target":""},"categories":[3,6,1],"tags":[1297,142],"class_list":["post-47495","post","type-post","status-publish","format-standard","hentry","category-gliwice","category-kultura","category-wszystko","tag-lodowisko-gliwice","tag-mzuk-gliwice"],"yoast_head":"<!-- This site is optimized with the Yoast SEO plugin v27.5 - https:\/\/yoast.com\/product\/yoast-seo-wordpress\/ -->\n<title>Lodowisko czynne od przysz\u0142ego tygodnia. Bia\u0142e szale\u0144stwo zawita na K\u0105pielisko Le\u015bne - 24GLIWICE - Portal Gliwice | codziennie nowe informacje<\/title>\n<meta name=\"robots\" content=\"index, follow, max-snippet:-1, max-image-preview:large, max-video-preview:-1\" \/>\n<link rel=\"canonical\" href=\"https:\/\/www.24gliwice.pl\/wiadomosci\/lodowisko-czynne-od-przyszlego-tygodnia-biale-szalenstwo-zawita-na-kapielisko-lesne\/\" \/>\n<meta property=\"og:locale\" content=\"pl_PL\" \/>\n<meta property=\"og:type\" content=\"article\" \/>\n<meta property=\"og:title\" content=\"Lodowisko czynne od przysz\u0142ego tygodnia. Bia\u0142e szale\u0144stwo zawita na K\u0105pielisko Le\u015bne - 24GLIWICE - Portal Gliwice | codziennie nowe informacje\" \/>\n<meta property=\"og:description\" content=\"DORO\u015aLI ZAP\u0141AC\u0104 4 Z\u0141 ZA 45 MINUT\" \/>\n<meta property=\"og:url\" content=\"https:\/\/www.24gliwice.pl\/wiadomosci\/lodowisko-czynne-od-przyszlego-tygodnia-biale-szalenstwo-zawita-na-kapielisko-lesne\/\" \/>\n<meta property=\"og:site_name\" content=\"24GLIWICE - Portal Gliwice | codziennie nowe informacje\" \/>\n<meta property=\"article:publisher\" content=\"https:\/\/www.facebook.com\/24gliwice\" \/>\n<meta property=\"article:published_time\" content=\"2012-12-04T08:42:58+00:00\" \/>\n<meta property=\"og:image\" content=\"http:\/\/www.24gliwice.pl\/wiadomosci\/wp-content\/uploads\/2010\/12\/lodowisko_lesne300.jpg\" \/>\n<meta name=\"author\" content=\"Micha\u0142 Pac Pomarnacki\" \/>\n<meta name=\"twitter:card\" content=\"summary_large_image\" \/>\n<meta name=\"twitter:creator\" content=\"@24gliwice\" \/>\n<meta name=\"twitter:site\" content=\"@24gliwice\" \/>\n<meta name=\"twitter:label1\" content=\"Napisane przez\" \/>\n\t<meta name=\"twitter:data1\" content=\"Micha\u0142 Pac Pomarnacki\" \/>\n\t<meta name=\"twitter:label2\" content=\"Szacowany czas czytania\" \/>\n\t<meta name=\"twitter:data2\" content=\"1 minuta\" \/>\n<script type=\"application\/ld+json\" class=\"yoast-schema-graph\">{\"@context\":\"https:\\\/\\\/schema.org\",\"@graph\":[{\"@type\":\"Article\",\"@id\":\"https:\\\/\\\/www.24gliwice.pl\\\/wiadomosci\\\/lodowisko-czynne-od-przyszlego-tygodnia-biale-szalenstwo-zawita-na-kapielisko-lesne\\\/#article\",\"isPartOf\":{\"@id\":\"https:\\\/\\\/www.24gliwice.pl\\\/wiadomosci\\\/lodowisko-czynne-od-przyszlego-tygodnia-biale-szalenstwo-zawita-na-kapielisko-lesne\\\/\"},\"author\":{\"name\":\"Micha\u0142 Pac Pomarnacki\",\"@id\":\"https:\\\/\\\/www.24gliwice.pl\\\/wiadomosci\\\/#\\\/schema\\\/person\\\/e8da54997491e33627cd906831f36a5f\"},\"headline\":\"Lodowisko czynne od przysz\u0142ego tygodnia. Bia\u0142e szale\u0144stwo zawita na K\u0105pielisko Le\u015bne\",\"datePublished\":\"2012-12-04T08:42:58+00:00\",\"mainEntityOfPage\":{\"@id\":\"https:\\\/\\\/www.24gliwice.pl\\\/wiadomosci\\\/lodowisko-czynne-od-przyszlego-tygodnia-biale-szalenstwo-zawita-na-kapielisko-lesne\\\/\"},\"wordCount\":159,\"commentCount\":0,\"publisher\":{\"@id\":\"https:\\\/\\\/www.24gliwice.pl\\\/wiadomosci\\\/#organization\"},\"image\":{\"@id\":\"https:\\\/\\\/www.24gliwice.pl\\\/wiadomosci\\\/lodowisko-czynne-od-przyszlego-tygodnia-biale-szalenstwo-zawita-na-kapielisko-lesne\\\/#primaryimage\"},\"thumbnailUrl\":\"http:\\\/\\\/www.24gliwice.pl\\\/wiadomosci\\\/wp-content\\\/uploads\\\/2010\\\/12\\\/lodowisko_lesne300.jpg\",\"keywords\":[\"lodowisko gliwice\",\"MZUK Gliwice\"],\"articleSection\":[\"Gliwice\",\"Kultura, wydarzenia, imprezy\",\"Najnowsze wiadomo\u015bci\"],\"inLanguage\":\"pl-PL\",\"potentialAction\":[{\"@type\":\"CommentAction\",\"name\":\"Comment\",\"target\":[\"https:\\\/\\\/www.24gliwice.pl\\\/wiadomosci\\\/lodowisko-czynne-od-przyszlego-tygodnia-biale-szalenstwo-zawita-na-kapielisko-lesne\\\/#respond\"]}]},{\"@type\":\"WebPage\",\"@id\":\"https:\\\/\\\/www.24gliwice.pl\\\/wiadomosci\\\/lodowisko-czynne-od-przyszlego-tygodnia-biale-szalenstwo-zawita-na-kapielisko-lesne\\\/\",\"url\":\"https:\\\/\\\/www.24gliwice.pl\\\/wiadomosci\\\/lodowisko-czynne-od-przyszlego-tygodnia-biale-szalenstwo-zawita-na-kapielisko-lesne\\\/\",\"name\":\"Lodowisko czynne od przysz\u0142ego tygodnia. Bia\u0142e szale\u0144stwo zawita na K\u0105pielisko Le\u015bne - 24GLIWICE - Portal Gliwice | codziennie nowe informacje\",\"isPartOf\":{\"@id\":\"https:\\\/\\\/www.24gliwice.pl\\\/wiadomosci\\\/#website\"},\"primaryImageOfPage\":{\"@id\":\"https:\\\/\\\/www.24gliwice.pl\\\/wiadomosci\\\/lodowisko-czynne-od-przyszlego-tygodnia-biale-szalenstwo-zawita-na-kapielisko-lesne\\\/#primaryimage\"},\"image\":{\"@id\":\"https:\\\/\\\/www.24gliwice.pl\\\/wiadomosci\\\/lodowisko-czynne-od-przyszlego-tygodnia-biale-szalenstwo-zawita-na-kapielisko-lesne\\\/#primaryimage\"},\"thumbnailUrl\":\"http:\\\/\\\/www.24gliwice.pl\\\/wiadomosci\\\/wp-content\\\/uploads\\\/2010\\\/12\\\/lodowisko_lesne300.jpg\",\"datePublished\":\"2012-12-04T08:42:58+00:00\",\"breadcrumb\":{\"@id\":\"https:\\\/\\\/www.24gliwice.pl\\\/wiadomosci\\\/lodowisko-czynne-od-przyszlego-tygodnia-biale-szalenstwo-zawita-na-kapielisko-lesne\\\/#breadcrumb\"},\"inLanguage\":\"pl-PL\",\"potentialAction\":[{\"@type\":\"ReadAction\",\"target\":[\"https:\\\/\\\/www.24gliwice.pl\\\/wiadomosci\\\/lodowisko-czynne-od-przyszlego-tygodnia-biale-szalenstwo-zawita-na-kapielisko-lesne\\\/\"]}]},{\"@type\":\"ImageObject\",\"inLanguage\":\"pl-PL\",\"@id\":\"https:\\\/\\\/www.24gliwice.pl\\\/wiadomosci\\\/lodowisko-czynne-od-przyszlego-tygodnia-biale-szalenstwo-zawita-na-kapielisko-lesne\\\/#primaryimage\",\"url\":\"http:\\\/\\\/www.24gliwice.pl\\\/wiadomosci\\\/wp-content\\\/uploads\\\/2010\\\/12\\\/lodowisko_lesne300.jpg\",\"contentUrl\":\"http:\\\/\\\/www.24gliwice.pl\\\/wiadomosci\\\/wp-content\\\/uploads\\\/2010\\\/12\\\/lodowisko_lesne300.jpg\"},{\"@type\":\"BreadcrumbList\",\"@id\":\"https:\\\/\\\/www.24gliwice.pl\\\/wiadomosci\\\/lodowisko-czynne-od-przyszlego-tygodnia-biale-szalenstwo-zawita-na-kapielisko-lesne\\\/#breadcrumb\",\"itemListElement\":[{\"@type\":\"ListItem\",\"position\":1,\"name\":\"Strona g\u0142\u00f3wna\",\"item\":\"https:\\\/\\\/www.24gliwice.pl\\\/wiadomosci\\\/\"},{\"@type\":\"ListItem\",\"position\":2,\"name\":\"Lodowisko czynne od przysz\u0142ego tygodnia. Bia\u0142e szale\u0144stwo zawita na K\u0105pielisko Le\u015bne\"}]},{\"@type\":\"WebSite\",\"@id\":\"https:\\\/\\\/www.24gliwice.pl\\\/wiadomosci\\\/#website\",\"url\":\"https:\\\/\\\/www.24gliwice.pl\\\/wiadomosci\\\/\",\"name\":\"24GLIWICE - Portal Gliwice | codziennie nowe wiadomo\u015bci\",\"description\":\"Portal Miejski Gliwice\",\"publisher\":{\"@id\":\"https:\\\/\\\/www.24gliwice.pl\\\/wiadomosci\\\/#organization\"},\"potentialAction\":[{\"@type\":\"SearchAction\",\"target\":{\"@type\":\"EntryPoint\",\"urlTemplate\":\"https:\\\/\\\/www.24gliwice.pl\\\/wiadomosci\\\/?s={search_term_string}\"},\"query-input\":{\"@type\":\"PropertyValueSpecification\",\"valueRequired\":true,\"valueName\":\"search_term_string\"}}],\"inLanguage\":\"pl-PL\"},{\"@type\":\"Organization\",\"@id\":\"https:\\\/\\\/www.24gliwice.pl\\\/wiadomosci\\\/#organization\",\"name\":\"24gliwice\",\"url\":\"https:\\\/\\\/www.24gliwice.pl\\\/wiadomosci\\\/\",\"logo\":{\"@type\":\"ImageObject\",\"inLanguage\":\"pl-PL\",\"@id\":\"https:\\\/\\\/www.24gliwice.pl\\\/wiadomosci\\\/#\\\/schema\\\/logo\\\/image\\\/\",\"url\":\"https:\\\/\\\/www.24gliwice.pl\\\/wiadomosci\\\/wp-content\\\/uploads\\\/2024\\\/10\\\/24gliwice-logo-696.jpg\",\"contentUrl\":\"https:\\\/\\\/www.24gliwice.pl\\\/wiadomosci\\\/wp-content\\\/uploads\\\/2024\\\/10\\\/24gliwice-logo-696.jpg\",\"width\":696,\"height\":696,\"caption\":\"24gliwice\"},\"image\":{\"@id\":\"https:\\\/\\\/www.24gliwice.pl\\\/wiadomosci\\\/#\\\/schema\\\/logo\\\/image\\\/\"},\"sameAs\":[\"https:\\\/\\\/www.facebook.com\\\/24gliwice\",\"https:\\\/\\\/x.com\\\/24gliwice\",\"https:\\\/\\\/www.youtube.com\\\/@24gliwice\"]},{\"@type\":\"Person\",\"@id\":\"https:\\\/\\\/www.24gliwice.pl\\\/wiadomosci\\\/#\\\/schema\\\/person\\\/e8da54997491e33627cd906831f36a5f\",\"name\":\"Micha\u0142 Pac Pomarnacki\",\"image\":{\"@type\":\"ImageObject\",\"inLanguage\":\"pl-PL\",\"@id\":\"https:\\\/\\\/secure.gravatar.com\\\/avatar\\\/343de11c8c9ab8b0043d7704e0a0177a62007e8bf59c5948e4e4495298a46f1b?s=96&d=mm&r=g\",\"url\":\"https:\\\/\\\/secure.gravatar.com\\\/avatar\\\/343de11c8c9ab8b0043d7704e0a0177a62007e8bf59c5948e4e4495298a46f1b?s=96&d=mm&r=g\",\"contentUrl\":\"https:\\\/\\\/secure.gravatar.com\\\/avatar\\\/343de11c8c9ab8b0043d7704e0a0177a62007e8bf59c5948e4e4495298a46f1b?s=96&d=mm&r=g\",\"caption\":\"Micha\u0142 Pac Pomarnacki\"},\"url\":\"https:\\\/\\\/www.24gliwice.pl\\\/wiadomosci\\\/author\\\/mpp\\\/\"}]}<\/script>\n<!-- \/ Yoast SEO plugin. -->","yoast_head_json":{"title":"Lodowisko czynne od przysz\u0142ego tygodnia. Bia\u0142e szale\u0144stwo zawita na K\u0105pielisko Le\u015bne - 24GLIWICE - Portal Gliwice | codziennie nowe informacje","robots":{"index":"index","follow":"follow","max-snippet":"max-snippet:-1","max-image-preview":"max-image-preview:large","max-video-preview":"max-video-preview:-1"},"canonical":"https:\/\/www.24gliwice.pl\/wiadomosci\/lodowisko-czynne-od-przyszlego-tygodnia-biale-szalenstwo-zawita-na-kapielisko-lesne\/","og_locale":"pl_PL","og_type":"article","og_title":"Lodowisko czynne od przysz\u0142ego tygodnia. Bia\u0142e szale\u0144stwo zawita na K\u0105pielisko Le\u015bne - 24GLIWICE - Portal Gliwice | codziennie nowe informacje","og_description":"DORO\u015aLI ZAP\u0141AC\u0104 4 Z\u0141 ZA 45 MINUT","og_url":"https:\/\/www.24gliwice.pl\/wiadomosci\/lodowisko-czynne-od-przyszlego-tygodnia-biale-szalenstwo-zawita-na-kapielisko-lesne\/","og_site_name":"24GLIWICE - Portal Gliwice | codziennie nowe informacje","article_publisher":"https:\/\/www.facebook.com\/24gliwice","article_published_time":"2012-12-04T08:42:58+00:00","og_image":[{"url":"http:\/\/www.24gliwice.pl\/wiadomosci\/wp-content\/uploads\/2010\/12\/lodowisko_lesne300.jpg","type":"","width":"","height":""}],"author":"Micha\u0142 Pac Pomarnacki","twitter_card":"summary_large_image","twitter_creator":"@24gliwice","twitter_site":"@24gliwice","twitter_misc":{"Napisane przez":"Micha\u0142 Pac Pomarnacki","Szacowany czas czytania":"1 minuta"},"schema":{"@context":"https:\/\/schema.org","@graph":[{"@type":"Article","@id":"https:\/\/www.24gliwice.pl\/wiadomosci\/lodowisko-czynne-od-przyszlego-tygodnia-biale-szalenstwo-zawita-na-kapielisko-lesne\/#article","isPartOf":{"@id":"https:\/\/www.24gliwice.pl\/wiadomosci\/lodowisko-czynne-od-przyszlego-tygodnia-biale-szalenstwo-zawita-na-kapielisko-lesne\/"},"author":{"name":"Micha\u0142 Pac Pomarnacki","@id":"https:\/\/www.24gliwice.pl\/wiadomosci\/#\/schema\/person\/e8da54997491e33627cd906831f36a5f"},"headline":"Lodowisko czynne od przysz\u0142ego tygodnia. Bia\u0142e szale\u0144stwo zawita na K\u0105pielisko Le\u015bne","datePublished":"2012-12-04T08:42:58+00:00","mainEntityOfPage":{"@id":"https:\/\/www.24gliwice.pl\/wiadomosci\/lodowisko-czynne-od-przyszlego-tygodnia-biale-szalenstwo-zawita-na-kapielisko-lesne\/"},"wordCount":159,"commentCount":0,"publisher":{"@id":"https:\/\/www.24gliwice.pl\/wiadomosci\/#organization"},"image":{"@id":"https:\/\/www.24gliwice.pl\/wiadomosci\/lodowisko-czynne-od-przyszlego-tygodnia-biale-szalenstwo-zawita-na-kapielisko-lesne\/#primaryimage"},"thumbnailUrl":"http:\/\/www.24gliwice.pl\/wiadomosci\/wp-content\/uploads\/2010\/12\/lodowisko_lesne300.jpg","keywords":["lodowisko gliwice","MZUK Gliwice"],"articleSection":["Gliwice","Kultura, wydarzenia, imprezy","Najnowsze wiadomo\u015bci"],"inLanguage":"pl-PL","potentialAction":[{"@type":"CommentAction","name":"Comment","target":["https:\/\/www.24gliwice.pl\/wiadomosci\/lodowisko-czynne-od-przyszlego-tygodnia-biale-szalenstwo-zawita-na-kapielisko-lesne\/#respond"]}]},{"@type":"WebPage","@id":"https:\/\/www.24gliwice.pl\/wiadomosci\/lodowisko-czynne-od-przyszlego-tygodnia-biale-szalenstwo-zawita-na-kapielisko-lesne\/","url":"https:\/\/www.24gliwice.pl\/wiadomosci\/lodowisko-czynne-od-przyszlego-tygodnia-biale-szalenstwo-zawita-na-kapielisko-lesne\/","name":"Lodowisko czynne od przysz\u0142ego tygodnia. Bia\u0142e szale\u0144stwo zawita na K\u0105pielisko Le\u015bne - 24GLIWICE - Portal Gliwice | codziennie nowe informacje","isPartOf":{"@id":"https:\/\/www.24gliwice.pl\/wiadomosci\/#website"},"primaryImageOfPage":{"@id":"https:\/\/www.24gliwice.pl\/wiadomosci\/lodowisko-czynne-od-przyszlego-tygodnia-biale-szalenstwo-zawita-na-kapielisko-lesne\/#primaryimage"},"image":{"@id":"https:\/\/www.24gliwice.pl\/wiadomosci\/lodowisko-czynne-od-przyszlego-tygodnia-biale-szalenstwo-zawita-na-kapielisko-lesne\/#primaryimage"},"thumbnailUrl":"http:\/\/www.24gliwice.pl\/wiadomosci\/wp-content\/uploads\/2010\/12\/lodowisko_lesne300.jpg","datePublished":"2012-12-04T08:42:58+00:00","breadcrumb":{"@id":"https:\/\/www.24gliwice.pl\/wiadomosci\/lodowisko-czynne-od-przyszlego-tygodnia-biale-szalenstwo-zawita-na-kapielisko-lesne\/#breadcrumb"},"inLanguage":"pl-PL","potentialAction":[{"@type":"ReadAction","target":["https:\/\/www.24gliwice.pl\/wiadomosci\/lodowisko-czynne-od-przyszlego-tygodnia-biale-szalenstwo-zawita-na-kapielisko-lesne\/"]}]},{"@type":"ImageObject","inLanguage":"pl-PL","@id":"https:\/\/www.24gliwice.pl\/wiadomosci\/lodowisko-czynne-od-przyszlego-tygodnia-biale-szalenstwo-zawita-na-kapielisko-lesne\/#primaryimage","url":"http:\/\/www.24gliwice.pl\/wiadomosci\/wp-content\/uploads\/2010\/12\/lodowisko_lesne300.jpg","contentUrl":"http:\/\/www.24gliwice.pl\/wiadomosci\/wp-content\/uploads\/2010\/12\/lodowisko_lesne300.jpg"},{"@type":"BreadcrumbList","@id":"https:\/\/www.24gliwice.pl\/wiadomosci\/lodowisko-czynne-od-przyszlego-tygodnia-biale-szalenstwo-zawita-na-kapielisko-lesne\/#breadcrumb","itemListElement":[{"@type":"ListItem","position":1,"name":"Strona g\u0142\u00f3wna","item":"https:\/\/www.24gliwice.pl\/wiadomosci\/"},{"@type":"ListItem","position":2,"name":"Lodowisko czynne od przysz\u0142ego tygodnia. Bia\u0142e szale\u0144stwo zawita na K\u0105pielisko Le\u015bne"}]},{"@type":"WebSite","@id":"https:\/\/www.24gliwice.pl\/wiadomosci\/#website","url":"https:\/\/www.24gliwice.pl\/wiadomosci\/","name":"24GLIWICE - Portal Gliwice | codziennie nowe wiadomo\u015bci","description":"Portal Miejski Gliwice","publisher":{"@id":"https:\/\/www.24gliwice.pl\/wiadomosci\/#organization"},"potentialAction":[{"@type":"SearchAction","target":{"@type":"EntryPoint","urlTemplate":"https:\/\/www.24gliwice.pl\/wiadomosci\/?s={search_term_string}"},"query-input":{"@type":"PropertyValueSpecification","valueRequired":true,"valueName":"search_term_string"}}],"inLanguage":"pl-PL"},{"@type":"Organization","@id":"https:\/\/www.24gliwice.pl\/wiadomosci\/#organization","name":"24gliwice","url":"https:\/\/www.24gliwice.pl\/wiadomosci\/","logo":{"@type":"ImageObject","inLanguage":"pl-PL","@id":"https:\/\/www.24gliwice.pl\/wiadomosci\/#\/schema\/logo\/image\/","url":"https:\/\/www.24gliwice.pl\/wiadomosci\/wp-content\/uploads\/2024\/10\/24gliwice-logo-696.jpg","contentUrl":"https:\/\/www.24gliwice.pl\/wiadomosci\/wp-content\/uploads\/2024\/10\/24gliwice-logo-696.jpg","width":696,"height":696,"caption":"24gliwice"},"image":{"@id":"https:\/\/www.24gliwice.pl\/wiadomosci\/#\/schema\/logo\/image\/"},"sameAs":["https:\/\/www.facebook.com\/24gliwice","https:\/\/x.com\/24gliwice","https:\/\/www.youtube.com\/@24gliwice"]},{"@type":"Person","@id":"https:\/\/www.24gliwice.pl\/wiadomosci\/#\/schema\/person\/e8da54997491e33627cd906831f36a5f","name":"Micha\u0142 Pac Pomarnacki","image":{"@type":"ImageObject","inLanguage":"pl-PL","@id":"https:\/\/secure.gravatar.com\/avatar\/343de11c8c9ab8b0043d7704e0a0177a62007e8bf59c5948e4e4495298a46f1b?s=96&d=mm&r=g","url":"https:\/\/secure.gravatar.com\/avatar\/343de11c8c9ab8b0043d7704e0a0177a62007e8bf59c5948e4e4495298a46f1b?s=96&d=mm&r=g","contentUrl":"https:\/\/secure.gravatar.com\/avatar\/343de11c8c9ab8b0043d7704e0a0177a62007e8bf59c5948e4e4495298a46f1b?s=96&d=mm&r=g","caption":"Micha\u0142 Pac Pomarnacki"},"url":"https:\/\/www.24gliwice.pl\/wiadomosci\/author\/mpp\/"}]}},"_links":{"self":[{"href":"https:\/\/www.24gliwice.pl\/wiadomosci\/wp-json\/wp\/v2\/posts\/47495","targetHints":{"allow":["GET"]}}],"collection":[{"href":"https:\/\/www.24gliwice.pl\/wiadomosci\/wp-json\/wp\/v2\/posts"}],"about":[{"href":"https:\/\/www.24gliwice.pl\/wiadomosci\/wp-json\/wp\/v2\/types\/post"}],"author":[{"embeddable":true,"href":"https:\/\/www.24gliwice.pl\/wiadomosci\/wp-json\/wp\/v2\/users\/9"}],"replies":[{"embeddable":true,"href":"https:\/\/www.24gliwice.pl\/wiadomosci\/wp-json\/wp\/v2\/comments?post=47495"}],"version-history":[{"count":0,"href":"https:\/\/www.24gliwice.pl\/wiadomosci\/wp-json\/wp\/v2\/posts\/47495\/revisions"}],"wp:attachment":[{"href":"https:\/\/www.24gliwice.pl\/wiadomosci\/wp-json\/wp\/v2\/media?parent=47495"}],"wp:term":[{"taxonomy":"category","embeddable":true,"href":"https:\/\/www.24gliwice.pl\/wiadomosci\/wp-json\/wp\/v2\/categories?post=47495"},{"taxonomy":"post_tag","embeddable":true,"href":"https:\/\/www.24gliwice.pl\/wiadomosci\/wp-json\/wp\/v2\/tags?post=47495"}],"curies":[{"name":"wp","href":"https:\/\/api.w.org\/{rel}","templated":true}]}}