{"id":47510,"date":"2012-12-05T22:52:24","date_gmt":"2012-12-05T21:52:24","guid":{"rendered":"http:\/\/www.24gliwice.pl\/wiadomosci\/?p=47510"},"modified":"2013-11-27T21:12:38","modified_gmt":"2013-11-27T20:12:38","slug":"wiecej-sukcesow-czy-porazek-to-juz-polowa-kolejnej-kadencji-prezydenta-gliwic-tv","status":"publish","type":"post","link":"https:\/\/www.24gliwice.pl\/wiadomosci\/wiecej-sukcesow-czy-porazek-to-juz-polowa-kolejnej-kadencji-prezydenta-gliwic-tv\/","title":{"rendered":"Wi\u0119cej sukces\u00f3w czy pora\u017cek? To ju\u017c po\u0142owa kolejnej kadencji prezydenta Gliwic (TV)"},"content":{"rendered":"<div class=\"gliwi-a6-nad-leadem-artykulow gliwi-entity-placement\" id=\"gliwi-1223996162\"><div class=\"gliwi-adlabel\"><span style=\"font-size: 9px\">REKLAMA<\/span><\/div><div id=\"gliwi-3118194625\" style=\"margin-bottom: 30px;margin-left: auto;margin-right: auto;text-align: center;\"><a data-no-instant=\"1\" href=\"https:\/\/przedszkole.halogen.org.pl\/\" rel=\"noopener\" class=\"a2t-link\" target=\"_blank\" aria-label=\"20260402-ANIMATOR-przedszkole_grafika_750x200\"><img loading=\"lazy\" decoding=\"async\" src=\"https:\/\/www.24gliwice.pl\/wiadomosci\/wp-content\/uploads\/2026\/04\/20260402-ANIMATOR-przedszkole_grafika_750x200.webp\" alt=\"\"  srcset=\"https:\/\/www.24gliwice.pl\/wiadomosci\/wp-content\/uploads\/2026\/04\/20260402-ANIMATOR-przedszkole_grafika_750x200.webp 750w, https:\/\/www.24gliwice.pl\/wiadomosci\/wp-content\/uploads\/2026\/04\/20260402-ANIMATOR-przedszkole_grafika_750x200-410x109.webp 410w\" sizes=\"(max-width: 750px) 100vw, 750px\" class=\"no-lazyload\" width=\"750\" height=\"200\"  style=\"display: inline-block; max-width: 100%; height: auto;\" \/><\/a><\/div><\/div><p><img loading=\"lazy\" decoding=\"async\" src=\"http:\/\/www.24gliwice.pl\/wiadomosci\/wp-content\/uploads\/2012\/12\/polmetek660-510x286.jpg\" alt=\"\" title=\"\" width=\"510\" height=\"286\" class=\"aligncenter size-medium wp-image-47534\" srcset=\"https:\/\/www.24gliwice.pl\/wiadomosci\/wp-content\/uploads\/2012\/12\/polmetek660-510x286.jpg 510w, https:\/\/www.24gliwice.pl\/wiadomosci\/wp-content\/uploads\/2012\/12\/polmetek660-600x337.jpg 600w, https:\/\/www.24gliwice.pl\/wiadomosci\/wp-content\/uploads\/2012\/12\/polmetek660.jpg 660w\" sizes=\"auto, (max-width: 510px) 100vw, 510px\" \/>Na pocz\u0105tku grudnia mijaj\u0105 dwa lata od ostatnich wybor\u00f3w prezydenckich wygranych przez Zygmunta Frankiewicza. <\/p>\n<h3>To dobra okazja, \u017ceby zapyta\u0107 przedstawicieli \u015bwiata lokalnej polityki o ocen\u0119 pracy prezydenta na p\u00f3\u0142metku trwaj\u0105cej kadencji.<\/h3>\n<p><!--more--><\/p>\n<p>Nasi rozm\u00f3wcy &#8211; <strong>Zbigniew Wygoda<\/strong> i <strong>Jaros\u0142aw Wieczorek<\/strong> &#8211; wymieniaj\u0105 sukcesy i pora\u017cki prezydenta Frankiewicza w ostatnich dw\u00f3ch latach.<\/p><div class=\"gliwi-a3-w-tresci-artykulow gliwi-entity-placement\" id=\"gliwi-1250337656\"><div class=\"gliwi-adlabel\"><span style=\"font-size: 9px\">REKLAMA<\/span><\/div><div id=\"gliwi-3717714497\" style=\"margin-bottom: 30px;margin-left: auto;margin-right: auto;text-align: center;\"><a data-no-instant=\"1\" href=\"https:\/\/ogrodyandersa.pl\/\" rel=\"noopener\" class=\"a2t-link\" target=\"_blank\" aria-label=\"20260415 Ogrody Andersa KUP TERAZ D\"><img loading=\"lazy\" decoding=\"async\" src=\"https:\/\/www.24gliwice.pl\/wiadomosci\/wp-content\/uploads\/2026\/04\/20260415-Ogrody-Andersa-KUP-TERAZ-D.jpg\" alt=\"\"  srcset=\"https:\/\/www.24gliwice.pl\/wiadomosci\/wp-content\/uploads\/2026\/04\/20260415-Ogrody-Andersa-KUP-TERAZ-D.jpg 750w, https:\/\/www.24gliwice.pl\/wiadomosci\/wp-content\/uploads\/2026\/04\/20260415-Ogrody-Andersa-KUP-TERAZ-D-410x109.jpg 410w\" sizes=\"(max-width: 750px) 100vw, 750px\" class=\"no-lazyload\" width=\"750\" height=\"200\"  style=\"display: inline-block; max-width: 100%; height: auto;\" \/><\/a><\/div><\/div>\n[flashvideo file=&#8221;http:\/\/24gliwice.pl\/tv\/20121205_polmetek.flv&#8221; \/] Realizacja Micha\u0142 Pac Pomarnacki, \u0141ukasz Gawin. Czyta\u0142a Katarzyna Klimek.<\/p>\n<p>Niestety, zaproszenia do podsumowania swojej pracy nie przyj\u0105\u0142 sam Zygmunt Frankiewicz. &#8220;Jak do tej pory, pan prezydent Zygmunt Frankiewicz na koniec kadencji szczeg\u00f3\u0142owo rozliczy si\u0119 z czteroletniej pracy na rzecz naszego miasta, z obietnic wyborczych sk\u0142adanych gliwiczanom w 2010 roku. Na rzetelne podsumowanie jest jeszcze za wcze\u015bnie. Wiele projekt\u00f3w jest na r\u00f3\u017cnych etapach realizacji, a dzia\u0142ania bie\u017c\u0105ce oceniane s\u0105 na bie\u017c\u0105co&#8221; &#8211; przekaza\u0142 nam <strong>Marek Jarz\u0119bowski<\/strong>, rzecznik prezydenta.<br \/>\n.<\/p>\n[poll id=&#8221;57&#8243;]\n[poll id=&#8221;58&#8243;]\n<div class=\"gliwi-a5-na-koncu-artykulow gliwi-entity-placement\" id=\"gliwi-150593239\"><div class=\"gliwi-adlabel\"><span style=\"font-size: 9px\">REKLAMA<\/span><\/div><div id=\"gliwi-3499659045\" style=\"margin-left: auto;margin-right: auto;text-align: center;\"><a data-no-instant=\"1\" href=\"https:\/\/prezeroarenagliwice.pl\/\" rel=\"noopener\" class=\"a2t-link\" target=\"_blank\" aria-label=\"20260309-PREZERO-WIOSNA-D\"><img loading=\"lazy\" decoding=\"async\" src=\"https:\/\/www.24gliwice.pl\/wiadomosci\/wp-content\/uploads\/2026\/03\/20260309-PREZERO-WIOSNA-D.webp\" alt=\"\"  srcset=\"https:\/\/www.24gliwice.pl\/wiadomosci\/wp-content\/uploads\/2026\/03\/20260309-PREZERO-WIOSNA-D.webp 750w, https:\/\/www.24gliwice.pl\/wiadomosci\/wp-content\/uploads\/2026\/03\/20260309-PREZERO-WIOSNA-D-410x109.webp 410w\" sizes=\"(max-width: 750px) 100vw, 750px\" class=\"no-lazyload\" width=\"750\" height=\"200\"  style=\"display: inline-block; max-width: 100%; height: auto;\" \/><\/a><\/div><\/div>","protected":false},"excerpt":{"rendered":"<p>ZYGMUNT FRANKIEWICZ SPRAWUJE URZ\u0104D PREZYDENTA OD 1993 ROKU<\/p>\n","protected":false},"author":9,"featured_media":69891,"comment_status":"open","ping_status":"closed","sticky":false,"template":"","format":"standard","meta":{"_monsterinsights_skip_tracking":false,"_monsterinsights_sitenote_active":false,"_monsterinsights_sitenote_note":"","_monsterinsights_sitenote_category":0,"footnotes":"","_links_to":"","_links_to_target":""},"categories":[3,1,9,8,4],"tags":[1248,3523,1717,1677,3516,1659,998,1713,394,3522,688,3493,1268,1585,1249,34,3446,2988,3518,32],"class_list":["post-47510","post","type-post","status-publish","format-standard","has-post-thumbnail","hentry","category-gliwice","category-wszystko","category-aktualnosci_lokalne","category-samorzad_polityka","category-telewizja-gliwice","tag-aktualnosci-gliwice","tag-budowa-hal-sportowych-gliwice","tag-frankiewicz-gliwice","tag-gliwice-24-wiadomosci","tag-gliwice-polityka-samorzad","tag-gliwice-wiadomosci","tag-hala-podium-gliwice","tag-info-gliwice","tag-informacje-z-gliwic","tag-inwestycje-w-gliwicach","tag-jaroslaw-wieczorek","tag-lipy-gliwice","tag-marek-jarzebowski","tag-obwodnica-zachodnia-gliwice","tag-portal-gliwice","tag-tv-gliwice","tag-wiadomosci-lokalne-gliwice","tag-wta-gliwice","tag-wybory-samorzadowe-gliwice","tag-zbigniew-wygoda"],"yoast_head":"<!-- This site is optimized with the Yoast SEO plugin v27.5 - https:\/\/yoast.com\/product\/yoast-seo-wordpress\/ -->\n<title>Wi\u0119cej sukces\u00f3w czy pora\u017cek? To ju\u017c po\u0142owa kolejnej kadencji prezydenta Gliwic (TV) - 24GLIWICE - Portal Gliwice | codziennie nowe informacje<\/title>\n<meta name=\"robots\" content=\"index, follow, max-snippet:-1, max-image-preview:large, max-video-preview:-1\" \/>\n<link rel=\"canonical\" href=\"https:\/\/www.24gliwice.pl\/wiadomosci\/wiecej-sukcesow-czy-porazek-to-juz-polowa-kolejnej-kadencji-prezydenta-gliwic-tv\/\" \/>\n<meta property=\"og:locale\" content=\"pl_PL\" \/>\n<meta property=\"og:type\" content=\"article\" \/>\n<meta property=\"og:title\" content=\"Wi\u0119cej sukces\u00f3w czy pora\u017cek? To ju\u017c po\u0142owa kolejnej kadencji prezydenta Gliwic (TV) - 24GLIWICE - Portal Gliwice | codziennie nowe informacje\" \/>\n<meta property=\"og:description\" content=\"ZYGMUNT FRANKIEWICZ SPRAWUJE URZ\u0104D PREZYDENTA OD 1993 ROKU\" \/>\n<meta property=\"og:url\" content=\"https:\/\/www.24gliwice.pl\/wiadomosci\/wiecej-sukcesow-czy-porazek-to-juz-polowa-kolejnej-kadencji-prezydenta-gliwic-tv\/\" \/>\n<meta property=\"og:site_name\" content=\"24GLIWICE - Portal Gliwice | codziennie nowe informacje\" \/>\n<meta property=\"article:publisher\" content=\"https:\/\/www.facebook.com\/24gliwice\" \/>\n<meta property=\"article:published_time\" content=\"2012-12-05T21:52:24+00:00\" \/>\n<meta property=\"article:modified_time\" content=\"2013-11-27T20:12:38+00:00\" \/>\n<meta property=\"og:image\" content=\"https:\/\/www.24gliwice.pl\/wiadomosci\/wp-content\/uploads\/2015\/05\/polmetek660-510x286.jpg\" \/>\n\t<meta property=\"og:image:width\" content=\"510\" \/>\n\t<meta property=\"og:image:height\" content=\"286\" \/>\n\t<meta property=\"og:image:type\" content=\"image\/jpeg\" \/>\n<meta name=\"author\" content=\"Micha\u0142 Pac Pomarnacki\" \/>\n<meta name=\"twitter:card\" content=\"summary_large_image\" \/>\n<meta name=\"twitter:creator\" content=\"@24gliwice\" \/>\n<meta name=\"twitter:site\" content=\"@24gliwice\" \/>\n<meta name=\"twitter:label1\" content=\"Napisane przez\" \/>\n\t<meta name=\"twitter:data1\" content=\"Micha\u0142 Pac Pomarnacki\" \/>\n\t<meta name=\"twitter:label2\" content=\"Szacowany czas czytania\" \/>\n\t<meta name=\"twitter:data2\" content=\"1 minuta\" \/>\n<script type=\"application\/ld+json\" class=\"yoast-schema-graph\">{\"@context\":\"https:\\\/\\\/schema.org\",\"@graph\":[{\"@type\":\"Article\",\"@id\":\"https:\\\/\\\/www.24gliwice.pl\\\/wiadomosci\\\/wiecej-sukcesow-czy-porazek-to-juz-polowa-kolejnej-kadencji-prezydenta-gliwic-tv\\\/#article\",\"isPartOf\":{\"@id\":\"https:\\\/\\\/www.24gliwice.pl\\\/wiadomosci\\\/wiecej-sukcesow-czy-porazek-to-juz-polowa-kolejnej-kadencji-prezydenta-gliwic-tv\\\/\"},\"author\":{\"name\":\"Micha\u0142 Pac Pomarnacki\",\"@id\":\"https:\\\/\\\/www.24gliwice.pl\\\/wiadomosci\\\/#\\\/schema\\\/person\\\/e8da54997491e33627cd906831f36a5f\"},\"headline\":\"Wi\u0119cej sukces\u00f3w czy pora\u017cek? To ju\u017c po\u0142owa kolejnej kadencji prezydenta Gliwic (TV)\",\"datePublished\":\"2012-12-05T21:52:24+00:00\",\"dateModified\":\"2013-11-27T20:12:38+00:00\",\"mainEntityOfPage\":{\"@id\":\"https:\\\/\\\/www.24gliwice.pl\\\/wiadomosci\\\/wiecej-sukcesow-czy-porazek-to-juz-polowa-kolejnej-kadencji-prezydenta-gliwic-tv\\\/\"},\"wordCount\":172,\"commentCount\":0,\"publisher\":{\"@id\":\"https:\\\/\\\/www.24gliwice.pl\\\/wiadomosci\\\/#organization\"},\"image\":{\"@id\":\"https:\\\/\\\/www.24gliwice.pl\\\/wiadomosci\\\/wiecej-sukcesow-czy-porazek-to-juz-polowa-kolejnej-kadencji-prezydenta-gliwic-tv\\\/#primaryimage\"},\"thumbnailUrl\":\"https:\\\/\\\/www.24gliwice.pl\\\/wiadomosci\\\/wp-content\\\/uploads\\\/2015\\\/05\\\/polmetek660-510x286.jpg\",\"keywords\":[\"AKTUALNO\u015aCI GLIWICE\",\"budowa hal sportowych gliwice\",\"frankiewicz gliwice\",\"gliwice 24 wiadomo\u015bci\",\"gliwice polityka samorz\u0105d\",\"GLIWICE WIADOMO\u015aCI\",\"hala podium gliwice\",\"INFO GLIWICE\",\"INFORMACJE Z GLIWIC\",\"inwestycje w gliwicach\",\"JAROS\u0141AW WIECZOREK\",\"LIPY GLIWICE\",\"MAREK JARZ\u0118BOWSKI\",\"obwodnica zachodnia gliwice\",\"PORTAL GLIWICE\",\"TV GLIWICE\",\"wiadomo\u015bci lokalne gliwice\",\"wta gliwice\",\"WYBORY SAMORZ\u0104DOWE GLIWICE\",\"ZBIGNIEW WYGODA\"],\"articleSection\":[\"Gliwice\",\"Najnowsze wiadomo\u015bci\",\"Portal Gliwice - Wiadomo\u015bci lokalne\",\"Samorz\u0105d, polityka\",\"Telewizja, materia\u0142y wideo\"],\"inLanguage\":\"pl-PL\",\"potentialAction\":[{\"@type\":\"CommentAction\",\"name\":\"Comment\",\"target\":[\"https:\\\/\\\/www.24gliwice.pl\\\/wiadomosci\\\/wiecej-sukcesow-czy-porazek-to-juz-polowa-kolejnej-kadencji-prezydenta-gliwic-tv\\\/#respond\"]}]},{\"@type\":\"WebPage\",\"@id\":\"https:\\\/\\\/www.24gliwice.pl\\\/wiadomosci\\\/wiecej-sukcesow-czy-porazek-to-juz-polowa-kolejnej-kadencji-prezydenta-gliwic-tv\\\/\",\"url\":\"https:\\\/\\\/www.24gliwice.pl\\\/wiadomosci\\\/wiecej-sukcesow-czy-porazek-to-juz-polowa-kolejnej-kadencji-prezydenta-gliwic-tv\\\/\",\"name\":\"Wi\u0119cej sukces\u00f3w czy pora\u017cek? To ju\u017c po\u0142owa kolejnej kadencji prezydenta Gliwic (TV) - 24GLIWICE - Portal Gliwice | codziennie nowe informacje\",\"isPartOf\":{\"@id\":\"https:\\\/\\\/www.24gliwice.pl\\\/wiadomosci\\\/#website\"},\"primaryImageOfPage\":{\"@id\":\"https:\\\/\\\/www.24gliwice.pl\\\/wiadomosci\\\/wiecej-sukcesow-czy-porazek-to-juz-polowa-kolejnej-kadencji-prezydenta-gliwic-tv\\\/#primaryimage\"},\"image\":{\"@id\":\"https:\\\/\\\/www.24gliwice.pl\\\/wiadomosci\\\/wiecej-sukcesow-czy-porazek-to-juz-polowa-kolejnej-kadencji-prezydenta-gliwic-tv\\\/#primaryimage\"},\"thumbnailUrl\":\"https:\\\/\\\/www.24gliwice.pl\\\/wiadomosci\\\/wp-content\\\/uploads\\\/2015\\\/05\\\/polmetek660-510x286.jpg\",\"datePublished\":\"2012-12-05T21:52:24+00:00\",\"dateModified\":\"2013-11-27T20:12:38+00:00\",\"breadcrumb\":{\"@id\":\"https:\\\/\\\/www.24gliwice.pl\\\/wiadomosci\\\/wiecej-sukcesow-czy-porazek-to-juz-polowa-kolejnej-kadencji-prezydenta-gliwic-tv\\\/#breadcrumb\"},\"inLanguage\":\"pl-PL\",\"potentialAction\":[{\"@type\":\"ReadAction\",\"target\":[\"https:\\\/\\\/www.24gliwice.pl\\\/wiadomosci\\\/wiecej-sukcesow-czy-porazek-to-juz-polowa-kolejnej-kadencji-prezydenta-gliwic-tv\\\/\"]}]},{\"@type\":\"ImageObject\",\"inLanguage\":\"pl-PL\",\"@id\":\"https:\\\/\\\/www.24gliwice.pl\\\/wiadomosci\\\/wiecej-sukcesow-czy-porazek-to-juz-polowa-kolejnej-kadencji-prezydenta-gliwic-tv\\\/#primaryimage\",\"url\":\"https:\\\/\\\/www.24gliwice.pl\\\/wiadomosci\\\/wp-content\\\/uploads\\\/2015\\\/05\\\/polmetek660-510x286.jpg\",\"contentUrl\":\"https:\\\/\\\/www.24gliwice.pl\\\/wiadomosci\\\/wp-content\\\/uploads\\\/2015\\\/05\\\/polmetek660-510x286.jpg\",\"width\":510,\"height\":286},{\"@type\":\"BreadcrumbList\",\"@id\":\"https:\\\/\\\/www.24gliwice.pl\\\/wiadomosci\\\/wiecej-sukcesow-czy-porazek-to-juz-polowa-kolejnej-kadencji-prezydenta-gliwic-tv\\\/#breadcrumb\",\"itemListElement\":[{\"@type\":\"ListItem\",\"position\":1,\"name\":\"Strona g\u0142\u00f3wna\",\"item\":\"https:\\\/\\\/www.24gliwice.pl\\\/wiadomosci\\\/\"},{\"@type\":\"ListItem\",\"position\":2,\"name\":\"Wi\u0119cej sukces\u00f3w czy pora\u017cek? To ju\u017c po\u0142owa kolejnej kadencji prezydenta Gliwic (TV)\"}]},{\"@type\":\"WebSite\",\"@id\":\"https:\\\/\\\/www.24gliwice.pl\\\/wiadomosci\\\/#website\",\"url\":\"https:\\\/\\\/www.24gliwice.pl\\\/wiadomosci\\\/\",\"name\":\"24GLIWICE - Portal Gliwice | codziennie nowe wiadomo\u015bci\",\"description\":\"Portal Miejski Gliwice\",\"publisher\":{\"@id\":\"https:\\\/\\\/www.24gliwice.pl\\\/wiadomosci\\\/#organization\"},\"potentialAction\":[{\"@type\":\"SearchAction\",\"target\":{\"@type\":\"EntryPoint\",\"urlTemplate\":\"https:\\\/\\\/www.24gliwice.pl\\\/wiadomosci\\\/?s={search_term_string}\"},\"query-input\":{\"@type\":\"PropertyValueSpecification\",\"valueRequired\":true,\"valueName\":\"search_term_string\"}}],\"inLanguage\":\"pl-PL\"},{\"@type\":\"Organization\",\"@id\":\"https:\\\/\\\/www.24gliwice.pl\\\/wiadomosci\\\/#organization\",\"name\":\"24gliwice\",\"url\":\"https:\\\/\\\/www.24gliwice.pl\\\/wiadomosci\\\/\",\"logo\":{\"@type\":\"ImageObject\",\"inLanguage\":\"pl-PL\",\"@id\":\"https:\\\/\\\/www.24gliwice.pl\\\/wiadomosci\\\/#\\\/schema\\\/logo\\\/image\\\/\",\"url\":\"https:\\\/\\\/www.24gliwice.pl\\\/wiadomosci\\\/wp-content\\\/uploads\\\/2024\\\/10\\\/24gliwice-logo-696.jpg\",\"contentUrl\":\"https:\\\/\\\/www.24gliwice.pl\\\/wiadomosci\\\/wp-content\\\/uploads\\\/2024\\\/10\\\/24gliwice-logo-696.jpg\",\"width\":696,\"height\":696,\"caption\":\"24gliwice\"},\"image\":{\"@id\":\"https:\\\/\\\/www.24gliwice.pl\\\/wiadomosci\\\/#\\\/schema\\\/logo\\\/image\\\/\"},\"sameAs\":[\"https:\\\/\\\/www.facebook.com\\\/24gliwice\",\"https:\\\/\\\/x.com\\\/24gliwice\",\"https:\\\/\\\/www.youtube.com\\\/@24gliwice\"]},{\"@type\":\"Person\",\"@id\":\"https:\\\/\\\/www.24gliwice.pl\\\/wiadomosci\\\/#\\\/schema\\\/person\\\/e8da54997491e33627cd906831f36a5f\",\"name\":\"Micha\u0142 Pac Pomarnacki\",\"image\":{\"@type\":\"ImageObject\",\"inLanguage\":\"pl-PL\",\"@id\":\"https:\\\/\\\/secure.gravatar.com\\\/avatar\\\/343de11c8c9ab8b0043d7704e0a0177a62007e8bf59c5948e4e4495298a46f1b?s=96&d=mm&r=g\",\"url\":\"https:\\\/\\\/secure.gravatar.com\\\/avatar\\\/343de11c8c9ab8b0043d7704e0a0177a62007e8bf59c5948e4e4495298a46f1b?s=96&d=mm&r=g\",\"contentUrl\":\"https:\\\/\\\/secure.gravatar.com\\\/avatar\\\/343de11c8c9ab8b0043d7704e0a0177a62007e8bf59c5948e4e4495298a46f1b?s=96&d=mm&r=g\",\"caption\":\"Micha\u0142 Pac Pomarnacki\"},\"url\":\"https:\\\/\\\/www.24gliwice.pl\\\/wiadomosci\\\/author\\\/mpp\\\/\"}]}<\/script>\n<!-- \/ Yoast SEO plugin. -->","yoast_head_json":{"title":"Wi\u0119cej sukces\u00f3w czy pora\u017cek? To ju\u017c po\u0142owa kolejnej kadencji prezydenta Gliwic (TV) - 24GLIWICE - Portal Gliwice | codziennie nowe informacje","robots":{"index":"index","follow":"follow","max-snippet":"max-snippet:-1","max-image-preview":"max-image-preview:large","max-video-preview":"max-video-preview:-1"},"canonical":"https:\/\/www.24gliwice.pl\/wiadomosci\/wiecej-sukcesow-czy-porazek-to-juz-polowa-kolejnej-kadencji-prezydenta-gliwic-tv\/","og_locale":"pl_PL","og_type":"article","og_title":"Wi\u0119cej sukces\u00f3w czy pora\u017cek? To ju\u017c po\u0142owa kolejnej kadencji prezydenta Gliwic (TV) - 24GLIWICE - Portal Gliwice | codziennie nowe informacje","og_description":"ZYGMUNT FRANKIEWICZ SPRAWUJE URZ\u0104D PREZYDENTA OD 1993 ROKU","og_url":"https:\/\/www.24gliwice.pl\/wiadomosci\/wiecej-sukcesow-czy-porazek-to-juz-polowa-kolejnej-kadencji-prezydenta-gliwic-tv\/","og_site_name":"24GLIWICE - Portal Gliwice | codziennie nowe informacje","article_publisher":"https:\/\/www.facebook.com\/24gliwice","article_published_time":"2012-12-05T21:52:24+00:00","article_modified_time":"2013-11-27T20:12:38+00:00","og_image":[{"width":510,"height":286,"url":"https:\/\/www.24gliwice.pl\/wiadomosci\/wp-content\/uploads\/2015\/05\/polmetek660-510x286.jpg","type":"image\/jpeg"}],"author":"Micha\u0142 Pac Pomarnacki","twitter_card":"summary_large_image","twitter_creator":"@24gliwice","twitter_site":"@24gliwice","twitter_misc":{"Napisane przez":"Micha\u0142 Pac Pomarnacki","Szacowany czas czytania":"1 minuta"},"schema":{"@context":"https:\/\/schema.org","@graph":[{"@type":"Article","@id":"https:\/\/www.24gliwice.pl\/wiadomosci\/wiecej-sukcesow-czy-porazek-to-juz-polowa-kolejnej-kadencji-prezydenta-gliwic-tv\/#article","isPartOf":{"@id":"https:\/\/www.24gliwice.pl\/wiadomosci\/wiecej-sukcesow-czy-porazek-to-juz-polowa-kolejnej-kadencji-prezydenta-gliwic-tv\/"},"author":{"name":"Micha\u0142 Pac Pomarnacki","@id":"https:\/\/www.24gliwice.pl\/wiadomosci\/#\/schema\/person\/e8da54997491e33627cd906831f36a5f"},"headline":"Wi\u0119cej sukces\u00f3w czy pora\u017cek? To ju\u017c po\u0142owa kolejnej kadencji prezydenta Gliwic (TV)","datePublished":"2012-12-05T21:52:24+00:00","dateModified":"2013-11-27T20:12:38+00:00","mainEntityOfPage":{"@id":"https:\/\/www.24gliwice.pl\/wiadomosci\/wiecej-sukcesow-czy-porazek-to-juz-polowa-kolejnej-kadencji-prezydenta-gliwic-tv\/"},"wordCount":172,"commentCount":0,"publisher":{"@id":"https:\/\/www.24gliwice.pl\/wiadomosci\/#organization"},"image":{"@id":"https:\/\/www.24gliwice.pl\/wiadomosci\/wiecej-sukcesow-czy-porazek-to-juz-polowa-kolejnej-kadencji-prezydenta-gliwic-tv\/#primaryimage"},"thumbnailUrl":"https:\/\/www.24gliwice.pl\/wiadomosci\/wp-content\/uploads\/2015\/05\/polmetek660-510x286.jpg","keywords":["AKTUALNO\u015aCI GLIWICE","budowa hal sportowych gliwice","frankiewicz gliwice","gliwice 24 wiadomo\u015bci","gliwice polityka samorz\u0105d","GLIWICE WIADOMO\u015aCI","hala podium gliwice","INFO GLIWICE","INFORMACJE Z GLIWIC","inwestycje w gliwicach","JAROS\u0141AW WIECZOREK","LIPY GLIWICE","MAREK JARZ\u0118BOWSKI","obwodnica zachodnia gliwice","PORTAL GLIWICE","TV GLIWICE","wiadomo\u015bci lokalne gliwice","wta gliwice","WYBORY SAMORZ\u0104DOWE GLIWICE","ZBIGNIEW WYGODA"],"articleSection":["Gliwice","Najnowsze wiadomo\u015bci","Portal Gliwice - Wiadomo\u015bci lokalne","Samorz\u0105d, polityka","Telewizja, materia\u0142y wideo"],"inLanguage":"pl-PL","potentialAction":[{"@type":"CommentAction","name":"Comment","target":["https:\/\/www.24gliwice.pl\/wiadomosci\/wiecej-sukcesow-czy-porazek-to-juz-polowa-kolejnej-kadencji-prezydenta-gliwic-tv\/#respond"]}]},{"@type":"WebPage","@id":"https:\/\/www.24gliwice.pl\/wiadomosci\/wiecej-sukcesow-czy-porazek-to-juz-polowa-kolejnej-kadencji-prezydenta-gliwic-tv\/","url":"https:\/\/www.24gliwice.pl\/wiadomosci\/wiecej-sukcesow-czy-porazek-to-juz-polowa-kolejnej-kadencji-prezydenta-gliwic-tv\/","name":"Wi\u0119cej sukces\u00f3w czy pora\u017cek? To ju\u017c po\u0142owa kolejnej kadencji prezydenta Gliwic (TV) - 24GLIWICE - Portal Gliwice | codziennie nowe informacje","isPartOf":{"@id":"https:\/\/www.24gliwice.pl\/wiadomosci\/#website"},"primaryImageOfPage":{"@id":"https:\/\/www.24gliwice.pl\/wiadomosci\/wiecej-sukcesow-czy-porazek-to-juz-polowa-kolejnej-kadencji-prezydenta-gliwic-tv\/#primaryimage"},"image":{"@id":"https:\/\/www.24gliwice.pl\/wiadomosci\/wiecej-sukcesow-czy-porazek-to-juz-polowa-kolejnej-kadencji-prezydenta-gliwic-tv\/#primaryimage"},"thumbnailUrl":"https:\/\/www.24gliwice.pl\/wiadomosci\/wp-content\/uploads\/2015\/05\/polmetek660-510x286.jpg","datePublished":"2012-12-05T21:52:24+00:00","dateModified":"2013-11-27T20:12:38+00:00","breadcrumb":{"@id":"https:\/\/www.24gliwice.pl\/wiadomosci\/wiecej-sukcesow-czy-porazek-to-juz-polowa-kolejnej-kadencji-prezydenta-gliwic-tv\/#breadcrumb"},"inLanguage":"pl-PL","potentialAction":[{"@type":"ReadAction","target":["https:\/\/www.24gliwice.pl\/wiadomosci\/wiecej-sukcesow-czy-porazek-to-juz-polowa-kolejnej-kadencji-prezydenta-gliwic-tv\/"]}]},{"@type":"ImageObject","inLanguage":"pl-PL","@id":"https:\/\/www.24gliwice.pl\/wiadomosci\/wiecej-sukcesow-czy-porazek-to-juz-polowa-kolejnej-kadencji-prezydenta-gliwic-tv\/#primaryimage","url":"https:\/\/www.24gliwice.pl\/wiadomosci\/wp-content\/uploads\/2015\/05\/polmetek660-510x286.jpg","contentUrl":"https:\/\/www.24gliwice.pl\/wiadomosci\/wp-content\/uploads\/2015\/05\/polmetek660-510x286.jpg","width":510,"height":286},{"@type":"BreadcrumbList","@id":"https:\/\/www.24gliwice.pl\/wiadomosci\/wiecej-sukcesow-czy-porazek-to-juz-polowa-kolejnej-kadencji-prezydenta-gliwic-tv\/#breadcrumb","itemListElement":[{"@type":"ListItem","position":1,"name":"Strona g\u0142\u00f3wna","item":"https:\/\/www.24gliwice.pl\/wiadomosci\/"},{"@type":"ListItem","position":2,"name":"Wi\u0119cej sukces\u00f3w czy pora\u017cek? To ju\u017c po\u0142owa kolejnej kadencji prezydenta Gliwic (TV)"}]},{"@type":"WebSite","@id":"https:\/\/www.24gliwice.pl\/wiadomosci\/#website","url":"https:\/\/www.24gliwice.pl\/wiadomosci\/","name":"24GLIWICE - Portal Gliwice | codziennie nowe wiadomo\u015bci","description":"Portal Miejski Gliwice","publisher":{"@id":"https:\/\/www.24gliwice.pl\/wiadomosci\/#organization"},"potentialAction":[{"@type":"SearchAction","target":{"@type":"EntryPoint","urlTemplate":"https:\/\/www.24gliwice.pl\/wiadomosci\/?s={search_term_string}"},"query-input":{"@type":"PropertyValueSpecification","valueRequired":true,"valueName":"search_term_string"}}],"inLanguage":"pl-PL"},{"@type":"Organization","@id":"https:\/\/www.24gliwice.pl\/wiadomosci\/#organization","name":"24gliwice","url":"https:\/\/www.24gliwice.pl\/wiadomosci\/","logo":{"@type":"ImageObject","inLanguage":"pl-PL","@id":"https:\/\/www.24gliwice.pl\/wiadomosci\/#\/schema\/logo\/image\/","url":"https:\/\/www.24gliwice.pl\/wiadomosci\/wp-content\/uploads\/2024\/10\/24gliwice-logo-696.jpg","contentUrl":"https:\/\/www.24gliwice.pl\/wiadomosci\/wp-content\/uploads\/2024\/10\/24gliwice-logo-696.jpg","width":696,"height":696,"caption":"24gliwice"},"image":{"@id":"https:\/\/www.24gliwice.pl\/wiadomosci\/#\/schema\/logo\/image\/"},"sameAs":["https:\/\/www.facebook.com\/24gliwice","https:\/\/x.com\/24gliwice","https:\/\/www.youtube.com\/@24gliwice"]},{"@type":"Person","@id":"https:\/\/www.24gliwice.pl\/wiadomosci\/#\/schema\/person\/e8da54997491e33627cd906831f36a5f","name":"Micha\u0142 Pac Pomarnacki","image":{"@type":"ImageObject","inLanguage":"pl-PL","@id":"https:\/\/secure.gravatar.com\/avatar\/343de11c8c9ab8b0043d7704e0a0177a62007e8bf59c5948e4e4495298a46f1b?s=96&d=mm&r=g","url":"https:\/\/secure.gravatar.com\/avatar\/343de11c8c9ab8b0043d7704e0a0177a62007e8bf59c5948e4e4495298a46f1b?s=96&d=mm&r=g","contentUrl":"https:\/\/secure.gravatar.com\/avatar\/343de11c8c9ab8b0043d7704e0a0177a62007e8bf59c5948e4e4495298a46f1b?s=96&d=mm&r=g","caption":"Micha\u0142 Pac Pomarnacki"},"url":"https:\/\/www.24gliwice.pl\/wiadomosci\/author\/mpp\/"}]}},"_links":{"self":[{"href":"https:\/\/www.24gliwice.pl\/wiadomosci\/wp-json\/wp\/v2\/posts\/47510","targetHints":{"allow":["GET"]}}],"collection":[{"href":"https:\/\/www.24gliwice.pl\/wiadomosci\/wp-json\/wp\/v2\/posts"}],"about":[{"href":"https:\/\/www.24gliwice.pl\/wiadomosci\/wp-json\/wp\/v2\/types\/post"}],"author":[{"embeddable":true,"href":"https:\/\/www.24gliwice.pl\/wiadomosci\/wp-json\/wp\/v2\/users\/9"}],"replies":[{"embeddable":true,"href":"https:\/\/www.24gliwice.pl\/wiadomosci\/wp-json\/wp\/v2\/comments?post=47510"}],"version-history":[{"count":0,"href":"https:\/\/www.24gliwice.pl\/wiadomosci\/wp-json\/wp\/v2\/posts\/47510\/revisions"}],"wp:featuredmedia":[{"embeddable":true,"href":"https:\/\/www.24gliwice.pl\/wiadomosci\/wp-json\/wp\/v2\/media\/69891"}],"wp:attachment":[{"href":"https:\/\/www.24gliwice.pl\/wiadomosci\/wp-json\/wp\/v2\/media?parent=47510"}],"wp:term":[{"taxonomy":"category","embeddable":true,"href":"https:\/\/www.24gliwice.pl\/wiadomosci\/wp-json\/wp\/v2\/categories?post=47510"},{"taxonomy":"post_tag","embeddable":true,"href":"https:\/\/www.24gliwice.pl\/wiadomosci\/wp-json\/wp\/v2\/tags?post=47510"}],"curies":[{"name":"wp","href":"https:\/\/api.w.org\/{rel}","templated":true}]}}