{"id":51011,"date":"2013-05-18T10:51:08","date_gmt":"2013-05-18T08:51:08","guid":{"rendered":"http:\/\/www.24gliwice.pl\/wiadomosci\/?p=51011"},"modified":"2013-06-20T22:03:23","modified_gmt":"2013-06-20T20:03:23","slug":"gliwiczanie-150-lat-temu-niesamowity-zbior-zdjec-blandowskiego-w-czytelni-sztuki-tv","status":"publish","type":"post","link":"https:\/\/www.24gliwice.pl\/wiadomosci\/gliwiczanie-150-lat-temu-niesamowity-zbior-zdjec-blandowskiego-w-czytelni-sztuki-tv\/","title":{"rendered":"Gliwiczanie 150 lat temu. Niesamowity zbi\u00f3r zdj\u0119\u0107 Blandowskiego (TV)"},"content":{"rendered":"<div class=\"gliwi-a6-nad-leadem-artykulow gliwi-entity-placement\" id=\"gliwi-1260439963\"><div class=\"gliwi-adlabel\"><span style=\"font-size: 9px\">REKLAMA<\/span><\/div><div id=\"gliwi-3850765626\" style=\"margin-bottom: 25px;margin-left: auto;margin-right: auto;text-align: center;\"><a data-no-instant=\"1\" href=\"https:\/\/dom100.eu\/\" rel=\"noopener\" class=\"a2t-link\" target=\"_blank\" aria-label=\"20260415 DOM100 D\"><img loading=\"lazy\" decoding=\"async\" src=\"https:\/\/www.24gliwice.pl\/wiadomosci\/wp-content\/uploads\/2026\/04\/20260415-DOM100-D.jpg\" alt=\"\"  srcset=\"https:\/\/www.24gliwice.pl\/wiadomosci\/wp-content\/uploads\/2026\/04\/20260415-DOM100-D.jpg 750w, https:\/\/www.24gliwice.pl\/wiadomosci\/wp-content\/uploads\/2026\/04\/20260415-DOM100-D-410x109.jpg 410w\" sizes=\"(max-width: 750px) 100vw, 750px\" class=\"no-lazyload\" width=\"750\" height=\"200\"  style=\"display: inline-block; max-width: 100%; height: auto;\" \/><\/a><\/div><\/div><h3><img loading=\"lazy\" decoding=\"async\" src=\"http:\/\/www.24gliwice.pl\/wiadomosci\/wp-content\/uploads\/2013\/05\/wielkawesz660-510x286.jpg\" alt=\"\" title=\"\" width=\"510\" height=\"286\" class=\"aligncenter size-medium wp-image-51012\" srcset=\"https:\/\/www.24gliwice.pl\/wiadomosci\/wp-content\/uploads\/2013\/05\/wielkawesz660-510x286.jpg 510w, https:\/\/www.24gliwice.pl\/wiadomosci\/wp-content\/uploads\/2013\/05\/wielkawesz660.jpg 660w\" sizes=\"auto, (max-width: 510px) 100vw, 510px\" \/>Jego \u017cywot to troch\u0119 \u017cywot szale\u0144ca, ale dzi\u0119ki niemu mo\u017cemy teraz przenie\u015b\u0107 si\u0119 w czasie o 150 lat. <\/h3>\n<p>Blandowski by\u0142 osob\u0105 kontrowersyjn\u0105, obra\u017ca\u0142 ludzi, gdy wyjecha\u0142 do Australii, poszukiwa\u0142 tam z\u0142ota, p\u00f3\u017aniej by\u0142 kuratorem muzeum w Melbourne. Gdy wr\u00f3ci\u0142 do Gliwic, w 1862 roku za\u0142o\u017cy\u0142 atelier fotograficzne. <!--more--><\/p>\n<p>Zak\u0142ad fotograficzny Blandowskiego mie\u015bci\u0142 si\u0119 w budynku, kt\u00f3ry istniej do dzisiaj, przy ulicy Bankowej.<\/p><div class=\"gliwi-a3-w-tresci-artykulow gliwi-entity-placement\" id=\"gliwi-1666924682\"><div class=\"gliwi-adlabel\"><span style=\"font-size: 9px\">REKLAMA<\/span><\/div><div id=\"gliwi-2521535990\" style=\"margin-bottom: 30px;margin-left: auto;margin-right: auto;text-align: center;\"><a data-no-instant=\"1\" href=\"https:\/\/ogrodyandersa.pl\/\" rel=\"noopener\" class=\"a2t-link\" target=\"_blank\" aria-label=\"20260415 Ogrody Andersa KUP TERAZ D\"><img loading=\"lazy\" decoding=\"async\" src=\"https:\/\/www.24gliwice.pl\/wiadomosci\/wp-content\/uploads\/2026\/04\/20260415-Ogrody-Andersa-KUP-TERAZ-D.jpg\" alt=\"\"  srcset=\"https:\/\/www.24gliwice.pl\/wiadomosci\/wp-content\/uploads\/2026\/04\/20260415-Ogrody-Andersa-KUP-TERAZ-D.jpg 750w, https:\/\/www.24gliwice.pl\/wiadomosci\/wp-content\/uploads\/2026\/04\/20260415-Ogrody-Andersa-KUP-TERAZ-D-410x109.jpg 410w\" sizes=\"(max-width: 750px) 100vw, 750px\" class=\"no-lazyload\" width=\"750\" height=\"200\"  style=\"display: inline-block; max-width: 100%; height: auto;\" \/><\/a><\/div><\/div>\n<h1>Jego fotografie s\u0105 niezwyk\u0142ej jako\u015bci. To trudny do przecenienia dokument tamtych czas\u00f3w. <\/h1>\n<p>Na zdj\u0119ciach prezentowanych na wystawie mo\u017cemy zobaczy\u0107 mieszka\u0144c\u00f3w Gliwic, fotografie portretowe, sytuacyjne, pejza\u017ce z lat 60. XIX wieku.<\/p>\n[flashvideo file=&#8221;http:\/\/www.24gliwice.pl\/tv\/20130517_blandowski2.flv&#8221; \/]Zdj\u0119cia, monta\u017c: \u0141ukasz Gawin<\/p>\n<p>Pod koniec \u017cycia Blandowski trafia do zak\u0142adu dla ob\u0142\u0105kanych w Boles\u0142awcu, gdzie sp\u0119dza 5 lat, a\u017c do \u015bmierci w 1878 roku.<\/p>\n<blockquote><p><strong>Czytelnia Sztuki, (Willa Caro, ul. Dolnych Wa\u0142\u00f3w 8a)<\/strong><br \/>\nWystawa Wilhelm von Blandowski, 1822-1878. Niespokojne odbicie<br \/>\nKurator: Wojciech Nowicki<br \/>\nOrganizator: Muzeum w Gliwicach\n<\/p><\/blockquote>\n<p>Fot. Muzeum. <strong>Kliknij, \u017ceby powi\u0119kszy\u0107.<\/strong><br \/>\n<div id=\"attachment_51023\" style=\"width: 519px\" class=\"wp-caption aligncenter\"><a href=\"http:\/\/www.24gliwice.pl\/wiadomosci\/wp-content\/uploads\/2013\/05\/gliwice.jpg\" target=\"_blank\"><img loading=\"lazy\" decoding=\"async\" aria-describedby=\"caption-attachment-51023\" src=\"http:\/\/www.24gliwice.pl\/wiadomosci\/wp-content\/uploads\/2013\/05\/gliwice-509x286.jpg\" alt=\"Na zdj\u0119ciu wida\u0107 nieistniej\u0105c\u0105 ju\u017c synagog\u0119, z lewej strony wie\u017ca ratusza, z prawej Ko\u015bci\u00f3\u0142 Wszystkich \u015awi\u0119tych\" title=\"Kliknij, \u017ceby powi\u0119kszy\u0107\" width=\"509\" height=\"286\" class=\"size-medium wp-image-51023\" \/><\/a><p id=\"caption-attachment-51023\" class=\"wp-caption-text\">Na zdj\u0119ciu wida\u0107 nieistniej\u0105c\u0105 ju\u017c synagog\u0119, z lewej strony wie\u017ca ratusza, z prawej Ko\u015bci\u00f3\u0142 Wszystkich \u015awi\u0119tych<\/p><\/div>\n<div class=\"gliwi-a5-na-koncu-artykulow gliwi-entity-placement\" id=\"gliwi-2776670315\"><div class=\"gliwi-adlabel\"><span style=\"font-size: 9px\">REKLAMA<\/span><\/div><div id=\"gliwi-226988424\" style=\"margin-left: auto;margin-right: auto;text-align: center;\"><a data-no-instant=\"1\" href=\"https:\/\/prezeroarenagliwice.pl\/\" rel=\"noopener\" class=\"a2t-link\" target=\"_blank\" aria-label=\"20260309-PREZERO-WIOSNA-D\"><img loading=\"lazy\" decoding=\"async\" src=\"https:\/\/www.24gliwice.pl\/wiadomosci\/wp-content\/uploads\/2026\/03\/20260309-PREZERO-WIOSNA-D.webp\" alt=\"\"  srcset=\"https:\/\/www.24gliwice.pl\/wiadomosci\/wp-content\/uploads\/2026\/03\/20260309-PREZERO-WIOSNA-D.webp 750w, https:\/\/www.24gliwice.pl\/wiadomosci\/wp-content\/uploads\/2026\/03\/20260309-PREZERO-WIOSNA-D-410x109.webp 410w\" sizes=\"(max-width: 750px) 100vw, 750px\" class=\"no-lazyload\" width=\"750\" height=\"200\"  style=\"display: inline-block; max-width: 100%; height: auto;\" \/><\/a><\/div><\/div>","protected":false},"excerpt":{"rendered":"<p>ZDJ\u0118CIA BLANDOWSKIEGO TO NIEZWYK\u0141Y DOKUMENT TAMTYCH CZAS\u00d3W<\/p>\n","protected":false},"author":4,"featured_media":69742,"comment_status":"open","ping_status":"closed","sticky":false,"template":"","format":"standard","meta":{"_monsterinsights_skip_tracking":false,"_monsterinsights_sitenote_active":false,"_monsterinsights_sitenote_note":"","_monsterinsights_sitenote_category":0,"footnotes":"","_links_to":"","_links_to_target":""},"categories":[7,6,1,9,4],"tags":[3004,1922,211,4068],"class_list":["post-51011","post","type-post","status-publish","format-standard","has-post-thumbnail","hentry","category-historia","category-kultura","category-wszystko","category-aktualnosci_lokalne","category-telewizja-gliwice","tag-czytelnia-sztuki","tag-historia-gliwic","tag-muzeum-w-gliwicach","tag-wilhelm-von-blandowski"],"yoast_head":"<!-- This site is optimized with the Yoast SEO plugin v27.5 - https:\/\/yoast.com\/product\/yoast-seo-wordpress\/ -->\n<title>Gliwiczanie 150 lat temu. Niesamowity zbi\u00f3r zdj\u0119\u0107 Blandowskiego (TV) - 24GLIWICE - Portal Gliwice | codziennie nowe informacje<\/title>\n<meta name=\"robots\" content=\"index, follow, max-snippet:-1, max-image-preview:large, max-video-preview:-1\" \/>\n<link rel=\"canonical\" href=\"https:\/\/www.24gliwice.pl\/wiadomosci\/gliwiczanie-150-lat-temu-niesamowity-zbior-zdjec-blandowskiego-w-czytelni-sztuki-tv\/\" \/>\n<meta property=\"og:locale\" content=\"pl_PL\" \/>\n<meta property=\"og:type\" content=\"article\" \/>\n<meta property=\"og:title\" content=\"Gliwiczanie 150 lat temu. Niesamowity zbi\u00f3r zdj\u0119\u0107 Blandowskiego (TV) - 24GLIWICE - Portal Gliwice | codziennie nowe informacje\" \/>\n<meta property=\"og:description\" content=\"ZDJ\u0118CIA BLANDOWSKIEGO TO NIEZWYK\u0141Y DOKUMENT TAMTYCH CZAS\u00d3W\" \/>\n<meta property=\"og:url\" content=\"https:\/\/www.24gliwice.pl\/wiadomosci\/gliwiczanie-150-lat-temu-niesamowity-zbior-zdjec-blandowskiego-w-czytelni-sztuki-tv\/\" \/>\n<meta property=\"og:site_name\" content=\"24GLIWICE - Portal Gliwice | codziennie nowe informacje\" \/>\n<meta property=\"article:publisher\" content=\"https:\/\/www.facebook.com\/24gliwice\" \/>\n<meta property=\"article:author\" content=\"https:\/\/www.facebook.com\/marcin.fabrykowski\" \/>\n<meta property=\"article:published_time\" content=\"2013-05-18T08:51:08+00:00\" \/>\n<meta property=\"article:modified_time\" content=\"2013-06-20T20:03:23+00:00\" \/>\n<meta property=\"og:image\" content=\"https:\/\/www.24gliwice.pl\/wiadomosci\/wp-content\/uploads\/2015\/05\/wielkawesz660-510x286.jpg\" \/>\n\t<meta property=\"og:image:width\" content=\"510\" \/>\n\t<meta property=\"og:image:height\" content=\"286\" \/>\n\t<meta property=\"og:image:type\" content=\"image\/jpeg\" \/>\n<meta name=\"author\" content=\"Marcin Fabrykowski\" \/>\n<meta name=\"twitter:card\" content=\"summary_large_image\" \/>\n<meta name=\"twitter:creator\" content=\"@24gliwice\" \/>\n<meta name=\"twitter:site\" content=\"@24gliwice\" \/>\n<meta name=\"twitter:label1\" content=\"Napisane przez\" \/>\n\t<meta name=\"twitter:data1\" content=\"Marcin Fabrykowski\" \/>\n\t<meta name=\"twitter:label2\" content=\"Szacowany czas czytania\" \/>\n\t<meta name=\"twitter:data2\" content=\"1 minuta\" \/>\n<script type=\"application\/ld+json\" class=\"yoast-schema-graph\">{\"@context\":\"https:\\\/\\\/schema.org\",\"@graph\":[{\"@type\":\"Article\",\"@id\":\"https:\\\/\\\/www.24gliwice.pl\\\/wiadomosci\\\/gliwiczanie-150-lat-temu-niesamowity-zbior-zdjec-blandowskiego-w-czytelni-sztuki-tv\\\/#article\",\"isPartOf\":{\"@id\":\"https:\\\/\\\/www.24gliwice.pl\\\/wiadomosci\\\/gliwiczanie-150-lat-temu-niesamowity-zbior-zdjec-blandowskiego-w-czytelni-sztuki-tv\\\/\"},\"author\":{\"name\":\"Marcin Fabrykowski\",\"@id\":\"https:\\\/\\\/www.24gliwice.pl\\\/wiadomosci\\\/#\\\/schema\\\/person\\\/cb5857e4a4d048c15984c1edcc8ef0c0\"},\"headline\":\"Gliwiczanie 150 lat temu. Niesamowity zbi\u00f3r zdj\u0119\u0107 Blandowskiego (TV)\",\"datePublished\":\"2013-05-18T08:51:08+00:00\",\"dateModified\":\"2013-06-20T20:03:23+00:00\",\"mainEntityOfPage\":{\"@id\":\"https:\\\/\\\/www.24gliwice.pl\\\/wiadomosci\\\/gliwiczanie-150-lat-temu-niesamowity-zbior-zdjec-blandowskiego-w-czytelni-sztuki-tv\\\/\"},\"wordCount\":212,\"commentCount\":0,\"publisher\":{\"@id\":\"https:\\\/\\\/www.24gliwice.pl\\\/wiadomosci\\\/#organization\"},\"image\":{\"@id\":\"https:\\\/\\\/www.24gliwice.pl\\\/wiadomosci\\\/gliwiczanie-150-lat-temu-niesamowity-zbior-zdjec-blandowskiego-w-czytelni-sztuki-tv\\\/#primaryimage\"},\"thumbnailUrl\":\"https:\\\/\\\/www.24gliwice.pl\\\/wiadomosci\\\/wp-content\\\/uploads\\\/2015\\\/05\\\/wielkawesz660-510x286.jpg\",\"keywords\":[\"Czytelnia Sztuki\",\"HISTORIA GLIWIC\",\"MUZEUM W GLIWICACH\",\"Wilhelm von Blandowski\"],\"articleSection\":[\"Historia\",\"Kultura, wydarzenia, imprezy\",\"Najnowsze wiadomo\u015bci\",\"Portal Gliwice - Wiadomo\u015bci lokalne\",\"Telewizja, materia\u0142y wideo\"],\"inLanguage\":\"pl-PL\",\"potentialAction\":[{\"@type\":\"CommentAction\",\"name\":\"Comment\",\"target\":[\"https:\\\/\\\/www.24gliwice.pl\\\/wiadomosci\\\/gliwiczanie-150-lat-temu-niesamowity-zbior-zdjec-blandowskiego-w-czytelni-sztuki-tv\\\/#respond\"]}]},{\"@type\":\"WebPage\",\"@id\":\"https:\\\/\\\/www.24gliwice.pl\\\/wiadomosci\\\/gliwiczanie-150-lat-temu-niesamowity-zbior-zdjec-blandowskiego-w-czytelni-sztuki-tv\\\/\",\"url\":\"https:\\\/\\\/www.24gliwice.pl\\\/wiadomosci\\\/gliwiczanie-150-lat-temu-niesamowity-zbior-zdjec-blandowskiego-w-czytelni-sztuki-tv\\\/\",\"name\":\"Gliwiczanie 150 lat temu. Niesamowity zbi\u00f3r zdj\u0119\u0107 Blandowskiego (TV) - 24GLIWICE - Portal Gliwice | codziennie nowe informacje\",\"isPartOf\":{\"@id\":\"https:\\\/\\\/www.24gliwice.pl\\\/wiadomosci\\\/#website\"},\"primaryImageOfPage\":{\"@id\":\"https:\\\/\\\/www.24gliwice.pl\\\/wiadomosci\\\/gliwiczanie-150-lat-temu-niesamowity-zbior-zdjec-blandowskiego-w-czytelni-sztuki-tv\\\/#primaryimage\"},\"image\":{\"@id\":\"https:\\\/\\\/www.24gliwice.pl\\\/wiadomosci\\\/gliwiczanie-150-lat-temu-niesamowity-zbior-zdjec-blandowskiego-w-czytelni-sztuki-tv\\\/#primaryimage\"},\"thumbnailUrl\":\"https:\\\/\\\/www.24gliwice.pl\\\/wiadomosci\\\/wp-content\\\/uploads\\\/2015\\\/05\\\/wielkawesz660-510x286.jpg\",\"datePublished\":\"2013-05-18T08:51:08+00:00\",\"dateModified\":\"2013-06-20T20:03:23+00:00\",\"breadcrumb\":{\"@id\":\"https:\\\/\\\/www.24gliwice.pl\\\/wiadomosci\\\/gliwiczanie-150-lat-temu-niesamowity-zbior-zdjec-blandowskiego-w-czytelni-sztuki-tv\\\/#breadcrumb\"},\"inLanguage\":\"pl-PL\",\"potentialAction\":[{\"@type\":\"ReadAction\",\"target\":[\"https:\\\/\\\/www.24gliwice.pl\\\/wiadomosci\\\/gliwiczanie-150-lat-temu-niesamowity-zbior-zdjec-blandowskiego-w-czytelni-sztuki-tv\\\/\"]}]},{\"@type\":\"ImageObject\",\"inLanguage\":\"pl-PL\",\"@id\":\"https:\\\/\\\/www.24gliwice.pl\\\/wiadomosci\\\/gliwiczanie-150-lat-temu-niesamowity-zbior-zdjec-blandowskiego-w-czytelni-sztuki-tv\\\/#primaryimage\",\"url\":\"https:\\\/\\\/www.24gliwice.pl\\\/wiadomosci\\\/wp-content\\\/uploads\\\/2015\\\/05\\\/wielkawesz660-510x286.jpg\",\"contentUrl\":\"https:\\\/\\\/www.24gliwice.pl\\\/wiadomosci\\\/wp-content\\\/uploads\\\/2015\\\/05\\\/wielkawesz660-510x286.jpg\",\"width\":510,\"height\":286},{\"@type\":\"BreadcrumbList\",\"@id\":\"https:\\\/\\\/www.24gliwice.pl\\\/wiadomosci\\\/gliwiczanie-150-lat-temu-niesamowity-zbior-zdjec-blandowskiego-w-czytelni-sztuki-tv\\\/#breadcrumb\",\"itemListElement\":[{\"@type\":\"ListItem\",\"position\":1,\"name\":\"Strona g\u0142\u00f3wna\",\"item\":\"https:\\\/\\\/www.24gliwice.pl\\\/wiadomosci\\\/\"},{\"@type\":\"ListItem\",\"position\":2,\"name\":\"Gliwiczanie 150 lat temu. Niesamowity zbi\u00f3r zdj\u0119\u0107 Blandowskiego (TV)\"}]},{\"@type\":\"WebSite\",\"@id\":\"https:\\\/\\\/www.24gliwice.pl\\\/wiadomosci\\\/#website\",\"url\":\"https:\\\/\\\/www.24gliwice.pl\\\/wiadomosci\\\/\",\"name\":\"24GLIWICE - Portal Gliwice | codziennie nowe wiadomo\u015bci\",\"description\":\"Portal Miejski Gliwice\",\"publisher\":{\"@id\":\"https:\\\/\\\/www.24gliwice.pl\\\/wiadomosci\\\/#organization\"},\"potentialAction\":[{\"@type\":\"SearchAction\",\"target\":{\"@type\":\"EntryPoint\",\"urlTemplate\":\"https:\\\/\\\/www.24gliwice.pl\\\/wiadomosci\\\/?s={search_term_string}\"},\"query-input\":{\"@type\":\"PropertyValueSpecification\",\"valueRequired\":true,\"valueName\":\"search_term_string\"}}],\"inLanguage\":\"pl-PL\"},{\"@type\":\"Organization\",\"@id\":\"https:\\\/\\\/www.24gliwice.pl\\\/wiadomosci\\\/#organization\",\"name\":\"24gliwice\",\"url\":\"https:\\\/\\\/www.24gliwice.pl\\\/wiadomosci\\\/\",\"logo\":{\"@type\":\"ImageObject\",\"inLanguage\":\"pl-PL\",\"@id\":\"https:\\\/\\\/www.24gliwice.pl\\\/wiadomosci\\\/#\\\/schema\\\/logo\\\/image\\\/\",\"url\":\"https:\\\/\\\/www.24gliwice.pl\\\/wiadomosci\\\/wp-content\\\/uploads\\\/2024\\\/10\\\/24gliwice-logo-696.jpg\",\"contentUrl\":\"https:\\\/\\\/www.24gliwice.pl\\\/wiadomosci\\\/wp-content\\\/uploads\\\/2024\\\/10\\\/24gliwice-logo-696.jpg\",\"width\":696,\"height\":696,\"caption\":\"24gliwice\"},\"image\":{\"@id\":\"https:\\\/\\\/www.24gliwice.pl\\\/wiadomosci\\\/#\\\/schema\\\/logo\\\/image\\\/\"},\"sameAs\":[\"https:\\\/\\\/www.facebook.com\\\/24gliwice\",\"https:\\\/\\\/x.com\\\/24gliwice\",\"https:\\\/\\\/www.youtube.com\\\/@24gliwice\"]},{\"@type\":\"Person\",\"@id\":\"https:\\\/\\\/www.24gliwice.pl\\\/wiadomosci\\\/#\\\/schema\\\/person\\\/cb5857e4a4d048c15984c1edcc8ef0c0\",\"name\":\"Marcin Fabrykowski\",\"image\":{\"@type\":\"ImageObject\",\"inLanguage\":\"pl-PL\",\"@id\":\"https:\\\/\\\/www.24gliwice.pl\\\/wiadomosci\\\/wp-content\\\/uploads\\\/2025\\\/11\\\/zdjecie-moje-marcin-300-96x96.jpg\",\"url\":\"https:\\\/\\\/www.24gliwice.pl\\\/wiadomosci\\\/wp-content\\\/uploads\\\/2025\\\/11\\\/zdjecie-moje-marcin-300-96x96.jpg\",\"contentUrl\":\"https:\\\/\\\/www.24gliwice.pl\\\/wiadomosci\\\/wp-content\\\/uploads\\\/2025\\\/11\\\/zdjecie-moje-marcin-300-96x96.jpg\",\"caption\":\"Marcin Fabrykowski\"},\"sameAs\":[\"http:\\\/\\\/24gliwice.pl\",\"https:\\\/\\\/www.facebook.com\\\/marcin.fabrykowski\"],\"url\":\"https:\\\/\\\/www.24gliwice.pl\\\/wiadomosci\\\/author\\\/marcin-fabrykowski\\\/\"}]}<\/script>\n<!-- \/ Yoast SEO plugin. -->","yoast_head_json":{"title":"Gliwiczanie 150 lat temu. Niesamowity zbi\u00f3r zdj\u0119\u0107 Blandowskiego (TV) - 24GLIWICE - Portal Gliwice | codziennie nowe informacje","robots":{"index":"index","follow":"follow","max-snippet":"max-snippet:-1","max-image-preview":"max-image-preview:large","max-video-preview":"max-video-preview:-1"},"canonical":"https:\/\/www.24gliwice.pl\/wiadomosci\/gliwiczanie-150-lat-temu-niesamowity-zbior-zdjec-blandowskiego-w-czytelni-sztuki-tv\/","og_locale":"pl_PL","og_type":"article","og_title":"Gliwiczanie 150 lat temu. Niesamowity zbi\u00f3r zdj\u0119\u0107 Blandowskiego (TV) - 24GLIWICE - Portal Gliwice | codziennie nowe informacje","og_description":"ZDJ\u0118CIA BLANDOWSKIEGO TO NIEZWYK\u0141Y DOKUMENT TAMTYCH CZAS\u00d3W","og_url":"https:\/\/www.24gliwice.pl\/wiadomosci\/gliwiczanie-150-lat-temu-niesamowity-zbior-zdjec-blandowskiego-w-czytelni-sztuki-tv\/","og_site_name":"24GLIWICE - Portal Gliwice | codziennie nowe informacje","article_publisher":"https:\/\/www.facebook.com\/24gliwice","article_author":"https:\/\/www.facebook.com\/marcin.fabrykowski","article_published_time":"2013-05-18T08:51:08+00:00","article_modified_time":"2013-06-20T20:03:23+00:00","og_image":[{"width":510,"height":286,"url":"https:\/\/www.24gliwice.pl\/wiadomosci\/wp-content\/uploads\/2015\/05\/wielkawesz660-510x286.jpg","type":"image\/jpeg"}],"author":"Marcin Fabrykowski","twitter_card":"summary_large_image","twitter_creator":"@24gliwice","twitter_site":"@24gliwice","twitter_misc":{"Napisane przez":"Marcin Fabrykowski","Szacowany czas czytania":"1 minuta"},"schema":{"@context":"https:\/\/schema.org","@graph":[{"@type":"Article","@id":"https:\/\/www.24gliwice.pl\/wiadomosci\/gliwiczanie-150-lat-temu-niesamowity-zbior-zdjec-blandowskiego-w-czytelni-sztuki-tv\/#article","isPartOf":{"@id":"https:\/\/www.24gliwice.pl\/wiadomosci\/gliwiczanie-150-lat-temu-niesamowity-zbior-zdjec-blandowskiego-w-czytelni-sztuki-tv\/"},"author":{"name":"Marcin Fabrykowski","@id":"https:\/\/www.24gliwice.pl\/wiadomosci\/#\/schema\/person\/cb5857e4a4d048c15984c1edcc8ef0c0"},"headline":"Gliwiczanie 150 lat temu. Niesamowity zbi\u00f3r zdj\u0119\u0107 Blandowskiego (TV)","datePublished":"2013-05-18T08:51:08+00:00","dateModified":"2013-06-20T20:03:23+00:00","mainEntityOfPage":{"@id":"https:\/\/www.24gliwice.pl\/wiadomosci\/gliwiczanie-150-lat-temu-niesamowity-zbior-zdjec-blandowskiego-w-czytelni-sztuki-tv\/"},"wordCount":212,"commentCount":0,"publisher":{"@id":"https:\/\/www.24gliwice.pl\/wiadomosci\/#organization"},"image":{"@id":"https:\/\/www.24gliwice.pl\/wiadomosci\/gliwiczanie-150-lat-temu-niesamowity-zbior-zdjec-blandowskiego-w-czytelni-sztuki-tv\/#primaryimage"},"thumbnailUrl":"https:\/\/www.24gliwice.pl\/wiadomosci\/wp-content\/uploads\/2015\/05\/wielkawesz660-510x286.jpg","keywords":["Czytelnia Sztuki","HISTORIA GLIWIC","MUZEUM W GLIWICACH","Wilhelm von Blandowski"],"articleSection":["Historia","Kultura, wydarzenia, imprezy","Najnowsze wiadomo\u015bci","Portal Gliwice - Wiadomo\u015bci lokalne","Telewizja, materia\u0142y wideo"],"inLanguage":"pl-PL","potentialAction":[{"@type":"CommentAction","name":"Comment","target":["https:\/\/www.24gliwice.pl\/wiadomosci\/gliwiczanie-150-lat-temu-niesamowity-zbior-zdjec-blandowskiego-w-czytelni-sztuki-tv\/#respond"]}]},{"@type":"WebPage","@id":"https:\/\/www.24gliwice.pl\/wiadomosci\/gliwiczanie-150-lat-temu-niesamowity-zbior-zdjec-blandowskiego-w-czytelni-sztuki-tv\/","url":"https:\/\/www.24gliwice.pl\/wiadomosci\/gliwiczanie-150-lat-temu-niesamowity-zbior-zdjec-blandowskiego-w-czytelni-sztuki-tv\/","name":"Gliwiczanie 150 lat temu. Niesamowity zbi\u00f3r zdj\u0119\u0107 Blandowskiego (TV) - 24GLIWICE - Portal Gliwice | codziennie nowe informacje","isPartOf":{"@id":"https:\/\/www.24gliwice.pl\/wiadomosci\/#website"},"primaryImageOfPage":{"@id":"https:\/\/www.24gliwice.pl\/wiadomosci\/gliwiczanie-150-lat-temu-niesamowity-zbior-zdjec-blandowskiego-w-czytelni-sztuki-tv\/#primaryimage"},"image":{"@id":"https:\/\/www.24gliwice.pl\/wiadomosci\/gliwiczanie-150-lat-temu-niesamowity-zbior-zdjec-blandowskiego-w-czytelni-sztuki-tv\/#primaryimage"},"thumbnailUrl":"https:\/\/www.24gliwice.pl\/wiadomosci\/wp-content\/uploads\/2015\/05\/wielkawesz660-510x286.jpg","datePublished":"2013-05-18T08:51:08+00:00","dateModified":"2013-06-20T20:03:23+00:00","breadcrumb":{"@id":"https:\/\/www.24gliwice.pl\/wiadomosci\/gliwiczanie-150-lat-temu-niesamowity-zbior-zdjec-blandowskiego-w-czytelni-sztuki-tv\/#breadcrumb"},"inLanguage":"pl-PL","potentialAction":[{"@type":"ReadAction","target":["https:\/\/www.24gliwice.pl\/wiadomosci\/gliwiczanie-150-lat-temu-niesamowity-zbior-zdjec-blandowskiego-w-czytelni-sztuki-tv\/"]}]},{"@type":"ImageObject","inLanguage":"pl-PL","@id":"https:\/\/www.24gliwice.pl\/wiadomosci\/gliwiczanie-150-lat-temu-niesamowity-zbior-zdjec-blandowskiego-w-czytelni-sztuki-tv\/#primaryimage","url":"https:\/\/www.24gliwice.pl\/wiadomosci\/wp-content\/uploads\/2015\/05\/wielkawesz660-510x286.jpg","contentUrl":"https:\/\/www.24gliwice.pl\/wiadomosci\/wp-content\/uploads\/2015\/05\/wielkawesz660-510x286.jpg","width":510,"height":286},{"@type":"BreadcrumbList","@id":"https:\/\/www.24gliwice.pl\/wiadomosci\/gliwiczanie-150-lat-temu-niesamowity-zbior-zdjec-blandowskiego-w-czytelni-sztuki-tv\/#breadcrumb","itemListElement":[{"@type":"ListItem","position":1,"name":"Strona g\u0142\u00f3wna","item":"https:\/\/www.24gliwice.pl\/wiadomosci\/"},{"@type":"ListItem","position":2,"name":"Gliwiczanie 150 lat temu. Niesamowity zbi\u00f3r zdj\u0119\u0107 Blandowskiego (TV)"}]},{"@type":"WebSite","@id":"https:\/\/www.24gliwice.pl\/wiadomosci\/#website","url":"https:\/\/www.24gliwice.pl\/wiadomosci\/","name":"24GLIWICE - Portal Gliwice | codziennie nowe wiadomo\u015bci","description":"Portal Miejski Gliwice","publisher":{"@id":"https:\/\/www.24gliwice.pl\/wiadomosci\/#organization"},"potentialAction":[{"@type":"SearchAction","target":{"@type":"EntryPoint","urlTemplate":"https:\/\/www.24gliwice.pl\/wiadomosci\/?s={search_term_string}"},"query-input":{"@type":"PropertyValueSpecification","valueRequired":true,"valueName":"search_term_string"}}],"inLanguage":"pl-PL"},{"@type":"Organization","@id":"https:\/\/www.24gliwice.pl\/wiadomosci\/#organization","name":"24gliwice","url":"https:\/\/www.24gliwice.pl\/wiadomosci\/","logo":{"@type":"ImageObject","inLanguage":"pl-PL","@id":"https:\/\/www.24gliwice.pl\/wiadomosci\/#\/schema\/logo\/image\/","url":"https:\/\/www.24gliwice.pl\/wiadomosci\/wp-content\/uploads\/2024\/10\/24gliwice-logo-696.jpg","contentUrl":"https:\/\/www.24gliwice.pl\/wiadomosci\/wp-content\/uploads\/2024\/10\/24gliwice-logo-696.jpg","width":696,"height":696,"caption":"24gliwice"},"image":{"@id":"https:\/\/www.24gliwice.pl\/wiadomosci\/#\/schema\/logo\/image\/"},"sameAs":["https:\/\/www.facebook.com\/24gliwice","https:\/\/x.com\/24gliwice","https:\/\/www.youtube.com\/@24gliwice"]},{"@type":"Person","@id":"https:\/\/www.24gliwice.pl\/wiadomosci\/#\/schema\/person\/cb5857e4a4d048c15984c1edcc8ef0c0","name":"Marcin Fabrykowski","image":{"@type":"ImageObject","inLanguage":"pl-PL","@id":"https:\/\/www.24gliwice.pl\/wiadomosci\/wp-content\/uploads\/2025\/11\/zdjecie-moje-marcin-300-96x96.jpg","url":"https:\/\/www.24gliwice.pl\/wiadomosci\/wp-content\/uploads\/2025\/11\/zdjecie-moje-marcin-300-96x96.jpg","contentUrl":"https:\/\/www.24gliwice.pl\/wiadomosci\/wp-content\/uploads\/2025\/11\/zdjecie-moje-marcin-300-96x96.jpg","caption":"Marcin Fabrykowski"},"sameAs":["http:\/\/24gliwice.pl","https:\/\/www.facebook.com\/marcin.fabrykowski"],"url":"https:\/\/www.24gliwice.pl\/wiadomosci\/author\/marcin-fabrykowski\/"}]}},"_links":{"self":[{"href":"https:\/\/www.24gliwice.pl\/wiadomosci\/wp-json\/wp\/v2\/posts\/51011","targetHints":{"allow":["GET"]}}],"collection":[{"href":"https:\/\/www.24gliwice.pl\/wiadomosci\/wp-json\/wp\/v2\/posts"}],"about":[{"href":"https:\/\/www.24gliwice.pl\/wiadomosci\/wp-json\/wp\/v2\/types\/post"}],"author":[{"embeddable":true,"href":"https:\/\/www.24gliwice.pl\/wiadomosci\/wp-json\/wp\/v2\/users\/4"}],"replies":[{"embeddable":true,"href":"https:\/\/www.24gliwice.pl\/wiadomosci\/wp-json\/wp\/v2\/comments?post=51011"}],"version-history":[{"count":0,"href":"https:\/\/www.24gliwice.pl\/wiadomosci\/wp-json\/wp\/v2\/posts\/51011\/revisions"}],"wp:featuredmedia":[{"embeddable":true,"href":"https:\/\/www.24gliwice.pl\/wiadomosci\/wp-json\/wp\/v2\/media\/69742"}],"wp:attachment":[{"href":"https:\/\/www.24gliwice.pl\/wiadomosci\/wp-json\/wp\/v2\/media?parent=51011"}],"wp:term":[{"taxonomy":"category","embeddable":true,"href":"https:\/\/www.24gliwice.pl\/wiadomosci\/wp-json\/wp\/v2\/categories?post=51011"},{"taxonomy":"post_tag","embeddable":true,"href":"https:\/\/www.24gliwice.pl\/wiadomosci\/wp-json\/wp\/v2\/tags?post=51011"}],"curies":[{"name":"wp","href":"https:\/\/api.w.org\/{rel}","templated":true}]}}