{"id":56118,"date":"2013-11-19T12:30:27","date_gmt":"2013-11-19T11:30:27","guid":{"rendered":"http:\/\/www.24gliwice.pl\/wiadomosci\/?p=56118"},"modified":"2013-11-27T00:05:03","modified_gmt":"2013-11-26T23:05:03","slug":"nowy-balcerek-grzeznie-w-sporach-musimy-to-skonczyc-nie-ma-innej-opcji","status":"publish","type":"post","link":"https:\/\/www.24gliwice.pl\/wiadomosci\/nowy-balcerek-grzeznie-w-sporach-musimy-to-skonczyc-nie-ma-innej-opcji\/","title":{"rendered":"&#8220;Nowy Balcerek&#8221; grz\u0119\u017anie w sporach. &#8220;Musimy to sko\u0144czy\u0107, nie ma innej opcji&#8221;"},"content":{"rendered":"<div class=\"gliwi-a6-nad-leadem-artykulow gliwi-entity-placement\" id=\"gliwi-242825459\"><div class=\"gliwi-adlabel\"><span style=\"font-size: 9px\">REKLAMA<\/span><\/div><div id=\"gliwi-4176931419\" style=\"margin-bottom: 25px;margin-left: auto;margin-right: auto;text-align: center;\"><a data-no-instant=\"1\" href=\"https:\/\/dom100.eu\/\" rel=\"noopener\" class=\"a2t-link\" target=\"_blank\" aria-label=\"20260415 DOM100 D\"><img loading=\"lazy\" decoding=\"async\" src=\"https:\/\/www.24gliwice.pl\/wiadomosci\/wp-content\/uploads\/2026\/04\/20260415-DOM100-D.jpg\" alt=\"\"  srcset=\"https:\/\/www.24gliwice.pl\/wiadomosci\/wp-content\/uploads\/2026\/04\/20260415-DOM100-D.jpg 750w, https:\/\/www.24gliwice.pl\/wiadomosci\/wp-content\/uploads\/2026\/04\/20260415-DOM100-D-410x109.jpg 410w\" sizes=\"(max-width: 750px) 100vw, 750px\" class=\"no-lazyload\" width=\"750\" height=\"200\"  style=\"display: inline-block; max-width: 100%; height: auto;\" \/><\/a><\/div><\/div><h3><img loading=\"lazy\" decoding=\"async\" src=\"http:\/\/www.24gliwice.pl\/wiadomosci\/wp-content\/uploads\/2013\/11\/dscf3718-510x287.jpg\" alt=\"\" title=\"\" width=\"510\" height=\"287\" class=\"aligncenter size-medium wp-image-56114\" \/>Najpierw mia\u0142 by\u0107 czerwiec, potem listopad. Teraz inwestor zapewnia, \u017ce zako\u0144czy inwestycj\u0119, ale&#8230; w maju przysz\u0142ego roku. A atmosfera wok\u00f3\u0142 budowy targowiska robi si\u0119 coraz bardziej gor\u0105ca.<\/h3>\n<p> Zniecierpliwieni handlowcy wyst\u0105pili przeciwko inwestorowi z pozwem zbiorowym, z kolei inwestor szykuje pozew przeciwko geodecie. Ten ostatni nie chce na ten temat rozmawia\u0107.<!--more--><\/p>\n<h1>Na budowie targowiska, w ci\u0105gu ostatnich trzech miesi\u0119cy na pierwszy rzut oka niewiele si\u0119 zmieni\u0142o.<\/h1>\n<p> Obecnie wykonywane s\u0105 tylko drobne prace remontowe. Post\u0119p &#8211; cho\u0107 niewielki &#8211; widoczny jest wewn\u0105trz budynku, gdzie na dotychczas pustej hali pojawi\u0142y si\u0119 pierwsze boksy dla przysz\u0142ych kupc\u00f3w. Brunatno-\u017c\u00f3\u0142te \u015bcianki to jedyny znak wskazuj\u0105cy na to, \u017ce budowa rzeczywi\u015bcie dojdzie do skutku. <\/p><div class=\"gliwi-a3-w-tresci-artykulow gliwi-entity-placement\" id=\"gliwi-725339759\"><div class=\"gliwi-adlabel\"><span style=\"font-size: 9px\">REKLAMA<\/span><\/div><div id=\"gliwi-812324659\" style=\"margin-bottom: 30px;margin-left: auto;margin-right: auto;text-align: center;\"><a data-no-instant=\"1\" href=\"https:\/\/ogrodyandersa.pl\/\" rel=\"noopener\" class=\"a2t-link\" target=\"_blank\" aria-label=\"20260415 Ogrody Andersa KUP TERAZ D\"><img loading=\"lazy\" decoding=\"async\" src=\"https:\/\/www.24gliwice.pl\/wiadomosci\/wp-content\/uploads\/2026\/04\/20260415-Ogrody-Andersa-KUP-TERAZ-D.jpg\" alt=\"\"  srcset=\"https:\/\/www.24gliwice.pl\/wiadomosci\/wp-content\/uploads\/2026\/04\/20260415-Ogrody-Andersa-KUP-TERAZ-D.jpg 750w, https:\/\/www.24gliwice.pl\/wiadomosci\/wp-content\/uploads\/2026\/04\/20260415-Ogrody-Andersa-KUP-TERAZ-D-410x109.jpg 410w\" sizes=\"(max-width: 750px) 100vw, 750px\" class=\"no-lazyload\" width=\"750\" height=\"200\"  style=\"display: inline-block; max-width: 100%; height: auto;\" \/><\/a><\/div><\/div>\n<p>&#8211; Ten targ mnie wyko\u0144czy &#8211; m\u00f3wi nam jedne z gliwickich geodet\u00f3w i unika dalszej odpowiedzi, kiedy pr\u00f3bujemy dowiedzie\u0107 si\u0119 o wadliwie wykonan\u0105 map\u0119 geodezyjn\u0105. <\/p>\n<p><img loading=\"lazy\" decoding=\"async\" src=\"http:\/\/www.24gliwice.pl\/wiadomosci\/wp-content\/uploads\/2013\/11\/dscf3720-510x287.jpg\" alt=\"\" title=\"\" width=\"510\" height=\"300\" class=\"aligncenter size-medium wp-image-56115\" \/>To w\u0142a\u015bnie ten dokument stanowi g\u0142\u00f3wn\u0105 lini\u0119 obrony inwestora &#8211; sp\u00f3\u0142ki Centrum Handlowe ABC z Obornik. W sierpniu, gdy odwiedzili\u015bmy budow\u0119 targowiska przy ul. Toszeckiej, przedstawiciel firmy Grzegorz Jaworski win\u0105 za op\u00f3\u017anienie obarcza\u0142 geodet\u0119, kt\u00f3ry wykona\u0142 wadliwie dokument, a nast\u0119pnie zwleka\u0142 z jego dostarczeniem. Jaworski zapewnia\u0142 w\u00f3wczas, \u017ce nowa mapa to kwestia kilku tygodni, a we wrze\u015bniu firma wyst\u0105pi o pozwolenie na budow\u0119. Takiego pozwolenia nie ma do dzi\u015b.<\/p>\n<p>&#8211; Za t\u0105 map\u0119 b\u0119d\u0119 wyst\u0119powa\u0142 na drog\u0119 s\u0105dow\u0105 przeciwko panu geodecie. Pozwolenie na budow\u0119 to kwestia najbli\u017cszych miesi\u0119cy, teraz i tak idzie zima, wi\u0119c wiele nie zrobimy. W lutym ruszamy z budow\u0105 i w maju powinni\u015bmy zako\u0144czy\u0107 &#8211; zapewnia <strong>Grzegorz Jaworski<\/strong>.<\/p>\n<p>Kupcy, kt\u00f3rzy zarezerwowali boksy na &#8220;nowym Balcerku&#8221; w\u0105tpi\u0105 w nag\u0142e przyspieszenie budowy. Cz\u0119\u015b\u0107 z nich ju\u017c dawno znalaz\u0142a nowe miejsce do handlu, inni m\u00f3wi\u0105c o Jaworskim nie przebieraj\u0105 w s\u0142owach, a do s\u0105du trafi wkr\u00f3tce pozew zbiorowy za niedotrzymanie terminu.<\/p>\n<p>&#8211; Rzeczywi\u015bcie, musz\u0119 przyzna\u0107, \u017ce kupcy z dawnego &#8220;Balcerka&#8221; dostaj\u0105 w\u015bcieklizny &#8211; m\u00f3wi <strong>Marian Rybak<\/strong> z Gliwickiego Stowarzyszenia Kupc\u00f3w i Pracownik\u00f3w Handlu &#8220;Merkury&#8221;.<\/p>\n<p><img loading=\"lazy\" decoding=\"async\" src=\"http:\/\/www.24gliwice.pl\/wiadomosci\/wp-content\/uploads\/2013\/11\/dscf3719-510x287.jpg\" alt=\"\" title=\"\" width=\"510\" height=\"287\" class=\"aligncenter size-medium wp-image-56116\" \/>Od kilku miesi\u0119cy handlowcy informowani s\u0105 o kolejnych, ostatecznych terminach otwarcia targowiska. Cho\u0107 Grzegorz Jaworski zapewnia, \u017ce posiada odpowiednie \u015brodki finansowe na zako\u0144czenie budowy, nie ukrywa te\u017c, \u017ce zalega z op\u0142atami. Od pocz\u0105tku roku nie zap\u0142aci\u0142 Miastu czynszu dzier\u017cawnego (zalega w tej chwili 51 tys. z\u0142.). Nie ui\u015bci\u0142 tak\u017ce op\u0142at z tytu\u0142u podatku od nieruchomo\u015bci (jak si\u0119 nieoficjalnie dowiadujemy d\u0142ug wynosi ju\u017c prawie 100tys.). To do\u015b\u0107 spore kwoty w stosunku do ca\u0142o\u015bci \u015brodk\u00f3w przeznaczonych na budow\u0119 targowiska. Jaworski m\u00f3wi, \u017ce w tej chwili inwestycja poch\u0142on\u0119\u0142a ok. 700 tys. z\u0142., a docelowo nie ma przekroczy\u0107 1,5 mln z\u0142.<\/p>\n<p>Pojawia si\u0119 pytanie, czy taka zw\u0142oka czasowa i zaleg\u0142o\u015bci finansowe, pozwol\u0105 doprowadzi\u0107 budow\u0119 targu do ko\u0144ca? <\/p>\n<p>&#8211; Lepiej \u017ceby nie igra\u0142 z Urz\u0119dem Miasta &#8211; mia\u0142 powiedzie\u0107 jeden z wysokich urz\u0119dnik\u00f3w miejskich w trakcie rozmowy z kupcami. <\/p>\n<p>Na razie jednak, wed\u0142ug oficjalnych informacji Grzegorz Jaworski mo\u017ce spa\u0107 spokojnie. Miasto nie zamierza wyznacza\u0107 przedsi\u0119biorcy ostatecznego terminu zako\u0144czeniu budowy ani tym bardziej od niej odst\u0119powa\u0107. <\/p>\n<p>&#8211; W tej chwili by\u0142oby to nieuzasadnione. Dla jakiego dobra mieliby\u015bmy podj\u0105\u0107 tak\u0105 decyzj\u0119? Zaleg\u0142o\u015bci nie s\u0105 tak horrendalne aby bi\u0107 na alarm, ale pan Jaworski musi wype\u0142ni\u0107 swoje zobowi\u0105zania i uregulowa\u0107 zaleg\u0142e op\u0142aty &#8211; informuje <strong>Marek Jarz\u0119bowski<\/strong>, rzecznik Prezydenta Miasta Gliwice.<\/p>\n<p>Pomimo problem\u00f3w i z\u0142ej atmosfery wok\u00f3\u0142 inwestycji, Jaworski jest pewny, \u017ce gdy sko\u0144czy budow\u0119, uda si\u0119 zape\u0142ni\u0107 targowisko nowymi kupcami.<\/p>\n<p>&#8211; To jest dobre miejsce do handlu. Teraz po mnie wszyscy jad\u0105 jak po dzikiej \u015bwini, ale nie ma innej opcji &#8211; musimy to sko\u0144czy\u0107! &#8211; ucina nasze pytanie o mo\u017cliwe niepowodzenie inwestycji.<br \/>\n(msz)<br \/>\n<img loading=\"lazy\" decoding=\"async\" src=\"http:\/\/www.24gliwice.pl\/wiadomosci\/wp-content\/uploads\/2013\/11\/dscf3714-001-510x295.jpg\" alt=\"\" title=\"\" width=\"510\" height=\"295\" class=\"aligncenter size-medium wp-image-56119\" \/><\/p>\n<blockquote><p>Przypomnijmy, stoiska dla kupc\u00f3w buduje sp\u00f3\u0142ka Centrum Handlowe ABC z Obornik, kt\u00f3ra jako jedyna stan\u0119\u0142a do przetargu og\u0142oszonego przez miasto. Inwestycja w nowe targowisko od pocz\u0105tku nie mia\u0142a szcz\u0119\u015bcia &#8211; najpierw budow\u0119 hali przy ul. Traugutta planowa\u0142a firma Opal z Katowic, wycofa\u0142a si\u0119 jednak ze swoich zamierze\u0144. Potem, gdy miasto og\u0142osi\u0142o pierwszy przetarg na wydzier\u017cawienie placu przy ul. Toszeckiej &#8211; nie by\u0142o ch\u0119tnych. W drugim przetargu zg\u0142osi\u0142a si\u0119 jedna firma &#8211; w\u0142a\u015bnie Centrum Handlowe ABC Oborniki, Grzegorz Jaworskiego<\/p><\/blockquote>\n<div class=\"gliwi-a5-na-koncu-artykulow gliwi-entity-placement\" id=\"gliwi-3040260219\"><div class=\"gliwi-adlabel\"><span style=\"font-size: 9px\">REKLAMA<\/span><\/div><div id=\"gliwi-888920971\" style=\"margin-left: auto;margin-right: auto;text-align: center;\"><a data-no-instant=\"1\" href=\"https:\/\/prezeroarenagliwice.pl\/\" rel=\"noopener\" class=\"a2t-link\" target=\"_blank\" aria-label=\"20260309-PREZERO-WIOSNA-D\"><img loading=\"lazy\" decoding=\"async\" src=\"https:\/\/www.24gliwice.pl\/wiadomosci\/wp-content\/uploads\/2026\/03\/20260309-PREZERO-WIOSNA-D.webp\" alt=\"\"  srcset=\"https:\/\/www.24gliwice.pl\/wiadomosci\/wp-content\/uploads\/2026\/03\/20260309-PREZERO-WIOSNA-D.webp 750w, https:\/\/www.24gliwice.pl\/wiadomosci\/wp-content\/uploads\/2026\/03\/20260309-PREZERO-WIOSNA-D-410x109.webp 410w\" sizes=\"(max-width: 750px) 100vw, 750px\" class=\"no-lazyload\" width=\"750\" height=\"200\"  style=\"display: inline-block; max-width: 100%; height: auto;\" \/><\/a><\/div><\/div>","protected":false},"excerpt":{"rendered":"<p>INWESTOR ZNOWU ZMIENIA TERMIN OTWARCIA TARGU, TYM RAZEM NA MAJ<\/p>\n","protected":false},"author":12,"featured_media":69497,"comment_status":"open","ping_status":"closed","sticky":false,"template":"","format":"standard","meta":{"_monsterinsights_skip_tracking":false,"_monsterinsights_sitenote_active":false,"_monsterinsights_sitenote_note":"","_monsterinsights_sitenote_category":0,"footnotes":"","_links_to":"","_links_to_target":""},"categories":[3,1,9],"tags":[2859,1138,4468,3612,1268,4471,1139],"class_list":["post-56118","post","type-post","status-publish","format-standard","has-post-thumbnail","hentry","category-gliwice","category-wszystko","category-aktualnosci_lokalne","tag-balcerek","tag-balcerek-gliwice","tag-grzegorz-jaworski","tag-hala-targowa-przy-toszeckiej","tag-marek-jarzebowski","tag-nowy-balcerek","tag-targowisko-gliwice"],"yoast_head":"<!-- This site is optimized with the Yoast SEO plugin v27.5 - https:\/\/yoast.com\/product\/yoast-seo-wordpress\/ -->\n<title>&quot;Nowy Balcerek&quot; grz\u0119\u017anie w sporach. &quot;Musimy to sko\u0144czy\u0107, nie ma innej opcji&quot; - 24GLIWICE - Portal Gliwice | codziennie nowe informacje<\/title>\n<meta name=\"robots\" content=\"index, follow, max-snippet:-1, max-image-preview:large, max-video-preview:-1\" \/>\n<link rel=\"canonical\" href=\"https:\/\/www.24gliwice.pl\/wiadomosci\/nowy-balcerek-grzeznie-w-sporach-musimy-to-skonczyc-nie-ma-innej-opcji\/\" \/>\n<meta property=\"og:locale\" content=\"pl_PL\" \/>\n<meta property=\"og:type\" content=\"article\" \/>\n<meta property=\"og:title\" content=\"&quot;Nowy Balcerek&quot; grz\u0119\u017anie w sporach. &quot;Musimy to sko\u0144czy\u0107, nie ma innej opcji&quot; - 24GLIWICE - Portal Gliwice | codziennie nowe informacje\" \/>\n<meta property=\"og:description\" content=\"INWESTOR ZNOWU ZMIENIA TERMIN OTWARCIA TARGU, TYM RAZEM NA MAJ\" \/>\n<meta property=\"og:url\" content=\"https:\/\/www.24gliwice.pl\/wiadomosci\/nowy-balcerek-grzeznie-w-sporach-musimy-to-skonczyc-nie-ma-innej-opcji\/\" \/>\n<meta property=\"og:site_name\" content=\"24GLIWICE - Portal Gliwice | codziennie nowe informacje\" \/>\n<meta property=\"article:publisher\" content=\"https:\/\/www.facebook.com\/24gliwice\" \/>\n<meta property=\"article:published_time\" content=\"2013-11-19T11:30:27+00:00\" \/>\n<meta property=\"article:modified_time\" content=\"2013-11-26T23:05:03+00:00\" \/>\n<meta property=\"og:image\" content=\"https:\/\/www.24gliwice.pl\/wiadomosci\/wp-content\/uploads\/2015\/05\/dscf3718-510x287.jpg\" \/>\n\t<meta property=\"og:image:width\" content=\"510\" \/>\n\t<meta property=\"og:image:height\" content=\"287\" \/>\n\t<meta property=\"og:image:type\" content=\"image\/jpeg\" \/>\n<meta name=\"author\" content=\"Micha\u0142 Szewczyk\" \/>\n<meta name=\"twitter:card\" content=\"summary_large_image\" \/>\n<meta name=\"twitter:creator\" content=\"@24gliwice\" \/>\n<meta name=\"twitter:site\" content=\"@24gliwice\" \/>\n<meta name=\"twitter:label1\" content=\"Napisane przez\" \/>\n\t<meta name=\"twitter:data1\" content=\"Micha\u0142 Szewczyk\" \/>\n\t<meta name=\"twitter:label2\" content=\"Szacowany czas czytania\" \/>\n\t<meta name=\"twitter:data2\" content=\"4 minuty\" \/>\n<script type=\"application\/ld+json\" class=\"yoast-schema-graph\">{\"@context\":\"https:\\\/\\\/schema.org\",\"@graph\":[{\"@type\":\"Article\",\"@id\":\"https:\\\/\\\/www.24gliwice.pl\\\/wiadomosci\\\/nowy-balcerek-grzeznie-w-sporach-musimy-to-skonczyc-nie-ma-innej-opcji\\\/#article\",\"isPartOf\":{\"@id\":\"https:\\\/\\\/www.24gliwice.pl\\\/wiadomosci\\\/nowy-balcerek-grzeznie-w-sporach-musimy-to-skonczyc-nie-ma-innej-opcji\\\/\"},\"author\":{\"name\":\"Micha\u0142 Szewczyk\",\"@id\":\"https:\\\/\\\/www.24gliwice.pl\\\/wiadomosci\\\/#\\\/schema\\\/person\\\/940e8f8a097e322de4f463f061ef8d45\"},\"headline\":\"&#8220;Nowy Balcerek&#8221; grz\u0119\u017anie w sporach. &#8220;Musimy to sko\u0144czy\u0107, nie ma innej opcji&#8221;\",\"datePublished\":\"2013-11-19T11:30:27+00:00\",\"dateModified\":\"2013-11-26T23:05:03+00:00\",\"mainEntityOfPage\":{\"@id\":\"https:\\\/\\\/www.24gliwice.pl\\\/wiadomosci\\\/nowy-balcerek-grzeznie-w-sporach-musimy-to-skonczyc-nie-ma-innej-opcji\\\/\"},\"wordCount\":767,\"commentCount\":0,\"publisher\":{\"@id\":\"https:\\\/\\\/www.24gliwice.pl\\\/wiadomosci\\\/#organization\"},\"image\":{\"@id\":\"https:\\\/\\\/www.24gliwice.pl\\\/wiadomosci\\\/nowy-balcerek-grzeznie-w-sporach-musimy-to-skonczyc-nie-ma-innej-opcji\\\/#primaryimage\"},\"thumbnailUrl\":\"https:\\\/\\\/www.24gliwice.pl\\\/wiadomosci\\\/wp-content\\\/uploads\\\/2015\\\/05\\\/dscf3718-510x287.jpg\",\"keywords\":[\"balcerek\",\"Balcerek Gliwice\",\"grzegorz jaworski\",\"hala targowa przy toszeckiej\",\"MAREK JARZ\u0118BOWSKI\",\"nowy balcerek\",\"targowisko Gliwice\"],\"articleSection\":[\"Gliwice\",\"Najnowsze wiadomo\u015bci\",\"Portal Gliwice - Wiadomo\u015bci lokalne\"],\"inLanguage\":\"pl-PL\",\"potentialAction\":[{\"@type\":\"CommentAction\",\"name\":\"Comment\",\"target\":[\"https:\\\/\\\/www.24gliwice.pl\\\/wiadomosci\\\/nowy-balcerek-grzeznie-w-sporach-musimy-to-skonczyc-nie-ma-innej-opcji\\\/#respond\"]}]},{\"@type\":\"WebPage\",\"@id\":\"https:\\\/\\\/www.24gliwice.pl\\\/wiadomosci\\\/nowy-balcerek-grzeznie-w-sporach-musimy-to-skonczyc-nie-ma-innej-opcji\\\/\",\"url\":\"https:\\\/\\\/www.24gliwice.pl\\\/wiadomosci\\\/nowy-balcerek-grzeznie-w-sporach-musimy-to-skonczyc-nie-ma-innej-opcji\\\/\",\"name\":\"\\\"Nowy Balcerek\\\" grz\u0119\u017anie w sporach. \\\"Musimy to sko\u0144czy\u0107, nie ma innej opcji\\\" - 24GLIWICE - Portal Gliwice | codziennie nowe informacje\",\"isPartOf\":{\"@id\":\"https:\\\/\\\/www.24gliwice.pl\\\/wiadomosci\\\/#website\"},\"primaryImageOfPage\":{\"@id\":\"https:\\\/\\\/www.24gliwice.pl\\\/wiadomosci\\\/nowy-balcerek-grzeznie-w-sporach-musimy-to-skonczyc-nie-ma-innej-opcji\\\/#primaryimage\"},\"image\":{\"@id\":\"https:\\\/\\\/www.24gliwice.pl\\\/wiadomosci\\\/nowy-balcerek-grzeznie-w-sporach-musimy-to-skonczyc-nie-ma-innej-opcji\\\/#primaryimage\"},\"thumbnailUrl\":\"https:\\\/\\\/www.24gliwice.pl\\\/wiadomosci\\\/wp-content\\\/uploads\\\/2015\\\/05\\\/dscf3718-510x287.jpg\",\"datePublished\":\"2013-11-19T11:30:27+00:00\",\"dateModified\":\"2013-11-26T23:05:03+00:00\",\"breadcrumb\":{\"@id\":\"https:\\\/\\\/www.24gliwice.pl\\\/wiadomosci\\\/nowy-balcerek-grzeznie-w-sporach-musimy-to-skonczyc-nie-ma-innej-opcji\\\/#breadcrumb\"},\"inLanguage\":\"pl-PL\",\"potentialAction\":[{\"@type\":\"ReadAction\",\"target\":[\"https:\\\/\\\/www.24gliwice.pl\\\/wiadomosci\\\/nowy-balcerek-grzeznie-w-sporach-musimy-to-skonczyc-nie-ma-innej-opcji\\\/\"]}]},{\"@type\":\"ImageObject\",\"inLanguage\":\"pl-PL\",\"@id\":\"https:\\\/\\\/www.24gliwice.pl\\\/wiadomosci\\\/nowy-balcerek-grzeznie-w-sporach-musimy-to-skonczyc-nie-ma-innej-opcji\\\/#primaryimage\",\"url\":\"https:\\\/\\\/www.24gliwice.pl\\\/wiadomosci\\\/wp-content\\\/uploads\\\/2015\\\/05\\\/dscf3718-510x287.jpg\",\"contentUrl\":\"https:\\\/\\\/www.24gliwice.pl\\\/wiadomosci\\\/wp-content\\\/uploads\\\/2015\\\/05\\\/dscf3718-510x287.jpg\",\"width\":510,\"height\":287},{\"@type\":\"BreadcrumbList\",\"@id\":\"https:\\\/\\\/www.24gliwice.pl\\\/wiadomosci\\\/nowy-balcerek-grzeznie-w-sporach-musimy-to-skonczyc-nie-ma-innej-opcji\\\/#breadcrumb\",\"itemListElement\":[{\"@type\":\"ListItem\",\"position\":1,\"name\":\"Strona g\u0142\u00f3wna\",\"item\":\"https:\\\/\\\/www.24gliwice.pl\\\/wiadomosci\\\/\"},{\"@type\":\"ListItem\",\"position\":2,\"name\":\"&#8222;Nowy Balcerek&#8221; grz\u0119\u017anie w sporach. &#8222;Musimy to sko\u0144czy\u0107, nie ma innej opcji&#8221;\"}]},{\"@type\":\"WebSite\",\"@id\":\"https:\\\/\\\/www.24gliwice.pl\\\/wiadomosci\\\/#website\",\"url\":\"https:\\\/\\\/www.24gliwice.pl\\\/wiadomosci\\\/\",\"name\":\"24GLIWICE - Portal Gliwice | codziennie nowe wiadomo\u015bci\",\"description\":\"Portal Miejski Gliwice\",\"publisher\":{\"@id\":\"https:\\\/\\\/www.24gliwice.pl\\\/wiadomosci\\\/#organization\"},\"potentialAction\":[{\"@type\":\"SearchAction\",\"target\":{\"@type\":\"EntryPoint\",\"urlTemplate\":\"https:\\\/\\\/www.24gliwice.pl\\\/wiadomosci\\\/?s={search_term_string}\"},\"query-input\":{\"@type\":\"PropertyValueSpecification\",\"valueRequired\":true,\"valueName\":\"search_term_string\"}}],\"inLanguage\":\"pl-PL\"},{\"@type\":\"Organization\",\"@id\":\"https:\\\/\\\/www.24gliwice.pl\\\/wiadomosci\\\/#organization\",\"name\":\"24gliwice\",\"url\":\"https:\\\/\\\/www.24gliwice.pl\\\/wiadomosci\\\/\",\"logo\":{\"@type\":\"ImageObject\",\"inLanguage\":\"pl-PL\",\"@id\":\"https:\\\/\\\/www.24gliwice.pl\\\/wiadomosci\\\/#\\\/schema\\\/logo\\\/image\\\/\",\"url\":\"https:\\\/\\\/www.24gliwice.pl\\\/wiadomosci\\\/wp-content\\\/uploads\\\/2024\\\/10\\\/24gliwice-logo-696.jpg\",\"contentUrl\":\"https:\\\/\\\/www.24gliwice.pl\\\/wiadomosci\\\/wp-content\\\/uploads\\\/2024\\\/10\\\/24gliwice-logo-696.jpg\",\"width\":696,\"height\":696,\"caption\":\"24gliwice\"},\"image\":{\"@id\":\"https:\\\/\\\/www.24gliwice.pl\\\/wiadomosci\\\/#\\\/schema\\\/logo\\\/image\\\/\"},\"sameAs\":[\"https:\\\/\\\/www.facebook.com\\\/24gliwice\",\"https:\\\/\\\/x.com\\\/24gliwice\",\"https:\\\/\\\/www.youtube.com\\\/@24gliwice\"]},{\"@type\":\"Person\",\"@id\":\"https:\\\/\\\/www.24gliwice.pl\\\/wiadomosci\\\/#\\\/schema\\\/person\\\/940e8f8a097e322de4f463f061ef8d45\",\"name\":\"Micha\u0142 Szewczyk\",\"image\":{\"@type\":\"ImageObject\",\"inLanguage\":\"pl-PL\",\"@id\":\"https:\\\/\\\/secure.gravatar.com\\\/avatar\\\/771b8b6c74cd8d255e46392d605e01a86133900ef09b6ef3c8d451c9d92288cf?s=96&d=mm&r=g\",\"url\":\"https:\\\/\\\/secure.gravatar.com\\\/avatar\\\/771b8b6c74cd8d255e46392d605e01a86133900ef09b6ef3c8d451c9d92288cf?s=96&d=mm&r=g\",\"contentUrl\":\"https:\\\/\\\/secure.gravatar.com\\\/avatar\\\/771b8b6c74cd8d255e46392d605e01a86133900ef09b6ef3c8d451c9d92288cf?s=96&d=mm&r=g\",\"caption\":\"Micha\u0142 Szewczyk\"},\"sameAs\":[\"http:\\\/\\\/www.gazeta-miejska.pl\"],\"url\":\"https:\\\/\\\/www.24gliwice.pl\\\/wiadomosci\\\/author\\\/michal-szewczyk\\\/\"}]}<\/script>\n<!-- \/ Yoast SEO plugin. -->","yoast_head_json":{"title":"\"Nowy Balcerek\" grz\u0119\u017anie w sporach. \"Musimy to sko\u0144czy\u0107, nie ma innej opcji\" - 24GLIWICE - Portal Gliwice | codziennie nowe informacje","robots":{"index":"index","follow":"follow","max-snippet":"max-snippet:-1","max-image-preview":"max-image-preview:large","max-video-preview":"max-video-preview:-1"},"canonical":"https:\/\/www.24gliwice.pl\/wiadomosci\/nowy-balcerek-grzeznie-w-sporach-musimy-to-skonczyc-nie-ma-innej-opcji\/","og_locale":"pl_PL","og_type":"article","og_title":"\"Nowy Balcerek\" grz\u0119\u017anie w sporach. \"Musimy to sko\u0144czy\u0107, nie ma innej opcji\" - 24GLIWICE - Portal Gliwice | codziennie nowe informacje","og_description":"INWESTOR ZNOWU ZMIENIA TERMIN OTWARCIA TARGU, TYM RAZEM NA MAJ","og_url":"https:\/\/www.24gliwice.pl\/wiadomosci\/nowy-balcerek-grzeznie-w-sporach-musimy-to-skonczyc-nie-ma-innej-opcji\/","og_site_name":"24GLIWICE - Portal Gliwice | codziennie nowe informacje","article_publisher":"https:\/\/www.facebook.com\/24gliwice","article_published_time":"2013-11-19T11:30:27+00:00","article_modified_time":"2013-11-26T23:05:03+00:00","og_image":[{"width":510,"height":287,"url":"https:\/\/www.24gliwice.pl\/wiadomosci\/wp-content\/uploads\/2015\/05\/dscf3718-510x287.jpg","type":"image\/jpeg"}],"author":"Micha\u0142 Szewczyk","twitter_card":"summary_large_image","twitter_creator":"@24gliwice","twitter_site":"@24gliwice","twitter_misc":{"Napisane przez":"Micha\u0142 Szewczyk","Szacowany czas czytania":"4 minuty"},"schema":{"@context":"https:\/\/schema.org","@graph":[{"@type":"Article","@id":"https:\/\/www.24gliwice.pl\/wiadomosci\/nowy-balcerek-grzeznie-w-sporach-musimy-to-skonczyc-nie-ma-innej-opcji\/#article","isPartOf":{"@id":"https:\/\/www.24gliwice.pl\/wiadomosci\/nowy-balcerek-grzeznie-w-sporach-musimy-to-skonczyc-nie-ma-innej-opcji\/"},"author":{"name":"Micha\u0142 Szewczyk","@id":"https:\/\/www.24gliwice.pl\/wiadomosci\/#\/schema\/person\/940e8f8a097e322de4f463f061ef8d45"},"headline":"&#8220;Nowy Balcerek&#8221; grz\u0119\u017anie w sporach. &#8220;Musimy to sko\u0144czy\u0107, nie ma innej opcji&#8221;","datePublished":"2013-11-19T11:30:27+00:00","dateModified":"2013-11-26T23:05:03+00:00","mainEntityOfPage":{"@id":"https:\/\/www.24gliwice.pl\/wiadomosci\/nowy-balcerek-grzeznie-w-sporach-musimy-to-skonczyc-nie-ma-innej-opcji\/"},"wordCount":767,"commentCount":0,"publisher":{"@id":"https:\/\/www.24gliwice.pl\/wiadomosci\/#organization"},"image":{"@id":"https:\/\/www.24gliwice.pl\/wiadomosci\/nowy-balcerek-grzeznie-w-sporach-musimy-to-skonczyc-nie-ma-innej-opcji\/#primaryimage"},"thumbnailUrl":"https:\/\/www.24gliwice.pl\/wiadomosci\/wp-content\/uploads\/2015\/05\/dscf3718-510x287.jpg","keywords":["balcerek","Balcerek Gliwice","grzegorz jaworski","hala targowa przy toszeckiej","MAREK JARZ\u0118BOWSKI","nowy balcerek","targowisko Gliwice"],"articleSection":["Gliwice","Najnowsze wiadomo\u015bci","Portal Gliwice - Wiadomo\u015bci lokalne"],"inLanguage":"pl-PL","potentialAction":[{"@type":"CommentAction","name":"Comment","target":["https:\/\/www.24gliwice.pl\/wiadomosci\/nowy-balcerek-grzeznie-w-sporach-musimy-to-skonczyc-nie-ma-innej-opcji\/#respond"]}]},{"@type":"WebPage","@id":"https:\/\/www.24gliwice.pl\/wiadomosci\/nowy-balcerek-grzeznie-w-sporach-musimy-to-skonczyc-nie-ma-innej-opcji\/","url":"https:\/\/www.24gliwice.pl\/wiadomosci\/nowy-balcerek-grzeznie-w-sporach-musimy-to-skonczyc-nie-ma-innej-opcji\/","name":"\"Nowy Balcerek\" grz\u0119\u017anie w sporach. \"Musimy to sko\u0144czy\u0107, nie ma innej opcji\" - 24GLIWICE - Portal Gliwice | codziennie nowe informacje","isPartOf":{"@id":"https:\/\/www.24gliwice.pl\/wiadomosci\/#website"},"primaryImageOfPage":{"@id":"https:\/\/www.24gliwice.pl\/wiadomosci\/nowy-balcerek-grzeznie-w-sporach-musimy-to-skonczyc-nie-ma-innej-opcji\/#primaryimage"},"image":{"@id":"https:\/\/www.24gliwice.pl\/wiadomosci\/nowy-balcerek-grzeznie-w-sporach-musimy-to-skonczyc-nie-ma-innej-opcji\/#primaryimage"},"thumbnailUrl":"https:\/\/www.24gliwice.pl\/wiadomosci\/wp-content\/uploads\/2015\/05\/dscf3718-510x287.jpg","datePublished":"2013-11-19T11:30:27+00:00","dateModified":"2013-11-26T23:05:03+00:00","breadcrumb":{"@id":"https:\/\/www.24gliwice.pl\/wiadomosci\/nowy-balcerek-grzeznie-w-sporach-musimy-to-skonczyc-nie-ma-innej-opcji\/#breadcrumb"},"inLanguage":"pl-PL","potentialAction":[{"@type":"ReadAction","target":["https:\/\/www.24gliwice.pl\/wiadomosci\/nowy-balcerek-grzeznie-w-sporach-musimy-to-skonczyc-nie-ma-innej-opcji\/"]}]},{"@type":"ImageObject","inLanguage":"pl-PL","@id":"https:\/\/www.24gliwice.pl\/wiadomosci\/nowy-balcerek-grzeznie-w-sporach-musimy-to-skonczyc-nie-ma-innej-opcji\/#primaryimage","url":"https:\/\/www.24gliwice.pl\/wiadomosci\/wp-content\/uploads\/2015\/05\/dscf3718-510x287.jpg","contentUrl":"https:\/\/www.24gliwice.pl\/wiadomosci\/wp-content\/uploads\/2015\/05\/dscf3718-510x287.jpg","width":510,"height":287},{"@type":"BreadcrumbList","@id":"https:\/\/www.24gliwice.pl\/wiadomosci\/nowy-balcerek-grzeznie-w-sporach-musimy-to-skonczyc-nie-ma-innej-opcji\/#breadcrumb","itemListElement":[{"@type":"ListItem","position":1,"name":"Strona g\u0142\u00f3wna","item":"https:\/\/www.24gliwice.pl\/wiadomosci\/"},{"@type":"ListItem","position":2,"name":"&#8222;Nowy Balcerek&#8221; grz\u0119\u017anie w sporach. &#8222;Musimy to sko\u0144czy\u0107, nie ma innej opcji&#8221;"}]},{"@type":"WebSite","@id":"https:\/\/www.24gliwice.pl\/wiadomosci\/#website","url":"https:\/\/www.24gliwice.pl\/wiadomosci\/","name":"24GLIWICE - Portal Gliwice | codziennie nowe wiadomo\u015bci","description":"Portal Miejski Gliwice","publisher":{"@id":"https:\/\/www.24gliwice.pl\/wiadomosci\/#organization"},"potentialAction":[{"@type":"SearchAction","target":{"@type":"EntryPoint","urlTemplate":"https:\/\/www.24gliwice.pl\/wiadomosci\/?s={search_term_string}"},"query-input":{"@type":"PropertyValueSpecification","valueRequired":true,"valueName":"search_term_string"}}],"inLanguage":"pl-PL"},{"@type":"Organization","@id":"https:\/\/www.24gliwice.pl\/wiadomosci\/#organization","name":"24gliwice","url":"https:\/\/www.24gliwice.pl\/wiadomosci\/","logo":{"@type":"ImageObject","inLanguage":"pl-PL","@id":"https:\/\/www.24gliwice.pl\/wiadomosci\/#\/schema\/logo\/image\/","url":"https:\/\/www.24gliwice.pl\/wiadomosci\/wp-content\/uploads\/2024\/10\/24gliwice-logo-696.jpg","contentUrl":"https:\/\/www.24gliwice.pl\/wiadomosci\/wp-content\/uploads\/2024\/10\/24gliwice-logo-696.jpg","width":696,"height":696,"caption":"24gliwice"},"image":{"@id":"https:\/\/www.24gliwice.pl\/wiadomosci\/#\/schema\/logo\/image\/"},"sameAs":["https:\/\/www.facebook.com\/24gliwice","https:\/\/x.com\/24gliwice","https:\/\/www.youtube.com\/@24gliwice"]},{"@type":"Person","@id":"https:\/\/www.24gliwice.pl\/wiadomosci\/#\/schema\/person\/940e8f8a097e322de4f463f061ef8d45","name":"Micha\u0142 Szewczyk","image":{"@type":"ImageObject","inLanguage":"pl-PL","@id":"https:\/\/secure.gravatar.com\/avatar\/771b8b6c74cd8d255e46392d605e01a86133900ef09b6ef3c8d451c9d92288cf?s=96&d=mm&r=g","url":"https:\/\/secure.gravatar.com\/avatar\/771b8b6c74cd8d255e46392d605e01a86133900ef09b6ef3c8d451c9d92288cf?s=96&d=mm&r=g","contentUrl":"https:\/\/secure.gravatar.com\/avatar\/771b8b6c74cd8d255e46392d605e01a86133900ef09b6ef3c8d451c9d92288cf?s=96&d=mm&r=g","caption":"Micha\u0142 Szewczyk"},"sameAs":["http:\/\/www.gazeta-miejska.pl"],"url":"https:\/\/www.24gliwice.pl\/wiadomosci\/author\/michal-szewczyk\/"}]}},"_links":{"self":[{"href":"https:\/\/www.24gliwice.pl\/wiadomosci\/wp-json\/wp\/v2\/posts\/56118","targetHints":{"allow":["GET"]}}],"collection":[{"href":"https:\/\/www.24gliwice.pl\/wiadomosci\/wp-json\/wp\/v2\/posts"}],"about":[{"href":"https:\/\/www.24gliwice.pl\/wiadomosci\/wp-json\/wp\/v2\/types\/post"}],"author":[{"embeddable":true,"href":"https:\/\/www.24gliwice.pl\/wiadomosci\/wp-json\/wp\/v2\/users\/12"}],"replies":[{"embeddable":true,"href":"https:\/\/www.24gliwice.pl\/wiadomosci\/wp-json\/wp\/v2\/comments?post=56118"}],"version-history":[{"count":0,"href":"https:\/\/www.24gliwice.pl\/wiadomosci\/wp-json\/wp\/v2\/posts\/56118\/revisions"}],"wp:featuredmedia":[{"embeddable":true,"href":"https:\/\/www.24gliwice.pl\/wiadomosci\/wp-json\/wp\/v2\/media\/69497"}],"wp:attachment":[{"href":"https:\/\/www.24gliwice.pl\/wiadomosci\/wp-json\/wp\/v2\/media?parent=56118"}],"wp:term":[{"taxonomy":"category","embeddable":true,"href":"https:\/\/www.24gliwice.pl\/wiadomosci\/wp-json\/wp\/v2\/categories?post=56118"},{"taxonomy":"post_tag","embeddable":true,"href":"https:\/\/www.24gliwice.pl\/wiadomosci\/wp-json\/wp\/v2\/tags?post=56118"}],"curies":[{"name":"wp","href":"https:\/\/api.w.org\/{rel}","templated":true}]}}