{"id":56141,"date":"2013-11-20T15:31:32","date_gmt":"2013-11-20T14:31:32","guid":{"rendered":"http:\/\/www.24gliwice.pl\/wiadomosci\/?p=56141"},"modified":"2013-11-20T15:31:32","modified_gmt":"2013-11-20T14:31:32","slug":"kulturalna-sciaga-czyli-co-gdzie-kiedy-w-gliwicach-i-zabrzu-27","status":"publish","type":"post","link":"https:\/\/www.24gliwice.pl\/wiadomosci\/kulturalna-sciaga-czyli-co-gdzie-kiedy-w-gliwicach-i-zabrzu-27\/","title":{"rendered":"Kulturalna \u015aci\u0105ga &#8211; czyli co, gdzie, kiedy w Gliwicach i Zabrzu"},"content":{"rendered":"<div class=\"gliwi-a6-nad-leadem-artykulow gliwi-entity-placement\" id=\"gliwi-276702865\"><div class=\"gliwi-adlabel\"><span style=\"font-size: 9px\">REKLAMA<\/span><\/div><div id=\"gliwi-4243907085\" style=\"margin-bottom: 30px;margin-left: auto;margin-right: auto;text-align: center;\"><a data-no-instant=\"1\" href=\"https:\/\/przedszkole.halogen.org.pl\/\" rel=\"noopener\" class=\"a2t-link\" target=\"_blank\" aria-label=\"20260402-ANIMATOR-przedszkole_grafika_750x200\"><img loading=\"lazy\" decoding=\"async\" src=\"https:\/\/www.24gliwice.pl\/wiadomosci\/wp-content\/uploads\/2026\/04\/20260402-ANIMATOR-przedszkole_grafika_750x200.webp\" alt=\"\"  srcset=\"https:\/\/www.24gliwice.pl\/wiadomosci\/wp-content\/uploads\/2026\/04\/20260402-ANIMATOR-przedszkole_grafika_750x200.webp 750w, https:\/\/www.24gliwice.pl\/wiadomosci\/wp-content\/uploads\/2026\/04\/20260402-ANIMATOR-przedszkole_grafika_750x200-410x109.webp 410w\" sizes=\"(max-width: 750px) 100vw, 750px\" class=\"no-lazyload\" width=\"750\" height=\"200\"  style=\"display: inline-block; max-width: 100%; height: auto;\" \/><\/a><\/div><\/div><p><img loading=\"lazy\" decoding=\"async\" src=\"http:\/\/www.24gliwice.pl\/wiadomosci\/wp-content\/uploads\/2013\/11\/kultura1-510x285.jpg\" alt=\"\" title=\"kultura1\" width=\"510\" height=\"285\" class=\"aligncenter size-medium wp-image-56236\" \/><\/p>\n<h3>W Kulturalnej \u015aci\u0105dze ka\u017cdy znajdzie co\u015b dla siebie.<\/h3>\n<p>Repertuar kin, teatr\u00f3w, koncerty muzyki rozrywkowej i powa\u017cnej, wystawy i spotkania. Z nami niczego nie przegapisz.<!--more--><\/p>\n<blockquote><p>\n<a id=\"sroda\" name=\"sroda\"><\/a><br \/>\n<center><a href=\"#sroda\"><b>\u015aRODA<\/b><\/a><b> | <\/b><a href=\"#czwartek\"><b>CZWARTEK<\/b><\/a><b> | <\/b><a href=\"#piatek\"><b>PI\u0104TEK<\/b><\/a><b> | <\/b><a href=\"#sobota\"><b>SOBOTA<\/b><\/a><b> | <\/b><a href=\"#niedziela\"><b>NIEDZIELA<\/b><\/a><b> | <\/b><a href=\"#poniedzialek\"><b>PON.<\/b><\/b><\/a><\/center><\/p>\n<h1><strong>\u015aroda<\/strong> &#8211; 20 listopada<\/h1>\n<p><center><\/p>\n<p style=\"background: red; color: white\"><b>Kino Amok &#8211; Gliwice, ul. Dolnych Wa\u0142\u00f3w 3<\/b><\/p>\n<p><\/center><\/p>\n<blockquote><p>\nMa\u0142a sala:<br \/>\n<b>12:30<\/b> &#8211; <b>WIECZNI CH\u0141OPCY<\/b> &#8211; seans seniora<br \/>\n<b>16:30<\/b> &#8211; <b>WIECZNI CH\u0141OPCY<\/b><br \/>\n<b>18:15<\/b> &#8211; <b>HISTORIE RODZINNE<\/b><br \/>\n<b>20:15<\/b> &#8211; <b>FRANCES HA<\/b>\n<\/p><\/blockquote>\n<p><center><\/p>\n<p style=\"background: navy; color: white\"><b>Kino Roma &#8211; Zabrze, ul. Padlewskiego 4 tel. (32) 271-62-91<\/b><\/p>\n<p><\/center><\/p>\n<blockquote><p>\n<b>17:00<\/b> &#8211; <strong>Musimy porozmawia\u0107 o Kevinie<\/strong><br \/>\n<b>20:00<\/b> &#8211; <strong>Musimy porozmawia\u0107 o Kevinie<\/strong>\n<\/p><\/blockquote>\n<p><center><\/p>\n<p style=\"background: red; color: white\"><b>Stacja Artystyczna Rynek &#8211; Gliwice, Rynek 4-5<\/b><\/p>\n<p><\/center> <\/p>\n<blockquote><p>\n<b>18:00<\/b> &#8211; <b>SPOTKANIA Z GRAMI PLANSZOWYMI FANTAZY<\/b>\n<\/p><\/blockquote>\n<p><center><\/p>\n<p style=\"background: red; color: white\"><b>MBP nr 9 &#8211; Gliwice, ul. Czwartk\u00f3w 18<\/b><\/p>\n<p><\/center> <\/p>\n<blockquote><p>\n<b>18:00<\/b> &#8211; <b>Zista z marekwie, czyli gwar\u0105 o rzeczach mi\u0142ych \u015al\u0105zakom<\/b> &#8211; spotkanie z Remigiuszem R\u0105czk\u0105\n<\/p><\/blockquote>\n<p><center><\/p>\n<p style=\"background: red; color: white\"><b>Sala wystawowa MBP &#8211; Gliwice, pl. Inwalid\u00f3w Wojennych 3<\/b><\/p>\n<p><\/center> <\/p>\n<blockquote><p>\n&#8211; wystawa <b>prac Barbary Englender oraz Uczni\u00f3w kl. 2A Liceum Plastycznego w ZSP w Gdyni<\/b> w ramach <b>V Og\u00f3lnopolskiego Festiwalu Fotografii Otworkowej<\/b>\n<\/p><\/blockquote>\n<p><center><\/p>\n<p style=\"background: red; color: white\"><b>Galeria Perkoz filia MBP nr 5 &#8211; Gliwice, ul. Perkoza 12<\/b><\/p>\n<p><\/center> <\/p>\n<blockquote><p>\n&#8211; wystawa <b>prac Piotra Zab\u0142ockiego<\/b> w ramach <b>V Og\u00f3lnopolskiego Festiwalu Fotografii Otworkowej<\/b>\n<\/p><\/blockquote>\n<p><center><\/p>\n<p style=\"background: red; color: white\"><b>Galeria z Pieprzem &#8211; Restauracja Wanilia  &#8211; Gliwice, al. Korfantego 36<\/b><\/p>\n<p><\/center> <\/p>\n<blockquote><p>\n&#8211; wystawa malarstwa <b>Lidii W\u0105sat<\/b>\n<\/p><\/blockquote>\n<p><center><\/p>\n<p style=\"background: red; color: white\"><b>Czytelnia Sztuki &#8211; Gliwice, ul. Dolnych Wa\u0142\u00f3w 8a<\/b><\/p>\n<p><\/center> <\/p>\n<blockquote><p>\n&#8211; wystawa <b>Architektura w opozycji<\/b>\n<\/p><\/blockquote>\n<p><center><\/p>\n<p style=\"background: red; color: white\"><b>Radiostacja &#8211; Gliwice ul. Tarnog\u00f3rska 129<\/b><\/p>\n<p> <\/center><\/p>\n<blockquote><p>\n&#8211; wystawa <b>Deportacje G\u00f3rno\u015bl\u0105zak\u00f3w do ZSRR w 1945 roku<\/b>\n<\/p><\/blockquote>\n<p><center><\/p>\n<p style=\"background: red; color: white\"><b>Willa Caro &#8211; Gliwice, ul. Dolnych Wa\u0142\u00f3w 8a<\/b><\/p>\n<p><\/center> <\/p>\n<blockquote><p>\n&#8211; wystawa <b>Fajanse z Delft. Kolekcja Profesora Wojciecha Kowalskiego<\/b><br \/>\n&#8211; wystawa <b>Naturalista, czyli Wilhelm von Blandowski w Australii<\/b>\n<\/p><\/blockquote>\n<p><a id=\"czwartek\" name=\"czwartek\"><\/a><br \/>\n<center><a href=\"#sroda\"><b>\u015aRODA<\/b><\/a><b> | <\/b><a href=\"#czwartek\"><b>CZWARTEK<\/b><\/a><b> | <\/b><a href=\"#piatek\"><b>PI\u0104TEK<\/b><\/a><b> | <\/b><a href=\"#sobota\"><b>SOBOTA<\/b><\/a><b> | <\/b><a href=\"#niedziela\"><b>NIEDZIELA<\/b><\/a><b> | <\/b><a href=\"#poniedzialek\"><b>PON.<\/b><\/b><\/a><\/center><\/p>\n<h1><strong>Czwartek<\/strong> &#8211; 21 listopada<\/h1>\n<p><center><\/p>\n<p style=\"background: red; color: white\"><b>Dom Alchemika &#8211; Gliwice, ul. Raciborska 4<\/b><\/p>\n<p><\/center><\/p>\n<blockquote><p>\n<b>20:00<\/b> &#8211; koncert <b>WATT<\/b> w ramach projektu Muzyczny Eksperyment\n<\/p><\/blockquote>\n<p><center><\/p>\n<p style=\"background: red; color: white\"><b>Kino Amok &#8211; Gliwice, ul. Dolnych Wa\u0142\u00f3w 3<\/b><\/p>\n<p><\/center><\/p>\n<blockquote><p>\nMa\u0142a sala:<br \/>\n<b>12:30<\/b> &#8211; <b>WIECZNI CH\u0141OPCY<\/b> &#8211; seans seniora<br \/>\n<b>16:30<\/b> &#8211; <b>WIECZNI CH\u0141OPCY<\/b><br \/>\n<b>18:15<\/b> &#8211; <b>HISTORIE RODZINNE<\/b><br \/>\n<b>20:15<\/b> &#8211; <b>FRANCES HA<\/b>\n<\/p><\/blockquote>\n<p><center><\/p>\n<p style=\"background: navy; color: white\"><b>Kino Roma &#8211; Zabrze, ul. Padlewskiego 4 tel. (32) 271-62-91<\/b><\/p>\n<p><\/center><\/p>\n<blockquote><p>\n<b>17:00<\/b> &#8211; <strong>Musimy porozmawia\u0107 o Kevinie<\/strong><br \/>\n<b>20:00<\/b> &#8211; <strong>Musimy porozmawia\u0107 o Kevinie<\/strong>\n<\/p><\/blockquote>\n<p><center><\/p>\n<p style=\"background: red; color: white\"><b>Siedziba \u015al\u0105skiego Jazz Clubu &#8211; Gliwice, pl. Inwalid\u00f3w 1<\/b><\/p>\n<p><\/center> <\/p>\n<blockquote><p>\n<b>20:00<\/b> &#8211; <b>G\u0142yk P.I.K Trio<\/b>\n<\/p><\/blockquote>\n<p><center><\/p>\n<p style=\"background: red; color: white\"><b>Sala wystawowa MBP &#8211; Gliwice, pl. Inwalid\u00f3w Wojennych 3<\/b><\/p>\n<p><\/center> <\/p>\n<blockquote><p>\n&#8211; wystawa <b>prac Barbary Englender oraz Uczni\u00f3w kl. 2A Liceum Plastycznego w ZSP w Gdyni<\/b> w ramach <b>V Og\u00f3lnopolskiego Festiwalu Fotografii Otworkowej<\/b>\n<\/p><\/blockquote>\n<p><center><\/p>\n<p style=\"background: red; color: white\"><b>Galeria Perkoz filia MBP nr 5 &#8211; Gliwice, ul. Perkoza 12<\/b><\/p>\n<p><\/center> <\/p>\n<blockquote><p>\n&#8211; wystawa <b>prac Piotra Zab\u0142ockiego<\/b> w ramach <b>V Og\u00f3lnopolskiego Festiwalu Fotografii Otworkowej<\/b>\n<\/p><\/blockquote>\n<p><center><\/p>\n<p style=\"background: red; color: white\"><b>Galeria z Pieprzem &#8211; Restauracja Wanilia  &#8211; Gliwice, al. Korfantego 36<\/b><\/p>\n<p><\/center> <\/p>\n<blockquote><p>\n&#8211; wystawa malarstwa <b>Lidii W\u0105sat<\/b>\n<\/p><\/blockquote>\n<p><center><\/p>\n<p style=\"background: red; color: white\"><b>Czytelnia Sztuki &#8211; Gliwice, ul. Dolnych Wa\u0142\u00f3w 8a<\/b><\/p>\n<p><\/center> <\/p>\n<blockquote><p>\n&#8211; wystawa <b>Architektura w opozycji<\/b>\n<\/p><\/blockquote>\n<p><center><\/p>\n<p style=\"background: red; color: white\"><b>Radiostacja &#8211; Gliwice ul. Tarnog\u00f3rska 129<\/b><\/p>\n<p> <\/center><\/p>\n<blockquote><p>\n&#8211; wystawa <b>Deportacje G\u00f3rno\u015bl\u0105zak\u00f3w do ZSRR w 1945 roku<\/b>\n<\/p><\/blockquote>\n<p><center><\/p>\n<p style=\"background: red; color: white\"><b>Willa Caro &#8211; Gliwice, ul. Dolnych Wa\u0142\u00f3w 8a<\/b><\/p>\n<p><\/center> <\/p>\n<blockquote><p>\n&#8211; wystawa <b>Fajanse z Delft. Kolekcja Profesora Wojciecha Kowalskiego<\/b><br \/>\n&#8211; wystawa <b>Naturalista, czyli Wilhelm von Blandowski w Australii<\/b>\n<\/p><\/blockquote>\n<p><a id=\"piatek\" name=\"piatek\"><\/a><br \/>\n<center><a href=\"#sroda\"><b>\u015aRODA<\/b><\/a><b> | <\/b><a href=\"#czwartek\"><b>CZWARTEK<\/b><\/a><b> | <\/b><a href=\"#piatek\"><b>PI\u0104TEK<\/b><\/a><b> | <\/b><a href=\"#sobota\"><b>SOBOTA<\/b><\/a><b> | <\/b><a href=\"#niedziela\"><b>NIEDZIELA<\/b><\/a><b> | <\/b><a href=\"#poniedzialek\"><b>PON.<\/b><\/b><\/a><\/center><\/p>\n<h1><strong>Pi\u0105tek<\/strong> &#8211; 22 listopada<\/h1>\n<p><center><\/p>\n<p style=\"background: navy; color: white\"><b>CK Wiatrak &#8211; Zabrze, ul. Wolno\u015bci 395<\/b><\/p>\n<p><\/center><\/p>\n<blockquote><p>\n<b>20:00<\/b> &#8211; <b>IRA<\/B>\n<\/p><\/blockquote>\n<p><center><\/p>\n<p style=\"background: navy; color: white\"><b>Filharmonia Zabrza\u0144ska  &#8211; ul. Park Hutniczy 7<\/b><\/p>\n<p><\/center><\/p>\n<blockquote><p>\n<b>18:00<\/b> &#8211; <b>Wirtuozi na estradzie<\/B> &#8211; koncert symfoniczny\n<\/p><\/blockquote>\n<p><center><\/p>\n<p style=\"background: navy; color: white\"><b>Teatr Nowy w Zabrzu &#8211; Plac Teatralny 1<\/b><\/p>\n<p> <\/center><\/p>\n<blockquote><p>\n<b>19:00<\/b> &#8211; <b>SKRZYNK@PANDORY<\/b>\n<\/p><\/blockquote>\n<p><center><\/p>\n<p style=\"background: red; color: white\"><b>Kino Amok &#8211; Gliwice, ul. Dolnych Wa\u0142\u00f3w 3<\/b><\/p>\n<p><\/center><\/p>\n<blockquote><p>\nMa\u0142a sala:<br \/>\n<b>16:30<\/b> &#8211; <b>FRANCES HA<\/b><br \/>\n<b>18:15<\/b> &#8211; <b>HISTORIE RODZINNE<\/b><br \/>\n<b>19:15<\/b> &#8211; <b>KAWA &#038; PAPIEROSY<\/b> &#8211; DKF\n<\/p><\/blockquote>\n<p><center><\/p>\n<p style=\"background: navy; color: white\"><b>Kino Roma &#8211; Zabrze, ul. Padlewskiego 4 tel. (32) 271-62-91<\/b><\/p>\n<p><\/center><\/p>\n<blockquote><p>\n<b>17:00<\/b> &#8211; <strong>Gambit, czyli jak ogra\u0107 kr\u00f3la<\/strong><br \/>\n<b>20:00<\/b> &#8211; <strong>Gambit, czyli jak ogra\u0107 kr\u00f3la<\/strong>\n<\/p><\/blockquote>\n<p><center><\/p>\n<p style=\"background: red; color: white\"><b>Stacja Artystyczna Rynek &#8211; Gliwice, Rynek 4-5<\/b><\/p>\n<p><\/center> <\/p>\n<blockquote><p>\n<b>X Gliwicki Offowy Festiwal Filmowy ? GOFFR<\/b><br \/>\n<b>11:00<\/b> &#8211; <bMa\u0142y filmowiec<\/b> &#8211; warsztaty dla dzieci<br \/>\n<b>18:00<\/b> &#8211; <b>Otwarcie wystawy zdj\u0119\u0107 &#8220;X lat GOFFR&#8221;<\/b><br \/>\n<b>20:00<\/b> &#8211; <b>Nocny maraton Goffrowy<\/b> &#8211; pokaz laureat\u00f3w z dziewi\u0119ciu lat Festiwalu &#8211; najlepsze filmy\n<\/p><\/blockquote>\n<p><center><\/p>\n<p style=\"background: red; color: white\"><b>Sala wystawowa MBP &#8211; Gliwice, pl. Inwalid\u00f3w Wojennych 3<\/b><\/p>\n<p><\/center> <\/p>\n<blockquote><p>\n&#8211; wystawa <b>prac Barbary Englender oraz Uczni\u00f3w kl. 2A Liceum Plastycznego w ZSP w Gdyni<\/b> w ramach <b>V Og\u00f3lnopolskiego Festiwalu Fotografii Otworkowej<\/b>\n<\/p><\/blockquote>\n<p><center><\/p>\n<p style=\"background: red; color: white\"><b>Galeria Perkoz filia MBP nr 5 &#8211; Gliwice, ul. Perkoza 12<\/b><\/p>\n<p><\/center> <\/p>\n<blockquote><p>\n&#8211; wystawa <b>prac Piotra Zab\u0142ockiego<\/b> w ramach <b>V Og\u00f3lnopolskiego Festiwalu Fotografii Otworkowej<\/b>\n<\/p><\/blockquote>\n<p><center><\/p>\n<p style=\"background: red; color: white\"><b>Galeria z Pieprzem &#8211; Restauracja Wanilia  &#8211; Gliwice, al. Korfantego 36<\/b><\/p>\n<p><\/center> <\/p>\n<blockquote><p>\n&#8211; wystawa malarstwa <b>Lidii W\u0105sat<\/b>\n<\/p><\/blockquote>\n<p><center><\/p>\n<p style=\"background: red; color: white\"><b>Czytelnia Sztuki &#8211; Gliwice, ul. Dolnych Wa\u0142\u00f3w 8a<\/b><\/p>\n<p><\/center> <\/p>\n<blockquote><p>\n&#8211; wystawa <b>Architektura w opozycji<\/b>\n<\/p><\/blockquote>\n<p><center><\/p>\n<p style=\"background: red; color: white\"><b>Radiostacja &#8211; Gliwice ul. Tarnog\u00f3rska 129<\/b><\/p>\n<p> <\/center><\/p>\n<blockquote><p>\n&#8211; wystawa <b>Deportacje G\u00f3rno\u015bl\u0105zak\u00f3w do ZSRR w 1945 roku<\/b>\n<\/p><\/blockquote>\n<p><center><\/p>\n<p style=\"background: red; color: white\"><b>Willa Caro &#8211; Gliwice, ul. Dolnych Wa\u0142\u00f3w 8a<\/b><\/p>\n<p><\/center> <\/p>\n<blockquote><p>\n&#8211; wystawa <b>Fajanse z Delft. Kolekcja Profesora Wojciecha Kowalskiego<\/b><br \/>\n&#8211; wystawa <b>Naturalista, czyli Wilhelm von Blandowski w Australii<\/b>\n<\/p><\/blockquote>\n<p><a id=\"sobota\" name=\"sobota\"><\/a><br \/>\n<center><a href=\"#sroda\"><b>\u015aRODA<\/b><\/a><b> | <\/b><a href=\"#czwartek\"><b>CZWARTEK<\/b><\/a><b> | <\/b><a href=\"#piatek\"><b>PI\u0104TEK<\/b><\/a><b> | <\/b><a href=\"#sobota\"><b>SOBOTA<\/b><\/a><b> | <\/b><a href=\"#niedziela\"><b>NIEDZIELA<\/b><\/a><b> | <\/b><a href=\"#poniedzialek\"><b>PON.<\/b><\/b><\/a><\/center><\/p>\n<h1><strong>Sobota<\/strong> &#8211; 23 listopada<\/h1>\n<p><center><\/p>\n<p style=\"background: navy; color: white\"><b>Dom Muzyki i Ta\u0144ca &#8211; Zabrze, ul. Gen. de Gaulle?a 17.<\/b><\/p>\n<p><\/center><\/p>\n<blockquote><p>\n<b>19:00<\/b> &#8211; <b>XXII koncert &#8220;Serce za serce&#8221; z udzia\u0142em Golec uOrkiestra<\/b>\n<\/p><\/blockquote>\n<p><center><\/p>\n<p style=\"background: navy; color: white\"><b>CK Wiatrak &#8211; Zabrze, ul. Wolno\u015bci 395<\/b><\/p>\n<p><\/center><\/p>\n<blockquote><p>\n<b>19:00<\/b> &#8211; <b>KABANOS \/ ZACIER<\/B>\n<\/p><\/blockquote>\n<p><center><\/p>\n<p style=\"background: navy; color: white\"><b>Teatr Nowy w Zabrzu &#8211; Plac Teatralny 1<\/b><\/p>\n<p> <\/center><\/p>\n<blockquote><p>\n<b>18:00<\/b> &#8211; <b>ZAMIANA NA WAKACJE<\/b>\n<\/p><\/blockquote>\n<p><center><\/p>\n<p style=\"background: red; color: white\"><b>Kino Amok &#8211; Gliwice, ul. Dolnych Wa\u0142\u00f3w 3<\/b><\/p>\n<p><\/center><\/p>\n<blockquote><p>\nMa\u0142a sala:<br \/>\n<b>11:00<\/b> &#8211; <b>KROKODYLE Z PRZEDMIE\u015aCIA<\/b> &#8211; M\u00f3j przyjaciel film<br \/>\n<b>15:15<\/b> &#8211; <b>FRANCES HA<\/b><br \/>\n<b>17:00<\/b> &#8211; <b>HISTORIE RODZINNE<\/b><br \/>\n<b>19:00<\/b> &#8211; <b>MA\u0141\u017bE\u0143STWO MARII BRAUN<\/b> &#8211; Obrazy Historii\n<\/p><\/blockquote>\n<p><center><\/p>\n<p style=\"background: navy; color: white\"><b>Kino Roma &#8211; Zabrze, ul. Padlewskiego 4 tel. (32) 271-62-91<\/b><\/p>\n<p><\/center><\/p>\n<blockquote><p>\n<b>17:00<\/b> &#8211; <strong>Gambit, czyli jak ogra\u0107 kr\u00f3la<\/strong><br \/>\n<b>20:00<\/b> &#8211; <strong>Gambit, czyli jak ogra\u0107 kr\u00f3la<\/strong>\n<\/p><\/blockquote>\n<p><center><\/p>\n<p style=\"background: red; color: white\"><b>CKS Mrowisko &#8211; Gliwice, ul. Pszczy\u0144ska 85<\/b><\/p>\n<p><\/center> <\/p>\n<blockquote><p>\n<b>X Gliwicki Offowy Festiwal Filmowy ? GOFFR<\/b><br \/>\n<b>14:00<\/b> &#8211; <b>Warsztaty kr\u0119cenie Videoklip\u00f3w<\/b> &#8211; dzie\u0144 pierwszy &#8211; Yach Film<br \/>\n<b>16:00<\/b> &#8211; <b>pokaz najlepszych Videoklip\u00f3w Yach Film Gdynia 2013<\/b><br \/>\n<b>17:00<\/b> &#8211; <b>I blok film\u00f3w konkursowych<\/b><br \/>\n<b>18:30<\/b> &#8211; <b>przerwa kawowa, rozmowy z Jury<\/b><br \/>\n<b>19:30<\/b> &#8211; <b>II blok film\u00f3w konkursowych<\/b><br \/>\n<b>22:00<\/b> &#8211; <b>og\u0142oszenie wynik\u00f3w, wr\u0119czenie nagr\u00f3d<\/b>\n<\/p><\/blockquote>\n<p><center><\/p>\n<p style=\"background: red; color: white\"><b>Stacja Artystyczna Rynek &#8211; Gliwice, Rynek 4-5<\/b><\/p>\n<p><\/center> <\/p>\n<blockquote><p>\n<b>16:00<\/b> &#8211; <b>SOBOTA Z GRAMI RPG<\/b>\n<\/p><\/blockquote>\n<p><center><\/p>\n<p style=\"background: red; color: white\"><b>Sala wystawowa MBP &#8211; Gliwice, pl. Inwalid\u00f3w Wojennych 3<\/b><\/p>\n<p><\/center> <\/p>\n<blockquote><p>\n&#8211; wystawa <b>prac Barbary Englender oraz Uczni\u00f3w kl. 2A Liceum Plastycznego w ZSP w Gdyni<\/b> w ramach <b>V Og\u00f3lnopolskiego Festiwalu Fotografii Otworkowej<\/b>\n<\/p><\/blockquote>\n<p><center><\/p>\n<p style=\"background: red; color: white\"><b>Galeria Perkoz filia MBP nr 5 &#8211; Gliwice, ul. Perkoza 12<\/b><\/p>\n<p><\/center> <\/p>\n<blockquote><p>\n&#8211; wystawa <b>prac Piotra Zab\u0142ockiego<\/b> w ramach <b>V Og\u00f3lnopolskiego Festiwalu Fotografii Otworkowej<\/b>\n<\/p><\/blockquote>\n<p><center><\/p>\n<p style=\"background: red; color: white\"><b>Galeria z Pieprzem &#8211; Restauracja Wanilia  &#8211; Gliwice, al. Korfantego 36<\/b><\/p>\n<p><\/center> <\/p>\n<blockquote><p>\n&#8211; wystawa malarstwa <b>Lidii W\u0105sat<\/b>\n<\/p><\/blockquote>\n<p><center><\/p>\n<p style=\"background: red; color: white\"><b>Czytelnia Sztuki &#8211; Gliwice, ul. Dolnych Wa\u0142\u00f3w 8a<\/b><\/p>\n<p><\/center> <\/p>\n<blockquote><p>\n&#8211; wystawa <b>Architektura w opozycji<\/b>\n<\/p><\/blockquote>\n<p><center><\/p>\n<p style=\"background: red; color: white\"><b>Radiostacja &#8211; Gliwice ul. Tarnog\u00f3rska 129<\/b><\/p>\n<p> <\/center><\/p>\n<blockquote><p>\n&#8211; wystawa <b>Deportacje G\u00f3rno\u015bl\u0105zak\u00f3w do ZSRR w 1945 roku<\/b>\n<\/p><\/blockquote>\n<p><center><\/p>\n<p style=\"background: red; color: white\"><b>Willa Caro &#8211; Gliwice, ul. Dolnych Wa\u0142\u00f3w 8a<\/b><\/p>\n<p><\/center> <\/p>\n<blockquote><p>\n&#8211; wystawa <b>Fajanse z Delft. Kolekcja Profesora Wojciecha Kowalskiego<\/b><br \/>\n&#8211; wystawa <b>Naturalista, czyli Wilhelm von Blandowski w Australii<\/b>\n<\/p><\/blockquote>\n<p><a id=\"niedziela\" name=\"niedziela\"><\/a><br \/>\n<center><a href=\"#sroda\"><b>\u015aRODA<\/b><\/a><b> | <\/b><a href=\"#czwartek\"><b>CZWARTEK<\/b><\/a><b> | <\/b><a href=\"#piatek\"><b>PI\u0104TEK<\/b><\/a><b> | <\/b><a href=\"#sobota\"><b>SOBOTA<\/b><\/a><b> | <\/b><a href=\"#niedziela\"><b>NIEDZIELA<\/b><\/a><b> | <\/b><a href=\"#poniedzialek\"><b>PON.<\/b><\/b><\/a><\/center><\/p>\n<h1><b>Niedziela<\/b> &#8211; 24 listopada<\/h1>\n<p><center><\/p>\n<p style=\"background: navy; color: white\"><b>Dom Muzyki i Ta\u0144ca &#8211; Zabrze, ul. Gen. de Gaulle?a 17.<\/b><\/p>\n<p><\/center><\/p>\n<blockquote><p>\n<b>17:00<\/b> &#8211; <b>\u015al\u0105zak Roku &#8211; &#8220;Po naszymu czyli po \u015bl\u0105sku&#8221;<\/b>\n<\/p><\/blockquote>\n<p><center><\/p>\n<p style=\"background: navy; color: white\"><b>Teatr Nowy w Zabrzu &#8211; Plac Teatralny 1<\/b><\/p>\n<p> <\/center><\/p>\n<blockquote><p>\n<b>18:00<\/b> &#8211; <b>ZAMIANA NA WAKACJE<\/b>\n<\/p><\/blockquote>\n<p><center><\/p>\n<p style=\"background: red; color: white\"><b>Kino Amok &#8211; Gliwice, ul. Dolnych Wa\u0142\u00f3w 3<\/b><\/p>\n<p><\/center><\/p>\n<blockquote><p>\nMa\u0142a sala:<br \/>\n<b>16:15<\/b> &#8211; <b>FRANCES HA<\/b><br \/>\n<b>18:00<\/b> &#8211; <b>NIE ZAPOMNIJ MNIE<\/b> &#8211; Obrazy Historii<br \/>\n<b>20:15<\/b> &#8211; <b>HISTORIE RODZINNE<\/b>\n<\/p><\/blockquote>\n<p><center><\/p>\n<p style=\"background: navy; color: white\"><b>Kino Roma &#8211; Zabrze, ul. Padlewskiego 4 tel. (32) 271-62-91<\/b><\/p>\n<p><\/center><\/p>\n<blockquote><p>\n<b>17:00<\/b> &#8211; <strong>Gambit, czyli jak ogra\u0107 kr\u00f3la<\/strong><br \/>\n<b>20:00<\/b> &#8211; <strong>Gambit, czyli jak ogra\u0107 kr\u00f3la<\/strong>\n<\/p><\/blockquote>\n<p><center><\/p>\n<p style=\"background: red; color: white\"><b>Sala widowiskowa MDK w Bojkowie &#8211; Gliwice, ul. Parkowa 5<\/b><\/p>\n<p><\/center> <\/p>\n<blockquote><p>\n<b>17:30<\/b> &#8211; <b>\u017divot sv. Jana z Nepomuka<\/b> &#8211; w wykonaniu Teatru Magazyn\n<\/p><\/blockquote>\n<p><center><\/p>\n<p style=\"background: red; color: white\"><b>Centrum Edukacyjne im. b\u0142. Jana Paw\u0142a II  &#8211; Gliwice, ul. Jana Paw\u0142a II 5A<\/b><\/p>\n<p><\/center> <\/p>\n<blockquote><p>\n<b>18:00<\/b> &#8211; <b>Montenegrin Guitar Duo, Kwartet Smyczkowy &#8220;Camerata&#8221;<\/b> &#8211; XV Mi\u0119dzynarodowy GLIWICKI FESTIWAL GITAROWY\n<\/p><\/blockquote>\n<p><center><\/p>\n<p style=\"background: red; color: white\"><b>Rocka Music Club &#8211; Gliwice, ul. Rynek 18<\/b><\/p>\n<p><\/center> <\/p>\n<blockquote><p>\n<b>X Gliwicki Offowy Festiwal Filmowy ? GOFFR<\/b><br \/>\n<b>16:00<\/b> &#8211; <b>Warsztaty kr\u0119cenia Videoklip\u00f3w<\/b> &#8211; dzie\u0144 drugi Yach Film<br \/>\n<b>20:00<\/b> &#8211; <b>Czes\u0142aw \u015apiewa<\/b> &#8211; koncert\n<\/p><\/blockquote>\n<p><center><\/p>\n<p style=\"background: red; color: white\"><b>Galeria z Pieprzem &#8211; Restauracja Wanilia  &#8211; Gliwice, al. Korfantego 36<\/b><\/p>\n<p><\/center> <\/p>\n<blockquote><p>\n&#8211; wystawa malarstwa <b>Lidii W\u0105sat<\/b>\n<\/p><\/blockquote>\n<p><center><\/p>\n<p style=\"background: red; color: white\"><b>Czytelnia Sztuki &#8211; Gliwice, ul. Dolnych Wa\u0142\u00f3w 8a<\/b><\/p>\n<p><\/center> <\/p>\n<blockquote><p>\n&#8211; wystawa <b>Architektura w opozycji<\/b>\n<\/p><\/blockquote>\n<p><center><\/p>\n<p style=\"background: red; color: white\"><b>Radiostacja &#8211; Gliwice ul. Tarnog\u00f3rska 129<\/b><\/p>\n<p> <\/center><\/p>\n<blockquote><p>\n&#8211; wystawa <b>Deportacje G\u00f3rno\u015bl\u0105zak\u00f3w do ZSRR w 1945 roku<\/b>\n<\/p><\/blockquote>\n<p><center><\/p>\n<p style=\"background: red; color: white\"><b>Willa Caro &#8211; Gliwice, ul. Dolnych Wa\u0142\u00f3w 8a<\/b><\/p>\n<p><\/center> <\/p>\n<blockquote><p>\n<b>16:00<\/b> &#8211; <b>Podwieczorek muzyczny w Willi Caro<\/b><br \/>\n&#8211; wystawa <b>Fajanse z Delft. Kolekcja Profesora Wojciecha Kowalskiego<\/b><br \/>\n&#8211; wystawa <b>Naturalista, czyli Wilhelm von Blandowski w Australii<\/b>\n<\/p><\/blockquote>\n<p><a id=\"poniedzialek\" name=\"poniedzialek\"><\/a><br \/>\n<center><a href=\"#sroda\"><b>\u015aRODA<\/b><\/a><b> | <\/b><a href=\"#czwartek\"><b>CZWARTEK<\/b><\/a><b> | <\/b><a href=\"#piatek\"><b>PI\u0104TEK<\/b><\/a><b> | <\/b><a href=\"#sobota\"><b>SOBOTA<\/b><\/a><b> | <\/b><a href=\"#niedziela\"><b>NIEDZIELA<\/b><\/a><b> | <\/b><a href=\"#poniedzialek\"><b>PON.<\/b><\/b><\/a><\/center><\/p>\n<h1><b>Poniedzia\u0142ek<\/b> &#8211; 25 listopada<\/h1>\n<p><center><\/p>\n<p style=\"background: navy; color: white\"><b>Teatr Nowy w Zabrzu &#8211; Plac Teatralny 1<\/b><\/p>\n<p> <\/center><\/p>\n<blockquote><p>\n<b>19:00<\/b> &#8211; <b>Wiecz\u00f3r z pantomim\u0105 i piosenk\u0105 <\/b> &#8211; Wyst\u0119p ruku dyplomowego s\u0142ychaczy Pa\u0144stwowego Policealnego Studium Wokalno-Baletowego w Gliwicach. Re\u017cyseria &#8211; Renata Spinek.<br \/>\nBilety: wolne datki\n<\/p><\/blockquote>\n<p><center><\/p>\n<p style=\"background: red; color: white\"><b>Kino Amok &#8211; Gliwice, ul. Dolnych Wa\u0142\u00f3w 3<\/b><\/p>\n<p><\/center><\/p>\n<blockquote><p>\nMa\u0142a sala:<br \/>\n<b>12:30<\/b> &#8211; <b>HISTORIE RODZINNE<\/b> &#8211; seans seniora<br \/>\n<b>16:15<\/b> &#8211; <b>FRANCES HA<\/b><br \/>\n<b>18:00<\/b> &#8211; <b>JE\u015aLI NIE MY, TO KTO?<\/b> &#8211; Obrazy Historii<br \/>\n<b>20:15<\/b> &#8211; <b>HISTORIE RODZINNE<\/b>\n<\/p><\/blockquote>\n<p><center><\/p>\n<p style=\"background: navy; color: white\"><b>Kino Roma &#8211; Zabrze, ul. Padlewskiego 4 tel. (32) 271-62-91<\/b><\/p>\n<p><\/center><\/p>\n<blockquote><p>\n<b>16:00<\/b> &#8211; <strong>Wspania\u0142a<\/strong> &#8211; kino dla senior\u00f3w<br \/>\n<b>20:00<\/b> &#8211; <strong>Gambit, czyli jak ogra\u0107 kr\u00f3la<\/strong>\n<\/p><\/blockquote>\n<p><center><\/p>\n<p style=\"background: red; color: white\"><b>Sala wystawowa MBP nr 21 &#8211; Gliwice, ul. Syriusza 30<\/b><\/p>\n<p><\/center> <\/p>\n<blockquote><p>\n<b>17:00<\/b> &#8211; <b>Spotkanie z Arkadiuszem Niemirskim<\/b>\n<\/p><\/blockquote>\n<p><center><\/p>\n<p style=\"background: red; color: white\"><b>Stacja Artystyczna Rynek &#8211; Gliwice, Rynek 4-5<\/b><\/p>\n<p><\/center> <\/p>\n<blockquote><p>\n<b>17:00<\/b> &#8211; <b>WARSZTATY SZYDE\u0141KOWANIA \/ KREATYWNE ZABAWKI<\/b>\n<\/p><\/blockquote>\n<p><center><\/p>\n<p style=\"background: red; color: white\"><b>Sala wystawowa MBP &#8211; Gliwice, pl. Inwalid\u00f3w Wojennych 3<\/b><\/p>\n<p><\/center> <\/p>\n<blockquote><p>\n&#8211; wystawa <b>prac Barbary Englender oraz Uczni\u00f3w kl. 2A Liceum Plastycznego w ZSP w Gdyni<\/b> w ramach <b>V Og\u00f3lnopolskiego Festiwalu Fotografii Otworkowej<\/b>\n<\/p><\/blockquote>\n<p><center><\/p>\n<p style=\"background: red; color: white\"><b>Galeria Perkoz filia MBP nr 5 &#8211; Gliwice, ul. Perkoza 12<\/b><\/p>\n<p><\/center> <\/p>\n<blockquote><p>\n&#8211; wystawa <b>prac Piotra Zab\u0142ockiego<\/b> w ramach <b>V Og\u00f3lnopolskiego Festiwalu Fotografii Otworkowej<\/b>\n<\/p><\/blockquote>\n<p><center><\/p>\n<p style=\"background: red; color: white\"><b>Galeria z Pieprzem &#8211; Restauracja Wanilia  &#8211; Gliwice, al. Korfantego 36<\/b><\/p>\n<p><\/center> <\/p>\n<blockquote><p>\n&#8211; wystawa malarstwa <b>Lidii W\u0105sat<\/b>\n<\/p><\/blockquote>\n<\/blockquote>\n<div class=\"gliwi-a5-na-koncu-artykulow gliwi-entity-placement\" id=\"gliwi-3607760636\"><div class=\"gliwi-adlabel\"><span style=\"font-size: 9px\">REKLAMA<\/span><\/div><div id=\"gliwi-3804582637\" style=\"margin-left: auto;margin-right: auto;text-align: center;\"><a data-no-instant=\"1\" href=\"https:\/\/prezeroarenagliwice.pl\/\" rel=\"noopener\" class=\"a2t-link\" target=\"_blank\" aria-label=\"20260309-PREZERO-WIOSNA-D\"><img loading=\"lazy\" decoding=\"async\" src=\"https:\/\/www.24gliwice.pl\/wiadomosci\/wp-content\/uploads\/2026\/03\/20260309-PREZERO-WIOSNA-D.webp\" alt=\"\"  srcset=\"https:\/\/www.24gliwice.pl\/wiadomosci\/wp-content\/uploads\/2026\/03\/20260309-PREZERO-WIOSNA-D.webp 750w, https:\/\/www.24gliwice.pl\/wiadomosci\/wp-content\/uploads\/2026\/03\/20260309-PREZERO-WIOSNA-D-410x109.webp 410w\" sizes=\"(max-width: 750px) 100vw, 750px\" class=\"no-lazyload\" width=\"750\" height=\"200\"  style=\"display: inline-block; max-width: 100%; height: auto;\" \/><\/a><\/div><\/div>","protected":false},"excerpt":{"rendered":"<p>KULTURALNA PO\u0141OWA LISTOPADA<\/p>\n","protected":false},"author":11,"featured_media":69493,"comment_status":"open","ping_status":"closed","sticky":false,"template":"","format":"standard","meta":{"_monsterinsights_skip_tracking":false,"_monsterinsights_sitenote_active":false,"_monsterinsights_sitenote_note":"","_monsterinsights_sitenote_category":0,"footnotes":"","_links_to":"","_links_to_target":""},"categories":[1],"tags":[],"class_list":["post-56141","post","type-post","status-publish","format-standard","has-post-thumbnail","hentry","category-wszystko"],"yoast_head":"<!-- This site is optimized with the Yoast SEO plugin v27.5 - https:\/\/yoast.com\/product\/yoast-seo-wordpress\/ -->\n<title>Kulturalna \u015aci\u0105ga - czyli co, gdzie, kiedy w Gliwicach i Zabrzu - 24GLIWICE - Portal Gliwice | codziennie nowe informacje<\/title>\n<meta name=\"robots\" content=\"index, follow, max-snippet:-1, max-image-preview:large, max-video-preview:-1\" \/>\n<link rel=\"canonical\" href=\"https:\/\/www.24gliwice.pl\/wiadomosci\/kulturalna-sciaga-czyli-co-gdzie-kiedy-w-gliwicach-i-zabrzu-27\/\" \/>\n<meta property=\"og:locale\" content=\"pl_PL\" \/>\n<meta property=\"og:type\" content=\"article\" \/>\n<meta property=\"og:title\" content=\"Kulturalna \u015aci\u0105ga - czyli co, gdzie, kiedy w Gliwicach i Zabrzu - 24GLIWICE - Portal Gliwice | codziennie nowe informacje\" \/>\n<meta property=\"og:description\" content=\"KULTURALNA PO\u0141OWA LISTOPADA\" \/>\n<meta property=\"og:url\" content=\"https:\/\/www.24gliwice.pl\/wiadomosci\/kulturalna-sciaga-czyli-co-gdzie-kiedy-w-gliwicach-i-zabrzu-27\/\" \/>\n<meta property=\"og:site_name\" content=\"24GLIWICE - Portal Gliwice | codziennie nowe informacje\" \/>\n<meta property=\"article:publisher\" content=\"https:\/\/www.facebook.com\/24gliwice\" \/>\n<meta property=\"article:published_time\" content=\"2013-11-20T14:31:32+00:00\" \/>\n<meta property=\"og:image\" content=\"https:\/\/www.24gliwice.pl\/wiadomosci\/wp-content\/uploads\/2015\/05\/kultura1-510x285.jpg\" \/>\n\t<meta property=\"og:image:width\" content=\"510\" \/>\n\t<meta property=\"og:image:height\" content=\"285\" \/>\n\t<meta property=\"og:image:type\" content=\"image\/jpeg\" \/>\n<meta name=\"author\" content=\"Lukasz Gawin\" \/>\n<meta name=\"twitter:card\" content=\"summary_large_image\" \/>\n<meta name=\"twitter:creator\" content=\"@24gliwice\" \/>\n<meta name=\"twitter:site\" content=\"@24gliwice\" \/>\n<meta name=\"twitter:label1\" content=\"Napisane przez\" \/>\n\t<meta name=\"twitter:data1\" content=\"Lukasz Gawin\" \/>\n\t<meta name=\"twitter:label2\" content=\"Szacowany czas czytania\" \/>\n\t<meta name=\"twitter:data2\" content=\"3 minuty\" \/>\n<script type=\"application\/ld+json\" class=\"yoast-schema-graph\">{\"@context\":\"https:\\\/\\\/schema.org\",\"@graph\":[{\"@type\":\"Article\",\"@id\":\"https:\\\/\\\/www.24gliwice.pl\\\/wiadomosci\\\/kulturalna-sciaga-czyli-co-gdzie-kiedy-w-gliwicach-i-zabrzu-27\\\/#article\",\"isPartOf\":{\"@id\":\"https:\\\/\\\/www.24gliwice.pl\\\/wiadomosci\\\/kulturalna-sciaga-czyli-co-gdzie-kiedy-w-gliwicach-i-zabrzu-27\\\/\"},\"author\":{\"name\":\"Lukasz Gawin\",\"@id\":\"https:\\\/\\\/www.24gliwice.pl\\\/wiadomosci\\\/#\\\/schema\\\/person\\\/03c3b0db6cac50b378593f935cac1533\"},\"headline\":\"Kulturalna \u015aci\u0105ga &#8211; czyli co, gdzie, kiedy w Gliwicach i Zabrzu\",\"datePublished\":\"2013-11-20T14:31:32+00:00\",\"mainEntityOfPage\":{\"@id\":\"https:\\\/\\\/www.24gliwice.pl\\\/wiadomosci\\\/kulturalna-sciaga-czyli-co-gdzie-kiedy-w-gliwicach-i-zabrzu-27\\\/\"},\"wordCount\":587,\"commentCount\":0,\"publisher\":{\"@id\":\"https:\\\/\\\/www.24gliwice.pl\\\/wiadomosci\\\/#organization\"},\"image\":{\"@id\":\"https:\\\/\\\/www.24gliwice.pl\\\/wiadomosci\\\/kulturalna-sciaga-czyli-co-gdzie-kiedy-w-gliwicach-i-zabrzu-27\\\/#primaryimage\"},\"thumbnailUrl\":\"https:\\\/\\\/www.24gliwice.pl\\\/wiadomosci\\\/wp-content\\\/uploads\\\/2015\\\/05\\\/kultura1-510x285.jpg\",\"articleSection\":[\"Najnowsze wiadomo\u015bci\"],\"inLanguage\":\"pl-PL\",\"potentialAction\":[{\"@type\":\"CommentAction\",\"name\":\"Comment\",\"target\":[\"https:\\\/\\\/www.24gliwice.pl\\\/wiadomosci\\\/kulturalna-sciaga-czyli-co-gdzie-kiedy-w-gliwicach-i-zabrzu-27\\\/#respond\"]}]},{\"@type\":\"WebPage\",\"@id\":\"https:\\\/\\\/www.24gliwice.pl\\\/wiadomosci\\\/kulturalna-sciaga-czyli-co-gdzie-kiedy-w-gliwicach-i-zabrzu-27\\\/\",\"url\":\"https:\\\/\\\/www.24gliwice.pl\\\/wiadomosci\\\/kulturalna-sciaga-czyli-co-gdzie-kiedy-w-gliwicach-i-zabrzu-27\\\/\",\"name\":\"Kulturalna \u015aci\u0105ga - czyli co, gdzie, kiedy w Gliwicach i Zabrzu - 24GLIWICE - Portal Gliwice | codziennie nowe informacje\",\"isPartOf\":{\"@id\":\"https:\\\/\\\/www.24gliwice.pl\\\/wiadomosci\\\/#website\"},\"primaryImageOfPage\":{\"@id\":\"https:\\\/\\\/www.24gliwice.pl\\\/wiadomosci\\\/kulturalna-sciaga-czyli-co-gdzie-kiedy-w-gliwicach-i-zabrzu-27\\\/#primaryimage\"},\"image\":{\"@id\":\"https:\\\/\\\/www.24gliwice.pl\\\/wiadomosci\\\/kulturalna-sciaga-czyli-co-gdzie-kiedy-w-gliwicach-i-zabrzu-27\\\/#primaryimage\"},\"thumbnailUrl\":\"https:\\\/\\\/www.24gliwice.pl\\\/wiadomosci\\\/wp-content\\\/uploads\\\/2015\\\/05\\\/kultura1-510x285.jpg\",\"datePublished\":\"2013-11-20T14:31:32+00:00\",\"breadcrumb\":{\"@id\":\"https:\\\/\\\/www.24gliwice.pl\\\/wiadomosci\\\/kulturalna-sciaga-czyli-co-gdzie-kiedy-w-gliwicach-i-zabrzu-27\\\/#breadcrumb\"},\"inLanguage\":\"pl-PL\",\"potentialAction\":[{\"@type\":\"ReadAction\",\"target\":[\"https:\\\/\\\/www.24gliwice.pl\\\/wiadomosci\\\/kulturalna-sciaga-czyli-co-gdzie-kiedy-w-gliwicach-i-zabrzu-27\\\/\"]}]},{\"@type\":\"ImageObject\",\"inLanguage\":\"pl-PL\",\"@id\":\"https:\\\/\\\/www.24gliwice.pl\\\/wiadomosci\\\/kulturalna-sciaga-czyli-co-gdzie-kiedy-w-gliwicach-i-zabrzu-27\\\/#primaryimage\",\"url\":\"https:\\\/\\\/www.24gliwice.pl\\\/wiadomosci\\\/wp-content\\\/uploads\\\/2015\\\/05\\\/kultura1-510x285.jpg\",\"contentUrl\":\"https:\\\/\\\/www.24gliwice.pl\\\/wiadomosci\\\/wp-content\\\/uploads\\\/2015\\\/05\\\/kultura1-510x285.jpg\",\"width\":510,\"height\":285},{\"@type\":\"BreadcrumbList\",\"@id\":\"https:\\\/\\\/www.24gliwice.pl\\\/wiadomosci\\\/kulturalna-sciaga-czyli-co-gdzie-kiedy-w-gliwicach-i-zabrzu-27\\\/#breadcrumb\",\"itemListElement\":[{\"@type\":\"ListItem\",\"position\":1,\"name\":\"Strona g\u0142\u00f3wna\",\"item\":\"https:\\\/\\\/www.24gliwice.pl\\\/wiadomosci\\\/\"},{\"@type\":\"ListItem\",\"position\":2,\"name\":\"Kulturalna \u015aci\u0105ga &#8211; czyli co, gdzie, kiedy w Gliwicach i Zabrzu\"}]},{\"@type\":\"WebSite\",\"@id\":\"https:\\\/\\\/www.24gliwice.pl\\\/wiadomosci\\\/#website\",\"url\":\"https:\\\/\\\/www.24gliwice.pl\\\/wiadomosci\\\/\",\"name\":\"24GLIWICE - Portal Gliwice | codziennie nowe wiadomo\u015bci\",\"description\":\"Portal Miejski Gliwice\",\"publisher\":{\"@id\":\"https:\\\/\\\/www.24gliwice.pl\\\/wiadomosci\\\/#organization\"},\"potentialAction\":[{\"@type\":\"SearchAction\",\"target\":{\"@type\":\"EntryPoint\",\"urlTemplate\":\"https:\\\/\\\/www.24gliwice.pl\\\/wiadomosci\\\/?s={search_term_string}\"},\"query-input\":{\"@type\":\"PropertyValueSpecification\",\"valueRequired\":true,\"valueName\":\"search_term_string\"}}],\"inLanguage\":\"pl-PL\"},{\"@type\":\"Organization\",\"@id\":\"https:\\\/\\\/www.24gliwice.pl\\\/wiadomosci\\\/#organization\",\"name\":\"24gliwice\",\"url\":\"https:\\\/\\\/www.24gliwice.pl\\\/wiadomosci\\\/\",\"logo\":{\"@type\":\"ImageObject\",\"inLanguage\":\"pl-PL\",\"@id\":\"https:\\\/\\\/www.24gliwice.pl\\\/wiadomosci\\\/#\\\/schema\\\/logo\\\/image\\\/\",\"url\":\"https:\\\/\\\/www.24gliwice.pl\\\/wiadomosci\\\/wp-content\\\/uploads\\\/2024\\\/10\\\/24gliwice-logo-696.jpg\",\"contentUrl\":\"https:\\\/\\\/www.24gliwice.pl\\\/wiadomosci\\\/wp-content\\\/uploads\\\/2024\\\/10\\\/24gliwice-logo-696.jpg\",\"width\":696,\"height\":696,\"caption\":\"24gliwice\"},\"image\":{\"@id\":\"https:\\\/\\\/www.24gliwice.pl\\\/wiadomosci\\\/#\\\/schema\\\/logo\\\/image\\\/\"},\"sameAs\":[\"https:\\\/\\\/www.facebook.com\\\/24gliwice\",\"https:\\\/\\\/x.com\\\/24gliwice\",\"https:\\\/\\\/www.youtube.com\\\/@24gliwice\"]},{\"@type\":\"Person\",\"@id\":\"https:\\\/\\\/www.24gliwice.pl\\\/wiadomosci\\\/#\\\/schema\\\/person\\\/03c3b0db6cac50b378593f935cac1533\",\"name\":\"Lukasz Gawin\",\"image\":{\"@type\":\"ImageObject\",\"inLanguage\":\"pl-PL\",\"@id\":\"https:\\\/\\\/www.24gliwice.pl\\\/wiadomosci\\\/wp-content\\\/uploads\\\/2016\\\/11\\\/gawin.gif\",\"url\":\"https:\\\/\\\/www.24gliwice.pl\\\/wiadomosci\\\/wp-content\\\/uploads\\\/2016\\\/11\\\/gawin.gif\",\"contentUrl\":\"https:\\\/\\\/www.24gliwice.pl\\\/wiadomosci\\\/wp-content\\\/uploads\\\/2016\\\/11\\\/gawin.gif\",\"caption\":\"Lukasz Gawin\"},\"url\":\"https:\\\/\\\/www.24gliwice.pl\\\/wiadomosci\\\/author\\\/lukasz-gawin\\\/\"}]}<\/script>\n<!-- \/ Yoast SEO plugin. -->","yoast_head_json":{"title":"Kulturalna \u015aci\u0105ga - czyli co, gdzie, kiedy w Gliwicach i Zabrzu - 24GLIWICE - Portal Gliwice | codziennie nowe informacje","robots":{"index":"index","follow":"follow","max-snippet":"max-snippet:-1","max-image-preview":"max-image-preview:large","max-video-preview":"max-video-preview:-1"},"canonical":"https:\/\/www.24gliwice.pl\/wiadomosci\/kulturalna-sciaga-czyli-co-gdzie-kiedy-w-gliwicach-i-zabrzu-27\/","og_locale":"pl_PL","og_type":"article","og_title":"Kulturalna \u015aci\u0105ga - czyli co, gdzie, kiedy w Gliwicach i Zabrzu - 24GLIWICE - Portal Gliwice | codziennie nowe informacje","og_description":"KULTURALNA PO\u0141OWA LISTOPADA","og_url":"https:\/\/www.24gliwice.pl\/wiadomosci\/kulturalna-sciaga-czyli-co-gdzie-kiedy-w-gliwicach-i-zabrzu-27\/","og_site_name":"24GLIWICE - Portal Gliwice | codziennie nowe informacje","article_publisher":"https:\/\/www.facebook.com\/24gliwice","article_published_time":"2013-11-20T14:31:32+00:00","og_image":[{"width":510,"height":285,"url":"https:\/\/www.24gliwice.pl\/wiadomosci\/wp-content\/uploads\/2015\/05\/kultura1-510x285.jpg","type":"image\/jpeg"}],"author":"Lukasz Gawin","twitter_card":"summary_large_image","twitter_creator":"@24gliwice","twitter_site":"@24gliwice","twitter_misc":{"Napisane przez":"Lukasz Gawin","Szacowany czas czytania":"3 minuty"},"schema":{"@context":"https:\/\/schema.org","@graph":[{"@type":"Article","@id":"https:\/\/www.24gliwice.pl\/wiadomosci\/kulturalna-sciaga-czyli-co-gdzie-kiedy-w-gliwicach-i-zabrzu-27\/#article","isPartOf":{"@id":"https:\/\/www.24gliwice.pl\/wiadomosci\/kulturalna-sciaga-czyli-co-gdzie-kiedy-w-gliwicach-i-zabrzu-27\/"},"author":{"name":"Lukasz Gawin","@id":"https:\/\/www.24gliwice.pl\/wiadomosci\/#\/schema\/person\/03c3b0db6cac50b378593f935cac1533"},"headline":"Kulturalna \u015aci\u0105ga &#8211; czyli co, gdzie, kiedy w Gliwicach i Zabrzu","datePublished":"2013-11-20T14:31:32+00:00","mainEntityOfPage":{"@id":"https:\/\/www.24gliwice.pl\/wiadomosci\/kulturalna-sciaga-czyli-co-gdzie-kiedy-w-gliwicach-i-zabrzu-27\/"},"wordCount":587,"commentCount":0,"publisher":{"@id":"https:\/\/www.24gliwice.pl\/wiadomosci\/#organization"},"image":{"@id":"https:\/\/www.24gliwice.pl\/wiadomosci\/kulturalna-sciaga-czyli-co-gdzie-kiedy-w-gliwicach-i-zabrzu-27\/#primaryimage"},"thumbnailUrl":"https:\/\/www.24gliwice.pl\/wiadomosci\/wp-content\/uploads\/2015\/05\/kultura1-510x285.jpg","articleSection":["Najnowsze wiadomo\u015bci"],"inLanguage":"pl-PL","potentialAction":[{"@type":"CommentAction","name":"Comment","target":["https:\/\/www.24gliwice.pl\/wiadomosci\/kulturalna-sciaga-czyli-co-gdzie-kiedy-w-gliwicach-i-zabrzu-27\/#respond"]}]},{"@type":"WebPage","@id":"https:\/\/www.24gliwice.pl\/wiadomosci\/kulturalna-sciaga-czyli-co-gdzie-kiedy-w-gliwicach-i-zabrzu-27\/","url":"https:\/\/www.24gliwice.pl\/wiadomosci\/kulturalna-sciaga-czyli-co-gdzie-kiedy-w-gliwicach-i-zabrzu-27\/","name":"Kulturalna \u015aci\u0105ga - czyli co, gdzie, kiedy w Gliwicach i Zabrzu - 24GLIWICE - Portal Gliwice | codziennie nowe informacje","isPartOf":{"@id":"https:\/\/www.24gliwice.pl\/wiadomosci\/#website"},"primaryImageOfPage":{"@id":"https:\/\/www.24gliwice.pl\/wiadomosci\/kulturalna-sciaga-czyli-co-gdzie-kiedy-w-gliwicach-i-zabrzu-27\/#primaryimage"},"image":{"@id":"https:\/\/www.24gliwice.pl\/wiadomosci\/kulturalna-sciaga-czyli-co-gdzie-kiedy-w-gliwicach-i-zabrzu-27\/#primaryimage"},"thumbnailUrl":"https:\/\/www.24gliwice.pl\/wiadomosci\/wp-content\/uploads\/2015\/05\/kultura1-510x285.jpg","datePublished":"2013-11-20T14:31:32+00:00","breadcrumb":{"@id":"https:\/\/www.24gliwice.pl\/wiadomosci\/kulturalna-sciaga-czyli-co-gdzie-kiedy-w-gliwicach-i-zabrzu-27\/#breadcrumb"},"inLanguage":"pl-PL","potentialAction":[{"@type":"ReadAction","target":["https:\/\/www.24gliwice.pl\/wiadomosci\/kulturalna-sciaga-czyli-co-gdzie-kiedy-w-gliwicach-i-zabrzu-27\/"]}]},{"@type":"ImageObject","inLanguage":"pl-PL","@id":"https:\/\/www.24gliwice.pl\/wiadomosci\/kulturalna-sciaga-czyli-co-gdzie-kiedy-w-gliwicach-i-zabrzu-27\/#primaryimage","url":"https:\/\/www.24gliwice.pl\/wiadomosci\/wp-content\/uploads\/2015\/05\/kultura1-510x285.jpg","contentUrl":"https:\/\/www.24gliwice.pl\/wiadomosci\/wp-content\/uploads\/2015\/05\/kultura1-510x285.jpg","width":510,"height":285},{"@type":"BreadcrumbList","@id":"https:\/\/www.24gliwice.pl\/wiadomosci\/kulturalna-sciaga-czyli-co-gdzie-kiedy-w-gliwicach-i-zabrzu-27\/#breadcrumb","itemListElement":[{"@type":"ListItem","position":1,"name":"Strona g\u0142\u00f3wna","item":"https:\/\/www.24gliwice.pl\/wiadomosci\/"},{"@type":"ListItem","position":2,"name":"Kulturalna \u015aci\u0105ga &#8211; czyli co, gdzie, kiedy w Gliwicach i Zabrzu"}]},{"@type":"WebSite","@id":"https:\/\/www.24gliwice.pl\/wiadomosci\/#website","url":"https:\/\/www.24gliwice.pl\/wiadomosci\/","name":"24GLIWICE - Portal Gliwice | codziennie nowe wiadomo\u015bci","description":"Portal Miejski Gliwice","publisher":{"@id":"https:\/\/www.24gliwice.pl\/wiadomosci\/#organization"},"potentialAction":[{"@type":"SearchAction","target":{"@type":"EntryPoint","urlTemplate":"https:\/\/www.24gliwice.pl\/wiadomosci\/?s={search_term_string}"},"query-input":{"@type":"PropertyValueSpecification","valueRequired":true,"valueName":"search_term_string"}}],"inLanguage":"pl-PL"},{"@type":"Organization","@id":"https:\/\/www.24gliwice.pl\/wiadomosci\/#organization","name":"24gliwice","url":"https:\/\/www.24gliwice.pl\/wiadomosci\/","logo":{"@type":"ImageObject","inLanguage":"pl-PL","@id":"https:\/\/www.24gliwice.pl\/wiadomosci\/#\/schema\/logo\/image\/","url":"https:\/\/www.24gliwice.pl\/wiadomosci\/wp-content\/uploads\/2024\/10\/24gliwice-logo-696.jpg","contentUrl":"https:\/\/www.24gliwice.pl\/wiadomosci\/wp-content\/uploads\/2024\/10\/24gliwice-logo-696.jpg","width":696,"height":696,"caption":"24gliwice"},"image":{"@id":"https:\/\/www.24gliwice.pl\/wiadomosci\/#\/schema\/logo\/image\/"},"sameAs":["https:\/\/www.facebook.com\/24gliwice","https:\/\/x.com\/24gliwice","https:\/\/www.youtube.com\/@24gliwice"]},{"@type":"Person","@id":"https:\/\/www.24gliwice.pl\/wiadomosci\/#\/schema\/person\/03c3b0db6cac50b378593f935cac1533","name":"Lukasz Gawin","image":{"@type":"ImageObject","inLanguage":"pl-PL","@id":"https:\/\/www.24gliwice.pl\/wiadomosci\/wp-content\/uploads\/2016\/11\/gawin.gif","url":"https:\/\/www.24gliwice.pl\/wiadomosci\/wp-content\/uploads\/2016\/11\/gawin.gif","contentUrl":"https:\/\/www.24gliwice.pl\/wiadomosci\/wp-content\/uploads\/2016\/11\/gawin.gif","caption":"Lukasz Gawin"},"url":"https:\/\/www.24gliwice.pl\/wiadomosci\/author\/lukasz-gawin\/"}]}},"_links":{"self":[{"href":"https:\/\/www.24gliwice.pl\/wiadomosci\/wp-json\/wp\/v2\/posts\/56141","targetHints":{"allow":["GET"]}}],"collection":[{"href":"https:\/\/www.24gliwice.pl\/wiadomosci\/wp-json\/wp\/v2\/posts"}],"about":[{"href":"https:\/\/www.24gliwice.pl\/wiadomosci\/wp-json\/wp\/v2\/types\/post"}],"author":[{"embeddable":true,"href":"https:\/\/www.24gliwice.pl\/wiadomosci\/wp-json\/wp\/v2\/users\/11"}],"replies":[{"embeddable":true,"href":"https:\/\/www.24gliwice.pl\/wiadomosci\/wp-json\/wp\/v2\/comments?post=56141"}],"version-history":[{"count":0,"href":"https:\/\/www.24gliwice.pl\/wiadomosci\/wp-json\/wp\/v2\/posts\/56141\/revisions"}],"wp:featuredmedia":[{"embeddable":true,"href":"https:\/\/www.24gliwice.pl\/wiadomosci\/wp-json\/wp\/v2\/media\/69493"}],"wp:attachment":[{"href":"https:\/\/www.24gliwice.pl\/wiadomosci\/wp-json\/wp\/v2\/media?parent=56141"}],"wp:term":[{"taxonomy":"category","embeddable":true,"href":"https:\/\/www.24gliwice.pl\/wiadomosci\/wp-json\/wp\/v2\/categories?post=56141"},{"taxonomy":"post_tag","embeddable":true,"href":"https:\/\/www.24gliwice.pl\/wiadomosci\/wp-json\/wp\/v2\/tags?post=56141"}],"curies":[{"name":"wp","href":"https:\/\/api.w.org\/{rel}","templated":true}]}}