{"id":58005,"date":"2014-01-24T11:30:10","date_gmt":"2014-01-24T10:30:10","guid":{"rendered":"http:\/\/www.24gliwice.pl\/wiadomosci\/?p=58005"},"modified":"2022-02-18T01:59:26","modified_gmt":"2022-02-18T00:59:26","slug":"szpital-w-cenie-kawalerki-radny-zaprzecza-i-zapowiada-pozwy-do-sadu","status":"publish","type":"post","link":"https:\/\/www.24gliwice.pl\/wiadomosci\/szpital-w-cenie-kawalerki-radny-zaprzecza-i-zapowiada-pozwy-do-sadu\/","title":{"rendered":"Szpital w cenie kawalerki? Radny zaprzecza i zapowiada pozwy do s\u0105du"},"content":{"rendered":"<div class=\"gliwi-a6-nad-leadem-artykulow gliwi-entity-placement\" id=\"gliwi-306729416\"><div class=\"gliwi-adlabel\"><span style=\"font-size: 9px\">REKLAMA<\/span><\/div><div id=\"gliwi-161270498\" style=\"margin-bottom: 30px;margin-left: auto;margin-right: auto;text-align: center;\"><a data-no-instant=\"1\" href=\"https:\/\/przedszkole.halogen.org.pl\/\" rel=\"noopener\" class=\"a2t-link\" target=\"_blank\" aria-label=\"20260402-ANIMATOR-przedszkole_grafika_750x200\"><img loading=\"lazy\" decoding=\"async\" src=\"https:\/\/www.24gliwice.pl\/wiadomosci\/wp-content\/uploads\/2026\/04\/20260402-ANIMATOR-przedszkole_grafika_750x200.webp\" alt=\"\"  srcset=\"https:\/\/www.24gliwice.pl\/wiadomosci\/wp-content\/uploads\/2026\/04\/20260402-ANIMATOR-przedszkole_grafika_750x200.webp 750w, https:\/\/www.24gliwice.pl\/wiadomosci\/wp-content\/uploads\/2026\/04\/20260402-ANIMATOR-przedszkole_grafika_750x200-410x109.webp 410w\" sizes=\"(max-width: 750px) 100vw, 750px\" class=\"no-lazyload\" width=\"750\" height=\"200\"  style=\"display: inline-block; max-width: 100%; height: auto;\" \/><\/a><\/div><\/div><h3>Mys\u0142owickie Konsorcjum Medyczne, w sk\u0142ad kt\u00f3rego wchodzi m.in. gliwicki radny <strong>Kajetan Gornig<\/strong> (PO) kupi\u0142o szpital za 135 tysi\u0119cy z\u0142otych &#8211; donosi dziennik Fakt. <\/p>\n<h3>Radny nie kryje oburzenia publikacj\u0105.  &#8211; Zakup nie dotyczy\u0142 nieruchomo\u015bci, ale zbycia udzia\u0142\u00f3w w sp\u00f3\u0142ce. Szpital by\u0142 zad\u0142u\u017cony na 2,8 mln z\u0142otych.<\/h3>\n<p>Do sprzeda\u017cy szpitala przy ul. Miko\u0142owskiej w Mys\u0142owicach dosz\u0142o pod koniec 2013 roku. Nowym w\u0142a\u015bcicielem zosta\u0142o Mys\u0142owickie Konsorcjum Medyczne, w sk\u0142ad kt\u00f3rego wchodz\u0105 radni Platformy Obywatelskiej &#8211; <strong>Jolanta Charchu\u0142a<\/strong> z Mys\u0142owic i gliwicki radny Kajetan Gornig. Wed\u0142ug &#8220;Faktu&#8221; mys\u0142owiccy urz\u0119dnicy oddali nowemu w\u0142a\u015bcicielowi plac\u00f3wk\u0119 za bezcen. <\/p>\n<blockquote><p>&#8220;Ile kosztowa\u0107 mo\u017ce szpital? Mniej ni\u017c kawalerka, a dok\u0142adnie 135 tys. z\u0142. To nie \u017cart! Miejska sp\u00f3\u0142ka warta by\u0142a 4,5 mln z\u0142. Jeden udzia\u0142 kosztowa\u0142 500 z\u0142. Wystarczy\u0142a odpowiednia uchwa\u0142a, akceptacja radnych i cena udzia\u0142u spad\u0142a do \u015bmiesznie niskiej kwoty 15 z\u0142.&#8221; &#8211; czytamy w artykule opublikowanym przez dziennik Fakt.<\/p><div class=\"gliwi-a3-w-tresci-artykulow gliwi-entity-placement\" id=\"gliwi-1731035275\"><div class=\"gliwi-adlabel\"><span style=\"font-size: 9px\">REKLAMA<\/span><\/div><div id=\"gliwi-2033323089\" style=\"margin-bottom: 30px;margin-left: auto;margin-right: auto;text-align: center;\"><a data-no-instant=\"1\" href=\"https:\/\/zlobek.halogen.org.pl\/\" rel=\"noopener\" class=\"a2t-link\" target=\"_blank\" aria-label=\"animator-zlobek_750x200\"><img loading=\"lazy\" decoding=\"async\" src=\"https:\/\/www.24gliwice.pl\/wiadomosci\/wp-content\/uploads\/2026\/02\/animator-zlobek_750x200.webp\" alt=\"\"  srcset=\"https:\/\/www.24gliwice.pl\/wiadomosci\/wp-content\/uploads\/2026\/02\/animator-zlobek_750x200.webp 750w, https:\/\/www.24gliwice.pl\/wiadomosci\/wp-content\/uploads\/2026\/02\/animator-zlobek_750x200-410x109.webp 410w\" sizes=\"(max-width: 750px) 100vw, 750px\" class=\"no-lazyload\" width=\"750\" height=\"200\"  style=\"display: inline-block; max-width: 100%; height: auto;\" \/><\/a><\/div><\/div><\/blockquote>\n<h3>Radny Gornig w rozmowie z 24gliwice.pl zaprzecza informacjom przekazanym przez tabloid.<\/h3>\n<p>&#8211; Po pierwsze zakup nie dotyczy\u0142 nieruchomo\u015bci, ale zbycia udzia\u0142\u00f3w w sp\u00f3\u0142ce. Sama nieruchomo\u015b\u0107 pozosta\u0142a w\u0142asno\u015bci\u0105 miasta. Nie jest prawd\u0105 te\u017c podawana przez gazet\u0119 cena. Szpital by\u0142 zad\u0142u\u017cony na 2,8 mln z\u0142otych i t\u0119 kwot\u0119 tak\u017ce nale\u017cy uwzgl\u0119dni\u0107 &#8211; wyja\u015bnia radny. <\/p>\n<p>Przy zakupie, konsorcjum zobowi\u0105za\u0142o si\u0119 do sp\u0142aty zad\u0142u\u017cenia plac\u00f3wki. Zosta\u0142 w tej sprawie sporz\u0105dzony akt notarialny, a w razie niewykonania zobowi\u0105zania, nowemu w\u0142a\u015bcicielowi gro\u017c\u0105 kary umowne.<br \/>\nGornig przekonuje, \u017ce dzi\u0119ki transakcji, pracownicy szpitala zachowaj\u0105 miejsca pracy, a sama plac\u00f3wka mo\u017ce doczeka\u0107 si\u0119 wkr\u00f3tce ma\u0142ego remontu. <\/p>\n<p>Gornig zapowiada podj\u0119cie krok\u00f3w prawnych wobec gazety.<br \/>\n&#8211; W zwi\u0105zku z artyku\u0142em wprowadzaj\u0105cym w b\u0142\u0105d opinie publiczn\u0105, wraz z pani\u0105 radn\u0105 Charchu\u0142\u0105 podajemy do s\u0105du wydawc\u0119 &#8220;Faktu&#8221; i wszystkie osoby, kt\u00f3re przekazuj\u0105 na tej podstawie nieprawdziwie informacje &#8211; m\u00f3wi.<\/p>\n<p>Kajetan Gornig to jeden z bardziej rozpoznawalnych gliwickich radnych. W Radzie Miejskiej pe\u0142ni funkcj\u0119 Przewodnicz\u0105cego Komisji Gospodarki Komunalnej i Ochrony \u015arodowiska.<br \/>\n(msz)<\/p>\n<p>&#8212;-<br \/>\n<strong>Na oficjalnej stronie Mys\u0142owic ukaza\u0142o si\u0119 r\u00f3wnie\u017c o\u015bwiadczenie podwa\u017caj\u0105ce rzetelno\u015b\u0107 publikacji &#8220;Faktu&#8221;, powielanej p\u00f3\u017aniej przez cz\u0119\u015b\u0107 gliwickich portali.<\/strong><br \/>\n&nbsp;<\/p>\n<blockquote><p>&#8220;W odpowiedzi na publikacje medialne Urz\u0105d Miasta Mys\u0142owice informuje, \u017ce przedmiotem sprzeda\u017cy nie by\u0142 szpital, a udzia\u0142y Gminy w Mys\u0142owickim Centrum Zdrowia (by\u0142y Szpital nr 1). Grunty oraz budynki nadal pozostaj\u0105 w\u0142asno\u015bci\u0105 miasta Mys\u0142owice i s\u0105 jedynie dzier\u017cawione nowemu nabywcy.<\/p>\n<p>Ponadto kwota 135 tys. z\u0142 uzyskanych ze sprzeda\u017cy udzia\u0142\u00f3w stanowi u\u0142amek wszystkich korzy\u015bci finansowych i pozafinansowych zawartych w umowie. Nowy nabywca przyj\u0105\u0142 na siebie bowiem zobowi\u0105zania, kt\u00f3re na dzie\u0144 30.09.2013 r. wynosz\u0105 blisko 2,8 mln z\u0142 (ostateczn\u0105 kwot\u0119 zobowi\u0105za\u0144 poznamy z bilansu sp\u00f3\u0142ki sporz\u0105dzanego na dzie\u0144 31.12.2013 r.). Nabywca zobowi\u0105za\u0142 si\u0119 tak\u017ce do dokapitalizowania sp\u00f3\u0142ki w kwocie 450 tys. z\u0142 w terminie do 6 miesi\u0119cy od dn. podpisania umowy i r\u00f3wnie\u017c do nak\u0142ad\u00f3w inwestycyjnych, w kwocie co najmniej 3,5 mln z\u0142 w latach 2014 &#8211; 2017.<\/p>\n<p>Ponadto zagwarantowa\u0142 zatrudnienie wszystkim pracownikom sp\u00f3\u0142ki na dotychczasowych warunkach pracy i p\u0142acy na okres 24 miesi\u0119cy od dn. podpisania umowy oraz zobowi\u0105za\u0142 si\u0119 do umo\u017cliwienia nabycia udzia\u0142\u00f3w sp\u00f3\u0142ki pracownikom w wysoko\u015bci 15% kapita\u0142u zak\u0142adowego.<\/p>\n<p>Informujemy r\u00f3wnie\u017c, \u017ce kapita\u0142 zak\u0142adowy sp\u00f3\u0142ki wynosz\u0105cy blisko 4,5 mln z\u0142 nie okre\u015bla warto\u015bci sp\u00f3\u0142ki. O jej kondycji finansowej, maj\u0105cej wp\u0142yw na oszacowanie jej warto\u015bci, m\u00f3wi kapita\u0142 w\u0142asny, kt\u00f3ry w przypadku Mys\u0142owickiego Centrum Zdrowia, na dzie\u0144 30.09.2013 r., wynosi\u0142: ? (minus) 1,3 mln z\u0142. Warto\u015b\u0107 sp\u00f3\u0142ki oszacowana w memorandum wynosi\u0142a z kolei 105 000,00 z\u0142. Oznacza to, \u017ce Gmina sprzeda\u0142a udzia\u0142y uzyskuj\u0105c 30 tys. z\u0142 wi\u0119cej ni\u017c szacowana ich warto\u015b\u0107.<\/p>\n<p>Warto r\u00f3wnie\u017c podkre\u015bli\u0107, \u017ce to nie radni Rady Miasta decydowali o warto\u015bci udzia\u0142u, lecz biegli wy\u0142onieni w przetargu i odpowiedzialni za stworzenie memorandum, czyli obszernego dokumentu opisuj\u0105cego aktualny stan sp\u00f3\u0142ki.<\/p>\n<p>Sp\u00f3\u0142ka zapewnia dotychczasow\u0105 dzia\u0142alno\u015b\u0107 medyczn\u0105 i daje mo\u017cliwo\u015b\u0107 poszerzenia \u015bwiadczonych dotychczas us\u0142ug.&#8221;<\/p><\/blockquote>\n<div class=\"gliwi-a5-na-koncu-artykulow gliwi-entity-placement\" id=\"gliwi-1557248511\"><div class=\"gliwi-adlabel\"><span style=\"font-size: 9px\">REKLAMA<\/span><\/div><div id=\"gliwi-1645804543\" style=\"margin-left: auto;margin-right: auto;text-align: center;\"><a data-no-instant=\"1\" href=\"https:\/\/prezeroarenagliwice.pl\/\" rel=\"noopener\" class=\"a2t-link\" target=\"_blank\" aria-label=\"20260309-PREZERO-WIOSNA-D\"><img loading=\"lazy\" decoding=\"async\" src=\"https:\/\/www.24gliwice.pl\/wiadomosci\/wp-content\/uploads\/2026\/03\/20260309-PREZERO-WIOSNA-D.webp\" alt=\"\"  srcset=\"https:\/\/www.24gliwice.pl\/wiadomosci\/wp-content\/uploads\/2026\/03\/20260309-PREZERO-WIOSNA-D.webp 750w, https:\/\/www.24gliwice.pl\/wiadomosci\/wp-content\/uploads\/2026\/03\/20260309-PREZERO-WIOSNA-D-410x109.webp 410w\" sizes=\"(max-width: 750px) 100vw, 750px\" class=\"no-lazyload\" width=\"750\" height=\"200\"  style=\"display: inline-block; max-width: 100%; height: auto;\" \/><\/a><\/div><\/div>","protected":false},"excerpt":{"rendered":"<p>DO SPRZEDA\u017bY PLAC\u00d3WKI DOSZ\u0141O POD KONIEC 2013 ROKU<\/p>\n","protected":false},"author":12,"featured_media":69404,"comment_status":"open","ping_status":"closed","sticky":false,"template":"","format":"standard","meta":{"_monsterinsights_skip_tracking":false,"_monsterinsights_sitenote_active":false,"_monsterinsights_sitenote_note":"","_monsterinsights_sitenote_category":0,"footnotes":"","_links_to":"","_links_to_target":""},"categories":[3,1,8],"tags":[3039,715,3514,2698,5000],"class_list":["post-58005","post","type-post","status-publish","format-standard","has-post-thumbnail","hentry","category-gliwice","category-wszystko","category-samorzad_polityka","tag-gliwice-rada-miejska","tag-kajetan-gornig","tag-platforma-gliwice","tag-platforma-obywatelska","tag-szpital"],"yoast_head":"<!-- This site is optimized with the Yoast SEO plugin v27.5 - https:\/\/yoast.com\/product\/yoast-seo-wordpress\/ -->\n<title>Szpital w cenie kawalerki? Radny zaprzecza i zapowiada pozwy do s\u0105du - 24GLIWICE - Portal Gliwice | codziennie nowe informacje<\/title>\n<meta name=\"robots\" content=\"index, follow, max-snippet:-1, max-image-preview:large, max-video-preview:-1\" \/>\n<link rel=\"canonical\" href=\"https:\/\/www.24gliwice.pl\/wiadomosci\/szpital-w-cenie-kawalerki-radny-zaprzecza-i-zapowiada-pozwy-do-sadu\/\" \/>\n<meta property=\"og:locale\" content=\"pl_PL\" \/>\n<meta property=\"og:type\" content=\"article\" \/>\n<meta property=\"og:title\" content=\"Szpital w cenie kawalerki? Radny zaprzecza i zapowiada pozwy do s\u0105du - 24GLIWICE - Portal Gliwice | codziennie nowe informacje\" \/>\n<meta property=\"og:description\" content=\"DO SPRZEDA\u017bY PLAC\u00d3WKI DOSZ\u0141O POD KONIEC 2013 ROKU\" \/>\n<meta property=\"og:url\" content=\"https:\/\/www.24gliwice.pl\/wiadomosci\/szpital-w-cenie-kawalerki-radny-zaprzecza-i-zapowiada-pozwy-do-sadu\/\" \/>\n<meta property=\"og:site_name\" content=\"24GLIWICE - Portal Gliwice | codziennie nowe informacje\" \/>\n<meta property=\"article:publisher\" content=\"https:\/\/www.facebook.com\/24gliwice\" \/>\n<meta property=\"article:published_time\" content=\"2014-01-24T10:30:10+00:00\" \/>\n<meta property=\"article:modified_time\" content=\"2022-02-18T00:59:26+00:00\" \/>\n<meta property=\"og:image\" content=\"https:\/\/www.24gliwice.pl\/wiadomosci\/wp-content\/uploads\/2015\/05\/gornig-505x300.jpg\" \/>\n\t<meta property=\"og:image:width\" content=\"505\" \/>\n\t<meta property=\"og:image:height\" content=\"300\" \/>\n\t<meta property=\"og:image:type\" content=\"image\/jpeg\" \/>\n<meta name=\"author\" content=\"Micha\u0142 Szewczyk\" \/>\n<meta name=\"twitter:card\" content=\"summary_large_image\" \/>\n<meta name=\"twitter:creator\" content=\"@24gliwice\" \/>\n<meta name=\"twitter:site\" content=\"@24gliwice\" \/>\n<meta name=\"twitter:label1\" content=\"Napisane przez\" \/>\n\t<meta name=\"twitter:data1\" content=\"Micha\u0142 Szewczyk\" \/>\n\t<meta name=\"twitter:label2\" content=\"Szacowany czas czytania\" \/>\n\t<meta name=\"twitter:data2\" content=\"4 minuty\" \/>\n<script type=\"application\/ld+json\" class=\"yoast-schema-graph\">{\"@context\":\"https:\\\/\\\/schema.org\",\"@graph\":[{\"@type\":\"Article\",\"@id\":\"https:\\\/\\\/www.24gliwice.pl\\\/wiadomosci\\\/szpital-w-cenie-kawalerki-radny-zaprzecza-i-zapowiada-pozwy-do-sadu\\\/#article\",\"isPartOf\":{\"@id\":\"https:\\\/\\\/www.24gliwice.pl\\\/wiadomosci\\\/szpital-w-cenie-kawalerki-radny-zaprzecza-i-zapowiada-pozwy-do-sadu\\\/\"},\"author\":{\"name\":\"Micha\u0142 Szewczyk\",\"@id\":\"https:\\\/\\\/www.24gliwice.pl\\\/wiadomosci\\\/#\\\/schema\\\/person\\\/940e8f8a097e322de4f463f061ef8d45\"},\"headline\":\"Szpital w cenie kawalerki? Radny zaprzecza i zapowiada pozwy do s\u0105du\",\"datePublished\":\"2014-01-24T10:30:10+00:00\",\"dateModified\":\"2022-02-18T00:59:26+00:00\",\"mainEntityOfPage\":{\"@id\":\"https:\\\/\\\/www.24gliwice.pl\\\/wiadomosci\\\/szpital-w-cenie-kawalerki-radny-zaprzecza-i-zapowiada-pozwy-do-sadu\\\/\"},\"wordCount\":729,\"commentCount\":0,\"publisher\":{\"@id\":\"https:\\\/\\\/www.24gliwice.pl\\\/wiadomosci\\\/#organization\"},\"image\":{\"@id\":\"https:\\\/\\\/www.24gliwice.pl\\\/wiadomosci\\\/szpital-w-cenie-kawalerki-radny-zaprzecza-i-zapowiada-pozwy-do-sadu\\\/#primaryimage\"},\"thumbnailUrl\":\"https:\\\/\\\/www.24gliwice.pl\\\/wiadomosci\\\/wp-content\\\/uploads\\\/2015\\\/05\\\/gornig-505x300.jpg\",\"keywords\":[\"gliwice rada miejska\",\"KAJETAN GORNIG\",\"platforma gliwice\",\"PLATFORMA OBYWATELSKA\",\"SZPITAL\"],\"articleSection\":[\"Gliwice\",\"Najnowsze wiadomo\u015bci\",\"Samorz\u0105d, polityka\"],\"inLanguage\":\"pl-PL\",\"potentialAction\":[{\"@type\":\"CommentAction\",\"name\":\"Comment\",\"target\":[\"https:\\\/\\\/www.24gliwice.pl\\\/wiadomosci\\\/szpital-w-cenie-kawalerki-radny-zaprzecza-i-zapowiada-pozwy-do-sadu\\\/#respond\"]}]},{\"@type\":\"WebPage\",\"@id\":\"https:\\\/\\\/www.24gliwice.pl\\\/wiadomosci\\\/szpital-w-cenie-kawalerki-radny-zaprzecza-i-zapowiada-pozwy-do-sadu\\\/\",\"url\":\"https:\\\/\\\/www.24gliwice.pl\\\/wiadomosci\\\/szpital-w-cenie-kawalerki-radny-zaprzecza-i-zapowiada-pozwy-do-sadu\\\/\",\"name\":\"Szpital w cenie kawalerki? Radny zaprzecza i zapowiada pozwy do s\u0105du - 24GLIWICE - Portal Gliwice | codziennie nowe informacje\",\"isPartOf\":{\"@id\":\"https:\\\/\\\/www.24gliwice.pl\\\/wiadomosci\\\/#website\"},\"primaryImageOfPage\":{\"@id\":\"https:\\\/\\\/www.24gliwice.pl\\\/wiadomosci\\\/szpital-w-cenie-kawalerki-radny-zaprzecza-i-zapowiada-pozwy-do-sadu\\\/#primaryimage\"},\"image\":{\"@id\":\"https:\\\/\\\/www.24gliwice.pl\\\/wiadomosci\\\/szpital-w-cenie-kawalerki-radny-zaprzecza-i-zapowiada-pozwy-do-sadu\\\/#primaryimage\"},\"thumbnailUrl\":\"https:\\\/\\\/www.24gliwice.pl\\\/wiadomosci\\\/wp-content\\\/uploads\\\/2015\\\/05\\\/gornig-505x300.jpg\",\"datePublished\":\"2014-01-24T10:30:10+00:00\",\"dateModified\":\"2022-02-18T00:59:26+00:00\",\"breadcrumb\":{\"@id\":\"https:\\\/\\\/www.24gliwice.pl\\\/wiadomosci\\\/szpital-w-cenie-kawalerki-radny-zaprzecza-i-zapowiada-pozwy-do-sadu\\\/#breadcrumb\"},\"inLanguage\":\"pl-PL\",\"potentialAction\":[{\"@type\":\"ReadAction\",\"target\":[\"https:\\\/\\\/www.24gliwice.pl\\\/wiadomosci\\\/szpital-w-cenie-kawalerki-radny-zaprzecza-i-zapowiada-pozwy-do-sadu\\\/\"]}]},{\"@type\":\"ImageObject\",\"inLanguage\":\"pl-PL\",\"@id\":\"https:\\\/\\\/www.24gliwice.pl\\\/wiadomosci\\\/szpital-w-cenie-kawalerki-radny-zaprzecza-i-zapowiada-pozwy-do-sadu\\\/#primaryimage\",\"url\":\"https:\\\/\\\/www.24gliwice.pl\\\/wiadomosci\\\/wp-content\\\/uploads\\\/2015\\\/05\\\/gornig-505x300.jpg\",\"contentUrl\":\"https:\\\/\\\/www.24gliwice.pl\\\/wiadomosci\\\/wp-content\\\/uploads\\\/2015\\\/05\\\/gornig-505x300.jpg\",\"width\":505,\"height\":300},{\"@type\":\"BreadcrumbList\",\"@id\":\"https:\\\/\\\/www.24gliwice.pl\\\/wiadomosci\\\/szpital-w-cenie-kawalerki-radny-zaprzecza-i-zapowiada-pozwy-do-sadu\\\/#breadcrumb\",\"itemListElement\":[{\"@type\":\"ListItem\",\"position\":1,\"name\":\"Strona g\u0142\u00f3wna\",\"item\":\"https:\\\/\\\/www.24gliwice.pl\\\/wiadomosci\\\/\"},{\"@type\":\"ListItem\",\"position\":2,\"name\":\"Szpital w cenie kawalerki? Radny zaprzecza i zapowiada pozwy do s\u0105du\"}]},{\"@type\":\"WebSite\",\"@id\":\"https:\\\/\\\/www.24gliwice.pl\\\/wiadomosci\\\/#website\",\"url\":\"https:\\\/\\\/www.24gliwice.pl\\\/wiadomosci\\\/\",\"name\":\"24GLIWICE - Portal Gliwice | codziennie nowe wiadomo\u015bci\",\"description\":\"Portal Miejski Gliwice\",\"publisher\":{\"@id\":\"https:\\\/\\\/www.24gliwice.pl\\\/wiadomosci\\\/#organization\"},\"potentialAction\":[{\"@type\":\"SearchAction\",\"target\":{\"@type\":\"EntryPoint\",\"urlTemplate\":\"https:\\\/\\\/www.24gliwice.pl\\\/wiadomosci\\\/?s={search_term_string}\"},\"query-input\":{\"@type\":\"PropertyValueSpecification\",\"valueRequired\":true,\"valueName\":\"search_term_string\"}}],\"inLanguage\":\"pl-PL\"},{\"@type\":\"Organization\",\"@id\":\"https:\\\/\\\/www.24gliwice.pl\\\/wiadomosci\\\/#organization\",\"name\":\"24gliwice\",\"url\":\"https:\\\/\\\/www.24gliwice.pl\\\/wiadomosci\\\/\",\"logo\":{\"@type\":\"ImageObject\",\"inLanguage\":\"pl-PL\",\"@id\":\"https:\\\/\\\/www.24gliwice.pl\\\/wiadomosci\\\/#\\\/schema\\\/logo\\\/image\\\/\",\"url\":\"https:\\\/\\\/www.24gliwice.pl\\\/wiadomosci\\\/wp-content\\\/uploads\\\/2024\\\/10\\\/24gliwice-logo-696.jpg\",\"contentUrl\":\"https:\\\/\\\/www.24gliwice.pl\\\/wiadomosci\\\/wp-content\\\/uploads\\\/2024\\\/10\\\/24gliwice-logo-696.jpg\",\"width\":696,\"height\":696,\"caption\":\"24gliwice\"},\"image\":{\"@id\":\"https:\\\/\\\/www.24gliwice.pl\\\/wiadomosci\\\/#\\\/schema\\\/logo\\\/image\\\/\"},\"sameAs\":[\"https:\\\/\\\/www.facebook.com\\\/24gliwice\",\"https:\\\/\\\/x.com\\\/24gliwice\",\"https:\\\/\\\/www.youtube.com\\\/@24gliwice\"]},{\"@type\":\"Person\",\"@id\":\"https:\\\/\\\/www.24gliwice.pl\\\/wiadomosci\\\/#\\\/schema\\\/person\\\/940e8f8a097e322de4f463f061ef8d45\",\"name\":\"Micha\u0142 Szewczyk\",\"image\":{\"@type\":\"ImageObject\",\"inLanguage\":\"pl-PL\",\"@id\":\"https:\\\/\\\/secure.gravatar.com\\\/avatar\\\/771b8b6c74cd8d255e46392d605e01a86133900ef09b6ef3c8d451c9d92288cf?s=96&d=mm&r=g\",\"url\":\"https:\\\/\\\/secure.gravatar.com\\\/avatar\\\/771b8b6c74cd8d255e46392d605e01a86133900ef09b6ef3c8d451c9d92288cf?s=96&d=mm&r=g\",\"contentUrl\":\"https:\\\/\\\/secure.gravatar.com\\\/avatar\\\/771b8b6c74cd8d255e46392d605e01a86133900ef09b6ef3c8d451c9d92288cf?s=96&d=mm&r=g\",\"caption\":\"Micha\u0142 Szewczyk\"},\"sameAs\":[\"http:\\\/\\\/www.gazeta-miejska.pl\"],\"url\":\"https:\\\/\\\/www.24gliwice.pl\\\/wiadomosci\\\/author\\\/michal-szewczyk\\\/\"}]}<\/script>\n<!-- \/ Yoast SEO plugin. -->","yoast_head_json":{"title":"Szpital w cenie kawalerki? Radny zaprzecza i zapowiada pozwy do s\u0105du - 24GLIWICE - Portal Gliwice | codziennie nowe informacje","robots":{"index":"index","follow":"follow","max-snippet":"max-snippet:-1","max-image-preview":"max-image-preview:large","max-video-preview":"max-video-preview:-1"},"canonical":"https:\/\/www.24gliwice.pl\/wiadomosci\/szpital-w-cenie-kawalerki-radny-zaprzecza-i-zapowiada-pozwy-do-sadu\/","og_locale":"pl_PL","og_type":"article","og_title":"Szpital w cenie kawalerki? Radny zaprzecza i zapowiada pozwy do s\u0105du - 24GLIWICE - Portal Gliwice | codziennie nowe informacje","og_description":"DO SPRZEDA\u017bY PLAC\u00d3WKI DOSZ\u0141O POD KONIEC 2013 ROKU","og_url":"https:\/\/www.24gliwice.pl\/wiadomosci\/szpital-w-cenie-kawalerki-radny-zaprzecza-i-zapowiada-pozwy-do-sadu\/","og_site_name":"24GLIWICE - Portal Gliwice | codziennie nowe informacje","article_publisher":"https:\/\/www.facebook.com\/24gliwice","article_published_time":"2014-01-24T10:30:10+00:00","article_modified_time":"2022-02-18T00:59:26+00:00","og_image":[{"width":505,"height":300,"url":"https:\/\/www.24gliwice.pl\/wiadomosci\/wp-content\/uploads\/2015\/05\/gornig-505x300.jpg","type":"image\/jpeg"}],"author":"Micha\u0142 Szewczyk","twitter_card":"summary_large_image","twitter_creator":"@24gliwice","twitter_site":"@24gliwice","twitter_misc":{"Napisane przez":"Micha\u0142 Szewczyk","Szacowany czas czytania":"4 minuty"},"schema":{"@context":"https:\/\/schema.org","@graph":[{"@type":"Article","@id":"https:\/\/www.24gliwice.pl\/wiadomosci\/szpital-w-cenie-kawalerki-radny-zaprzecza-i-zapowiada-pozwy-do-sadu\/#article","isPartOf":{"@id":"https:\/\/www.24gliwice.pl\/wiadomosci\/szpital-w-cenie-kawalerki-radny-zaprzecza-i-zapowiada-pozwy-do-sadu\/"},"author":{"name":"Micha\u0142 Szewczyk","@id":"https:\/\/www.24gliwice.pl\/wiadomosci\/#\/schema\/person\/940e8f8a097e322de4f463f061ef8d45"},"headline":"Szpital w cenie kawalerki? Radny zaprzecza i zapowiada pozwy do s\u0105du","datePublished":"2014-01-24T10:30:10+00:00","dateModified":"2022-02-18T00:59:26+00:00","mainEntityOfPage":{"@id":"https:\/\/www.24gliwice.pl\/wiadomosci\/szpital-w-cenie-kawalerki-radny-zaprzecza-i-zapowiada-pozwy-do-sadu\/"},"wordCount":729,"commentCount":0,"publisher":{"@id":"https:\/\/www.24gliwice.pl\/wiadomosci\/#organization"},"image":{"@id":"https:\/\/www.24gliwice.pl\/wiadomosci\/szpital-w-cenie-kawalerki-radny-zaprzecza-i-zapowiada-pozwy-do-sadu\/#primaryimage"},"thumbnailUrl":"https:\/\/www.24gliwice.pl\/wiadomosci\/wp-content\/uploads\/2015\/05\/gornig-505x300.jpg","keywords":["gliwice rada miejska","KAJETAN GORNIG","platforma gliwice","PLATFORMA OBYWATELSKA","SZPITAL"],"articleSection":["Gliwice","Najnowsze wiadomo\u015bci","Samorz\u0105d, polityka"],"inLanguage":"pl-PL","potentialAction":[{"@type":"CommentAction","name":"Comment","target":["https:\/\/www.24gliwice.pl\/wiadomosci\/szpital-w-cenie-kawalerki-radny-zaprzecza-i-zapowiada-pozwy-do-sadu\/#respond"]}]},{"@type":"WebPage","@id":"https:\/\/www.24gliwice.pl\/wiadomosci\/szpital-w-cenie-kawalerki-radny-zaprzecza-i-zapowiada-pozwy-do-sadu\/","url":"https:\/\/www.24gliwice.pl\/wiadomosci\/szpital-w-cenie-kawalerki-radny-zaprzecza-i-zapowiada-pozwy-do-sadu\/","name":"Szpital w cenie kawalerki? Radny zaprzecza i zapowiada pozwy do s\u0105du - 24GLIWICE - Portal Gliwice | codziennie nowe informacje","isPartOf":{"@id":"https:\/\/www.24gliwice.pl\/wiadomosci\/#website"},"primaryImageOfPage":{"@id":"https:\/\/www.24gliwice.pl\/wiadomosci\/szpital-w-cenie-kawalerki-radny-zaprzecza-i-zapowiada-pozwy-do-sadu\/#primaryimage"},"image":{"@id":"https:\/\/www.24gliwice.pl\/wiadomosci\/szpital-w-cenie-kawalerki-radny-zaprzecza-i-zapowiada-pozwy-do-sadu\/#primaryimage"},"thumbnailUrl":"https:\/\/www.24gliwice.pl\/wiadomosci\/wp-content\/uploads\/2015\/05\/gornig-505x300.jpg","datePublished":"2014-01-24T10:30:10+00:00","dateModified":"2022-02-18T00:59:26+00:00","breadcrumb":{"@id":"https:\/\/www.24gliwice.pl\/wiadomosci\/szpital-w-cenie-kawalerki-radny-zaprzecza-i-zapowiada-pozwy-do-sadu\/#breadcrumb"},"inLanguage":"pl-PL","potentialAction":[{"@type":"ReadAction","target":["https:\/\/www.24gliwice.pl\/wiadomosci\/szpital-w-cenie-kawalerki-radny-zaprzecza-i-zapowiada-pozwy-do-sadu\/"]}]},{"@type":"ImageObject","inLanguage":"pl-PL","@id":"https:\/\/www.24gliwice.pl\/wiadomosci\/szpital-w-cenie-kawalerki-radny-zaprzecza-i-zapowiada-pozwy-do-sadu\/#primaryimage","url":"https:\/\/www.24gliwice.pl\/wiadomosci\/wp-content\/uploads\/2015\/05\/gornig-505x300.jpg","contentUrl":"https:\/\/www.24gliwice.pl\/wiadomosci\/wp-content\/uploads\/2015\/05\/gornig-505x300.jpg","width":505,"height":300},{"@type":"BreadcrumbList","@id":"https:\/\/www.24gliwice.pl\/wiadomosci\/szpital-w-cenie-kawalerki-radny-zaprzecza-i-zapowiada-pozwy-do-sadu\/#breadcrumb","itemListElement":[{"@type":"ListItem","position":1,"name":"Strona g\u0142\u00f3wna","item":"https:\/\/www.24gliwice.pl\/wiadomosci\/"},{"@type":"ListItem","position":2,"name":"Szpital w cenie kawalerki? Radny zaprzecza i zapowiada pozwy do s\u0105du"}]},{"@type":"WebSite","@id":"https:\/\/www.24gliwice.pl\/wiadomosci\/#website","url":"https:\/\/www.24gliwice.pl\/wiadomosci\/","name":"24GLIWICE - Portal Gliwice | codziennie nowe wiadomo\u015bci","description":"Portal Miejski Gliwice","publisher":{"@id":"https:\/\/www.24gliwice.pl\/wiadomosci\/#organization"},"potentialAction":[{"@type":"SearchAction","target":{"@type":"EntryPoint","urlTemplate":"https:\/\/www.24gliwice.pl\/wiadomosci\/?s={search_term_string}"},"query-input":{"@type":"PropertyValueSpecification","valueRequired":true,"valueName":"search_term_string"}}],"inLanguage":"pl-PL"},{"@type":"Organization","@id":"https:\/\/www.24gliwice.pl\/wiadomosci\/#organization","name":"24gliwice","url":"https:\/\/www.24gliwice.pl\/wiadomosci\/","logo":{"@type":"ImageObject","inLanguage":"pl-PL","@id":"https:\/\/www.24gliwice.pl\/wiadomosci\/#\/schema\/logo\/image\/","url":"https:\/\/www.24gliwice.pl\/wiadomosci\/wp-content\/uploads\/2024\/10\/24gliwice-logo-696.jpg","contentUrl":"https:\/\/www.24gliwice.pl\/wiadomosci\/wp-content\/uploads\/2024\/10\/24gliwice-logo-696.jpg","width":696,"height":696,"caption":"24gliwice"},"image":{"@id":"https:\/\/www.24gliwice.pl\/wiadomosci\/#\/schema\/logo\/image\/"},"sameAs":["https:\/\/www.facebook.com\/24gliwice","https:\/\/x.com\/24gliwice","https:\/\/www.youtube.com\/@24gliwice"]},{"@type":"Person","@id":"https:\/\/www.24gliwice.pl\/wiadomosci\/#\/schema\/person\/940e8f8a097e322de4f463f061ef8d45","name":"Micha\u0142 Szewczyk","image":{"@type":"ImageObject","inLanguage":"pl-PL","@id":"https:\/\/secure.gravatar.com\/avatar\/771b8b6c74cd8d255e46392d605e01a86133900ef09b6ef3c8d451c9d92288cf?s=96&d=mm&r=g","url":"https:\/\/secure.gravatar.com\/avatar\/771b8b6c74cd8d255e46392d605e01a86133900ef09b6ef3c8d451c9d92288cf?s=96&d=mm&r=g","contentUrl":"https:\/\/secure.gravatar.com\/avatar\/771b8b6c74cd8d255e46392d605e01a86133900ef09b6ef3c8d451c9d92288cf?s=96&d=mm&r=g","caption":"Micha\u0142 Szewczyk"},"sameAs":["http:\/\/www.gazeta-miejska.pl"],"url":"https:\/\/www.24gliwice.pl\/wiadomosci\/author\/michal-szewczyk\/"}]}},"_links":{"self":[{"href":"https:\/\/www.24gliwice.pl\/wiadomosci\/wp-json\/wp\/v2\/posts\/58005","targetHints":{"allow":["GET"]}}],"collection":[{"href":"https:\/\/www.24gliwice.pl\/wiadomosci\/wp-json\/wp\/v2\/posts"}],"about":[{"href":"https:\/\/www.24gliwice.pl\/wiadomosci\/wp-json\/wp\/v2\/types\/post"}],"author":[{"embeddable":true,"href":"https:\/\/www.24gliwice.pl\/wiadomosci\/wp-json\/wp\/v2\/users\/12"}],"replies":[{"embeddable":true,"href":"https:\/\/www.24gliwice.pl\/wiadomosci\/wp-json\/wp\/v2\/comments?post=58005"}],"version-history":[{"count":0,"href":"https:\/\/www.24gliwice.pl\/wiadomosci\/wp-json\/wp\/v2\/posts\/58005\/revisions"}],"wp:featuredmedia":[{"embeddable":true,"href":"https:\/\/www.24gliwice.pl\/wiadomosci\/wp-json\/wp\/v2\/media\/69404"}],"wp:attachment":[{"href":"https:\/\/www.24gliwice.pl\/wiadomosci\/wp-json\/wp\/v2\/media?parent=58005"}],"wp:term":[{"taxonomy":"category","embeddable":true,"href":"https:\/\/www.24gliwice.pl\/wiadomosci\/wp-json\/wp\/v2\/categories?post=58005"},{"taxonomy":"post_tag","embeddable":true,"href":"https:\/\/www.24gliwice.pl\/wiadomosci\/wp-json\/wp\/v2\/tags?post=58005"}],"curies":[{"name":"wp","href":"https:\/\/api.w.org\/{rel}","templated":true}]}}