{"id":64321,"date":"2014-11-15T08:00:35","date_gmt":"2014-11-15T07:00:35","guid":{"rendered":"http:\/\/www.24gliwice.pl\/wiadomosci\/?p=64321"},"modified":"2019-11-15T20:40:10","modified_gmt":"2019-11-15T19:40:10","slug":"kanal-klodnicki-pelen-ryb-z-alejka-spacerowa-i-lodowiskiem-historia-gliwic-tv","status":"publish","type":"post","link":"https:\/\/www.24gliwice.pl\/wiadomosci\/kanal-klodnicki-pelen-ryb-z-alejka-spacerowa-i-lodowiskiem-historia-gliwic-tv\/","title":{"rendered":"Kana\u0142 K\u0142odnicki pe\u0142en ryb, z alejk\u0105 spacerow\u0105 i lodowiskiem. HISTORIA GLIWIC (TV)"},"content":{"rendered":"<div class=\"gliwi-a6-nad-leadem-artykulow gliwi-entity-placement\" id=\"gliwi-3803254386\"><div class=\"gliwi-adlabel\"><span style=\"font-size: 9px\">REKLAMA<\/span><\/div><div id=\"gliwi-320021938\" style=\"margin-bottom: 25px;margin-left: auto;margin-right: auto;text-align: center;\"><a data-no-instant=\"1\" href=\"https:\/\/dom100.eu\/\" rel=\"noopener\" class=\"a2t-link\" target=\"_blank\" aria-label=\"20260415 DOM100 D\"><img loading=\"lazy\" decoding=\"async\" src=\"https:\/\/www.24gliwice.pl\/wiadomosci\/wp-content\/uploads\/2026\/04\/20260415-DOM100-D.jpg\" alt=\"\"  srcset=\"https:\/\/www.24gliwice.pl\/wiadomosci\/wp-content\/uploads\/2026\/04\/20260415-DOM100-D.jpg 750w, https:\/\/www.24gliwice.pl\/wiadomosci\/wp-content\/uploads\/2026\/04\/20260415-DOM100-D-410x109.jpg 410w\" sizes=\"(max-width: 750px) 100vw, 750px\" class=\"no-lazyload\" width=\"750\" height=\"200\"  style=\"display: inline-block; max-width: 100%; height: auto;\" \/><\/a><\/div><\/div><h3>Ryb by\u0142o tu tak du\u017co, \u017ce poszczeg\u00f3lne fragmenty kana\u0142u wydzier\u017cawiano, a stra\u017cnicy musieli ich pilnowa\u0107 przed k\u0142usownikami.<\/h3>\n<p> Zim\u0105, miasto tworzy\u0142o lodowiska i na zamarzni\u0119tych wodach kana\u0142u pojawiali si\u0119&#8230; \u0142y\u017cwiarze.<!--more--><\/p>\n<p>Cho\u0107 g\u0142\u00f3wn\u0105 funkcj\u0105 przecinaj\u0105cego centrum miasta kana\u0142u by\u0142 transport towar\u00f3w w g\u0142\u0105b kraju, gliwiczanie wykorzystywali go tak\u017ce jako dobre miejsce do sp\u0119dzania wolnego czasu. Latem organizowano tu zawody w\u0119dkarskie, zim\u0105 lodowisko, a wzd\u0142u\u017c wody ci\u0105gn\u0119\u0142a si\u0119 aleja spacerowa.<\/p><div class=\"gliwi-a3-w-tresci-artykulow gliwi-entity-placement\" id=\"gliwi-3404069431\"><div class=\"gliwi-adlabel\"><span style=\"font-size: 9px\">REKLAMA<\/span><\/div><div id=\"gliwi-2073752052\" style=\"margin-bottom: 30px;margin-left: auto;margin-right: auto;text-align: center;\"><a data-no-instant=\"1\" href=\"https:\/\/zlobek.halogen.org.pl\/\" rel=\"noopener\" class=\"a2t-link\" target=\"_blank\" aria-label=\"animator-zlobek_750x200\"><img loading=\"lazy\" decoding=\"async\" src=\"https:\/\/www.24gliwice.pl\/wiadomosci\/wp-content\/uploads\/2026\/02\/animator-zlobek_750x200.webp\" alt=\"\"  srcset=\"https:\/\/www.24gliwice.pl\/wiadomosci\/wp-content\/uploads\/2026\/02\/animator-zlobek_750x200.webp 750w, https:\/\/www.24gliwice.pl\/wiadomosci\/wp-content\/uploads\/2026\/02\/animator-zlobek_750x200-410x109.webp 410w\" sizes=\"(max-width: 750px) 100vw, 750px\" class=\"no-lazyload\" width=\"750\" height=\"200\"  style=\"display: inline-block; max-width: 100%; height: auto;\" \/><\/a><\/div><\/div>\n<p><iframe loading=\"lazy\" width=\"789\" height=\"444\" src=\"\/\/www.youtube.com\/embed\/4l2okvnIvMw?list=PLGR0E1Iw97LnmrDb6SmCkOmHOLqOwRm1s\" frameborder=\"0\" allowfullscreen><\/iframe><\/p>\n<p>Budowa kana\u0142u rozpoczyna si\u0119 w 1792 roku. Pocz\u0105tkowo prace nie id\u0105 zgodnie z planem. W Europie to czas wojen napoleo\u0144skich, cz\u0119\u015b\u0107 robotnik\u00f3w walczy na froncie. Cho\u0107 w lipcu 1806 roku z Gliwic odp\u0142ywa pierwsza barka w kierunku Wroc\u0142awia, oficjalnie kana\u0142 zostaje otwarty dopiero trzydzie\u015bci lat po rozpocz\u0119ciu budowy &#8211; w 1822 roku, a koszt jego budowy wyni\u00f3s\u0142 800 000 talar\u00f3w.<\/p>\n<p>Kana\u0142 K\u0142odnicki nie s\u0142u\u017cy\u0142 tylko do cel\u00f3w przemys\u0142owych. Na jego wodach organizowano m.in. zawody kajakarskie i w\u0119dkarskie. W 1894 roku z\u0142owiono tu 25-kilogramowego szczupaka. W\u0119dkarzom trafia\u0142y si\u0119 karpie, liny, w\u0119gorze i raki. Ryb by\u0142o na tyle du\u017co, \u017ce poszczeg\u00f3lne fragmenty kana\u0142u wydzier\u017cawiano, a dzier\u017cawcy wynajmowali stra\u017cnik\u00f3w do ochrony swoich odcink\u00f3w przed k\u0142usownikami. Zim\u0105, miasto tworzy\u0142o lodowiska i na zamarzni\u0119tych wodach kana\u0142u pojawiali si\u0119&#8230; \u0142y\u017cwiarze. Jak podaj\u0105 \u017ar\u00f3d\u0142a, naturalne lodowiska by\u0142y w miar\u0119 mo\u017cliwo\u015bci o\u015bwietlane, a mieszka\u0144com towarzyszy\u0142a muzyka. <\/p>\n<div class=\"gliwi-a5-na-koncu-artykulow gliwi-entity-placement\" id=\"gliwi-2940061090\"><div class=\"gliwi-adlabel\"><span style=\"font-size: 9px\">REKLAMA<\/span><\/div><div id=\"gliwi-4038371822\" style=\"margin-left: auto;margin-right: auto;text-align: center;\"><a data-no-instant=\"1\" href=\"https:\/\/prezeroarenagliwice.pl\/\" rel=\"noopener\" class=\"a2t-link\" target=\"_blank\" aria-label=\"20260309-PREZERO-WIOSNA-D\"><img loading=\"lazy\" decoding=\"async\" src=\"https:\/\/www.24gliwice.pl\/wiadomosci\/wp-content\/uploads\/2026\/03\/20260309-PREZERO-WIOSNA-D.webp\" alt=\"\"  srcset=\"https:\/\/www.24gliwice.pl\/wiadomosci\/wp-content\/uploads\/2026\/03\/20260309-PREZERO-WIOSNA-D.webp 750w, https:\/\/www.24gliwice.pl\/wiadomosci\/wp-content\/uploads\/2026\/03\/20260309-PREZERO-WIOSNA-D-410x109.webp 410w\" sizes=\"(max-width: 750px) 100vw, 750px\" class=\"no-lazyload\" width=\"750\" height=\"200\"  style=\"display: inline-block; max-width: 100%; height: auto;\" \/><\/a><\/div><\/div>","protected":false},"excerpt":{"rendered":"<p>DRUGI ODCINEK NASZEGO TELEWIZYJNEGO CYKLU HISTORYCZNEGO<\/p>\n","protected":false},"author":12,"featured_media":143498,"comment_status":"open","ping_status":"closed","sticky":false,"template":"","format":"video","meta":{"_monsterinsights_skip_tracking":false,"_monsterinsights_sitenote_active":false,"_monsterinsights_sitenote_note":"","_monsterinsights_sitenote_category":0,"footnotes":"","_links_to":"","_links_to_target":""},"categories":[3,7,1,9,4],"tags":[5730,5535,1488,2437,5729,5343],"class_list":["post-64321","post","type-post","status-publish","format-video","has-post-thumbnail","hentry","category-gliwice","category-historia","category-wszystko","category-aktualnosci_lokalne","category-telewizja-gliwice","tag-24gliwice-historia","tag-gliwice-historia","tag-historia-miasta-gliwice","tag-kanal-gliwicki","tag-kanal-klodnicki","tag-klodnica","post_format-post-format-video"],"yoast_head":"<!-- This site is optimized with the Yoast SEO plugin v27.5 - https:\/\/yoast.com\/product\/yoast-seo-wordpress\/ -->\n<title>Kana\u0142 K\u0142odnicki pe\u0142en ryb, z alejk\u0105 spacerow\u0105 i lodowiskiem. HISTORIA GLIWIC (TV) - 24GLIWICE - Portal Gliwice | codziennie nowe informacje<\/title>\n<meta name=\"robots\" content=\"index, follow, max-snippet:-1, max-image-preview:large, max-video-preview:-1\" \/>\n<link rel=\"canonical\" href=\"https:\/\/www.24gliwice.pl\/wiadomosci\/kanal-klodnicki-pelen-ryb-z-alejka-spacerowa-i-lodowiskiem-historia-gliwic-tv\/\" \/>\n<meta property=\"og:locale\" content=\"pl_PL\" \/>\n<meta property=\"og:type\" content=\"article\" \/>\n<meta property=\"og:title\" content=\"Kana\u0142 K\u0142odnicki pe\u0142en ryb, z alejk\u0105 spacerow\u0105 i lodowiskiem. HISTORIA GLIWIC (TV) - 24GLIWICE - Portal Gliwice | codziennie nowe informacje\" \/>\n<meta property=\"og:description\" content=\"DRUGI ODCINEK NASZEGO TELEWIZYJNEGO CYKLU HISTORYCZNEGO\" \/>\n<meta property=\"og:url\" content=\"https:\/\/www.24gliwice.pl\/wiadomosci\/kanal-klodnicki-pelen-ryb-z-alejka-spacerowa-i-lodowiskiem-historia-gliwic-tv\/\" \/>\n<meta property=\"og:site_name\" content=\"24GLIWICE - Portal Gliwice | codziennie nowe informacje\" \/>\n<meta property=\"article:publisher\" content=\"https:\/\/www.facebook.com\/24gliwice\" \/>\n<meta property=\"article:published_time\" content=\"2014-11-15T07:00:35+00:00\" \/>\n<meta property=\"article:modified_time\" content=\"2019-11-15T19:40:10+00:00\" \/>\n<meta property=\"og:image\" content=\"https:\/\/www.24gliwice.pl\/wiadomosci\/wp-content\/uploads\/2014\/11\/kanal.jpg\" \/>\n\t<meta property=\"og:image:width\" content=\"1098\" \/>\n\t<meta property=\"og:image:height\" content=\"573\" \/>\n\t<meta property=\"og:image:type\" content=\"image\/jpeg\" \/>\n<meta name=\"author\" content=\"Micha\u0142 Szewczyk\" \/>\n<meta name=\"twitter:card\" content=\"summary_large_image\" \/>\n<meta name=\"twitter:creator\" content=\"@24gliwice\" \/>\n<meta name=\"twitter:site\" content=\"@24gliwice\" \/>\n<meta name=\"twitter:label1\" content=\"Napisane przez\" \/>\n\t<meta name=\"twitter:data1\" content=\"Micha\u0142 Szewczyk\" \/>\n\t<meta name=\"twitter:label2\" content=\"Szacowany czas czytania\" \/>\n\t<meta name=\"twitter:data2\" content=\"1 minuta\" \/>\n<script type=\"application\/ld+json\" class=\"yoast-schema-graph\">{\"@context\":\"https:\\\/\\\/schema.org\",\"@graph\":[{\"@type\":\"Article\",\"@id\":\"https:\\\/\\\/www.24gliwice.pl\\\/wiadomosci\\\/kanal-klodnicki-pelen-ryb-z-alejka-spacerowa-i-lodowiskiem-historia-gliwic-tv\\\/#article\",\"isPartOf\":{\"@id\":\"https:\\\/\\\/www.24gliwice.pl\\\/wiadomosci\\\/kanal-klodnicki-pelen-ryb-z-alejka-spacerowa-i-lodowiskiem-historia-gliwic-tv\\\/\"},\"author\":{\"name\":\"Micha\u0142 Szewczyk\",\"@id\":\"https:\\\/\\\/www.24gliwice.pl\\\/wiadomosci\\\/#\\\/schema\\\/person\\\/940e8f8a097e322de4f463f061ef8d45\"},\"headline\":\"Kana\u0142 K\u0142odnicki pe\u0142en ryb, z alejk\u0105 spacerow\u0105 i lodowiskiem. HISTORIA GLIWIC (TV)\",\"datePublished\":\"2014-11-15T07:00:35+00:00\",\"dateModified\":\"2019-11-15T19:40:10+00:00\",\"mainEntityOfPage\":{\"@id\":\"https:\\\/\\\/www.24gliwice.pl\\\/wiadomosci\\\/kanal-klodnicki-pelen-ryb-z-alejka-spacerowa-i-lodowiskiem-historia-gliwic-tv\\\/\"},\"wordCount\":278,\"commentCount\":0,\"publisher\":{\"@id\":\"https:\\\/\\\/www.24gliwice.pl\\\/wiadomosci\\\/#organization\"},\"image\":{\"@id\":\"https:\\\/\\\/www.24gliwice.pl\\\/wiadomosci\\\/kanal-klodnicki-pelen-ryb-z-alejka-spacerowa-i-lodowiskiem-historia-gliwic-tv\\\/#primaryimage\"},\"thumbnailUrl\":\"https:\\\/\\\/www.24gliwice.pl\\\/wiadomosci\\\/wp-content\\\/uploads\\\/2014\\\/11\\\/kanal.jpg\",\"keywords\":[\"24GLIWICE HISTORIA\",\"gliwice historia\",\"HISTORIA MIASTA GLIWICE\",\"KANA\u0141 GLIWICKI\",\"kana\u0142 k\u0142odnicki\",\"K\u0141ODNICA\"],\"articleSection\":[\"Gliwice\",\"Historia\",\"Najnowsze wiadomo\u015bci\",\"Portal Gliwice - Wiadomo\u015bci lokalne\",\"Telewizja, materia\u0142y wideo\"],\"inLanguage\":\"pl-PL\",\"potentialAction\":[{\"@type\":\"CommentAction\",\"name\":\"Comment\",\"target\":[\"https:\\\/\\\/www.24gliwice.pl\\\/wiadomosci\\\/kanal-klodnicki-pelen-ryb-z-alejka-spacerowa-i-lodowiskiem-historia-gliwic-tv\\\/#respond\"]}]},{\"@type\":\"WebPage\",\"@id\":\"https:\\\/\\\/www.24gliwice.pl\\\/wiadomosci\\\/kanal-klodnicki-pelen-ryb-z-alejka-spacerowa-i-lodowiskiem-historia-gliwic-tv\\\/\",\"url\":\"https:\\\/\\\/www.24gliwice.pl\\\/wiadomosci\\\/kanal-klodnicki-pelen-ryb-z-alejka-spacerowa-i-lodowiskiem-historia-gliwic-tv\\\/\",\"name\":\"Kana\u0142 K\u0142odnicki pe\u0142en ryb, z alejk\u0105 spacerow\u0105 i lodowiskiem. HISTORIA GLIWIC (TV) - 24GLIWICE - Portal Gliwice | codziennie nowe informacje\",\"isPartOf\":{\"@id\":\"https:\\\/\\\/www.24gliwice.pl\\\/wiadomosci\\\/#website\"},\"primaryImageOfPage\":{\"@id\":\"https:\\\/\\\/www.24gliwice.pl\\\/wiadomosci\\\/kanal-klodnicki-pelen-ryb-z-alejka-spacerowa-i-lodowiskiem-historia-gliwic-tv\\\/#primaryimage\"},\"image\":{\"@id\":\"https:\\\/\\\/www.24gliwice.pl\\\/wiadomosci\\\/kanal-klodnicki-pelen-ryb-z-alejka-spacerowa-i-lodowiskiem-historia-gliwic-tv\\\/#primaryimage\"},\"thumbnailUrl\":\"https:\\\/\\\/www.24gliwice.pl\\\/wiadomosci\\\/wp-content\\\/uploads\\\/2014\\\/11\\\/kanal.jpg\",\"datePublished\":\"2014-11-15T07:00:35+00:00\",\"dateModified\":\"2019-11-15T19:40:10+00:00\",\"breadcrumb\":{\"@id\":\"https:\\\/\\\/www.24gliwice.pl\\\/wiadomosci\\\/kanal-klodnicki-pelen-ryb-z-alejka-spacerowa-i-lodowiskiem-historia-gliwic-tv\\\/#breadcrumb\"},\"inLanguage\":\"pl-PL\",\"potentialAction\":[{\"@type\":\"ReadAction\",\"target\":[\"https:\\\/\\\/www.24gliwice.pl\\\/wiadomosci\\\/kanal-klodnicki-pelen-ryb-z-alejka-spacerowa-i-lodowiskiem-historia-gliwic-tv\\\/\"]}]},{\"@type\":\"ImageObject\",\"inLanguage\":\"pl-PL\",\"@id\":\"https:\\\/\\\/www.24gliwice.pl\\\/wiadomosci\\\/kanal-klodnicki-pelen-ryb-z-alejka-spacerowa-i-lodowiskiem-historia-gliwic-tv\\\/#primaryimage\",\"url\":\"https:\\\/\\\/www.24gliwice.pl\\\/wiadomosci\\\/wp-content\\\/uploads\\\/2014\\\/11\\\/kanal.jpg\",\"contentUrl\":\"https:\\\/\\\/www.24gliwice.pl\\\/wiadomosci\\\/wp-content\\\/uploads\\\/2014\\\/11\\\/kanal.jpg\",\"width\":1098,\"height\":573},{\"@type\":\"BreadcrumbList\",\"@id\":\"https:\\\/\\\/www.24gliwice.pl\\\/wiadomosci\\\/kanal-klodnicki-pelen-ryb-z-alejka-spacerowa-i-lodowiskiem-historia-gliwic-tv\\\/#breadcrumb\",\"itemListElement\":[{\"@type\":\"ListItem\",\"position\":1,\"name\":\"Strona g\u0142\u00f3wna\",\"item\":\"https:\\\/\\\/www.24gliwice.pl\\\/wiadomosci\\\/\"},{\"@type\":\"ListItem\",\"position\":2,\"name\":\"Kana\u0142 K\u0142odnicki pe\u0142en ryb, z alejk\u0105 spacerow\u0105 i lodowiskiem. HISTORIA GLIWIC (TV)\"}]},{\"@type\":\"WebSite\",\"@id\":\"https:\\\/\\\/www.24gliwice.pl\\\/wiadomosci\\\/#website\",\"url\":\"https:\\\/\\\/www.24gliwice.pl\\\/wiadomosci\\\/\",\"name\":\"24GLIWICE - Portal Gliwice | codziennie nowe wiadomo\u015bci\",\"description\":\"Portal Miejski Gliwice\",\"publisher\":{\"@id\":\"https:\\\/\\\/www.24gliwice.pl\\\/wiadomosci\\\/#organization\"},\"potentialAction\":[{\"@type\":\"SearchAction\",\"target\":{\"@type\":\"EntryPoint\",\"urlTemplate\":\"https:\\\/\\\/www.24gliwice.pl\\\/wiadomosci\\\/?s={search_term_string}\"},\"query-input\":{\"@type\":\"PropertyValueSpecification\",\"valueRequired\":true,\"valueName\":\"search_term_string\"}}],\"inLanguage\":\"pl-PL\"},{\"@type\":\"Organization\",\"@id\":\"https:\\\/\\\/www.24gliwice.pl\\\/wiadomosci\\\/#organization\",\"name\":\"24gliwice\",\"url\":\"https:\\\/\\\/www.24gliwice.pl\\\/wiadomosci\\\/\",\"logo\":{\"@type\":\"ImageObject\",\"inLanguage\":\"pl-PL\",\"@id\":\"https:\\\/\\\/www.24gliwice.pl\\\/wiadomosci\\\/#\\\/schema\\\/logo\\\/image\\\/\",\"url\":\"https:\\\/\\\/www.24gliwice.pl\\\/wiadomosci\\\/wp-content\\\/uploads\\\/2024\\\/10\\\/24gliwice-logo-696.jpg\",\"contentUrl\":\"https:\\\/\\\/www.24gliwice.pl\\\/wiadomosci\\\/wp-content\\\/uploads\\\/2024\\\/10\\\/24gliwice-logo-696.jpg\",\"width\":696,\"height\":696,\"caption\":\"24gliwice\"},\"image\":{\"@id\":\"https:\\\/\\\/www.24gliwice.pl\\\/wiadomosci\\\/#\\\/schema\\\/logo\\\/image\\\/\"},\"sameAs\":[\"https:\\\/\\\/www.facebook.com\\\/24gliwice\",\"https:\\\/\\\/x.com\\\/24gliwice\",\"https:\\\/\\\/www.youtube.com\\\/@24gliwice\"]},{\"@type\":\"Person\",\"@id\":\"https:\\\/\\\/www.24gliwice.pl\\\/wiadomosci\\\/#\\\/schema\\\/person\\\/940e8f8a097e322de4f463f061ef8d45\",\"name\":\"Micha\u0142 Szewczyk\",\"image\":{\"@type\":\"ImageObject\",\"inLanguage\":\"pl-PL\",\"@id\":\"https:\\\/\\\/secure.gravatar.com\\\/avatar\\\/771b8b6c74cd8d255e46392d605e01a86133900ef09b6ef3c8d451c9d92288cf?s=96&d=mm&r=g\",\"url\":\"https:\\\/\\\/secure.gravatar.com\\\/avatar\\\/771b8b6c74cd8d255e46392d605e01a86133900ef09b6ef3c8d451c9d92288cf?s=96&d=mm&r=g\",\"contentUrl\":\"https:\\\/\\\/secure.gravatar.com\\\/avatar\\\/771b8b6c74cd8d255e46392d605e01a86133900ef09b6ef3c8d451c9d92288cf?s=96&d=mm&r=g\",\"caption\":\"Micha\u0142 Szewczyk\"},\"sameAs\":[\"http:\\\/\\\/www.gazeta-miejska.pl\"],\"url\":\"https:\\\/\\\/www.24gliwice.pl\\\/wiadomosci\\\/author\\\/michal-szewczyk\\\/\"}]}<\/script>\n<!-- \/ Yoast SEO plugin. -->","yoast_head_json":{"title":"Kana\u0142 K\u0142odnicki pe\u0142en ryb, z alejk\u0105 spacerow\u0105 i lodowiskiem. HISTORIA GLIWIC (TV) - 24GLIWICE - Portal Gliwice | codziennie nowe informacje","robots":{"index":"index","follow":"follow","max-snippet":"max-snippet:-1","max-image-preview":"max-image-preview:large","max-video-preview":"max-video-preview:-1"},"canonical":"https:\/\/www.24gliwice.pl\/wiadomosci\/kanal-klodnicki-pelen-ryb-z-alejka-spacerowa-i-lodowiskiem-historia-gliwic-tv\/","og_locale":"pl_PL","og_type":"article","og_title":"Kana\u0142 K\u0142odnicki pe\u0142en ryb, z alejk\u0105 spacerow\u0105 i lodowiskiem. HISTORIA GLIWIC (TV) - 24GLIWICE - Portal Gliwice | codziennie nowe informacje","og_description":"DRUGI ODCINEK NASZEGO TELEWIZYJNEGO CYKLU HISTORYCZNEGO","og_url":"https:\/\/www.24gliwice.pl\/wiadomosci\/kanal-klodnicki-pelen-ryb-z-alejka-spacerowa-i-lodowiskiem-historia-gliwic-tv\/","og_site_name":"24GLIWICE - Portal Gliwice | codziennie nowe informacje","article_publisher":"https:\/\/www.facebook.com\/24gliwice","article_published_time":"2014-11-15T07:00:35+00:00","article_modified_time":"2019-11-15T19:40:10+00:00","og_image":[{"width":1098,"height":573,"url":"https:\/\/www.24gliwice.pl\/wiadomosci\/wp-content\/uploads\/2014\/11\/kanal.jpg","type":"image\/jpeg"}],"author":"Micha\u0142 Szewczyk","twitter_card":"summary_large_image","twitter_creator":"@24gliwice","twitter_site":"@24gliwice","twitter_misc":{"Napisane przez":"Micha\u0142 Szewczyk","Szacowany czas czytania":"1 minuta"},"schema":{"@context":"https:\/\/schema.org","@graph":[{"@type":"Article","@id":"https:\/\/www.24gliwice.pl\/wiadomosci\/kanal-klodnicki-pelen-ryb-z-alejka-spacerowa-i-lodowiskiem-historia-gliwic-tv\/#article","isPartOf":{"@id":"https:\/\/www.24gliwice.pl\/wiadomosci\/kanal-klodnicki-pelen-ryb-z-alejka-spacerowa-i-lodowiskiem-historia-gliwic-tv\/"},"author":{"name":"Micha\u0142 Szewczyk","@id":"https:\/\/www.24gliwice.pl\/wiadomosci\/#\/schema\/person\/940e8f8a097e322de4f463f061ef8d45"},"headline":"Kana\u0142 K\u0142odnicki pe\u0142en ryb, z alejk\u0105 spacerow\u0105 i lodowiskiem. HISTORIA GLIWIC (TV)","datePublished":"2014-11-15T07:00:35+00:00","dateModified":"2019-11-15T19:40:10+00:00","mainEntityOfPage":{"@id":"https:\/\/www.24gliwice.pl\/wiadomosci\/kanal-klodnicki-pelen-ryb-z-alejka-spacerowa-i-lodowiskiem-historia-gliwic-tv\/"},"wordCount":278,"commentCount":0,"publisher":{"@id":"https:\/\/www.24gliwice.pl\/wiadomosci\/#organization"},"image":{"@id":"https:\/\/www.24gliwice.pl\/wiadomosci\/kanal-klodnicki-pelen-ryb-z-alejka-spacerowa-i-lodowiskiem-historia-gliwic-tv\/#primaryimage"},"thumbnailUrl":"https:\/\/www.24gliwice.pl\/wiadomosci\/wp-content\/uploads\/2014\/11\/kanal.jpg","keywords":["24GLIWICE HISTORIA","gliwice historia","HISTORIA MIASTA GLIWICE","KANA\u0141 GLIWICKI","kana\u0142 k\u0142odnicki","K\u0141ODNICA"],"articleSection":["Gliwice","Historia","Najnowsze wiadomo\u015bci","Portal Gliwice - Wiadomo\u015bci lokalne","Telewizja, materia\u0142y wideo"],"inLanguage":"pl-PL","potentialAction":[{"@type":"CommentAction","name":"Comment","target":["https:\/\/www.24gliwice.pl\/wiadomosci\/kanal-klodnicki-pelen-ryb-z-alejka-spacerowa-i-lodowiskiem-historia-gliwic-tv\/#respond"]}]},{"@type":"WebPage","@id":"https:\/\/www.24gliwice.pl\/wiadomosci\/kanal-klodnicki-pelen-ryb-z-alejka-spacerowa-i-lodowiskiem-historia-gliwic-tv\/","url":"https:\/\/www.24gliwice.pl\/wiadomosci\/kanal-klodnicki-pelen-ryb-z-alejka-spacerowa-i-lodowiskiem-historia-gliwic-tv\/","name":"Kana\u0142 K\u0142odnicki pe\u0142en ryb, z alejk\u0105 spacerow\u0105 i lodowiskiem. HISTORIA GLIWIC (TV) - 24GLIWICE - Portal Gliwice | codziennie nowe informacje","isPartOf":{"@id":"https:\/\/www.24gliwice.pl\/wiadomosci\/#website"},"primaryImageOfPage":{"@id":"https:\/\/www.24gliwice.pl\/wiadomosci\/kanal-klodnicki-pelen-ryb-z-alejka-spacerowa-i-lodowiskiem-historia-gliwic-tv\/#primaryimage"},"image":{"@id":"https:\/\/www.24gliwice.pl\/wiadomosci\/kanal-klodnicki-pelen-ryb-z-alejka-spacerowa-i-lodowiskiem-historia-gliwic-tv\/#primaryimage"},"thumbnailUrl":"https:\/\/www.24gliwice.pl\/wiadomosci\/wp-content\/uploads\/2014\/11\/kanal.jpg","datePublished":"2014-11-15T07:00:35+00:00","dateModified":"2019-11-15T19:40:10+00:00","breadcrumb":{"@id":"https:\/\/www.24gliwice.pl\/wiadomosci\/kanal-klodnicki-pelen-ryb-z-alejka-spacerowa-i-lodowiskiem-historia-gliwic-tv\/#breadcrumb"},"inLanguage":"pl-PL","potentialAction":[{"@type":"ReadAction","target":["https:\/\/www.24gliwice.pl\/wiadomosci\/kanal-klodnicki-pelen-ryb-z-alejka-spacerowa-i-lodowiskiem-historia-gliwic-tv\/"]}]},{"@type":"ImageObject","inLanguage":"pl-PL","@id":"https:\/\/www.24gliwice.pl\/wiadomosci\/kanal-klodnicki-pelen-ryb-z-alejka-spacerowa-i-lodowiskiem-historia-gliwic-tv\/#primaryimage","url":"https:\/\/www.24gliwice.pl\/wiadomosci\/wp-content\/uploads\/2014\/11\/kanal.jpg","contentUrl":"https:\/\/www.24gliwice.pl\/wiadomosci\/wp-content\/uploads\/2014\/11\/kanal.jpg","width":1098,"height":573},{"@type":"BreadcrumbList","@id":"https:\/\/www.24gliwice.pl\/wiadomosci\/kanal-klodnicki-pelen-ryb-z-alejka-spacerowa-i-lodowiskiem-historia-gliwic-tv\/#breadcrumb","itemListElement":[{"@type":"ListItem","position":1,"name":"Strona g\u0142\u00f3wna","item":"https:\/\/www.24gliwice.pl\/wiadomosci\/"},{"@type":"ListItem","position":2,"name":"Kana\u0142 K\u0142odnicki pe\u0142en ryb, z alejk\u0105 spacerow\u0105 i lodowiskiem. HISTORIA GLIWIC (TV)"}]},{"@type":"WebSite","@id":"https:\/\/www.24gliwice.pl\/wiadomosci\/#website","url":"https:\/\/www.24gliwice.pl\/wiadomosci\/","name":"24GLIWICE - Portal Gliwice | codziennie nowe wiadomo\u015bci","description":"Portal Miejski Gliwice","publisher":{"@id":"https:\/\/www.24gliwice.pl\/wiadomosci\/#organization"},"potentialAction":[{"@type":"SearchAction","target":{"@type":"EntryPoint","urlTemplate":"https:\/\/www.24gliwice.pl\/wiadomosci\/?s={search_term_string}"},"query-input":{"@type":"PropertyValueSpecification","valueRequired":true,"valueName":"search_term_string"}}],"inLanguage":"pl-PL"},{"@type":"Organization","@id":"https:\/\/www.24gliwice.pl\/wiadomosci\/#organization","name":"24gliwice","url":"https:\/\/www.24gliwice.pl\/wiadomosci\/","logo":{"@type":"ImageObject","inLanguage":"pl-PL","@id":"https:\/\/www.24gliwice.pl\/wiadomosci\/#\/schema\/logo\/image\/","url":"https:\/\/www.24gliwice.pl\/wiadomosci\/wp-content\/uploads\/2024\/10\/24gliwice-logo-696.jpg","contentUrl":"https:\/\/www.24gliwice.pl\/wiadomosci\/wp-content\/uploads\/2024\/10\/24gliwice-logo-696.jpg","width":696,"height":696,"caption":"24gliwice"},"image":{"@id":"https:\/\/www.24gliwice.pl\/wiadomosci\/#\/schema\/logo\/image\/"},"sameAs":["https:\/\/www.facebook.com\/24gliwice","https:\/\/x.com\/24gliwice","https:\/\/www.youtube.com\/@24gliwice"]},{"@type":"Person","@id":"https:\/\/www.24gliwice.pl\/wiadomosci\/#\/schema\/person\/940e8f8a097e322de4f463f061ef8d45","name":"Micha\u0142 Szewczyk","image":{"@type":"ImageObject","inLanguage":"pl-PL","@id":"https:\/\/secure.gravatar.com\/avatar\/771b8b6c74cd8d255e46392d605e01a86133900ef09b6ef3c8d451c9d92288cf?s=96&d=mm&r=g","url":"https:\/\/secure.gravatar.com\/avatar\/771b8b6c74cd8d255e46392d605e01a86133900ef09b6ef3c8d451c9d92288cf?s=96&d=mm&r=g","contentUrl":"https:\/\/secure.gravatar.com\/avatar\/771b8b6c74cd8d255e46392d605e01a86133900ef09b6ef3c8d451c9d92288cf?s=96&d=mm&r=g","caption":"Micha\u0142 Szewczyk"},"sameAs":["http:\/\/www.gazeta-miejska.pl"],"url":"https:\/\/www.24gliwice.pl\/wiadomosci\/author\/michal-szewczyk\/"}]}},"_links":{"self":[{"href":"https:\/\/www.24gliwice.pl\/wiadomosci\/wp-json\/wp\/v2\/posts\/64321","targetHints":{"allow":["GET"]}}],"collection":[{"href":"https:\/\/www.24gliwice.pl\/wiadomosci\/wp-json\/wp\/v2\/posts"}],"about":[{"href":"https:\/\/www.24gliwice.pl\/wiadomosci\/wp-json\/wp\/v2\/types\/post"}],"author":[{"embeddable":true,"href":"https:\/\/www.24gliwice.pl\/wiadomosci\/wp-json\/wp\/v2\/users\/12"}],"replies":[{"embeddable":true,"href":"https:\/\/www.24gliwice.pl\/wiadomosci\/wp-json\/wp\/v2\/comments?post=64321"}],"version-history":[{"count":0,"href":"https:\/\/www.24gliwice.pl\/wiadomosci\/wp-json\/wp\/v2\/posts\/64321\/revisions"}],"wp:featuredmedia":[{"embeddable":true,"href":"https:\/\/www.24gliwice.pl\/wiadomosci\/wp-json\/wp\/v2\/media\/143498"}],"wp:attachment":[{"href":"https:\/\/www.24gliwice.pl\/wiadomosci\/wp-json\/wp\/v2\/media?parent=64321"}],"wp:term":[{"taxonomy":"category","embeddable":true,"href":"https:\/\/www.24gliwice.pl\/wiadomosci\/wp-json\/wp\/v2\/categories?post=64321"},{"taxonomy":"post_tag","embeddable":true,"href":"https:\/\/www.24gliwice.pl\/wiadomosci\/wp-json\/wp\/v2\/tags?post=64321"}],"curies":[{"name":"wp","href":"https:\/\/api.w.org\/{rel}","templated":true}]}}