{"id":74991,"date":"2015-08-28T13:27:42","date_gmt":"2015-08-28T11:27:42","guid":{"rendered":"http:\/\/www.24gliwice.pl\/wiadomosci\/?p=74991"},"modified":"2015-10-29T22:32:56","modified_gmt":"2015-10-29T21:32:56","slug":"opuszczona-wieze-cisnien-czeka-renowacja-co-w-jej-wnetrzu","status":"publish","type":"post","link":"https:\/\/www.24gliwice.pl\/wiadomosci\/opuszczona-wieze-cisnien-czeka-renowacja-co-w-jej-wnetrzu\/","title":{"rendered":"Opuszczon\u0105 wie\u017c\u0119 ci\u015bnie\u0144 czeka renowacja. Co w jej wn\u0119trzu?"},"content":{"rendered":"<div class=\"gliwi-a6-nad-leadem-artykulow gliwi-entity-placement\" id=\"gliwi-1227875060\"><div class=\"gliwi-adlabel\"><span style=\"font-size: 9px\">REKLAMA<\/span><\/div><div id=\"gliwi-443234396\" style=\"margin-bottom: 25px;margin-left: auto;margin-right: auto;text-align: center;\"><a data-no-instant=\"1\" href=\"https:\/\/dom100.eu\/\" rel=\"noopener\" class=\"a2t-link\" target=\"_blank\" aria-label=\"20260415 DOM100 D\"><img loading=\"lazy\" decoding=\"async\" src=\"https:\/\/www.24gliwice.pl\/wiadomosci\/wp-content\/uploads\/2026\/04\/20260415-DOM100-D.jpg\" alt=\"\"  srcset=\"https:\/\/www.24gliwice.pl\/wiadomosci\/wp-content\/uploads\/2026\/04\/20260415-DOM100-D.jpg 750w, https:\/\/www.24gliwice.pl\/wiadomosci\/wp-content\/uploads\/2026\/04\/20260415-DOM100-D-410x109.jpg 410w\" sizes=\"(max-width: 750px) 100vw, 750px\" class=\"no-lazyload\" width=\"750\" height=\"200\"  style=\"display: inline-block; max-width: 100%; height: auto;\" \/><\/a><\/div><\/div><h3>Wiele wskazuje na to, \u017ce pochodz\u0105ca z pocz\u0105tku XX wieku, opuszczona kolejowa wie\u017ca ci\u015bnie\u0144 przy ul. Kolberga b\u0119dzie odnowiona i zaadaptowana na inne cele.<\/h3>\n<p>Jakie? Tego jeszcze nie wiadomo. Miasto, kt\u00f3re wykupi\u0142o obiekt z maj\u0105tku PKP, czeka na propozycj\u0119 aran\u017cacji wie\u017cy.<\/p>\n<p>O wie\u017cy zlokalizowanej przy ulicy Kolberga dotychczas nie m\u00f3wi\u0142o si\u0119 w kontek\u015bcie remont\u00f3w czy ambitnych plan\u00f3w zagospodarowania, jak mia\u0142o to miejsce w przypadku cho\u0107by wie\u017c ci\u015bnie\u0144 z ulicy Sobieskiego czy Le\u015bnej (przy Stadionie Miejskim). Nieoczekiwan\u0105 szans\u0105 dla budynku jest planowana budowa w\u0119z\u0142a przesiadkowego na terenie przylegaj\u0105cym do dworca. Magistrat czeka na koncepcj\u0119 techniczno-architektoniczn\u0105 dla inwestycji, z kt\u00f3rej wynika\u0107 b\u0119dzie, jakie losy czekaj\u0105 wie\u017c\u0119 ci\u015bnie\u0144. Dokument ma by\u0107 gotowy w listopadzie. W mi\u0119dzyczasie miasto wesz\u0142o w posiadanie obiektu.<\/p><div class=\"gliwi-a3-w-tresci-artykulow gliwi-entity-placement\" id=\"gliwi-3459515963\"><div class=\"gliwi-adlabel\"><span style=\"font-size: 9px\">REKLAMA<\/span><\/div><div id=\"gliwi-3100773835\" style=\"margin-bottom: 30px;margin-left: auto;margin-right: auto;text-align: center;\"><a data-no-instant=\"1\" href=\"https:\/\/ogrodyandersa.pl\/\" rel=\"noopener\" class=\"a2t-link\" target=\"_blank\" aria-label=\"20260415 Ogrody Andersa KUP TERAZ D\"><img loading=\"lazy\" decoding=\"async\" src=\"https:\/\/www.24gliwice.pl\/wiadomosci\/wp-content\/uploads\/2026\/04\/20260415-Ogrody-Andersa-KUP-TERAZ-D.jpg\" alt=\"\"  srcset=\"https:\/\/www.24gliwice.pl\/wiadomosci\/wp-content\/uploads\/2026\/04\/20260415-Ogrody-Andersa-KUP-TERAZ-D.jpg 750w, https:\/\/www.24gliwice.pl\/wiadomosci\/wp-content\/uploads\/2026\/04\/20260415-Ogrody-Andersa-KUP-TERAZ-D-410x109.jpg 410w\" sizes=\"(max-width: 750px) 100vw, 750px\" class=\"no-lazyload\" width=\"750\" height=\"200\"  style=\"display: inline-block; max-width: 100%; height: auto;\" \/><\/a><\/div><\/div>\n<p>&#8211; Wykupili\u015bmy t\u0105 wie\u017c\u0119, wraz z terenem przylegaj\u0105cym, od sp\u00f3\u0142ki PKP S.A. Obecnie, mo\u017cna powiedzie\u0107, \u017ce zarz\u0105dza nim ZBM II TBS (sp\u00f3\u0142ka miejska ? przyp. red.) &#8211; informuje nas <strong>Marek Jarz\u0119bowski<\/strong>, rzecznik prezydenta Gliwic.<\/p>\n<p>Miastu spraw\u0119 u\u0142atwi\u0142a s\u0142aba kondycja finansowa sp\u00f3\u0142ki. PKP ch\u0119tnie pozbywa si\u0119 ze swojego maj\u0105tku obiekt\u00f3w, kt\u00f3re nie s\u0105 kluczowe dla obecnej infrastruktury kolejowej.<\/p>\n<p><a href=\"http:\/\/www.24gliwice.pl\/wiadomosci\/wp-content\/uploads\/2015\/08\/IMG_5605.jpg\"><img loading=\"lazy\" decoding=\"async\" class=\"alignnone size-full wp-image-74994\" src=\"http:\/\/www.24gliwice.pl\/wiadomosci\/wp-content\/uploads\/2015\/08\/IMG_5605.jpg\" alt=\"IMG_5605\" width=\"810\" height=\"457\" data-wp-pid=\"74994\" srcset=\"https:\/\/www.24gliwice.pl\/wiadomosci\/wp-content\/uploads\/2015\/08\/IMG_5605.jpg 810w, https:\/\/www.24gliwice.pl\/wiadomosci\/wp-content\/uploads\/2015\/08\/IMG_5605-410x232.jpg 410w, https:\/\/www.24gliwice.pl\/wiadomosci\/wp-content\/uploads\/2015\/08\/IMG_5605-806x455.jpg 806w\" sizes=\"auto, (max-width: 810px) 100vw, 810px\" \/><\/a><\/p>\n<p>Cho\u0107 ci\u0119\u017cko w tej chwili prognozowa\u0107, jak\u0105 koncepcj\u0119 dla wie\u017cy opracuje biuro architektoniczne mo\u017cna pos\u0142u\u017cy\u0107 si\u0119 analogi\u0105 z Katowic, gdzie przy remoncie dworca kolejowego r\u00f3wnie\u017c opracowano projekt modernizacji wie\u017cy ci\u015bnie\u0144. Dwie najwy\u017csze kondygnacje katowickiej wie\u017cy mia\u0142yby pe\u0142ni\u0107 funkcje us\u0142ugowe, np. kawiarnia czy lodziarnia.<\/p>\n<p>&#8211; W pozosta\u0142ych kondygnacjach budynku mog\u0105 znale\u017a\u0107 si\u0119 pomieszczenia socjalno-biurowe dla przewo\u017anik\u00f3w kolejowych, pracownia architektoniczna, graficzna, fotograficzna, biura, pomieszczenia dla prowadzenia dzia\u0142alno\u015bci artystycznej ? informuje bran\u017cowy portal rynek-kolejowy.pl.<\/p>\n<p>Gliwicki obiekt, cho\u0107 po\u0142o\u017cony na do\u015b\u0107 stromym wzniesieniu, do\u015b\u0107 szczelnie zakryty jest drzewami, przez co sprawia wra\u017cenie kompletnie zapomnianego. Z jego szczytu rozci\u0105ga si\u0119 panorama na tereny PKP oraz centrum miasta w pobli\u017cu dworca kolejowego. Wie\u017ca wodna przy ul. Kolberga powsta\u0142a na pocz\u0105tku ubieg\u0142ego stulecia, prawdopodobnie w 1910 roku, i zosta\u0142a wybudowana z \u017celbetonu. Projekt wie\u017cy oparty jest na planie ko\u0142a, a sama wie\u017ca nakryta jest kopu\u0142\u0105 z latarni\u0105.<\/p>\n<p>&#8211; Wie\u017ca zaopatrywa\u0142a w wod\u0119 ca\u0142y obiekt dworcowy wraz z instalacjami zasilaj\u0105cymi wod\u0105 parowozy sk\u0142ad\u00f3w kolejowych przeje\u017cd\u017caj\u0105cych przez Gliwice. W\u0142a\u015bnie to umiejscowienie powoduje zapewne p\u0119kanie betonowej konstrukcji no\u015bnej, bowiem nat\u0119\u017cenie obecnego ruchu przekracza zak\u0142adane przy projektowaniu normy ? czytamy na stronie towarzystwa Gliwickie Metamorfozy.<br \/>\n(mpp)<\/p>\n<div class=\"gliwi-a5-na-koncu-artykulow gliwi-entity-placement\" id=\"gliwi-1294305730\"><div class=\"gliwi-adlabel\"><span style=\"font-size: 9px\">REKLAMA<\/span><\/div><div id=\"gliwi-683782673\" style=\"margin-left: auto;margin-right: auto;text-align: center;\"><a data-no-instant=\"1\" href=\"https:\/\/prezeroarenagliwice.pl\/\" rel=\"noopener\" class=\"a2t-link\" target=\"_blank\" aria-label=\"20260309-PREZERO-WIOSNA-D\"><img loading=\"lazy\" decoding=\"async\" src=\"https:\/\/www.24gliwice.pl\/wiadomosci\/wp-content\/uploads\/2026\/03\/20260309-PREZERO-WIOSNA-D.webp\" alt=\"\"  srcset=\"https:\/\/www.24gliwice.pl\/wiadomosci\/wp-content\/uploads\/2026\/03\/20260309-PREZERO-WIOSNA-D.webp 750w, https:\/\/www.24gliwice.pl\/wiadomosci\/wp-content\/uploads\/2026\/03\/20260309-PREZERO-WIOSNA-D-410x109.webp 410w\" sizes=\"(max-width: 750px) 100vw, 750px\" class=\"no-lazyload\" width=\"750\" height=\"200\"  style=\"display: inline-block; max-width: 100%; height: auto;\" \/><\/a><\/div><\/div>","protected":false},"excerpt":{"rendered":"<p>Wiele wskazuje na to, \u017ce pochodz\u0105ca z pocz\u0105tku XX wieku, opuszczona kolejowa wie\u017ca ci\u015bnie\u0144 przy ul. Kolberga b\u0119dzie odnowiona i zaadaptowana na inne cele. Jakie? Tego jeszcze nie wiadomo. Miasto, kt\u00f3re wykupi\u0142o obiekt z maj\u0105tku PKP, czeka na propozycj\u0119 aran\u017cacji wie\u017cy. O wie\u017cy zlokalizowanej przy ulicy Kolberga dotychczas nie m\u00f3wi\u0142o si\u0119 w kontek\u015bcie remont\u00f3w czy [&hellip;]<\/p>\n","protected":false},"author":12,"featured_media":74993,"comment_status":"open","ping_status":"closed","sticky":false,"template":"","format":"standard","meta":{"_monsterinsights_skip_tracking":false,"_monsterinsights_sitenote_active":false,"_monsterinsights_sitenote_note":"","_monsterinsights_sitenote_category":0,"footnotes":"","_links_to":"","_links_to_target":""},"categories":[3,7,1,9],"tags":[1268,1240],"class_list":["post-74991","post","type-post","status-publish","format-standard","has-post-thumbnail","hentry","category-gliwice","category-historia","category-wszystko","category-aktualnosci_lokalne","tag-marek-jarzebowski","tag-wieza-cisnien-gliwice"],"yoast_head":"<!-- This site is optimized with the Yoast SEO plugin v27.5 - https:\/\/yoast.com\/product\/yoast-seo-wordpress\/ -->\n<title>Opuszczon\u0105 wie\u017c\u0119 ci\u015bnie\u0144 czeka renowacja. Co w jej wn\u0119trzu? - 24GLIWICE - Portal Gliwice | codziennie nowe informacje<\/title>\n<meta name=\"robots\" content=\"index, follow, max-snippet:-1, max-image-preview:large, max-video-preview:-1\" \/>\n<link rel=\"canonical\" href=\"https:\/\/www.24gliwice.pl\/wiadomosci\/opuszczona-wieze-cisnien-czeka-renowacja-co-w-jej-wnetrzu\/\" \/>\n<meta property=\"og:locale\" content=\"pl_PL\" \/>\n<meta property=\"og:type\" content=\"article\" \/>\n<meta property=\"og:title\" content=\"Opuszczon\u0105 wie\u017c\u0119 ci\u015bnie\u0144 czeka renowacja. Co w jej wn\u0119trzu? - 24GLIWICE - Portal Gliwice | codziennie nowe informacje\" \/>\n<meta property=\"og:description\" content=\"Wiele wskazuje na to, \u017ce pochodz\u0105ca z pocz\u0105tku XX wieku, opuszczona kolejowa wie\u017ca ci\u015bnie\u0144 przy ul. Kolberga b\u0119dzie odnowiona i zaadaptowana na inne cele. Jakie? Tego jeszcze nie wiadomo. Miasto, kt\u00f3re wykupi\u0142o obiekt z maj\u0105tku PKP, czeka na propozycj\u0119 aran\u017cacji wie\u017cy. O wie\u017cy zlokalizowanej przy ulicy Kolberga dotychczas nie m\u00f3wi\u0142o si\u0119 w kontek\u015bcie remont\u00f3w czy [&hellip;]\" \/>\n<meta property=\"og:url\" content=\"https:\/\/www.24gliwice.pl\/wiadomosci\/opuszczona-wieze-cisnien-czeka-renowacja-co-w-jej-wnetrzu\/\" \/>\n<meta property=\"og:site_name\" content=\"24GLIWICE - Portal Gliwice | codziennie nowe informacje\" \/>\n<meta property=\"article:publisher\" content=\"https:\/\/www.facebook.com\/24gliwice\" \/>\n<meta property=\"article:published_time\" content=\"2015-08-28T11:27:42+00:00\" \/>\n<meta property=\"article:modified_time\" content=\"2015-10-29T21:32:56+00:00\" \/>\n<meta property=\"og:image\" content=\"https:\/\/www.24gliwice.pl\/wiadomosci\/wp-content\/uploads\/2015\/08\/IMG_5603.jpg\" \/>\n\t<meta property=\"og:image:width\" content=\"810\" \/>\n\t<meta property=\"og:image:height\" content=\"456\" \/>\n\t<meta property=\"og:image:type\" content=\"image\/jpeg\" \/>\n<meta name=\"author\" content=\"Micha\u0142 Szewczyk\" \/>\n<meta name=\"twitter:card\" content=\"summary_large_image\" \/>\n<meta name=\"twitter:creator\" content=\"@24gliwice\" \/>\n<meta name=\"twitter:site\" content=\"@24gliwice\" \/>\n<meta name=\"twitter:label1\" content=\"Napisane przez\" \/>\n\t<meta name=\"twitter:data1\" content=\"Micha\u0142 Szewczyk\" \/>\n\t<meta name=\"twitter:label2\" content=\"Szacowany czas czytania\" \/>\n\t<meta name=\"twitter:data2\" content=\"2 minuty\" \/>\n<script type=\"application\/ld+json\" class=\"yoast-schema-graph\">{\"@context\":\"https:\\\/\\\/schema.org\",\"@graph\":[{\"@type\":\"Article\",\"@id\":\"https:\\\/\\\/www.24gliwice.pl\\\/wiadomosci\\\/opuszczona-wieze-cisnien-czeka-renowacja-co-w-jej-wnetrzu\\\/#article\",\"isPartOf\":{\"@id\":\"https:\\\/\\\/www.24gliwice.pl\\\/wiadomosci\\\/opuszczona-wieze-cisnien-czeka-renowacja-co-w-jej-wnetrzu\\\/\"},\"author\":{\"name\":\"Micha\u0142 Szewczyk\",\"@id\":\"https:\\\/\\\/www.24gliwice.pl\\\/wiadomosci\\\/#\\\/schema\\\/person\\\/940e8f8a097e322de4f463f061ef8d45\"},\"headline\":\"Opuszczon\u0105 wie\u017c\u0119 ci\u015bnie\u0144 czeka renowacja. Co w jej wn\u0119trzu?\",\"datePublished\":\"2015-08-28T11:27:42+00:00\",\"dateModified\":\"2015-10-29T21:32:56+00:00\",\"mainEntityOfPage\":{\"@id\":\"https:\\\/\\\/www.24gliwice.pl\\\/wiadomosci\\\/opuszczona-wieze-cisnien-czeka-renowacja-co-w-jej-wnetrzu\\\/\"},\"wordCount\":459,\"commentCount\":0,\"publisher\":{\"@id\":\"https:\\\/\\\/www.24gliwice.pl\\\/wiadomosci\\\/#organization\"},\"image\":{\"@id\":\"https:\\\/\\\/www.24gliwice.pl\\\/wiadomosci\\\/opuszczona-wieze-cisnien-czeka-renowacja-co-w-jej-wnetrzu\\\/#primaryimage\"},\"thumbnailUrl\":\"https:\\\/\\\/www.24gliwice.pl\\\/wiadomosci\\\/wp-content\\\/uploads\\\/2015\\\/08\\\/IMG_5603.jpg\",\"keywords\":[\"MAREK JARZ\u0118BOWSKI\",\"wie\u017ca ci\u015bnie\u0144 Gliwice\"],\"articleSection\":[\"Gliwice\",\"Historia\",\"Najnowsze wiadomo\u015bci\",\"Portal Gliwice - Wiadomo\u015bci lokalne\"],\"inLanguage\":\"pl-PL\",\"potentialAction\":[{\"@type\":\"CommentAction\",\"name\":\"Comment\",\"target\":[\"https:\\\/\\\/www.24gliwice.pl\\\/wiadomosci\\\/opuszczona-wieze-cisnien-czeka-renowacja-co-w-jej-wnetrzu\\\/#respond\"]}]},{\"@type\":\"WebPage\",\"@id\":\"https:\\\/\\\/www.24gliwice.pl\\\/wiadomosci\\\/opuszczona-wieze-cisnien-czeka-renowacja-co-w-jej-wnetrzu\\\/\",\"url\":\"https:\\\/\\\/www.24gliwice.pl\\\/wiadomosci\\\/opuszczona-wieze-cisnien-czeka-renowacja-co-w-jej-wnetrzu\\\/\",\"name\":\"Opuszczon\u0105 wie\u017c\u0119 ci\u015bnie\u0144 czeka renowacja. Co w jej wn\u0119trzu? - 24GLIWICE - Portal Gliwice | codziennie nowe informacje\",\"isPartOf\":{\"@id\":\"https:\\\/\\\/www.24gliwice.pl\\\/wiadomosci\\\/#website\"},\"primaryImageOfPage\":{\"@id\":\"https:\\\/\\\/www.24gliwice.pl\\\/wiadomosci\\\/opuszczona-wieze-cisnien-czeka-renowacja-co-w-jej-wnetrzu\\\/#primaryimage\"},\"image\":{\"@id\":\"https:\\\/\\\/www.24gliwice.pl\\\/wiadomosci\\\/opuszczona-wieze-cisnien-czeka-renowacja-co-w-jej-wnetrzu\\\/#primaryimage\"},\"thumbnailUrl\":\"https:\\\/\\\/www.24gliwice.pl\\\/wiadomosci\\\/wp-content\\\/uploads\\\/2015\\\/08\\\/IMG_5603.jpg\",\"datePublished\":\"2015-08-28T11:27:42+00:00\",\"dateModified\":\"2015-10-29T21:32:56+00:00\",\"breadcrumb\":{\"@id\":\"https:\\\/\\\/www.24gliwice.pl\\\/wiadomosci\\\/opuszczona-wieze-cisnien-czeka-renowacja-co-w-jej-wnetrzu\\\/#breadcrumb\"},\"inLanguage\":\"pl-PL\",\"potentialAction\":[{\"@type\":\"ReadAction\",\"target\":[\"https:\\\/\\\/www.24gliwice.pl\\\/wiadomosci\\\/opuszczona-wieze-cisnien-czeka-renowacja-co-w-jej-wnetrzu\\\/\"]}]},{\"@type\":\"ImageObject\",\"inLanguage\":\"pl-PL\",\"@id\":\"https:\\\/\\\/www.24gliwice.pl\\\/wiadomosci\\\/opuszczona-wieze-cisnien-czeka-renowacja-co-w-jej-wnetrzu\\\/#primaryimage\",\"url\":\"https:\\\/\\\/www.24gliwice.pl\\\/wiadomosci\\\/wp-content\\\/uploads\\\/2015\\\/08\\\/IMG_5603.jpg\",\"contentUrl\":\"https:\\\/\\\/www.24gliwice.pl\\\/wiadomosci\\\/wp-content\\\/uploads\\\/2015\\\/08\\\/IMG_5603.jpg\",\"width\":810,\"height\":456},{\"@type\":\"BreadcrumbList\",\"@id\":\"https:\\\/\\\/www.24gliwice.pl\\\/wiadomosci\\\/opuszczona-wieze-cisnien-czeka-renowacja-co-w-jej-wnetrzu\\\/#breadcrumb\",\"itemListElement\":[{\"@type\":\"ListItem\",\"position\":1,\"name\":\"Strona g\u0142\u00f3wna\",\"item\":\"https:\\\/\\\/www.24gliwice.pl\\\/wiadomosci\\\/\"},{\"@type\":\"ListItem\",\"position\":2,\"name\":\"Opuszczon\u0105 wie\u017c\u0119 ci\u015bnie\u0144 czeka renowacja. Co w jej wn\u0119trzu?\"}]},{\"@type\":\"WebSite\",\"@id\":\"https:\\\/\\\/www.24gliwice.pl\\\/wiadomosci\\\/#website\",\"url\":\"https:\\\/\\\/www.24gliwice.pl\\\/wiadomosci\\\/\",\"name\":\"24GLIWICE - Portal Gliwice | codziennie nowe wiadomo\u015bci\",\"description\":\"Portal Miejski Gliwice\",\"publisher\":{\"@id\":\"https:\\\/\\\/www.24gliwice.pl\\\/wiadomosci\\\/#organization\"},\"potentialAction\":[{\"@type\":\"SearchAction\",\"target\":{\"@type\":\"EntryPoint\",\"urlTemplate\":\"https:\\\/\\\/www.24gliwice.pl\\\/wiadomosci\\\/?s={search_term_string}\"},\"query-input\":{\"@type\":\"PropertyValueSpecification\",\"valueRequired\":true,\"valueName\":\"search_term_string\"}}],\"inLanguage\":\"pl-PL\"},{\"@type\":\"Organization\",\"@id\":\"https:\\\/\\\/www.24gliwice.pl\\\/wiadomosci\\\/#organization\",\"name\":\"24gliwice\",\"url\":\"https:\\\/\\\/www.24gliwice.pl\\\/wiadomosci\\\/\",\"logo\":{\"@type\":\"ImageObject\",\"inLanguage\":\"pl-PL\",\"@id\":\"https:\\\/\\\/www.24gliwice.pl\\\/wiadomosci\\\/#\\\/schema\\\/logo\\\/image\\\/\",\"url\":\"https:\\\/\\\/www.24gliwice.pl\\\/wiadomosci\\\/wp-content\\\/uploads\\\/2024\\\/10\\\/24gliwice-logo-696.jpg\",\"contentUrl\":\"https:\\\/\\\/www.24gliwice.pl\\\/wiadomosci\\\/wp-content\\\/uploads\\\/2024\\\/10\\\/24gliwice-logo-696.jpg\",\"width\":696,\"height\":696,\"caption\":\"24gliwice\"},\"image\":{\"@id\":\"https:\\\/\\\/www.24gliwice.pl\\\/wiadomosci\\\/#\\\/schema\\\/logo\\\/image\\\/\"},\"sameAs\":[\"https:\\\/\\\/www.facebook.com\\\/24gliwice\",\"https:\\\/\\\/x.com\\\/24gliwice\",\"https:\\\/\\\/www.youtube.com\\\/@24gliwice\"]},{\"@type\":\"Person\",\"@id\":\"https:\\\/\\\/www.24gliwice.pl\\\/wiadomosci\\\/#\\\/schema\\\/person\\\/940e8f8a097e322de4f463f061ef8d45\",\"name\":\"Micha\u0142 Szewczyk\",\"image\":{\"@type\":\"ImageObject\",\"inLanguage\":\"pl-PL\",\"@id\":\"https:\\\/\\\/secure.gravatar.com\\\/avatar\\\/771b8b6c74cd8d255e46392d605e01a86133900ef09b6ef3c8d451c9d92288cf?s=96&d=mm&r=g\",\"url\":\"https:\\\/\\\/secure.gravatar.com\\\/avatar\\\/771b8b6c74cd8d255e46392d605e01a86133900ef09b6ef3c8d451c9d92288cf?s=96&d=mm&r=g\",\"contentUrl\":\"https:\\\/\\\/secure.gravatar.com\\\/avatar\\\/771b8b6c74cd8d255e46392d605e01a86133900ef09b6ef3c8d451c9d92288cf?s=96&d=mm&r=g\",\"caption\":\"Micha\u0142 Szewczyk\"},\"sameAs\":[\"http:\\\/\\\/www.gazeta-miejska.pl\"],\"url\":\"https:\\\/\\\/www.24gliwice.pl\\\/wiadomosci\\\/author\\\/michal-szewczyk\\\/\"}]}<\/script>\n<!-- \/ Yoast SEO plugin. -->","yoast_head_json":{"title":"Opuszczon\u0105 wie\u017c\u0119 ci\u015bnie\u0144 czeka renowacja. Co w jej wn\u0119trzu? - 24GLIWICE - Portal Gliwice | codziennie nowe informacje","robots":{"index":"index","follow":"follow","max-snippet":"max-snippet:-1","max-image-preview":"max-image-preview:large","max-video-preview":"max-video-preview:-1"},"canonical":"https:\/\/www.24gliwice.pl\/wiadomosci\/opuszczona-wieze-cisnien-czeka-renowacja-co-w-jej-wnetrzu\/","og_locale":"pl_PL","og_type":"article","og_title":"Opuszczon\u0105 wie\u017c\u0119 ci\u015bnie\u0144 czeka renowacja. Co w jej wn\u0119trzu? - 24GLIWICE - Portal Gliwice | codziennie nowe informacje","og_description":"Wiele wskazuje na to, \u017ce pochodz\u0105ca z pocz\u0105tku XX wieku, opuszczona kolejowa wie\u017ca ci\u015bnie\u0144 przy ul. Kolberga b\u0119dzie odnowiona i zaadaptowana na inne cele. Jakie? Tego jeszcze nie wiadomo. Miasto, kt\u00f3re wykupi\u0142o obiekt z maj\u0105tku PKP, czeka na propozycj\u0119 aran\u017cacji wie\u017cy. O wie\u017cy zlokalizowanej przy ulicy Kolberga dotychczas nie m\u00f3wi\u0142o si\u0119 w kontek\u015bcie remont\u00f3w czy [&hellip;]","og_url":"https:\/\/www.24gliwice.pl\/wiadomosci\/opuszczona-wieze-cisnien-czeka-renowacja-co-w-jej-wnetrzu\/","og_site_name":"24GLIWICE - Portal Gliwice | codziennie nowe informacje","article_publisher":"https:\/\/www.facebook.com\/24gliwice","article_published_time":"2015-08-28T11:27:42+00:00","article_modified_time":"2015-10-29T21:32:56+00:00","og_image":[{"width":810,"height":456,"url":"https:\/\/www.24gliwice.pl\/wiadomosci\/wp-content\/uploads\/2015\/08\/IMG_5603.jpg","type":"image\/jpeg"}],"author":"Micha\u0142 Szewczyk","twitter_card":"summary_large_image","twitter_creator":"@24gliwice","twitter_site":"@24gliwice","twitter_misc":{"Napisane przez":"Micha\u0142 Szewczyk","Szacowany czas czytania":"2 minuty"},"schema":{"@context":"https:\/\/schema.org","@graph":[{"@type":"Article","@id":"https:\/\/www.24gliwice.pl\/wiadomosci\/opuszczona-wieze-cisnien-czeka-renowacja-co-w-jej-wnetrzu\/#article","isPartOf":{"@id":"https:\/\/www.24gliwice.pl\/wiadomosci\/opuszczona-wieze-cisnien-czeka-renowacja-co-w-jej-wnetrzu\/"},"author":{"name":"Micha\u0142 Szewczyk","@id":"https:\/\/www.24gliwice.pl\/wiadomosci\/#\/schema\/person\/940e8f8a097e322de4f463f061ef8d45"},"headline":"Opuszczon\u0105 wie\u017c\u0119 ci\u015bnie\u0144 czeka renowacja. Co w jej wn\u0119trzu?","datePublished":"2015-08-28T11:27:42+00:00","dateModified":"2015-10-29T21:32:56+00:00","mainEntityOfPage":{"@id":"https:\/\/www.24gliwice.pl\/wiadomosci\/opuszczona-wieze-cisnien-czeka-renowacja-co-w-jej-wnetrzu\/"},"wordCount":459,"commentCount":0,"publisher":{"@id":"https:\/\/www.24gliwice.pl\/wiadomosci\/#organization"},"image":{"@id":"https:\/\/www.24gliwice.pl\/wiadomosci\/opuszczona-wieze-cisnien-czeka-renowacja-co-w-jej-wnetrzu\/#primaryimage"},"thumbnailUrl":"https:\/\/www.24gliwice.pl\/wiadomosci\/wp-content\/uploads\/2015\/08\/IMG_5603.jpg","keywords":["MAREK JARZ\u0118BOWSKI","wie\u017ca ci\u015bnie\u0144 Gliwice"],"articleSection":["Gliwice","Historia","Najnowsze wiadomo\u015bci","Portal Gliwice - Wiadomo\u015bci lokalne"],"inLanguage":"pl-PL","potentialAction":[{"@type":"CommentAction","name":"Comment","target":["https:\/\/www.24gliwice.pl\/wiadomosci\/opuszczona-wieze-cisnien-czeka-renowacja-co-w-jej-wnetrzu\/#respond"]}]},{"@type":"WebPage","@id":"https:\/\/www.24gliwice.pl\/wiadomosci\/opuszczona-wieze-cisnien-czeka-renowacja-co-w-jej-wnetrzu\/","url":"https:\/\/www.24gliwice.pl\/wiadomosci\/opuszczona-wieze-cisnien-czeka-renowacja-co-w-jej-wnetrzu\/","name":"Opuszczon\u0105 wie\u017c\u0119 ci\u015bnie\u0144 czeka renowacja. Co w jej wn\u0119trzu? - 24GLIWICE - Portal Gliwice | codziennie nowe informacje","isPartOf":{"@id":"https:\/\/www.24gliwice.pl\/wiadomosci\/#website"},"primaryImageOfPage":{"@id":"https:\/\/www.24gliwice.pl\/wiadomosci\/opuszczona-wieze-cisnien-czeka-renowacja-co-w-jej-wnetrzu\/#primaryimage"},"image":{"@id":"https:\/\/www.24gliwice.pl\/wiadomosci\/opuszczona-wieze-cisnien-czeka-renowacja-co-w-jej-wnetrzu\/#primaryimage"},"thumbnailUrl":"https:\/\/www.24gliwice.pl\/wiadomosci\/wp-content\/uploads\/2015\/08\/IMG_5603.jpg","datePublished":"2015-08-28T11:27:42+00:00","dateModified":"2015-10-29T21:32:56+00:00","breadcrumb":{"@id":"https:\/\/www.24gliwice.pl\/wiadomosci\/opuszczona-wieze-cisnien-czeka-renowacja-co-w-jej-wnetrzu\/#breadcrumb"},"inLanguage":"pl-PL","potentialAction":[{"@type":"ReadAction","target":["https:\/\/www.24gliwice.pl\/wiadomosci\/opuszczona-wieze-cisnien-czeka-renowacja-co-w-jej-wnetrzu\/"]}]},{"@type":"ImageObject","inLanguage":"pl-PL","@id":"https:\/\/www.24gliwice.pl\/wiadomosci\/opuszczona-wieze-cisnien-czeka-renowacja-co-w-jej-wnetrzu\/#primaryimage","url":"https:\/\/www.24gliwice.pl\/wiadomosci\/wp-content\/uploads\/2015\/08\/IMG_5603.jpg","contentUrl":"https:\/\/www.24gliwice.pl\/wiadomosci\/wp-content\/uploads\/2015\/08\/IMG_5603.jpg","width":810,"height":456},{"@type":"BreadcrumbList","@id":"https:\/\/www.24gliwice.pl\/wiadomosci\/opuszczona-wieze-cisnien-czeka-renowacja-co-w-jej-wnetrzu\/#breadcrumb","itemListElement":[{"@type":"ListItem","position":1,"name":"Strona g\u0142\u00f3wna","item":"https:\/\/www.24gliwice.pl\/wiadomosci\/"},{"@type":"ListItem","position":2,"name":"Opuszczon\u0105 wie\u017c\u0119 ci\u015bnie\u0144 czeka renowacja. Co w jej wn\u0119trzu?"}]},{"@type":"WebSite","@id":"https:\/\/www.24gliwice.pl\/wiadomosci\/#website","url":"https:\/\/www.24gliwice.pl\/wiadomosci\/","name":"24GLIWICE - Portal Gliwice | codziennie nowe wiadomo\u015bci","description":"Portal Miejski Gliwice","publisher":{"@id":"https:\/\/www.24gliwice.pl\/wiadomosci\/#organization"},"potentialAction":[{"@type":"SearchAction","target":{"@type":"EntryPoint","urlTemplate":"https:\/\/www.24gliwice.pl\/wiadomosci\/?s={search_term_string}"},"query-input":{"@type":"PropertyValueSpecification","valueRequired":true,"valueName":"search_term_string"}}],"inLanguage":"pl-PL"},{"@type":"Organization","@id":"https:\/\/www.24gliwice.pl\/wiadomosci\/#organization","name":"24gliwice","url":"https:\/\/www.24gliwice.pl\/wiadomosci\/","logo":{"@type":"ImageObject","inLanguage":"pl-PL","@id":"https:\/\/www.24gliwice.pl\/wiadomosci\/#\/schema\/logo\/image\/","url":"https:\/\/www.24gliwice.pl\/wiadomosci\/wp-content\/uploads\/2024\/10\/24gliwice-logo-696.jpg","contentUrl":"https:\/\/www.24gliwice.pl\/wiadomosci\/wp-content\/uploads\/2024\/10\/24gliwice-logo-696.jpg","width":696,"height":696,"caption":"24gliwice"},"image":{"@id":"https:\/\/www.24gliwice.pl\/wiadomosci\/#\/schema\/logo\/image\/"},"sameAs":["https:\/\/www.facebook.com\/24gliwice","https:\/\/x.com\/24gliwice","https:\/\/www.youtube.com\/@24gliwice"]},{"@type":"Person","@id":"https:\/\/www.24gliwice.pl\/wiadomosci\/#\/schema\/person\/940e8f8a097e322de4f463f061ef8d45","name":"Micha\u0142 Szewczyk","image":{"@type":"ImageObject","inLanguage":"pl-PL","@id":"https:\/\/secure.gravatar.com\/avatar\/771b8b6c74cd8d255e46392d605e01a86133900ef09b6ef3c8d451c9d92288cf?s=96&d=mm&r=g","url":"https:\/\/secure.gravatar.com\/avatar\/771b8b6c74cd8d255e46392d605e01a86133900ef09b6ef3c8d451c9d92288cf?s=96&d=mm&r=g","contentUrl":"https:\/\/secure.gravatar.com\/avatar\/771b8b6c74cd8d255e46392d605e01a86133900ef09b6ef3c8d451c9d92288cf?s=96&d=mm&r=g","caption":"Micha\u0142 Szewczyk"},"sameAs":["http:\/\/www.gazeta-miejska.pl"],"url":"https:\/\/www.24gliwice.pl\/wiadomosci\/author\/michal-szewczyk\/"}]}},"_links":{"self":[{"href":"https:\/\/www.24gliwice.pl\/wiadomosci\/wp-json\/wp\/v2\/posts\/74991","targetHints":{"allow":["GET"]}}],"collection":[{"href":"https:\/\/www.24gliwice.pl\/wiadomosci\/wp-json\/wp\/v2\/posts"}],"about":[{"href":"https:\/\/www.24gliwice.pl\/wiadomosci\/wp-json\/wp\/v2\/types\/post"}],"author":[{"embeddable":true,"href":"https:\/\/www.24gliwice.pl\/wiadomosci\/wp-json\/wp\/v2\/users\/12"}],"replies":[{"embeddable":true,"href":"https:\/\/www.24gliwice.pl\/wiadomosci\/wp-json\/wp\/v2\/comments?post=74991"}],"version-history":[{"count":0,"href":"https:\/\/www.24gliwice.pl\/wiadomosci\/wp-json\/wp\/v2\/posts\/74991\/revisions"}],"wp:featuredmedia":[{"embeddable":true,"href":"https:\/\/www.24gliwice.pl\/wiadomosci\/wp-json\/wp\/v2\/media\/74993"}],"wp:attachment":[{"href":"https:\/\/www.24gliwice.pl\/wiadomosci\/wp-json\/wp\/v2\/media?parent=74991"}],"wp:term":[{"taxonomy":"category","embeddable":true,"href":"https:\/\/www.24gliwice.pl\/wiadomosci\/wp-json\/wp\/v2\/categories?post=74991"},{"taxonomy":"post_tag","embeddable":true,"href":"https:\/\/www.24gliwice.pl\/wiadomosci\/wp-json\/wp\/v2\/tags?post=74991"}],"curies":[{"name":"wp","href":"https:\/\/api.w.org\/{rel}","templated":true}]}}