{"id":75961,"date":"2015-10-01T11:40:32","date_gmt":"2015-10-01T09:40:32","guid":{"rendered":"http:\/\/www.24gliwice.pl\/wiadomosci\/?p=75961"},"modified":"2015-10-01T11:43:22","modified_gmt":"2015-10-01T09:43:22","slug":"w-koncu-jest-nowy-wlasciciel-bedzie-remont-dawna-ciastkarnia-przestanie-szpecic-starowke","status":"publish","type":"post","link":"https:\/\/www.24gliwice.pl\/wiadomosci\/w-koncu-jest-nowy-wlasciciel-bedzie-remont-dawna-ciastkarnia-przestanie-szpecic-starowke\/","title":{"rendered":"W ko\u0144cu. Jest nowy w\u0142a\u015bciciel, b\u0119dzie remont. Dawna ciastkarnia przestanie szpeci\u0107 star\u00f3wk\u0119"},"content":{"rendered":"<div class=\"gliwi-a6-nad-leadem-artykulow gliwi-entity-placement\" id=\"gliwi-4275681226\"><div class=\"gliwi-adlabel\"><span style=\"font-size: 9px\">REKLAMA<\/span><\/div><div id=\"gliwi-757307761\" style=\"margin-bottom: 25px;margin-left: auto;margin-right: auto;text-align: center;\"><a data-no-instant=\"1\" href=\"https:\/\/dom100.eu\/\" rel=\"noopener\" class=\"a2t-link\" target=\"_blank\" aria-label=\"20260415 DOM100 D\"><img loading=\"lazy\" decoding=\"async\" src=\"https:\/\/www.24gliwice.pl\/wiadomosci\/wp-content\/uploads\/2026\/04\/20260415-DOM100-D.jpg\" alt=\"\"  srcset=\"https:\/\/www.24gliwice.pl\/wiadomosci\/wp-content\/uploads\/2026\/04\/20260415-DOM100-D.jpg 750w, https:\/\/www.24gliwice.pl\/wiadomosci\/wp-content\/uploads\/2026\/04\/20260415-DOM100-D-410x109.jpg 410w\" sizes=\"(max-width: 750px) 100vw, 750px\" class=\"no-lazyload\" width=\"750\" height=\"200\"  style=\"display: inline-block; max-width: 100%; height: auto;\" \/><\/a><\/div><\/div><h3>Lokale u\u017cytkowe lub apartamentowiec w samym sercu gliwickiej star\u00f3wki &#8211; charakterystyczny budynek u zbiegu ulic Pleba\u0144skiej i \u015aredniej czeka gruntowna renowacja.<\/h3>\n<p>&#8211; W\u0142o\u017cymy w t\u0119 inwestycj\u0119 du\u017co serca i funduszy &#8211; zapewniaj\u0105 nowi w\u0142a\u015bciciele dawnej ciastkarni &#8220;Spo\u0142em&#8221;.<\/p>\n<p>Postawiony w 1890 roku budynek ma powierzchni\u0119 926 metr\u00f3w kw., a na dw\u00f3ch pi\u0119trach kamienicy w samym sercu star\u00f3wki znajduje si\u0119 20 pomieszcze\u0144.<br \/>\n&#8211; Obiektem interesowali\u015bmy si\u0119 ju\u017c kilka lat temu, gdy wystawiono go na sprzeda\u017c. Negocjacje by\u0142y d\u0142ugie i ci\u0119\u017ckie, ale my\u015bl\u0119, \u017ce obie strony s\u0105 zadowolone z ostatecznej ceny &#8211; informuje nas <strong>Rafa\u0142 Franz<\/strong> z firmy <a href=\"http:\/\/www.24gliwice.pl\/wiadomosci\/starym-kamienicom-przywracaja-dawny-blask-plebanska-stary-hufiec-a-teraz-stalmacha\/\" target=\"_blank\">Wall Invest<\/a>, kt\u00f3ra naby\u0142a nieruchomo\u015b\u0107.<\/p><div class=\"gliwi-a3-w-tresci-artykulow gliwi-entity-placement\" id=\"gliwi-3871537562\"><div class=\"gliwi-adlabel\"><span style=\"font-size: 9px\">REKLAMA<\/span><\/div><div id=\"gliwi-2809769578\" style=\"margin-bottom: 30px;margin-left: auto;margin-right: auto;text-align: center;\"><a data-no-instant=\"1\" href=\"https:\/\/ogrodyandersa.pl\/\" rel=\"noopener\" class=\"a2t-link\" target=\"_blank\" aria-label=\"20260415 Ogrody Andersa KUP TERAZ D\"><img loading=\"lazy\" decoding=\"async\" src=\"https:\/\/www.24gliwice.pl\/wiadomosci\/wp-content\/uploads\/2026\/04\/20260415-Ogrody-Andersa-KUP-TERAZ-D.jpg\" alt=\"\"  srcset=\"https:\/\/www.24gliwice.pl\/wiadomosci\/wp-content\/uploads\/2026\/04\/20260415-Ogrody-Andersa-KUP-TERAZ-D.jpg 750w, https:\/\/www.24gliwice.pl\/wiadomosci\/wp-content\/uploads\/2026\/04\/20260415-Ogrody-Andersa-KUP-TERAZ-D-410x109.jpg 410w\" sizes=\"(max-width: 750px) 100vw, 750px\" class=\"no-lazyload\" width=\"750\" height=\"200\"  style=\"display: inline-block; max-width: 100%; height: auto;\" \/><\/a><\/div><\/div>\n<p>Jak uda\u0142o nam si\u0119 nieoficjalnie dowiedzie\u0107, transakcja opiewa\u0142a na ni\u017csz\u0105 kwot\u0119 ni\u017c 3,2 mln z\u0142, kt\u00f3re \u017cyczy\u0142y sobie w\u0142adze &#8220;Spo\u0142em&#8221;.<\/p>\n[pullquote align=&#8221;left&#8221; cite=&#8221;&#8221; link=&#8221;&#8221; color=&#8221;#ff8d8d&#8221; class=&#8221;&#8221; size=&#8221;&#8221;]Nowi w\u0142a\u015bciciele na swoim koncie maj\u0105 m.in. bardzo udan\u0105 renowacj\u0119 budynku Starego Hufca przy ul. D\u0142ugosza.[\/pullquote]\n<p>Po\u0142o\u017cona na dzia\u0142ce o powierzchni 360 metr\u00f3w kw. nieruchomo\u015b\u0107 wymaga szybkiego i gruntownego remontu. Mo\u017cliwe zatem, \u017ce jej powierzchnia u\u017cytkowa si\u0119 zwi\u0119kszy, je\u017celi zmieniony zostanie uk\u0142ad pomieszcze\u0144. Na razie wci\u0105\u017c nie wiadomo, jakie b\u0119dzie nowe przeznaczenie obiektu. Nowi w\u0142a\u015bciciele, kt\u00f3rzy na swoim koncie maj\u0105 ju\u017c renowacj\u0119 budynku Starego Hufca przy ul. D\u0142ugosza, bior\u0105 pod uwag\u0119 r\u00f3\u017cne opcje &#8211; od presti\u017cowych lokali u\u017cytkowych, po apartamentowiec. P\u00f3ki co, trwa opracowywanie koncepcji przez firm\u0119 projektow\u0105. Budynek z ko\u0144ca XIX wieku nie jest wpisany do rejestru zabytk\u00f3w, a opiek\u0105 konserwatorsk\u0105 otoczona jest g\u0142\u00f3wnie jego elewacja. Wn\u0119trza mo\u017cna zatem zaaran\u017cowa\u0107 w dowolny spos\u00f3b.<\/p>\n<p>&#8211; Za oko\u0142o dwa miesi\u0105ce powinny by\u0107 znane dalsze szczeg\u00f3\u0142y. Wtedy te\u017c pochwalimy si\u0119 wizualizacjami. Jeste\u015bmy podekscytowani t\u0105 spor\u0105 inwestycj\u0105, zw\u0142aszcza \u017ce odrestaurowali\u015bmy kamienic\u0119 przy ul. Pleba\u0144skiej 11. To b\u0119dzie symboliczne zwie\u0144czenie tego odcinka. Chcemy, by powsta\u0142a tu nowa wizyt\u00f3wka Starego Miasta &#8211; dodaje Rafa\u0142 Franz.<\/p>\n<p>Nieruchomo\u015b\u0107 przy ulicy Pleba\u0144skiej 3 pr\u00f3bowano sprzeda\u0107 od kilku lat, po tym jak w 2012 roku zamkni\u0119to firmow\u0105 ciastkarni\u0119 sp\u00f3\u0142dzielni &#8220;Spo\u0142em&#8221;. Potencjalnych nabywc\u00f3w odstrasza\u0142a wysoka cena oraz trwaj\u0105cy remont star\u00f3wki. Po odrestaurowaniu tej cz\u0119\u015bci Starego Miasta ul. Pleba\u0144ska odzyska\u0142a blask i zacz\u0119\u0142a rozkwita\u0107 restauracjami czy stylowymi butikami.<\/p>\n<p>Micha\u0142 Pac Pomarnacki<\/p>\n<div class=\"gliwi-a5-na-koncu-artykulow gliwi-entity-placement\" id=\"gliwi-2431577530\"><div class=\"gliwi-adlabel\"><span style=\"font-size: 9px\">REKLAMA<\/span><\/div><div id=\"gliwi-454428920\" style=\"margin-left: auto;margin-right: auto;text-align: center;\"><a data-no-instant=\"1\" href=\"https:\/\/prezeroarenagliwice.pl\/\" rel=\"noopener\" class=\"a2t-link\" target=\"_blank\" aria-label=\"20260309-PREZERO-WIOSNA-D\"><img loading=\"lazy\" decoding=\"async\" src=\"https:\/\/www.24gliwice.pl\/wiadomosci\/wp-content\/uploads\/2026\/03\/20260309-PREZERO-WIOSNA-D.webp\" alt=\"\"  srcset=\"https:\/\/www.24gliwice.pl\/wiadomosci\/wp-content\/uploads\/2026\/03\/20260309-PREZERO-WIOSNA-D.webp 750w, https:\/\/www.24gliwice.pl\/wiadomosci\/wp-content\/uploads\/2026\/03\/20260309-PREZERO-WIOSNA-D-410x109.webp 410w\" sizes=\"(max-width: 750px) 100vw, 750px\" class=\"no-lazyload\" width=\"750\" height=\"200\"  style=\"display: inline-block; max-width: 100%; height: auto;\" \/><\/a><\/div><\/div>","protected":false},"excerpt":{"rendered":"<p>Lokale u\u017cytkowe lub apartamentowiec w samym sercu gliwickiej star\u00f3wki &#8211; charakterystyczny budynek u zbiegu ulic Pleba\u0144skiej i \u015aredniej czeka gruntowna renowacja. &#8211; W\u0142o\u017cymy w t\u0119 inwestycj\u0119 du\u017co serca i funduszy &#8211; zapewniaj\u0105 nowi w\u0142a\u015bciciele dawnej ciastkarni &#8220;Spo\u0142em&#8221;. Postawiony w 1890 roku budynek ma powierzchni\u0119 926 metr\u00f3w kw., a na dw\u00f3ch pi\u0119trach kamienicy w samym sercu [&hellip;]<\/p>\n","protected":false},"author":4,"featured_media":75966,"comment_status":"open","ping_status":"closed","sticky":false,"template":"","format":"standard","meta":{"_monsterinsights_skip_tracking":false,"_monsterinsights_sitenote_active":false,"_monsterinsights_sitenote_note":"","_monsterinsights_sitenote_category":0,"footnotes":"","_links_to":"","_links_to_target":""},"categories":[3,1,9],"tags":[5791,6565,2382,5966],"class_list":["post-75961","post","type-post","status-publish","format-standard","has-post-thumbnail","hentry","category-gliwice","category-wszystko","category-aktualnosci_lokalne","tag-spolem","tag-srednia","tag-starowka","tag-wall-invest"],"yoast_head":"<!-- This site is optimized with the Yoast SEO plugin v27.5 - https:\/\/yoast.com\/product\/yoast-seo-wordpress\/ -->\n<title>W ko\u0144cu. Jest nowy w\u0142a\u015bciciel, b\u0119dzie remont. Dawna ciastkarnia przestanie szpeci\u0107 star\u00f3wk\u0119 - 24GLIWICE - Portal Gliwice | codziennie nowe informacje<\/title>\n<meta name=\"robots\" content=\"index, follow, max-snippet:-1, max-image-preview:large, max-video-preview:-1\" \/>\n<link rel=\"canonical\" href=\"https:\/\/www.24gliwice.pl\/wiadomosci\/w-koncu-jest-nowy-wlasciciel-bedzie-remont-dawna-ciastkarnia-przestanie-szpecic-starowke\/\" \/>\n<meta property=\"og:locale\" content=\"pl_PL\" \/>\n<meta property=\"og:type\" content=\"article\" \/>\n<meta property=\"og:title\" content=\"W ko\u0144cu. Jest nowy w\u0142a\u015bciciel, b\u0119dzie remont. Dawna ciastkarnia przestanie szpeci\u0107 star\u00f3wk\u0119 - 24GLIWICE - Portal Gliwice | codziennie nowe informacje\" \/>\n<meta property=\"og:description\" content=\"Lokale u\u017cytkowe lub apartamentowiec w samym sercu gliwickiej star\u00f3wki &#8211; charakterystyczny budynek u zbiegu ulic Pleba\u0144skiej i \u015aredniej czeka gruntowna renowacja. &#8211; W\u0142o\u017cymy w t\u0119 inwestycj\u0119 du\u017co serca i funduszy &#8211; zapewniaj\u0105 nowi w\u0142a\u015bciciele dawnej ciastkarni &#8220;Spo\u0142em&#8221;. Postawiony w 1890 roku budynek ma powierzchni\u0119 926 metr\u00f3w kw., a na dw\u00f3ch pi\u0119trach kamienicy w samym sercu [&hellip;]\" \/>\n<meta property=\"og:url\" content=\"https:\/\/www.24gliwice.pl\/wiadomosci\/w-koncu-jest-nowy-wlasciciel-bedzie-remont-dawna-ciastkarnia-przestanie-szpecic-starowke\/\" \/>\n<meta property=\"og:site_name\" content=\"24GLIWICE - Portal Gliwice | codziennie nowe informacje\" \/>\n<meta property=\"article:publisher\" content=\"https:\/\/www.facebook.com\/24gliwice\" \/>\n<meta property=\"article:author\" content=\"https:\/\/www.facebook.com\/marcin.fabrykowski\" \/>\n<meta property=\"article:published_time\" content=\"2015-10-01T09:40:32+00:00\" \/>\n<meta property=\"article:modified_time\" content=\"2015-10-01T09:43:22+00:00\" \/>\n<meta property=\"og:image\" content=\"https:\/\/www.24gliwice.pl\/wiadomosci\/wp-content\/uploads\/2015\/10\/1-IMG_6209.jpg\" \/>\n\t<meta property=\"og:image:width\" content=\"810\" \/>\n\t<meta property=\"og:image:height\" content=\"456\" \/>\n\t<meta property=\"og:image:type\" content=\"image\/jpeg\" \/>\n<meta name=\"author\" content=\"Marcin Fabrykowski\" \/>\n<meta name=\"twitter:card\" content=\"summary_large_image\" \/>\n<meta name=\"twitter:creator\" content=\"@24gliwice\" \/>\n<meta name=\"twitter:site\" content=\"@24gliwice\" \/>\n<meta name=\"twitter:label1\" content=\"Napisane przez\" \/>\n\t<meta name=\"twitter:data1\" content=\"Marcin Fabrykowski\" \/>\n\t<meta name=\"twitter:label2\" content=\"Szacowany czas czytania\" \/>\n\t<meta name=\"twitter:data2\" content=\"2 minuty\" \/>\n<script type=\"application\/ld+json\" class=\"yoast-schema-graph\">{\"@context\":\"https:\\\/\\\/schema.org\",\"@graph\":[{\"@type\":\"Article\",\"@id\":\"https:\\\/\\\/www.24gliwice.pl\\\/wiadomosci\\\/w-koncu-jest-nowy-wlasciciel-bedzie-remont-dawna-ciastkarnia-przestanie-szpecic-starowke\\\/#article\",\"isPartOf\":{\"@id\":\"https:\\\/\\\/www.24gliwice.pl\\\/wiadomosci\\\/w-koncu-jest-nowy-wlasciciel-bedzie-remont-dawna-ciastkarnia-przestanie-szpecic-starowke\\\/\"},\"author\":{\"name\":\"Marcin Fabrykowski\",\"@id\":\"https:\\\/\\\/www.24gliwice.pl\\\/wiadomosci\\\/#\\\/schema\\\/person\\\/cb5857e4a4d048c15984c1edcc8ef0c0\"},\"headline\":\"W ko\u0144cu. Jest nowy w\u0142a\u015bciciel, b\u0119dzie remont. Dawna ciastkarnia przestanie szpeci\u0107 star\u00f3wk\u0119\",\"datePublished\":\"2015-10-01T09:40:32+00:00\",\"dateModified\":\"2015-10-01T09:43:22+00:00\",\"mainEntityOfPage\":{\"@id\":\"https:\\\/\\\/www.24gliwice.pl\\\/wiadomosci\\\/w-koncu-jest-nowy-wlasciciel-bedzie-remont-dawna-ciastkarnia-przestanie-szpecic-starowke\\\/\"},\"wordCount\":431,\"commentCount\":0,\"publisher\":{\"@id\":\"https:\\\/\\\/www.24gliwice.pl\\\/wiadomosci\\\/#organization\"},\"image\":{\"@id\":\"https:\\\/\\\/www.24gliwice.pl\\\/wiadomosci\\\/w-koncu-jest-nowy-wlasciciel-bedzie-remont-dawna-ciastkarnia-przestanie-szpecic-starowke\\\/#primaryimage\"},\"thumbnailUrl\":\"https:\\\/\\\/www.24gliwice.pl\\\/wiadomosci\\\/wp-content\\\/uploads\\\/2015\\\/10\\\/1-IMG_6209.jpg\",\"keywords\":[\"spo\u0142em\",\"\u015brednia\",\"STAR\u00d3WKA\",\"wall invest\"],\"articleSection\":[\"Gliwice\",\"Najnowsze wiadomo\u015bci\",\"Portal Gliwice - Wiadomo\u015bci lokalne\"],\"inLanguage\":\"pl-PL\",\"potentialAction\":[{\"@type\":\"CommentAction\",\"name\":\"Comment\",\"target\":[\"https:\\\/\\\/www.24gliwice.pl\\\/wiadomosci\\\/w-koncu-jest-nowy-wlasciciel-bedzie-remont-dawna-ciastkarnia-przestanie-szpecic-starowke\\\/#respond\"]}]},{\"@type\":\"WebPage\",\"@id\":\"https:\\\/\\\/www.24gliwice.pl\\\/wiadomosci\\\/w-koncu-jest-nowy-wlasciciel-bedzie-remont-dawna-ciastkarnia-przestanie-szpecic-starowke\\\/\",\"url\":\"https:\\\/\\\/www.24gliwice.pl\\\/wiadomosci\\\/w-koncu-jest-nowy-wlasciciel-bedzie-remont-dawna-ciastkarnia-przestanie-szpecic-starowke\\\/\",\"name\":\"W ko\u0144cu. Jest nowy w\u0142a\u015bciciel, b\u0119dzie remont. Dawna ciastkarnia przestanie szpeci\u0107 star\u00f3wk\u0119 - 24GLIWICE - Portal Gliwice | codziennie nowe informacje\",\"isPartOf\":{\"@id\":\"https:\\\/\\\/www.24gliwice.pl\\\/wiadomosci\\\/#website\"},\"primaryImageOfPage\":{\"@id\":\"https:\\\/\\\/www.24gliwice.pl\\\/wiadomosci\\\/w-koncu-jest-nowy-wlasciciel-bedzie-remont-dawna-ciastkarnia-przestanie-szpecic-starowke\\\/#primaryimage\"},\"image\":{\"@id\":\"https:\\\/\\\/www.24gliwice.pl\\\/wiadomosci\\\/w-koncu-jest-nowy-wlasciciel-bedzie-remont-dawna-ciastkarnia-przestanie-szpecic-starowke\\\/#primaryimage\"},\"thumbnailUrl\":\"https:\\\/\\\/www.24gliwice.pl\\\/wiadomosci\\\/wp-content\\\/uploads\\\/2015\\\/10\\\/1-IMG_6209.jpg\",\"datePublished\":\"2015-10-01T09:40:32+00:00\",\"dateModified\":\"2015-10-01T09:43:22+00:00\",\"breadcrumb\":{\"@id\":\"https:\\\/\\\/www.24gliwice.pl\\\/wiadomosci\\\/w-koncu-jest-nowy-wlasciciel-bedzie-remont-dawna-ciastkarnia-przestanie-szpecic-starowke\\\/#breadcrumb\"},\"inLanguage\":\"pl-PL\",\"potentialAction\":[{\"@type\":\"ReadAction\",\"target\":[\"https:\\\/\\\/www.24gliwice.pl\\\/wiadomosci\\\/w-koncu-jest-nowy-wlasciciel-bedzie-remont-dawna-ciastkarnia-przestanie-szpecic-starowke\\\/\"]}]},{\"@type\":\"ImageObject\",\"inLanguage\":\"pl-PL\",\"@id\":\"https:\\\/\\\/www.24gliwice.pl\\\/wiadomosci\\\/w-koncu-jest-nowy-wlasciciel-bedzie-remont-dawna-ciastkarnia-przestanie-szpecic-starowke\\\/#primaryimage\",\"url\":\"https:\\\/\\\/www.24gliwice.pl\\\/wiadomosci\\\/wp-content\\\/uploads\\\/2015\\\/10\\\/1-IMG_6209.jpg\",\"contentUrl\":\"https:\\\/\\\/www.24gliwice.pl\\\/wiadomosci\\\/wp-content\\\/uploads\\\/2015\\\/10\\\/1-IMG_6209.jpg\",\"width\":810,\"height\":456},{\"@type\":\"BreadcrumbList\",\"@id\":\"https:\\\/\\\/www.24gliwice.pl\\\/wiadomosci\\\/w-koncu-jest-nowy-wlasciciel-bedzie-remont-dawna-ciastkarnia-przestanie-szpecic-starowke\\\/#breadcrumb\",\"itemListElement\":[{\"@type\":\"ListItem\",\"position\":1,\"name\":\"Strona g\u0142\u00f3wna\",\"item\":\"https:\\\/\\\/www.24gliwice.pl\\\/wiadomosci\\\/\"},{\"@type\":\"ListItem\",\"position\":2,\"name\":\"W ko\u0144cu. Jest nowy w\u0142a\u015bciciel, b\u0119dzie remont. Dawna ciastkarnia przestanie szpeci\u0107 star\u00f3wk\u0119\"}]},{\"@type\":\"WebSite\",\"@id\":\"https:\\\/\\\/www.24gliwice.pl\\\/wiadomosci\\\/#website\",\"url\":\"https:\\\/\\\/www.24gliwice.pl\\\/wiadomosci\\\/\",\"name\":\"24GLIWICE - Portal Gliwice | codziennie nowe wiadomo\u015bci\",\"description\":\"Portal Miejski Gliwice\",\"publisher\":{\"@id\":\"https:\\\/\\\/www.24gliwice.pl\\\/wiadomosci\\\/#organization\"},\"potentialAction\":[{\"@type\":\"SearchAction\",\"target\":{\"@type\":\"EntryPoint\",\"urlTemplate\":\"https:\\\/\\\/www.24gliwice.pl\\\/wiadomosci\\\/?s={search_term_string}\"},\"query-input\":{\"@type\":\"PropertyValueSpecification\",\"valueRequired\":true,\"valueName\":\"search_term_string\"}}],\"inLanguage\":\"pl-PL\"},{\"@type\":\"Organization\",\"@id\":\"https:\\\/\\\/www.24gliwice.pl\\\/wiadomosci\\\/#organization\",\"name\":\"24gliwice\",\"url\":\"https:\\\/\\\/www.24gliwice.pl\\\/wiadomosci\\\/\",\"logo\":{\"@type\":\"ImageObject\",\"inLanguage\":\"pl-PL\",\"@id\":\"https:\\\/\\\/www.24gliwice.pl\\\/wiadomosci\\\/#\\\/schema\\\/logo\\\/image\\\/\",\"url\":\"https:\\\/\\\/www.24gliwice.pl\\\/wiadomosci\\\/wp-content\\\/uploads\\\/2024\\\/10\\\/24gliwice-logo-696.jpg\",\"contentUrl\":\"https:\\\/\\\/www.24gliwice.pl\\\/wiadomosci\\\/wp-content\\\/uploads\\\/2024\\\/10\\\/24gliwice-logo-696.jpg\",\"width\":696,\"height\":696,\"caption\":\"24gliwice\"},\"image\":{\"@id\":\"https:\\\/\\\/www.24gliwice.pl\\\/wiadomosci\\\/#\\\/schema\\\/logo\\\/image\\\/\"},\"sameAs\":[\"https:\\\/\\\/www.facebook.com\\\/24gliwice\",\"https:\\\/\\\/x.com\\\/24gliwice\",\"https:\\\/\\\/www.youtube.com\\\/@24gliwice\"]},{\"@type\":\"Person\",\"@id\":\"https:\\\/\\\/www.24gliwice.pl\\\/wiadomosci\\\/#\\\/schema\\\/person\\\/cb5857e4a4d048c15984c1edcc8ef0c0\",\"name\":\"Marcin Fabrykowski\",\"image\":{\"@type\":\"ImageObject\",\"inLanguage\":\"pl-PL\",\"@id\":\"https:\\\/\\\/www.24gliwice.pl\\\/wiadomosci\\\/wp-content\\\/uploads\\\/2025\\\/11\\\/zdjecie-moje-marcin-300-96x96.jpg\",\"url\":\"https:\\\/\\\/www.24gliwice.pl\\\/wiadomosci\\\/wp-content\\\/uploads\\\/2025\\\/11\\\/zdjecie-moje-marcin-300-96x96.jpg\",\"contentUrl\":\"https:\\\/\\\/www.24gliwice.pl\\\/wiadomosci\\\/wp-content\\\/uploads\\\/2025\\\/11\\\/zdjecie-moje-marcin-300-96x96.jpg\",\"caption\":\"Marcin Fabrykowski\"},\"sameAs\":[\"http:\\\/\\\/24gliwice.pl\",\"https:\\\/\\\/www.facebook.com\\\/marcin.fabrykowski\"],\"url\":\"https:\\\/\\\/www.24gliwice.pl\\\/wiadomosci\\\/author\\\/marcin-fabrykowski\\\/\"}]}<\/script>\n<!-- \/ Yoast SEO plugin. -->","yoast_head_json":{"title":"W ko\u0144cu. Jest nowy w\u0142a\u015bciciel, b\u0119dzie remont. Dawna ciastkarnia przestanie szpeci\u0107 star\u00f3wk\u0119 - 24GLIWICE - Portal Gliwice | codziennie nowe informacje","robots":{"index":"index","follow":"follow","max-snippet":"max-snippet:-1","max-image-preview":"max-image-preview:large","max-video-preview":"max-video-preview:-1"},"canonical":"https:\/\/www.24gliwice.pl\/wiadomosci\/w-koncu-jest-nowy-wlasciciel-bedzie-remont-dawna-ciastkarnia-przestanie-szpecic-starowke\/","og_locale":"pl_PL","og_type":"article","og_title":"W ko\u0144cu. Jest nowy w\u0142a\u015bciciel, b\u0119dzie remont. Dawna ciastkarnia przestanie szpeci\u0107 star\u00f3wk\u0119 - 24GLIWICE - Portal Gliwice | codziennie nowe informacje","og_description":"Lokale u\u017cytkowe lub apartamentowiec w samym sercu gliwickiej star\u00f3wki &#8211; charakterystyczny budynek u zbiegu ulic Pleba\u0144skiej i \u015aredniej czeka gruntowna renowacja. &#8211; W\u0142o\u017cymy w t\u0119 inwestycj\u0119 du\u017co serca i funduszy &#8211; zapewniaj\u0105 nowi w\u0142a\u015bciciele dawnej ciastkarni &#8220;Spo\u0142em&#8221;. Postawiony w 1890 roku budynek ma powierzchni\u0119 926 metr\u00f3w kw., a na dw\u00f3ch pi\u0119trach kamienicy w samym sercu [&hellip;]","og_url":"https:\/\/www.24gliwice.pl\/wiadomosci\/w-koncu-jest-nowy-wlasciciel-bedzie-remont-dawna-ciastkarnia-przestanie-szpecic-starowke\/","og_site_name":"24GLIWICE - Portal Gliwice | codziennie nowe informacje","article_publisher":"https:\/\/www.facebook.com\/24gliwice","article_author":"https:\/\/www.facebook.com\/marcin.fabrykowski","article_published_time":"2015-10-01T09:40:32+00:00","article_modified_time":"2015-10-01T09:43:22+00:00","og_image":[{"width":810,"height":456,"url":"https:\/\/www.24gliwice.pl\/wiadomosci\/wp-content\/uploads\/2015\/10\/1-IMG_6209.jpg","type":"image\/jpeg"}],"author":"Marcin Fabrykowski","twitter_card":"summary_large_image","twitter_creator":"@24gliwice","twitter_site":"@24gliwice","twitter_misc":{"Napisane przez":"Marcin Fabrykowski","Szacowany czas czytania":"2 minuty"},"schema":{"@context":"https:\/\/schema.org","@graph":[{"@type":"Article","@id":"https:\/\/www.24gliwice.pl\/wiadomosci\/w-koncu-jest-nowy-wlasciciel-bedzie-remont-dawna-ciastkarnia-przestanie-szpecic-starowke\/#article","isPartOf":{"@id":"https:\/\/www.24gliwice.pl\/wiadomosci\/w-koncu-jest-nowy-wlasciciel-bedzie-remont-dawna-ciastkarnia-przestanie-szpecic-starowke\/"},"author":{"name":"Marcin Fabrykowski","@id":"https:\/\/www.24gliwice.pl\/wiadomosci\/#\/schema\/person\/cb5857e4a4d048c15984c1edcc8ef0c0"},"headline":"W ko\u0144cu. Jest nowy w\u0142a\u015bciciel, b\u0119dzie remont. Dawna ciastkarnia przestanie szpeci\u0107 star\u00f3wk\u0119","datePublished":"2015-10-01T09:40:32+00:00","dateModified":"2015-10-01T09:43:22+00:00","mainEntityOfPage":{"@id":"https:\/\/www.24gliwice.pl\/wiadomosci\/w-koncu-jest-nowy-wlasciciel-bedzie-remont-dawna-ciastkarnia-przestanie-szpecic-starowke\/"},"wordCount":431,"commentCount":0,"publisher":{"@id":"https:\/\/www.24gliwice.pl\/wiadomosci\/#organization"},"image":{"@id":"https:\/\/www.24gliwice.pl\/wiadomosci\/w-koncu-jest-nowy-wlasciciel-bedzie-remont-dawna-ciastkarnia-przestanie-szpecic-starowke\/#primaryimage"},"thumbnailUrl":"https:\/\/www.24gliwice.pl\/wiadomosci\/wp-content\/uploads\/2015\/10\/1-IMG_6209.jpg","keywords":["spo\u0142em","\u015brednia","STAR\u00d3WKA","wall invest"],"articleSection":["Gliwice","Najnowsze wiadomo\u015bci","Portal Gliwice - Wiadomo\u015bci lokalne"],"inLanguage":"pl-PL","potentialAction":[{"@type":"CommentAction","name":"Comment","target":["https:\/\/www.24gliwice.pl\/wiadomosci\/w-koncu-jest-nowy-wlasciciel-bedzie-remont-dawna-ciastkarnia-przestanie-szpecic-starowke\/#respond"]}]},{"@type":"WebPage","@id":"https:\/\/www.24gliwice.pl\/wiadomosci\/w-koncu-jest-nowy-wlasciciel-bedzie-remont-dawna-ciastkarnia-przestanie-szpecic-starowke\/","url":"https:\/\/www.24gliwice.pl\/wiadomosci\/w-koncu-jest-nowy-wlasciciel-bedzie-remont-dawna-ciastkarnia-przestanie-szpecic-starowke\/","name":"W ko\u0144cu. Jest nowy w\u0142a\u015bciciel, b\u0119dzie remont. Dawna ciastkarnia przestanie szpeci\u0107 star\u00f3wk\u0119 - 24GLIWICE - Portal Gliwice | codziennie nowe informacje","isPartOf":{"@id":"https:\/\/www.24gliwice.pl\/wiadomosci\/#website"},"primaryImageOfPage":{"@id":"https:\/\/www.24gliwice.pl\/wiadomosci\/w-koncu-jest-nowy-wlasciciel-bedzie-remont-dawna-ciastkarnia-przestanie-szpecic-starowke\/#primaryimage"},"image":{"@id":"https:\/\/www.24gliwice.pl\/wiadomosci\/w-koncu-jest-nowy-wlasciciel-bedzie-remont-dawna-ciastkarnia-przestanie-szpecic-starowke\/#primaryimage"},"thumbnailUrl":"https:\/\/www.24gliwice.pl\/wiadomosci\/wp-content\/uploads\/2015\/10\/1-IMG_6209.jpg","datePublished":"2015-10-01T09:40:32+00:00","dateModified":"2015-10-01T09:43:22+00:00","breadcrumb":{"@id":"https:\/\/www.24gliwice.pl\/wiadomosci\/w-koncu-jest-nowy-wlasciciel-bedzie-remont-dawna-ciastkarnia-przestanie-szpecic-starowke\/#breadcrumb"},"inLanguage":"pl-PL","potentialAction":[{"@type":"ReadAction","target":["https:\/\/www.24gliwice.pl\/wiadomosci\/w-koncu-jest-nowy-wlasciciel-bedzie-remont-dawna-ciastkarnia-przestanie-szpecic-starowke\/"]}]},{"@type":"ImageObject","inLanguage":"pl-PL","@id":"https:\/\/www.24gliwice.pl\/wiadomosci\/w-koncu-jest-nowy-wlasciciel-bedzie-remont-dawna-ciastkarnia-przestanie-szpecic-starowke\/#primaryimage","url":"https:\/\/www.24gliwice.pl\/wiadomosci\/wp-content\/uploads\/2015\/10\/1-IMG_6209.jpg","contentUrl":"https:\/\/www.24gliwice.pl\/wiadomosci\/wp-content\/uploads\/2015\/10\/1-IMG_6209.jpg","width":810,"height":456},{"@type":"BreadcrumbList","@id":"https:\/\/www.24gliwice.pl\/wiadomosci\/w-koncu-jest-nowy-wlasciciel-bedzie-remont-dawna-ciastkarnia-przestanie-szpecic-starowke\/#breadcrumb","itemListElement":[{"@type":"ListItem","position":1,"name":"Strona g\u0142\u00f3wna","item":"https:\/\/www.24gliwice.pl\/wiadomosci\/"},{"@type":"ListItem","position":2,"name":"W ko\u0144cu. Jest nowy w\u0142a\u015bciciel, b\u0119dzie remont. Dawna ciastkarnia przestanie szpeci\u0107 star\u00f3wk\u0119"}]},{"@type":"WebSite","@id":"https:\/\/www.24gliwice.pl\/wiadomosci\/#website","url":"https:\/\/www.24gliwice.pl\/wiadomosci\/","name":"24GLIWICE - Portal Gliwice | codziennie nowe wiadomo\u015bci","description":"Portal Miejski Gliwice","publisher":{"@id":"https:\/\/www.24gliwice.pl\/wiadomosci\/#organization"},"potentialAction":[{"@type":"SearchAction","target":{"@type":"EntryPoint","urlTemplate":"https:\/\/www.24gliwice.pl\/wiadomosci\/?s={search_term_string}"},"query-input":{"@type":"PropertyValueSpecification","valueRequired":true,"valueName":"search_term_string"}}],"inLanguage":"pl-PL"},{"@type":"Organization","@id":"https:\/\/www.24gliwice.pl\/wiadomosci\/#organization","name":"24gliwice","url":"https:\/\/www.24gliwice.pl\/wiadomosci\/","logo":{"@type":"ImageObject","inLanguage":"pl-PL","@id":"https:\/\/www.24gliwice.pl\/wiadomosci\/#\/schema\/logo\/image\/","url":"https:\/\/www.24gliwice.pl\/wiadomosci\/wp-content\/uploads\/2024\/10\/24gliwice-logo-696.jpg","contentUrl":"https:\/\/www.24gliwice.pl\/wiadomosci\/wp-content\/uploads\/2024\/10\/24gliwice-logo-696.jpg","width":696,"height":696,"caption":"24gliwice"},"image":{"@id":"https:\/\/www.24gliwice.pl\/wiadomosci\/#\/schema\/logo\/image\/"},"sameAs":["https:\/\/www.facebook.com\/24gliwice","https:\/\/x.com\/24gliwice","https:\/\/www.youtube.com\/@24gliwice"]},{"@type":"Person","@id":"https:\/\/www.24gliwice.pl\/wiadomosci\/#\/schema\/person\/cb5857e4a4d048c15984c1edcc8ef0c0","name":"Marcin Fabrykowski","image":{"@type":"ImageObject","inLanguage":"pl-PL","@id":"https:\/\/www.24gliwice.pl\/wiadomosci\/wp-content\/uploads\/2025\/11\/zdjecie-moje-marcin-300-96x96.jpg","url":"https:\/\/www.24gliwice.pl\/wiadomosci\/wp-content\/uploads\/2025\/11\/zdjecie-moje-marcin-300-96x96.jpg","contentUrl":"https:\/\/www.24gliwice.pl\/wiadomosci\/wp-content\/uploads\/2025\/11\/zdjecie-moje-marcin-300-96x96.jpg","caption":"Marcin Fabrykowski"},"sameAs":["http:\/\/24gliwice.pl","https:\/\/www.facebook.com\/marcin.fabrykowski"],"url":"https:\/\/www.24gliwice.pl\/wiadomosci\/author\/marcin-fabrykowski\/"}]}},"_links":{"self":[{"href":"https:\/\/www.24gliwice.pl\/wiadomosci\/wp-json\/wp\/v2\/posts\/75961","targetHints":{"allow":["GET"]}}],"collection":[{"href":"https:\/\/www.24gliwice.pl\/wiadomosci\/wp-json\/wp\/v2\/posts"}],"about":[{"href":"https:\/\/www.24gliwice.pl\/wiadomosci\/wp-json\/wp\/v2\/types\/post"}],"author":[{"embeddable":true,"href":"https:\/\/www.24gliwice.pl\/wiadomosci\/wp-json\/wp\/v2\/users\/4"}],"replies":[{"embeddable":true,"href":"https:\/\/www.24gliwice.pl\/wiadomosci\/wp-json\/wp\/v2\/comments?post=75961"}],"version-history":[{"count":0,"href":"https:\/\/www.24gliwice.pl\/wiadomosci\/wp-json\/wp\/v2\/posts\/75961\/revisions"}],"wp:featuredmedia":[{"embeddable":true,"href":"https:\/\/www.24gliwice.pl\/wiadomosci\/wp-json\/wp\/v2\/media\/75966"}],"wp:attachment":[{"href":"https:\/\/www.24gliwice.pl\/wiadomosci\/wp-json\/wp\/v2\/media?parent=75961"}],"wp:term":[{"taxonomy":"category","embeddable":true,"href":"https:\/\/www.24gliwice.pl\/wiadomosci\/wp-json\/wp\/v2\/categories?post=75961"},{"taxonomy":"post_tag","embeddable":true,"href":"https:\/\/www.24gliwice.pl\/wiadomosci\/wp-json\/wp\/v2\/tags?post=75961"}],"curies":[{"name":"wp","href":"https:\/\/api.w.org\/{rel}","templated":true}]}}