{"id":86954,"date":"2016-08-19T12:17:35","date_gmt":"2016-08-19T10:17:35","guid":{"rendered":"http:\/\/www.24gliwice.pl\/wiadomosci\/?p=86954"},"modified":"2016-08-19T12:17:35","modified_gmt":"2016-08-19T10:17:35","slug":"wygoda-kierowcow-kontra-niedasizm-urzednikow-absurdy-platnego-parkowania","status":"publish","type":"post","link":"https:\/\/www.24gliwice.pl\/wiadomosci\/wygoda-kierowcow-kontra-niedasizm-urzednikow-absurdy-platnego-parkowania\/","title":{"rendered":"Wygoda kierowc\u00f3w kontra &#8220;niedasizm&#8221; urz\u0119dnik\u00f3w. Absurdy p\u0142atnego parkowania"},"content":{"rendered":"<div class=\"gliwi-a6-nad-leadem-artykulow gliwi-entity-placement\" id=\"gliwi-568753378\"><div class=\"gliwi-adlabel\"><span style=\"font-size: 9px\">REKLAMA<\/span><\/div><div id=\"gliwi-1356271296\" style=\"margin-bottom: 30px;margin-left: auto;margin-right: auto;text-align: center;\"><a data-no-instant=\"1\" href=\"https:\/\/przedszkole.halogen.org.pl\/\" rel=\"noopener\" class=\"a2t-link\" target=\"_blank\" aria-label=\"20260402-ANIMATOR-przedszkole_grafika_750x200\"><img loading=\"lazy\" decoding=\"async\" src=\"https:\/\/www.24gliwice.pl\/wiadomosci\/wp-content\/uploads\/2026\/04\/20260402-ANIMATOR-przedszkole_grafika_750x200.webp\" alt=\"\"  srcset=\"https:\/\/www.24gliwice.pl\/wiadomosci\/wp-content\/uploads\/2026\/04\/20260402-ANIMATOR-przedszkole_grafika_750x200.webp 750w, https:\/\/www.24gliwice.pl\/wiadomosci\/wp-content\/uploads\/2026\/04\/20260402-ANIMATOR-przedszkole_grafika_750x200-410x109.webp 410w\" sizes=\"(max-width: 750px) 100vw, 750px\" class=\"no-lazyload\" width=\"750\" height=\"200\"  style=\"display: inline-block; max-width: 100%; height: auto;\" \/><\/a><\/div><\/div><h4>Biuro obs\u0142ugi p\u0142atnego parkowania w centrum miasta np. w budynku Magistratu? &#8211; To mo\u017ce zwi\u0119kszy\u0107 problem ilo\u015bci wolnych miejsc parkingowych przy Urz\u0119dzie Miejskim <\/h4>\n<p>&#8211; tak w pi\u015bmie do radnego <strong>Bart\u0142omieja Kowalskiego<\/strong> (PiS), urz\u0119dnicy uzasadnili brak takiej mo\u017cliwo\u015bci. <\/p>\n<p>Teraz mieszka\u0144cy centrum Gliwic by za\u0142atwi\u0107 sprawy dotycz\u0105ce ich miejsca zamieszkania (np. rycza\u0142t czy abonament) musz\u0105 je\u017adzi\u0107 na obrze\u017ca Gliwic, na ul. Bojkowsk\u0105. SPP (strefa p\u0142atnego parkowania) funkcjonuje ju\u017c od ponad roku i cho\u0107 o miejsce parkingowe du\u017co \u0142atwiej, ci\u0105gle dziwi du\u017ca liczba niedoci\u0105gni\u0119\u0107 organizacyjnych. &#8211; Kiedy polski urz\u0119dnik opu\u015bci lata 80? &#8211; denerwuj\u0105 si\u0119 czytelnicy.<\/p><div class=\"gliwi-a3-w-tresci-artykulow gliwi-entity-placement\" id=\"gliwi-2448408912\"><div class=\"gliwi-adlabel\"><span style=\"font-size: 9px\">REKLAMA<\/span><\/div><div id=\"gliwi-2976033134\" style=\"margin-bottom: 30px;margin-left: auto;margin-right: auto;text-align: center;\"><a data-no-instant=\"1\" href=\"https:\/\/zlobek.halogen.org.pl\/\" rel=\"noopener\" class=\"a2t-link\" target=\"_blank\" aria-label=\"animator-zlobek_750x200\"><img loading=\"lazy\" decoding=\"async\" src=\"https:\/\/www.24gliwice.pl\/wiadomosci\/wp-content\/uploads\/2026\/02\/animator-zlobek_750x200.webp\" alt=\"\"  srcset=\"https:\/\/www.24gliwice.pl\/wiadomosci\/wp-content\/uploads\/2026\/02\/animator-zlobek_750x200.webp 750w, https:\/\/www.24gliwice.pl\/wiadomosci\/wp-content\/uploads\/2026\/02\/animator-zlobek_750x200-410x109.webp 410w\" sizes=\"(max-width: 750px) 100vw, 750px\" class=\"no-lazyload\" width=\"750\" height=\"200\"  style=\"display: inline-block; max-width: 100%; height: auto;\" \/><\/a><\/div><\/div>\n<h4>&#8220;NIE DA SI\u0118&#8221;<\/h4>\n<p>W swoim pi\u015bmie Kowalski wnioskowa\u0142 m.in. o stworzenie dodatkowego stanowiska obs\u0142ugi SPP w Urz\u0119dzie Miejskim i wprowadzenie panelu internetowego, kt\u00f3ry pozwala\u0142by drog\u0105 elektroniczn\u0105 uiszcza\u0107 op\u0142aty np. za abonament (na pocz\u0105tku sierpnia, przez kilka dni w biurze obs\u0142ugi SPP tworzy\u0142y si\u0119 d\u0142ugie kolejki).<\/p>\n<p><img loading=\"lazy\" decoding=\"async\" src=\"http:\/\/www.24gliwice.pl\/wiadomosci\/wp-content\/uploads\/2016\/08\/oo-410x193.jpg\" alt=\"\" width=\"410\" height=\"193\" class=\"alignright size-medium wp-image-86997\" data-wp-pid=\"86997\" srcset=\"https:\/\/www.24gliwice.pl\/wiadomosci\/wp-content\/uploads\/2016\/08\/oo-410x193.jpg 410w, https:\/\/www.24gliwice.pl\/wiadomosci\/wp-content\/uploads\/2016\/08\/oo.jpg 434w\" sizes=\"auto, (max-width: 410px) 100vw, 410px\" \/><\/p>\n<p>&#8211; Aby unikn\u0105\u0107 oszustw, niezb\u0119dna jest weryfikacja danych przedstawionych przez klienta gdy\u017c zdarzaj\u0105 si\u0119 pr\u00f3by wy\u0142udzania abonamentu &#8211; np. brak zameldowania w SPP. Winieta drukowana jest w biurze co pozwala na ewidencjonowanie i kontrol\u0119 wydanych abonament\u00f3w. Z uwagi na powy\u017csze, internetowy panel klienta w chwili obecnej nie jest mo\u017cliwy do realizacji &#8211; pisze w odpowiedzi na pismo radnego <strong>Kamil Jany<\/strong>, naczelnik Wydzia\u0142u Nadzoru W\u0142a\u015bcicielskiego UM w Gliwicach. <\/p>\n<blockquote><p>&#8211; \u017byjemy w takich czasach, \u017ce znalezienie systemu weryfikacji wniosk\u00f3w nie powinno by\u0107 problemem, to powinno u\u0142atwi\u0107 sytuacj\u0119 obu stron<\/p><\/blockquote>\n<p> &#8211; komentuje Kowalski. &#8211; Co do punktu w UM uwa\u017cam, \u017ce jednoosobowe skromne stoisko mo\u017ce by\u0107 przydatne i nie wygeneruje ono blokady miejsc parkingowych, poniewa\u017c znaczna cz\u0119\u015b\u0107 mieszka\u0144c\u00f3w SPP mo\u017ce przecie\u017c na piechot\u0119 uda\u0107 si\u0119 do magistratu, by za\u0142atwi\u0107 swoj\u0105 spraw\u0119 &#8211; dodaje.<\/p>\n<p>Jego pismo to reakcja na d\u0142ugie kolejki, kt\u00f3re na pocz\u0105tku sierpnia ustawi\u0142y si\u0119 w biurze obs\u0142ugi SPP w zwi\u0105zku z konieczno\u015bci\u0105 przed\u0142u\u017cenia abonamentu mieszka\u0144ca. Cho\u0107 sporo kierowc\u00f3w zaspa\u0142o i za\u0142atwia\u0142o p\u0142atno\u015b\u0107 na ostatni\u0105 chwil\u0119, wielu nie przebiera\u0142o w s\u0142owach.<br \/>\n&#8211; Gliwice, przysz\u0142o\u015b\u0107 jest tu, ale op\u0142aty przez internet zrobi\u0107 si\u0119 nie da&#8230;<br \/>\n&#8211; Jestem winny bo nie dosta\u0142em wolnego dnia, by w tych magicznych godzinach urz\u0119dowania m\u00f3c op\u0142aci\u0107 ?haracz? za parkowanie<br \/>\n&#8211; \u017beby mieszka\u0144com centrum by\u0142o wygodniej, to miasto zrobi\u0142o punkt obs\u0142ugi na drugim ko\u0144cu miasta, no i oczywi\u015bcie czynne w najbardziej &#8220;wygodnych&#8221; dla mieszka\u0144ca godzinach&#8230; &#8211; to tylko niekt\u00f3re krytyczne komentarze.<\/p>\n<p><img loading=\"lazy\" decoding=\"async\" src=\"http:\/\/www.24gliwice.pl\/wiadomosci\/wp-content\/uploads\/2016\/08\/20160819_112219.jpg\" alt=\"\" width=\"810\" height=\"341\" class=\"alignnone size-full wp-image-86999\" data-wp-pid=\"86999\" srcset=\"https:\/\/www.24gliwice.pl\/wiadomosci\/wp-content\/uploads\/2016\/08\/20160819_112219.jpg 810w, https:\/\/www.24gliwice.pl\/wiadomosci\/wp-content\/uploads\/2016\/08\/20160819_112219-410x173.jpg 410w, https:\/\/www.24gliwice.pl\/wiadomosci\/wp-content\/uploads\/2016\/08\/20160819_112219-768x323.jpg 768w, https:\/\/www.24gliwice.pl\/wiadomosci\/wp-content\/uploads\/2016\/08\/20160819_112219-800x337.jpg 800w, https:\/\/www.24gliwice.pl\/wiadomosci\/wp-content\/uploads\/2016\/08\/20160819_112219-600x253.jpg 600w\" sizes=\"auto, (max-width: 810px) 100vw, 810px\" \/><\/p>\n<h4>D\u0141UGA LISTA ZASTRZE\u017bE\u0143<\/h4>\n<p>SPP funkcjonuje od 1 sierpnia ubieg\u0142ego roku i ju\u017c od pierwszego dnia przypomina eksperyment na \u017cywym organizmie. Najpierw posypa\u0142y si\u0119 parkomaty, a niekt\u00f3rzy kierowcy zostawili w maszynach nierzadko po kilkadziesi\u0105t z\u0142otych. Dopiero po kilku miesi\u0105cach wprowadzono mo\u017cliwo\u015b\u0107 nadzorowania online przez kontroler\u00f3w dokonywanych p\u0142atno\u015bci. Kierowcy (zw\u0142aszcza spoza Gliwic) skar\u017cyli si\u0119 na ma\u0142\u0105 liczb\u0119 oznacze\u0144 SPP. W konsekwencji, w lipcu tego roku Zarz\u0105d Dr\u00f3g Miejskich zamontowa\u0142 240 dodatkowych znak\u00f3w informacyjnych.<\/p>\n<h4>Natomiast nadal nie wprowadzono zapowiadanej od samego pocz\u0105tku, mo\u017cliwo\u015bci p\u0142acenia za parkowanie kart\u0105.<\/h4>\n<p> Rozwi\u0105zanie oczywiste, zw\u0142aszcza z kontek\u015bcie urz\u0119dniczej narracji o PIAP-ach, kt\u00f3re s\u0105 &#8220;czym\u015b wi\u0119cej ni\u017c zwyk\u0142e parkomaty&#8221;. Nie stworzono te\u017c dedykowanej pod Gliwice aplikacji mobilnej, a jednocze\u015bnie nie podj\u0119to decyzji o w\u0142\u0105czeniu SPP do aplikacji og\u00f3lnopolskich (np. moBILET). Takie rozwi\u0105zanie pozwala np. na zdalne przed\u0142u\u017cenie parkowania, bez konieczno\u015bci wychodzenia do samochodu. \u015al\u0105ska Sie\u0107 Metropolitalna (miejska sp\u00f3\u0142ka odpowiedzialna za SPP) zapowiada\u0142a stworzenie takiej aplikacji we w\u0142asnym zakresie. By\u0107 mo\u017ce warto porzuci\u0107 ambicje i zamiast sili\u0107 si\u0119 na oryginalno\u015b\u0107 do\u0142\u0105czy\u0107 do systemu, kt\u00f3ry ju\u017c sprawnie funkcjonuje w wi\u0119kszo\u015bci miast kraju (m.in. Wroc\u0142aw, Pozna\u0144, Gda\u0144sk).<\/p>\n<p>W\u0105tpliwo\u015bci budz\u0105 te\u017c godziny funkcjonowania strefy (godz.10-18). Kierowcy skar\u017c\u0105 si\u0119, na problem znalezienia miejsc parkingowych w godzinach porannych. List\u0119 zastrze\u017ce\u0144 dope\u0142niaj\u0105 te, o kt\u00f3rych zmian\u0119 wnosi\u0142 Kowalski.<\/p>\n<p>Najwyra\u017aniej urz\u0119dnicy wychodz\u0105 z za\u0142o\u017cenia, \u017ce cel u\u015bwi\u0119ca ma\u0142o komfortowe \u015brodki. Po wprowadzenie p\u0142atno\u015bci oczekiwano wi\u0119kszej rotacji miejsc parkingowych i wed\u0142ug danych \u015aSM kszta\u0142tuje si\u0119 ona obecnie na poziomie 20-30%.<br \/>\nMicha\u0142 Szewczyk<\/p>\n<div class=\"gliwi-a5-na-koncu-artykulow gliwi-entity-placement\" id=\"gliwi-4186894973\"><div class=\"gliwi-adlabel\"><span style=\"font-size: 9px\">REKLAMA<\/span><\/div><div id=\"gliwi-2230288041\" style=\"margin-left: auto;margin-right: auto;text-align: center;\"><a data-no-instant=\"1\" href=\"https:\/\/prezeroarenagliwice.pl\/\" rel=\"noopener\" class=\"a2t-link\" target=\"_blank\" aria-label=\"20260309-PREZERO-WIOSNA-D\"><img loading=\"lazy\" decoding=\"async\" src=\"https:\/\/www.24gliwice.pl\/wiadomosci\/wp-content\/uploads\/2026\/03\/20260309-PREZERO-WIOSNA-D.webp\" alt=\"\"  srcset=\"https:\/\/www.24gliwice.pl\/wiadomosci\/wp-content\/uploads\/2026\/03\/20260309-PREZERO-WIOSNA-D.webp 750w, https:\/\/www.24gliwice.pl\/wiadomosci\/wp-content\/uploads\/2026\/03\/20260309-PREZERO-WIOSNA-D-410x109.webp 410w\" sizes=\"(max-width: 750px) 100vw, 750px\" class=\"no-lazyload\" width=\"750\" height=\"200\"  style=\"display: inline-block; max-width: 100%; height: auto;\" \/><\/a><\/div><\/div>","protected":false},"excerpt":{"rendered":"<p>Biuro obs\u0142ugi p\u0142atnego parkowania w centrum miasta np. w budynku Magistratu? &#8211; To mo\u017ce zwi\u0119kszy\u0107 problem ilo\u015bci wolnych miejsc parkingowych przy Urz\u0119dzie Miejskim &#8211; tak w pi\u015bmie do radnego Bart\u0142omieja Kowalskiego (PiS), urz\u0119dnicy uzasadnili brak takiej mo\u017cliwo\u015bci. Teraz mieszka\u0144cy centrum Gliwic by za\u0142atwi\u0107 sprawy dotycz\u0105ce ich miejsca zamieszkania (np. rycza\u0142t czy abonament) musz\u0105 je\u017adzi\u0107 na [&hellip;]<\/p>\n","protected":false},"author":12,"featured_media":86996,"comment_status":"open","ping_status":"closed","sticky":false,"template":"","format":"standard","meta":{"_monsterinsights_skip_tracking":false,"_monsterinsights_sitenote_active":false,"_monsterinsights_sitenote_note":"","_monsterinsights_sitenote_category":0,"footnotes":"","_links_to":"","_links_to_target":""},"categories":[3,1,9],"tags":[5752,6268,5024,1260,128],"class_list":["post-86954","post","type-post","status-publish","format-standard","has-post-thumbnail","hentry","category-gliwice","category-wszystko","category-aktualnosci_lokalne","tag-bartlomiej-kowalski","tag-biuro-platne-parkowanie","tag-kamil-jany","tag-platne-parkowanie-gliwice","tag-slaska-siec-metropolitalna"],"yoast_head":"<!-- This site is optimized with the Yoast SEO plugin v27.5 - https:\/\/yoast.com\/product\/yoast-seo-wordpress\/ -->\n<title>Wygoda kierowc\u00f3w kontra &quot;niedasizm&quot; urz\u0119dnik\u00f3w. Absurdy p\u0142atnego parkowania - 24GLIWICE - Portal Gliwice | codziennie nowe informacje<\/title>\n<meta name=\"robots\" content=\"index, follow, max-snippet:-1, max-image-preview:large, max-video-preview:-1\" \/>\n<link rel=\"canonical\" href=\"https:\/\/www.24gliwice.pl\/wiadomosci\/wygoda-kierowcow-kontra-niedasizm-urzednikow-absurdy-platnego-parkowania\/\" \/>\n<meta property=\"og:locale\" content=\"pl_PL\" \/>\n<meta property=\"og:type\" content=\"article\" \/>\n<meta property=\"og:title\" content=\"Wygoda kierowc\u00f3w kontra &quot;niedasizm&quot; urz\u0119dnik\u00f3w. Absurdy p\u0142atnego parkowania - 24GLIWICE - Portal Gliwice | codziennie nowe informacje\" \/>\n<meta property=\"og:description\" content=\"Biuro obs\u0142ugi p\u0142atnego parkowania w centrum miasta np. w budynku Magistratu? &#8211; To mo\u017ce zwi\u0119kszy\u0107 problem ilo\u015bci wolnych miejsc parkingowych przy Urz\u0119dzie Miejskim &#8211; tak w pi\u015bmie do radnego Bart\u0142omieja Kowalskiego (PiS), urz\u0119dnicy uzasadnili brak takiej mo\u017cliwo\u015bci. Teraz mieszka\u0144cy centrum Gliwic by za\u0142atwi\u0107 sprawy dotycz\u0105ce ich miejsca zamieszkania (np. rycza\u0142t czy abonament) musz\u0105 je\u017adzi\u0107 na [&hellip;]\" \/>\n<meta property=\"og:url\" content=\"https:\/\/www.24gliwice.pl\/wiadomosci\/wygoda-kierowcow-kontra-niedasizm-urzednikow-absurdy-platnego-parkowania\/\" \/>\n<meta property=\"og:site_name\" content=\"24GLIWICE - Portal Gliwice | codziennie nowe informacje\" \/>\n<meta property=\"article:publisher\" content=\"https:\/\/www.facebook.com\/24gliwice\" \/>\n<meta property=\"article:published_time\" content=\"2016-08-19T10:17:35+00:00\" \/>\n<meta property=\"og:image\" content=\"https:\/\/www.24gliwice.pl\/wiadomosci\/wp-content\/uploads\/2016\/08\/20160819_112253.jpg\" \/>\n\t<meta property=\"og:image:width\" content=\"810\" \/>\n\t<meta property=\"og:image:height\" content=\"456\" \/>\n\t<meta property=\"og:image:type\" content=\"image\/jpeg\" \/>\n<meta name=\"author\" content=\"Micha\u0142 Szewczyk\" \/>\n<meta name=\"twitter:card\" content=\"summary_large_image\" \/>\n<meta name=\"twitter:creator\" content=\"@24gliwice\" \/>\n<meta name=\"twitter:site\" content=\"@24gliwice\" \/>\n<meta name=\"twitter:label1\" content=\"Napisane przez\" \/>\n\t<meta name=\"twitter:data1\" content=\"Micha\u0142 Szewczyk\" \/>\n\t<meta name=\"twitter:label2\" content=\"Szacowany czas czytania\" \/>\n\t<meta name=\"twitter:data2\" content=\"4 minuty\" \/>\n<script type=\"application\/ld+json\" class=\"yoast-schema-graph\">{\"@context\":\"https:\\\/\\\/schema.org\",\"@graph\":[{\"@type\":\"Article\",\"@id\":\"https:\\\/\\\/www.24gliwice.pl\\\/wiadomosci\\\/wygoda-kierowcow-kontra-niedasizm-urzednikow-absurdy-platnego-parkowania\\\/#article\",\"isPartOf\":{\"@id\":\"https:\\\/\\\/www.24gliwice.pl\\\/wiadomosci\\\/wygoda-kierowcow-kontra-niedasizm-urzednikow-absurdy-platnego-parkowania\\\/\"},\"author\":{\"name\":\"Micha\u0142 Szewczyk\",\"@id\":\"https:\\\/\\\/www.24gliwice.pl\\\/wiadomosci\\\/#\\\/schema\\\/person\\\/940e8f8a097e322de4f463f061ef8d45\"},\"headline\":\"Wygoda kierowc\u00f3w kontra &#8220;niedasizm&#8221; urz\u0119dnik\u00f3w. Absurdy p\u0142atnego parkowania\",\"datePublished\":\"2016-08-19T10:17:35+00:00\",\"mainEntityOfPage\":{\"@id\":\"https:\\\/\\\/www.24gliwice.pl\\\/wiadomosci\\\/wygoda-kierowcow-kontra-niedasizm-urzednikow-absurdy-platnego-parkowania\\\/\"},\"wordCount\":762,\"commentCount\":0,\"publisher\":{\"@id\":\"https:\\\/\\\/www.24gliwice.pl\\\/wiadomosci\\\/#organization\"},\"image\":{\"@id\":\"https:\\\/\\\/www.24gliwice.pl\\\/wiadomosci\\\/wygoda-kierowcow-kontra-niedasizm-urzednikow-absurdy-platnego-parkowania\\\/#primaryimage\"},\"thumbnailUrl\":\"https:\\\/\\\/www.24gliwice.pl\\\/wiadomosci\\\/wp-content\\\/uploads\\\/2016\\\/08\\\/20160819_112253.jpg\",\"keywords\":[\"BART\u0141OMIEJ KOWALSKI\",\"biuro p\u0142atne parkowanie\",\"kamil jany\",\"P\u0141ATNE PARKOWANIE GLIWICE\",\"\u015aL\u0104SKA SIE\u0106 METROPOLITARNA\"],\"articleSection\":[\"Gliwice\",\"Najnowsze wiadomo\u015bci\",\"Portal Gliwice - Wiadomo\u015bci lokalne\"],\"inLanguage\":\"pl-PL\",\"potentialAction\":[{\"@type\":\"CommentAction\",\"name\":\"Comment\",\"target\":[\"https:\\\/\\\/www.24gliwice.pl\\\/wiadomosci\\\/wygoda-kierowcow-kontra-niedasizm-urzednikow-absurdy-platnego-parkowania\\\/#respond\"]}]},{\"@type\":\"WebPage\",\"@id\":\"https:\\\/\\\/www.24gliwice.pl\\\/wiadomosci\\\/wygoda-kierowcow-kontra-niedasizm-urzednikow-absurdy-platnego-parkowania\\\/\",\"url\":\"https:\\\/\\\/www.24gliwice.pl\\\/wiadomosci\\\/wygoda-kierowcow-kontra-niedasizm-urzednikow-absurdy-platnego-parkowania\\\/\",\"name\":\"Wygoda kierowc\u00f3w kontra \\\"niedasizm\\\" urz\u0119dnik\u00f3w. Absurdy p\u0142atnego parkowania - 24GLIWICE - Portal Gliwice | codziennie nowe informacje\",\"isPartOf\":{\"@id\":\"https:\\\/\\\/www.24gliwice.pl\\\/wiadomosci\\\/#website\"},\"primaryImageOfPage\":{\"@id\":\"https:\\\/\\\/www.24gliwice.pl\\\/wiadomosci\\\/wygoda-kierowcow-kontra-niedasizm-urzednikow-absurdy-platnego-parkowania\\\/#primaryimage\"},\"image\":{\"@id\":\"https:\\\/\\\/www.24gliwice.pl\\\/wiadomosci\\\/wygoda-kierowcow-kontra-niedasizm-urzednikow-absurdy-platnego-parkowania\\\/#primaryimage\"},\"thumbnailUrl\":\"https:\\\/\\\/www.24gliwice.pl\\\/wiadomosci\\\/wp-content\\\/uploads\\\/2016\\\/08\\\/20160819_112253.jpg\",\"datePublished\":\"2016-08-19T10:17:35+00:00\",\"breadcrumb\":{\"@id\":\"https:\\\/\\\/www.24gliwice.pl\\\/wiadomosci\\\/wygoda-kierowcow-kontra-niedasizm-urzednikow-absurdy-platnego-parkowania\\\/#breadcrumb\"},\"inLanguage\":\"pl-PL\",\"potentialAction\":[{\"@type\":\"ReadAction\",\"target\":[\"https:\\\/\\\/www.24gliwice.pl\\\/wiadomosci\\\/wygoda-kierowcow-kontra-niedasizm-urzednikow-absurdy-platnego-parkowania\\\/\"]}]},{\"@type\":\"ImageObject\",\"inLanguage\":\"pl-PL\",\"@id\":\"https:\\\/\\\/www.24gliwice.pl\\\/wiadomosci\\\/wygoda-kierowcow-kontra-niedasizm-urzednikow-absurdy-platnego-parkowania\\\/#primaryimage\",\"url\":\"https:\\\/\\\/www.24gliwice.pl\\\/wiadomosci\\\/wp-content\\\/uploads\\\/2016\\\/08\\\/20160819_112253.jpg\",\"contentUrl\":\"https:\\\/\\\/www.24gliwice.pl\\\/wiadomosci\\\/wp-content\\\/uploads\\\/2016\\\/08\\\/20160819_112253.jpg\",\"width\":810,\"height\":456},{\"@type\":\"BreadcrumbList\",\"@id\":\"https:\\\/\\\/www.24gliwice.pl\\\/wiadomosci\\\/wygoda-kierowcow-kontra-niedasizm-urzednikow-absurdy-platnego-parkowania\\\/#breadcrumb\",\"itemListElement\":[{\"@type\":\"ListItem\",\"position\":1,\"name\":\"Strona g\u0142\u00f3wna\",\"item\":\"https:\\\/\\\/www.24gliwice.pl\\\/wiadomosci\\\/\"},{\"@type\":\"ListItem\",\"position\":2,\"name\":\"Wygoda kierowc\u00f3w kontra &#8222;niedasizm&#8221; urz\u0119dnik\u00f3w. Absurdy p\u0142atnego parkowania\"}]},{\"@type\":\"WebSite\",\"@id\":\"https:\\\/\\\/www.24gliwice.pl\\\/wiadomosci\\\/#website\",\"url\":\"https:\\\/\\\/www.24gliwice.pl\\\/wiadomosci\\\/\",\"name\":\"24GLIWICE - Portal Gliwice | codziennie nowe wiadomo\u015bci\",\"description\":\"Portal Miejski Gliwice\",\"publisher\":{\"@id\":\"https:\\\/\\\/www.24gliwice.pl\\\/wiadomosci\\\/#organization\"},\"potentialAction\":[{\"@type\":\"SearchAction\",\"target\":{\"@type\":\"EntryPoint\",\"urlTemplate\":\"https:\\\/\\\/www.24gliwice.pl\\\/wiadomosci\\\/?s={search_term_string}\"},\"query-input\":{\"@type\":\"PropertyValueSpecification\",\"valueRequired\":true,\"valueName\":\"search_term_string\"}}],\"inLanguage\":\"pl-PL\"},{\"@type\":\"Organization\",\"@id\":\"https:\\\/\\\/www.24gliwice.pl\\\/wiadomosci\\\/#organization\",\"name\":\"24gliwice\",\"url\":\"https:\\\/\\\/www.24gliwice.pl\\\/wiadomosci\\\/\",\"logo\":{\"@type\":\"ImageObject\",\"inLanguage\":\"pl-PL\",\"@id\":\"https:\\\/\\\/www.24gliwice.pl\\\/wiadomosci\\\/#\\\/schema\\\/logo\\\/image\\\/\",\"url\":\"https:\\\/\\\/www.24gliwice.pl\\\/wiadomosci\\\/wp-content\\\/uploads\\\/2024\\\/10\\\/24gliwice-logo-696.jpg\",\"contentUrl\":\"https:\\\/\\\/www.24gliwice.pl\\\/wiadomosci\\\/wp-content\\\/uploads\\\/2024\\\/10\\\/24gliwice-logo-696.jpg\",\"width\":696,\"height\":696,\"caption\":\"24gliwice\"},\"image\":{\"@id\":\"https:\\\/\\\/www.24gliwice.pl\\\/wiadomosci\\\/#\\\/schema\\\/logo\\\/image\\\/\"},\"sameAs\":[\"https:\\\/\\\/www.facebook.com\\\/24gliwice\",\"https:\\\/\\\/x.com\\\/24gliwice\",\"https:\\\/\\\/www.youtube.com\\\/@24gliwice\"]},{\"@type\":\"Person\",\"@id\":\"https:\\\/\\\/www.24gliwice.pl\\\/wiadomosci\\\/#\\\/schema\\\/person\\\/940e8f8a097e322de4f463f061ef8d45\",\"name\":\"Micha\u0142 Szewczyk\",\"image\":{\"@type\":\"ImageObject\",\"inLanguage\":\"pl-PL\",\"@id\":\"https:\\\/\\\/secure.gravatar.com\\\/avatar\\\/771b8b6c74cd8d255e46392d605e01a86133900ef09b6ef3c8d451c9d92288cf?s=96&d=mm&r=g\",\"url\":\"https:\\\/\\\/secure.gravatar.com\\\/avatar\\\/771b8b6c74cd8d255e46392d605e01a86133900ef09b6ef3c8d451c9d92288cf?s=96&d=mm&r=g\",\"contentUrl\":\"https:\\\/\\\/secure.gravatar.com\\\/avatar\\\/771b8b6c74cd8d255e46392d605e01a86133900ef09b6ef3c8d451c9d92288cf?s=96&d=mm&r=g\",\"caption\":\"Micha\u0142 Szewczyk\"},\"sameAs\":[\"http:\\\/\\\/www.gazeta-miejska.pl\"],\"url\":\"https:\\\/\\\/www.24gliwice.pl\\\/wiadomosci\\\/author\\\/michal-szewczyk\\\/\"}]}<\/script>\n<!-- \/ Yoast SEO plugin. -->","yoast_head_json":{"title":"Wygoda kierowc\u00f3w kontra \"niedasizm\" urz\u0119dnik\u00f3w. Absurdy p\u0142atnego parkowania - 24GLIWICE - Portal Gliwice | codziennie nowe informacje","robots":{"index":"index","follow":"follow","max-snippet":"max-snippet:-1","max-image-preview":"max-image-preview:large","max-video-preview":"max-video-preview:-1"},"canonical":"https:\/\/www.24gliwice.pl\/wiadomosci\/wygoda-kierowcow-kontra-niedasizm-urzednikow-absurdy-platnego-parkowania\/","og_locale":"pl_PL","og_type":"article","og_title":"Wygoda kierowc\u00f3w kontra \"niedasizm\" urz\u0119dnik\u00f3w. Absurdy p\u0142atnego parkowania - 24GLIWICE - Portal Gliwice | codziennie nowe informacje","og_description":"Biuro obs\u0142ugi p\u0142atnego parkowania w centrum miasta np. w budynku Magistratu? &#8211; To mo\u017ce zwi\u0119kszy\u0107 problem ilo\u015bci wolnych miejsc parkingowych przy Urz\u0119dzie Miejskim &#8211; tak w pi\u015bmie do radnego Bart\u0142omieja Kowalskiego (PiS), urz\u0119dnicy uzasadnili brak takiej mo\u017cliwo\u015bci. Teraz mieszka\u0144cy centrum Gliwic by za\u0142atwi\u0107 sprawy dotycz\u0105ce ich miejsca zamieszkania (np. rycza\u0142t czy abonament) musz\u0105 je\u017adzi\u0107 na [&hellip;]","og_url":"https:\/\/www.24gliwice.pl\/wiadomosci\/wygoda-kierowcow-kontra-niedasizm-urzednikow-absurdy-platnego-parkowania\/","og_site_name":"24GLIWICE - Portal Gliwice | codziennie nowe informacje","article_publisher":"https:\/\/www.facebook.com\/24gliwice","article_published_time":"2016-08-19T10:17:35+00:00","og_image":[{"width":810,"height":456,"url":"https:\/\/www.24gliwice.pl\/wiadomosci\/wp-content\/uploads\/2016\/08\/20160819_112253.jpg","type":"image\/jpeg"}],"author":"Micha\u0142 Szewczyk","twitter_card":"summary_large_image","twitter_creator":"@24gliwice","twitter_site":"@24gliwice","twitter_misc":{"Napisane przez":"Micha\u0142 Szewczyk","Szacowany czas czytania":"4 minuty"},"schema":{"@context":"https:\/\/schema.org","@graph":[{"@type":"Article","@id":"https:\/\/www.24gliwice.pl\/wiadomosci\/wygoda-kierowcow-kontra-niedasizm-urzednikow-absurdy-platnego-parkowania\/#article","isPartOf":{"@id":"https:\/\/www.24gliwice.pl\/wiadomosci\/wygoda-kierowcow-kontra-niedasizm-urzednikow-absurdy-platnego-parkowania\/"},"author":{"name":"Micha\u0142 Szewczyk","@id":"https:\/\/www.24gliwice.pl\/wiadomosci\/#\/schema\/person\/940e8f8a097e322de4f463f061ef8d45"},"headline":"Wygoda kierowc\u00f3w kontra &#8220;niedasizm&#8221; urz\u0119dnik\u00f3w. Absurdy p\u0142atnego parkowania","datePublished":"2016-08-19T10:17:35+00:00","mainEntityOfPage":{"@id":"https:\/\/www.24gliwice.pl\/wiadomosci\/wygoda-kierowcow-kontra-niedasizm-urzednikow-absurdy-platnego-parkowania\/"},"wordCount":762,"commentCount":0,"publisher":{"@id":"https:\/\/www.24gliwice.pl\/wiadomosci\/#organization"},"image":{"@id":"https:\/\/www.24gliwice.pl\/wiadomosci\/wygoda-kierowcow-kontra-niedasizm-urzednikow-absurdy-platnego-parkowania\/#primaryimage"},"thumbnailUrl":"https:\/\/www.24gliwice.pl\/wiadomosci\/wp-content\/uploads\/2016\/08\/20160819_112253.jpg","keywords":["BART\u0141OMIEJ KOWALSKI","biuro p\u0142atne parkowanie","kamil jany","P\u0141ATNE PARKOWANIE GLIWICE","\u015aL\u0104SKA SIE\u0106 METROPOLITARNA"],"articleSection":["Gliwice","Najnowsze wiadomo\u015bci","Portal Gliwice - Wiadomo\u015bci lokalne"],"inLanguage":"pl-PL","potentialAction":[{"@type":"CommentAction","name":"Comment","target":["https:\/\/www.24gliwice.pl\/wiadomosci\/wygoda-kierowcow-kontra-niedasizm-urzednikow-absurdy-platnego-parkowania\/#respond"]}]},{"@type":"WebPage","@id":"https:\/\/www.24gliwice.pl\/wiadomosci\/wygoda-kierowcow-kontra-niedasizm-urzednikow-absurdy-platnego-parkowania\/","url":"https:\/\/www.24gliwice.pl\/wiadomosci\/wygoda-kierowcow-kontra-niedasizm-urzednikow-absurdy-platnego-parkowania\/","name":"Wygoda kierowc\u00f3w kontra \"niedasizm\" urz\u0119dnik\u00f3w. Absurdy p\u0142atnego parkowania - 24GLIWICE - Portal Gliwice | codziennie nowe informacje","isPartOf":{"@id":"https:\/\/www.24gliwice.pl\/wiadomosci\/#website"},"primaryImageOfPage":{"@id":"https:\/\/www.24gliwice.pl\/wiadomosci\/wygoda-kierowcow-kontra-niedasizm-urzednikow-absurdy-platnego-parkowania\/#primaryimage"},"image":{"@id":"https:\/\/www.24gliwice.pl\/wiadomosci\/wygoda-kierowcow-kontra-niedasizm-urzednikow-absurdy-platnego-parkowania\/#primaryimage"},"thumbnailUrl":"https:\/\/www.24gliwice.pl\/wiadomosci\/wp-content\/uploads\/2016\/08\/20160819_112253.jpg","datePublished":"2016-08-19T10:17:35+00:00","breadcrumb":{"@id":"https:\/\/www.24gliwice.pl\/wiadomosci\/wygoda-kierowcow-kontra-niedasizm-urzednikow-absurdy-platnego-parkowania\/#breadcrumb"},"inLanguage":"pl-PL","potentialAction":[{"@type":"ReadAction","target":["https:\/\/www.24gliwice.pl\/wiadomosci\/wygoda-kierowcow-kontra-niedasizm-urzednikow-absurdy-platnego-parkowania\/"]}]},{"@type":"ImageObject","inLanguage":"pl-PL","@id":"https:\/\/www.24gliwice.pl\/wiadomosci\/wygoda-kierowcow-kontra-niedasizm-urzednikow-absurdy-platnego-parkowania\/#primaryimage","url":"https:\/\/www.24gliwice.pl\/wiadomosci\/wp-content\/uploads\/2016\/08\/20160819_112253.jpg","contentUrl":"https:\/\/www.24gliwice.pl\/wiadomosci\/wp-content\/uploads\/2016\/08\/20160819_112253.jpg","width":810,"height":456},{"@type":"BreadcrumbList","@id":"https:\/\/www.24gliwice.pl\/wiadomosci\/wygoda-kierowcow-kontra-niedasizm-urzednikow-absurdy-platnego-parkowania\/#breadcrumb","itemListElement":[{"@type":"ListItem","position":1,"name":"Strona g\u0142\u00f3wna","item":"https:\/\/www.24gliwice.pl\/wiadomosci\/"},{"@type":"ListItem","position":2,"name":"Wygoda kierowc\u00f3w kontra &#8222;niedasizm&#8221; urz\u0119dnik\u00f3w. Absurdy p\u0142atnego parkowania"}]},{"@type":"WebSite","@id":"https:\/\/www.24gliwice.pl\/wiadomosci\/#website","url":"https:\/\/www.24gliwice.pl\/wiadomosci\/","name":"24GLIWICE - Portal Gliwice | codziennie nowe wiadomo\u015bci","description":"Portal Miejski Gliwice","publisher":{"@id":"https:\/\/www.24gliwice.pl\/wiadomosci\/#organization"},"potentialAction":[{"@type":"SearchAction","target":{"@type":"EntryPoint","urlTemplate":"https:\/\/www.24gliwice.pl\/wiadomosci\/?s={search_term_string}"},"query-input":{"@type":"PropertyValueSpecification","valueRequired":true,"valueName":"search_term_string"}}],"inLanguage":"pl-PL"},{"@type":"Organization","@id":"https:\/\/www.24gliwice.pl\/wiadomosci\/#organization","name":"24gliwice","url":"https:\/\/www.24gliwice.pl\/wiadomosci\/","logo":{"@type":"ImageObject","inLanguage":"pl-PL","@id":"https:\/\/www.24gliwice.pl\/wiadomosci\/#\/schema\/logo\/image\/","url":"https:\/\/www.24gliwice.pl\/wiadomosci\/wp-content\/uploads\/2024\/10\/24gliwice-logo-696.jpg","contentUrl":"https:\/\/www.24gliwice.pl\/wiadomosci\/wp-content\/uploads\/2024\/10\/24gliwice-logo-696.jpg","width":696,"height":696,"caption":"24gliwice"},"image":{"@id":"https:\/\/www.24gliwice.pl\/wiadomosci\/#\/schema\/logo\/image\/"},"sameAs":["https:\/\/www.facebook.com\/24gliwice","https:\/\/x.com\/24gliwice","https:\/\/www.youtube.com\/@24gliwice"]},{"@type":"Person","@id":"https:\/\/www.24gliwice.pl\/wiadomosci\/#\/schema\/person\/940e8f8a097e322de4f463f061ef8d45","name":"Micha\u0142 Szewczyk","image":{"@type":"ImageObject","inLanguage":"pl-PL","@id":"https:\/\/secure.gravatar.com\/avatar\/771b8b6c74cd8d255e46392d605e01a86133900ef09b6ef3c8d451c9d92288cf?s=96&d=mm&r=g","url":"https:\/\/secure.gravatar.com\/avatar\/771b8b6c74cd8d255e46392d605e01a86133900ef09b6ef3c8d451c9d92288cf?s=96&d=mm&r=g","contentUrl":"https:\/\/secure.gravatar.com\/avatar\/771b8b6c74cd8d255e46392d605e01a86133900ef09b6ef3c8d451c9d92288cf?s=96&d=mm&r=g","caption":"Micha\u0142 Szewczyk"},"sameAs":["http:\/\/www.gazeta-miejska.pl"],"url":"https:\/\/www.24gliwice.pl\/wiadomosci\/author\/michal-szewczyk\/"}]}},"_links":{"self":[{"href":"https:\/\/www.24gliwice.pl\/wiadomosci\/wp-json\/wp\/v2\/posts\/86954","targetHints":{"allow":["GET"]}}],"collection":[{"href":"https:\/\/www.24gliwice.pl\/wiadomosci\/wp-json\/wp\/v2\/posts"}],"about":[{"href":"https:\/\/www.24gliwice.pl\/wiadomosci\/wp-json\/wp\/v2\/types\/post"}],"author":[{"embeddable":true,"href":"https:\/\/www.24gliwice.pl\/wiadomosci\/wp-json\/wp\/v2\/users\/12"}],"replies":[{"embeddable":true,"href":"https:\/\/www.24gliwice.pl\/wiadomosci\/wp-json\/wp\/v2\/comments?post=86954"}],"version-history":[{"count":0,"href":"https:\/\/www.24gliwice.pl\/wiadomosci\/wp-json\/wp\/v2\/posts\/86954\/revisions"}],"wp:featuredmedia":[{"embeddable":true,"href":"https:\/\/www.24gliwice.pl\/wiadomosci\/wp-json\/wp\/v2\/media\/86996"}],"wp:attachment":[{"href":"https:\/\/www.24gliwice.pl\/wiadomosci\/wp-json\/wp\/v2\/media?parent=86954"}],"wp:term":[{"taxonomy":"category","embeddable":true,"href":"https:\/\/www.24gliwice.pl\/wiadomosci\/wp-json\/wp\/v2\/categories?post=86954"},{"taxonomy":"post_tag","embeddable":true,"href":"https:\/\/www.24gliwice.pl\/wiadomosci\/wp-json\/wp\/v2\/tags?post=86954"}],"curies":[{"name":"wp","href":"https:\/\/api.w.org\/{rel}","templated":true}]}}