{"id":97002,"date":"2017-04-11T14:32:50","date_gmt":"2017-04-11T12:32:50","guid":{"rendered":"http:\/\/www.24gliwice.pl\/wiadomosci\/?p=97002"},"modified":"2017-04-11T15:03:19","modified_gmt":"2017-04-11T13:03:19","slug":"przewrocona-zaglowka-na-dzierznie-policja-szuka-osob-majacych-wiedze-na-temat-zdarzenia","status":"publish","type":"post","link":"https:\/\/www.24gliwice.pl\/wiadomosci\/przewrocona-zaglowka-na-dzierznie-policja-szuka-osob-majacych-wiedze-na-temat-zdarzenia\/","title":{"rendered":"Przewr\u00f3cona \u017cagl\u00f3wka na Dzier\u017cnie. Wyja\u015bni\u0142a si\u0119 sprawa zaginionego w\u0142a\u015bciciela"},"content":{"rendered":"<div class=\"gliwi-a6-nad-leadem-artykulow gliwi-entity-placement\" id=\"gliwi-3178402463\"><div class=\"gliwi-adlabel\"><span style=\"font-size: 9px\">REKLAMA<\/span><\/div><div id=\"gliwi-1863574411\" style=\"margin-bottom: 30px;margin-left: auto;margin-right: auto;text-align: center;\"><a data-no-instant=\"1\" href=\"https:\/\/przedszkole.halogen.org.pl\/\" rel=\"noopener\" class=\"a2t-link\" target=\"_blank\" aria-label=\"20260402-ANIMATOR-przedszkole_grafika_750x200\"><img loading=\"lazy\" decoding=\"async\" src=\"https:\/\/www.24gliwice.pl\/wiadomosci\/wp-content\/uploads\/2026\/04\/20260402-ANIMATOR-przedszkole_grafika_750x200.webp\" alt=\"\"  srcset=\"https:\/\/www.24gliwice.pl\/wiadomosci\/wp-content\/uploads\/2026\/04\/20260402-ANIMATOR-przedszkole_grafika_750x200.webp 750w, https:\/\/www.24gliwice.pl\/wiadomosci\/wp-content\/uploads\/2026\/04\/20260402-ANIMATOR-przedszkole_grafika_750x200-410x109.webp 410w\" sizes=\"(max-width: 750px) 100vw, 750px\" class=\"no-lazyload\" width=\"750\" height=\"200\"  style=\"display: inline-block; max-width: 100%; height: auto;\" \/><\/a><\/div><\/div><h4>W okolicach Rzeczyc, na Dzier\u017cnie Du\u017cym widziano podobno m\u0119\u017cczyzn\u0119 p\u0142yn\u0105cego do brzegu z przewr\u00f3conej \u017cagl\u00f3wki typu Merlin. Policja poszukiwa\u0142a os\u00f3b, kt\u00f3re mog\u0105 udzieli\u0107 informacji na temat zdarzenia. Sprawa na szcz\u0119\u015bcie ma pozytywny fina\u0142.<\/h4>\n<p>W poniedzia\u0142kowe popo\u0142udnie policja otrzyma\u0142a zg\u0142oszenie telefoniczne o tym, ze w wodzie unosi si\u0119 przewr\u00f3cony obiekt p\u0142ywaj\u0105cy. Podj\u0119to w zwi\u0105zku z tym czynno\u015bci poszukiwawczo-ratownicze, kt\u00f3re trwa\u0142y do godzin nocnych.<\/p>\n<p>\u015awiadek, kt\u00f3ry zawiadomi\u0142 policj\u0119 o zdarzeniu, widzia\u0142 podobno w jeziorze osob\u0119 p\u0142yn\u0105c\u0105 do brzegu. Jak twierdzi\u0142, widzia\u0142 te\u017c wywr\u00f3con\u0105 \u017cagl\u00f3wk\u0119. Do dzia\u0142a\u0144 skierowano kilku policjant\u00f3w, cztery zast\u0119py Pa\u0144stwowej Stra\u017cy Po\u017carnej w Gliwicach oraz jedn\u0105 specjalistyczn\u0105 z Bytomia, do poszukiwa\u0144 wodnych.<\/p><div class=\"gliwi-a3-w-tresci-artykulow gliwi-entity-placement\" id=\"gliwi-842070965\"><div class=\"gliwi-adlabel\"><span style=\"font-size: 9px\">REKLAMA<\/span><\/div><div id=\"gliwi-1773597473\" style=\"margin-bottom: 30px;margin-left: auto;margin-right: auto;text-align: center;\"><a data-no-instant=\"1\" href=\"https:\/\/ogrodyandersa.pl\/\" rel=\"noopener\" class=\"a2t-link\" target=\"_blank\" aria-label=\"20260415 Ogrody Andersa KUP TERAZ D\"><img loading=\"lazy\" decoding=\"async\" src=\"https:\/\/www.24gliwice.pl\/wiadomosci\/wp-content\/uploads\/2026\/04\/20260415-Ogrody-Andersa-KUP-TERAZ-D.jpg\" alt=\"\"  srcset=\"https:\/\/www.24gliwice.pl\/wiadomosci\/wp-content\/uploads\/2026\/04\/20260415-Ogrody-Andersa-KUP-TERAZ-D.jpg 750w, https:\/\/www.24gliwice.pl\/wiadomosci\/wp-content\/uploads\/2026\/04\/20260415-Ogrody-Andersa-KUP-TERAZ-D-410x109.jpg 410w\" sizes=\"(max-width: 750px) 100vw, 750px\" class=\"no-lazyload\" width=\"750\" height=\"200\"  style=\"display: inline-block; max-width: 100%; height: auto;\" \/><\/a><\/div><\/div>\n<blockquote><p>Przeprowadzone czynno\u015bci nie ujawni\u0142y \u017cadnej osoby, nie napotkano te\u017c ludzi maj\u0105cych zwi\u0105zek ze spraw\u0105 czy parkuj\u0105cych wok\u00f3\u0142 jeziora samochod\u00f3w. Wy\u0142owiono natomiast \u0142\u00f3dk\u0119 typu Merlin, kt\u00f3r\u0105 zabezpieczono na policyjnym parkingu<\/p><\/blockquote>\n<p>&#8211; informuje nadkomisarz <strong>Marek S\u0142omski<\/strong>, rzecznik prasowy gliwickiej policji.<\/p>\n<p>Akcja poszukiwawcza zosta\u0142a wznowiona we wtorek. Policjanci z Pyskowic podczas prowadzenia wyja\u015bnie\u0144 natkn\u0119li si\u0119 na 60-latka, kt\u00f3ry jak si\u0119 okaza\u0142o, by\u0142 w\u0142a\u015bcicielem \u017cagl\u00f3wki. Wed\u0142ug jego opowiadania, \u0142\u00f3dka przewr\u00f3ci\u0142a si\u0119 w poniedzia\u0142ek pod wp\u0142ywem wiatru, a m\u0119\u017cczyzna wpad\u0142 do wody i pop\u0142yn\u0105\u0142 w stron\u0119 brzegu. Po wyj\u015bciu z wody, cz\u0142owiek ten by\u0142 tak zm\u0119czony i wyzi\u0119biony, \u017ce my\u015bla\u0142 tylko o powrocie do domu. Nikogo nie informowa\u0142 o zdarzeniu poniewa\u017c by\u0142 przekonany, \u017ce nikt incydentu nie widzia\u0142. Kolejnego dnia powr\u00f3ci\u0142 celem wy\u0142owienia \u017cagl\u00f3wki. <\/p>\n<p><iframe loading=\"lazy\" src=\"https:\/\/www.google.com\/maps\/embed?pb=!1m14!1m12!1m3!1d86298.48088452406!2d18.56577567815619!3d50.36959178035503!2m3!1f0!2f0!3f0!3m2!1i1024!2i768!4f13.1!5e1!3m2!1spl!2spl!4v1491902815776\" width=\"810\" height=\"455\" frameborder=\"0\" style=\"border:0\" allowfullscreen><\/iframe><\/p>\n<div class=\"gliwi-a5-na-koncu-artykulow gliwi-entity-placement\" id=\"gliwi-3505837703\"><div class=\"gliwi-adlabel\"><span style=\"font-size: 9px\">REKLAMA<\/span><\/div><div id=\"gliwi-314667777\" style=\"margin-left: auto;margin-right: auto;text-align: center;\"><a data-no-instant=\"1\" href=\"https:\/\/prezeroarenagliwice.pl\/\" rel=\"noopener\" class=\"a2t-link\" target=\"_blank\" aria-label=\"20260309-PREZERO-WIOSNA-D\"><img loading=\"lazy\" decoding=\"async\" src=\"https:\/\/www.24gliwice.pl\/wiadomosci\/wp-content\/uploads\/2026\/03\/20260309-PREZERO-WIOSNA-D.webp\" alt=\"\"  srcset=\"https:\/\/www.24gliwice.pl\/wiadomosci\/wp-content\/uploads\/2026\/03\/20260309-PREZERO-WIOSNA-D.webp 750w, https:\/\/www.24gliwice.pl\/wiadomosci\/wp-content\/uploads\/2026\/03\/20260309-PREZERO-WIOSNA-D-410x109.webp 410w\" sizes=\"(max-width: 750px) 100vw, 750px\" class=\"no-lazyload\" width=\"750\" height=\"200\"  style=\"display: inline-block; max-width: 100%; height: auto;\" \/><\/a><\/div><\/div>","protected":false},"excerpt":{"rendered":"<p>W okolicach Rzeczyc, na Dzier\u017cnie Du\u017cym widziano podobno m\u0119\u017cczyzn\u0119 p\u0142yn\u0105cego do brzegu z przewr\u00f3conej \u017cagl\u00f3wki typu Merlin. Policja poszukiwa\u0142a os\u00f3b, kt\u00f3re mog\u0105 udzieli\u0107 informacji na temat zdarzenia. Sprawa na szcz\u0119\u015bcie ma pozytywny fina\u0142. W poniedzia\u0142kowe popo\u0142udnie policja otrzyma\u0142a zg\u0142oszenie telefoniczne o tym, ze w wodzie unosi si\u0119 przewr\u00f3cony obiekt p\u0142ywaj\u0105cy. Podj\u0119to w zwi\u0105zku z tym [&hellip;]<\/p>\n","protected":false},"author":15,"featured_media":97005,"comment_status":"open","ping_status":"closed","sticky":false,"template":"","format":"standard","meta":{"_monsterinsights_skip_tracking":false,"_monsterinsights_sitenote_active":false,"_monsterinsights_sitenote_note":"","_monsterinsights_sitenote_category":0,"footnotes":"","_links_to":"","_links_to_target":""},"categories":[1,5],"tags":[9043,1472,7505],"class_list":["post-97002","post","type-post","status-publish","format-standard","has-post-thumbnail","hentry","category-wszystko","category-kryminalki","tag-poszukiwany","tag-straz-pozarna","tag-utoniecie"],"yoast_head":"<!-- This site is optimized with the Yoast SEO plugin v27.5 - https:\/\/yoast.com\/product\/yoast-seo-wordpress\/ -->\n<title>Przewr\u00f3cona \u017cagl\u00f3wka na Dzier\u017cnie. Wyja\u015bni\u0142a si\u0119 sprawa zaginionego w\u0142a\u015bciciela - 24GLIWICE - Portal Gliwice | codziennie nowe informacje<\/title>\n<meta name=\"robots\" content=\"index, follow, max-snippet:-1, max-image-preview:large, max-video-preview:-1\" \/>\n<link rel=\"canonical\" href=\"https:\/\/www.24gliwice.pl\/wiadomosci\/przewrocona-zaglowka-na-dzierznie-policja-szuka-osob-majacych-wiedze-na-temat-zdarzenia\/\" \/>\n<meta property=\"og:locale\" content=\"pl_PL\" \/>\n<meta property=\"og:type\" content=\"article\" \/>\n<meta property=\"og:title\" content=\"Przewr\u00f3cona \u017cagl\u00f3wka na Dzier\u017cnie. Wyja\u015bni\u0142a si\u0119 sprawa zaginionego w\u0142a\u015bciciela - 24GLIWICE - Portal Gliwice | codziennie nowe informacje\" \/>\n<meta property=\"og:description\" content=\"W okolicach Rzeczyc, na Dzier\u017cnie Du\u017cym widziano podobno m\u0119\u017cczyzn\u0119 p\u0142yn\u0105cego do brzegu z przewr\u00f3conej \u017cagl\u00f3wki typu Merlin. Policja poszukiwa\u0142a os\u00f3b, kt\u00f3re mog\u0105 udzieli\u0107 informacji na temat zdarzenia. Sprawa na szcz\u0119\u015bcie ma pozytywny fina\u0142. W poniedzia\u0142kowe popo\u0142udnie policja otrzyma\u0142a zg\u0142oszenie telefoniczne o tym, ze w wodzie unosi si\u0119 przewr\u00f3cony obiekt p\u0142ywaj\u0105cy. Podj\u0119to w zwi\u0105zku z tym [&hellip;]\" \/>\n<meta property=\"og:url\" content=\"https:\/\/www.24gliwice.pl\/wiadomosci\/przewrocona-zaglowka-na-dzierznie-policja-szuka-osob-majacych-wiedze-na-temat-zdarzenia\/\" \/>\n<meta property=\"og:site_name\" content=\"24GLIWICE - Portal Gliwice | codziennie nowe informacje\" \/>\n<meta property=\"article:publisher\" content=\"https:\/\/www.facebook.com\/24gliwice\" \/>\n<meta property=\"article:published_time\" content=\"2017-04-11T12:32:50+00:00\" \/>\n<meta property=\"article:modified_time\" content=\"2017-04-11T13:03:19+00:00\" \/>\n<meta property=\"og:image\" content=\"https:\/\/www.24gliwice.pl\/wiadomosci\/wp-content\/uploads\/2017\/04\/dzier\u017cno-du\u017ce.jpg\" \/>\n\t<meta property=\"og:image:width\" content=\"810\" \/>\n\t<meta property=\"og:image:height\" content=\"455\" \/>\n\t<meta property=\"og:image:type\" content=\"image\/jpeg\" \/>\n<meta name=\"author\" content=\"\u017baneta Mrozek-Siewierska\" \/>\n<meta name=\"twitter:card\" content=\"summary_large_image\" \/>\n<meta name=\"twitter:creator\" content=\"@24gliwice\" \/>\n<meta name=\"twitter:site\" content=\"@24gliwice\" \/>\n<meta name=\"twitter:label1\" content=\"Napisane przez\" \/>\n\t<meta name=\"twitter:data1\" content=\"\u017baneta Mrozek-Siewierska\" \/>\n\t<meta name=\"twitter:label2\" content=\"Szacowany czas czytania\" \/>\n\t<meta name=\"twitter:data2\" content=\"1 minuta\" \/>\n<script type=\"application\/ld+json\" class=\"yoast-schema-graph\">{\"@context\":\"https:\\\/\\\/schema.org\",\"@graph\":[{\"@type\":\"Article\",\"@id\":\"https:\\\/\\\/www.24gliwice.pl\\\/wiadomosci\\\/przewrocona-zaglowka-na-dzierznie-policja-szuka-osob-majacych-wiedze-na-temat-zdarzenia\\\/#article\",\"isPartOf\":{\"@id\":\"https:\\\/\\\/www.24gliwice.pl\\\/wiadomosci\\\/przewrocona-zaglowka-na-dzierznie-policja-szuka-osob-majacych-wiedze-na-temat-zdarzenia\\\/\"},\"author\":{\"name\":\"\u017baneta Mrozek-Siewierska\",\"@id\":\"https:\\\/\\\/www.24gliwice.pl\\\/wiadomosci\\\/#\\\/schema\\\/person\\\/e42c650edd7f2fa332be3811fb166b6e\"},\"headline\":\"Przewr\u00f3cona \u017cagl\u00f3wka na Dzier\u017cnie. Wyja\u015bni\u0142a si\u0119 sprawa zaginionego w\u0142a\u015bciciela\",\"datePublished\":\"2017-04-11T12:32:50+00:00\",\"dateModified\":\"2017-04-11T13:03:19+00:00\",\"mainEntityOfPage\":{\"@id\":\"https:\\\/\\\/www.24gliwice.pl\\\/wiadomosci\\\/przewrocona-zaglowka-na-dzierznie-policja-szuka-osob-majacych-wiedze-na-temat-zdarzenia\\\/\"},\"wordCount\":303,\"commentCount\":0,\"publisher\":{\"@id\":\"https:\\\/\\\/www.24gliwice.pl\\\/wiadomosci\\\/#organization\"},\"image\":{\"@id\":\"https:\\\/\\\/www.24gliwice.pl\\\/wiadomosci\\\/przewrocona-zaglowka-na-dzierznie-policja-szuka-osob-majacych-wiedze-na-temat-zdarzenia\\\/#primaryimage\"},\"thumbnailUrl\":\"https:\\\/\\\/www.24gliwice.pl\\\/wiadomosci\\\/wp-content\\\/uploads\\\/2017\\\/04\\\/dzier\u017cno-du\u017ce.jpg\",\"keywords\":[\"POSZUKIWANY\",\"STRA\u017b PO\u017bARNA\",\"UTONI\u0118CIE\"],\"articleSection\":[\"Najnowsze wiadomo\u015bci\",\"Prawo\"],\"inLanguage\":\"pl-PL\",\"potentialAction\":[{\"@type\":\"CommentAction\",\"name\":\"Comment\",\"target\":[\"https:\\\/\\\/www.24gliwice.pl\\\/wiadomosci\\\/przewrocona-zaglowka-na-dzierznie-policja-szuka-osob-majacych-wiedze-na-temat-zdarzenia\\\/#respond\"]}]},{\"@type\":\"WebPage\",\"@id\":\"https:\\\/\\\/www.24gliwice.pl\\\/wiadomosci\\\/przewrocona-zaglowka-na-dzierznie-policja-szuka-osob-majacych-wiedze-na-temat-zdarzenia\\\/\",\"url\":\"https:\\\/\\\/www.24gliwice.pl\\\/wiadomosci\\\/przewrocona-zaglowka-na-dzierznie-policja-szuka-osob-majacych-wiedze-na-temat-zdarzenia\\\/\",\"name\":\"Przewr\u00f3cona \u017cagl\u00f3wka na Dzier\u017cnie. Wyja\u015bni\u0142a si\u0119 sprawa zaginionego w\u0142a\u015bciciela - 24GLIWICE - Portal Gliwice | codziennie nowe informacje\",\"isPartOf\":{\"@id\":\"https:\\\/\\\/www.24gliwice.pl\\\/wiadomosci\\\/#website\"},\"primaryImageOfPage\":{\"@id\":\"https:\\\/\\\/www.24gliwice.pl\\\/wiadomosci\\\/przewrocona-zaglowka-na-dzierznie-policja-szuka-osob-majacych-wiedze-na-temat-zdarzenia\\\/#primaryimage\"},\"image\":{\"@id\":\"https:\\\/\\\/www.24gliwice.pl\\\/wiadomosci\\\/przewrocona-zaglowka-na-dzierznie-policja-szuka-osob-majacych-wiedze-na-temat-zdarzenia\\\/#primaryimage\"},\"thumbnailUrl\":\"https:\\\/\\\/www.24gliwice.pl\\\/wiadomosci\\\/wp-content\\\/uploads\\\/2017\\\/04\\\/dzier\u017cno-du\u017ce.jpg\",\"datePublished\":\"2017-04-11T12:32:50+00:00\",\"dateModified\":\"2017-04-11T13:03:19+00:00\",\"breadcrumb\":{\"@id\":\"https:\\\/\\\/www.24gliwice.pl\\\/wiadomosci\\\/przewrocona-zaglowka-na-dzierznie-policja-szuka-osob-majacych-wiedze-na-temat-zdarzenia\\\/#breadcrumb\"},\"inLanguage\":\"pl-PL\",\"potentialAction\":[{\"@type\":\"ReadAction\",\"target\":[\"https:\\\/\\\/www.24gliwice.pl\\\/wiadomosci\\\/przewrocona-zaglowka-na-dzierznie-policja-szuka-osob-majacych-wiedze-na-temat-zdarzenia\\\/\"]}]},{\"@type\":\"ImageObject\",\"inLanguage\":\"pl-PL\",\"@id\":\"https:\\\/\\\/www.24gliwice.pl\\\/wiadomosci\\\/przewrocona-zaglowka-na-dzierznie-policja-szuka-osob-majacych-wiedze-na-temat-zdarzenia\\\/#primaryimage\",\"url\":\"https:\\\/\\\/www.24gliwice.pl\\\/wiadomosci\\\/wp-content\\\/uploads\\\/2017\\\/04\\\/dzier\u017cno-du\u017ce.jpg\",\"contentUrl\":\"https:\\\/\\\/www.24gliwice.pl\\\/wiadomosci\\\/wp-content\\\/uploads\\\/2017\\\/04\\\/dzier\u017cno-du\u017ce.jpg\",\"width\":810,\"height\":455,\"caption\":\"scr. google earth\"},{\"@type\":\"BreadcrumbList\",\"@id\":\"https:\\\/\\\/www.24gliwice.pl\\\/wiadomosci\\\/przewrocona-zaglowka-na-dzierznie-policja-szuka-osob-majacych-wiedze-na-temat-zdarzenia\\\/#breadcrumb\",\"itemListElement\":[{\"@type\":\"ListItem\",\"position\":1,\"name\":\"Strona g\u0142\u00f3wna\",\"item\":\"https:\\\/\\\/www.24gliwice.pl\\\/wiadomosci\\\/\"},{\"@type\":\"ListItem\",\"position\":2,\"name\":\"Przewr\u00f3cona \u017cagl\u00f3wka na Dzier\u017cnie. Wyja\u015bni\u0142a si\u0119 sprawa zaginionego w\u0142a\u015bciciela\"}]},{\"@type\":\"WebSite\",\"@id\":\"https:\\\/\\\/www.24gliwice.pl\\\/wiadomosci\\\/#website\",\"url\":\"https:\\\/\\\/www.24gliwice.pl\\\/wiadomosci\\\/\",\"name\":\"24GLIWICE - Portal Gliwice | codziennie nowe wiadomo\u015bci\",\"description\":\"Portal Miejski Gliwice\",\"publisher\":{\"@id\":\"https:\\\/\\\/www.24gliwice.pl\\\/wiadomosci\\\/#organization\"},\"potentialAction\":[{\"@type\":\"SearchAction\",\"target\":{\"@type\":\"EntryPoint\",\"urlTemplate\":\"https:\\\/\\\/www.24gliwice.pl\\\/wiadomosci\\\/?s={search_term_string}\"},\"query-input\":{\"@type\":\"PropertyValueSpecification\",\"valueRequired\":true,\"valueName\":\"search_term_string\"}}],\"inLanguage\":\"pl-PL\"},{\"@type\":\"Organization\",\"@id\":\"https:\\\/\\\/www.24gliwice.pl\\\/wiadomosci\\\/#organization\",\"name\":\"24gliwice\",\"url\":\"https:\\\/\\\/www.24gliwice.pl\\\/wiadomosci\\\/\",\"logo\":{\"@type\":\"ImageObject\",\"inLanguage\":\"pl-PL\",\"@id\":\"https:\\\/\\\/www.24gliwice.pl\\\/wiadomosci\\\/#\\\/schema\\\/logo\\\/image\\\/\",\"url\":\"https:\\\/\\\/www.24gliwice.pl\\\/wiadomosci\\\/wp-content\\\/uploads\\\/2024\\\/10\\\/24gliwice-logo-696.jpg\",\"contentUrl\":\"https:\\\/\\\/www.24gliwice.pl\\\/wiadomosci\\\/wp-content\\\/uploads\\\/2024\\\/10\\\/24gliwice-logo-696.jpg\",\"width\":696,\"height\":696,\"caption\":\"24gliwice\"},\"image\":{\"@id\":\"https:\\\/\\\/www.24gliwice.pl\\\/wiadomosci\\\/#\\\/schema\\\/logo\\\/image\\\/\"},\"sameAs\":[\"https:\\\/\\\/www.facebook.com\\\/24gliwice\",\"https:\\\/\\\/x.com\\\/24gliwice\",\"https:\\\/\\\/www.youtube.com\\\/@24gliwice\"]},{\"@type\":\"Person\",\"@id\":\"https:\\\/\\\/www.24gliwice.pl\\\/wiadomosci\\\/#\\\/schema\\\/person\\\/e42c650edd7f2fa332be3811fb166b6e\",\"name\":\"\u017baneta Mrozek-Siewierska\",\"image\":{\"@type\":\"ImageObject\",\"inLanguage\":\"pl-PL\",\"@id\":\"https:\\\/\\\/secure.gravatar.com\\\/avatar\\\/1881429e9c64597c77ad7aef2d0a19be69a3253e57534d16aa15bf3a4d34a0a3?s=96&d=mm&r=g\",\"url\":\"https:\\\/\\\/secure.gravatar.com\\\/avatar\\\/1881429e9c64597c77ad7aef2d0a19be69a3253e57534d16aa15bf3a4d34a0a3?s=96&d=mm&r=g\",\"contentUrl\":\"https:\\\/\\\/secure.gravatar.com\\\/avatar\\\/1881429e9c64597c77ad7aef2d0a19be69a3253e57534d16aa15bf3a4d34a0a3?s=96&d=mm&r=g\",\"caption\":\"\u017baneta Mrozek-Siewierska\"},\"url\":\"https:\\\/\\\/www.24gliwice.pl\\\/wiadomosci\\\/author\\\/zms\\\/\"}]}<\/script>\n<!-- \/ Yoast SEO plugin. -->","yoast_head_json":{"title":"Przewr\u00f3cona \u017cagl\u00f3wka na Dzier\u017cnie. Wyja\u015bni\u0142a si\u0119 sprawa zaginionego w\u0142a\u015bciciela - 24GLIWICE - Portal Gliwice | codziennie nowe informacje","robots":{"index":"index","follow":"follow","max-snippet":"max-snippet:-1","max-image-preview":"max-image-preview:large","max-video-preview":"max-video-preview:-1"},"canonical":"https:\/\/www.24gliwice.pl\/wiadomosci\/przewrocona-zaglowka-na-dzierznie-policja-szuka-osob-majacych-wiedze-na-temat-zdarzenia\/","og_locale":"pl_PL","og_type":"article","og_title":"Przewr\u00f3cona \u017cagl\u00f3wka na Dzier\u017cnie. Wyja\u015bni\u0142a si\u0119 sprawa zaginionego w\u0142a\u015bciciela - 24GLIWICE - Portal Gliwice | codziennie nowe informacje","og_description":"W okolicach Rzeczyc, na Dzier\u017cnie Du\u017cym widziano podobno m\u0119\u017cczyzn\u0119 p\u0142yn\u0105cego do brzegu z przewr\u00f3conej \u017cagl\u00f3wki typu Merlin. Policja poszukiwa\u0142a os\u00f3b, kt\u00f3re mog\u0105 udzieli\u0107 informacji na temat zdarzenia. Sprawa na szcz\u0119\u015bcie ma pozytywny fina\u0142. W poniedzia\u0142kowe popo\u0142udnie policja otrzyma\u0142a zg\u0142oszenie telefoniczne o tym, ze w wodzie unosi si\u0119 przewr\u00f3cony obiekt p\u0142ywaj\u0105cy. Podj\u0119to w zwi\u0105zku z tym [&hellip;]","og_url":"https:\/\/www.24gliwice.pl\/wiadomosci\/przewrocona-zaglowka-na-dzierznie-policja-szuka-osob-majacych-wiedze-na-temat-zdarzenia\/","og_site_name":"24GLIWICE - Portal Gliwice | codziennie nowe informacje","article_publisher":"https:\/\/www.facebook.com\/24gliwice","article_published_time":"2017-04-11T12:32:50+00:00","article_modified_time":"2017-04-11T13:03:19+00:00","og_image":[{"width":810,"height":455,"url":"https:\/\/www.24gliwice.pl\/wiadomosci\/wp-content\/uploads\/2017\/04\/dzier\u017cno-du\u017ce.jpg","type":"image\/jpeg"}],"author":"\u017baneta Mrozek-Siewierska","twitter_card":"summary_large_image","twitter_creator":"@24gliwice","twitter_site":"@24gliwice","twitter_misc":{"Napisane przez":"\u017baneta Mrozek-Siewierska","Szacowany czas czytania":"1 minuta"},"schema":{"@context":"https:\/\/schema.org","@graph":[{"@type":"Article","@id":"https:\/\/www.24gliwice.pl\/wiadomosci\/przewrocona-zaglowka-na-dzierznie-policja-szuka-osob-majacych-wiedze-na-temat-zdarzenia\/#article","isPartOf":{"@id":"https:\/\/www.24gliwice.pl\/wiadomosci\/przewrocona-zaglowka-na-dzierznie-policja-szuka-osob-majacych-wiedze-na-temat-zdarzenia\/"},"author":{"name":"\u017baneta Mrozek-Siewierska","@id":"https:\/\/www.24gliwice.pl\/wiadomosci\/#\/schema\/person\/e42c650edd7f2fa332be3811fb166b6e"},"headline":"Przewr\u00f3cona \u017cagl\u00f3wka na Dzier\u017cnie. Wyja\u015bni\u0142a si\u0119 sprawa zaginionego w\u0142a\u015bciciela","datePublished":"2017-04-11T12:32:50+00:00","dateModified":"2017-04-11T13:03:19+00:00","mainEntityOfPage":{"@id":"https:\/\/www.24gliwice.pl\/wiadomosci\/przewrocona-zaglowka-na-dzierznie-policja-szuka-osob-majacych-wiedze-na-temat-zdarzenia\/"},"wordCount":303,"commentCount":0,"publisher":{"@id":"https:\/\/www.24gliwice.pl\/wiadomosci\/#organization"},"image":{"@id":"https:\/\/www.24gliwice.pl\/wiadomosci\/przewrocona-zaglowka-na-dzierznie-policja-szuka-osob-majacych-wiedze-na-temat-zdarzenia\/#primaryimage"},"thumbnailUrl":"https:\/\/www.24gliwice.pl\/wiadomosci\/wp-content\/uploads\/2017\/04\/dzier\u017cno-du\u017ce.jpg","keywords":["POSZUKIWANY","STRA\u017b PO\u017bARNA","UTONI\u0118CIE"],"articleSection":["Najnowsze wiadomo\u015bci","Prawo"],"inLanguage":"pl-PL","potentialAction":[{"@type":"CommentAction","name":"Comment","target":["https:\/\/www.24gliwice.pl\/wiadomosci\/przewrocona-zaglowka-na-dzierznie-policja-szuka-osob-majacych-wiedze-na-temat-zdarzenia\/#respond"]}]},{"@type":"WebPage","@id":"https:\/\/www.24gliwice.pl\/wiadomosci\/przewrocona-zaglowka-na-dzierznie-policja-szuka-osob-majacych-wiedze-na-temat-zdarzenia\/","url":"https:\/\/www.24gliwice.pl\/wiadomosci\/przewrocona-zaglowka-na-dzierznie-policja-szuka-osob-majacych-wiedze-na-temat-zdarzenia\/","name":"Przewr\u00f3cona \u017cagl\u00f3wka na Dzier\u017cnie. Wyja\u015bni\u0142a si\u0119 sprawa zaginionego w\u0142a\u015bciciela - 24GLIWICE - Portal Gliwice | codziennie nowe informacje","isPartOf":{"@id":"https:\/\/www.24gliwice.pl\/wiadomosci\/#website"},"primaryImageOfPage":{"@id":"https:\/\/www.24gliwice.pl\/wiadomosci\/przewrocona-zaglowka-na-dzierznie-policja-szuka-osob-majacych-wiedze-na-temat-zdarzenia\/#primaryimage"},"image":{"@id":"https:\/\/www.24gliwice.pl\/wiadomosci\/przewrocona-zaglowka-na-dzierznie-policja-szuka-osob-majacych-wiedze-na-temat-zdarzenia\/#primaryimage"},"thumbnailUrl":"https:\/\/www.24gliwice.pl\/wiadomosci\/wp-content\/uploads\/2017\/04\/dzier\u017cno-du\u017ce.jpg","datePublished":"2017-04-11T12:32:50+00:00","dateModified":"2017-04-11T13:03:19+00:00","breadcrumb":{"@id":"https:\/\/www.24gliwice.pl\/wiadomosci\/przewrocona-zaglowka-na-dzierznie-policja-szuka-osob-majacych-wiedze-na-temat-zdarzenia\/#breadcrumb"},"inLanguage":"pl-PL","potentialAction":[{"@type":"ReadAction","target":["https:\/\/www.24gliwice.pl\/wiadomosci\/przewrocona-zaglowka-na-dzierznie-policja-szuka-osob-majacych-wiedze-na-temat-zdarzenia\/"]}]},{"@type":"ImageObject","inLanguage":"pl-PL","@id":"https:\/\/www.24gliwice.pl\/wiadomosci\/przewrocona-zaglowka-na-dzierznie-policja-szuka-osob-majacych-wiedze-na-temat-zdarzenia\/#primaryimage","url":"https:\/\/www.24gliwice.pl\/wiadomosci\/wp-content\/uploads\/2017\/04\/dzier\u017cno-du\u017ce.jpg","contentUrl":"https:\/\/www.24gliwice.pl\/wiadomosci\/wp-content\/uploads\/2017\/04\/dzier\u017cno-du\u017ce.jpg","width":810,"height":455,"caption":"scr. google earth"},{"@type":"BreadcrumbList","@id":"https:\/\/www.24gliwice.pl\/wiadomosci\/przewrocona-zaglowka-na-dzierznie-policja-szuka-osob-majacych-wiedze-na-temat-zdarzenia\/#breadcrumb","itemListElement":[{"@type":"ListItem","position":1,"name":"Strona g\u0142\u00f3wna","item":"https:\/\/www.24gliwice.pl\/wiadomosci\/"},{"@type":"ListItem","position":2,"name":"Przewr\u00f3cona \u017cagl\u00f3wka na Dzier\u017cnie. Wyja\u015bni\u0142a si\u0119 sprawa zaginionego w\u0142a\u015bciciela"}]},{"@type":"WebSite","@id":"https:\/\/www.24gliwice.pl\/wiadomosci\/#website","url":"https:\/\/www.24gliwice.pl\/wiadomosci\/","name":"24GLIWICE - Portal Gliwice | codziennie nowe wiadomo\u015bci","description":"Portal Miejski Gliwice","publisher":{"@id":"https:\/\/www.24gliwice.pl\/wiadomosci\/#organization"},"potentialAction":[{"@type":"SearchAction","target":{"@type":"EntryPoint","urlTemplate":"https:\/\/www.24gliwice.pl\/wiadomosci\/?s={search_term_string}"},"query-input":{"@type":"PropertyValueSpecification","valueRequired":true,"valueName":"search_term_string"}}],"inLanguage":"pl-PL"},{"@type":"Organization","@id":"https:\/\/www.24gliwice.pl\/wiadomosci\/#organization","name":"24gliwice","url":"https:\/\/www.24gliwice.pl\/wiadomosci\/","logo":{"@type":"ImageObject","inLanguage":"pl-PL","@id":"https:\/\/www.24gliwice.pl\/wiadomosci\/#\/schema\/logo\/image\/","url":"https:\/\/www.24gliwice.pl\/wiadomosci\/wp-content\/uploads\/2024\/10\/24gliwice-logo-696.jpg","contentUrl":"https:\/\/www.24gliwice.pl\/wiadomosci\/wp-content\/uploads\/2024\/10\/24gliwice-logo-696.jpg","width":696,"height":696,"caption":"24gliwice"},"image":{"@id":"https:\/\/www.24gliwice.pl\/wiadomosci\/#\/schema\/logo\/image\/"},"sameAs":["https:\/\/www.facebook.com\/24gliwice","https:\/\/x.com\/24gliwice","https:\/\/www.youtube.com\/@24gliwice"]},{"@type":"Person","@id":"https:\/\/www.24gliwice.pl\/wiadomosci\/#\/schema\/person\/e42c650edd7f2fa332be3811fb166b6e","name":"\u017baneta Mrozek-Siewierska","image":{"@type":"ImageObject","inLanguage":"pl-PL","@id":"https:\/\/secure.gravatar.com\/avatar\/1881429e9c64597c77ad7aef2d0a19be69a3253e57534d16aa15bf3a4d34a0a3?s=96&d=mm&r=g","url":"https:\/\/secure.gravatar.com\/avatar\/1881429e9c64597c77ad7aef2d0a19be69a3253e57534d16aa15bf3a4d34a0a3?s=96&d=mm&r=g","contentUrl":"https:\/\/secure.gravatar.com\/avatar\/1881429e9c64597c77ad7aef2d0a19be69a3253e57534d16aa15bf3a4d34a0a3?s=96&d=mm&r=g","caption":"\u017baneta Mrozek-Siewierska"},"url":"https:\/\/www.24gliwice.pl\/wiadomosci\/author\/zms\/"}]}},"_links":{"self":[{"href":"https:\/\/www.24gliwice.pl\/wiadomosci\/wp-json\/wp\/v2\/posts\/97002","targetHints":{"allow":["GET"]}}],"collection":[{"href":"https:\/\/www.24gliwice.pl\/wiadomosci\/wp-json\/wp\/v2\/posts"}],"about":[{"href":"https:\/\/www.24gliwice.pl\/wiadomosci\/wp-json\/wp\/v2\/types\/post"}],"author":[{"embeddable":true,"href":"https:\/\/www.24gliwice.pl\/wiadomosci\/wp-json\/wp\/v2\/users\/15"}],"replies":[{"embeddable":true,"href":"https:\/\/www.24gliwice.pl\/wiadomosci\/wp-json\/wp\/v2\/comments?post=97002"}],"version-history":[{"count":0,"href":"https:\/\/www.24gliwice.pl\/wiadomosci\/wp-json\/wp\/v2\/posts\/97002\/revisions"}],"wp:featuredmedia":[{"embeddable":true,"href":"https:\/\/www.24gliwice.pl\/wiadomosci\/wp-json\/wp\/v2\/media\/97005"}],"wp:attachment":[{"href":"https:\/\/www.24gliwice.pl\/wiadomosci\/wp-json\/wp\/v2\/media?parent=97002"}],"wp:term":[{"taxonomy":"category","embeddable":true,"href":"https:\/\/www.24gliwice.pl\/wiadomosci\/wp-json\/wp\/v2\/categories?post=97002"},{"taxonomy":"post_tag","embeddable":true,"href":"https:\/\/www.24gliwice.pl\/wiadomosci\/wp-json\/wp\/v2\/tags?post=97002"}],"curies":[{"name":"wp","href":"https:\/\/api.w.org\/{rel}","templated":true}]}}